{"id":1727,"date":"2018-08-01T16:20:25","date_gmt":"2018-08-01T21:20:25","guid":{"rendered":"http:\/\/www.uartes.edu.ec\/infouartes\/?p=1727"},"modified":"2024-07-04T11:53:46","modified_gmt":"2024-07-04T16:53:46","slug":"fredy-vallejos-participo-en-festival-imagen-y-audicion-expandida-en-colombia","status":"publish","type":"post","link":"https:\/\/www.uartes.edu.ec\/sitio\/blog\/2018\/08\/01\/fredy-vallejos-participo-en-festival-imagen-y-audicion-expandida-en-colombia\/","title":{"rendered":"Fredy Vallejos particip\u00f3 en festival Imagen y Audici\u00f3n Expandida en Colombia"},"content":{"rendered":"<p>Fredy Vallejos,\u00a0compositor, music\u00f3logo,\u00a0percusionista\u00a0y\u00a0docente de\u00a0la Escuela de Artes Sonoras de\u00a0la Universidad de las Artes del Ecuador, particip\u00f3 en una serie de actividades art\u00edsticas y acad\u00e9micas dentro del marco del Festival Imagen y Audici\u00f3n Expandida en la ciudad de Pasto, Colombia.<\/p>\n<p>IMAUX festival es un espacio de exhibici\u00f3n, educaci\u00f3n y di\u00e1logo para po\u00e9ticas del arte contempor\u00e1neo que surjan del sonido para expandirse a la visi\u00f3n y el espacio. A partir de distintas actividades, el\u00a0proyecto pretende incentivar el di\u00e1logo entre disciplinas tecnol\u00f3gicas, de las artes y de las ciencias, para fomentar los desarrollos creativos, est\u00e9ticos y po\u00e9ticos de la regi\u00f3n. Igualmente, se busca\u00a0nuclear especialistas que faciliten sus conocimientos a la comunidad art\u00edstica y al p\u00fablico de la regi\u00f3n, para apoyar el desarrollo de las artes y la cultura local en di\u00e1logo con propuestas de car\u00e1cter nacional e internacional.<\/p>\n<p>Vallejos realiz\u00f3\u00a0el concierto de m\u00fasica electroac\u00fastica\u00a0<em>FRAGMENTS<\/em>\u00a0y una\u00a0Clase magistral titulada Composici\u00f3n, gestualidad y nuevos medios.<\/p>\n<p>Para m\u00e1s informaci\u00f3n del festival visita el siguiente <a href=\"http:\/\/imauexfestival.tk\/\">enlace<\/a>.<\/p>\n<p><strong>Sobre el autor<\/strong><\/p>\n<p>Fredy Vallejos, m\u00fasico de origen colombiano, ha realizado estudios de percusi\u00f3n, composici\u00f3n, inform\u00e1tica musical y musicolog\u00eda en Colombia, Francia y Suiza. Su preocupaci\u00f3n est\u00e9tica, caracterizada por la exploraci\u00f3n de un universo sonoro m\u00faltiple y heterog\u00e9neo, se basa en trabajos de investigaci\u00f3n etnomusicol\u00f3gica, formalizados mediante herramientas de CAO (Composici\u00f3n Asistida por Ordenador) y en la relaci\u00f3n del sonido con otras formas de arte. Actualmente es profesor de la Escuela de Artes Sonoras de la Universidad de las Artes del Ecuador.<\/p>\n<p>Conoce m\u00e1s del artista en el <a href=\"https:\/\/www.fredyvallejos.com\/es\/\">siguiente\u00a0enlace<\/a>.<\/p>\n","protected":false},"excerpt":{"rendered":"<p>Fredy Vallejos,\u00a0compositor, music\u00f3logo,\u00a0percusionista\u00a0y\u00a0docente de\u00a0la Escuela de Artes Sonoras de\u00a0la Universidad de las Artes del Ecuador, particip\u00f3 en una serie de actividades art\u00edsticas y acad\u00e9micas dentro del marco del Festival Imagen y Audici\u00f3n Expandida en la ciudad de Pasto, Colombia. IMAUX festival es un espacio de exhibici\u00f3n, educaci\u00f3n y di\u00e1logo para po\u00e9ticas del arte contempor\u00e1neo que [&hellip;]<\/p>\n","protected":false},"author":1,"featured_media":1728,"comment_status":"closed","ping_status":"closed","sticky":false,"template":"","format":"standard","meta":{"_acf_changed":false,"_uag_custom_page_level_css":"","_monsterinsights_skip_tracking":false,"_monsterinsights_sitenote_active":false,"_monsterinsights_sitenote_note":"","_monsterinsights_sitenote_category":0,"cybocfi_hide_featured_image":"","footnotes":""},"categories":[75],"tags":[],"infouartes":[],"class_list":["post-1727","post","type-post","status-publish","format-standard","has-post-thumbnail","hentry","category-docentes"],"acf":[],"yoast_head":"<!-- This site is optimized with the Yoast SEO plugin v27.4 - https:\/\/yoast.com\/product\/yoast-seo-wordpress\/ -->\n<title>Universidad de las Artes - Fredy Vallejos particip\u00f3 en festival Imagen y Audici\u00f3n Expandida en Colombia<\/title>\n<meta name=\"description\" content=\"Universidad de las Artes - Fredy Vallejos particip\u00f3 en festival Imagen y Audici\u00f3n Expandida en Colombia\" \/>\n<meta name=\"robots\" content=\"index, follow, max-snippet:-1, max-image-preview:large, max-video-preview:-1\" \/>\n<link rel=\"canonical\" href=\"https:\/\/www.uartes.edu.ec\/sitio\/blog\/2018\/08\/01\/fredy-vallejos-participo-en-festival-imagen-y-audicion-expandida-en-colombia\/\" \/>\n<meta property=\"og:locale\" content=\"es_ES\" \/>\n<meta property=\"og:type\" content=\"article\" \/>\n<meta property=\"og:title\" content=\"Universidad de las Artes - Fredy Vallejos particip\u00f3 en festival Imagen y Audici\u00f3n Expandida en Colombia\" \/>\n<meta property=\"og:description\" content=\"Universidad de las Artes - Fredy Vallejos particip\u00f3 en festival Imagen y Audici\u00f3n Expandida en Colombia\" \/>\n<meta property=\"og:url\" content=\"https:\/\/www.uartes.edu.ec\/sitio\/blog\/2018\/08\/01\/fredy-vallejos-participo-en-festival-imagen-y-audicion-expandida-en-colombia\/\" \/>\n<meta property=\"og:site_name\" content=\"Universidad de las Artes\" \/>\n<meta property=\"article:publisher\" content=\"https:\/\/www.facebook.com\/uartesec\" \/>\n<meta property=\"article:published_time\" content=\"2018-08-01T21:20:25+00:00\" \/>\n<meta property=\"article:modified_time\" content=\"2024-07-04T16:53:46+00:00\" \/>\n<meta name=\"author\" content=\"Universidad de las Artes\" \/>\n<meta name=\"twitter:card\" content=\"summary_large_image\" \/>\n<meta name=\"twitter:creator\" content=\"@uartesec\" \/>\n<meta name=\"twitter:site\" content=\"@uartesec\" \/>\n<meta name=\"twitter:label1\" content=\"Escrito por\" \/>\n\t<meta name=\"twitter:data1\" content=\"Universidad de las Artes\" \/>\n\t<meta name=\"twitter:label2\" content=\"Tiempo de lectura\" \/>\n\t<meta name=\"twitter:data2\" content=\"2 minutos\" \/>\n<script type=\"application\/ld+json\" class=\"yoast-schema-graph\">{\"@context\":\"https:\\\/\\\/schema.org\",\"@graph\":[{\"@type\":\"Article\",\"@id\":\"https:\\\/\\\/www.uartes.edu.ec\\\/sitio\\\/blog\\\/2018\\\/08\\\/01\\\/fredy-vallejos-participo-en-festival-imagen-y-audicion-expandida-en-colombia\\\/#article\",\"isPartOf\":{\"@id\":\"https:\\\/\\\/www.uartes.edu.ec\\\/sitio\\\/blog\\\/2018\\\/08\\\/01\\\/fredy-vallejos-participo-en-festival-imagen-y-audicion-expandida-en-colombia\\\/\"},\"author\":{\"name\":\"Universidad de las Artes\",\"@id\":\"https:\\\/\\\/www.uartes.edu.ec\\\/sitio\\\/#\\\/schema\\\/person\\\/f33f8c1d2af0d5c80a38c8abf458184a\"},\"headline\":\"Fredy Vallejos particip\u00f3 en festival Imagen y Audici\u00f3n Expandida en Colombia\",\"datePublished\":\"2018-08-01T21:20:25+00:00\",\"dateModified\":\"2024-07-04T16:53:46+00:00\",\"mainEntityOfPage\":{\"@id\":\"https:\\\/\\\/www.uartes.edu.ec\\\/sitio\\\/blog\\\/2018\\\/08\\\/01\\\/fredy-vallejos-participo-en-festival-imagen-y-audicion-expandida-en-colombia\\\/\"},\"wordCount\":312,\"publisher\":{\"@id\":\"https:\\\/\\\/www.uartes.edu.ec\\\/sitio\\\/#organization\"},\"image\":{\"@id\":\"https:\\\/\\\/www.uartes.edu.ec\\\/sitio\\\/blog\\\/2018\\\/08\\\/01\\\/fredy-vallejos-participo-en-festival-imagen-y-audicion-expandida-en-colombia\\\/#primaryimage\"},\"thumbnailUrl\":\"\",\"articleSection\":[\"Docentes\"],\"inLanguage\":\"es\"},{\"@type\":[\"WebPage\",\"ItemPage\"],\"@id\":\"https:\\\/\\\/www.uartes.edu.ec\\\/sitio\\\/blog\\\/2018\\\/08\\\/01\\\/fredy-vallejos-participo-en-festival-imagen-y-audicion-expandida-en-colombia\\\/\",\"url\":\"https:\\\/\\\/www.uartes.edu.ec\\\/sitio\\\/blog\\\/2018\\\/08\\\/01\\\/fredy-vallejos-participo-en-festival-imagen-y-audicion-expandida-en-colombia\\\/\",\"name\":\"Universidad de las Artes - Fredy Vallejos particip\u00f3 en festival Imagen y Audici\u00f3n Expandida en Colombia\",\"isPartOf\":{\"@id\":\"https:\\\/\\\/www.uartes.edu.ec\\\/sitio\\\/#website\"},\"primaryImageOfPage\":{\"@id\":\"https:\\\/\\\/www.uartes.edu.ec\\\/sitio\\\/blog\\\/2018\\\/08\\\/01\\\/fredy-vallejos-participo-en-festival-imagen-y-audicion-expandida-en-colombia\\\/#primaryimage\"},\"image\":{\"@id\":\"https:\\\/\\\/www.uartes.edu.ec\\\/sitio\\\/blog\\\/2018\\\/08\\\/01\\\/fredy-vallejos-participo-en-festival-imagen-y-audicion-expandida-en-colombia\\\/#primaryimage\"},\"thumbnailUrl\":\"\",\"datePublished\":\"2018-08-01T21:20:25+00:00\",\"dateModified\":\"2024-07-04T16:53:46+00:00\",\"description\":\"Universidad de las Artes - Fredy Vallejos particip\u00f3 en festival Imagen y Audici\u00f3n Expandida en Colombia\",\"breadcrumb\":{\"@id\":\"https:\\\/\\\/www.uartes.edu.ec\\\/sitio\\\/blog\\\/2018\\\/08\\\/01\\\/fredy-vallejos-participo-en-festival-imagen-y-audicion-expandida-en-colombia\\\/#breadcrumb\"},\"inLanguage\":\"es\",\"potentialAction\":[{\"@type\":\"ReadAction\",\"target\":[\"https:\\\/\\\/www.uartes.edu.ec\\\/sitio\\\/blog\\\/2018\\\/08\\\/01\\\/fredy-vallejos-participo-en-festival-imagen-y-audicion-expandida-en-colombia\\\/\"]}]},{\"@type\":\"ImageObject\",\"inLanguage\":\"es\",\"@id\":\"https:\\\/\\\/www.uartes.edu.ec\\\/sitio\\\/blog\\\/2018\\\/08\\\/01\\\/fredy-vallejos-participo-en-festival-imagen-y-audicion-expandida-en-colombia\\\/#primaryimage\",\"url\":\"\",\"contentUrl\":\"\"},{\"@type\":\"BreadcrumbList\",\"@id\":\"https:\\\/\\\/www.uartes.edu.ec\\\/sitio\\\/blog\\\/2018\\\/08\\\/01\\\/fredy-vallejos-participo-en-festival-imagen-y-audicion-expandida-en-colombia\\\/#breadcrumb\",\"itemListElement\":[{\"@type\":\"ListItem\",\"position\":1,\"name\":\"Inicio\",\"item\":\"https:\\\/\\\/www.uartes.edu.ec\\\/sitio\\\/\"},{\"@type\":\"ListItem\",\"position\":2,\"name\":\"Fredy Vallejos particip\u00f3 en festival Imagen y Audici\u00f3n Expandida en Colombia\"}]},{\"@type\":\"WebSite\",\"@id\":\"https:\\\/\\\/www.uartes.edu.ec\\\/sitio\\\/#website\",\"url\":\"https:\\\/\\\/www.uartes.edu.ec\\\/sitio\\\/\",\"name\":\"Universidad de las Artes\",\"description\":\"Sitio oficial de la Universidad Nacional de las Artes del Ecuador\",\"publisher\":{\"@id\":\"https:\\\/\\\/www.uartes.edu.ec\\\/sitio\\\/#organization\"},\"potentialAction\":[{\"@type\":\"SearchAction\",\"target\":{\"@type\":\"EntryPoint\",\"urlTemplate\":\"https:\\\/\\\/www.uartes.edu.ec\\\/sitio\\\/?s={search_term_string}\"},\"query-input\":{\"@type\":\"PropertyValueSpecification\",\"valueRequired\":true,\"valueName\":\"search_term_string\"}}],\"inLanguage\":\"es\"},{\"@type\":\"Organization\",\"@id\":\"https:\\\/\\\/www.uartes.edu.ec\\\/sitio\\\/#organization\",\"name\":\"Universidad de las Artes\",\"url\":\"https:\\\/\\\/www.uartes.edu.ec\\\/sitio\\\/\",\"logo\":{\"@type\":\"ImageObject\",\"inLanguage\":\"es\",\"@id\":\"https:\\\/\\\/www.uartes.edu.ec\\\/sitio\\\/#\\\/schema\\\/logo\\\/image\\\/\",\"url\":\"https:\\\/\\\/www.uartes.edu.ec\\\/sitio\\\/wp-content\\\/uploads\\\/2022\\\/07\\\/logo-ua-horizontal.png\",\"contentUrl\":\"https:\\\/\\\/www.uartes.edu.ec\\\/sitio\\\/wp-content\\\/uploads\\\/2022\\\/07\\\/logo-ua-horizontal.png\",\"width\":800,\"height\":276,\"caption\":\"Universidad de las Artes\"},\"image\":{\"@id\":\"https:\\\/\\\/www.uartes.edu.ec\\\/sitio\\\/#\\\/schema\\\/logo\\\/image\\\/\"},\"sameAs\":[\"https:\\\/\\\/www.facebook.com\\\/uartesec\",\"https:\\\/\\\/x.com\\\/uartesec\",\"https:\\\/\\\/www.tiktok.com\\\/@uartesec\"]},{\"@type\":\"Person\",\"@id\":\"https:\\\/\\\/www.uartes.edu.ec\\\/sitio\\\/#\\\/schema\\\/person\\\/f33f8c1d2af0d5c80a38c8abf458184a\",\"name\":\"Universidad de las Artes\",\"image\":{\"@type\":\"ImageObject\",\"inLanguage\":\"es\",\"@id\":\"https:\\\/\\\/secure.gravatar.com\\\/avatar\\\/52e4757902f5cfa5ac52d020e5be83cae5487519154b6c35482fe08d589f3c13?s=96&d=mm&r=g\",\"url\":\"https:\\\/\\\/secure.gravatar.com\\\/avatar\\\/52e4757902f5cfa5ac52d020e5be83cae5487519154b6c35482fe08d589f3c13?s=96&d=mm&r=g\",\"contentUrl\":\"https:\\\/\\\/secure.gravatar.com\\\/avatar\\\/52e4757902f5cfa5ac52d020e5be83cae5487519154b6c35482fe08d589f3c13?s=96&d=mm&r=g\",\"caption\":\"Universidad de las Artes\"},\"url\":\"https:\\\/\\\/www.uartes.edu.ec\\\/sitio\\\/blog\\\/author\\\/dircomadm\\\/\"}]}<\/script>\n<!-- \/ Yoast SEO plugin. -->","yoast_head_json":{"title":"Universidad de las Artes - Fredy Vallejos particip\u00f3 en festival Imagen y Audici\u00f3n Expandida en Colombia","description":"Universidad de las Artes - Fredy Vallejos particip\u00f3 en festival Imagen y Audici\u00f3n Expandida en Colombia","robots":{"index":"index","follow":"follow","max-snippet":"max-snippet:-1","max-image-preview":"max-image-preview:large","max-video-preview":"max-video-preview:-1"},"canonical":"https:\/\/www.uartes.edu.ec\/sitio\/blog\/2018\/08\/01\/fredy-vallejos-participo-en-festival-imagen-y-audicion-expandida-en-colombia\/","og_locale":"es_ES","og_type":"article","og_title":"Universidad de las Artes - Fredy Vallejos particip\u00f3 en festival Imagen y Audici\u00f3n Expandida en Colombia","og_description":"Universidad de las Artes - Fredy Vallejos particip\u00f3 en festival Imagen y Audici\u00f3n Expandida en Colombia","og_url":"https:\/\/www.uartes.edu.ec\/sitio\/blog\/2018\/08\/01\/fredy-vallejos-participo-en-festival-imagen-y-audicion-expandida-en-colombia\/","og_site_name":"Universidad de las Artes","article_publisher":"https:\/\/www.facebook.com\/uartesec","article_published_time":"2018-08-01T21:20:25+00:00","article_modified_time":"2024-07-04T16:53:46+00:00","author":"Universidad de las Artes","twitter_card":"summary_large_image","twitter_creator":"@uartesec","twitter_site":"@uartesec","twitter_misc":{"Escrito por":"Universidad de las Artes","Tiempo de lectura":"2 minutos"},"schema":{"@context":"https:\/\/schema.org","@graph":[{"@type":"Article","@id":"https:\/\/www.uartes.edu.ec\/sitio\/blog\/2018\/08\/01\/fredy-vallejos-participo-en-festival-imagen-y-audicion-expandida-en-colombia\/#article","isPartOf":{"@id":"https:\/\/www.uartes.edu.ec\/sitio\/blog\/2018\/08\/01\/fredy-vallejos-participo-en-festival-imagen-y-audicion-expandida-en-colombia\/"},"author":{"name":"Universidad de las Artes","@id":"https:\/\/www.uartes.edu.ec\/sitio\/#\/schema\/person\/f33f8c1d2af0d5c80a38c8abf458184a"},"headline":"Fredy Vallejos particip\u00f3 en festival Imagen y Audici\u00f3n Expandida en Colombia","datePublished":"2018-08-01T21:20:25+00:00","dateModified":"2024-07-04T16:53:46+00:00","mainEntityOfPage":{"@id":"https:\/\/www.uartes.edu.ec\/sitio\/blog\/2018\/08\/01\/fredy-vallejos-participo-en-festival-imagen-y-audicion-expandida-en-colombia\/"},"wordCount":312,"publisher":{"@id":"https:\/\/www.uartes.edu.ec\/sitio\/#organization"},"image":{"@id":"https:\/\/www.uartes.edu.ec\/sitio\/blog\/2018\/08\/01\/fredy-vallejos-participo-en-festival-imagen-y-audicion-expandida-en-colombia\/#primaryimage"},"thumbnailUrl":"","articleSection":["Docentes"],"inLanguage":"es"},{"@type":["WebPage","ItemPage"],"@id":"https:\/\/www.uartes.edu.ec\/sitio\/blog\/2018\/08\/01\/fredy-vallejos-participo-en-festival-imagen-y-audicion-expandida-en-colombia\/","url":"https:\/\/www.uartes.edu.ec\/sitio\/blog\/2018\/08\/01\/fredy-vallejos-participo-en-festival-imagen-y-audicion-expandida-en-colombia\/","name":"Universidad de las Artes - Fredy Vallejos particip\u00f3 en festival Imagen y Audici\u00f3n Expandida en Colombia","isPartOf":{"@id":"https:\/\/www.uartes.edu.ec\/sitio\/#website"},"primaryImageOfPage":{"@id":"https:\/\/www.uartes.edu.ec\/sitio\/blog\/2018\/08\/01\/fredy-vallejos-participo-en-festival-imagen-y-audicion-expandida-en-colombia\/#primaryimage"},"image":{"@id":"https:\/\/www.uartes.edu.ec\/sitio\/blog\/2018\/08\/01\/fredy-vallejos-participo-en-festival-imagen-y-audicion-expandida-en-colombia\/#primaryimage"},"thumbnailUrl":"","datePublished":"2018-08-01T21:20:25+00:00","dateModified":"2024-07-04T16:53:46+00:00","description":"Universidad de las Artes - Fredy Vallejos particip\u00f3 en festival Imagen y Audici\u00f3n Expandida en Colombia","breadcrumb":{"@id":"https:\/\/www.uartes.edu.ec\/sitio\/blog\/2018\/08\/01\/fredy-vallejos-participo-en-festival-imagen-y-audicion-expandida-en-colombia\/#breadcrumb"},"inLanguage":"es","potentialAction":[{"@type":"ReadAction","target":["https:\/\/www.uartes.edu.ec\/sitio\/blog\/2018\/08\/01\/fredy-vallejos-participo-en-festival-imagen-y-audicion-expandida-en-colombia\/"]}]},{"@type":"ImageObject","inLanguage":"es","@id":"https:\/\/www.uartes.edu.ec\/sitio\/blog\/2018\/08\/01\/fredy-vallejos-participo-en-festival-imagen-y-audicion-expandida-en-colombia\/#primaryimage","url":"","contentUrl":""},{"@type":"BreadcrumbList","@id":"https:\/\/www.uartes.edu.ec\/sitio\/blog\/2018\/08\/01\/fredy-vallejos-participo-en-festival-imagen-y-audicion-expandida-en-colombia\/#breadcrumb","itemListElement":[{"@type":"ListItem","position":1,"name":"Inicio","item":"https:\/\/www.uartes.edu.ec\/sitio\/"},{"@type":"ListItem","position":2,"name":"Fredy Vallejos particip\u00f3 en festival Imagen y Audici\u00f3n Expandida en Colombia"}]},{"@type":"WebSite","@id":"https:\/\/www.uartes.edu.ec\/sitio\/#website","url":"https:\/\/www.uartes.edu.ec\/sitio\/","name":"Universidad de las Artes","description":"Sitio oficial de la Universidad Nacional de las Artes del Ecuador","publisher":{"@id":"https:\/\/www.uartes.edu.ec\/sitio\/#organization"},"potentialAction":[{"@type":"SearchAction","target":{"@type":"EntryPoint","urlTemplate":"https:\/\/www.uartes.edu.ec\/sitio\/?s={search_term_string}"},"query-input":{"@type":"PropertyValueSpecification","valueRequired":true,"valueName":"search_term_string"}}],"inLanguage":"es"},{"@type":"Organization","@id":"https:\/\/www.uartes.edu.ec\/sitio\/#organization","name":"Universidad de las Artes","url":"https:\/\/www.uartes.edu.ec\/sitio\/","logo":{"@type":"ImageObject","inLanguage":"es","@id":"https:\/\/www.uartes.edu.ec\/sitio\/#\/schema\/logo\/image\/","url":"https:\/\/www.uartes.edu.ec\/sitio\/wp-content\/uploads\/2022\/07\/logo-ua-horizontal.png","contentUrl":"https:\/\/www.uartes.edu.ec\/sitio\/wp-content\/uploads\/2022\/07\/logo-ua-horizontal.png","width":800,"height":276,"caption":"Universidad de las Artes"},"image":{"@id":"https:\/\/www.uartes.edu.ec\/sitio\/#\/schema\/logo\/image\/"},"sameAs":["https:\/\/www.facebook.com\/uartesec","https:\/\/x.com\/uartesec","https:\/\/www.tiktok.com\/@uartesec"]},{"@type":"Person","@id":"https:\/\/www.uartes.edu.ec\/sitio\/#\/schema\/person\/f33f8c1d2af0d5c80a38c8abf458184a","name":"Universidad de las Artes","image":{"@type":"ImageObject","inLanguage":"es","@id":"https:\/\/secure.gravatar.com\/avatar\/52e4757902f5cfa5ac52d020e5be83cae5487519154b6c35482fe08d589f3c13?s=96&d=mm&r=g","url":"https:\/\/secure.gravatar.com\/avatar\/52e4757902f5cfa5ac52d020e5be83cae5487519154b6c35482fe08d589f3c13?s=96&d=mm&r=g","contentUrl":"https:\/\/secure.gravatar.com\/avatar\/52e4757902f5cfa5ac52d020e5be83cae5487519154b6c35482fe08d589f3c13?s=96&d=mm&r=g","caption":"Universidad de las Artes"},"url":"https:\/\/www.uartes.edu.ec\/sitio\/blog\/author\/dircomadm\/"}]}},"uagb_featured_image_src":{"full":false,"thumbnail":false,"medium":false,"medium_large":false,"large":false,"1536x1536":false,"2048x2048":false,"trp-custom-language-flag":false,"htmega_size_585x295":false,"htmega_size_1170x536":false,"htmega_size_396x360":false,"gb-block-post-grid-landscape":false,"gb-block-post-grid-square":false,"university-hub-thumb":false},"uagb_author_info":{"display_name":"Universidad de las Artes","author_link":"https:\/\/www.uartes.edu.ec\/sitio\/blog\/author\/dircomadm\/"},"uagb_comment_info":0,"uagb_excerpt":"Fredy Vallejos,\u00a0compositor, music\u00f3logo,\u00a0percusionista\u00a0y\u00a0docente de\u00a0la Escuela de Artes Sonoras de\u00a0la Universidad de las Artes del Ecuador, particip\u00f3 en una serie de actividades art\u00edsticas y acad\u00e9micas dentro del marco del Festival Imagen y Audici\u00f3n Expandida en la ciudad de Pasto, Colombia. IMAUX festival es un espacio de exhibici\u00f3n, educaci\u00f3n y di\u00e1logo para po\u00e9ticas del arte contempor\u00e1neo que&hellip;","featured_image_src":null,"featured_image_src_square":null,"author_info":{"display_name":"Universidad de las Artes","author_link":"https:\/\/www.uartes.edu.ec\/sitio\/blog\/author\/dircomadm\/"},"publishpress_future_workflow_manual_trigger":{"enabledWorkflows":[]},"distributor_meta":false,"distributor_terms":false,"distributor_media":false,"distributor_original_site_name":"Universidad de las Artes","distributor_original_site_url":"https:\/\/www.uartes.edu.ec\/sitio","push-errors":false,"_links":{"self":[{"href":"https:\/\/www.uartes.edu.ec\/sitio\/wp-json\/wp\/v2\/posts\/1727","targetHints":{"allow":["GET"]}}],"collection":[{"href":"https:\/\/www.uartes.edu.ec\/sitio\/wp-json\/wp\/v2\/posts"}],"about":[{"href":"https:\/\/www.uartes.edu.ec\/sitio\/wp-json\/wp\/v2\/types\/post"}],"author":[{"embeddable":true,"href":"https:\/\/www.uartes.edu.ec\/sitio\/wp-json\/wp\/v2\/users\/1"}],"replies":[{"embeddable":true,"href":"https:\/\/www.uartes.edu.ec\/sitio\/wp-json\/wp\/v2\/comments?post=1727"}],"version-history":[{"count":1,"href":"https:\/\/www.uartes.edu.ec\/sitio\/wp-json\/wp\/v2\/posts\/1727\/revisions"}],"predecessor-version":[{"id":3346,"href":"https:\/\/www.uartes.edu.ec\/sitio\/wp-json\/wp\/v2\/posts\/1727\/revisions\/3346"}],"wp:featuredmedia":[{"embeddable":true,"href":"https:\/\/www.uartes.edu.ec\/sitio\/wp-json\/"}],"wp:attachment":[{"href":"https:\/\/www.uartes.edu.ec\/sitio\/wp-json\/wp\/v2\/media?parent=1727"}],"wp:term":[{"taxonomy":"category","embeddable":true,"href":"https:\/\/www.uartes.edu.ec\/sitio\/wp-json\/wp\/v2\/categories?post=1727"},{"taxonomy":"post_tag","embeddable":true,"href":"https:\/\/www.uartes.edu.ec\/sitio\/wp-json\/wp\/v2\/tags?post=1727"},{"taxonomy":"infouartes","embeddable":true,"href":"https:\/\/www.uartes.edu.ec\/sitio\/wp-json\/wp\/v2\/infouartes?post=1727"}],"curies":[{"name":"wp","href":"https:\/\/api.w.org\/{rel}","templated":true}]}}