{"id":17311,"date":"2021-12-03T19:28:00","date_gmt":"2021-12-04T00:28:00","guid":{"rendered":"http:\/\/www.uartes.edu.ec\/sitio\/?p=17311"},"modified":"2024-07-04T11:25:00","modified_gmt":"2024-07-04T16:25:00","slug":"danny-vera-un-arreglista-compositor-y-musicoganador-su-exito-reciente-vive-la-guitarra","status":"publish","type":"post","link":"https:\/\/www.uartes.edu.ec\/sitio\/blog\/2021\/12\/03\/danny-vera-un-arreglista-compositor-y-musicoganador-su-exito-reciente-vive-la-guitarra\/","title":{"rendered":"Danny Vera, un arreglista, compositor y m\u00fasico ganador; su m\u00e1s reciente \u00e9xito fue en Vive la Guitarra 2021"},"content":{"rendered":"\n<p>A sus 22 a\u00f1os, Danny Vera ha participado en al menos ocho cert\u00e1menes musicales, en su mayor\u00eda de guitarra. Tambi\u00e9n ha obtenido numerosos reconocimientos y menciones. La m\u00e1s reciente de sus intervenciones fue en el Festival Vive la Guitarra 2021 que organiz\u00f3 la Universidad de las Am\u00e9ricas (UDLA), donde qued\u00f3 entre los finalistas y luego conquist\u00f3 el primer lugar.<\/p>\n\n\n\n<p>El certamen fue abierto a todos los j\u00f3venes guitarristas con deseos de demostrar sus capacidades musicales, dice Vera, quien para ingresar al concurso tuvo que enviar una obra obligatoria y una de libre elecci\u00f3n y esperar los resultados.<\/p>\n\n\n\n<p>\u201cCuando me anunciaron finalista tuve siete d\u00edas para practicar mis temas y llevarlos a la final. Fue un reto para m\u00ed, ya que antes de esos d\u00edas mi estilo de ensayo era muy irregular y gracias a este concurso retom\u00e9 mi estudio guitarr\u00edstico, teniendo tres clases con el maestro Juan Isidro Mej\u00eda (de la Escuela de Artes Sonoras de la UArtes) para pulir las obras a interpretar\u201d, anota Danny Vera, quien cursa el noveno semestre de la carrera de Artes Musicales en la EAS y es arreglista y compositor.<\/p>\n\n\n\n<p>Las obras con las que menciona intervino en Vive la Guitarra fueron <em>Los Caujaritos,<\/em> joropo venezolano del compositor Indio Figueredo, adaptado para guitarra por Alirio D\u00edaz, y <em>Adi\u00f3s Nonino,<\/em> tango argentino de Astor Piazzolla. \u201cLas escog\u00ed porque hacen parte del folclore de la regi\u00f3n y porque cada obra tiene su estilo\/aire guitarr\u00edstico. El tango, una riqueza de juego din\u00e1mico, matices y la manera de articular la m\u00fasica de Piazzolla es un tema interesante a estudiar\u201d.<\/p>\n\n\n\n<p>Considera que recordar es volver a vivir y lo menciona por la adrenalina que manifiesta sinti\u00f3 al estar frente a un jurado. \u201cMe encanta participar y, sobre todo, probar mis capacidades guitarr\u00edsticas, las ganas de mejorar y superarme con cada evento\u201d.<\/p>\n\n\n\n<p>Haber ganado el concurso lo llena de satisfacciones. El premio, para \u00e9l, evidencia la perseverancia, dedicaci\u00f3n e importancia que le imprime al momento de interpretar la guitarra. Se manifiesta agradecido con el docente Juan Mej\u00eda, a quien se\u00f1ala como un pilar fundamental en su formaci\u00f3n. \u201cLa mente maestra que me ha ayudado a desarrollar mis dotes guitarr\u00edsticos\u201d.<\/p>\n\n\n\n<p>A manera de reflexi\u00f3n, agrega que, si bien para todos los m\u00fasicos diez minutos en el escenario representa meses o a\u00f1os de estudios y dedicaci\u00f3n, \u201csi somos los mejores guitarristas de la ciudad y dejamos de ensayar cinco d\u00edas, dejamos de serlo. Por ello es que, sobre todo premio, lo m\u00e1s importante es conocer su trayectoria de estudio\u201d.<\/p>\n\n\n\n<p>Danny Vera es oriundo de Manta, provincia de Manab\u00ed. Se inici\u00f3 como guitarrista emp\u00edrico a los 12 a\u00f1os. A los 15, en su ciudad natal, entr\u00f3 a una escuela permanente de guitarra como requintista. Posteriormente, estudi\u00f3 en la Escuela Sinf\u00f3nica Juvenil y, a los 16, en la de M\u00fasica Mozarteum, donde empez\u00f3 a dar clases de guitarra.<\/p>\n\n\n\n<p>\u201cCon el paso de los a\u00f1os quise conocer m\u00e1s de la m\u00fasica, estudiar una formaci\u00f3n profesional. A los 17 empec\u00e9 a estudiar en la UArtes y desde ese entonces mi forma de ver la m\u00fasica cambi\u00f3. No fue f\u00e1cil, pero, con dedicaci\u00f3n, desde esa edad comenc\u00e9 a leer m\u00fasica y estudiar t\u00e9cnica de guitarra cl\u00e1sica\u201d.<\/p>\n\n\n\n<p>De los conciertos y cert\u00e1menes en los que ha participado destacan, entre otros: Guitarrista seleccionado para grabar y ser arreglista en el proyecto de investigaci\u00f3n de Patrimonio Musical del Ecuador por la becaria Kristina Butler, <em>Sue\u00f1os de Zaz\u00e1<\/em>; y, guitarrista seleccionado por el instituto Nacional de Patrimonio Cultural para grabar y participar en el pasillo <em>En los labios.<\/em><\/p>\n\n\n\n<p>En los festivales de la Canci\u00f3n Los Barrios le cantan a Manta; Internacional de las Aves Lago de Capeira; e, Internacional Guitarrea, por tres veces consecutivas con ensamble de guitarra y una como solista.<\/p>\n\n\n\n<p>Tambi\u00e9n tom\u00f3 parte en el certamen de canto Voces y Guitarra, del Teatro Centro de Arte y la UArtes; y, en el concierto de m\u00fasica nacional Entre Valses y Pasillos, de la Casa de la Cultura N\u00facleo del Guayas. Cuenta, asimismo, su participaci\u00f3n guitarr\u00edstica en la firma del convenio iberoamericano Casa Patrimonial y Biblioteca de las Artes; y, en los arreglos y grabaci\u00f3n de pasillos patrimoniales del Ecuador de la UArtes.<\/p>\n\n\n\n<p>Durante un a\u00f1o Danny Vera toc\u00f3 el viol\u00edn en la Escuela Sinf\u00f3nica Juvenil de Manta y, comenta, que en sus tiempos libres o de eventos sociales toca el requinto. Sin embargo, su afinidad por la guitarra ha sido desde siempre. Con ella empez\u00f3 a acompa\u00f1ar las canciones de su pap\u00e1, voz de un trio de m\u00fasica nacional; fue el primer instrumento que le regalaron y desde entonces ha sido su preferido.<\/p>\n\n\n\n<p>Gusta de interpretar m\u00fasica barroca y del romanticismo. Tambi\u00e9n la m\u00fasica nacional, de lo cual tiene varios arreglos para quarteto de cuerdas, para quarteto de guitarra y para solista.<\/p>\n\n\n\n<p>Como una meta siguiente a la obtenci\u00f3n de su licenciatura en la UArtes, Vera revela el deseo de estudiar Pedagog\u00eda y Composici\u00f3n Musical como maestr\u00eda.<\/p>\n\n\n\n<p>Link de las presentaciones del Festival Vive la Guitarra:<br><a href=\"https:\/\/fb.watch\/9yEsSdMGsk\/\">https:\/\/fb.watch\/9yEsSdMGsk\/<\/a><\/p>\n","protected":false},"excerpt":{"rendered":"<p>Cursa el noveno semestre de la carrera de Artes Musicales en la Universidad de las Artes y es, a sus 22 a\u00f1os, arreglista y compositor. Danny Vera ha participado en al menos ocho cert\u00e1menes de m\u00fasica, en su mayor\u00eda de guitarra. Tambi\u00e9n ha obtenido numerosos reconocimientos y menciones. La m\u00e1s reciente de sus intervenciones fue en el Festival Vive la Guitarra 2021 que organiz\u00f3 la Universidad de las Am\u00e9ricas (UDLA), donde qued\u00f3 entre los finalistas y luego lo gan\u00f3<\/p>\n","protected":false},"author":10,"featured_media":17312,"comment_status":"open","ping_status":"open","sticky":false,"template":"","format":"standard","meta":{"_acf_changed":false,"_uag_custom_page_level_css":"","_monsterinsights_skip_tracking":false,"_monsterinsights_sitenote_active":false,"_monsterinsights_sitenote_note":"","_monsterinsights_sitenote_category":0,"cybocfi_hide_featured_image":"","footnotes":""},"categories":[150,75,76],"tags":[516],"infouartes":[],"class_list":["post-17311","post","type-post","status-publish","format-standard","has-post-thumbnail","hentry","category-artes-sonoras","category-docentes","category-estudiantes","tag-festival"],"acf":[],"yoast_head":"<!-- This site is optimized with the Yoast SEO plugin v27.4 - https:\/\/yoast.com\/product\/yoast-seo-wordpress\/ -->\n<title>Universidad de las Artes - Danny Vera, un arreglista, compositor y m\u00fasico ganador; su m\u00e1s reciente \u00e9xito fue en Vive la Guitarra 2021<\/title>\n<meta name=\"description\" content=\"Universidad de las Artes - Danny Vera, un arreglista, compositor y m\u00fasico ganador; su m\u00e1s reciente \u00e9xito fue en Vive la Guitarra 2021\" \/>\n<meta name=\"robots\" content=\"index, follow, max-snippet:-1, max-image-preview:large, max-video-preview:-1\" \/>\n<link rel=\"canonical\" href=\"https:\/\/www.uartes.edu.ec\/sitio\/blog\/2021\/12\/03\/danny-vera-un-arreglista-compositor-y-musicoganador-su-exito-reciente-vive-la-guitarra\/\" \/>\n<meta property=\"og:locale\" content=\"es_ES\" \/>\n<meta property=\"og:type\" content=\"article\" \/>\n<meta property=\"og:title\" content=\"Universidad de las Artes - Danny Vera, un arreglista, compositor y m\u00fasico ganador; su m\u00e1s reciente \u00e9xito fue en Vive la Guitarra 2021\" \/>\n<meta property=\"og:description\" content=\"Universidad de las Artes - Danny Vera, un arreglista, compositor y m\u00fasico ganador; su m\u00e1s reciente \u00e9xito fue en Vive la Guitarra 2021\" \/>\n<meta property=\"og:url\" content=\"https:\/\/www.uartes.edu.ec\/sitio\/blog\/2021\/12\/03\/danny-vera-un-arreglista-compositor-y-musicoganador-su-exito-reciente-vive-la-guitarra\/\" \/>\n<meta property=\"og:site_name\" content=\"Universidad de las Artes\" \/>\n<meta property=\"article:publisher\" content=\"https:\/\/www.facebook.com\/uartesec\" \/>\n<meta property=\"article:published_time\" content=\"2021-12-04T00:28:00+00:00\" \/>\n<meta property=\"article:modified_time\" content=\"2024-07-04T16:25:00+00:00\" \/>\n<meta property=\"og:image\" content=\"https:\/\/www.uartes.edu.ec\/sitio\/wp-content\/uploads\/2021\/12\/DANNY-VERA.webp\" \/>\n\t<meta property=\"og:image:width\" content=\"2000\" \/>\n\t<meta property=\"og:image:height\" content=\"1333\" \/>\n\t<meta property=\"og:image:type\" content=\"image\/webp\" \/>\n<meta name=\"author\" content=\"ccortez\" \/>\n<meta name=\"twitter:card\" content=\"summary_large_image\" \/>\n<meta name=\"twitter:creator\" content=\"@uartesec\" \/>\n<meta name=\"twitter:site\" content=\"@uartesec\" \/>\n<meta name=\"twitter:label1\" content=\"Escrito por\" \/>\n\t<meta name=\"twitter:data1\" content=\"ccortez\" \/>\n\t<meta name=\"twitter:label2\" content=\"Tiempo de lectura\" \/>\n\t<meta name=\"twitter:data2\" content=\"4 minutos\" \/>\n<script type=\"application\/ld+json\" class=\"yoast-schema-graph\">{\"@context\":\"https:\\\/\\\/schema.org\",\"@graph\":[{\"@type\":\"Article\",\"@id\":\"https:\\\/\\\/www.uartes.edu.ec\\\/sitio\\\/blog\\\/2021\\\/12\\\/03\\\/danny-vera-un-arreglista-compositor-y-musicoganador-su-exito-reciente-vive-la-guitarra\\\/#article\",\"isPartOf\":{\"@id\":\"https:\\\/\\\/www.uartes.edu.ec\\\/sitio\\\/blog\\\/2021\\\/12\\\/03\\\/danny-vera-un-arreglista-compositor-y-musicoganador-su-exito-reciente-vive-la-guitarra\\\/\"},\"author\":{\"name\":\"ccortez\",\"@id\":\"https:\\\/\\\/www.uartes.edu.ec\\\/sitio\\\/#\\\/schema\\\/person\\\/efa1b8275797664fd7f13a79ccc0b1f4\"},\"headline\":\"Danny Vera, un arreglista, compositor y m\u00fasico ganador; su m\u00e1s reciente \u00e9xito fue en Vive la Guitarra 2021\",\"datePublished\":\"2021-12-04T00:28:00+00:00\",\"dateModified\":\"2024-07-04T16:25:00+00:00\",\"mainEntityOfPage\":{\"@id\":\"https:\\\/\\\/www.uartes.edu.ec\\\/sitio\\\/blog\\\/2021\\\/12\\\/03\\\/danny-vera-un-arreglista-compositor-y-musicoganador-su-exito-reciente-vive-la-guitarra\\\/\"},\"wordCount\":910,\"commentCount\":0,\"publisher\":{\"@id\":\"https:\\\/\\\/www.uartes.edu.ec\\\/sitio\\\/#organization\"},\"image\":{\"@id\":\"https:\\\/\\\/www.uartes.edu.ec\\\/sitio\\\/blog\\\/2021\\\/12\\\/03\\\/danny-vera-un-arreglista-compositor-y-musicoganador-su-exito-reciente-vive-la-guitarra\\\/#primaryimage\"},\"thumbnailUrl\":\"https:\\\/\\\/www.uartes.edu.ec\\\/sitio\\\/wp-content\\\/uploads\\\/2021\\\/12\\\/DANNY-VERA.webp\",\"keywords\":[\"festival\"],\"articleSection\":[\"Artes Sonoras\",\"Docentes\",\"Estudiantes\"],\"inLanguage\":\"es\",\"potentialAction\":[{\"@type\":\"CommentAction\",\"name\":\"Comment\",\"target\":[\"https:\\\/\\\/www.uartes.edu.ec\\\/sitio\\\/blog\\\/2021\\\/12\\\/03\\\/danny-vera-un-arreglista-compositor-y-musicoganador-su-exito-reciente-vive-la-guitarra\\\/#respond\"]}]},{\"@type\":[\"WebPage\",\"ItemPage\"],\"@id\":\"https:\\\/\\\/www.uartes.edu.ec\\\/sitio\\\/blog\\\/2021\\\/12\\\/03\\\/danny-vera-un-arreglista-compositor-y-musicoganador-su-exito-reciente-vive-la-guitarra\\\/\",\"url\":\"https:\\\/\\\/www.uartes.edu.ec\\\/sitio\\\/blog\\\/2021\\\/12\\\/03\\\/danny-vera-un-arreglista-compositor-y-musicoganador-su-exito-reciente-vive-la-guitarra\\\/\",\"name\":\"Universidad de las Artes - Danny Vera, un arreglista, compositor y m\u00fasico ganador; su m\u00e1s reciente \u00e9xito fue en Vive la Guitarra 2021\",\"isPartOf\":{\"@id\":\"https:\\\/\\\/www.uartes.edu.ec\\\/sitio\\\/#website\"},\"primaryImageOfPage\":{\"@id\":\"https:\\\/\\\/www.uartes.edu.ec\\\/sitio\\\/blog\\\/2021\\\/12\\\/03\\\/danny-vera-un-arreglista-compositor-y-musicoganador-su-exito-reciente-vive-la-guitarra\\\/#primaryimage\"},\"image\":{\"@id\":\"https:\\\/\\\/www.uartes.edu.ec\\\/sitio\\\/blog\\\/2021\\\/12\\\/03\\\/danny-vera-un-arreglista-compositor-y-musicoganador-su-exito-reciente-vive-la-guitarra\\\/#primaryimage\"},\"thumbnailUrl\":\"https:\\\/\\\/www.uartes.edu.ec\\\/sitio\\\/wp-content\\\/uploads\\\/2021\\\/12\\\/DANNY-VERA.webp\",\"datePublished\":\"2021-12-04T00:28:00+00:00\",\"dateModified\":\"2024-07-04T16:25:00+00:00\",\"description\":\"Universidad de las Artes - Danny Vera, un arreglista, compositor y m\u00fasico ganador; su m\u00e1s reciente \u00e9xito fue en Vive la Guitarra 2021\",\"breadcrumb\":{\"@id\":\"https:\\\/\\\/www.uartes.edu.ec\\\/sitio\\\/blog\\\/2021\\\/12\\\/03\\\/danny-vera-un-arreglista-compositor-y-musicoganador-su-exito-reciente-vive-la-guitarra\\\/#breadcrumb\"},\"inLanguage\":\"es\",\"potentialAction\":[{\"@type\":\"ReadAction\",\"target\":[\"https:\\\/\\\/www.uartes.edu.ec\\\/sitio\\\/blog\\\/2021\\\/12\\\/03\\\/danny-vera-un-arreglista-compositor-y-musicoganador-su-exito-reciente-vive-la-guitarra\\\/\"]}]},{\"@type\":\"ImageObject\",\"inLanguage\":\"es\",\"@id\":\"https:\\\/\\\/www.uartes.edu.ec\\\/sitio\\\/blog\\\/2021\\\/12\\\/03\\\/danny-vera-un-arreglista-compositor-y-musicoganador-su-exito-reciente-vive-la-guitarra\\\/#primaryimage\",\"url\":\"https:\\\/\\\/www.uartes.edu.ec\\\/sitio\\\/wp-content\\\/uploads\\\/2021\\\/12\\\/DANNY-VERA.webp\",\"contentUrl\":\"https:\\\/\\\/www.uartes.edu.ec\\\/sitio\\\/wp-content\\\/uploads\\\/2021\\\/12\\\/DANNY-VERA.webp\",\"width\":2000,\"height\":1333},{\"@type\":\"BreadcrumbList\",\"@id\":\"https:\\\/\\\/www.uartes.edu.ec\\\/sitio\\\/blog\\\/2021\\\/12\\\/03\\\/danny-vera-un-arreglista-compositor-y-musicoganador-su-exito-reciente-vive-la-guitarra\\\/#breadcrumb\",\"itemListElement\":[{\"@type\":\"ListItem\",\"position\":1,\"name\":\"Inicio\",\"item\":\"https:\\\/\\\/www.uartes.edu.ec\\\/sitio\\\/\"},{\"@type\":\"ListItem\",\"position\":2,\"name\":\"Danny Vera, un arreglista, compositor y m\u00fasico ganador; su m\u00e1s reciente \u00e9xito fue en Vive la Guitarra 2021\"}]},{\"@type\":\"WebSite\",\"@id\":\"https:\\\/\\\/www.uartes.edu.ec\\\/sitio\\\/#website\",\"url\":\"https:\\\/\\\/www.uartes.edu.ec\\\/sitio\\\/\",\"name\":\"Universidad de las Artes\",\"description\":\"Sitio oficial de la Universidad Nacional de las Artes del Ecuador\",\"publisher\":{\"@id\":\"https:\\\/\\\/www.uartes.edu.ec\\\/sitio\\\/#organization\"},\"potentialAction\":[{\"@type\":\"SearchAction\",\"target\":{\"@type\":\"EntryPoint\",\"urlTemplate\":\"https:\\\/\\\/www.uartes.edu.ec\\\/sitio\\\/?s={search_term_string}\"},\"query-input\":{\"@type\":\"PropertyValueSpecification\",\"valueRequired\":true,\"valueName\":\"search_term_string\"}}],\"inLanguage\":\"es\"},{\"@type\":\"Organization\",\"@id\":\"https:\\\/\\\/www.uartes.edu.ec\\\/sitio\\\/#organization\",\"name\":\"Universidad de las Artes\",\"url\":\"https:\\\/\\\/www.uartes.edu.ec\\\/sitio\\\/\",\"logo\":{\"@type\":\"ImageObject\",\"inLanguage\":\"es\",\"@id\":\"https:\\\/\\\/www.uartes.edu.ec\\\/sitio\\\/#\\\/schema\\\/logo\\\/image\\\/\",\"url\":\"https:\\\/\\\/www.uartes.edu.ec\\\/sitio\\\/wp-content\\\/uploads\\\/2022\\\/07\\\/logo-ua-horizontal.png\",\"contentUrl\":\"https:\\\/\\\/www.uartes.edu.ec\\\/sitio\\\/wp-content\\\/uploads\\\/2022\\\/07\\\/logo-ua-horizontal.png\",\"width\":800,\"height\":276,\"caption\":\"Universidad de las Artes\"},\"image\":{\"@id\":\"https:\\\/\\\/www.uartes.edu.ec\\\/sitio\\\/#\\\/schema\\\/logo\\\/image\\\/\"},\"sameAs\":[\"https:\\\/\\\/www.facebook.com\\\/uartesec\",\"https:\\\/\\\/x.com\\\/uartesec\",\"https:\\\/\\\/www.tiktok.com\\\/@uartesec\"]},{\"@type\":\"Person\",\"@id\":\"https:\\\/\\\/www.uartes.edu.ec\\\/sitio\\\/#\\\/schema\\\/person\\\/efa1b8275797664fd7f13a79ccc0b1f4\",\"name\":\"ccortez\",\"image\":{\"@type\":\"ImageObject\",\"inLanguage\":\"es\",\"@id\":\"https:\\\/\\\/secure.gravatar.com\\\/avatar\\\/b2a6f664a3ae8e074346ef91775736c5ec479e637ecced6842de9dc98b5da9cd?s=96&d=mm&r=g\",\"url\":\"https:\\\/\\\/secure.gravatar.com\\\/avatar\\\/b2a6f664a3ae8e074346ef91775736c5ec479e637ecced6842de9dc98b5da9cd?s=96&d=mm&r=g\",\"contentUrl\":\"https:\\\/\\\/secure.gravatar.com\\\/avatar\\\/b2a6f664a3ae8e074346ef91775736c5ec479e637ecced6842de9dc98b5da9cd?s=96&d=mm&r=g\",\"caption\":\"ccortez\"},\"url\":\"https:\\\/\\\/www.uartes.edu.ec\\\/sitio\\\/blog\\\/author\\\/ccortez\\\/\"}]}<\/script>\n<!-- \/ Yoast SEO plugin. -->","yoast_head_json":{"title":"Universidad de las Artes - Danny Vera, un arreglista, compositor y m\u00fasico ganador; su m\u00e1s reciente \u00e9xito fue en Vive la Guitarra 2021","description":"Universidad de las Artes - Danny Vera, un arreglista, compositor y m\u00fasico ganador; su m\u00e1s reciente \u00e9xito fue en Vive la Guitarra 2021","robots":{"index":"index","follow":"follow","max-snippet":"max-snippet:-1","max-image-preview":"max-image-preview:large","max-video-preview":"max-video-preview:-1"},"canonical":"https:\/\/www.uartes.edu.ec\/sitio\/blog\/2021\/12\/03\/danny-vera-un-arreglista-compositor-y-musicoganador-su-exito-reciente-vive-la-guitarra\/","og_locale":"es_ES","og_type":"article","og_title":"Universidad de las Artes - Danny Vera, un arreglista, compositor y m\u00fasico ganador; su m\u00e1s reciente \u00e9xito fue en Vive la Guitarra 2021","og_description":"Universidad de las Artes - Danny Vera, un arreglista, compositor y m\u00fasico ganador; su m\u00e1s reciente \u00e9xito fue en Vive la Guitarra 2021","og_url":"https:\/\/www.uartes.edu.ec\/sitio\/blog\/2021\/12\/03\/danny-vera-un-arreglista-compositor-y-musicoganador-su-exito-reciente-vive-la-guitarra\/","og_site_name":"Universidad de las Artes","article_publisher":"https:\/\/www.facebook.com\/uartesec","article_published_time":"2021-12-04T00:28:00+00:00","article_modified_time":"2024-07-04T16:25:00+00:00","og_image":[{"width":2000,"height":1333,"url":"https:\/\/www.uartes.edu.ec\/sitio\/wp-content\/uploads\/2021\/12\/DANNY-VERA.webp","type":"image\/webp"}],"author":"ccortez","twitter_card":"summary_large_image","twitter_creator":"@uartesec","twitter_site":"@uartesec","twitter_misc":{"Escrito por":"ccortez","Tiempo de lectura":"4 minutos"},"schema":{"@context":"https:\/\/schema.org","@graph":[{"@type":"Article","@id":"https:\/\/www.uartes.edu.ec\/sitio\/blog\/2021\/12\/03\/danny-vera-un-arreglista-compositor-y-musicoganador-su-exito-reciente-vive-la-guitarra\/#article","isPartOf":{"@id":"https:\/\/www.uartes.edu.ec\/sitio\/blog\/2021\/12\/03\/danny-vera-un-arreglista-compositor-y-musicoganador-su-exito-reciente-vive-la-guitarra\/"},"author":{"name":"ccortez","@id":"https:\/\/www.uartes.edu.ec\/sitio\/#\/schema\/person\/efa1b8275797664fd7f13a79ccc0b1f4"},"headline":"Danny Vera, un arreglista, compositor y m\u00fasico ganador; su m\u00e1s reciente \u00e9xito fue en Vive la Guitarra 2021","datePublished":"2021-12-04T00:28:00+00:00","dateModified":"2024-07-04T16:25:00+00:00","mainEntityOfPage":{"@id":"https:\/\/www.uartes.edu.ec\/sitio\/blog\/2021\/12\/03\/danny-vera-un-arreglista-compositor-y-musicoganador-su-exito-reciente-vive-la-guitarra\/"},"wordCount":910,"commentCount":0,"publisher":{"@id":"https:\/\/www.uartes.edu.ec\/sitio\/#organization"},"image":{"@id":"https:\/\/www.uartes.edu.ec\/sitio\/blog\/2021\/12\/03\/danny-vera-un-arreglista-compositor-y-musicoganador-su-exito-reciente-vive-la-guitarra\/#primaryimage"},"thumbnailUrl":"https:\/\/www.uartes.edu.ec\/sitio\/wp-content\/uploads\/2021\/12\/DANNY-VERA.webp","keywords":["festival"],"articleSection":["Artes Sonoras","Docentes","Estudiantes"],"inLanguage":"es","potentialAction":[{"@type":"CommentAction","name":"Comment","target":["https:\/\/www.uartes.edu.ec\/sitio\/blog\/2021\/12\/03\/danny-vera-un-arreglista-compositor-y-musicoganador-su-exito-reciente-vive-la-guitarra\/#respond"]}]},{"@type":["WebPage","ItemPage"],"@id":"https:\/\/www.uartes.edu.ec\/sitio\/blog\/2021\/12\/03\/danny-vera-un-arreglista-compositor-y-musicoganador-su-exito-reciente-vive-la-guitarra\/","url":"https:\/\/www.uartes.edu.ec\/sitio\/blog\/2021\/12\/03\/danny-vera-un-arreglista-compositor-y-musicoganador-su-exito-reciente-vive-la-guitarra\/","name":"Universidad de las Artes - Danny Vera, un arreglista, compositor y m\u00fasico ganador; su m\u00e1s reciente \u00e9xito fue en Vive la Guitarra 2021","isPartOf":{"@id":"https:\/\/www.uartes.edu.ec\/sitio\/#website"},"primaryImageOfPage":{"@id":"https:\/\/www.uartes.edu.ec\/sitio\/blog\/2021\/12\/03\/danny-vera-un-arreglista-compositor-y-musicoganador-su-exito-reciente-vive-la-guitarra\/#primaryimage"},"image":{"@id":"https:\/\/www.uartes.edu.ec\/sitio\/blog\/2021\/12\/03\/danny-vera-un-arreglista-compositor-y-musicoganador-su-exito-reciente-vive-la-guitarra\/#primaryimage"},"thumbnailUrl":"https:\/\/www.uartes.edu.ec\/sitio\/wp-content\/uploads\/2021\/12\/DANNY-VERA.webp","datePublished":"2021-12-04T00:28:00+00:00","dateModified":"2024-07-04T16:25:00+00:00","description":"Universidad de las Artes - Danny Vera, un arreglista, compositor y m\u00fasico ganador; su m\u00e1s reciente \u00e9xito fue en Vive la Guitarra 2021","breadcrumb":{"@id":"https:\/\/www.uartes.edu.ec\/sitio\/blog\/2021\/12\/03\/danny-vera-un-arreglista-compositor-y-musicoganador-su-exito-reciente-vive-la-guitarra\/#breadcrumb"},"inLanguage":"es","potentialAction":[{"@type":"ReadAction","target":["https:\/\/www.uartes.edu.ec\/sitio\/blog\/2021\/12\/03\/danny-vera-un-arreglista-compositor-y-musicoganador-su-exito-reciente-vive-la-guitarra\/"]}]},{"@type":"ImageObject","inLanguage":"es","@id":"https:\/\/www.uartes.edu.ec\/sitio\/blog\/2021\/12\/03\/danny-vera-un-arreglista-compositor-y-musicoganador-su-exito-reciente-vive-la-guitarra\/#primaryimage","url":"https:\/\/www.uartes.edu.ec\/sitio\/wp-content\/uploads\/2021\/12\/DANNY-VERA.webp","contentUrl":"https:\/\/www.uartes.edu.ec\/sitio\/wp-content\/uploads\/2021\/12\/DANNY-VERA.webp","width":2000,"height":1333},{"@type":"BreadcrumbList","@id":"https:\/\/www.uartes.edu.ec\/sitio\/blog\/2021\/12\/03\/danny-vera-un-arreglista-compositor-y-musicoganador-su-exito-reciente-vive-la-guitarra\/#breadcrumb","itemListElement":[{"@type":"ListItem","position":1,"name":"Inicio","item":"https:\/\/www.uartes.edu.ec\/sitio\/"},{"@type":"ListItem","position":2,"name":"Danny Vera, un arreglista, compositor y m\u00fasico ganador; su m\u00e1s reciente \u00e9xito fue en Vive la Guitarra 2021"}]},{"@type":"WebSite","@id":"https:\/\/www.uartes.edu.ec\/sitio\/#website","url":"https:\/\/www.uartes.edu.ec\/sitio\/","name":"Universidad de las Artes","description":"Sitio oficial de la Universidad Nacional de las Artes del Ecuador","publisher":{"@id":"https:\/\/www.uartes.edu.ec\/sitio\/#organization"},"potentialAction":[{"@type":"SearchAction","target":{"@type":"EntryPoint","urlTemplate":"https:\/\/www.uartes.edu.ec\/sitio\/?s={search_term_string}"},"query-input":{"@type":"PropertyValueSpecification","valueRequired":true,"valueName":"search_term_string"}}],"inLanguage":"es"},{"@type":"Organization","@id":"https:\/\/www.uartes.edu.ec\/sitio\/#organization","name":"Universidad de las Artes","url":"https:\/\/www.uartes.edu.ec\/sitio\/","logo":{"@type":"ImageObject","inLanguage":"es","@id":"https:\/\/www.uartes.edu.ec\/sitio\/#\/schema\/logo\/image\/","url":"https:\/\/www.uartes.edu.ec\/sitio\/wp-content\/uploads\/2022\/07\/logo-ua-horizontal.png","contentUrl":"https:\/\/www.uartes.edu.ec\/sitio\/wp-content\/uploads\/2022\/07\/logo-ua-horizontal.png","width":800,"height":276,"caption":"Universidad de las Artes"},"image":{"@id":"https:\/\/www.uartes.edu.ec\/sitio\/#\/schema\/logo\/image\/"},"sameAs":["https:\/\/www.facebook.com\/uartesec","https:\/\/x.com\/uartesec","https:\/\/www.tiktok.com\/@uartesec"]},{"@type":"Person","@id":"https:\/\/www.uartes.edu.ec\/sitio\/#\/schema\/person\/efa1b8275797664fd7f13a79ccc0b1f4","name":"ccortez","image":{"@type":"ImageObject","inLanguage":"es","@id":"https:\/\/secure.gravatar.com\/avatar\/b2a6f664a3ae8e074346ef91775736c5ec479e637ecced6842de9dc98b5da9cd?s=96&d=mm&r=g","url":"https:\/\/secure.gravatar.com\/avatar\/b2a6f664a3ae8e074346ef91775736c5ec479e637ecced6842de9dc98b5da9cd?s=96&d=mm&r=g","contentUrl":"https:\/\/secure.gravatar.com\/avatar\/b2a6f664a3ae8e074346ef91775736c5ec479e637ecced6842de9dc98b5da9cd?s=96&d=mm&r=g","caption":"ccortez"},"url":"https:\/\/www.uartes.edu.ec\/sitio\/blog\/author\/ccortez\/"}]}},"uagb_featured_image_src":{"full":["https:\/\/www.uartes.edu.ec\/sitio\/wp-content\/uploads\/2021\/12\/DANNY-VERA.webp",2000,1333,false],"thumbnail":["https:\/\/www.uartes.edu.ec\/sitio\/wp-content\/uploads\/2021\/12\/DANNY-VERA-150x150.webp",150,150,true],"medium":["https:\/\/www.uartes.edu.ec\/sitio\/wp-content\/uploads\/2021\/12\/DANNY-VERA-300x200.webp",300,200,true],"medium_large":["https:\/\/www.uartes.edu.ec\/sitio\/wp-content\/uploads\/2021\/12\/DANNY-VERA-768x512.webp",768,512,true],"large":["https:\/\/www.uartes.edu.ec\/sitio\/wp-content\/uploads\/2021\/12\/DANNY-VERA-644x429.webp",644,429,true],"1536x1536":["https:\/\/www.uartes.edu.ec\/sitio\/wp-content\/uploads\/2021\/12\/DANNY-VERA-1536x1024.webp",1536,1024,true],"2048x2048":["https:\/\/www.uartes.edu.ec\/sitio\/wp-content\/uploads\/2021\/12\/DANNY-VERA.webp",2000,1333,false],"trp-custom-language-flag":["https:\/\/www.uartes.edu.ec\/sitio\/wp-content\/uploads\/2021\/12\/DANNY-VERA.webp",18,12,false],"htmega_size_585x295":["https:\/\/www.uartes.edu.ec\/sitio\/wp-content\/uploads\/2021\/12\/DANNY-VERA.webp",443,295,false],"htmega_size_1170x536":["https:\/\/www.uartes.edu.ec\/sitio\/wp-content\/uploads\/2021\/12\/DANNY-VERA.webp",804,536,false],"htmega_size_396x360":["https:\/\/www.uartes.edu.ec\/sitio\/wp-content\/uploads\/2021\/12\/DANNY-VERA.webp",396,264,false],"gb-block-post-grid-landscape":["https:\/\/www.uartes.edu.ec\/sitio\/wp-content\/uploads\/2021\/12\/DANNY-VERA-600x400.webp",600,400,true],"gb-block-post-grid-square":["https:\/\/www.uartes.edu.ec\/sitio\/wp-content\/uploads\/2021\/12\/DANNY-VERA-600x600.webp",600,600,true],"university-hub-thumb":["https:\/\/www.uartes.edu.ec\/sitio\/wp-content\/uploads\/2021\/12\/DANNY-VERA-400x267.webp",400,267,true]},"uagb_author_info":{"display_name":"ccortez","author_link":"https:\/\/www.uartes.edu.ec\/sitio\/blog\/author\/ccortez\/"},"uagb_comment_info":0,"uagb_excerpt":"Cursa el noveno semestre de la carrera de Artes Musicales en la Universidad de las Artes y es, a sus 22 a\u00f1os, arreglista y compositor. Danny Vera ha participado en al menos ocho cert\u00e1menes de m\u00fasica, en su mayor\u00eda de guitarra. Tambi\u00e9n ha obtenido numerosos reconocimientos y menciones. La m\u00e1s reciente de sus intervenciones fue&hellip;","featured_image_src":"https:\/\/www.uartes.edu.ec\/sitio\/wp-content\/uploads\/2021\/12\/DANNY-VERA-600x400.webp","featured_image_src_square":"https:\/\/www.uartes.edu.ec\/sitio\/wp-content\/uploads\/2021\/12\/DANNY-VERA-600x600.webp","author_info":{"display_name":"ccortez","author_link":"https:\/\/www.uartes.edu.ec\/sitio\/blog\/author\/ccortez\/"},"publishpress_future_workflow_manual_trigger":{"enabledWorkflows":[]},"distributor_meta":false,"distributor_terms":false,"distributor_media":false,"distributor_original_site_name":"Universidad de las Artes","distributor_original_site_url":"https:\/\/www.uartes.edu.ec\/sitio","push-errors":false,"_links":{"self":[{"href":"https:\/\/www.uartes.edu.ec\/sitio\/wp-json\/wp\/v2\/posts\/17311","targetHints":{"allow":["GET"]}}],"collection":[{"href":"https:\/\/www.uartes.edu.ec\/sitio\/wp-json\/wp\/v2\/posts"}],"about":[{"href":"https:\/\/www.uartes.edu.ec\/sitio\/wp-json\/wp\/v2\/types\/post"}],"author":[{"embeddable":true,"href":"https:\/\/www.uartes.edu.ec\/sitio\/wp-json\/wp\/v2\/users\/10"}],"replies":[{"embeddable":true,"href":"https:\/\/www.uartes.edu.ec\/sitio\/wp-json\/wp\/v2\/comments?post=17311"}],"version-history":[{"count":5,"href":"https:\/\/www.uartes.edu.ec\/sitio\/wp-json\/wp\/v2\/posts\/17311\/revisions"}],"predecessor-version":[{"id":17319,"href":"https:\/\/www.uartes.edu.ec\/sitio\/wp-json\/wp\/v2\/posts\/17311\/revisions\/17319"}],"wp:featuredmedia":[{"embeddable":true,"href":"https:\/\/www.uartes.edu.ec\/sitio\/wp-json\/wp\/v2\/media\/17312"}],"wp:attachment":[{"href":"https:\/\/www.uartes.edu.ec\/sitio\/wp-json\/wp\/v2\/media?parent=17311"}],"wp:term":[{"taxonomy":"category","embeddable":true,"href":"https:\/\/www.uartes.edu.ec\/sitio\/wp-json\/wp\/v2\/categories?post=17311"},{"taxonomy":"post_tag","embeddable":true,"href":"https:\/\/www.uartes.edu.ec\/sitio\/wp-json\/wp\/v2\/tags?post=17311"},{"taxonomy":"infouartes","embeddable":true,"href":"https:\/\/www.uartes.edu.ec\/sitio\/wp-json\/wp\/v2\/infouartes?post=17311"}],"curies":[{"name":"wp","href":"https:\/\/api.w.org\/{rel}","templated":true}]}}