{"id":17420,"date":"2021-12-06T19:00:00","date_gmt":"2021-12-07T00:00:00","guid":{"rendered":"http:\/\/www.uartes.edu.ec\/sitio\/?p=17420"},"modified":"2024-07-04T11:25:00","modified_gmt":"2024-07-04T16:25:00","slug":"obra-de-autores-ecuatorianos-con-otras-miradas","status":"publish","type":"post","link":"https:\/\/www.uartes.edu.ec\/sitio\/blog\/2021\/12\/06\/obra-de-autores-ecuatorianos-con-otras-miradas\/","title":{"rendered":"Otras miradas a las obras de los autores ecuatorianos C\u00e9sar D\u00e1vila, Medardo \u00c1ngel Silva y Sonia Manzano"},"content":{"rendered":"\n<p>Zully Ord\u00f3\u00f1ez, egresada de la Escuela de Literatura de la Universidad de las Artes, dio detalles de la investigaci\u00f3n que hizo sobre la creaci\u00f3n po\u00e9tica del autor ecuatoriano C\u00e9sar D\u00e1vila Andrade y su trasfondo m\u00edstico en cuanto al lenguaje. Sucedi\u00f3 la tarde de este lunes 6 de diciembre, en la Plaza P\u00fablica del MZ14, donde hasta el viernes 10 de desarrollar\u00e1n las presentaciones de los trabajos de titulaci\u00f3n de los estudiantes que se grad\u00faan el s\u00e1bado 11.<\/p>\n\n\n\n<p>La exposici\u00f3n de Ord\u00f3\u00f1ez fue parte de la mesa donde tambi\u00e9n se escucharon los enfoques y perspectivas de las obras de Medardo \u00c1ngel Silva y Sonia Manzano, sustentados estos por Claudia Delgadillo y Alondra Lahuatte, respectivamente. Con ellas, Carlos Rugel, quien mediante un video dio cuenta de las investigaciones que hizo de la tradici\u00f3n oral de Santa Luc\u00eda. La moderaci\u00f3n estuvo a cargo de la docente Cecilia Velasco.<\/p>\n\n\n\n<p>A su tesis Ord\u00f3\u00f1ez la titul\u00f3 \u201cC\u00e9sar D\u00e1vila Andrade, m\u00edstica y poes\u00eda\u201d y en ella plante\u00f3 el an\u00e1lisis de la poes\u00eda del autor desde sus inicios. El estudio de lo sagrado en el arte siempre la atrajo, sobre todo en relaci\u00f3n con los subrealistas y la experiencia visionaria, el psicoan\u00e1lisis y todas estas vivencias de los estados modificados de la percepci\u00f3n.<\/p>\n\n\n\n<p>La biograf\u00eda de D\u00e1vila Andrade revela su acercamiento con el budismo y el esoterismo, \u201cpero dentro de su pensamiento y ensayos desarrolla toda una po\u00e9tica que, si se analiza, desde esta mirada del estudio de lo sagrado, nos podemos dar cuenta de la forma c\u00f3mo \u00e9l crea. Sus procesos creativos tienen que ver con estos estados de la conciencia\u201d, dijo Ord\u00f3\u00f1ez, quien labora en la Biblioteca de las Artes.<\/p>\n\n\n\n<p>Agreg\u00f3 que hay poemas, como <em>Bolet\u00edn y eleg\u00eda de las mitas,<\/em> que tienen que ver con una realidad social ecuatoriana, \u201cpero que no dejan de tener esos toques que los podr\u00eda considerar como experiencias visionarias; por ejemplo, <em>Catedral salvaje,<\/em> que inicia con un mont\u00f3n de im\u00e1genes visionarias\u201d.<\/p>\n\n\n\n<p>Para su trabajo, Ord\u00f3\u00f1ez investig\u00f3 lo que dice la cr\u00edtica ecuatoriana, de la cual C\u00e9sar Eduardo Carri\u00f3n fue uno de sus referentes te\u00f3ricos, al igual que Vladimiro Rivas Iturralde. En pos de su investigaci\u00f3n, la egresada de Literatura particip\u00f3 en la Asociaci\u00f3n de Ecuatorianistas con <em>Catedral salvaje,<\/em> analiz\u00e1ndolo desde la experiencia m\u00edstica.<\/p>\n\n\n\n<p>A la escritora y docente Cecilia Velasco, moderadora de la mesa, le llam\u00f3 la atenci\u00f3n el inter\u00e9s de Ord\u00f3\u00f1ez por lo m\u00edstico. Ella respondi\u00f3 que se interes\u00f3 por relacionar el arte y la m\u00edstica, \u201cno solo con lo religioso, sino con la experiencia del arte, desde el renacimiento, la edad media, los subrealistas\u201d.<\/p>\n\n\n\n<p>Ord\u00f3\u00f1ez parti\u00f3 de la hip\u00f3tesis de que la poes\u00eda herm\u00e9tica de C\u00e9sar D\u00e1vila Andrade pod\u00eda tener esa caracter\u00edstica m\u00edstica y tras leer toda su poes\u00eda \u2013y no solo la herm\u00e9tica\u2013, por la oscuridad de su lenguaje descubri\u00f3 que est\u00e1 atravesada por un pensamiento espiritual que se traslada a una forma de pensar y de ver el poema e incluso la literatura.<\/p>\n\n\n\n<p>Las intervenciones de los egresados, sus investigaciones y sustentaciones resultaron de tal inter\u00e9s que la audiencia estaba pr\u00e1cticamente inamovible. Todos aportaron con sus enfoques y perspectivas a lo que muchos hab\u00edan le\u00eddo sobre los autores ecuatorianos. Carlos Rugel fue, incluso, m\u00e1s all\u00e1, pues dentro de su proyecto creativo enmarcado en la tradici\u00f3n oral de Santa Luc\u00eda se desprendieron los cuentos de terror del sector, los cuales \u00e9l tradujo a una escritura tipo g\u00f3tica-montubia.<\/p>\n","protected":false},"excerpt":{"rendered":"<p>Zully Ord\u00f3\u00f1ez, egresada de la Escuela de Literatura de la UArtes, dio detalles de su investigaci\u00f3n sobre la creaci\u00f3n po\u00e9tica de C\u00e9sar D\u00e1vila Andrade y su trasfondo m\u00edstico. Tambi\u00e9n se escucharon los enfoques y perspectivas de las obras de Medardo \u00c1ngel Silva y Sonia Manzano, sustentados por Claudia Delgadillo y Alondra Lahuatte, respectivamente. Con ellas, Carlos Rugel, quien mediante video revel\u00f3 sus indagaciones de la tradici\u00f3n oral de Santa Luc\u00eda. <\/p>\n","protected":false},"author":10,"featured_media":17421,"comment_status":"open","ping_status":"open","sticky":false,"template":"","format":"standard","meta":{"_acf_changed":false,"_uag_custom_page_level_css":"","_monsterinsights_skip_tracking":false,"_monsterinsights_sitenote_active":false,"_monsterinsights_sitenote_note":"","_monsterinsights_sitenote_category":0,"cybocfi_hide_featured_image":"","footnotes":""},"categories":[75,76,284,175],"tags":[200],"infouartes":[],"class_list":["post-17420","post","type-post","status-publish","format-standard","has-post-thumbnail","hentry","category-docentes","category-estudiantes","category-investigacion","category-literatura","tag-titulacion"],"acf":[],"yoast_head":"<!-- This site is optimized with the Yoast SEO plugin v27.4 - https:\/\/yoast.com\/product\/yoast-seo-wordpress\/ -->\n<title>Universidad de las Artes - Otras miradas a las obras de los autores ecuatorianos C\u00e9sar D\u00e1vila, Medardo \u00c1ngel Silva y Sonia Manzano<\/title>\n<meta name=\"description\" content=\"Universidad de las Artes - Otras miradas a las obras de los autores ecuatorianos C\u00e9sar D\u00e1vila, Medardo \u00c1ngel Silva y Sonia Manzano\" \/>\n<meta name=\"robots\" content=\"index, follow, max-snippet:-1, max-image-preview:large, max-video-preview:-1\" \/>\n<link rel=\"canonical\" href=\"https:\/\/www.uartes.edu.ec\/sitio\/blog\/2021\/12\/06\/obra-de-autores-ecuatorianos-con-otras-miradas\/\" \/>\n<meta property=\"og:locale\" content=\"es_ES\" \/>\n<meta property=\"og:type\" content=\"article\" \/>\n<meta property=\"og:title\" content=\"Universidad de las Artes - Otras miradas a las obras de los autores ecuatorianos C\u00e9sar D\u00e1vila, Medardo \u00c1ngel Silva y Sonia Manzano\" \/>\n<meta property=\"og:description\" content=\"Universidad de las Artes - Otras miradas a las obras de los autores ecuatorianos C\u00e9sar D\u00e1vila, Medardo \u00c1ngel Silva y Sonia Manzano\" \/>\n<meta property=\"og:url\" content=\"https:\/\/www.uartes.edu.ec\/sitio\/blog\/2021\/12\/06\/obra-de-autores-ecuatorianos-con-otras-miradas\/\" \/>\n<meta property=\"og:site_name\" content=\"Universidad de las Artes\" \/>\n<meta property=\"article:publisher\" content=\"https:\/\/www.facebook.com\/uartesec\" \/>\n<meta property=\"article:published_time\" content=\"2021-12-07T00:00:00+00:00\" \/>\n<meta property=\"article:modified_time\" content=\"2024-07-04T16:25:00+00:00\" \/>\n<meta property=\"og:image\" content=\"https:\/\/www.uartes.edu.ec\/sitio\/wp-content\/uploads\/2021\/12\/Charla-literatura-WEB.webp\" \/>\n\t<meta property=\"og:image:width\" content=\"2000\" \/>\n\t<meta property=\"og:image:height\" content=\"1333\" \/>\n\t<meta property=\"og:image:type\" content=\"image\/webp\" \/>\n<meta name=\"author\" content=\"ccortez\" \/>\n<meta name=\"twitter:card\" content=\"summary_large_image\" \/>\n<meta name=\"twitter:creator\" content=\"@uartesec\" \/>\n<meta name=\"twitter:site\" content=\"@uartesec\" \/>\n<meta name=\"twitter:label1\" content=\"Escrito por\" \/>\n\t<meta name=\"twitter:data1\" content=\"ccortez\" \/>\n\t<meta name=\"twitter:label2\" content=\"Tiempo de lectura\" \/>\n\t<meta name=\"twitter:data2\" content=\"3 minutos\" \/>\n<script type=\"application\/ld+json\" class=\"yoast-schema-graph\">{\"@context\":\"https:\\\/\\\/schema.org\",\"@graph\":[{\"@type\":\"Article\",\"@id\":\"https:\\\/\\\/www.uartes.edu.ec\\\/sitio\\\/blog\\\/2021\\\/12\\\/06\\\/obra-de-autores-ecuatorianos-con-otras-miradas\\\/#article\",\"isPartOf\":{\"@id\":\"https:\\\/\\\/www.uartes.edu.ec\\\/sitio\\\/blog\\\/2021\\\/12\\\/06\\\/obra-de-autores-ecuatorianos-con-otras-miradas\\\/\"},\"author\":{\"name\":\"ccortez\",\"@id\":\"https:\\\/\\\/www.uartes.edu.ec\\\/sitio\\\/#\\\/schema\\\/person\\\/efa1b8275797664fd7f13a79ccc0b1f4\"},\"headline\":\"Otras miradas a las obras de los autores ecuatorianos C\u00e9sar D\u00e1vila, Medardo \u00c1ngel Silva y Sonia Manzano\",\"datePublished\":\"2021-12-07T00:00:00+00:00\",\"dateModified\":\"2024-07-04T16:25:00+00:00\",\"mainEntityOfPage\":{\"@id\":\"https:\\\/\\\/www.uartes.edu.ec\\\/sitio\\\/blog\\\/2021\\\/12\\\/06\\\/obra-de-autores-ecuatorianos-con-otras-miradas\\\/\"},\"wordCount\":648,\"commentCount\":0,\"publisher\":{\"@id\":\"https:\\\/\\\/www.uartes.edu.ec\\\/sitio\\\/#organization\"},\"image\":{\"@id\":\"https:\\\/\\\/www.uartes.edu.ec\\\/sitio\\\/blog\\\/2021\\\/12\\\/06\\\/obra-de-autores-ecuatorianos-con-otras-miradas\\\/#primaryimage\"},\"thumbnailUrl\":\"https:\\\/\\\/www.uartes.edu.ec\\\/sitio\\\/wp-content\\\/uploads\\\/2021\\\/12\\\/Charla-literatura-WEB.webp\",\"keywords\":[\"titulaci\u00f3n\"],\"articleSection\":[\"Docentes\",\"Estudiantes\",\"Investigaci\u00f3n\",\"Literatura\"],\"inLanguage\":\"es\",\"potentialAction\":[{\"@type\":\"CommentAction\",\"name\":\"Comment\",\"target\":[\"https:\\\/\\\/www.uartes.edu.ec\\\/sitio\\\/blog\\\/2021\\\/12\\\/06\\\/obra-de-autores-ecuatorianos-con-otras-miradas\\\/#respond\"]}]},{\"@type\":[\"WebPage\",\"ItemPage\"],\"@id\":\"https:\\\/\\\/www.uartes.edu.ec\\\/sitio\\\/blog\\\/2021\\\/12\\\/06\\\/obra-de-autores-ecuatorianos-con-otras-miradas\\\/\",\"url\":\"https:\\\/\\\/www.uartes.edu.ec\\\/sitio\\\/blog\\\/2021\\\/12\\\/06\\\/obra-de-autores-ecuatorianos-con-otras-miradas\\\/\",\"name\":\"Universidad de las Artes - Otras miradas a las obras de los autores ecuatorianos C\u00e9sar D\u00e1vila, Medardo \u00c1ngel Silva y Sonia Manzano\",\"isPartOf\":{\"@id\":\"https:\\\/\\\/www.uartes.edu.ec\\\/sitio\\\/#website\"},\"primaryImageOfPage\":{\"@id\":\"https:\\\/\\\/www.uartes.edu.ec\\\/sitio\\\/blog\\\/2021\\\/12\\\/06\\\/obra-de-autores-ecuatorianos-con-otras-miradas\\\/#primaryimage\"},\"image\":{\"@id\":\"https:\\\/\\\/www.uartes.edu.ec\\\/sitio\\\/blog\\\/2021\\\/12\\\/06\\\/obra-de-autores-ecuatorianos-con-otras-miradas\\\/#primaryimage\"},\"thumbnailUrl\":\"https:\\\/\\\/www.uartes.edu.ec\\\/sitio\\\/wp-content\\\/uploads\\\/2021\\\/12\\\/Charla-literatura-WEB.webp\",\"datePublished\":\"2021-12-07T00:00:00+00:00\",\"dateModified\":\"2024-07-04T16:25:00+00:00\",\"description\":\"Universidad de las Artes - Otras miradas a las obras de los autores ecuatorianos C\u00e9sar D\u00e1vila, Medardo \u00c1ngel Silva y Sonia Manzano\",\"breadcrumb\":{\"@id\":\"https:\\\/\\\/www.uartes.edu.ec\\\/sitio\\\/blog\\\/2021\\\/12\\\/06\\\/obra-de-autores-ecuatorianos-con-otras-miradas\\\/#breadcrumb\"},\"inLanguage\":\"es\",\"potentialAction\":[{\"@type\":\"ReadAction\",\"target\":[\"https:\\\/\\\/www.uartes.edu.ec\\\/sitio\\\/blog\\\/2021\\\/12\\\/06\\\/obra-de-autores-ecuatorianos-con-otras-miradas\\\/\"]}]},{\"@type\":\"ImageObject\",\"inLanguage\":\"es\",\"@id\":\"https:\\\/\\\/www.uartes.edu.ec\\\/sitio\\\/blog\\\/2021\\\/12\\\/06\\\/obra-de-autores-ecuatorianos-con-otras-miradas\\\/#primaryimage\",\"url\":\"https:\\\/\\\/www.uartes.edu.ec\\\/sitio\\\/wp-content\\\/uploads\\\/2021\\\/12\\\/Charla-literatura-WEB.webp\",\"contentUrl\":\"https:\\\/\\\/www.uartes.edu.ec\\\/sitio\\\/wp-content\\\/uploads\\\/2021\\\/12\\\/Charla-literatura-WEB.webp\",\"width\":2000,\"height\":1333},{\"@type\":\"BreadcrumbList\",\"@id\":\"https:\\\/\\\/www.uartes.edu.ec\\\/sitio\\\/blog\\\/2021\\\/12\\\/06\\\/obra-de-autores-ecuatorianos-con-otras-miradas\\\/#breadcrumb\",\"itemListElement\":[{\"@type\":\"ListItem\",\"position\":1,\"name\":\"Inicio\",\"item\":\"https:\\\/\\\/www.uartes.edu.ec\\\/sitio\\\/\"},{\"@type\":\"ListItem\",\"position\":2,\"name\":\"Otras miradas a las obras de los autores ecuatorianos C\u00e9sar D\u00e1vila, Medardo \u00c1ngel Silva y Sonia Manzano\"}]},{\"@type\":\"WebSite\",\"@id\":\"https:\\\/\\\/www.uartes.edu.ec\\\/sitio\\\/#website\",\"url\":\"https:\\\/\\\/www.uartes.edu.ec\\\/sitio\\\/\",\"name\":\"Universidad de las Artes\",\"description\":\"Sitio oficial de la Universidad Nacional de las Artes del Ecuador\",\"publisher\":{\"@id\":\"https:\\\/\\\/www.uartes.edu.ec\\\/sitio\\\/#organization\"},\"potentialAction\":[{\"@type\":\"SearchAction\",\"target\":{\"@type\":\"EntryPoint\",\"urlTemplate\":\"https:\\\/\\\/www.uartes.edu.ec\\\/sitio\\\/?s={search_term_string}\"},\"query-input\":{\"@type\":\"PropertyValueSpecification\",\"valueRequired\":true,\"valueName\":\"search_term_string\"}}],\"inLanguage\":\"es\"},{\"@type\":\"Organization\",\"@id\":\"https:\\\/\\\/www.uartes.edu.ec\\\/sitio\\\/#organization\",\"name\":\"Universidad de las Artes\",\"url\":\"https:\\\/\\\/www.uartes.edu.ec\\\/sitio\\\/\",\"logo\":{\"@type\":\"ImageObject\",\"inLanguage\":\"es\",\"@id\":\"https:\\\/\\\/www.uartes.edu.ec\\\/sitio\\\/#\\\/schema\\\/logo\\\/image\\\/\",\"url\":\"https:\\\/\\\/www.uartes.edu.ec\\\/sitio\\\/wp-content\\\/uploads\\\/2022\\\/07\\\/logo-ua-horizontal.png\",\"contentUrl\":\"https:\\\/\\\/www.uartes.edu.ec\\\/sitio\\\/wp-content\\\/uploads\\\/2022\\\/07\\\/logo-ua-horizontal.png\",\"width\":800,\"height\":276,\"caption\":\"Universidad de las Artes\"},\"image\":{\"@id\":\"https:\\\/\\\/www.uartes.edu.ec\\\/sitio\\\/#\\\/schema\\\/logo\\\/image\\\/\"},\"sameAs\":[\"https:\\\/\\\/www.facebook.com\\\/uartesec\",\"https:\\\/\\\/x.com\\\/uartesec\",\"https:\\\/\\\/www.tiktok.com\\\/@uartesec\"]},{\"@type\":\"Person\",\"@id\":\"https:\\\/\\\/www.uartes.edu.ec\\\/sitio\\\/#\\\/schema\\\/person\\\/efa1b8275797664fd7f13a79ccc0b1f4\",\"name\":\"ccortez\",\"image\":{\"@type\":\"ImageObject\",\"inLanguage\":\"es\",\"@id\":\"https:\\\/\\\/secure.gravatar.com\\\/avatar\\\/b2a6f664a3ae8e074346ef91775736c5ec479e637ecced6842de9dc98b5da9cd?s=96&d=mm&r=g\",\"url\":\"https:\\\/\\\/secure.gravatar.com\\\/avatar\\\/b2a6f664a3ae8e074346ef91775736c5ec479e637ecced6842de9dc98b5da9cd?s=96&d=mm&r=g\",\"contentUrl\":\"https:\\\/\\\/secure.gravatar.com\\\/avatar\\\/b2a6f664a3ae8e074346ef91775736c5ec479e637ecced6842de9dc98b5da9cd?s=96&d=mm&r=g\",\"caption\":\"ccortez\"},\"url\":\"https:\\\/\\\/www.uartes.edu.ec\\\/sitio\\\/blog\\\/author\\\/ccortez\\\/\"}]}<\/script>\n<!-- \/ Yoast SEO plugin. -->","yoast_head_json":{"title":"Universidad de las Artes - Otras miradas a las obras de los autores ecuatorianos C\u00e9sar D\u00e1vila, Medardo \u00c1ngel Silva y Sonia Manzano","description":"Universidad de las Artes - Otras miradas a las obras de los autores ecuatorianos C\u00e9sar D\u00e1vila, Medardo \u00c1ngel Silva y Sonia Manzano","robots":{"index":"index","follow":"follow","max-snippet":"max-snippet:-1","max-image-preview":"max-image-preview:large","max-video-preview":"max-video-preview:-1"},"canonical":"https:\/\/www.uartes.edu.ec\/sitio\/blog\/2021\/12\/06\/obra-de-autores-ecuatorianos-con-otras-miradas\/","og_locale":"es_ES","og_type":"article","og_title":"Universidad de las Artes - Otras miradas a las obras de los autores ecuatorianos C\u00e9sar D\u00e1vila, Medardo \u00c1ngel Silva y Sonia Manzano","og_description":"Universidad de las Artes - Otras miradas a las obras de los autores ecuatorianos C\u00e9sar D\u00e1vila, Medardo \u00c1ngel Silva y Sonia Manzano","og_url":"https:\/\/www.uartes.edu.ec\/sitio\/blog\/2021\/12\/06\/obra-de-autores-ecuatorianos-con-otras-miradas\/","og_site_name":"Universidad de las Artes","article_publisher":"https:\/\/www.facebook.com\/uartesec","article_published_time":"2021-12-07T00:00:00+00:00","article_modified_time":"2024-07-04T16:25:00+00:00","og_image":[{"width":2000,"height":1333,"url":"https:\/\/www.uartes.edu.ec\/sitio\/wp-content\/uploads\/2021\/12\/Charla-literatura-WEB.webp","type":"image\/webp"}],"author":"ccortez","twitter_card":"summary_large_image","twitter_creator":"@uartesec","twitter_site":"@uartesec","twitter_misc":{"Escrito por":"ccortez","Tiempo de lectura":"3 minutos"},"schema":{"@context":"https:\/\/schema.org","@graph":[{"@type":"Article","@id":"https:\/\/www.uartes.edu.ec\/sitio\/blog\/2021\/12\/06\/obra-de-autores-ecuatorianos-con-otras-miradas\/#article","isPartOf":{"@id":"https:\/\/www.uartes.edu.ec\/sitio\/blog\/2021\/12\/06\/obra-de-autores-ecuatorianos-con-otras-miradas\/"},"author":{"name":"ccortez","@id":"https:\/\/www.uartes.edu.ec\/sitio\/#\/schema\/person\/efa1b8275797664fd7f13a79ccc0b1f4"},"headline":"Otras miradas a las obras de los autores ecuatorianos C\u00e9sar D\u00e1vila, Medardo \u00c1ngel Silva y Sonia Manzano","datePublished":"2021-12-07T00:00:00+00:00","dateModified":"2024-07-04T16:25:00+00:00","mainEntityOfPage":{"@id":"https:\/\/www.uartes.edu.ec\/sitio\/blog\/2021\/12\/06\/obra-de-autores-ecuatorianos-con-otras-miradas\/"},"wordCount":648,"commentCount":0,"publisher":{"@id":"https:\/\/www.uartes.edu.ec\/sitio\/#organization"},"image":{"@id":"https:\/\/www.uartes.edu.ec\/sitio\/blog\/2021\/12\/06\/obra-de-autores-ecuatorianos-con-otras-miradas\/#primaryimage"},"thumbnailUrl":"https:\/\/www.uartes.edu.ec\/sitio\/wp-content\/uploads\/2021\/12\/Charla-literatura-WEB.webp","keywords":["titulaci\u00f3n"],"articleSection":["Docentes","Estudiantes","Investigaci\u00f3n","Literatura"],"inLanguage":"es","potentialAction":[{"@type":"CommentAction","name":"Comment","target":["https:\/\/www.uartes.edu.ec\/sitio\/blog\/2021\/12\/06\/obra-de-autores-ecuatorianos-con-otras-miradas\/#respond"]}]},{"@type":["WebPage","ItemPage"],"@id":"https:\/\/www.uartes.edu.ec\/sitio\/blog\/2021\/12\/06\/obra-de-autores-ecuatorianos-con-otras-miradas\/","url":"https:\/\/www.uartes.edu.ec\/sitio\/blog\/2021\/12\/06\/obra-de-autores-ecuatorianos-con-otras-miradas\/","name":"Universidad de las Artes - Otras miradas a las obras de los autores ecuatorianos C\u00e9sar D\u00e1vila, Medardo \u00c1ngel Silva y Sonia Manzano","isPartOf":{"@id":"https:\/\/www.uartes.edu.ec\/sitio\/#website"},"primaryImageOfPage":{"@id":"https:\/\/www.uartes.edu.ec\/sitio\/blog\/2021\/12\/06\/obra-de-autores-ecuatorianos-con-otras-miradas\/#primaryimage"},"image":{"@id":"https:\/\/www.uartes.edu.ec\/sitio\/blog\/2021\/12\/06\/obra-de-autores-ecuatorianos-con-otras-miradas\/#primaryimage"},"thumbnailUrl":"https:\/\/www.uartes.edu.ec\/sitio\/wp-content\/uploads\/2021\/12\/Charla-literatura-WEB.webp","datePublished":"2021-12-07T00:00:00+00:00","dateModified":"2024-07-04T16:25:00+00:00","description":"Universidad de las Artes - Otras miradas a las obras de los autores ecuatorianos C\u00e9sar D\u00e1vila, Medardo \u00c1ngel Silva y Sonia Manzano","breadcrumb":{"@id":"https:\/\/www.uartes.edu.ec\/sitio\/blog\/2021\/12\/06\/obra-de-autores-ecuatorianos-con-otras-miradas\/#breadcrumb"},"inLanguage":"es","potentialAction":[{"@type":"ReadAction","target":["https:\/\/www.uartes.edu.ec\/sitio\/blog\/2021\/12\/06\/obra-de-autores-ecuatorianos-con-otras-miradas\/"]}]},{"@type":"ImageObject","inLanguage":"es","@id":"https:\/\/www.uartes.edu.ec\/sitio\/blog\/2021\/12\/06\/obra-de-autores-ecuatorianos-con-otras-miradas\/#primaryimage","url":"https:\/\/www.uartes.edu.ec\/sitio\/wp-content\/uploads\/2021\/12\/Charla-literatura-WEB.webp","contentUrl":"https:\/\/www.uartes.edu.ec\/sitio\/wp-content\/uploads\/2021\/12\/Charla-literatura-WEB.webp","width":2000,"height":1333},{"@type":"BreadcrumbList","@id":"https:\/\/www.uartes.edu.ec\/sitio\/blog\/2021\/12\/06\/obra-de-autores-ecuatorianos-con-otras-miradas\/#breadcrumb","itemListElement":[{"@type":"ListItem","position":1,"name":"Inicio","item":"https:\/\/www.uartes.edu.ec\/sitio\/"},{"@type":"ListItem","position":2,"name":"Otras miradas a las obras de los autores ecuatorianos C\u00e9sar D\u00e1vila, Medardo \u00c1ngel Silva y Sonia Manzano"}]},{"@type":"WebSite","@id":"https:\/\/www.uartes.edu.ec\/sitio\/#website","url":"https:\/\/www.uartes.edu.ec\/sitio\/","name":"Universidad de las Artes","description":"Sitio oficial de la Universidad Nacional de las Artes del Ecuador","publisher":{"@id":"https:\/\/www.uartes.edu.ec\/sitio\/#organization"},"potentialAction":[{"@type":"SearchAction","target":{"@type":"EntryPoint","urlTemplate":"https:\/\/www.uartes.edu.ec\/sitio\/?s={search_term_string}"},"query-input":{"@type":"PropertyValueSpecification","valueRequired":true,"valueName":"search_term_string"}}],"inLanguage":"es"},{"@type":"Organization","@id":"https:\/\/www.uartes.edu.ec\/sitio\/#organization","name":"Universidad de las Artes","url":"https:\/\/www.uartes.edu.ec\/sitio\/","logo":{"@type":"ImageObject","inLanguage":"es","@id":"https:\/\/www.uartes.edu.ec\/sitio\/#\/schema\/logo\/image\/","url":"https:\/\/www.uartes.edu.ec\/sitio\/wp-content\/uploads\/2022\/07\/logo-ua-horizontal.png","contentUrl":"https:\/\/www.uartes.edu.ec\/sitio\/wp-content\/uploads\/2022\/07\/logo-ua-horizontal.png","width":800,"height":276,"caption":"Universidad de las Artes"},"image":{"@id":"https:\/\/www.uartes.edu.ec\/sitio\/#\/schema\/logo\/image\/"},"sameAs":["https:\/\/www.facebook.com\/uartesec","https:\/\/x.com\/uartesec","https:\/\/www.tiktok.com\/@uartesec"]},{"@type":"Person","@id":"https:\/\/www.uartes.edu.ec\/sitio\/#\/schema\/person\/efa1b8275797664fd7f13a79ccc0b1f4","name":"ccortez","image":{"@type":"ImageObject","inLanguage":"es","@id":"https:\/\/secure.gravatar.com\/avatar\/b2a6f664a3ae8e074346ef91775736c5ec479e637ecced6842de9dc98b5da9cd?s=96&d=mm&r=g","url":"https:\/\/secure.gravatar.com\/avatar\/b2a6f664a3ae8e074346ef91775736c5ec479e637ecced6842de9dc98b5da9cd?s=96&d=mm&r=g","contentUrl":"https:\/\/secure.gravatar.com\/avatar\/b2a6f664a3ae8e074346ef91775736c5ec479e637ecced6842de9dc98b5da9cd?s=96&d=mm&r=g","caption":"ccortez"},"url":"https:\/\/www.uartes.edu.ec\/sitio\/blog\/author\/ccortez\/"}]}},"uagb_featured_image_src":{"full":["https:\/\/www.uartes.edu.ec\/sitio\/wp-content\/uploads\/2021\/12\/Charla-literatura-WEB.webp",2000,1333,false],"thumbnail":["https:\/\/www.uartes.edu.ec\/sitio\/wp-content\/uploads\/2021\/12\/Charla-literatura-WEB-150x150.webp",150,150,true],"medium":["https:\/\/www.uartes.edu.ec\/sitio\/wp-content\/uploads\/2021\/12\/Charla-literatura-WEB-300x200.webp",300,200,true],"medium_large":["https:\/\/www.uartes.edu.ec\/sitio\/wp-content\/uploads\/2021\/12\/Charla-literatura-WEB-768x512.webp",768,512,true],"large":["https:\/\/www.uartes.edu.ec\/sitio\/wp-content\/uploads\/2021\/12\/Charla-literatura-WEB-644x429.webp",644,429,true],"1536x1536":["https:\/\/www.uartes.edu.ec\/sitio\/wp-content\/uploads\/2021\/12\/Charla-literatura-WEB-1536x1024.webp",1536,1024,true],"2048x2048":["https:\/\/www.uartes.edu.ec\/sitio\/wp-content\/uploads\/2021\/12\/Charla-literatura-WEB.webp",2000,1333,false],"trp-custom-language-flag":["https:\/\/www.uartes.edu.ec\/sitio\/wp-content\/uploads\/2021\/12\/Charla-literatura-WEB.webp",18,12,false],"htmega_size_585x295":["https:\/\/www.uartes.edu.ec\/sitio\/wp-content\/uploads\/2021\/12\/Charla-literatura-WEB.webp",443,295,false],"htmega_size_1170x536":["https:\/\/www.uartes.edu.ec\/sitio\/wp-content\/uploads\/2021\/12\/Charla-literatura-WEB.webp",804,536,false],"htmega_size_396x360":["https:\/\/www.uartes.edu.ec\/sitio\/wp-content\/uploads\/2021\/12\/Charla-literatura-WEB.webp",396,264,false],"gb-block-post-grid-landscape":["https:\/\/www.uartes.edu.ec\/sitio\/wp-content\/uploads\/2021\/12\/Charla-literatura-WEB-600x400.webp",600,400,true],"gb-block-post-grid-square":["https:\/\/www.uartes.edu.ec\/sitio\/wp-content\/uploads\/2021\/12\/Charla-literatura-WEB-600x600.webp",600,600,true],"university-hub-thumb":["https:\/\/www.uartes.edu.ec\/sitio\/wp-content\/uploads\/2021\/12\/Charla-literatura-WEB-400x267.webp",400,267,true]},"uagb_author_info":{"display_name":"ccortez","author_link":"https:\/\/www.uartes.edu.ec\/sitio\/blog\/author\/ccortez\/"},"uagb_comment_info":0,"uagb_excerpt":"Zully Ord\u00f3\u00f1ez, egresada de la Escuela de Literatura de la UArtes, dio detalles de su investigaci\u00f3n sobre la creaci\u00f3n po\u00e9tica de C\u00e9sar D\u00e1vila Andrade y su trasfondo m\u00edstico. Tambi\u00e9n se escucharon los enfoques y perspectivas de las obras de Medardo \u00c1ngel Silva y Sonia Manzano, sustentados por Claudia Delgadillo y Alondra Lahuatte, respectivamente. Con ellas,&hellip;","featured_image_src":"https:\/\/www.uartes.edu.ec\/sitio\/wp-content\/uploads\/2021\/12\/Charla-literatura-WEB-600x400.webp","featured_image_src_square":"https:\/\/www.uartes.edu.ec\/sitio\/wp-content\/uploads\/2021\/12\/Charla-literatura-WEB-600x600.webp","author_info":{"display_name":"ccortez","author_link":"https:\/\/www.uartes.edu.ec\/sitio\/blog\/author\/ccortez\/"},"publishpress_future_workflow_manual_trigger":{"enabledWorkflows":[]},"distributor_meta":false,"distributor_terms":false,"distributor_media":false,"distributor_original_site_name":"Universidad de las Artes","distributor_original_site_url":"https:\/\/www.uartes.edu.ec\/sitio","push-errors":false,"_links":{"self":[{"href":"https:\/\/www.uartes.edu.ec\/sitio\/wp-json\/wp\/v2\/posts\/17420","targetHints":{"allow":["GET"]}}],"collection":[{"href":"https:\/\/www.uartes.edu.ec\/sitio\/wp-json\/wp\/v2\/posts"}],"about":[{"href":"https:\/\/www.uartes.edu.ec\/sitio\/wp-json\/wp\/v2\/types\/post"}],"author":[{"embeddable":true,"href":"https:\/\/www.uartes.edu.ec\/sitio\/wp-json\/wp\/v2\/users\/10"}],"replies":[{"embeddable":true,"href":"https:\/\/www.uartes.edu.ec\/sitio\/wp-json\/wp\/v2\/comments?post=17420"}],"version-history":[{"count":2,"href":"https:\/\/www.uartes.edu.ec\/sitio\/wp-json\/wp\/v2\/posts\/17420\/revisions"}],"predecessor-version":[{"id":18238,"href":"https:\/\/www.uartes.edu.ec\/sitio\/wp-json\/wp\/v2\/posts\/17420\/revisions\/18238"}],"wp:featuredmedia":[{"embeddable":true,"href":"https:\/\/www.uartes.edu.ec\/sitio\/wp-json\/wp\/v2\/media\/17421"}],"wp:attachment":[{"href":"https:\/\/www.uartes.edu.ec\/sitio\/wp-json\/wp\/v2\/media?parent=17420"}],"wp:term":[{"taxonomy":"category","embeddable":true,"href":"https:\/\/www.uartes.edu.ec\/sitio\/wp-json\/wp\/v2\/categories?post=17420"},{"taxonomy":"post_tag","embeddable":true,"href":"https:\/\/www.uartes.edu.ec\/sitio\/wp-json\/wp\/v2\/tags?post=17420"},{"taxonomy":"infouartes","embeddable":true,"href":"https:\/\/www.uartes.edu.ec\/sitio\/wp-json\/wp\/v2\/infouartes?post=17420"}],"curies":[{"name":"wp","href":"https:\/\/api.w.org\/{rel}","templated":true}]}}