{"id":1760,"date":"2018-08-30T16:20:25","date_gmt":"2018-08-30T21:20:25","guid":{"rendered":"http:\/\/www.uartes.edu.ec\/infouartes\/?p=1760"},"modified":"2024-07-04T11:53:45","modified_gmt":"2024-07-04T16:53:45","slug":"luis-perez-valero-presente-en-el-x-congreso-ecuatoriano-de-historia","status":"publish","type":"post","link":"https:\/\/www.uartes.edu.ec\/sitio\/blog\/2018\/08\/30\/luis-perez-valero-presente-en-el-x-congreso-ecuatoriano-de-historia\/","title":{"rendered":"Luis P\u00e9rez Valero presente en el X Congreso Ecuatoriano de Historia"},"content":{"rendered":"<p>Luis P\u00e9rez Valero, docente e investigador de la Universidad de las Artes del Ecuador, participar\u00e1 en el X Congreso Ecuatoriano de Historia 2018 a realizarse en la Universidad de Cuenca, del 24 al 26 de octubre.<\/p>\n<p>Dentro de las mesas de trabajo, P\u00e9rez Valero presentar\u00e1 un avance de su tesis doctoral titulada <strong>Sonoridad vocal de la m\u00fasica tropical: el constructo de lo femenino en la producci\u00f3n discogr\u00e1fica de Xavier Cugat (1933-1940)<\/strong>.<\/p>\n<p>El presente avance de investigaci\u00f3n aborda la elaboraci\u00f3n de lo tropical, tomando como punto de partida la trayectoria hist\u00f3rica de la figura de la mujer en las primeras grabaciones de m\u00fasica tropical desde la producci\u00f3n discogr\u00e1fica de Xavier Cugat, entre los a\u00f1os 1933 y 1940. Se parte de la teor\u00eda de los discursos multimodales para acercarnos, a nivel metodol\u00f3gico desde la musicolog\u00eda popular, a la identificaci\u00f3n estil\u00edstica y cualidades de producci\u00f3n musical que determinar\u00edan un imaginario de la figura de la mujer y en la sonoridad vocal femenina. En la presente ponencia se devela la presencia de cantantes como Carmen Castillo, Dinah Shore, Chacha Aguilar, Alice Corner, Charito, Loretta Clemens y Lina Romay.<\/p>\n<p>Dentro de las conclusiones parciales que P\u00e9rez Valero presentar\u00e1 en el congreso est\u00e1 vislumbrar el proceso de selecci\u00f3n y depuraci\u00f3n estil\u00edstica de la voz femenina en la m\u00fasica tropical hasta lograr una sonoridad adecuada tanto para el estilo de m\u00fasica como para las audiencias de la sociedad norteamericana de los a\u00f1os en estudio.<\/p>\n<p><strong>Sobre el autor<\/strong><\/p>\n<p><a href=\"http:\/\/www.uartes.edu.ec\/Luis-Perez-Valero-compositor-musicologo-y-docente-de-la-UArtes.php\">Luis P\u00e9rez Valero<\/a>\u00a0es docente de la Escuela de Artes Sonoras de la Universidad de las Artes, donde se desempe\u00f1a como docente investigador en el Departamento de Producci\u00f3n Musical. Ha publicado cerca de treinta obras para diversos formatos en los Estados Unidos y est\u00e1 considerado como uno de los compositores m\u00e1s prol\u00edficos de su generaci\u00f3n. Recientemente acaba de publicar un art\u00edculo indexado en la revista argentina <a href=\"http:\/\/ppct.caicyt.gov.ar\/index.php\/oidopensante\/issue\/view\/775\"><em>El O\u00eddo Pensante<\/em><\/a>.<\/p>\n","protected":false},"excerpt":{"rendered":"<p>Luis P\u00e9rez Valero, docente e investigador de la Universidad de las Artes del Ecuador, participar\u00e1 en el X Congreso Ecuatoriano de Historia 2018 a realizarse en la Universidad de Cuenca, del 24 al 26 de octubre. Dentro de las mesas de trabajo, P\u00e9rez Valero presentar\u00e1 un avance de su tesis doctoral titulada Sonoridad vocal de [&hellip;]<\/p>\n","protected":false},"author":1,"featured_media":1761,"comment_status":"closed","ping_status":"closed","sticky":false,"template":"","format":"standard","meta":{"_acf_changed":false,"_uag_custom_page_level_css":"","_monsterinsights_skip_tracking":false,"_monsterinsights_sitenote_active":false,"_monsterinsights_sitenote_note":"","_monsterinsights_sitenote_category":0,"cybocfi_hide_featured_image":"","footnotes":""},"categories":[75],"tags":[],"infouartes":[],"class_list":["post-1760","post","type-post","status-publish","format-standard","has-post-thumbnail","hentry","category-docentes"],"acf":[],"yoast_head":"<!-- This site is optimized with the Yoast SEO plugin v27.4 - https:\/\/yoast.com\/product\/yoast-seo-wordpress\/ -->\n<title>Universidad de las Artes - Luis P\u00e9rez Valero presente en el X Congreso Ecuatoriano de Historia<\/title>\n<meta name=\"description\" content=\"Universidad de las Artes - Luis P\u00e9rez Valero presente en el X Congreso Ecuatoriano de Historia\" \/>\n<meta name=\"robots\" content=\"index, follow, max-snippet:-1, max-image-preview:large, max-video-preview:-1\" \/>\n<link rel=\"canonical\" href=\"https:\/\/www.uartes.edu.ec\/sitio\/blog\/2018\/08\/30\/luis-perez-valero-presente-en-el-x-congreso-ecuatoriano-de-historia\/\" \/>\n<meta property=\"og:locale\" content=\"es_ES\" \/>\n<meta property=\"og:type\" content=\"article\" \/>\n<meta property=\"og:title\" content=\"Universidad de las Artes - Luis P\u00e9rez Valero presente en el X Congreso Ecuatoriano de Historia\" \/>\n<meta property=\"og:description\" content=\"Universidad de las Artes - Luis P\u00e9rez Valero presente en el X Congreso Ecuatoriano de Historia\" \/>\n<meta property=\"og:url\" content=\"https:\/\/www.uartes.edu.ec\/sitio\/blog\/2018\/08\/30\/luis-perez-valero-presente-en-el-x-congreso-ecuatoriano-de-historia\/\" \/>\n<meta property=\"og:site_name\" content=\"Universidad de las Artes\" \/>\n<meta property=\"article:publisher\" content=\"https:\/\/www.facebook.com\/uartesec\" \/>\n<meta property=\"article:published_time\" content=\"2018-08-30T21:20:25+00:00\" \/>\n<meta property=\"article:modified_time\" content=\"2024-07-04T16:53:45+00:00\" \/>\n<meta name=\"author\" content=\"Universidad de las Artes\" \/>\n<meta name=\"twitter:card\" content=\"summary_large_image\" \/>\n<meta name=\"twitter:creator\" content=\"@uartesec\" \/>\n<meta name=\"twitter:site\" content=\"@uartesec\" \/>\n<meta name=\"twitter:label1\" content=\"Escrito por\" \/>\n\t<meta name=\"twitter:data1\" content=\"Universidad de las Artes\" \/>\n\t<meta name=\"twitter:label2\" content=\"Tiempo de lectura\" \/>\n\t<meta name=\"twitter:data2\" content=\"2 minutos\" \/>\n<script type=\"application\/ld+json\" class=\"yoast-schema-graph\">{\"@context\":\"https:\\\/\\\/schema.org\",\"@graph\":[{\"@type\":\"Article\",\"@id\":\"https:\\\/\\\/www.uartes.edu.ec\\\/sitio\\\/blog\\\/2018\\\/08\\\/30\\\/luis-perez-valero-presente-en-el-x-congreso-ecuatoriano-de-historia\\\/#article\",\"isPartOf\":{\"@id\":\"https:\\\/\\\/www.uartes.edu.ec\\\/sitio\\\/blog\\\/2018\\\/08\\\/30\\\/luis-perez-valero-presente-en-el-x-congreso-ecuatoriano-de-historia\\\/\"},\"author\":{\"name\":\"Universidad de las Artes\",\"@id\":\"https:\\\/\\\/www.uartes.edu.ec\\\/sitio\\\/#\\\/schema\\\/person\\\/f33f8c1d2af0d5c80a38c8abf458184a\"},\"headline\":\"Luis P\u00e9rez Valero presente en el X Congreso Ecuatoriano de Historia\",\"datePublished\":\"2018-08-30T21:20:25+00:00\",\"dateModified\":\"2024-07-04T16:53:45+00:00\",\"mainEntityOfPage\":{\"@id\":\"https:\\\/\\\/www.uartes.edu.ec\\\/sitio\\\/blog\\\/2018\\\/08\\\/30\\\/luis-perez-valero-presente-en-el-x-congreso-ecuatoriano-de-historia\\\/\"},\"wordCount\":350,\"publisher\":{\"@id\":\"https:\\\/\\\/www.uartes.edu.ec\\\/sitio\\\/#organization\"},\"image\":{\"@id\":\"https:\\\/\\\/www.uartes.edu.ec\\\/sitio\\\/blog\\\/2018\\\/08\\\/30\\\/luis-perez-valero-presente-en-el-x-congreso-ecuatoriano-de-historia\\\/#primaryimage\"},\"thumbnailUrl\":\"\",\"articleSection\":[\"Docentes\"],\"inLanguage\":\"es\"},{\"@type\":[\"WebPage\",\"ItemPage\"],\"@id\":\"https:\\\/\\\/www.uartes.edu.ec\\\/sitio\\\/blog\\\/2018\\\/08\\\/30\\\/luis-perez-valero-presente-en-el-x-congreso-ecuatoriano-de-historia\\\/\",\"url\":\"https:\\\/\\\/www.uartes.edu.ec\\\/sitio\\\/blog\\\/2018\\\/08\\\/30\\\/luis-perez-valero-presente-en-el-x-congreso-ecuatoriano-de-historia\\\/\",\"name\":\"Universidad de las Artes - Luis P\u00e9rez Valero presente en el X Congreso Ecuatoriano de Historia\",\"isPartOf\":{\"@id\":\"https:\\\/\\\/www.uartes.edu.ec\\\/sitio\\\/#website\"},\"primaryImageOfPage\":{\"@id\":\"https:\\\/\\\/www.uartes.edu.ec\\\/sitio\\\/blog\\\/2018\\\/08\\\/30\\\/luis-perez-valero-presente-en-el-x-congreso-ecuatoriano-de-historia\\\/#primaryimage\"},\"image\":{\"@id\":\"https:\\\/\\\/www.uartes.edu.ec\\\/sitio\\\/blog\\\/2018\\\/08\\\/30\\\/luis-perez-valero-presente-en-el-x-congreso-ecuatoriano-de-historia\\\/#primaryimage\"},\"thumbnailUrl\":\"\",\"datePublished\":\"2018-08-30T21:20:25+00:00\",\"dateModified\":\"2024-07-04T16:53:45+00:00\",\"description\":\"Universidad de las Artes - Luis P\u00e9rez Valero presente en el X Congreso Ecuatoriano de Historia\",\"breadcrumb\":{\"@id\":\"https:\\\/\\\/www.uartes.edu.ec\\\/sitio\\\/blog\\\/2018\\\/08\\\/30\\\/luis-perez-valero-presente-en-el-x-congreso-ecuatoriano-de-historia\\\/#breadcrumb\"},\"inLanguage\":\"es\",\"potentialAction\":[{\"@type\":\"ReadAction\",\"target\":[\"https:\\\/\\\/www.uartes.edu.ec\\\/sitio\\\/blog\\\/2018\\\/08\\\/30\\\/luis-perez-valero-presente-en-el-x-congreso-ecuatoriano-de-historia\\\/\"]}]},{\"@type\":\"ImageObject\",\"inLanguage\":\"es\",\"@id\":\"https:\\\/\\\/www.uartes.edu.ec\\\/sitio\\\/blog\\\/2018\\\/08\\\/30\\\/luis-perez-valero-presente-en-el-x-congreso-ecuatoriano-de-historia\\\/#primaryimage\",\"url\":\"\",\"contentUrl\":\"\"},{\"@type\":\"BreadcrumbList\",\"@id\":\"https:\\\/\\\/www.uartes.edu.ec\\\/sitio\\\/blog\\\/2018\\\/08\\\/30\\\/luis-perez-valero-presente-en-el-x-congreso-ecuatoriano-de-historia\\\/#breadcrumb\",\"itemListElement\":[{\"@type\":\"ListItem\",\"position\":1,\"name\":\"Inicio\",\"item\":\"https:\\\/\\\/www.uartes.edu.ec\\\/sitio\\\/\"},{\"@type\":\"ListItem\",\"position\":2,\"name\":\"Luis P\u00e9rez Valero presente en el X Congreso Ecuatoriano de Historia\"}]},{\"@type\":\"WebSite\",\"@id\":\"https:\\\/\\\/www.uartes.edu.ec\\\/sitio\\\/#website\",\"url\":\"https:\\\/\\\/www.uartes.edu.ec\\\/sitio\\\/\",\"name\":\"Universidad de las Artes\",\"description\":\"Sitio oficial de la Universidad Nacional de las Artes del Ecuador\",\"publisher\":{\"@id\":\"https:\\\/\\\/www.uartes.edu.ec\\\/sitio\\\/#organization\"},\"potentialAction\":[{\"@type\":\"SearchAction\",\"target\":{\"@type\":\"EntryPoint\",\"urlTemplate\":\"https:\\\/\\\/www.uartes.edu.ec\\\/sitio\\\/?s={search_term_string}\"},\"query-input\":{\"@type\":\"PropertyValueSpecification\",\"valueRequired\":true,\"valueName\":\"search_term_string\"}}],\"inLanguage\":\"es\"},{\"@type\":\"Organization\",\"@id\":\"https:\\\/\\\/www.uartes.edu.ec\\\/sitio\\\/#organization\",\"name\":\"Universidad de las Artes\",\"url\":\"https:\\\/\\\/www.uartes.edu.ec\\\/sitio\\\/\",\"logo\":{\"@type\":\"ImageObject\",\"inLanguage\":\"es\",\"@id\":\"https:\\\/\\\/www.uartes.edu.ec\\\/sitio\\\/#\\\/schema\\\/logo\\\/image\\\/\",\"url\":\"https:\\\/\\\/www.uartes.edu.ec\\\/sitio\\\/wp-content\\\/uploads\\\/2022\\\/07\\\/logo-ua-horizontal.png\",\"contentUrl\":\"https:\\\/\\\/www.uartes.edu.ec\\\/sitio\\\/wp-content\\\/uploads\\\/2022\\\/07\\\/logo-ua-horizontal.png\",\"width\":800,\"height\":276,\"caption\":\"Universidad de las Artes\"},\"image\":{\"@id\":\"https:\\\/\\\/www.uartes.edu.ec\\\/sitio\\\/#\\\/schema\\\/logo\\\/image\\\/\"},\"sameAs\":[\"https:\\\/\\\/www.facebook.com\\\/uartesec\",\"https:\\\/\\\/x.com\\\/uartesec\",\"https:\\\/\\\/www.tiktok.com\\\/@uartesec\"]},{\"@type\":\"Person\",\"@id\":\"https:\\\/\\\/www.uartes.edu.ec\\\/sitio\\\/#\\\/schema\\\/person\\\/f33f8c1d2af0d5c80a38c8abf458184a\",\"name\":\"Universidad de las Artes\",\"image\":{\"@type\":\"ImageObject\",\"inLanguage\":\"es\",\"@id\":\"https:\\\/\\\/secure.gravatar.com\\\/avatar\\\/52e4757902f5cfa5ac52d020e5be83cae5487519154b6c35482fe08d589f3c13?s=96&d=mm&r=g\",\"url\":\"https:\\\/\\\/secure.gravatar.com\\\/avatar\\\/52e4757902f5cfa5ac52d020e5be83cae5487519154b6c35482fe08d589f3c13?s=96&d=mm&r=g\",\"contentUrl\":\"https:\\\/\\\/secure.gravatar.com\\\/avatar\\\/52e4757902f5cfa5ac52d020e5be83cae5487519154b6c35482fe08d589f3c13?s=96&d=mm&r=g\",\"caption\":\"Universidad de las Artes\"},\"url\":\"https:\\\/\\\/www.uartes.edu.ec\\\/sitio\\\/blog\\\/author\\\/dircomadm\\\/\"}]}<\/script>\n<!-- \/ Yoast SEO plugin. -->","yoast_head_json":{"title":"Universidad de las Artes - Luis P\u00e9rez Valero presente en el X Congreso Ecuatoriano de Historia","description":"Universidad de las Artes - Luis P\u00e9rez Valero presente en el X Congreso Ecuatoriano de Historia","robots":{"index":"index","follow":"follow","max-snippet":"max-snippet:-1","max-image-preview":"max-image-preview:large","max-video-preview":"max-video-preview:-1"},"canonical":"https:\/\/www.uartes.edu.ec\/sitio\/blog\/2018\/08\/30\/luis-perez-valero-presente-en-el-x-congreso-ecuatoriano-de-historia\/","og_locale":"es_ES","og_type":"article","og_title":"Universidad de las Artes - Luis P\u00e9rez Valero presente en el X Congreso Ecuatoriano de Historia","og_description":"Universidad de las Artes - Luis P\u00e9rez Valero presente en el X Congreso Ecuatoriano de Historia","og_url":"https:\/\/www.uartes.edu.ec\/sitio\/blog\/2018\/08\/30\/luis-perez-valero-presente-en-el-x-congreso-ecuatoriano-de-historia\/","og_site_name":"Universidad de las Artes","article_publisher":"https:\/\/www.facebook.com\/uartesec","article_published_time":"2018-08-30T21:20:25+00:00","article_modified_time":"2024-07-04T16:53:45+00:00","author":"Universidad de las Artes","twitter_card":"summary_large_image","twitter_creator":"@uartesec","twitter_site":"@uartesec","twitter_misc":{"Escrito por":"Universidad de las Artes","Tiempo de lectura":"2 minutos"},"schema":{"@context":"https:\/\/schema.org","@graph":[{"@type":"Article","@id":"https:\/\/www.uartes.edu.ec\/sitio\/blog\/2018\/08\/30\/luis-perez-valero-presente-en-el-x-congreso-ecuatoriano-de-historia\/#article","isPartOf":{"@id":"https:\/\/www.uartes.edu.ec\/sitio\/blog\/2018\/08\/30\/luis-perez-valero-presente-en-el-x-congreso-ecuatoriano-de-historia\/"},"author":{"name":"Universidad de las Artes","@id":"https:\/\/www.uartes.edu.ec\/sitio\/#\/schema\/person\/f33f8c1d2af0d5c80a38c8abf458184a"},"headline":"Luis P\u00e9rez Valero presente en el X Congreso Ecuatoriano de Historia","datePublished":"2018-08-30T21:20:25+00:00","dateModified":"2024-07-04T16:53:45+00:00","mainEntityOfPage":{"@id":"https:\/\/www.uartes.edu.ec\/sitio\/blog\/2018\/08\/30\/luis-perez-valero-presente-en-el-x-congreso-ecuatoriano-de-historia\/"},"wordCount":350,"publisher":{"@id":"https:\/\/www.uartes.edu.ec\/sitio\/#organization"},"image":{"@id":"https:\/\/www.uartes.edu.ec\/sitio\/blog\/2018\/08\/30\/luis-perez-valero-presente-en-el-x-congreso-ecuatoriano-de-historia\/#primaryimage"},"thumbnailUrl":"","articleSection":["Docentes"],"inLanguage":"es"},{"@type":["WebPage","ItemPage"],"@id":"https:\/\/www.uartes.edu.ec\/sitio\/blog\/2018\/08\/30\/luis-perez-valero-presente-en-el-x-congreso-ecuatoriano-de-historia\/","url":"https:\/\/www.uartes.edu.ec\/sitio\/blog\/2018\/08\/30\/luis-perez-valero-presente-en-el-x-congreso-ecuatoriano-de-historia\/","name":"Universidad de las Artes - Luis P\u00e9rez Valero presente en el X Congreso Ecuatoriano de Historia","isPartOf":{"@id":"https:\/\/www.uartes.edu.ec\/sitio\/#website"},"primaryImageOfPage":{"@id":"https:\/\/www.uartes.edu.ec\/sitio\/blog\/2018\/08\/30\/luis-perez-valero-presente-en-el-x-congreso-ecuatoriano-de-historia\/#primaryimage"},"image":{"@id":"https:\/\/www.uartes.edu.ec\/sitio\/blog\/2018\/08\/30\/luis-perez-valero-presente-en-el-x-congreso-ecuatoriano-de-historia\/#primaryimage"},"thumbnailUrl":"","datePublished":"2018-08-30T21:20:25+00:00","dateModified":"2024-07-04T16:53:45+00:00","description":"Universidad de las Artes - Luis P\u00e9rez Valero presente en el X Congreso Ecuatoriano de Historia","breadcrumb":{"@id":"https:\/\/www.uartes.edu.ec\/sitio\/blog\/2018\/08\/30\/luis-perez-valero-presente-en-el-x-congreso-ecuatoriano-de-historia\/#breadcrumb"},"inLanguage":"es","potentialAction":[{"@type":"ReadAction","target":["https:\/\/www.uartes.edu.ec\/sitio\/blog\/2018\/08\/30\/luis-perez-valero-presente-en-el-x-congreso-ecuatoriano-de-historia\/"]}]},{"@type":"ImageObject","inLanguage":"es","@id":"https:\/\/www.uartes.edu.ec\/sitio\/blog\/2018\/08\/30\/luis-perez-valero-presente-en-el-x-congreso-ecuatoriano-de-historia\/#primaryimage","url":"","contentUrl":""},{"@type":"BreadcrumbList","@id":"https:\/\/www.uartes.edu.ec\/sitio\/blog\/2018\/08\/30\/luis-perez-valero-presente-en-el-x-congreso-ecuatoriano-de-historia\/#breadcrumb","itemListElement":[{"@type":"ListItem","position":1,"name":"Inicio","item":"https:\/\/www.uartes.edu.ec\/sitio\/"},{"@type":"ListItem","position":2,"name":"Luis P\u00e9rez Valero presente en el X Congreso Ecuatoriano de Historia"}]},{"@type":"WebSite","@id":"https:\/\/www.uartes.edu.ec\/sitio\/#website","url":"https:\/\/www.uartes.edu.ec\/sitio\/","name":"Universidad de las Artes","description":"Sitio oficial de la Universidad Nacional de las Artes del Ecuador","publisher":{"@id":"https:\/\/www.uartes.edu.ec\/sitio\/#organization"},"potentialAction":[{"@type":"SearchAction","target":{"@type":"EntryPoint","urlTemplate":"https:\/\/www.uartes.edu.ec\/sitio\/?s={search_term_string}"},"query-input":{"@type":"PropertyValueSpecification","valueRequired":true,"valueName":"search_term_string"}}],"inLanguage":"es"},{"@type":"Organization","@id":"https:\/\/www.uartes.edu.ec\/sitio\/#organization","name":"Universidad de las Artes","url":"https:\/\/www.uartes.edu.ec\/sitio\/","logo":{"@type":"ImageObject","inLanguage":"es","@id":"https:\/\/www.uartes.edu.ec\/sitio\/#\/schema\/logo\/image\/","url":"https:\/\/www.uartes.edu.ec\/sitio\/wp-content\/uploads\/2022\/07\/logo-ua-horizontal.png","contentUrl":"https:\/\/www.uartes.edu.ec\/sitio\/wp-content\/uploads\/2022\/07\/logo-ua-horizontal.png","width":800,"height":276,"caption":"Universidad de las Artes"},"image":{"@id":"https:\/\/www.uartes.edu.ec\/sitio\/#\/schema\/logo\/image\/"},"sameAs":["https:\/\/www.facebook.com\/uartesec","https:\/\/x.com\/uartesec","https:\/\/www.tiktok.com\/@uartesec"]},{"@type":"Person","@id":"https:\/\/www.uartes.edu.ec\/sitio\/#\/schema\/person\/f33f8c1d2af0d5c80a38c8abf458184a","name":"Universidad de las Artes","image":{"@type":"ImageObject","inLanguage":"es","@id":"https:\/\/secure.gravatar.com\/avatar\/52e4757902f5cfa5ac52d020e5be83cae5487519154b6c35482fe08d589f3c13?s=96&d=mm&r=g","url":"https:\/\/secure.gravatar.com\/avatar\/52e4757902f5cfa5ac52d020e5be83cae5487519154b6c35482fe08d589f3c13?s=96&d=mm&r=g","contentUrl":"https:\/\/secure.gravatar.com\/avatar\/52e4757902f5cfa5ac52d020e5be83cae5487519154b6c35482fe08d589f3c13?s=96&d=mm&r=g","caption":"Universidad de las Artes"},"url":"https:\/\/www.uartes.edu.ec\/sitio\/blog\/author\/dircomadm\/"}]}},"uagb_featured_image_src":{"full":false,"thumbnail":false,"medium":false,"medium_large":false,"large":false,"1536x1536":false,"2048x2048":false,"trp-custom-language-flag":false,"htmega_size_585x295":false,"htmega_size_1170x536":false,"htmega_size_396x360":false,"gb-block-post-grid-landscape":false,"gb-block-post-grid-square":false,"university-hub-thumb":false},"uagb_author_info":{"display_name":"Universidad de las Artes","author_link":"https:\/\/www.uartes.edu.ec\/sitio\/blog\/author\/dircomadm\/"},"uagb_comment_info":0,"uagb_excerpt":"Luis P\u00e9rez Valero, docente e investigador de la Universidad de las Artes del Ecuador, participar\u00e1 en el X Congreso Ecuatoriano de Historia 2018 a realizarse en la Universidad de Cuenca, del 24 al 26 de octubre. Dentro de las mesas de trabajo, P\u00e9rez Valero presentar\u00e1 un avance de su tesis doctoral titulada Sonoridad vocal de&hellip;","featured_image_src":null,"featured_image_src_square":null,"author_info":{"display_name":"Universidad de las Artes","author_link":"https:\/\/www.uartes.edu.ec\/sitio\/blog\/author\/dircomadm\/"},"publishpress_future_workflow_manual_trigger":{"enabledWorkflows":[]},"distributor_meta":false,"distributor_terms":false,"distributor_media":false,"distributor_original_site_name":"Universidad de las Artes","distributor_original_site_url":"https:\/\/www.uartes.edu.ec\/sitio","push-errors":false,"_links":{"self":[{"href":"https:\/\/www.uartes.edu.ec\/sitio\/wp-json\/wp\/v2\/posts\/1760","targetHints":{"allow":["GET"]}}],"collection":[{"href":"https:\/\/www.uartes.edu.ec\/sitio\/wp-json\/wp\/v2\/posts"}],"about":[{"href":"https:\/\/www.uartes.edu.ec\/sitio\/wp-json\/wp\/v2\/types\/post"}],"author":[{"embeddable":true,"href":"https:\/\/www.uartes.edu.ec\/sitio\/wp-json\/wp\/v2\/users\/1"}],"replies":[{"embeddable":true,"href":"https:\/\/www.uartes.edu.ec\/sitio\/wp-json\/wp\/v2\/comments?post=1760"}],"version-history":[{"count":1,"href":"https:\/\/www.uartes.edu.ec\/sitio\/wp-json\/wp\/v2\/posts\/1760\/revisions"}],"predecessor-version":[{"id":3339,"href":"https:\/\/www.uartes.edu.ec\/sitio\/wp-json\/wp\/v2\/posts\/1760\/revisions\/3339"}],"wp:featuredmedia":[{"embeddable":true,"href":"https:\/\/www.uartes.edu.ec\/sitio\/wp-json\/"}],"wp:attachment":[{"href":"https:\/\/www.uartes.edu.ec\/sitio\/wp-json\/wp\/v2\/media?parent=1760"}],"wp:term":[{"taxonomy":"category","embeddable":true,"href":"https:\/\/www.uartes.edu.ec\/sitio\/wp-json\/wp\/v2\/categories?post=1760"},{"taxonomy":"post_tag","embeddable":true,"href":"https:\/\/www.uartes.edu.ec\/sitio\/wp-json\/wp\/v2\/tags?post=1760"},{"taxonomy":"infouartes","embeddable":true,"href":"https:\/\/www.uartes.edu.ec\/sitio\/wp-json\/wp\/v2\/infouartes?post=1760"}],"curies":[{"name":"wp","href":"https:\/\/api.w.org\/{rel}","templated":true}]}}