{"id":1763,"date":"2018-08-31T16:55:27","date_gmt":"2018-08-31T21:55:27","guid":{"rendered":"http:\/\/www.uartes.edu.ec\/infouartes\/?p=1763"},"modified":"2024-07-04T11:53:45","modified_gmt":"2024-07-04T16:53:45","slug":"ganadores-del-primer-concurso-de-cuentos-libre-libro-2018","status":"publish","type":"post","link":"https:\/\/www.uartes.edu.ec\/sitio\/blog\/2018\/08\/31\/ganadores-del-primer-concurso-de-cuentos-libre-libro-2018\/","title":{"rendered":"Ganadores del Primer Concurso de Cuentos Libre Libro 2018"},"content":{"rendered":"<p>La Escuela de Literatura de la Universidad de las Artes del Ecuador anuncia a los ganadores del Primer Concurso Nacional de Cuentos, Libre Libro 2018, que <a href=\"http:\/\/www.uartes.edu.ec\/descargables\/libre-libro\/PrimerConcursoNacionaldelCuentoLibreLibro2018.pdf\">fue convocado<\/a> para estudiantes de pregrado del pa\u00eds el pasado mes de junio. La premiaci\u00f3n de los ganadores se realizar\u00e1 en la inauguraci\u00f3n de Libre Libro 2018, el pr\u00f3ximo 23 de octubre.<\/p>\n<p>Los ganadores son<\/p>\n<p><strong>Primer lugar:<\/strong><br \/>\nCuento: Las \u00faltimas flores<br \/>\nSeud\u00f3nimo: Nancy Cruz<br \/>\nJefferson Meza Bernal, estudiante de la Universidad de las Artes.<\/p>\n<p><strong>Segundo lugar:<\/strong><br \/>\nCuento: La palabra olvido<br \/>\nSeud\u00f3nimo: M. Fern\u00e1ndez de Santa Cruz<br \/>\nJenniffer Zambrano Valarezo, estudiante de la Universidad de las Artes<\/p>\n<p><strong>Tercer lugar:<\/strong><br \/>\nCuento: Bolero en todas las aceras<br \/>\nSeud\u00f3nimo: Diego<br \/>\nDiego Salazar Vieira, estudiante de la Universidad del Azuay<\/p>\n<p>El jurado estuvo conformado por Miguel Antonio Ch\u00e1vez, Ver\u00f3nica Coello y Jorge Martillo. En esta primera convocatoria del Concurso de Cuentos participaron 78 trabajos de estudiantes, inscritos en diferentes Universidades de pregrado del Ecuador.<\/p>\n<p>Los ganadores recibir\u00e1n un premio de 700 d\u00f3lares, primer lugar, 400 d\u00f3lares, segundo lugar, y el tercer lugar recibir\u00e1 200 d\u00f3lares. Adem\u00e1s, los alumnos del Taller de edici\u00f3n y creaci\u00f3n, <em>El hipop\u00f3tamo<\/em>, de la carrera de Literatura, editar\u00e1n un libro compuesto por las obras ganadoras y los siete finalistas.<\/p>\n<p><a href=\"http:\/\/www.uartes.edu.ec\/descargables\/interactos\/2018\/2018_ganadores_concurso.pdf\">Conoce el acta<\/a> del jurado y a los siete finalistas.<\/p>\n<p>Para m\u00e1s informaci\u00f3n escribir a: <a href=\"mailto:librelibro@uartes.edu.ec\">librelibro@uartes.edu.ec<\/a><\/p>\n","protected":false},"excerpt":{"rendered":"<p>La Escuela de Literatura de la Universidad de las Artes del Ecuador anuncia a los ganadores del Primer Concurso Nacional de Cuentos, Libre Libro 2018, que fue convocado para estudiantes de pregrado del pa\u00eds el pasado mes de junio. La premiaci\u00f3n de los ganadores se realizar\u00e1 en la inauguraci\u00f3n de Libre Libro 2018, el pr\u00f3ximo [&hellip;]<\/p>\n","protected":false},"author":1,"featured_media":1764,"comment_status":"closed","ping_status":"open","sticky":false,"template":"","format":"standard","meta":{"_acf_changed":false,"_uag_custom_page_level_css":"","_monsterinsights_skip_tracking":false,"_monsterinsights_sitenote_active":false,"_monsterinsights_sitenote_note":"","_monsterinsights_sitenote_category":0,"cybocfi_hide_featured_image":"","footnotes":""},"categories":[82],"tags":[],"infouartes":[],"class_list":["post-1763","post","type-post","status-publish","format-standard","has-post-thumbnail","hentry","category-artes"],"acf":[],"yoast_head":"<!-- This site is optimized with the Yoast SEO plugin v27.4 - https:\/\/yoast.com\/product\/yoast-seo-wordpress\/ -->\n<title>Universidad de las Artes - Ganadores del Primer Concurso de Cuentos Libre Libro 2018<\/title>\n<meta name=\"description\" content=\"Universidad de las Artes - Ganadores del Primer Concurso de Cuentos Libre Libro 2018\" \/>\n<meta name=\"robots\" content=\"index, follow, max-snippet:-1, max-image-preview:large, max-video-preview:-1\" \/>\n<link rel=\"canonical\" href=\"https:\/\/www.uartes.edu.ec\/sitio\/blog\/2018\/08\/31\/ganadores-del-primer-concurso-de-cuentos-libre-libro-2018\/\" \/>\n<meta property=\"og:locale\" content=\"es_ES\" \/>\n<meta property=\"og:type\" content=\"article\" \/>\n<meta property=\"og:title\" content=\"Universidad de las Artes - Ganadores del Primer Concurso de Cuentos Libre Libro 2018\" \/>\n<meta property=\"og:description\" content=\"Universidad de las Artes - Ganadores del Primer Concurso de Cuentos Libre Libro 2018\" \/>\n<meta property=\"og:url\" content=\"https:\/\/www.uartes.edu.ec\/sitio\/blog\/2018\/08\/31\/ganadores-del-primer-concurso-de-cuentos-libre-libro-2018\/\" \/>\n<meta property=\"og:site_name\" content=\"Universidad de las Artes\" \/>\n<meta property=\"article:publisher\" content=\"https:\/\/www.facebook.com\/uartesec\" \/>\n<meta property=\"article:published_time\" content=\"2018-08-31T21:55:27+00:00\" \/>\n<meta property=\"article:modified_time\" content=\"2024-07-04T16:53:45+00:00\" \/>\n<meta name=\"author\" content=\"Universidad de las Artes\" \/>\n<meta name=\"twitter:card\" content=\"summary_large_image\" \/>\n<meta name=\"twitter:creator\" content=\"@uartesec\" \/>\n<meta name=\"twitter:site\" content=\"@uartesec\" \/>\n<meta name=\"twitter:label1\" content=\"Escrito por\" \/>\n\t<meta name=\"twitter:data1\" content=\"Universidad de las Artes\" \/>\n\t<meta name=\"twitter:label2\" content=\"Tiempo de lectura\" \/>\n\t<meta name=\"twitter:data2\" content=\"1 minuto\" \/>\n<script type=\"application\/ld+json\" class=\"yoast-schema-graph\">{\"@context\":\"https:\\\/\\\/schema.org\",\"@graph\":[{\"@type\":\"Article\",\"@id\":\"https:\\\/\\\/www.uartes.edu.ec\\\/sitio\\\/blog\\\/2018\\\/08\\\/31\\\/ganadores-del-primer-concurso-de-cuentos-libre-libro-2018\\\/#article\",\"isPartOf\":{\"@id\":\"https:\\\/\\\/www.uartes.edu.ec\\\/sitio\\\/blog\\\/2018\\\/08\\\/31\\\/ganadores-del-primer-concurso-de-cuentos-libre-libro-2018\\\/\"},\"author\":{\"name\":\"Universidad de las Artes\",\"@id\":\"https:\\\/\\\/www.uartes.edu.ec\\\/sitio\\\/#\\\/schema\\\/person\\\/f33f8c1d2af0d5c80a38c8abf458184a\"},\"headline\":\"Ganadores del Primer Concurso de Cuentos Libre Libro 2018\",\"datePublished\":\"2018-08-31T21:55:27+00:00\",\"dateModified\":\"2024-07-04T16:53:45+00:00\",\"mainEntityOfPage\":{\"@id\":\"https:\\\/\\\/www.uartes.edu.ec\\\/sitio\\\/blog\\\/2018\\\/08\\\/31\\\/ganadores-del-primer-concurso-de-cuentos-libre-libro-2018\\\/\"},\"wordCount\":245,\"publisher\":{\"@id\":\"https:\\\/\\\/www.uartes.edu.ec\\\/sitio\\\/#organization\"},\"image\":{\"@id\":\"https:\\\/\\\/www.uartes.edu.ec\\\/sitio\\\/blog\\\/2018\\\/08\\\/31\\\/ganadores-del-primer-concurso-de-cuentos-libre-libro-2018\\\/#primaryimage\"},\"thumbnailUrl\":\"\",\"articleSection\":[\"Artes\"],\"inLanguage\":\"es\"},{\"@type\":[\"WebPage\",\"ItemPage\"],\"@id\":\"https:\\\/\\\/www.uartes.edu.ec\\\/sitio\\\/blog\\\/2018\\\/08\\\/31\\\/ganadores-del-primer-concurso-de-cuentos-libre-libro-2018\\\/\",\"url\":\"https:\\\/\\\/www.uartes.edu.ec\\\/sitio\\\/blog\\\/2018\\\/08\\\/31\\\/ganadores-del-primer-concurso-de-cuentos-libre-libro-2018\\\/\",\"name\":\"Universidad de las Artes - Ganadores del Primer Concurso de Cuentos Libre Libro 2018\",\"isPartOf\":{\"@id\":\"https:\\\/\\\/www.uartes.edu.ec\\\/sitio\\\/#website\"},\"primaryImageOfPage\":{\"@id\":\"https:\\\/\\\/www.uartes.edu.ec\\\/sitio\\\/blog\\\/2018\\\/08\\\/31\\\/ganadores-del-primer-concurso-de-cuentos-libre-libro-2018\\\/#primaryimage\"},\"image\":{\"@id\":\"https:\\\/\\\/www.uartes.edu.ec\\\/sitio\\\/blog\\\/2018\\\/08\\\/31\\\/ganadores-del-primer-concurso-de-cuentos-libre-libro-2018\\\/#primaryimage\"},\"thumbnailUrl\":\"\",\"datePublished\":\"2018-08-31T21:55:27+00:00\",\"dateModified\":\"2024-07-04T16:53:45+00:00\",\"description\":\"Universidad de las Artes - Ganadores del Primer Concurso de Cuentos Libre Libro 2018\",\"breadcrumb\":{\"@id\":\"https:\\\/\\\/www.uartes.edu.ec\\\/sitio\\\/blog\\\/2018\\\/08\\\/31\\\/ganadores-del-primer-concurso-de-cuentos-libre-libro-2018\\\/#breadcrumb\"},\"inLanguage\":\"es\",\"potentialAction\":[{\"@type\":\"ReadAction\",\"target\":[\"https:\\\/\\\/www.uartes.edu.ec\\\/sitio\\\/blog\\\/2018\\\/08\\\/31\\\/ganadores-del-primer-concurso-de-cuentos-libre-libro-2018\\\/\"]}]},{\"@type\":\"ImageObject\",\"inLanguage\":\"es\",\"@id\":\"https:\\\/\\\/www.uartes.edu.ec\\\/sitio\\\/blog\\\/2018\\\/08\\\/31\\\/ganadores-del-primer-concurso-de-cuentos-libre-libro-2018\\\/#primaryimage\",\"url\":\"\",\"contentUrl\":\"\"},{\"@type\":\"BreadcrumbList\",\"@id\":\"https:\\\/\\\/www.uartes.edu.ec\\\/sitio\\\/blog\\\/2018\\\/08\\\/31\\\/ganadores-del-primer-concurso-de-cuentos-libre-libro-2018\\\/#breadcrumb\",\"itemListElement\":[{\"@type\":\"ListItem\",\"position\":1,\"name\":\"Inicio\",\"item\":\"https:\\\/\\\/www.uartes.edu.ec\\\/sitio\\\/\"},{\"@type\":\"ListItem\",\"position\":2,\"name\":\"Ganadores del Primer Concurso de Cuentos Libre Libro 2018\"}]},{\"@type\":\"WebSite\",\"@id\":\"https:\\\/\\\/www.uartes.edu.ec\\\/sitio\\\/#website\",\"url\":\"https:\\\/\\\/www.uartes.edu.ec\\\/sitio\\\/\",\"name\":\"Universidad de las Artes\",\"description\":\"Sitio oficial de la Universidad Nacional de las Artes del Ecuador\",\"publisher\":{\"@id\":\"https:\\\/\\\/www.uartes.edu.ec\\\/sitio\\\/#organization\"},\"potentialAction\":[{\"@type\":\"SearchAction\",\"target\":{\"@type\":\"EntryPoint\",\"urlTemplate\":\"https:\\\/\\\/www.uartes.edu.ec\\\/sitio\\\/?s={search_term_string}\"},\"query-input\":{\"@type\":\"PropertyValueSpecification\",\"valueRequired\":true,\"valueName\":\"search_term_string\"}}],\"inLanguage\":\"es\"},{\"@type\":\"Organization\",\"@id\":\"https:\\\/\\\/www.uartes.edu.ec\\\/sitio\\\/#organization\",\"name\":\"Universidad de las Artes\",\"url\":\"https:\\\/\\\/www.uartes.edu.ec\\\/sitio\\\/\",\"logo\":{\"@type\":\"ImageObject\",\"inLanguage\":\"es\",\"@id\":\"https:\\\/\\\/www.uartes.edu.ec\\\/sitio\\\/#\\\/schema\\\/logo\\\/image\\\/\",\"url\":\"https:\\\/\\\/www.uartes.edu.ec\\\/sitio\\\/wp-content\\\/uploads\\\/2022\\\/07\\\/logo-ua-horizontal.png\",\"contentUrl\":\"https:\\\/\\\/www.uartes.edu.ec\\\/sitio\\\/wp-content\\\/uploads\\\/2022\\\/07\\\/logo-ua-horizontal.png\",\"width\":800,\"height\":276,\"caption\":\"Universidad de las Artes\"},\"image\":{\"@id\":\"https:\\\/\\\/www.uartes.edu.ec\\\/sitio\\\/#\\\/schema\\\/logo\\\/image\\\/\"},\"sameAs\":[\"https:\\\/\\\/www.facebook.com\\\/uartesec\",\"https:\\\/\\\/x.com\\\/uartesec\",\"https:\\\/\\\/www.tiktok.com\\\/@uartesec\"]},{\"@type\":\"Person\",\"@id\":\"https:\\\/\\\/www.uartes.edu.ec\\\/sitio\\\/#\\\/schema\\\/person\\\/f33f8c1d2af0d5c80a38c8abf458184a\",\"name\":\"Universidad de las Artes\",\"image\":{\"@type\":\"ImageObject\",\"inLanguage\":\"es\",\"@id\":\"https:\\\/\\\/secure.gravatar.com\\\/avatar\\\/52e4757902f5cfa5ac52d020e5be83cae5487519154b6c35482fe08d589f3c13?s=96&d=mm&r=g\",\"url\":\"https:\\\/\\\/secure.gravatar.com\\\/avatar\\\/52e4757902f5cfa5ac52d020e5be83cae5487519154b6c35482fe08d589f3c13?s=96&d=mm&r=g\",\"contentUrl\":\"https:\\\/\\\/secure.gravatar.com\\\/avatar\\\/52e4757902f5cfa5ac52d020e5be83cae5487519154b6c35482fe08d589f3c13?s=96&d=mm&r=g\",\"caption\":\"Universidad de las Artes\"},\"url\":\"https:\\\/\\\/www.uartes.edu.ec\\\/sitio\\\/blog\\\/author\\\/dircomadm\\\/\"}]}<\/script>\n<!-- \/ Yoast SEO plugin. -->","yoast_head_json":{"title":"Universidad de las Artes - Ganadores del Primer Concurso de Cuentos Libre Libro 2018","description":"Universidad de las Artes - Ganadores del Primer Concurso de Cuentos Libre Libro 2018","robots":{"index":"index","follow":"follow","max-snippet":"max-snippet:-1","max-image-preview":"max-image-preview:large","max-video-preview":"max-video-preview:-1"},"canonical":"https:\/\/www.uartes.edu.ec\/sitio\/blog\/2018\/08\/31\/ganadores-del-primer-concurso-de-cuentos-libre-libro-2018\/","og_locale":"es_ES","og_type":"article","og_title":"Universidad de las Artes - Ganadores del Primer Concurso de Cuentos Libre Libro 2018","og_description":"Universidad de las Artes - Ganadores del Primer Concurso de Cuentos Libre Libro 2018","og_url":"https:\/\/www.uartes.edu.ec\/sitio\/blog\/2018\/08\/31\/ganadores-del-primer-concurso-de-cuentos-libre-libro-2018\/","og_site_name":"Universidad de las Artes","article_publisher":"https:\/\/www.facebook.com\/uartesec","article_published_time":"2018-08-31T21:55:27+00:00","article_modified_time":"2024-07-04T16:53:45+00:00","author":"Universidad de las Artes","twitter_card":"summary_large_image","twitter_creator":"@uartesec","twitter_site":"@uartesec","twitter_misc":{"Escrito por":"Universidad de las Artes","Tiempo de lectura":"1 minuto"},"schema":{"@context":"https:\/\/schema.org","@graph":[{"@type":"Article","@id":"https:\/\/www.uartes.edu.ec\/sitio\/blog\/2018\/08\/31\/ganadores-del-primer-concurso-de-cuentos-libre-libro-2018\/#article","isPartOf":{"@id":"https:\/\/www.uartes.edu.ec\/sitio\/blog\/2018\/08\/31\/ganadores-del-primer-concurso-de-cuentos-libre-libro-2018\/"},"author":{"name":"Universidad de las Artes","@id":"https:\/\/www.uartes.edu.ec\/sitio\/#\/schema\/person\/f33f8c1d2af0d5c80a38c8abf458184a"},"headline":"Ganadores del Primer Concurso de Cuentos Libre Libro 2018","datePublished":"2018-08-31T21:55:27+00:00","dateModified":"2024-07-04T16:53:45+00:00","mainEntityOfPage":{"@id":"https:\/\/www.uartes.edu.ec\/sitio\/blog\/2018\/08\/31\/ganadores-del-primer-concurso-de-cuentos-libre-libro-2018\/"},"wordCount":245,"publisher":{"@id":"https:\/\/www.uartes.edu.ec\/sitio\/#organization"},"image":{"@id":"https:\/\/www.uartes.edu.ec\/sitio\/blog\/2018\/08\/31\/ganadores-del-primer-concurso-de-cuentos-libre-libro-2018\/#primaryimage"},"thumbnailUrl":"","articleSection":["Artes"],"inLanguage":"es"},{"@type":["WebPage","ItemPage"],"@id":"https:\/\/www.uartes.edu.ec\/sitio\/blog\/2018\/08\/31\/ganadores-del-primer-concurso-de-cuentos-libre-libro-2018\/","url":"https:\/\/www.uartes.edu.ec\/sitio\/blog\/2018\/08\/31\/ganadores-del-primer-concurso-de-cuentos-libre-libro-2018\/","name":"Universidad de las Artes - Ganadores del Primer Concurso de Cuentos Libre Libro 2018","isPartOf":{"@id":"https:\/\/www.uartes.edu.ec\/sitio\/#website"},"primaryImageOfPage":{"@id":"https:\/\/www.uartes.edu.ec\/sitio\/blog\/2018\/08\/31\/ganadores-del-primer-concurso-de-cuentos-libre-libro-2018\/#primaryimage"},"image":{"@id":"https:\/\/www.uartes.edu.ec\/sitio\/blog\/2018\/08\/31\/ganadores-del-primer-concurso-de-cuentos-libre-libro-2018\/#primaryimage"},"thumbnailUrl":"","datePublished":"2018-08-31T21:55:27+00:00","dateModified":"2024-07-04T16:53:45+00:00","description":"Universidad de las Artes - Ganadores del Primer Concurso de Cuentos Libre Libro 2018","breadcrumb":{"@id":"https:\/\/www.uartes.edu.ec\/sitio\/blog\/2018\/08\/31\/ganadores-del-primer-concurso-de-cuentos-libre-libro-2018\/#breadcrumb"},"inLanguage":"es","potentialAction":[{"@type":"ReadAction","target":["https:\/\/www.uartes.edu.ec\/sitio\/blog\/2018\/08\/31\/ganadores-del-primer-concurso-de-cuentos-libre-libro-2018\/"]}]},{"@type":"ImageObject","inLanguage":"es","@id":"https:\/\/www.uartes.edu.ec\/sitio\/blog\/2018\/08\/31\/ganadores-del-primer-concurso-de-cuentos-libre-libro-2018\/#primaryimage","url":"","contentUrl":""},{"@type":"BreadcrumbList","@id":"https:\/\/www.uartes.edu.ec\/sitio\/blog\/2018\/08\/31\/ganadores-del-primer-concurso-de-cuentos-libre-libro-2018\/#breadcrumb","itemListElement":[{"@type":"ListItem","position":1,"name":"Inicio","item":"https:\/\/www.uartes.edu.ec\/sitio\/"},{"@type":"ListItem","position":2,"name":"Ganadores del Primer Concurso de Cuentos Libre Libro 2018"}]},{"@type":"WebSite","@id":"https:\/\/www.uartes.edu.ec\/sitio\/#website","url":"https:\/\/www.uartes.edu.ec\/sitio\/","name":"Universidad de las Artes","description":"Sitio oficial de la Universidad Nacional de las Artes del Ecuador","publisher":{"@id":"https:\/\/www.uartes.edu.ec\/sitio\/#organization"},"potentialAction":[{"@type":"SearchAction","target":{"@type":"EntryPoint","urlTemplate":"https:\/\/www.uartes.edu.ec\/sitio\/?s={search_term_string}"},"query-input":{"@type":"PropertyValueSpecification","valueRequired":true,"valueName":"search_term_string"}}],"inLanguage":"es"},{"@type":"Organization","@id":"https:\/\/www.uartes.edu.ec\/sitio\/#organization","name":"Universidad de las Artes","url":"https:\/\/www.uartes.edu.ec\/sitio\/","logo":{"@type":"ImageObject","inLanguage":"es","@id":"https:\/\/www.uartes.edu.ec\/sitio\/#\/schema\/logo\/image\/","url":"https:\/\/www.uartes.edu.ec\/sitio\/wp-content\/uploads\/2022\/07\/logo-ua-horizontal.png","contentUrl":"https:\/\/www.uartes.edu.ec\/sitio\/wp-content\/uploads\/2022\/07\/logo-ua-horizontal.png","width":800,"height":276,"caption":"Universidad de las Artes"},"image":{"@id":"https:\/\/www.uartes.edu.ec\/sitio\/#\/schema\/logo\/image\/"},"sameAs":["https:\/\/www.facebook.com\/uartesec","https:\/\/x.com\/uartesec","https:\/\/www.tiktok.com\/@uartesec"]},{"@type":"Person","@id":"https:\/\/www.uartes.edu.ec\/sitio\/#\/schema\/person\/f33f8c1d2af0d5c80a38c8abf458184a","name":"Universidad de las Artes","image":{"@type":"ImageObject","inLanguage":"es","@id":"https:\/\/secure.gravatar.com\/avatar\/52e4757902f5cfa5ac52d020e5be83cae5487519154b6c35482fe08d589f3c13?s=96&d=mm&r=g","url":"https:\/\/secure.gravatar.com\/avatar\/52e4757902f5cfa5ac52d020e5be83cae5487519154b6c35482fe08d589f3c13?s=96&d=mm&r=g","contentUrl":"https:\/\/secure.gravatar.com\/avatar\/52e4757902f5cfa5ac52d020e5be83cae5487519154b6c35482fe08d589f3c13?s=96&d=mm&r=g","caption":"Universidad de las Artes"},"url":"https:\/\/www.uartes.edu.ec\/sitio\/blog\/author\/dircomadm\/"}]}},"uagb_featured_image_src":{"full":false,"thumbnail":false,"medium":false,"medium_large":false,"large":false,"1536x1536":false,"2048x2048":false,"trp-custom-language-flag":false,"htmega_size_585x295":false,"htmega_size_1170x536":false,"htmega_size_396x360":false,"gb-block-post-grid-landscape":false,"gb-block-post-grid-square":false,"university-hub-thumb":false},"uagb_author_info":{"display_name":"Universidad de las Artes","author_link":"https:\/\/www.uartes.edu.ec\/sitio\/blog\/author\/dircomadm\/"},"uagb_comment_info":0,"uagb_excerpt":"La Escuela de Literatura de la Universidad de las Artes del Ecuador anuncia a los ganadores del Primer Concurso Nacional de Cuentos, Libre Libro 2018, que fue convocado para estudiantes de pregrado del pa\u00eds el pasado mes de junio. La premiaci\u00f3n de los ganadores se realizar\u00e1 en la inauguraci\u00f3n de Libre Libro 2018, el pr\u00f3ximo&hellip;","featured_image_src":null,"featured_image_src_square":null,"author_info":{"display_name":"Universidad de las Artes","author_link":"https:\/\/www.uartes.edu.ec\/sitio\/blog\/author\/dircomadm\/"},"publishpress_future_workflow_manual_trigger":{"enabledWorkflows":[]},"distributor_meta":false,"distributor_terms":false,"distributor_media":false,"distributor_original_site_name":"Universidad de las Artes","distributor_original_site_url":"https:\/\/www.uartes.edu.ec\/sitio","push-errors":false,"_links":{"self":[{"href":"https:\/\/www.uartes.edu.ec\/sitio\/wp-json\/wp\/v2\/posts\/1763","targetHints":{"allow":["GET"]}}],"collection":[{"href":"https:\/\/www.uartes.edu.ec\/sitio\/wp-json\/wp\/v2\/posts"}],"about":[{"href":"https:\/\/www.uartes.edu.ec\/sitio\/wp-json\/wp\/v2\/types\/post"}],"author":[{"embeddable":true,"href":"https:\/\/www.uartes.edu.ec\/sitio\/wp-json\/wp\/v2\/users\/1"}],"replies":[{"embeddable":true,"href":"https:\/\/www.uartes.edu.ec\/sitio\/wp-json\/wp\/v2\/comments?post=1763"}],"version-history":[{"count":1,"href":"https:\/\/www.uartes.edu.ec\/sitio\/wp-json\/wp\/v2\/posts\/1763\/revisions"}],"predecessor-version":[{"id":3338,"href":"https:\/\/www.uartes.edu.ec\/sitio\/wp-json\/wp\/v2\/posts\/1763\/revisions\/3338"}],"wp:featuredmedia":[{"embeddable":true,"href":"https:\/\/www.uartes.edu.ec\/sitio\/wp-json\/"}],"wp:attachment":[{"href":"https:\/\/www.uartes.edu.ec\/sitio\/wp-json\/wp\/v2\/media?parent=1763"}],"wp:term":[{"taxonomy":"category","embeddable":true,"href":"https:\/\/www.uartes.edu.ec\/sitio\/wp-json\/wp\/v2\/categories?post=1763"},{"taxonomy":"post_tag","embeddable":true,"href":"https:\/\/www.uartes.edu.ec\/sitio\/wp-json\/wp\/v2\/tags?post=1763"},{"taxonomy":"infouartes","embeddable":true,"href":"https:\/\/www.uartes.edu.ec\/sitio\/wp-json\/wp\/v2\/infouartes?post=1763"}],"curies":[{"name":"wp","href":"https:\/\/api.w.org\/{rel}","templated":true}]}}