{"id":1766,"date":"2018-09-03T16:20:25","date_gmt":"2018-09-03T21:20:25","guid":{"rendered":"http:\/\/www.uartes.edu.ec\/infouartes\/?p=1766"},"modified":"2024-07-04T11:53:45","modified_gmt":"2024-07-04T16:53:45","slug":"docentes-uartes-participan-en-el-festival-ecuatoriano-de-musica-contemporanea-2018","status":"publish","type":"post","link":"https:\/\/www.uartes.edu.ec\/sitio\/blog\/2018\/09\/03\/docentes-uartes-participan-en-el-festival-ecuatoriano-de-musica-contemporanea-2018\/","title":{"rendered":"Docentes UArtes participan en el Festival Ecuatoriano de M\u00fasica Contempor\u00e1nea 2018"},"content":{"rendered":"<p>Manuel Larrea, Adina Izarra y Rub\u00e9n Riera, docentes de la Escuela de Artes Sonoras de la Universidad de las Artes, forman parte de los compositores invitados a participar, con obras de su creaci\u00f3n, en el <a href=\"http:\/\/(https:\/\/www.festivalmusica.com\/\"><strong>Festival Ecuatoriano de M\u00fasica Contempor\u00e1nea 2018<\/strong><\/a> que se realizar\u00e1 en Quito, del 12 al 15 de septiembre, en el Teatro Variedades Ernesto Alb\u00e1n.<\/p>\n<p>A continuaci\u00f3n, una delineaci\u00f3n de la obra que presentar\u00e1n y breve descripci\u00f3n de su trayectoria profesional.<\/p>\n<p><strong>M.P.C. Vol. #2 (1\/4 del concierto) de Manuel Larrea<\/strong><\/p>\n<p>M\u00fasica Popular Contempor\u00e1nea fue un concierto estrenado en el a\u00f1o 2004 y su crecimiento le permiti\u00f3 estar en escena durante una d\u00e9cada en diversos escenarios. Esta propuesta recog\u00eda historias, personajes y ambientes del paisaje sonoro de Guayaquil. En una propuesta evolucionada, MPC Vol. #2 (1\/4 del concierto) hace un gui\u00f1o nuevamente hacia el lenguaje cotidiano y popular, pero esta vez desde la improvisaci\u00f3n libre y su gestualidad.<\/p>\n<ul>\n<li><strong>Manuel Larrea Peralta.- <\/strong>Compositor y pianista, propone un mundo sonoro que va desde lo ritual a lo acad\u00e9mico, de lo convencional a lo transgresor, del orden al caos. Influenciado por sus diversos estudios alrededor de la m\u00fasica, el arte sonoro, la composici\u00f3n e improvisaci\u00f3n, ha logrado reconocerse en el espacio interdisciplinar, incorporando elementos, formas y estructuras de \u201clo otro\u201d.<\/li>\n<\/ul>\n<p><strong>\u201cGuinguiringongo\u201d (2018) de Adina Izarra<\/strong><\/p>\n<p>Basadas en sonoridades de la guitarra y paisaje sonoro de Guayaquil la obra establece una interactividad y relaci\u00f3n entre la guitarra y el mundo electr\u00f3nico. La guitarra est\u00e1 construida sobre numerosas escaleras de Shepard, mientras que lo electr\u00f3nico lo expande y amplifica.<\/p>\n<ul>\n<li><strong>Adina Izarra.- C<\/strong>ompositora venezolana. Se ha desempe\u00f1ado en la electroac\u00fastica y el video arte, participando en numerosos proyectos colectivos, especialmente los relacionados con naturaleza, aves y paisaje sonoro. Tiene un PhD de la Universidad de York, Inglaterra en composici\u00f3n. Actualmente es profesora de la Universidad de las Artes en Guayaquil.<\/li>\n<\/ul>\n<p>\u201c<strong>150 H\u201d (2018) de Rub\u00e9n Riera<\/strong><\/p>\n<p>Para laptop en vivo. Esta obra rinde homenaje a los 150 j\u00f3venes que dieron su vida en las luchas sociales durante el 2017 en Venezuela. La obra es tocada en vivo sobre el programa Supercollider.<\/p>\n<ul>\n<li><strong>Rub\u00e9n Riera.- G<\/strong>uitarrista y compositor venezolano. Se ha especializado en el repertorio contempor\u00e1neo para la guitarra e instrumentos antiguos, incluyendo obras mixtas. Su trabajo compositivo se concentra en c\u00f3digo en vivo e interactividad. Posee un Doctorado de la Universidad Central de Venezuela. Actualmente es profesor titular de la Universidad de las Artes en Guayaquil.<\/li>\n<\/ul>\n","protected":false},"excerpt":{"rendered":"<p>Manuel Larrea, Adina Izarra y Rub\u00e9n Riera, docentes de la Escuela de Artes Sonoras de la Universidad de las Artes, forman parte de los compositores invitados a participar, con obras de su creaci\u00f3n, en el Festival Ecuatoriano de M\u00fasica Contempor\u00e1nea 2018 que se realizar\u00e1 en Quito, del 12 al 15 de septiembre, en el Teatro [&hellip;]<\/p>\n","protected":false},"author":1,"featured_media":1767,"comment_status":"closed","ping_status":"closed","sticky":false,"template":"","format":"standard","meta":{"_acf_changed":false,"_uag_custom_page_level_css":"","_monsterinsights_skip_tracking":false,"_monsterinsights_sitenote_active":false,"_monsterinsights_sitenote_note":"","_monsterinsights_sitenote_category":0,"cybocfi_hide_featured_image":"","footnotes":""},"categories":[75],"tags":[],"infouartes":[],"class_list":["post-1766","post","type-post","status-publish","format-standard","has-post-thumbnail","hentry","category-docentes"],"acf":[],"yoast_head":"<!-- This site is optimized with the Yoast SEO plugin v27.4 - https:\/\/yoast.com\/product\/yoast-seo-wordpress\/ -->\n<title>Universidad de las Artes - Docentes UArtes participan en el Festival Ecuatoriano de M\u00fasica Contempor\u00e1nea 2018<\/title>\n<meta name=\"description\" content=\"Universidad de las Artes - Docentes UArtes participan en el Festival Ecuatoriano de M\u00fasica Contempor\u00e1nea 2018\" \/>\n<meta name=\"robots\" content=\"index, follow, max-snippet:-1, max-image-preview:large, max-video-preview:-1\" \/>\n<link rel=\"canonical\" href=\"https:\/\/www.uartes.edu.ec\/sitio\/blog\/2018\/09\/03\/docentes-uartes-participan-en-el-festival-ecuatoriano-de-musica-contemporanea-2018\/\" \/>\n<meta property=\"og:locale\" content=\"es_ES\" \/>\n<meta property=\"og:type\" content=\"article\" \/>\n<meta property=\"og:title\" content=\"Universidad de las Artes - Docentes UArtes participan en el Festival Ecuatoriano de M\u00fasica Contempor\u00e1nea 2018\" \/>\n<meta property=\"og:description\" content=\"Universidad de las Artes - Docentes UArtes participan en el Festival Ecuatoriano de M\u00fasica Contempor\u00e1nea 2018\" \/>\n<meta property=\"og:url\" content=\"https:\/\/www.uartes.edu.ec\/sitio\/blog\/2018\/09\/03\/docentes-uartes-participan-en-el-festival-ecuatoriano-de-musica-contemporanea-2018\/\" \/>\n<meta property=\"og:site_name\" content=\"Universidad de las Artes\" \/>\n<meta property=\"article:publisher\" content=\"https:\/\/www.facebook.com\/uartesec\" \/>\n<meta property=\"article:published_time\" content=\"2018-09-03T21:20:25+00:00\" \/>\n<meta property=\"article:modified_time\" content=\"2024-07-04T16:53:45+00:00\" \/>\n<meta property=\"og:image\" content=\"https:\/\/www.uartes.edu.ec\/sitio\/wp-content\/uploads\/2018\/09\/Logo-UA-negro.png\" \/>\n\t<meta property=\"og:image:width\" content=\"256\" \/>\n\t<meta property=\"og:image:height\" content=\"256\" \/>\n\t<meta property=\"og:image:type\" content=\"image\/png\" \/>\n<meta name=\"author\" content=\"Universidad de las Artes\" \/>\n<meta name=\"twitter:card\" content=\"summary_large_image\" \/>\n<meta name=\"twitter:creator\" content=\"@uartesec\" \/>\n<meta name=\"twitter:site\" content=\"@uartesec\" \/>\n<meta name=\"twitter:label1\" content=\"Escrito por\" \/>\n\t<meta name=\"twitter:data1\" content=\"Universidad de las Artes\" \/>\n\t<meta name=\"twitter:label2\" content=\"Tiempo de lectura\" \/>\n\t<meta name=\"twitter:data2\" content=\"2 minutos\" \/>\n<script type=\"application\/ld+json\" class=\"yoast-schema-graph\">{\"@context\":\"https:\\\/\\\/schema.org\",\"@graph\":[{\"@type\":\"Article\",\"@id\":\"https:\\\/\\\/www.uartes.edu.ec\\\/sitio\\\/blog\\\/2018\\\/09\\\/03\\\/docentes-uartes-participan-en-el-festival-ecuatoriano-de-musica-contemporanea-2018\\\/#article\",\"isPartOf\":{\"@id\":\"https:\\\/\\\/www.uartes.edu.ec\\\/sitio\\\/blog\\\/2018\\\/09\\\/03\\\/docentes-uartes-participan-en-el-festival-ecuatoriano-de-musica-contemporanea-2018\\\/\"},\"author\":{\"name\":\"Universidad de las Artes\",\"@id\":\"https:\\\/\\\/www.uartes.edu.ec\\\/sitio\\\/#\\\/schema\\\/person\\\/f33f8c1d2af0d5c80a38c8abf458184a\"},\"headline\":\"Docentes UArtes participan en el Festival Ecuatoriano de M\u00fasica Contempor\u00e1nea 2018\",\"datePublished\":\"2018-09-03T21:20:25+00:00\",\"dateModified\":\"2024-07-04T16:53:45+00:00\",\"mainEntityOfPage\":{\"@id\":\"https:\\\/\\\/www.uartes.edu.ec\\\/sitio\\\/blog\\\/2018\\\/09\\\/03\\\/docentes-uartes-participan-en-el-festival-ecuatoriano-de-musica-contemporanea-2018\\\/\"},\"wordCount\":436,\"publisher\":{\"@id\":\"https:\\\/\\\/www.uartes.edu.ec\\\/sitio\\\/#organization\"},\"image\":{\"@id\":\"https:\\\/\\\/www.uartes.edu.ec\\\/sitio\\\/blog\\\/2018\\\/09\\\/03\\\/docentes-uartes-participan-en-el-festival-ecuatoriano-de-musica-contemporanea-2018\\\/#primaryimage\"},\"thumbnailUrl\":\"https:\\\/\\\/www.uartes.edu.ec\\\/sitio\\\/wp-content\\\/uploads\\\/2018\\\/09\\\/Logo-UA-negro.png\",\"articleSection\":[\"Docentes\"],\"inLanguage\":\"es\"},{\"@type\":[\"WebPage\",\"ItemPage\"],\"@id\":\"https:\\\/\\\/www.uartes.edu.ec\\\/sitio\\\/blog\\\/2018\\\/09\\\/03\\\/docentes-uartes-participan-en-el-festival-ecuatoriano-de-musica-contemporanea-2018\\\/\",\"url\":\"https:\\\/\\\/www.uartes.edu.ec\\\/sitio\\\/blog\\\/2018\\\/09\\\/03\\\/docentes-uartes-participan-en-el-festival-ecuatoriano-de-musica-contemporanea-2018\\\/\",\"name\":\"Universidad de las Artes - Docentes UArtes participan en el Festival Ecuatoriano de M\u00fasica Contempor\u00e1nea 2018\",\"isPartOf\":{\"@id\":\"https:\\\/\\\/www.uartes.edu.ec\\\/sitio\\\/#website\"},\"primaryImageOfPage\":{\"@id\":\"https:\\\/\\\/www.uartes.edu.ec\\\/sitio\\\/blog\\\/2018\\\/09\\\/03\\\/docentes-uartes-participan-en-el-festival-ecuatoriano-de-musica-contemporanea-2018\\\/#primaryimage\"},\"image\":{\"@id\":\"https:\\\/\\\/www.uartes.edu.ec\\\/sitio\\\/blog\\\/2018\\\/09\\\/03\\\/docentes-uartes-participan-en-el-festival-ecuatoriano-de-musica-contemporanea-2018\\\/#primaryimage\"},\"thumbnailUrl\":\"https:\\\/\\\/www.uartes.edu.ec\\\/sitio\\\/wp-content\\\/uploads\\\/2018\\\/09\\\/Logo-UA-negro.png\",\"datePublished\":\"2018-09-03T21:20:25+00:00\",\"dateModified\":\"2024-07-04T16:53:45+00:00\",\"description\":\"Universidad de las Artes - Docentes UArtes participan en el Festival Ecuatoriano de M\u00fasica Contempor\u00e1nea 2018\",\"breadcrumb\":{\"@id\":\"https:\\\/\\\/www.uartes.edu.ec\\\/sitio\\\/blog\\\/2018\\\/09\\\/03\\\/docentes-uartes-participan-en-el-festival-ecuatoriano-de-musica-contemporanea-2018\\\/#breadcrumb\"},\"inLanguage\":\"es\",\"potentialAction\":[{\"@type\":\"ReadAction\",\"target\":[\"https:\\\/\\\/www.uartes.edu.ec\\\/sitio\\\/blog\\\/2018\\\/09\\\/03\\\/docentes-uartes-participan-en-el-festival-ecuatoriano-de-musica-contemporanea-2018\\\/\"]}]},{\"@type\":\"ImageObject\",\"inLanguage\":\"es\",\"@id\":\"https:\\\/\\\/www.uartes.edu.ec\\\/sitio\\\/blog\\\/2018\\\/09\\\/03\\\/docentes-uartes-participan-en-el-festival-ecuatoriano-de-musica-contemporanea-2018\\\/#primaryimage\",\"url\":\"https:\\\/\\\/www.uartes.edu.ec\\\/sitio\\\/wp-content\\\/uploads\\\/2018\\\/09\\\/Logo-UA-negro.png\",\"contentUrl\":\"https:\\\/\\\/www.uartes.edu.ec\\\/sitio\\\/wp-content\\\/uploads\\\/2018\\\/09\\\/Logo-UA-negro.png\",\"width\":256,\"height\":256},{\"@type\":\"BreadcrumbList\",\"@id\":\"https:\\\/\\\/www.uartes.edu.ec\\\/sitio\\\/blog\\\/2018\\\/09\\\/03\\\/docentes-uartes-participan-en-el-festival-ecuatoriano-de-musica-contemporanea-2018\\\/#breadcrumb\",\"itemListElement\":[{\"@type\":\"ListItem\",\"position\":1,\"name\":\"Inicio\",\"item\":\"https:\\\/\\\/www.uartes.edu.ec\\\/sitio\\\/\"},{\"@type\":\"ListItem\",\"position\":2,\"name\":\"Docentes UArtes participan en el Festival Ecuatoriano de M\u00fasica Contempor\u00e1nea 2018\"}]},{\"@type\":\"WebSite\",\"@id\":\"https:\\\/\\\/www.uartes.edu.ec\\\/sitio\\\/#website\",\"url\":\"https:\\\/\\\/www.uartes.edu.ec\\\/sitio\\\/\",\"name\":\"Universidad de las Artes\",\"description\":\"Sitio oficial de la Universidad Nacional de las Artes del Ecuador\",\"publisher\":{\"@id\":\"https:\\\/\\\/www.uartes.edu.ec\\\/sitio\\\/#organization\"},\"potentialAction\":[{\"@type\":\"SearchAction\",\"target\":{\"@type\":\"EntryPoint\",\"urlTemplate\":\"https:\\\/\\\/www.uartes.edu.ec\\\/sitio\\\/?s={search_term_string}\"},\"query-input\":{\"@type\":\"PropertyValueSpecification\",\"valueRequired\":true,\"valueName\":\"search_term_string\"}}],\"inLanguage\":\"es\"},{\"@type\":\"Organization\",\"@id\":\"https:\\\/\\\/www.uartes.edu.ec\\\/sitio\\\/#organization\",\"name\":\"Universidad de las Artes\",\"url\":\"https:\\\/\\\/www.uartes.edu.ec\\\/sitio\\\/\",\"logo\":{\"@type\":\"ImageObject\",\"inLanguage\":\"es\",\"@id\":\"https:\\\/\\\/www.uartes.edu.ec\\\/sitio\\\/#\\\/schema\\\/logo\\\/image\\\/\",\"url\":\"https:\\\/\\\/www.uartes.edu.ec\\\/sitio\\\/wp-content\\\/uploads\\\/2022\\\/07\\\/logo-ua-horizontal.png\",\"contentUrl\":\"https:\\\/\\\/www.uartes.edu.ec\\\/sitio\\\/wp-content\\\/uploads\\\/2022\\\/07\\\/logo-ua-horizontal.png\",\"width\":800,\"height\":276,\"caption\":\"Universidad de las Artes\"},\"image\":{\"@id\":\"https:\\\/\\\/www.uartes.edu.ec\\\/sitio\\\/#\\\/schema\\\/logo\\\/image\\\/\"},\"sameAs\":[\"https:\\\/\\\/www.facebook.com\\\/uartesec\",\"https:\\\/\\\/x.com\\\/uartesec\",\"https:\\\/\\\/www.tiktok.com\\\/@uartesec\"]},{\"@type\":\"Person\",\"@id\":\"https:\\\/\\\/www.uartes.edu.ec\\\/sitio\\\/#\\\/schema\\\/person\\\/f33f8c1d2af0d5c80a38c8abf458184a\",\"name\":\"Universidad de las Artes\",\"image\":{\"@type\":\"ImageObject\",\"inLanguage\":\"es\",\"@id\":\"https:\\\/\\\/secure.gravatar.com\\\/avatar\\\/52e4757902f5cfa5ac52d020e5be83cae5487519154b6c35482fe08d589f3c13?s=96&d=mm&r=g\",\"url\":\"https:\\\/\\\/secure.gravatar.com\\\/avatar\\\/52e4757902f5cfa5ac52d020e5be83cae5487519154b6c35482fe08d589f3c13?s=96&d=mm&r=g\",\"contentUrl\":\"https:\\\/\\\/secure.gravatar.com\\\/avatar\\\/52e4757902f5cfa5ac52d020e5be83cae5487519154b6c35482fe08d589f3c13?s=96&d=mm&r=g\",\"caption\":\"Universidad de las Artes\"},\"url\":\"https:\\\/\\\/www.uartes.edu.ec\\\/sitio\\\/blog\\\/author\\\/dircomadm\\\/\"}]}<\/script>\n<!-- \/ Yoast SEO plugin. -->","yoast_head_json":{"title":"Universidad de las Artes - Docentes UArtes participan en el Festival Ecuatoriano de M\u00fasica Contempor\u00e1nea 2018","description":"Universidad de las Artes - Docentes UArtes participan en el Festival Ecuatoriano de M\u00fasica Contempor\u00e1nea 2018","robots":{"index":"index","follow":"follow","max-snippet":"max-snippet:-1","max-image-preview":"max-image-preview:large","max-video-preview":"max-video-preview:-1"},"canonical":"https:\/\/www.uartes.edu.ec\/sitio\/blog\/2018\/09\/03\/docentes-uartes-participan-en-el-festival-ecuatoriano-de-musica-contemporanea-2018\/","og_locale":"es_ES","og_type":"article","og_title":"Universidad de las Artes - Docentes UArtes participan en el Festival Ecuatoriano de M\u00fasica Contempor\u00e1nea 2018","og_description":"Universidad de las Artes - Docentes UArtes participan en el Festival Ecuatoriano de M\u00fasica Contempor\u00e1nea 2018","og_url":"https:\/\/www.uartes.edu.ec\/sitio\/blog\/2018\/09\/03\/docentes-uartes-participan-en-el-festival-ecuatoriano-de-musica-contemporanea-2018\/","og_site_name":"Universidad de las Artes","article_publisher":"https:\/\/www.facebook.com\/uartesec","article_published_time":"2018-09-03T21:20:25+00:00","article_modified_time":"2024-07-04T16:53:45+00:00","og_image":[{"width":256,"height":256,"url":"https:\/\/www.uartes.edu.ec\/sitio\/wp-content\/uploads\/2018\/09\/Logo-UA-negro.png","type":"image\/png"}],"author":"Universidad de las Artes","twitter_card":"summary_large_image","twitter_creator":"@uartesec","twitter_site":"@uartesec","twitter_misc":{"Escrito por":"Universidad de las Artes","Tiempo de lectura":"2 minutos"},"schema":{"@context":"https:\/\/schema.org","@graph":[{"@type":"Article","@id":"https:\/\/www.uartes.edu.ec\/sitio\/blog\/2018\/09\/03\/docentes-uartes-participan-en-el-festival-ecuatoriano-de-musica-contemporanea-2018\/#article","isPartOf":{"@id":"https:\/\/www.uartes.edu.ec\/sitio\/blog\/2018\/09\/03\/docentes-uartes-participan-en-el-festival-ecuatoriano-de-musica-contemporanea-2018\/"},"author":{"name":"Universidad de las Artes","@id":"https:\/\/www.uartes.edu.ec\/sitio\/#\/schema\/person\/f33f8c1d2af0d5c80a38c8abf458184a"},"headline":"Docentes UArtes participan en el Festival Ecuatoriano de M\u00fasica Contempor\u00e1nea 2018","datePublished":"2018-09-03T21:20:25+00:00","dateModified":"2024-07-04T16:53:45+00:00","mainEntityOfPage":{"@id":"https:\/\/www.uartes.edu.ec\/sitio\/blog\/2018\/09\/03\/docentes-uartes-participan-en-el-festival-ecuatoriano-de-musica-contemporanea-2018\/"},"wordCount":436,"publisher":{"@id":"https:\/\/www.uartes.edu.ec\/sitio\/#organization"},"image":{"@id":"https:\/\/www.uartes.edu.ec\/sitio\/blog\/2018\/09\/03\/docentes-uartes-participan-en-el-festival-ecuatoriano-de-musica-contemporanea-2018\/#primaryimage"},"thumbnailUrl":"https:\/\/www.uartes.edu.ec\/sitio\/wp-content\/uploads\/2018\/09\/Logo-UA-negro.png","articleSection":["Docentes"],"inLanguage":"es"},{"@type":["WebPage","ItemPage"],"@id":"https:\/\/www.uartes.edu.ec\/sitio\/blog\/2018\/09\/03\/docentes-uartes-participan-en-el-festival-ecuatoriano-de-musica-contemporanea-2018\/","url":"https:\/\/www.uartes.edu.ec\/sitio\/blog\/2018\/09\/03\/docentes-uartes-participan-en-el-festival-ecuatoriano-de-musica-contemporanea-2018\/","name":"Universidad de las Artes - Docentes UArtes participan en el Festival Ecuatoriano de M\u00fasica Contempor\u00e1nea 2018","isPartOf":{"@id":"https:\/\/www.uartes.edu.ec\/sitio\/#website"},"primaryImageOfPage":{"@id":"https:\/\/www.uartes.edu.ec\/sitio\/blog\/2018\/09\/03\/docentes-uartes-participan-en-el-festival-ecuatoriano-de-musica-contemporanea-2018\/#primaryimage"},"image":{"@id":"https:\/\/www.uartes.edu.ec\/sitio\/blog\/2018\/09\/03\/docentes-uartes-participan-en-el-festival-ecuatoriano-de-musica-contemporanea-2018\/#primaryimage"},"thumbnailUrl":"https:\/\/www.uartes.edu.ec\/sitio\/wp-content\/uploads\/2018\/09\/Logo-UA-negro.png","datePublished":"2018-09-03T21:20:25+00:00","dateModified":"2024-07-04T16:53:45+00:00","description":"Universidad de las Artes - Docentes UArtes participan en el Festival Ecuatoriano de M\u00fasica Contempor\u00e1nea 2018","breadcrumb":{"@id":"https:\/\/www.uartes.edu.ec\/sitio\/blog\/2018\/09\/03\/docentes-uartes-participan-en-el-festival-ecuatoriano-de-musica-contemporanea-2018\/#breadcrumb"},"inLanguage":"es","potentialAction":[{"@type":"ReadAction","target":["https:\/\/www.uartes.edu.ec\/sitio\/blog\/2018\/09\/03\/docentes-uartes-participan-en-el-festival-ecuatoriano-de-musica-contemporanea-2018\/"]}]},{"@type":"ImageObject","inLanguage":"es","@id":"https:\/\/www.uartes.edu.ec\/sitio\/blog\/2018\/09\/03\/docentes-uartes-participan-en-el-festival-ecuatoriano-de-musica-contemporanea-2018\/#primaryimage","url":"https:\/\/www.uartes.edu.ec\/sitio\/wp-content\/uploads\/2018\/09\/Logo-UA-negro.png","contentUrl":"https:\/\/www.uartes.edu.ec\/sitio\/wp-content\/uploads\/2018\/09\/Logo-UA-negro.png","width":256,"height":256},{"@type":"BreadcrumbList","@id":"https:\/\/www.uartes.edu.ec\/sitio\/blog\/2018\/09\/03\/docentes-uartes-participan-en-el-festival-ecuatoriano-de-musica-contemporanea-2018\/#breadcrumb","itemListElement":[{"@type":"ListItem","position":1,"name":"Inicio","item":"https:\/\/www.uartes.edu.ec\/sitio\/"},{"@type":"ListItem","position":2,"name":"Docentes UArtes participan en el Festival Ecuatoriano de M\u00fasica Contempor\u00e1nea 2018"}]},{"@type":"WebSite","@id":"https:\/\/www.uartes.edu.ec\/sitio\/#website","url":"https:\/\/www.uartes.edu.ec\/sitio\/","name":"Universidad de las Artes","description":"Sitio oficial de la Universidad Nacional de las Artes del Ecuador","publisher":{"@id":"https:\/\/www.uartes.edu.ec\/sitio\/#organization"},"potentialAction":[{"@type":"SearchAction","target":{"@type":"EntryPoint","urlTemplate":"https:\/\/www.uartes.edu.ec\/sitio\/?s={search_term_string}"},"query-input":{"@type":"PropertyValueSpecification","valueRequired":true,"valueName":"search_term_string"}}],"inLanguage":"es"},{"@type":"Organization","@id":"https:\/\/www.uartes.edu.ec\/sitio\/#organization","name":"Universidad de las Artes","url":"https:\/\/www.uartes.edu.ec\/sitio\/","logo":{"@type":"ImageObject","inLanguage":"es","@id":"https:\/\/www.uartes.edu.ec\/sitio\/#\/schema\/logo\/image\/","url":"https:\/\/www.uartes.edu.ec\/sitio\/wp-content\/uploads\/2022\/07\/logo-ua-horizontal.png","contentUrl":"https:\/\/www.uartes.edu.ec\/sitio\/wp-content\/uploads\/2022\/07\/logo-ua-horizontal.png","width":800,"height":276,"caption":"Universidad de las Artes"},"image":{"@id":"https:\/\/www.uartes.edu.ec\/sitio\/#\/schema\/logo\/image\/"},"sameAs":["https:\/\/www.facebook.com\/uartesec","https:\/\/x.com\/uartesec","https:\/\/www.tiktok.com\/@uartesec"]},{"@type":"Person","@id":"https:\/\/www.uartes.edu.ec\/sitio\/#\/schema\/person\/f33f8c1d2af0d5c80a38c8abf458184a","name":"Universidad de las Artes","image":{"@type":"ImageObject","inLanguage":"es","@id":"https:\/\/secure.gravatar.com\/avatar\/52e4757902f5cfa5ac52d020e5be83cae5487519154b6c35482fe08d589f3c13?s=96&d=mm&r=g","url":"https:\/\/secure.gravatar.com\/avatar\/52e4757902f5cfa5ac52d020e5be83cae5487519154b6c35482fe08d589f3c13?s=96&d=mm&r=g","contentUrl":"https:\/\/secure.gravatar.com\/avatar\/52e4757902f5cfa5ac52d020e5be83cae5487519154b6c35482fe08d589f3c13?s=96&d=mm&r=g","caption":"Universidad de las Artes"},"url":"https:\/\/www.uartes.edu.ec\/sitio\/blog\/author\/dircomadm\/"}]}},"uagb_featured_image_src":{"full":["https:\/\/www.uartes.edu.ec\/sitio\/wp-content\/uploads\/2018\/09\/Logo-UA-negro.png",256,256,false],"thumbnail":["https:\/\/www.uartes.edu.ec\/sitio\/wp-content\/uploads\/2018\/09\/Logo-UA-negro-150x150.png",150,150,true],"medium":["https:\/\/www.uartes.edu.ec\/sitio\/wp-content\/uploads\/2018\/09\/Logo-UA-negro.png",256,256,false],"medium_large":["https:\/\/www.uartes.edu.ec\/sitio\/wp-content\/uploads\/2018\/09\/Logo-UA-negro.png",256,256,false],"large":["https:\/\/www.uartes.edu.ec\/sitio\/wp-content\/uploads\/2018\/09\/Logo-UA-negro.png",256,256,false],"1536x1536":["https:\/\/www.uartes.edu.ec\/sitio\/wp-content\/uploads\/2018\/09\/Logo-UA-negro.png",256,256,false],"2048x2048":["https:\/\/www.uartes.edu.ec\/sitio\/wp-content\/uploads\/2018\/09\/Logo-UA-negro.png",256,256,false],"trp-custom-language-flag":["https:\/\/www.uartes.edu.ec\/sitio\/wp-content\/uploads\/2018\/09\/Logo-UA-negro.png",12,12,false],"htmega_size_585x295":["https:\/\/www.uartes.edu.ec\/sitio\/wp-content\/uploads\/2018\/09\/Logo-UA-negro.png",256,256,false],"htmega_size_1170x536":["https:\/\/www.uartes.edu.ec\/sitio\/wp-content\/uploads\/2018\/09\/Logo-UA-negro.png",256,256,false],"htmega_size_396x360":["https:\/\/www.uartes.edu.ec\/sitio\/wp-content\/uploads\/2018\/09\/Logo-UA-negro.png",256,256,false],"gb-block-post-grid-landscape":["https:\/\/www.uartes.edu.ec\/sitio\/wp-content\/uploads\/2018\/09\/Logo-UA-negro.png",256,256,false],"gb-block-post-grid-square":["https:\/\/www.uartes.edu.ec\/sitio\/wp-content\/uploads\/2018\/09\/Logo-UA-negro.png",256,256,false],"university-hub-thumb":["https:\/\/www.uartes.edu.ec\/sitio\/wp-content\/uploads\/2018\/09\/Logo-UA-negro.png",256,256,false]},"uagb_author_info":{"display_name":"Universidad de las Artes","author_link":"https:\/\/www.uartes.edu.ec\/sitio\/blog\/author\/dircomadm\/"},"uagb_comment_info":0,"uagb_excerpt":"Manuel Larrea, Adina Izarra y Rub\u00e9n Riera, docentes de la Escuela de Artes Sonoras de la Universidad de las Artes, forman parte de los compositores invitados a participar, con obras de su creaci\u00f3n, en el Festival Ecuatoriano de M\u00fasica Contempor\u00e1nea 2018 que se realizar\u00e1 en Quito, del 12 al 15 de septiembre, en el Teatro&hellip;","featured_image_src":"https:\/\/www.uartes.edu.ec\/sitio\/wp-content\/uploads\/2018\/09\/Logo-UA-negro.png","featured_image_src_square":"https:\/\/www.uartes.edu.ec\/sitio\/wp-content\/uploads\/2018\/09\/Logo-UA-negro.png","author_info":{"display_name":"Universidad de las Artes","author_link":"https:\/\/www.uartes.edu.ec\/sitio\/blog\/author\/dircomadm\/"},"publishpress_future_workflow_manual_trigger":{"enabledWorkflows":[]},"distributor_meta":false,"distributor_terms":false,"distributor_media":false,"distributor_original_site_name":"Universidad de las Artes","distributor_original_site_url":"https:\/\/www.uartes.edu.ec\/sitio","push-errors":false,"_links":{"self":[{"href":"https:\/\/www.uartes.edu.ec\/sitio\/wp-json\/wp\/v2\/posts\/1766","targetHints":{"allow":["GET"]}}],"collection":[{"href":"https:\/\/www.uartes.edu.ec\/sitio\/wp-json\/wp\/v2\/posts"}],"about":[{"href":"https:\/\/www.uartes.edu.ec\/sitio\/wp-json\/wp\/v2\/types\/post"}],"author":[{"embeddable":true,"href":"https:\/\/www.uartes.edu.ec\/sitio\/wp-json\/wp\/v2\/users\/1"}],"replies":[{"embeddable":true,"href":"https:\/\/www.uartes.edu.ec\/sitio\/wp-json\/wp\/v2\/comments?post=1766"}],"version-history":[{"count":1,"href":"https:\/\/www.uartes.edu.ec\/sitio\/wp-json\/wp\/v2\/posts\/1766\/revisions"}],"predecessor-version":[{"id":3337,"href":"https:\/\/www.uartes.edu.ec\/sitio\/wp-json\/wp\/v2\/posts\/1766\/revisions\/3337"}],"wp:featuredmedia":[{"embeddable":true,"href":"https:\/\/www.uartes.edu.ec\/sitio\/wp-json\/wp\/v2\/media\/1767"}],"wp:attachment":[{"href":"https:\/\/www.uartes.edu.ec\/sitio\/wp-json\/wp\/v2\/media?parent=1766"}],"wp:term":[{"taxonomy":"category","embeddable":true,"href":"https:\/\/www.uartes.edu.ec\/sitio\/wp-json\/wp\/v2\/categories?post=1766"},{"taxonomy":"post_tag","embeddable":true,"href":"https:\/\/www.uartes.edu.ec\/sitio\/wp-json\/wp\/v2\/tags?post=1766"},{"taxonomy":"infouartes","embeddable":true,"href":"https:\/\/www.uartes.edu.ec\/sitio\/wp-json\/wp\/v2\/infouartes?post=1766"}],"curies":[{"name":"wp","href":"https:\/\/api.w.org\/{rel}","templated":true}]}}