{"id":17791,"date":"2021-12-17T14:04:00","date_gmt":"2021-12-17T19:04:00","guid":{"rendered":"http:\/\/www.uartes.edu.ec\/sitio\/?p=17791"},"modified":"2024-07-04T11:24:55","modified_gmt":"2024-07-04T16:24:55","slug":"alumnis-david-barberan-y-enrique-landivar-creandata-art-studio-y-son-ser-parte-de-puerto-de-luz","status":"publish","type":"post","link":"https:\/\/www.uartes.edu.ec\/sitio\/blog\/2021\/12\/17\/alumnis-david-barberan-y-enrique-landivar-creandata-art-studio-y-son-ser-parte-de-puerto-de-luz\/","title":{"rendered":"Alumni David Barber\u00e1n y Enrique Land\u00edvar crean Data Art Studio y forman parte de \u201cPuerto de Luz\u201d"},"content":{"rendered":"\n<p>Se graduaron en la carrera de Producci\u00f3n Musical y Artes Sonoras en la cohorte 2020 y tras dejar la Universidad de las Artes, David Barber\u00e1n y Enrique Land\u00edvar han venido impulsando proyectos individuales y conjuntos. Es as\u00ed como surge Data Art Studio (@data_artstudio), una productora de servicios audiovisuales y multimedia.<\/p>\n\n\n\n<p>Si su estreno y presencia en el mercado audiovisual y multimedia es una novedad, m\u00e1s lo es la selecci\u00f3n de la que ha sido objeto para encargarse de uno de los atractivos lum\u00ednicos de &#8220;Puerto de Luz&#8221;, un evento realizado por el Municipio de Guayaquil. Esto fue posible, revelan Barber\u00e1n y Land\u00edvar, gracias a la gesti\u00f3n del docente de la Escuela de Artes Sonoras Juan Jos\u00e9 Ripalda (@resonar.ec).<\/p>\n\n\n\n<p>La instalaci\u00f3n referida consta de una pantalla LED interactiva con tecnolog\u00eda Kinect que utiliza el movimiento del cuerpo del usuario para simular texturas visuales audio reactivas y mecanismos de control sobre el plano digital.<\/p>\n\n\n\n<p>Este atractivo lum\u00ednico de \u201cPuerto de Luz\u201d se encuentra ubicado en la entrada de la Biblioteca Municipal de Guayaquil (10 de Agosto, entre Chile y Pedro Carbo), formando parte de un circuito de eventos visuales, como videomapping e instalaciones con luz, que ha sido situado en diferentes puntos del centro de la ciudad.<\/p>\n\n\n\n<p>\u201cPuerto de Luz\u201d (@puertodeluzgye) es un evento gratuito al aire libre, que viene realiz\u00e1ndose desde este jueves 16 de diciembre y se mantendr\u00e1 hasta el domingo 19, de 19:00 a 22:00.<\/p>\n\n\n<div class=\"wp-block-image\">\n<figure class=\"aligncenter size-full\"><img fetchpriority=\"high\" decoding=\"async\" width=\"2000\" height=\"1334\" src=\"http:\/\/www.uartes.edu.ec\/sitio\/wp-content\/uploads\/2021\/12\/BARBERAN-Y-LANDIVAR-ALUMNI-2.jpg\" alt=\"\" class=\"wp-image-17793\" srcset=\"https:\/\/www.uartes.edu.ec\/sitio\/wp-content\/uploads\/2021\/12\/BARBERAN-Y-LANDIVAR-ALUMNI-2.jpg 2000w, https:\/\/www.uartes.edu.ec\/sitio\/wp-content\/uploads\/2021\/12\/BARBERAN-Y-LANDIVAR-ALUMNI-2-644x429.jpg 644w, https:\/\/www.uartes.edu.ec\/sitio\/wp-content\/uploads\/2021\/12\/BARBERAN-Y-LANDIVAR-ALUMNI-2-768x512.jpg 768w, https:\/\/www.uartes.edu.ec\/sitio\/wp-content\/uploads\/2021\/12\/BARBERAN-Y-LANDIVAR-ALUMNI-2-600x400.jpg 600w, https:\/\/www.uartes.edu.ec\/sitio\/wp-content\/uploads\/2021\/12\/BARBERAN-Y-LANDIVAR-ALUMNI-2-272x182.jpg 272w\" sizes=\"(max-width: 2000px) 100vw, 2000px\" \/><\/figure>\n<\/div>","protected":false},"excerpt":{"rendered":"<p>Se graduaron en la carrera de Producci\u00f3n Musical y Artes Sonoras en la cohorte 2020 y tras dejar la Universidad de las Artes, David Barber\u00e1n y Enrique Land\u00edvar han venido impulsando proyectos individuales y conjuntos. Es as\u00ed como surge Data Art Studio, una productora de servicios audiovisuales y multimedia que se encargar\u00e1n de uno de los atractivos lum\u00ednicos de &#8220;Puerto de Luz&#8221;.<\/p>\n","protected":false},"author":10,"featured_media":17792,"comment_status":"open","ping_status":"open","sticky":false,"template":"","format":"standard","meta":{"_acf_changed":false,"_uag_custom_page_level_css":"","_monsterinsights_skip_tracking":false,"_monsterinsights_sitenote_active":false,"_monsterinsights_sitenote_note":"","_monsterinsights_sitenote_category":0,"cybocfi_hide_featured_image":"","footnotes":""},"categories":[490,150,157],"tags":[],"infouartes":[],"class_list":["post-17791","post","type-post","status-publish","format-standard","has-post-thumbnail","hentry","category-alumni","category-artes-sonoras","category-artes-visuales"],"acf":[],"yoast_head":"<!-- This site is optimized with the Yoast SEO plugin v27.4 - https:\/\/yoast.com\/product\/yoast-seo-wordpress\/ -->\n<title>Universidad de las Artes - Alumni David Barber\u00e1n y Enrique Land\u00edvar crean Data Art Studio y forman parte de \u201cPuerto de Luz\u201d<\/title>\n<meta name=\"description\" content=\"Universidad de las Artes - Alumni David Barber\u00e1n y Enrique Land\u00edvar crean Data Art Studio y forman parte de \u201cPuerto de Luz\u201d\" \/>\n<meta name=\"robots\" content=\"index, follow, max-snippet:-1, max-image-preview:large, max-video-preview:-1\" \/>\n<link rel=\"canonical\" href=\"https:\/\/www.uartes.edu.ec\/sitio\/blog\/2021\/12\/17\/alumnis-david-barberan-y-enrique-landivar-creandata-art-studio-y-son-ser-parte-de-puerto-de-luz\/\" \/>\n<meta property=\"og:locale\" content=\"es_ES\" \/>\n<meta property=\"og:type\" content=\"article\" \/>\n<meta property=\"og:title\" content=\"Universidad de las Artes - Alumni David Barber\u00e1n y Enrique Land\u00edvar crean Data Art Studio y forman parte de \u201cPuerto de Luz\u201d\" \/>\n<meta property=\"og:description\" content=\"Universidad de las Artes - Alumni David Barber\u00e1n y Enrique Land\u00edvar crean Data Art Studio y forman parte de \u201cPuerto de Luz\u201d\" \/>\n<meta property=\"og:url\" content=\"https:\/\/www.uartes.edu.ec\/sitio\/blog\/2021\/12\/17\/alumnis-david-barberan-y-enrique-landivar-creandata-art-studio-y-son-ser-parte-de-puerto-de-luz\/\" \/>\n<meta property=\"og:site_name\" content=\"Universidad de las Artes\" \/>\n<meta property=\"article:publisher\" content=\"https:\/\/www.facebook.com\/uartesec\" \/>\n<meta property=\"article:published_time\" content=\"2021-12-17T19:04:00+00:00\" \/>\n<meta property=\"article:modified_time\" content=\"2024-07-04T16:24:55+00:00\" \/>\n<meta property=\"og:image\" content=\"https:\/\/www.uartes.edu.ec\/sitio\/wp-content\/uploads\/2021\/12\/BARBERAN-Y-LANDIVAR-ALUMNI.jpg\" \/>\n\t<meta property=\"og:image:width\" content=\"2000\" \/>\n\t<meta property=\"og:image:height\" content=\"1334\" \/>\n\t<meta property=\"og:image:type\" content=\"image\/jpeg\" \/>\n<meta name=\"author\" content=\"ccortez\" \/>\n<meta name=\"twitter:card\" content=\"summary_large_image\" \/>\n<meta name=\"twitter:creator\" content=\"@uartesec\" \/>\n<meta name=\"twitter:site\" content=\"@uartesec\" \/>\n<meta name=\"twitter:label1\" content=\"Escrito por\" \/>\n\t<meta name=\"twitter:data1\" content=\"ccortez\" \/>\n\t<meta name=\"twitter:label2\" content=\"Tiempo de lectura\" \/>\n\t<meta name=\"twitter:data2\" content=\"2 minutos\" \/>\n<script type=\"application\/ld+json\" class=\"yoast-schema-graph\">{\"@context\":\"https:\\\/\\\/schema.org\",\"@graph\":[{\"@type\":\"Article\",\"@id\":\"https:\\\/\\\/www.uartes.edu.ec\\\/sitio\\\/blog\\\/2021\\\/12\\\/17\\\/alumnis-david-barberan-y-enrique-landivar-creandata-art-studio-y-son-ser-parte-de-puerto-de-luz\\\/#article\",\"isPartOf\":{\"@id\":\"https:\\\/\\\/www.uartes.edu.ec\\\/sitio\\\/blog\\\/2021\\\/12\\\/17\\\/alumnis-david-barberan-y-enrique-landivar-creandata-art-studio-y-son-ser-parte-de-puerto-de-luz\\\/\"},\"author\":{\"name\":\"ccortez\",\"@id\":\"https:\\\/\\\/www.uartes.edu.ec\\\/sitio\\\/#\\\/schema\\\/person\\\/efa1b8275797664fd7f13a79ccc0b1f4\"},\"headline\":\"Alumni David Barber\u00e1n y Enrique Land\u00edvar crean Data Art Studio y forman parte de \u201cPuerto de Luz\u201d\",\"datePublished\":\"2021-12-17T19:04:00+00:00\",\"dateModified\":\"2024-07-04T16:24:55+00:00\",\"mainEntityOfPage\":{\"@id\":\"https:\\\/\\\/www.uartes.edu.ec\\\/sitio\\\/blog\\\/2021\\\/12\\\/17\\\/alumnis-david-barberan-y-enrique-landivar-creandata-art-studio-y-son-ser-parte-de-puerto-de-luz\\\/\"},\"wordCount\":264,\"commentCount\":0,\"publisher\":{\"@id\":\"https:\\\/\\\/www.uartes.edu.ec\\\/sitio\\\/#organization\"},\"image\":{\"@id\":\"https:\\\/\\\/www.uartes.edu.ec\\\/sitio\\\/blog\\\/2021\\\/12\\\/17\\\/alumnis-david-barberan-y-enrique-landivar-creandata-art-studio-y-son-ser-parte-de-puerto-de-luz\\\/#primaryimage\"},\"thumbnailUrl\":\"https:\\\/\\\/www.uartes.edu.ec\\\/sitio\\\/wp-content\\\/uploads\\\/2021\\\/12\\\/BARBERAN-Y-LANDIVAR-ALUMNI.jpg\",\"articleSection\":[\"Alumni\",\"Artes Sonoras\",\"Artes Visuales\"],\"inLanguage\":\"es\",\"potentialAction\":[{\"@type\":\"CommentAction\",\"name\":\"Comment\",\"target\":[\"https:\\\/\\\/www.uartes.edu.ec\\\/sitio\\\/blog\\\/2021\\\/12\\\/17\\\/alumnis-david-barberan-y-enrique-landivar-creandata-art-studio-y-son-ser-parte-de-puerto-de-luz\\\/#respond\"]}]},{\"@type\":[\"WebPage\",\"ItemPage\"],\"@id\":\"https:\\\/\\\/www.uartes.edu.ec\\\/sitio\\\/blog\\\/2021\\\/12\\\/17\\\/alumnis-david-barberan-y-enrique-landivar-creandata-art-studio-y-son-ser-parte-de-puerto-de-luz\\\/\",\"url\":\"https:\\\/\\\/www.uartes.edu.ec\\\/sitio\\\/blog\\\/2021\\\/12\\\/17\\\/alumnis-david-barberan-y-enrique-landivar-creandata-art-studio-y-son-ser-parte-de-puerto-de-luz\\\/\",\"name\":\"Universidad de las Artes - Alumni David Barber\u00e1n y Enrique Land\u00edvar crean Data Art Studio y forman parte de \u201cPuerto de Luz\u201d\",\"isPartOf\":{\"@id\":\"https:\\\/\\\/www.uartes.edu.ec\\\/sitio\\\/#website\"},\"primaryImageOfPage\":{\"@id\":\"https:\\\/\\\/www.uartes.edu.ec\\\/sitio\\\/blog\\\/2021\\\/12\\\/17\\\/alumnis-david-barberan-y-enrique-landivar-creandata-art-studio-y-son-ser-parte-de-puerto-de-luz\\\/#primaryimage\"},\"image\":{\"@id\":\"https:\\\/\\\/www.uartes.edu.ec\\\/sitio\\\/blog\\\/2021\\\/12\\\/17\\\/alumnis-david-barberan-y-enrique-landivar-creandata-art-studio-y-son-ser-parte-de-puerto-de-luz\\\/#primaryimage\"},\"thumbnailUrl\":\"https:\\\/\\\/www.uartes.edu.ec\\\/sitio\\\/wp-content\\\/uploads\\\/2021\\\/12\\\/BARBERAN-Y-LANDIVAR-ALUMNI.jpg\",\"datePublished\":\"2021-12-17T19:04:00+00:00\",\"dateModified\":\"2024-07-04T16:24:55+00:00\",\"description\":\"Universidad de las Artes - Alumni David Barber\u00e1n y Enrique Land\u00edvar crean Data Art Studio y forman parte de \u201cPuerto de Luz\u201d\",\"breadcrumb\":{\"@id\":\"https:\\\/\\\/www.uartes.edu.ec\\\/sitio\\\/blog\\\/2021\\\/12\\\/17\\\/alumnis-david-barberan-y-enrique-landivar-creandata-art-studio-y-son-ser-parte-de-puerto-de-luz\\\/#breadcrumb\"},\"inLanguage\":\"es\",\"potentialAction\":[{\"@type\":\"ReadAction\",\"target\":[\"https:\\\/\\\/www.uartes.edu.ec\\\/sitio\\\/blog\\\/2021\\\/12\\\/17\\\/alumnis-david-barberan-y-enrique-landivar-creandata-art-studio-y-son-ser-parte-de-puerto-de-luz\\\/\"]}]},{\"@type\":\"ImageObject\",\"inLanguage\":\"es\",\"@id\":\"https:\\\/\\\/www.uartes.edu.ec\\\/sitio\\\/blog\\\/2021\\\/12\\\/17\\\/alumnis-david-barberan-y-enrique-landivar-creandata-art-studio-y-son-ser-parte-de-puerto-de-luz\\\/#primaryimage\",\"url\":\"https:\\\/\\\/www.uartes.edu.ec\\\/sitio\\\/wp-content\\\/uploads\\\/2021\\\/12\\\/BARBERAN-Y-LANDIVAR-ALUMNI.jpg\",\"contentUrl\":\"https:\\\/\\\/www.uartes.edu.ec\\\/sitio\\\/wp-content\\\/uploads\\\/2021\\\/12\\\/BARBERAN-Y-LANDIVAR-ALUMNI.jpg\",\"width\":2000,\"height\":1334},{\"@type\":\"BreadcrumbList\",\"@id\":\"https:\\\/\\\/www.uartes.edu.ec\\\/sitio\\\/blog\\\/2021\\\/12\\\/17\\\/alumnis-david-barberan-y-enrique-landivar-creandata-art-studio-y-son-ser-parte-de-puerto-de-luz\\\/#breadcrumb\",\"itemListElement\":[{\"@type\":\"ListItem\",\"position\":1,\"name\":\"Inicio\",\"item\":\"https:\\\/\\\/www.uartes.edu.ec\\\/sitio\\\/\"},{\"@type\":\"ListItem\",\"position\":2,\"name\":\"Alumni David Barber\u00e1n y Enrique Land\u00edvar crean Data Art Studio y forman parte de \u201cPuerto de Luz\u201d\"}]},{\"@type\":\"WebSite\",\"@id\":\"https:\\\/\\\/www.uartes.edu.ec\\\/sitio\\\/#website\",\"url\":\"https:\\\/\\\/www.uartes.edu.ec\\\/sitio\\\/\",\"name\":\"Universidad de las Artes\",\"description\":\"Sitio oficial de la Universidad Nacional de las Artes del Ecuador\",\"publisher\":{\"@id\":\"https:\\\/\\\/www.uartes.edu.ec\\\/sitio\\\/#organization\"},\"potentialAction\":[{\"@type\":\"SearchAction\",\"target\":{\"@type\":\"EntryPoint\",\"urlTemplate\":\"https:\\\/\\\/www.uartes.edu.ec\\\/sitio\\\/?s={search_term_string}\"},\"query-input\":{\"@type\":\"PropertyValueSpecification\",\"valueRequired\":true,\"valueName\":\"search_term_string\"}}],\"inLanguage\":\"es\"},{\"@type\":\"Organization\",\"@id\":\"https:\\\/\\\/www.uartes.edu.ec\\\/sitio\\\/#organization\",\"name\":\"Universidad de las Artes\",\"url\":\"https:\\\/\\\/www.uartes.edu.ec\\\/sitio\\\/\",\"logo\":{\"@type\":\"ImageObject\",\"inLanguage\":\"es\",\"@id\":\"https:\\\/\\\/www.uartes.edu.ec\\\/sitio\\\/#\\\/schema\\\/logo\\\/image\\\/\",\"url\":\"https:\\\/\\\/www.uartes.edu.ec\\\/sitio\\\/wp-content\\\/uploads\\\/2022\\\/07\\\/logo-ua-horizontal.png\",\"contentUrl\":\"https:\\\/\\\/www.uartes.edu.ec\\\/sitio\\\/wp-content\\\/uploads\\\/2022\\\/07\\\/logo-ua-horizontal.png\",\"width\":800,\"height\":276,\"caption\":\"Universidad de las Artes\"},\"image\":{\"@id\":\"https:\\\/\\\/www.uartes.edu.ec\\\/sitio\\\/#\\\/schema\\\/logo\\\/image\\\/\"},\"sameAs\":[\"https:\\\/\\\/www.facebook.com\\\/uartesec\",\"https:\\\/\\\/x.com\\\/uartesec\",\"https:\\\/\\\/www.tiktok.com\\\/@uartesec\"]},{\"@type\":\"Person\",\"@id\":\"https:\\\/\\\/www.uartes.edu.ec\\\/sitio\\\/#\\\/schema\\\/person\\\/efa1b8275797664fd7f13a79ccc0b1f4\",\"name\":\"ccortez\",\"image\":{\"@type\":\"ImageObject\",\"inLanguage\":\"es\",\"@id\":\"https:\\\/\\\/secure.gravatar.com\\\/avatar\\\/b2a6f664a3ae8e074346ef91775736c5ec479e637ecced6842de9dc98b5da9cd?s=96&d=mm&r=g\",\"url\":\"https:\\\/\\\/secure.gravatar.com\\\/avatar\\\/b2a6f664a3ae8e074346ef91775736c5ec479e637ecced6842de9dc98b5da9cd?s=96&d=mm&r=g\",\"contentUrl\":\"https:\\\/\\\/secure.gravatar.com\\\/avatar\\\/b2a6f664a3ae8e074346ef91775736c5ec479e637ecced6842de9dc98b5da9cd?s=96&d=mm&r=g\",\"caption\":\"ccortez\"},\"url\":\"https:\\\/\\\/www.uartes.edu.ec\\\/sitio\\\/blog\\\/author\\\/ccortez\\\/\"}]}<\/script>\n<!-- \/ Yoast SEO plugin. -->","yoast_head_json":{"title":"Universidad de las Artes - Alumni David Barber\u00e1n y Enrique Land\u00edvar crean Data Art Studio y forman parte de \u201cPuerto de Luz\u201d","description":"Universidad de las Artes - Alumni David Barber\u00e1n y Enrique Land\u00edvar crean Data Art Studio y forman parte de \u201cPuerto de Luz\u201d","robots":{"index":"index","follow":"follow","max-snippet":"max-snippet:-1","max-image-preview":"max-image-preview:large","max-video-preview":"max-video-preview:-1"},"canonical":"https:\/\/www.uartes.edu.ec\/sitio\/blog\/2021\/12\/17\/alumnis-david-barberan-y-enrique-landivar-creandata-art-studio-y-son-ser-parte-de-puerto-de-luz\/","og_locale":"es_ES","og_type":"article","og_title":"Universidad de las Artes - Alumni David Barber\u00e1n y Enrique Land\u00edvar crean Data Art Studio y forman parte de \u201cPuerto de Luz\u201d","og_description":"Universidad de las Artes - Alumni David Barber\u00e1n y Enrique Land\u00edvar crean Data Art Studio y forman parte de \u201cPuerto de Luz\u201d","og_url":"https:\/\/www.uartes.edu.ec\/sitio\/blog\/2021\/12\/17\/alumnis-david-barberan-y-enrique-landivar-creandata-art-studio-y-son-ser-parte-de-puerto-de-luz\/","og_site_name":"Universidad de las Artes","article_publisher":"https:\/\/www.facebook.com\/uartesec","article_published_time":"2021-12-17T19:04:00+00:00","article_modified_time":"2024-07-04T16:24:55+00:00","og_image":[{"width":2000,"height":1334,"url":"https:\/\/www.uartes.edu.ec\/sitio\/wp-content\/uploads\/2021\/12\/BARBERAN-Y-LANDIVAR-ALUMNI.jpg","type":"image\/jpeg"}],"author":"ccortez","twitter_card":"summary_large_image","twitter_creator":"@uartesec","twitter_site":"@uartesec","twitter_misc":{"Escrito por":"ccortez","Tiempo de lectura":"2 minutos"},"schema":{"@context":"https:\/\/schema.org","@graph":[{"@type":"Article","@id":"https:\/\/www.uartes.edu.ec\/sitio\/blog\/2021\/12\/17\/alumnis-david-barberan-y-enrique-landivar-creandata-art-studio-y-son-ser-parte-de-puerto-de-luz\/#article","isPartOf":{"@id":"https:\/\/www.uartes.edu.ec\/sitio\/blog\/2021\/12\/17\/alumnis-david-barberan-y-enrique-landivar-creandata-art-studio-y-son-ser-parte-de-puerto-de-luz\/"},"author":{"name":"ccortez","@id":"https:\/\/www.uartes.edu.ec\/sitio\/#\/schema\/person\/efa1b8275797664fd7f13a79ccc0b1f4"},"headline":"Alumni David Barber\u00e1n y Enrique Land\u00edvar crean Data Art Studio y forman parte de \u201cPuerto de Luz\u201d","datePublished":"2021-12-17T19:04:00+00:00","dateModified":"2024-07-04T16:24:55+00:00","mainEntityOfPage":{"@id":"https:\/\/www.uartes.edu.ec\/sitio\/blog\/2021\/12\/17\/alumnis-david-barberan-y-enrique-landivar-creandata-art-studio-y-son-ser-parte-de-puerto-de-luz\/"},"wordCount":264,"commentCount":0,"publisher":{"@id":"https:\/\/www.uartes.edu.ec\/sitio\/#organization"},"image":{"@id":"https:\/\/www.uartes.edu.ec\/sitio\/blog\/2021\/12\/17\/alumnis-david-barberan-y-enrique-landivar-creandata-art-studio-y-son-ser-parte-de-puerto-de-luz\/#primaryimage"},"thumbnailUrl":"https:\/\/www.uartes.edu.ec\/sitio\/wp-content\/uploads\/2021\/12\/BARBERAN-Y-LANDIVAR-ALUMNI.jpg","articleSection":["Alumni","Artes Sonoras","Artes Visuales"],"inLanguage":"es","potentialAction":[{"@type":"CommentAction","name":"Comment","target":["https:\/\/www.uartes.edu.ec\/sitio\/blog\/2021\/12\/17\/alumnis-david-barberan-y-enrique-landivar-creandata-art-studio-y-son-ser-parte-de-puerto-de-luz\/#respond"]}]},{"@type":["WebPage","ItemPage"],"@id":"https:\/\/www.uartes.edu.ec\/sitio\/blog\/2021\/12\/17\/alumnis-david-barberan-y-enrique-landivar-creandata-art-studio-y-son-ser-parte-de-puerto-de-luz\/","url":"https:\/\/www.uartes.edu.ec\/sitio\/blog\/2021\/12\/17\/alumnis-david-barberan-y-enrique-landivar-creandata-art-studio-y-son-ser-parte-de-puerto-de-luz\/","name":"Universidad de las Artes - Alumni David Barber\u00e1n y Enrique Land\u00edvar crean Data Art Studio y forman parte de \u201cPuerto de Luz\u201d","isPartOf":{"@id":"https:\/\/www.uartes.edu.ec\/sitio\/#website"},"primaryImageOfPage":{"@id":"https:\/\/www.uartes.edu.ec\/sitio\/blog\/2021\/12\/17\/alumnis-david-barberan-y-enrique-landivar-creandata-art-studio-y-son-ser-parte-de-puerto-de-luz\/#primaryimage"},"image":{"@id":"https:\/\/www.uartes.edu.ec\/sitio\/blog\/2021\/12\/17\/alumnis-david-barberan-y-enrique-landivar-creandata-art-studio-y-son-ser-parte-de-puerto-de-luz\/#primaryimage"},"thumbnailUrl":"https:\/\/www.uartes.edu.ec\/sitio\/wp-content\/uploads\/2021\/12\/BARBERAN-Y-LANDIVAR-ALUMNI.jpg","datePublished":"2021-12-17T19:04:00+00:00","dateModified":"2024-07-04T16:24:55+00:00","description":"Universidad de las Artes - Alumni David Barber\u00e1n y Enrique Land\u00edvar crean Data Art Studio y forman parte de \u201cPuerto de Luz\u201d","breadcrumb":{"@id":"https:\/\/www.uartes.edu.ec\/sitio\/blog\/2021\/12\/17\/alumnis-david-barberan-y-enrique-landivar-creandata-art-studio-y-son-ser-parte-de-puerto-de-luz\/#breadcrumb"},"inLanguage":"es","potentialAction":[{"@type":"ReadAction","target":["https:\/\/www.uartes.edu.ec\/sitio\/blog\/2021\/12\/17\/alumnis-david-barberan-y-enrique-landivar-creandata-art-studio-y-son-ser-parte-de-puerto-de-luz\/"]}]},{"@type":"ImageObject","inLanguage":"es","@id":"https:\/\/www.uartes.edu.ec\/sitio\/blog\/2021\/12\/17\/alumnis-david-barberan-y-enrique-landivar-creandata-art-studio-y-son-ser-parte-de-puerto-de-luz\/#primaryimage","url":"https:\/\/www.uartes.edu.ec\/sitio\/wp-content\/uploads\/2021\/12\/BARBERAN-Y-LANDIVAR-ALUMNI.jpg","contentUrl":"https:\/\/www.uartes.edu.ec\/sitio\/wp-content\/uploads\/2021\/12\/BARBERAN-Y-LANDIVAR-ALUMNI.jpg","width":2000,"height":1334},{"@type":"BreadcrumbList","@id":"https:\/\/www.uartes.edu.ec\/sitio\/blog\/2021\/12\/17\/alumnis-david-barberan-y-enrique-landivar-creandata-art-studio-y-son-ser-parte-de-puerto-de-luz\/#breadcrumb","itemListElement":[{"@type":"ListItem","position":1,"name":"Inicio","item":"https:\/\/www.uartes.edu.ec\/sitio\/"},{"@type":"ListItem","position":2,"name":"Alumni David Barber\u00e1n y Enrique Land\u00edvar crean Data Art Studio y forman parte de \u201cPuerto de Luz\u201d"}]},{"@type":"WebSite","@id":"https:\/\/www.uartes.edu.ec\/sitio\/#website","url":"https:\/\/www.uartes.edu.ec\/sitio\/","name":"Universidad de las Artes","description":"Sitio oficial de la Universidad Nacional de las Artes del Ecuador","publisher":{"@id":"https:\/\/www.uartes.edu.ec\/sitio\/#organization"},"potentialAction":[{"@type":"SearchAction","target":{"@type":"EntryPoint","urlTemplate":"https:\/\/www.uartes.edu.ec\/sitio\/?s={search_term_string}"},"query-input":{"@type":"PropertyValueSpecification","valueRequired":true,"valueName":"search_term_string"}}],"inLanguage":"es"},{"@type":"Organization","@id":"https:\/\/www.uartes.edu.ec\/sitio\/#organization","name":"Universidad de las Artes","url":"https:\/\/www.uartes.edu.ec\/sitio\/","logo":{"@type":"ImageObject","inLanguage":"es","@id":"https:\/\/www.uartes.edu.ec\/sitio\/#\/schema\/logo\/image\/","url":"https:\/\/www.uartes.edu.ec\/sitio\/wp-content\/uploads\/2022\/07\/logo-ua-horizontal.png","contentUrl":"https:\/\/www.uartes.edu.ec\/sitio\/wp-content\/uploads\/2022\/07\/logo-ua-horizontal.png","width":800,"height":276,"caption":"Universidad de las Artes"},"image":{"@id":"https:\/\/www.uartes.edu.ec\/sitio\/#\/schema\/logo\/image\/"},"sameAs":["https:\/\/www.facebook.com\/uartesec","https:\/\/x.com\/uartesec","https:\/\/www.tiktok.com\/@uartesec"]},{"@type":"Person","@id":"https:\/\/www.uartes.edu.ec\/sitio\/#\/schema\/person\/efa1b8275797664fd7f13a79ccc0b1f4","name":"ccortez","image":{"@type":"ImageObject","inLanguage":"es","@id":"https:\/\/secure.gravatar.com\/avatar\/b2a6f664a3ae8e074346ef91775736c5ec479e637ecced6842de9dc98b5da9cd?s=96&d=mm&r=g","url":"https:\/\/secure.gravatar.com\/avatar\/b2a6f664a3ae8e074346ef91775736c5ec479e637ecced6842de9dc98b5da9cd?s=96&d=mm&r=g","contentUrl":"https:\/\/secure.gravatar.com\/avatar\/b2a6f664a3ae8e074346ef91775736c5ec479e637ecced6842de9dc98b5da9cd?s=96&d=mm&r=g","caption":"ccortez"},"url":"https:\/\/www.uartes.edu.ec\/sitio\/blog\/author\/ccortez\/"}]}},"uagb_featured_image_src":{"full":["https:\/\/www.uartes.edu.ec\/sitio\/wp-content\/uploads\/2021\/12\/BARBERAN-Y-LANDIVAR-ALUMNI.jpg",2000,1334,false],"thumbnail":["https:\/\/www.uartes.edu.ec\/sitio\/wp-content\/uploads\/2021\/12\/BARBERAN-Y-LANDIVAR-ALUMNI-150x150.jpg",150,150,true],"medium":["https:\/\/www.uartes.edu.ec\/sitio\/wp-content\/uploads\/2021\/12\/BARBERAN-Y-LANDIVAR-ALUMNI-300x200.jpg",300,200,true],"medium_large":["https:\/\/www.uartes.edu.ec\/sitio\/wp-content\/uploads\/2021\/12\/BARBERAN-Y-LANDIVAR-ALUMNI-768x512.jpg",768,512,true],"large":["https:\/\/www.uartes.edu.ec\/sitio\/wp-content\/uploads\/2021\/12\/BARBERAN-Y-LANDIVAR-ALUMNI-644x430.jpg",644,430,true],"1536x1536":["https:\/\/www.uartes.edu.ec\/sitio\/wp-content\/uploads\/2021\/12\/BARBERAN-Y-LANDIVAR-ALUMNI-1536x1025.jpg",1536,1025,true],"2048x2048":["https:\/\/www.uartes.edu.ec\/sitio\/wp-content\/uploads\/2021\/12\/BARBERAN-Y-LANDIVAR-ALUMNI.jpg",2000,1334,false],"trp-custom-language-flag":["https:\/\/www.uartes.edu.ec\/sitio\/wp-content\/uploads\/2021\/12\/BARBERAN-Y-LANDIVAR-ALUMNI.jpg",18,12,false],"htmega_size_585x295":["https:\/\/www.uartes.edu.ec\/sitio\/wp-content\/uploads\/2021\/12\/BARBERAN-Y-LANDIVAR-ALUMNI.jpg",442,295,false],"htmega_size_1170x536":["https:\/\/www.uartes.edu.ec\/sitio\/wp-content\/uploads\/2021\/12\/BARBERAN-Y-LANDIVAR-ALUMNI.jpg",804,536,false],"htmega_size_396x360":["https:\/\/www.uartes.edu.ec\/sitio\/wp-content\/uploads\/2021\/12\/BARBERAN-Y-LANDIVAR-ALUMNI.jpg",396,264,false],"gb-block-post-grid-landscape":["https:\/\/www.uartes.edu.ec\/sitio\/wp-content\/uploads\/2021\/12\/BARBERAN-Y-LANDIVAR-ALUMNI-600x400.jpg",600,400,true],"gb-block-post-grid-square":["https:\/\/www.uartes.edu.ec\/sitio\/wp-content\/uploads\/2021\/12\/BARBERAN-Y-LANDIVAR-ALUMNI-600x600.jpg",600,600,true],"university-hub-thumb":["https:\/\/www.uartes.edu.ec\/sitio\/wp-content\/uploads\/2021\/12\/BARBERAN-Y-LANDIVAR-ALUMNI-400x267.jpg",400,267,true]},"uagb_author_info":{"display_name":"ccortez","author_link":"https:\/\/www.uartes.edu.ec\/sitio\/blog\/author\/ccortez\/"},"uagb_comment_info":0,"uagb_excerpt":"Se graduaron en la carrera de Producci\u00f3n Musical y Artes Sonoras en la cohorte 2020 y tras dejar la Universidad de las Artes, David Barber\u00e1n y Enrique Land\u00edvar han venido impulsando proyectos individuales y conjuntos. Es as\u00ed como surge Data Art Studio, una productora de servicios audiovisuales y multimedia que se encargar\u00e1n de uno de&hellip;","featured_image_src":"https:\/\/www.uartes.edu.ec\/sitio\/wp-content\/uploads\/2021\/12\/BARBERAN-Y-LANDIVAR-ALUMNI-600x400.jpg","featured_image_src_square":"https:\/\/www.uartes.edu.ec\/sitio\/wp-content\/uploads\/2021\/12\/BARBERAN-Y-LANDIVAR-ALUMNI-600x600.jpg","author_info":{"display_name":"ccortez","author_link":"https:\/\/www.uartes.edu.ec\/sitio\/blog\/author\/ccortez\/"},"publishpress_future_workflow_manual_trigger":{"enabledWorkflows":[]},"distributor_meta":false,"distributor_terms":false,"distributor_media":false,"distributor_original_site_name":"Universidad de las Artes","distributor_original_site_url":"https:\/\/www.uartes.edu.ec\/sitio","push-errors":false,"_links":{"self":[{"href":"https:\/\/www.uartes.edu.ec\/sitio\/wp-json\/wp\/v2\/posts\/17791","targetHints":{"allow":["GET"]}}],"collection":[{"href":"https:\/\/www.uartes.edu.ec\/sitio\/wp-json\/wp\/v2\/posts"}],"about":[{"href":"https:\/\/www.uartes.edu.ec\/sitio\/wp-json\/wp\/v2\/types\/post"}],"author":[{"embeddable":true,"href":"https:\/\/www.uartes.edu.ec\/sitio\/wp-json\/wp\/v2\/users\/10"}],"replies":[{"embeddable":true,"href":"https:\/\/www.uartes.edu.ec\/sitio\/wp-json\/wp\/v2\/comments?post=17791"}],"version-history":[{"count":9,"href":"https:\/\/www.uartes.edu.ec\/sitio\/wp-json\/wp\/v2\/posts\/17791\/revisions"}],"predecessor-version":[{"id":36085,"href":"https:\/\/www.uartes.edu.ec\/sitio\/wp-json\/wp\/v2\/posts\/17791\/revisions\/36085"}],"wp:featuredmedia":[{"embeddable":true,"href":"https:\/\/www.uartes.edu.ec\/sitio\/wp-json\/wp\/v2\/media\/17792"}],"wp:attachment":[{"href":"https:\/\/www.uartes.edu.ec\/sitio\/wp-json\/wp\/v2\/media?parent=17791"}],"wp:term":[{"taxonomy":"category","embeddable":true,"href":"https:\/\/www.uartes.edu.ec\/sitio\/wp-json\/wp\/v2\/categories?post=17791"},{"taxonomy":"post_tag","embeddable":true,"href":"https:\/\/www.uartes.edu.ec\/sitio\/wp-json\/wp\/v2\/tags?post=17791"},{"taxonomy":"infouartes","embeddable":true,"href":"https:\/\/www.uartes.edu.ec\/sitio\/wp-json\/wp\/v2\/infouartes?post=17791"}],"curies":[{"name":"wp","href":"https:\/\/api.w.org\/{rel}","templated":true}]}}