{"id":17873,"date":"2021-12-17T16:10:00","date_gmt":"2021-12-17T21:10:00","guid":{"rendered":"http:\/\/www.uartes.edu.ec\/sitio\/?p=17873"},"modified":"2024-07-04T11:24:55","modified_gmt":"2024-07-04T16:24:55","slug":"en-la-ceremonia-de-graduacion-de-los-maestrantes-de-la-escuela-de-posgrados","status":"publish","type":"post","link":"https:\/\/www.uartes.edu.ec\/sitio\/blog\/2021\/12\/17\/en-la-ceremonia-de-graduacion-de-los-maestrantes-de-la-escuela-de-posgrados\/","title":{"rendered":"UArtes gradu\u00f3 a la segunda cohorte de Pol\u00edticas Culturales y de Fotograf\u00eda y a la primera de Composici\u00f3n Musical"},"content":{"rendered":"\n<p>Con la respectiva bienvenida a las autoridades de la Universidad de las Artes, rector William Herrera R\u00edos y vicerrectores Olga L\u00f3pez y Bradley Hilgert, y a la directora de la Escuela de Posgrados, Diana Medina, se dio inicio la tarde del s\u00e1bado 11 de diciembre en la Plaza P\u00fablica del MZ14 a la cuarta y \u00faltima ceremonia de graduaci\u00f3n cohorte 2021. Fue la del segundo grupo de maestrantes de Pol\u00edticas Culturales y Gesti\u00f3n de las Artes y de Fotograf\u00eda y Sociedad en Am\u00e9rica Latina, y el primero de Composici\u00f3n Musical y Artes Sonoras.<\/p>\n\n\n\n<p>A la entonaci\u00f3n del Himno Nacional le sigui\u00f3 la intervenci\u00f3n de Olga L\u00f3pez, vicerrectora de Posgrado e Investigaci\u00f3n en Artes, quien trajo a la memoria los inicios de la Escuela de Posgrados y de las maestr\u00edas que actualmente oferta. Tambi\u00e9n hizo un detallado recuento de las 34 tesis de grado de los maestrantes (su discurso en la nota siguiente).<\/p>\n\n\n\n<p>La presentaci\u00f3n de la memoria acad\u00e9mica-art\u00edstica de graduados\/as de la Escuela de Posgrados, la lectura de Acta de Graduaci\u00f3n y la entrega de diplomas, as\u00ed como la menci\u00f3n e intervenci\u00f3n de la mejor graduada, Maril\u00e9n Carolina Anciani Balz\u00e1n, fueron los siguientes puntos de la jornada.<\/p>\n\n\n\n<div class=\"wp-block-image\"><figure class=\"aligncenter size-full\"><img fetchpriority=\"high\" decoding=\"async\" width=\"2000\" height=\"1334\" src=\"http:\/\/www.uartes.edu.ec\/sitio\/wp-content\/uploads\/2021\/12\/16-MEJOR-DISCURSO-POSGRADO.jpg\" alt=\"\" class=\"wp-image-18735\" srcset=\"https:\/\/www.uartes.edu.ec\/sitio\/wp-content\/uploads\/2021\/12\/16-MEJOR-DISCURSO-POSGRADO.jpg 2000w, https:\/\/www.uartes.edu.ec\/sitio\/wp-content\/uploads\/2021\/12\/16-MEJOR-DISCURSO-POSGRADO-644x429.jpg 644w, https:\/\/www.uartes.edu.ec\/sitio\/wp-content\/uploads\/2021\/12\/16-MEJOR-DISCURSO-POSGRADO-768x512.jpg 768w, https:\/\/www.uartes.edu.ec\/sitio\/wp-content\/uploads\/2021\/12\/16-MEJOR-DISCURSO-POSGRADO-600x400.jpg 600w, https:\/\/www.uartes.edu.ec\/sitio\/wp-content\/uploads\/2021\/12\/16-MEJOR-DISCURSO-POSGRADO-272x182.jpg 272w\" sizes=\"(max-width: 2000px) 100vw, 2000px\" \/><\/figure><\/div>\n\n\n\n<h3 class=\"has-text-align-center wp-block-heading\" id=\"primera-maestria-de-composicion-musical-y-artes-sonoras-en-el-ecuador\"><strong>Primera maestr\u00eda de Composici\u00f3n Musical y Artes Sonoras en el Ecuador<\/strong><\/h3>\n\n\n\n<p>Ya en el p\u00f3dium, Maril\u00e9n Anciani Balz\u00e1n (foto sobre estas l\u00edneas) pronunci\u00f3 un discurso coloquial, al inicio, pues tras los saludos respectivos a las autoridades UArtes, a los docentes, padres, familiares e invitados de los graduados, as\u00ed como el agradecimiento por prestarle atenci\u00f3n, pidi\u00f3 a todos re\u00edrse. Que sent\u00eda satisfacci\u00f3n, mucha adrenalina y tambi\u00e9n nervios, admiti\u00f3. No era para menos, se trataba de un d\u00eda especial y \u00fanico en cuanto a la maestr\u00eda de Composici\u00f3n y Artes Sonoras de la UArtes. \u201cDir\u00e1n que todas las graduaciones son especiales, pero en este caso lo es m\u00e1s porque somos la primera maestr\u00eda, promoci\u00f3n, cohorte, graduados en Composici\u00f3n Musical y Artes Sonoras en todo el Ecuador. Este maravilloso proyecto que se ha materializado debe celebrarse con bombos y platillos\u201d, indic\u00f3, mencionando luego a todas las maestr\u00edas.<\/p>\n\n\n\n<p>A su experiencia como maestrante, Maril\u00e9n Anciani la calific\u00f3 como un colosal logro y triunfal esfuerzo para todos los involucrados: estudiantes, docentes y dem\u00e1s personas afines. \u201cTodos los que pusieron su granito de arena para poder hacer realidad este sue\u00f1o\u201d.<\/p>\n\n\n\n<p>Habl\u00f3 de pandemia y de la lucha que muchos, sin duda, mantuvieron para mantener equilibrio y salud mental. \u201cPudimos acoplarnos y nutrirnos de tanto conocimiento y talento, result\u00f3 intimidante tener compa\u00f1eros tan capaces, expertos de tan alto nivel y rendimiento, y es apabullante y enriquecedor, al mismo tiempo\u201d.&nbsp;<\/p>\n\n\n\n<p>Que eran un grupo de los m\u00e1s diversos que ha conocido, a\u00f1adi\u00f3. \u201cEn las tres maestr\u00edas y en la de Composici\u00f3n Musical y Artes Sonoras conjugamos, por ejemplo, metaleros, salseros, jazzistas, acad\u00e9mico, aut\u00f3ctonos y ni hablar de todas estas capacidades t\u00e9cnicas. Nos apoyamos en diferentes situaciones y nos hicimos m\u00e1s fuertes, elevando est\u00e1ndares y el nivel profesional de las artes en el Ecuador\u201d.<\/p>\n\n\n\n<p>\u00bfY ahora qu\u00e9?, se pregunt\u00f3 y respondi\u00f3: \u201cSea lo que sea que hagamos a partir de hoy, quiero invitarlos a seguir so\u00f1ando, no importa que suene trillado que son el motor, motivaci\u00f3n dulce, agradable, anhelada&#8230;&nbsp;No importa que el sue\u00f1o cambie en el camino, as\u00ed es la vida, cambiante, se va transformando, codificando&#8230; Hemos entregado lo mejor de estos dos a\u00f1os de nuestras vidas, experiencias ganadas, amigos nuevos. Les invito a movernos d\u00eda tras d\u00eda al ritmo de nuestros sue\u00f1os y espero que nos encontremos en nuestros sue\u00f1os, sean cuales sean\u201d, concluy\u00f3.<\/p>\n","protected":false},"excerpt":{"rendered":"<p>Con la respectiva bienvenida a las autoridades UArtes, as\u00ed como a la Directora de la Escuela de Posgrados, se inici\u00f3 este 11 de diciembre en el MZ14 la ceremonia de graduaci\u00f3n del segundo grupo de maestrantes de Pol\u00edticas Culturales y Gesti\u00f3n de las Artes y de Fotograf\u00eda y Sociedad en Am\u00e9rica Latina, y el primero de Composici\u00f3n Musical y Artes Sonoras.<\/p>\n","protected":false},"author":10,"featured_media":17875,"comment_status":"open","ping_status":"open","sticky":false,"template":"","format":"standard","meta":{"_acf_changed":false,"_uag_custom_page_level_css":"","_monsterinsights_skip_tracking":false,"_monsterinsights_sitenote_active":false,"_monsterinsights_sitenote_note":"","_monsterinsights_sitenote_category":0,"cybocfi_hide_featured_image":"","footnotes":""},"categories":[80,75,76,264],"tags":[],"infouartes":[],"class_list":["post-17873","post","type-post","status-publish","format-standard","has-post-thumbnail","hentry","category-academico","category-docentes","category-estudiantes","category-maestrias"],"acf":[],"yoast_head":"<!-- This site is optimized with the Yoast SEO plugin v27.4 - https:\/\/yoast.com\/product\/yoast-seo-wordpress\/ -->\n<title>Universidad de las Artes - UArtes gradu\u00f3 a la segunda cohorte de Pol\u00edticas Culturales y de Fotograf\u00eda y a la primera de Composici\u00f3n Musical<\/title>\n<meta name=\"description\" content=\"Universidad de las Artes - UArtes gradu\u00f3 a la segunda cohorte de Pol\u00edticas Culturales y de Fotograf\u00eda y a la primera de Composici\u00f3n Musical\" \/>\n<meta name=\"robots\" content=\"index, follow, max-snippet:-1, max-image-preview:large, max-video-preview:-1\" \/>\n<link rel=\"canonical\" href=\"https:\/\/www.uartes.edu.ec\/sitio\/blog\/2021\/12\/17\/en-la-ceremonia-de-graduacion-de-los-maestrantes-de-la-escuela-de-posgrados\/\" \/>\n<meta property=\"og:locale\" content=\"es_ES\" \/>\n<meta property=\"og:type\" content=\"article\" \/>\n<meta property=\"og:title\" content=\"Universidad de las Artes - UArtes gradu\u00f3 a la segunda cohorte de Pol\u00edticas Culturales y de Fotograf\u00eda y a la primera de Composici\u00f3n Musical\" \/>\n<meta property=\"og:description\" content=\"Universidad de las Artes - UArtes gradu\u00f3 a la segunda cohorte de Pol\u00edticas Culturales y de Fotograf\u00eda y a la primera de Composici\u00f3n Musical\" \/>\n<meta property=\"og:url\" content=\"https:\/\/www.uartes.edu.ec\/sitio\/blog\/2021\/12\/17\/en-la-ceremonia-de-graduacion-de-los-maestrantes-de-la-escuela-de-posgrados\/\" \/>\n<meta property=\"og:site_name\" content=\"Universidad de las Artes\" \/>\n<meta property=\"article:publisher\" content=\"https:\/\/www.facebook.com\/uartesec\" \/>\n<meta property=\"article:published_time\" content=\"2021-12-17T21:10:00+00:00\" \/>\n<meta property=\"article:modified_time\" content=\"2024-07-04T16:24:55+00:00\" \/>\n<meta property=\"og:image\" content=\"https:\/\/www.uartes.edu.ec\/sitio\/wp-content\/uploads\/2021\/12\/15-OLGA-LOPEZ.jpg\" \/>\n\t<meta property=\"og:image:width\" content=\"2000\" \/>\n\t<meta property=\"og:image:height\" content=\"1334\" \/>\n\t<meta property=\"og:image:type\" content=\"image\/jpeg\" \/>\n<meta name=\"author\" content=\"ccortez\" \/>\n<meta name=\"twitter:card\" content=\"summary_large_image\" \/>\n<meta name=\"twitter:creator\" content=\"@uartesec\" \/>\n<meta name=\"twitter:site\" content=\"@uartesec\" \/>\n<meta name=\"twitter:label1\" content=\"Escrito por\" \/>\n\t<meta name=\"twitter:data1\" content=\"ccortez\" \/>\n\t<meta name=\"twitter:label2\" content=\"Tiempo de lectura\" \/>\n\t<meta name=\"twitter:data2\" content=\"3 minutos\" \/>\n<script type=\"application\/ld+json\" class=\"yoast-schema-graph\">{\"@context\":\"https:\\\/\\\/schema.org\",\"@graph\":[{\"@type\":\"Article\",\"@id\":\"https:\\\/\\\/www.uartes.edu.ec\\\/sitio\\\/blog\\\/2021\\\/12\\\/17\\\/en-la-ceremonia-de-graduacion-de-los-maestrantes-de-la-escuela-de-posgrados\\\/#article\",\"isPartOf\":{\"@id\":\"https:\\\/\\\/www.uartes.edu.ec\\\/sitio\\\/blog\\\/2021\\\/12\\\/17\\\/en-la-ceremonia-de-graduacion-de-los-maestrantes-de-la-escuela-de-posgrados\\\/\"},\"author\":{\"name\":\"ccortez\",\"@id\":\"https:\\\/\\\/www.uartes.edu.ec\\\/sitio\\\/#\\\/schema\\\/person\\\/efa1b8275797664fd7f13a79ccc0b1f4\"},\"headline\":\"UArtes gradu\u00f3 a la segunda cohorte de Pol\u00edticas Culturales y de Fotograf\u00eda y a la primera de Composici\u00f3n Musical\",\"datePublished\":\"2021-12-17T21:10:00+00:00\",\"dateModified\":\"2024-07-04T16:24:55+00:00\",\"mainEntityOfPage\":{\"@id\":\"https:\\\/\\\/www.uartes.edu.ec\\\/sitio\\\/blog\\\/2021\\\/12\\\/17\\\/en-la-ceremonia-de-graduacion-de-los-maestrantes-de-la-escuela-de-posgrados\\\/\"},\"wordCount\":671,\"commentCount\":0,\"publisher\":{\"@id\":\"https:\\\/\\\/www.uartes.edu.ec\\\/sitio\\\/#organization\"},\"image\":{\"@id\":\"https:\\\/\\\/www.uartes.edu.ec\\\/sitio\\\/blog\\\/2021\\\/12\\\/17\\\/en-la-ceremonia-de-graduacion-de-los-maestrantes-de-la-escuela-de-posgrados\\\/#primaryimage\"},\"thumbnailUrl\":\"https:\\\/\\\/www.uartes.edu.ec\\\/sitio\\\/wp-content\\\/uploads\\\/2021\\\/12\\\/15-OLGA-LOPEZ.jpg\",\"articleSection\":[\"Acad\u00e9mico\",\"Docentes\",\"Estudiantes\",\"Maestr\u00edas\"],\"inLanguage\":\"es\",\"potentialAction\":[{\"@type\":\"CommentAction\",\"name\":\"Comment\",\"target\":[\"https:\\\/\\\/www.uartes.edu.ec\\\/sitio\\\/blog\\\/2021\\\/12\\\/17\\\/en-la-ceremonia-de-graduacion-de-los-maestrantes-de-la-escuela-de-posgrados\\\/#respond\"]}]},{\"@type\":[\"WebPage\",\"ItemPage\"],\"@id\":\"https:\\\/\\\/www.uartes.edu.ec\\\/sitio\\\/blog\\\/2021\\\/12\\\/17\\\/en-la-ceremonia-de-graduacion-de-los-maestrantes-de-la-escuela-de-posgrados\\\/\",\"url\":\"https:\\\/\\\/www.uartes.edu.ec\\\/sitio\\\/blog\\\/2021\\\/12\\\/17\\\/en-la-ceremonia-de-graduacion-de-los-maestrantes-de-la-escuela-de-posgrados\\\/\",\"name\":\"Universidad de las Artes - UArtes gradu\u00f3 a la segunda cohorte de Pol\u00edticas Culturales y de Fotograf\u00eda y a la primera de Composici\u00f3n Musical\",\"isPartOf\":{\"@id\":\"https:\\\/\\\/www.uartes.edu.ec\\\/sitio\\\/#website\"},\"primaryImageOfPage\":{\"@id\":\"https:\\\/\\\/www.uartes.edu.ec\\\/sitio\\\/blog\\\/2021\\\/12\\\/17\\\/en-la-ceremonia-de-graduacion-de-los-maestrantes-de-la-escuela-de-posgrados\\\/#primaryimage\"},\"image\":{\"@id\":\"https:\\\/\\\/www.uartes.edu.ec\\\/sitio\\\/blog\\\/2021\\\/12\\\/17\\\/en-la-ceremonia-de-graduacion-de-los-maestrantes-de-la-escuela-de-posgrados\\\/#primaryimage\"},\"thumbnailUrl\":\"https:\\\/\\\/www.uartes.edu.ec\\\/sitio\\\/wp-content\\\/uploads\\\/2021\\\/12\\\/15-OLGA-LOPEZ.jpg\",\"datePublished\":\"2021-12-17T21:10:00+00:00\",\"dateModified\":\"2024-07-04T16:24:55+00:00\",\"description\":\"Universidad de las Artes - UArtes gradu\u00f3 a la segunda cohorte de Pol\u00edticas Culturales y de Fotograf\u00eda y a la primera de Composici\u00f3n Musical\",\"breadcrumb\":{\"@id\":\"https:\\\/\\\/www.uartes.edu.ec\\\/sitio\\\/blog\\\/2021\\\/12\\\/17\\\/en-la-ceremonia-de-graduacion-de-los-maestrantes-de-la-escuela-de-posgrados\\\/#breadcrumb\"},\"inLanguage\":\"es\",\"potentialAction\":[{\"@type\":\"ReadAction\",\"target\":[\"https:\\\/\\\/www.uartes.edu.ec\\\/sitio\\\/blog\\\/2021\\\/12\\\/17\\\/en-la-ceremonia-de-graduacion-de-los-maestrantes-de-la-escuela-de-posgrados\\\/\"]}]},{\"@type\":\"ImageObject\",\"inLanguage\":\"es\",\"@id\":\"https:\\\/\\\/www.uartes.edu.ec\\\/sitio\\\/blog\\\/2021\\\/12\\\/17\\\/en-la-ceremonia-de-graduacion-de-los-maestrantes-de-la-escuela-de-posgrados\\\/#primaryimage\",\"url\":\"https:\\\/\\\/www.uartes.edu.ec\\\/sitio\\\/wp-content\\\/uploads\\\/2021\\\/12\\\/15-OLGA-LOPEZ.jpg\",\"contentUrl\":\"https:\\\/\\\/www.uartes.edu.ec\\\/sitio\\\/wp-content\\\/uploads\\\/2021\\\/12\\\/15-OLGA-LOPEZ.jpg\",\"width\":2000,\"height\":1334},{\"@type\":\"BreadcrumbList\",\"@id\":\"https:\\\/\\\/www.uartes.edu.ec\\\/sitio\\\/blog\\\/2021\\\/12\\\/17\\\/en-la-ceremonia-de-graduacion-de-los-maestrantes-de-la-escuela-de-posgrados\\\/#breadcrumb\",\"itemListElement\":[{\"@type\":\"ListItem\",\"position\":1,\"name\":\"Inicio\",\"item\":\"https:\\\/\\\/www.uartes.edu.ec\\\/sitio\\\/\"},{\"@type\":\"ListItem\",\"position\":2,\"name\":\"UArtes gradu\u00f3 a la segunda cohorte de Pol\u00edticas Culturales y de Fotograf\u00eda y a la primera de Composici\u00f3n Musical\"}]},{\"@type\":\"WebSite\",\"@id\":\"https:\\\/\\\/www.uartes.edu.ec\\\/sitio\\\/#website\",\"url\":\"https:\\\/\\\/www.uartes.edu.ec\\\/sitio\\\/\",\"name\":\"Universidad de las Artes\",\"description\":\"Sitio oficial de la Universidad Nacional de las Artes del Ecuador\",\"publisher\":{\"@id\":\"https:\\\/\\\/www.uartes.edu.ec\\\/sitio\\\/#organization\"},\"potentialAction\":[{\"@type\":\"SearchAction\",\"target\":{\"@type\":\"EntryPoint\",\"urlTemplate\":\"https:\\\/\\\/www.uartes.edu.ec\\\/sitio\\\/?s={search_term_string}\"},\"query-input\":{\"@type\":\"PropertyValueSpecification\",\"valueRequired\":true,\"valueName\":\"search_term_string\"}}],\"inLanguage\":\"es\"},{\"@type\":\"Organization\",\"@id\":\"https:\\\/\\\/www.uartes.edu.ec\\\/sitio\\\/#organization\",\"name\":\"Universidad de las Artes\",\"url\":\"https:\\\/\\\/www.uartes.edu.ec\\\/sitio\\\/\",\"logo\":{\"@type\":\"ImageObject\",\"inLanguage\":\"es\",\"@id\":\"https:\\\/\\\/www.uartes.edu.ec\\\/sitio\\\/#\\\/schema\\\/logo\\\/image\\\/\",\"url\":\"https:\\\/\\\/www.uartes.edu.ec\\\/sitio\\\/wp-content\\\/uploads\\\/2022\\\/07\\\/logo-ua-horizontal.png\",\"contentUrl\":\"https:\\\/\\\/www.uartes.edu.ec\\\/sitio\\\/wp-content\\\/uploads\\\/2022\\\/07\\\/logo-ua-horizontal.png\",\"width\":800,\"height\":276,\"caption\":\"Universidad de las Artes\"},\"image\":{\"@id\":\"https:\\\/\\\/www.uartes.edu.ec\\\/sitio\\\/#\\\/schema\\\/logo\\\/image\\\/\"},\"sameAs\":[\"https:\\\/\\\/www.facebook.com\\\/uartesec\",\"https:\\\/\\\/x.com\\\/uartesec\",\"https:\\\/\\\/www.tiktok.com\\\/@uartesec\"]},{\"@type\":\"Person\",\"@id\":\"https:\\\/\\\/www.uartes.edu.ec\\\/sitio\\\/#\\\/schema\\\/person\\\/efa1b8275797664fd7f13a79ccc0b1f4\",\"name\":\"ccortez\",\"image\":{\"@type\":\"ImageObject\",\"inLanguage\":\"es\",\"@id\":\"https:\\\/\\\/secure.gravatar.com\\\/avatar\\\/b2a6f664a3ae8e074346ef91775736c5ec479e637ecced6842de9dc98b5da9cd?s=96&d=mm&r=g\",\"url\":\"https:\\\/\\\/secure.gravatar.com\\\/avatar\\\/b2a6f664a3ae8e074346ef91775736c5ec479e637ecced6842de9dc98b5da9cd?s=96&d=mm&r=g\",\"contentUrl\":\"https:\\\/\\\/secure.gravatar.com\\\/avatar\\\/b2a6f664a3ae8e074346ef91775736c5ec479e637ecced6842de9dc98b5da9cd?s=96&d=mm&r=g\",\"caption\":\"ccortez\"},\"url\":\"https:\\\/\\\/www.uartes.edu.ec\\\/sitio\\\/blog\\\/author\\\/ccortez\\\/\"}]}<\/script>\n<!-- \/ Yoast SEO plugin. -->","yoast_head_json":{"title":"Universidad de las Artes - UArtes gradu\u00f3 a la segunda cohorte de Pol\u00edticas Culturales y de Fotograf\u00eda y a la primera de Composici\u00f3n Musical","description":"Universidad de las Artes - UArtes gradu\u00f3 a la segunda cohorte de Pol\u00edticas Culturales y de Fotograf\u00eda y a la primera de Composici\u00f3n Musical","robots":{"index":"index","follow":"follow","max-snippet":"max-snippet:-1","max-image-preview":"max-image-preview:large","max-video-preview":"max-video-preview:-1"},"canonical":"https:\/\/www.uartes.edu.ec\/sitio\/blog\/2021\/12\/17\/en-la-ceremonia-de-graduacion-de-los-maestrantes-de-la-escuela-de-posgrados\/","og_locale":"es_ES","og_type":"article","og_title":"Universidad de las Artes - UArtes gradu\u00f3 a la segunda cohorte de Pol\u00edticas Culturales y de Fotograf\u00eda y a la primera de Composici\u00f3n Musical","og_description":"Universidad de las Artes - UArtes gradu\u00f3 a la segunda cohorte de Pol\u00edticas Culturales y de Fotograf\u00eda y a la primera de Composici\u00f3n Musical","og_url":"https:\/\/www.uartes.edu.ec\/sitio\/blog\/2021\/12\/17\/en-la-ceremonia-de-graduacion-de-los-maestrantes-de-la-escuela-de-posgrados\/","og_site_name":"Universidad de las Artes","article_publisher":"https:\/\/www.facebook.com\/uartesec","article_published_time":"2021-12-17T21:10:00+00:00","article_modified_time":"2024-07-04T16:24:55+00:00","og_image":[{"width":2000,"height":1334,"url":"https:\/\/www.uartes.edu.ec\/sitio\/wp-content\/uploads\/2021\/12\/15-OLGA-LOPEZ.jpg","type":"image\/jpeg"}],"author":"ccortez","twitter_card":"summary_large_image","twitter_creator":"@uartesec","twitter_site":"@uartesec","twitter_misc":{"Escrito por":"ccortez","Tiempo de lectura":"3 minutos"},"schema":{"@context":"https:\/\/schema.org","@graph":[{"@type":"Article","@id":"https:\/\/www.uartes.edu.ec\/sitio\/blog\/2021\/12\/17\/en-la-ceremonia-de-graduacion-de-los-maestrantes-de-la-escuela-de-posgrados\/#article","isPartOf":{"@id":"https:\/\/www.uartes.edu.ec\/sitio\/blog\/2021\/12\/17\/en-la-ceremonia-de-graduacion-de-los-maestrantes-de-la-escuela-de-posgrados\/"},"author":{"name":"ccortez","@id":"https:\/\/www.uartes.edu.ec\/sitio\/#\/schema\/person\/efa1b8275797664fd7f13a79ccc0b1f4"},"headline":"UArtes gradu\u00f3 a la segunda cohorte de Pol\u00edticas Culturales y de Fotograf\u00eda y a la primera de Composici\u00f3n Musical","datePublished":"2021-12-17T21:10:00+00:00","dateModified":"2024-07-04T16:24:55+00:00","mainEntityOfPage":{"@id":"https:\/\/www.uartes.edu.ec\/sitio\/blog\/2021\/12\/17\/en-la-ceremonia-de-graduacion-de-los-maestrantes-de-la-escuela-de-posgrados\/"},"wordCount":671,"commentCount":0,"publisher":{"@id":"https:\/\/www.uartes.edu.ec\/sitio\/#organization"},"image":{"@id":"https:\/\/www.uartes.edu.ec\/sitio\/blog\/2021\/12\/17\/en-la-ceremonia-de-graduacion-de-los-maestrantes-de-la-escuela-de-posgrados\/#primaryimage"},"thumbnailUrl":"https:\/\/www.uartes.edu.ec\/sitio\/wp-content\/uploads\/2021\/12\/15-OLGA-LOPEZ.jpg","articleSection":["Acad\u00e9mico","Docentes","Estudiantes","Maestr\u00edas"],"inLanguage":"es","potentialAction":[{"@type":"CommentAction","name":"Comment","target":["https:\/\/www.uartes.edu.ec\/sitio\/blog\/2021\/12\/17\/en-la-ceremonia-de-graduacion-de-los-maestrantes-de-la-escuela-de-posgrados\/#respond"]}]},{"@type":["WebPage","ItemPage"],"@id":"https:\/\/www.uartes.edu.ec\/sitio\/blog\/2021\/12\/17\/en-la-ceremonia-de-graduacion-de-los-maestrantes-de-la-escuela-de-posgrados\/","url":"https:\/\/www.uartes.edu.ec\/sitio\/blog\/2021\/12\/17\/en-la-ceremonia-de-graduacion-de-los-maestrantes-de-la-escuela-de-posgrados\/","name":"Universidad de las Artes - UArtes gradu\u00f3 a la segunda cohorte de Pol\u00edticas Culturales y de Fotograf\u00eda y a la primera de Composici\u00f3n Musical","isPartOf":{"@id":"https:\/\/www.uartes.edu.ec\/sitio\/#website"},"primaryImageOfPage":{"@id":"https:\/\/www.uartes.edu.ec\/sitio\/blog\/2021\/12\/17\/en-la-ceremonia-de-graduacion-de-los-maestrantes-de-la-escuela-de-posgrados\/#primaryimage"},"image":{"@id":"https:\/\/www.uartes.edu.ec\/sitio\/blog\/2021\/12\/17\/en-la-ceremonia-de-graduacion-de-los-maestrantes-de-la-escuela-de-posgrados\/#primaryimage"},"thumbnailUrl":"https:\/\/www.uartes.edu.ec\/sitio\/wp-content\/uploads\/2021\/12\/15-OLGA-LOPEZ.jpg","datePublished":"2021-12-17T21:10:00+00:00","dateModified":"2024-07-04T16:24:55+00:00","description":"Universidad de las Artes - UArtes gradu\u00f3 a la segunda cohorte de Pol\u00edticas Culturales y de Fotograf\u00eda y a la primera de Composici\u00f3n Musical","breadcrumb":{"@id":"https:\/\/www.uartes.edu.ec\/sitio\/blog\/2021\/12\/17\/en-la-ceremonia-de-graduacion-de-los-maestrantes-de-la-escuela-de-posgrados\/#breadcrumb"},"inLanguage":"es","potentialAction":[{"@type":"ReadAction","target":["https:\/\/www.uartes.edu.ec\/sitio\/blog\/2021\/12\/17\/en-la-ceremonia-de-graduacion-de-los-maestrantes-de-la-escuela-de-posgrados\/"]}]},{"@type":"ImageObject","inLanguage":"es","@id":"https:\/\/www.uartes.edu.ec\/sitio\/blog\/2021\/12\/17\/en-la-ceremonia-de-graduacion-de-los-maestrantes-de-la-escuela-de-posgrados\/#primaryimage","url":"https:\/\/www.uartes.edu.ec\/sitio\/wp-content\/uploads\/2021\/12\/15-OLGA-LOPEZ.jpg","contentUrl":"https:\/\/www.uartes.edu.ec\/sitio\/wp-content\/uploads\/2021\/12\/15-OLGA-LOPEZ.jpg","width":2000,"height":1334},{"@type":"BreadcrumbList","@id":"https:\/\/www.uartes.edu.ec\/sitio\/blog\/2021\/12\/17\/en-la-ceremonia-de-graduacion-de-los-maestrantes-de-la-escuela-de-posgrados\/#breadcrumb","itemListElement":[{"@type":"ListItem","position":1,"name":"Inicio","item":"https:\/\/www.uartes.edu.ec\/sitio\/"},{"@type":"ListItem","position":2,"name":"UArtes gradu\u00f3 a la segunda cohorte de Pol\u00edticas Culturales y de Fotograf\u00eda y a la primera de Composici\u00f3n Musical"}]},{"@type":"WebSite","@id":"https:\/\/www.uartes.edu.ec\/sitio\/#website","url":"https:\/\/www.uartes.edu.ec\/sitio\/","name":"Universidad de las Artes","description":"Sitio oficial de la Universidad Nacional de las Artes del Ecuador","publisher":{"@id":"https:\/\/www.uartes.edu.ec\/sitio\/#organization"},"potentialAction":[{"@type":"SearchAction","target":{"@type":"EntryPoint","urlTemplate":"https:\/\/www.uartes.edu.ec\/sitio\/?s={search_term_string}"},"query-input":{"@type":"PropertyValueSpecification","valueRequired":true,"valueName":"search_term_string"}}],"inLanguage":"es"},{"@type":"Organization","@id":"https:\/\/www.uartes.edu.ec\/sitio\/#organization","name":"Universidad de las Artes","url":"https:\/\/www.uartes.edu.ec\/sitio\/","logo":{"@type":"ImageObject","inLanguage":"es","@id":"https:\/\/www.uartes.edu.ec\/sitio\/#\/schema\/logo\/image\/","url":"https:\/\/www.uartes.edu.ec\/sitio\/wp-content\/uploads\/2022\/07\/logo-ua-horizontal.png","contentUrl":"https:\/\/www.uartes.edu.ec\/sitio\/wp-content\/uploads\/2022\/07\/logo-ua-horizontal.png","width":800,"height":276,"caption":"Universidad de las Artes"},"image":{"@id":"https:\/\/www.uartes.edu.ec\/sitio\/#\/schema\/logo\/image\/"},"sameAs":["https:\/\/www.facebook.com\/uartesec","https:\/\/x.com\/uartesec","https:\/\/www.tiktok.com\/@uartesec"]},{"@type":"Person","@id":"https:\/\/www.uartes.edu.ec\/sitio\/#\/schema\/person\/efa1b8275797664fd7f13a79ccc0b1f4","name":"ccortez","image":{"@type":"ImageObject","inLanguage":"es","@id":"https:\/\/secure.gravatar.com\/avatar\/b2a6f664a3ae8e074346ef91775736c5ec479e637ecced6842de9dc98b5da9cd?s=96&d=mm&r=g","url":"https:\/\/secure.gravatar.com\/avatar\/b2a6f664a3ae8e074346ef91775736c5ec479e637ecced6842de9dc98b5da9cd?s=96&d=mm&r=g","contentUrl":"https:\/\/secure.gravatar.com\/avatar\/b2a6f664a3ae8e074346ef91775736c5ec479e637ecced6842de9dc98b5da9cd?s=96&d=mm&r=g","caption":"ccortez"},"url":"https:\/\/www.uartes.edu.ec\/sitio\/blog\/author\/ccortez\/"}]}},"uagb_featured_image_src":{"full":["https:\/\/www.uartes.edu.ec\/sitio\/wp-content\/uploads\/2021\/12\/15-OLGA-LOPEZ.jpg",2000,1334,false],"thumbnail":["https:\/\/www.uartes.edu.ec\/sitio\/wp-content\/uploads\/2021\/12\/15-OLGA-LOPEZ-150x150.jpg",150,150,true],"medium":["https:\/\/www.uartes.edu.ec\/sitio\/wp-content\/uploads\/2021\/12\/15-OLGA-LOPEZ-300x200.jpg",300,200,true],"medium_large":["https:\/\/www.uartes.edu.ec\/sitio\/wp-content\/uploads\/2021\/12\/15-OLGA-LOPEZ-768x512.jpg",768,512,true],"large":["https:\/\/www.uartes.edu.ec\/sitio\/wp-content\/uploads\/2021\/12\/15-OLGA-LOPEZ-644x430.jpg",644,430,true],"1536x1536":["https:\/\/www.uartes.edu.ec\/sitio\/wp-content\/uploads\/2021\/12\/15-OLGA-LOPEZ-1536x1025.jpg",1536,1025,true],"2048x2048":["https:\/\/www.uartes.edu.ec\/sitio\/wp-content\/uploads\/2021\/12\/15-OLGA-LOPEZ.jpg",2000,1334,false],"trp-custom-language-flag":["https:\/\/www.uartes.edu.ec\/sitio\/wp-content\/uploads\/2021\/12\/15-OLGA-LOPEZ.jpg",18,12,false],"htmega_size_585x295":["https:\/\/www.uartes.edu.ec\/sitio\/wp-content\/uploads\/2021\/12\/15-OLGA-LOPEZ.jpg",442,295,false],"htmega_size_1170x536":["https:\/\/www.uartes.edu.ec\/sitio\/wp-content\/uploads\/2021\/12\/15-OLGA-LOPEZ.jpg",804,536,false],"htmega_size_396x360":["https:\/\/www.uartes.edu.ec\/sitio\/wp-content\/uploads\/2021\/12\/15-OLGA-LOPEZ.jpg",396,264,false],"gb-block-post-grid-landscape":["https:\/\/www.uartes.edu.ec\/sitio\/wp-content\/uploads\/2021\/12\/15-OLGA-LOPEZ-600x400.jpg",600,400,true],"gb-block-post-grid-square":["https:\/\/www.uartes.edu.ec\/sitio\/wp-content\/uploads\/2021\/12\/15-OLGA-LOPEZ-600x600.jpg",600,600,true],"university-hub-thumb":["https:\/\/www.uartes.edu.ec\/sitio\/wp-content\/uploads\/2021\/12\/15-OLGA-LOPEZ-400x267.jpg",400,267,true]},"uagb_author_info":{"display_name":"ccortez","author_link":"https:\/\/www.uartes.edu.ec\/sitio\/blog\/author\/ccortez\/"},"uagb_comment_info":0,"uagb_excerpt":"Con la respectiva bienvenida a las autoridades UArtes, as\u00ed como a la Directora de la Escuela de Posgrados, se inici\u00f3 este 11 de diciembre en el MZ14 la ceremonia de graduaci\u00f3n del segundo grupo de maestrantes de Pol\u00edticas Culturales y Gesti\u00f3n de las Artes y de Fotograf\u00eda y Sociedad en Am\u00e9rica Latina, y el primero&hellip;","featured_image_src":"https:\/\/www.uartes.edu.ec\/sitio\/wp-content\/uploads\/2021\/12\/15-OLGA-LOPEZ-600x400.jpg","featured_image_src_square":"https:\/\/www.uartes.edu.ec\/sitio\/wp-content\/uploads\/2021\/12\/15-OLGA-LOPEZ-600x600.jpg","author_info":{"display_name":"ccortez","author_link":"https:\/\/www.uartes.edu.ec\/sitio\/blog\/author\/ccortez\/"},"publishpress_future_workflow_manual_trigger":{"enabledWorkflows":[]},"distributor_meta":false,"distributor_terms":false,"distributor_media":false,"distributor_original_site_name":"Universidad de las Artes","distributor_original_site_url":"https:\/\/www.uartes.edu.ec\/sitio","push-errors":false,"_links":{"self":[{"href":"https:\/\/www.uartes.edu.ec\/sitio\/wp-json\/wp\/v2\/posts\/17873","targetHints":{"allow":["GET"]}}],"collection":[{"href":"https:\/\/www.uartes.edu.ec\/sitio\/wp-json\/wp\/v2\/posts"}],"about":[{"href":"https:\/\/www.uartes.edu.ec\/sitio\/wp-json\/wp\/v2\/types\/post"}],"author":[{"embeddable":true,"href":"https:\/\/www.uartes.edu.ec\/sitio\/wp-json\/wp\/v2\/users\/10"}],"replies":[{"embeddable":true,"href":"https:\/\/www.uartes.edu.ec\/sitio\/wp-json\/wp\/v2\/comments?post=17873"}],"version-history":[{"count":10,"href":"https:\/\/www.uartes.edu.ec\/sitio\/wp-json\/wp\/v2\/posts\/17873\/revisions"}],"predecessor-version":[{"id":18741,"href":"https:\/\/www.uartes.edu.ec\/sitio\/wp-json\/wp\/v2\/posts\/17873\/revisions\/18741"}],"wp:featuredmedia":[{"embeddable":true,"href":"https:\/\/www.uartes.edu.ec\/sitio\/wp-json\/wp\/v2\/media\/17875"}],"wp:attachment":[{"href":"https:\/\/www.uartes.edu.ec\/sitio\/wp-json\/wp\/v2\/media?parent=17873"}],"wp:term":[{"taxonomy":"category","embeddable":true,"href":"https:\/\/www.uartes.edu.ec\/sitio\/wp-json\/wp\/v2\/categories?post=17873"},{"taxonomy":"post_tag","embeddable":true,"href":"https:\/\/www.uartes.edu.ec\/sitio\/wp-json\/wp\/v2\/tags?post=17873"},{"taxonomy":"infouartes","embeddable":true,"href":"https:\/\/www.uartes.edu.ec\/sitio\/wp-json\/wp\/v2\/infouartes?post=17873"}],"curies":[{"name":"wp","href":"https:\/\/api.w.org\/{rel}","templated":true}]}}