{"id":18962,"date":"2022-01-11T11:35:00","date_gmt":"2022-01-11T16:35:00","guid":{"rendered":"http:\/\/www.uartes.edu.ec\/sitio\/?p=18962"},"modified":"2024-07-04T11:24:14","modified_gmt":"2024-07-04T16:24:14","slug":"alumni-dylan-vargas-grabo-un-extended-playtras-investigar-la-sonoridad-del-pueblo-puruha","status":"publish","type":"post","link":"https:\/\/www.uartes.edu.ec\/sitio\/blog\/2022\/01\/11\/alumni-dylan-vargas-grabo-un-extended-playtras-investigar-la-sonoridad-del-pueblo-puruha\/","title":{"rendered":"Alumni Dylan Vargas grab\u00f3 un Extended Play tras investigar la sonoridad del pueblo Puruh\u00e1"},"content":{"rendered":"\n<p class=\"has-text-align-right\"><em>El primer tema del material, titulado Yumbo fr\u00e1gil, ya est\u00e1 en YouTube, acompa\u00f1ado del video de su proceso <\/em><br><em>de producci\u00f3n. Los otros tres los subir\u00e1 en los pr\u00f3ximos tres meses.<\/em><\/p>\n\n\n\n<p>Ni bien iniciado el 2022, el alumni Dylan Vargas Santill\u00e1n dio a conocer en sus redes sociales que hab\u00eda decidido subir el <em>Extended Play <\/em>(<em>EP, <\/em>reproducci\u00f3n extendida) con temas de su autor\u00eda que grab\u00f3 tras la investigaci\u00f3n que hizo de la sonoridad del pueblo Puruh\u00e1. Son cuatro y al primero que ya se encuentra en la plataforma de YouTube lo titul\u00f3 <em>Yumbo fr\u00e1gil.<\/em><\/p>\n\n\n\n<p>\u201cLos otros tres los liberar\u00e9 en los siguientes tres meses\u201d, cont\u00f3 Vargas a InfoUArtes. Que en febrero de 2021 obtuvo el t\u00edtulo de licenciado de la Escuela de Artes Sonoras de la Universidad de las Artes, agreg\u00f3.<\/p>\n\n\n\n<p>Justamente, la investigaci\u00f3n etnomusicol\u00f3gica realizada parte de su proyecto de titulaci\u00f3n, para el cual cont\u00f3 con la colaboraci\u00f3n del docente Juan Carlos Franco. La desarroll\u00f3 en Cacha, un territorio Puruh\u00e1 cercano a Riobamba, en la provincia de Chimborazo.<\/p>\n\n\n\n<div class=\"wp-block-image\"><figure class=\"aligncenter size-large\"><img fetchpriority=\"high\" decoding=\"async\" width=\"644\" height=\"429\" src=\"http:\/\/www.uartes.edu.ec\/sitio\/wp-content\/uploads\/2022\/01\/DYLAN-VARGAS-2-644x429.jpg\" alt=\"\" class=\"wp-image-18967\" srcset=\"https:\/\/www.uartes.edu.ec\/sitio\/wp-content\/uploads\/2022\/01\/DYLAN-VARGAS-2-644x429.jpg 644w, https:\/\/www.uartes.edu.ec\/sitio\/wp-content\/uploads\/2022\/01\/DYLAN-VARGAS-2-768x511.jpg 768w, https:\/\/www.uartes.edu.ec\/sitio\/wp-content\/uploads\/2022\/01\/DYLAN-VARGAS-2.jpg 2000w, https:\/\/www.uartes.edu.ec\/sitio\/wp-content\/uploads\/2022\/01\/DYLAN-VARGAS-2-600x399.jpg 600w, https:\/\/www.uartes.edu.ec\/sitio\/wp-content\/uploads\/2022\/01\/DYLAN-VARGAS-2-272x182.jpg 272w\" sizes=\"(max-width: 644px) 100vw, 644px\" \/><\/figure><\/div>\n\n\n\n<p>Es asiduamente visitado, revel\u00f3 el alumni y por las indagaciones que hizo supo que las \u00fanicas personas que tienen conocimiento de la sonoridad del pueblo Puruh\u00e1 pasaban de los 75 y 85 a\u00f1os. Entonces naci\u00f3 su inter\u00e9s por preservar esa identidad sonora ecuatoriana, \u201caplicarle a la composici\u00f3n y tener as\u00ed algo nuestro, una sonoridad propia\u201d.<\/p>\n\n\n\n<p>\u00bfEl resultado?, un video de alrededor de 30 minutos con los temas que compuso. \u201cEl proceso fue bastante interesante porque tuve que adentrarme a la monta\u00f1a, conocer gente y enfrentar que no todos quer\u00edan compartir sus conocimientos. Fue complejo, pero logr\u00e9 encontrar a los m\u00e1s importantes dentro de estos rangos musicales\u201d, anot\u00f3.<\/p>\n\n\n\n<p>Dylan Vargas lleg\u00f3 incluso a crear un power tr\u00edo (banda conformada por guitarra, bajo y bater\u00eda) y lograr as\u00ed el acompa\u00f1amiento de destacados m\u00fasicos riobambe\u00f1os, como Robert Espinoza (en el bajo) y Daniel Cargua (en la bater\u00eda). \u201cFue un espacio de crecimiento para todos, de asimilar esa m\u00fasica e incorporarla a nuevas vertientes. Es un poco complejo, pero lo hicimos de buena manera\u201d.<\/p>\n\n\n\n<p>Que repasaban cuatro horas diarias, agreg\u00f3 y que al final se grabaron cuatro videos e igual n\u00famero de canciones. Una de ellas, <em>Yumbro fr\u00e1gil,<\/em> ya en YouTube.<\/p>\n\n\n\n<div class=\"wp-block-image\"><figure class=\"aligncenter size-large\"><img decoding=\"async\" width=\"644\" height=\"429\" src=\"http:\/\/www.uartes.edu.ec\/sitio\/wp-content\/uploads\/2022\/01\/DYLAN-VARGAS-3-644x429.jpg\" alt=\"\" class=\"wp-image-18968\" srcset=\"https:\/\/www.uartes.edu.ec\/sitio\/wp-content\/uploads\/2022\/01\/DYLAN-VARGAS-3-644x429.jpg 644w, https:\/\/www.uartes.edu.ec\/sitio\/wp-content\/uploads\/2022\/01\/DYLAN-VARGAS-3-768x511.jpg 768w, https:\/\/www.uartes.edu.ec\/sitio\/wp-content\/uploads\/2022\/01\/DYLAN-VARGAS-3.jpg 2000w, https:\/\/www.uartes.edu.ec\/sitio\/wp-content\/uploads\/2022\/01\/DYLAN-VARGAS-3-600x399.jpg 600w, https:\/\/www.uartes.edu.ec\/sitio\/wp-content\/uploads\/2022\/01\/DYLAN-VARGAS-3-272x182.jpg 272w\" sizes=\"(max-width: 644px) 100vw, 644px\" \/><\/figure><\/div>\n\n\n\n<p>En Riobamba, Dylan Vargas abri\u00f3 una escuela donde ense\u00f1a canto, guitarra y piano inicial. Tambi\u00e9n a componer e improvisar. Una de sus mejores experiencias ha sido estudiar en la UArtes y haber trabajado con ni\u00f1os especiales, expres\u00f3.<\/p>\n\n\n\n<p>El alumni de la UArtes integra la banda Vie n&#8217; Roll, la cual tiene ya unos cinco a\u00f1os e interpreta temas in\u00e9ditos \u2013sus composiciones\u2013; en este 2022 trabajar\u00e1n en la producci\u00f3n de un material musical.<\/p>\n\n\n\n<p>Este es el link de <em>Yumbo fr\u00e1gil:<\/em><br><a href=\"https:\/\/youtu.be\/v1TPG4TsxgI\">https:\/\/youtu.be\/v1TPG4TsxgI<\/a><\/p>\n","protected":false},"excerpt":{"rendered":"<p>Ni bien iniciado el 2022, el alumni Dylan Vargas dio a conocer en sus redes sociales que hab\u00eda decidido subir el Extended Play (EP, reproducci\u00f3n extendida) con temas de su autor\u00eda que grab\u00f3 tras la investigaci\u00f3n que hizo de la sonoridad del pueblo Puruh\u00e1. Son cuatro y al primero que ya est\u00e1 en YouTube lo titul\u00f3 &#8220;Yumbo fr\u00e1gil&#8221;.<\/p>\n","protected":false},"author":10,"featured_media":18963,"comment_status":"open","ping_status":"open","sticky":false,"template":"","format":"standard","meta":{"_acf_changed":false,"_uag_custom_page_level_css":"","_monsterinsights_skip_tracking":false,"_monsterinsights_sitenote_active":false,"_monsterinsights_sitenote_note":"","_monsterinsights_sitenote_category":0,"cybocfi_hide_featured_image":"","footnotes":""},"categories":[490,82,150,284],"tags":[58],"infouartes":[],"class_list":["post-18962","post","type-post","status-publish","format-standard","has-post-thumbnail","hentry","category-alumni","category-artes","category-artes-sonoras","category-investigacion","tag-investigacion"],"acf":[],"yoast_head":"<!-- This site is optimized with the Yoast SEO plugin v27.4 - https:\/\/yoast.com\/product\/yoast-seo-wordpress\/ -->\n<title>Universidad de las Artes - Alumni Dylan Vargas grab\u00f3 un Extended Play tras investigar la sonoridad del pueblo Puruh\u00e1<\/title>\n<meta name=\"description\" content=\"Universidad de las Artes - Alumni Dylan Vargas grab\u00f3 un Extended Play tras investigar la sonoridad del pueblo Puruh\u00e1\" \/>\n<meta name=\"robots\" content=\"index, follow, max-snippet:-1, max-image-preview:large, max-video-preview:-1\" \/>\n<link rel=\"canonical\" href=\"https:\/\/www.uartes.edu.ec\/sitio\/blog\/2022\/01\/11\/alumni-dylan-vargas-grabo-un-extended-playtras-investigar-la-sonoridad-del-pueblo-puruha\/\" \/>\n<meta property=\"og:locale\" content=\"es_ES\" \/>\n<meta property=\"og:type\" content=\"article\" \/>\n<meta property=\"og:title\" content=\"Universidad de las Artes - Alumni Dylan Vargas grab\u00f3 un Extended Play tras investigar la sonoridad del pueblo Puruh\u00e1\" \/>\n<meta property=\"og:description\" content=\"Universidad de las Artes - Alumni Dylan Vargas grab\u00f3 un Extended Play tras investigar la sonoridad del pueblo Puruh\u00e1\" \/>\n<meta property=\"og:url\" content=\"https:\/\/www.uartes.edu.ec\/sitio\/blog\/2022\/01\/11\/alumni-dylan-vargas-grabo-un-extended-playtras-investigar-la-sonoridad-del-pueblo-puruha\/\" \/>\n<meta property=\"og:site_name\" content=\"Universidad de las Artes\" \/>\n<meta property=\"article:publisher\" content=\"https:\/\/www.facebook.com\/uartesec\" \/>\n<meta property=\"article:published_time\" content=\"2022-01-11T16:35:00+00:00\" \/>\n<meta property=\"article:modified_time\" content=\"2024-07-04T16:24:14+00:00\" \/>\n<meta property=\"og:image\" content=\"https:\/\/www.uartes.edu.ec\/sitio\/wp-content\/uploads\/2022\/01\/DYLAN-VARGAS-1.jpg\" \/>\n\t<meta property=\"og:image:width\" content=\"2000\" \/>\n\t<meta property=\"og:image:height\" content=\"1333\" \/>\n\t<meta property=\"og:image:type\" content=\"image\/jpeg\" \/>\n<meta name=\"author\" content=\"ccortez\" \/>\n<meta name=\"twitter:card\" content=\"summary_large_image\" \/>\n<meta name=\"twitter:creator\" content=\"@uartesec\" \/>\n<meta name=\"twitter:site\" content=\"@uartesec\" \/>\n<meta name=\"twitter:label1\" content=\"Escrito por\" \/>\n\t<meta name=\"twitter:data1\" content=\"ccortez\" \/>\n\t<meta name=\"twitter:label2\" content=\"Tiempo de lectura\" \/>\n\t<meta name=\"twitter:data2\" content=\"3 minutos\" \/>\n<script type=\"application\/ld+json\" class=\"yoast-schema-graph\">{\"@context\":\"https:\\\/\\\/schema.org\",\"@graph\":[{\"@type\":\"Article\",\"@id\":\"https:\\\/\\\/www.uartes.edu.ec\\\/sitio\\\/blog\\\/2022\\\/01\\\/11\\\/alumni-dylan-vargas-grabo-un-extended-playtras-investigar-la-sonoridad-del-pueblo-puruha\\\/#article\",\"isPartOf\":{\"@id\":\"https:\\\/\\\/www.uartes.edu.ec\\\/sitio\\\/blog\\\/2022\\\/01\\\/11\\\/alumni-dylan-vargas-grabo-un-extended-playtras-investigar-la-sonoridad-del-pueblo-puruha\\\/\"},\"author\":{\"name\":\"ccortez\",\"@id\":\"https:\\\/\\\/www.uartes.edu.ec\\\/sitio\\\/#\\\/schema\\\/person\\\/efa1b8275797664fd7f13a79ccc0b1f4\"},\"headline\":\"Alumni Dylan Vargas grab\u00f3 un Extended Play tras investigar la sonoridad del pueblo Puruh\u00e1\",\"datePublished\":\"2022-01-11T16:35:00+00:00\",\"dateModified\":\"2024-07-04T16:24:14+00:00\",\"mainEntityOfPage\":{\"@id\":\"https:\\\/\\\/www.uartes.edu.ec\\\/sitio\\\/blog\\\/2022\\\/01\\\/11\\\/alumni-dylan-vargas-grabo-un-extended-playtras-investigar-la-sonoridad-del-pueblo-puruha\\\/\"},\"wordCount\":496,\"commentCount\":0,\"publisher\":{\"@id\":\"https:\\\/\\\/www.uartes.edu.ec\\\/sitio\\\/#organization\"},\"image\":{\"@id\":\"https:\\\/\\\/www.uartes.edu.ec\\\/sitio\\\/blog\\\/2022\\\/01\\\/11\\\/alumni-dylan-vargas-grabo-un-extended-playtras-investigar-la-sonoridad-del-pueblo-puruha\\\/#primaryimage\"},\"thumbnailUrl\":\"https:\\\/\\\/www.uartes.edu.ec\\\/sitio\\\/wp-content\\\/uploads\\\/2022\\\/01\\\/DYLAN-VARGAS-1.jpg\",\"keywords\":[\"investigaci\u00f3n\"],\"articleSection\":[\"Alumni\",\"Artes\",\"Artes Sonoras\",\"Investigaci\u00f3n\"],\"inLanguage\":\"es\",\"potentialAction\":[{\"@type\":\"CommentAction\",\"name\":\"Comment\",\"target\":[\"https:\\\/\\\/www.uartes.edu.ec\\\/sitio\\\/blog\\\/2022\\\/01\\\/11\\\/alumni-dylan-vargas-grabo-un-extended-playtras-investigar-la-sonoridad-del-pueblo-puruha\\\/#respond\"]}]},{\"@type\":[\"WebPage\",\"ItemPage\"],\"@id\":\"https:\\\/\\\/www.uartes.edu.ec\\\/sitio\\\/blog\\\/2022\\\/01\\\/11\\\/alumni-dylan-vargas-grabo-un-extended-playtras-investigar-la-sonoridad-del-pueblo-puruha\\\/\",\"url\":\"https:\\\/\\\/www.uartes.edu.ec\\\/sitio\\\/blog\\\/2022\\\/01\\\/11\\\/alumni-dylan-vargas-grabo-un-extended-playtras-investigar-la-sonoridad-del-pueblo-puruha\\\/\",\"name\":\"Universidad de las Artes - Alumni Dylan Vargas grab\u00f3 un Extended Play tras investigar la sonoridad del pueblo Puruh\u00e1\",\"isPartOf\":{\"@id\":\"https:\\\/\\\/www.uartes.edu.ec\\\/sitio\\\/#website\"},\"primaryImageOfPage\":{\"@id\":\"https:\\\/\\\/www.uartes.edu.ec\\\/sitio\\\/blog\\\/2022\\\/01\\\/11\\\/alumni-dylan-vargas-grabo-un-extended-playtras-investigar-la-sonoridad-del-pueblo-puruha\\\/#primaryimage\"},\"image\":{\"@id\":\"https:\\\/\\\/www.uartes.edu.ec\\\/sitio\\\/blog\\\/2022\\\/01\\\/11\\\/alumni-dylan-vargas-grabo-un-extended-playtras-investigar-la-sonoridad-del-pueblo-puruha\\\/#primaryimage\"},\"thumbnailUrl\":\"https:\\\/\\\/www.uartes.edu.ec\\\/sitio\\\/wp-content\\\/uploads\\\/2022\\\/01\\\/DYLAN-VARGAS-1.jpg\",\"datePublished\":\"2022-01-11T16:35:00+00:00\",\"dateModified\":\"2024-07-04T16:24:14+00:00\",\"description\":\"Universidad de las Artes - Alumni Dylan Vargas grab\u00f3 un Extended Play tras investigar la sonoridad del pueblo Puruh\u00e1\",\"breadcrumb\":{\"@id\":\"https:\\\/\\\/www.uartes.edu.ec\\\/sitio\\\/blog\\\/2022\\\/01\\\/11\\\/alumni-dylan-vargas-grabo-un-extended-playtras-investigar-la-sonoridad-del-pueblo-puruha\\\/#breadcrumb\"},\"inLanguage\":\"es\",\"potentialAction\":[{\"@type\":\"ReadAction\",\"target\":[\"https:\\\/\\\/www.uartes.edu.ec\\\/sitio\\\/blog\\\/2022\\\/01\\\/11\\\/alumni-dylan-vargas-grabo-un-extended-playtras-investigar-la-sonoridad-del-pueblo-puruha\\\/\"]}]},{\"@type\":\"ImageObject\",\"inLanguage\":\"es\",\"@id\":\"https:\\\/\\\/www.uartes.edu.ec\\\/sitio\\\/blog\\\/2022\\\/01\\\/11\\\/alumni-dylan-vargas-grabo-un-extended-playtras-investigar-la-sonoridad-del-pueblo-puruha\\\/#primaryimage\",\"url\":\"https:\\\/\\\/www.uartes.edu.ec\\\/sitio\\\/wp-content\\\/uploads\\\/2022\\\/01\\\/DYLAN-VARGAS-1.jpg\",\"contentUrl\":\"https:\\\/\\\/www.uartes.edu.ec\\\/sitio\\\/wp-content\\\/uploads\\\/2022\\\/01\\\/DYLAN-VARGAS-1.jpg\",\"width\":2000,\"height\":1333},{\"@type\":\"BreadcrumbList\",\"@id\":\"https:\\\/\\\/www.uartes.edu.ec\\\/sitio\\\/blog\\\/2022\\\/01\\\/11\\\/alumni-dylan-vargas-grabo-un-extended-playtras-investigar-la-sonoridad-del-pueblo-puruha\\\/#breadcrumb\",\"itemListElement\":[{\"@type\":\"ListItem\",\"position\":1,\"name\":\"Inicio\",\"item\":\"https:\\\/\\\/www.uartes.edu.ec\\\/sitio\\\/\"},{\"@type\":\"ListItem\",\"position\":2,\"name\":\"Alumni Dylan Vargas grab\u00f3 un Extended Play tras investigar la sonoridad del pueblo Puruh\u00e1\"}]},{\"@type\":\"WebSite\",\"@id\":\"https:\\\/\\\/www.uartes.edu.ec\\\/sitio\\\/#website\",\"url\":\"https:\\\/\\\/www.uartes.edu.ec\\\/sitio\\\/\",\"name\":\"Universidad de las Artes\",\"description\":\"Sitio oficial de la Universidad Nacional de las Artes del Ecuador\",\"publisher\":{\"@id\":\"https:\\\/\\\/www.uartes.edu.ec\\\/sitio\\\/#organization\"},\"potentialAction\":[{\"@type\":\"SearchAction\",\"target\":{\"@type\":\"EntryPoint\",\"urlTemplate\":\"https:\\\/\\\/www.uartes.edu.ec\\\/sitio\\\/?s={search_term_string}\"},\"query-input\":{\"@type\":\"PropertyValueSpecification\",\"valueRequired\":true,\"valueName\":\"search_term_string\"}}],\"inLanguage\":\"es\"},{\"@type\":\"Organization\",\"@id\":\"https:\\\/\\\/www.uartes.edu.ec\\\/sitio\\\/#organization\",\"name\":\"Universidad de las Artes\",\"url\":\"https:\\\/\\\/www.uartes.edu.ec\\\/sitio\\\/\",\"logo\":{\"@type\":\"ImageObject\",\"inLanguage\":\"es\",\"@id\":\"https:\\\/\\\/www.uartes.edu.ec\\\/sitio\\\/#\\\/schema\\\/logo\\\/image\\\/\",\"url\":\"https:\\\/\\\/www.uartes.edu.ec\\\/sitio\\\/wp-content\\\/uploads\\\/2022\\\/07\\\/logo-ua-horizontal.png\",\"contentUrl\":\"https:\\\/\\\/www.uartes.edu.ec\\\/sitio\\\/wp-content\\\/uploads\\\/2022\\\/07\\\/logo-ua-horizontal.png\",\"width\":800,\"height\":276,\"caption\":\"Universidad de las Artes\"},\"image\":{\"@id\":\"https:\\\/\\\/www.uartes.edu.ec\\\/sitio\\\/#\\\/schema\\\/logo\\\/image\\\/\"},\"sameAs\":[\"https:\\\/\\\/www.facebook.com\\\/uartesec\",\"https:\\\/\\\/x.com\\\/uartesec\",\"https:\\\/\\\/www.tiktok.com\\\/@uartesec\"]},{\"@type\":\"Person\",\"@id\":\"https:\\\/\\\/www.uartes.edu.ec\\\/sitio\\\/#\\\/schema\\\/person\\\/efa1b8275797664fd7f13a79ccc0b1f4\",\"name\":\"ccortez\",\"image\":{\"@type\":\"ImageObject\",\"inLanguage\":\"es\",\"@id\":\"https:\\\/\\\/secure.gravatar.com\\\/avatar\\\/b2a6f664a3ae8e074346ef91775736c5ec479e637ecced6842de9dc98b5da9cd?s=96&d=mm&r=g\",\"url\":\"https:\\\/\\\/secure.gravatar.com\\\/avatar\\\/b2a6f664a3ae8e074346ef91775736c5ec479e637ecced6842de9dc98b5da9cd?s=96&d=mm&r=g\",\"contentUrl\":\"https:\\\/\\\/secure.gravatar.com\\\/avatar\\\/b2a6f664a3ae8e074346ef91775736c5ec479e637ecced6842de9dc98b5da9cd?s=96&d=mm&r=g\",\"caption\":\"ccortez\"},\"url\":\"https:\\\/\\\/www.uartes.edu.ec\\\/sitio\\\/blog\\\/author\\\/ccortez\\\/\"}]}<\/script>\n<!-- \/ Yoast SEO plugin. -->","yoast_head_json":{"title":"Universidad de las Artes - Alumni Dylan Vargas grab\u00f3 un Extended Play tras investigar la sonoridad del pueblo Puruh\u00e1","description":"Universidad de las Artes - Alumni Dylan Vargas grab\u00f3 un Extended Play tras investigar la sonoridad del pueblo Puruh\u00e1","robots":{"index":"index","follow":"follow","max-snippet":"max-snippet:-1","max-image-preview":"max-image-preview:large","max-video-preview":"max-video-preview:-1"},"canonical":"https:\/\/www.uartes.edu.ec\/sitio\/blog\/2022\/01\/11\/alumni-dylan-vargas-grabo-un-extended-playtras-investigar-la-sonoridad-del-pueblo-puruha\/","og_locale":"es_ES","og_type":"article","og_title":"Universidad de las Artes - Alumni Dylan Vargas grab\u00f3 un Extended Play tras investigar la sonoridad del pueblo Puruh\u00e1","og_description":"Universidad de las Artes - Alumni Dylan Vargas grab\u00f3 un Extended Play tras investigar la sonoridad del pueblo Puruh\u00e1","og_url":"https:\/\/www.uartes.edu.ec\/sitio\/blog\/2022\/01\/11\/alumni-dylan-vargas-grabo-un-extended-playtras-investigar-la-sonoridad-del-pueblo-puruha\/","og_site_name":"Universidad de las Artes","article_publisher":"https:\/\/www.facebook.com\/uartesec","article_published_time":"2022-01-11T16:35:00+00:00","article_modified_time":"2024-07-04T16:24:14+00:00","og_image":[{"width":2000,"height":1333,"url":"https:\/\/www.uartes.edu.ec\/sitio\/wp-content\/uploads\/2022\/01\/DYLAN-VARGAS-1.jpg","type":"image\/jpeg"}],"author":"ccortez","twitter_card":"summary_large_image","twitter_creator":"@uartesec","twitter_site":"@uartesec","twitter_misc":{"Escrito por":"ccortez","Tiempo de lectura":"3 minutos"},"schema":{"@context":"https:\/\/schema.org","@graph":[{"@type":"Article","@id":"https:\/\/www.uartes.edu.ec\/sitio\/blog\/2022\/01\/11\/alumni-dylan-vargas-grabo-un-extended-playtras-investigar-la-sonoridad-del-pueblo-puruha\/#article","isPartOf":{"@id":"https:\/\/www.uartes.edu.ec\/sitio\/blog\/2022\/01\/11\/alumni-dylan-vargas-grabo-un-extended-playtras-investigar-la-sonoridad-del-pueblo-puruha\/"},"author":{"name":"ccortez","@id":"https:\/\/www.uartes.edu.ec\/sitio\/#\/schema\/person\/efa1b8275797664fd7f13a79ccc0b1f4"},"headline":"Alumni Dylan Vargas grab\u00f3 un Extended Play tras investigar la sonoridad del pueblo Puruh\u00e1","datePublished":"2022-01-11T16:35:00+00:00","dateModified":"2024-07-04T16:24:14+00:00","mainEntityOfPage":{"@id":"https:\/\/www.uartes.edu.ec\/sitio\/blog\/2022\/01\/11\/alumni-dylan-vargas-grabo-un-extended-playtras-investigar-la-sonoridad-del-pueblo-puruha\/"},"wordCount":496,"commentCount":0,"publisher":{"@id":"https:\/\/www.uartes.edu.ec\/sitio\/#organization"},"image":{"@id":"https:\/\/www.uartes.edu.ec\/sitio\/blog\/2022\/01\/11\/alumni-dylan-vargas-grabo-un-extended-playtras-investigar-la-sonoridad-del-pueblo-puruha\/#primaryimage"},"thumbnailUrl":"https:\/\/www.uartes.edu.ec\/sitio\/wp-content\/uploads\/2022\/01\/DYLAN-VARGAS-1.jpg","keywords":["investigaci\u00f3n"],"articleSection":["Alumni","Artes","Artes Sonoras","Investigaci\u00f3n"],"inLanguage":"es","potentialAction":[{"@type":"CommentAction","name":"Comment","target":["https:\/\/www.uartes.edu.ec\/sitio\/blog\/2022\/01\/11\/alumni-dylan-vargas-grabo-un-extended-playtras-investigar-la-sonoridad-del-pueblo-puruha\/#respond"]}]},{"@type":["WebPage","ItemPage"],"@id":"https:\/\/www.uartes.edu.ec\/sitio\/blog\/2022\/01\/11\/alumni-dylan-vargas-grabo-un-extended-playtras-investigar-la-sonoridad-del-pueblo-puruha\/","url":"https:\/\/www.uartes.edu.ec\/sitio\/blog\/2022\/01\/11\/alumni-dylan-vargas-grabo-un-extended-playtras-investigar-la-sonoridad-del-pueblo-puruha\/","name":"Universidad de las Artes - Alumni Dylan Vargas grab\u00f3 un Extended Play tras investigar la sonoridad del pueblo Puruh\u00e1","isPartOf":{"@id":"https:\/\/www.uartes.edu.ec\/sitio\/#website"},"primaryImageOfPage":{"@id":"https:\/\/www.uartes.edu.ec\/sitio\/blog\/2022\/01\/11\/alumni-dylan-vargas-grabo-un-extended-playtras-investigar-la-sonoridad-del-pueblo-puruha\/#primaryimage"},"image":{"@id":"https:\/\/www.uartes.edu.ec\/sitio\/blog\/2022\/01\/11\/alumni-dylan-vargas-grabo-un-extended-playtras-investigar-la-sonoridad-del-pueblo-puruha\/#primaryimage"},"thumbnailUrl":"https:\/\/www.uartes.edu.ec\/sitio\/wp-content\/uploads\/2022\/01\/DYLAN-VARGAS-1.jpg","datePublished":"2022-01-11T16:35:00+00:00","dateModified":"2024-07-04T16:24:14+00:00","description":"Universidad de las Artes - Alumni Dylan Vargas grab\u00f3 un Extended Play tras investigar la sonoridad del pueblo Puruh\u00e1","breadcrumb":{"@id":"https:\/\/www.uartes.edu.ec\/sitio\/blog\/2022\/01\/11\/alumni-dylan-vargas-grabo-un-extended-playtras-investigar-la-sonoridad-del-pueblo-puruha\/#breadcrumb"},"inLanguage":"es","potentialAction":[{"@type":"ReadAction","target":["https:\/\/www.uartes.edu.ec\/sitio\/blog\/2022\/01\/11\/alumni-dylan-vargas-grabo-un-extended-playtras-investigar-la-sonoridad-del-pueblo-puruha\/"]}]},{"@type":"ImageObject","inLanguage":"es","@id":"https:\/\/www.uartes.edu.ec\/sitio\/blog\/2022\/01\/11\/alumni-dylan-vargas-grabo-un-extended-playtras-investigar-la-sonoridad-del-pueblo-puruha\/#primaryimage","url":"https:\/\/www.uartes.edu.ec\/sitio\/wp-content\/uploads\/2022\/01\/DYLAN-VARGAS-1.jpg","contentUrl":"https:\/\/www.uartes.edu.ec\/sitio\/wp-content\/uploads\/2022\/01\/DYLAN-VARGAS-1.jpg","width":2000,"height":1333},{"@type":"BreadcrumbList","@id":"https:\/\/www.uartes.edu.ec\/sitio\/blog\/2022\/01\/11\/alumni-dylan-vargas-grabo-un-extended-playtras-investigar-la-sonoridad-del-pueblo-puruha\/#breadcrumb","itemListElement":[{"@type":"ListItem","position":1,"name":"Inicio","item":"https:\/\/www.uartes.edu.ec\/sitio\/"},{"@type":"ListItem","position":2,"name":"Alumni Dylan Vargas grab\u00f3 un Extended Play tras investigar la sonoridad del pueblo Puruh\u00e1"}]},{"@type":"WebSite","@id":"https:\/\/www.uartes.edu.ec\/sitio\/#website","url":"https:\/\/www.uartes.edu.ec\/sitio\/","name":"Universidad de las Artes","description":"Sitio oficial de la Universidad Nacional de las Artes del Ecuador","publisher":{"@id":"https:\/\/www.uartes.edu.ec\/sitio\/#organization"},"potentialAction":[{"@type":"SearchAction","target":{"@type":"EntryPoint","urlTemplate":"https:\/\/www.uartes.edu.ec\/sitio\/?s={search_term_string}"},"query-input":{"@type":"PropertyValueSpecification","valueRequired":true,"valueName":"search_term_string"}}],"inLanguage":"es"},{"@type":"Organization","@id":"https:\/\/www.uartes.edu.ec\/sitio\/#organization","name":"Universidad de las Artes","url":"https:\/\/www.uartes.edu.ec\/sitio\/","logo":{"@type":"ImageObject","inLanguage":"es","@id":"https:\/\/www.uartes.edu.ec\/sitio\/#\/schema\/logo\/image\/","url":"https:\/\/www.uartes.edu.ec\/sitio\/wp-content\/uploads\/2022\/07\/logo-ua-horizontal.png","contentUrl":"https:\/\/www.uartes.edu.ec\/sitio\/wp-content\/uploads\/2022\/07\/logo-ua-horizontal.png","width":800,"height":276,"caption":"Universidad de las Artes"},"image":{"@id":"https:\/\/www.uartes.edu.ec\/sitio\/#\/schema\/logo\/image\/"},"sameAs":["https:\/\/www.facebook.com\/uartesec","https:\/\/x.com\/uartesec","https:\/\/www.tiktok.com\/@uartesec"]},{"@type":"Person","@id":"https:\/\/www.uartes.edu.ec\/sitio\/#\/schema\/person\/efa1b8275797664fd7f13a79ccc0b1f4","name":"ccortez","image":{"@type":"ImageObject","inLanguage":"es","@id":"https:\/\/secure.gravatar.com\/avatar\/b2a6f664a3ae8e074346ef91775736c5ec479e637ecced6842de9dc98b5da9cd?s=96&d=mm&r=g","url":"https:\/\/secure.gravatar.com\/avatar\/b2a6f664a3ae8e074346ef91775736c5ec479e637ecced6842de9dc98b5da9cd?s=96&d=mm&r=g","contentUrl":"https:\/\/secure.gravatar.com\/avatar\/b2a6f664a3ae8e074346ef91775736c5ec479e637ecced6842de9dc98b5da9cd?s=96&d=mm&r=g","caption":"ccortez"},"url":"https:\/\/www.uartes.edu.ec\/sitio\/blog\/author\/ccortez\/"}]}},"uagb_featured_image_src":{"full":["https:\/\/www.uartes.edu.ec\/sitio\/wp-content\/uploads\/2022\/01\/DYLAN-VARGAS-1.jpg",2000,1333,false],"thumbnail":["https:\/\/www.uartes.edu.ec\/sitio\/wp-content\/uploads\/2022\/01\/DYLAN-VARGAS-1-150x150.jpg",150,150,true],"medium":["https:\/\/www.uartes.edu.ec\/sitio\/wp-content\/uploads\/2022\/01\/DYLAN-VARGAS-1-300x200.jpg",300,200,true],"medium_large":["https:\/\/www.uartes.edu.ec\/sitio\/wp-content\/uploads\/2022\/01\/DYLAN-VARGAS-1-768x512.jpg",768,512,true],"large":["https:\/\/www.uartes.edu.ec\/sitio\/wp-content\/uploads\/2022\/01\/DYLAN-VARGAS-1-644x429.jpg",644,429,true],"1536x1536":["https:\/\/www.uartes.edu.ec\/sitio\/wp-content\/uploads\/2022\/01\/DYLAN-VARGAS-1-1536x1024.jpg",1536,1024,true],"2048x2048":["https:\/\/www.uartes.edu.ec\/sitio\/wp-content\/uploads\/2022\/01\/DYLAN-VARGAS-1.jpg",2000,1333,false],"trp-custom-language-flag":["https:\/\/www.uartes.edu.ec\/sitio\/wp-content\/uploads\/2022\/01\/DYLAN-VARGAS-1.jpg",18,12,false],"htmega_size_585x295":["https:\/\/www.uartes.edu.ec\/sitio\/wp-content\/uploads\/2022\/01\/DYLAN-VARGAS-1.jpg",443,295,false],"htmega_size_1170x536":["https:\/\/www.uartes.edu.ec\/sitio\/wp-content\/uploads\/2022\/01\/DYLAN-VARGAS-1.jpg",804,536,false],"htmega_size_396x360":["https:\/\/www.uartes.edu.ec\/sitio\/wp-content\/uploads\/2022\/01\/DYLAN-VARGAS-1.jpg",396,264,false],"gb-block-post-grid-landscape":["https:\/\/www.uartes.edu.ec\/sitio\/wp-content\/uploads\/2022\/01\/DYLAN-VARGAS-1-600x400.jpg",600,400,true],"gb-block-post-grid-square":["https:\/\/www.uartes.edu.ec\/sitio\/wp-content\/uploads\/2022\/01\/DYLAN-VARGAS-1-600x600.jpg",600,600,true],"university-hub-thumb":["https:\/\/www.uartes.edu.ec\/sitio\/wp-content\/uploads\/2022\/01\/DYLAN-VARGAS-1-400x267.jpg",400,267,true]},"uagb_author_info":{"display_name":"ccortez","author_link":"https:\/\/www.uartes.edu.ec\/sitio\/blog\/author\/ccortez\/"},"uagb_comment_info":0,"uagb_excerpt":"Ni bien iniciado el 2022, el alumni Dylan Vargas dio a conocer en sus redes sociales que hab\u00eda decidido subir el Extended Play (EP, reproducci\u00f3n extendida) con temas de su autor\u00eda que grab\u00f3 tras la investigaci\u00f3n que hizo de la sonoridad del pueblo Puruh\u00e1. Son cuatro y al primero que ya est\u00e1 en YouTube lo&hellip;","featured_image_src":"https:\/\/www.uartes.edu.ec\/sitio\/wp-content\/uploads\/2022\/01\/DYLAN-VARGAS-1-600x400.jpg","featured_image_src_square":"https:\/\/www.uartes.edu.ec\/sitio\/wp-content\/uploads\/2022\/01\/DYLAN-VARGAS-1-600x600.jpg","author_info":{"display_name":"ccortez","author_link":"https:\/\/www.uartes.edu.ec\/sitio\/blog\/author\/ccortez\/"},"publishpress_future_workflow_manual_trigger":{"enabledWorkflows":[]},"distributor_meta":false,"distributor_terms":false,"distributor_media":false,"distributor_original_site_name":"Universidad de las Artes","distributor_original_site_url":"https:\/\/www.uartes.edu.ec\/sitio","push-errors":false,"_links":{"self":[{"href":"https:\/\/www.uartes.edu.ec\/sitio\/wp-json\/wp\/v2\/posts\/18962","targetHints":{"allow":["GET"]}}],"collection":[{"href":"https:\/\/www.uartes.edu.ec\/sitio\/wp-json\/wp\/v2\/posts"}],"about":[{"href":"https:\/\/www.uartes.edu.ec\/sitio\/wp-json\/wp\/v2\/types\/post"}],"author":[{"embeddable":true,"href":"https:\/\/www.uartes.edu.ec\/sitio\/wp-json\/wp\/v2\/users\/10"}],"replies":[{"embeddable":true,"href":"https:\/\/www.uartes.edu.ec\/sitio\/wp-json\/wp\/v2\/comments?post=18962"}],"version-history":[{"count":4,"href":"https:\/\/www.uartes.edu.ec\/sitio\/wp-json\/wp\/v2\/posts\/18962\/revisions"}],"predecessor-version":[{"id":18970,"href":"https:\/\/www.uartes.edu.ec\/sitio\/wp-json\/wp\/v2\/posts\/18962\/revisions\/18970"}],"wp:featuredmedia":[{"embeddable":true,"href":"https:\/\/www.uartes.edu.ec\/sitio\/wp-json\/wp\/v2\/media\/18963"}],"wp:attachment":[{"href":"https:\/\/www.uartes.edu.ec\/sitio\/wp-json\/wp\/v2\/media?parent=18962"}],"wp:term":[{"taxonomy":"category","embeddable":true,"href":"https:\/\/www.uartes.edu.ec\/sitio\/wp-json\/wp\/v2\/categories?post=18962"},{"taxonomy":"post_tag","embeddable":true,"href":"https:\/\/www.uartes.edu.ec\/sitio\/wp-json\/wp\/v2\/tags?post=18962"},{"taxonomy":"infouartes","embeddable":true,"href":"https:\/\/www.uartes.edu.ec\/sitio\/wp-json\/wp\/v2\/infouartes?post=18962"}],"curies":[{"name":"wp","href":"https:\/\/api.w.org\/{rel}","templated":true}]}}