{"id":19678,"date":"2022-02-18T16:08:25","date_gmt":"2022-02-18T21:08:25","guid":{"rendered":"http:\/\/www.uartes.edu.ec\/sitio\/?p=19678"},"modified":"2024-07-04T11:23:56","modified_gmt":"2024-07-04T16:23:56","slug":"la-asociacion-comunitaria-hilarte-y-el-proyecto-pacha-implementan-una-biblioteca-comunitaria-en-la-trinitaria","status":"publish","type":"post","link":"https:\/\/www.uartes.edu.ec\/sitio\/blog\/2022\/02\/18\/la-asociacion-comunitaria-hilarte-y-el-proyecto-pacha-implementan-una-biblioteca-comunitaria-en-la-trinitaria\/","title":{"rendered":"La Asociaci\u00f3n Comunitaria Hilarte y el Proyecto Pacha implementan una biblioteca comunitaria en la Trinitaria"},"content":{"rendered":"\n<p>En un trabajo que se inici\u00f3 hace un a\u00f1o, docentes de la asignatura Laboratorio con la Comunidad de la Universidad de las Artes y la Asociaci\u00f3n Comunitaria Hilarte implementan un espacio de mediaci\u00f3n cultural que iniciar\u00e1 operaciones el pr\u00f3ximo mes de marzo, seg\u00fan lo anunci\u00f3 Patricia Toro, directora de la organizaci\u00f3n mencionada.<\/p>\n\n\n\n<p>La biblioteca comunitaria se llamar\u00e1\u00a0El Garaje, un nombre que se ajusta a la idea de un dispositivo en tr\u00e1nsito y de puertas abiertas\u00a0para generar actividades de orden cultural y l\u00fadico, refiri\u00f3 Natalia Tamayo, docente de la Universidad de las Artes.\u00a0<\/p>\n\n\n\n<p>Pacha, dispositivos m\u00f3viles para recuperar la memoria viva de los territorios, es un proyecto ligado a la asignatura Laboratorio con la Comunidad del que es parte Tamayo, se inici\u00f3 con los docentes Ana Carrillo, Luis P\u00e1ez y Pedro Mujica y unieron luego Marcelo Leyton y Nicol\u00e1s Schvarzberg.<\/p>\n\n\n\n<p>En una actividad realizada el pasado 5 de febrero, Natalia Tamayo junto a Patricio S\u00e1nchez, de Vinculaci\u00f3n con la Comunidad UArtes, entregaron en la Isla Trinitaria, sector ubicado al Sur de Guayaquil, productos escritos y visuales que&nbsp;se elaboraron durante el segundo semestre del 2021.&nbsp; &nbsp;<\/p>\n\n\n\n<p>Fernando Navarrete y Romina M\u00e1rquez, estudiantes de Artes Visuales, en representaci\u00f3n de los alumnxs, entregaron los paneles m\u00f3viles y el mural de la fachada de la biblioteca.&nbsp;\u201cBuscamos plasmar las historias o leyendas de las comunidades afroecuatorianas y de ciertos personajes del sector\u201d, dijo el alumno al tiempo de se\u00f1alar que en las puertas de&nbsp;El Garaje&nbsp;pintaron personajes de cuentos, pues la lectura se inculca desde la infancia.<\/p>\n\n\n\n<p>Las bibliotecas comunitarias nos permiten acercarnos, conocernos y hablar de nuestros temas, anot\u00f3 Tamayo y detall\u00f3 la labor realizada en dos semestres. En el primero trabajaron, con la Asociaci\u00f3n Hilarte y la comunidad, el interior del espacio, la mesa y los estantes. En el segundo, pintaron puertas, elaboraron los primeros paneles m\u00f3viles, el Modelo de Gesti\u00f3n, un Cuaderno de Cuentos y un Fanzine a partir de las historias de vida de los moradores del sector.<\/p>\n\n\n\n<p>\u201cNos interesa como universidad, como docentes y estudiantes, establecer estos puntos de lectura y de mediaci\u00f3n, donde la gente se acerque, lea, escriba, aprenda, participe, transmita su historia y circule sus conocimientos. Que nosotros como universidad podamos aprender de ustedes en una circulaci\u00f3n de saberes que nos permita crecer a ambos\u201d, expres\u00f3 Tamayo en la actividad realizada.<\/p>\n\n\n\n<p>A nombre de la Secretar\u00eda de Vinculaci\u00f3n con la Sociedad, Patricio S\u00e1nchez expres\u00f3 que para la UArtes es grato saber del trabajo con el sector y record\u00f3 la pol\u00edtica institucional de ir hacia las comunidades. \u201cLa universidad tiene que ir de la mano con la comunidad para retroalimentarnos de lo que necesitamos palpar e interactuar, pues le hace bien a la educaci\u00f3n superior\u201d.<\/p>\n\n\n\n<p>Tambi\u00e9n record\u00f3 que, antes del Proyecto Pacha, la UArtes ya hab\u00eda impulsado actividades en la Isla Trinitaria. Lo viene haciendo desde el 2016 en el sector Nigeria y que con la Asociaci\u00f3n Comunitaria Hilarte se firmar\u00e1 un convenio para m\u00e1s acciones conjuntas. S\u00e1nchez hizo extensivo el saludo de Mar\u00eda Jos\u00e9 Icaza, directora de Vinculaci\u00f3n con la Comunidad.<\/p>\n\n\n\n<p>Patricia Toro, por su parte, cont\u00f3 que desde el 15 de marzo pr\u00f3ximo la Asociaci\u00f3n Comunitaria Hilarte dar\u00e1 atenci\u00f3n en El Garaje de martes a s\u00e1bado, de 09:00 a 12:00 y de 14:00 a 17:00. El espacio ser\u00e1 un sitio donde la comunidad podr\u00e1 reunirse para leer. \u201cHabr\u00e1 juegos, conectividad, consultas. Una biblioteca abierta para la comunidad\u201d.<\/p>\n\n\n\n<p>Atentos porque en una pr\u00f3xima entrega habr\u00e1 m\u00e1s informaci\u00f3n sobre el Proyecto Pacha y las actividades que impulsa conjuntamente con las comunidades.<\/p>\n","protected":false},"excerpt":{"rendered":"<p>En un trabajo que se inici\u00f3 hace un a\u00f1o, docentes de la asignatura Laboratorio con la Comunidad de la Universidad de las Artes y la Asociaci\u00f3n Comunitaria Hilarte implementan un espacio de mediaci\u00f3n cultural que iniciar\u00e1 operaciones el pr\u00f3ximo mes de marzo. El pasado 5 de febrero se hizo la entrega en la Isla Trinitaria, sector ubicado al Sur de Guayaquil, productos escritos y visuales elaborados por los estudiantes UArtes durante el II Semestre 2021.<\/p>\n","protected":false},"author":1,"featured_media":19683,"comment_status":"open","ping_status":"open","sticky":false,"template":"","format":"standard","meta":{"_acf_changed":false,"_uag_custom_page_level_css":"","_monsterinsights_skip_tracking":false,"_monsterinsights_sitenote_active":false,"_monsterinsights_sitenote_note":"","_monsterinsights_sitenote_category":0,"cybocfi_hide_featured_image":"","footnotes":""},"categories":[75,76,79],"tags":[504],"infouartes":[],"class_list":["post-19678","post","type-post","status-publish","format-standard","has-post-thumbnail","hentry","category-docentes","category-estudiantes","category-vinculo","tag-pacha"],"acf":[],"yoast_head":"<!-- This site is optimized with the Yoast SEO plugin v27.4 - https:\/\/yoast.com\/product\/yoast-seo-wordpress\/ -->\n<title>Universidad de las Artes - La Asociaci\u00f3n Comunitaria Hilarte y el Proyecto Pacha implementan una biblioteca comunitaria en la Trinitaria<\/title>\n<meta name=\"description\" content=\"Universidad de las Artes - La Asociaci\u00f3n Comunitaria Hilarte y el Proyecto Pacha implementan una biblioteca comunitaria en la Trinitaria\" \/>\n<meta name=\"robots\" content=\"index, follow, max-snippet:-1, max-image-preview:large, max-video-preview:-1\" \/>\n<link rel=\"canonical\" href=\"https:\/\/www.uartes.edu.ec\/sitio\/blog\/2022\/02\/18\/la-asociacion-comunitaria-hilarte-y-el-proyecto-pacha-implementan-una-biblioteca-comunitaria-en-la-trinitaria\/\" \/>\n<meta property=\"og:locale\" content=\"es_ES\" \/>\n<meta property=\"og:type\" content=\"article\" \/>\n<meta property=\"og:title\" content=\"Universidad de las Artes - La Asociaci\u00f3n Comunitaria Hilarte y el Proyecto Pacha implementan una biblioteca comunitaria en la Trinitaria\" \/>\n<meta property=\"og:description\" content=\"Universidad de las Artes - La Asociaci\u00f3n Comunitaria Hilarte y el Proyecto Pacha implementan una biblioteca comunitaria en la Trinitaria\" \/>\n<meta property=\"og:url\" content=\"https:\/\/www.uartes.edu.ec\/sitio\/blog\/2022\/02\/18\/la-asociacion-comunitaria-hilarte-y-el-proyecto-pacha-implementan-una-biblioteca-comunitaria-en-la-trinitaria\/\" \/>\n<meta property=\"og:site_name\" content=\"Universidad de las Artes\" \/>\n<meta property=\"article:publisher\" content=\"https:\/\/www.facebook.com\/uartesec\" \/>\n<meta property=\"article:published_time\" content=\"2022-02-18T21:08:25+00:00\" \/>\n<meta property=\"article:modified_time\" content=\"2024-07-04T16:23:56+00:00\" \/>\n<meta property=\"og:image\" content=\"https:\/\/www.uartes.edu.ec\/sitio\/wp-content\/uploads\/2022\/02\/PACHA-WEB.jpg\" \/>\n\t<meta property=\"og:image:width\" content=\"2000\" \/>\n\t<meta property=\"og:image:height\" content=\"1333\" \/>\n\t<meta property=\"og:image:type\" content=\"image\/jpeg\" \/>\n<meta name=\"author\" content=\"Universidad de las Artes\" \/>\n<meta name=\"twitter:card\" content=\"summary_large_image\" \/>\n<meta name=\"twitter:creator\" content=\"@uartesec\" \/>\n<meta name=\"twitter:site\" content=\"@uartesec\" \/>\n<meta name=\"twitter:label1\" content=\"Escrito por\" \/>\n\t<meta name=\"twitter:data1\" content=\"Universidad de las Artes\" \/>\n\t<meta name=\"twitter:label2\" content=\"Tiempo de lectura\" \/>\n\t<meta name=\"twitter:data2\" content=\"3 minutos\" \/>\n<script type=\"application\/ld+json\" class=\"yoast-schema-graph\">{\"@context\":\"https:\\\/\\\/schema.org\",\"@graph\":[{\"@type\":\"Article\",\"@id\":\"https:\\\/\\\/www.uartes.edu.ec\\\/sitio\\\/blog\\\/2022\\\/02\\\/18\\\/la-asociacion-comunitaria-hilarte-y-el-proyecto-pacha-implementan-una-biblioteca-comunitaria-en-la-trinitaria\\\/#article\",\"isPartOf\":{\"@id\":\"https:\\\/\\\/www.uartes.edu.ec\\\/sitio\\\/blog\\\/2022\\\/02\\\/18\\\/la-asociacion-comunitaria-hilarte-y-el-proyecto-pacha-implementan-una-biblioteca-comunitaria-en-la-trinitaria\\\/\"},\"author\":{\"name\":\"Universidad de las Artes\",\"@id\":\"https:\\\/\\\/www.uartes.edu.ec\\\/sitio\\\/#\\\/schema\\\/person\\\/f33f8c1d2af0d5c80a38c8abf458184a\"},\"headline\":\"La Asociaci\u00f3n Comunitaria Hilarte y el Proyecto Pacha implementan una biblioteca comunitaria en la Trinitaria\",\"datePublished\":\"2022-02-18T21:08:25+00:00\",\"dateModified\":\"2024-07-04T16:23:56+00:00\",\"mainEntityOfPage\":{\"@id\":\"https:\\\/\\\/www.uartes.edu.ec\\\/sitio\\\/blog\\\/2022\\\/02\\\/18\\\/la-asociacion-comunitaria-hilarte-y-el-proyecto-pacha-implementan-una-biblioteca-comunitaria-en-la-trinitaria\\\/\"},\"wordCount\":641,\"commentCount\":0,\"publisher\":{\"@id\":\"https:\\\/\\\/www.uartes.edu.ec\\\/sitio\\\/#organization\"},\"image\":{\"@id\":\"https:\\\/\\\/www.uartes.edu.ec\\\/sitio\\\/blog\\\/2022\\\/02\\\/18\\\/la-asociacion-comunitaria-hilarte-y-el-proyecto-pacha-implementan-una-biblioteca-comunitaria-en-la-trinitaria\\\/#primaryimage\"},\"thumbnailUrl\":\"https:\\\/\\\/www.uartes.edu.ec\\\/sitio\\\/wp-content\\\/uploads\\\/2022\\\/02\\\/PACHA-WEB.jpg\",\"keywords\":[\"PACHA\"],\"articleSection\":[\"Docentes\",\"Estudiantes\",\"V\u00ednculo\"],\"inLanguage\":\"es\",\"potentialAction\":[{\"@type\":\"CommentAction\",\"name\":\"Comment\",\"target\":[\"https:\\\/\\\/www.uartes.edu.ec\\\/sitio\\\/blog\\\/2022\\\/02\\\/18\\\/la-asociacion-comunitaria-hilarte-y-el-proyecto-pacha-implementan-una-biblioteca-comunitaria-en-la-trinitaria\\\/#respond\"]}]},{\"@type\":[\"WebPage\",\"ItemPage\"],\"@id\":\"https:\\\/\\\/www.uartes.edu.ec\\\/sitio\\\/blog\\\/2022\\\/02\\\/18\\\/la-asociacion-comunitaria-hilarte-y-el-proyecto-pacha-implementan-una-biblioteca-comunitaria-en-la-trinitaria\\\/\",\"url\":\"https:\\\/\\\/www.uartes.edu.ec\\\/sitio\\\/blog\\\/2022\\\/02\\\/18\\\/la-asociacion-comunitaria-hilarte-y-el-proyecto-pacha-implementan-una-biblioteca-comunitaria-en-la-trinitaria\\\/\",\"name\":\"Universidad de las Artes - La Asociaci\u00f3n Comunitaria Hilarte y el Proyecto Pacha implementan una biblioteca comunitaria en la Trinitaria\",\"isPartOf\":{\"@id\":\"https:\\\/\\\/www.uartes.edu.ec\\\/sitio\\\/#website\"},\"primaryImageOfPage\":{\"@id\":\"https:\\\/\\\/www.uartes.edu.ec\\\/sitio\\\/blog\\\/2022\\\/02\\\/18\\\/la-asociacion-comunitaria-hilarte-y-el-proyecto-pacha-implementan-una-biblioteca-comunitaria-en-la-trinitaria\\\/#primaryimage\"},\"image\":{\"@id\":\"https:\\\/\\\/www.uartes.edu.ec\\\/sitio\\\/blog\\\/2022\\\/02\\\/18\\\/la-asociacion-comunitaria-hilarte-y-el-proyecto-pacha-implementan-una-biblioteca-comunitaria-en-la-trinitaria\\\/#primaryimage\"},\"thumbnailUrl\":\"https:\\\/\\\/www.uartes.edu.ec\\\/sitio\\\/wp-content\\\/uploads\\\/2022\\\/02\\\/PACHA-WEB.jpg\",\"datePublished\":\"2022-02-18T21:08:25+00:00\",\"dateModified\":\"2024-07-04T16:23:56+00:00\",\"description\":\"Universidad de las Artes - La Asociaci\u00f3n Comunitaria Hilarte y el Proyecto Pacha implementan una biblioteca comunitaria en la Trinitaria\",\"breadcrumb\":{\"@id\":\"https:\\\/\\\/www.uartes.edu.ec\\\/sitio\\\/blog\\\/2022\\\/02\\\/18\\\/la-asociacion-comunitaria-hilarte-y-el-proyecto-pacha-implementan-una-biblioteca-comunitaria-en-la-trinitaria\\\/#breadcrumb\"},\"inLanguage\":\"es\",\"potentialAction\":[{\"@type\":\"ReadAction\",\"target\":[\"https:\\\/\\\/www.uartes.edu.ec\\\/sitio\\\/blog\\\/2022\\\/02\\\/18\\\/la-asociacion-comunitaria-hilarte-y-el-proyecto-pacha-implementan-una-biblioteca-comunitaria-en-la-trinitaria\\\/\"]}]},{\"@type\":\"ImageObject\",\"inLanguage\":\"es\",\"@id\":\"https:\\\/\\\/www.uartes.edu.ec\\\/sitio\\\/blog\\\/2022\\\/02\\\/18\\\/la-asociacion-comunitaria-hilarte-y-el-proyecto-pacha-implementan-una-biblioteca-comunitaria-en-la-trinitaria\\\/#primaryimage\",\"url\":\"https:\\\/\\\/www.uartes.edu.ec\\\/sitio\\\/wp-content\\\/uploads\\\/2022\\\/02\\\/PACHA-WEB.jpg\",\"contentUrl\":\"https:\\\/\\\/www.uartes.edu.ec\\\/sitio\\\/wp-content\\\/uploads\\\/2022\\\/02\\\/PACHA-WEB.jpg\",\"width\":2000,\"height\":1333},{\"@type\":\"BreadcrumbList\",\"@id\":\"https:\\\/\\\/www.uartes.edu.ec\\\/sitio\\\/blog\\\/2022\\\/02\\\/18\\\/la-asociacion-comunitaria-hilarte-y-el-proyecto-pacha-implementan-una-biblioteca-comunitaria-en-la-trinitaria\\\/#breadcrumb\",\"itemListElement\":[{\"@type\":\"ListItem\",\"position\":1,\"name\":\"Inicio\",\"item\":\"https:\\\/\\\/www.uartes.edu.ec\\\/sitio\\\/\"},{\"@type\":\"ListItem\",\"position\":2,\"name\":\"La Asociaci\u00f3n Comunitaria Hilarte y el Proyecto Pacha implementan una biblioteca comunitaria en la Trinitaria\"}]},{\"@type\":\"WebSite\",\"@id\":\"https:\\\/\\\/www.uartes.edu.ec\\\/sitio\\\/#website\",\"url\":\"https:\\\/\\\/www.uartes.edu.ec\\\/sitio\\\/\",\"name\":\"Universidad de las Artes\",\"description\":\"Sitio oficial de la Universidad Nacional de las Artes del Ecuador\",\"publisher\":{\"@id\":\"https:\\\/\\\/www.uartes.edu.ec\\\/sitio\\\/#organization\"},\"potentialAction\":[{\"@type\":\"SearchAction\",\"target\":{\"@type\":\"EntryPoint\",\"urlTemplate\":\"https:\\\/\\\/www.uartes.edu.ec\\\/sitio\\\/?s={search_term_string}\"},\"query-input\":{\"@type\":\"PropertyValueSpecification\",\"valueRequired\":true,\"valueName\":\"search_term_string\"}}],\"inLanguage\":\"es\"},{\"@type\":\"Organization\",\"@id\":\"https:\\\/\\\/www.uartes.edu.ec\\\/sitio\\\/#organization\",\"name\":\"Universidad de las Artes\",\"url\":\"https:\\\/\\\/www.uartes.edu.ec\\\/sitio\\\/\",\"logo\":{\"@type\":\"ImageObject\",\"inLanguage\":\"es\",\"@id\":\"https:\\\/\\\/www.uartes.edu.ec\\\/sitio\\\/#\\\/schema\\\/logo\\\/image\\\/\",\"url\":\"https:\\\/\\\/www.uartes.edu.ec\\\/sitio\\\/wp-content\\\/uploads\\\/2022\\\/07\\\/logo-ua-horizontal.png\",\"contentUrl\":\"https:\\\/\\\/www.uartes.edu.ec\\\/sitio\\\/wp-content\\\/uploads\\\/2022\\\/07\\\/logo-ua-horizontal.png\",\"width\":800,\"height\":276,\"caption\":\"Universidad de las Artes\"},\"image\":{\"@id\":\"https:\\\/\\\/www.uartes.edu.ec\\\/sitio\\\/#\\\/schema\\\/logo\\\/image\\\/\"},\"sameAs\":[\"https:\\\/\\\/www.facebook.com\\\/uartesec\",\"https:\\\/\\\/x.com\\\/uartesec\",\"https:\\\/\\\/www.tiktok.com\\\/@uartesec\"]},{\"@type\":\"Person\",\"@id\":\"https:\\\/\\\/www.uartes.edu.ec\\\/sitio\\\/#\\\/schema\\\/person\\\/f33f8c1d2af0d5c80a38c8abf458184a\",\"name\":\"Universidad de las Artes\",\"image\":{\"@type\":\"ImageObject\",\"inLanguage\":\"es\",\"@id\":\"https:\\\/\\\/secure.gravatar.com\\\/avatar\\\/52e4757902f5cfa5ac52d020e5be83cae5487519154b6c35482fe08d589f3c13?s=96&d=mm&r=g\",\"url\":\"https:\\\/\\\/secure.gravatar.com\\\/avatar\\\/52e4757902f5cfa5ac52d020e5be83cae5487519154b6c35482fe08d589f3c13?s=96&d=mm&r=g\",\"contentUrl\":\"https:\\\/\\\/secure.gravatar.com\\\/avatar\\\/52e4757902f5cfa5ac52d020e5be83cae5487519154b6c35482fe08d589f3c13?s=96&d=mm&r=g\",\"caption\":\"Universidad de las Artes\"},\"url\":\"https:\\\/\\\/www.uartes.edu.ec\\\/sitio\\\/blog\\\/author\\\/dircomadm\\\/\"}]}<\/script>\n<!-- \/ Yoast SEO plugin. -->","yoast_head_json":{"title":"Universidad de las Artes - La Asociaci\u00f3n Comunitaria Hilarte y el Proyecto Pacha implementan una biblioteca comunitaria en la Trinitaria","description":"Universidad de las Artes - La Asociaci\u00f3n Comunitaria Hilarte y el Proyecto Pacha implementan una biblioteca comunitaria en la Trinitaria","robots":{"index":"index","follow":"follow","max-snippet":"max-snippet:-1","max-image-preview":"max-image-preview:large","max-video-preview":"max-video-preview:-1"},"canonical":"https:\/\/www.uartes.edu.ec\/sitio\/blog\/2022\/02\/18\/la-asociacion-comunitaria-hilarte-y-el-proyecto-pacha-implementan-una-biblioteca-comunitaria-en-la-trinitaria\/","og_locale":"es_ES","og_type":"article","og_title":"Universidad de las Artes - La Asociaci\u00f3n Comunitaria Hilarte y el Proyecto Pacha implementan una biblioteca comunitaria en la Trinitaria","og_description":"Universidad de las Artes - La Asociaci\u00f3n Comunitaria Hilarte y el Proyecto Pacha implementan una biblioteca comunitaria en la Trinitaria","og_url":"https:\/\/www.uartes.edu.ec\/sitio\/blog\/2022\/02\/18\/la-asociacion-comunitaria-hilarte-y-el-proyecto-pacha-implementan-una-biblioteca-comunitaria-en-la-trinitaria\/","og_site_name":"Universidad de las Artes","article_publisher":"https:\/\/www.facebook.com\/uartesec","article_published_time":"2022-02-18T21:08:25+00:00","article_modified_time":"2024-07-04T16:23:56+00:00","og_image":[{"width":2000,"height":1333,"url":"https:\/\/www.uartes.edu.ec\/sitio\/wp-content\/uploads\/2022\/02\/PACHA-WEB.jpg","type":"image\/jpeg"}],"author":"Universidad de las Artes","twitter_card":"summary_large_image","twitter_creator":"@uartesec","twitter_site":"@uartesec","twitter_misc":{"Escrito por":"Universidad de las Artes","Tiempo de lectura":"3 minutos"},"schema":{"@context":"https:\/\/schema.org","@graph":[{"@type":"Article","@id":"https:\/\/www.uartes.edu.ec\/sitio\/blog\/2022\/02\/18\/la-asociacion-comunitaria-hilarte-y-el-proyecto-pacha-implementan-una-biblioteca-comunitaria-en-la-trinitaria\/#article","isPartOf":{"@id":"https:\/\/www.uartes.edu.ec\/sitio\/blog\/2022\/02\/18\/la-asociacion-comunitaria-hilarte-y-el-proyecto-pacha-implementan-una-biblioteca-comunitaria-en-la-trinitaria\/"},"author":{"name":"Universidad de las Artes","@id":"https:\/\/www.uartes.edu.ec\/sitio\/#\/schema\/person\/f33f8c1d2af0d5c80a38c8abf458184a"},"headline":"La Asociaci\u00f3n Comunitaria Hilarte y el Proyecto Pacha implementan una biblioteca comunitaria en la Trinitaria","datePublished":"2022-02-18T21:08:25+00:00","dateModified":"2024-07-04T16:23:56+00:00","mainEntityOfPage":{"@id":"https:\/\/www.uartes.edu.ec\/sitio\/blog\/2022\/02\/18\/la-asociacion-comunitaria-hilarte-y-el-proyecto-pacha-implementan-una-biblioteca-comunitaria-en-la-trinitaria\/"},"wordCount":641,"commentCount":0,"publisher":{"@id":"https:\/\/www.uartes.edu.ec\/sitio\/#organization"},"image":{"@id":"https:\/\/www.uartes.edu.ec\/sitio\/blog\/2022\/02\/18\/la-asociacion-comunitaria-hilarte-y-el-proyecto-pacha-implementan-una-biblioteca-comunitaria-en-la-trinitaria\/#primaryimage"},"thumbnailUrl":"https:\/\/www.uartes.edu.ec\/sitio\/wp-content\/uploads\/2022\/02\/PACHA-WEB.jpg","keywords":["PACHA"],"articleSection":["Docentes","Estudiantes","V\u00ednculo"],"inLanguage":"es","potentialAction":[{"@type":"CommentAction","name":"Comment","target":["https:\/\/www.uartes.edu.ec\/sitio\/blog\/2022\/02\/18\/la-asociacion-comunitaria-hilarte-y-el-proyecto-pacha-implementan-una-biblioteca-comunitaria-en-la-trinitaria\/#respond"]}]},{"@type":["WebPage","ItemPage"],"@id":"https:\/\/www.uartes.edu.ec\/sitio\/blog\/2022\/02\/18\/la-asociacion-comunitaria-hilarte-y-el-proyecto-pacha-implementan-una-biblioteca-comunitaria-en-la-trinitaria\/","url":"https:\/\/www.uartes.edu.ec\/sitio\/blog\/2022\/02\/18\/la-asociacion-comunitaria-hilarte-y-el-proyecto-pacha-implementan-una-biblioteca-comunitaria-en-la-trinitaria\/","name":"Universidad de las Artes - La Asociaci\u00f3n Comunitaria Hilarte y el Proyecto Pacha implementan una biblioteca comunitaria en la Trinitaria","isPartOf":{"@id":"https:\/\/www.uartes.edu.ec\/sitio\/#website"},"primaryImageOfPage":{"@id":"https:\/\/www.uartes.edu.ec\/sitio\/blog\/2022\/02\/18\/la-asociacion-comunitaria-hilarte-y-el-proyecto-pacha-implementan-una-biblioteca-comunitaria-en-la-trinitaria\/#primaryimage"},"image":{"@id":"https:\/\/www.uartes.edu.ec\/sitio\/blog\/2022\/02\/18\/la-asociacion-comunitaria-hilarte-y-el-proyecto-pacha-implementan-una-biblioteca-comunitaria-en-la-trinitaria\/#primaryimage"},"thumbnailUrl":"https:\/\/www.uartes.edu.ec\/sitio\/wp-content\/uploads\/2022\/02\/PACHA-WEB.jpg","datePublished":"2022-02-18T21:08:25+00:00","dateModified":"2024-07-04T16:23:56+00:00","description":"Universidad de las Artes - La Asociaci\u00f3n Comunitaria Hilarte y el Proyecto Pacha implementan una biblioteca comunitaria en la Trinitaria","breadcrumb":{"@id":"https:\/\/www.uartes.edu.ec\/sitio\/blog\/2022\/02\/18\/la-asociacion-comunitaria-hilarte-y-el-proyecto-pacha-implementan-una-biblioteca-comunitaria-en-la-trinitaria\/#breadcrumb"},"inLanguage":"es","potentialAction":[{"@type":"ReadAction","target":["https:\/\/www.uartes.edu.ec\/sitio\/blog\/2022\/02\/18\/la-asociacion-comunitaria-hilarte-y-el-proyecto-pacha-implementan-una-biblioteca-comunitaria-en-la-trinitaria\/"]}]},{"@type":"ImageObject","inLanguage":"es","@id":"https:\/\/www.uartes.edu.ec\/sitio\/blog\/2022\/02\/18\/la-asociacion-comunitaria-hilarte-y-el-proyecto-pacha-implementan-una-biblioteca-comunitaria-en-la-trinitaria\/#primaryimage","url":"https:\/\/www.uartes.edu.ec\/sitio\/wp-content\/uploads\/2022\/02\/PACHA-WEB.jpg","contentUrl":"https:\/\/www.uartes.edu.ec\/sitio\/wp-content\/uploads\/2022\/02\/PACHA-WEB.jpg","width":2000,"height":1333},{"@type":"BreadcrumbList","@id":"https:\/\/www.uartes.edu.ec\/sitio\/blog\/2022\/02\/18\/la-asociacion-comunitaria-hilarte-y-el-proyecto-pacha-implementan-una-biblioteca-comunitaria-en-la-trinitaria\/#breadcrumb","itemListElement":[{"@type":"ListItem","position":1,"name":"Inicio","item":"https:\/\/www.uartes.edu.ec\/sitio\/"},{"@type":"ListItem","position":2,"name":"La Asociaci\u00f3n Comunitaria Hilarte y el Proyecto Pacha implementan una biblioteca comunitaria en la Trinitaria"}]},{"@type":"WebSite","@id":"https:\/\/www.uartes.edu.ec\/sitio\/#website","url":"https:\/\/www.uartes.edu.ec\/sitio\/","name":"Universidad de las Artes","description":"Sitio oficial de la Universidad Nacional de las Artes del Ecuador","publisher":{"@id":"https:\/\/www.uartes.edu.ec\/sitio\/#organization"},"potentialAction":[{"@type":"SearchAction","target":{"@type":"EntryPoint","urlTemplate":"https:\/\/www.uartes.edu.ec\/sitio\/?s={search_term_string}"},"query-input":{"@type":"PropertyValueSpecification","valueRequired":true,"valueName":"search_term_string"}}],"inLanguage":"es"},{"@type":"Organization","@id":"https:\/\/www.uartes.edu.ec\/sitio\/#organization","name":"Universidad de las Artes","url":"https:\/\/www.uartes.edu.ec\/sitio\/","logo":{"@type":"ImageObject","inLanguage":"es","@id":"https:\/\/www.uartes.edu.ec\/sitio\/#\/schema\/logo\/image\/","url":"https:\/\/www.uartes.edu.ec\/sitio\/wp-content\/uploads\/2022\/07\/logo-ua-horizontal.png","contentUrl":"https:\/\/www.uartes.edu.ec\/sitio\/wp-content\/uploads\/2022\/07\/logo-ua-horizontal.png","width":800,"height":276,"caption":"Universidad de las Artes"},"image":{"@id":"https:\/\/www.uartes.edu.ec\/sitio\/#\/schema\/logo\/image\/"},"sameAs":["https:\/\/www.facebook.com\/uartesec","https:\/\/x.com\/uartesec","https:\/\/www.tiktok.com\/@uartesec"]},{"@type":"Person","@id":"https:\/\/www.uartes.edu.ec\/sitio\/#\/schema\/person\/f33f8c1d2af0d5c80a38c8abf458184a","name":"Universidad de las Artes","image":{"@type":"ImageObject","inLanguage":"es","@id":"https:\/\/secure.gravatar.com\/avatar\/52e4757902f5cfa5ac52d020e5be83cae5487519154b6c35482fe08d589f3c13?s=96&d=mm&r=g","url":"https:\/\/secure.gravatar.com\/avatar\/52e4757902f5cfa5ac52d020e5be83cae5487519154b6c35482fe08d589f3c13?s=96&d=mm&r=g","contentUrl":"https:\/\/secure.gravatar.com\/avatar\/52e4757902f5cfa5ac52d020e5be83cae5487519154b6c35482fe08d589f3c13?s=96&d=mm&r=g","caption":"Universidad de las Artes"},"url":"https:\/\/www.uartes.edu.ec\/sitio\/blog\/author\/dircomadm\/"}]}},"uagb_featured_image_src":{"full":["https:\/\/www.uartes.edu.ec\/sitio\/wp-content\/uploads\/2022\/02\/PACHA-WEB.jpg",2000,1333,false],"thumbnail":["https:\/\/www.uartes.edu.ec\/sitio\/wp-content\/uploads\/2022\/02\/PACHA-WEB-150x150.jpg",150,150,true],"medium":["https:\/\/www.uartes.edu.ec\/sitio\/wp-content\/uploads\/2022\/02\/PACHA-WEB-300x200.jpg",300,200,true],"medium_large":["https:\/\/www.uartes.edu.ec\/sitio\/wp-content\/uploads\/2022\/02\/PACHA-WEB-768x512.jpg",768,512,true],"large":["https:\/\/www.uartes.edu.ec\/sitio\/wp-content\/uploads\/2022\/02\/PACHA-WEB-644x429.jpg",644,429,true],"1536x1536":["https:\/\/www.uartes.edu.ec\/sitio\/wp-content\/uploads\/2022\/02\/PACHA-WEB-1536x1024.jpg",1536,1024,true],"2048x2048":["https:\/\/www.uartes.edu.ec\/sitio\/wp-content\/uploads\/2022\/02\/PACHA-WEB.jpg",2000,1333,false],"trp-custom-language-flag":["https:\/\/www.uartes.edu.ec\/sitio\/wp-content\/uploads\/2022\/02\/PACHA-WEB.jpg",18,12,false],"htmega_size_585x295":["https:\/\/www.uartes.edu.ec\/sitio\/wp-content\/uploads\/2022\/02\/PACHA-WEB.jpg",443,295,false],"htmega_size_1170x536":["https:\/\/www.uartes.edu.ec\/sitio\/wp-content\/uploads\/2022\/02\/PACHA-WEB.jpg",804,536,false],"htmega_size_396x360":["https:\/\/www.uartes.edu.ec\/sitio\/wp-content\/uploads\/2022\/02\/PACHA-WEB.jpg",396,264,false],"gb-block-post-grid-landscape":["https:\/\/www.uartes.edu.ec\/sitio\/wp-content\/uploads\/2022\/02\/PACHA-WEB-600x400.jpg",600,400,true],"gb-block-post-grid-square":["https:\/\/www.uartes.edu.ec\/sitio\/wp-content\/uploads\/2022\/02\/PACHA-WEB-600x600.jpg",600,600,true],"university-hub-thumb":["https:\/\/www.uartes.edu.ec\/sitio\/wp-content\/uploads\/2022\/02\/PACHA-WEB-400x267.jpg",400,267,true]},"uagb_author_info":{"display_name":"Universidad de las Artes","author_link":"https:\/\/www.uartes.edu.ec\/sitio\/blog\/author\/dircomadm\/"},"uagb_comment_info":0,"uagb_excerpt":"En un trabajo que se inici\u00f3 hace un a\u00f1o, docentes de la asignatura Laboratorio con la Comunidad de la Universidad de las Artes y la Asociaci\u00f3n Comunitaria Hilarte implementan un espacio de mediaci\u00f3n cultural que iniciar\u00e1 operaciones el pr\u00f3ximo mes de marzo. El pasado 5 de febrero se hizo la entrega en la Isla Trinitaria,&hellip;","featured_image_src":"https:\/\/www.uartes.edu.ec\/sitio\/wp-content\/uploads\/2022\/02\/PACHA-WEB-600x400.jpg","featured_image_src_square":"https:\/\/www.uartes.edu.ec\/sitio\/wp-content\/uploads\/2022\/02\/PACHA-WEB-600x600.jpg","author_info":{"display_name":"Universidad de las Artes","author_link":"https:\/\/www.uartes.edu.ec\/sitio\/blog\/author\/dircomadm\/"},"publishpress_future_workflow_manual_trigger":{"enabledWorkflows":[]},"distributor_meta":false,"distributor_terms":false,"distributor_media":false,"distributor_original_site_name":"Universidad de las Artes","distributor_original_site_url":"https:\/\/www.uartes.edu.ec\/sitio","push-errors":false,"_links":{"self":[{"href":"https:\/\/www.uartes.edu.ec\/sitio\/wp-json\/wp\/v2\/posts\/19678","targetHints":{"allow":["GET"]}}],"collection":[{"href":"https:\/\/www.uartes.edu.ec\/sitio\/wp-json\/wp\/v2\/posts"}],"about":[{"href":"https:\/\/www.uartes.edu.ec\/sitio\/wp-json\/wp\/v2\/types\/post"}],"author":[{"embeddable":true,"href":"https:\/\/www.uartes.edu.ec\/sitio\/wp-json\/wp\/v2\/users\/1"}],"replies":[{"embeddable":true,"href":"https:\/\/www.uartes.edu.ec\/sitio\/wp-json\/wp\/v2\/comments?post=19678"}],"version-history":[{"count":6,"href":"https:\/\/www.uartes.edu.ec\/sitio\/wp-json\/wp\/v2\/posts\/19678\/revisions"}],"predecessor-version":[{"id":31413,"href":"https:\/\/www.uartes.edu.ec\/sitio\/wp-json\/wp\/v2\/posts\/19678\/revisions\/31413"}],"wp:featuredmedia":[{"embeddable":true,"href":"https:\/\/www.uartes.edu.ec\/sitio\/wp-json\/wp\/v2\/media\/19683"}],"wp:attachment":[{"href":"https:\/\/www.uartes.edu.ec\/sitio\/wp-json\/wp\/v2\/media?parent=19678"}],"wp:term":[{"taxonomy":"category","embeddable":true,"href":"https:\/\/www.uartes.edu.ec\/sitio\/wp-json\/wp\/v2\/categories?post=19678"},{"taxonomy":"post_tag","embeddable":true,"href":"https:\/\/www.uartes.edu.ec\/sitio\/wp-json\/wp\/v2\/tags?post=19678"},{"taxonomy":"infouartes","embeddable":true,"href":"https:\/\/www.uartes.edu.ec\/sitio\/wp-json\/wp\/v2\/infouartes?post=19678"}],"curies":[{"name":"wp","href":"https:\/\/api.w.org\/{rel}","templated":true}]}}