{"id":19893,"date":"2022-03-08T09:14:00","date_gmt":"2022-03-08T14:14:00","guid":{"rendered":"http:\/\/www.uartes.edu.ec\/sitio\/?p=19893"},"modified":"2024-07-04T11:23:54","modified_gmt":"2024-07-04T16:23:54","slug":"por-el-8m-la-uartes-relanza-su-mesa-de-genero-e-invita-a-un-conversatorio-un-recital-inaugura-muestras-y-realiza-talleres","status":"publish","type":"post","link":"https:\/\/www.uartes.edu.ec\/sitio\/blog\/2022\/03\/08\/por-el-8m-la-uartes-relanza-su-mesa-de-genero-e-invita-a-un-conversatorio-un-recital-inaugura-muestras-y-realiza-talleres\/","title":{"rendered":"En el 8M, UArtes relanza su Mesa de G\u00e9nero e invita a varias actividades culturales, acad\u00e9micas y art\u00edsticas"},"content":{"rendered":"\n<p>En el marco del D\u00eda Internacional de la Mujer, que se conmemora cada 8 de marzo, la Universidad de las Artes ha preparado una nutrida agenda de actividades con propuestas que llevan al di\u00e1logo, al an\u00e1lisis y la reflexi\u00f3n, como tambi\u00e9n a admirar el arte en sus varias expresiones.<\/p>\n\n\n\n<p>El relanzamiento de la Mesa de G\u00e9nero de la UArtes es una de las actividades concebidas. Se realiza con el conversatorio \u201cViolencia de g\u00e9nero y pol\u00edticas de despatriarcalizaci\u00f3n en la Universidad de las Artes\u201d, este martes 8, a las 16:00, en modalidad virtual a trav\u00e9s de la plataforma zoom <a href=\"https:\/\/cedia.zoom.us\/j\/88325354897\">https:\/\/cedia.zoom.us\/j\/88325354897<\/a><\/p>\n\n\n\n<p>Intervienen como panelistas Natalia Marcos, investigadora y docente, y Laura J\u00e1come, presidenta del Consejo Estudiantil. Como invitado, el vicerrector Acad\u00e9mico, Dr. Bradley Hilgert. Modera Mar\u00eda Fernanda Plaza, directora de Asuntos Estudiantiles y Comunidad Universitaria.<\/p>\n\n\n\n<p>Por el 8M tambi\u00e9n constan la sesi\u00f3n \u201cCreaci\u00f3n de im\u00e1genes po\u00e9ticas\u201d, que consiste en la realizaci\u00f3n de ejercicios que contribuyan a disparar la sensibilidad y los sentidos. Observando todas las medidas de bioseguridad, es presencial \u2013de 10:30 a 12:30\u2013 en la Terraza de la Biblioteca de las Artes y a cargo de Zully Ord\u00f3\u00f1ez, licenciada en Literatura por la UArtes y funcionaria del repositorio de nuestra universidad.<\/p>\n\n\n\n<p>A las 10:30, en el espacio Malakita del Pasaje Illingworth, la estudiante de la Escuela de Artes Sonoras (EAS) Andrea Cede\u00f1o brinda una presentaci\u00f3n, acompa\u00f1ada en la guitarra por la docente Jenny Villafuerte. Seguidamente, a las 11:00 y en el mismo lugar, se inaugura la muestra <em>Flores del Guayas,<\/em> de la mag\u00edster Andrea Zunino Cede\u00f1o. Su propuesta es recuperar la memoria de la figura femenina dentro de la construcci\u00f3n de Guayaquil.<\/p>\n\n\n\n<p>Para las 12:00 est\u00e1 programada la visita guiada de la exposici\u00f3n <em>Semilla Negra<\/em>, de Rebeca Silva. (Inscripci\u00f3n al link: <a href=\"https:\/\/forms.office.com\/r\/Ee2ZHbui9j\">https:\/\/forms.office.com\/r\/Ee2ZHbui9j<\/a>).<\/p>\n\n\n\n<p>Del Proyecto Pensil del Guayas, desde las 14:00 hasta las 17:00 se desarrolla el taller de fotobordado \u201cIntervenci\u00f3n de la fotograf\u00eda con bordado\u201d, impartido por Andrea Zunino Cede\u00f1o.<br>Para participar hay que inscribirse al link: <a href=\"https:\/\/forms.office.com\/r\/4s4guXNGs7\">https:\/\/forms.office.com\/r\/4s4guXNGs7<\/a> y como requisito indispensable llevar una fotograf\u00eda en B\/N impresa en papel fotogr\u00e1fico y en cualquiera de los siguientes tama\u00f1os: 4R (10 x 15 cm), 5R (18&#215;13 cm) o 6R (15x21cm).<\/p>\n\n\n\n<p>Como parte tambi\u00e9n de la conmemoraci\u00f3n del D\u00eda Internacional de la Mujer, la Biblioteca de las Artes ha concebido para este mes de marzo actividades que permitan dar a conocer y analizar la producci\u00f3n art\u00edstica de autoras y creadoras. As\u00ed, en el campo literario, y desde el Club de Lectura, se propone el an\u00e1lisis \u201cNarrativa ecuatoriana de mujeres\u201d, a cargo de Margarethe Tirado, licenciada en Literatura por la UArtes. Consta de cuatro sesiones, una vez por semana, los lunes 7, 14, 21 y 28. Inscripci\u00f3n al link: <a href=\"https:\/\/forms.office.com\/r\/KkJm65fF5t\">https:\/\/forms.office.com\/r\/KkJm65fF5t<\/a><br><br><\/p>\n","protected":false},"excerpt":{"rendered":"<p>Por el D\u00eda Internacional de la Mujer, la UArtes ha preparado una agenda con propuestas que llevan al di\u00e1logo y al an\u00e1lisis, como tambi\u00e9n a admirar el arte en sus varias expresiones. El relanzamiento de su Mesa de G\u00e9nero es una de ellas; se realiza con el conversatorio &#8220;Violencia de g\u00e9nero y pol\u00edticas de despatriarcalizaci\u00f3n en la Universidad de las Artes&#8221;.<\/p>\n","protected":false},"author":10,"featured_media":19894,"comment_status":"open","ping_status":"open","sticky":false,"template":"","format":"standard","meta":{"_acf_changed":false,"_uag_custom_page_level_css":"","_monsterinsights_skip_tracking":false,"_monsterinsights_sitenote_active":false,"_monsterinsights_sitenote_note":"","_monsterinsights_sitenote_category":0,"cybocfi_hide_featured_image":"","footnotes":""},"categories":[438,82,159,150,157,265,147,75,76,175],"tags":[639],"infouartes":[],"class_list":["post-19893","post","type-post","status-publish","format-standard","has-post-thumbnail","hentry","category-administrativos","category-artes","category-artes-escenicas","category-artes-sonoras","category-artes-visuales","category-bienestar-universitario","category-cine","category-docentes","category-estudiantes","category-literatura","tag-agenda"],"acf":[],"yoast_head":"<!-- This site is optimized with the Yoast SEO plugin v27.4 - https:\/\/yoast.com\/product\/yoast-seo-wordpress\/ -->\n<title>Universidad de las Artes - En el 8M, UArtes relanza su Mesa de G\u00e9nero e invita a varias actividades culturales, acad\u00e9micas y art\u00edsticas<\/title>\n<meta name=\"description\" content=\"Universidad de las Artes - En el 8M, UArtes relanza su Mesa de G\u00e9nero e invita a varias actividades culturales, acad\u00e9micas y art\u00edsticas\" \/>\n<meta name=\"robots\" content=\"index, follow, max-snippet:-1, max-image-preview:large, max-video-preview:-1\" \/>\n<link rel=\"canonical\" href=\"https:\/\/www.uartes.edu.ec\/sitio\/blog\/2022\/03\/08\/por-el-8m-la-uartes-relanza-su-mesa-de-genero-e-invita-a-un-conversatorio-un-recital-inaugura-muestras-y-realiza-talleres\/\" \/>\n<meta property=\"og:locale\" content=\"es_ES\" \/>\n<meta property=\"og:type\" content=\"article\" \/>\n<meta property=\"og:title\" content=\"Universidad de las Artes - En el 8M, UArtes relanza su Mesa de G\u00e9nero e invita a varias actividades culturales, acad\u00e9micas y art\u00edsticas\" \/>\n<meta property=\"og:description\" content=\"Universidad de las Artes - En el 8M, UArtes relanza su Mesa de G\u00e9nero e invita a varias actividades culturales, acad\u00e9micas y art\u00edsticas\" \/>\n<meta property=\"og:url\" content=\"https:\/\/www.uartes.edu.ec\/sitio\/blog\/2022\/03\/08\/por-el-8m-la-uartes-relanza-su-mesa-de-genero-e-invita-a-un-conversatorio-un-recital-inaugura-muestras-y-realiza-talleres\/\" \/>\n<meta property=\"og:site_name\" content=\"Universidad de las Artes\" \/>\n<meta property=\"article:publisher\" content=\"https:\/\/www.facebook.com\/uartesec\" \/>\n<meta property=\"article:published_time\" content=\"2022-03-08T14:14:00+00:00\" \/>\n<meta property=\"article:modified_time\" content=\"2024-07-04T16:23:54+00:00\" \/>\n<meta property=\"og:image\" content=\"https:\/\/www.uartes.edu.ec\/sitio\/wp-content\/uploads\/2022\/03\/8M-WEB.jpg\" \/>\n\t<meta property=\"og:image:width\" content=\"2000\" \/>\n\t<meta property=\"og:image:height\" content=\"1333\" \/>\n\t<meta property=\"og:image:type\" content=\"image\/jpeg\" \/>\n<meta name=\"author\" content=\"ccortez\" \/>\n<meta name=\"twitter:card\" content=\"summary_large_image\" \/>\n<meta name=\"twitter:creator\" content=\"@uartesec\" \/>\n<meta name=\"twitter:site\" content=\"@uartesec\" \/>\n<meta name=\"twitter:label1\" content=\"Escrito por\" \/>\n\t<meta name=\"twitter:data1\" content=\"ccortez\" \/>\n\t<meta name=\"twitter:label2\" content=\"Tiempo de lectura\" \/>\n\t<meta name=\"twitter:data2\" content=\"3 minutos\" \/>\n<script type=\"application\/ld+json\" class=\"yoast-schema-graph\">{\"@context\":\"https:\\\/\\\/schema.org\",\"@graph\":[{\"@type\":\"Article\",\"@id\":\"https:\\\/\\\/www.uartes.edu.ec\\\/sitio\\\/blog\\\/2022\\\/03\\\/08\\\/por-el-8m-la-uartes-relanza-su-mesa-de-genero-e-invita-a-un-conversatorio-un-recital-inaugura-muestras-y-realiza-talleres\\\/#article\",\"isPartOf\":{\"@id\":\"https:\\\/\\\/www.uartes.edu.ec\\\/sitio\\\/blog\\\/2022\\\/03\\\/08\\\/por-el-8m-la-uartes-relanza-su-mesa-de-genero-e-invita-a-un-conversatorio-un-recital-inaugura-muestras-y-realiza-talleres\\\/\"},\"author\":{\"name\":\"ccortez\",\"@id\":\"https:\\\/\\\/www.uartes.edu.ec\\\/sitio\\\/#\\\/schema\\\/person\\\/efa1b8275797664fd7f13a79ccc0b1f4\"},\"headline\":\"En el 8M, UArtes relanza su Mesa de G\u00e9nero e invita a varias actividades culturales, acad\u00e9micas y art\u00edsticas\",\"datePublished\":\"2022-03-08T14:14:00+00:00\",\"dateModified\":\"2024-07-04T16:23:54+00:00\",\"mainEntityOfPage\":{\"@id\":\"https:\\\/\\\/www.uartes.edu.ec\\\/sitio\\\/blog\\\/2022\\\/03\\\/08\\\/por-el-8m-la-uartes-relanza-su-mesa-de-genero-e-invita-a-un-conversatorio-un-recital-inaugura-muestras-y-realiza-talleres\\\/\"},\"wordCount\":518,\"commentCount\":0,\"publisher\":{\"@id\":\"https:\\\/\\\/www.uartes.edu.ec\\\/sitio\\\/#organization\"},\"image\":{\"@id\":\"https:\\\/\\\/www.uartes.edu.ec\\\/sitio\\\/blog\\\/2022\\\/03\\\/08\\\/por-el-8m-la-uartes-relanza-su-mesa-de-genero-e-invita-a-un-conversatorio-un-recital-inaugura-muestras-y-realiza-talleres\\\/#primaryimage\"},\"thumbnailUrl\":\"https:\\\/\\\/www.uartes.edu.ec\\\/sitio\\\/wp-content\\\/uploads\\\/2022\\\/03\\\/8M-WEB.jpg\",\"keywords\":[\"agenda\"],\"articleSection\":[\"Administrativos\",\"Artes\",\"Artes Esc\u00e9nicas\",\"Artes Sonoras\",\"Artes Visuales\",\"Bienestar Universitario\",\"Cine\",\"Docentes\",\"Estudiantes\",\"Literatura\"],\"inLanguage\":\"es\",\"potentialAction\":[{\"@type\":\"CommentAction\",\"name\":\"Comment\",\"target\":[\"https:\\\/\\\/www.uartes.edu.ec\\\/sitio\\\/blog\\\/2022\\\/03\\\/08\\\/por-el-8m-la-uartes-relanza-su-mesa-de-genero-e-invita-a-un-conversatorio-un-recital-inaugura-muestras-y-realiza-talleres\\\/#respond\"]}]},{\"@type\":[\"WebPage\",\"ItemPage\"],\"@id\":\"https:\\\/\\\/www.uartes.edu.ec\\\/sitio\\\/blog\\\/2022\\\/03\\\/08\\\/por-el-8m-la-uartes-relanza-su-mesa-de-genero-e-invita-a-un-conversatorio-un-recital-inaugura-muestras-y-realiza-talleres\\\/\",\"url\":\"https:\\\/\\\/www.uartes.edu.ec\\\/sitio\\\/blog\\\/2022\\\/03\\\/08\\\/por-el-8m-la-uartes-relanza-su-mesa-de-genero-e-invita-a-un-conversatorio-un-recital-inaugura-muestras-y-realiza-talleres\\\/\",\"name\":\"Universidad de las Artes - En el 8M, UArtes relanza su Mesa de G\u00e9nero e invita a varias actividades culturales, acad\u00e9micas y art\u00edsticas\",\"isPartOf\":{\"@id\":\"https:\\\/\\\/www.uartes.edu.ec\\\/sitio\\\/#website\"},\"primaryImageOfPage\":{\"@id\":\"https:\\\/\\\/www.uartes.edu.ec\\\/sitio\\\/blog\\\/2022\\\/03\\\/08\\\/por-el-8m-la-uartes-relanza-su-mesa-de-genero-e-invita-a-un-conversatorio-un-recital-inaugura-muestras-y-realiza-talleres\\\/#primaryimage\"},\"image\":{\"@id\":\"https:\\\/\\\/www.uartes.edu.ec\\\/sitio\\\/blog\\\/2022\\\/03\\\/08\\\/por-el-8m-la-uartes-relanza-su-mesa-de-genero-e-invita-a-un-conversatorio-un-recital-inaugura-muestras-y-realiza-talleres\\\/#primaryimage\"},\"thumbnailUrl\":\"https:\\\/\\\/www.uartes.edu.ec\\\/sitio\\\/wp-content\\\/uploads\\\/2022\\\/03\\\/8M-WEB.jpg\",\"datePublished\":\"2022-03-08T14:14:00+00:00\",\"dateModified\":\"2024-07-04T16:23:54+00:00\",\"description\":\"Universidad de las Artes - En el 8M, UArtes relanza su Mesa de G\u00e9nero e invita a varias actividades culturales, acad\u00e9micas y art\u00edsticas\",\"breadcrumb\":{\"@id\":\"https:\\\/\\\/www.uartes.edu.ec\\\/sitio\\\/blog\\\/2022\\\/03\\\/08\\\/por-el-8m-la-uartes-relanza-su-mesa-de-genero-e-invita-a-un-conversatorio-un-recital-inaugura-muestras-y-realiza-talleres\\\/#breadcrumb\"},\"inLanguage\":\"es\",\"potentialAction\":[{\"@type\":\"ReadAction\",\"target\":[\"https:\\\/\\\/www.uartes.edu.ec\\\/sitio\\\/blog\\\/2022\\\/03\\\/08\\\/por-el-8m-la-uartes-relanza-su-mesa-de-genero-e-invita-a-un-conversatorio-un-recital-inaugura-muestras-y-realiza-talleres\\\/\"]}]},{\"@type\":\"ImageObject\",\"inLanguage\":\"es\",\"@id\":\"https:\\\/\\\/www.uartes.edu.ec\\\/sitio\\\/blog\\\/2022\\\/03\\\/08\\\/por-el-8m-la-uartes-relanza-su-mesa-de-genero-e-invita-a-un-conversatorio-un-recital-inaugura-muestras-y-realiza-talleres\\\/#primaryimage\",\"url\":\"https:\\\/\\\/www.uartes.edu.ec\\\/sitio\\\/wp-content\\\/uploads\\\/2022\\\/03\\\/8M-WEB.jpg\",\"contentUrl\":\"https:\\\/\\\/www.uartes.edu.ec\\\/sitio\\\/wp-content\\\/uploads\\\/2022\\\/03\\\/8M-WEB.jpg\",\"width\":2000,\"height\":1333},{\"@type\":\"BreadcrumbList\",\"@id\":\"https:\\\/\\\/www.uartes.edu.ec\\\/sitio\\\/blog\\\/2022\\\/03\\\/08\\\/por-el-8m-la-uartes-relanza-su-mesa-de-genero-e-invita-a-un-conversatorio-un-recital-inaugura-muestras-y-realiza-talleres\\\/#breadcrumb\",\"itemListElement\":[{\"@type\":\"ListItem\",\"position\":1,\"name\":\"Inicio\",\"item\":\"https:\\\/\\\/www.uartes.edu.ec\\\/sitio\\\/\"},{\"@type\":\"ListItem\",\"position\":2,\"name\":\"En el 8M, UArtes relanza su Mesa de G\u00e9nero e invita a varias actividades culturales, acad\u00e9micas y art\u00edsticas\"}]},{\"@type\":\"WebSite\",\"@id\":\"https:\\\/\\\/www.uartes.edu.ec\\\/sitio\\\/#website\",\"url\":\"https:\\\/\\\/www.uartes.edu.ec\\\/sitio\\\/\",\"name\":\"Universidad de las Artes\",\"description\":\"Sitio oficial de la Universidad Nacional de las Artes del Ecuador\",\"publisher\":{\"@id\":\"https:\\\/\\\/www.uartes.edu.ec\\\/sitio\\\/#organization\"},\"potentialAction\":[{\"@type\":\"SearchAction\",\"target\":{\"@type\":\"EntryPoint\",\"urlTemplate\":\"https:\\\/\\\/www.uartes.edu.ec\\\/sitio\\\/?s={search_term_string}\"},\"query-input\":{\"@type\":\"PropertyValueSpecification\",\"valueRequired\":true,\"valueName\":\"search_term_string\"}}],\"inLanguage\":\"es\"},{\"@type\":\"Organization\",\"@id\":\"https:\\\/\\\/www.uartes.edu.ec\\\/sitio\\\/#organization\",\"name\":\"Universidad de las Artes\",\"url\":\"https:\\\/\\\/www.uartes.edu.ec\\\/sitio\\\/\",\"logo\":{\"@type\":\"ImageObject\",\"inLanguage\":\"es\",\"@id\":\"https:\\\/\\\/www.uartes.edu.ec\\\/sitio\\\/#\\\/schema\\\/logo\\\/image\\\/\",\"url\":\"https:\\\/\\\/www.uartes.edu.ec\\\/sitio\\\/wp-content\\\/uploads\\\/2022\\\/07\\\/logo-ua-horizontal.png\",\"contentUrl\":\"https:\\\/\\\/www.uartes.edu.ec\\\/sitio\\\/wp-content\\\/uploads\\\/2022\\\/07\\\/logo-ua-horizontal.png\",\"width\":800,\"height\":276,\"caption\":\"Universidad de las Artes\"},\"image\":{\"@id\":\"https:\\\/\\\/www.uartes.edu.ec\\\/sitio\\\/#\\\/schema\\\/logo\\\/image\\\/\"},\"sameAs\":[\"https:\\\/\\\/www.facebook.com\\\/uartesec\",\"https:\\\/\\\/x.com\\\/uartesec\",\"https:\\\/\\\/www.tiktok.com\\\/@uartesec\"]},{\"@type\":\"Person\",\"@id\":\"https:\\\/\\\/www.uartes.edu.ec\\\/sitio\\\/#\\\/schema\\\/person\\\/efa1b8275797664fd7f13a79ccc0b1f4\",\"name\":\"ccortez\",\"image\":{\"@type\":\"ImageObject\",\"inLanguage\":\"es\",\"@id\":\"https:\\\/\\\/secure.gravatar.com\\\/avatar\\\/b2a6f664a3ae8e074346ef91775736c5ec479e637ecced6842de9dc98b5da9cd?s=96&d=mm&r=g\",\"url\":\"https:\\\/\\\/secure.gravatar.com\\\/avatar\\\/b2a6f664a3ae8e074346ef91775736c5ec479e637ecced6842de9dc98b5da9cd?s=96&d=mm&r=g\",\"contentUrl\":\"https:\\\/\\\/secure.gravatar.com\\\/avatar\\\/b2a6f664a3ae8e074346ef91775736c5ec479e637ecced6842de9dc98b5da9cd?s=96&d=mm&r=g\",\"caption\":\"ccortez\"},\"url\":\"https:\\\/\\\/www.uartes.edu.ec\\\/sitio\\\/blog\\\/author\\\/ccortez\\\/\"}]}<\/script>\n<!-- \/ Yoast SEO plugin. -->","yoast_head_json":{"title":"Universidad de las Artes - En el 8M, UArtes relanza su Mesa de G\u00e9nero e invita a varias actividades culturales, acad\u00e9micas y art\u00edsticas","description":"Universidad de las Artes - En el 8M, UArtes relanza su Mesa de G\u00e9nero e invita a varias actividades culturales, acad\u00e9micas y art\u00edsticas","robots":{"index":"index","follow":"follow","max-snippet":"max-snippet:-1","max-image-preview":"max-image-preview:large","max-video-preview":"max-video-preview:-1"},"canonical":"https:\/\/www.uartes.edu.ec\/sitio\/blog\/2022\/03\/08\/por-el-8m-la-uartes-relanza-su-mesa-de-genero-e-invita-a-un-conversatorio-un-recital-inaugura-muestras-y-realiza-talleres\/","og_locale":"es_ES","og_type":"article","og_title":"Universidad de las Artes - En el 8M, UArtes relanza su Mesa de G\u00e9nero e invita a varias actividades culturales, acad\u00e9micas y art\u00edsticas","og_description":"Universidad de las Artes - En el 8M, UArtes relanza su Mesa de G\u00e9nero e invita a varias actividades culturales, acad\u00e9micas y art\u00edsticas","og_url":"https:\/\/www.uartes.edu.ec\/sitio\/blog\/2022\/03\/08\/por-el-8m-la-uartes-relanza-su-mesa-de-genero-e-invita-a-un-conversatorio-un-recital-inaugura-muestras-y-realiza-talleres\/","og_site_name":"Universidad de las Artes","article_publisher":"https:\/\/www.facebook.com\/uartesec","article_published_time":"2022-03-08T14:14:00+00:00","article_modified_time":"2024-07-04T16:23:54+00:00","og_image":[{"width":2000,"height":1333,"url":"https:\/\/www.uartes.edu.ec\/sitio\/wp-content\/uploads\/2022\/03\/8M-WEB.jpg","type":"image\/jpeg"}],"author":"ccortez","twitter_card":"summary_large_image","twitter_creator":"@uartesec","twitter_site":"@uartesec","twitter_misc":{"Escrito por":"ccortez","Tiempo de lectura":"3 minutos"},"schema":{"@context":"https:\/\/schema.org","@graph":[{"@type":"Article","@id":"https:\/\/www.uartes.edu.ec\/sitio\/blog\/2022\/03\/08\/por-el-8m-la-uartes-relanza-su-mesa-de-genero-e-invita-a-un-conversatorio-un-recital-inaugura-muestras-y-realiza-talleres\/#article","isPartOf":{"@id":"https:\/\/www.uartes.edu.ec\/sitio\/blog\/2022\/03\/08\/por-el-8m-la-uartes-relanza-su-mesa-de-genero-e-invita-a-un-conversatorio-un-recital-inaugura-muestras-y-realiza-talleres\/"},"author":{"name":"ccortez","@id":"https:\/\/www.uartes.edu.ec\/sitio\/#\/schema\/person\/efa1b8275797664fd7f13a79ccc0b1f4"},"headline":"En el 8M, UArtes relanza su Mesa de G\u00e9nero e invita a varias actividades culturales, acad\u00e9micas y art\u00edsticas","datePublished":"2022-03-08T14:14:00+00:00","dateModified":"2024-07-04T16:23:54+00:00","mainEntityOfPage":{"@id":"https:\/\/www.uartes.edu.ec\/sitio\/blog\/2022\/03\/08\/por-el-8m-la-uartes-relanza-su-mesa-de-genero-e-invita-a-un-conversatorio-un-recital-inaugura-muestras-y-realiza-talleres\/"},"wordCount":518,"commentCount":0,"publisher":{"@id":"https:\/\/www.uartes.edu.ec\/sitio\/#organization"},"image":{"@id":"https:\/\/www.uartes.edu.ec\/sitio\/blog\/2022\/03\/08\/por-el-8m-la-uartes-relanza-su-mesa-de-genero-e-invita-a-un-conversatorio-un-recital-inaugura-muestras-y-realiza-talleres\/#primaryimage"},"thumbnailUrl":"https:\/\/www.uartes.edu.ec\/sitio\/wp-content\/uploads\/2022\/03\/8M-WEB.jpg","keywords":["agenda"],"articleSection":["Administrativos","Artes","Artes Esc\u00e9nicas","Artes Sonoras","Artes Visuales","Bienestar Universitario","Cine","Docentes","Estudiantes","Literatura"],"inLanguage":"es","potentialAction":[{"@type":"CommentAction","name":"Comment","target":["https:\/\/www.uartes.edu.ec\/sitio\/blog\/2022\/03\/08\/por-el-8m-la-uartes-relanza-su-mesa-de-genero-e-invita-a-un-conversatorio-un-recital-inaugura-muestras-y-realiza-talleres\/#respond"]}]},{"@type":["WebPage","ItemPage"],"@id":"https:\/\/www.uartes.edu.ec\/sitio\/blog\/2022\/03\/08\/por-el-8m-la-uartes-relanza-su-mesa-de-genero-e-invita-a-un-conversatorio-un-recital-inaugura-muestras-y-realiza-talleres\/","url":"https:\/\/www.uartes.edu.ec\/sitio\/blog\/2022\/03\/08\/por-el-8m-la-uartes-relanza-su-mesa-de-genero-e-invita-a-un-conversatorio-un-recital-inaugura-muestras-y-realiza-talleres\/","name":"Universidad de las Artes - En el 8M, UArtes relanza su Mesa de G\u00e9nero e invita a varias actividades culturales, acad\u00e9micas y art\u00edsticas","isPartOf":{"@id":"https:\/\/www.uartes.edu.ec\/sitio\/#website"},"primaryImageOfPage":{"@id":"https:\/\/www.uartes.edu.ec\/sitio\/blog\/2022\/03\/08\/por-el-8m-la-uartes-relanza-su-mesa-de-genero-e-invita-a-un-conversatorio-un-recital-inaugura-muestras-y-realiza-talleres\/#primaryimage"},"image":{"@id":"https:\/\/www.uartes.edu.ec\/sitio\/blog\/2022\/03\/08\/por-el-8m-la-uartes-relanza-su-mesa-de-genero-e-invita-a-un-conversatorio-un-recital-inaugura-muestras-y-realiza-talleres\/#primaryimage"},"thumbnailUrl":"https:\/\/www.uartes.edu.ec\/sitio\/wp-content\/uploads\/2022\/03\/8M-WEB.jpg","datePublished":"2022-03-08T14:14:00+00:00","dateModified":"2024-07-04T16:23:54+00:00","description":"Universidad de las Artes - En el 8M, UArtes relanza su Mesa de G\u00e9nero e invita a varias actividades culturales, acad\u00e9micas y art\u00edsticas","breadcrumb":{"@id":"https:\/\/www.uartes.edu.ec\/sitio\/blog\/2022\/03\/08\/por-el-8m-la-uartes-relanza-su-mesa-de-genero-e-invita-a-un-conversatorio-un-recital-inaugura-muestras-y-realiza-talleres\/#breadcrumb"},"inLanguage":"es","potentialAction":[{"@type":"ReadAction","target":["https:\/\/www.uartes.edu.ec\/sitio\/blog\/2022\/03\/08\/por-el-8m-la-uartes-relanza-su-mesa-de-genero-e-invita-a-un-conversatorio-un-recital-inaugura-muestras-y-realiza-talleres\/"]}]},{"@type":"ImageObject","inLanguage":"es","@id":"https:\/\/www.uartes.edu.ec\/sitio\/blog\/2022\/03\/08\/por-el-8m-la-uartes-relanza-su-mesa-de-genero-e-invita-a-un-conversatorio-un-recital-inaugura-muestras-y-realiza-talleres\/#primaryimage","url":"https:\/\/www.uartes.edu.ec\/sitio\/wp-content\/uploads\/2022\/03\/8M-WEB.jpg","contentUrl":"https:\/\/www.uartes.edu.ec\/sitio\/wp-content\/uploads\/2022\/03\/8M-WEB.jpg","width":2000,"height":1333},{"@type":"BreadcrumbList","@id":"https:\/\/www.uartes.edu.ec\/sitio\/blog\/2022\/03\/08\/por-el-8m-la-uartes-relanza-su-mesa-de-genero-e-invita-a-un-conversatorio-un-recital-inaugura-muestras-y-realiza-talleres\/#breadcrumb","itemListElement":[{"@type":"ListItem","position":1,"name":"Inicio","item":"https:\/\/www.uartes.edu.ec\/sitio\/"},{"@type":"ListItem","position":2,"name":"En el 8M, UArtes relanza su Mesa de G\u00e9nero e invita a varias actividades culturales, acad\u00e9micas y art\u00edsticas"}]},{"@type":"WebSite","@id":"https:\/\/www.uartes.edu.ec\/sitio\/#website","url":"https:\/\/www.uartes.edu.ec\/sitio\/","name":"Universidad de las Artes","description":"Sitio oficial de la Universidad Nacional de las Artes del Ecuador","publisher":{"@id":"https:\/\/www.uartes.edu.ec\/sitio\/#organization"},"potentialAction":[{"@type":"SearchAction","target":{"@type":"EntryPoint","urlTemplate":"https:\/\/www.uartes.edu.ec\/sitio\/?s={search_term_string}"},"query-input":{"@type":"PropertyValueSpecification","valueRequired":true,"valueName":"search_term_string"}}],"inLanguage":"es"},{"@type":"Organization","@id":"https:\/\/www.uartes.edu.ec\/sitio\/#organization","name":"Universidad de las Artes","url":"https:\/\/www.uartes.edu.ec\/sitio\/","logo":{"@type":"ImageObject","inLanguage":"es","@id":"https:\/\/www.uartes.edu.ec\/sitio\/#\/schema\/logo\/image\/","url":"https:\/\/www.uartes.edu.ec\/sitio\/wp-content\/uploads\/2022\/07\/logo-ua-horizontal.png","contentUrl":"https:\/\/www.uartes.edu.ec\/sitio\/wp-content\/uploads\/2022\/07\/logo-ua-horizontal.png","width":800,"height":276,"caption":"Universidad de las Artes"},"image":{"@id":"https:\/\/www.uartes.edu.ec\/sitio\/#\/schema\/logo\/image\/"},"sameAs":["https:\/\/www.facebook.com\/uartesec","https:\/\/x.com\/uartesec","https:\/\/www.tiktok.com\/@uartesec"]},{"@type":"Person","@id":"https:\/\/www.uartes.edu.ec\/sitio\/#\/schema\/person\/efa1b8275797664fd7f13a79ccc0b1f4","name":"ccortez","image":{"@type":"ImageObject","inLanguage":"es","@id":"https:\/\/secure.gravatar.com\/avatar\/b2a6f664a3ae8e074346ef91775736c5ec479e637ecced6842de9dc98b5da9cd?s=96&d=mm&r=g","url":"https:\/\/secure.gravatar.com\/avatar\/b2a6f664a3ae8e074346ef91775736c5ec479e637ecced6842de9dc98b5da9cd?s=96&d=mm&r=g","contentUrl":"https:\/\/secure.gravatar.com\/avatar\/b2a6f664a3ae8e074346ef91775736c5ec479e637ecced6842de9dc98b5da9cd?s=96&d=mm&r=g","caption":"ccortez"},"url":"https:\/\/www.uartes.edu.ec\/sitio\/blog\/author\/ccortez\/"}]}},"uagb_featured_image_src":{"full":["https:\/\/www.uartes.edu.ec\/sitio\/wp-content\/uploads\/2022\/03\/8M-WEB.jpg",2000,1333,false],"thumbnail":["https:\/\/www.uartes.edu.ec\/sitio\/wp-content\/uploads\/2022\/03\/8M-WEB-150x150.jpg",150,150,true],"medium":["https:\/\/www.uartes.edu.ec\/sitio\/wp-content\/uploads\/2022\/03\/8M-WEB-300x200.jpg",300,200,true],"medium_large":["https:\/\/www.uartes.edu.ec\/sitio\/wp-content\/uploads\/2022\/03\/8M-WEB-768x512.jpg",768,512,true],"large":["https:\/\/www.uartes.edu.ec\/sitio\/wp-content\/uploads\/2022\/03\/8M-WEB-644x429.jpg",644,429,true],"1536x1536":["https:\/\/www.uartes.edu.ec\/sitio\/wp-content\/uploads\/2022\/03\/8M-WEB-1536x1024.jpg",1536,1024,true],"2048x2048":["https:\/\/www.uartes.edu.ec\/sitio\/wp-content\/uploads\/2022\/03\/8M-WEB.jpg",2000,1333,false],"trp-custom-language-flag":["https:\/\/www.uartes.edu.ec\/sitio\/wp-content\/uploads\/2022\/03\/8M-WEB.jpg",18,12,false],"htmega_size_585x295":["https:\/\/www.uartes.edu.ec\/sitio\/wp-content\/uploads\/2022\/03\/8M-WEB.jpg",443,295,false],"htmega_size_1170x536":["https:\/\/www.uartes.edu.ec\/sitio\/wp-content\/uploads\/2022\/03\/8M-WEB.jpg",804,536,false],"htmega_size_396x360":["https:\/\/www.uartes.edu.ec\/sitio\/wp-content\/uploads\/2022\/03\/8M-WEB.jpg",396,264,false],"gb-block-post-grid-landscape":["https:\/\/www.uartes.edu.ec\/sitio\/wp-content\/uploads\/2022\/03\/8M-WEB-600x400.jpg",600,400,true],"gb-block-post-grid-square":["https:\/\/www.uartes.edu.ec\/sitio\/wp-content\/uploads\/2022\/03\/8M-WEB-600x600.jpg",600,600,true],"university-hub-thumb":["https:\/\/www.uartes.edu.ec\/sitio\/wp-content\/uploads\/2022\/03\/8M-WEB-400x267.jpg",400,267,true]},"uagb_author_info":{"display_name":"ccortez","author_link":"https:\/\/www.uartes.edu.ec\/sitio\/blog\/author\/ccortez\/"},"uagb_comment_info":0,"uagb_excerpt":"Por el D\u00eda Internacional de la Mujer, la UArtes ha preparado una agenda con propuestas que llevan al di\u00e1logo y al an\u00e1lisis, como tambi\u00e9n a admirar el arte en sus varias expresiones. El relanzamiento de su Mesa de G\u00e9nero es una de ellas; se realiza con el conversatorio \"Violencia de g\u00e9nero y pol\u00edticas de despatriarcalizaci\u00f3n&hellip;","featured_image_src":"https:\/\/www.uartes.edu.ec\/sitio\/wp-content\/uploads\/2022\/03\/8M-WEB-600x400.jpg","featured_image_src_square":"https:\/\/www.uartes.edu.ec\/sitio\/wp-content\/uploads\/2022\/03\/8M-WEB-600x600.jpg","author_info":{"display_name":"ccortez","author_link":"https:\/\/www.uartes.edu.ec\/sitio\/blog\/author\/ccortez\/"},"publishpress_future_workflow_manual_trigger":{"enabledWorkflows":[]},"distributor_meta":false,"distributor_terms":false,"distributor_media":false,"distributor_original_site_name":"Universidad de las Artes","distributor_original_site_url":"https:\/\/www.uartes.edu.ec\/sitio","push-errors":false,"_links":{"self":[{"href":"https:\/\/www.uartes.edu.ec\/sitio\/wp-json\/wp\/v2\/posts\/19893","targetHints":{"allow":["GET"]}}],"collection":[{"href":"https:\/\/www.uartes.edu.ec\/sitio\/wp-json\/wp\/v2\/posts"}],"about":[{"href":"https:\/\/www.uartes.edu.ec\/sitio\/wp-json\/wp\/v2\/types\/post"}],"author":[{"embeddable":true,"href":"https:\/\/www.uartes.edu.ec\/sitio\/wp-json\/wp\/v2\/users\/10"}],"replies":[{"embeddable":true,"href":"https:\/\/www.uartes.edu.ec\/sitio\/wp-json\/wp\/v2\/comments?post=19893"}],"version-history":[{"count":8,"href":"https:\/\/www.uartes.edu.ec\/sitio\/wp-json\/wp\/v2\/posts\/19893\/revisions"}],"predecessor-version":[{"id":19927,"href":"https:\/\/www.uartes.edu.ec\/sitio\/wp-json\/wp\/v2\/posts\/19893\/revisions\/19927"}],"wp:featuredmedia":[{"embeddable":true,"href":"https:\/\/www.uartes.edu.ec\/sitio\/wp-json\/wp\/v2\/media\/19894"}],"wp:attachment":[{"href":"https:\/\/www.uartes.edu.ec\/sitio\/wp-json\/wp\/v2\/media?parent=19893"}],"wp:term":[{"taxonomy":"category","embeddable":true,"href":"https:\/\/www.uartes.edu.ec\/sitio\/wp-json\/wp\/v2\/categories?post=19893"},{"taxonomy":"post_tag","embeddable":true,"href":"https:\/\/www.uartes.edu.ec\/sitio\/wp-json\/wp\/v2\/tags?post=19893"},{"taxonomy":"infouartes","embeddable":true,"href":"https:\/\/www.uartes.edu.ec\/sitio\/wp-json\/wp\/v2\/infouartes?post=19893"}],"curies":[{"name":"wp","href":"https:\/\/api.w.org\/{rel}","templated":true}]}}