{"id":20914,"date":"2022-04-20T09:20:00","date_gmt":"2022-04-20T14:20:00","guid":{"rendered":"http:\/\/www.uartes.edu.ec\/sitio\/?p=20914"},"modified":"2024-07-04T11:23:45","modified_gmt":"2024-07-04T16:23:45","slug":"cantautora-jenny-villafuerte-brindo-un-conciertode-muchas-lecturas-en-la-biblioteca-de-las-artes","status":"publish","type":"post","link":"https:\/\/www.uartes.edu.ec\/sitio\/blog\/2022\/04\/20\/cantautora-jenny-villafuerte-brindo-un-conciertode-muchas-lecturas-en-la-biblioteca-de-las-artes\/","title":{"rendered":"Cantautora Jenny Villafuerte brind\u00f3 concierto de varios g\u00e9neros y lecturas en la Biblioteca de las Artes"},"content":{"rendered":"\n<p>La presentaci\u00f3n de la cantautora Jenny Villafuerte fue una de las actividades de la Lanfor Abierta, una propuesta de la Biblioteca de las Artes para el fomento de la cultura, el arte y la lectura, concebida en el mes donde cada 23 se celebra el D\u00eda Internacional del Libro.<\/p>\n\n\n\n<p>Ocurri\u00f3 ayer, martes 19 de abril, y en la agenda constaron tambi\u00e9n el taller \u201cMicrocuentos para adolescentes\u201d, a cargo de la estudiante UArtes Dom\u00e9nica J\u00e1come, y la conferencia \u201cEl fotolibro en el Ecuador\u201d, con Patricio Montaleza, director del Ecuadorfotofest.<\/p>\n\n\n\n<p>La participaci\u00f3n de Jenny Villafuerte, quien es docente de la Universidad de las Artes, se dio por la tarde, a partir de las 15:00, en el tercer piso del patrimonial edificio donde se encuentra la Biblioteca de las Artes (originalmente Banco de Descuento, en Pichincha y Aguirre). La acompa\u00f1aron, Andrea Cede\u00f1o, estudiante de la Escuela de Artes Sonoras, quien interpret\u00f3 varios temas e hizo coros, y el percusionista Javier Le\u00f3n <em>(Faquirri), <\/em>a ritmo del caj\u00f3n.<\/p>\n\n\n\n<div class=\"wp-block-image\"><figure class=\"aligncenter size-large\"><img fetchpriority=\"high\" decoding=\"async\" width=\"644\" height=\"429\" src=\"http:\/\/www.uartes.edu.ec\/sitio\/wp-content\/uploads\/2022\/04\/jen-villafuerte-web-2-644x429.jpg\" alt=\"\" class=\"wp-image-20916\" srcset=\"https:\/\/www.uartes.edu.ec\/sitio\/wp-content\/uploads\/2022\/04\/jen-villafuerte-web-2-644x429.jpg 644w, https:\/\/www.uartes.edu.ec\/sitio\/wp-content\/uploads\/2022\/04\/jen-villafuerte-web-2-768x511.jpg 768w, https:\/\/www.uartes.edu.ec\/sitio\/wp-content\/uploads\/2022\/04\/jen-villafuerte-web-2.jpg 2000w, https:\/\/www.uartes.edu.ec\/sitio\/wp-content\/uploads\/2022\/04\/jen-villafuerte-web-2-600x399.jpg 600w, https:\/\/www.uartes.edu.ec\/sitio\/wp-content\/uploads\/2022\/04\/jen-villafuerte-web-2-272x182.jpg 272w\" sizes=\"(max-width: 644px) 100vw, 644px\" \/><\/figure><\/div>\n\n\n\n<p>Sin dejar su ya inseparable guitarra, Jenny Villafuerte comparti\u00f3 un repertorio de temas in\u00e9ditos y de su autor\u00eda. Entre la nutrida concurrencia, ubicada acorde a las medidas de bioseguridad, estaban amigos y familiares de los artistas, miembros de la comunidad universitaria, autoridades de la EAS y p\u00fablico en general. Ellos disfrutaron de baladas&nbsp;pop con tintes de funk y jazz, boleros, algo de flamenco y temas en ingl\u00e9s. El suyo fue un concierto de muchas lecturas, por el variado contenido de sus canciones, pues unas abordan el romanticismo, otras hacen eco a la nostalgia y algunas a las a\u00f1oranzas y los anhelos alcanzados.&nbsp; &nbsp;<\/p>\n\n\n\n<p>As\u00ed, en su repertorio constaron: <em>Bolero, Da\u00f1ino, No habr\u00e1 nadie (flamenca), En abril, Anyone, M\u00edrame, Buenos aires, Stronger than me <\/em>y <em>Volar. <\/em>La cantautora ecuatoriana cont\u00f3 que<em> En Abril<\/em> era uno de los favoritos de su madre y antes de interpretar <em>M\u00edrame<\/em> revel\u00f3 que su letra habla sobre la violencia contra la mujer.<\/p>\n\n\n\n<p>A Jenny Villafuerte se la puede seguir en Instagram: @jennyvillafuertemusic<br>Y su m\u00fasica est\u00e1 en Spotify: <a href=\"https:\/\/open.spotify.com\/artist\/03wUDbGSp5hedwmvOMog7k?si=yQTihJXcSASm5RTRco0fNw\">https:\/\/open.spotify.com\/artist\/03wUDbGSp5hedwmvOMog7k?si=yQTihJXcSASm5RTRco0fNw<\/a><\/p>\n","protected":false},"excerpt":{"rendered":"<p>La cantautora y docente de la Universidad de las Artes Jenny Villafuerte se present\u00f3 este martes 19 de abril, en el marco de Lanfor Abierta, organizada por la Biblioteca de las Artes. Acompa\u00f1ada por el percusionista Javier Le\u00f3n y la estudiante de la EAS Andrea Cede\u00f1o, ella comparti\u00f3 varios temas de su autor\u00eda en g\u00e9neros variados. El suyo fue un concierto de muchas lecturas.<\/p>\n","protected":false},"author":10,"featured_media":20915,"comment_status":"open","ping_status":"open","sticky":false,"template":"","format":"standard","meta":{"_acf_changed":false,"_uag_custom_page_level_css":"","_monsterinsights_skip_tracking":false,"_monsterinsights_sitenote_active":false,"_monsterinsights_sitenote_note":"","_monsterinsights_sitenote_category":0,"cybocfi_hide_featured_image":"","footnotes":""},"categories":[490,150,75,76],"tags":[41],"infouartes":[],"class_list":["post-20914","post","type-post","status-publish","format-standard","has-post-thumbnail","hentry","category-alumni","category-artes-sonoras","category-docentes","category-estudiantes","tag-biblioteca"],"acf":[],"yoast_head":"<!-- This site is optimized with the Yoast SEO plugin v27.4 - https:\/\/yoast.com\/product\/yoast-seo-wordpress\/ -->\n<title>Universidad de las Artes - Cantautora Jenny Villafuerte brind\u00f3 concierto de varios g\u00e9neros y lecturas en la Biblioteca de las Artes<\/title>\n<meta name=\"description\" content=\"Universidad de las Artes - Cantautora Jenny Villafuerte brind\u00f3 concierto de varios g\u00e9neros y lecturas en la Biblioteca de las Artes\" \/>\n<meta name=\"robots\" content=\"index, follow, max-snippet:-1, max-image-preview:large, max-video-preview:-1\" \/>\n<link rel=\"canonical\" href=\"https:\/\/www.uartes.edu.ec\/sitio\/blog\/2022\/04\/20\/cantautora-jenny-villafuerte-brindo-un-conciertode-muchas-lecturas-en-la-biblioteca-de-las-artes\/\" \/>\n<meta property=\"og:locale\" content=\"es_ES\" \/>\n<meta property=\"og:type\" content=\"article\" \/>\n<meta property=\"og:title\" content=\"Universidad de las Artes - Cantautora Jenny Villafuerte brind\u00f3 concierto de varios g\u00e9neros y lecturas en la Biblioteca de las Artes\" \/>\n<meta property=\"og:description\" content=\"Universidad de las Artes - Cantautora Jenny Villafuerte brind\u00f3 concierto de varios g\u00e9neros y lecturas en la Biblioteca de las Artes\" \/>\n<meta property=\"og:url\" content=\"https:\/\/www.uartes.edu.ec\/sitio\/blog\/2022\/04\/20\/cantautora-jenny-villafuerte-brindo-un-conciertode-muchas-lecturas-en-la-biblioteca-de-las-artes\/\" \/>\n<meta property=\"og:site_name\" content=\"Universidad de las Artes\" \/>\n<meta property=\"article:publisher\" content=\"https:\/\/www.facebook.com\/uartesec\" \/>\n<meta property=\"article:published_time\" content=\"2022-04-20T14:20:00+00:00\" \/>\n<meta property=\"article:modified_time\" content=\"2024-07-04T16:23:45+00:00\" \/>\n<meta property=\"og:image\" content=\"https:\/\/www.uartes.edu.ec\/sitio\/wp-content\/uploads\/2022\/04\/jen-villafuerte-web.jpg\" \/>\n\t<meta property=\"og:image:width\" content=\"2000\" \/>\n\t<meta property=\"og:image:height\" content=\"1333\" \/>\n\t<meta property=\"og:image:type\" content=\"image\/jpeg\" \/>\n<meta name=\"author\" content=\"ccortez\" \/>\n<meta name=\"twitter:card\" content=\"summary_large_image\" \/>\n<meta name=\"twitter:creator\" content=\"@uartesec\" \/>\n<meta name=\"twitter:site\" content=\"@uartesec\" \/>\n<meta name=\"twitter:label1\" content=\"Escrito por\" \/>\n\t<meta name=\"twitter:data1\" content=\"ccortez\" \/>\n\t<meta name=\"twitter:label2\" content=\"Tiempo de lectura\" \/>\n\t<meta name=\"twitter:data2\" content=\"2 minutos\" \/>\n<script type=\"application\/ld+json\" class=\"yoast-schema-graph\">{\"@context\":\"https:\\\/\\\/schema.org\",\"@graph\":[{\"@type\":\"Article\",\"@id\":\"https:\\\/\\\/www.uartes.edu.ec\\\/sitio\\\/blog\\\/2022\\\/04\\\/20\\\/cantautora-jenny-villafuerte-brindo-un-conciertode-muchas-lecturas-en-la-biblioteca-de-las-artes\\\/#article\",\"isPartOf\":{\"@id\":\"https:\\\/\\\/www.uartes.edu.ec\\\/sitio\\\/blog\\\/2022\\\/04\\\/20\\\/cantautora-jenny-villafuerte-brindo-un-conciertode-muchas-lecturas-en-la-biblioteca-de-las-artes\\\/\"},\"author\":{\"name\":\"ccortez\",\"@id\":\"https:\\\/\\\/www.uartes.edu.ec\\\/sitio\\\/#\\\/schema\\\/person\\\/efa1b8275797664fd7f13a79ccc0b1f4\"},\"headline\":\"Cantautora Jenny Villafuerte brind\u00f3 concierto de varios g\u00e9neros y lecturas en la Biblioteca de las Artes\",\"datePublished\":\"2022-04-20T14:20:00+00:00\",\"dateModified\":\"2024-07-04T16:23:45+00:00\",\"mainEntityOfPage\":{\"@id\":\"https:\\\/\\\/www.uartes.edu.ec\\\/sitio\\\/blog\\\/2022\\\/04\\\/20\\\/cantautora-jenny-villafuerte-brindo-un-conciertode-muchas-lecturas-en-la-biblioteca-de-las-artes\\\/\"},\"wordCount\":382,\"commentCount\":0,\"publisher\":{\"@id\":\"https:\\\/\\\/www.uartes.edu.ec\\\/sitio\\\/#organization\"},\"image\":{\"@id\":\"https:\\\/\\\/www.uartes.edu.ec\\\/sitio\\\/blog\\\/2022\\\/04\\\/20\\\/cantautora-jenny-villafuerte-brindo-un-conciertode-muchas-lecturas-en-la-biblioteca-de-las-artes\\\/#primaryimage\"},\"thumbnailUrl\":\"https:\\\/\\\/www.uartes.edu.ec\\\/sitio\\\/wp-content\\\/uploads\\\/2022\\\/04\\\/jen-villafuerte-web.jpg\",\"keywords\":[\"biblioteca\"],\"articleSection\":[\"Alumni\",\"Artes Sonoras\",\"Docentes\",\"Estudiantes\"],\"inLanguage\":\"es\",\"potentialAction\":[{\"@type\":\"CommentAction\",\"name\":\"Comment\",\"target\":[\"https:\\\/\\\/www.uartes.edu.ec\\\/sitio\\\/blog\\\/2022\\\/04\\\/20\\\/cantautora-jenny-villafuerte-brindo-un-conciertode-muchas-lecturas-en-la-biblioteca-de-las-artes\\\/#respond\"]}]},{\"@type\":[\"WebPage\",\"ItemPage\"],\"@id\":\"https:\\\/\\\/www.uartes.edu.ec\\\/sitio\\\/blog\\\/2022\\\/04\\\/20\\\/cantautora-jenny-villafuerte-brindo-un-conciertode-muchas-lecturas-en-la-biblioteca-de-las-artes\\\/\",\"url\":\"https:\\\/\\\/www.uartes.edu.ec\\\/sitio\\\/blog\\\/2022\\\/04\\\/20\\\/cantautora-jenny-villafuerte-brindo-un-conciertode-muchas-lecturas-en-la-biblioteca-de-las-artes\\\/\",\"name\":\"Universidad de las Artes - Cantautora Jenny Villafuerte brind\u00f3 concierto de varios g\u00e9neros y lecturas en la Biblioteca de las Artes\",\"isPartOf\":{\"@id\":\"https:\\\/\\\/www.uartes.edu.ec\\\/sitio\\\/#website\"},\"primaryImageOfPage\":{\"@id\":\"https:\\\/\\\/www.uartes.edu.ec\\\/sitio\\\/blog\\\/2022\\\/04\\\/20\\\/cantautora-jenny-villafuerte-brindo-un-conciertode-muchas-lecturas-en-la-biblioteca-de-las-artes\\\/#primaryimage\"},\"image\":{\"@id\":\"https:\\\/\\\/www.uartes.edu.ec\\\/sitio\\\/blog\\\/2022\\\/04\\\/20\\\/cantautora-jenny-villafuerte-brindo-un-conciertode-muchas-lecturas-en-la-biblioteca-de-las-artes\\\/#primaryimage\"},\"thumbnailUrl\":\"https:\\\/\\\/www.uartes.edu.ec\\\/sitio\\\/wp-content\\\/uploads\\\/2022\\\/04\\\/jen-villafuerte-web.jpg\",\"datePublished\":\"2022-04-20T14:20:00+00:00\",\"dateModified\":\"2024-07-04T16:23:45+00:00\",\"description\":\"Universidad de las Artes - Cantautora Jenny Villafuerte brind\u00f3 concierto de varios g\u00e9neros y lecturas en la Biblioteca de las Artes\",\"breadcrumb\":{\"@id\":\"https:\\\/\\\/www.uartes.edu.ec\\\/sitio\\\/blog\\\/2022\\\/04\\\/20\\\/cantautora-jenny-villafuerte-brindo-un-conciertode-muchas-lecturas-en-la-biblioteca-de-las-artes\\\/#breadcrumb\"},\"inLanguage\":\"es\",\"potentialAction\":[{\"@type\":\"ReadAction\",\"target\":[\"https:\\\/\\\/www.uartes.edu.ec\\\/sitio\\\/blog\\\/2022\\\/04\\\/20\\\/cantautora-jenny-villafuerte-brindo-un-conciertode-muchas-lecturas-en-la-biblioteca-de-las-artes\\\/\"]}]},{\"@type\":\"ImageObject\",\"inLanguage\":\"es\",\"@id\":\"https:\\\/\\\/www.uartes.edu.ec\\\/sitio\\\/blog\\\/2022\\\/04\\\/20\\\/cantautora-jenny-villafuerte-brindo-un-conciertode-muchas-lecturas-en-la-biblioteca-de-las-artes\\\/#primaryimage\",\"url\":\"https:\\\/\\\/www.uartes.edu.ec\\\/sitio\\\/wp-content\\\/uploads\\\/2022\\\/04\\\/jen-villafuerte-web.jpg\",\"contentUrl\":\"https:\\\/\\\/www.uartes.edu.ec\\\/sitio\\\/wp-content\\\/uploads\\\/2022\\\/04\\\/jen-villafuerte-web.jpg\",\"width\":2000,\"height\":1333},{\"@type\":\"BreadcrumbList\",\"@id\":\"https:\\\/\\\/www.uartes.edu.ec\\\/sitio\\\/blog\\\/2022\\\/04\\\/20\\\/cantautora-jenny-villafuerte-brindo-un-conciertode-muchas-lecturas-en-la-biblioteca-de-las-artes\\\/#breadcrumb\",\"itemListElement\":[{\"@type\":\"ListItem\",\"position\":1,\"name\":\"Inicio\",\"item\":\"https:\\\/\\\/www.uartes.edu.ec\\\/sitio\\\/\"},{\"@type\":\"ListItem\",\"position\":2,\"name\":\"Cantautora Jenny Villafuerte brind\u00f3 concierto de varios g\u00e9neros y lecturas en la Biblioteca de las Artes\"}]},{\"@type\":\"WebSite\",\"@id\":\"https:\\\/\\\/www.uartes.edu.ec\\\/sitio\\\/#website\",\"url\":\"https:\\\/\\\/www.uartes.edu.ec\\\/sitio\\\/\",\"name\":\"Universidad de las Artes\",\"description\":\"Sitio oficial de la Universidad Nacional de las Artes del Ecuador\",\"publisher\":{\"@id\":\"https:\\\/\\\/www.uartes.edu.ec\\\/sitio\\\/#organization\"},\"potentialAction\":[{\"@type\":\"SearchAction\",\"target\":{\"@type\":\"EntryPoint\",\"urlTemplate\":\"https:\\\/\\\/www.uartes.edu.ec\\\/sitio\\\/?s={search_term_string}\"},\"query-input\":{\"@type\":\"PropertyValueSpecification\",\"valueRequired\":true,\"valueName\":\"search_term_string\"}}],\"inLanguage\":\"es\"},{\"@type\":\"Organization\",\"@id\":\"https:\\\/\\\/www.uartes.edu.ec\\\/sitio\\\/#organization\",\"name\":\"Universidad de las Artes\",\"url\":\"https:\\\/\\\/www.uartes.edu.ec\\\/sitio\\\/\",\"logo\":{\"@type\":\"ImageObject\",\"inLanguage\":\"es\",\"@id\":\"https:\\\/\\\/www.uartes.edu.ec\\\/sitio\\\/#\\\/schema\\\/logo\\\/image\\\/\",\"url\":\"https:\\\/\\\/www.uartes.edu.ec\\\/sitio\\\/wp-content\\\/uploads\\\/2022\\\/07\\\/logo-ua-horizontal.png\",\"contentUrl\":\"https:\\\/\\\/www.uartes.edu.ec\\\/sitio\\\/wp-content\\\/uploads\\\/2022\\\/07\\\/logo-ua-horizontal.png\",\"width\":800,\"height\":276,\"caption\":\"Universidad de las Artes\"},\"image\":{\"@id\":\"https:\\\/\\\/www.uartes.edu.ec\\\/sitio\\\/#\\\/schema\\\/logo\\\/image\\\/\"},\"sameAs\":[\"https:\\\/\\\/www.facebook.com\\\/uartesec\",\"https:\\\/\\\/x.com\\\/uartesec\",\"https:\\\/\\\/www.tiktok.com\\\/@uartesec\"]},{\"@type\":\"Person\",\"@id\":\"https:\\\/\\\/www.uartes.edu.ec\\\/sitio\\\/#\\\/schema\\\/person\\\/efa1b8275797664fd7f13a79ccc0b1f4\",\"name\":\"ccortez\",\"image\":{\"@type\":\"ImageObject\",\"inLanguage\":\"es\",\"@id\":\"https:\\\/\\\/secure.gravatar.com\\\/avatar\\\/b2a6f664a3ae8e074346ef91775736c5ec479e637ecced6842de9dc98b5da9cd?s=96&d=mm&r=g\",\"url\":\"https:\\\/\\\/secure.gravatar.com\\\/avatar\\\/b2a6f664a3ae8e074346ef91775736c5ec479e637ecced6842de9dc98b5da9cd?s=96&d=mm&r=g\",\"contentUrl\":\"https:\\\/\\\/secure.gravatar.com\\\/avatar\\\/b2a6f664a3ae8e074346ef91775736c5ec479e637ecced6842de9dc98b5da9cd?s=96&d=mm&r=g\",\"caption\":\"ccortez\"},\"url\":\"https:\\\/\\\/www.uartes.edu.ec\\\/sitio\\\/blog\\\/author\\\/ccortez\\\/\"}]}<\/script>\n<!-- \/ Yoast SEO plugin. -->","yoast_head_json":{"title":"Universidad de las Artes - Cantautora Jenny Villafuerte brind\u00f3 concierto de varios g\u00e9neros y lecturas en la Biblioteca de las Artes","description":"Universidad de las Artes - Cantautora Jenny Villafuerte brind\u00f3 concierto de varios g\u00e9neros y lecturas en la Biblioteca de las Artes","robots":{"index":"index","follow":"follow","max-snippet":"max-snippet:-1","max-image-preview":"max-image-preview:large","max-video-preview":"max-video-preview:-1"},"canonical":"https:\/\/www.uartes.edu.ec\/sitio\/blog\/2022\/04\/20\/cantautora-jenny-villafuerte-brindo-un-conciertode-muchas-lecturas-en-la-biblioteca-de-las-artes\/","og_locale":"es_ES","og_type":"article","og_title":"Universidad de las Artes - Cantautora Jenny Villafuerte brind\u00f3 concierto de varios g\u00e9neros y lecturas en la Biblioteca de las Artes","og_description":"Universidad de las Artes - Cantautora Jenny Villafuerte brind\u00f3 concierto de varios g\u00e9neros y lecturas en la Biblioteca de las Artes","og_url":"https:\/\/www.uartes.edu.ec\/sitio\/blog\/2022\/04\/20\/cantautora-jenny-villafuerte-brindo-un-conciertode-muchas-lecturas-en-la-biblioteca-de-las-artes\/","og_site_name":"Universidad de las Artes","article_publisher":"https:\/\/www.facebook.com\/uartesec","article_published_time":"2022-04-20T14:20:00+00:00","article_modified_time":"2024-07-04T16:23:45+00:00","og_image":[{"width":2000,"height":1333,"url":"https:\/\/www.uartes.edu.ec\/sitio\/wp-content\/uploads\/2022\/04\/jen-villafuerte-web.jpg","type":"image\/jpeg"}],"author":"ccortez","twitter_card":"summary_large_image","twitter_creator":"@uartesec","twitter_site":"@uartesec","twitter_misc":{"Escrito por":"ccortez","Tiempo de lectura":"2 minutos"},"schema":{"@context":"https:\/\/schema.org","@graph":[{"@type":"Article","@id":"https:\/\/www.uartes.edu.ec\/sitio\/blog\/2022\/04\/20\/cantautora-jenny-villafuerte-brindo-un-conciertode-muchas-lecturas-en-la-biblioteca-de-las-artes\/#article","isPartOf":{"@id":"https:\/\/www.uartes.edu.ec\/sitio\/blog\/2022\/04\/20\/cantautora-jenny-villafuerte-brindo-un-conciertode-muchas-lecturas-en-la-biblioteca-de-las-artes\/"},"author":{"name":"ccortez","@id":"https:\/\/www.uartes.edu.ec\/sitio\/#\/schema\/person\/efa1b8275797664fd7f13a79ccc0b1f4"},"headline":"Cantautora Jenny Villafuerte brind\u00f3 concierto de varios g\u00e9neros y lecturas en la Biblioteca de las Artes","datePublished":"2022-04-20T14:20:00+00:00","dateModified":"2024-07-04T16:23:45+00:00","mainEntityOfPage":{"@id":"https:\/\/www.uartes.edu.ec\/sitio\/blog\/2022\/04\/20\/cantautora-jenny-villafuerte-brindo-un-conciertode-muchas-lecturas-en-la-biblioteca-de-las-artes\/"},"wordCount":382,"commentCount":0,"publisher":{"@id":"https:\/\/www.uartes.edu.ec\/sitio\/#organization"},"image":{"@id":"https:\/\/www.uartes.edu.ec\/sitio\/blog\/2022\/04\/20\/cantautora-jenny-villafuerte-brindo-un-conciertode-muchas-lecturas-en-la-biblioteca-de-las-artes\/#primaryimage"},"thumbnailUrl":"https:\/\/www.uartes.edu.ec\/sitio\/wp-content\/uploads\/2022\/04\/jen-villafuerte-web.jpg","keywords":["biblioteca"],"articleSection":["Alumni","Artes Sonoras","Docentes","Estudiantes"],"inLanguage":"es","potentialAction":[{"@type":"CommentAction","name":"Comment","target":["https:\/\/www.uartes.edu.ec\/sitio\/blog\/2022\/04\/20\/cantautora-jenny-villafuerte-brindo-un-conciertode-muchas-lecturas-en-la-biblioteca-de-las-artes\/#respond"]}]},{"@type":["WebPage","ItemPage"],"@id":"https:\/\/www.uartes.edu.ec\/sitio\/blog\/2022\/04\/20\/cantautora-jenny-villafuerte-brindo-un-conciertode-muchas-lecturas-en-la-biblioteca-de-las-artes\/","url":"https:\/\/www.uartes.edu.ec\/sitio\/blog\/2022\/04\/20\/cantautora-jenny-villafuerte-brindo-un-conciertode-muchas-lecturas-en-la-biblioteca-de-las-artes\/","name":"Universidad de las Artes - Cantautora Jenny Villafuerte brind\u00f3 concierto de varios g\u00e9neros y lecturas en la Biblioteca de las Artes","isPartOf":{"@id":"https:\/\/www.uartes.edu.ec\/sitio\/#website"},"primaryImageOfPage":{"@id":"https:\/\/www.uartes.edu.ec\/sitio\/blog\/2022\/04\/20\/cantautora-jenny-villafuerte-brindo-un-conciertode-muchas-lecturas-en-la-biblioteca-de-las-artes\/#primaryimage"},"image":{"@id":"https:\/\/www.uartes.edu.ec\/sitio\/blog\/2022\/04\/20\/cantautora-jenny-villafuerte-brindo-un-conciertode-muchas-lecturas-en-la-biblioteca-de-las-artes\/#primaryimage"},"thumbnailUrl":"https:\/\/www.uartes.edu.ec\/sitio\/wp-content\/uploads\/2022\/04\/jen-villafuerte-web.jpg","datePublished":"2022-04-20T14:20:00+00:00","dateModified":"2024-07-04T16:23:45+00:00","description":"Universidad de las Artes - Cantautora Jenny Villafuerte brind\u00f3 concierto de varios g\u00e9neros y lecturas en la Biblioteca de las Artes","breadcrumb":{"@id":"https:\/\/www.uartes.edu.ec\/sitio\/blog\/2022\/04\/20\/cantautora-jenny-villafuerte-brindo-un-conciertode-muchas-lecturas-en-la-biblioteca-de-las-artes\/#breadcrumb"},"inLanguage":"es","potentialAction":[{"@type":"ReadAction","target":["https:\/\/www.uartes.edu.ec\/sitio\/blog\/2022\/04\/20\/cantautora-jenny-villafuerte-brindo-un-conciertode-muchas-lecturas-en-la-biblioteca-de-las-artes\/"]}]},{"@type":"ImageObject","inLanguage":"es","@id":"https:\/\/www.uartes.edu.ec\/sitio\/blog\/2022\/04\/20\/cantautora-jenny-villafuerte-brindo-un-conciertode-muchas-lecturas-en-la-biblioteca-de-las-artes\/#primaryimage","url":"https:\/\/www.uartes.edu.ec\/sitio\/wp-content\/uploads\/2022\/04\/jen-villafuerte-web.jpg","contentUrl":"https:\/\/www.uartes.edu.ec\/sitio\/wp-content\/uploads\/2022\/04\/jen-villafuerte-web.jpg","width":2000,"height":1333},{"@type":"BreadcrumbList","@id":"https:\/\/www.uartes.edu.ec\/sitio\/blog\/2022\/04\/20\/cantautora-jenny-villafuerte-brindo-un-conciertode-muchas-lecturas-en-la-biblioteca-de-las-artes\/#breadcrumb","itemListElement":[{"@type":"ListItem","position":1,"name":"Inicio","item":"https:\/\/www.uartes.edu.ec\/sitio\/"},{"@type":"ListItem","position":2,"name":"Cantautora Jenny Villafuerte brind\u00f3 concierto de varios g\u00e9neros y lecturas en la Biblioteca de las Artes"}]},{"@type":"WebSite","@id":"https:\/\/www.uartes.edu.ec\/sitio\/#website","url":"https:\/\/www.uartes.edu.ec\/sitio\/","name":"Universidad de las Artes","description":"Sitio oficial de la Universidad Nacional de las Artes del Ecuador","publisher":{"@id":"https:\/\/www.uartes.edu.ec\/sitio\/#organization"},"potentialAction":[{"@type":"SearchAction","target":{"@type":"EntryPoint","urlTemplate":"https:\/\/www.uartes.edu.ec\/sitio\/?s={search_term_string}"},"query-input":{"@type":"PropertyValueSpecification","valueRequired":true,"valueName":"search_term_string"}}],"inLanguage":"es"},{"@type":"Organization","@id":"https:\/\/www.uartes.edu.ec\/sitio\/#organization","name":"Universidad de las Artes","url":"https:\/\/www.uartes.edu.ec\/sitio\/","logo":{"@type":"ImageObject","inLanguage":"es","@id":"https:\/\/www.uartes.edu.ec\/sitio\/#\/schema\/logo\/image\/","url":"https:\/\/www.uartes.edu.ec\/sitio\/wp-content\/uploads\/2022\/07\/logo-ua-horizontal.png","contentUrl":"https:\/\/www.uartes.edu.ec\/sitio\/wp-content\/uploads\/2022\/07\/logo-ua-horizontal.png","width":800,"height":276,"caption":"Universidad de las Artes"},"image":{"@id":"https:\/\/www.uartes.edu.ec\/sitio\/#\/schema\/logo\/image\/"},"sameAs":["https:\/\/www.facebook.com\/uartesec","https:\/\/x.com\/uartesec","https:\/\/www.tiktok.com\/@uartesec"]},{"@type":"Person","@id":"https:\/\/www.uartes.edu.ec\/sitio\/#\/schema\/person\/efa1b8275797664fd7f13a79ccc0b1f4","name":"ccortez","image":{"@type":"ImageObject","inLanguage":"es","@id":"https:\/\/secure.gravatar.com\/avatar\/b2a6f664a3ae8e074346ef91775736c5ec479e637ecced6842de9dc98b5da9cd?s=96&d=mm&r=g","url":"https:\/\/secure.gravatar.com\/avatar\/b2a6f664a3ae8e074346ef91775736c5ec479e637ecced6842de9dc98b5da9cd?s=96&d=mm&r=g","contentUrl":"https:\/\/secure.gravatar.com\/avatar\/b2a6f664a3ae8e074346ef91775736c5ec479e637ecced6842de9dc98b5da9cd?s=96&d=mm&r=g","caption":"ccortez"},"url":"https:\/\/www.uartes.edu.ec\/sitio\/blog\/author\/ccortez\/"}]}},"uagb_featured_image_src":{"full":["https:\/\/www.uartes.edu.ec\/sitio\/wp-content\/uploads\/2022\/04\/jen-villafuerte-web.jpg",2000,1333,false],"thumbnail":["https:\/\/www.uartes.edu.ec\/sitio\/wp-content\/uploads\/2022\/04\/jen-villafuerte-web-150x150.jpg",150,150,true],"medium":["https:\/\/www.uartes.edu.ec\/sitio\/wp-content\/uploads\/2022\/04\/jen-villafuerte-web-300x200.jpg",300,200,true],"medium_large":["https:\/\/www.uartes.edu.ec\/sitio\/wp-content\/uploads\/2022\/04\/jen-villafuerte-web-768x512.jpg",768,512,true],"large":["https:\/\/www.uartes.edu.ec\/sitio\/wp-content\/uploads\/2022\/04\/jen-villafuerte-web-644x429.jpg",644,429,true],"1536x1536":["https:\/\/www.uartes.edu.ec\/sitio\/wp-content\/uploads\/2022\/04\/jen-villafuerte-web-1536x1024.jpg",1536,1024,true],"2048x2048":["https:\/\/www.uartes.edu.ec\/sitio\/wp-content\/uploads\/2022\/04\/jen-villafuerte-web.jpg",2000,1333,false],"trp-custom-language-flag":["https:\/\/www.uartes.edu.ec\/sitio\/wp-content\/uploads\/2022\/04\/jen-villafuerte-web.jpg",18,12,false],"htmega_size_585x295":["https:\/\/www.uartes.edu.ec\/sitio\/wp-content\/uploads\/2022\/04\/jen-villafuerte-web.jpg",443,295,false],"htmega_size_1170x536":["https:\/\/www.uartes.edu.ec\/sitio\/wp-content\/uploads\/2022\/04\/jen-villafuerte-web.jpg",804,536,false],"htmega_size_396x360":["https:\/\/www.uartes.edu.ec\/sitio\/wp-content\/uploads\/2022\/04\/jen-villafuerte-web.jpg",396,264,false],"gb-block-post-grid-landscape":["https:\/\/www.uartes.edu.ec\/sitio\/wp-content\/uploads\/2022\/04\/jen-villafuerte-web-600x400.jpg",600,400,true],"gb-block-post-grid-square":["https:\/\/www.uartes.edu.ec\/sitio\/wp-content\/uploads\/2022\/04\/jen-villafuerte-web-600x600.jpg",600,600,true],"university-hub-thumb":["https:\/\/www.uartes.edu.ec\/sitio\/wp-content\/uploads\/2022\/04\/jen-villafuerte-web-400x267.jpg",400,267,true]},"uagb_author_info":{"display_name":"ccortez","author_link":"https:\/\/www.uartes.edu.ec\/sitio\/blog\/author\/ccortez\/"},"uagb_comment_info":0,"uagb_excerpt":"La cantautora y docente de la Universidad de las Artes Jenny Villafuerte se present\u00f3 este martes 19 de abril, en el marco de Lanfor Abierta, organizada por la Biblioteca de las Artes. Acompa\u00f1ada por el percusionista Javier Le\u00f3n y la estudiante de la EAS Andrea Cede\u00f1o, ella comparti\u00f3 varios temas de su autor\u00eda en g\u00e9neros&hellip;","featured_image_src":"https:\/\/www.uartes.edu.ec\/sitio\/wp-content\/uploads\/2022\/04\/jen-villafuerte-web-600x400.jpg","featured_image_src_square":"https:\/\/www.uartes.edu.ec\/sitio\/wp-content\/uploads\/2022\/04\/jen-villafuerte-web-600x600.jpg","author_info":{"display_name":"ccortez","author_link":"https:\/\/www.uartes.edu.ec\/sitio\/blog\/author\/ccortez\/"},"publishpress_future_workflow_manual_trigger":{"enabledWorkflows":[]},"distributor_meta":false,"distributor_terms":false,"distributor_media":false,"distributor_original_site_name":"Universidad de las Artes","distributor_original_site_url":"https:\/\/www.uartes.edu.ec\/sitio","push-errors":false,"_links":{"self":[{"href":"https:\/\/www.uartes.edu.ec\/sitio\/wp-json\/wp\/v2\/posts\/20914","targetHints":{"allow":["GET"]}}],"collection":[{"href":"https:\/\/www.uartes.edu.ec\/sitio\/wp-json\/wp\/v2\/posts"}],"about":[{"href":"https:\/\/www.uartes.edu.ec\/sitio\/wp-json\/wp\/v2\/types\/post"}],"author":[{"embeddable":true,"href":"https:\/\/www.uartes.edu.ec\/sitio\/wp-json\/wp\/v2\/users\/10"}],"replies":[{"embeddable":true,"href":"https:\/\/www.uartes.edu.ec\/sitio\/wp-json\/wp\/v2\/comments?post=20914"}],"version-history":[{"count":7,"href":"https:\/\/www.uartes.edu.ec\/sitio\/wp-json\/wp\/v2\/posts\/20914\/revisions"}],"predecessor-version":[{"id":21010,"href":"https:\/\/www.uartes.edu.ec\/sitio\/wp-json\/wp\/v2\/posts\/20914\/revisions\/21010"}],"wp:featuredmedia":[{"embeddable":true,"href":"https:\/\/www.uartes.edu.ec\/sitio\/wp-json\/wp\/v2\/media\/20915"}],"wp:attachment":[{"href":"https:\/\/www.uartes.edu.ec\/sitio\/wp-json\/wp\/v2\/media?parent=20914"}],"wp:term":[{"taxonomy":"category","embeddable":true,"href":"https:\/\/www.uartes.edu.ec\/sitio\/wp-json\/wp\/v2\/categories?post=20914"},{"taxonomy":"post_tag","embeddable":true,"href":"https:\/\/www.uartes.edu.ec\/sitio\/wp-json\/wp\/v2\/tags?post=20914"},{"taxonomy":"infouartes","embeddable":true,"href":"https:\/\/www.uartes.edu.ec\/sitio\/wp-json\/wp\/v2\/infouartes?post=20914"}],"curies":[{"name":"wp","href":"https:\/\/api.w.org\/{rel}","templated":true}]}}