{"id":236,"date":"2017-05-02T16:49:30","date_gmt":"2017-05-02T21:49:30","guid":{"rendered":"http:\/\/www.uartes.edu.ec\/infouartes\/?p=236"},"modified":"2024-07-04T11:54:21","modified_gmt":"2024-07-04T16:54:21","slug":"cuento-recupera-creencias-y-practicas-ancestrales-de-comunidad-indigena-del-ecuador","status":"publish","type":"post","link":"https:\/\/www.uartes.edu.ec\/sitio\/blog\/2017\/05\/02\/cuento-recupera-creencias-y-practicas-ancestrales-de-comunidad-indigena-del-ecuador\/","title":{"rendered":"Cuento recupera creencias y pr\u00e1cticas ancestrales de comunidad ind\u00edgena del Ecuador"},"content":{"rendered":"\n<p>\u2018<strong>The Nankints Boy\u2019<\/strong> es el <strong>cuento<\/strong> escrito por Andres Cando, Wilson Guachi, Jean Carlos Guapulema, e ilustrado por Kevin Gomez, <strong>estudiantes de la Universidad de las Artes<\/strong> del Ecuador (UArtes), que devela y recrea la <strong>simbolog\u00eda, creencias y pr\u00e1cticas ancestrales<\/strong> de una <strong>comunidad ind\u00edgena del Ecuador<\/strong>.<\/p>\n\n\n\n<p>The Nankints Boy cuenta la historia de Ananq, un joven aventurero, miembro de la comunidad Nankints, de la nacionalidad Shuar, localizada en la provincia de Morona Santiago, y de su encuentro y desventura con Rafael, su amigo mestizo proveniente de la ciudad, y Nacharini, el papagayo.<\/p>\n\n\n\n<p>Ananq y Rafael caminan a trav\u00e9s de la selva y, luego de nadar en uno de los r\u00edos cercanos a la comunidad, se contagian de una enfermedad producto de la contaminaci\u00f3n de los r\u00edos. El cuento culmina con el anciano de la comunidad Shuar, Amaru, sanando a los dos j\u00f3venes a trav\u00e9s de rituales y medina ancestral.<\/p>\n\n\n\n<p>\u201cLa naturaleza es sabia y es capaz de regenerar la vida. (\u2026) Ellos se enfermaron porque una gran parte del r\u00edo y de la selva est\u00e1n contaminados. A pesar de que la selva y el agua nos dan vida, el hombre los contamina. Nosotros somos vulnerables y afectados directamente\u201d, se lee en un extracto del cuento. El cuento es tambi\u00e9n una denuncia a las pr\u00e1cticas de las personas y las grandes empresas que contaminan los r\u00edos de las selvas.<\/p>\n\n\n\n<p>The Nankints Boy fue una de las historias galardonadas en el concurso de creaci\u00f3n de cuento intercultural biling\u00fce desarrollado en el semestre B 2017 de la UArtes, en los cursos abiertos \u2018Sociedad Biling\u00fce\u2019 que brinda el Departamento de Lenguas Extranjeras de la instituci\u00f3n a la comunidad.<\/p>\n\n\n\n<p>Cada estudiante o grupo de estudiantes particip\u00f3 con la creaci\u00f3n de un cuento biling\u00fce in\u00e9dito bajo cualquier modalidad art\u00edstica: audiolibro, cuento ilustrado, performance, canci\u00f3n y proyecci\u00f3n video. Los estudiantes trabajaron en la creaci\u00f3n durante todo el semestre, teniendo en cuenta cinco criterios de evaluaci\u00f3n: narrativa, ilustraci\u00f3n, interculturalidad, mensaje y puntualidad.<\/p>\n\n\n\n<p>Los trabajos fueron presentados la&nbsp;<a href=\"http:\/\/www.uartes.edu.ec\/agua\/?event=childrens-book-fair-feria-cuentos-ninos\">Feria de Libros Infantiles \u2018Children\u2019s books fair\u2019<\/a>, que organiz\u00f3 el Departamento de Lenguas Extranjeras el pasado viernes 3 de marzo, en la que este cuento fue galardonado.<\/p>\n","protected":false},"excerpt":{"rendered":"<p>\u2018The Nankints Boy\u2019 es el cuento escrito por Andres Cando, Wilson Guachi, Jean Carlos Guapulema, e ilustrado por Kevin Gomez, estudiantes de la Universidad de las Artes del Ecuador (UArtes), que devela y recrea la simbolog\u00eda, creencias y pr\u00e1cticas ancestrales de una comunidad ind\u00edgena del Ecuador. The Nankints Boy cuenta la historia de Ananq, un [&hellip;]<\/p>\n","protected":false},"author":1,"featured_media":56522,"comment_status":"closed","ping_status":"open","sticky":false,"template":"","format":"standard","meta":{"_acf_changed":false,"_uag_custom_page_level_css":"","_monsterinsights_skip_tracking":false,"_monsterinsights_sitenote_active":false,"_monsterinsights_sitenote_note":"","_monsterinsights_sitenote_category":0,"cybocfi_hide_featured_image":"","footnotes":""},"categories":[76],"tags":[],"infouartes":[],"class_list":["post-236","post","type-post","status-publish","format-standard","has-post-thumbnail","hentry","category-estudiantes"],"acf":[],"yoast_head":"<!-- This site is optimized with the Yoast SEO plugin v27.4 - https:\/\/yoast.com\/product\/yoast-seo-wordpress\/ -->\n<title>Universidad de las Artes - Cuento recupera creencias y pr\u00e1cticas ancestrales de comunidad ind\u00edgena del Ecuador<\/title>\n<meta name=\"description\" content=\"Universidad de las Artes - Cuento recupera creencias y pr\u00e1cticas ancestrales de comunidad ind\u00edgena del Ecuador\" \/>\n<meta name=\"robots\" content=\"index, follow, max-snippet:-1, max-image-preview:large, max-video-preview:-1\" \/>\n<link rel=\"canonical\" href=\"https:\/\/www.uartes.edu.ec\/sitio\/blog\/2017\/05\/02\/cuento-recupera-creencias-y-practicas-ancestrales-de-comunidad-indigena-del-ecuador\/\" \/>\n<meta property=\"og:locale\" content=\"es_ES\" \/>\n<meta property=\"og:type\" content=\"article\" \/>\n<meta property=\"og:title\" content=\"Universidad de las Artes - Cuento recupera creencias y pr\u00e1cticas ancestrales de comunidad ind\u00edgena del Ecuador\" \/>\n<meta property=\"og:description\" content=\"Universidad de las Artes - Cuento recupera creencias y pr\u00e1cticas ancestrales de comunidad ind\u00edgena del Ecuador\" \/>\n<meta property=\"og:url\" content=\"https:\/\/www.uartes.edu.ec\/sitio\/blog\/2017\/05\/02\/cuento-recupera-creencias-y-practicas-ancestrales-de-comunidad-indigena-del-ecuador\/\" \/>\n<meta property=\"og:site_name\" content=\"Universidad de las Artes\" \/>\n<meta property=\"article:publisher\" content=\"https:\/\/www.facebook.com\/uartesec\" \/>\n<meta property=\"article:published_time\" content=\"2017-05-02T21:49:30+00:00\" \/>\n<meta property=\"article:modified_time\" content=\"2024-07-04T16:54:21+00:00\" \/>\n<meta property=\"og:image\" content=\"https:\/\/www.uartes.edu.ec\/sitio\/wp-content\/uploads\/2017\/05\/Cuento-rescata-creencias-y-practicas-ancestrales-de-comunidad-indigena-del-Ecuador.jpg\" \/>\n\t<meta property=\"og:image:width\" content=\"582\" \/>\n\t<meta property=\"og:image:height\" content=\"270\" \/>\n\t<meta property=\"og:image:type\" content=\"image\/jpeg\" \/>\n<meta name=\"author\" content=\"Universidad de las Artes\" \/>\n<meta name=\"twitter:card\" content=\"summary_large_image\" \/>\n<meta name=\"twitter:creator\" content=\"@uartesec\" \/>\n<meta name=\"twitter:site\" content=\"@uartesec\" \/>\n<meta name=\"twitter:label1\" content=\"Escrito por\" \/>\n\t<meta name=\"twitter:data1\" content=\"Universidad de las Artes\" \/>\n\t<meta name=\"twitter:label2\" content=\"Tiempo de lectura\" \/>\n\t<meta name=\"twitter:data2\" content=\"2 minutos\" \/>\n<script type=\"application\/ld+json\" class=\"yoast-schema-graph\">{\"@context\":\"https:\\\/\\\/schema.org\",\"@graph\":[{\"@type\":\"Article\",\"@id\":\"https:\\\/\\\/www.uartes.edu.ec\\\/sitio\\\/blog\\\/2017\\\/05\\\/02\\\/cuento-recupera-creencias-y-practicas-ancestrales-de-comunidad-indigena-del-ecuador\\\/#article\",\"isPartOf\":{\"@id\":\"https:\\\/\\\/www.uartes.edu.ec\\\/sitio\\\/blog\\\/2017\\\/05\\\/02\\\/cuento-recupera-creencias-y-practicas-ancestrales-de-comunidad-indigena-del-ecuador\\\/\"},\"author\":{\"name\":\"Universidad de las Artes\",\"@id\":\"https:\\\/\\\/www.uartes.edu.ec\\\/sitio\\\/#\\\/schema\\\/person\\\/f33f8c1d2af0d5c80a38c8abf458184a\"},\"headline\":\"Cuento recupera creencias y pr\u00e1cticas ancestrales de comunidad ind\u00edgena del Ecuador\",\"datePublished\":\"2017-05-02T21:49:30+00:00\",\"dateModified\":\"2024-07-04T16:54:21+00:00\",\"mainEntityOfPage\":{\"@id\":\"https:\\\/\\\/www.uartes.edu.ec\\\/sitio\\\/blog\\\/2017\\\/05\\\/02\\\/cuento-recupera-creencias-y-practicas-ancestrales-de-comunidad-indigena-del-ecuador\\\/\"},\"wordCount\":395,\"publisher\":{\"@id\":\"https:\\\/\\\/www.uartes.edu.ec\\\/sitio\\\/#organization\"},\"image\":{\"@id\":\"https:\\\/\\\/www.uartes.edu.ec\\\/sitio\\\/blog\\\/2017\\\/05\\\/02\\\/cuento-recupera-creencias-y-practicas-ancestrales-de-comunidad-indigena-del-ecuador\\\/#primaryimage\"},\"thumbnailUrl\":\"https:\\\/\\\/www.uartes.edu.ec\\\/sitio\\\/wp-content\\\/uploads\\\/2017\\\/05\\\/Cuento-rescata-creencias-y-practicas-ancestrales-de-comunidad-indigena-del-Ecuador.jpg\",\"articleSection\":[\"Estudiantes\"],\"inLanguage\":\"es\"},{\"@type\":[\"WebPage\",\"ItemPage\"],\"@id\":\"https:\\\/\\\/www.uartes.edu.ec\\\/sitio\\\/blog\\\/2017\\\/05\\\/02\\\/cuento-recupera-creencias-y-practicas-ancestrales-de-comunidad-indigena-del-ecuador\\\/\",\"url\":\"https:\\\/\\\/www.uartes.edu.ec\\\/sitio\\\/blog\\\/2017\\\/05\\\/02\\\/cuento-recupera-creencias-y-practicas-ancestrales-de-comunidad-indigena-del-ecuador\\\/\",\"name\":\"Universidad de las Artes - Cuento recupera creencias y pr\u00e1cticas ancestrales de comunidad ind\u00edgena del Ecuador\",\"isPartOf\":{\"@id\":\"https:\\\/\\\/www.uartes.edu.ec\\\/sitio\\\/#website\"},\"primaryImageOfPage\":{\"@id\":\"https:\\\/\\\/www.uartes.edu.ec\\\/sitio\\\/blog\\\/2017\\\/05\\\/02\\\/cuento-recupera-creencias-y-practicas-ancestrales-de-comunidad-indigena-del-ecuador\\\/#primaryimage\"},\"image\":{\"@id\":\"https:\\\/\\\/www.uartes.edu.ec\\\/sitio\\\/blog\\\/2017\\\/05\\\/02\\\/cuento-recupera-creencias-y-practicas-ancestrales-de-comunidad-indigena-del-ecuador\\\/#primaryimage\"},\"thumbnailUrl\":\"https:\\\/\\\/www.uartes.edu.ec\\\/sitio\\\/wp-content\\\/uploads\\\/2017\\\/05\\\/Cuento-rescata-creencias-y-practicas-ancestrales-de-comunidad-indigena-del-Ecuador.jpg\",\"datePublished\":\"2017-05-02T21:49:30+00:00\",\"dateModified\":\"2024-07-04T16:54:21+00:00\",\"description\":\"Universidad de las Artes - Cuento recupera creencias y pr\u00e1cticas ancestrales de comunidad ind\u00edgena del Ecuador\",\"breadcrumb\":{\"@id\":\"https:\\\/\\\/www.uartes.edu.ec\\\/sitio\\\/blog\\\/2017\\\/05\\\/02\\\/cuento-recupera-creencias-y-practicas-ancestrales-de-comunidad-indigena-del-ecuador\\\/#breadcrumb\"},\"inLanguage\":\"es\",\"potentialAction\":[{\"@type\":\"ReadAction\",\"target\":[\"https:\\\/\\\/www.uartes.edu.ec\\\/sitio\\\/blog\\\/2017\\\/05\\\/02\\\/cuento-recupera-creencias-y-practicas-ancestrales-de-comunidad-indigena-del-ecuador\\\/\"]}]},{\"@type\":\"ImageObject\",\"inLanguage\":\"es\",\"@id\":\"https:\\\/\\\/www.uartes.edu.ec\\\/sitio\\\/blog\\\/2017\\\/05\\\/02\\\/cuento-recupera-creencias-y-practicas-ancestrales-de-comunidad-indigena-del-ecuador\\\/#primaryimage\",\"url\":\"https:\\\/\\\/www.uartes.edu.ec\\\/sitio\\\/wp-content\\\/uploads\\\/2017\\\/05\\\/Cuento-rescata-creencias-y-practicas-ancestrales-de-comunidad-indigena-del-Ecuador.jpg\",\"contentUrl\":\"https:\\\/\\\/www.uartes.edu.ec\\\/sitio\\\/wp-content\\\/uploads\\\/2017\\\/05\\\/Cuento-rescata-creencias-y-practicas-ancestrales-de-comunidad-indigena-del-Ecuador.jpg\",\"width\":582,\"height\":270},{\"@type\":\"BreadcrumbList\",\"@id\":\"https:\\\/\\\/www.uartes.edu.ec\\\/sitio\\\/blog\\\/2017\\\/05\\\/02\\\/cuento-recupera-creencias-y-practicas-ancestrales-de-comunidad-indigena-del-ecuador\\\/#breadcrumb\",\"itemListElement\":[{\"@type\":\"ListItem\",\"position\":1,\"name\":\"Inicio\",\"item\":\"https:\\\/\\\/www.uartes.edu.ec\\\/sitio\\\/\"},{\"@type\":\"ListItem\",\"position\":2,\"name\":\"Cuento recupera creencias y pr\u00e1cticas ancestrales de comunidad ind\u00edgena del Ecuador\"}]},{\"@type\":\"WebSite\",\"@id\":\"https:\\\/\\\/www.uartes.edu.ec\\\/sitio\\\/#website\",\"url\":\"https:\\\/\\\/www.uartes.edu.ec\\\/sitio\\\/\",\"name\":\"Universidad de las Artes\",\"description\":\"Sitio oficial de la Universidad Nacional de las Artes del Ecuador\",\"publisher\":{\"@id\":\"https:\\\/\\\/www.uartes.edu.ec\\\/sitio\\\/#organization\"},\"potentialAction\":[{\"@type\":\"SearchAction\",\"target\":{\"@type\":\"EntryPoint\",\"urlTemplate\":\"https:\\\/\\\/www.uartes.edu.ec\\\/sitio\\\/?s={search_term_string}\"},\"query-input\":{\"@type\":\"PropertyValueSpecification\",\"valueRequired\":true,\"valueName\":\"search_term_string\"}}],\"inLanguage\":\"es\"},{\"@type\":\"Organization\",\"@id\":\"https:\\\/\\\/www.uartes.edu.ec\\\/sitio\\\/#organization\",\"name\":\"Universidad de las Artes\",\"url\":\"https:\\\/\\\/www.uartes.edu.ec\\\/sitio\\\/\",\"logo\":{\"@type\":\"ImageObject\",\"inLanguage\":\"es\",\"@id\":\"https:\\\/\\\/www.uartes.edu.ec\\\/sitio\\\/#\\\/schema\\\/logo\\\/image\\\/\",\"url\":\"https:\\\/\\\/www.uartes.edu.ec\\\/sitio\\\/wp-content\\\/uploads\\\/2022\\\/07\\\/logo-ua-horizontal.png\",\"contentUrl\":\"https:\\\/\\\/www.uartes.edu.ec\\\/sitio\\\/wp-content\\\/uploads\\\/2022\\\/07\\\/logo-ua-horizontal.png\",\"width\":800,\"height\":276,\"caption\":\"Universidad de las Artes\"},\"image\":{\"@id\":\"https:\\\/\\\/www.uartes.edu.ec\\\/sitio\\\/#\\\/schema\\\/logo\\\/image\\\/\"},\"sameAs\":[\"https:\\\/\\\/www.facebook.com\\\/uartesec\",\"https:\\\/\\\/x.com\\\/uartesec\",\"https:\\\/\\\/www.tiktok.com\\\/@uartesec\"]},{\"@type\":\"Person\",\"@id\":\"https:\\\/\\\/www.uartes.edu.ec\\\/sitio\\\/#\\\/schema\\\/person\\\/f33f8c1d2af0d5c80a38c8abf458184a\",\"name\":\"Universidad de las Artes\",\"image\":{\"@type\":\"ImageObject\",\"inLanguage\":\"es\",\"@id\":\"https:\\\/\\\/secure.gravatar.com\\\/avatar\\\/52e4757902f5cfa5ac52d020e5be83cae5487519154b6c35482fe08d589f3c13?s=96&d=mm&r=g\",\"url\":\"https:\\\/\\\/secure.gravatar.com\\\/avatar\\\/52e4757902f5cfa5ac52d020e5be83cae5487519154b6c35482fe08d589f3c13?s=96&d=mm&r=g\",\"contentUrl\":\"https:\\\/\\\/secure.gravatar.com\\\/avatar\\\/52e4757902f5cfa5ac52d020e5be83cae5487519154b6c35482fe08d589f3c13?s=96&d=mm&r=g\",\"caption\":\"Universidad de las Artes\"},\"url\":\"https:\\\/\\\/www.uartes.edu.ec\\\/sitio\\\/blog\\\/author\\\/dircomadm\\\/\"}]}<\/script>\n<!-- \/ Yoast SEO plugin. -->","yoast_head_json":{"title":"Universidad de las Artes - Cuento recupera creencias y pr\u00e1cticas ancestrales de comunidad ind\u00edgena del Ecuador","description":"Universidad de las Artes - Cuento recupera creencias y pr\u00e1cticas ancestrales de comunidad ind\u00edgena del Ecuador","robots":{"index":"index","follow":"follow","max-snippet":"max-snippet:-1","max-image-preview":"max-image-preview:large","max-video-preview":"max-video-preview:-1"},"canonical":"https:\/\/www.uartes.edu.ec\/sitio\/blog\/2017\/05\/02\/cuento-recupera-creencias-y-practicas-ancestrales-de-comunidad-indigena-del-ecuador\/","og_locale":"es_ES","og_type":"article","og_title":"Universidad de las Artes - Cuento recupera creencias y pr\u00e1cticas ancestrales de comunidad ind\u00edgena del Ecuador","og_description":"Universidad de las Artes - Cuento recupera creencias y pr\u00e1cticas ancestrales de comunidad ind\u00edgena del Ecuador","og_url":"https:\/\/www.uartes.edu.ec\/sitio\/blog\/2017\/05\/02\/cuento-recupera-creencias-y-practicas-ancestrales-de-comunidad-indigena-del-ecuador\/","og_site_name":"Universidad de las Artes","article_publisher":"https:\/\/www.facebook.com\/uartesec","article_published_time":"2017-05-02T21:49:30+00:00","article_modified_time":"2024-07-04T16:54:21+00:00","og_image":[{"width":582,"height":270,"url":"https:\/\/www.uartes.edu.ec\/sitio\/wp-content\/uploads\/2017\/05\/Cuento-rescata-creencias-y-practicas-ancestrales-de-comunidad-indigena-del-Ecuador.jpg","type":"image\/jpeg"}],"author":"Universidad de las Artes","twitter_card":"summary_large_image","twitter_creator":"@uartesec","twitter_site":"@uartesec","twitter_misc":{"Escrito por":"Universidad de las Artes","Tiempo de lectura":"2 minutos"},"schema":{"@context":"https:\/\/schema.org","@graph":[{"@type":"Article","@id":"https:\/\/www.uartes.edu.ec\/sitio\/blog\/2017\/05\/02\/cuento-recupera-creencias-y-practicas-ancestrales-de-comunidad-indigena-del-ecuador\/#article","isPartOf":{"@id":"https:\/\/www.uartes.edu.ec\/sitio\/blog\/2017\/05\/02\/cuento-recupera-creencias-y-practicas-ancestrales-de-comunidad-indigena-del-ecuador\/"},"author":{"name":"Universidad de las Artes","@id":"https:\/\/www.uartes.edu.ec\/sitio\/#\/schema\/person\/f33f8c1d2af0d5c80a38c8abf458184a"},"headline":"Cuento recupera creencias y pr\u00e1cticas ancestrales de comunidad ind\u00edgena del Ecuador","datePublished":"2017-05-02T21:49:30+00:00","dateModified":"2024-07-04T16:54:21+00:00","mainEntityOfPage":{"@id":"https:\/\/www.uartes.edu.ec\/sitio\/blog\/2017\/05\/02\/cuento-recupera-creencias-y-practicas-ancestrales-de-comunidad-indigena-del-ecuador\/"},"wordCount":395,"publisher":{"@id":"https:\/\/www.uartes.edu.ec\/sitio\/#organization"},"image":{"@id":"https:\/\/www.uartes.edu.ec\/sitio\/blog\/2017\/05\/02\/cuento-recupera-creencias-y-practicas-ancestrales-de-comunidad-indigena-del-ecuador\/#primaryimage"},"thumbnailUrl":"https:\/\/www.uartes.edu.ec\/sitio\/wp-content\/uploads\/2017\/05\/Cuento-rescata-creencias-y-practicas-ancestrales-de-comunidad-indigena-del-Ecuador.jpg","articleSection":["Estudiantes"],"inLanguage":"es"},{"@type":["WebPage","ItemPage"],"@id":"https:\/\/www.uartes.edu.ec\/sitio\/blog\/2017\/05\/02\/cuento-recupera-creencias-y-practicas-ancestrales-de-comunidad-indigena-del-ecuador\/","url":"https:\/\/www.uartes.edu.ec\/sitio\/blog\/2017\/05\/02\/cuento-recupera-creencias-y-practicas-ancestrales-de-comunidad-indigena-del-ecuador\/","name":"Universidad de las Artes - Cuento recupera creencias y pr\u00e1cticas ancestrales de comunidad ind\u00edgena del Ecuador","isPartOf":{"@id":"https:\/\/www.uartes.edu.ec\/sitio\/#website"},"primaryImageOfPage":{"@id":"https:\/\/www.uartes.edu.ec\/sitio\/blog\/2017\/05\/02\/cuento-recupera-creencias-y-practicas-ancestrales-de-comunidad-indigena-del-ecuador\/#primaryimage"},"image":{"@id":"https:\/\/www.uartes.edu.ec\/sitio\/blog\/2017\/05\/02\/cuento-recupera-creencias-y-practicas-ancestrales-de-comunidad-indigena-del-ecuador\/#primaryimage"},"thumbnailUrl":"https:\/\/www.uartes.edu.ec\/sitio\/wp-content\/uploads\/2017\/05\/Cuento-rescata-creencias-y-practicas-ancestrales-de-comunidad-indigena-del-Ecuador.jpg","datePublished":"2017-05-02T21:49:30+00:00","dateModified":"2024-07-04T16:54:21+00:00","description":"Universidad de las Artes - Cuento recupera creencias y pr\u00e1cticas ancestrales de comunidad ind\u00edgena del Ecuador","breadcrumb":{"@id":"https:\/\/www.uartes.edu.ec\/sitio\/blog\/2017\/05\/02\/cuento-recupera-creencias-y-practicas-ancestrales-de-comunidad-indigena-del-ecuador\/#breadcrumb"},"inLanguage":"es","potentialAction":[{"@type":"ReadAction","target":["https:\/\/www.uartes.edu.ec\/sitio\/blog\/2017\/05\/02\/cuento-recupera-creencias-y-practicas-ancestrales-de-comunidad-indigena-del-ecuador\/"]}]},{"@type":"ImageObject","inLanguage":"es","@id":"https:\/\/www.uartes.edu.ec\/sitio\/blog\/2017\/05\/02\/cuento-recupera-creencias-y-practicas-ancestrales-de-comunidad-indigena-del-ecuador\/#primaryimage","url":"https:\/\/www.uartes.edu.ec\/sitio\/wp-content\/uploads\/2017\/05\/Cuento-rescata-creencias-y-practicas-ancestrales-de-comunidad-indigena-del-Ecuador.jpg","contentUrl":"https:\/\/www.uartes.edu.ec\/sitio\/wp-content\/uploads\/2017\/05\/Cuento-rescata-creencias-y-practicas-ancestrales-de-comunidad-indigena-del-Ecuador.jpg","width":582,"height":270},{"@type":"BreadcrumbList","@id":"https:\/\/www.uartes.edu.ec\/sitio\/blog\/2017\/05\/02\/cuento-recupera-creencias-y-practicas-ancestrales-de-comunidad-indigena-del-ecuador\/#breadcrumb","itemListElement":[{"@type":"ListItem","position":1,"name":"Inicio","item":"https:\/\/www.uartes.edu.ec\/sitio\/"},{"@type":"ListItem","position":2,"name":"Cuento recupera creencias y pr\u00e1cticas ancestrales de comunidad ind\u00edgena del Ecuador"}]},{"@type":"WebSite","@id":"https:\/\/www.uartes.edu.ec\/sitio\/#website","url":"https:\/\/www.uartes.edu.ec\/sitio\/","name":"Universidad de las Artes","description":"Sitio oficial de la Universidad Nacional de las Artes del Ecuador","publisher":{"@id":"https:\/\/www.uartes.edu.ec\/sitio\/#organization"},"potentialAction":[{"@type":"SearchAction","target":{"@type":"EntryPoint","urlTemplate":"https:\/\/www.uartes.edu.ec\/sitio\/?s={search_term_string}"},"query-input":{"@type":"PropertyValueSpecification","valueRequired":true,"valueName":"search_term_string"}}],"inLanguage":"es"},{"@type":"Organization","@id":"https:\/\/www.uartes.edu.ec\/sitio\/#organization","name":"Universidad de las Artes","url":"https:\/\/www.uartes.edu.ec\/sitio\/","logo":{"@type":"ImageObject","inLanguage":"es","@id":"https:\/\/www.uartes.edu.ec\/sitio\/#\/schema\/logo\/image\/","url":"https:\/\/www.uartes.edu.ec\/sitio\/wp-content\/uploads\/2022\/07\/logo-ua-horizontal.png","contentUrl":"https:\/\/www.uartes.edu.ec\/sitio\/wp-content\/uploads\/2022\/07\/logo-ua-horizontal.png","width":800,"height":276,"caption":"Universidad de las Artes"},"image":{"@id":"https:\/\/www.uartes.edu.ec\/sitio\/#\/schema\/logo\/image\/"},"sameAs":["https:\/\/www.facebook.com\/uartesec","https:\/\/x.com\/uartesec","https:\/\/www.tiktok.com\/@uartesec"]},{"@type":"Person","@id":"https:\/\/www.uartes.edu.ec\/sitio\/#\/schema\/person\/f33f8c1d2af0d5c80a38c8abf458184a","name":"Universidad de las Artes","image":{"@type":"ImageObject","inLanguage":"es","@id":"https:\/\/secure.gravatar.com\/avatar\/52e4757902f5cfa5ac52d020e5be83cae5487519154b6c35482fe08d589f3c13?s=96&d=mm&r=g","url":"https:\/\/secure.gravatar.com\/avatar\/52e4757902f5cfa5ac52d020e5be83cae5487519154b6c35482fe08d589f3c13?s=96&d=mm&r=g","contentUrl":"https:\/\/secure.gravatar.com\/avatar\/52e4757902f5cfa5ac52d020e5be83cae5487519154b6c35482fe08d589f3c13?s=96&d=mm&r=g","caption":"Universidad de las Artes"},"url":"https:\/\/www.uartes.edu.ec\/sitio\/blog\/author\/dircomadm\/"}]}},"uagb_featured_image_src":{"full":["https:\/\/www.uartes.edu.ec\/sitio\/wp-content\/uploads\/2017\/05\/Cuento-rescata-creencias-y-practicas-ancestrales-de-comunidad-indigena-del-Ecuador.jpg",582,270,false],"thumbnail":["https:\/\/www.uartes.edu.ec\/sitio\/wp-content\/uploads\/2017\/05\/Cuento-rescata-creencias-y-practicas-ancestrales-de-comunidad-indigena-del-Ecuador-150x150.jpg",150,150,true],"medium":["https:\/\/www.uartes.edu.ec\/sitio\/wp-content\/uploads\/2017\/05\/Cuento-rescata-creencias-y-practicas-ancestrales-de-comunidad-indigena-del-Ecuador-300x139.jpg",300,139,true],"medium_large":["https:\/\/www.uartes.edu.ec\/sitio\/wp-content\/uploads\/2017\/05\/Cuento-rescata-creencias-y-practicas-ancestrales-de-comunidad-indigena-del-Ecuador.jpg",582,270,false],"large":["https:\/\/www.uartes.edu.ec\/sitio\/wp-content\/uploads\/2017\/05\/Cuento-rescata-creencias-y-practicas-ancestrales-de-comunidad-indigena-del-Ecuador.jpg",582,270,false],"1536x1536":["https:\/\/www.uartes.edu.ec\/sitio\/wp-content\/uploads\/2017\/05\/Cuento-rescata-creencias-y-practicas-ancestrales-de-comunidad-indigena-del-Ecuador.jpg",582,270,false],"2048x2048":["https:\/\/www.uartes.edu.ec\/sitio\/wp-content\/uploads\/2017\/05\/Cuento-rescata-creencias-y-practicas-ancestrales-de-comunidad-indigena-del-Ecuador.jpg",582,270,false],"trp-custom-language-flag":["https:\/\/www.uartes.edu.ec\/sitio\/wp-content\/uploads\/2017\/05\/Cuento-rescata-creencias-y-practicas-ancestrales-de-comunidad-indigena-del-Ecuador-18x8.jpg",18,8,true],"htmega_size_585x295":["https:\/\/www.uartes.edu.ec\/sitio\/wp-content\/uploads\/2017\/05\/Cuento-rescata-creencias-y-practicas-ancestrales-de-comunidad-indigena-del-Ecuador.jpg",582,270,false],"htmega_size_1170x536":["https:\/\/www.uartes.edu.ec\/sitio\/wp-content\/uploads\/2017\/05\/Cuento-rescata-creencias-y-practicas-ancestrales-de-comunidad-indigena-del-Ecuador.jpg",582,270,false],"htmega_size_396x360":["https:\/\/www.uartes.edu.ec\/sitio\/wp-content\/uploads\/2017\/05\/Cuento-rescata-creencias-y-practicas-ancestrales-de-comunidad-indigena-del-Ecuador-396x270.jpg",396,270,true],"gb-block-post-grid-landscape":["https:\/\/www.uartes.edu.ec\/sitio\/wp-content\/uploads\/2017\/05\/Cuento-rescata-creencias-y-practicas-ancestrales-de-comunidad-indigena-del-Ecuador.jpg",582,270,false],"gb-block-post-grid-square":["https:\/\/www.uartes.edu.ec\/sitio\/wp-content\/uploads\/2017\/05\/Cuento-rescata-creencias-y-practicas-ancestrales-de-comunidad-indigena-del-Ecuador.jpg",582,270,false],"university-hub-thumb":["https:\/\/www.uartes.edu.ec\/sitio\/wp-content\/uploads\/2017\/05\/Cuento-rescata-creencias-y-practicas-ancestrales-de-comunidad-indigena-del-Ecuador-400x186.jpg",400,186,true]},"uagb_author_info":{"display_name":"Universidad de las Artes","author_link":"https:\/\/www.uartes.edu.ec\/sitio\/blog\/author\/dircomadm\/"},"uagb_comment_info":0,"uagb_excerpt":"\u2018The Nankints Boy\u2019 es el cuento escrito por Andres Cando, Wilson Guachi, Jean Carlos Guapulema, e ilustrado por Kevin Gomez, estudiantes de la Universidad de las Artes del Ecuador (UArtes), que devela y recrea la simbolog\u00eda, creencias y pr\u00e1cticas ancestrales de una comunidad ind\u00edgena del Ecuador. The Nankints Boy cuenta la historia de Ananq, un&hellip;","featured_image_src":"https:\/\/www.uartes.edu.ec\/sitio\/wp-content\/uploads\/2017\/05\/Cuento-rescata-creencias-y-practicas-ancestrales-de-comunidad-indigena-del-Ecuador.jpg","featured_image_src_square":"https:\/\/www.uartes.edu.ec\/sitio\/wp-content\/uploads\/2017\/05\/Cuento-rescata-creencias-y-practicas-ancestrales-de-comunidad-indigena-del-Ecuador.jpg","author_info":{"display_name":"Universidad de las Artes","author_link":"https:\/\/www.uartes.edu.ec\/sitio\/blog\/author\/dircomadm\/"},"publishpress_future_workflow_manual_trigger":{"enabledWorkflows":[]},"distributor_meta":false,"distributor_terms":false,"distributor_media":false,"distributor_original_site_name":"Universidad de las Artes","distributor_original_site_url":"https:\/\/www.uartes.edu.ec\/sitio","push-errors":false,"_links":{"self":[{"href":"https:\/\/www.uartes.edu.ec\/sitio\/wp-json\/wp\/v2\/posts\/236","targetHints":{"allow":["GET"]}}],"collection":[{"href":"https:\/\/www.uartes.edu.ec\/sitio\/wp-json\/wp\/v2\/posts"}],"about":[{"href":"https:\/\/www.uartes.edu.ec\/sitio\/wp-json\/wp\/v2\/types\/post"}],"author":[{"embeddable":true,"href":"https:\/\/www.uartes.edu.ec\/sitio\/wp-json\/wp\/v2\/users\/1"}],"replies":[{"embeddable":true,"href":"https:\/\/www.uartes.edu.ec\/sitio\/wp-json\/wp\/v2\/comments?post=236"}],"version-history":[{"count":3,"href":"https:\/\/www.uartes.edu.ec\/sitio\/wp-json\/wp\/v2\/posts\/236\/revisions"}],"predecessor-version":[{"id":56526,"href":"https:\/\/www.uartes.edu.ec\/sitio\/wp-json\/wp\/v2\/posts\/236\/revisions\/56526"}],"wp:featuredmedia":[{"embeddable":true,"href":"https:\/\/www.uartes.edu.ec\/sitio\/wp-json\/wp\/v2\/media\/56522"}],"wp:attachment":[{"href":"https:\/\/www.uartes.edu.ec\/sitio\/wp-json\/wp\/v2\/media?parent=236"}],"wp:term":[{"taxonomy":"category","embeddable":true,"href":"https:\/\/www.uartes.edu.ec\/sitio\/wp-json\/wp\/v2\/categories?post=236"},{"taxonomy":"post_tag","embeddable":true,"href":"https:\/\/www.uartes.edu.ec\/sitio\/wp-json\/wp\/v2\/tags?post=236"},{"taxonomy":"infouartes","embeddable":true,"href":"https:\/\/www.uartes.edu.ec\/sitio\/wp-json\/wp\/v2\/infouartes?post=236"}],"curies":[{"name":"wp","href":"https:\/\/api.w.org\/{rel}","templated":true}]}}