{"id":23650,"date":"2022-06-29T17:40:00","date_gmt":"2022-06-29T22:40:00","guid":{"rendered":"http:\/\/www.uartes.edu.ec\/sitio\/?p=23650"},"modified":"2024-07-04T11:23:21","modified_gmt":"2024-07-04T16:23:21","slug":"articulo-de-academica-fanny-po-sim-head-en-interlude-destaca-trabajo-compositivo-de-la-docente-adina-izarra","status":"publish","type":"post","link":"https:\/\/www.uartes.edu.ec\/sitio\/blog\/2022\/06\/29\/articulo-de-academica-fanny-po-sim-head-en-interlude-destaca-trabajo-compositivo-de-la-docente-adina-izarra\/","title":{"rendered":"Art\u00edculo de acad\u00e9mica Fanny Po Sim Head en \u201cInterlude\u201d destaca trabajo compositivo de docente Adina Izarra"},"content":{"rendered":"\n<p>Con el t\u00edtulo \u201cSelected Works by Three Latina Composers\u201d (Obras seleccionadas por tres compositoras latinas), en el blog musical Interlude (<a href=\"https:\/\/interlude.hk\/\">https:\/\/interlude.hk\/<\/a>) se public\u00f3 recientemente un art\u00edculo firmado por Fanny Po Sim Head, reconocida acad\u00e9mica nacida en Hong Kong, que da cuenta del trabajo compositivo de tres autoras con destacada presencia en el \u00e1mbito en Am\u00e9rica Latina. La ecuatoriana Blanca Layana, la brasile\u00f1a Clarice Assad y la venezolana Adina Izarra de Riera,\u00a0docente de la Escuela de Artes Sonoras de la Universidad de las Artes.<\/p>\n\n\n\n<p>En \u201cSelected Works by Three Latina Composers\u201d, Fanny Po Sim Head, que entre otros t\u00edtulos y especialidades tiene un doctorado, licenciatura y maestr\u00eda en interpretaci\u00f3n y pedagog\u00eda del piano, composici\u00f3n y producci\u00f3n musical y musicolog\u00eda, se\u00f1ala a la cultura musical en Am\u00e9rica Latina como vibrante y fascinante, pero que tiende, desafortunadamente, a quedar encasillada por algunas caracter\u00edsticas comunes cuando, en realidad, las caracter\u00edsticas musicales var\u00edan entre los pa\u00edses. Considera que las mujeres compositoras latinoamericanas fueron ignoradas en gran medida, sin embargo, han ganado m\u00e1s atenci\u00f3n internacional en las \u00faltimas dos d\u00e9cadas\u201d.<\/p>\n\n\n\n<p>Hoy quiero compartir la m\u00fasica de tres compositoras vivas de Ecuador, Venezuela y Brasil, agrega Fanny Po Sim Head y acompa\u00f1a unas peque\u00f1as biograf\u00edas de Layana, Assad e Izarra con videos de varias de sus composiciones. De Layana: <em>Ilusi\u00f3n ind\u00edgena<\/em> y <em>Guayas y Quil.<\/em> De Assad: <em>Dan\u00e7as Nativas, Bluezilian<\/em> y <em>Back To Our Roots.<\/em> De Izarra: <em>Plumismo, Toledana, 32 Bright Clouds Arietta, Cornucopia<\/em> y <em>Germinar, verbo intransitivo, <\/em>esta \u00faltima creada colectivamente con Rub\u00e9n Riera, Meining Cheung y Carolina Pepper, de la UArtes; y, Daniel Campoverde y Guillermo Doylet, de la Espol.<\/p>\n\n\n\n<p>De la compositora ecuatoriana Blanca Layana, la articulista menciona los varios reconocimientos que ha obtenido, que es una de las maestras fundadoras del Conservatorio Rimsky Korsakov y que su talento en la composici\u00f3n fue reconocido cuando a\u00fan era estudiante. Detalla que, adem\u00e1s de Ecuador, realiz\u00f3 estudios en Ucrania y que uno de sus maestros fue Yakov Gubanov, disc\u00edpulo de Dmitry Shostakovich. \u201cSus composiciones reflejan el amor por su pa\u00eds. Muchos de los t\u00edtulos de sus obras muestran su inter\u00e9s por la m\u00fasica folcl\u00f3rica, como la pieza para piano <em>Ilusi\u00f3n Ind\u00edgena,<\/em> que es un yarav\u00ed\u201d.<\/p>\n\n\n\n<p>De la compositora venezolana Adina Izarra, Fanny Po Sim Head destaca que es docente de la Universidad de las Artes y anota: \u201cSu estilo compositivo ha variado desde el estilo medieval hasta la m\u00fasica electr\u00f3nica abstracta. Muchas de sus obras fueron escritas para flauta y flaut\u00edn, incluido <em>Plumismo<\/em>, para flaut\u00edn solo\u201d.<\/p>\n\n\n\n<p>Al ser consultada por InfoUArtes acerca del art\u00edculo que resalta su trabajo como compositora, la docente Izarra indica: \u201cEl camino de la composici\u00f3n es muy divertido, dicen que es solitario, pero, todo lo contrario, mucha gente me ha acompa\u00f1ado, estimul\u00e1ndome y apoy\u00e1ndome. Los int\u00e9rpretes son los principales compa\u00f1eros de viaje, sin ellos la m\u00fasica no existir\u00eda. He sido favorecida generacionalmente por una sociedad donde la mujer pod\u00eda ser artista, componer y expresarse, con fabulosos contempor\u00e1neos masculinos que ni me quitaban ni me empujaban ni me menospreciaban. \u00a1\u00a1\u00a1Yo tuve suerte!!! Pero no siempre es as\u00ed. \u00a1\u00a1Me corresponde a mi abrirle camino a las chicas y a los chicos creativos, que son todos!!, me corresponde hablarles a mis alumnos del trabajo de tantas mujeres artistas, me corresponde invitar a mis colegas profesores a hablar de ellas tambi\u00e9n en sus clases\u201d.<\/p>\n\n\n\n<p>Comenta que el martes 28 de junio, d\u00eda en que InfoUArtes la contact\u00f3, se cumpl\u00edan 6 a\u00f1os de la partida de su profesor Alfredo Del M\u00f3naco, quien le brind\u00f3 un incondicional apoyo a su trabajo. \u201cEste oficio es un oficio de colaboraci\u00f3n\u201d. Adina Izarra forma parte de un tr\u00edo el\u00e9ctrico, agrupaci\u00f3n de m\u00fasica electr\u00f3nica e investigaci\u00f3n.&nbsp;Siendo una artista de vanguardia, contin\u00faa generando espacios de nuevas propuestas tanto de creaci\u00f3n sonora como visual.&nbsp;<\/p>\n\n\n\n<p>Junto con los links de los videos de las compositoras y las obras seleccionadas por Fanny Po Sim Head, constan sus descripciones. Del trabajo de Adina Izarra, la articulista describe a <em>Plumismo<\/em> como la primera pieza que muestra su amor por las aves; la m\u00fasica imita los sonidos de los p\u00e1jaros con t\u00e9cnicas extendidas, como el aleteo.<\/p>\n\n\n\n<p><em>Toledana<\/em> se bas\u00f3 en un poema de amor escrito por Sonia Chocr\u00f3n, poeta, novelista, guionista y dramaturga venezolana. \u201cLa Toledana de Izarra se presenta a trav\u00e9s de t\u00edteres a modo de vide\u00f3pera. En la \u00f3pera, los poemas de amor son le\u00eddos por una voz femenina. A lo largo de la pieza, el compositor crea un mundo sonoro \u00fanico utilizando los sonidos de la guitarra barroca temprana y la tiorba (un instrumento de la\u00fad), junto con elementos electr\u00f3nicos modernos\u201d.<\/p>\n\n\n\n<p><em>32 Bright Clouds Arietta<\/em> es una obra para piano solo compuesta en 2018 como parte del proyecto \u201c32 Bright Clouds: Beethoven Conversations Around the World\u201d, que invit\u00f3 a 32 compositores de todo el mundo; cada una de sus obras est\u00e1 relacionada con una de las 32 sonatas para piano de Beethoven. \u201cArietta para los 150\u201d se basa en la Sonata n.\u00b0 32 en do menor de Beethoven, op. 111. Esta obra est\u00e1 especialmente dedicada a las 150 personas que murieron a causa de las manifestaciones en Venezuela en 2017\u201d.<\/p>\n\n\n\n<p>Fanny Po Sim Head a\u00f1ade que las artes visuales y la coreograf\u00eda suelen ser tan importantes en la obra de Izarra como la m\u00fasica. \u201cEsto se ve en <em>Germinar, verbo intransitivo,<\/em> escrita para m\u00fasica electr\u00f3nica y danza; <em>Cornucopia,<\/em> tambi\u00e9n electr\u00f3nica, lleva el nombre de la obra de arte de la artista colombiana Nancy Friedemann-S\u00e1nchez\u201d. Aqu\u00ed los links de las composiciones de Adina Izarra de Riera:<br><em>Plumismo: <\/em><a href=\"https:\/\/youtu.be\/7xoQ3LGZ2is\">https:\/\/youtu.be\/7xoQ3LGZ2is<\/a><br><em>Toledana: <\/em><a href=\"https:\/\/youtu.be\/3wNa1gKs8sU\">https:\/\/youtu.be\/3wNa1gKs8sU<\/a><br><em>32 Bright Clouds Arietta: <\/em><a href=\"https:\/\/youtu.be\/Q0O36lSDd-Y\">https:\/\/youtu.be\/Q0O36lSDd-Y<\/a><br><em>Cornucopia:<\/em> <a href=\"https:\/\/youtu.be\/l8UoUOGn_Yw\">https:\/\/youtu.be\/l8UoUOGn_Yw<\/a><br><em>Germinar, verbo intransitivo:<\/em> <a href=\"https:\/\/youtu.be\/7rNrFCLvo9Y\">https:\/\/youtu.be\/7rNrFCLvo9Y<\/a><\/p>\n","protected":false},"excerpt":{"rendered":"<p>Con el t\u00edtulo \u201cSelected Works by Three Latina Composers\u201d, en el blog musical Interlude se public\u00f3 recientemente un art\u00edculo firmado por la acad\u00e9mica Fanny Po Sim Head que destaca el trabajo compositivo de tres autoras latinoamericanas. La ecuatoriana Blanca Layana, la brasile\u00f1a Clarice Assad y la venezolana Adina Izarra de Riera,\u00a0docente de la Escuela de Artes Sonoras de la UArtes.<\/p>\n","protected":false},"author":10,"featured_media":23651,"comment_status":"open","ping_status":"open","sticky":false,"template":"","format":"standard","meta":{"_acf_changed":false,"_uag_custom_page_level_css":"","_monsterinsights_skip_tracking":false,"_monsterinsights_sitenote_active":false,"_monsterinsights_sitenote_note":"","_monsterinsights_sitenote_category":0,"cybocfi_hide_featured_image":"","footnotes":""},"categories":[722,150,75],"tags":[709],"infouartes":[],"class_list":["post-23650","post","type-post","status-publish","format-standard","has-post-thumbnail","hentry","category-1f","category-artes-sonoras","category-docentes","tag-reconocimiento"],"acf":[],"yoast_head":"<!-- This site is optimized with the Yoast SEO plugin v27.4 - https:\/\/yoast.com\/product\/yoast-seo-wordpress\/ -->\n<title>Universidad de las Artes - Art\u00edculo de acad\u00e9mica Fanny Po Sim Head en \u201cInterlude\u201d destaca trabajo compositivo de docente Adina Izarra<\/title>\n<meta name=\"description\" content=\"Universidad de las Artes - Art\u00edculo de acad\u00e9mica Fanny Po Sim Head en \u201cInterlude\u201d destaca trabajo compositivo de docente Adina Izarra\" \/>\n<meta name=\"robots\" content=\"index, follow, max-snippet:-1, max-image-preview:large, max-video-preview:-1\" \/>\n<link rel=\"canonical\" href=\"https:\/\/www.uartes.edu.ec\/sitio\/blog\/2022\/06\/29\/articulo-de-academica-fanny-po-sim-head-en-interlude-destaca-trabajo-compositivo-de-la-docente-adina-izarra\/\" \/>\n<meta property=\"og:locale\" content=\"es_ES\" \/>\n<meta property=\"og:type\" content=\"article\" \/>\n<meta property=\"og:title\" content=\"Universidad de las Artes - Art\u00edculo de acad\u00e9mica Fanny Po Sim Head en \u201cInterlude\u201d destaca trabajo compositivo de docente Adina Izarra\" \/>\n<meta property=\"og:description\" content=\"Universidad de las Artes - Art\u00edculo de acad\u00e9mica Fanny Po Sim Head en \u201cInterlude\u201d destaca trabajo compositivo de docente Adina Izarra\" \/>\n<meta property=\"og:url\" content=\"https:\/\/www.uartes.edu.ec\/sitio\/blog\/2022\/06\/29\/articulo-de-academica-fanny-po-sim-head-en-interlude-destaca-trabajo-compositivo-de-la-docente-adina-izarra\/\" \/>\n<meta property=\"og:site_name\" content=\"Universidad de las Artes\" \/>\n<meta property=\"article:publisher\" content=\"https:\/\/www.facebook.com\/uartesec\" \/>\n<meta property=\"article:published_time\" content=\"2022-06-29T22:40:00+00:00\" \/>\n<meta property=\"article:modified_time\" content=\"2024-07-04T16:23:21+00:00\" \/>\n<meta property=\"og:image\" content=\"https:\/\/www.uartes.edu.ec\/sitio\/wp-content\/uploads\/2022\/06\/ADINA-IZARRA.jpg\" \/>\n\t<meta property=\"og:image:width\" content=\"2000\" \/>\n\t<meta property=\"og:image:height\" content=\"1333\" \/>\n\t<meta property=\"og:image:type\" content=\"image\/jpeg\" \/>\n<meta name=\"author\" content=\"ccortez\" \/>\n<meta name=\"twitter:card\" content=\"summary_large_image\" \/>\n<meta name=\"twitter:creator\" content=\"@uartesec\" \/>\n<meta name=\"twitter:site\" content=\"@uartesec\" \/>\n<meta name=\"twitter:label1\" content=\"Escrito por\" \/>\n\t<meta name=\"twitter:data1\" content=\"ccortez\" \/>\n\t<meta name=\"twitter:label2\" content=\"Tiempo de lectura\" \/>\n\t<meta name=\"twitter:data2\" content=\"5 minutos\" \/>\n<script type=\"application\/ld+json\" class=\"yoast-schema-graph\">{\"@context\":\"https:\\\/\\\/schema.org\",\"@graph\":[{\"@type\":\"Article\",\"@id\":\"https:\\\/\\\/www.uartes.edu.ec\\\/sitio\\\/blog\\\/2022\\\/06\\\/29\\\/articulo-de-academica-fanny-po-sim-head-en-interlude-destaca-trabajo-compositivo-de-la-docente-adina-izarra\\\/#article\",\"isPartOf\":{\"@id\":\"https:\\\/\\\/www.uartes.edu.ec\\\/sitio\\\/blog\\\/2022\\\/06\\\/29\\\/articulo-de-academica-fanny-po-sim-head-en-interlude-destaca-trabajo-compositivo-de-la-docente-adina-izarra\\\/\"},\"author\":{\"name\":\"ccortez\",\"@id\":\"https:\\\/\\\/www.uartes.edu.ec\\\/sitio\\\/#\\\/schema\\\/person\\\/efa1b8275797664fd7f13a79ccc0b1f4\"},\"headline\":\"Art\u00edculo de acad\u00e9mica Fanny Po Sim Head en \u201cInterlude\u201d destaca trabajo compositivo de docente Adina Izarra\",\"datePublished\":\"2022-06-29T22:40:00+00:00\",\"dateModified\":\"2024-07-04T16:23:21+00:00\",\"mainEntityOfPage\":{\"@id\":\"https:\\\/\\\/www.uartes.edu.ec\\\/sitio\\\/blog\\\/2022\\\/06\\\/29\\\/articulo-de-academica-fanny-po-sim-head-en-interlude-destaca-trabajo-compositivo-de-la-docente-adina-izarra\\\/\"},\"wordCount\":1045,\"commentCount\":0,\"publisher\":{\"@id\":\"https:\\\/\\\/www.uartes.edu.ec\\\/sitio\\\/#organization\"},\"image\":{\"@id\":\"https:\\\/\\\/www.uartes.edu.ec\\\/sitio\\\/blog\\\/2022\\\/06\\\/29\\\/articulo-de-academica-fanny-po-sim-head-en-interlude-destaca-trabajo-compositivo-de-la-docente-adina-izarra\\\/#primaryimage\"},\"thumbnailUrl\":\"https:\\\/\\\/www.uartes.edu.ec\\\/sitio\\\/wp-content\\\/uploads\\\/2022\\\/06\\\/ADINA-IZARRA.jpg\",\"keywords\":[\"reconocimiento\"],\"articleSection\":[\"1F\",\"Artes Sonoras\",\"Docentes\"],\"inLanguage\":\"es\",\"potentialAction\":[{\"@type\":\"CommentAction\",\"name\":\"Comment\",\"target\":[\"https:\\\/\\\/www.uartes.edu.ec\\\/sitio\\\/blog\\\/2022\\\/06\\\/29\\\/articulo-de-academica-fanny-po-sim-head-en-interlude-destaca-trabajo-compositivo-de-la-docente-adina-izarra\\\/#respond\"]}]},{\"@type\":[\"WebPage\",\"ItemPage\"],\"@id\":\"https:\\\/\\\/www.uartes.edu.ec\\\/sitio\\\/blog\\\/2022\\\/06\\\/29\\\/articulo-de-academica-fanny-po-sim-head-en-interlude-destaca-trabajo-compositivo-de-la-docente-adina-izarra\\\/\",\"url\":\"https:\\\/\\\/www.uartes.edu.ec\\\/sitio\\\/blog\\\/2022\\\/06\\\/29\\\/articulo-de-academica-fanny-po-sim-head-en-interlude-destaca-trabajo-compositivo-de-la-docente-adina-izarra\\\/\",\"name\":\"Universidad de las Artes - Art\u00edculo de acad\u00e9mica Fanny Po Sim Head en \u201cInterlude\u201d destaca trabajo compositivo de docente Adina Izarra\",\"isPartOf\":{\"@id\":\"https:\\\/\\\/www.uartes.edu.ec\\\/sitio\\\/#website\"},\"primaryImageOfPage\":{\"@id\":\"https:\\\/\\\/www.uartes.edu.ec\\\/sitio\\\/blog\\\/2022\\\/06\\\/29\\\/articulo-de-academica-fanny-po-sim-head-en-interlude-destaca-trabajo-compositivo-de-la-docente-adina-izarra\\\/#primaryimage\"},\"image\":{\"@id\":\"https:\\\/\\\/www.uartes.edu.ec\\\/sitio\\\/blog\\\/2022\\\/06\\\/29\\\/articulo-de-academica-fanny-po-sim-head-en-interlude-destaca-trabajo-compositivo-de-la-docente-adina-izarra\\\/#primaryimage\"},\"thumbnailUrl\":\"https:\\\/\\\/www.uartes.edu.ec\\\/sitio\\\/wp-content\\\/uploads\\\/2022\\\/06\\\/ADINA-IZARRA.jpg\",\"datePublished\":\"2022-06-29T22:40:00+00:00\",\"dateModified\":\"2024-07-04T16:23:21+00:00\",\"description\":\"Universidad de las Artes - Art\u00edculo de acad\u00e9mica Fanny Po Sim Head en \u201cInterlude\u201d destaca trabajo compositivo de docente Adina Izarra\",\"breadcrumb\":{\"@id\":\"https:\\\/\\\/www.uartes.edu.ec\\\/sitio\\\/blog\\\/2022\\\/06\\\/29\\\/articulo-de-academica-fanny-po-sim-head-en-interlude-destaca-trabajo-compositivo-de-la-docente-adina-izarra\\\/#breadcrumb\"},\"inLanguage\":\"es\",\"potentialAction\":[{\"@type\":\"ReadAction\",\"target\":[\"https:\\\/\\\/www.uartes.edu.ec\\\/sitio\\\/blog\\\/2022\\\/06\\\/29\\\/articulo-de-academica-fanny-po-sim-head-en-interlude-destaca-trabajo-compositivo-de-la-docente-adina-izarra\\\/\"]}]},{\"@type\":\"ImageObject\",\"inLanguage\":\"es\",\"@id\":\"https:\\\/\\\/www.uartes.edu.ec\\\/sitio\\\/blog\\\/2022\\\/06\\\/29\\\/articulo-de-academica-fanny-po-sim-head-en-interlude-destaca-trabajo-compositivo-de-la-docente-adina-izarra\\\/#primaryimage\",\"url\":\"https:\\\/\\\/www.uartes.edu.ec\\\/sitio\\\/wp-content\\\/uploads\\\/2022\\\/06\\\/ADINA-IZARRA.jpg\",\"contentUrl\":\"https:\\\/\\\/www.uartes.edu.ec\\\/sitio\\\/wp-content\\\/uploads\\\/2022\\\/06\\\/ADINA-IZARRA.jpg\",\"width\":2000,\"height\":1333},{\"@type\":\"BreadcrumbList\",\"@id\":\"https:\\\/\\\/www.uartes.edu.ec\\\/sitio\\\/blog\\\/2022\\\/06\\\/29\\\/articulo-de-academica-fanny-po-sim-head-en-interlude-destaca-trabajo-compositivo-de-la-docente-adina-izarra\\\/#breadcrumb\",\"itemListElement\":[{\"@type\":\"ListItem\",\"position\":1,\"name\":\"Inicio\",\"item\":\"https:\\\/\\\/www.uartes.edu.ec\\\/sitio\\\/\"},{\"@type\":\"ListItem\",\"position\":2,\"name\":\"Art\u00edculo de acad\u00e9mica Fanny Po Sim Head en \u201cInterlude\u201d destaca trabajo compositivo de docente Adina Izarra\"}]},{\"@type\":\"WebSite\",\"@id\":\"https:\\\/\\\/www.uartes.edu.ec\\\/sitio\\\/#website\",\"url\":\"https:\\\/\\\/www.uartes.edu.ec\\\/sitio\\\/\",\"name\":\"Universidad de las Artes\",\"description\":\"Sitio oficial de la Universidad Nacional de las Artes del Ecuador\",\"publisher\":{\"@id\":\"https:\\\/\\\/www.uartes.edu.ec\\\/sitio\\\/#organization\"},\"potentialAction\":[{\"@type\":\"SearchAction\",\"target\":{\"@type\":\"EntryPoint\",\"urlTemplate\":\"https:\\\/\\\/www.uartes.edu.ec\\\/sitio\\\/?s={search_term_string}\"},\"query-input\":{\"@type\":\"PropertyValueSpecification\",\"valueRequired\":true,\"valueName\":\"search_term_string\"}}],\"inLanguage\":\"es\"},{\"@type\":\"Organization\",\"@id\":\"https:\\\/\\\/www.uartes.edu.ec\\\/sitio\\\/#organization\",\"name\":\"Universidad de las Artes\",\"url\":\"https:\\\/\\\/www.uartes.edu.ec\\\/sitio\\\/\",\"logo\":{\"@type\":\"ImageObject\",\"inLanguage\":\"es\",\"@id\":\"https:\\\/\\\/www.uartes.edu.ec\\\/sitio\\\/#\\\/schema\\\/logo\\\/image\\\/\",\"url\":\"https:\\\/\\\/www.uartes.edu.ec\\\/sitio\\\/wp-content\\\/uploads\\\/2022\\\/07\\\/logo-ua-horizontal.png\",\"contentUrl\":\"https:\\\/\\\/www.uartes.edu.ec\\\/sitio\\\/wp-content\\\/uploads\\\/2022\\\/07\\\/logo-ua-horizontal.png\",\"width\":800,\"height\":276,\"caption\":\"Universidad de las Artes\"},\"image\":{\"@id\":\"https:\\\/\\\/www.uartes.edu.ec\\\/sitio\\\/#\\\/schema\\\/logo\\\/image\\\/\"},\"sameAs\":[\"https:\\\/\\\/www.facebook.com\\\/uartesec\",\"https:\\\/\\\/x.com\\\/uartesec\",\"https:\\\/\\\/www.tiktok.com\\\/@uartesec\"]},{\"@type\":\"Person\",\"@id\":\"https:\\\/\\\/www.uartes.edu.ec\\\/sitio\\\/#\\\/schema\\\/person\\\/efa1b8275797664fd7f13a79ccc0b1f4\",\"name\":\"ccortez\",\"image\":{\"@type\":\"ImageObject\",\"inLanguage\":\"es\",\"@id\":\"https:\\\/\\\/secure.gravatar.com\\\/avatar\\\/b2a6f664a3ae8e074346ef91775736c5ec479e637ecced6842de9dc98b5da9cd?s=96&d=mm&r=g\",\"url\":\"https:\\\/\\\/secure.gravatar.com\\\/avatar\\\/b2a6f664a3ae8e074346ef91775736c5ec479e637ecced6842de9dc98b5da9cd?s=96&d=mm&r=g\",\"contentUrl\":\"https:\\\/\\\/secure.gravatar.com\\\/avatar\\\/b2a6f664a3ae8e074346ef91775736c5ec479e637ecced6842de9dc98b5da9cd?s=96&d=mm&r=g\",\"caption\":\"ccortez\"},\"url\":\"https:\\\/\\\/www.uartes.edu.ec\\\/sitio\\\/blog\\\/author\\\/ccortez\\\/\"}]}<\/script>\n<!-- \/ Yoast SEO plugin. -->","yoast_head_json":{"title":"Universidad de las Artes - Art\u00edculo de acad\u00e9mica Fanny Po Sim Head en \u201cInterlude\u201d destaca trabajo compositivo de docente Adina Izarra","description":"Universidad de las Artes - Art\u00edculo de acad\u00e9mica Fanny Po Sim Head en \u201cInterlude\u201d destaca trabajo compositivo de docente Adina Izarra","robots":{"index":"index","follow":"follow","max-snippet":"max-snippet:-1","max-image-preview":"max-image-preview:large","max-video-preview":"max-video-preview:-1"},"canonical":"https:\/\/www.uartes.edu.ec\/sitio\/blog\/2022\/06\/29\/articulo-de-academica-fanny-po-sim-head-en-interlude-destaca-trabajo-compositivo-de-la-docente-adina-izarra\/","og_locale":"es_ES","og_type":"article","og_title":"Universidad de las Artes - Art\u00edculo de acad\u00e9mica Fanny Po Sim Head en \u201cInterlude\u201d destaca trabajo compositivo de docente Adina Izarra","og_description":"Universidad de las Artes - Art\u00edculo de acad\u00e9mica Fanny Po Sim Head en \u201cInterlude\u201d destaca trabajo compositivo de docente Adina Izarra","og_url":"https:\/\/www.uartes.edu.ec\/sitio\/blog\/2022\/06\/29\/articulo-de-academica-fanny-po-sim-head-en-interlude-destaca-trabajo-compositivo-de-la-docente-adina-izarra\/","og_site_name":"Universidad de las Artes","article_publisher":"https:\/\/www.facebook.com\/uartesec","article_published_time":"2022-06-29T22:40:00+00:00","article_modified_time":"2024-07-04T16:23:21+00:00","og_image":[{"width":2000,"height":1333,"url":"https:\/\/www.uartes.edu.ec\/sitio\/wp-content\/uploads\/2022\/06\/ADINA-IZARRA.jpg","type":"image\/jpeg"}],"author":"ccortez","twitter_card":"summary_large_image","twitter_creator":"@uartesec","twitter_site":"@uartesec","twitter_misc":{"Escrito por":"ccortez","Tiempo de lectura":"5 minutos"},"schema":{"@context":"https:\/\/schema.org","@graph":[{"@type":"Article","@id":"https:\/\/www.uartes.edu.ec\/sitio\/blog\/2022\/06\/29\/articulo-de-academica-fanny-po-sim-head-en-interlude-destaca-trabajo-compositivo-de-la-docente-adina-izarra\/#article","isPartOf":{"@id":"https:\/\/www.uartes.edu.ec\/sitio\/blog\/2022\/06\/29\/articulo-de-academica-fanny-po-sim-head-en-interlude-destaca-trabajo-compositivo-de-la-docente-adina-izarra\/"},"author":{"name":"ccortez","@id":"https:\/\/www.uartes.edu.ec\/sitio\/#\/schema\/person\/efa1b8275797664fd7f13a79ccc0b1f4"},"headline":"Art\u00edculo de acad\u00e9mica Fanny Po Sim Head en \u201cInterlude\u201d destaca trabajo compositivo de docente Adina Izarra","datePublished":"2022-06-29T22:40:00+00:00","dateModified":"2024-07-04T16:23:21+00:00","mainEntityOfPage":{"@id":"https:\/\/www.uartes.edu.ec\/sitio\/blog\/2022\/06\/29\/articulo-de-academica-fanny-po-sim-head-en-interlude-destaca-trabajo-compositivo-de-la-docente-adina-izarra\/"},"wordCount":1045,"commentCount":0,"publisher":{"@id":"https:\/\/www.uartes.edu.ec\/sitio\/#organization"},"image":{"@id":"https:\/\/www.uartes.edu.ec\/sitio\/blog\/2022\/06\/29\/articulo-de-academica-fanny-po-sim-head-en-interlude-destaca-trabajo-compositivo-de-la-docente-adina-izarra\/#primaryimage"},"thumbnailUrl":"https:\/\/www.uartes.edu.ec\/sitio\/wp-content\/uploads\/2022\/06\/ADINA-IZARRA.jpg","keywords":["reconocimiento"],"articleSection":["1F","Artes Sonoras","Docentes"],"inLanguage":"es","potentialAction":[{"@type":"CommentAction","name":"Comment","target":["https:\/\/www.uartes.edu.ec\/sitio\/blog\/2022\/06\/29\/articulo-de-academica-fanny-po-sim-head-en-interlude-destaca-trabajo-compositivo-de-la-docente-adina-izarra\/#respond"]}]},{"@type":["WebPage","ItemPage"],"@id":"https:\/\/www.uartes.edu.ec\/sitio\/blog\/2022\/06\/29\/articulo-de-academica-fanny-po-sim-head-en-interlude-destaca-trabajo-compositivo-de-la-docente-adina-izarra\/","url":"https:\/\/www.uartes.edu.ec\/sitio\/blog\/2022\/06\/29\/articulo-de-academica-fanny-po-sim-head-en-interlude-destaca-trabajo-compositivo-de-la-docente-adina-izarra\/","name":"Universidad de las Artes - Art\u00edculo de acad\u00e9mica Fanny Po Sim Head en \u201cInterlude\u201d destaca trabajo compositivo de docente Adina Izarra","isPartOf":{"@id":"https:\/\/www.uartes.edu.ec\/sitio\/#website"},"primaryImageOfPage":{"@id":"https:\/\/www.uartes.edu.ec\/sitio\/blog\/2022\/06\/29\/articulo-de-academica-fanny-po-sim-head-en-interlude-destaca-trabajo-compositivo-de-la-docente-adina-izarra\/#primaryimage"},"image":{"@id":"https:\/\/www.uartes.edu.ec\/sitio\/blog\/2022\/06\/29\/articulo-de-academica-fanny-po-sim-head-en-interlude-destaca-trabajo-compositivo-de-la-docente-adina-izarra\/#primaryimage"},"thumbnailUrl":"https:\/\/www.uartes.edu.ec\/sitio\/wp-content\/uploads\/2022\/06\/ADINA-IZARRA.jpg","datePublished":"2022-06-29T22:40:00+00:00","dateModified":"2024-07-04T16:23:21+00:00","description":"Universidad de las Artes - Art\u00edculo de acad\u00e9mica Fanny Po Sim Head en \u201cInterlude\u201d destaca trabajo compositivo de docente Adina Izarra","breadcrumb":{"@id":"https:\/\/www.uartes.edu.ec\/sitio\/blog\/2022\/06\/29\/articulo-de-academica-fanny-po-sim-head-en-interlude-destaca-trabajo-compositivo-de-la-docente-adina-izarra\/#breadcrumb"},"inLanguage":"es","potentialAction":[{"@type":"ReadAction","target":["https:\/\/www.uartes.edu.ec\/sitio\/blog\/2022\/06\/29\/articulo-de-academica-fanny-po-sim-head-en-interlude-destaca-trabajo-compositivo-de-la-docente-adina-izarra\/"]}]},{"@type":"ImageObject","inLanguage":"es","@id":"https:\/\/www.uartes.edu.ec\/sitio\/blog\/2022\/06\/29\/articulo-de-academica-fanny-po-sim-head-en-interlude-destaca-trabajo-compositivo-de-la-docente-adina-izarra\/#primaryimage","url":"https:\/\/www.uartes.edu.ec\/sitio\/wp-content\/uploads\/2022\/06\/ADINA-IZARRA.jpg","contentUrl":"https:\/\/www.uartes.edu.ec\/sitio\/wp-content\/uploads\/2022\/06\/ADINA-IZARRA.jpg","width":2000,"height":1333},{"@type":"BreadcrumbList","@id":"https:\/\/www.uartes.edu.ec\/sitio\/blog\/2022\/06\/29\/articulo-de-academica-fanny-po-sim-head-en-interlude-destaca-trabajo-compositivo-de-la-docente-adina-izarra\/#breadcrumb","itemListElement":[{"@type":"ListItem","position":1,"name":"Inicio","item":"https:\/\/www.uartes.edu.ec\/sitio\/"},{"@type":"ListItem","position":2,"name":"Art\u00edculo de acad\u00e9mica Fanny Po Sim Head en \u201cInterlude\u201d destaca trabajo compositivo de docente Adina Izarra"}]},{"@type":"WebSite","@id":"https:\/\/www.uartes.edu.ec\/sitio\/#website","url":"https:\/\/www.uartes.edu.ec\/sitio\/","name":"Universidad de las Artes","description":"Sitio oficial de la Universidad Nacional de las Artes del Ecuador","publisher":{"@id":"https:\/\/www.uartes.edu.ec\/sitio\/#organization"},"potentialAction":[{"@type":"SearchAction","target":{"@type":"EntryPoint","urlTemplate":"https:\/\/www.uartes.edu.ec\/sitio\/?s={search_term_string}"},"query-input":{"@type":"PropertyValueSpecification","valueRequired":true,"valueName":"search_term_string"}}],"inLanguage":"es"},{"@type":"Organization","@id":"https:\/\/www.uartes.edu.ec\/sitio\/#organization","name":"Universidad de las Artes","url":"https:\/\/www.uartes.edu.ec\/sitio\/","logo":{"@type":"ImageObject","inLanguage":"es","@id":"https:\/\/www.uartes.edu.ec\/sitio\/#\/schema\/logo\/image\/","url":"https:\/\/www.uartes.edu.ec\/sitio\/wp-content\/uploads\/2022\/07\/logo-ua-horizontal.png","contentUrl":"https:\/\/www.uartes.edu.ec\/sitio\/wp-content\/uploads\/2022\/07\/logo-ua-horizontal.png","width":800,"height":276,"caption":"Universidad de las Artes"},"image":{"@id":"https:\/\/www.uartes.edu.ec\/sitio\/#\/schema\/logo\/image\/"},"sameAs":["https:\/\/www.facebook.com\/uartesec","https:\/\/x.com\/uartesec","https:\/\/www.tiktok.com\/@uartesec"]},{"@type":"Person","@id":"https:\/\/www.uartes.edu.ec\/sitio\/#\/schema\/person\/efa1b8275797664fd7f13a79ccc0b1f4","name":"ccortez","image":{"@type":"ImageObject","inLanguage":"es","@id":"https:\/\/secure.gravatar.com\/avatar\/b2a6f664a3ae8e074346ef91775736c5ec479e637ecced6842de9dc98b5da9cd?s=96&d=mm&r=g","url":"https:\/\/secure.gravatar.com\/avatar\/b2a6f664a3ae8e074346ef91775736c5ec479e637ecced6842de9dc98b5da9cd?s=96&d=mm&r=g","contentUrl":"https:\/\/secure.gravatar.com\/avatar\/b2a6f664a3ae8e074346ef91775736c5ec479e637ecced6842de9dc98b5da9cd?s=96&d=mm&r=g","caption":"ccortez"},"url":"https:\/\/www.uartes.edu.ec\/sitio\/blog\/author\/ccortez\/"}]}},"uagb_featured_image_src":{"full":["https:\/\/www.uartes.edu.ec\/sitio\/wp-content\/uploads\/2022\/06\/ADINA-IZARRA.jpg",2000,1333,false],"thumbnail":["https:\/\/www.uartes.edu.ec\/sitio\/wp-content\/uploads\/2022\/06\/ADINA-IZARRA-150x150.jpg",150,150,true],"medium":["https:\/\/www.uartes.edu.ec\/sitio\/wp-content\/uploads\/2022\/06\/ADINA-IZARRA-300x200.jpg",300,200,true],"medium_large":["https:\/\/www.uartes.edu.ec\/sitio\/wp-content\/uploads\/2022\/06\/ADINA-IZARRA-768x512.jpg",768,512,true],"large":["https:\/\/www.uartes.edu.ec\/sitio\/wp-content\/uploads\/2022\/06\/ADINA-IZARRA-644x429.jpg",644,429,true],"1536x1536":["https:\/\/www.uartes.edu.ec\/sitio\/wp-content\/uploads\/2022\/06\/ADINA-IZARRA-1536x1024.jpg",1536,1024,true],"2048x2048":["https:\/\/www.uartes.edu.ec\/sitio\/wp-content\/uploads\/2022\/06\/ADINA-IZARRA.jpg",2000,1333,false],"trp-custom-language-flag":["https:\/\/www.uartes.edu.ec\/sitio\/wp-content\/uploads\/2022\/06\/ADINA-IZARRA.jpg",18,12,false],"htmega_size_585x295":["https:\/\/www.uartes.edu.ec\/sitio\/wp-content\/uploads\/2022\/06\/ADINA-IZARRA.jpg",443,295,false],"htmega_size_1170x536":["https:\/\/www.uartes.edu.ec\/sitio\/wp-content\/uploads\/2022\/06\/ADINA-IZARRA.jpg",804,536,false],"htmega_size_396x360":["https:\/\/www.uartes.edu.ec\/sitio\/wp-content\/uploads\/2022\/06\/ADINA-IZARRA.jpg",396,264,false],"gb-block-post-grid-landscape":["https:\/\/www.uartes.edu.ec\/sitio\/wp-content\/uploads\/2022\/06\/ADINA-IZARRA-600x400.jpg",600,400,true],"gb-block-post-grid-square":["https:\/\/www.uartes.edu.ec\/sitio\/wp-content\/uploads\/2022\/06\/ADINA-IZARRA-600x600.jpg",600,600,true],"university-hub-thumb":["https:\/\/www.uartes.edu.ec\/sitio\/wp-content\/uploads\/2022\/06\/ADINA-IZARRA-400x267.jpg",400,267,true]},"uagb_author_info":{"display_name":"ccortez","author_link":"https:\/\/www.uartes.edu.ec\/sitio\/blog\/author\/ccortez\/"},"uagb_comment_info":0,"uagb_excerpt":"Con el t\u00edtulo \u201cSelected Works by Three Latina Composers\u201d, en el blog musical Interlude se public\u00f3 recientemente un art\u00edculo firmado por la acad\u00e9mica Fanny Po Sim Head que destaca el trabajo compositivo de tres autoras latinoamericanas. La ecuatoriana Blanca Layana, la brasile\u00f1a Clarice Assad y la venezolana Adina Izarra de Riera,\u00a0docente de la Escuela de&hellip;","featured_image_src":"https:\/\/www.uartes.edu.ec\/sitio\/wp-content\/uploads\/2022\/06\/ADINA-IZARRA-600x400.jpg","featured_image_src_square":"https:\/\/www.uartes.edu.ec\/sitio\/wp-content\/uploads\/2022\/06\/ADINA-IZARRA-600x600.jpg","author_info":{"display_name":"ccortez","author_link":"https:\/\/www.uartes.edu.ec\/sitio\/blog\/author\/ccortez\/"},"publishpress_future_workflow_manual_trigger":{"enabledWorkflows":[]},"distributor_meta":false,"distributor_terms":false,"distributor_media":false,"distributor_original_site_name":"Universidad de las Artes","distributor_original_site_url":"https:\/\/www.uartes.edu.ec\/sitio","push-errors":false,"_links":{"self":[{"href":"https:\/\/www.uartes.edu.ec\/sitio\/wp-json\/wp\/v2\/posts\/23650","targetHints":{"allow":["GET"]}}],"collection":[{"href":"https:\/\/www.uartes.edu.ec\/sitio\/wp-json\/wp\/v2\/posts"}],"about":[{"href":"https:\/\/www.uartes.edu.ec\/sitio\/wp-json\/wp\/v2\/types\/post"}],"author":[{"embeddable":true,"href":"https:\/\/www.uartes.edu.ec\/sitio\/wp-json\/wp\/v2\/users\/10"}],"replies":[{"embeddable":true,"href":"https:\/\/www.uartes.edu.ec\/sitio\/wp-json\/wp\/v2\/comments?post=23650"}],"version-history":[{"count":4,"href":"https:\/\/www.uartes.edu.ec\/sitio\/wp-json\/wp\/v2\/posts\/23650\/revisions"}],"predecessor-version":[{"id":23663,"href":"https:\/\/www.uartes.edu.ec\/sitio\/wp-json\/wp\/v2\/posts\/23650\/revisions\/23663"}],"wp:featuredmedia":[{"embeddable":true,"href":"https:\/\/www.uartes.edu.ec\/sitio\/wp-json\/wp\/v2\/media\/23651"}],"wp:attachment":[{"href":"https:\/\/www.uartes.edu.ec\/sitio\/wp-json\/wp\/v2\/media?parent=23650"}],"wp:term":[{"taxonomy":"category","embeddable":true,"href":"https:\/\/www.uartes.edu.ec\/sitio\/wp-json\/wp\/v2\/categories?post=23650"},{"taxonomy":"post_tag","embeddable":true,"href":"https:\/\/www.uartes.edu.ec\/sitio\/wp-json\/wp\/v2\/tags?post=23650"},{"taxonomy":"infouartes","embeddable":true,"href":"https:\/\/www.uartes.edu.ec\/sitio\/wp-json\/wp\/v2\/infouartes?post=23650"}],"curies":[{"name":"wp","href":"https:\/\/api.w.org\/{rel}","templated":true}]}}