{"id":23666,"date":"2022-06-30T11:35:00","date_gmt":"2022-06-30T16:35:00","guid":{"rendered":"http:\/\/www.uartes.edu.ec\/sitio\/?p=23666"},"modified":"2024-07-04T11:23:21","modified_gmt":"2024-07-04T16:23:21","slug":"revista-sonocordia-lanza-convocatoria-de-articulos-para-nuevo-volumen-sera-un-dosier-dedicado-al-pasillo","status":"publish","type":"post","link":"https:\/\/www.uartes.edu.ec\/sitio\/blog\/2022\/06\/30\/revista-sonocordia-lanza-convocatoria-de-articulos-para-nuevo-volumen-sera-un-dosier-dedicado-al-pasillo\/","title":{"rendered":"\u201cSonocordia\u201d lanza convocatoria de art\u00edculos para nuevo volumen; ser\u00e1 un dosier dedicado al pasillo ecuatoriano"},"content":{"rendered":"\n<p class=\"has-text-align-right\"><em>&#8220;El pasillo ecuatoriano: pensamiento hist\u00f3rico, contempor\u00e1neo y an\u00e1lisis cr\u00edtico&#8221; es el t\u00edtulo y tem\u00e1tica <\/em><br><em>del volumen 4 n\u00famero 7 de la publicaci\u00f3n de la Escuela de Artes Sonoras de la UArtes.<\/em><\/p>\n\n\n\n<p>La revista <em>Sonocordia<\/em> de la Escuela de Artes Sonoras de la Universidad de las Artes abre la convocatoria para su nuevo n\u00famero que estar\u00e1 dedicado al pasillo y contar\u00e1 en su edici\u00f3n con la colaboraci\u00f3n del pianista, compositor, productor e investigador musical Omar Dom\u00ednguez.<\/p>\n\n\n\n<p>La convocatoria corresponde al volumen 4 n\u00famero 7 de la publicaci\u00f3n, cuyo dosier lleva por t\u00edtulo: &#8220;El pasillo ecuatoriano: pensamiento hist\u00f3rico, contempor\u00e1neo y an\u00e1lisis cr\u00edtico&#8221;. Es una invitaci\u00f3n para presentar art\u00edculos de investigaci\u00f3n originales sobre el referido g\u00e9nero musical, declarado el 14 de diciembre de 2021 por la UNESCO como patrimonio cultural e inmaterial de la humanidad.<\/p>\n\n\n\n<p>Para este dosier se propone una aproximaci\u00f3n al pasillo desde diversas perspectivas como las escenas musicales, la grabaci\u00f3n y la producci\u00f3n musical. El pasillo como g\u00e9nero y estilo, como manifestaci\u00f3n de la m\u00fasica popular en general. Trabajos sobre retrospectiva hist\u00f3rica, an\u00e1lisis cr\u00edtico y an\u00e1lisis musical son bienvenidos, se indica en la invitaci\u00f3n a participar.<\/p>\n\n\n\n<p>Se destaca tambi\u00e9n que resulta de particular inter\u00e9s trabajos de car\u00e1cter transdisciplinario que enfoquen el pasillo desde la sociolog\u00eda, los estudios culturales, la teor\u00eda feminista, los estudios del g\u00e9nero, los estudios culturales, entre otros. En conclusi\u00f3n, se espera conformar un dosier que eval\u00fae el estado actual del estudio sobre el pasillo de manera anal\u00edtica, sistem\u00e1tica y cr\u00edtica.<\/p>\n\n\n\n<p>El plazo para el env\u00edo de manuscritos vence el 9 de abril de 2023.&nbsp;Los art\u00edculos in\u00e9ditos deber\u00e1n ser enviados en formato Word al correo <a href=\"mailto:revista.sonocordia@uartes.edu.ec\">revista.sonocordia@uartes.edu.ec<\/a><\/p>\n\n\n\n<h3 class=\"wp-block-heading\">La propuesta editorial<\/h3>\n\n\n\n<p><em>Sonocordia<\/em> es una revista de Artes Sonoras y Producci\u00f3n Musical, una propuesta editorial cient\u00edfica, colectiva y arbitrada acad\u00e9micamente que nace en la EAS de la UArtes con la intenci\u00f3n de difundir investigaci\u00f3n acad\u00e9mica y partituras in\u00e9ditas de composici\u00f3n sonora.<\/p>\n\n\n\n<p>Los art\u00edculos son sometidos a una primera evaluaci\u00f3n del Consejo Editorial, para pasar luego por el arbitraje ciego de pares externos. Se publican art\u00edculos sobre artes sonoras, producci\u00f3n musical, musicolog\u00eda, etnomusicolog\u00eda, musicolog\u00eda popular y cualquier estudio que se relacione con las artes, la m\u00fasica, la producci\u00f3n musical y las artes en general. Se publican partituras in\u00e9ditas y trabajos art\u00edsticos relacionados con las artes sonoras, as\u00ed como entrevistas, rese\u00f1as de libros, discos, documentales y pel\u00edculas. No hay un sesgo hist\u00f3rico y\/o territorial, por lo que estudios en idiomas ingl\u00e9s, portugu\u00e9s y franc\u00e9s son bienvenidos.<\/p>\n","protected":false},"excerpt":{"rendered":"<p>La revista Sonocordia de la Escuela de Artes Sonoras de la UArtes abre la convocatoria de art\u00edculos para una nueva publicaci\u00f3n dedicada al pasillo, que contar\u00e1 con la edici\u00f3n del pianista, compositor, productor e investigador musical Omar Dom\u00ednguez. Se trata del volumen 4 n\u00famero 7, cuyo dosier se titula &#8220;El pasillo ecuatoriano: pensamiento hist\u00f3rico, contempor\u00e1neo y an\u00e1lisis cr\u00edtico&#8221;. <\/p>\n","protected":false},"author":10,"featured_media":23668,"comment_status":"open","ping_status":"open","sticky":false,"template":"","format":"standard","meta":{"_acf_changed":false,"_uag_custom_page_level_css":"","_monsterinsights_skip_tracking":false,"_monsterinsights_sitenote_active":false,"_monsterinsights_sitenote_note":"","_monsterinsights_sitenote_category":0,"cybocfi_hide_featured_image":"","footnotes":""},"categories":[722,80,150],"tags":[710],"infouartes":[],"class_list":["post-23666","post","type-post","status-publish","format-standard","has-post-thumbnail","hentry","category-1f","category-academico","category-artes-sonoras","tag-convocatoria-sonocordia"],"acf":[],"yoast_head":"<!-- This site is optimized with the Yoast SEO plugin v27.4 - https:\/\/yoast.com\/product\/yoast-seo-wordpress\/ -->\n<title>Universidad de las Artes - \u201cSonocordia\u201d lanza convocatoria de art\u00edculos para nuevo volumen; ser\u00e1 un dosier dedicado al pasillo ecuatoriano<\/title>\n<meta name=\"description\" content=\"Universidad de las Artes - \u201cSonocordia\u201d lanza convocatoria de art\u00edculos para nuevo volumen; ser\u00e1 un dosier dedicado al pasillo ecuatoriano\" \/>\n<meta name=\"robots\" content=\"index, follow, max-snippet:-1, max-image-preview:large, max-video-preview:-1\" \/>\n<link rel=\"canonical\" href=\"https:\/\/www.uartes.edu.ec\/sitio\/blog\/2022\/06\/30\/revista-sonocordia-lanza-convocatoria-de-articulos-para-nuevo-volumen-sera-un-dosier-dedicado-al-pasillo\/\" \/>\n<meta property=\"og:locale\" content=\"es_ES\" \/>\n<meta property=\"og:type\" content=\"article\" \/>\n<meta property=\"og:title\" content=\"Universidad de las Artes - \u201cSonocordia\u201d lanza convocatoria de art\u00edculos para nuevo volumen; ser\u00e1 un dosier dedicado al pasillo ecuatoriano\" \/>\n<meta property=\"og:description\" content=\"Universidad de las Artes - \u201cSonocordia\u201d lanza convocatoria de art\u00edculos para nuevo volumen; ser\u00e1 un dosier dedicado al pasillo ecuatoriano\" \/>\n<meta property=\"og:url\" content=\"https:\/\/www.uartes.edu.ec\/sitio\/blog\/2022\/06\/30\/revista-sonocordia-lanza-convocatoria-de-articulos-para-nuevo-volumen-sera-un-dosier-dedicado-al-pasillo\/\" \/>\n<meta property=\"og:site_name\" content=\"Universidad de las Artes\" \/>\n<meta property=\"article:publisher\" content=\"https:\/\/www.facebook.com\/uartesec\" \/>\n<meta property=\"article:published_time\" content=\"2022-06-30T16:35:00+00:00\" \/>\n<meta property=\"article:modified_time\" content=\"2024-07-04T16:23:21+00:00\" \/>\n<meta property=\"og:image\" content=\"https:\/\/www.uartes.edu.ec\/sitio\/wp-content\/uploads\/2022\/06\/ULTIMO-PASILLO-SONOCORDIA.jpg\" \/>\n\t<meta property=\"og:image:width\" content=\"2000\" \/>\n\t<meta property=\"og:image:height\" content=\"1333\" \/>\n\t<meta property=\"og:image:type\" content=\"image\/jpeg\" \/>\n<meta name=\"author\" content=\"ccortez\" \/>\n<meta name=\"twitter:card\" content=\"summary_large_image\" \/>\n<meta name=\"twitter:creator\" content=\"@uartesec\" \/>\n<meta name=\"twitter:site\" content=\"@uartesec\" \/>\n<meta name=\"twitter:label1\" content=\"Escrito por\" \/>\n\t<meta name=\"twitter:data1\" content=\"ccortez\" \/>\n\t<meta name=\"twitter:label2\" content=\"Tiempo de lectura\" \/>\n\t<meta name=\"twitter:data2\" content=\"2 minutos\" \/>\n<script type=\"application\/ld+json\" class=\"yoast-schema-graph\">{\"@context\":\"https:\\\/\\\/schema.org\",\"@graph\":[{\"@type\":\"Article\",\"@id\":\"https:\\\/\\\/www.uartes.edu.ec\\\/sitio\\\/blog\\\/2022\\\/06\\\/30\\\/revista-sonocordia-lanza-convocatoria-de-articulos-para-nuevo-volumen-sera-un-dosier-dedicado-al-pasillo\\\/#article\",\"isPartOf\":{\"@id\":\"https:\\\/\\\/www.uartes.edu.ec\\\/sitio\\\/blog\\\/2022\\\/06\\\/30\\\/revista-sonocordia-lanza-convocatoria-de-articulos-para-nuevo-volumen-sera-un-dosier-dedicado-al-pasillo\\\/\"},\"author\":{\"name\":\"ccortez\",\"@id\":\"https:\\\/\\\/www.uartes.edu.ec\\\/sitio\\\/#\\\/schema\\\/person\\\/efa1b8275797664fd7f13a79ccc0b1f4\"},\"headline\":\"\u201cSonocordia\u201d lanza convocatoria de art\u00edculos para nuevo volumen; ser\u00e1 un dosier dedicado al pasillo ecuatoriano\",\"datePublished\":\"2022-06-30T16:35:00+00:00\",\"dateModified\":\"2024-07-04T16:23:21+00:00\",\"mainEntityOfPage\":{\"@id\":\"https:\\\/\\\/www.uartes.edu.ec\\\/sitio\\\/blog\\\/2022\\\/06\\\/30\\\/revista-sonocordia-lanza-convocatoria-de-articulos-para-nuevo-volumen-sera-un-dosier-dedicado-al-pasillo\\\/\"},\"wordCount\":492,\"commentCount\":0,\"publisher\":{\"@id\":\"https:\\\/\\\/www.uartes.edu.ec\\\/sitio\\\/#organization\"},\"image\":{\"@id\":\"https:\\\/\\\/www.uartes.edu.ec\\\/sitio\\\/blog\\\/2022\\\/06\\\/30\\\/revista-sonocordia-lanza-convocatoria-de-articulos-para-nuevo-volumen-sera-un-dosier-dedicado-al-pasillo\\\/#primaryimage\"},\"thumbnailUrl\":\"https:\\\/\\\/www.uartes.edu.ec\\\/sitio\\\/wp-content\\\/uploads\\\/2022\\\/06\\\/ULTIMO-PASILLO-SONOCORDIA.jpg\",\"keywords\":[\"convocatoria Sonocordia\"],\"articleSection\":[\"1F\",\"Acad\u00e9mico\",\"Artes Sonoras\"],\"inLanguage\":\"es\",\"potentialAction\":[{\"@type\":\"CommentAction\",\"name\":\"Comment\",\"target\":[\"https:\\\/\\\/www.uartes.edu.ec\\\/sitio\\\/blog\\\/2022\\\/06\\\/30\\\/revista-sonocordia-lanza-convocatoria-de-articulos-para-nuevo-volumen-sera-un-dosier-dedicado-al-pasillo\\\/#respond\"]}]},{\"@type\":[\"WebPage\",\"ItemPage\"],\"@id\":\"https:\\\/\\\/www.uartes.edu.ec\\\/sitio\\\/blog\\\/2022\\\/06\\\/30\\\/revista-sonocordia-lanza-convocatoria-de-articulos-para-nuevo-volumen-sera-un-dosier-dedicado-al-pasillo\\\/\",\"url\":\"https:\\\/\\\/www.uartes.edu.ec\\\/sitio\\\/blog\\\/2022\\\/06\\\/30\\\/revista-sonocordia-lanza-convocatoria-de-articulos-para-nuevo-volumen-sera-un-dosier-dedicado-al-pasillo\\\/\",\"name\":\"Universidad de las Artes - \u201cSonocordia\u201d lanza convocatoria de art\u00edculos para nuevo volumen; ser\u00e1 un dosier dedicado al pasillo ecuatoriano\",\"isPartOf\":{\"@id\":\"https:\\\/\\\/www.uartes.edu.ec\\\/sitio\\\/#website\"},\"primaryImageOfPage\":{\"@id\":\"https:\\\/\\\/www.uartes.edu.ec\\\/sitio\\\/blog\\\/2022\\\/06\\\/30\\\/revista-sonocordia-lanza-convocatoria-de-articulos-para-nuevo-volumen-sera-un-dosier-dedicado-al-pasillo\\\/#primaryimage\"},\"image\":{\"@id\":\"https:\\\/\\\/www.uartes.edu.ec\\\/sitio\\\/blog\\\/2022\\\/06\\\/30\\\/revista-sonocordia-lanza-convocatoria-de-articulos-para-nuevo-volumen-sera-un-dosier-dedicado-al-pasillo\\\/#primaryimage\"},\"thumbnailUrl\":\"https:\\\/\\\/www.uartes.edu.ec\\\/sitio\\\/wp-content\\\/uploads\\\/2022\\\/06\\\/ULTIMO-PASILLO-SONOCORDIA.jpg\",\"datePublished\":\"2022-06-30T16:35:00+00:00\",\"dateModified\":\"2024-07-04T16:23:21+00:00\",\"description\":\"Universidad de las Artes - \u201cSonocordia\u201d lanza convocatoria de art\u00edculos para nuevo volumen; ser\u00e1 un dosier dedicado al pasillo ecuatoriano\",\"breadcrumb\":{\"@id\":\"https:\\\/\\\/www.uartes.edu.ec\\\/sitio\\\/blog\\\/2022\\\/06\\\/30\\\/revista-sonocordia-lanza-convocatoria-de-articulos-para-nuevo-volumen-sera-un-dosier-dedicado-al-pasillo\\\/#breadcrumb\"},\"inLanguage\":\"es\",\"potentialAction\":[{\"@type\":\"ReadAction\",\"target\":[\"https:\\\/\\\/www.uartes.edu.ec\\\/sitio\\\/blog\\\/2022\\\/06\\\/30\\\/revista-sonocordia-lanza-convocatoria-de-articulos-para-nuevo-volumen-sera-un-dosier-dedicado-al-pasillo\\\/\"]}]},{\"@type\":\"ImageObject\",\"inLanguage\":\"es\",\"@id\":\"https:\\\/\\\/www.uartes.edu.ec\\\/sitio\\\/blog\\\/2022\\\/06\\\/30\\\/revista-sonocordia-lanza-convocatoria-de-articulos-para-nuevo-volumen-sera-un-dosier-dedicado-al-pasillo\\\/#primaryimage\",\"url\":\"https:\\\/\\\/www.uartes.edu.ec\\\/sitio\\\/wp-content\\\/uploads\\\/2022\\\/06\\\/ULTIMO-PASILLO-SONOCORDIA.jpg\",\"contentUrl\":\"https:\\\/\\\/www.uartes.edu.ec\\\/sitio\\\/wp-content\\\/uploads\\\/2022\\\/06\\\/ULTIMO-PASILLO-SONOCORDIA.jpg\",\"width\":2000,\"height\":1333},{\"@type\":\"BreadcrumbList\",\"@id\":\"https:\\\/\\\/www.uartes.edu.ec\\\/sitio\\\/blog\\\/2022\\\/06\\\/30\\\/revista-sonocordia-lanza-convocatoria-de-articulos-para-nuevo-volumen-sera-un-dosier-dedicado-al-pasillo\\\/#breadcrumb\",\"itemListElement\":[{\"@type\":\"ListItem\",\"position\":1,\"name\":\"Inicio\",\"item\":\"https:\\\/\\\/www.uartes.edu.ec\\\/sitio\\\/\"},{\"@type\":\"ListItem\",\"position\":2,\"name\":\"\u201cSonocordia\u201d lanza convocatoria de art\u00edculos para nuevo volumen; ser\u00e1 un dosier dedicado al pasillo ecuatoriano\"}]},{\"@type\":\"WebSite\",\"@id\":\"https:\\\/\\\/www.uartes.edu.ec\\\/sitio\\\/#website\",\"url\":\"https:\\\/\\\/www.uartes.edu.ec\\\/sitio\\\/\",\"name\":\"Universidad de las Artes\",\"description\":\"Sitio oficial de la Universidad Nacional de las Artes del Ecuador\",\"publisher\":{\"@id\":\"https:\\\/\\\/www.uartes.edu.ec\\\/sitio\\\/#organization\"},\"potentialAction\":[{\"@type\":\"SearchAction\",\"target\":{\"@type\":\"EntryPoint\",\"urlTemplate\":\"https:\\\/\\\/www.uartes.edu.ec\\\/sitio\\\/?s={search_term_string}\"},\"query-input\":{\"@type\":\"PropertyValueSpecification\",\"valueRequired\":true,\"valueName\":\"search_term_string\"}}],\"inLanguage\":\"es\"},{\"@type\":\"Organization\",\"@id\":\"https:\\\/\\\/www.uartes.edu.ec\\\/sitio\\\/#organization\",\"name\":\"Universidad de las Artes\",\"url\":\"https:\\\/\\\/www.uartes.edu.ec\\\/sitio\\\/\",\"logo\":{\"@type\":\"ImageObject\",\"inLanguage\":\"es\",\"@id\":\"https:\\\/\\\/www.uartes.edu.ec\\\/sitio\\\/#\\\/schema\\\/logo\\\/image\\\/\",\"url\":\"https:\\\/\\\/www.uartes.edu.ec\\\/sitio\\\/wp-content\\\/uploads\\\/2022\\\/07\\\/logo-ua-horizontal.png\",\"contentUrl\":\"https:\\\/\\\/www.uartes.edu.ec\\\/sitio\\\/wp-content\\\/uploads\\\/2022\\\/07\\\/logo-ua-horizontal.png\",\"width\":800,\"height\":276,\"caption\":\"Universidad de las Artes\"},\"image\":{\"@id\":\"https:\\\/\\\/www.uartes.edu.ec\\\/sitio\\\/#\\\/schema\\\/logo\\\/image\\\/\"},\"sameAs\":[\"https:\\\/\\\/www.facebook.com\\\/uartesec\",\"https:\\\/\\\/x.com\\\/uartesec\",\"https:\\\/\\\/www.tiktok.com\\\/@uartesec\"]},{\"@type\":\"Person\",\"@id\":\"https:\\\/\\\/www.uartes.edu.ec\\\/sitio\\\/#\\\/schema\\\/person\\\/efa1b8275797664fd7f13a79ccc0b1f4\",\"name\":\"ccortez\",\"image\":{\"@type\":\"ImageObject\",\"inLanguage\":\"es\",\"@id\":\"https:\\\/\\\/secure.gravatar.com\\\/avatar\\\/b2a6f664a3ae8e074346ef91775736c5ec479e637ecced6842de9dc98b5da9cd?s=96&d=mm&r=g\",\"url\":\"https:\\\/\\\/secure.gravatar.com\\\/avatar\\\/b2a6f664a3ae8e074346ef91775736c5ec479e637ecced6842de9dc98b5da9cd?s=96&d=mm&r=g\",\"contentUrl\":\"https:\\\/\\\/secure.gravatar.com\\\/avatar\\\/b2a6f664a3ae8e074346ef91775736c5ec479e637ecced6842de9dc98b5da9cd?s=96&d=mm&r=g\",\"caption\":\"ccortez\"},\"url\":\"https:\\\/\\\/www.uartes.edu.ec\\\/sitio\\\/blog\\\/author\\\/ccortez\\\/\"}]}<\/script>\n<!-- \/ Yoast SEO plugin. -->","yoast_head_json":{"title":"Universidad de las Artes - \u201cSonocordia\u201d lanza convocatoria de art\u00edculos para nuevo volumen; ser\u00e1 un dosier dedicado al pasillo ecuatoriano","description":"Universidad de las Artes - \u201cSonocordia\u201d lanza convocatoria de art\u00edculos para nuevo volumen; ser\u00e1 un dosier dedicado al pasillo ecuatoriano","robots":{"index":"index","follow":"follow","max-snippet":"max-snippet:-1","max-image-preview":"max-image-preview:large","max-video-preview":"max-video-preview:-1"},"canonical":"https:\/\/www.uartes.edu.ec\/sitio\/blog\/2022\/06\/30\/revista-sonocordia-lanza-convocatoria-de-articulos-para-nuevo-volumen-sera-un-dosier-dedicado-al-pasillo\/","og_locale":"es_ES","og_type":"article","og_title":"Universidad de las Artes - \u201cSonocordia\u201d lanza convocatoria de art\u00edculos para nuevo volumen; ser\u00e1 un dosier dedicado al pasillo ecuatoriano","og_description":"Universidad de las Artes - \u201cSonocordia\u201d lanza convocatoria de art\u00edculos para nuevo volumen; ser\u00e1 un dosier dedicado al pasillo ecuatoriano","og_url":"https:\/\/www.uartes.edu.ec\/sitio\/blog\/2022\/06\/30\/revista-sonocordia-lanza-convocatoria-de-articulos-para-nuevo-volumen-sera-un-dosier-dedicado-al-pasillo\/","og_site_name":"Universidad de las Artes","article_publisher":"https:\/\/www.facebook.com\/uartesec","article_published_time":"2022-06-30T16:35:00+00:00","article_modified_time":"2024-07-04T16:23:21+00:00","og_image":[{"width":2000,"height":1333,"url":"https:\/\/www.uartes.edu.ec\/sitio\/wp-content\/uploads\/2022\/06\/ULTIMO-PASILLO-SONOCORDIA.jpg","type":"image\/jpeg"}],"author":"ccortez","twitter_card":"summary_large_image","twitter_creator":"@uartesec","twitter_site":"@uartesec","twitter_misc":{"Escrito por":"ccortez","Tiempo de lectura":"2 minutos"},"schema":{"@context":"https:\/\/schema.org","@graph":[{"@type":"Article","@id":"https:\/\/www.uartes.edu.ec\/sitio\/blog\/2022\/06\/30\/revista-sonocordia-lanza-convocatoria-de-articulos-para-nuevo-volumen-sera-un-dosier-dedicado-al-pasillo\/#article","isPartOf":{"@id":"https:\/\/www.uartes.edu.ec\/sitio\/blog\/2022\/06\/30\/revista-sonocordia-lanza-convocatoria-de-articulos-para-nuevo-volumen-sera-un-dosier-dedicado-al-pasillo\/"},"author":{"name":"ccortez","@id":"https:\/\/www.uartes.edu.ec\/sitio\/#\/schema\/person\/efa1b8275797664fd7f13a79ccc0b1f4"},"headline":"\u201cSonocordia\u201d lanza convocatoria de art\u00edculos para nuevo volumen; ser\u00e1 un dosier dedicado al pasillo ecuatoriano","datePublished":"2022-06-30T16:35:00+00:00","dateModified":"2024-07-04T16:23:21+00:00","mainEntityOfPage":{"@id":"https:\/\/www.uartes.edu.ec\/sitio\/blog\/2022\/06\/30\/revista-sonocordia-lanza-convocatoria-de-articulos-para-nuevo-volumen-sera-un-dosier-dedicado-al-pasillo\/"},"wordCount":492,"commentCount":0,"publisher":{"@id":"https:\/\/www.uartes.edu.ec\/sitio\/#organization"},"image":{"@id":"https:\/\/www.uartes.edu.ec\/sitio\/blog\/2022\/06\/30\/revista-sonocordia-lanza-convocatoria-de-articulos-para-nuevo-volumen-sera-un-dosier-dedicado-al-pasillo\/#primaryimage"},"thumbnailUrl":"https:\/\/www.uartes.edu.ec\/sitio\/wp-content\/uploads\/2022\/06\/ULTIMO-PASILLO-SONOCORDIA.jpg","keywords":["convocatoria Sonocordia"],"articleSection":["1F","Acad\u00e9mico","Artes Sonoras"],"inLanguage":"es","potentialAction":[{"@type":"CommentAction","name":"Comment","target":["https:\/\/www.uartes.edu.ec\/sitio\/blog\/2022\/06\/30\/revista-sonocordia-lanza-convocatoria-de-articulos-para-nuevo-volumen-sera-un-dosier-dedicado-al-pasillo\/#respond"]}]},{"@type":["WebPage","ItemPage"],"@id":"https:\/\/www.uartes.edu.ec\/sitio\/blog\/2022\/06\/30\/revista-sonocordia-lanza-convocatoria-de-articulos-para-nuevo-volumen-sera-un-dosier-dedicado-al-pasillo\/","url":"https:\/\/www.uartes.edu.ec\/sitio\/blog\/2022\/06\/30\/revista-sonocordia-lanza-convocatoria-de-articulos-para-nuevo-volumen-sera-un-dosier-dedicado-al-pasillo\/","name":"Universidad de las Artes - \u201cSonocordia\u201d lanza convocatoria de art\u00edculos para nuevo volumen; ser\u00e1 un dosier dedicado al pasillo ecuatoriano","isPartOf":{"@id":"https:\/\/www.uartes.edu.ec\/sitio\/#website"},"primaryImageOfPage":{"@id":"https:\/\/www.uartes.edu.ec\/sitio\/blog\/2022\/06\/30\/revista-sonocordia-lanza-convocatoria-de-articulos-para-nuevo-volumen-sera-un-dosier-dedicado-al-pasillo\/#primaryimage"},"image":{"@id":"https:\/\/www.uartes.edu.ec\/sitio\/blog\/2022\/06\/30\/revista-sonocordia-lanza-convocatoria-de-articulos-para-nuevo-volumen-sera-un-dosier-dedicado-al-pasillo\/#primaryimage"},"thumbnailUrl":"https:\/\/www.uartes.edu.ec\/sitio\/wp-content\/uploads\/2022\/06\/ULTIMO-PASILLO-SONOCORDIA.jpg","datePublished":"2022-06-30T16:35:00+00:00","dateModified":"2024-07-04T16:23:21+00:00","description":"Universidad de las Artes - \u201cSonocordia\u201d lanza convocatoria de art\u00edculos para nuevo volumen; ser\u00e1 un dosier dedicado al pasillo ecuatoriano","breadcrumb":{"@id":"https:\/\/www.uartes.edu.ec\/sitio\/blog\/2022\/06\/30\/revista-sonocordia-lanza-convocatoria-de-articulos-para-nuevo-volumen-sera-un-dosier-dedicado-al-pasillo\/#breadcrumb"},"inLanguage":"es","potentialAction":[{"@type":"ReadAction","target":["https:\/\/www.uartes.edu.ec\/sitio\/blog\/2022\/06\/30\/revista-sonocordia-lanza-convocatoria-de-articulos-para-nuevo-volumen-sera-un-dosier-dedicado-al-pasillo\/"]}]},{"@type":"ImageObject","inLanguage":"es","@id":"https:\/\/www.uartes.edu.ec\/sitio\/blog\/2022\/06\/30\/revista-sonocordia-lanza-convocatoria-de-articulos-para-nuevo-volumen-sera-un-dosier-dedicado-al-pasillo\/#primaryimage","url":"https:\/\/www.uartes.edu.ec\/sitio\/wp-content\/uploads\/2022\/06\/ULTIMO-PASILLO-SONOCORDIA.jpg","contentUrl":"https:\/\/www.uartes.edu.ec\/sitio\/wp-content\/uploads\/2022\/06\/ULTIMO-PASILLO-SONOCORDIA.jpg","width":2000,"height":1333},{"@type":"BreadcrumbList","@id":"https:\/\/www.uartes.edu.ec\/sitio\/blog\/2022\/06\/30\/revista-sonocordia-lanza-convocatoria-de-articulos-para-nuevo-volumen-sera-un-dosier-dedicado-al-pasillo\/#breadcrumb","itemListElement":[{"@type":"ListItem","position":1,"name":"Inicio","item":"https:\/\/www.uartes.edu.ec\/sitio\/"},{"@type":"ListItem","position":2,"name":"\u201cSonocordia\u201d lanza convocatoria de art\u00edculos para nuevo volumen; ser\u00e1 un dosier dedicado al pasillo ecuatoriano"}]},{"@type":"WebSite","@id":"https:\/\/www.uartes.edu.ec\/sitio\/#website","url":"https:\/\/www.uartes.edu.ec\/sitio\/","name":"Universidad de las Artes","description":"Sitio oficial de la Universidad Nacional de las Artes del Ecuador","publisher":{"@id":"https:\/\/www.uartes.edu.ec\/sitio\/#organization"},"potentialAction":[{"@type":"SearchAction","target":{"@type":"EntryPoint","urlTemplate":"https:\/\/www.uartes.edu.ec\/sitio\/?s={search_term_string}"},"query-input":{"@type":"PropertyValueSpecification","valueRequired":true,"valueName":"search_term_string"}}],"inLanguage":"es"},{"@type":"Organization","@id":"https:\/\/www.uartes.edu.ec\/sitio\/#organization","name":"Universidad de las Artes","url":"https:\/\/www.uartes.edu.ec\/sitio\/","logo":{"@type":"ImageObject","inLanguage":"es","@id":"https:\/\/www.uartes.edu.ec\/sitio\/#\/schema\/logo\/image\/","url":"https:\/\/www.uartes.edu.ec\/sitio\/wp-content\/uploads\/2022\/07\/logo-ua-horizontal.png","contentUrl":"https:\/\/www.uartes.edu.ec\/sitio\/wp-content\/uploads\/2022\/07\/logo-ua-horizontal.png","width":800,"height":276,"caption":"Universidad de las Artes"},"image":{"@id":"https:\/\/www.uartes.edu.ec\/sitio\/#\/schema\/logo\/image\/"},"sameAs":["https:\/\/www.facebook.com\/uartesec","https:\/\/x.com\/uartesec","https:\/\/www.tiktok.com\/@uartesec"]},{"@type":"Person","@id":"https:\/\/www.uartes.edu.ec\/sitio\/#\/schema\/person\/efa1b8275797664fd7f13a79ccc0b1f4","name":"ccortez","image":{"@type":"ImageObject","inLanguage":"es","@id":"https:\/\/secure.gravatar.com\/avatar\/b2a6f664a3ae8e074346ef91775736c5ec479e637ecced6842de9dc98b5da9cd?s=96&d=mm&r=g","url":"https:\/\/secure.gravatar.com\/avatar\/b2a6f664a3ae8e074346ef91775736c5ec479e637ecced6842de9dc98b5da9cd?s=96&d=mm&r=g","contentUrl":"https:\/\/secure.gravatar.com\/avatar\/b2a6f664a3ae8e074346ef91775736c5ec479e637ecced6842de9dc98b5da9cd?s=96&d=mm&r=g","caption":"ccortez"},"url":"https:\/\/www.uartes.edu.ec\/sitio\/blog\/author\/ccortez\/"}]}},"uagb_featured_image_src":{"full":["https:\/\/www.uartes.edu.ec\/sitio\/wp-content\/uploads\/2022\/06\/ULTIMO-PASILLO-SONOCORDIA.jpg",2000,1333,false],"thumbnail":["https:\/\/www.uartes.edu.ec\/sitio\/wp-content\/uploads\/2022\/06\/ULTIMO-PASILLO-SONOCORDIA-150x150.jpg",150,150,true],"medium":["https:\/\/www.uartes.edu.ec\/sitio\/wp-content\/uploads\/2022\/06\/ULTIMO-PASILLO-SONOCORDIA-300x200.jpg",300,200,true],"medium_large":["https:\/\/www.uartes.edu.ec\/sitio\/wp-content\/uploads\/2022\/06\/ULTIMO-PASILLO-SONOCORDIA-768x512.jpg",768,512,true],"large":["https:\/\/www.uartes.edu.ec\/sitio\/wp-content\/uploads\/2022\/06\/ULTIMO-PASILLO-SONOCORDIA-644x429.jpg",644,429,true],"1536x1536":["https:\/\/www.uartes.edu.ec\/sitio\/wp-content\/uploads\/2022\/06\/ULTIMO-PASILLO-SONOCORDIA-1536x1024.jpg",1536,1024,true],"2048x2048":["https:\/\/www.uartes.edu.ec\/sitio\/wp-content\/uploads\/2022\/06\/ULTIMO-PASILLO-SONOCORDIA.jpg",2000,1333,false],"trp-custom-language-flag":["https:\/\/www.uartes.edu.ec\/sitio\/wp-content\/uploads\/2022\/06\/ULTIMO-PASILLO-SONOCORDIA.jpg",18,12,false],"htmega_size_585x295":["https:\/\/www.uartes.edu.ec\/sitio\/wp-content\/uploads\/2022\/06\/ULTIMO-PASILLO-SONOCORDIA.jpg",443,295,false],"htmega_size_1170x536":["https:\/\/www.uartes.edu.ec\/sitio\/wp-content\/uploads\/2022\/06\/ULTIMO-PASILLO-SONOCORDIA.jpg",804,536,false],"htmega_size_396x360":["https:\/\/www.uartes.edu.ec\/sitio\/wp-content\/uploads\/2022\/06\/ULTIMO-PASILLO-SONOCORDIA.jpg",396,264,false],"gb-block-post-grid-landscape":["https:\/\/www.uartes.edu.ec\/sitio\/wp-content\/uploads\/2022\/06\/ULTIMO-PASILLO-SONOCORDIA-600x400.jpg",600,400,true],"gb-block-post-grid-square":["https:\/\/www.uartes.edu.ec\/sitio\/wp-content\/uploads\/2022\/06\/ULTIMO-PASILLO-SONOCORDIA-600x600.jpg",600,600,true],"university-hub-thumb":["https:\/\/www.uartes.edu.ec\/sitio\/wp-content\/uploads\/2022\/06\/ULTIMO-PASILLO-SONOCORDIA-400x267.jpg",400,267,true]},"uagb_author_info":{"display_name":"ccortez","author_link":"https:\/\/www.uartes.edu.ec\/sitio\/blog\/author\/ccortez\/"},"uagb_comment_info":0,"uagb_excerpt":"La revista Sonocordia de la Escuela de Artes Sonoras de la UArtes abre la convocatoria de art\u00edculos para una nueva publicaci\u00f3n dedicada al pasillo, que contar\u00e1 con la edici\u00f3n del pianista, compositor, productor e investigador musical Omar Dom\u00ednguez. Se trata del volumen 4 n\u00famero 7, cuyo dosier se titula \"El pasillo ecuatoriano: pensamiento hist\u00f3rico, contempor\u00e1neo&hellip;","featured_image_src":"https:\/\/www.uartes.edu.ec\/sitio\/wp-content\/uploads\/2022\/06\/ULTIMO-PASILLO-SONOCORDIA-600x400.jpg","featured_image_src_square":"https:\/\/www.uartes.edu.ec\/sitio\/wp-content\/uploads\/2022\/06\/ULTIMO-PASILLO-SONOCORDIA-600x600.jpg","author_info":{"display_name":"ccortez","author_link":"https:\/\/www.uartes.edu.ec\/sitio\/blog\/author\/ccortez\/"},"publishpress_future_workflow_manual_trigger":{"enabledWorkflows":[]},"distributor_meta":false,"distributor_terms":false,"distributor_media":false,"distributor_original_site_name":"Universidad de las Artes","distributor_original_site_url":"https:\/\/www.uartes.edu.ec\/sitio","push-errors":false,"_links":{"self":[{"href":"https:\/\/www.uartes.edu.ec\/sitio\/wp-json\/wp\/v2\/posts\/23666","targetHints":{"allow":["GET"]}}],"collection":[{"href":"https:\/\/www.uartes.edu.ec\/sitio\/wp-json\/wp\/v2\/posts"}],"about":[{"href":"https:\/\/www.uartes.edu.ec\/sitio\/wp-json\/wp\/v2\/types\/post"}],"author":[{"embeddable":true,"href":"https:\/\/www.uartes.edu.ec\/sitio\/wp-json\/wp\/v2\/users\/10"}],"replies":[{"embeddable":true,"href":"https:\/\/www.uartes.edu.ec\/sitio\/wp-json\/wp\/v2\/comments?post=23666"}],"version-history":[{"count":5,"href":"https:\/\/www.uartes.edu.ec\/sitio\/wp-json\/wp\/v2\/posts\/23666\/revisions"}],"predecessor-version":[{"id":23679,"href":"https:\/\/www.uartes.edu.ec\/sitio\/wp-json\/wp\/v2\/posts\/23666\/revisions\/23679"}],"wp:featuredmedia":[{"embeddable":true,"href":"https:\/\/www.uartes.edu.ec\/sitio\/wp-json\/wp\/v2\/media\/23668"}],"wp:attachment":[{"href":"https:\/\/www.uartes.edu.ec\/sitio\/wp-json\/wp\/v2\/media?parent=23666"}],"wp:term":[{"taxonomy":"category","embeddable":true,"href":"https:\/\/www.uartes.edu.ec\/sitio\/wp-json\/wp\/v2\/categories?post=23666"},{"taxonomy":"post_tag","embeddable":true,"href":"https:\/\/www.uartes.edu.ec\/sitio\/wp-json\/wp\/v2\/tags?post=23666"},{"taxonomy":"infouartes","embeddable":true,"href":"https:\/\/www.uartes.edu.ec\/sitio\/wp-json\/wp\/v2\/infouartes?post=23666"}],"curies":[{"name":"wp","href":"https:\/\/api.w.org\/{rel}","templated":true}]}}