{"id":25306,"date":"2022-07-26T10:11:00","date_gmt":"2022-07-26T15:11:00","guid":{"rendered":"http:\/\/www.uartes.edu.ec\/sitio\/?p=25306"},"modified":"2024-07-04T11:23:17","modified_gmt":"2024-07-04T16:23:17","slug":"ludica-experimental-artistica-cultural-y-comunitariaasi-y-mas-es-nuestra-radio-uartes-sintonizala-via-online","status":"publish","type":"post","link":"https:\/\/www.uartes.edu.ec\/sitio\/blog\/2022\/07\/26\/ludica-experimental-artistica-cultural-y-comunitariaasi-y-mas-es-nuestra-radio-uartes-sintonizala-via-online\/","title":{"rendered":"L\u00fadica, experimental, art\u00edstica, cultural y comunitaria, Radio UArtes se instala en la internet y plantea muchos retos"},"content":{"rendered":"\n<p>Las intervenciones del rector de la Universidad de las Artes, doctor William Herrera, y de la vicerrectora de Posgrados e Investigaci\u00f3n en Artes, doctora Olga L\u00f3pez, dieron inicio este viernes 22 de julio a la inauguraci\u00f3n de Radio UArtes, medio de comunicaci\u00f3n universitario online de car\u00e1cter l\u00fadico, experimental, educativo y pedag\u00f3gico, enfocado en temas art\u00edsticos, culturales y comunitarios.<\/p>\n\n\n\n<p>En las palabras de nuestras autoridades hubo la emoci\u00f3n no solo por cristalizar un proyecto que debi\u00f3 ser reactivado, sino por los retos de una radio online cuya materia prima, tal y como lo se\u00f1ala uno de los once puntos de su Manifiesto, ser\u00e1n la palabra, la voz, la m\u00fasica y lo sonoro.<\/p>\n\n\n\n<p>Dami\u00e1n Rosero, licenciado en Artes Musicales por la Escuela de Artes Sonoras y funcionario de la Direcci\u00f3n de Comunicaci\u00f3n (DIRCOM), fue quien hizo las presentaciones y moder\u00f3 luego un conversatorio v\u00eda zoom con el invitado internacional: el colombiano Omar Rinc\u00f3n, acad\u00e9mico e investigador en temas de cultura medi\u00e1tica y periodismo, quien entabl\u00f3 el di\u00e1logo con Ybelice Brice\u00f1o, directora de Pol\u00edticas de Investigaci\u00f3n; Mar\u00eda Auxiliadora Alem\u00e1n, del Instituto Latinoamericano de Investigaci\u00f3n en Artes; y, \u00c1ngela Arboleda, gestora cultural y docente UArtes.<\/p>\n\n\n<div class=\"wp-block-image\">\n<figure class=\"aligncenter size-large\"><img fetchpriority=\"high\" decoding=\"async\" width=\"644\" height=\"429\" src=\"http:\/\/www.uartes.edu.ec\/sitio\/wp-content\/uploads\/2022\/07\/03-INAUGURACION-RADIO-UARTES-644x429.jpg\" alt=\"\" class=\"wp-image-25324\" srcset=\"https:\/\/www.uartes.edu.ec\/sitio\/wp-content\/uploads\/2022\/07\/03-INAUGURACION-RADIO-UARTES-644x429.jpg 644w, https:\/\/www.uartes.edu.ec\/sitio\/wp-content\/uploads\/2022\/07\/03-INAUGURACION-RADIO-UARTES-300x200.jpg 300w, https:\/\/www.uartes.edu.ec\/sitio\/wp-content\/uploads\/2022\/07\/03-INAUGURACION-RADIO-UARTES-768x512.jpg 768w, https:\/\/www.uartes.edu.ec\/sitio\/wp-content\/uploads\/2022\/07\/03-INAUGURACION-RADIO-UARTES-1536x1024.jpg 1536w, https:\/\/www.uartes.edu.ec\/sitio\/wp-content\/uploads\/2022\/07\/03-INAUGURACION-RADIO-UARTES-600x400.jpg 600w, https:\/\/www.uartes.edu.ec\/sitio\/wp-content\/uploads\/2022\/07\/03-INAUGURACION-RADIO-UARTES-400x267.jpg 400w, https:\/\/www.uartes.edu.ec\/sitio\/wp-content\/uploads\/2022\/07\/03-INAUGURACION-RADIO-UARTES-272x182.jpg 272w, https:\/\/www.uartes.edu.ec\/sitio\/wp-content\/uploads\/2022\/07\/03-INAUGURACION-RADIO-UARTES.jpg 2000w\" sizes=\"(max-width: 644px) 100vw, 644px\" \/><\/figure>\n<\/div>\n\n<div class=\"wp-block-image\">\n<figure class=\"aligncenter size-large\"><img decoding=\"async\" width=\"644\" height=\"429\" src=\"http:\/\/www.uartes.edu.ec\/sitio\/wp-content\/uploads\/2022\/07\/04-INAUGURACION-RADIO-UARTES-644x429.jpg\" alt=\"\" class=\"wp-image-25325\" srcset=\"https:\/\/www.uartes.edu.ec\/sitio\/wp-content\/uploads\/2022\/07\/04-INAUGURACION-RADIO-UARTES-644x429.jpg 644w, https:\/\/www.uartes.edu.ec\/sitio\/wp-content\/uploads\/2022\/07\/04-INAUGURACION-RADIO-UARTES-300x200.jpg 300w, https:\/\/www.uartes.edu.ec\/sitio\/wp-content\/uploads\/2022\/07\/04-INAUGURACION-RADIO-UARTES-768x512.jpg 768w, https:\/\/www.uartes.edu.ec\/sitio\/wp-content\/uploads\/2022\/07\/04-INAUGURACION-RADIO-UARTES-1536x1024.jpg 1536w, https:\/\/www.uartes.edu.ec\/sitio\/wp-content\/uploads\/2022\/07\/04-INAUGURACION-RADIO-UARTES-600x400.jpg 600w, https:\/\/www.uartes.edu.ec\/sitio\/wp-content\/uploads\/2022\/07\/04-INAUGURACION-RADIO-UARTES-400x267.jpg 400w, https:\/\/www.uartes.edu.ec\/sitio\/wp-content\/uploads\/2022\/07\/04-INAUGURACION-RADIO-UARTES-272x182.jpg 272w, https:\/\/www.uartes.edu.ec\/sitio\/wp-content\/uploads\/2022\/07\/04-INAUGURACION-RADIO-UARTES.jpg 2000w\" sizes=\"(max-width: 644px) 100vw, 644px\" \/><\/figure>\n<\/div>\n\n\n<p>Antes de este enriquecedor intercambio de experiencias y de exponer los contenidos, retos y prop\u00f3sitos de Radio UArtes, Rosero comparti\u00f3 su experiencia en el proceso de reactivaci\u00f3n que impuls\u00f3 el rector William Herrera y cuya direcci\u00f3n y supervisi\u00f3n le fue encomendada a la vicerrectora Olga L\u00f3pez. El alumnus destac\u00f3, asimismo, la colaboraci\u00f3n recibida de estudiantes, docentes y administrativos.<\/p>\n\n\n\n<p>El acto inaugural tuvo lugar en la Plaza P\u00fablica del Centro de Producci\u00f3n e Innovaci\u00f3n MZ14, edificio patrimonial desde donde Radio UArtes realizar\u00e1 sus transmisiones v\u00eda online. Los artistas Nicol\u00e1s Ajila y Jos\u00e9 Brito, la agrupaci\u00f3n Carnada Carmes\u00ed y el DJ Quetzal de Salsa, \u00c1ngel Emilio Hidalgo, docente de la UArtes dieron luego el marco musical a la cita.<\/p>\n\n\n\n<h3 class=\"wp-block-heading\"><strong>Con las \u201cFrecuencias de lo sensible\u201d<\/strong><\/h3>\n\n\n\n<p>\u201cFrecuencias de lo sensible\u201d es el eslogan que acompa\u00f1a a Radio UArtes, concebido as\u00ed por ser esta un espacio plural, diverso y de convergencia, un medio que genera nexos, v\u00ednculos y alianzas, que est\u00e1 abierto a todo tipo de discursos art\u00edsticos y est\u00e9ticos, siempre y cuando no atenten contra los derechos de ninguna persona o colectivo.&nbsp;&nbsp;<\/p>\n\n\n\n<p>Rosero indic\u00f3 que, establecida como proyecto de Vinculaci\u00f3n con la Comunidad, los primeros pasos que se dieron para su reactivaci\u00f3n fueron la generaci\u00f3n de elementos de audio para darle identidad sonora, lo cual realiz\u00f3 conjuntamente con Ivonne Jerez, docente de la Escuela de Artes Sonoras. Se fueron desarrollando luego propuestas con los Semilleros de Investigaci\u00f3n y Sesiones de Escucha \u2013podcats que surgieron cuando \u00e9l era estudiante\u2013. A la Sala R\u00eda se le solicit\u00f3 podcats (dirigidos a los ni\u00f1os), al igual que al Observatorio de Pol\u00edticas y Econom\u00eda de la Cultura y a varias instancias de la universidad, a fin de que generaran sus productos.<\/p>\n\n\n\n<p>\u201cHubo una selecci\u00f3n de propuestas, que desde el Semestre B de 2021 se vienen produciendo. En suma, son tres podcats y un programa en vivo los que conforman la programaci\u00f3n de Radio UArtes. Un primer pelda\u00f1o que da comienzo al crecimiento de este importante proyecto institucional\u201d, expres\u00f3 Rosero.<\/p>\n\n\n<div class=\"wp-block-image\">\n<figure class=\"aligncenter size-large\"><img decoding=\"async\" width=\"644\" height=\"429\" src=\"http:\/\/www.uartes.edu.ec\/sitio\/wp-content\/uploads\/2022\/07\/08-INAUGURACION-RADIO-UARTES-644x429.jpg\" alt=\"\" class=\"wp-image-25326\" srcset=\"https:\/\/www.uartes.edu.ec\/sitio\/wp-content\/uploads\/2022\/07\/08-INAUGURACION-RADIO-UARTES-644x429.jpg 644w, https:\/\/www.uartes.edu.ec\/sitio\/wp-content\/uploads\/2022\/07\/08-INAUGURACION-RADIO-UARTES-300x200.jpg 300w, https:\/\/www.uartes.edu.ec\/sitio\/wp-content\/uploads\/2022\/07\/08-INAUGURACION-RADIO-UARTES-768x512.jpg 768w, https:\/\/www.uartes.edu.ec\/sitio\/wp-content\/uploads\/2022\/07\/08-INAUGURACION-RADIO-UARTES-1536x1024.jpg 1536w, https:\/\/www.uartes.edu.ec\/sitio\/wp-content\/uploads\/2022\/07\/08-INAUGURACION-RADIO-UARTES-600x400.jpg 600w, https:\/\/www.uartes.edu.ec\/sitio\/wp-content\/uploads\/2022\/07\/08-INAUGURACION-RADIO-UARTES-400x267.jpg 400w, https:\/\/www.uartes.edu.ec\/sitio\/wp-content\/uploads\/2022\/07\/08-INAUGURACION-RADIO-UARTES-272x182.jpg 272w, https:\/\/www.uartes.edu.ec\/sitio\/wp-content\/uploads\/2022\/07\/08-INAUGURACION-RADIO-UARTES.jpg 2000w\" sizes=\"(max-width: 644px) 100vw, 644px\" \/><\/figure>\n<\/div>\n\n<div class=\"wp-block-image\">\n<figure class=\"aligncenter size-large\"><img loading=\"lazy\" decoding=\"async\" width=\"644\" height=\"429\" src=\"http:\/\/www.uartes.edu.ec\/sitio\/wp-content\/uploads\/2022\/07\/05-INAUGURACION-RADIO-UARTES-644x429.jpg\" alt=\"\" class=\"wp-image-25327\" srcset=\"https:\/\/www.uartes.edu.ec\/sitio\/wp-content\/uploads\/2022\/07\/05-INAUGURACION-RADIO-UARTES-644x429.jpg 644w, https:\/\/www.uartes.edu.ec\/sitio\/wp-content\/uploads\/2022\/07\/05-INAUGURACION-RADIO-UARTES-300x200.jpg 300w, https:\/\/www.uartes.edu.ec\/sitio\/wp-content\/uploads\/2022\/07\/05-INAUGURACION-RADIO-UARTES-768x512.jpg 768w, https:\/\/www.uartes.edu.ec\/sitio\/wp-content\/uploads\/2022\/07\/05-INAUGURACION-RADIO-UARTES-1536x1024.jpg 1536w, https:\/\/www.uartes.edu.ec\/sitio\/wp-content\/uploads\/2022\/07\/05-INAUGURACION-RADIO-UARTES-600x400.jpg 600w, https:\/\/www.uartes.edu.ec\/sitio\/wp-content\/uploads\/2022\/07\/05-INAUGURACION-RADIO-UARTES-400x267.jpg 400w, https:\/\/www.uartes.edu.ec\/sitio\/wp-content\/uploads\/2022\/07\/05-INAUGURACION-RADIO-UARTES-272x182.jpg 272w, https:\/\/www.uartes.edu.ec\/sitio\/wp-content\/uploads\/2022\/07\/05-INAUGURACION-RADIO-UARTES.jpg 2000w\" sizes=\"(max-width: 644px) 100vw, 644px\" \/><\/figure>\n<\/div>\n\n\n<p>Los podcats a los que el alumnus hace referencia son: \u201c<a href=\"http:\/\/radio.uartes.edu.ec\/podcasts\/desde-la-ria\/\">Desde la R\u00eda<\/a>\u201d, &nbsp;dirigido a la infancia. \u201c<a href=\"http:\/\/radio.uartes.edu.ec\/podcasts\/panhispanica-de-dudas\/\">Panhisp\u00e1nica de dudas<\/a>\u201d, pensado para dar voz a la diversidad panhisp\u00e1nica de la universidad; y, \u201c<a href=\"http:\/\/radio.uartes.edu.ec\/podcasts\/sesiones-de-escucha\/\">Sesiones de Escucha<\/a>\u201d, enfocado en el descubrimiento de nuevos universos sonoros.<\/p>\n\n\n\n<p>El programa en vivo se denomina \u201c<a href=\"http:\/\/radio.uartes.edu.ec\/en-vivo\/\">Lim\u00f3n y Son<\/a>\u201d y su propuesta es la de explorar y difundir la sonoridad local. Cada entrega tendr\u00e1, a partir del 1 de agosto que es cuando dar\u00e1 inicio, una tem\u00e1tica que abordar\u00e1 la creaci\u00f3n musical del medio desde diversos puntos de vista. Se podr\u00e1 sintonizar los lunes, de 10:00 a 11:30.<\/p>\n\n\n\n<p>Rosero record\u00f3 que, a manera de prelanzamiento, Radio UArtes hizo sus primeras transmisiones en vivo con entrevistas a varios de los artistas participantes al &#8220;Encuentro de ciudades a trav\u00e9s de las artes Guayaquil-Medell\u00edn&#8221;, realizado en abril pasado, adem\u00e1s de una visita especial.<\/p>\n\n\n\n<p>Radio UArtes cuenta con un comit\u00e9 editorial, el cual estableci\u00f3 el Manifiesto de once puntos mencionado al inicio de este art\u00edculo (abajo el link) y ha extendido una convocatoria (en el enlace el PDF) donde se invita a toda la comunidad universitaria a presentar propuestas de programas en vivo y podcasts.&nbsp;&nbsp;<\/p>\n\n\n\n<p>En im\u00e1genes, las intervenciones del rector de la UArtes, doctor William Herrera; de la vicerrectora de Posgrados e Investigaci\u00f3n en Artes, doctora Olga L\u00f3pez; y, del licenciado en Artes Musicales, Dami\u00e1n Rosero, en la inauguraci\u00f3n de Radio UArtes. En la mesa se encuentran Ybelice Brice\u00f1o, Mar\u00eda Auxiliadora Alem\u00e1n y \u00c1ngela Arboleda, quienes mantuvieron un conversatorio con el colombiano Omar Rinc\u00f3n, acad\u00e9mico e investigador en temas de cultura medi\u00e1tica y periodismo.<\/p>\n\n\n<div class=\"wp-block-image\">\n<figure class=\"aligncenter size-large\"><img loading=\"lazy\" decoding=\"async\" width=\"644\" height=\"429\" src=\"http:\/\/www.uartes.edu.ec\/sitio\/wp-content\/uploads\/2022\/07\/PORTADA-RADIO-UARTES-WEB-644x429.jpg\" alt=\"\" class=\"wp-image-25619\" srcset=\"https:\/\/www.uartes.edu.ec\/sitio\/wp-content\/uploads\/2022\/07\/PORTADA-RADIO-UARTES-WEB-644x429.jpg 644w, https:\/\/www.uartes.edu.ec\/sitio\/wp-content\/uploads\/2022\/07\/PORTADA-RADIO-UARTES-WEB-300x200.jpg 300w, https:\/\/www.uartes.edu.ec\/sitio\/wp-content\/uploads\/2022\/07\/PORTADA-RADIO-UARTES-WEB-768x512.jpg 768w, https:\/\/www.uartes.edu.ec\/sitio\/wp-content\/uploads\/2022\/07\/PORTADA-RADIO-UARTES-WEB-1536x1024.jpg 1536w, https:\/\/www.uartes.edu.ec\/sitio\/wp-content\/uploads\/2022\/07\/PORTADA-RADIO-UARTES-WEB-600x400.jpg 600w, https:\/\/www.uartes.edu.ec\/sitio\/wp-content\/uploads\/2022\/07\/PORTADA-RADIO-UARTES-WEB-400x267.jpg 400w, https:\/\/www.uartes.edu.ec\/sitio\/wp-content\/uploads\/2022\/07\/PORTADA-RADIO-UARTES-WEB-272x182.jpg 272w, https:\/\/www.uartes.edu.ec\/sitio\/wp-content\/uploads\/2022\/07\/PORTADA-RADIO-UARTES-WEB.jpg 2000w\" sizes=\"(max-width: 644px) 100vw, 644px\" \/><\/figure>\n<\/div>\n\n\n<p>Radio UArtes se sintoniza en: <a href=\"http:\/\/radio.uartes.edu.ec\/\">http:\/\/radio.uartes.edu.ec\/<\/a><br>Su Manifiesto en: <a href=\"http:\/\/radio.uartes.edu.ec\/manifiesto\/\">http:\/\/radio.uartes.edu.ec\/manifiesto\/<\/a><br>Formulario de la convocatoria para propuestas de programas y podcats:<br><a href=\"https:\/\/forms.office.com\/Pages\/DesignPageV2.aspx?subpage=design&amp;FormId=hZZSix6jgECbXiLF90S1hZaNWX-CZA9Lm2C7GANVwGtUQ1lNU0lGSzYxWFlRRjFaQ1hRTDBFTDVPSy4u&amp;Token=d467adbd2e8f492ba7d44e866fc6b718\" target=\"_blank\" rel=\"noreferrer noopener\">https:\/\/forms.office.com\/Pages\/DesignPageV2.aspx?subpage=design&amp;FormId=hZZSix6jgECbXiLF90S1hZaNWX-CZA9Lm2C7GANVwGtUQ1lNU0lGSzYxWFlRRjFaQ1hRTDBFTDVPSy4u&amp;Token=d467adbd2e8f492ba7d44e866fc6b718<\/a>&nbsp;<\/p>\n","protected":false},"excerpt":{"rendered":"<p>Radio UArtes es un medio de comunicaci\u00f3n universitario online de car\u00e1cter l\u00fadico, experimental, educativo y pedag\u00f3gico, enfocado en temas art\u00edsticos, culturales y comunitarios. La direcci\u00f3n de su sitio web es http:\/\/radio.uartes.edu.ec\/ y su programaci\u00f3n se emitir\u00e1 desde agosto. Su lanzamiento, presidido por nuestras autoridades, fue el 22 de julio; hubo un conversatorio y presentaciones musicales.<\/p>\n","protected":false},"author":10,"featured_media":25323,"comment_status":"open","ping_status":"open","sticky":false,"template":"","format":"standard","meta":{"_acf_changed":false,"_uag_custom_page_level_css":"","_monsterinsights_skip_tracking":false,"_monsterinsights_sitenote_active":false,"_monsterinsights_sitenote_note":"","_monsterinsights_sitenote_category":0,"cybocfi_hide_featured_image":"","footnotes":""},"categories":[712,80,438,490,75,76,79],"tags":[743],"infouartes":[],"class_list":["post-25306","post","type-post","status-publish","format-standard","has-post-thumbnail","hentry","category-1a","category-academico","category-administrativos","category-alumni","category-docentes","category-estudiantes","category-vinculo","tag-radio-uartes"],"acf":[],"yoast_head":"<!-- This site is optimized with the Yoast SEO plugin v27.4 - https:\/\/yoast.com\/product\/yoast-seo-wordpress\/ -->\n<title>Universidad de las Artes - L\u00fadica, experimental, art\u00edstica, cultural y comunitaria, Radio UArtes se instala en la internet y plantea muchos retos<\/title>\n<meta name=\"description\" content=\"Universidad de las Artes - L\u00fadica, experimental, art\u00edstica, cultural y comunitaria, Radio UArtes se instala en la internet y plantea muchos retos\" \/>\n<meta name=\"robots\" content=\"index, follow, max-snippet:-1, max-image-preview:large, max-video-preview:-1\" \/>\n<link rel=\"canonical\" href=\"https:\/\/www.uartes.edu.ec\/sitio\/blog\/2022\/07\/26\/ludica-experimental-artistica-cultural-y-comunitariaasi-y-mas-es-nuestra-radio-uartes-sintonizala-via-online\/\" \/>\n<meta property=\"og:locale\" content=\"es_ES\" \/>\n<meta property=\"og:type\" content=\"article\" \/>\n<meta property=\"og:title\" content=\"Universidad de las Artes - L\u00fadica, experimental, art\u00edstica, cultural y comunitaria, Radio UArtes se instala en la internet y plantea muchos retos\" \/>\n<meta property=\"og:description\" content=\"Universidad de las Artes - L\u00fadica, experimental, art\u00edstica, cultural y comunitaria, Radio UArtes se instala en la internet y plantea muchos retos\" \/>\n<meta property=\"og:url\" content=\"https:\/\/www.uartes.edu.ec\/sitio\/blog\/2022\/07\/26\/ludica-experimental-artistica-cultural-y-comunitariaasi-y-mas-es-nuestra-radio-uartes-sintonizala-via-online\/\" \/>\n<meta property=\"og:site_name\" content=\"Universidad de las Artes\" \/>\n<meta property=\"article:publisher\" content=\"https:\/\/www.facebook.com\/uartesec\" \/>\n<meta property=\"article:published_time\" content=\"2022-07-26T15:11:00+00:00\" \/>\n<meta property=\"article:modified_time\" content=\"2024-07-04T16:23:17+00:00\" \/>\n<meta property=\"og:image\" content=\"https:\/\/www.uartes.edu.ec\/sitio\/wp-content\/uploads\/2022\/07\/02-INAUGURACION-RADIO-UARTES.jpg\" \/>\n\t<meta property=\"og:image:width\" content=\"2000\" \/>\n\t<meta property=\"og:image:height\" content=\"1333\" \/>\n\t<meta property=\"og:image:type\" content=\"image\/jpeg\" \/>\n<meta name=\"author\" content=\"ccortez\" \/>\n<meta name=\"twitter:card\" content=\"summary_large_image\" \/>\n<meta name=\"twitter:creator\" content=\"@uartesec\" \/>\n<meta name=\"twitter:site\" content=\"@uartesec\" \/>\n<meta name=\"twitter:label1\" content=\"Escrito por\" \/>\n\t<meta name=\"twitter:data1\" content=\"ccortez\" \/>\n\t<meta name=\"twitter:label2\" content=\"Tiempo de lectura\" \/>\n\t<meta name=\"twitter:data2\" content=\"5 minutos\" \/>\n<script type=\"application\/ld+json\" class=\"yoast-schema-graph\">{\"@context\":\"https:\\\/\\\/schema.org\",\"@graph\":[{\"@type\":\"Article\",\"@id\":\"https:\\\/\\\/www.uartes.edu.ec\\\/sitio\\\/blog\\\/2022\\\/07\\\/26\\\/ludica-experimental-artistica-cultural-y-comunitariaasi-y-mas-es-nuestra-radio-uartes-sintonizala-via-online\\\/#article\",\"isPartOf\":{\"@id\":\"https:\\\/\\\/www.uartes.edu.ec\\\/sitio\\\/blog\\\/2022\\\/07\\\/26\\\/ludica-experimental-artistica-cultural-y-comunitariaasi-y-mas-es-nuestra-radio-uartes-sintonizala-via-online\\\/\"},\"author\":{\"name\":\"ccortez\",\"@id\":\"https:\\\/\\\/www.uartes.edu.ec\\\/sitio\\\/#\\\/schema\\\/person\\\/efa1b8275797664fd7f13a79ccc0b1f4\"},\"headline\":\"L\u00fadica, experimental, art\u00edstica, cultural y comunitaria, Radio UArtes se instala en la internet y plantea muchos retos\",\"datePublished\":\"2022-07-26T15:11:00+00:00\",\"dateModified\":\"2024-07-04T16:23:17+00:00\",\"mainEntityOfPage\":{\"@id\":\"https:\\\/\\\/www.uartes.edu.ec\\\/sitio\\\/blog\\\/2022\\\/07\\\/26\\\/ludica-experimental-artistica-cultural-y-comunitariaasi-y-mas-es-nuestra-radio-uartes-sintonizala-via-online\\\/\"},\"wordCount\":942,\"commentCount\":0,\"publisher\":{\"@id\":\"https:\\\/\\\/www.uartes.edu.ec\\\/sitio\\\/#organization\"},\"image\":{\"@id\":\"https:\\\/\\\/www.uartes.edu.ec\\\/sitio\\\/blog\\\/2022\\\/07\\\/26\\\/ludica-experimental-artistica-cultural-y-comunitariaasi-y-mas-es-nuestra-radio-uartes-sintonizala-via-online\\\/#primaryimage\"},\"thumbnailUrl\":\"https:\\\/\\\/www.uartes.edu.ec\\\/sitio\\\/wp-content\\\/uploads\\\/2022\\\/07\\\/02-INAUGURACION-RADIO-UARTES.jpg\",\"keywords\":[\"Radio UArtes\"],\"articleSection\":[\"1A\",\"Acad\u00e9mico\",\"Administrativos\",\"Alumni\",\"Docentes\",\"Estudiantes\",\"V\u00ednculo\"],\"inLanguage\":\"es\",\"potentialAction\":[{\"@type\":\"CommentAction\",\"name\":\"Comment\",\"target\":[\"https:\\\/\\\/www.uartes.edu.ec\\\/sitio\\\/blog\\\/2022\\\/07\\\/26\\\/ludica-experimental-artistica-cultural-y-comunitariaasi-y-mas-es-nuestra-radio-uartes-sintonizala-via-online\\\/#respond\"]}]},{\"@type\":[\"WebPage\",\"ItemPage\"],\"@id\":\"https:\\\/\\\/www.uartes.edu.ec\\\/sitio\\\/blog\\\/2022\\\/07\\\/26\\\/ludica-experimental-artistica-cultural-y-comunitariaasi-y-mas-es-nuestra-radio-uartes-sintonizala-via-online\\\/\",\"url\":\"https:\\\/\\\/www.uartes.edu.ec\\\/sitio\\\/blog\\\/2022\\\/07\\\/26\\\/ludica-experimental-artistica-cultural-y-comunitariaasi-y-mas-es-nuestra-radio-uartes-sintonizala-via-online\\\/\",\"name\":\"Universidad de las Artes - L\u00fadica, experimental, art\u00edstica, cultural y comunitaria, Radio UArtes se instala en la internet y plantea muchos retos\",\"isPartOf\":{\"@id\":\"https:\\\/\\\/www.uartes.edu.ec\\\/sitio\\\/#website\"},\"primaryImageOfPage\":{\"@id\":\"https:\\\/\\\/www.uartes.edu.ec\\\/sitio\\\/blog\\\/2022\\\/07\\\/26\\\/ludica-experimental-artistica-cultural-y-comunitariaasi-y-mas-es-nuestra-radio-uartes-sintonizala-via-online\\\/#primaryimage\"},\"image\":{\"@id\":\"https:\\\/\\\/www.uartes.edu.ec\\\/sitio\\\/blog\\\/2022\\\/07\\\/26\\\/ludica-experimental-artistica-cultural-y-comunitariaasi-y-mas-es-nuestra-radio-uartes-sintonizala-via-online\\\/#primaryimage\"},\"thumbnailUrl\":\"https:\\\/\\\/www.uartes.edu.ec\\\/sitio\\\/wp-content\\\/uploads\\\/2022\\\/07\\\/02-INAUGURACION-RADIO-UARTES.jpg\",\"datePublished\":\"2022-07-26T15:11:00+00:00\",\"dateModified\":\"2024-07-04T16:23:17+00:00\",\"description\":\"Universidad de las Artes - L\u00fadica, experimental, art\u00edstica, cultural y comunitaria, Radio UArtes se instala en la internet y plantea muchos retos\",\"breadcrumb\":{\"@id\":\"https:\\\/\\\/www.uartes.edu.ec\\\/sitio\\\/blog\\\/2022\\\/07\\\/26\\\/ludica-experimental-artistica-cultural-y-comunitariaasi-y-mas-es-nuestra-radio-uartes-sintonizala-via-online\\\/#breadcrumb\"},\"inLanguage\":\"es\",\"potentialAction\":[{\"@type\":\"ReadAction\",\"target\":[\"https:\\\/\\\/www.uartes.edu.ec\\\/sitio\\\/blog\\\/2022\\\/07\\\/26\\\/ludica-experimental-artistica-cultural-y-comunitariaasi-y-mas-es-nuestra-radio-uartes-sintonizala-via-online\\\/\"]}]},{\"@type\":\"ImageObject\",\"inLanguage\":\"es\",\"@id\":\"https:\\\/\\\/www.uartes.edu.ec\\\/sitio\\\/blog\\\/2022\\\/07\\\/26\\\/ludica-experimental-artistica-cultural-y-comunitariaasi-y-mas-es-nuestra-radio-uartes-sintonizala-via-online\\\/#primaryimage\",\"url\":\"https:\\\/\\\/www.uartes.edu.ec\\\/sitio\\\/wp-content\\\/uploads\\\/2022\\\/07\\\/02-INAUGURACION-RADIO-UARTES.jpg\",\"contentUrl\":\"https:\\\/\\\/www.uartes.edu.ec\\\/sitio\\\/wp-content\\\/uploads\\\/2022\\\/07\\\/02-INAUGURACION-RADIO-UARTES.jpg\",\"width\":2000,\"height\":1333},{\"@type\":\"BreadcrumbList\",\"@id\":\"https:\\\/\\\/www.uartes.edu.ec\\\/sitio\\\/blog\\\/2022\\\/07\\\/26\\\/ludica-experimental-artistica-cultural-y-comunitariaasi-y-mas-es-nuestra-radio-uartes-sintonizala-via-online\\\/#breadcrumb\",\"itemListElement\":[{\"@type\":\"ListItem\",\"position\":1,\"name\":\"Inicio\",\"item\":\"https:\\\/\\\/www.uartes.edu.ec\\\/sitio\\\/\"},{\"@type\":\"ListItem\",\"position\":2,\"name\":\"L\u00fadica, experimental, art\u00edstica, cultural y comunitaria, Radio UArtes se instala en la internet y plantea muchos retos\"}]},{\"@type\":\"WebSite\",\"@id\":\"https:\\\/\\\/www.uartes.edu.ec\\\/sitio\\\/#website\",\"url\":\"https:\\\/\\\/www.uartes.edu.ec\\\/sitio\\\/\",\"name\":\"Universidad de las Artes\",\"description\":\"Sitio oficial de la Universidad Nacional de las Artes del Ecuador\",\"publisher\":{\"@id\":\"https:\\\/\\\/www.uartes.edu.ec\\\/sitio\\\/#organization\"},\"potentialAction\":[{\"@type\":\"SearchAction\",\"target\":{\"@type\":\"EntryPoint\",\"urlTemplate\":\"https:\\\/\\\/www.uartes.edu.ec\\\/sitio\\\/?s={search_term_string}\"},\"query-input\":{\"@type\":\"PropertyValueSpecification\",\"valueRequired\":true,\"valueName\":\"search_term_string\"}}],\"inLanguage\":\"es\"},{\"@type\":\"Organization\",\"@id\":\"https:\\\/\\\/www.uartes.edu.ec\\\/sitio\\\/#organization\",\"name\":\"Universidad de las Artes\",\"url\":\"https:\\\/\\\/www.uartes.edu.ec\\\/sitio\\\/\",\"logo\":{\"@type\":\"ImageObject\",\"inLanguage\":\"es\",\"@id\":\"https:\\\/\\\/www.uartes.edu.ec\\\/sitio\\\/#\\\/schema\\\/logo\\\/image\\\/\",\"url\":\"https:\\\/\\\/www.uartes.edu.ec\\\/sitio\\\/wp-content\\\/uploads\\\/2022\\\/07\\\/logo-ua-horizontal.png\",\"contentUrl\":\"https:\\\/\\\/www.uartes.edu.ec\\\/sitio\\\/wp-content\\\/uploads\\\/2022\\\/07\\\/logo-ua-horizontal.png\",\"width\":800,\"height\":276,\"caption\":\"Universidad de las Artes\"},\"image\":{\"@id\":\"https:\\\/\\\/www.uartes.edu.ec\\\/sitio\\\/#\\\/schema\\\/logo\\\/image\\\/\"},\"sameAs\":[\"https:\\\/\\\/www.facebook.com\\\/uartesec\",\"https:\\\/\\\/x.com\\\/uartesec\",\"https:\\\/\\\/www.tiktok.com\\\/@uartesec\"]},{\"@type\":\"Person\",\"@id\":\"https:\\\/\\\/www.uartes.edu.ec\\\/sitio\\\/#\\\/schema\\\/person\\\/efa1b8275797664fd7f13a79ccc0b1f4\",\"name\":\"ccortez\",\"image\":{\"@type\":\"ImageObject\",\"inLanguage\":\"es\",\"@id\":\"https:\\\/\\\/secure.gravatar.com\\\/avatar\\\/b2a6f664a3ae8e074346ef91775736c5ec479e637ecced6842de9dc98b5da9cd?s=96&d=mm&r=g\",\"url\":\"https:\\\/\\\/secure.gravatar.com\\\/avatar\\\/b2a6f664a3ae8e074346ef91775736c5ec479e637ecced6842de9dc98b5da9cd?s=96&d=mm&r=g\",\"contentUrl\":\"https:\\\/\\\/secure.gravatar.com\\\/avatar\\\/b2a6f664a3ae8e074346ef91775736c5ec479e637ecced6842de9dc98b5da9cd?s=96&d=mm&r=g\",\"caption\":\"ccortez\"},\"url\":\"https:\\\/\\\/www.uartes.edu.ec\\\/sitio\\\/blog\\\/author\\\/ccortez\\\/\"}]}<\/script>\n<!-- \/ Yoast SEO plugin. -->","yoast_head_json":{"title":"Universidad de las Artes - L\u00fadica, experimental, art\u00edstica, cultural y comunitaria, Radio UArtes se instala en la internet y plantea muchos retos","description":"Universidad de las Artes - L\u00fadica, experimental, art\u00edstica, cultural y comunitaria, Radio UArtes se instala en la internet y plantea muchos retos","robots":{"index":"index","follow":"follow","max-snippet":"max-snippet:-1","max-image-preview":"max-image-preview:large","max-video-preview":"max-video-preview:-1"},"canonical":"https:\/\/www.uartes.edu.ec\/sitio\/blog\/2022\/07\/26\/ludica-experimental-artistica-cultural-y-comunitariaasi-y-mas-es-nuestra-radio-uartes-sintonizala-via-online\/","og_locale":"es_ES","og_type":"article","og_title":"Universidad de las Artes - L\u00fadica, experimental, art\u00edstica, cultural y comunitaria, Radio UArtes se instala en la internet y plantea muchos retos","og_description":"Universidad de las Artes - L\u00fadica, experimental, art\u00edstica, cultural y comunitaria, Radio UArtes se instala en la internet y plantea muchos retos","og_url":"https:\/\/www.uartes.edu.ec\/sitio\/blog\/2022\/07\/26\/ludica-experimental-artistica-cultural-y-comunitariaasi-y-mas-es-nuestra-radio-uartes-sintonizala-via-online\/","og_site_name":"Universidad de las Artes","article_publisher":"https:\/\/www.facebook.com\/uartesec","article_published_time":"2022-07-26T15:11:00+00:00","article_modified_time":"2024-07-04T16:23:17+00:00","og_image":[{"width":2000,"height":1333,"url":"https:\/\/www.uartes.edu.ec\/sitio\/wp-content\/uploads\/2022\/07\/02-INAUGURACION-RADIO-UARTES.jpg","type":"image\/jpeg"}],"author":"ccortez","twitter_card":"summary_large_image","twitter_creator":"@uartesec","twitter_site":"@uartesec","twitter_misc":{"Escrito por":"ccortez","Tiempo de lectura":"5 minutos"},"schema":{"@context":"https:\/\/schema.org","@graph":[{"@type":"Article","@id":"https:\/\/www.uartes.edu.ec\/sitio\/blog\/2022\/07\/26\/ludica-experimental-artistica-cultural-y-comunitariaasi-y-mas-es-nuestra-radio-uartes-sintonizala-via-online\/#article","isPartOf":{"@id":"https:\/\/www.uartes.edu.ec\/sitio\/blog\/2022\/07\/26\/ludica-experimental-artistica-cultural-y-comunitariaasi-y-mas-es-nuestra-radio-uartes-sintonizala-via-online\/"},"author":{"name":"ccortez","@id":"https:\/\/www.uartes.edu.ec\/sitio\/#\/schema\/person\/efa1b8275797664fd7f13a79ccc0b1f4"},"headline":"L\u00fadica, experimental, art\u00edstica, cultural y comunitaria, Radio UArtes se instala en la internet y plantea muchos retos","datePublished":"2022-07-26T15:11:00+00:00","dateModified":"2024-07-04T16:23:17+00:00","mainEntityOfPage":{"@id":"https:\/\/www.uartes.edu.ec\/sitio\/blog\/2022\/07\/26\/ludica-experimental-artistica-cultural-y-comunitariaasi-y-mas-es-nuestra-radio-uartes-sintonizala-via-online\/"},"wordCount":942,"commentCount":0,"publisher":{"@id":"https:\/\/www.uartes.edu.ec\/sitio\/#organization"},"image":{"@id":"https:\/\/www.uartes.edu.ec\/sitio\/blog\/2022\/07\/26\/ludica-experimental-artistica-cultural-y-comunitariaasi-y-mas-es-nuestra-radio-uartes-sintonizala-via-online\/#primaryimage"},"thumbnailUrl":"https:\/\/www.uartes.edu.ec\/sitio\/wp-content\/uploads\/2022\/07\/02-INAUGURACION-RADIO-UARTES.jpg","keywords":["Radio UArtes"],"articleSection":["1A","Acad\u00e9mico","Administrativos","Alumni","Docentes","Estudiantes","V\u00ednculo"],"inLanguage":"es","potentialAction":[{"@type":"CommentAction","name":"Comment","target":["https:\/\/www.uartes.edu.ec\/sitio\/blog\/2022\/07\/26\/ludica-experimental-artistica-cultural-y-comunitariaasi-y-mas-es-nuestra-radio-uartes-sintonizala-via-online\/#respond"]}]},{"@type":["WebPage","ItemPage"],"@id":"https:\/\/www.uartes.edu.ec\/sitio\/blog\/2022\/07\/26\/ludica-experimental-artistica-cultural-y-comunitariaasi-y-mas-es-nuestra-radio-uartes-sintonizala-via-online\/","url":"https:\/\/www.uartes.edu.ec\/sitio\/blog\/2022\/07\/26\/ludica-experimental-artistica-cultural-y-comunitariaasi-y-mas-es-nuestra-radio-uartes-sintonizala-via-online\/","name":"Universidad de las Artes - L\u00fadica, experimental, art\u00edstica, cultural y comunitaria, Radio UArtes se instala en la internet y plantea muchos retos","isPartOf":{"@id":"https:\/\/www.uartes.edu.ec\/sitio\/#website"},"primaryImageOfPage":{"@id":"https:\/\/www.uartes.edu.ec\/sitio\/blog\/2022\/07\/26\/ludica-experimental-artistica-cultural-y-comunitariaasi-y-mas-es-nuestra-radio-uartes-sintonizala-via-online\/#primaryimage"},"image":{"@id":"https:\/\/www.uartes.edu.ec\/sitio\/blog\/2022\/07\/26\/ludica-experimental-artistica-cultural-y-comunitariaasi-y-mas-es-nuestra-radio-uartes-sintonizala-via-online\/#primaryimage"},"thumbnailUrl":"https:\/\/www.uartes.edu.ec\/sitio\/wp-content\/uploads\/2022\/07\/02-INAUGURACION-RADIO-UARTES.jpg","datePublished":"2022-07-26T15:11:00+00:00","dateModified":"2024-07-04T16:23:17+00:00","description":"Universidad de las Artes - L\u00fadica, experimental, art\u00edstica, cultural y comunitaria, Radio UArtes se instala en la internet y plantea muchos retos","breadcrumb":{"@id":"https:\/\/www.uartes.edu.ec\/sitio\/blog\/2022\/07\/26\/ludica-experimental-artistica-cultural-y-comunitariaasi-y-mas-es-nuestra-radio-uartes-sintonizala-via-online\/#breadcrumb"},"inLanguage":"es","potentialAction":[{"@type":"ReadAction","target":["https:\/\/www.uartes.edu.ec\/sitio\/blog\/2022\/07\/26\/ludica-experimental-artistica-cultural-y-comunitariaasi-y-mas-es-nuestra-radio-uartes-sintonizala-via-online\/"]}]},{"@type":"ImageObject","inLanguage":"es","@id":"https:\/\/www.uartes.edu.ec\/sitio\/blog\/2022\/07\/26\/ludica-experimental-artistica-cultural-y-comunitariaasi-y-mas-es-nuestra-radio-uartes-sintonizala-via-online\/#primaryimage","url":"https:\/\/www.uartes.edu.ec\/sitio\/wp-content\/uploads\/2022\/07\/02-INAUGURACION-RADIO-UARTES.jpg","contentUrl":"https:\/\/www.uartes.edu.ec\/sitio\/wp-content\/uploads\/2022\/07\/02-INAUGURACION-RADIO-UARTES.jpg","width":2000,"height":1333},{"@type":"BreadcrumbList","@id":"https:\/\/www.uartes.edu.ec\/sitio\/blog\/2022\/07\/26\/ludica-experimental-artistica-cultural-y-comunitariaasi-y-mas-es-nuestra-radio-uartes-sintonizala-via-online\/#breadcrumb","itemListElement":[{"@type":"ListItem","position":1,"name":"Inicio","item":"https:\/\/www.uartes.edu.ec\/sitio\/"},{"@type":"ListItem","position":2,"name":"L\u00fadica, experimental, art\u00edstica, cultural y comunitaria, Radio UArtes se instala en la internet y plantea muchos retos"}]},{"@type":"WebSite","@id":"https:\/\/www.uartes.edu.ec\/sitio\/#website","url":"https:\/\/www.uartes.edu.ec\/sitio\/","name":"Universidad de las Artes","description":"Sitio oficial de la Universidad Nacional de las Artes del Ecuador","publisher":{"@id":"https:\/\/www.uartes.edu.ec\/sitio\/#organization"},"potentialAction":[{"@type":"SearchAction","target":{"@type":"EntryPoint","urlTemplate":"https:\/\/www.uartes.edu.ec\/sitio\/?s={search_term_string}"},"query-input":{"@type":"PropertyValueSpecification","valueRequired":true,"valueName":"search_term_string"}}],"inLanguage":"es"},{"@type":"Organization","@id":"https:\/\/www.uartes.edu.ec\/sitio\/#organization","name":"Universidad de las Artes","url":"https:\/\/www.uartes.edu.ec\/sitio\/","logo":{"@type":"ImageObject","inLanguage":"es","@id":"https:\/\/www.uartes.edu.ec\/sitio\/#\/schema\/logo\/image\/","url":"https:\/\/www.uartes.edu.ec\/sitio\/wp-content\/uploads\/2022\/07\/logo-ua-horizontal.png","contentUrl":"https:\/\/www.uartes.edu.ec\/sitio\/wp-content\/uploads\/2022\/07\/logo-ua-horizontal.png","width":800,"height":276,"caption":"Universidad de las Artes"},"image":{"@id":"https:\/\/www.uartes.edu.ec\/sitio\/#\/schema\/logo\/image\/"},"sameAs":["https:\/\/www.facebook.com\/uartesec","https:\/\/x.com\/uartesec","https:\/\/www.tiktok.com\/@uartesec"]},{"@type":"Person","@id":"https:\/\/www.uartes.edu.ec\/sitio\/#\/schema\/person\/efa1b8275797664fd7f13a79ccc0b1f4","name":"ccortez","image":{"@type":"ImageObject","inLanguage":"es","@id":"https:\/\/secure.gravatar.com\/avatar\/b2a6f664a3ae8e074346ef91775736c5ec479e637ecced6842de9dc98b5da9cd?s=96&d=mm&r=g","url":"https:\/\/secure.gravatar.com\/avatar\/b2a6f664a3ae8e074346ef91775736c5ec479e637ecced6842de9dc98b5da9cd?s=96&d=mm&r=g","contentUrl":"https:\/\/secure.gravatar.com\/avatar\/b2a6f664a3ae8e074346ef91775736c5ec479e637ecced6842de9dc98b5da9cd?s=96&d=mm&r=g","caption":"ccortez"},"url":"https:\/\/www.uartes.edu.ec\/sitio\/blog\/author\/ccortez\/"}]}},"uagb_featured_image_src":{"full":["https:\/\/www.uartes.edu.ec\/sitio\/wp-content\/uploads\/2022\/07\/02-INAUGURACION-RADIO-UARTES.jpg",2000,1333,false],"thumbnail":["https:\/\/www.uartes.edu.ec\/sitio\/wp-content\/uploads\/2022\/07\/02-INAUGURACION-RADIO-UARTES-150x150.jpg",150,150,true],"medium":["https:\/\/www.uartes.edu.ec\/sitio\/wp-content\/uploads\/2022\/07\/02-INAUGURACION-RADIO-UARTES-300x200.jpg",300,200,true],"medium_large":["https:\/\/www.uartes.edu.ec\/sitio\/wp-content\/uploads\/2022\/07\/02-INAUGURACION-RADIO-UARTES-768x512.jpg",768,512,true],"large":["https:\/\/www.uartes.edu.ec\/sitio\/wp-content\/uploads\/2022\/07\/02-INAUGURACION-RADIO-UARTES-644x429.jpg",644,429,true],"1536x1536":["https:\/\/www.uartes.edu.ec\/sitio\/wp-content\/uploads\/2022\/07\/02-INAUGURACION-RADIO-UARTES-1536x1024.jpg",1536,1024,true],"2048x2048":["https:\/\/www.uartes.edu.ec\/sitio\/wp-content\/uploads\/2022\/07\/02-INAUGURACION-RADIO-UARTES.jpg",2000,1333,false],"trp-custom-language-flag":["https:\/\/www.uartes.edu.ec\/sitio\/wp-content\/uploads\/2022\/07\/02-INAUGURACION-RADIO-UARTES.jpg",18,12,false],"htmega_size_585x295":["https:\/\/www.uartes.edu.ec\/sitio\/wp-content\/uploads\/2022\/07\/02-INAUGURACION-RADIO-UARTES.jpg",443,295,false],"htmega_size_1170x536":["https:\/\/www.uartes.edu.ec\/sitio\/wp-content\/uploads\/2022\/07\/02-INAUGURACION-RADIO-UARTES.jpg",804,536,false],"htmega_size_396x360":["https:\/\/www.uartes.edu.ec\/sitio\/wp-content\/uploads\/2022\/07\/02-INAUGURACION-RADIO-UARTES.jpg",396,264,false],"gb-block-post-grid-landscape":["https:\/\/www.uartes.edu.ec\/sitio\/wp-content\/uploads\/2022\/07\/02-INAUGURACION-RADIO-UARTES-600x400.jpg",600,400,true],"gb-block-post-grid-square":["https:\/\/www.uartes.edu.ec\/sitio\/wp-content\/uploads\/2022\/07\/02-INAUGURACION-RADIO-UARTES-600x600.jpg",600,600,true],"university-hub-thumb":["https:\/\/www.uartes.edu.ec\/sitio\/wp-content\/uploads\/2022\/07\/02-INAUGURACION-RADIO-UARTES-400x267.jpg",400,267,true]},"uagb_author_info":{"display_name":"ccortez","author_link":"https:\/\/www.uartes.edu.ec\/sitio\/blog\/author\/ccortez\/"},"uagb_comment_info":0,"uagb_excerpt":"Radio UArtes es un medio de comunicaci\u00f3n universitario online de car\u00e1cter l\u00fadico, experimental, educativo y pedag\u00f3gico, enfocado en temas art\u00edsticos, culturales y comunitarios. La direcci\u00f3n de su sitio web es http:\/\/radio.uartes.edu.ec\/ y su programaci\u00f3n se emitir\u00e1 desde agosto. Su lanzamiento, presidido por nuestras autoridades, fue el 22 de julio; hubo un conversatorio y presentaciones musicales.","featured_image_src":"https:\/\/www.uartes.edu.ec\/sitio\/wp-content\/uploads\/2022\/07\/02-INAUGURACION-RADIO-UARTES-600x400.jpg","featured_image_src_square":"https:\/\/www.uartes.edu.ec\/sitio\/wp-content\/uploads\/2022\/07\/02-INAUGURACION-RADIO-UARTES-600x600.jpg","author_info":{"display_name":"ccortez","author_link":"https:\/\/www.uartes.edu.ec\/sitio\/blog\/author\/ccortez\/"},"publishpress_future_workflow_manual_trigger":{"enabledWorkflows":[]},"distributor_meta":false,"distributor_terms":false,"distributor_media":false,"distributor_original_site_name":"Universidad de las Artes","distributor_original_site_url":"https:\/\/www.uartes.edu.ec\/sitio","push-errors":false,"_links":{"self":[{"href":"https:\/\/www.uartes.edu.ec\/sitio\/wp-json\/wp\/v2\/posts\/25306","targetHints":{"allow":["GET"]}}],"collection":[{"href":"https:\/\/www.uartes.edu.ec\/sitio\/wp-json\/wp\/v2\/posts"}],"about":[{"href":"https:\/\/www.uartes.edu.ec\/sitio\/wp-json\/wp\/v2\/types\/post"}],"author":[{"embeddable":true,"href":"https:\/\/www.uartes.edu.ec\/sitio\/wp-json\/wp\/v2\/users\/10"}],"replies":[{"embeddable":true,"href":"https:\/\/www.uartes.edu.ec\/sitio\/wp-json\/wp\/v2\/comments?post=25306"}],"version-history":[{"count":17,"href":"https:\/\/www.uartes.edu.ec\/sitio\/wp-json\/wp\/v2\/posts\/25306\/revisions"}],"predecessor-version":[{"id":25879,"href":"https:\/\/www.uartes.edu.ec\/sitio\/wp-json\/wp\/v2\/posts\/25306\/revisions\/25879"}],"wp:featuredmedia":[{"embeddable":true,"href":"https:\/\/www.uartes.edu.ec\/sitio\/wp-json\/wp\/v2\/media\/25323"}],"wp:attachment":[{"href":"https:\/\/www.uartes.edu.ec\/sitio\/wp-json\/wp\/v2\/media?parent=25306"}],"wp:term":[{"taxonomy":"category","embeddable":true,"href":"https:\/\/www.uartes.edu.ec\/sitio\/wp-json\/wp\/v2\/categories?post=25306"},{"taxonomy":"post_tag","embeddable":true,"href":"https:\/\/www.uartes.edu.ec\/sitio\/wp-json\/wp\/v2\/tags?post=25306"},{"taxonomy":"infouartes","embeddable":true,"href":"https:\/\/www.uartes.edu.ec\/sitio\/wp-json\/wp\/v2\/infouartes?post=25306"}],"curies":[{"name":"wp","href":"https:\/\/api.w.org\/{rel}","templated":true}]}}