{"id":26001,"date":"2022-08-03T18:41:00","date_gmt":"2022-08-03T23:41:00","guid":{"rendered":"http:\/\/www.uartes.edu.ec\/sitio\/?p=26001"},"modified":"2024-07-04T11:23:13","modified_gmt":"2024-07-04T16:23:13","slug":"un-recorrido-por-una-minga-multimedia-de-arte-ytecnologia-que-lleva-a-pensar-en-otros-mundos-posibles","status":"publish","type":"post","link":"https:\/\/www.uartes.edu.ec\/sitio\/blog\/2022\/08\/03\/un-recorrido-por-una-minga-multimedia-de-arte-ytecnologia-que-lleva-a-pensar-en-otros-mundos-posibles\/","title":{"rendered":"Un recorrido por mMAT nos lleva a pensar en otros mundos posibles"},"content":{"rendered":"\n<p>Las exposiciones de la Galer\u00eda 4ta. Pared de la Biblioteca de las Artes y el Proyect Room, el Tragaluz y la Sala de Experimentaci\u00f3n Sonora del MZ14 marcaron junto con la conferencia \u201cCurrulao matem\u00e1tico asistido por ordenador\u201d, con B\u00e1rbara del Pilar Santana, Gisel Sophia, Jurado Escobar y Juan Guillermo Ossa Jim\u00e9nez (CO), los primeros momentos de la jornada inaugural de la Minga Multimedia de Arte y Tecnolog\u00eda (mMAT) que organizada por la Universidad de las Artes y su Escuela de Artes Sonoras lleg\u00f3 en este a\u00f1o a su IX edici\u00f3n.<\/p>\n\n\n\n<p>El vicerrector Acad\u00e9mico Bradley Hilgert, como rector subrogante, estuvo presente junto a otras autoridades UArtes, docentes y estudiantes en varias de las actividades del d\u00eda uno de la cita. En una breve intervenci\u00f3n hizo referencia al gesto de minga propiciado por la Escuela de Artes Sonoras; un gesto de minga, dijo, de pensar colectivamente en el bienestar de todos. Lo que vamos a ver es esa formaci\u00f3n y b\u00fasqueda de comunidades de interaprendizajes, anot\u00f3 y mencion\u00f3 que el docente Fredy Vallejos, quien est\u00e1 a la cabeza de la iniciativa, siempre incluye esa noci\u00f3n de decoloniedad en sus intervenciones art\u00edsticas \u201cy lo vamos percibiendo desde el momento en que entramos en ese espacio\u201d.<\/p>\n\n\n\n<p>Pensar desde otro espacio, pensar en otros mundos posibles es tambi\u00e9n una l\u00ednea importante en nuestro modelo pedag\u00f3gico y que se percibir\u00e1 en el encuentro, refiri\u00f3 Hilgert y agradeci\u00f3 a Vallejos y al equipo de apoyo de la EAS por todo lo programado para los seis d\u00edas de la mMAt. <\/p>\n\n\n\n<p>Seguidamente a la conferencia, en la planta baja del edificio El Tel\u00e9grafo se desarrollaron el Taller de Espacializaci\u00f3n en Acusmonium y el concierto Acusm\u00f3nium Latinoamericano (AR\/CO\/EC\/MX\/VE)\/Espacializaci\u00f3n, con la docente UArtes Adina Izarra (VE) (foto bajo estas l\u00edneas=.<\/p>\n\n\n<div class=\"wp-block-image\">\n<figure class=\"aligncenter size-large\"><img fetchpriority=\"high\" decoding=\"async\" width=\"644\" height=\"429\" src=\"http:\/\/www.uartes.edu.ec\/sitio\/wp-content\/uploads\/2022\/08\/06-MM-644x429.jpg\" alt=\"\" class=\"wp-image-26003\" srcset=\"https:\/\/www.uartes.edu.ec\/sitio\/wp-content\/uploads\/2022\/08\/06-MM-644x429.jpg 644w, https:\/\/www.uartes.edu.ec\/sitio\/wp-content\/uploads\/2022\/08\/06-MM-768x511.jpg 768w, https:\/\/www.uartes.edu.ec\/sitio\/wp-content\/uploads\/2022\/08\/06-MM.jpg 2000w, https:\/\/www.uartes.edu.ec\/sitio\/wp-content\/uploads\/2022\/08\/06-MM-600x399.jpg 600w, https:\/\/www.uartes.edu.ec\/sitio\/wp-content\/uploads\/2022\/08\/06-MM-272x182.jpg 272w\" sizes=\"(max-width: 644px) 100vw, 644px\" \/><\/figure>\n<\/div>\n\n\n<h3 class=\"wp-block-heading\"><strong>Conferencia, proyectos estudiantiles y conciertos<\/strong><\/h3>\n\n\n\n<p>En la segunda jornada de la minga, el martes 2, tuvieron protagonismo la conferencia (virtual) #Otrasescuchas: Escucha Contempor\u00e1nea y Registro Alternativo, con Marco Valdivia (PE); la presentaci\u00f3n de la muestra instalativa Proyectos Estudiantiles en Nuevos Medios Sonoros, de Jos\u00e9 Medina, Gianni Candell, Eddy Romero, Joao Jim\u00e9nez (EC); y, el concierto \u00bfY qu\u00e9 es el Sol para ellos, sino algo que produce sombras?, con Ronny Albuja (EC), en Visuales, y Hannah Lee (USA) y Le\u00f3n Pardo (CO), en M\u00fasica, as\u00ed como el performance audiovisual COMP[REBOOT] de Jorge Haro (AR\/ES).<\/p>\n\n\n\n<p>En la tercera, el mi\u00e9rcoles 3, tras la conferencia sobre canciones para el fin del mundo, con Ana Mar\u00eda Romano (CO) en la Sala de Exposici\u00f3n del edificio El Tel\u00e9grafo, se desarroll\u00f3 en la Plaza P\u00fablica del MZ14, el Concierto Live Jam Electr\u00f3nico, con Guillermo Doylet, Smol.Robots, Rocio Soria D\u00edaz y Santiago Tapia (EC).<\/p>\n\n\n\n<p>La jornada del tercer d\u00eda de la mMAT finaliz\u00f3 con una segunda presentaci\u00f3n, las Canciones para el fin del mundo y otras derivas de Ana Mar\u00f1ia Romano (CO) en El Tel\u00e9grafo.<\/p>\n\n\n<div class=\"wp-block-image\">\n<figure class=\"aligncenter size-large\"><img decoding=\"async\" width=\"644\" height=\"429\" src=\"http:\/\/www.uartes.edu.ec\/sitio\/wp-content\/uploads\/2022\/08\/14-MM-644x429.jpg\" alt=\"\" class=\"wp-image-26004\" srcset=\"https:\/\/www.uartes.edu.ec\/sitio\/wp-content\/uploads\/2022\/08\/14-MM-644x429.jpg 644w, https:\/\/www.uartes.edu.ec\/sitio\/wp-content\/uploads\/2022\/08\/14-MM-768x511.jpg 768w, https:\/\/www.uartes.edu.ec\/sitio\/wp-content\/uploads\/2022\/08\/14-MM.jpg 2000w, https:\/\/www.uartes.edu.ec\/sitio\/wp-content\/uploads\/2022\/08\/14-MM-600x399.jpg 600w, https:\/\/www.uartes.edu.ec\/sitio\/wp-content\/uploads\/2022\/08\/14-MM-272x182.jpg 272w\" sizes=\"(max-width: 644px) 100vw, 644px\" \/><figcaption class=\"wp-element-caption\">Performance audiovisual COMP[REBOOT] de Jorge Haro (AR\/ES).<\/figcaption><\/figure>\n<\/div>\n\n<div class=\"wp-block-image\">\n<figure class=\"aligncenter size-large\"><img decoding=\"async\" width=\"644\" height=\"429\" src=\"http:\/\/www.uartes.edu.ec\/sitio\/wp-content\/uploads\/2022\/08\/12-MM-644x429.jpg\" alt=\"\" class=\"wp-image-26005\" srcset=\"https:\/\/www.uartes.edu.ec\/sitio\/wp-content\/uploads\/2022\/08\/12-MM-644x429.jpg 644w, https:\/\/www.uartes.edu.ec\/sitio\/wp-content\/uploads\/2022\/08\/12-MM-768x511.jpg 768w, https:\/\/www.uartes.edu.ec\/sitio\/wp-content\/uploads\/2022\/08\/12-MM.jpg 2000w, https:\/\/www.uartes.edu.ec\/sitio\/wp-content\/uploads\/2022\/08\/12-MM-600x399.jpg 600w, https:\/\/www.uartes.edu.ec\/sitio\/wp-content\/uploads\/2022\/08\/12-MM-272x182.jpg 272w\" sizes=\"(max-width: 644px) 100vw, 644px\" \/><figcaption class=\"wp-element-caption\">Concierto Live Jam Electr\u00f3nico, con Guillermo Doylet, Smol.Robots, Rocio Soria D\u00edaz y Santiago Tapia (EC).<\/figcaption><\/figure>\n<\/div>\n\n\n<p><\/p>\n","protected":false},"excerpt":{"rendered":"<p>El gesto de minga lleva a pensar colectivamente en beneficio de todos, pensar desde otro espacio, pensar en otros mundos posibles, una l\u00ednea tambi\u00e9n importante en nuestro modelo pedag\u00f3gico. Lo dijo el vicerrector Acad\u00e9mico, doctor Bradley Hilgert, en la jornada inaugural de la IX Minga Multimedia de Arte y Tecnolog\u00eda (mMAT), que desde el d\u00eda 1 de los 6 programados ha brindado conferencias, talleres, performances audiovisuales, muestras y conciertos.<\/p>\n","protected":false},"author":10,"featured_media":26002,"comment_status":"open","ping_status":"open","sticky":false,"template":"","format":"standard","meta":{"_acf_changed":false,"_uag_custom_page_level_css":"","_monsterinsights_skip_tracking":false,"_monsterinsights_sitenote_active":false,"_monsterinsights_sitenote_note":"","_monsterinsights_sitenote_category":0,"cybocfi_hide_featured_image":"","footnotes":""},"categories":[720,150,75,76],"tags":[753],"infouartes":[],"class_list":["post-26001","post","type-post","status-publish","format-standard","has-post-thumbnail","hentry","category-3d","category-artes-sonoras","category-docentes","category-estudiantes","tag-minga-multimedia"],"acf":[],"yoast_head":"<!-- This site is optimized with the Yoast SEO plugin v27.4 - https:\/\/yoast.com\/product\/yoast-seo-wordpress\/ -->\n<title>Universidad de las Artes - Un recorrido por mMAT nos lleva a pensar en otros mundos posibles<\/title>\n<meta name=\"description\" content=\"Universidad de las Artes - Un recorrido por mMAT nos lleva a pensar en otros mundos posibles\" \/>\n<meta name=\"robots\" content=\"index, follow, max-snippet:-1, max-image-preview:large, max-video-preview:-1\" \/>\n<link rel=\"canonical\" href=\"https:\/\/www.uartes.edu.ec\/sitio\/blog\/2022\/08\/03\/un-recorrido-por-una-minga-multimedia-de-arte-ytecnologia-que-lleva-a-pensar-en-otros-mundos-posibles\/\" \/>\n<meta property=\"og:locale\" content=\"es_ES\" \/>\n<meta property=\"og:type\" content=\"article\" \/>\n<meta property=\"og:title\" content=\"Universidad de las Artes - Un recorrido por mMAT nos lleva a pensar en otros mundos posibles\" \/>\n<meta property=\"og:description\" content=\"Universidad de las Artes - Un recorrido por mMAT nos lleva a pensar en otros mundos posibles\" \/>\n<meta property=\"og:url\" content=\"https:\/\/www.uartes.edu.ec\/sitio\/blog\/2022\/08\/03\/un-recorrido-por-una-minga-multimedia-de-arte-ytecnologia-que-lleva-a-pensar-en-otros-mundos-posibles\/\" \/>\n<meta property=\"og:site_name\" content=\"Universidad de las Artes\" \/>\n<meta property=\"article:publisher\" content=\"https:\/\/www.facebook.com\/uartesec\" \/>\n<meta property=\"article:published_time\" content=\"2022-08-03T23:41:00+00:00\" \/>\n<meta property=\"article:modified_time\" content=\"2024-07-04T16:23:13+00:00\" \/>\n<meta property=\"og:image\" content=\"https:\/\/www.uartes.edu.ec\/sitio\/wp-content\/uploads\/2022\/08\/09-MM.jpg\" \/>\n\t<meta property=\"og:image:width\" content=\"2000\" \/>\n\t<meta property=\"og:image:height\" content=\"1333\" \/>\n\t<meta property=\"og:image:type\" content=\"image\/jpeg\" \/>\n<meta name=\"author\" content=\"ccortez\" \/>\n<meta name=\"twitter:card\" content=\"summary_large_image\" \/>\n<meta name=\"twitter:creator\" content=\"@uartesec\" \/>\n<meta name=\"twitter:site\" content=\"@uartesec\" \/>\n<meta name=\"twitter:label1\" content=\"Escrito por\" \/>\n\t<meta name=\"twitter:data1\" content=\"ccortez\" \/>\n\t<meta name=\"twitter:label2\" content=\"Tiempo de lectura\" \/>\n\t<meta name=\"twitter:data2\" content=\"3 minutos\" \/>\n<script type=\"application\/ld+json\" class=\"yoast-schema-graph\">{\"@context\":\"https:\\\/\\\/schema.org\",\"@graph\":[{\"@type\":\"Article\",\"@id\":\"https:\\\/\\\/www.uartes.edu.ec\\\/sitio\\\/blog\\\/2022\\\/08\\\/03\\\/un-recorrido-por-una-minga-multimedia-de-arte-ytecnologia-que-lleva-a-pensar-en-otros-mundos-posibles\\\/#article\",\"isPartOf\":{\"@id\":\"https:\\\/\\\/www.uartes.edu.ec\\\/sitio\\\/blog\\\/2022\\\/08\\\/03\\\/un-recorrido-por-una-minga-multimedia-de-arte-ytecnologia-que-lleva-a-pensar-en-otros-mundos-posibles\\\/\"},\"author\":{\"name\":\"ccortez\",\"@id\":\"https:\\\/\\\/www.uartes.edu.ec\\\/sitio\\\/#\\\/schema\\\/person\\\/efa1b8275797664fd7f13a79ccc0b1f4\"},\"headline\":\"Un recorrido por mMAT nos lleva a pensar en otros mundos posibles\",\"datePublished\":\"2022-08-03T23:41:00+00:00\",\"dateModified\":\"2024-07-04T16:23:13+00:00\",\"mainEntityOfPage\":{\"@id\":\"https:\\\/\\\/www.uartes.edu.ec\\\/sitio\\\/blog\\\/2022\\\/08\\\/03\\\/un-recorrido-por-una-minga-multimedia-de-arte-ytecnologia-que-lleva-a-pensar-en-otros-mundos-posibles\\\/\"},\"wordCount\":552,\"commentCount\":0,\"publisher\":{\"@id\":\"https:\\\/\\\/www.uartes.edu.ec\\\/sitio\\\/#organization\"},\"image\":{\"@id\":\"https:\\\/\\\/www.uartes.edu.ec\\\/sitio\\\/blog\\\/2022\\\/08\\\/03\\\/un-recorrido-por-una-minga-multimedia-de-arte-ytecnologia-que-lleva-a-pensar-en-otros-mundos-posibles\\\/#primaryimage\"},\"thumbnailUrl\":\"https:\\\/\\\/www.uartes.edu.ec\\\/sitio\\\/wp-content\\\/uploads\\\/2022\\\/08\\\/09-MM.jpg\",\"keywords\":[\"minga multimedia\"],\"articleSection\":[\"3D\",\"Artes Sonoras\",\"Docentes\",\"Estudiantes\"],\"inLanguage\":\"es\",\"potentialAction\":[{\"@type\":\"CommentAction\",\"name\":\"Comment\",\"target\":[\"https:\\\/\\\/www.uartes.edu.ec\\\/sitio\\\/blog\\\/2022\\\/08\\\/03\\\/un-recorrido-por-una-minga-multimedia-de-arte-ytecnologia-que-lleva-a-pensar-en-otros-mundos-posibles\\\/#respond\"]}]},{\"@type\":[\"WebPage\",\"ItemPage\"],\"@id\":\"https:\\\/\\\/www.uartes.edu.ec\\\/sitio\\\/blog\\\/2022\\\/08\\\/03\\\/un-recorrido-por-una-minga-multimedia-de-arte-ytecnologia-que-lleva-a-pensar-en-otros-mundos-posibles\\\/\",\"url\":\"https:\\\/\\\/www.uartes.edu.ec\\\/sitio\\\/blog\\\/2022\\\/08\\\/03\\\/un-recorrido-por-una-minga-multimedia-de-arte-ytecnologia-que-lleva-a-pensar-en-otros-mundos-posibles\\\/\",\"name\":\"Universidad de las Artes - Un recorrido por mMAT nos lleva a pensar en otros mundos posibles\",\"isPartOf\":{\"@id\":\"https:\\\/\\\/www.uartes.edu.ec\\\/sitio\\\/#website\"},\"primaryImageOfPage\":{\"@id\":\"https:\\\/\\\/www.uartes.edu.ec\\\/sitio\\\/blog\\\/2022\\\/08\\\/03\\\/un-recorrido-por-una-minga-multimedia-de-arte-ytecnologia-que-lleva-a-pensar-en-otros-mundos-posibles\\\/#primaryimage\"},\"image\":{\"@id\":\"https:\\\/\\\/www.uartes.edu.ec\\\/sitio\\\/blog\\\/2022\\\/08\\\/03\\\/un-recorrido-por-una-minga-multimedia-de-arte-ytecnologia-que-lleva-a-pensar-en-otros-mundos-posibles\\\/#primaryimage\"},\"thumbnailUrl\":\"https:\\\/\\\/www.uartes.edu.ec\\\/sitio\\\/wp-content\\\/uploads\\\/2022\\\/08\\\/09-MM.jpg\",\"datePublished\":\"2022-08-03T23:41:00+00:00\",\"dateModified\":\"2024-07-04T16:23:13+00:00\",\"description\":\"Universidad de las Artes - Un recorrido por mMAT nos lleva a pensar en otros mundos posibles\",\"breadcrumb\":{\"@id\":\"https:\\\/\\\/www.uartes.edu.ec\\\/sitio\\\/blog\\\/2022\\\/08\\\/03\\\/un-recorrido-por-una-minga-multimedia-de-arte-ytecnologia-que-lleva-a-pensar-en-otros-mundos-posibles\\\/#breadcrumb\"},\"inLanguage\":\"es\",\"potentialAction\":[{\"@type\":\"ReadAction\",\"target\":[\"https:\\\/\\\/www.uartes.edu.ec\\\/sitio\\\/blog\\\/2022\\\/08\\\/03\\\/un-recorrido-por-una-minga-multimedia-de-arte-ytecnologia-que-lleva-a-pensar-en-otros-mundos-posibles\\\/\"]}]},{\"@type\":\"ImageObject\",\"inLanguage\":\"es\",\"@id\":\"https:\\\/\\\/www.uartes.edu.ec\\\/sitio\\\/blog\\\/2022\\\/08\\\/03\\\/un-recorrido-por-una-minga-multimedia-de-arte-ytecnologia-que-lleva-a-pensar-en-otros-mundos-posibles\\\/#primaryimage\",\"url\":\"https:\\\/\\\/www.uartes.edu.ec\\\/sitio\\\/wp-content\\\/uploads\\\/2022\\\/08\\\/09-MM.jpg\",\"contentUrl\":\"https:\\\/\\\/www.uartes.edu.ec\\\/sitio\\\/wp-content\\\/uploads\\\/2022\\\/08\\\/09-MM.jpg\",\"width\":2000,\"height\":1333},{\"@type\":\"BreadcrumbList\",\"@id\":\"https:\\\/\\\/www.uartes.edu.ec\\\/sitio\\\/blog\\\/2022\\\/08\\\/03\\\/un-recorrido-por-una-minga-multimedia-de-arte-ytecnologia-que-lleva-a-pensar-en-otros-mundos-posibles\\\/#breadcrumb\",\"itemListElement\":[{\"@type\":\"ListItem\",\"position\":1,\"name\":\"Inicio\",\"item\":\"https:\\\/\\\/www.uartes.edu.ec\\\/sitio\\\/\"},{\"@type\":\"ListItem\",\"position\":2,\"name\":\"Un recorrido por mMAT nos lleva a pensar en otros mundos posibles\"}]},{\"@type\":\"WebSite\",\"@id\":\"https:\\\/\\\/www.uartes.edu.ec\\\/sitio\\\/#website\",\"url\":\"https:\\\/\\\/www.uartes.edu.ec\\\/sitio\\\/\",\"name\":\"Universidad de las Artes\",\"description\":\"Sitio oficial de la Universidad Nacional de las Artes del Ecuador\",\"publisher\":{\"@id\":\"https:\\\/\\\/www.uartes.edu.ec\\\/sitio\\\/#organization\"},\"potentialAction\":[{\"@type\":\"SearchAction\",\"target\":{\"@type\":\"EntryPoint\",\"urlTemplate\":\"https:\\\/\\\/www.uartes.edu.ec\\\/sitio\\\/?s={search_term_string}\"},\"query-input\":{\"@type\":\"PropertyValueSpecification\",\"valueRequired\":true,\"valueName\":\"search_term_string\"}}],\"inLanguage\":\"es\"},{\"@type\":\"Organization\",\"@id\":\"https:\\\/\\\/www.uartes.edu.ec\\\/sitio\\\/#organization\",\"name\":\"Universidad de las Artes\",\"url\":\"https:\\\/\\\/www.uartes.edu.ec\\\/sitio\\\/\",\"logo\":{\"@type\":\"ImageObject\",\"inLanguage\":\"es\",\"@id\":\"https:\\\/\\\/www.uartes.edu.ec\\\/sitio\\\/#\\\/schema\\\/logo\\\/image\\\/\",\"url\":\"https:\\\/\\\/www.uartes.edu.ec\\\/sitio\\\/wp-content\\\/uploads\\\/2022\\\/07\\\/logo-ua-horizontal.png\",\"contentUrl\":\"https:\\\/\\\/www.uartes.edu.ec\\\/sitio\\\/wp-content\\\/uploads\\\/2022\\\/07\\\/logo-ua-horizontal.png\",\"width\":800,\"height\":276,\"caption\":\"Universidad de las Artes\"},\"image\":{\"@id\":\"https:\\\/\\\/www.uartes.edu.ec\\\/sitio\\\/#\\\/schema\\\/logo\\\/image\\\/\"},\"sameAs\":[\"https:\\\/\\\/www.facebook.com\\\/uartesec\",\"https:\\\/\\\/x.com\\\/uartesec\",\"https:\\\/\\\/www.tiktok.com\\\/@uartesec\"]},{\"@type\":\"Person\",\"@id\":\"https:\\\/\\\/www.uartes.edu.ec\\\/sitio\\\/#\\\/schema\\\/person\\\/efa1b8275797664fd7f13a79ccc0b1f4\",\"name\":\"ccortez\",\"image\":{\"@type\":\"ImageObject\",\"inLanguage\":\"es\",\"@id\":\"https:\\\/\\\/secure.gravatar.com\\\/avatar\\\/b2a6f664a3ae8e074346ef91775736c5ec479e637ecced6842de9dc98b5da9cd?s=96&d=mm&r=g\",\"url\":\"https:\\\/\\\/secure.gravatar.com\\\/avatar\\\/b2a6f664a3ae8e074346ef91775736c5ec479e637ecced6842de9dc98b5da9cd?s=96&d=mm&r=g\",\"contentUrl\":\"https:\\\/\\\/secure.gravatar.com\\\/avatar\\\/b2a6f664a3ae8e074346ef91775736c5ec479e637ecced6842de9dc98b5da9cd?s=96&d=mm&r=g\",\"caption\":\"ccortez\"},\"url\":\"https:\\\/\\\/www.uartes.edu.ec\\\/sitio\\\/blog\\\/author\\\/ccortez\\\/\"}]}<\/script>\n<!-- \/ Yoast SEO plugin. -->","yoast_head_json":{"title":"Universidad de las Artes - Un recorrido por mMAT nos lleva a pensar en otros mundos posibles","description":"Universidad de las Artes - Un recorrido por mMAT nos lleva a pensar en otros mundos posibles","robots":{"index":"index","follow":"follow","max-snippet":"max-snippet:-1","max-image-preview":"max-image-preview:large","max-video-preview":"max-video-preview:-1"},"canonical":"https:\/\/www.uartes.edu.ec\/sitio\/blog\/2022\/08\/03\/un-recorrido-por-una-minga-multimedia-de-arte-ytecnologia-que-lleva-a-pensar-en-otros-mundos-posibles\/","og_locale":"es_ES","og_type":"article","og_title":"Universidad de las Artes - Un recorrido por mMAT nos lleva a pensar en otros mundos posibles","og_description":"Universidad de las Artes - Un recorrido por mMAT nos lleva a pensar en otros mundos posibles","og_url":"https:\/\/www.uartes.edu.ec\/sitio\/blog\/2022\/08\/03\/un-recorrido-por-una-minga-multimedia-de-arte-ytecnologia-que-lleva-a-pensar-en-otros-mundos-posibles\/","og_site_name":"Universidad de las Artes","article_publisher":"https:\/\/www.facebook.com\/uartesec","article_published_time":"2022-08-03T23:41:00+00:00","article_modified_time":"2024-07-04T16:23:13+00:00","og_image":[{"width":2000,"height":1333,"url":"https:\/\/www.uartes.edu.ec\/sitio\/wp-content\/uploads\/2022\/08\/09-MM.jpg","type":"image\/jpeg"}],"author":"ccortez","twitter_card":"summary_large_image","twitter_creator":"@uartesec","twitter_site":"@uartesec","twitter_misc":{"Escrito por":"ccortez","Tiempo de lectura":"3 minutos"},"schema":{"@context":"https:\/\/schema.org","@graph":[{"@type":"Article","@id":"https:\/\/www.uartes.edu.ec\/sitio\/blog\/2022\/08\/03\/un-recorrido-por-una-minga-multimedia-de-arte-ytecnologia-que-lleva-a-pensar-en-otros-mundos-posibles\/#article","isPartOf":{"@id":"https:\/\/www.uartes.edu.ec\/sitio\/blog\/2022\/08\/03\/un-recorrido-por-una-minga-multimedia-de-arte-ytecnologia-que-lleva-a-pensar-en-otros-mundos-posibles\/"},"author":{"name":"ccortez","@id":"https:\/\/www.uartes.edu.ec\/sitio\/#\/schema\/person\/efa1b8275797664fd7f13a79ccc0b1f4"},"headline":"Un recorrido por mMAT nos lleva a pensar en otros mundos posibles","datePublished":"2022-08-03T23:41:00+00:00","dateModified":"2024-07-04T16:23:13+00:00","mainEntityOfPage":{"@id":"https:\/\/www.uartes.edu.ec\/sitio\/blog\/2022\/08\/03\/un-recorrido-por-una-minga-multimedia-de-arte-ytecnologia-que-lleva-a-pensar-en-otros-mundos-posibles\/"},"wordCount":552,"commentCount":0,"publisher":{"@id":"https:\/\/www.uartes.edu.ec\/sitio\/#organization"},"image":{"@id":"https:\/\/www.uartes.edu.ec\/sitio\/blog\/2022\/08\/03\/un-recorrido-por-una-minga-multimedia-de-arte-ytecnologia-que-lleva-a-pensar-en-otros-mundos-posibles\/#primaryimage"},"thumbnailUrl":"https:\/\/www.uartes.edu.ec\/sitio\/wp-content\/uploads\/2022\/08\/09-MM.jpg","keywords":["minga multimedia"],"articleSection":["3D","Artes Sonoras","Docentes","Estudiantes"],"inLanguage":"es","potentialAction":[{"@type":"CommentAction","name":"Comment","target":["https:\/\/www.uartes.edu.ec\/sitio\/blog\/2022\/08\/03\/un-recorrido-por-una-minga-multimedia-de-arte-ytecnologia-que-lleva-a-pensar-en-otros-mundos-posibles\/#respond"]}]},{"@type":["WebPage","ItemPage"],"@id":"https:\/\/www.uartes.edu.ec\/sitio\/blog\/2022\/08\/03\/un-recorrido-por-una-minga-multimedia-de-arte-ytecnologia-que-lleva-a-pensar-en-otros-mundos-posibles\/","url":"https:\/\/www.uartes.edu.ec\/sitio\/blog\/2022\/08\/03\/un-recorrido-por-una-minga-multimedia-de-arte-ytecnologia-que-lleva-a-pensar-en-otros-mundos-posibles\/","name":"Universidad de las Artes - Un recorrido por mMAT nos lleva a pensar en otros mundos posibles","isPartOf":{"@id":"https:\/\/www.uartes.edu.ec\/sitio\/#website"},"primaryImageOfPage":{"@id":"https:\/\/www.uartes.edu.ec\/sitio\/blog\/2022\/08\/03\/un-recorrido-por-una-minga-multimedia-de-arte-ytecnologia-que-lleva-a-pensar-en-otros-mundos-posibles\/#primaryimage"},"image":{"@id":"https:\/\/www.uartes.edu.ec\/sitio\/blog\/2022\/08\/03\/un-recorrido-por-una-minga-multimedia-de-arte-ytecnologia-que-lleva-a-pensar-en-otros-mundos-posibles\/#primaryimage"},"thumbnailUrl":"https:\/\/www.uartes.edu.ec\/sitio\/wp-content\/uploads\/2022\/08\/09-MM.jpg","datePublished":"2022-08-03T23:41:00+00:00","dateModified":"2024-07-04T16:23:13+00:00","description":"Universidad de las Artes - Un recorrido por mMAT nos lleva a pensar en otros mundos posibles","breadcrumb":{"@id":"https:\/\/www.uartes.edu.ec\/sitio\/blog\/2022\/08\/03\/un-recorrido-por-una-minga-multimedia-de-arte-ytecnologia-que-lleva-a-pensar-en-otros-mundos-posibles\/#breadcrumb"},"inLanguage":"es","potentialAction":[{"@type":"ReadAction","target":["https:\/\/www.uartes.edu.ec\/sitio\/blog\/2022\/08\/03\/un-recorrido-por-una-minga-multimedia-de-arte-ytecnologia-que-lleva-a-pensar-en-otros-mundos-posibles\/"]}]},{"@type":"ImageObject","inLanguage":"es","@id":"https:\/\/www.uartes.edu.ec\/sitio\/blog\/2022\/08\/03\/un-recorrido-por-una-minga-multimedia-de-arte-ytecnologia-que-lleva-a-pensar-en-otros-mundos-posibles\/#primaryimage","url":"https:\/\/www.uartes.edu.ec\/sitio\/wp-content\/uploads\/2022\/08\/09-MM.jpg","contentUrl":"https:\/\/www.uartes.edu.ec\/sitio\/wp-content\/uploads\/2022\/08\/09-MM.jpg","width":2000,"height":1333},{"@type":"BreadcrumbList","@id":"https:\/\/www.uartes.edu.ec\/sitio\/blog\/2022\/08\/03\/un-recorrido-por-una-minga-multimedia-de-arte-ytecnologia-que-lleva-a-pensar-en-otros-mundos-posibles\/#breadcrumb","itemListElement":[{"@type":"ListItem","position":1,"name":"Inicio","item":"https:\/\/www.uartes.edu.ec\/sitio\/"},{"@type":"ListItem","position":2,"name":"Un recorrido por mMAT nos lleva a pensar en otros mundos posibles"}]},{"@type":"WebSite","@id":"https:\/\/www.uartes.edu.ec\/sitio\/#website","url":"https:\/\/www.uartes.edu.ec\/sitio\/","name":"Universidad de las Artes","description":"Sitio oficial de la Universidad Nacional de las Artes del Ecuador","publisher":{"@id":"https:\/\/www.uartes.edu.ec\/sitio\/#organization"},"potentialAction":[{"@type":"SearchAction","target":{"@type":"EntryPoint","urlTemplate":"https:\/\/www.uartes.edu.ec\/sitio\/?s={search_term_string}"},"query-input":{"@type":"PropertyValueSpecification","valueRequired":true,"valueName":"search_term_string"}}],"inLanguage":"es"},{"@type":"Organization","@id":"https:\/\/www.uartes.edu.ec\/sitio\/#organization","name":"Universidad de las Artes","url":"https:\/\/www.uartes.edu.ec\/sitio\/","logo":{"@type":"ImageObject","inLanguage":"es","@id":"https:\/\/www.uartes.edu.ec\/sitio\/#\/schema\/logo\/image\/","url":"https:\/\/www.uartes.edu.ec\/sitio\/wp-content\/uploads\/2022\/07\/logo-ua-horizontal.png","contentUrl":"https:\/\/www.uartes.edu.ec\/sitio\/wp-content\/uploads\/2022\/07\/logo-ua-horizontal.png","width":800,"height":276,"caption":"Universidad de las Artes"},"image":{"@id":"https:\/\/www.uartes.edu.ec\/sitio\/#\/schema\/logo\/image\/"},"sameAs":["https:\/\/www.facebook.com\/uartesec","https:\/\/x.com\/uartesec","https:\/\/www.tiktok.com\/@uartesec"]},{"@type":"Person","@id":"https:\/\/www.uartes.edu.ec\/sitio\/#\/schema\/person\/efa1b8275797664fd7f13a79ccc0b1f4","name":"ccortez","image":{"@type":"ImageObject","inLanguage":"es","@id":"https:\/\/secure.gravatar.com\/avatar\/b2a6f664a3ae8e074346ef91775736c5ec479e637ecced6842de9dc98b5da9cd?s=96&d=mm&r=g","url":"https:\/\/secure.gravatar.com\/avatar\/b2a6f664a3ae8e074346ef91775736c5ec479e637ecced6842de9dc98b5da9cd?s=96&d=mm&r=g","contentUrl":"https:\/\/secure.gravatar.com\/avatar\/b2a6f664a3ae8e074346ef91775736c5ec479e637ecced6842de9dc98b5da9cd?s=96&d=mm&r=g","caption":"ccortez"},"url":"https:\/\/www.uartes.edu.ec\/sitio\/blog\/author\/ccortez\/"}]}},"uagb_featured_image_src":{"full":["https:\/\/www.uartes.edu.ec\/sitio\/wp-content\/uploads\/2022\/08\/09-MM.jpg",2000,1333,false],"thumbnail":["https:\/\/www.uartes.edu.ec\/sitio\/wp-content\/uploads\/2022\/08\/09-MM-150x150.jpg",150,150,true],"medium":["https:\/\/www.uartes.edu.ec\/sitio\/wp-content\/uploads\/2022\/08\/09-MM-300x200.jpg",300,200,true],"medium_large":["https:\/\/www.uartes.edu.ec\/sitio\/wp-content\/uploads\/2022\/08\/09-MM-768x512.jpg",768,512,true],"large":["https:\/\/www.uartes.edu.ec\/sitio\/wp-content\/uploads\/2022\/08\/09-MM-644x429.jpg",644,429,true],"1536x1536":["https:\/\/www.uartes.edu.ec\/sitio\/wp-content\/uploads\/2022\/08\/09-MM-1536x1024.jpg",1536,1024,true],"2048x2048":["https:\/\/www.uartes.edu.ec\/sitio\/wp-content\/uploads\/2022\/08\/09-MM.jpg",2000,1333,false],"trp-custom-language-flag":["https:\/\/www.uartes.edu.ec\/sitio\/wp-content\/uploads\/2022\/08\/09-MM.jpg",18,12,false],"htmega_size_585x295":["https:\/\/www.uartes.edu.ec\/sitio\/wp-content\/uploads\/2022\/08\/09-MM.jpg",443,295,false],"htmega_size_1170x536":["https:\/\/www.uartes.edu.ec\/sitio\/wp-content\/uploads\/2022\/08\/09-MM.jpg",804,536,false],"htmega_size_396x360":["https:\/\/www.uartes.edu.ec\/sitio\/wp-content\/uploads\/2022\/08\/09-MM.jpg",396,264,false],"gb-block-post-grid-landscape":["https:\/\/www.uartes.edu.ec\/sitio\/wp-content\/uploads\/2022\/08\/09-MM-600x400.jpg",600,400,true],"gb-block-post-grid-square":["https:\/\/www.uartes.edu.ec\/sitio\/wp-content\/uploads\/2022\/08\/09-MM-600x600.jpg",600,600,true],"university-hub-thumb":["https:\/\/www.uartes.edu.ec\/sitio\/wp-content\/uploads\/2022\/08\/09-MM-400x267.jpg",400,267,true]},"uagb_author_info":{"display_name":"ccortez","author_link":"https:\/\/www.uartes.edu.ec\/sitio\/blog\/author\/ccortez\/"},"uagb_comment_info":0,"uagb_excerpt":"El gesto de minga lleva a pensar colectivamente en beneficio de todos, pensar desde otro espacio, pensar en otros mundos posibles, una l\u00ednea tambi\u00e9n importante en nuestro modelo pedag\u00f3gico. Lo dijo el vicerrector Acad\u00e9mico, doctor Bradley Hilgert, en la jornada inaugural de la IX Minga Multimedia de Arte y Tecnolog\u00eda (mMAT), que desde el d\u00eda&hellip;","featured_image_src":"https:\/\/www.uartes.edu.ec\/sitio\/wp-content\/uploads\/2022\/08\/09-MM-600x400.jpg","featured_image_src_square":"https:\/\/www.uartes.edu.ec\/sitio\/wp-content\/uploads\/2022\/08\/09-MM-600x600.jpg","author_info":{"display_name":"ccortez","author_link":"https:\/\/www.uartes.edu.ec\/sitio\/blog\/author\/ccortez\/"},"publishpress_future_workflow_manual_trigger":{"enabledWorkflows":[]},"distributor_meta":false,"distributor_terms":false,"distributor_media":false,"distributor_original_site_name":"Universidad de las Artes","distributor_original_site_url":"https:\/\/www.uartes.edu.ec\/sitio","push-errors":false,"_links":{"self":[{"href":"https:\/\/www.uartes.edu.ec\/sitio\/wp-json\/wp\/v2\/posts\/26001","targetHints":{"allow":["GET"]}}],"collection":[{"href":"https:\/\/www.uartes.edu.ec\/sitio\/wp-json\/wp\/v2\/posts"}],"about":[{"href":"https:\/\/www.uartes.edu.ec\/sitio\/wp-json\/wp\/v2\/types\/post"}],"author":[{"embeddable":true,"href":"https:\/\/www.uartes.edu.ec\/sitio\/wp-json\/wp\/v2\/users\/10"}],"replies":[{"embeddable":true,"href":"https:\/\/www.uartes.edu.ec\/sitio\/wp-json\/wp\/v2\/comments?post=26001"}],"version-history":[{"count":11,"href":"https:\/\/www.uartes.edu.ec\/sitio\/wp-json\/wp\/v2\/posts\/26001\/revisions"}],"predecessor-version":[{"id":26523,"href":"https:\/\/www.uartes.edu.ec\/sitio\/wp-json\/wp\/v2\/posts\/26001\/revisions\/26523"}],"wp:featuredmedia":[{"embeddable":true,"href":"https:\/\/www.uartes.edu.ec\/sitio\/wp-json\/wp\/v2\/media\/26002"}],"wp:attachment":[{"href":"https:\/\/www.uartes.edu.ec\/sitio\/wp-json\/wp\/v2\/media?parent=26001"}],"wp:term":[{"taxonomy":"category","embeddable":true,"href":"https:\/\/www.uartes.edu.ec\/sitio\/wp-json\/wp\/v2\/categories?post=26001"},{"taxonomy":"post_tag","embeddable":true,"href":"https:\/\/www.uartes.edu.ec\/sitio\/wp-json\/wp\/v2\/tags?post=26001"},{"taxonomy":"infouartes","embeddable":true,"href":"https:\/\/www.uartes.edu.ec\/sitio\/wp-json\/wp\/v2\/infouartes?post=26001"}],"curies":[{"name":"wp","href":"https:\/\/api.w.org\/{rel}","templated":true}]}}