{"id":2634,"date":"2018-10-19T15:37:45","date_gmt":"2018-10-19T20:37:45","guid":{"rendered":"http:\/\/www.uartes.edu.ec\/sitio\/?p=2634"},"modified":"2024-07-04T11:53:44","modified_gmt":"2024-07-04T16:53:44","slug":"universidad-de-la-artes-forma-parte-del-proyecto-debussy","status":"publish","type":"post","link":"https:\/\/www.uartes.edu.ec\/sitio\/blog\/2018\/10\/19\/universidad-de-la-artes-forma-parte-del-proyecto-debussy\/","title":{"rendered":"Universidad de la Artes forma parte del Proyecto Debussy"},"content":{"rendered":"\n<p>En relaci\u00f3n al convenio de cooperaci\u00f3n entre el Conservatorio Nacional\nSuperior de M\u00fasica y Danza de Par\u00eds (CNSMDP) y la Universidad de la Artes, se\nrealizar\u00e1 conjuntamente el proyecto pedag\u00f3gico \u201cClaude Debussy\u201d, en honor al cent\u00e9simo\naniversario de fallecimiento del compositor.<\/p>\n\n\n\n<p>Esto consiste en un encuentro musical entre estudiantes de ambas\nuniversidades con el fin de realizar variaciones del reportorio original de\nDebussy recurriendo a instrumentos y repertorio tradicional ecuatoriano. <\/p>\n\n\n\n<p>Para llevar a cabo esta propuesta contaremos con la intervenci\u00f3n del\ndocente Jean- Luc Tourret y los estudiantes: Clara Bourdeix, viol\u00edn; Bastien\nDebeaufond, trompeta y Vincent Radix, tromb\u00f3n; quienes estar\u00e1n en nuestra instituci\u00f3n\ndel 22 de octubre al 9 de noviembre del presente a\u00f1o y dictar\u00e1n conferencias,\nclases magistrales y talleres como: Trabajo T\u00e9cnico, M\u00fasica de C\u00e1mara, Tutor\u00edas\nde Elaboraci\u00f3n de Proyectos y Pasajes Orquestales dirigidos a estudiantes de la\nEscuela de Artes Sonoras de la UArtes.<\/p>\n","protected":false},"excerpt":{"rendered":"<p>En relaci\u00f3n al convenio de cooperaci\u00f3n entre el Conservatorio Nacional Superior de M\u00fasica y Danza de Par\u00eds (CNSMDP) y la Universidad de la Artes, se realizar\u00e1 conjuntamente el proyecto pedag\u00f3gico \u201cClaude Debussy\u201d, en honor al cent\u00e9simo aniversario de fallecimiento del compositor. Esto consiste en un encuentro musical entre estudiantes de ambas universidades con el fin [&hellip;]<\/p>\n","protected":false},"author":1,"featured_media":2635,"comment_status":"closed","ping_status":"closed","sticky":false,"template":"","format":"standard","meta":{"_acf_changed":false,"_uag_custom_page_level_css":"","_monsterinsights_skip_tracking":false,"_monsterinsights_sitenote_active":false,"_monsterinsights_sitenote_note":"","_monsterinsights_sitenote_category":0,"cybocfi_hide_featured_image":"","footnotes":""},"categories":[82,77],"tags":[],"infouartes":[],"class_list":["post-2634","post","type-post","status-publish","format-standard","has-post-thumbnail","hentry","category-artes","category-gestion"],"acf":[],"yoast_head":"<!-- This site is optimized with the Yoast SEO plugin v27.4 - https:\/\/yoast.com\/product\/yoast-seo-wordpress\/ -->\n<title>Universidad de las Artes - Universidad de la Artes forma parte del Proyecto Debussy<\/title>\n<meta name=\"description\" content=\"Universidad de las Artes - Universidad de la Artes forma parte del Proyecto Debussy\" \/>\n<meta name=\"robots\" content=\"index, follow, max-snippet:-1, max-image-preview:large, max-video-preview:-1\" \/>\n<link rel=\"canonical\" href=\"https:\/\/www.uartes.edu.ec\/sitio\/blog\/2018\/10\/19\/universidad-de-la-artes-forma-parte-del-proyecto-debussy\/\" \/>\n<meta property=\"og:locale\" content=\"es_ES\" \/>\n<meta property=\"og:type\" content=\"article\" \/>\n<meta property=\"og:title\" content=\"Universidad de las Artes - Universidad de la Artes forma parte del Proyecto Debussy\" \/>\n<meta property=\"og:description\" content=\"Universidad de las Artes - Universidad de la Artes forma parte del Proyecto Debussy\" \/>\n<meta property=\"og:url\" content=\"https:\/\/www.uartes.edu.ec\/sitio\/blog\/2018\/10\/19\/universidad-de-la-artes-forma-parte-del-proyecto-debussy\/\" \/>\n<meta property=\"og:site_name\" content=\"Universidad de las Artes\" \/>\n<meta property=\"article:publisher\" content=\"https:\/\/www.facebook.com\/uartesec\" \/>\n<meta property=\"article:published_time\" content=\"2018-10-19T20:37:45+00:00\" \/>\n<meta property=\"article:modified_time\" content=\"2024-07-04T16:53:44+00:00\" \/>\n<meta property=\"og:image\" content=\"https:\/\/www.uartes.edu.ec\/sitio\/wp-content\/uploads\/2018\/10\/Universidad-de-la-Artes-forma-parte-del-Proyecto-Debussy.jpg\" \/>\n\t<meta property=\"og:image:width\" content=\"1132\" \/>\n\t<meta property=\"og:image:height\" content=\"510\" \/>\n\t<meta property=\"og:image:type\" content=\"image\/jpeg\" \/>\n<meta name=\"author\" content=\"Universidad de las Artes\" \/>\n<meta name=\"twitter:card\" content=\"summary_large_image\" \/>\n<meta name=\"twitter:creator\" content=\"@uartesec\" \/>\n<meta name=\"twitter:site\" content=\"@uartesec\" \/>\n<meta name=\"twitter:label1\" content=\"Escrito por\" \/>\n\t<meta name=\"twitter:data1\" content=\"Universidad de las Artes\" \/>\n\t<meta name=\"twitter:label2\" content=\"Tiempo de lectura\" \/>\n\t<meta name=\"twitter:data2\" content=\"1 minuto\" \/>\n<script type=\"application\/ld+json\" class=\"yoast-schema-graph\">{\"@context\":\"https:\\\/\\\/schema.org\",\"@graph\":[{\"@type\":\"Article\",\"@id\":\"https:\\\/\\\/www.uartes.edu.ec\\\/sitio\\\/blog\\\/2018\\\/10\\\/19\\\/universidad-de-la-artes-forma-parte-del-proyecto-debussy\\\/#article\",\"isPartOf\":{\"@id\":\"https:\\\/\\\/www.uartes.edu.ec\\\/sitio\\\/blog\\\/2018\\\/10\\\/19\\\/universidad-de-la-artes-forma-parte-del-proyecto-debussy\\\/\"},\"author\":{\"name\":\"Universidad de las Artes\",\"@id\":\"https:\\\/\\\/www.uartes.edu.ec\\\/sitio\\\/#\\\/schema\\\/person\\\/f33f8c1d2af0d5c80a38c8abf458184a\"},\"headline\":\"Universidad de la Artes forma parte del Proyecto Debussy\",\"datePublished\":\"2018-10-19T20:37:45+00:00\",\"dateModified\":\"2024-07-04T16:53:44+00:00\",\"mainEntityOfPage\":{\"@id\":\"https:\\\/\\\/www.uartes.edu.ec\\\/sitio\\\/blog\\\/2018\\\/10\\\/19\\\/universidad-de-la-artes-forma-parte-del-proyecto-debussy\\\/\"},\"wordCount\":172,\"publisher\":{\"@id\":\"https:\\\/\\\/www.uartes.edu.ec\\\/sitio\\\/#organization\"},\"image\":{\"@id\":\"https:\\\/\\\/www.uartes.edu.ec\\\/sitio\\\/blog\\\/2018\\\/10\\\/19\\\/universidad-de-la-artes-forma-parte-del-proyecto-debussy\\\/#primaryimage\"},\"thumbnailUrl\":\"https:\\\/\\\/www.uartes.edu.ec\\\/sitio\\\/wp-content\\\/uploads\\\/2018\\\/10\\\/Universidad-de-la-Artes-forma-parte-del-Proyecto-Debussy.jpg\",\"articleSection\":[\"Artes\",\"Gesti\u00f3n\"],\"inLanguage\":\"es\"},{\"@type\":[\"WebPage\",\"ItemPage\"],\"@id\":\"https:\\\/\\\/www.uartes.edu.ec\\\/sitio\\\/blog\\\/2018\\\/10\\\/19\\\/universidad-de-la-artes-forma-parte-del-proyecto-debussy\\\/\",\"url\":\"https:\\\/\\\/www.uartes.edu.ec\\\/sitio\\\/blog\\\/2018\\\/10\\\/19\\\/universidad-de-la-artes-forma-parte-del-proyecto-debussy\\\/\",\"name\":\"Universidad de las Artes - Universidad de la Artes forma parte del Proyecto Debussy\",\"isPartOf\":{\"@id\":\"https:\\\/\\\/www.uartes.edu.ec\\\/sitio\\\/#website\"},\"primaryImageOfPage\":{\"@id\":\"https:\\\/\\\/www.uartes.edu.ec\\\/sitio\\\/blog\\\/2018\\\/10\\\/19\\\/universidad-de-la-artes-forma-parte-del-proyecto-debussy\\\/#primaryimage\"},\"image\":{\"@id\":\"https:\\\/\\\/www.uartes.edu.ec\\\/sitio\\\/blog\\\/2018\\\/10\\\/19\\\/universidad-de-la-artes-forma-parte-del-proyecto-debussy\\\/#primaryimage\"},\"thumbnailUrl\":\"https:\\\/\\\/www.uartes.edu.ec\\\/sitio\\\/wp-content\\\/uploads\\\/2018\\\/10\\\/Universidad-de-la-Artes-forma-parte-del-Proyecto-Debussy.jpg\",\"datePublished\":\"2018-10-19T20:37:45+00:00\",\"dateModified\":\"2024-07-04T16:53:44+00:00\",\"description\":\"Universidad de las Artes - Universidad de la Artes forma parte del Proyecto Debussy\",\"breadcrumb\":{\"@id\":\"https:\\\/\\\/www.uartes.edu.ec\\\/sitio\\\/blog\\\/2018\\\/10\\\/19\\\/universidad-de-la-artes-forma-parte-del-proyecto-debussy\\\/#breadcrumb\"},\"inLanguage\":\"es\",\"potentialAction\":[{\"@type\":\"ReadAction\",\"target\":[\"https:\\\/\\\/www.uartes.edu.ec\\\/sitio\\\/blog\\\/2018\\\/10\\\/19\\\/universidad-de-la-artes-forma-parte-del-proyecto-debussy\\\/\"]}]},{\"@type\":\"ImageObject\",\"inLanguage\":\"es\",\"@id\":\"https:\\\/\\\/www.uartes.edu.ec\\\/sitio\\\/blog\\\/2018\\\/10\\\/19\\\/universidad-de-la-artes-forma-parte-del-proyecto-debussy\\\/#primaryimage\",\"url\":\"https:\\\/\\\/www.uartes.edu.ec\\\/sitio\\\/wp-content\\\/uploads\\\/2018\\\/10\\\/Universidad-de-la-Artes-forma-parte-del-Proyecto-Debussy.jpg\",\"contentUrl\":\"https:\\\/\\\/www.uartes.edu.ec\\\/sitio\\\/wp-content\\\/uploads\\\/2018\\\/10\\\/Universidad-de-la-Artes-forma-parte-del-Proyecto-Debussy.jpg\",\"width\":1132,\"height\":510},{\"@type\":\"BreadcrumbList\",\"@id\":\"https:\\\/\\\/www.uartes.edu.ec\\\/sitio\\\/blog\\\/2018\\\/10\\\/19\\\/universidad-de-la-artes-forma-parte-del-proyecto-debussy\\\/#breadcrumb\",\"itemListElement\":[{\"@type\":\"ListItem\",\"position\":1,\"name\":\"Inicio\",\"item\":\"https:\\\/\\\/www.uartes.edu.ec\\\/sitio\\\/\"},{\"@type\":\"ListItem\",\"position\":2,\"name\":\"Universidad de la Artes forma parte del Proyecto Debussy\"}]},{\"@type\":\"WebSite\",\"@id\":\"https:\\\/\\\/www.uartes.edu.ec\\\/sitio\\\/#website\",\"url\":\"https:\\\/\\\/www.uartes.edu.ec\\\/sitio\\\/\",\"name\":\"Universidad de las Artes\",\"description\":\"Sitio oficial de la Universidad Nacional de las Artes del Ecuador\",\"publisher\":{\"@id\":\"https:\\\/\\\/www.uartes.edu.ec\\\/sitio\\\/#organization\"},\"potentialAction\":[{\"@type\":\"SearchAction\",\"target\":{\"@type\":\"EntryPoint\",\"urlTemplate\":\"https:\\\/\\\/www.uartes.edu.ec\\\/sitio\\\/?s={search_term_string}\"},\"query-input\":{\"@type\":\"PropertyValueSpecification\",\"valueRequired\":true,\"valueName\":\"search_term_string\"}}],\"inLanguage\":\"es\"},{\"@type\":\"Organization\",\"@id\":\"https:\\\/\\\/www.uartes.edu.ec\\\/sitio\\\/#organization\",\"name\":\"Universidad de las Artes\",\"url\":\"https:\\\/\\\/www.uartes.edu.ec\\\/sitio\\\/\",\"logo\":{\"@type\":\"ImageObject\",\"inLanguage\":\"es\",\"@id\":\"https:\\\/\\\/www.uartes.edu.ec\\\/sitio\\\/#\\\/schema\\\/logo\\\/image\\\/\",\"url\":\"https:\\\/\\\/www.uartes.edu.ec\\\/sitio\\\/wp-content\\\/uploads\\\/2022\\\/07\\\/logo-ua-horizontal.png\",\"contentUrl\":\"https:\\\/\\\/www.uartes.edu.ec\\\/sitio\\\/wp-content\\\/uploads\\\/2022\\\/07\\\/logo-ua-horizontal.png\",\"width\":800,\"height\":276,\"caption\":\"Universidad de las Artes\"},\"image\":{\"@id\":\"https:\\\/\\\/www.uartes.edu.ec\\\/sitio\\\/#\\\/schema\\\/logo\\\/image\\\/\"},\"sameAs\":[\"https:\\\/\\\/www.facebook.com\\\/uartesec\",\"https:\\\/\\\/x.com\\\/uartesec\",\"https:\\\/\\\/www.tiktok.com\\\/@uartesec\"]},{\"@type\":\"Person\",\"@id\":\"https:\\\/\\\/www.uartes.edu.ec\\\/sitio\\\/#\\\/schema\\\/person\\\/f33f8c1d2af0d5c80a38c8abf458184a\",\"name\":\"Universidad de las Artes\",\"image\":{\"@type\":\"ImageObject\",\"inLanguage\":\"es\",\"@id\":\"https:\\\/\\\/secure.gravatar.com\\\/avatar\\\/52e4757902f5cfa5ac52d020e5be83cae5487519154b6c35482fe08d589f3c13?s=96&d=mm&r=g\",\"url\":\"https:\\\/\\\/secure.gravatar.com\\\/avatar\\\/52e4757902f5cfa5ac52d020e5be83cae5487519154b6c35482fe08d589f3c13?s=96&d=mm&r=g\",\"contentUrl\":\"https:\\\/\\\/secure.gravatar.com\\\/avatar\\\/52e4757902f5cfa5ac52d020e5be83cae5487519154b6c35482fe08d589f3c13?s=96&d=mm&r=g\",\"caption\":\"Universidad de las Artes\"},\"url\":\"https:\\\/\\\/www.uartes.edu.ec\\\/sitio\\\/blog\\\/author\\\/dircomadm\\\/\"}]}<\/script>\n<!-- \/ Yoast SEO plugin. -->","yoast_head_json":{"title":"Universidad de las Artes - Universidad de la Artes forma parte del Proyecto Debussy","description":"Universidad de las Artes - Universidad de la Artes forma parte del Proyecto Debussy","robots":{"index":"index","follow":"follow","max-snippet":"max-snippet:-1","max-image-preview":"max-image-preview:large","max-video-preview":"max-video-preview:-1"},"canonical":"https:\/\/www.uartes.edu.ec\/sitio\/blog\/2018\/10\/19\/universidad-de-la-artes-forma-parte-del-proyecto-debussy\/","og_locale":"es_ES","og_type":"article","og_title":"Universidad de las Artes - Universidad de la Artes forma parte del Proyecto Debussy","og_description":"Universidad de las Artes - Universidad de la Artes forma parte del Proyecto Debussy","og_url":"https:\/\/www.uartes.edu.ec\/sitio\/blog\/2018\/10\/19\/universidad-de-la-artes-forma-parte-del-proyecto-debussy\/","og_site_name":"Universidad de las Artes","article_publisher":"https:\/\/www.facebook.com\/uartesec","article_published_time":"2018-10-19T20:37:45+00:00","article_modified_time":"2024-07-04T16:53:44+00:00","og_image":[{"width":1132,"height":510,"url":"https:\/\/www.uartes.edu.ec\/sitio\/wp-content\/uploads\/2018\/10\/Universidad-de-la-Artes-forma-parte-del-Proyecto-Debussy.jpg","type":"image\/jpeg"}],"author":"Universidad de las Artes","twitter_card":"summary_large_image","twitter_creator":"@uartesec","twitter_site":"@uartesec","twitter_misc":{"Escrito por":"Universidad de las Artes","Tiempo de lectura":"1 minuto"},"schema":{"@context":"https:\/\/schema.org","@graph":[{"@type":"Article","@id":"https:\/\/www.uartes.edu.ec\/sitio\/blog\/2018\/10\/19\/universidad-de-la-artes-forma-parte-del-proyecto-debussy\/#article","isPartOf":{"@id":"https:\/\/www.uartes.edu.ec\/sitio\/blog\/2018\/10\/19\/universidad-de-la-artes-forma-parte-del-proyecto-debussy\/"},"author":{"name":"Universidad de las Artes","@id":"https:\/\/www.uartes.edu.ec\/sitio\/#\/schema\/person\/f33f8c1d2af0d5c80a38c8abf458184a"},"headline":"Universidad de la Artes forma parte del Proyecto Debussy","datePublished":"2018-10-19T20:37:45+00:00","dateModified":"2024-07-04T16:53:44+00:00","mainEntityOfPage":{"@id":"https:\/\/www.uartes.edu.ec\/sitio\/blog\/2018\/10\/19\/universidad-de-la-artes-forma-parte-del-proyecto-debussy\/"},"wordCount":172,"publisher":{"@id":"https:\/\/www.uartes.edu.ec\/sitio\/#organization"},"image":{"@id":"https:\/\/www.uartes.edu.ec\/sitio\/blog\/2018\/10\/19\/universidad-de-la-artes-forma-parte-del-proyecto-debussy\/#primaryimage"},"thumbnailUrl":"https:\/\/www.uartes.edu.ec\/sitio\/wp-content\/uploads\/2018\/10\/Universidad-de-la-Artes-forma-parte-del-Proyecto-Debussy.jpg","articleSection":["Artes","Gesti\u00f3n"],"inLanguage":"es"},{"@type":["WebPage","ItemPage"],"@id":"https:\/\/www.uartes.edu.ec\/sitio\/blog\/2018\/10\/19\/universidad-de-la-artes-forma-parte-del-proyecto-debussy\/","url":"https:\/\/www.uartes.edu.ec\/sitio\/blog\/2018\/10\/19\/universidad-de-la-artes-forma-parte-del-proyecto-debussy\/","name":"Universidad de las Artes - Universidad de la Artes forma parte del Proyecto Debussy","isPartOf":{"@id":"https:\/\/www.uartes.edu.ec\/sitio\/#website"},"primaryImageOfPage":{"@id":"https:\/\/www.uartes.edu.ec\/sitio\/blog\/2018\/10\/19\/universidad-de-la-artes-forma-parte-del-proyecto-debussy\/#primaryimage"},"image":{"@id":"https:\/\/www.uartes.edu.ec\/sitio\/blog\/2018\/10\/19\/universidad-de-la-artes-forma-parte-del-proyecto-debussy\/#primaryimage"},"thumbnailUrl":"https:\/\/www.uartes.edu.ec\/sitio\/wp-content\/uploads\/2018\/10\/Universidad-de-la-Artes-forma-parte-del-Proyecto-Debussy.jpg","datePublished":"2018-10-19T20:37:45+00:00","dateModified":"2024-07-04T16:53:44+00:00","description":"Universidad de las Artes - Universidad de la Artes forma parte del Proyecto Debussy","breadcrumb":{"@id":"https:\/\/www.uartes.edu.ec\/sitio\/blog\/2018\/10\/19\/universidad-de-la-artes-forma-parte-del-proyecto-debussy\/#breadcrumb"},"inLanguage":"es","potentialAction":[{"@type":"ReadAction","target":["https:\/\/www.uartes.edu.ec\/sitio\/blog\/2018\/10\/19\/universidad-de-la-artes-forma-parte-del-proyecto-debussy\/"]}]},{"@type":"ImageObject","inLanguage":"es","@id":"https:\/\/www.uartes.edu.ec\/sitio\/blog\/2018\/10\/19\/universidad-de-la-artes-forma-parte-del-proyecto-debussy\/#primaryimage","url":"https:\/\/www.uartes.edu.ec\/sitio\/wp-content\/uploads\/2018\/10\/Universidad-de-la-Artes-forma-parte-del-Proyecto-Debussy.jpg","contentUrl":"https:\/\/www.uartes.edu.ec\/sitio\/wp-content\/uploads\/2018\/10\/Universidad-de-la-Artes-forma-parte-del-Proyecto-Debussy.jpg","width":1132,"height":510},{"@type":"BreadcrumbList","@id":"https:\/\/www.uartes.edu.ec\/sitio\/blog\/2018\/10\/19\/universidad-de-la-artes-forma-parte-del-proyecto-debussy\/#breadcrumb","itemListElement":[{"@type":"ListItem","position":1,"name":"Inicio","item":"https:\/\/www.uartes.edu.ec\/sitio\/"},{"@type":"ListItem","position":2,"name":"Universidad de la Artes forma parte del Proyecto Debussy"}]},{"@type":"WebSite","@id":"https:\/\/www.uartes.edu.ec\/sitio\/#website","url":"https:\/\/www.uartes.edu.ec\/sitio\/","name":"Universidad de las Artes","description":"Sitio oficial de la Universidad Nacional de las Artes del Ecuador","publisher":{"@id":"https:\/\/www.uartes.edu.ec\/sitio\/#organization"},"potentialAction":[{"@type":"SearchAction","target":{"@type":"EntryPoint","urlTemplate":"https:\/\/www.uartes.edu.ec\/sitio\/?s={search_term_string}"},"query-input":{"@type":"PropertyValueSpecification","valueRequired":true,"valueName":"search_term_string"}}],"inLanguage":"es"},{"@type":"Organization","@id":"https:\/\/www.uartes.edu.ec\/sitio\/#organization","name":"Universidad de las Artes","url":"https:\/\/www.uartes.edu.ec\/sitio\/","logo":{"@type":"ImageObject","inLanguage":"es","@id":"https:\/\/www.uartes.edu.ec\/sitio\/#\/schema\/logo\/image\/","url":"https:\/\/www.uartes.edu.ec\/sitio\/wp-content\/uploads\/2022\/07\/logo-ua-horizontal.png","contentUrl":"https:\/\/www.uartes.edu.ec\/sitio\/wp-content\/uploads\/2022\/07\/logo-ua-horizontal.png","width":800,"height":276,"caption":"Universidad de las Artes"},"image":{"@id":"https:\/\/www.uartes.edu.ec\/sitio\/#\/schema\/logo\/image\/"},"sameAs":["https:\/\/www.facebook.com\/uartesec","https:\/\/x.com\/uartesec","https:\/\/www.tiktok.com\/@uartesec"]},{"@type":"Person","@id":"https:\/\/www.uartes.edu.ec\/sitio\/#\/schema\/person\/f33f8c1d2af0d5c80a38c8abf458184a","name":"Universidad de las Artes","image":{"@type":"ImageObject","inLanguage":"es","@id":"https:\/\/secure.gravatar.com\/avatar\/52e4757902f5cfa5ac52d020e5be83cae5487519154b6c35482fe08d589f3c13?s=96&d=mm&r=g","url":"https:\/\/secure.gravatar.com\/avatar\/52e4757902f5cfa5ac52d020e5be83cae5487519154b6c35482fe08d589f3c13?s=96&d=mm&r=g","contentUrl":"https:\/\/secure.gravatar.com\/avatar\/52e4757902f5cfa5ac52d020e5be83cae5487519154b6c35482fe08d589f3c13?s=96&d=mm&r=g","caption":"Universidad de las Artes"},"url":"https:\/\/www.uartes.edu.ec\/sitio\/blog\/author\/dircomadm\/"}]}},"uagb_featured_image_src":{"full":["https:\/\/www.uartes.edu.ec\/sitio\/wp-content\/uploads\/2018\/10\/Universidad-de-la-Artes-forma-parte-del-Proyecto-Debussy.jpg",1132,510,false],"thumbnail":["https:\/\/www.uartes.edu.ec\/sitio\/wp-content\/uploads\/2018\/10\/Universidad-de-la-Artes-forma-parte-del-Proyecto-Debussy-150x150.jpg",150,150,true],"medium":["https:\/\/www.uartes.edu.ec\/sitio\/wp-content\/uploads\/2018\/10\/Universidad-de-la-Artes-forma-parte-del-Proyecto-Debussy-300x135.jpg",300,135,true],"medium_large":["https:\/\/www.uartes.edu.ec\/sitio\/wp-content\/uploads\/2018\/10\/Universidad-de-la-Artes-forma-parte-del-Proyecto-Debussy-768x346.jpg",768,346,true],"large":["https:\/\/www.uartes.edu.ec\/sitio\/wp-content\/uploads\/2018\/10\/Universidad-de-la-Artes-forma-parte-del-Proyecto-Debussy-1024x461.jpg",644,290,true],"1536x1536":["https:\/\/www.uartes.edu.ec\/sitio\/wp-content\/uploads\/2018\/10\/Universidad-de-la-Artes-forma-parte-del-Proyecto-Debussy.jpg",1132,510,false],"2048x2048":["https:\/\/www.uartes.edu.ec\/sitio\/wp-content\/uploads\/2018\/10\/Universidad-de-la-Artes-forma-parte-del-Proyecto-Debussy.jpg",1132,510,false],"trp-custom-language-flag":["https:\/\/www.uartes.edu.ec\/sitio\/wp-content\/uploads\/2018\/10\/Universidad-de-la-Artes-forma-parte-del-Proyecto-Debussy.jpg",18,8,false],"htmega_size_585x295":["https:\/\/www.uartes.edu.ec\/sitio\/wp-content\/uploads\/2018\/10\/Universidad-de-la-Artes-forma-parte-del-Proyecto-Debussy.jpg",585,264,false],"htmega_size_1170x536":["https:\/\/www.uartes.edu.ec\/sitio\/wp-content\/uploads\/2018\/10\/Universidad-de-la-Artes-forma-parte-del-Proyecto-Debussy.jpg",1132,510,false],"htmega_size_396x360":["https:\/\/www.uartes.edu.ec\/sitio\/wp-content\/uploads\/2018\/10\/Universidad-de-la-Artes-forma-parte-del-Proyecto-Debussy.jpg",396,178,false],"gb-block-post-grid-landscape":["https:\/\/www.uartes.edu.ec\/sitio\/wp-content\/uploads\/2018\/10\/Universidad-de-la-Artes-forma-parte-del-Proyecto-Debussy.jpg",600,270,false],"gb-block-post-grid-square":["https:\/\/www.uartes.edu.ec\/sitio\/wp-content\/uploads\/2018\/10\/Universidad-de-la-Artes-forma-parte-del-Proyecto-Debussy.jpg",600,270,false],"university-hub-thumb":["https:\/\/www.uartes.edu.ec\/sitio\/wp-content\/uploads\/2018\/10\/Universidad-de-la-Artes-forma-parte-del-Proyecto-Debussy.jpg",400,180,false]},"uagb_author_info":{"display_name":"Universidad de las Artes","author_link":"https:\/\/www.uartes.edu.ec\/sitio\/blog\/author\/dircomadm\/"},"uagb_comment_info":0,"uagb_excerpt":"En relaci\u00f3n al convenio de cooperaci\u00f3n entre el Conservatorio Nacional Superior de M\u00fasica y Danza de Par\u00eds (CNSMDP) y la Universidad de la Artes, se realizar\u00e1 conjuntamente el proyecto pedag\u00f3gico \u201cClaude Debussy\u201d, en honor al cent\u00e9simo aniversario de fallecimiento del compositor. Esto consiste en un encuentro musical entre estudiantes de ambas universidades con el fin&hellip;","featured_image_src":"https:\/\/www.uartes.edu.ec\/sitio\/wp-content\/uploads\/2018\/10\/Universidad-de-la-Artes-forma-parte-del-Proyecto-Debussy.jpg","featured_image_src_square":"https:\/\/www.uartes.edu.ec\/sitio\/wp-content\/uploads\/2018\/10\/Universidad-de-la-Artes-forma-parte-del-Proyecto-Debussy.jpg","author_info":{"display_name":"Universidad de las Artes","author_link":"https:\/\/www.uartes.edu.ec\/sitio\/blog\/author\/dircomadm\/"},"publishpress_future_workflow_manual_trigger":{"enabledWorkflows":[]},"distributor_meta":false,"distributor_terms":false,"distributor_media":false,"distributor_original_site_name":"Universidad de las Artes","distributor_original_site_url":"https:\/\/www.uartes.edu.ec\/sitio","push-errors":false,"_links":{"self":[{"href":"https:\/\/www.uartes.edu.ec\/sitio\/wp-json\/wp\/v2\/posts\/2634","targetHints":{"allow":["GET"]}}],"collection":[{"href":"https:\/\/www.uartes.edu.ec\/sitio\/wp-json\/wp\/v2\/posts"}],"about":[{"href":"https:\/\/www.uartes.edu.ec\/sitio\/wp-json\/wp\/v2\/types\/post"}],"author":[{"embeddable":true,"href":"https:\/\/www.uartes.edu.ec\/sitio\/wp-json\/wp\/v2\/users\/1"}],"replies":[{"embeddable":true,"href":"https:\/\/www.uartes.edu.ec\/sitio\/wp-json\/wp\/v2\/comments?post=2634"}],"version-history":[{"count":1,"href":"https:\/\/www.uartes.edu.ec\/sitio\/wp-json\/wp\/v2\/posts\/2634\/revisions"}],"predecessor-version":[{"id":2636,"href":"https:\/\/www.uartes.edu.ec\/sitio\/wp-json\/wp\/v2\/posts\/2634\/revisions\/2636"}],"wp:featuredmedia":[{"embeddable":true,"href":"https:\/\/www.uartes.edu.ec\/sitio\/wp-json\/wp\/v2\/media\/2635"}],"wp:attachment":[{"href":"https:\/\/www.uartes.edu.ec\/sitio\/wp-json\/wp\/v2\/media?parent=2634"}],"wp:term":[{"taxonomy":"category","embeddable":true,"href":"https:\/\/www.uartes.edu.ec\/sitio\/wp-json\/wp\/v2\/categories?post=2634"},{"taxonomy":"post_tag","embeddable":true,"href":"https:\/\/www.uartes.edu.ec\/sitio\/wp-json\/wp\/v2\/tags?post=2634"},{"taxonomy":"infouartes","embeddable":true,"href":"https:\/\/www.uartes.edu.ec\/sitio\/wp-json\/wp\/v2\/infouartes?post=2634"}],"curies":[{"name":"wp","href":"https:\/\/api.w.org\/{rel}","templated":true}]}}