{"id":2637,"date":"2018-10-19T16:13:07","date_gmt":"2018-10-19T21:13:07","guid":{"rendered":"http:\/\/www.uartes.edu.ec\/sitio\/?p=2637"},"modified":"2024-07-04T11:53:44","modified_gmt":"2024-07-04T16:53:44","slug":"universidad-de-las-artes-presenta-edificio-tabara","status":"publish","type":"post","link":"https:\/\/www.uartes.edu.ec\/sitio\/blog\/2018\/10\/19\/universidad-de-las-artes-presenta-edificio-tabara\/","title":{"rendered":"Universidad de las Artes presenta Edificio T\u00e1bara"},"content":{"rendered":"\n<p>Como una muestra de\nreconocimiento a unos de los pintores m\u00e1s importantes del pa\u00eds, la&nbsp;<strong>Universidad de las Artes <\/strong>present\u00f3,\neste jueves 18 de octubre de 2018, el edificio Enrique T\u00e1bara; esto como un\nhomenaje al artista&nbsp;<strong>guayaquile\u00f1o<\/strong>&nbsp;por su vasto recorrido\nprofesional. La edificaci\u00f3n est\u00e1 ubicada en la calle Aguirre, entre Chile y\nPedro Carbo.<\/p>\n\n\n\n<p><em>Xavier<\/em>&nbsp;Pati\u00f1o, director de la Escuela de Artes Visuales de la UArtes,\nindica que el espacio est\u00e1 pensado para la pr\u00e1ctica de las artes visuales y\nsonoras y describe su apertura como un momento especial e importante, esto\nsumado a la presencia de uno de&nbsp;los maestros m\u00e1s importantes de nuestro\ntiempo. <\/p>\n\n\n\n<p>\u201cLos\nartistas visuales y las artes sonoras tenemos al fin talleres y un espacio\ncom\u00fan para compartir y cohabitar; tuvimos que luchar contra muchos obst\u00e1culos y\nesto es un claro ejemplo de c\u00f3mo hacer los sue\u00f1os realidad, este es\nel&nbsp;principio de un gran proyecto de la universidad\u201d, afirm\u00f3 Andrey\nAstaiza, Director de la Escuela de Artes Sonoras de la&nbsp;UArtes.<\/p>\n\n\n\n<p>\u201cEs\nuna gran emoci\u00f3n tener en persona a quien le regala su trayectoria art\u00edstica y\nhumana a este edificio, que ahora cobra vida propia\u201d, se\u00f1ala Mar\u00eda Paulina\nSoto, Vicerrectora Acad\u00e9mica de la\nUniversidad de las Artes; adem\u00e1s hizo un pedido a las nuevas\ngeneraciones para&nbsp;que indaguen la vida de los&nbsp;personajes, que\nconstruyen puentes generacionales en la comunidad.<\/p>\n\n\n\n<p>M\u00f3nica\nEspinel, historiadora de arte, comparti\u00f3 su experiencia al conocer a T\u00e1bara, a\ntrav\u00e9s de una investigaci\u00f3n de su trabajo art\u00edstico. <\/p>\n\n\n\n<p>&nbsp;\u201cEnrique es admirable porque nunca ha dejado de explorar,\ninvestigar y trabajar en obras que siguen siendo para nosotros elementos de\nan\u00e1lisis, aprendizaje y observaci\u00f3n. Me siento honrada de estar hoy aqu\u00ed. Lo\nfelicito a Enrique y a todos los que hacen la Universidad de las Artes y han\nhecho de esta apertura una realidad que tendr\u00e1 excelentes consecuencias\u201d afirm\u00f3\nEspinel.<\/p>\n\n\n\n<figure class=\"wp-block-image\"><img fetchpriority=\"high\" decoding=\"async\" width=\"4055\" height=\"2380\" src=\"http:\/\/www.uartes.edu.ec\/sitio\/wp-content\/uploads\/2018\/10\/17.jpg\" alt=\"\" class=\"wp-image-2638\" srcset=\"https:\/\/www.uartes.edu.ec\/sitio\/wp-content\/uploads\/2018\/10\/17.jpg 4055w, https:\/\/www.uartes.edu.ec\/sitio\/wp-content\/uploads\/2018\/10\/17-300x176.jpg 300w, https:\/\/www.uartes.edu.ec\/sitio\/wp-content\/uploads\/2018\/10\/17-768x451.jpg 768w, https:\/\/www.uartes.edu.ec\/sitio\/wp-content\/uploads\/2018\/10\/17-1024x601.jpg 1024w\" sizes=\"(max-width: 4055px) 100vw, 4055px\" \/><\/figure>\n\n\n\n<p>Ramiro Noriega, rector\nde la UArtes sostiene que es un privilegio enorme hacer una universidad\nin\u00e9dita, una Universidad en las Artes. \u201cLa raz\u00f3n por la que trabajamos en estos\nedificios es por ustedes, los estudiantes, pues son personas que se dedican al\narte y ese es su derecho. Recuperamos casi 3 mil metros cuadrados con una\ninversi\u00f3n de 215 mil d\u00f3lares y eso es poco para lo valioso de la creaci\u00f3n\nart\u00edstica. Puntualiza que \u201cLa educaci\u00f3n en artes es un derecho y la cultura es\npara todos, defendamos este espacio que es para ustedes&#8221;.<\/p>\n\n\n\n<p>Al\nfinal del evento, el maestro&nbsp;Enrique T\u00e1bara, se refiri\u00f3 al homenaje como\n\u201cUno de los mejores premios que he obtenido en mi vida y carrera de pintor,\nasimismo los felicito por tener un lugar para desarrollar su talento\u201d. Para\nconcluir hizo un llamado a continuar con la responsabilidad de mantener la\ntradici\u00f3n de grandes pintores del pa\u00eds y sobre todo de Guayaquil.<\/p>\n","protected":false},"excerpt":{"rendered":"<p>Como una muestra de reconocimiento a unos de los pintores m\u00e1s importantes del pa\u00eds, la&nbsp;Universidad de las Artes present\u00f3, este jueves 18 de octubre de 2018, el edificio Enrique T\u00e1bara; esto como un homenaje al artista&nbsp;guayaquile\u00f1o&nbsp;por su vasto recorrido profesional. La edificaci\u00f3n est\u00e1 ubicada en la calle Aguirre, entre Chile y Pedro Carbo. Xavier&nbsp;Pati\u00f1o, director [&hellip;]<\/p>\n","protected":false},"author":1,"featured_media":2641,"comment_status":"closed","ping_status":"closed","sticky":false,"template":"","format":"standard","meta":{"_acf_changed":false,"_uag_custom_page_level_css":"","_monsterinsights_skip_tracking":false,"_monsterinsights_sitenote_active":false,"_monsterinsights_sitenote_note":"","_monsterinsights_sitenote_category":0,"cybocfi_hide_featured_image":"","footnotes":""},"categories":[77],"tags":[],"infouartes":[],"class_list":["post-2637","post","type-post","status-publish","format-standard","has-post-thumbnail","hentry","category-gestion"],"acf":[],"yoast_head":"<!-- This site is optimized with the Yoast SEO plugin v27.4 - https:\/\/yoast.com\/product\/yoast-seo-wordpress\/ -->\n<title>Universidad de las Artes - Universidad de las Artes presenta Edificio T\u00e1bara<\/title>\n<meta name=\"description\" content=\"Universidad de las Artes - Universidad de las Artes presenta Edificio T\u00e1bara\" \/>\n<meta name=\"robots\" content=\"index, follow, max-snippet:-1, max-image-preview:large, max-video-preview:-1\" \/>\n<link rel=\"canonical\" href=\"https:\/\/www.uartes.edu.ec\/sitio\/blog\/2018\/10\/19\/universidad-de-las-artes-presenta-edificio-tabara\/\" \/>\n<meta property=\"og:locale\" content=\"es_ES\" \/>\n<meta property=\"og:type\" content=\"article\" \/>\n<meta property=\"og:title\" content=\"Universidad de las Artes - Universidad de las Artes presenta Edificio T\u00e1bara\" \/>\n<meta property=\"og:description\" content=\"Universidad de las Artes - Universidad de las Artes presenta Edificio T\u00e1bara\" \/>\n<meta property=\"og:url\" content=\"https:\/\/www.uartes.edu.ec\/sitio\/blog\/2018\/10\/19\/universidad-de-las-artes-presenta-edificio-tabara\/\" \/>\n<meta property=\"og:site_name\" content=\"Universidad de las Artes\" \/>\n<meta property=\"article:publisher\" content=\"https:\/\/www.facebook.com\/uartesec\" \/>\n<meta property=\"article:published_time\" content=\"2018-10-19T21:13:07+00:00\" \/>\n<meta property=\"article:modified_time\" content=\"2024-07-04T16:53:44+00:00\" \/>\n<meta property=\"og:image\" content=\"https:\/\/www.uartes.edu.ec\/sitio\/wp-content\/uploads\/2018\/10\/Universidad-de-las-Artes-presenta-Edificio-Tabara.jpg\" \/>\n\t<meta property=\"og:image:width\" content=\"1132\" \/>\n\t<meta property=\"og:image:height\" content=\"510\" \/>\n\t<meta property=\"og:image:type\" content=\"image\/jpeg\" \/>\n<meta name=\"author\" content=\"Universidad de las Artes\" \/>\n<meta name=\"twitter:card\" content=\"summary_large_image\" \/>\n<meta name=\"twitter:creator\" content=\"@uartesec\" \/>\n<meta name=\"twitter:site\" content=\"@uartesec\" \/>\n<meta name=\"twitter:label1\" content=\"Escrito por\" \/>\n\t<meta name=\"twitter:data1\" content=\"Universidad de las Artes\" \/>\n\t<meta name=\"twitter:label2\" content=\"Tiempo de lectura\" \/>\n\t<meta name=\"twitter:data2\" content=\"3 minutos\" \/>\n<script type=\"application\/ld+json\" class=\"yoast-schema-graph\">{\"@context\":\"https:\\\/\\\/schema.org\",\"@graph\":[{\"@type\":\"Article\",\"@id\":\"https:\\\/\\\/www.uartes.edu.ec\\\/sitio\\\/blog\\\/2018\\\/10\\\/19\\\/universidad-de-las-artes-presenta-edificio-tabara\\\/#article\",\"isPartOf\":{\"@id\":\"https:\\\/\\\/www.uartes.edu.ec\\\/sitio\\\/blog\\\/2018\\\/10\\\/19\\\/universidad-de-las-artes-presenta-edificio-tabara\\\/\"},\"author\":{\"name\":\"Universidad de las Artes\",\"@id\":\"https:\\\/\\\/www.uartes.edu.ec\\\/sitio\\\/#\\\/schema\\\/person\\\/f33f8c1d2af0d5c80a38c8abf458184a\"},\"headline\":\"Universidad de las Artes presenta Edificio T\u00e1bara\",\"datePublished\":\"2018-10-19T21:13:07+00:00\",\"dateModified\":\"2024-07-04T16:53:44+00:00\",\"mainEntityOfPage\":{\"@id\":\"https:\\\/\\\/www.uartes.edu.ec\\\/sitio\\\/blog\\\/2018\\\/10\\\/19\\\/universidad-de-las-artes-presenta-edificio-tabara\\\/\"},\"wordCount\":517,\"publisher\":{\"@id\":\"https:\\\/\\\/www.uartes.edu.ec\\\/sitio\\\/#organization\"},\"image\":{\"@id\":\"https:\\\/\\\/www.uartes.edu.ec\\\/sitio\\\/blog\\\/2018\\\/10\\\/19\\\/universidad-de-las-artes-presenta-edificio-tabara\\\/#primaryimage\"},\"thumbnailUrl\":\"https:\\\/\\\/www.uartes.edu.ec\\\/sitio\\\/wp-content\\\/uploads\\\/2018\\\/10\\\/Universidad-de-las-Artes-presenta-Edificio-Tabara.jpg\",\"articleSection\":[\"Gesti\u00f3n\"],\"inLanguage\":\"es\"},{\"@type\":[\"WebPage\",\"ItemPage\"],\"@id\":\"https:\\\/\\\/www.uartes.edu.ec\\\/sitio\\\/blog\\\/2018\\\/10\\\/19\\\/universidad-de-las-artes-presenta-edificio-tabara\\\/\",\"url\":\"https:\\\/\\\/www.uartes.edu.ec\\\/sitio\\\/blog\\\/2018\\\/10\\\/19\\\/universidad-de-las-artes-presenta-edificio-tabara\\\/\",\"name\":\"Universidad de las Artes - Universidad de las Artes presenta Edificio T\u00e1bara\",\"isPartOf\":{\"@id\":\"https:\\\/\\\/www.uartes.edu.ec\\\/sitio\\\/#website\"},\"primaryImageOfPage\":{\"@id\":\"https:\\\/\\\/www.uartes.edu.ec\\\/sitio\\\/blog\\\/2018\\\/10\\\/19\\\/universidad-de-las-artes-presenta-edificio-tabara\\\/#primaryimage\"},\"image\":{\"@id\":\"https:\\\/\\\/www.uartes.edu.ec\\\/sitio\\\/blog\\\/2018\\\/10\\\/19\\\/universidad-de-las-artes-presenta-edificio-tabara\\\/#primaryimage\"},\"thumbnailUrl\":\"https:\\\/\\\/www.uartes.edu.ec\\\/sitio\\\/wp-content\\\/uploads\\\/2018\\\/10\\\/Universidad-de-las-Artes-presenta-Edificio-Tabara.jpg\",\"datePublished\":\"2018-10-19T21:13:07+00:00\",\"dateModified\":\"2024-07-04T16:53:44+00:00\",\"description\":\"Universidad de las Artes - Universidad de las Artes presenta Edificio T\u00e1bara\",\"breadcrumb\":{\"@id\":\"https:\\\/\\\/www.uartes.edu.ec\\\/sitio\\\/blog\\\/2018\\\/10\\\/19\\\/universidad-de-las-artes-presenta-edificio-tabara\\\/#breadcrumb\"},\"inLanguage\":\"es\",\"potentialAction\":[{\"@type\":\"ReadAction\",\"target\":[\"https:\\\/\\\/www.uartes.edu.ec\\\/sitio\\\/blog\\\/2018\\\/10\\\/19\\\/universidad-de-las-artes-presenta-edificio-tabara\\\/\"]}]},{\"@type\":\"ImageObject\",\"inLanguage\":\"es\",\"@id\":\"https:\\\/\\\/www.uartes.edu.ec\\\/sitio\\\/blog\\\/2018\\\/10\\\/19\\\/universidad-de-las-artes-presenta-edificio-tabara\\\/#primaryimage\",\"url\":\"https:\\\/\\\/www.uartes.edu.ec\\\/sitio\\\/wp-content\\\/uploads\\\/2018\\\/10\\\/Universidad-de-las-Artes-presenta-Edificio-Tabara.jpg\",\"contentUrl\":\"https:\\\/\\\/www.uartes.edu.ec\\\/sitio\\\/wp-content\\\/uploads\\\/2018\\\/10\\\/Universidad-de-las-Artes-presenta-Edificio-Tabara.jpg\",\"width\":1132,\"height\":510},{\"@type\":\"BreadcrumbList\",\"@id\":\"https:\\\/\\\/www.uartes.edu.ec\\\/sitio\\\/blog\\\/2018\\\/10\\\/19\\\/universidad-de-las-artes-presenta-edificio-tabara\\\/#breadcrumb\",\"itemListElement\":[{\"@type\":\"ListItem\",\"position\":1,\"name\":\"Inicio\",\"item\":\"https:\\\/\\\/www.uartes.edu.ec\\\/sitio\\\/\"},{\"@type\":\"ListItem\",\"position\":2,\"name\":\"Universidad de las Artes presenta Edificio T\u00e1bara\"}]},{\"@type\":\"WebSite\",\"@id\":\"https:\\\/\\\/www.uartes.edu.ec\\\/sitio\\\/#website\",\"url\":\"https:\\\/\\\/www.uartes.edu.ec\\\/sitio\\\/\",\"name\":\"Universidad de las Artes\",\"description\":\"Sitio oficial de la Universidad Nacional de las Artes del Ecuador\",\"publisher\":{\"@id\":\"https:\\\/\\\/www.uartes.edu.ec\\\/sitio\\\/#organization\"},\"potentialAction\":[{\"@type\":\"SearchAction\",\"target\":{\"@type\":\"EntryPoint\",\"urlTemplate\":\"https:\\\/\\\/www.uartes.edu.ec\\\/sitio\\\/?s={search_term_string}\"},\"query-input\":{\"@type\":\"PropertyValueSpecification\",\"valueRequired\":true,\"valueName\":\"search_term_string\"}}],\"inLanguage\":\"es\"},{\"@type\":\"Organization\",\"@id\":\"https:\\\/\\\/www.uartes.edu.ec\\\/sitio\\\/#organization\",\"name\":\"Universidad de las Artes\",\"url\":\"https:\\\/\\\/www.uartes.edu.ec\\\/sitio\\\/\",\"logo\":{\"@type\":\"ImageObject\",\"inLanguage\":\"es\",\"@id\":\"https:\\\/\\\/www.uartes.edu.ec\\\/sitio\\\/#\\\/schema\\\/logo\\\/image\\\/\",\"url\":\"https:\\\/\\\/www.uartes.edu.ec\\\/sitio\\\/wp-content\\\/uploads\\\/2022\\\/07\\\/logo-ua-horizontal.png\",\"contentUrl\":\"https:\\\/\\\/www.uartes.edu.ec\\\/sitio\\\/wp-content\\\/uploads\\\/2022\\\/07\\\/logo-ua-horizontal.png\",\"width\":800,\"height\":276,\"caption\":\"Universidad de las Artes\"},\"image\":{\"@id\":\"https:\\\/\\\/www.uartes.edu.ec\\\/sitio\\\/#\\\/schema\\\/logo\\\/image\\\/\"},\"sameAs\":[\"https:\\\/\\\/www.facebook.com\\\/uartesec\",\"https:\\\/\\\/x.com\\\/uartesec\",\"https:\\\/\\\/www.tiktok.com\\\/@uartesec\"]},{\"@type\":\"Person\",\"@id\":\"https:\\\/\\\/www.uartes.edu.ec\\\/sitio\\\/#\\\/schema\\\/person\\\/f33f8c1d2af0d5c80a38c8abf458184a\",\"name\":\"Universidad de las Artes\",\"image\":{\"@type\":\"ImageObject\",\"inLanguage\":\"es\",\"@id\":\"https:\\\/\\\/secure.gravatar.com\\\/avatar\\\/52e4757902f5cfa5ac52d020e5be83cae5487519154b6c35482fe08d589f3c13?s=96&d=mm&r=g\",\"url\":\"https:\\\/\\\/secure.gravatar.com\\\/avatar\\\/52e4757902f5cfa5ac52d020e5be83cae5487519154b6c35482fe08d589f3c13?s=96&d=mm&r=g\",\"contentUrl\":\"https:\\\/\\\/secure.gravatar.com\\\/avatar\\\/52e4757902f5cfa5ac52d020e5be83cae5487519154b6c35482fe08d589f3c13?s=96&d=mm&r=g\",\"caption\":\"Universidad de las Artes\"},\"url\":\"https:\\\/\\\/www.uartes.edu.ec\\\/sitio\\\/blog\\\/author\\\/dircomadm\\\/\"}]}<\/script>\n<!-- \/ Yoast SEO plugin. -->","yoast_head_json":{"title":"Universidad de las Artes - Universidad de las Artes presenta Edificio T\u00e1bara","description":"Universidad de las Artes - Universidad de las Artes presenta Edificio T\u00e1bara","robots":{"index":"index","follow":"follow","max-snippet":"max-snippet:-1","max-image-preview":"max-image-preview:large","max-video-preview":"max-video-preview:-1"},"canonical":"https:\/\/www.uartes.edu.ec\/sitio\/blog\/2018\/10\/19\/universidad-de-las-artes-presenta-edificio-tabara\/","og_locale":"es_ES","og_type":"article","og_title":"Universidad de las Artes - Universidad de las Artes presenta Edificio T\u00e1bara","og_description":"Universidad de las Artes - Universidad de las Artes presenta Edificio T\u00e1bara","og_url":"https:\/\/www.uartes.edu.ec\/sitio\/blog\/2018\/10\/19\/universidad-de-las-artes-presenta-edificio-tabara\/","og_site_name":"Universidad de las Artes","article_publisher":"https:\/\/www.facebook.com\/uartesec","article_published_time":"2018-10-19T21:13:07+00:00","article_modified_time":"2024-07-04T16:53:44+00:00","og_image":[{"width":1132,"height":510,"url":"https:\/\/www.uartes.edu.ec\/sitio\/wp-content\/uploads\/2018\/10\/Universidad-de-las-Artes-presenta-Edificio-Tabara.jpg","type":"image\/jpeg"}],"author":"Universidad de las Artes","twitter_card":"summary_large_image","twitter_creator":"@uartesec","twitter_site":"@uartesec","twitter_misc":{"Escrito por":"Universidad de las Artes","Tiempo de lectura":"3 minutos"},"schema":{"@context":"https:\/\/schema.org","@graph":[{"@type":"Article","@id":"https:\/\/www.uartes.edu.ec\/sitio\/blog\/2018\/10\/19\/universidad-de-las-artes-presenta-edificio-tabara\/#article","isPartOf":{"@id":"https:\/\/www.uartes.edu.ec\/sitio\/blog\/2018\/10\/19\/universidad-de-las-artes-presenta-edificio-tabara\/"},"author":{"name":"Universidad de las Artes","@id":"https:\/\/www.uartes.edu.ec\/sitio\/#\/schema\/person\/f33f8c1d2af0d5c80a38c8abf458184a"},"headline":"Universidad de las Artes presenta Edificio T\u00e1bara","datePublished":"2018-10-19T21:13:07+00:00","dateModified":"2024-07-04T16:53:44+00:00","mainEntityOfPage":{"@id":"https:\/\/www.uartes.edu.ec\/sitio\/blog\/2018\/10\/19\/universidad-de-las-artes-presenta-edificio-tabara\/"},"wordCount":517,"publisher":{"@id":"https:\/\/www.uartes.edu.ec\/sitio\/#organization"},"image":{"@id":"https:\/\/www.uartes.edu.ec\/sitio\/blog\/2018\/10\/19\/universidad-de-las-artes-presenta-edificio-tabara\/#primaryimage"},"thumbnailUrl":"https:\/\/www.uartes.edu.ec\/sitio\/wp-content\/uploads\/2018\/10\/Universidad-de-las-Artes-presenta-Edificio-Tabara.jpg","articleSection":["Gesti\u00f3n"],"inLanguage":"es"},{"@type":["WebPage","ItemPage"],"@id":"https:\/\/www.uartes.edu.ec\/sitio\/blog\/2018\/10\/19\/universidad-de-las-artes-presenta-edificio-tabara\/","url":"https:\/\/www.uartes.edu.ec\/sitio\/blog\/2018\/10\/19\/universidad-de-las-artes-presenta-edificio-tabara\/","name":"Universidad de las Artes - Universidad de las Artes presenta Edificio T\u00e1bara","isPartOf":{"@id":"https:\/\/www.uartes.edu.ec\/sitio\/#website"},"primaryImageOfPage":{"@id":"https:\/\/www.uartes.edu.ec\/sitio\/blog\/2018\/10\/19\/universidad-de-las-artes-presenta-edificio-tabara\/#primaryimage"},"image":{"@id":"https:\/\/www.uartes.edu.ec\/sitio\/blog\/2018\/10\/19\/universidad-de-las-artes-presenta-edificio-tabara\/#primaryimage"},"thumbnailUrl":"https:\/\/www.uartes.edu.ec\/sitio\/wp-content\/uploads\/2018\/10\/Universidad-de-las-Artes-presenta-Edificio-Tabara.jpg","datePublished":"2018-10-19T21:13:07+00:00","dateModified":"2024-07-04T16:53:44+00:00","description":"Universidad de las Artes - Universidad de las Artes presenta Edificio T\u00e1bara","breadcrumb":{"@id":"https:\/\/www.uartes.edu.ec\/sitio\/blog\/2018\/10\/19\/universidad-de-las-artes-presenta-edificio-tabara\/#breadcrumb"},"inLanguage":"es","potentialAction":[{"@type":"ReadAction","target":["https:\/\/www.uartes.edu.ec\/sitio\/blog\/2018\/10\/19\/universidad-de-las-artes-presenta-edificio-tabara\/"]}]},{"@type":"ImageObject","inLanguage":"es","@id":"https:\/\/www.uartes.edu.ec\/sitio\/blog\/2018\/10\/19\/universidad-de-las-artes-presenta-edificio-tabara\/#primaryimage","url":"https:\/\/www.uartes.edu.ec\/sitio\/wp-content\/uploads\/2018\/10\/Universidad-de-las-Artes-presenta-Edificio-Tabara.jpg","contentUrl":"https:\/\/www.uartes.edu.ec\/sitio\/wp-content\/uploads\/2018\/10\/Universidad-de-las-Artes-presenta-Edificio-Tabara.jpg","width":1132,"height":510},{"@type":"BreadcrumbList","@id":"https:\/\/www.uartes.edu.ec\/sitio\/blog\/2018\/10\/19\/universidad-de-las-artes-presenta-edificio-tabara\/#breadcrumb","itemListElement":[{"@type":"ListItem","position":1,"name":"Inicio","item":"https:\/\/www.uartes.edu.ec\/sitio\/"},{"@type":"ListItem","position":2,"name":"Universidad de las Artes presenta Edificio T\u00e1bara"}]},{"@type":"WebSite","@id":"https:\/\/www.uartes.edu.ec\/sitio\/#website","url":"https:\/\/www.uartes.edu.ec\/sitio\/","name":"Universidad de las Artes","description":"Sitio oficial de la Universidad Nacional de las Artes del Ecuador","publisher":{"@id":"https:\/\/www.uartes.edu.ec\/sitio\/#organization"},"potentialAction":[{"@type":"SearchAction","target":{"@type":"EntryPoint","urlTemplate":"https:\/\/www.uartes.edu.ec\/sitio\/?s={search_term_string}"},"query-input":{"@type":"PropertyValueSpecification","valueRequired":true,"valueName":"search_term_string"}}],"inLanguage":"es"},{"@type":"Organization","@id":"https:\/\/www.uartes.edu.ec\/sitio\/#organization","name":"Universidad de las Artes","url":"https:\/\/www.uartes.edu.ec\/sitio\/","logo":{"@type":"ImageObject","inLanguage":"es","@id":"https:\/\/www.uartes.edu.ec\/sitio\/#\/schema\/logo\/image\/","url":"https:\/\/www.uartes.edu.ec\/sitio\/wp-content\/uploads\/2022\/07\/logo-ua-horizontal.png","contentUrl":"https:\/\/www.uartes.edu.ec\/sitio\/wp-content\/uploads\/2022\/07\/logo-ua-horizontal.png","width":800,"height":276,"caption":"Universidad de las Artes"},"image":{"@id":"https:\/\/www.uartes.edu.ec\/sitio\/#\/schema\/logo\/image\/"},"sameAs":["https:\/\/www.facebook.com\/uartesec","https:\/\/x.com\/uartesec","https:\/\/www.tiktok.com\/@uartesec"]},{"@type":"Person","@id":"https:\/\/www.uartes.edu.ec\/sitio\/#\/schema\/person\/f33f8c1d2af0d5c80a38c8abf458184a","name":"Universidad de las Artes","image":{"@type":"ImageObject","inLanguage":"es","@id":"https:\/\/secure.gravatar.com\/avatar\/52e4757902f5cfa5ac52d020e5be83cae5487519154b6c35482fe08d589f3c13?s=96&d=mm&r=g","url":"https:\/\/secure.gravatar.com\/avatar\/52e4757902f5cfa5ac52d020e5be83cae5487519154b6c35482fe08d589f3c13?s=96&d=mm&r=g","contentUrl":"https:\/\/secure.gravatar.com\/avatar\/52e4757902f5cfa5ac52d020e5be83cae5487519154b6c35482fe08d589f3c13?s=96&d=mm&r=g","caption":"Universidad de las Artes"},"url":"https:\/\/www.uartes.edu.ec\/sitio\/blog\/author\/dircomadm\/"}]}},"uagb_featured_image_src":{"full":["https:\/\/www.uartes.edu.ec\/sitio\/wp-content\/uploads\/2018\/10\/Universidad-de-las-Artes-presenta-Edificio-Tabara.jpg",1132,510,false],"thumbnail":["https:\/\/www.uartes.edu.ec\/sitio\/wp-content\/uploads\/2018\/10\/Universidad-de-las-Artes-presenta-Edificio-Tabara-150x150.jpg",150,150,true],"medium":["https:\/\/www.uartes.edu.ec\/sitio\/wp-content\/uploads\/2018\/10\/Universidad-de-las-Artes-presenta-Edificio-Tabara-300x135.jpg",300,135,true],"medium_large":["https:\/\/www.uartes.edu.ec\/sitio\/wp-content\/uploads\/2018\/10\/Universidad-de-las-Artes-presenta-Edificio-Tabara-768x346.jpg",768,346,true],"large":["https:\/\/www.uartes.edu.ec\/sitio\/wp-content\/uploads\/2018\/10\/Universidad-de-las-Artes-presenta-Edificio-Tabara-1024x461.jpg",644,290,true],"1536x1536":["https:\/\/www.uartes.edu.ec\/sitio\/wp-content\/uploads\/2018\/10\/Universidad-de-las-Artes-presenta-Edificio-Tabara.jpg",1132,510,false],"2048x2048":["https:\/\/www.uartes.edu.ec\/sitio\/wp-content\/uploads\/2018\/10\/Universidad-de-las-Artes-presenta-Edificio-Tabara.jpg",1132,510,false],"trp-custom-language-flag":["https:\/\/www.uartes.edu.ec\/sitio\/wp-content\/uploads\/2018\/10\/Universidad-de-las-Artes-presenta-Edificio-Tabara.jpg",18,8,false],"htmega_size_585x295":["https:\/\/www.uartes.edu.ec\/sitio\/wp-content\/uploads\/2018\/10\/Universidad-de-las-Artes-presenta-Edificio-Tabara.jpg",585,264,false],"htmega_size_1170x536":["https:\/\/www.uartes.edu.ec\/sitio\/wp-content\/uploads\/2018\/10\/Universidad-de-las-Artes-presenta-Edificio-Tabara.jpg",1132,510,false],"htmega_size_396x360":["https:\/\/www.uartes.edu.ec\/sitio\/wp-content\/uploads\/2018\/10\/Universidad-de-las-Artes-presenta-Edificio-Tabara.jpg",396,178,false],"gb-block-post-grid-landscape":["https:\/\/www.uartes.edu.ec\/sitio\/wp-content\/uploads\/2018\/10\/Universidad-de-las-Artes-presenta-Edificio-Tabara.jpg",600,270,false],"gb-block-post-grid-square":["https:\/\/www.uartes.edu.ec\/sitio\/wp-content\/uploads\/2018\/10\/Universidad-de-las-Artes-presenta-Edificio-Tabara.jpg",600,270,false],"university-hub-thumb":["https:\/\/www.uartes.edu.ec\/sitio\/wp-content\/uploads\/2018\/10\/Universidad-de-las-Artes-presenta-Edificio-Tabara.jpg",400,180,false]},"uagb_author_info":{"display_name":"Universidad de las Artes","author_link":"https:\/\/www.uartes.edu.ec\/sitio\/blog\/author\/dircomadm\/"},"uagb_comment_info":0,"uagb_excerpt":"Como una muestra de reconocimiento a unos de los pintores m\u00e1s importantes del pa\u00eds, la&nbsp;Universidad de las Artes present\u00f3, este jueves 18 de octubre de 2018, el edificio Enrique T\u00e1bara; esto como un homenaje al artista&nbsp;guayaquile\u00f1o&nbsp;por su vasto recorrido profesional. La edificaci\u00f3n est\u00e1 ubicada en la calle Aguirre, entre Chile y Pedro Carbo. Xavier&nbsp;Pati\u00f1o, director&hellip;","featured_image_src":"https:\/\/www.uartes.edu.ec\/sitio\/wp-content\/uploads\/2018\/10\/Universidad-de-las-Artes-presenta-Edificio-Tabara.jpg","featured_image_src_square":"https:\/\/www.uartes.edu.ec\/sitio\/wp-content\/uploads\/2018\/10\/Universidad-de-las-Artes-presenta-Edificio-Tabara.jpg","author_info":{"display_name":"Universidad de las Artes","author_link":"https:\/\/www.uartes.edu.ec\/sitio\/blog\/author\/dircomadm\/"},"publishpress_future_workflow_manual_trigger":{"enabledWorkflows":[]},"distributor_meta":false,"distributor_terms":false,"distributor_media":false,"distributor_original_site_name":"Universidad de las Artes","distributor_original_site_url":"https:\/\/www.uartes.edu.ec\/sitio","push-errors":false,"_links":{"self":[{"href":"https:\/\/www.uartes.edu.ec\/sitio\/wp-json\/wp\/v2\/posts\/2637","targetHints":{"allow":["GET"]}}],"collection":[{"href":"https:\/\/www.uartes.edu.ec\/sitio\/wp-json\/wp\/v2\/posts"}],"about":[{"href":"https:\/\/www.uartes.edu.ec\/sitio\/wp-json\/wp\/v2\/types\/post"}],"author":[{"embeddable":true,"href":"https:\/\/www.uartes.edu.ec\/sitio\/wp-json\/wp\/v2\/users\/1"}],"replies":[{"embeddable":true,"href":"https:\/\/www.uartes.edu.ec\/sitio\/wp-json\/wp\/v2\/comments?post=2637"}],"version-history":[{"count":3,"href":"https:\/\/www.uartes.edu.ec\/sitio\/wp-json\/wp\/v2\/posts\/2637\/revisions"}],"predecessor-version":[{"id":57864,"href":"https:\/\/www.uartes.edu.ec\/sitio\/wp-json\/wp\/v2\/posts\/2637\/revisions\/57864"}],"wp:featuredmedia":[{"embeddable":true,"href":"https:\/\/www.uartes.edu.ec\/sitio\/wp-json\/wp\/v2\/media\/2641"}],"wp:attachment":[{"href":"https:\/\/www.uartes.edu.ec\/sitio\/wp-json\/wp\/v2\/media?parent=2637"}],"wp:term":[{"taxonomy":"category","embeddable":true,"href":"https:\/\/www.uartes.edu.ec\/sitio\/wp-json\/wp\/v2\/categories?post=2637"},{"taxonomy":"post_tag","embeddable":true,"href":"https:\/\/www.uartes.edu.ec\/sitio\/wp-json\/wp\/v2\/tags?post=2637"},{"taxonomy":"infouartes","embeddable":true,"href":"https:\/\/www.uartes.edu.ec\/sitio\/wp-json\/wp\/v2\/infouartes?post=2637"}],"curies":[{"name":"wp","href":"https:\/\/api.w.org\/{rel}","templated":true}]}}