{"id":2652,"date":"2018-10-24T15:35:29","date_gmt":"2018-10-24T20:35:29","guid":{"rendered":"http:\/\/www.uartes.edu.ec\/sitio\/?p=2652"},"modified":"2024-07-04T11:53:44","modified_gmt":"2024-07-04T16:53:44","slug":"docente-participa-en-conferencia-internacional","status":"publish","type":"post","link":"https:\/\/www.uartes.edu.ec\/sitio\/blog\/2018\/10\/24\/docente-participa-en-conferencia-internacional\/","title":{"rendered":"Docente participa en conferencia internacional"},"content":{"rendered":"\n<p>Ybelice\nBrice\u00f1o, profesora de la Unidad Transversal de Teor\u00edas Cr\u00edticas y Pr\u00e1cticas\nExperimentales de la UArtes, particip\u00f3 en el Congreso Internacional \u201cCuerpos, territorios y despojos: la vida\namenazada\u201d, realizado del 16 al 19 de octubre en la Universidad Andina Sim\u00f3n\nBol\u00edvar.<\/p>\n\n\n\n<p>En\nel evento se debati\u00f3 sobre las formas de precarizaci\u00f3n y p\u00e9rdida de derechos\nque azotan a los pueblos y a los cuerpos en el mundo contempor\u00e1neo y cont\u00f3 con\nla asistencia de m\u00e1s de 150 ponentes de distintos pa\u00edses y disciplinas.<\/p>\n\n\n\n<p>En\nsu ponencia \u201cPedagog\u00edas Pol\u00edticas y Procesos de Subjetivaci\u00f3n Feministas en\nTiempos Adversos. Reflexiones desde la investigaci\u00f3n activista\u201d, Brice\u00f1o\npresent\u00f3 un avance del trabajo que adelanta en el grupo Laboratorio de\nInvestigaci\u00f3n y Creaci\u00f3n Feminista. <\/p>\n\n\n\n<p>En\nsu trabajo, analiza los procesos de politizaci\u00f3n generados a partir de los\nespacios de activismo y movilizaci\u00f3n feminista que se han venido gestando en la\nciudad de Guayaquil en los \u00faltimos tiempos. En especial, se interesa por\nindagar c\u00f3mo y en qu\u00e9 medida se transforman las subjetividades a partir de\nestas formas de movilizaci\u00f3n colectiva. Defiende la tesis de que la toma de\nposici\u00f3n pol\u00edtica en el \u00e1mbito p\u00fablico, la identificaci\u00f3n de lo com\u00fan y el\nreconocimiento de su agencia, genera cambios sustantivos en la subjetividad de\nlas personas implicadas en estas movilizaciones.<\/p>\n","protected":false},"excerpt":{"rendered":"<p>Ybelice Brice\u00f1o, profesora de la Unidad Transversal de Teor\u00edas Cr\u00edticas y Pr\u00e1cticas Experimentales de la UArtes, particip\u00f3 en el Congreso Internacional \u201cCuerpos, territorios y despojos: la vida amenazada\u201d, realizado del 16 al 19 de octubre en la Universidad Andina Sim\u00f3n Bol\u00edvar. En el evento se debati\u00f3 sobre las formas de precarizaci\u00f3n y p\u00e9rdida de derechos [&hellip;]<\/p>\n","protected":false},"author":1,"featured_media":2653,"comment_status":"closed","ping_status":"closed","sticky":false,"template":"","format":"standard","meta":{"_acf_changed":false,"_uag_custom_page_level_css":"","_monsterinsights_skip_tracking":false,"_monsterinsights_sitenote_active":false,"_monsterinsights_sitenote_note":"","_monsterinsights_sitenote_category":0,"cybocfi_hide_featured_image":"","footnotes":""},"categories":[75],"tags":[],"infouartes":[],"class_list":["post-2652","post","type-post","status-publish","format-standard","has-post-thumbnail","hentry","category-docentes"],"acf":[],"yoast_head":"<!-- This site is optimized with the Yoast SEO plugin v27.4 - https:\/\/yoast.com\/product\/yoast-seo-wordpress\/ -->\n<title>Universidad de las Artes - Docente participa en conferencia internacional<\/title>\n<meta name=\"description\" content=\"Universidad de las Artes - Docente participa en conferencia internacional\" \/>\n<meta name=\"robots\" content=\"index, follow, max-snippet:-1, max-image-preview:large, max-video-preview:-1\" \/>\n<link rel=\"canonical\" href=\"https:\/\/www.uartes.edu.ec\/sitio\/blog\/2018\/10\/24\/docente-participa-en-conferencia-internacional\/\" \/>\n<meta property=\"og:locale\" content=\"es_ES\" \/>\n<meta property=\"og:type\" content=\"article\" \/>\n<meta property=\"og:title\" content=\"Universidad de las Artes - Docente participa en conferencia internacional\" \/>\n<meta property=\"og:description\" content=\"Universidad de las Artes - Docente participa en conferencia internacional\" \/>\n<meta property=\"og:url\" content=\"https:\/\/www.uartes.edu.ec\/sitio\/blog\/2018\/10\/24\/docente-participa-en-conferencia-internacional\/\" \/>\n<meta property=\"og:site_name\" content=\"Universidad de las Artes\" \/>\n<meta property=\"article:publisher\" content=\"https:\/\/www.facebook.com\/uartesec\" \/>\n<meta property=\"article:published_time\" content=\"2018-10-24T20:35:29+00:00\" \/>\n<meta property=\"article:modified_time\" content=\"2024-07-04T16:53:44+00:00\" \/>\n<meta property=\"og:image\" content=\"https:\/\/www.uartes.edu.ec\/sitio\/wp-content\/uploads\/2018\/10\/Docente-participa-en-conferencia-internacional.jpg\" \/>\n\t<meta property=\"og:image:width\" content=\"1132\" \/>\n\t<meta property=\"og:image:height\" content=\"510\" \/>\n\t<meta property=\"og:image:type\" content=\"image\/jpeg\" \/>\n<meta name=\"author\" content=\"Universidad de las Artes\" \/>\n<meta name=\"twitter:card\" content=\"summary_large_image\" \/>\n<meta name=\"twitter:creator\" content=\"@uartesec\" \/>\n<meta name=\"twitter:site\" content=\"@uartesec\" \/>\n<meta name=\"twitter:label1\" content=\"Escrito por\" \/>\n\t<meta name=\"twitter:data1\" content=\"Universidad de las Artes\" \/>\n\t<meta name=\"twitter:label2\" content=\"Tiempo de lectura\" \/>\n\t<meta name=\"twitter:data2\" content=\"1 minuto\" \/>\n<script type=\"application\/ld+json\" class=\"yoast-schema-graph\">{\"@context\":\"https:\\\/\\\/schema.org\",\"@graph\":[{\"@type\":\"Article\",\"@id\":\"https:\\\/\\\/www.uartes.edu.ec\\\/sitio\\\/blog\\\/2018\\\/10\\\/24\\\/docente-participa-en-conferencia-internacional\\\/#article\",\"isPartOf\":{\"@id\":\"https:\\\/\\\/www.uartes.edu.ec\\\/sitio\\\/blog\\\/2018\\\/10\\\/24\\\/docente-participa-en-conferencia-internacional\\\/\"},\"author\":{\"name\":\"Universidad de las Artes\",\"@id\":\"https:\\\/\\\/www.uartes.edu.ec\\\/sitio\\\/#\\\/schema\\\/person\\\/f33f8c1d2af0d5c80a38c8abf458184a\"},\"headline\":\"Docente participa en conferencia internacional\",\"datePublished\":\"2018-10-24T20:35:29+00:00\",\"dateModified\":\"2024-07-04T16:53:44+00:00\",\"mainEntityOfPage\":{\"@id\":\"https:\\\/\\\/www.uartes.edu.ec\\\/sitio\\\/blog\\\/2018\\\/10\\\/24\\\/docente-participa-en-conferencia-internacional\\\/\"},\"wordCount\":241,\"publisher\":{\"@id\":\"https:\\\/\\\/www.uartes.edu.ec\\\/sitio\\\/#organization\"},\"image\":{\"@id\":\"https:\\\/\\\/www.uartes.edu.ec\\\/sitio\\\/blog\\\/2018\\\/10\\\/24\\\/docente-participa-en-conferencia-internacional\\\/#primaryimage\"},\"thumbnailUrl\":\"https:\\\/\\\/www.uartes.edu.ec\\\/sitio\\\/wp-content\\\/uploads\\\/2018\\\/10\\\/Docente-participa-en-conferencia-internacional.jpg\",\"articleSection\":[\"Docentes\"],\"inLanguage\":\"es\"},{\"@type\":[\"WebPage\",\"ItemPage\"],\"@id\":\"https:\\\/\\\/www.uartes.edu.ec\\\/sitio\\\/blog\\\/2018\\\/10\\\/24\\\/docente-participa-en-conferencia-internacional\\\/\",\"url\":\"https:\\\/\\\/www.uartes.edu.ec\\\/sitio\\\/blog\\\/2018\\\/10\\\/24\\\/docente-participa-en-conferencia-internacional\\\/\",\"name\":\"Universidad de las Artes - Docente participa en conferencia internacional\",\"isPartOf\":{\"@id\":\"https:\\\/\\\/www.uartes.edu.ec\\\/sitio\\\/#website\"},\"primaryImageOfPage\":{\"@id\":\"https:\\\/\\\/www.uartes.edu.ec\\\/sitio\\\/blog\\\/2018\\\/10\\\/24\\\/docente-participa-en-conferencia-internacional\\\/#primaryimage\"},\"image\":{\"@id\":\"https:\\\/\\\/www.uartes.edu.ec\\\/sitio\\\/blog\\\/2018\\\/10\\\/24\\\/docente-participa-en-conferencia-internacional\\\/#primaryimage\"},\"thumbnailUrl\":\"https:\\\/\\\/www.uartes.edu.ec\\\/sitio\\\/wp-content\\\/uploads\\\/2018\\\/10\\\/Docente-participa-en-conferencia-internacional.jpg\",\"datePublished\":\"2018-10-24T20:35:29+00:00\",\"dateModified\":\"2024-07-04T16:53:44+00:00\",\"description\":\"Universidad de las Artes - Docente participa en conferencia internacional\",\"breadcrumb\":{\"@id\":\"https:\\\/\\\/www.uartes.edu.ec\\\/sitio\\\/blog\\\/2018\\\/10\\\/24\\\/docente-participa-en-conferencia-internacional\\\/#breadcrumb\"},\"inLanguage\":\"es\",\"potentialAction\":[{\"@type\":\"ReadAction\",\"target\":[\"https:\\\/\\\/www.uartes.edu.ec\\\/sitio\\\/blog\\\/2018\\\/10\\\/24\\\/docente-participa-en-conferencia-internacional\\\/\"]}]},{\"@type\":\"ImageObject\",\"inLanguage\":\"es\",\"@id\":\"https:\\\/\\\/www.uartes.edu.ec\\\/sitio\\\/blog\\\/2018\\\/10\\\/24\\\/docente-participa-en-conferencia-internacional\\\/#primaryimage\",\"url\":\"https:\\\/\\\/www.uartes.edu.ec\\\/sitio\\\/wp-content\\\/uploads\\\/2018\\\/10\\\/Docente-participa-en-conferencia-internacional.jpg\",\"contentUrl\":\"https:\\\/\\\/www.uartes.edu.ec\\\/sitio\\\/wp-content\\\/uploads\\\/2018\\\/10\\\/Docente-participa-en-conferencia-internacional.jpg\",\"width\":1132,\"height\":510},{\"@type\":\"BreadcrumbList\",\"@id\":\"https:\\\/\\\/www.uartes.edu.ec\\\/sitio\\\/blog\\\/2018\\\/10\\\/24\\\/docente-participa-en-conferencia-internacional\\\/#breadcrumb\",\"itemListElement\":[{\"@type\":\"ListItem\",\"position\":1,\"name\":\"Inicio\",\"item\":\"https:\\\/\\\/www.uartes.edu.ec\\\/sitio\\\/\"},{\"@type\":\"ListItem\",\"position\":2,\"name\":\"Docente participa en conferencia internacional\"}]},{\"@type\":\"WebSite\",\"@id\":\"https:\\\/\\\/www.uartes.edu.ec\\\/sitio\\\/#website\",\"url\":\"https:\\\/\\\/www.uartes.edu.ec\\\/sitio\\\/\",\"name\":\"Universidad de las Artes\",\"description\":\"Sitio oficial de la Universidad Nacional de las Artes del Ecuador\",\"publisher\":{\"@id\":\"https:\\\/\\\/www.uartes.edu.ec\\\/sitio\\\/#organization\"},\"potentialAction\":[{\"@type\":\"SearchAction\",\"target\":{\"@type\":\"EntryPoint\",\"urlTemplate\":\"https:\\\/\\\/www.uartes.edu.ec\\\/sitio\\\/?s={search_term_string}\"},\"query-input\":{\"@type\":\"PropertyValueSpecification\",\"valueRequired\":true,\"valueName\":\"search_term_string\"}}],\"inLanguage\":\"es\"},{\"@type\":\"Organization\",\"@id\":\"https:\\\/\\\/www.uartes.edu.ec\\\/sitio\\\/#organization\",\"name\":\"Universidad de las Artes\",\"url\":\"https:\\\/\\\/www.uartes.edu.ec\\\/sitio\\\/\",\"logo\":{\"@type\":\"ImageObject\",\"inLanguage\":\"es\",\"@id\":\"https:\\\/\\\/www.uartes.edu.ec\\\/sitio\\\/#\\\/schema\\\/logo\\\/image\\\/\",\"url\":\"https:\\\/\\\/www.uartes.edu.ec\\\/sitio\\\/wp-content\\\/uploads\\\/2022\\\/07\\\/logo-ua-horizontal.png\",\"contentUrl\":\"https:\\\/\\\/www.uartes.edu.ec\\\/sitio\\\/wp-content\\\/uploads\\\/2022\\\/07\\\/logo-ua-horizontal.png\",\"width\":800,\"height\":276,\"caption\":\"Universidad de las Artes\"},\"image\":{\"@id\":\"https:\\\/\\\/www.uartes.edu.ec\\\/sitio\\\/#\\\/schema\\\/logo\\\/image\\\/\"},\"sameAs\":[\"https:\\\/\\\/www.facebook.com\\\/uartesec\",\"https:\\\/\\\/x.com\\\/uartesec\",\"https:\\\/\\\/www.tiktok.com\\\/@uartesec\"]},{\"@type\":\"Person\",\"@id\":\"https:\\\/\\\/www.uartes.edu.ec\\\/sitio\\\/#\\\/schema\\\/person\\\/f33f8c1d2af0d5c80a38c8abf458184a\",\"name\":\"Universidad de las Artes\",\"image\":{\"@type\":\"ImageObject\",\"inLanguage\":\"es\",\"@id\":\"https:\\\/\\\/secure.gravatar.com\\\/avatar\\\/52e4757902f5cfa5ac52d020e5be83cae5487519154b6c35482fe08d589f3c13?s=96&d=mm&r=g\",\"url\":\"https:\\\/\\\/secure.gravatar.com\\\/avatar\\\/52e4757902f5cfa5ac52d020e5be83cae5487519154b6c35482fe08d589f3c13?s=96&d=mm&r=g\",\"contentUrl\":\"https:\\\/\\\/secure.gravatar.com\\\/avatar\\\/52e4757902f5cfa5ac52d020e5be83cae5487519154b6c35482fe08d589f3c13?s=96&d=mm&r=g\",\"caption\":\"Universidad de las Artes\"},\"url\":\"https:\\\/\\\/www.uartes.edu.ec\\\/sitio\\\/blog\\\/author\\\/dircomadm\\\/\"}]}<\/script>\n<!-- \/ Yoast SEO plugin. -->","yoast_head_json":{"title":"Universidad de las Artes - Docente participa en conferencia internacional","description":"Universidad de las Artes - Docente participa en conferencia internacional","robots":{"index":"index","follow":"follow","max-snippet":"max-snippet:-1","max-image-preview":"max-image-preview:large","max-video-preview":"max-video-preview:-1"},"canonical":"https:\/\/www.uartes.edu.ec\/sitio\/blog\/2018\/10\/24\/docente-participa-en-conferencia-internacional\/","og_locale":"es_ES","og_type":"article","og_title":"Universidad de las Artes - Docente participa en conferencia internacional","og_description":"Universidad de las Artes - Docente participa en conferencia internacional","og_url":"https:\/\/www.uartes.edu.ec\/sitio\/blog\/2018\/10\/24\/docente-participa-en-conferencia-internacional\/","og_site_name":"Universidad de las Artes","article_publisher":"https:\/\/www.facebook.com\/uartesec","article_published_time":"2018-10-24T20:35:29+00:00","article_modified_time":"2024-07-04T16:53:44+00:00","og_image":[{"width":1132,"height":510,"url":"https:\/\/www.uartes.edu.ec\/sitio\/wp-content\/uploads\/2018\/10\/Docente-participa-en-conferencia-internacional.jpg","type":"image\/jpeg"}],"author":"Universidad de las Artes","twitter_card":"summary_large_image","twitter_creator":"@uartesec","twitter_site":"@uartesec","twitter_misc":{"Escrito por":"Universidad de las Artes","Tiempo de lectura":"1 minuto"},"schema":{"@context":"https:\/\/schema.org","@graph":[{"@type":"Article","@id":"https:\/\/www.uartes.edu.ec\/sitio\/blog\/2018\/10\/24\/docente-participa-en-conferencia-internacional\/#article","isPartOf":{"@id":"https:\/\/www.uartes.edu.ec\/sitio\/blog\/2018\/10\/24\/docente-participa-en-conferencia-internacional\/"},"author":{"name":"Universidad de las Artes","@id":"https:\/\/www.uartes.edu.ec\/sitio\/#\/schema\/person\/f33f8c1d2af0d5c80a38c8abf458184a"},"headline":"Docente participa en conferencia internacional","datePublished":"2018-10-24T20:35:29+00:00","dateModified":"2024-07-04T16:53:44+00:00","mainEntityOfPage":{"@id":"https:\/\/www.uartes.edu.ec\/sitio\/blog\/2018\/10\/24\/docente-participa-en-conferencia-internacional\/"},"wordCount":241,"publisher":{"@id":"https:\/\/www.uartes.edu.ec\/sitio\/#organization"},"image":{"@id":"https:\/\/www.uartes.edu.ec\/sitio\/blog\/2018\/10\/24\/docente-participa-en-conferencia-internacional\/#primaryimage"},"thumbnailUrl":"https:\/\/www.uartes.edu.ec\/sitio\/wp-content\/uploads\/2018\/10\/Docente-participa-en-conferencia-internacional.jpg","articleSection":["Docentes"],"inLanguage":"es"},{"@type":["WebPage","ItemPage"],"@id":"https:\/\/www.uartes.edu.ec\/sitio\/blog\/2018\/10\/24\/docente-participa-en-conferencia-internacional\/","url":"https:\/\/www.uartes.edu.ec\/sitio\/blog\/2018\/10\/24\/docente-participa-en-conferencia-internacional\/","name":"Universidad de las Artes - Docente participa en conferencia internacional","isPartOf":{"@id":"https:\/\/www.uartes.edu.ec\/sitio\/#website"},"primaryImageOfPage":{"@id":"https:\/\/www.uartes.edu.ec\/sitio\/blog\/2018\/10\/24\/docente-participa-en-conferencia-internacional\/#primaryimage"},"image":{"@id":"https:\/\/www.uartes.edu.ec\/sitio\/blog\/2018\/10\/24\/docente-participa-en-conferencia-internacional\/#primaryimage"},"thumbnailUrl":"https:\/\/www.uartes.edu.ec\/sitio\/wp-content\/uploads\/2018\/10\/Docente-participa-en-conferencia-internacional.jpg","datePublished":"2018-10-24T20:35:29+00:00","dateModified":"2024-07-04T16:53:44+00:00","description":"Universidad de las Artes - Docente participa en conferencia internacional","breadcrumb":{"@id":"https:\/\/www.uartes.edu.ec\/sitio\/blog\/2018\/10\/24\/docente-participa-en-conferencia-internacional\/#breadcrumb"},"inLanguage":"es","potentialAction":[{"@type":"ReadAction","target":["https:\/\/www.uartes.edu.ec\/sitio\/blog\/2018\/10\/24\/docente-participa-en-conferencia-internacional\/"]}]},{"@type":"ImageObject","inLanguage":"es","@id":"https:\/\/www.uartes.edu.ec\/sitio\/blog\/2018\/10\/24\/docente-participa-en-conferencia-internacional\/#primaryimage","url":"https:\/\/www.uartes.edu.ec\/sitio\/wp-content\/uploads\/2018\/10\/Docente-participa-en-conferencia-internacional.jpg","contentUrl":"https:\/\/www.uartes.edu.ec\/sitio\/wp-content\/uploads\/2018\/10\/Docente-participa-en-conferencia-internacional.jpg","width":1132,"height":510},{"@type":"BreadcrumbList","@id":"https:\/\/www.uartes.edu.ec\/sitio\/blog\/2018\/10\/24\/docente-participa-en-conferencia-internacional\/#breadcrumb","itemListElement":[{"@type":"ListItem","position":1,"name":"Inicio","item":"https:\/\/www.uartes.edu.ec\/sitio\/"},{"@type":"ListItem","position":2,"name":"Docente participa en conferencia internacional"}]},{"@type":"WebSite","@id":"https:\/\/www.uartes.edu.ec\/sitio\/#website","url":"https:\/\/www.uartes.edu.ec\/sitio\/","name":"Universidad de las Artes","description":"Sitio oficial de la Universidad Nacional de las Artes del Ecuador","publisher":{"@id":"https:\/\/www.uartes.edu.ec\/sitio\/#organization"},"potentialAction":[{"@type":"SearchAction","target":{"@type":"EntryPoint","urlTemplate":"https:\/\/www.uartes.edu.ec\/sitio\/?s={search_term_string}"},"query-input":{"@type":"PropertyValueSpecification","valueRequired":true,"valueName":"search_term_string"}}],"inLanguage":"es"},{"@type":"Organization","@id":"https:\/\/www.uartes.edu.ec\/sitio\/#organization","name":"Universidad de las Artes","url":"https:\/\/www.uartes.edu.ec\/sitio\/","logo":{"@type":"ImageObject","inLanguage":"es","@id":"https:\/\/www.uartes.edu.ec\/sitio\/#\/schema\/logo\/image\/","url":"https:\/\/www.uartes.edu.ec\/sitio\/wp-content\/uploads\/2022\/07\/logo-ua-horizontal.png","contentUrl":"https:\/\/www.uartes.edu.ec\/sitio\/wp-content\/uploads\/2022\/07\/logo-ua-horizontal.png","width":800,"height":276,"caption":"Universidad de las Artes"},"image":{"@id":"https:\/\/www.uartes.edu.ec\/sitio\/#\/schema\/logo\/image\/"},"sameAs":["https:\/\/www.facebook.com\/uartesec","https:\/\/x.com\/uartesec","https:\/\/www.tiktok.com\/@uartesec"]},{"@type":"Person","@id":"https:\/\/www.uartes.edu.ec\/sitio\/#\/schema\/person\/f33f8c1d2af0d5c80a38c8abf458184a","name":"Universidad de las Artes","image":{"@type":"ImageObject","inLanguage":"es","@id":"https:\/\/secure.gravatar.com\/avatar\/52e4757902f5cfa5ac52d020e5be83cae5487519154b6c35482fe08d589f3c13?s=96&d=mm&r=g","url":"https:\/\/secure.gravatar.com\/avatar\/52e4757902f5cfa5ac52d020e5be83cae5487519154b6c35482fe08d589f3c13?s=96&d=mm&r=g","contentUrl":"https:\/\/secure.gravatar.com\/avatar\/52e4757902f5cfa5ac52d020e5be83cae5487519154b6c35482fe08d589f3c13?s=96&d=mm&r=g","caption":"Universidad de las Artes"},"url":"https:\/\/www.uartes.edu.ec\/sitio\/blog\/author\/dircomadm\/"}]}},"uagb_featured_image_src":{"full":["https:\/\/www.uartes.edu.ec\/sitio\/wp-content\/uploads\/2018\/10\/Docente-participa-en-conferencia-internacional.jpg",1132,510,false],"thumbnail":["https:\/\/www.uartes.edu.ec\/sitio\/wp-content\/uploads\/2018\/10\/Docente-participa-en-conferencia-internacional-150x150.jpg",150,150,true],"medium":["https:\/\/www.uartes.edu.ec\/sitio\/wp-content\/uploads\/2018\/10\/Docente-participa-en-conferencia-internacional-300x135.jpg",300,135,true],"medium_large":["https:\/\/www.uartes.edu.ec\/sitio\/wp-content\/uploads\/2018\/10\/Docente-participa-en-conferencia-internacional-768x346.jpg",768,346,true],"large":["https:\/\/www.uartes.edu.ec\/sitio\/wp-content\/uploads\/2018\/10\/Docente-participa-en-conferencia-internacional-1024x461.jpg",644,290,true],"1536x1536":["https:\/\/www.uartes.edu.ec\/sitio\/wp-content\/uploads\/2018\/10\/Docente-participa-en-conferencia-internacional.jpg",1132,510,false],"2048x2048":["https:\/\/www.uartes.edu.ec\/sitio\/wp-content\/uploads\/2018\/10\/Docente-participa-en-conferencia-internacional.jpg",1132,510,false],"trp-custom-language-flag":["https:\/\/www.uartes.edu.ec\/sitio\/wp-content\/uploads\/2018\/10\/Docente-participa-en-conferencia-internacional.jpg",18,8,false],"htmega_size_585x295":["https:\/\/www.uartes.edu.ec\/sitio\/wp-content\/uploads\/2018\/10\/Docente-participa-en-conferencia-internacional.jpg",585,264,false],"htmega_size_1170x536":["https:\/\/www.uartes.edu.ec\/sitio\/wp-content\/uploads\/2018\/10\/Docente-participa-en-conferencia-internacional.jpg",1132,510,false],"htmega_size_396x360":["https:\/\/www.uartes.edu.ec\/sitio\/wp-content\/uploads\/2018\/10\/Docente-participa-en-conferencia-internacional.jpg",396,178,false],"gb-block-post-grid-landscape":["https:\/\/www.uartes.edu.ec\/sitio\/wp-content\/uploads\/2018\/10\/Docente-participa-en-conferencia-internacional.jpg",600,270,false],"gb-block-post-grid-square":["https:\/\/www.uartes.edu.ec\/sitio\/wp-content\/uploads\/2018\/10\/Docente-participa-en-conferencia-internacional.jpg",600,270,false],"university-hub-thumb":["https:\/\/www.uartes.edu.ec\/sitio\/wp-content\/uploads\/2018\/10\/Docente-participa-en-conferencia-internacional.jpg",400,180,false]},"uagb_author_info":{"display_name":"Universidad de las Artes","author_link":"https:\/\/www.uartes.edu.ec\/sitio\/blog\/author\/dircomadm\/"},"uagb_comment_info":0,"uagb_excerpt":"Ybelice Brice\u00f1o, profesora de la Unidad Transversal de Teor\u00edas Cr\u00edticas y Pr\u00e1cticas Experimentales de la UArtes, particip\u00f3 en el Congreso Internacional \u201cCuerpos, territorios y despojos: la vida amenazada\u201d, realizado del 16 al 19 de octubre en la Universidad Andina Sim\u00f3n Bol\u00edvar. En el evento se debati\u00f3 sobre las formas de precarizaci\u00f3n y p\u00e9rdida de derechos&hellip;","featured_image_src":"https:\/\/www.uartes.edu.ec\/sitio\/wp-content\/uploads\/2018\/10\/Docente-participa-en-conferencia-internacional.jpg","featured_image_src_square":"https:\/\/www.uartes.edu.ec\/sitio\/wp-content\/uploads\/2018\/10\/Docente-participa-en-conferencia-internacional.jpg","author_info":{"display_name":"Universidad de las Artes","author_link":"https:\/\/www.uartes.edu.ec\/sitio\/blog\/author\/dircomadm\/"},"publishpress_future_workflow_manual_trigger":{"enabledWorkflows":[]},"distributor_meta":false,"distributor_terms":false,"distributor_media":false,"distributor_original_site_name":"Universidad de las Artes","distributor_original_site_url":"https:\/\/www.uartes.edu.ec\/sitio","push-errors":false,"_links":{"self":[{"href":"https:\/\/www.uartes.edu.ec\/sitio\/wp-json\/wp\/v2\/posts\/2652","targetHints":{"allow":["GET"]}}],"collection":[{"href":"https:\/\/www.uartes.edu.ec\/sitio\/wp-json\/wp\/v2\/posts"}],"about":[{"href":"https:\/\/www.uartes.edu.ec\/sitio\/wp-json\/wp\/v2\/types\/post"}],"author":[{"embeddable":true,"href":"https:\/\/www.uartes.edu.ec\/sitio\/wp-json\/wp\/v2\/users\/1"}],"replies":[{"embeddable":true,"href":"https:\/\/www.uartes.edu.ec\/sitio\/wp-json\/wp\/v2\/comments?post=2652"}],"version-history":[{"count":1,"href":"https:\/\/www.uartes.edu.ec\/sitio\/wp-json\/wp\/v2\/posts\/2652\/revisions"}],"predecessor-version":[{"id":2654,"href":"https:\/\/www.uartes.edu.ec\/sitio\/wp-json\/wp\/v2\/posts\/2652\/revisions\/2654"}],"wp:featuredmedia":[{"embeddable":true,"href":"https:\/\/www.uartes.edu.ec\/sitio\/wp-json\/wp\/v2\/media\/2653"}],"wp:attachment":[{"href":"https:\/\/www.uartes.edu.ec\/sitio\/wp-json\/wp\/v2\/media?parent=2652"}],"wp:term":[{"taxonomy":"category","embeddable":true,"href":"https:\/\/www.uartes.edu.ec\/sitio\/wp-json\/wp\/v2\/categories?post=2652"},{"taxonomy":"post_tag","embeddable":true,"href":"https:\/\/www.uartes.edu.ec\/sitio\/wp-json\/wp\/v2\/tags?post=2652"},{"taxonomy":"infouartes","embeddable":true,"href":"https:\/\/www.uartes.edu.ec\/sitio\/wp-json\/wp\/v2\/infouartes?post=2652"}],"curies":[{"name":"wp","href":"https:\/\/api.w.org\/{rel}","templated":true}]}}