{"id":2656,"date":"2018-10-24T17:22:28","date_gmt":"2018-10-24T22:22:28","guid":{"rendered":"http:\/\/www.uartes.edu.ec\/sitio\/?p=2656"},"modified":"2024-07-04T11:53:43","modified_gmt":"2024-07-04T16:53:43","slug":"literatura-toma-fuerza-con-la-4ta-edicion-de-feria-libre-libro","status":"publish","type":"post","link":"https:\/\/www.uartes.edu.ec\/sitio\/blog\/2018\/10\/24\/literatura-toma-fuerza-con-la-4ta-edicion-de-feria-libre-libro\/","title":{"rendered":"Literatura toma fuerza con la 4ta edici\u00f3n de Feria Libre Libro"},"content":{"rendered":"\n<p>El\nencuentro de Editores Independientes, Libre Libro 2018, comenz\u00f3 el martes 23 de\noctubre y reuni\u00f3 escritores y editores invitados de varios pa\u00edses. La feria de este\na\u00f1o est\u00e1 dedicada a las mujeres en la literatura y en la edici\u00f3n, en honor a\npor los 200 a\u00f1os del Frankenstein de Mary Shelley.<\/p>\n\n\n\n<p>Como parte de\nla exposici\u00f3n, el artista pl\u00e1stico e ilustrador colombiano, Jorge Lewis, dict\u00f3\nel taller de \u201cIlustraci\u00f3n de proyectos editoriales\u201d donde convers\u00f3 acerca de la manera de generar propuestas visuales de\ncomunicaci\u00f3n en diferentes formatos y medios como: Libros de texto,\nrevistas, peri\u00f3dicos, carteles y portadas.<\/p>\n\n\n\n<figure class=\"wp-block-image\"><img fetchpriority=\"high\" decoding=\"async\" width=\"4104\" height=\"2560\" src=\"http:\/\/www.uartes.edu.ec\/sitio\/librelibro\/wp-content\/uploads\/sites\/6\/2018\/10\/Editoriales-Independientes-2.jpg\" alt=\"\" class=\"wp-image-2657\" srcset=\"https:\/\/www.uartes.edu.ec\/sitio\/wp-content\/uploads\/2018\/10\/Editoriales-Independientes-2.jpg 4104w, https:\/\/www.uartes.edu.ec\/sitio\/wp-content\/uploads\/2018\/10\/Editoriales-Independientes-2-300x187.jpg 300w, https:\/\/www.uartes.edu.ec\/sitio\/wp-content\/uploads\/2018\/10\/Editoriales-Independientes-2-768x479.jpg 768w, https:\/\/www.uartes.edu.ec\/sitio\/wp-content\/uploads\/2018\/10\/Editoriales-Independientes-2-1024x639.jpg 1024w\" sizes=\"(max-width: 4104px) 100vw, 4104px\" \/><figcaption>Desaf\u00edos de las editoriales independientes I, &#8220;Editorial Candaya \u00b7 Espa\u00f1a&#8221; y &#8220;Editorial Final Abierto \u00b7 Argentina&#8221;<\/figcaption><\/figure>\n\n\n\n<p>Los\nespa\u00f1oles Olga Mart\u00ednez y Francisco Robles de la editoria Candaya, conversaron\nacerca de los retos de ser y mantenerse independientes; mientras Jos\u00e9 Henrique,\nde la editora argentina Final Abierto, relat\u00f3 que los editores juegan\nactualmente un papel importante en la literatura. <\/p>\n\n\n\n<p>En\nla noche, se realiz\u00f3 la inauguraci\u00f3n del evento donde el director de la Escuela\nde Literatura, Ra\u00fal Vallejo, resalt\u00f3 la presentaci\u00f3n del libro \u2018La primera vez\nque vi un fantasma\u2019 de Solange Rodr\u00edguez. \u201cEsta es una fiesta, un momento en el\nque festejamos el libro de los esforzados editores independientes\u201d, indic\u00f3\nVallejo<\/p>\n\n\n\n<p>Se\nrealiz\u00f3 tambi\u00e9n el lanzamiento de Pie de P\u00e1gina, revista literaria de creaci\u00f3n\ny cr\u00edtica de la UArtes. Adem\u00e1s, se premi\u00f3 el concurso de cuentos \u201cLibre Libro\u201d\ndonde participaron estudiantes de literatura de todo el pa\u00eds; Jefferson Meza y\nJenniffer Zambrano, ganadores del certamen, leyeron una s\u00edntesis de sus cuentos\nque forman parte de la antolog\u00eda \u2018La \u00faltima hora\u2019 cuya dise\u00f1o e impresi\u00f3n\nestuvo a cargo de alumnos de la universidad. <\/p>\n\n\n\n<p>\u201cCon este\nespacio buscamos promover el v\u00ednculo con editores y escritores independientes\ndel pa\u00eds y fomentar una industria cultural\u201d, indic\u00f3 Solange Rodr\u00edguez,\nsubdirectora de la Escuela de Literatura. <\/p>\n\n\n\n<p>El\nevento finaliz\u00f3 con la premiaci\u00f3n del mejor disfraz del concurso Monstruos\nliterarios.<\/p>\n","protected":false},"excerpt":{"rendered":"<p>El encuentro de Editores Independientes, Libre Libro 2018, comenz\u00f3 el martes 23 de octubre y reuni\u00f3 escritores y editores invitados de varios pa\u00edses. La feria de este a\u00f1o est\u00e1 dedicada a las mujeres en la literatura y en la edici\u00f3n, en honor a por los 200 a\u00f1os del Frankenstein de Mary Shelley. Como parte de [&hellip;]<\/p>\n","protected":false},"author":1,"featured_media":2659,"comment_status":"closed","ping_status":"closed","sticky":false,"template":"","format":"standard","meta":{"_acf_changed":false,"_uag_custom_page_level_css":"","_monsterinsights_skip_tracking":false,"_monsterinsights_sitenote_active":false,"_monsterinsights_sitenote_note":"","_monsterinsights_sitenote_category":0,"cybocfi_hide_featured_image":"","footnotes":""},"categories":[82],"tags":[],"infouartes":[],"class_list":["post-2656","post","type-post","status-publish","format-standard","has-post-thumbnail","hentry","category-artes"],"acf":[],"yoast_head":"<!-- This site is optimized with the Yoast SEO plugin v27.4 - https:\/\/yoast.com\/product\/yoast-seo-wordpress\/ -->\n<title>Universidad de las Artes - Literatura toma fuerza con la 4ta edici\u00f3n de Feria Libre Libro<\/title>\n<meta name=\"description\" content=\"Universidad de las Artes - Literatura toma fuerza con la 4ta edici\u00f3n de Feria Libre Libro\" \/>\n<meta name=\"robots\" content=\"index, follow, max-snippet:-1, max-image-preview:large, max-video-preview:-1\" \/>\n<link rel=\"canonical\" href=\"https:\/\/www.uartes.edu.ec\/sitio\/blog\/2018\/10\/24\/literatura-toma-fuerza-con-la-4ta-edicion-de-feria-libre-libro\/\" \/>\n<meta property=\"og:locale\" content=\"es_ES\" \/>\n<meta property=\"og:type\" content=\"article\" \/>\n<meta property=\"og:title\" content=\"Universidad de las Artes - Literatura toma fuerza con la 4ta edici\u00f3n de Feria Libre Libro\" \/>\n<meta property=\"og:description\" content=\"Universidad de las Artes - Literatura toma fuerza con la 4ta edici\u00f3n de Feria Libre Libro\" \/>\n<meta property=\"og:url\" content=\"https:\/\/www.uartes.edu.ec\/sitio\/blog\/2018\/10\/24\/literatura-toma-fuerza-con-la-4ta-edicion-de-feria-libre-libro\/\" \/>\n<meta property=\"og:site_name\" content=\"Universidad de las Artes\" \/>\n<meta property=\"article:publisher\" content=\"https:\/\/www.facebook.com\/uartesec\" \/>\n<meta property=\"article:published_time\" content=\"2018-10-24T22:22:28+00:00\" \/>\n<meta property=\"article:modified_time\" content=\"2024-07-04T16:53:43+00:00\" \/>\n<meta property=\"og:image\" content=\"https:\/\/www.uartes.edu.ec\/sitio\/wp-content\/uploads\/2018\/10\/Inauguracio\u0301n-LibreLibro-1-scaled.jpg\" \/>\n\t<meta property=\"og:image:width\" content=\"4104\" \/>\n\t<meta property=\"og:image:height\" content=\"2523\" \/>\n\t<meta property=\"og:image:type\" content=\"image\/jpeg\" \/>\n<meta name=\"author\" content=\"Universidad de las Artes\" \/>\n<meta name=\"twitter:card\" content=\"summary_large_image\" \/>\n<meta name=\"twitter:creator\" content=\"@uartesec\" \/>\n<meta name=\"twitter:site\" content=\"@uartesec\" \/>\n<meta name=\"twitter:label1\" content=\"Escrito por\" \/>\n\t<meta name=\"twitter:data1\" content=\"Universidad de las Artes\" \/>\n\t<meta name=\"twitter:label2\" content=\"Tiempo de lectura\" \/>\n\t<meta name=\"twitter:data2\" content=\"2 minutos\" \/>\n<script type=\"application\/ld+json\" class=\"yoast-schema-graph\">{\"@context\":\"https:\\\/\\\/schema.org\",\"@graph\":[{\"@type\":\"Article\",\"@id\":\"https:\\\/\\\/www.uartes.edu.ec\\\/sitio\\\/blog\\\/2018\\\/10\\\/24\\\/literatura-toma-fuerza-con-la-4ta-edicion-de-feria-libre-libro\\\/#article\",\"isPartOf\":{\"@id\":\"https:\\\/\\\/www.uartes.edu.ec\\\/sitio\\\/blog\\\/2018\\\/10\\\/24\\\/literatura-toma-fuerza-con-la-4ta-edicion-de-feria-libre-libro\\\/\"},\"author\":{\"name\":\"Universidad de las Artes\",\"@id\":\"https:\\\/\\\/www.uartes.edu.ec\\\/sitio\\\/#\\\/schema\\\/person\\\/f33f8c1d2af0d5c80a38c8abf458184a\"},\"headline\":\"Literatura toma fuerza con la 4ta edici\u00f3n de Feria Libre Libro\",\"datePublished\":\"2018-10-24T22:22:28+00:00\",\"dateModified\":\"2024-07-04T16:53:43+00:00\",\"mainEntityOfPage\":{\"@id\":\"https:\\\/\\\/www.uartes.edu.ec\\\/sitio\\\/blog\\\/2018\\\/10\\\/24\\\/literatura-toma-fuerza-con-la-4ta-edicion-de-feria-libre-libro\\\/\"},\"wordCount\":360,\"publisher\":{\"@id\":\"https:\\\/\\\/www.uartes.edu.ec\\\/sitio\\\/#organization\"},\"image\":{\"@id\":\"https:\\\/\\\/www.uartes.edu.ec\\\/sitio\\\/blog\\\/2018\\\/10\\\/24\\\/literatura-toma-fuerza-con-la-4ta-edicion-de-feria-libre-libro\\\/#primaryimage\"},\"thumbnailUrl\":\"https:\\\/\\\/www.uartes.edu.ec\\\/sitio\\\/wp-content\\\/uploads\\\/2018\\\/10\\\/Inauguracio\u0301n-LibreLibro-1-scaled.jpg\",\"articleSection\":[\"Artes\"],\"inLanguage\":\"es\"},{\"@type\":[\"WebPage\",\"ItemPage\"],\"@id\":\"https:\\\/\\\/www.uartes.edu.ec\\\/sitio\\\/blog\\\/2018\\\/10\\\/24\\\/literatura-toma-fuerza-con-la-4ta-edicion-de-feria-libre-libro\\\/\",\"url\":\"https:\\\/\\\/www.uartes.edu.ec\\\/sitio\\\/blog\\\/2018\\\/10\\\/24\\\/literatura-toma-fuerza-con-la-4ta-edicion-de-feria-libre-libro\\\/\",\"name\":\"Universidad de las Artes - Literatura toma fuerza con la 4ta edici\u00f3n de Feria Libre Libro\",\"isPartOf\":{\"@id\":\"https:\\\/\\\/www.uartes.edu.ec\\\/sitio\\\/#website\"},\"primaryImageOfPage\":{\"@id\":\"https:\\\/\\\/www.uartes.edu.ec\\\/sitio\\\/blog\\\/2018\\\/10\\\/24\\\/literatura-toma-fuerza-con-la-4ta-edicion-de-feria-libre-libro\\\/#primaryimage\"},\"image\":{\"@id\":\"https:\\\/\\\/www.uartes.edu.ec\\\/sitio\\\/blog\\\/2018\\\/10\\\/24\\\/literatura-toma-fuerza-con-la-4ta-edicion-de-feria-libre-libro\\\/#primaryimage\"},\"thumbnailUrl\":\"https:\\\/\\\/www.uartes.edu.ec\\\/sitio\\\/wp-content\\\/uploads\\\/2018\\\/10\\\/Inauguracio\u0301n-LibreLibro-1-scaled.jpg\",\"datePublished\":\"2018-10-24T22:22:28+00:00\",\"dateModified\":\"2024-07-04T16:53:43+00:00\",\"description\":\"Universidad de las Artes - Literatura toma fuerza con la 4ta edici\u00f3n de Feria Libre Libro\",\"breadcrumb\":{\"@id\":\"https:\\\/\\\/www.uartes.edu.ec\\\/sitio\\\/blog\\\/2018\\\/10\\\/24\\\/literatura-toma-fuerza-con-la-4ta-edicion-de-feria-libre-libro\\\/#breadcrumb\"},\"inLanguage\":\"es\",\"potentialAction\":[{\"@type\":\"ReadAction\",\"target\":[\"https:\\\/\\\/www.uartes.edu.ec\\\/sitio\\\/blog\\\/2018\\\/10\\\/24\\\/literatura-toma-fuerza-con-la-4ta-edicion-de-feria-libre-libro\\\/\"]}]},{\"@type\":\"ImageObject\",\"inLanguage\":\"es\",\"@id\":\"https:\\\/\\\/www.uartes.edu.ec\\\/sitio\\\/blog\\\/2018\\\/10\\\/24\\\/literatura-toma-fuerza-con-la-4ta-edicion-de-feria-libre-libro\\\/#primaryimage\",\"url\":\"https:\\\/\\\/www.uartes.edu.ec\\\/sitio\\\/wp-content\\\/uploads\\\/2018\\\/10\\\/Inauguracio\u0301n-LibreLibro-1-scaled.jpg\",\"contentUrl\":\"https:\\\/\\\/www.uartes.edu.ec\\\/sitio\\\/wp-content\\\/uploads\\\/2018\\\/10\\\/Inauguracio\u0301n-LibreLibro-1-scaled.jpg\",\"width\":4104,\"height\":2523},{\"@type\":\"BreadcrumbList\",\"@id\":\"https:\\\/\\\/www.uartes.edu.ec\\\/sitio\\\/blog\\\/2018\\\/10\\\/24\\\/literatura-toma-fuerza-con-la-4ta-edicion-de-feria-libre-libro\\\/#breadcrumb\",\"itemListElement\":[{\"@type\":\"ListItem\",\"position\":1,\"name\":\"Inicio\",\"item\":\"https:\\\/\\\/www.uartes.edu.ec\\\/sitio\\\/\"},{\"@type\":\"ListItem\",\"position\":2,\"name\":\"Literatura toma fuerza con la 4ta edici\u00f3n de Feria Libre Libro\"}]},{\"@type\":\"WebSite\",\"@id\":\"https:\\\/\\\/www.uartes.edu.ec\\\/sitio\\\/#website\",\"url\":\"https:\\\/\\\/www.uartes.edu.ec\\\/sitio\\\/\",\"name\":\"Universidad de las Artes\",\"description\":\"Sitio oficial de la Universidad Nacional de las Artes del Ecuador\",\"publisher\":{\"@id\":\"https:\\\/\\\/www.uartes.edu.ec\\\/sitio\\\/#organization\"},\"potentialAction\":[{\"@type\":\"SearchAction\",\"target\":{\"@type\":\"EntryPoint\",\"urlTemplate\":\"https:\\\/\\\/www.uartes.edu.ec\\\/sitio\\\/?s={search_term_string}\"},\"query-input\":{\"@type\":\"PropertyValueSpecification\",\"valueRequired\":true,\"valueName\":\"search_term_string\"}}],\"inLanguage\":\"es\"},{\"@type\":\"Organization\",\"@id\":\"https:\\\/\\\/www.uartes.edu.ec\\\/sitio\\\/#organization\",\"name\":\"Universidad de las Artes\",\"url\":\"https:\\\/\\\/www.uartes.edu.ec\\\/sitio\\\/\",\"logo\":{\"@type\":\"ImageObject\",\"inLanguage\":\"es\",\"@id\":\"https:\\\/\\\/www.uartes.edu.ec\\\/sitio\\\/#\\\/schema\\\/logo\\\/image\\\/\",\"url\":\"https:\\\/\\\/www.uartes.edu.ec\\\/sitio\\\/wp-content\\\/uploads\\\/2022\\\/07\\\/logo-ua-horizontal.png\",\"contentUrl\":\"https:\\\/\\\/www.uartes.edu.ec\\\/sitio\\\/wp-content\\\/uploads\\\/2022\\\/07\\\/logo-ua-horizontal.png\",\"width\":800,\"height\":276,\"caption\":\"Universidad de las Artes\"},\"image\":{\"@id\":\"https:\\\/\\\/www.uartes.edu.ec\\\/sitio\\\/#\\\/schema\\\/logo\\\/image\\\/\"},\"sameAs\":[\"https:\\\/\\\/www.facebook.com\\\/uartesec\",\"https:\\\/\\\/x.com\\\/uartesec\",\"https:\\\/\\\/www.tiktok.com\\\/@uartesec\"]},{\"@type\":\"Person\",\"@id\":\"https:\\\/\\\/www.uartes.edu.ec\\\/sitio\\\/#\\\/schema\\\/person\\\/f33f8c1d2af0d5c80a38c8abf458184a\",\"name\":\"Universidad de las Artes\",\"image\":{\"@type\":\"ImageObject\",\"inLanguage\":\"es\",\"@id\":\"https:\\\/\\\/secure.gravatar.com\\\/avatar\\\/52e4757902f5cfa5ac52d020e5be83cae5487519154b6c35482fe08d589f3c13?s=96&d=mm&r=g\",\"url\":\"https:\\\/\\\/secure.gravatar.com\\\/avatar\\\/52e4757902f5cfa5ac52d020e5be83cae5487519154b6c35482fe08d589f3c13?s=96&d=mm&r=g\",\"contentUrl\":\"https:\\\/\\\/secure.gravatar.com\\\/avatar\\\/52e4757902f5cfa5ac52d020e5be83cae5487519154b6c35482fe08d589f3c13?s=96&d=mm&r=g\",\"caption\":\"Universidad de las Artes\"},\"url\":\"https:\\\/\\\/www.uartes.edu.ec\\\/sitio\\\/blog\\\/author\\\/dircomadm\\\/\"}]}<\/script>\n<!-- \/ Yoast SEO plugin. -->","yoast_head_json":{"title":"Universidad de las Artes - Literatura toma fuerza con la 4ta edici\u00f3n de Feria Libre Libro","description":"Universidad de las Artes - Literatura toma fuerza con la 4ta edici\u00f3n de Feria Libre Libro","robots":{"index":"index","follow":"follow","max-snippet":"max-snippet:-1","max-image-preview":"max-image-preview:large","max-video-preview":"max-video-preview:-1"},"canonical":"https:\/\/www.uartes.edu.ec\/sitio\/blog\/2018\/10\/24\/literatura-toma-fuerza-con-la-4ta-edicion-de-feria-libre-libro\/","og_locale":"es_ES","og_type":"article","og_title":"Universidad de las Artes - Literatura toma fuerza con la 4ta edici\u00f3n de Feria Libre Libro","og_description":"Universidad de las Artes - Literatura toma fuerza con la 4ta edici\u00f3n de Feria Libre Libro","og_url":"https:\/\/www.uartes.edu.ec\/sitio\/blog\/2018\/10\/24\/literatura-toma-fuerza-con-la-4ta-edicion-de-feria-libre-libro\/","og_site_name":"Universidad de las Artes","article_publisher":"https:\/\/www.facebook.com\/uartesec","article_published_time":"2018-10-24T22:22:28+00:00","article_modified_time":"2024-07-04T16:53:43+00:00","og_image":[{"width":4104,"height":2523,"url":"https:\/\/www.uartes.edu.ec\/sitio\/wp-content\/uploads\/2018\/10\/Inauguracio\u0301n-LibreLibro-1-scaled.jpg","type":"image\/jpeg"}],"author":"Universidad de las Artes","twitter_card":"summary_large_image","twitter_creator":"@uartesec","twitter_site":"@uartesec","twitter_misc":{"Escrito por":"Universidad de las Artes","Tiempo de lectura":"2 minutos"},"schema":{"@context":"https:\/\/schema.org","@graph":[{"@type":"Article","@id":"https:\/\/www.uartes.edu.ec\/sitio\/blog\/2018\/10\/24\/literatura-toma-fuerza-con-la-4ta-edicion-de-feria-libre-libro\/#article","isPartOf":{"@id":"https:\/\/www.uartes.edu.ec\/sitio\/blog\/2018\/10\/24\/literatura-toma-fuerza-con-la-4ta-edicion-de-feria-libre-libro\/"},"author":{"name":"Universidad de las Artes","@id":"https:\/\/www.uartes.edu.ec\/sitio\/#\/schema\/person\/f33f8c1d2af0d5c80a38c8abf458184a"},"headline":"Literatura toma fuerza con la 4ta edici\u00f3n de Feria Libre Libro","datePublished":"2018-10-24T22:22:28+00:00","dateModified":"2024-07-04T16:53:43+00:00","mainEntityOfPage":{"@id":"https:\/\/www.uartes.edu.ec\/sitio\/blog\/2018\/10\/24\/literatura-toma-fuerza-con-la-4ta-edicion-de-feria-libre-libro\/"},"wordCount":360,"publisher":{"@id":"https:\/\/www.uartes.edu.ec\/sitio\/#organization"},"image":{"@id":"https:\/\/www.uartes.edu.ec\/sitio\/blog\/2018\/10\/24\/literatura-toma-fuerza-con-la-4ta-edicion-de-feria-libre-libro\/#primaryimage"},"thumbnailUrl":"https:\/\/www.uartes.edu.ec\/sitio\/wp-content\/uploads\/2018\/10\/Inauguracio\u0301n-LibreLibro-1-scaled.jpg","articleSection":["Artes"],"inLanguage":"es"},{"@type":["WebPage","ItemPage"],"@id":"https:\/\/www.uartes.edu.ec\/sitio\/blog\/2018\/10\/24\/literatura-toma-fuerza-con-la-4ta-edicion-de-feria-libre-libro\/","url":"https:\/\/www.uartes.edu.ec\/sitio\/blog\/2018\/10\/24\/literatura-toma-fuerza-con-la-4ta-edicion-de-feria-libre-libro\/","name":"Universidad de las Artes - Literatura toma fuerza con la 4ta edici\u00f3n de Feria Libre Libro","isPartOf":{"@id":"https:\/\/www.uartes.edu.ec\/sitio\/#website"},"primaryImageOfPage":{"@id":"https:\/\/www.uartes.edu.ec\/sitio\/blog\/2018\/10\/24\/literatura-toma-fuerza-con-la-4ta-edicion-de-feria-libre-libro\/#primaryimage"},"image":{"@id":"https:\/\/www.uartes.edu.ec\/sitio\/blog\/2018\/10\/24\/literatura-toma-fuerza-con-la-4ta-edicion-de-feria-libre-libro\/#primaryimage"},"thumbnailUrl":"https:\/\/www.uartes.edu.ec\/sitio\/wp-content\/uploads\/2018\/10\/Inauguracio\u0301n-LibreLibro-1-scaled.jpg","datePublished":"2018-10-24T22:22:28+00:00","dateModified":"2024-07-04T16:53:43+00:00","description":"Universidad de las Artes - Literatura toma fuerza con la 4ta edici\u00f3n de Feria Libre Libro","breadcrumb":{"@id":"https:\/\/www.uartes.edu.ec\/sitio\/blog\/2018\/10\/24\/literatura-toma-fuerza-con-la-4ta-edicion-de-feria-libre-libro\/#breadcrumb"},"inLanguage":"es","potentialAction":[{"@type":"ReadAction","target":["https:\/\/www.uartes.edu.ec\/sitio\/blog\/2018\/10\/24\/literatura-toma-fuerza-con-la-4ta-edicion-de-feria-libre-libro\/"]}]},{"@type":"ImageObject","inLanguage":"es","@id":"https:\/\/www.uartes.edu.ec\/sitio\/blog\/2018\/10\/24\/literatura-toma-fuerza-con-la-4ta-edicion-de-feria-libre-libro\/#primaryimage","url":"https:\/\/www.uartes.edu.ec\/sitio\/wp-content\/uploads\/2018\/10\/Inauguracio\u0301n-LibreLibro-1-scaled.jpg","contentUrl":"https:\/\/www.uartes.edu.ec\/sitio\/wp-content\/uploads\/2018\/10\/Inauguracio\u0301n-LibreLibro-1-scaled.jpg","width":4104,"height":2523},{"@type":"BreadcrumbList","@id":"https:\/\/www.uartes.edu.ec\/sitio\/blog\/2018\/10\/24\/literatura-toma-fuerza-con-la-4ta-edicion-de-feria-libre-libro\/#breadcrumb","itemListElement":[{"@type":"ListItem","position":1,"name":"Inicio","item":"https:\/\/www.uartes.edu.ec\/sitio\/"},{"@type":"ListItem","position":2,"name":"Literatura toma fuerza con la 4ta edici\u00f3n de Feria Libre Libro"}]},{"@type":"WebSite","@id":"https:\/\/www.uartes.edu.ec\/sitio\/#website","url":"https:\/\/www.uartes.edu.ec\/sitio\/","name":"Universidad de las Artes","description":"Sitio oficial de la Universidad Nacional de las Artes del Ecuador","publisher":{"@id":"https:\/\/www.uartes.edu.ec\/sitio\/#organization"},"potentialAction":[{"@type":"SearchAction","target":{"@type":"EntryPoint","urlTemplate":"https:\/\/www.uartes.edu.ec\/sitio\/?s={search_term_string}"},"query-input":{"@type":"PropertyValueSpecification","valueRequired":true,"valueName":"search_term_string"}}],"inLanguage":"es"},{"@type":"Organization","@id":"https:\/\/www.uartes.edu.ec\/sitio\/#organization","name":"Universidad de las Artes","url":"https:\/\/www.uartes.edu.ec\/sitio\/","logo":{"@type":"ImageObject","inLanguage":"es","@id":"https:\/\/www.uartes.edu.ec\/sitio\/#\/schema\/logo\/image\/","url":"https:\/\/www.uartes.edu.ec\/sitio\/wp-content\/uploads\/2022\/07\/logo-ua-horizontal.png","contentUrl":"https:\/\/www.uartes.edu.ec\/sitio\/wp-content\/uploads\/2022\/07\/logo-ua-horizontal.png","width":800,"height":276,"caption":"Universidad de las Artes"},"image":{"@id":"https:\/\/www.uartes.edu.ec\/sitio\/#\/schema\/logo\/image\/"},"sameAs":["https:\/\/www.facebook.com\/uartesec","https:\/\/x.com\/uartesec","https:\/\/www.tiktok.com\/@uartesec"]},{"@type":"Person","@id":"https:\/\/www.uartes.edu.ec\/sitio\/#\/schema\/person\/f33f8c1d2af0d5c80a38c8abf458184a","name":"Universidad de las Artes","image":{"@type":"ImageObject","inLanguage":"es","@id":"https:\/\/secure.gravatar.com\/avatar\/52e4757902f5cfa5ac52d020e5be83cae5487519154b6c35482fe08d589f3c13?s=96&d=mm&r=g","url":"https:\/\/secure.gravatar.com\/avatar\/52e4757902f5cfa5ac52d020e5be83cae5487519154b6c35482fe08d589f3c13?s=96&d=mm&r=g","contentUrl":"https:\/\/secure.gravatar.com\/avatar\/52e4757902f5cfa5ac52d020e5be83cae5487519154b6c35482fe08d589f3c13?s=96&d=mm&r=g","caption":"Universidad de las Artes"},"url":"https:\/\/www.uartes.edu.ec\/sitio\/blog\/author\/dircomadm\/"}]}},"uagb_featured_image_src":{"full":["https:\/\/www.uartes.edu.ec\/sitio\/wp-content\/uploads\/2018\/10\/Inauguracio\u0301n-LibreLibro-1-scaled.jpg",4104,2523,false],"thumbnail":["https:\/\/www.uartes.edu.ec\/sitio\/wp-content\/uploads\/2018\/10\/Inauguracio\u0301n-LibreLibro-1-150x150.jpg",150,150,true],"medium":["https:\/\/www.uartes.edu.ec\/sitio\/wp-content\/uploads\/2018\/10\/Inauguracio\u0301n-LibreLibro-1-300x184.jpg",300,184,true],"medium_large":["https:\/\/www.uartes.edu.ec\/sitio\/wp-content\/uploads\/2018\/10\/Inauguracio\u0301n-LibreLibro-1-768x472.jpg",768,472,true],"large":["https:\/\/www.uartes.edu.ec\/sitio\/wp-content\/uploads\/2018\/10\/Inauguracio\u0301n-LibreLibro-1-1024x630.jpg",644,396,true],"1536x1536":["https:\/\/www.uartes.edu.ec\/sitio\/wp-content\/uploads\/2018\/10\/Inauguracio\u0301n-LibreLibro-1-scaled.jpg",1536,944,false],"2048x2048":["https:\/\/www.uartes.edu.ec\/sitio\/wp-content\/uploads\/2018\/10\/Inauguracio\u0301n-LibreLibro-1-scaled.jpg",2048,1259,false],"trp-custom-language-flag":["https:\/\/www.uartes.edu.ec\/sitio\/wp-content\/uploads\/2018\/10\/Inauguracio\u0301n-LibreLibro-1-scaled.jpg",18,12,false],"htmega_size_585x295":["https:\/\/www.uartes.edu.ec\/sitio\/wp-content\/uploads\/2018\/10\/Inauguracio\u0301n-LibreLibro-1-scaled.jpg",480,295,false],"htmega_size_1170x536":["https:\/\/www.uartes.edu.ec\/sitio\/wp-content\/uploads\/2018\/10\/Inauguracio\u0301n-LibreLibro-1-scaled.jpg",872,536,false],"htmega_size_396x360":["https:\/\/www.uartes.edu.ec\/sitio\/wp-content\/uploads\/2018\/10\/Inauguracio\u0301n-LibreLibro-1-scaled.jpg",396,243,false],"gb-block-post-grid-landscape":["https:\/\/www.uartes.edu.ec\/sitio\/wp-content\/uploads\/2018\/10\/Inauguracio\u0301n-LibreLibro-1-scaled.jpg",600,369,false],"gb-block-post-grid-square":["https:\/\/www.uartes.edu.ec\/sitio\/wp-content\/uploads\/2018\/10\/Inauguracio\u0301n-LibreLibro-1-scaled.jpg",600,369,false],"university-hub-thumb":["https:\/\/www.uartes.edu.ec\/sitio\/wp-content\/uploads\/2018\/10\/Inauguracio\u0301n-LibreLibro-1-scaled.jpg",400,246,false]},"uagb_author_info":{"display_name":"Universidad de las Artes","author_link":"https:\/\/www.uartes.edu.ec\/sitio\/blog\/author\/dircomadm\/"},"uagb_comment_info":0,"uagb_excerpt":"El encuentro de Editores Independientes, Libre Libro 2018, comenz\u00f3 el martes 23 de octubre y reuni\u00f3 escritores y editores invitados de varios pa\u00edses. La feria de este a\u00f1o est\u00e1 dedicada a las mujeres en la literatura y en la edici\u00f3n, en honor a por los 200 a\u00f1os del Frankenstein de Mary Shelley. Como parte de&hellip;","featured_image_src":"https:\/\/www.uartes.edu.ec\/sitio\/wp-content\/uploads\/2018\/10\/Inauguracio\u0301n-LibreLibro-1-scaled.jpg","featured_image_src_square":"https:\/\/www.uartes.edu.ec\/sitio\/wp-content\/uploads\/2018\/10\/Inauguracio\u0301n-LibreLibro-1-scaled.jpg","author_info":{"display_name":"Universidad de las Artes","author_link":"https:\/\/www.uartes.edu.ec\/sitio\/blog\/author\/dircomadm\/"},"publishpress_future_workflow_manual_trigger":{"enabledWorkflows":[]},"distributor_meta":false,"distributor_terms":false,"distributor_media":false,"distributor_original_site_name":"Universidad de las Artes","distributor_original_site_url":"https:\/\/www.uartes.edu.ec\/sitio","push-errors":false,"_links":{"self":[{"href":"https:\/\/www.uartes.edu.ec\/sitio\/wp-json\/wp\/v2\/posts\/2656","targetHints":{"allow":["GET"]}}],"collection":[{"href":"https:\/\/www.uartes.edu.ec\/sitio\/wp-json\/wp\/v2\/posts"}],"about":[{"href":"https:\/\/www.uartes.edu.ec\/sitio\/wp-json\/wp\/v2\/types\/post"}],"author":[{"embeddable":true,"href":"https:\/\/www.uartes.edu.ec\/sitio\/wp-json\/wp\/v2\/users\/1"}],"replies":[{"embeddable":true,"href":"https:\/\/www.uartes.edu.ec\/sitio\/wp-json\/wp\/v2\/comments?post=2656"}],"version-history":[{"count":4,"href":"https:\/\/www.uartes.edu.ec\/sitio\/wp-json\/wp\/v2\/posts\/2656\/revisions"}],"predecessor-version":[{"id":2662,"href":"https:\/\/www.uartes.edu.ec\/sitio\/wp-json\/wp\/v2\/posts\/2656\/revisions\/2662"}],"wp:featuredmedia":[{"embeddable":true,"href":"https:\/\/www.uartes.edu.ec\/sitio\/wp-json\/wp\/v2\/media\/2659"}],"wp:attachment":[{"href":"https:\/\/www.uartes.edu.ec\/sitio\/wp-json\/wp\/v2\/media?parent=2656"}],"wp:term":[{"taxonomy":"category","embeddable":true,"href":"https:\/\/www.uartes.edu.ec\/sitio\/wp-json\/wp\/v2\/categories?post=2656"},{"taxonomy":"post_tag","embeddable":true,"href":"https:\/\/www.uartes.edu.ec\/sitio\/wp-json\/wp\/v2\/tags?post=2656"},{"taxonomy":"infouartes","embeddable":true,"href":"https:\/\/www.uartes.edu.ec\/sitio\/wp-json\/wp\/v2\/infouartes?post=2656"}],"curies":[{"name":"wp","href":"https:\/\/api.w.org\/{rel}","templated":true}]}}