{"id":26726,"date":"2022-08-23T11:30:00","date_gmt":"2022-08-23T16:30:00","guid":{"rendered":"http:\/\/www.uartes.edu.ec\/sitio\/?p=26726"},"modified":"2024-07-04T11:23:10","modified_gmt":"2024-07-04T16:23:10","slug":"las-exposiciones-individuales-y-colectivas-que-conformanla-bitacora-propuesta-por-la-escuela-de-artes-visuales","status":"publish","type":"post","link":"https:\/\/www.uartes.edu.ec\/sitio\/blog\/2022\/08\/23\/las-exposiciones-individuales-y-colectivas-que-conformanla-bitacora-propuesta-por-la-escuela-de-artes-visuales\/","title":{"rendered":"Las muestras individuales y colectivas que conforman la \u201cBit\u00e1cora\u201d propuesta por la Escuela de Artes Visuales"},"content":{"rendered":"\n<p>La necesidad de trazar un mapa que destaque los procesos pedag\u00f3gicos desarrollados al interior de los diferentes talleres de proyectos llev\u00f3 al surgimiento de \u201cBit\u00e1cora\u201d. La Escuela de Artes Visuales de la Universidad de las Artes da cuenta as\u00ed de esta propuesta, enmarcada en el proceso de renovaci\u00f3n curricular en el que se encuentra y con el que tantea otros modos de ense\u00f1anza del arte en el contexto actual.<\/p>\n\n\n\n<p>Con el apoyo de la Organizaci\u00f3n de Estados Iberoamericanos (OEI), con la cual la UArtes mantiene convenio, \u201cBit\u00e1cora\u201d ensaya un conjunto de exposiciones individuales y colectivas que apuntan, sobre todo, a cartografiar aquellos elementos que pueden poner en evidencia la heterogeneidad de estos procesos, tanto en el nivel de sus propuestas pedag\u00f3gicas, como en los desarrollos creativos de nuestros estudiantes.<br><br>Buena parte de las exposiciones que configuran \u201cBit\u00e1cora\u201d se desenvuelven en ambientes marginados del campo institucional oficial, espacios alternativos de muy diversa naturaleza, agenciados por los mismos estudiantes en el marco de un intenso contrapunteo y donde encuentran sitio la diversidad y complejidad de sus propuestas art\u00edsticas.<\/p>\n\n\n<div class=\"wp-block-image\">\n<figure class=\"aligncenter size-large\"><img fetchpriority=\"high\" decoding=\"async\" width=\"644\" height=\"361\" src=\"http:\/\/www.uartes.edu.ec\/sitio\/wp-content\/uploads\/2022\/08\/bitacora2-644x361.jpg\" alt=\"\" class=\"wp-image-26728\" srcset=\"https:\/\/www.uartes.edu.ec\/sitio\/wp-content\/uploads\/2022\/08\/bitacora2-644x361.jpg 644w, https:\/\/www.uartes.edu.ec\/sitio\/wp-content\/uploads\/2022\/08\/bitacora2-768x431.jpg 768w, https:\/\/www.uartes.edu.ec\/sitio\/wp-content\/uploads\/2022\/08\/bitacora2-600x337.jpg 600w\" sizes=\"(max-width: 644px) 100vw, 644px\" \/><\/figure>\n<\/div>\n\n\n<h3 class=\"wp-block-heading\"><strong>Una amplia agenda<\/strong><\/h3>\n\n\n\n<p>De las muestras en menci\u00f3n es parte \u201cSolo de Dibujo\u201d, que los estudiantes del docente Joaqu\u00edn Serrano inauguraron el pasado 9 de agosto en el Museo Nahim Isa\u00edas, donde se mantendr\u00e1 abierta hasta el 2 de septiembre pr\u00f3ximo.<\/p>\n\n\n\n<p>La siguiente exposici\u00f3n inaugurada fue \u201cBit\u00e1cora colectiva\u201d, el 18 de agosto en la Galer\u00eda CIF del Centro de Producci\u00f3n e Innovaci\u00f3n MZ14; all\u00ed durante nueve d\u00edas se mostrar\u00e1n propuestas de las asignaturas Proyectos y procesos del arte I y II, Dibujo en el campo expandido, Perspectivas modernas del dibujo y Po\u00e9ticas visuales II, a cargo de los docentes Armando Busquets, Saidel Brito e ilich Castillo. La curadur\u00eda es de Madeline G\u00f3mez y Paula \u00cd\u00f1iguez. Se mantendr\u00e1 abierta 9 d\u00edas.<\/p>\n\n\n\n<p>El 22 de agosto, a las 11:00, en el Aula de Proyectos del MZ14, se abri\u00f3 la muestra \u201cIntroducci\u00f3n a la Ret\u00f3rica Visual\u201d, de los estudiantes del docente Xavier Pati\u00f1o, director de la Escuela de Artes Visuales. Y para este mi\u00e9rcoles 23, a las 18:00, Fernando Calle propone \u201cCuerpo Sano\u201d, muestra que inaugurar\u00e1 en la Casa de la Cultura N\u00facleo del Guayas; docente Saidel Brito.<\/p>\n\n\n\n<p>El 25, en la Galer\u00eda El Garaje, ubicada en el edificio T\u00e1bara, se desarrollar\u00e1 una Casa Abierta de la Exposici\u00f3n de Escultura B\u00e1sica; docente Juan Caguana.<\/p>\n\n\n<div class=\"wp-block-image\">\n<figure class=\"aligncenter size-large\"><img decoding=\"async\" width=\"644\" height=\"644\" src=\"http:\/\/www.uartes.edu.ec\/sitio\/wp-content\/uploads\/2022\/08\/bitacora1-644x644.jpg\" alt=\"\" class=\"wp-image-26729\" srcset=\"https:\/\/www.uartes.edu.ec\/sitio\/wp-content\/uploads\/2022\/08\/bitacora1-644x644.jpg 644w, https:\/\/www.uartes.edu.ec\/sitio\/wp-content\/uploads\/2022\/08\/bitacora1-300x300.jpg 300w, https:\/\/www.uartes.edu.ec\/sitio\/wp-content\/uploads\/2022\/08\/bitacora1-150x150.jpg 150w, https:\/\/www.uartes.edu.ec\/sitio\/wp-content\/uploads\/2022\/08\/bitacora1-768x768.jpg 768w, https:\/\/www.uartes.edu.ec\/sitio\/wp-content\/uploads\/2022\/08\/bitacora1-1536x1536.jpg 1536w, https:\/\/www.uartes.edu.ec\/sitio\/wp-content\/uploads\/2022\/08\/bitacora1.jpg 1599w, https:\/\/www.uartes.edu.ec\/sitio\/wp-content\/uploads\/2022\/08\/bitacora1-600x600.jpg 600w, https:\/\/www.uartes.edu.ec\/sitio\/wp-content\/uploads\/2022\/08\/bitacora1-100x100.jpg 100w, https:\/\/www.uartes.edu.ec\/sitio\/wp-content\/uploads\/2022\/08\/bitacora1-560x560.jpg 560w\" sizes=\"(max-width: 644px) 100vw, 644px\" \/><\/figure>\n<\/div>\n\n\n<p>El mismo 25, a las 16:00, en el MAAC, se abrir\u00e1 la muestra de los estudiantes del paralelo 1 y 2 de Dibujo b\u00e1sico, c\u00e1tedra que imparte el profesor Marco Restrepo. Y, a partir de las 16:30, en el T\u00e1bara, se podr\u00e1n apreciar los trabajos de los alumnos del Taller de Pintura 2 que lleva el mismo docente.<\/p>\n\n\n\n<p>A las 17:00 del 25 de agosto, Pedro Garc\u00eda presentar\u00e1 \u201cMemento\u201d, en Portete 1.138 y Guaranda. El mismo d\u00eda y hora, Ariana Tigua dar\u00e1 a conocer \u201cSonrisa de hiena\u201d, en Urdenor (manzana 119 villa 8). Ambos son estudiantes de Saidel Brito.<\/p>\n\n\n\n<p>De igual manera, el 25 de agosto, el docente David Utterman inaugurar\u00e1 una exposici\u00f3n fotogr\u00e1fica en la Galer\u00eda El Garaje del edificio T\u00e1bara.<\/p>\n\n\n\n<p>Para el 26 de agosto, a las 18:30, est\u00e1n programadas en Onder (Mendiburu 230 y Baquerizo Moreno, piso 2) las inauguraciones de \u201cPortentos\u201d, obra de Mar\u00eda Bel\u00e9n Reyes, y \u201cTrazos expandidos\u201d, propuesta de Ketgly Sol\u00f3rzano. Ambas son alumnas de Saidel Brito.<\/p>\n\n\n\n<p>Sim\u00f3n Zambrano inaugurar\u00e1 el 26 de agosto una muestra que durante dos semanas se podr\u00e1 visitar \u2013desde las 19:00\u2013 en la Cdla. JETEL 2 (manzana 16, solar 12); se titula \u201cEspectros insospechosos (te cog\u00ed)\u201d; es estudiante del docente Saidel Brito.<\/p>\n\n\n\n<p>En im\u00e1genes, la exposici\u00f3n \u201cBit\u00e1cora colectiva\u201d que se inaugur\u00f3 el pasado 18 de agosto en el Centro de Producci\u00f3n e Innovaci\u00f3n MZ14.<\/p>\n","protected":false},"excerpt":{"rendered":"<p>La necesidad de trazar un mapa que destaque los procesos pedag\u00f3gicos desarrollados al interior de los diferentes talleres de proyectos llev\u00f3 al surgimiento de \u201cBit\u00e1cora\u201d. La Escuela de Artes Visuales de la UArtes da cuenta as\u00ed de esta propuesta, enmarcada en el proceso de renovaci\u00f3n curricular en el que se encuentra y con el que tantea otros modos de ense\u00f1anza del arte en el contexto actual. <\/p>\n","protected":false},"author":10,"featured_media":26727,"comment_status":"open","ping_status":"open","sticky":false,"template":"","format":"standard","meta":{"_acf_changed":false,"_uag_custom_page_level_css":"","_monsterinsights_skip_tracking":false,"_monsterinsights_sitenote_active":false,"_monsterinsights_sitenote_note":"","_monsterinsights_sitenote_category":0,"cybocfi_hide_featured_image":"","footnotes":""},"categories":[713,157,75,76],"tags":[765],"infouartes":[],"class_list":["post-26726","post","type-post","status-publish","format-standard","has-post-thumbnail","hentry","category-1b","category-artes-visuales","category-docentes","category-estudiantes","tag-exposicion-bitacora"],"acf":[],"yoast_head":"<!-- This site is optimized with the Yoast SEO plugin v27.4 - https:\/\/yoast.com\/product\/yoast-seo-wordpress\/ -->\n<title>Universidad de las Artes - Las muestras individuales y colectivas que conforman la \u201cBit\u00e1cora\u201d propuesta por la Escuela de Artes Visuales<\/title>\n<meta name=\"description\" content=\"Universidad de las Artes - Las muestras individuales y colectivas que conforman la \u201cBit\u00e1cora\u201d propuesta por la Escuela de Artes Visuales\" \/>\n<meta name=\"robots\" content=\"index, follow, max-snippet:-1, max-image-preview:large, max-video-preview:-1\" \/>\n<link rel=\"canonical\" href=\"https:\/\/www.uartes.edu.ec\/sitio\/blog\/2022\/08\/23\/las-exposiciones-individuales-y-colectivas-que-conformanla-bitacora-propuesta-por-la-escuela-de-artes-visuales\/\" \/>\n<meta property=\"og:locale\" content=\"es_ES\" \/>\n<meta property=\"og:type\" content=\"article\" \/>\n<meta property=\"og:title\" content=\"Universidad de las Artes - Las muestras individuales y colectivas que conforman la \u201cBit\u00e1cora\u201d propuesta por la Escuela de Artes Visuales\" \/>\n<meta property=\"og:description\" content=\"Universidad de las Artes - Las muestras individuales y colectivas que conforman la \u201cBit\u00e1cora\u201d propuesta por la Escuela de Artes Visuales\" \/>\n<meta property=\"og:url\" content=\"https:\/\/www.uartes.edu.ec\/sitio\/blog\/2022\/08\/23\/las-exposiciones-individuales-y-colectivas-que-conformanla-bitacora-propuesta-por-la-escuela-de-artes-visuales\/\" \/>\n<meta property=\"og:site_name\" content=\"Universidad de las Artes\" \/>\n<meta property=\"article:publisher\" content=\"https:\/\/www.facebook.com\/uartesec\" \/>\n<meta property=\"article:published_time\" content=\"2022-08-23T16:30:00+00:00\" \/>\n<meta property=\"article:modified_time\" content=\"2024-07-04T16:23:10+00:00\" \/>\n<meta property=\"og:image\" content=\"https:\/\/www.uartes.edu.ec\/sitio\/wp-content\/uploads\/2022\/08\/FOTO-BITA\u0301CORA-AGOSTO-2022-644x440.png\" \/>\n\t<meta property=\"og:image:width\" content=\"644\" \/>\n\t<meta property=\"og:image:height\" content=\"440\" \/>\n\t<meta property=\"og:image:type\" content=\"image\/png\" \/>\n<meta name=\"author\" content=\"ccortez\" \/>\n<meta name=\"twitter:card\" content=\"summary_large_image\" \/>\n<meta name=\"twitter:creator\" content=\"@uartesec\" \/>\n<meta name=\"twitter:site\" content=\"@uartesec\" \/>\n<meta name=\"twitter:label1\" content=\"Escrito por\" \/>\n\t<meta name=\"twitter:data1\" content=\"ccortez\" \/>\n\t<meta name=\"twitter:label2\" content=\"Tiempo de lectura\" \/>\n\t<meta name=\"twitter:data2\" content=\"4 minutos\" \/>\n<script type=\"application\/ld+json\" class=\"yoast-schema-graph\">{\"@context\":\"https:\\\/\\\/schema.org\",\"@graph\":[{\"@type\":\"Article\",\"@id\":\"https:\\\/\\\/www.uartes.edu.ec\\\/sitio\\\/blog\\\/2022\\\/08\\\/23\\\/las-exposiciones-individuales-y-colectivas-que-conformanla-bitacora-propuesta-por-la-escuela-de-artes-visuales\\\/#article\",\"isPartOf\":{\"@id\":\"https:\\\/\\\/www.uartes.edu.ec\\\/sitio\\\/blog\\\/2022\\\/08\\\/23\\\/las-exposiciones-individuales-y-colectivas-que-conformanla-bitacora-propuesta-por-la-escuela-de-artes-visuales\\\/\"},\"author\":{\"name\":\"ccortez\",\"@id\":\"https:\\\/\\\/www.uartes.edu.ec\\\/sitio\\\/#\\\/schema\\\/person\\\/efa1b8275797664fd7f13a79ccc0b1f4\"},\"headline\":\"Las muestras individuales y colectivas que conforman la \u201cBit\u00e1cora\u201d propuesta por la Escuela de Artes Visuales\",\"datePublished\":\"2022-08-23T16:30:00+00:00\",\"dateModified\":\"2024-07-04T16:23:10+00:00\",\"mainEntityOfPage\":{\"@id\":\"https:\\\/\\\/www.uartes.edu.ec\\\/sitio\\\/blog\\\/2022\\\/08\\\/23\\\/las-exposiciones-individuales-y-colectivas-que-conformanla-bitacora-propuesta-por-la-escuela-de-artes-visuales\\\/\"},\"wordCount\":651,\"commentCount\":0,\"publisher\":{\"@id\":\"https:\\\/\\\/www.uartes.edu.ec\\\/sitio\\\/#organization\"},\"image\":{\"@id\":\"https:\\\/\\\/www.uartes.edu.ec\\\/sitio\\\/blog\\\/2022\\\/08\\\/23\\\/las-exposiciones-individuales-y-colectivas-que-conformanla-bitacora-propuesta-por-la-escuela-de-artes-visuales\\\/#primaryimage\"},\"thumbnailUrl\":\"https:\\\/\\\/www.uartes.edu.ec\\\/sitio\\\/wp-content\\\/uploads\\\/2022\\\/08\\\/FOTO-BITA\u0301CORA-AGOSTO-2022.png\",\"keywords\":[\"exposici\u00f3n Bit\u00e1cora\"],\"articleSection\":[\"1B\",\"Artes Visuales\",\"Docentes\",\"Estudiantes\"],\"inLanguage\":\"es\",\"potentialAction\":[{\"@type\":\"CommentAction\",\"name\":\"Comment\",\"target\":[\"https:\\\/\\\/www.uartes.edu.ec\\\/sitio\\\/blog\\\/2022\\\/08\\\/23\\\/las-exposiciones-individuales-y-colectivas-que-conformanla-bitacora-propuesta-por-la-escuela-de-artes-visuales\\\/#respond\"]}]},{\"@type\":[\"WebPage\",\"ItemPage\"],\"@id\":\"https:\\\/\\\/www.uartes.edu.ec\\\/sitio\\\/blog\\\/2022\\\/08\\\/23\\\/las-exposiciones-individuales-y-colectivas-que-conformanla-bitacora-propuesta-por-la-escuela-de-artes-visuales\\\/\",\"url\":\"https:\\\/\\\/www.uartes.edu.ec\\\/sitio\\\/blog\\\/2022\\\/08\\\/23\\\/las-exposiciones-individuales-y-colectivas-que-conformanla-bitacora-propuesta-por-la-escuela-de-artes-visuales\\\/\",\"name\":\"Universidad de las Artes - Las muestras individuales y colectivas que conforman la \u201cBit\u00e1cora\u201d propuesta por la Escuela de Artes Visuales\",\"isPartOf\":{\"@id\":\"https:\\\/\\\/www.uartes.edu.ec\\\/sitio\\\/#website\"},\"primaryImageOfPage\":{\"@id\":\"https:\\\/\\\/www.uartes.edu.ec\\\/sitio\\\/blog\\\/2022\\\/08\\\/23\\\/las-exposiciones-individuales-y-colectivas-que-conformanla-bitacora-propuesta-por-la-escuela-de-artes-visuales\\\/#primaryimage\"},\"image\":{\"@id\":\"https:\\\/\\\/www.uartes.edu.ec\\\/sitio\\\/blog\\\/2022\\\/08\\\/23\\\/las-exposiciones-individuales-y-colectivas-que-conformanla-bitacora-propuesta-por-la-escuela-de-artes-visuales\\\/#primaryimage\"},\"thumbnailUrl\":\"https:\\\/\\\/www.uartes.edu.ec\\\/sitio\\\/wp-content\\\/uploads\\\/2022\\\/08\\\/FOTO-BITA\u0301CORA-AGOSTO-2022.png\",\"datePublished\":\"2022-08-23T16:30:00+00:00\",\"dateModified\":\"2024-07-04T16:23:10+00:00\",\"description\":\"Universidad de las Artes - Las muestras individuales y colectivas que conforman la \u201cBit\u00e1cora\u201d propuesta por la Escuela de Artes Visuales\",\"breadcrumb\":{\"@id\":\"https:\\\/\\\/www.uartes.edu.ec\\\/sitio\\\/blog\\\/2022\\\/08\\\/23\\\/las-exposiciones-individuales-y-colectivas-que-conformanla-bitacora-propuesta-por-la-escuela-de-artes-visuales\\\/#breadcrumb\"},\"inLanguage\":\"es\",\"potentialAction\":[{\"@type\":\"ReadAction\",\"target\":[\"https:\\\/\\\/www.uartes.edu.ec\\\/sitio\\\/blog\\\/2022\\\/08\\\/23\\\/las-exposiciones-individuales-y-colectivas-que-conformanla-bitacora-propuesta-por-la-escuela-de-artes-visuales\\\/\"]}]},{\"@type\":\"ImageObject\",\"inLanguage\":\"es\",\"@id\":\"https:\\\/\\\/www.uartes.edu.ec\\\/sitio\\\/blog\\\/2022\\\/08\\\/23\\\/las-exposiciones-individuales-y-colectivas-que-conformanla-bitacora-propuesta-por-la-escuela-de-artes-visuales\\\/#primaryimage\",\"url\":\"https:\\\/\\\/www.uartes.edu.ec\\\/sitio\\\/wp-content\\\/uploads\\\/2022\\\/08\\\/FOTO-BITA\u0301CORA-AGOSTO-2022.png\",\"contentUrl\":\"https:\\\/\\\/www.uartes.edu.ec\\\/sitio\\\/wp-content\\\/uploads\\\/2022\\\/08\\\/FOTO-BITA\u0301CORA-AGOSTO-2022.png\",\"width\":1800,\"height\":1229},{\"@type\":\"BreadcrumbList\",\"@id\":\"https:\\\/\\\/www.uartes.edu.ec\\\/sitio\\\/blog\\\/2022\\\/08\\\/23\\\/las-exposiciones-individuales-y-colectivas-que-conformanla-bitacora-propuesta-por-la-escuela-de-artes-visuales\\\/#breadcrumb\",\"itemListElement\":[{\"@type\":\"ListItem\",\"position\":1,\"name\":\"Inicio\",\"item\":\"https:\\\/\\\/www.uartes.edu.ec\\\/sitio\\\/\"},{\"@type\":\"ListItem\",\"position\":2,\"name\":\"Las muestras individuales y colectivas que conforman la \u201cBit\u00e1cora\u201d propuesta por la Escuela de Artes Visuales\"}]},{\"@type\":\"WebSite\",\"@id\":\"https:\\\/\\\/www.uartes.edu.ec\\\/sitio\\\/#website\",\"url\":\"https:\\\/\\\/www.uartes.edu.ec\\\/sitio\\\/\",\"name\":\"Universidad de las Artes\",\"description\":\"Sitio oficial de la Universidad Nacional de las Artes del Ecuador\",\"publisher\":{\"@id\":\"https:\\\/\\\/www.uartes.edu.ec\\\/sitio\\\/#organization\"},\"potentialAction\":[{\"@type\":\"SearchAction\",\"target\":{\"@type\":\"EntryPoint\",\"urlTemplate\":\"https:\\\/\\\/www.uartes.edu.ec\\\/sitio\\\/?s={search_term_string}\"},\"query-input\":{\"@type\":\"PropertyValueSpecification\",\"valueRequired\":true,\"valueName\":\"search_term_string\"}}],\"inLanguage\":\"es\"},{\"@type\":\"Organization\",\"@id\":\"https:\\\/\\\/www.uartes.edu.ec\\\/sitio\\\/#organization\",\"name\":\"Universidad de las Artes\",\"url\":\"https:\\\/\\\/www.uartes.edu.ec\\\/sitio\\\/\",\"logo\":{\"@type\":\"ImageObject\",\"inLanguage\":\"es\",\"@id\":\"https:\\\/\\\/www.uartes.edu.ec\\\/sitio\\\/#\\\/schema\\\/logo\\\/image\\\/\",\"url\":\"https:\\\/\\\/www.uartes.edu.ec\\\/sitio\\\/wp-content\\\/uploads\\\/2022\\\/07\\\/logo-ua-horizontal.png\",\"contentUrl\":\"https:\\\/\\\/www.uartes.edu.ec\\\/sitio\\\/wp-content\\\/uploads\\\/2022\\\/07\\\/logo-ua-horizontal.png\",\"width\":800,\"height\":276,\"caption\":\"Universidad de las Artes\"},\"image\":{\"@id\":\"https:\\\/\\\/www.uartes.edu.ec\\\/sitio\\\/#\\\/schema\\\/logo\\\/image\\\/\"},\"sameAs\":[\"https:\\\/\\\/www.facebook.com\\\/uartesec\",\"https:\\\/\\\/x.com\\\/uartesec\",\"https:\\\/\\\/www.tiktok.com\\\/@uartesec\"]},{\"@type\":\"Person\",\"@id\":\"https:\\\/\\\/www.uartes.edu.ec\\\/sitio\\\/#\\\/schema\\\/person\\\/efa1b8275797664fd7f13a79ccc0b1f4\",\"name\":\"ccortez\",\"image\":{\"@type\":\"ImageObject\",\"inLanguage\":\"es\",\"@id\":\"https:\\\/\\\/secure.gravatar.com\\\/avatar\\\/b2a6f664a3ae8e074346ef91775736c5ec479e637ecced6842de9dc98b5da9cd?s=96&d=mm&r=g\",\"url\":\"https:\\\/\\\/secure.gravatar.com\\\/avatar\\\/b2a6f664a3ae8e074346ef91775736c5ec479e637ecced6842de9dc98b5da9cd?s=96&d=mm&r=g\",\"contentUrl\":\"https:\\\/\\\/secure.gravatar.com\\\/avatar\\\/b2a6f664a3ae8e074346ef91775736c5ec479e637ecced6842de9dc98b5da9cd?s=96&d=mm&r=g\",\"caption\":\"ccortez\"},\"url\":\"https:\\\/\\\/www.uartes.edu.ec\\\/sitio\\\/blog\\\/author\\\/ccortez\\\/\"}]}<\/script>\n<!-- \/ Yoast SEO plugin. -->","yoast_head_json":{"title":"Universidad de las Artes - Las muestras individuales y colectivas que conforman la \u201cBit\u00e1cora\u201d propuesta por la Escuela de Artes Visuales","description":"Universidad de las Artes - Las muestras individuales y colectivas que conforman la \u201cBit\u00e1cora\u201d propuesta por la Escuela de Artes Visuales","robots":{"index":"index","follow":"follow","max-snippet":"max-snippet:-1","max-image-preview":"max-image-preview:large","max-video-preview":"max-video-preview:-1"},"canonical":"https:\/\/www.uartes.edu.ec\/sitio\/blog\/2022\/08\/23\/las-exposiciones-individuales-y-colectivas-que-conformanla-bitacora-propuesta-por-la-escuela-de-artes-visuales\/","og_locale":"es_ES","og_type":"article","og_title":"Universidad de las Artes - Las muestras individuales y colectivas que conforman la \u201cBit\u00e1cora\u201d propuesta por la Escuela de Artes Visuales","og_description":"Universidad de las Artes - Las muestras individuales y colectivas que conforman la \u201cBit\u00e1cora\u201d propuesta por la Escuela de Artes Visuales","og_url":"https:\/\/www.uartes.edu.ec\/sitio\/blog\/2022\/08\/23\/las-exposiciones-individuales-y-colectivas-que-conformanla-bitacora-propuesta-por-la-escuela-de-artes-visuales\/","og_site_name":"Universidad de las Artes","article_publisher":"https:\/\/www.facebook.com\/uartesec","article_published_time":"2022-08-23T16:30:00+00:00","article_modified_time":"2024-07-04T16:23:10+00:00","og_image":[{"width":644,"height":440,"url":"https:\/\/www.uartes.edu.ec\/sitio\/wp-content\/uploads\/2022\/08\/FOTO-BITA\u0301CORA-AGOSTO-2022-644x440.png","type":"image\/png"}],"author":"ccortez","twitter_card":"summary_large_image","twitter_creator":"@uartesec","twitter_site":"@uartesec","twitter_misc":{"Escrito por":"ccortez","Tiempo de lectura":"4 minutos"},"schema":{"@context":"https:\/\/schema.org","@graph":[{"@type":"Article","@id":"https:\/\/www.uartes.edu.ec\/sitio\/blog\/2022\/08\/23\/las-exposiciones-individuales-y-colectivas-que-conformanla-bitacora-propuesta-por-la-escuela-de-artes-visuales\/#article","isPartOf":{"@id":"https:\/\/www.uartes.edu.ec\/sitio\/blog\/2022\/08\/23\/las-exposiciones-individuales-y-colectivas-que-conformanla-bitacora-propuesta-por-la-escuela-de-artes-visuales\/"},"author":{"name":"ccortez","@id":"https:\/\/www.uartes.edu.ec\/sitio\/#\/schema\/person\/efa1b8275797664fd7f13a79ccc0b1f4"},"headline":"Las muestras individuales y colectivas que conforman la \u201cBit\u00e1cora\u201d propuesta por la Escuela de Artes Visuales","datePublished":"2022-08-23T16:30:00+00:00","dateModified":"2024-07-04T16:23:10+00:00","mainEntityOfPage":{"@id":"https:\/\/www.uartes.edu.ec\/sitio\/blog\/2022\/08\/23\/las-exposiciones-individuales-y-colectivas-que-conformanla-bitacora-propuesta-por-la-escuela-de-artes-visuales\/"},"wordCount":651,"commentCount":0,"publisher":{"@id":"https:\/\/www.uartes.edu.ec\/sitio\/#organization"},"image":{"@id":"https:\/\/www.uartes.edu.ec\/sitio\/blog\/2022\/08\/23\/las-exposiciones-individuales-y-colectivas-que-conformanla-bitacora-propuesta-por-la-escuela-de-artes-visuales\/#primaryimage"},"thumbnailUrl":"https:\/\/www.uartes.edu.ec\/sitio\/wp-content\/uploads\/2022\/08\/FOTO-BITA\u0301CORA-AGOSTO-2022.png","keywords":["exposici\u00f3n Bit\u00e1cora"],"articleSection":["1B","Artes Visuales","Docentes","Estudiantes"],"inLanguage":"es","potentialAction":[{"@type":"CommentAction","name":"Comment","target":["https:\/\/www.uartes.edu.ec\/sitio\/blog\/2022\/08\/23\/las-exposiciones-individuales-y-colectivas-que-conformanla-bitacora-propuesta-por-la-escuela-de-artes-visuales\/#respond"]}]},{"@type":["WebPage","ItemPage"],"@id":"https:\/\/www.uartes.edu.ec\/sitio\/blog\/2022\/08\/23\/las-exposiciones-individuales-y-colectivas-que-conformanla-bitacora-propuesta-por-la-escuela-de-artes-visuales\/","url":"https:\/\/www.uartes.edu.ec\/sitio\/blog\/2022\/08\/23\/las-exposiciones-individuales-y-colectivas-que-conformanla-bitacora-propuesta-por-la-escuela-de-artes-visuales\/","name":"Universidad de las Artes - Las muestras individuales y colectivas que conforman la \u201cBit\u00e1cora\u201d propuesta por la Escuela de Artes Visuales","isPartOf":{"@id":"https:\/\/www.uartes.edu.ec\/sitio\/#website"},"primaryImageOfPage":{"@id":"https:\/\/www.uartes.edu.ec\/sitio\/blog\/2022\/08\/23\/las-exposiciones-individuales-y-colectivas-que-conformanla-bitacora-propuesta-por-la-escuela-de-artes-visuales\/#primaryimage"},"image":{"@id":"https:\/\/www.uartes.edu.ec\/sitio\/blog\/2022\/08\/23\/las-exposiciones-individuales-y-colectivas-que-conformanla-bitacora-propuesta-por-la-escuela-de-artes-visuales\/#primaryimage"},"thumbnailUrl":"https:\/\/www.uartes.edu.ec\/sitio\/wp-content\/uploads\/2022\/08\/FOTO-BITA\u0301CORA-AGOSTO-2022.png","datePublished":"2022-08-23T16:30:00+00:00","dateModified":"2024-07-04T16:23:10+00:00","description":"Universidad de las Artes - Las muestras individuales y colectivas que conforman la \u201cBit\u00e1cora\u201d propuesta por la Escuela de Artes Visuales","breadcrumb":{"@id":"https:\/\/www.uartes.edu.ec\/sitio\/blog\/2022\/08\/23\/las-exposiciones-individuales-y-colectivas-que-conformanla-bitacora-propuesta-por-la-escuela-de-artes-visuales\/#breadcrumb"},"inLanguage":"es","potentialAction":[{"@type":"ReadAction","target":["https:\/\/www.uartes.edu.ec\/sitio\/blog\/2022\/08\/23\/las-exposiciones-individuales-y-colectivas-que-conformanla-bitacora-propuesta-por-la-escuela-de-artes-visuales\/"]}]},{"@type":"ImageObject","inLanguage":"es","@id":"https:\/\/www.uartes.edu.ec\/sitio\/blog\/2022\/08\/23\/las-exposiciones-individuales-y-colectivas-que-conformanla-bitacora-propuesta-por-la-escuela-de-artes-visuales\/#primaryimage","url":"https:\/\/www.uartes.edu.ec\/sitio\/wp-content\/uploads\/2022\/08\/FOTO-BITA\u0301CORA-AGOSTO-2022.png","contentUrl":"https:\/\/www.uartes.edu.ec\/sitio\/wp-content\/uploads\/2022\/08\/FOTO-BITA\u0301CORA-AGOSTO-2022.png","width":1800,"height":1229},{"@type":"BreadcrumbList","@id":"https:\/\/www.uartes.edu.ec\/sitio\/blog\/2022\/08\/23\/las-exposiciones-individuales-y-colectivas-que-conformanla-bitacora-propuesta-por-la-escuela-de-artes-visuales\/#breadcrumb","itemListElement":[{"@type":"ListItem","position":1,"name":"Inicio","item":"https:\/\/www.uartes.edu.ec\/sitio\/"},{"@type":"ListItem","position":2,"name":"Las muestras individuales y colectivas que conforman la \u201cBit\u00e1cora\u201d propuesta por la Escuela de Artes Visuales"}]},{"@type":"WebSite","@id":"https:\/\/www.uartes.edu.ec\/sitio\/#website","url":"https:\/\/www.uartes.edu.ec\/sitio\/","name":"Universidad de las Artes","description":"Sitio oficial de la Universidad Nacional de las Artes del Ecuador","publisher":{"@id":"https:\/\/www.uartes.edu.ec\/sitio\/#organization"},"potentialAction":[{"@type":"SearchAction","target":{"@type":"EntryPoint","urlTemplate":"https:\/\/www.uartes.edu.ec\/sitio\/?s={search_term_string}"},"query-input":{"@type":"PropertyValueSpecification","valueRequired":true,"valueName":"search_term_string"}}],"inLanguage":"es"},{"@type":"Organization","@id":"https:\/\/www.uartes.edu.ec\/sitio\/#organization","name":"Universidad de las Artes","url":"https:\/\/www.uartes.edu.ec\/sitio\/","logo":{"@type":"ImageObject","inLanguage":"es","@id":"https:\/\/www.uartes.edu.ec\/sitio\/#\/schema\/logo\/image\/","url":"https:\/\/www.uartes.edu.ec\/sitio\/wp-content\/uploads\/2022\/07\/logo-ua-horizontal.png","contentUrl":"https:\/\/www.uartes.edu.ec\/sitio\/wp-content\/uploads\/2022\/07\/logo-ua-horizontal.png","width":800,"height":276,"caption":"Universidad de las Artes"},"image":{"@id":"https:\/\/www.uartes.edu.ec\/sitio\/#\/schema\/logo\/image\/"},"sameAs":["https:\/\/www.facebook.com\/uartesec","https:\/\/x.com\/uartesec","https:\/\/www.tiktok.com\/@uartesec"]},{"@type":"Person","@id":"https:\/\/www.uartes.edu.ec\/sitio\/#\/schema\/person\/efa1b8275797664fd7f13a79ccc0b1f4","name":"ccortez","image":{"@type":"ImageObject","inLanguage":"es","@id":"https:\/\/secure.gravatar.com\/avatar\/b2a6f664a3ae8e074346ef91775736c5ec479e637ecced6842de9dc98b5da9cd?s=96&d=mm&r=g","url":"https:\/\/secure.gravatar.com\/avatar\/b2a6f664a3ae8e074346ef91775736c5ec479e637ecced6842de9dc98b5da9cd?s=96&d=mm&r=g","contentUrl":"https:\/\/secure.gravatar.com\/avatar\/b2a6f664a3ae8e074346ef91775736c5ec479e637ecced6842de9dc98b5da9cd?s=96&d=mm&r=g","caption":"ccortez"},"url":"https:\/\/www.uartes.edu.ec\/sitio\/blog\/author\/ccortez\/"}]}},"uagb_featured_image_src":{"full":["https:\/\/www.uartes.edu.ec\/sitio\/wp-content\/uploads\/2022\/08\/FOTO-BITA\u0301CORA-AGOSTO-2022.png",1800,1229,false],"thumbnail":["https:\/\/www.uartes.edu.ec\/sitio\/wp-content\/uploads\/2022\/08\/FOTO-BITA\u0301CORA-AGOSTO-2022-150x150.png",150,150,true],"medium":["https:\/\/www.uartes.edu.ec\/sitio\/wp-content\/uploads\/2022\/08\/FOTO-BITA\u0301CORA-AGOSTO-2022-300x205.png",300,205,true],"medium_large":["https:\/\/www.uartes.edu.ec\/sitio\/wp-content\/uploads\/2022\/08\/FOTO-BITA\u0301CORA-AGOSTO-2022-768x524.png",768,524,true],"large":["https:\/\/www.uartes.edu.ec\/sitio\/wp-content\/uploads\/2022\/08\/FOTO-BITA\u0301CORA-AGOSTO-2022-644x440.png",644,440,true],"1536x1536":["https:\/\/www.uartes.edu.ec\/sitio\/wp-content\/uploads\/2022\/08\/FOTO-BITA\u0301CORA-AGOSTO-2022-1536x1049.png",1536,1049,true],"2048x2048":["https:\/\/www.uartes.edu.ec\/sitio\/wp-content\/uploads\/2022\/08\/FOTO-BITA\u0301CORA-AGOSTO-2022.png",1800,1229,false],"trp-custom-language-flag":["https:\/\/www.uartes.edu.ec\/sitio\/wp-content\/uploads\/2022\/08\/FOTO-BITA\u0301CORA-AGOSTO-2022.png",18,12,false],"htmega_size_585x295":["https:\/\/www.uartes.edu.ec\/sitio\/wp-content\/uploads\/2022\/08\/FOTO-BITA\u0301CORA-AGOSTO-2022.png",432,295,false],"htmega_size_1170x536":["https:\/\/www.uartes.edu.ec\/sitio\/wp-content\/uploads\/2022\/08\/FOTO-BITA\u0301CORA-AGOSTO-2022.png",785,536,false],"htmega_size_396x360":["https:\/\/www.uartes.edu.ec\/sitio\/wp-content\/uploads\/2022\/08\/FOTO-BITA\u0301CORA-AGOSTO-2022.png",396,270,false],"gb-block-post-grid-landscape":["https:\/\/www.uartes.edu.ec\/sitio\/wp-content\/uploads\/2022\/08\/FOTO-BITA\u0301CORA-AGOSTO-2022-600x400.png",600,400,true],"gb-block-post-grid-square":["https:\/\/www.uartes.edu.ec\/sitio\/wp-content\/uploads\/2022\/08\/FOTO-BITA\u0301CORA-AGOSTO-2022-600x600.png",600,600,true],"university-hub-thumb":["https:\/\/www.uartes.edu.ec\/sitio\/wp-content\/uploads\/2022\/08\/FOTO-BITA\u0301CORA-AGOSTO-2022-400x273.png",400,273,true]},"uagb_author_info":{"display_name":"ccortez","author_link":"https:\/\/www.uartes.edu.ec\/sitio\/blog\/author\/ccortez\/"},"uagb_comment_info":0,"uagb_excerpt":"La necesidad de trazar un mapa que destaque los procesos pedag\u00f3gicos desarrollados al interior de los diferentes talleres de proyectos llev\u00f3 al surgimiento de \u201cBit\u00e1cora\u201d. La Escuela de Artes Visuales de la UArtes da cuenta as\u00ed de esta propuesta, enmarcada en el proceso de renovaci\u00f3n curricular en el que se encuentra y con el que&hellip;","featured_image_src":"https:\/\/www.uartes.edu.ec\/sitio\/wp-content\/uploads\/2022\/08\/FOTO-BITA\u0301CORA-AGOSTO-2022-600x400.png","featured_image_src_square":"https:\/\/www.uartes.edu.ec\/sitio\/wp-content\/uploads\/2022\/08\/FOTO-BITA\u0301CORA-AGOSTO-2022-600x600.png","author_info":{"display_name":"ccortez","author_link":"https:\/\/www.uartes.edu.ec\/sitio\/blog\/author\/ccortez\/"},"publishpress_future_workflow_manual_trigger":{"enabledWorkflows":[]},"distributor_meta":false,"distributor_terms":false,"distributor_media":false,"distributor_original_site_name":"Universidad de las Artes","distributor_original_site_url":"https:\/\/www.uartes.edu.ec\/sitio","push-errors":false,"_links":{"self":[{"href":"https:\/\/www.uartes.edu.ec\/sitio\/wp-json\/wp\/v2\/posts\/26726","targetHints":{"allow":["GET"]}}],"collection":[{"href":"https:\/\/www.uartes.edu.ec\/sitio\/wp-json\/wp\/v2\/posts"}],"about":[{"href":"https:\/\/www.uartes.edu.ec\/sitio\/wp-json\/wp\/v2\/types\/post"}],"author":[{"embeddable":true,"href":"https:\/\/www.uartes.edu.ec\/sitio\/wp-json\/wp\/v2\/users\/10"}],"replies":[{"embeddable":true,"href":"https:\/\/www.uartes.edu.ec\/sitio\/wp-json\/wp\/v2\/comments?post=26726"}],"version-history":[{"count":4,"href":"https:\/\/www.uartes.edu.ec\/sitio\/wp-json\/wp\/v2\/posts\/26726\/revisions"}],"predecessor-version":[{"id":26740,"href":"https:\/\/www.uartes.edu.ec\/sitio\/wp-json\/wp\/v2\/posts\/26726\/revisions\/26740"}],"wp:featuredmedia":[{"embeddable":true,"href":"https:\/\/www.uartes.edu.ec\/sitio\/wp-json\/wp\/v2\/media\/26727"}],"wp:attachment":[{"href":"https:\/\/www.uartes.edu.ec\/sitio\/wp-json\/wp\/v2\/media?parent=26726"}],"wp:term":[{"taxonomy":"category","embeddable":true,"href":"https:\/\/www.uartes.edu.ec\/sitio\/wp-json\/wp\/v2\/categories?post=26726"},{"taxonomy":"post_tag","embeddable":true,"href":"https:\/\/www.uartes.edu.ec\/sitio\/wp-json\/wp\/v2\/tags?post=26726"},{"taxonomy":"infouartes","embeddable":true,"href":"https:\/\/www.uartes.edu.ec\/sitio\/wp-json\/wp\/v2\/infouartes?post=26726"}],"curies":[{"name":"wp","href":"https:\/\/api.w.org\/{rel}","templated":true}]}}