{"id":26897,"date":"2022-08-22T18:10:00","date_gmt":"2022-08-22T23:10:00","guid":{"rendered":"http:\/\/www.uartes.edu.ec\/sitio\/?p=26897"},"modified":"2024-07-04T11:23:10","modified_gmt":"2024-07-04T16:23:10","slug":"productor-argelino-karim-beldjoudi-kohn-enla-uartes-por-laboratorio-de-puentes-mz14","status":"publish","type":"post","link":"https:\/\/www.uartes.edu.ec\/sitio\/blog\/2022\/08\/22\/productor-argelino-karim-beldjoudi-kohn-enla-uartes-por-laboratorio-de-puentes-mz14\/","title":{"rendered":"Productor argelino Karim Beldjoudi Kohn, en UArtes por \u201cPuentes MZ14\u201d"},"content":{"rendered":"\n<p>Como parte de \u201cPuentes MZ14\u201d, desde este jueves 25 hasta el s\u00e1bado 27 de agosto se desarrollar\u00e1 el laboratorio \u201cLa m\u00fasica es enorme, lo \u00fanico que hace falta para comunicarla son herramientas y estrategias\u201d, dirigido por Karim Beldjoudi Kohn, productor de m\u00fasica electr\u00f3nica nacido en Argelia y trotamundos en m\u00e1s de 25 pa\u00edses de Sudam\u00e9rica, \u00c1frica y Europa. Su participaci\u00f3n se inserta en el programa de capacitaci\u00f3n y transferencia de conocimientos para la internacionalizaci\u00f3n y circulaci\u00f3n de las artes del Ecuador que lleva adelante el Centro de Producci\u00f3n e Innovaci\u00f3n MZ14 de la UArtes.<\/p>\n\n\n\n<p>Am\u00e9rica Latina es diversa y musicalmente infinita, lo cual apunta a que el p\u00fablico acepta nuevas m\u00fasicas. La m\u00fasica viaja como lo viene haciendo desde hace d\u00e9cadas. La ruta que propongo es la de ir, ver y descubrir c\u00f3mo con tu proyecto puedes llegar a cualquier pueblo, ciudad y pa\u00eds de Am\u00e9rica Latina y presentarte con tu m\u00fasica, expresa el productor argelino invitado a tomar parte del laboratorio de internacionalizaci\u00f3n y circulaci\u00f3n de las artes que impulsa \u201cPuentes MZ14\u201d, con el apoyo de la Organizaci\u00f3n de Estados Iberoamericanos (OEI) y la participaci\u00f3n de profesionales para que faciliten las herramientas, t\u00e1cticas y estrategias para generar v\u00ednculos, intercambios y posibilidades de negocio para los actores del ecosistema de las artes dentro y fuera del pa\u00eds.<\/p>\n\n\n\n<p>Acorde a la agenda de esta segunda capacitaci\u00f3n \u2013la primera la brind\u00f3 en julio pasado el productor mexicano Salvador Toache\u2013, en el primero de los tres d\u00edas se abordar\u00e1 la tem\u00e1tica \u201cLa\u202finternacionalizaci\u00f3n de la m\u00fasica post covid:\u202fc\u00f3mo comenzar\u201d y se proporcionar\u00e1n herramientas de autogesti\u00f3n para saber hacia d\u00f3nde llevar los proyecto en este<br>contexto post covid; tendr\u00e1 lugar el jueves 25, de 18:00&nbsp;a 20:00, en el MZ14.&nbsp;<\/p>\n\n\n\n<p>El viernes 26, en el d\u00eda 2 y tambi\u00e9n de 18:00 a 20:00 en el MZ14, se hablar\u00e1 sobre las \u201cM\u00fasicas migratorias\u201d y buscar\u00e1n respuestas a las interrogantes: \u00bfC\u00f3mo la m\u00fasica\u202fafro influencia a la m\u00fasica mainstream, y la m\u00fasica latina influencia al resto del continente?,\u202f\u00bfla m\u00fasica folcl\u00f3rica\/aut\u00f3ctona es el futuro? y \u00bfAm\u00e9rica latina tiene que seguir mirando Europa y EEUU para poder expandirse musicalmente? Que la m\u00fasica viene de \u00c1frica, es la reflexi\u00f3n en este sentido, pues hoy en d\u00eda los medios masivos y grandes&nbsp;discogr\u00e1ficas reconocen su potencial y est\u00e1n acaparando elementos de la&nbsp;m\u00fasica del mercado africano, mercado que est\u00e1 virgen y posee una riqueza infinita.<br><br>En el d\u00eda tercero, el s\u00e1bado 27, de 10:00 a 13:00, se tratar\u00e1 desde el Centro de Producci\u00f3n e Innovaci\u00f3n MZ14&nbsp;acerca de la fusi\u00f3n de culturas con el tema: \u201cComo buenos inmigrantes que somos en Latinoam\u00e9rica, \u00bfsabemos que en la fusi\u00f3n de culturas est\u00e1 la riqueza que tanto nos identifica? Karim Beldjoudi Kohn compartir\u00e1 sus conocimientos sobre las nuevas rutas para girar en Am\u00e9rica Latina y proporcionar\u00e1 herramientas para ser parte de festivales.&nbsp;<\/p>\n\n\n\n<p>M\u00e1s informaci\u00f3n en <a href=\"https:\/\/docs.google.com\/forms\/d\/e\/1FAIpQLSdv-ils916ARD2zkaCivr4S7x_YgGj44khwPaSkUOWm1-XcUQ\/viewform\">https:\/\/docs.google.com\/forms\/d\/e\/1FAIpQLSdv-ils916ARD2zkaCivr4S7x_YgGj44khwPaSkUOWm1-XcUQ\/viewform<\/a><\/p>\n\n\n\n<p>Link de inscripci\u00f3n: <a href=\"https:\/\/forms.gle\/3fWi9Eqb2bhjY6NBA\">https:\/\/forms.gle\/3fWi9Eqb2bhjY6NBA<\/a><\/p>\n","protected":false},"excerpt":{"rendered":"<p>Como parte de \u201cPuentes MZ14\u201d, del 25 al 27 de agosto se desarrollar\u00e1 el laboratorio \u201cLa m\u00fasica es enorme, lo \u00fanico que hace falta para comunicarla son herramientas y estrategias\u201d, dirigido por el productor de m\u00fasica electr\u00f3nica Karim Beldjoudi Kohn. Su participaci\u00f3n se inserta en el programa de capacitaci\u00f3n y transferencia de conocimientos para la internacionalizaci\u00f3n y circulaci\u00f3n de las artes del Ecuador que lleva adelante el MZ14 de la UArtes.<\/p>\n","protected":false},"author":10,"featured_media":26898,"comment_status":"open","ping_status":"open","sticky":false,"template":"","format":"standard","meta":{"_acf_changed":false,"_uag_custom_page_level_css":"","_monsterinsights_skip_tracking":false,"_monsterinsights_sitenote_active":false,"_monsterinsights_sitenote_note":"","_monsterinsights_sitenote_category":0,"cybocfi_hide_featured_image":"","footnotes":""},"categories":[720,80,490,82,76],"tags":[106,768],"infouartes":[],"class_list":["post-26897","post","type-post","status-publish","format-standard","has-post-thumbnail","hentry","category-3d","category-academico","category-alumni","category-artes","category-estudiantes","tag-mz14","tag-puentes-mz14"],"acf":[],"yoast_head":"<!-- This site is optimized with the Yoast SEO plugin v27.4 - https:\/\/yoast.com\/product\/yoast-seo-wordpress\/ -->\n<title>Universidad de las Artes - Productor argelino Karim Beldjoudi Kohn, en UArtes por \u201cPuentes MZ14\u201d<\/title>\n<meta name=\"description\" content=\"Universidad de las Artes - Productor argelino Karim Beldjoudi Kohn, en UArtes por \u201cPuentes MZ14\u201d\" \/>\n<meta name=\"robots\" content=\"index, follow, max-snippet:-1, max-image-preview:large, max-video-preview:-1\" \/>\n<link rel=\"canonical\" href=\"https:\/\/www.uartes.edu.ec\/sitio\/blog\/2022\/08\/22\/productor-argelino-karim-beldjoudi-kohn-enla-uartes-por-laboratorio-de-puentes-mz14\/\" \/>\n<meta property=\"og:locale\" content=\"es_ES\" \/>\n<meta property=\"og:type\" content=\"article\" \/>\n<meta property=\"og:title\" content=\"Universidad de las Artes - Productor argelino Karim Beldjoudi Kohn, en UArtes por \u201cPuentes MZ14\u201d\" \/>\n<meta property=\"og:description\" content=\"Universidad de las Artes - Productor argelino Karim Beldjoudi Kohn, en UArtes por \u201cPuentes MZ14\u201d\" \/>\n<meta property=\"og:url\" content=\"https:\/\/www.uartes.edu.ec\/sitio\/blog\/2022\/08\/22\/productor-argelino-karim-beldjoudi-kohn-enla-uartes-por-laboratorio-de-puentes-mz14\/\" \/>\n<meta property=\"og:site_name\" content=\"Universidad de las Artes\" \/>\n<meta property=\"article:publisher\" content=\"https:\/\/www.facebook.com\/uartesec\" \/>\n<meta property=\"article:published_time\" content=\"2022-08-22T23:10:00+00:00\" \/>\n<meta property=\"article:modified_time\" content=\"2024-07-04T16:23:10+00:00\" \/>\n<meta property=\"og:image\" content=\"https:\/\/www.uartes.edu.ec\/sitio\/wp-content\/uploads\/2022\/08\/Karim.jpg\" \/>\n\t<meta property=\"og:image:width\" content=\"2000\" \/>\n\t<meta property=\"og:image:height\" content=\"1333\" \/>\n\t<meta property=\"og:image:type\" content=\"image\/jpeg\" \/>\n<meta name=\"author\" content=\"ccortez\" \/>\n<meta name=\"twitter:card\" content=\"summary_large_image\" \/>\n<meta name=\"twitter:creator\" content=\"@uartesec\" \/>\n<meta name=\"twitter:site\" content=\"@uartesec\" \/>\n<meta name=\"twitter:label1\" content=\"Escrito por\" \/>\n\t<meta name=\"twitter:data1\" content=\"ccortez\" \/>\n\t<meta name=\"twitter:label2\" content=\"Tiempo de lectura\" \/>\n\t<meta name=\"twitter:data2\" content=\"3 minutos\" \/>\n<script type=\"application\/ld+json\" class=\"yoast-schema-graph\">{\"@context\":\"https:\\\/\\\/schema.org\",\"@graph\":[{\"@type\":\"Article\",\"@id\":\"https:\\\/\\\/www.uartes.edu.ec\\\/sitio\\\/blog\\\/2022\\\/08\\\/22\\\/productor-argelino-karim-beldjoudi-kohn-enla-uartes-por-laboratorio-de-puentes-mz14\\\/#article\",\"isPartOf\":{\"@id\":\"https:\\\/\\\/www.uartes.edu.ec\\\/sitio\\\/blog\\\/2022\\\/08\\\/22\\\/productor-argelino-karim-beldjoudi-kohn-enla-uartes-por-laboratorio-de-puentes-mz14\\\/\"},\"author\":{\"name\":\"ccortez\",\"@id\":\"https:\\\/\\\/www.uartes.edu.ec\\\/sitio\\\/#\\\/schema\\\/person\\\/efa1b8275797664fd7f13a79ccc0b1f4\"},\"headline\":\"Productor argelino Karim Beldjoudi Kohn, en UArtes por \u201cPuentes MZ14\u201d\",\"datePublished\":\"2022-08-22T23:10:00+00:00\",\"dateModified\":\"2024-07-04T16:23:10+00:00\",\"mainEntityOfPage\":{\"@id\":\"https:\\\/\\\/www.uartes.edu.ec\\\/sitio\\\/blog\\\/2022\\\/08\\\/22\\\/productor-argelino-karim-beldjoudi-kohn-enla-uartes-por-laboratorio-de-puentes-mz14\\\/\"},\"wordCount\":570,\"commentCount\":0,\"publisher\":{\"@id\":\"https:\\\/\\\/www.uartes.edu.ec\\\/sitio\\\/#organization\"},\"image\":{\"@id\":\"https:\\\/\\\/www.uartes.edu.ec\\\/sitio\\\/blog\\\/2022\\\/08\\\/22\\\/productor-argelino-karim-beldjoudi-kohn-enla-uartes-por-laboratorio-de-puentes-mz14\\\/#primaryimage\"},\"thumbnailUrl\":\"https:\\\/\\\/www.uartes.edu.ec\\\/sitio\\\/wp-content\\\/uploads\\\/2022\\\/08\\\/Karim.jpg\",\"keywords\":[\"mz14\",\"Puentes MZ14\"],\"articleSection\":[\"3D\",\"Acad\u00e9mico\",\"Alumni\",\"Artes\",\"Estudiantes\"],\"inLanguage\":\"es\",\"potentialAction\":[{\"@type\":\"CommentAction\",\"name\":\"Comment\",\"target\":[\"https:\\\/\\\/www.uartes.edu.ec\\\/sitio\\\/blog\\\/2022\\\/08\\\/22\\\/productor-argelino-karim-beldjoudi-kohn-enla-uartes-por-laboratorio-de-puentes-mz14\\\/#respond\"]}]},{\"@type\":[\"WebPage\",\"ItemPage\"],\"@id\":\"https:\\\/\\\/www.uartes.edu.ec\\\/sitio\\\/blog\\\/2022\\\/08\\\/22\\\/productor-argelino-karim-beldjoudi-kohn-enla-uartes-por-laboratorio-de-puentes-mz14\\\/\",\"url\":\"https:\\\/\\\/www.uartes.edu.ec\\\/sitio\\\/blog\\\/2022\\\/08\\\/22\\\/productor-argelino-karim-beldjoudi-kohn-enla-uartes-por-laboratorio-de-puentes-mz14\\\/\",\"name\":\"Universidad de las Artes - Productor argelino Karim Beldjoudi Kohn, en UArtes por \u201cPuentes MZ14\u201d\",\"isPartOf\":{\"@id\":\"https:\\\/\\\/www.uartes.edu.ec\\\/sitio\\\/#website\"},\"primaryImageOfPage\":{\"@id\":\"https:\\\/\\\/www.uartes.edu.ec\\\/sitio\\\/blog\\\/2022\\\/08\\\/22\\\/productor-argelino-karim-beldjoudi-kohn-enla-uartes-por-laboratorio-de-puentes-mz14\\\/#primaryimage\"},\"image\":{\"@id\":\"https:\\\/\\\/www.uartes.edu.ec\\\/sitio\\\/blog\\\/2022\\\/08\\\/22\\\/productor-argelino-karim-beldjoudi-kohn-enla-uartes-por-laboratorio-de-puentes-mz14\\\/#primaryimage\"},\"thumbnailUrl\":\"https:\\\/\\\/www.uartes.edu.ec\\\/sitio\\\/wp-content\\\/uploads\\\/2022\\\/08\\\/Karim.jpg\",\"datePublished\":\"2022-08-22T23:10:00+00:00\",\"dateModified\":\"2024-07-04T16:23:10+00:00\",\"description\":\"Universidad de las Artes - Productor argelino Karim Beldjoudi Kohn, en UArtes por \u201cPuentes MZ14\u201d\",\"breadcrumb\":{\"@id\":\"https:\\\/\\\/www.uartes.edu.ec\\\/sitio\\\/blog\\\/2022\\\/08\\\/22\\\/productor-argelino-karim-beldjoudi-kohn-enla-uartes-por-laboratorio-de-puentes-mz14\\\/#breadcrumb\"},\"inLanguage\":\"es\",\"potentialAction\":[{\"@type\":\"ReadAction\",\"target\":[\"https:\\\/\\\/www.uartes.edu.ec\\\/sitio\\\/blog\\\/2022\\\/08\\\/22\\\/productor-argelino-karim-beldjoudi-kohn-enla-uartes-por-laboratorio-de-puentes-mz14\\\/\"]}]},{\"@type\":\"ImageObject\",\"inLanguage\":\"es\",\"@id\":\"https:\\\/\\\/www.uartes.edu.ec\\\/sitio\\\/blog\\\/2022\\\/08\\\/22\\\/productor-argelino-karim-beldjoudi-kohn-enla-uartes-por-laboratorio-de-puentes-mz14\\\/#primaryimage\",\"url\":\"https:\\\/\\\/www.uartes.edu.ec\\\/sitio\\\/wp-content\\\/uploads\\\/2022\\\/08\\\/Karim.jpg\",\"contentUrl\":\"https:\\\/\\\/www.uartes.edu.ec\\\/sitio\\\/wp-content\\\/uploads\\\/2022\\\/08\\\/Karim.jpg\",\"width\":2000,\"height\":1333},{\"@type\":\"BreadcrumbList\",\"@id\":\"https:\\\/\\\/www.uartes.edu.ec\\\/sitio\\\/blog\\\/2022\\\/08\\\/22\\\/productor-argelino-karim-beldjoudi-kohn-enla-uartes-por-laboratorio-de-puentes-mz14\\\/#breadcrumb\",\"itemListElement\":[{\"@type\":\"ListItem\",\"position\":1,\"name\":\"Inicio\",\"item\":\"https:\\\/\\\/www.uartes.edu.ec\\\/sitio\\\/\"},{\"@type\":\"ListItem\",\"position\":2,\"name\":\"Productor argelino Karim Beldjoudi Kohn, en UArtes por \u201cPuentes MZ14\u201d\"}]},{\"@type\":\"WebSite\",\"@id\":\"https:\\\/\\\/www.uartes.edu.ec\\\/sitio\\\/#website\",\"url\":\"https:\\\/\\\/www.uartes.edu.ec\\\/sitio\\\/\",\"name\":\"Universidad de las Artes\",\"description\":\"Sitio oficial de la Universidad Nacional de las Artes del Ecuador\",\"publisher\":{\"@id\":\"https:\\\/\\\/www.uartes.edu.ec\\\/sitio\\\/#organization\"},\"potentialAction\":[{\"@type\":\"SearchAction\",\"target\":{\"@type\":\"EntryPoint\",\"urlTemplate\":\"https:\\\/\\\/www.uartes.edu.ec\\\/sitio\\\/?s={search_term_string}\"},\"query-input\":{\"@type\":\"PropertyValueSpecification\",\"valueRequired\":true,\"valueName\":\"search_term_string\"}}],\"inLanguage\":\"es\"},{\"@type\":\"Organization\",\"@id\":\"https:\\\/\\\/www.uartes.edu.ec\\\/sitio\\\/#organization\",\"name\":\"Universidad de las Artes\",\"url\":\"https:\\\/\\\/www.uartes.edu.ec\\\/sitio\\\/\",\"logo\":{\"@type\":\"ImageObject\",\"inLanguage\":\"es\",\"@id\":\"https:\\\/\\\/www.uartes.edu.ec\\\/sitio\\\/#\\\/schema\\\/logo\\\/image\\\/\",\"url\":\"https:\\\/\\\/www.uartes.edu.ec\\\/sitio\\\/wp-content\\\/uploads\\\/2022\\\/07\\\/logo-ua-horizontal.png\",\"contentUrl\":\"https:\\\/\\\/www.uartes.edu.ec\\\/sitio\\\/wp-content\\\/uploads\\\/2022\\\/07\\\/logo-ua-horizontal.png\",\"width\":800,\"height\":276,\"caption\":\"Universidad de las Artes\"},\"image\":{\"@id\":\"https:\\\/\\\/www.uartes.edu.ec\\\/sitio\\\/#\\\/schema\\\/logo\\\/image\\\/\"},\"sameAs\":[\"https:\\\/\\\/www.facebook.com\\\/uartesec\",\"https:\\\/\\\/x.com\\\/uartesec\",\"https:\\\/\\\/www.tiktok.com\\\/@uartesec\"]},{\"@type\":\"Person\",\"@id\":\"https:\\\/\\\/www.uartes.edu.ec\\\/sitio\\\/#\\\/schema\\\/person\\\/efa1b8275797664fd7f13a79ccc0b1f4\",\"name\":\"ccortez\",\"image\":{\"@type\":\"ImageObject\",\"inLanguage\":\"es\",\"@id\":\"https:\\\/\\\/secure.gravatar.com\\\/avatar\\\/b2a6f664a3ae8e074346ef91775736c5ec479e637ecced6842de9dc98b5da9cd?s=96&d=mm&r=g\",\"url\":\"https:\\\/\\\/secure.gravatar.com\\\/avatar\\\/b2a6f664a3ae8e074346ef91775736c5ec479e637ecced6842de9dc98b5da9cd?s=96&d=mm&r=g\",\"contentUrl\":\"https:\\\/\\\/secure.gravatar.com\\\/avatar\\\/b2a6f664a3ae8e074346ef91775736c5ec479e637ecced6842de9dc98b5da9cd?s=96&d=mm&r=g\",\"caption\":\"ccortez\"},\"url\":\"https:\\\/\\\/www.uartes.edu.ec\\\/sitio\\\/blog\\\/author\\\/ccortez\\\/\"}]}<\/script>\n<!-- \/ Yoast SEO plugin. -->","yoast_head_json":{"title":"Universidad de las Artes - Productor argelino Karim Beldjoudi Kohn, en UArtes por \u201cPuentes MZ14\u201d","description":"Universidad de las Artes - Productor argelino Karim Beldjoudi Kohn, en UArtes por \u201cPuentes MZ14\u201d","robots":{"index":"index","follow":"follow","max-snippet":"max-snippet:-1","max-image-preview":"max-image-preview:large","max-video-preview":"max-video-preview:-1"},"canonical":"https:\/\/www.uartes.edu.ec\/sitio\/blog\/2022\/08\/22\/productor-argelino-karim-beldjoudi-kohn-enla-uartes-por-laboratorio-de-puentes-mz14\/","og_locale":"es_ES","og_type":"article","og_title":"Universidad de las Artes - Productor argelino Karim Beldjoudi Kohn, en UArtes por \u201cPuentes MZ14\u201d","og_description":"Universidad de las Artes - Productor argelino Karim Beldjoudi Kohn, en UArtes por \u201cPuentes MZ14\u201d","og_url":"https:\/\/www.uartes.edu.ec\/sitio\/blog\/2022\/08\/22\/productor-argelino-karim-beldjoudi-kohn-enla-uartes-por-laboratorio-de-puentes-mz14\/","og_site_name":"Universidad de las Artes","article_publisher":"https:\/\/www.facebook.com\/uartesec","article_published_time":"2022-08-22T23:10:00+00:00","article_modified_time":"2024-07-04T16:23:10+00:00","og_image":[{"width":2000,"height":1333,"url":"https:\/\/www.uartes.edu.ec\/sitio\/wp-content\/uploads\/2022\/08\/Karim.jpg","type":"image\/jpeg"}],"author":"ccortez","twitter_card":"summary_large_image","twitter_creator":"@uartesec","twitter_site":"@uartesec","twitter_misc":{"Escrito por":"ccortez","Tiempo de lectura":"3 minutos"},"schema":{"@context":"https:\/\/schema.org","@graph":[{"@type":"Article","@id":"https:\/\/www.uartes.edu.ec\/sitio\/blog\/2022\/08\/22\/productor-argelino-karim-beldjoudi-kohn-enla-uartes-por-laboratorio-de-puentes-mz14\/#article","isPartOf":{"@id":"https:\/\/www.uartes.edu.ec\/sitio\/blog\/2022\/08\/22\/productor-argelino-karim-beldjoudi-kohn-enla-uartes-por-laboratorio-de-puentes-mz14\/"},"author":{"name":"ccortez","@id":"https:\/\/www.uartes.edu.ec\/sitio\/#\/schema\/person\/efa1b8275797664fd7f13a79ccc0b1f4"},"headline":"Productor argelino Karim Beldjoudi Kohn, en UArtes por \u201cPuentes MZ14\u201d","datePublished":"2022-08-22T23:10:00+00:00","dateModified":"2024-07-04T16:23:10+00:00","mainEntityOfPage":{"@id":"https:\/\/www.uartes.edu.ec\/sitio\/blog\/2022\/08\/22\/productor-argelino-karim-beldjoudi-kohn-enla-uartes-por-laboratorio-de-puentes-mz14\/"},"wordCount":570,"commentCount":0,"publisher":{"@id":"https:\/\/www.uartes.edu.ec\/sitio\/#organization"},"image":{"@id":"https:\/\/www.uartes.edu.ec\/sitio\/blog\/2022\/08\/22\/productor-argelino-karim-beldjoudi-kohn-enla-uartes-por-laboratorio-de-puentes-mz14\/#primaryimage"},"thumbnailUrl":"https:\/\/www.uartes.edu.ec\/sitio\/wp-content\/uploads\/2022\/08\/Karim.jpg","keywords":["mz14","Puentes MZ14"],"articleSection":["3D","Acad\u00e9mico","Alumni","Artes","Estudiantes"],"inLanguage":"es","potentialAction":[{"@type":"CommentAction","name":"Comment","target":["https:\/\/www.uartes.edu.ec\/sitio\/blog\/2022\/08\/22\/productor-argelino-karim-beldjoudi-kohn-enla-uartes-por-laboratorio-de-puentes-mz14\/#respond"]}]},{"@type":["WebPage","ItemPage"],"@id":"https:\/\/www.uartes.edu.ec\/sitio\/blog\/2022\/08\/22\/productor-argelino-karim-beldjoudi-kohn-enla-uartes-por-laboratorio-de-puentes-mz14\/","url":"https:\/\/www.uartes.edu.ec\/sitio\/blog\/2022\/08\/22\/productor-argelino-karim-beldjoudi-kohn-enla-uartes-por-laboratorio-de-puentes-mz14\/","name":"Universidad de las Artes - Productor argelino Karim Beldjoudi Kohn, en UArtes por \u201cPuentes MZ14\u201d","isPartOf":{"@id":"https:\/\/www.uartes.edu.ec\/sitio\/#website"},"primaryImageOfPage":{"@id":"https:\/\/www.uartes.edu.ec\/sitio\/blog\/2022\/08\/22\/productor-argelino-karim-beldjoudi-kohn-enla-uartes-por-laboratorio-de-puentes-mz14\/#primaryimage"},"image":{"@id":"https:\/\/www.uartes.edu.ec\/sitio\/blog\/2022\/08\/22\/productor-argelino-karim-beldjoudi-kohn-enla-uartes-por-laboratorio-de-puentes-mz14\/#primaryimage"},"thumbnailUrl":"https:\/\/www.uartes.edu.ec\/sitio\/wp-content\/uploads\/2022\/08\/Karim.jpg","datePublished":"2022-08-22T23:10:00+00:00","dateModified":"2024-07-04T16:23:10+00:00","description":"Universidad de las Artes - Productor argelino Karim Beldjoudi Kohn, en UArtes por \u201cPuentes MZ14\u201d","breadcrumb":{"@id":"https:\/\/www.uartes.edu.ec\/sitio\/blog\/2022\/08\/22\/productor-argelino-karim-beldjoudi-kohn-enla-uartes-por-laboratorio-de-puentes-mz14\/#breadcrumb"},"inLanguage":"es","potentialAction":[{"@type":"ReadAction","target":["https:\/\/www.uartes.edu.ec\/sitio\/blog\/2022\/08\/22\/productor-argelino-karim-beldjoudi-kohn-enla-uartes-por-laboratorio-de-puentes-mz14\/"]}]},{"@type":"ImageObject","inLanguage":"es","@id":"https:\/\/www.uartes.edu.ec\/sitio\/blog\/2022\/08\/22\/productor-argelino-karim-beldjoudi-kohn-enla-uartes-por-laboratorio-de-puentes-mz14\/#primaryimage","url":"https:\/\/www.uartes.edu.ec\/sitio\/wp-content\/uploads\/2022\/08\/Karim.jpg","contentUrl":"https:\/\/www.uartes.edu.ec\/sitio\/wp-content\/uploads\/2022\/08\/Karim.jpg","width":2000,"height":1333},{"@type":"BreadcrumbList","@id":"https:\/\/www.uartes.edu.ec\/sitio\/blog\/2022\/08\/22\/productor-argelino-karim-beldjoudi-kohn-enla-uartes-por-laboratorio-de-puentes-mz14\/#breadcrumb","itemListElement":[{"@type":"ListItem","position":1,"name":"Inicio","item":"https:\/\/www.uartes.edu.ec\/sitio\/"},{"@type":"ListItem","position":2,"name":"Productor argelino Karim Beldjoudi Kohn, en UArtes por \u201cPuentes MZ14\u201d"}]},{"@type":"WebSite","@id":"https:\/\/www.uartes.edu.ec\/sitio\/#website","url":"https:\/\/www.uartes.edu.ec\/sitio\/","name":"Universidad de las Artes","description":"Sitio oficial de la Universidad Nacional de las Artes del Ecuador","publisher":{"@id":"https:\/\/www.uartes.edu.ec\/sitio\/#organization"},"potentialAction":[{"@type":"SearchAction","target":{"@type":"EntryPoint","urlTemplate":"https:\/\/www.uartes.edu.ec\/sitio\/?s={search_term_string}"},"query-input":{"@type":"PropertyValueSpecification","valueRequired":true,"valueName":"search_term_string"}}],"inLanguage":"es"},{"@type":"Organization","@id":"https:\/\/www.uartes.edu.ec\/sitio\/#organization","name":"Universidad de las Artes","url":"https:\/\/www.uartes.edu.ec\/sitio\/","logo":{"@type":"ImageObject","inLanguage":"es","@id":"https:\/\/www.uartes.edu.ec\/sitio\/#\/schema\/logo\/image\/","url":"https:\/\/www.uartes.edu.ec\/sitio\/wp-content\/uploads\/2022\/07\/logo-ua-horizontal.png","contentUrl":"https:\/\/www.uartes.edu.ec\/sitio\/wp-content\/uploads\/2022\/07\/logo-ua-horizontal.png","width":800,"height":276,"caption":"Universidad de las Artes"},"image":{"@id":"https:\/\/www.uartes.edu.ec\/sitio\/#\/schema\/logo\/image\/"},"sameAs":["https:\/\/www.facebook.com\/uartesec","https:\/\/x.com\/uartesec","https:\/\/www.tiktok.com\/@uartesec"]},{"@type":"Person","@id":"https:\/\/www.uartes.edu.ec\/sitio\/#\/schema\/person\/efa1b8275797664fd7f13a79ccc0b1f4","name":"ccortez","image":{"@type":"ImageObject","inLanguage":"es","@id":"https:\/\/secure.gravatar.com\/avatar\/b2a6f664a3ae8e074346ef91775736c5ec479e637ecced6842de9dc98b5da9cd?s=96&d=mm&r=g","url":"https:\/\/secure.gravatar.com\/avatar\/b2a6f664a3ae8e074346ef91775736c5ec479e637ecced6842de9dc98b5da9cd?s=96&d=mm&r=g","contentUrl":"https:\/\/secure.gravatar.com\/avatar\/b2a6f664a3ae8e074346ef91775736c5ec479e637ecced6842de9dc98b5da9cd?s=96&d=mm&r=g","caption":"ccortez"},"url":"https:\/\/www.uartes.edu.ec\/sitio\/blog\/author\/ccortez\/"}]}},"uagb_featured_image_src":{"full":["https:\/\/www.uartes.edu.ec\/sitio\/wp-content\/uploads\/2022\/08\/Karim.jpg",2000,1333,false],"thumbnail":["https:\/\/www.uartes.edu.ec\/sitio\/wp-content\/uploads\/2022\/08\/Karim-150x150.jpg",150,150,true],"medium":["https:\/\/www.uartes.edu.ec\/sitio\/wp-content\/uploads\/2022\/08\/Karim-300x200.jpg",300,200,true],"medium_large":["https:\/\/www.uartes.edu.ec\/sitio\/wp-content\/uploads\/2022\/08\/Karim-768x512.jpg",768,512,true],"large":["https:\/\/www.uartes.edu.ec\/sitio\/wp-content\/uploads\/2022\/08\/Karim-644x429.jpg",644,429,true],"1536x1536":["https:\/\/www.uartes.edu.ec\/sitio\/wp-content\/uploads\/2022\/08\/Karim-1536x1024.jpg",1536,1024,true],"2048x2048":["https:\/\/www.uartes.edu.ec\/sitio\/wp-content\/uploads\/2022\/08\/Karim.jpg",2000,1333,false],"trp-custom-language-flag":["https:\/\/www.uartes.edu.ec\/sitio\/wp-content\/uploads\/2022\/08\/Karim.jpg",18,12,false],"htmega_size_585x295":["https:\/\/www.uartes.edu.ec\/sitio\/wp-content\/uploads\/2022\/08\/Karim.jpg",443,295,false],"htmega_size_1170x536":["https:\/\/www.uartes.edu.ec\/sitio\/wp-content\/uploads\/2022\/08\/Karim.jpg",804,536,false],"htmega_size_396x360":["https:\/\/www.uartes.edu.ec\/sitio\/wp-content\/uploads\/2022\/08\/Karim.jpg",396,264,false],"gb-block-post-grid-landscape":["https:\/\/www.uartes.edu.ec\/sitio\/wp-content\/uploads\/2022\/08\/Karim.jpg",600,400,false],"gb-block-post-grid-square":["https:\/\/www.uartes.edu.ec\/sitio\/wp-content\/uploads\/2022\/08\/Karim.jpg",600,400,false],"university-hub-thumb":["https:\/\/www.uartes.edu.ec\/sitio\/wp-content\/uploads\/2022\/08\/Karim-400x267.jpg",400,267,true]},"uagb_author_info":{"display_name":"ccortez","author_link":"https:\/\/www.uartes.edu.ec\/sitio\/blog\/author\/ccortez\/"},"uagb_comment_info":0,"uagb_excerpt":"Como parte de \u201cPuentes MZ14\u201d, del 25 al 27 de agosto se desarrollar\u00e1 el laboratorio \u201cLa m\u00fasica es enorme, lo \u00fanico que hace falta para comunicarla son herramientas y estrategias\u201d, dirigido por el productor de m\u00fasica electr\u00f3nica Karim Beldjoudi Kohn. Su participaci\u00f3n se inserta en el programa de capacitaci\u00f3n y transferencia de conocimientos para la&hellip;","featured_image_src":"https:\/\/www.uartes.edu.ec\/sitio\/wp-content\/uploads\/2022\/08\/Karim.jpg","featured_image_src_square":"https:\/\/www.uartes.edu.ec\/sitio\/wp-content\/uploads\/2022\/08\/Karim.jpg","author_info":{"display_name":"ccortez","author_link":"https:\/\/www.uartes.edu.ec\/sitio\/blog\/author\/ccortez\/"},"publishpress_future_workflow_manual_trigger":{"enabledWorkflows":[]},"distributor_meta":false,"distributor_terms":false,"distributor_media":false,"distributor_original_site_name":"Universidad de las Artes","distributor_original_site_url":"https:\/\/www.uartes.edu.ec\/sitio","push-errors":false,"_links":{"self":[{"href":"https:\/\/www.uartes.edu.ec\/sitio\/wp-json\/wp\/v2\/posts\/26897","targetHints":{"allow":["GET"]}}],"collection":[{"href":"https:\/\/www.uartes.edu.ec\/sitio\/wp-json\/wp\/v2\/posts"}],"about":[{"href":"https:\/\/www.uartes.edu.ec\/sitio\/wp-json\/wp\/v2\/types\/post"}],"author":[{"embeddable":true,"href":"https:\/\/www.uartes.edu.ec\/sitio\/wp-json\/wp\/v2\/users\/10"}],"replies":[{"embeddable":true,"href":"https:\/\/www.uartes.edu.ec\/sitio\/wp-json\/wp\/v2\/comments?post=26897"}],"version-history":[{"count":3,"href":"https:\/\/www.uartes.edu.ec\/sitio\/wp-json\/wp\/v2\/posts\/26897\/revisions"}],"predecessor-version":[{"id":37570,"href":"https:\/\/www.uartes.edu.ec\/sitio\/wp-json\/wp\/v2\/posts\/26897\/revisions\/37570"}],"wp:featuredmedia":[{"embeddable":true,"href":"https:\/\/www.uartes.edu.ec\/sitio\/wp-json\/wp\/v2\/media\/26898"}],"wp:attachment":[{"href":"https:\/\/www.uartes.edu.ec\/sitio\/wp-json\/wp\/v2\/media?parent=26897"}],"wp:term":[{"taxonomy":"category","embeddable":true,"href":"https:\/\/www.uartes.edu.ec\/sitio\/wp-json\/wp\/v2\/categories?post=26897"},{"taxonomy":"post_tag","embeddable":true,"href":"https:\/\/www.uartes.edu.ec\/sitio\/wp-json\/wp\/v2\/tags?post=26897"},{"taxonomy":"infouartes","embeddable":true,"href":"https:\/\/www.uartes.edu.ec\/sitio\/wp-json\/wp\/v2\/infouartes?post=26897"}],"curies":[{"name":"wp","href":"https:\/\/api.w.org\/{rel}","templated":true}]}}