{"id":2692,"date":"2018-11-09T08:49:25","date_gmt":"2018-11-09T13:49:25","guid":{"rendered":"http:\/\/www.uartes.edu.ec\/sitio\/?p=2692"},"modified":"2024-07-04T11:53:42","modified_gmt":"2024-07-04T16:53:42","slug":"inauguracion-de-interactos-y-reconocimento-a-papa-roncon","status":"publish","type":"post","link":"https:\/\/www.uartes.edu.ec\/sitio\/blog\/2018\/11\/09\/inauguracion-de-interactos-y-reconocimento-a-papa-roncon\/","title":{"rendered":"Inauguraci\u00f3n de inter[\u2022]actos y reconocimento a Pap\u00e1 Ronc\u00f3n"},"content":{"rendered":"\n<p>Con la presencia de artistas, p\u00fablico general y estudiantes de la\ninstituci\u00f3n, la Universidad de las Artes celebr\u00f3, el 7 de noviembre de 2018, la\ninauguraci\u00f3n de la tercera edici\u00f3n de \u201cinter[\u2022]actos. Encuentros P\u00fablicos de\nArtes 2018\u201d en el Centro Cultural Eloy Alfaro (Centro C\u00edvico).<\/p>\n\n\n\n<p>Andrey Astaiza, director de la Escuela de Artes Sonoras, afirm\u00f3\ndurante su discurso \u201cA pesar de la adversidad, no debemos dejar de creer y\npensar que podemos sorprendernos. Hagamos que esto sea una parte esencial de\nnuestra vida\u201d.<\/p>\n\n\n\n<p>Como parte del programa, estudiantes de la UArtes interpretaron\npiezas de m\u00fasica instrumental. <\/p>\n\n\n\n<p>\u201cEs durante este momento en el que ponemos a prueba toda nuestra\ncapacidad de actuar, conforme a todo lo que ha inspirado la creaci\u00f3n de nuestra\nUniversidad\u201d, indic\u00f3 Mar\u00eda Paulina Soto, vicerrectora acad\u00e9mica. <\/p>\n\n\n\n<div class=\"wp-block-image\"><figure class=\"alignleft is-resized\"><img fetchpriority=\"high\" decoding=\"async\" src=\"http:\/\/www.uartes.edu.ec\/sitio\/wp-content\/uploads\/2018\/11\/Papa-Ronco\u0301n-2.jpg\" alt=\"\" class=\"wp-image-2693\" width=\"330\" height=\"198\" srcset=\"https:\/\/www.uartes.edu.ec\/sitio\/wp-content\/uploads\/2018\/11\/Papa-Ronco\u0301n-2.jpg 3666w, https:\/\/www.uartes.edu.ec\/sitio\/wp-content\/uploads\/2018\/11\/Papa-Ronco\u0301n-2-300x180.jpg 300w, https:\/\/www.uartes.edu.ec\/sitio\/wp-content\/uploads\/2018\/11\/Papa-Ronco\u0301n-2-768x461.jpg 768w, https:\/\/www.uartes.edu.ec\/sitio\/wp-content\/uploads\/2018\/11\/Papa-Ronco\u0301n-2-1024x615.jpg 1024w\" sizes=\"(max-width: 330px) 100vw, 330px\" \/><figcaption>Adriana R\u00edos entrega reconocimiento al m\u00fasico Pap\u00e1 Ronc\u00f3n<\/figcaption><\/figure><\/div>\n\n\n\n<p>Sa\u00fal Torres y el grupo Ensamble de Marimbas de la Universidad,\npresentaron canciones de su repertorio, las cuales despertaron la euforia de\nlos asistentes.<\/p>\n\n\n\n<p>Adriana R\u00edos, vicedirectora de la Escuela de Artes Visuales y en\nrepresentaci\u00f3n de la Universidad, entreg\u00f3 un reconocimiento por su trayectoria\nart\u00edstica al m\u00fasico afroecuatoriano Pap\u00e1 Ronc\u00f3n, quien luego, ofreci\u00f3 una\nexhibici\u00f3n llena de energ\u00eda y emociones.<\/p>\n\n\n\n<p>El evento finaliz\u00f3 con la presentaci\u00f3n del concierto de salsa, a\ncargo de la orquesta de la Escuela de Artes Sonoras.<\/p>\n","protected":false},"excerpt":{"rendered":"<p>Con la presencia de artistas, p\u00fablico general y estudiantes de la instituci\u00f3n, la Universidad de las Artes celebr\u00f3, el 7 de noviembre de 2018, la inauguraci\u00f3n de la tercera edici\u00f3n de \u201cinter[\u2022]actos. Encuentros P\u00fablicos de Artes 2018\u201d en el Centro Cultural Eloy Alfaro (Centro C\u00edvico). Andrey Astaiza, director de la Escuela de Artes Sonoras, afirm\u00f3 [&hellip;]<\/p>\n","protected":false},"author":1,"featured_media":2694,"comment_status":"closed","ping_status":"closed","sticky":false,"template":"","format":"standard","meta":{"_acf_changed":false,"_uag_custom_page_level_css":"","_monsterinsights_skip_tracking":false,"_monsterinsights_sitenote_active":false,"_monsterinsights_sitenote_note":"","_monsterinsights_sitenote_category":0,"cybocfi_hide_featured_image":"","footnotes":""},"categories":[82,79],"tags":[],"infouartes":[],"class_list":["post-2692","post","type-post","status-publish","format-standard","has-post-thumbnail","hentry","category-artes","category-vinculo"],"acf":[],"yoast_head":"<!-- This site is optimized with the Yoast SEO plugin v27.4 - https:\/\/yoast.com\/product\/yoast-seo-wordpress\/ -->\n<title>Universidad de las Artes - Inauguraci\u00f3n de inter[\u2022]actos y reconocimento a Pap\u00e1 Ronc\u00f3n<\/title>\n<meta name=\"description\" content=\"Universidad de las Artes - Inauguraci\u00f3n de inter[\u2022]actos y reconocimento a Pap\u00e1 Ronc\u00f3n\" \/>\n<meta name=\"robots\" content=\"index, follow, max-snippet:-1, max-image-preview:large, max-video-preview:-1\" \/>\n<link rel=\"canonical\" href=\"https:\/\/www.uartes.edu.ec\/sitio\/blog\/2018\/11\/09\/inauguracion-de-interactos-y-reconocimento-a-papa-roncon\/\" \/>\n<meta property=\"og:locale\" content=\"es_ES\" \/>\n<meta property=\"og:type\" content=\"article\" \/>\n<meta property=\"og:title\" content=\"Universidad de las Artes - Inauguraci\u00f3n de inter[\u2022]actos y reconocimento a Pap\u00e1 Ronc\u00f3n\" \/>\n<meta property=\"og:description\" content=\"Universidad de las Artes - Inauguraci\u00f3n de inter[\u2022]actos y reconocimento a Pap\u00e1 Ronc\u00f3n\" \/>\n<meta property=\"og:url\" content=\"https:\/\/www.uartes.edu.ec\/sitio\/blog\/2018\/11\/09\/inauguracion-de-interactos-y-reconocimento-a-papa-roncon\/\" \/>\n<meta property=\"og:site_name\" content=\"Universidad de las Artes\" \/>\n<meta property=\"article:publisher\" content=\"https:\/\/www.facebook.com\/uartesec\" \/>\n<meta property=\"article:published_time\" content=\"2018-11-09T13:49:25+00:00\" \/>\n<meta property=\"article:modified_time\" content=\"2024-07-04T16:53:42+00:00\" \/>\n<meta property=\"og:image\" content=\"https:\/\/www.uartes.edu.ec\/sitio\/wp-content\/uploads\/2018\/11\/Papa\u0301-Ronco\u0301n-1-scaled.jpg\" \/>\n\t<meta property=\"og:image:width\" content=\"4104\" \/>\n\t<meta property=\"og:image:height\" content=\"2757\" \/>\n\t<meta property=\"og:image:type\" content=\"image\/jpeg\" \/>\n<meta name=\"author\" content=\"Universidad de las Artes\" \/>\n<meta name=\"twitter:card\" content=\"summary_large_image\" \/>\n<meta name=\"twitter:creator\" content=\"@uartesec\" \/>\n<meta name=\"twitter:site\" content=\"@uartesec\" \/>\n<meta name=\"twitter:label1\" content=\"Escrito por\" \/>\n\t<meta name=\"twitter:data1\" content=\"Universidad de las Artes\" \/>\n\t<meta name=\"twitter:label2\" content=\"Tiempo de lectura\" \/>\n\t<meta name=\"twitter:data2\" content=\"1 minuto\" \/>\n<script type=\"application\/ld+json\" class=\"yoast-schema-graph\">{\"@context\":\"https:\\\/\\\/schema.org\",\"@graph\":[{\"@type\":\"Article\",\"@id\":\"https:\\\/\\\/www.uartes.edu.ec\\\/sitio\\\/blog\\\/2018\\\/11\\\/09\\\/inauguracion-de-interactos-y-reconocimento-a-papa-roncon\\\/#article\",\"isPartOf\":{\"@id\":\"https:\\\/\\\/www.uartes.edu.ec\\\/sitio\\\/blog\\\/2018\\\/11\\\/09\\\/inauguracion-de-interactos-y-reconocimento-a-papa-roncon\\\/\"},\"author\":{\"name\":\"Universidad de las Artes\",\"@id\":\"https:\\\/\\\/www.uartes.edu.ec\\\/sitio\\\/#\\\/schema\\\/person\\\/f33f8c1d2af0d5c80a38c8abf458184a\"},\"headline\":\"Inauguraci\u00f3n de inter[\u2022]actos y reconocimento a Pap\u00e1 Ronc\u00f3n\",\"datePublished\":\"2018-11-09T13:49:25+00:00\",\"dateModified\":\"2024-07-04T16:53:42+00:00\",\"mainEntityOfPage\":{\"@id\":\"https:\\\/\\\/www.uartes.edu.ec\\\/sitio\\\/blog\\\/2018\\\/11\\\/09\\\/inauguracion-de-interactos-y-reconocimento-a-papa-roncon\\\/\"},\"wordCount\":250,\"publisher\":{\"@id\":\"https:\\\/\\\/www.uartes.edu.ec\\\/sitio\\\/#organization\"},\"image\":{\"@id\":\"https:\\\/\\\/www.uartes.edu.ec\\\/sitio\\\/blog\\\/2018\\\/11\\\/09\\\/inauguracion-de-interactos-y-reconocimento-a-papa-roncon\\\/#primaryimage\"},\"thumbnailUrl\":\"https:\\\/\\\/www.uartes.edu.ec\\\/sitio\\\/wp-content\\\/uploads\\\/2018\\\/11\\\/Papa\u0301-Ronco\u0301n-1-scaled.jpg\",\"articleSection\":[\"Artes\",\"V\u00ednculo\"],\"inLanguage\":\"es\"},{\"@type\":[\"WebPage\",\"ItemPage\"],\"@id\":\"https:\\\/\\\/www.uartes.edu.ec\\\/sitio\\\/blog\\\/2018\\\/11\\\/09\\\/inauguracion-de-interactos-y-reconocimento-a-papa-roncon\\\/\",\"url\":\"https:\\\/\\\/www.uartes.edu.ec\\\/sitio\\\/blog\\\/2018\\\/11\\\/09\\\/inauguracion-de-interactos-y-reconocimento-a-papa-roncon\\\/\",\"name\":\"Universidad de las Artes - Inauguraci\u00f3n de inter[\u2022]actos y reconocimento a Pap\u00e1 Ronc\u00f3n\",\"isPartOf\":{\"@id\":\"https:\\\/\\\/www.uartes.edu.ec\\\/sitio\\\/#website\"},\"primaryImageOfPage\":{\"@id\":\"https:\\\/\\\/www.uartes.edu.ec\\\/sitio\\\/blog\\\/2018\\\/11\\\/09\\\/inauguracion-de-interactos-y-reconocimento-a-papa-roncon\\\/#primaryimage\"},\"image\":{\"@id\":\"https:\\\/\\\/www.uartes.edu.ec\\\/sitio\\\/blog\\\/2018\\\/11\\\/09\\\/inauguracion-de-interactos-y-reconocimento-a-papa-roncon\\\/#primaryimage\"},\"thumbnailUrl\":\"https:\\\/\\\/www.uartes.edu.ec\\\/sitio\\\/wp-content\\\/uploads\\\/2018\\\/11\\\/Papa\u0301-Ronco\u0301n-1-scaled.jpg\",\"datePublished\":\"2018-11-09T13:49:25+00:00\",\"dateModified\":\"2024-07-04T16:53:42+00:00\",\"description\":\"Universidad de las Artes - Inauguraci\u00f3n de inter[\u2022]actos y reconocimento a Pap\u00e1 Ronc\u00f3n\",\"breadcrumb\":{\"@id\":\"https:\\\/\\\/www.uartes.edu.ec\\\/sitio\\\/blog\\\/2018\\\/11\\\/09\\\/inauguracion-de-interactos-y-reconocimento-a-papa-roncon\\\/#breadcrumb\"},\"inLanguage\":\"es\",\"potentialAction\":[{\"@type\":\"ReadAction\",\"target\":[\"https:\\\/\\\/www.uartes.edu.ec\\\/sitio\\\/blog\\\/2018\\\/11\\\/09\\\/inauguracion-de-interactos-y-reconocimento-a-papa-roncon\\\/\"]}]},{\"@type\":\"ImageObject\",\"inLanguage\":\"es\",\"@id\":\"https:\\\/\\\/www.uartes.edu.ec\\\/sitio\\\/blog\\\/2018\\\/11\\\/09\\\/inauguracion-de-interactos-y-reconocimento-a-papa-roncon\\\/#primaryimage\",\"url\":\"https:\\\/\\\/www.uartes.edu.ec\\\/sitio\\\/wp-content\\\/uploads\\\/2018\\\/11\\\/Papa\u0301-Ronco\u0301n-1-scaled.jpg\",\"contentUrl\":\"https:\\\/\\\/www.uartes.edu.ec\\\/sitio\\\/wp-content\\\/uploads\\\/2018\\\/11\\\/Papa\u0301-Ronco\u0301n-1-scaled.jpg\",\"width\":4104,\"height\":2757},{\"@type\":\"BreadcrumbList\",\"@id\":\"https:\\\/\\\/www.uartes.edu.ec\\\/sitio\\\/blog\\\/2018\\\/11\\\/09\\\/inauguracion-de-interactos-y-reconocimento-a-papa-roncon\\\/#breadcrumb\",\"itemListElement\":[{\"@type\":\"ListItem\",\"position\":1,\"name\":\"Inicio\",\"item\":\"https:\\\/\\\/www.uartes.edu.ec\\\/sitio\\\/\"},{\"@type\":\"ListItem\",\"position\":2,\"name\":\"Inauguraci\u00f3n de inter[\u2022]actos y reconocimento a Pap\u00e1 Ronc\u00f3n\"}]},{\"@type\":\"WebSite\",\"@id\":\"https:\\\/\\\/www.uartes.edu.ec\\\/sitio\\\/#website\",\"url\":\"https:\\\/\\\/www.uartes.edu.ec\\\/sitio\\\/\",\"name\":\"Universidad de las Artes\",\"description\":\"Sitio oficial de la Universidad Nacional de las Artes del Ecuador\",\"publisher\":{\"@id\":\"https:\\\/\\\/www.uartes.edu.ec\\\/sitio\\\/#organization\"},\"potentialAction\":[{\"@type\":\"SearchAction\",\"target\":{\"@type\":\"EntryPoint\",\"urlTemplate\":\"https:\\\/\\\/www.uartes.edu.ec\\\/sitio\\\/?s={search_term_string}\"},\"query-input\":{\"@type\":\"PropertyValueSpecification\",\"valueRequired\":true,\"valueName\":\"search_term_string\"}}],\"inLanguage\":\"es\"},{\"@type\":\"Organization\",\"@id\":\"https:\\\/\\\/www.uartes.edu.ec\\\/sitio\\\/#organization\",\"name\":\"Universidad de las Artes\",\"url\":\"https:\\\/\\\/www.uartes.edu.ec\\\/sitio\\\/\",\"logo\":{\"@type\":\"ImageObject\",\"inLanguage\":\"es\",\"@id\":\"https:\\\/\\\/www.uartes.edu.ec\\\/sitio\\\/#\\\/schema\\\/logo\\\/image\\\/\",\"url\":\"https:\\\/\\\/www.uartes.edu.ec\\\/sitio\\\/wp-content\\\/uploads\\\/2022\\\/07\\\/logo-ua-horizontal.png\",\"contentUrl\":\"https:\\\/\\\/www.uartes.edu.ec\\\/sitio\\\/wp-content\\\/uploads\\\/2022\\\/07\\\/logo-ua-horizontal.png\",\"width\":800,\"height\":276,\"caption\":\"Universidad de las Artes\"},\"image\":{\"@id\":\"https:\\\/\\\/www.uartes.edu.ec\\\/sitio\\\/#\\\/schema\\\/logo\\\/image\\\/\"},\"sameAs\":[\"https:\\\/\\\/www.facebook.com\\\/uartesec\",\"https:\\\/\\\/x.com\\\/uartesec\",\"https:\\\/\\\/www.tiktok.com\\\/@uartesec\"]},{\"@type\":\"Person\",\"@id\":\"https:\\\/\\\/www.uartes.edu.ec\\\/sitio\\\/#\\\/schema\\\/person\\\/f33f8c1d2af0d5c80a38c8abf458184a\",\"name\":\"Universidad de las Artes\",\"image\":{\"@type\":\"ImageObject\",\"inLanguage\":\"es\",\"@id\":\"https:\\\/\\\/secure.gravatar.com\\\/avatar\\\/52e4757902f5cfa5ac52d020e5be83cae5487519154b6c35482fe08d589f3c13?s=96&d=mm&r=g\",\"url\":\"https:\\\/\\\/secure.gravatar.com\\\/avatar\\\/52e4757902f5cfa5ac52d020e5be83cae5487519154b6c35482fe08d589f3c13?s=96&d=mm&r=g\",\"contentUrl\":\"https:\\\/\\\/secure.gravatar.com\\\/avatar\\\/52e4757902f5cfa5ac52d020e5be83cae5487519154b6c35482fe08d589f3c13?s=96&d=mm&r=g\",\"caption\":\"Universidad de las Artes\"},\"url\":\"https:\\\/\\\/www.uartes.edu.ec\\\/sitio\\\/blog\\\/author\\\/dircomadm\\\/\"}]}<\/script>\n<!-- \/ Yoast SEO plugin. -->","yoast_head_json":{"title":"Universidad de las Artes - Inauguraci\u00f3n de inter[\u2022]actos y reconocimento a Pap\u00e1 Ronc\u00f3n","description":"Universidad de las Artes - Inauguraci\u00f3n de inter[\u2022]actos y reconocimento a Pap\u00e1 Ronc\u00f3n","robots":{"index":"index","follow":"follow","max-snippet":"max-snippet:-1","max-image-preview":"max-image-preview:large","max-video-preview":"max-video-preview:-1"},"canonical":"https:\/\/www.uartes.edu.ec\/sitio\/blog\/2018\/11\/09\/inauguracion-de-interactos-y-reconocimento-a-papa-roncon\/","og_locale":"es_ES","og_type":"article","og_title":"Universidad de las Artes - Inauguraci\u00f3n de inter[\u2022]actos y reconocimento a Pap\u00e1 Ronc\u00f3n","og_description":"Universidad de las Artes - Inauguraci\u00f3n de inter[\u2022]actos y reconocimento a Pap\u00e1 Ronc\u00f3n","og_url":"https:\/\/www.uartes.edu.ec\/sitio\/blog\/2018\/11\/09\/inauguracion-de-interactos-y-reconocimento-a-papa-roncon\/","og_site_name":"Universidad de las Artes","article_publisher":"https:\/\/www.facebook.com\/uartesec","article_published_time":"2018-11-09T13:49:25+00:00","article_modified_time":"2024-07-04T16:53:42+00:00","og_image":[{"width":4104,"height":2757,"url":"https:\/\/www.uartes.edu.ec\/sitio\/wp-content\/uploads\/2018\/11\/Papa\u0301-Ronco\u0301n-1-scaled.jpg","type":"image\/jpeg"}],"author":"Universidad de las Artes","twitter_card":"summary_large_image","twitter_creator":"@uartesec","twitter_site":"@uartesec","twitter_misc":{"Escrito por":"Universidad de las Artes","Tiempo de lectura":"1 minuto"},"schema":{"@context":"https:\/\/schema.org","@graph":[{"@type":"Article","@id":"https:\/\/www.uartes.edu.ec\/sitio\/blog\/2018\/11\/09\/inauguracion-de-interactos-y-reconocimento-a-papa-roncon\/#article","isPartOf":{"@id":"https:\/\/www.uartes.edu.ec\/sitio\/blog\/2018\/11\/09\/inauguracion-de-interactos-y-reconocimento-a-papa-roncon\/"},"author":{"name":"Universidad de las Artes","@id":"https:\/\/www.uartes.edu.ec\/sitio\/#\/schema\/person\/f33f8c1d2af0d5c80a38c8abf458184a"},"headline":"Inauguraci\u00f3n de inter[\u2022]actos y reconocimento a Pap\u00e1 Ronc\u00f3n","datePublished":"2018-11-09T13:49:25+00:00","dateModified":"2024-07-04T16:53:42+00:00","mainEntityOfPage":{"@id":"https:\/\/www.uartes.edu.ec\/sitio\/blog\/2018\/11\/09\/inauguracion-de-interactos-y-reconocimento-a-papa-roncon\/"},"wordCount":250,"publisher":{"@id":"https:\/\/www.uartes.edu.ec\/sitio\/#organization"},"image":{"@id":"https:\/\/www.uartes.edu.ec\/sitio\/blog\/2018\/11\/09\/inauguracion-de-interactos-y-reconocimento-a-papa-roncon\/#primaryimage"},"thumbnailUrl":"https:\/\/www.uartes.edu.ec\/sitio\/wp-content\/uploads\/2018\/11\/Papa\u0301-Ronco\u0301n-1-scaled.jpg","articleSection":["Artes","V\u00ednculo"],"inLanguage":"es"},{"@type":["WebPage","ItemPage"],"@id":"https:\/\/www.uartes.edu.ec\/sitio\/blog\/2018\/11\/09\/inauguracion-de-interactos-y-reconocimento-a-papa-roncon\/","url":"https:\/\/www.uartes.edu.ec\/sitio\/blog\/2018\/11\/09\/inauguracion-de-interactos-y-reconocimento-a-papa-roncon\/","name":"Universidad de las Artes - Inauguraci\u00f3n de inter[\u2022]actos y reconocimento a Pap\u00e1 Ronc\u00f3n","isPartOf":{"@id":"https:\/\/www.uartes.edu.ec\/sitio\/#website"},"primaryImageOfPage":{"@id":"https:\/\/www.uartes.edu.ec\/sitio\/blog\/2018\/11\/09\/inauguracion-de-interactos-y-reconocimento-a-papa-roncon\/#primaryimage"},"image":{"@id":"https:\/\/www.uartes.edu.ec\/sitio\/blog\/2018\/11\/09\/inauguracion-de-interactos-y-reconocimento-a-papa-roncon\/#primaryimage"},"thumbnailUrl":"https:\/\/www.uartes.edu.ec\/sitio\/wp-content\/uploads\/2018\/11\/Papa\u0301-Ronco\u0301n-1-scaled.jpg","datePublished":"2018-11-09T13:49:25+00:00","dateModified":"2024-07-04T16:53:42+00:00","description":"Universidad de las Artes - Inauguraci\u00f3n de inter[\u2022]actos y reconocimento a Pap\u00e1 Ronc\u00f3n","breadcrumb":{"@id":"https:\/\/www.uartes.edu.ec\/sitio\/blog\/2018\/11\/09\/inauguracion-de-interactos-y-reconocimento-a-papa-roncon\/#breadcrumb"},"inLanguage":"es","potentialAction":[{"@type":"ReadAction","target":["https:\/\/www.uartes.edu.ec\/sitio\/blog\/2018\/11\/09\/inauguracion-de-interactos-y-reconocimento-a-papa-roncon\/"]}]},{"@type":"ImageObject","inLanguage":"es","@id":"https:\/\/www.uartes.edu.ec\/sitio\/blog\/2018\/11\/09\/inauguracion-de-interactos-y-reconocimento-a-papa-roncon\/#primaryimage","url":"https:\/\/www.uartes.edu.ec\/sitio\/wp-content\/uploads\/2018\/11\/Papa\u0301-Ronco\u0301n-1-scaled.jpg","contentUrl":"https:\/\/www.uartes.edu.ec\/sitio\/wp-content\/uploads\/2018\/11\/Papa\u0301-Ronco\u0301n-1-scaled.jpg","width":4104,"height":2757},{"@type":"BreadcrumbList","@id":"https:\/\/www.uartes.edu.ec\/sitio\/blog\/2018\/11\/09\/inauguracion-de-interactos-y-reconocimento-a-papa-roncon\/#breadcrumb","itemListElement":[{"@type":"ListItem","position":1,"name":"Inicio","item":"https:\/\/www.uartes.edu.ec\/sitio\/"},{"@type":"ListItem","position":2,"name":"Inauguraci\u00f3n de inter[\u2022]actos y reconocimento a Pap\u00e1 Ronc\u00f3n"}]},{"@type":"WebSite","@id":"https:\/\/www.uartes.edu.ec\/sitio\/#website","url":"https:\/\/www.uartes.edu.ec\/sitio\/","name":"Universidad de las Artes","description":"Sitio oficial de la Universidad Nacional de las Artes del Ecuador","publisher":{"@id":"https:\/\/www.uartes.edu.ec\/sitio\/#organization"},"potentialAction":[{"@type":"SearchAction","target":{"@type":"EntryPoint","urlTemplate":"https:\/\/www.uartes.edu.ec\/sitio\/?s={search_term_string}"},"query-input":{"@type":"PropertyValueSpecification","valueRequired":true,"valueName":"search_term_string"}}],"inLanguage":"es"},{"@type":"Organization","@id":"https:\/\/www.uartes.edu.ec\/sitio\/#organization","name":"Universidad de las Artes","url":"https:\/\/www.uartes.edu.ec\/sitio\/","logo":{"@type":"ImageObject","inLanguage":"es","@id":"https:\/\/www.uartes.edu.ec\/sitio\/#\/schema\/logo\/image\/","url":"https:\/\/www.uartes.edu.ec\/sitio\/wp-content\/uploads\/2022\/07\/logo-ua-horizontal.png","contentUrl":"https:\/\/www.uartes.edu.ec\/sitio\/wp-content\/uploads\/2022\/07\/logo-ua-horizontal.png","width":800,"height":276,"caption":"Universidad de las Artes"},"image":{"@id":"https:\/\/www.uartes.edu.ec\/sitio\/#\/schema\/logo\/image\/"},"sameAs":["https:\/\/www.facebook.com\/uartesec","https:\/\/x.com\/uartesec","https:\/\/www.tiktok.com\/@uartesec"]},{"@type":"Person","@id":"https:\/\/www.uartes.edu.ec\/sitio\/#\/schema\/person\/f33f8c1d2af0d5c80a38c8abf458184a","name":"Universidad de las Artes","image":{"@type":"ImageObject","inLanguage":"es","@id":"https:\/\/secure.gravatar.com\/avatar\/52e4757902f5cfa5ac52d020e5be83cae5487519154b6c35482fe08d589f3c13?s=96&d=mm&r=g","url":"https:\/\/secure.gravatar.com\/avatar\/52e4757902f5cfa5ac52d020e5be83cae5487519154b6c35482fe08d589f3c13?s=96&d=mm&r=g","contentUrl":"https:\/\/secure.gravatar.com\/avatar\/52e4757902f5cfa5ac52d020e5be83cae5487519154b6c35482fe08d589f3c13?s=96&d=mm&r=g","caption":"Universidad de las Artes"},"url":"https:\/\/www.uartes.edu.ec\/sitio\/blog\/author\/dircomadm\/"}]}},"uagb_featured_image_src":{"full":["https:\/\/www.uartes.edu.ec\/sitio\/wp-content\/uploads\/2018\/11\/Papa\u0301-Ronco\u0301n-1-scaled.jpg",4104,2757,false],"thumbnail":["https:\/\/www.uartes.edu.ec\/sitio\/wp-content\/uploads\/2018\/11\/Papa\u0301-Ronco\u0301n-1-150x150.jpg",150,150,true],"medium":["https:\/\/www.uartes.edu.ec\/sitio\/wp-content\/uploads\/2018\/11\/Papa\u0301-Ronco\u0301n-1-300x202.jpg",300,202,true],"medium_large":["https:\/\/www.uartes.edu.ec\/sitio\/wp-content\/uploads\/2018\/11\/Papa\u0301-Ronco\u0301n-1-768x516.jpg",768,516,true],"large":["https:\/\/www.uartes.edu.ec\/sitio\/wp-content\/uploads\/2018\/11\/Papa\u0301-Ronco\u0301n-1-1024x688.jpg",644,433,true],"1536x1536":["https:\/\/www.uartes.edu.ec\/sitio\/wp-content\/uploads\/2018\/11\/Papa\u0301-Ronco\u0301n-1-scaled.jpg",1536,1032,false],"2048x2048":["https:\/\/www.uartes.edu.ec\/sitio\/wp-content\/uploads\/2018\/11\/Papa\u0301-Ronco\u0301n-1-scaled.jpg",2048,1376,false],"trp-custom-language-flag":["https:\/\/www.uartes.edu.ec\/sitio\/wp-content\/uploads\/2018\/11\/Papa\u0301-Ronco\u0301n-1-scaled.jpg",18,12,false],"htmega_size_585x295":["https:\/\/www.uartes.edu.ec\/sitio\/wp-content\/uploads\/2018\/11\/Papa\u0301-Ronco\u0301n-1-scaled.jpg",439,295,false],"htmega_size_1170x536":["https:\/\/www.uartes.edu.ec\/sitio\/wp-content\/uploads\/2018\/11\/Papa\u0301-Ronco\u0301n-1-scaled.jpg",798,536,false],"htmega_size_396x360":["https:\/\/www.uartes.edu.ec\/sitio\/wp-content\/uploads\/2018\/11\/Papa\u0301-Ronco\u0301n-1-scaled.jpg",396,266,false],"gb-block-post-grid-landscape":["https:\/\/www.uartes.edu.ec\/sitio\/wp-content\/uploads\/2018\/11\/Papa\u0301-Ronco\u0301n-1-scaled.jpg",595,400,false],"gb-block-post-grid-square":["https:\/\/www.uartes.edu.ec\/sitio\/wp-content\/uploads\/2018\/11\/Papa\u0301-Ronco\u0301n-1-scaled.jpg",600,403,false],"university-hub-thumb":["https:\/\/www.uartes.edu.ec\/sitio\/wp-content\/uploads\/2018\/11\/Papa\u0301-Ronco\u0301n-1-scaled.jpg",400,269,false]},"uagb_author_info":{"display_name":"Universidad de las Artes","author_link":"https:\/\/www.uartes.edu.ec\/sitio\/blog\/author\/dircomadm\/"},"uagb_comment_info":0,"uagb_excerpt":"Con la presencia de artistas, p\u00fablico general y estudiantes de la instituci\u00f3n, la Universidad de las Artes celebr\u00f3, el 7 de noviembre de 2018, la inauguraci\u00f3n de la tercera edici\u00f3n de \u201cinter[\u2022]actos. Encuentros P\u00fablicos de Artes 2018\u201d en el Centro Cultural Eloy Alfaro (Centro C\u00edvico). Andrey Astaiza, director de la Escuela de Artes Sonoras, afirm\u00f3&hellip;","featured_image_src":"https:\/\/www.uartes.edu.ec\/sitio\/wp-content\/uploads\/2018\/11\/Papa\u0301-Ronco\u0301n-1-scaled.jpg","featured_image_src_square":"https:\/\/www.uartes.edu.ec\/sitio\/wp-content\/uploads\/2018\/11\/Papa\u0301-Ronco\u0301n-1-scaled.jpg","author_info":{"display_name":"Universidad de las Artes","author_link":"https:\/\/www.uartes.edu.ec\/sitio\/blog\/author\/dircomadm\/"},"publishpress_future_workflow_manual_trigger":{"enabledWorkflows":[]},"distributor_meta":false,"distributor_terms":false,"distributor_media":false,"distributor_original_site_name":"Universidad de las Artes","distributor_original_site_url":"https:\/\/www.uartes.edu.ec\/sitio","push-errors":false,"_links":{"self":[{"href":"https:\/\/www.uartes.edu.ec\/sitio\/wp-json\/wp\/v2\/posts\/2692","targetHints":{"allow":["GET"]}}],"collection":[{"href":"https:\/\/www.uartes.edu.ec\/sitio\/wp-json\/wp\/v2\/posts"}],"about":[{"href":"https:\/\/www.uartes.edu.ec\/sitio\/wp-json\/wp\/v2\/types\/post"}],"author":[{"embeddable":true,"href":"https:\/\/www.uartes.edu.ec\/sitio\/wp-json\/wp\/v2\/users\/1"}],"replies":[{"embeddable":true,"href":"https:\/\/www.uartes.edu.ec\/sitio\/wp-json\/wp\/v2\/comments?post=2692"}],"version-history":[{"count":3,"href":"https:\/\/www.uartes.edu.ec\/sitio\/wp-json\/wp\/v2\/posts\/2692\/revisions"}],"predecessor-version":[{"id":57863,"href":"https:\/\/www.uartes.edu.ec\/sitio\/wp-json\/wp\/v2\/posts\/2692\/revisions\/57863"}],"wp:featuredmedia":[{"embeddable":true,"href":"https:\/\/www.uartes.edu.ec\/sitio\/wp-json\/wp\/v2\/media\/2694"}],"wp:attachment":[{"href":"https:\/\/www.uartes.edu.ec\/sitio\/wp-json\/wp\/v2\/media?parent=2692"}],"wp:term":[{"taxonomy":"category","embeddable":true,"href":"https:\/\/www.uartes.edu.ec\/sitio\/wp-json\/wp\/v2\/categories?post=2692"},{"taxonomy":"post_tag","embeddable":true,"href":"https:\/\/www.uartes.edu.ec\/sitio\/wp-json\/wp\/v2\/tags?post=2692"},{"taxonomy":"infouartes","embeddable":true,"href":"https:\/\/www.uartes.edu.ec\/sitio\/wp-json\/wp\/v2\/infouartes?post=2692"}],"curies":[{"name":"wp","href":"https:\/\/api.w.org\/{rel}","templated":true}]}}