{"id":26972,"date":"2022-08-24T13:42:00","date_gmt":"2022-08-24T18:42:00","guid":{"rendered":"http:\/\/www.uartes.edu.ec\/sitio\/?p=26972"},"modified":"2024-07-04T11:23:09","modified_gmt":"2024-07-04T16:23:09","slug":"la-expo-pah-mostro-los-resultados-de-proyectos-y-pppde-los-estudiantes-de-pedagogia-en-artes-y-humanidades","status":"publish","type":"post","link":"https:\/\/www.uartes.edu.ec\/sitio\/blog\/2022\/08\/24\/la-expo-pah-mostro-los-resultados-de-proyectos-y-pppde-los-estudiantes-de-pedagogia-en-artes-y-humanidades\/","title":{"rendered":"La \u201cExpo PAH\u201d mostr\u00f3 los resultados de proyectos y PPP de los estudiantes de Pedagog\u00eda en Artes y Humanidades"},"content":{"rendered":"\n<p>Cuentos narrados en formato kamishibai, presentaci\u00f3n de un libro objeto y de otro interactivo, muestras de dibujos y pinturas de los ni\u00f1os, ni\u00f1as y j\u00f3venes participantes en talleres y cursos, como el Petropicto (arte de pintar sobre piedras)\u2026 Es martes 23 de agosto y en la Sala R\u00eda de la Biblioteca de las Artes el ambiente es festivo debido a todas las actividades descritas, y m\u00e1s, programadas en la denominada \u201cExpo PAH, rincones art\u00edsticos de aprendizaje\u201d.&nbsp;<\/p>\n\n\n\n<p>El doctor Byron Cevallos, docente y coordinador de la carrera de Pedagog\u00eda en Artes y Humanidades (PAH), que la Universidad de las Artes comparte con la Universidad Nacional de Educaci\u00f3n (UNAE), explica que organizaron la exposici\u00f3n para demostrar los aprendizajes logrados por nuestros estudiantes durante el semestre 2022A.<\/p>\n\n\n\n<p>\u201cEllos hacen pr\u00e1cticas en instituciones o comunidades, donde diagnostican el contexto, problematizan la realidad y proponen un proyecto educativo cuyos resultados ahora muestran. Vemos a chicos haciendo un teatr\u00edn de kamishibai, una estrategia did\u00e1ctica para contar historias propias; otros presentando un libro objeto, logrado de la investigaci\u00f3n de campo y de pr\u00e1cticas desarrolladas; y productos trabajados con ni\u00f1as y ni\u00f1os de una casa hogar. Son varias actividades que relacionan el arte, la did\u00e1ctica, el territorio y la comunidad\u201d, indic\u00f3.<\/p>\n\n\n<div class=\"wp-block-image\">\n<figure class=\"aligncenter size-large\"><img fetchpriority=\"high\" decoding=\"async\" width=\"644\" height=\"362\" src=\"http:\/\/www.uartes.edu.ec\/sitio\/wp-content\/uploads\/2022\/08\/actividades-varias-015-644x362.jpg\" alt=\"\" class=\"wp-image-26980\" srcset=\"https:\/\/www.uartes.edu.ec\/sitio\/wp-content\/uploads\/2022\/08\/actividades-varias-015-644x362.jpg 644w, https:\/\/www.uartes.edu.ec\/sitio\/wp-content\/uploads\/2022\/08\/actividades-varias-015-768x432.jpg 768w, https:\/\/www.uartes.edu.ec\/sitio\/wp-content\/uploads\/2022\/08\/actividades-varias-015-600x337.jpg 600w\" sizes=\"(max-width: 644px) 100vw, 644px\" \/><\/figure>\n<\/div>\n\n\n<p>Cevallos agreg\u00f3 que el proceso se inicia con el acercamiento a instituciones y comunidades. En esta ocasi\u00f3n, y en espec\u00edfico, con la Unidad Educativa Los Vergeles, cuyos estudiantes, profesores y autoridades asistieron a la \u201cExpo PAH\u201d. \u201cSe hace un diagn\u00f3stico e interacci\u00f3n para investigar y ver las actividades que pueden proponer. Dise\u00f1an luego un proyecto \u2013parte de la materia Laboratorio con la Comunidad\u2013, con el acompa\u00f1amiento docente. Es investigaci\u00f3n educativa aplicada que da como resultado productos como los que tenemos en esta muestra\u201d, dijo. &nbsp;<\/p>\n\n\n\n<p>La jornada se inici\u00f3 a las 10:00 y concluy\u00f3 a las 17:00.&nbsp;Junto con Cevallos, otros docentes UArtes acompa\u00f1aron a sus estudiantes de PAH. Entre ellos, Pedro Mujica, Juan Jos\u00e9 Rocha, Janina Su\u00e1rez y Jorge Tigrero, quien coment\u00f3 que sus alumnos de cuarto y sexto ciclo desarrollaron talleres en una escuela de Isla Trinitaria. \u201cDieron clases como parte de la asignatura Educaci\u00f3n y Art\u00edstica, afianzando as\u00ed el proyecto de v\u00ednculo con la comunidad denominado Barrio Acogiente (propuesta que lidera Su\u00e1rez).&nbsp;Los de sexto, en cambio, dieron talleres presenciales y virtuales en la R\u00eda\u201d.<\/p>\n\n\n\n<p>Pedro Mujica, por su parte, cont\u00f3 que sus alumnos de cuarto semestre (materia Laboratorio Interdisciplinario) presentaron propuestas interdisciplinarias enmarcadas en el m\u00e9todo kamishibai y t\u00edteres. Tres historias que resultaron en peque\u00f1as piezas teatrales. Se unieron tambi\u00e9n las PPP de los alumnos de sexto semestre, asignatura Taller en la comunidad, en la Unidad Educativa Los Vergeles, donde hicieron igualmente kamishibai y lectura de peque\u00f1as formas narrativas propias (formato limericks).&nbsp;<\/p>\n\n\n<div class=\"wp-block-image\">\n<figure class=\"aligncenter size-large\"><img decoding=\"async\" width=\"644\" height=\"362\" src=\"http:\/\/www.uartes.edu.ec\/sitio\/wp-content\/uploads\/2022\/08\/actividades-varias-021-644x362.jpg\" alt=\"\" class=\"wp-image-26974\" srcset=\"https:\/\/www.uartes.edu.ec\/sitio\/wp-content\/uploads\/2022\/08\/actividades-varias-021-644x362.jpg 644w, https:\/\/www.uartes.edu.ec\/sitio\/wp-content\/uploads\/2022\/08\/actividades-varias-021-768x432.jpg 768w, https:\/\/www.uartes.edu.ec\/sitio\/wp-content\/uploads\/2022\/08\/actividades-varias-021-600x337.jpg 600w\" sizes=\"(max-width: 644px) 100vw, 644px\" \/><\/figure>\n<\/div>\n\n<div class=\"wp-block-image\">\n<figure class=\"aligncenter size-large\"><img decoding=\"async\" width=\"644\" height=\"362\" src=\"http:\/\/www.uartes.edu.ec\/sitio\/wp-content\/uploads\/2022\/08\/actividades-varias-023-644x362.jpg\" alt=\"\" class=\"wp-image-26981\" srcset=\"https:\/\/www.uartes.edu.ec\/sitio\/wp-content\/uploads\/2022\/08\/actividades-varias-023-644x362.jpg 644w, https:\/\/www.uartes.edu.ec\/sitio\/wp-content\/uploads\/2022\/08\/actividades-varias-023-768x432.jpg 768w, https:\/\/www.uartes.edu.ec\/sitio\/wp-content\/uploads\/2022\/08\/actividades-varias-023-600x337.jpg 600w\" sizes=\"(max-width: 644px) 100vw, 644px\" \/><\/figure>\n<\/div>\n\n\n<p>De Vinculaci\u00f3n con la Sociedad, en la \u201cExpo PAH\u201d estuvieron Mar\u00eda Jos\u00e9 Icaza, su directora, y Patricio S\u00e1nchez; y de Educaci\u00f3n Continua, Gilda S\u00e1nchez, quien se\u00f1al\u00f3 que la muestra agrupaba los diferentes proyectos desarrollados, en espec\u00edfico, en el fortalecimiento de la educaci\u00f3n art\u00edstica en instituciones educativas (fase 2) y casas comunitarias de las artes. \u201cEs un trabajo conjunto porque el proyecto \u2013enmarcado en las pr\u00e1cticas de servicio comunitario\u2013 est\u00e1 dentro de Formaci\u00f3n Continua, en Vinculaci\u00f3n con la Sociedad\u201d.&nbsp;<\/p>\n\n\n\n<p>S\u00e1nchez refiri\u00f3 que, as\u00ed como la Unidad Educativa Los Vergeles, trabajaron tambi\u00e9n con ni\u00f1os de una casa hogar. \u201cLa funci\u00f3n sustantiva de Vinculaci\u00f3n con la Sociedad, que manejan las universidades y est\u00e1 establecido en el Reglamento de R\u00e9gimen Acad\u00e9mico, es Educaci\u00f3n Continua, que son los cursos y talleres y toda la formaci\u00f3n del p\u00fablico que no estudia en la universidad, pero se prepara en sus \u00e1mbitos. En este caso, los estudiantes recibieron talleres de limericks (creaci\u00f3n literaria, combinada con t\u00e9cnicas de pintura, edici\u00f3n de libros y kamishibai) y edici\u00f3n de video. Han recibido un proceso formativo, espec\u00edficamente trabajando en comunidad, con ni\u00f1ez y adolescencia, un grupo de atenci\u00f3n prioritario\u201d. &nbsp;<\/p>\n\n\n\n<p>Agreg\u00f3 que los estudiantes de PAH han sido mediadores dentro de las pr\u00e1cticas, puesto que tambi\u00e9n intervenieron en el proceso alumnos de otras carreras en actividades interdisciplinarias. As\u00ed, por ejemplo, en el taller de edici\u00f3n de video contaron con el apoyo de los estudiantes de cine o producci\u00f3n musical.<\/p>\n\n\n<div class=\"wp-block-image\">\n<figure class=\"aligncenter size-large\"><img loading=\"lazy\" decoding=\"async\" width=\"644\" height=\"362\" src=\"http:\/\/www.uartes.edu.ec\/sitio\/wp-content\/uploads\/2022\/08\/actividades-varias-025-644x362.jpg\" alt=\"\" class=\"wp-image-26975\" srcset=\"https:\/\/www.uartes.edu.ec\/sitio\/wp-content\/uploads\/2022\/08\/actividades-varias-025-644x362.jpg 644w, https:\/\/www.uartes.edu.ec\/sitio\/wp-content\/uploads\/2022\/08\/actividades-varias-025-768x432.jpg 768w, https:\/\/www.uartes.edu.ec\/sitio\/wp-content\/uploads\/2022\/08\/actividades-varias-025-600x337.jpg 600w\" sizes=\"(max-width: 644px) 100vw, 644px\" \/><\/figure>\n<\/div>\n\n<div class=\"wp-block-image\">\n<figure class=\"aligncenter size-large\"><img loading=\"lazy\" decoding=\"async\" width=\"644\" height=\"362\" src=\"http:\/\/www.uartes.edu.ec\/sitio\/wp-content\/uploads\/2022\/08\/actividades-varias-031-644x362.jpg\" alt=\"\" class=\"wp-image-26976\" srcset=\"https:\/\/www.uartes.edu.ec\/sitio\/wp-content\/uploads\/2022\/08\/actividades-varias-031-644x362.jpg 644w, https:\/\/www.uartes.edu.ec\/sitio\/wp-content\/uploads\/2022\/08\/actividades-varias-031-768x432.jpg 768w, https:\/\/www.uartes.edu.ec\/sitio\/wp-content\/uploads\/2022\/08\/actividades-varias-031-600x337.jpg 600w\" sizes=\"(max-width: 644px) 100vw, 644px\" \/><\/figure>\n<\/div>\n\n\n<p>Agradecido por el contacto que hizo la UArtes con la Unidad Educativa Los Vergeles se manifest\u00f3 su rector, el mag\u00edster Kl\u00e9ber Zapata, quien refiri\u00f3 que tras dos a\u00f1os de pandemia y confinamiento no sab\u00edan qu\u00e9 actividad adicional realizar con sus alumnos en el retorno a las aulas. \u201cLa Direcci\u00f3n Distrital vio con muy buenos ojos este relacionamiento y suscribimos un convenio. Los resultados son excelentes, nos nutrimos todos y nos sentimos beneficiados del gran arte que desarrollan\u201d.&nbsp;<\/p>\n\n\n\n<p>En un recorrido por la \u201cExpo PAH\u201d, en uno de los varios espacios acondicionados para la muestra estaba Ismael Mata, de cuarto semestre de la carrera, quien trabaj\u00f3 \u201cPictogramas\u201d con ni\u00f1os de segundo grado de la escuela Dr. Higinio Malave. Lo hizo, dijo, porque not\u00f3 les faltaba empat\u00eda. Mediante esta metodolog\u00eda de ense\u00f1anza, que utiliza dibujos simples sin necesidad de textos explicativos, los incentiv\u00f3 a expresarse y crear un ambiente m\u00e1s armonioso entre ellos. &nbsp;<\/p>\n\n\n\n<p>Otro grupo que trabaj\u00f3 con los ni\u00f1os del mismo plantel brind\u00f3 talleres transversales de artes y DDHH, pues se realizaron dibujos totalmente libres, a fin de que pudieran expresarse e identificarse; aprendieron jugando a desarrollar su creatividad. &nbsp;<\/p>\n\n\n\n<p>Valeria Quintu\u00f1a, Diego Paguay, Gabriela Mej\u00eda y Remigio M\u00e9ndez, por su parte, trabajaron en un libro objeto que retrata la realidad de la educaci\u00f3n en el pa\u00eds. El proyecto RACA, como lo denominaron y significa: Ruta Art\u00edstica, Cultural y Ambiental, se desarroll\u00f3 en Engabao. Coincidieron en haber escogido esa zona costera por estar dedicada a la pesca, lo cual, en cierto sentido, afecta a la educaci\u00f3n. \u201cLas encuestas que realizamos revelaron que existe deserci\u00f3n escolar, pues los padres no presionan a sus hijos a estudiar y ellos optan por el trabajo\u201d, expres\u00f3 Paguay. A\u00f1adi\u00f3 que con los&nbsp;ni\u00f1os hicieron talleres de t\u00edteres y trabajaron m\u00e1scaras, enfocando el tema de la interculturalidad, entre otras actividades que plasmaron en la obra expuesta.&nbsp;<\/p>\n\n\n<div class=\"wp-block-image\">\n<figure class=\"aligncenter size-large\"><img loading=\"lazy\" decoding=\"async\" width=\"644\" height=\"362\" src=\"http:\/\/www.uartes.edu.ec\/sitio\/wp-content\/uploads\/2022\/08\/actividades-varias-033-644x362.jpg\" alt=\"\" class=\"wp-image-26977\" srcset=\"https:\/\/www.uartes.edu.ec\/sitio\/wp-content\/uploads\/2022\/08\/actividades-varias-033-644x362.jpg 644w, https:\/\/www.uartes.edu.ec\/sitio\/wp-content\/uploads\/2022\/08\/actividades-varias-033-768x432.jpg 768w, https:\/\/www.uartes.edu.ec\/sitio\/wp-content\/uploads\/2022\/08\/actividades-varias-033-600x337.jpg 600w\" sizes=\"(max-width: 644px) 100vw, 644px\" \/><\/figure>\n<\/div>\n\n<div class=\"wp-block-image\">\n<figure class=\"aligncenter size-large\"><img loading=\"lazy\" decoding=\"async\" width=\"644\" height=\"362\" src=\"http:\/\/www.uartes.edu.ec\/sitio\/wp-content\/uploads\/2022\/08\/actividades-varias-040-644x362.jpg\" alt=\"\" class=\"wp-image-26978\" srcset=\"https:\/\/www.uartes.edu.ec\/sitio\/wp-content\/uploads\/2022\/08\/actividades-varias-040-644x362.jpg 644w, https:\/\/www.uartes.edu.ec\/sitio\/wp-content\/uploads\/2022\/08\/actividades-varias-040-768x432.jpg 768w, https:\/\/www.uartes.edu.ec\/sitio\/wp-content\/uploads\/2022\/08\/actividades-varias-040-600x337.jpg 600w\" sizes=\"(max-width: 644px) 100vw, 644px\" \/><\/figure>\n<\/div>\n\n\n<p>Samantha Collago, Luc\u00eda Pacheco y J\u00e9ssica Bonilla, quienes est\u00e1n s\u00e9ptimo de PAH, igualmente trabajaron un libro interdisciplinario y de contenido interactivo que recoge un cuento que incentiva al cuidado del medioambiente. Lo hicieron con ni\u00f1os de una casa hogar, con quienes desarrollaron dibujos y pinturas de diferentes texturas, y crearon personajes tridimensionales.&nbsp;<\/p>\n\n\n\n<p>Cercanas a ellas estaban Lisbeth Ortiz y Valeria Lazo, con ReactiArte, una muestra en la que dieron a conocer los varios talleres presenciales y virtuales realizados en la R\u00eda, como Cuenta cuentos, Autorretrato, Ruleta de leyendas y t\u00edteres.&nbsp;Luis Jim\u00e9nez, Lisbeth Cordero y Frank Casta\u00f1o presentaron los resultados del taller Petropicto, un arte antiguo que les permiti\u00f3 comunicarse mediante la pintura de piedras. Lo realizaron con ni\u00f1os de 5 a\u00f1os en adelante.&nbsp;<\/p>\n\n\n\n<p>Mary Tenesaca, Eli\u00e1n Maculima y Braulio Ochoa estuvieron presentes en la \u201cExpo PAH\u201d con una recopilaci\u00f3n de fotograf\u00edas de los talleres presenciales y virtuales que dictaron a ni\u00f1os de 10 a 12 a\u00f1os. Origami (aplicado para incentivar la lectura), collage art\u00edstico, autorretratos, mural de colores, hilo rama, d\u00e1ctilo paint, natucreaci\u00f3n, cartorretrato, cubigrano y sonido de colores fueron parte de los proyectos que pusieron en marcha.<\/p>\n\n\n\n<p>En la imagen principal, el doctor Byron Cevallos, docente y coordinador de la carrera de Pedagog\u00eda en Artes y Humanidades, en la presentaci\u00f3n de la &#8220;Expo PAH&#8221;, en la Sala R\u00eda. En la segunda imagen, Gilda S\u00e1nchez, Mar\u00eda Jos\u00e9 Icaza, Ana Mar\u00eda Gonz\u00e1lez, directora de la Sala R\u00eda, y Pedro Mujica. Las fotos siguientes corresponden a varios productos que expusieron los estudiantes de la carrera. <\/p>\n","protected":false},"excerpt":{"rendered":"<p>Cuentos narrados en formato kamishibai, presentaci\u00f3n de un libro objeto y de otro interactivo, muestras de dibujos y pinturas de ni\u00f1os y j\u00f3venes participantes en talleres y cursos\u2026 Es martes 23 de agosto y en la Sala R\u00eda el ambiente es festivo por la \u201cExpo PAH, rincones art\u00edsticos de aprendizaje\u201d, que recoge los resultados de los proyectos y PPP de los estudiantes de Pedagog\u00eda en Artes y Humanidades.<\/p>\n","protected":false},"author":10,"featured_media":26973,"comment_status":"open","ping_status":"open","sticky":false,"template":"","format":"standard","meta":{"_acf_changed":false,"_uag_custom_page_level_css":"","_monsterinsights_skip_tracking":false,"_monsterinsights_sitenote_active":false,"_monsterinsights_sitenote_note":"","_monsterinsights_sitenote_category":0,"cybocfi_hide_featured_image":"","footnotes":""},"categories":[722,80,82,75,76,284,79],"tags":[517,229],"infouartes":[],"class_list":["post-26972","post","type-post","status-publish","format-standard","has-post-thumbnail","hentry","category-1f","category-academico","category-artes","category-docentes","category-estudiantes","category-investigacion","category-vinculo","tag-exposicion","tag-pedagogia-de-las-artes-y-humanidades"],"acf":[],"yoast_head":"<!-- This site is optimized with the Yoast SEO plugin v27.4 - https:\/\/yoast.com\/product\/yoast-seo-wordpress\/ -->\n<title>Universidad de las Artes - La \u201cExpo PAH\u201d mostr\u00f3 los resultados de proyectos y PPP de los estudiantes de Pedagog\u00eda en Artes y Humanidades<\/title>\n<meta name=\"description\" content=\"Universidad de las Artes - La \u201cExpo PAH\u201d mostr\u00f3 los resultados de proyectos y PPP de los estudiantes de Pedagog\u00eda en Artes y Humanidades\" \/>\n<meta name=\"robots\" content=\"index, follow, max-snippet:-1, max-image-preview:large, max-video-preview:-1\" \/>\n<link rel=\"canonical\" href=\"https:\/\/www.uartes.edu.ec\/sitio\/blog\/2022\/08\/24\/la-expo-pah-mostro-los-resultados-de-proyectos-y-pppde-los-estudiantes-de-pedagogia-en-artes-y-humanidades\/\" \/>\n<meta property=\"og:locale\" content=\"es_ES\" \/>\n<meta property=\"og:type\" content=\"article\" \/>\n<meta property=\"og:title\" content=\"Universidad de las Artes - La \u201cExpo PAH\u201d mostr\u00f3 los resultados de proyectos y PPP de los estudiantes de Pedagog\u00eda en Artes y Humanidades\" \/>\n<meta property=\"og:description\" content=\"Universidad de las Artes - La \u201cExpo PAH\u201d mostr\u00f3 los resultados de proyectos y PPP de los estudiantes de Pedagog\u00eda en Artes y Humanidades\" \/>\n<meta property=\"og:url\" content=\"https:\/\/www.uartes.edu.ec\/sitio\/blog\/2022\/08\/24\/la-expo-pah-mostro-los-resultados-de-proyectos-y-pppde-los-estudiantes-de-pedagogia-en-artes-y-humanidades\/\" \/>\n<meta property=\"og:site_name\" content=\"Universidad de las Artes\" \/>\n<meta property=\"article:publisher\" content=\"https:\/\/www.facebook.com\/uartesec\" \/>\n<meta property=\"article:published_time\" content=\"2022-08-24T18:42:00+00:00\" \/>\n<meta property=\"article:modified_time\" content=\"2024-07-04T16:23:09+00:00\" \/>\n<meta property=\"og:image\" content=\"https:\/\/www.uartes.edu.ec\/sitio\/wp-content\/uploads\/2022\/08\/actividades-varias-017-scaled.jpg\" \/>\n\t<meta property=\"og:image:width\" content=\"2560\" \/>\n\t<meta property=\"og:image:height\" content=\"1440\" \/>\n\t<meta property=\"og:image:type\" content=\"image\/jpeg\" \/>\n<meta name=\"author\" content=\"ccortez\" \/>\n<meta name=\"twitter:card\" content=\"summary_large_image\" \/>\n<meta name=\"twitter:creator\" content=\"@uartesec\" \/>\n<meta name=\"twitter:site\" content=\"@uartesec\" \/>\n<meta name=\"twitter:label1\" content=\"Escrito por\" \/>\n\t<meta name=\"twitter:data1\" content=\"ccortez\" \/>\n\t<meta name=\"twitter:label2\" content=\"Tiempo de lectura\" \/>\n\t<meta name=\"twitter:data2\" content=\"8 minutos\" \/>\n<script type=\"application\/ld+json\" class=\"yoast-schema-graph\">{\"@context\":\"https:\\\/\\\/schema.org\",\"@graph\":[{\"@type\":\"Article\",\"@id\":\"https:\\\/\\\/www.uartes.edu.ec\\\/sitio\\\/blog\\\/2022\\\/08\\\/24\\\/la-expo-pah-mostro-los-resultados-de-proyectos-y-pppde-los-estudiantes-de-pedagogia-en-artes-y-humanidades\\\/#article\",\"isPartOf\":{\"@id\":\"https:\\\/\\\/www.uartes.edu.ec\\\/sitio\\\/blog\\\/2022\\\/08\\\/24\\\/la-expo-pah-mostro-los-resultados-de-proyectos-y-pppde-los-estudiantes-de-pedagogia-en-artes-y-humanidades\\\/\"},\"author\":{\"name\":\"ccortez\",\"@id\":\"https:\\\/\\\/www.uartes.edu.ec\\\/sitio\\\/#\\\/schema\\\/person\\\/efa1b8275797664fd7f13a79ccc0b1f4\"},\"headline\":\"La \u201cExpo PAH\u201d mostr\u00f3 los resultados de proyectos y PPP de los estudiantes de Pedagog\u00eda en Artes y Humanidades\",\"datePublished\":\"2022-08-24T18:42:00+00:00\",\"dateModified\":\"2024-07-04T16:23:09+00:00\",\"mainEntityOfPage\":{\"@id\":\"https:\\\/\\\/www.uartes.edu.ec\\\/sitio\\\/blog\\\/2022\\\/08\\\/24\\\/la-expo-pah-mostro-los-resultados-de-proyectos-y-pppde-los-estudiantes-de-pedagogia-en-artes-y-humanidades\\\/\"},\"wordCount\":1394,\"commentCount\":0,\"publisher\":{\"@id\":\"https:\\\/\\\/www.uartes.edu.ec\\\/sitio\\\/#organization\"},\"image\":{\"@id\":\"https:\\\/\\\/www.uartes.edu.ec\\\/sitio\\\/blog\\\/2022\\\/08\\\/24\\\/la-expo-pah-mostro-los-resultados-de-proyectos-y-pppde-los-estudiantes-de-pedagogia-en-artes-y-humanidades\\\/#primaryimage\"},\"thumbnailUrl\":\"https:\\\/\\\/www.uartes.edu.ec\\\/sitio\\\/wp-content\\\/uploads\\\/2022\\\/08\\\/actividades-varias-017-scaled.jpg\",\"keywords\":[\"exposici\u00f3n\",\"Pedagog\u00eda de las Artes y Humanidades\"],\"articleSection\":[\"1F\",\"Acad\u00e9mico\",\"Artes\",\"Docentes\",\"Estudiantes\",\"Investigaci\u00f3n\",\"V\u00ednculo\"],\"inLanguage\":\"es\",\"potentialAction\":[{\"@type\":\"CommentAction\",\"name\":\"Comment\",\"target\":[\"https:\\\/\\\/www.uartes.edu.ec\\\/sitio\\\/blog\\\/2022\\\/08\\\/24\\\/la-expo-pah-mostro-los-resultados-de-proyectos-y-pppde-los-estudiantes-de-pedagogia-en-artes-y-humanidades\\\/#respond\"]}]},{\"@type\":[\"WebPage\",\"ItemPage\"],\"@id\":\"https:\\\/\\\/www.uartes.edu.ec\\\/sitio\\\/blog\\\/2022\\\/08\\\/24\\\/la-expo-pah-mostro-los-resultados-de-proyectos-y-pppde-los-estudiantes-de-pedagogia-en-artes-y-humanidades\\\/\",\"url\":\"https:\\\/\\\/www.uartes.edu.ec\\\/sitio\\\/blog\\\/2022\\\/08\\\/24\\\/la-expo-pah-mostro-los-resultados-de-proyectos-y-pppde-los-estudiantes-de-pedagogia-en-artes-y-humanidades\\\/\",\"name\":\"Universidad de las Artes - La \u201cExpo PAH\u201d mostr\u00f3 los resultados de proyectos y PPP de los estudiantes de Pedagog\u00eda en Artes y Humanidades\",\"isPartOf\":{\"@id\":\"https:\\\/\\\/www.uartes.edu.ec\\\/sitio\\\/#website\"},\"primaryImageOfPage\":{\"@id\":\"https:\\\/\\\/www.uartes.edu.ec\\\/sitio\\\/blog\\\/2022\\\/08\\\/24\\\/la-expo-pah-mostro-los-resultados-de-proyectos-y-pppde-los-estudiantes-de-pedagogia-en-artes-y-humanidades\\\/#primaryimage\"},\"image\":{\"@id\":\"https:\\\/\\\/www.uartes.edu.ec\\\/sitio\\\/blog\\\/2022\\\/08\\\/24\\\/la-expo-pah-mostro-los-resultados-de-proyectos-y-pppde-los-estudiantes-de-pedagogia-en-artes-y-humanidades\\\/#primaryimage\"},\"thumbnailUrl\":\"https:\\\/\\\/www.uartes.edu.ec\\\/sitio\\\/wp-content\\\/uploads\\\/2022\\\/08\\\/actividades-varias-017-scaled.jpg\",\"datePublished\":\"2022-08-24T18:42:00+00:00\",\"dateModified\":\"2024-07-04T16:23:09+00:00\",\"description\":\"Universidad de las Artes - La \u201cExpo PAH\u201d mostr\u00f3 los resultados de proyectos y PPP de los estudiantes de Pedagog\u00eda en Artes y Humanidades\",\"breadcrumb\":{\"@id\":\"https:\\\/\\\/www.uartes.edu.ec\\\/sitio\\\/blog\\\/2022\\\/08\\\/24\\\/la-expo-pah-mostro-los-resultados-de-proyectos-y-pppde-los-estudiantes-de-pedagogia-en-artes-y-humanidades\\\/#breadcrumb\"},\"inLanguage\":\"es\",\"potentialAction\":[{\"@type\":\"ReadAction\",\"target\":[\"https:\\\/\\\/www.uartes.edu.ec\\\/sitio\\\/blog\\\/2022\\\/08\\\/24\\\/la-expo-pah-mostro-los-resultados-de-proyectos-y-pppde-los-estudiantes-de-pedagogia-en-artes-y-humanidades\\\/\"]}]},{\"@type\":\"ImageObject\",\"inLanguage\":\"es\",\"@id\":\"https:\\\/\\\/www.uartes.edu.ec\\\/sitio\\\/blog\\\/2022\\\/08\\\/24\\\/la-expo-pah-mostro-los-resultados-de-proyectos-y-pppde-los-estudiantes-de-pedagogia-en-artes-y-humanidades\\\/#primaryimage\",\"url\":\"https:\\\/\\\/www.uartes.edu.ec\\\/sitio\\\/wp-content\\\/uploads\\\/2022\\\/08\\\/actividades-varias-017-scaled.jpg\",\"contentUrl\":\"https:\\\/\\\/www.uartes.edu.ec\\\/sitio\\\/wp-content\\\/uploads\\\/2022\\\/08\\\/actividades-varias-017-scaled.jpg\",\"width\":2560,\"height\":1440},{\"@type\":\"BreadcrumbList\",\"@id\":\"https:\\\/\\\/www.uartes.edu.ec\\\/sitio\\\/blog\\\/2022\\\/08\\\/24\\\/la-expo-pah-mostro-los-resultados-de-proyectos-y-pppde-los-estudiantes-de-pedagogia-en-artes-y-humanidades\\\/#breadcrumb\",\"itemListElement\":[{\"@type\":\"ListItem\",\"position\":1,\"name\":\"Inicio\",\"item\":\"https:\\\/\\\/www.uartes.edu.ec\\\/sitio\\\/\"},{\"@type\":\"ListItem\",\"position\":2,\"name\":\"La \u201cExpo PAH\u201d mostr\u00f3 los resultados de proyectos y PPP de los estudiantes de Pedagog\u00eda en Artes y Humanidades\"}]},{\"@type\":\"WebSite\",\"@id\":\"https:\\\/\\\/www.uartes.edu.ec\\\/sitio\\\/#website\",\"url\":\"https:\\\/\\\/www.uartes.edu.ec\\\/sitio\\\/\",\"name\":\"Universidad de las Artes\",\"description\":\"Sitio oficial de la Universidad Nacional de las Artes del Ecuador\",\"publisher\":{\"@id\":\"https:\\\/\\\/www.uartes.edu.ec\\\/sitio\\\/#organization\"},\"potentialAction\":[{\"@type\":\"SearchAction\",\"target\":{\"@type\":\"EntryPoint\",\"urlTemplate\":\"https:\\\/\\\/www.uartes.edu.ec\\\/sitio\\\/?s={search_term_string}\"},\"query-input\":{\"@type\":\"PropertyValueSpecification\",\"valueRequired\":true,\"valueName\":\"search_term_string\"}}],\"inLanguage\":\"es\"},{\"@type\":\"Organization\",\"@id\":\"https:\\\/\\\/www.uartes.edu.ec\\\/sitio\\\/#organization\",\"name\":\"Universidad de las Artes\",\"url\":\"https:\\\/\\\/www.uartes.edu.ec\\\/sitio\\\/\",\"logo\":{\"@type\":\"ImageObject\",\"inLanguage\":\"es\",\"@id\":\"https:\\\/\\\/www.uartes.edu.ec\\\/sitio\\\/#\\\/schema\\\/logo\\\/image\\\/\",\"url\":\"https:\\\/\\\/www.uartes.edu.ec\\\/sitio\\\/wp-content\\\/uploads\\\/2022\\\/07\\\/logo-ua-horizontal.png\",\"contentUrl\":\"https:\\\/\\\/www.uartes.edu.ec\\\/sitio\\\/wp-content\\\/uploads\\\/2022\\\/07\\\/logo-ua-horizontal.png\",\"width\":800,\"height\":276,\"caption\":\"Universidad de las Artes\"},\"image\":{\"@id\":\"https:\\\/\\\/www.uartes.edu.ec\\\/sitio\\\/#\\\/schema\\\/logo\\\/image\\\/\"},\"sameAs\":[\"https:\\\/\\\/www.facebook.com\\\/uartesec\",\"https:\\\/\\\/x.com\\\/uartesec\",\"https:\\\/\\\/www.tiktok.com\\\/@uartesec\"]},{\"@type\":\"Person\",\"@id\":\"https:\\\/\\\/www.uartes.edu.ec\\\/sitio\\\/#\\\/schema\\\/person\\\/efa1b8275797664fd7f13a79ccc0b1f4\",\"name\":\"ccortez\",\"image\":{\"@type\":\"ImageObject\",\"inLanguage\":\"es\",\"@id\":\"https:\\\/\\\/secure.gravatar.com\\\/avatar\\\/b2a6f664a3ae8e074346ef91775736c5ec479e637ecced6842de9dc98b5da9cd?s=96&d=mm&r=g\",\"url\":\"https:\\\/\\\/secure.gravatar.com\\\/avatar\\\/b2a6f664a3ae8e074346ef91775736c5ec479e637ecced6842de9dc98b5da9cd?s=96&d=mm&r=g\",\"contentUrl\":\"https:\\\/\\\/secure.gravatar.com\\\/avatar\\\/b2a6f664a3ae8e074346ef91775736c5ec479e637ecced6842de9dc98b5da9cd?s=96&d=mm&r=g\",\"caption\":\"ccortez\"},\"url\":\"https:\\\/\\\/www.uartes.edu.ec\\\/sitio\\\/blog\\\/author\\\/ccortez\\\/\"}]}<\/script>\n<!-- \/ Yoast SEO plugin. -->","yoast_head_json":{"title":"Universidad de las Artes - La \u201cExpo PAH\u201d mostr\u00f3 los resultados de proyectos y PPP de los estudiantes de Pedagog\u00eda en Artes y Humanidades","description":"Universidad de las Artes - La \u201cExpo PAH\u201d mostr\u00f3 los resultados de proyectos y PPP de los estudiantes de Pedagog\u00eda en Artes y Humanidades","robots":{"index":"index","follow":"follow","max-snippet":"max-snippet:-1","max-image-preview":"max-image-preview:large","max-video-preview":"max-video-preview:-1"},"canonical":"https:\/\/www.uartes.edu.ec\/sitio\/blog\/2022\/08\/24\/la-expo-pah-mostro-los-resultados-de-proyectos-y-pppde-los-estudiantes-de-pedagogia-en-artes-y-humanidades\/","og_locale":"es_ES","og_type":"article","og_title":"Universidad de las Artes - La \u201cExpo PAH\u201d mostr\u00f3 los resultados de proyectos y PPP de los estudiantes de Pedagog\u00eda en Artes y Humanidades","og_description":"Universidad de las Artes - La \u201cExpo PAH\u201d mostr\u00f3 los resultados de proyectos y PPP de los estudiantes de Pedagog\u00eda en Artes y Humanidades","og_url":"https:\/\/www.uartes.edu.ec\/sitio\/blog\/2022\/08\/24\/la-expo-pah-mostro-los-resultados-de-proyectos-y-pppde-los-estudiantes-de-pedagogia-en-artes-y-humanidades\/","og_site_name":"Universidad de las Artes","article_publisher":"https:\/\/www.facebook.com\/uartesec","article_published_time":"2022-08-24T18:42:00+00:00","article_modified_time":"2024-07-04T16:23:09+00:00","og_image":[{"width":2560,"height":1440,"url":"https:\/\/www.uartes.edu.ec\/sitio\/wp-content\/uploads\/2022\/08\/actividades-varias-017-scaled.jpg","type":"image\/jpeg"}],"author":"ccortez","twitter_card":"summary_large_image","twitter_creator":"@uartesec","twitter_site":"@uartesec","twitter_misc":{"Escrito por":"ccortez","Tiempo de lectura":"8 minutos"},"schema":{"@context":"https:\/\/schema.org","@graph":[{"@type":"Article","@id":"https:\/\/www.uartes.edu.ec\/sitio\/blog\/2022\/08\/24\/la-expo-pah-mostro-los-resultados-de-proyectos-y-pppde-los-estudiantes-de-pedagogia-en-artes-y-humanidades\/#article","isPartOf":{"@id":"https:\/\/www.uartes.edu.ec\/sitio\/blog\/2022\/08\/24\/la-expo-pah-mostro-los-resultados-de-proyectos-y-pppde-los-estudiantes-de-pedagogia-en-artes-y-humanidades\/"},"author":{"name":"ccortez","@id":"https:\/\/www.uartes.edu.ec\/sitio\/#\/schema\/person\/efa1b8275797664fd7f13a79ccc0b1f4"},"headline":"La \u201cExpo PAH\u201d mostr\u00f3 los resultados de proyectos y PPP de los estudiantes de Pedagog\u00eda en Artes y Humanidades","datePublished":"2022-08-24T18:42:00+00:00","dateModified":"2024-07-04T16:23:09+00:00","mainEntityOfPage":{"@id":"https:\/\/www.uartes.edu.ec\/sitio\/blog\/2022\/08\/24\/la-expo-pah-mostro-los-resultados-de-proyectos-y-pppde-los-estudiantes-de-pedagogia-en-artes-y-humanidades\/"},"wordCount":1394,"commentCount":0,"publisher":{"@id":"https:\/\/www.uartes.edu.ec\/sitio\/#organization"},"image":{"@id":"https:\/\/www.uartes.edu.ec\/sitio\/blog\/2022\/08\/24\/la-expo-pah-mostro-los-resultados-de-proyectos-y-pppde-los-estudiantes-de-pedagogia-en-artes-y-humanidades\/#primaryimage"},"thumbnailUrl":"https:\/\/www.uartes.edu.ec\/sitio\/wp-content\/uploads\/2022\/08\/actividades-varias-017-scaled.jpg","keywords":["exposici\u00f3n","Pedagog\u00eda de las Artes y Humanidades"],"articleSection":["1F","Acad\u00e9mico","Artes","Docentes","Estudiantes","Investigaci\u00f3n","V\u00ednculo"],"inLanguage":"es","potentialAction":[{"@type":"CommentAction","name":"Comment","target":["https:\/\/www.uartes.edu.ec\/sitio\/blog\/2022\/08\/24\/la-expo-pah-mostro-los-resultados-de-proyectos-y-pppde-los-estudiantes-de-pedagogia-en-artes-y-humanidades\/#respond"]}]},{"@type":["WebPage","ItemPage"],"@id":"https:\/\/www.uartes.edu.ec\/sitio\/blog\/2022\/08\/24\/la-expo-pah-mostro-los-resultados-de-proyectos-y-pppde-los-estudiantes-de-pedagogia-en-artes-y-humanidades\/","url":"https:\/\/www.uartes.edu.ec\/sitio\/blog\/2022\/08\/24\/la-expo-pah-mostro-los-resultados-de-proyectos-y-pppde-los-estudiantes-de-pedagogia-en-artes-y-humanidades\/","name":"Universidad de las Artes - La \u201cExpo PAH\u201d mostr\u00f3 los resultados de proyectos y PPP de los estudiantes de Pedagog\u00eda en Artes y Humanidades","isPartOf":{"@id":"https:\/\/www.uartes.edu.ec\/sitio\/#website"},"primaryImageOfPage":{"@id":"https:\/\/www.uartes.edu.ec\/sitio\/blog\/2022\/08\/24\/la-expo-pah-mostro-los-resultados-de-proyectos-y-pppde-los-estudiantes-de-pedagogia-en-artes-y-humanidades\/#primaryimage"},"image":{"@id":"https:\/\/www.uartes.edu.ec\/sitio\/blog\/2022\/08\/24\/la-expo-pah-mostro-los-resultados-de-proyectos-y-pppde-los-estudiantes-de-pedagogia-en-artes-y-humanidades\/#primaryimage"},"thumbnailUrl":"https:\/\/www.uartes.edu.ec\/sitio\/wp-content\/uploads\/2022\/08\/actividades-varias-017-scaled.jpg","datePublished":"2022-08-24T18:42:00+00:00","dateModified":"2024-07-04T16:23:09+00:00","description":"Universidad de las Artes - La \u201cExpo PAH\u201d mostr\u00f3 los resultados de proyectos y PPP de los estudiantes de Pedagog\u00eda en Artes y Humanidades","breadcrumb":{"@id":"https:\/\/www.uartes.edu.ec\/sitio\/blog\/2022\/08\/24\/la-expo-pah-mostro-los-resultados-de-proyectos-y-pppde-los-estudiantes-de-pedagogia-en-artes-y-humanidades\/#breadcrumb"},"inLanguage":"es","potentialAction":[{"@type":"ReadAction","target":["https:\/\/www.uartes.edu.ec\/sitio\/blog\/2022\/08\/24\/la-expo-pah-mostro-los-resultados-de-proyectos-y-pppde-los-estudiantes-de-pedagogia-en-artes-y-humanidades\/"]}]},{"@type":"ImageObject","inLanguage":"es","@id":"https:\/\/www.uartes.edu.ec\/sitio\/blog\/2022\/08\/24\/la-expo-pah-mostro-los-resultados-de-proyectos-y-pppde-los-estudiantes-de-pedagogia-en-artes-y-humanidades\/#primaryimage","url":"https:\/\/www.uartes.edu.ec\/sitio\/wp-content\/uploads\/2022\/08\/actividades-varias-017-scaled.jpg","contentUrl":"https:\/\/www.uartes.edu.ec\/sitio\/wp-content\/uploads\/2022\/08\/actividades-varias-017-scaled.jpg","width":2560,"height":1440},{"@type":"BreadcrumbList","@id":"https:\/\/www.uartes.edu.ec\/sitio\/blog\/2022\/08\/24\/la-expo-pah-mostro-los-resultados-de-proyectos-y-pppde-los-estudiantes-de-pedagogia-en-artes-y-humanidades\/#breadcrumb","itemListElement":[{"@type":"ListItem","position":1,"name":"Inicio","item":"https:\/\/www.uartes.edu.ec\/sitio\/"},{"@type":"ListItem","position":2,"name":"La \u201cExpo PAH\u201d mostr\u00f3 los resultados de proyectos y PPP de los estudiantes de Pedagog\u00eda en Artes y Humanidades"}]},{"@type":"WebSite","@id":"https:\/\/www.uartes.edu.ec\/sitio\/#website","url":"https:\/\/www.uartes.edu.ec\/sitio\/","name":"Universidad de las Artes","description":"Sitio oficial de la Universidad Nacional de las Artes del Ecuador","publisher":{"@id":"https:\/\/www.uartes.edu.ec\/sitio\/#organization"},"potentialAction":[{"@type":"SearchAction","target":{"@type":"EntryPoint","urlTemplate":"https:\/\/www.uartes.edu.ec\/sitio\/?s={search_term_string}"},"query-input":{"@type":"PropertyValueSpecification","valueRequired":true,"valueName":"search_term_string"}}],"inLanguage":"es"},{"@type":"Organization","@id":"https:\/\/www.uartes.edu.ec\/sitio\/#organization","name":"Universidad de las Artes","url":"https:\/\/www.uartes.edu.ec\/sitio\/","logo":{"@type":"ImageObject","inLanguage":"es","@id":"https:\/\/www.uartes.edu.ec\/sitio\/#\/schema\/logo\/image\/","url":"https:\/\/www.uartes.edu.ec\/sitio\/wp-content\/uploads\/2022\/07\/logo-ua-horizontal.png","contentUrl":"https:\/\/www.uartes.edu.ec\/sitio\/wp-content\/uploads\/2022\/07\/logo-ua-horizontal.png","width":800,"height":276,"caption":"Universidad de las Artes"},"image":{"@id":"https:\/\/www.uartes.edu.ec\/sitio\/#\/schema\/logo\/image\/"},"sameAs":["https:\/\/www.facebook.com\/uartesec","https:\/\/x.com\/uartesec","https:\/\/www.tiktok.com\/@uartesec"]},{"@type":"Person","@id":"https:\/\/www.uartes.edu.ec\/sitio\/#\/schema\/person\/efa1b8275797664fd7f13a79ccc0b1f4","name":"ccortez","image":{"@type":"ImageObject","inLanguage":"es","@id":"https:\/\/secure.gravatar.com\/avatar\/b2a6f664a3ae8e074346ef91775736c5ec479e637ecced6842de9dc98b5da9cd?s=96&d=mm&r=g","url":"https:\/\/secure.gravatar.com\/avatar\/b2a6f664a3ae8e074346ef91775736c5ec479e637ecced6842de9dc98b5da9cd?s=96&d=mm&r=g","contentUrl":"https:\/\/secure.gravatar.com\/avatar\/b2a6f664a3ae8e074346ef91775736c5ec479e637ecced6842de9dc98b5da9cd?s=96&d=mm&r=g","caption":"ccortez"},"url":"https:\/\/www.uartes.edu.ec\/sitio\/blog\/author\/ccortez\/"}]}},"uagb_featured_image_src":{"full":["https:\/\/www.uartes.edu.ec\/sitio\/wp-content\/uploads\/2022\/08\/actividades-varias-017-scaled.jpg",2560,1440,false],"thumbnail":["https:\/\/www.uartes.edu.ec\/sitio\/wp-content\/uploads\/2022\/08\/actividades-varias-017-150x150.jpg",150,150,true],"medium":["https:\/\/www.uartes.edu.ec\/sitio\/wp-content\/uploads\/2022\/08\/actividades-varias-017-300x169.jpg",300,169,true],"medium_large":["https:\/\/www.uartes.edu.ec\/sitio\/wp-content\/uploads\/2022\/08\/actividades-varias-017-768x432.jpg",768,432,true],"large":["https:\/\/www.uartes.edu.ec\/sitio\/wp-content\/uploads\/2022\/08\/actividades-varias-017-644x362.jpg",644,362,true],"1536x1536":["https:\/\/www.uartes.edu.ec\/sitio\/wp-content\/uploads\/2022\/08\/actividades-varias-017-1536x864.jpg",1536,864,true],"2048x2048":["https:\/\/www.uartes.edu.ec\/sitio\/wp-content\/uploads\/2022\/08\/actividades-varias-017-2048x1152.jpg",2048,1152,true],"trp-custom-language-flag":["https:\/\/www.uartes.edu.ec\/sitio\/wp-content\/uploads\/2022\/08\/actividades-varias-017-scaled.jpg",18,10,false],"htmega_size_585x295":["https:\/\/www.uartes.edu.ec\/sitio\/wp-content\/uploads\/2022\/08\/actividades-varias-017-scaled.jpg",524,295,false],"htmega_size_1170x536":["https:\/\/www.uartes.edu.ec\/sitio\/wp-content\/uploads\/2022\/08\/actividades-varias-017-scaled.jpg",953,536,false],"htmega_size_396x360":["https:\/\/www.uartes.edu.ec\/sitio\/wp-content\/uploads\/2022\/08\/actividades-varias-017-scaled.jpg",396,223,false],"gb-block-post-grid-landscape":["https:\/\/www.uartes.edu.ec\/sitio\/wp-content\/uploads\/2022\/08\/actividades-varias-017-scaled.jpg",600,338,false],"gb-block-post-grid-square":["https:\/\/www.uartes.edu.ec\/sitio\/wp-content\/uploads\/2022\/08\/actividades-varias-017-scaled.jpg",600,338,false],"university-hub-thumb":["https:\/\/www.uartes.edu.ec\/sitio\/wp-content\/uploads\/2022\/08\/actividades-varias-017-400x225.jpg",400,225,true]},"uagb_author_info":{"display_name":"ccortez","author_link":"https:\/\/www.uartes.edu.ec\/sitio\/blog\/author\/ccortez\/"},"uagb_comment_info":0,"uagb_excerpt":"Cuentos narrados en formato kamishibai, presentaci\u00f3n de un libro objeto y de otro interactivo, muestras de dibujos y pinturas de ni\u00f1os y j\u00f3venes participantes en talleres y cursos\u2026 Es martes 23 de agosto y en la Sala R\u00eda el ambiente es festivo por la \u201cExpo PAH, rincones art\u00edsticos de aprendizaje\u201d, que recoge los resultados de&hellip;","featured_image_src":"https:\/\/www.uartes.edu.ec\/sitio\/wp-content\/uploads\/2022\/08\/actividades-varias-017-scaled.jpg","featured_image_src_square":"https:\/\/www.uartes.edu.ec\/sitio\/wp-content\/uploads\/2022\/08\/actividades-varias-017-scaled.jpg","author_info":{"display_name":"ccortez","author_link":"https:\/\/www.uartes.edu.ec\/sitio\/blog\/author\/ccortez\/"},"publishpress_future_workflow_manual_trigger":{"enabledWorkflows":[]},"distributor_meta":false,"distributor_terms":false,"distributor_media":false,"distributor_original_site_name":"Universidad de las Artes","distributor_original_site_url":"https:\/\/www.uartes.edu.ec\/sitio","push-errors":false,"_links":{"self":[{"href":"https:\/\/www.uartes.edu.ec\/sitio\/wp-json\/wp\/v2\/posts\/26972","targetHints":{"allow":["GET"]}}],"collection":[{"href":"https:\/\/www.uartes.edu.ec\/sitio\/wp-json\/wp\/v2\/posts"}],"about":[{"href":"https:\/\/www.uartes.edu.ec\/sitio\/wp-json\/wp\/v2\/types\/post"}],"author":[{"embeddable":true,"href":"https:\/\/www.uartes.edu.ec\/sitio\/wp-json\/wp\/v2\/users\/10"}],"replies":[{"embeddable":true,"href":"https:\/\/www.uartes.edu.ec\/sitio\/wp-json\/wp\/v2\/comments?post=26972"}],"version-history":[{"count":5,"href":"https:\/\/www.uartes.edu.ec\/sitio\/wp-json\/wp\/v2\/posts\/26972\/revisions"}],"predecessor-version":[{"id":26997,"href":"https:\/\/www.uartes.edu.ec\/sitio\/wp-json\/wp\/v2\/posts\/26972\/revisions\/26997"}],"wp:featuredmedia":[{"embeddable":true,"href":"https:\/\/www.uartes.edu.ec\/sitio\/wp-json\/wp\/v2\/media\/26973"}],"wp:attachment":[{"href":"https:\/\/www.uartes.edu.ec\/sitio\/wp-json\/wp\/v2\/media?parent=26972"}],"wp:term":[{"taxonomy":"category","embeddable":true,"href":"https:\/\/www.uartes.edu.ec\/sitio\/wp-json\/wp\/v2\/categories?post=26972"},{"taxonomy":"post_tag","embeddable":true,"href":"https:\/\/www.uartes.edu.ec\/sitio\/wp-json\/wp\/v2\/tags?post=26972"},{"taxonomy":"infouartes","embeddable":true,"href":"https:\/\/www.uartes.edu.ec\/sitio\/wp-json\/wp\/v2\/infouartes?post=26972"}],"curies":[{"name":"wp","href":"https:\/\/api.w.org\/{rel}","templated":true}]}}