{"id":29257,"date":"2022-10-14T04:44:01","date_gmt":"2022-10-14T09:44:01","guid":{"rendered":"http:\/\/www.uartes.edu.ec\/sitio\/?p=29257"},"modified":"2024-07-04T11:22:49","modified_gmt":"2024-07-04T16:22:49","slug":"este-martes-18-arranca-en-el-mz14-el-7mo-encuentroiberoamericano-de-arte-trabajo-y-economia-7eiate-2022","status":"publish","type":"post","link":"https:\/\/www.uartes.edu.ec\/sitio\/blog\/2022\/10\/14\/este-martes-18-arranca-en-el-mz14-el-7mo-encuentroiberoamericano-de-arte-trabajo-y-economia-7eiate-2022\/","title":{"rendered":"Este martes 18 arranca en el MZ14 el 7mo. Encuentro Iberoamericano de Arte, Trabajo y Econom\u00eda (7EIATE)"},"content":{"rendered":"\n<p>Talleres, mesas de di\u00e1logos, acciones art\u00edsticas, caminatas y networking son algunas de las actividades que se desarrollar\u00e1n del 18 al 20 de octubre en el 7mo. Encuentro Iberoamericano de Arte, Trabajo y Econom\u00eda (7EIATE) 2022, coorganizado entre Arte Actual FLACSO (Facultad Latinoamericana de Ciencias Sociales) y la Universidad de las Artes, a trav\u00e9s del Centro de Producci\u00f3n e Innovaci\u00f3n MZ14 y el Instituto Latinoamericano de Investigaci\u00f3n en Artes (ILIA).<\/p>\n\n\n\n<p>La cita iberoamericana tendr\u00e1 lugar en el MZ14, en cuya primera jornada se inaugurar\u00e1 en la Galer\u00eda del CIF (Centro de Investigaci\u00f3n de la Fotograf\u00eda) la muestra \u201cConstruir un nosotrxs\u201d, resultado del gran laboratorio que constituy\u00f3 el Mapeo Cr\u00edtico Colectivo del Centro de Guayaquil que propuso Arte Actual FLACSO y que en coproducci\u00f3n con la UArtes se desarroll\u00f3 en julio pasado.<\/p>\n\n\n\n<p>\u201cPara m\u00ed es un honor presentar la s\u00e9ptima edici\u00f3n del encuentro Construir un nosotrxs, un proceso que he venido acompa\u00f1ando desde el 2011 y que ahora, gracias a una alianza virtuosa entre Arte Actual FLACSO, el Centro de Producci\u00f3n e Innovaci\u00f3n MZ14 y el ILIA de la UArtes, la OEI, la Embajada de Espa\u00f1a, la Universidad San Francisco de Quito y el Colectivo Licuadora Gestora, se realizar\u00e1 por primera vez en estas tierras tropicales\u201d, refiri\u00f3 la doctora Tania Navarrete, directora ejecutiva&nbsp; art\u00edstica del MZ14. &nbsp;<\/p>\n\n\n\n<p>El martes 18, tras la bienvenida musical (a las 09:30) a cargo de la Rondalla Guayaquil y la Rondalla UArtes, la cual debuta en la cita, intervendr\u00e1n nuestro rector, doctor William Herrera, y la doctora Tania Navarrete. Seguidamente, el director de FLACSO sede Ecuador, Felipe Burbano de Lara.<\/p>\n\n\n\n<p>De Arte Actual FLACSO, Paulina Le\u00f3n (Ecuador) hablar\u00e1 de las relaciones entre arte, trabajo y econom\u00eda, una d\u00e9cada de reflexiones y acciones, y el director del ILIA de la UArtes, doctor Pablo Cardoso (Ecuador), de nuestra instituci\u00f3n de educaci\u00f3n superior y su entorno: situar, reconocer, conectar.<\/p>\n\n\n\n<p>Luego de inaugurarse la muestra \u201cConstruir un nosotrxs\u201d, con la participaci\u00f3n de Mar\u00eda Fernanda Troya, de FLACSO, ser\u00e1 Zaida Mux\u00ed, de ETSAB-UPC, quien invite y acompa\u00f1e a los presentes a realizar un recorrido por la exposici\u00f3n.<\/p>\n\n\n\n<p>Navarrete indic\u00f3 que el EIATE, ahora ya en su s\u00e9ptima edici\u00f3n, lleva una d\u00e9cada creando espacios de encuentro y pensamiento, desarrollando herramientas como el \u201cManual de Buenas Pr\u00e1cticas de las Artes Visuales\u201d, con el fin de generar mejores condiciones para el trabajo art\u00edstico e insumos para reflexionar el arte desde los cuidados y las buenas pr\u00e1cticas. \u201cEn esta ocasi\u00f3n, nuestro mantra es Construir un nosotrxs, a trav\u00e9s de tres ejes de reflexi\u00f3n-acci\u00f3n: situarnos, reconocernos y conectarnos\u201d. &nbsp;<\/p>\n\n\n\n<p>En las jornadas del encuentro, agrega Navarrete, tendr\u00e1n presencia destacadas personalidades del mundo cultural, donde los asistentes, adem\u00e1s de su certificado de participaci\u00f3n, podr\u00e1n participar en las mesas de di\u00e1logo, talleres y acciones art\u00edsticas a cargo de invitadxs nacionales e internacionales de destacada trayectoria.<\/p>\n\n\n\n<p>Junto con Cardoso, director del ILIA, Navarrete menciona a Lupe \u00c1lvarez, Alejandra Pinto, Ybelice Brice\u00f1o, Mar\u00eda del Pilar Gavilanes, Gabriela Montalvo, Cristina Vega, Bertha D\u00edaz, Giada Lusardi, Florencio Compte Guerrero, Oswaldo Terreros Herrera, Giulianna Zambrano, Mar\u00eda Auxiliadora Balladares, Gabriel Arroyo, Polet Zapata, Ricardo Bohorquez, Gabriel Flores, entre otros.<\/p>\n\n\n\n<p>Participar\u00e1n y acompa\u00f1ar\u00e1n el proceso las curadoras del encuentro. Junto con Navarrete, Paulina Le\u00f3n,&nbsp;Gabriela Montalvo y Mar\u00eda Fernanda Troya. Adem\u00e1s, las invitadas internacionales Alma Espino (Uruguay), Zaida Mux\u00ed Mart\u00ednez (Argentina) y Victoria P\u00e9rez Royo (Espa\u00f1a).&nbsp;&nbsp;&nbsp;<\/p>\n\n\n\n<p>\u201cEstoy convencida de que este ser\u00e1 un gran encuentro y una gran oportunidad de reflexionar desde la academia, pero tambi\u00e9n volvernos a abrazar, compartir, aprender, disfrutar y vivir con intensidad esta hermosa e intensa ciudad de Guayaquil donde la Universidad de las Artes est\u00e1 situada, pero, sobre todo, seguir afianzando relaciones de colaboraci\u00f3n, confianza y autoestima para construir un nosotrxs que nos traiga mejores d\u00edas al ecosistema cultural creativo ecuatoriano\u201d, anot\u00f3 la doctora Navarrete.&nbsp;<\/p>\n","protected":false},"excerpt":{"rendered":"<p>Durante tres d\u00edas, del 18 al 20 de octubre, la cita iberoamericana que se desarrolla por primera vez en Guayaquil congregar\u00e1 a exponentes nacionales e internacionales en torno a \u201cConstruir un nosotrxs\u201d. Habr\u00e1 talleres, mesas de di\u00e1logos, acciones art\u00edsticas, caminatas y networking, as\u00ed como la inauguraci\u00f3n de una muestra que sustenta la tem\u00e1tica de la propuesta, coorganizada entre Arte Actual FLACSO y la UArtes.<\/p>\n","protected":false},"author":10,"featured_media":29381,"comment_status":"open","ping_status":"open","sticky":false,"template":"","format":"standard","meta":{"_acf_changed":false,"_uag_custom_page_level_css":"","_monsterinsights_skip_tracking":false,"_monsterinsights_sitenote_active":false,"_monsterinsights_sitenote_note":"","_monsterinsights_sitenote_category":0,"cybocfi_hide_featured_image":"","footnotes":""},"categories":[717,80,82,75,76,284,79],"tags":[802],"infouartes":[],"class_list":["post-29257","post","type-post","status-publish","format-standard","has-post-thumbnail","hentry","category-1d","category-academico","category-artes","category-docentes","category-estudiantes","category-investigacion","category-vinculo","tag-encuentro-iberoamericano"],"acf":[],"yoast_head":"<!-- This site is optimized with the Yoast SEO plugin v27.4 - https:\/\/yoast.com\/product\/yoast-seo-wordpress\/ -->\n<title>Universidad de las Artes - Este martes 18 arranca en el MZ14 el 7mo. Encuentro Iberoamericano de Arte, Trabajo y Econom\u00eda (7EIATE)<\/title>\n<meta name=\"description\" content=\"Universidad de las Artes - Este martes 18 arranca en el MZ14 el 7mo. Encuentro Iberoamericano de Arte, Trabajo y Econom\u00eda (7EIATE)\" \/>\n<meta name=\"robots\" content=\"index, follow, max-snippet:-1, max-image-preview:large, max-video-preview:-1\" \/>\n<link rel=\"canonical\" href=\"https:\/\/www.uartes.edu.ec\/sitio\/blog\/2022\/10\/14\/este-martes-18-arranca-en-el-mz14-el-7mo-encuentroiberoamericano-de-arte-trabajo-y-economia-7eiate-2022\/\" \/>\n<meta property=\"og:locale\" content=\"es_ES\" \/>\n<meta property=\"og:type\" content=\"article\" \/>\n<meta property=\"og:title\" content=\"Universidad de las Artes - Este martes 18 arranca en el MZ14 el 7mo. Encuentro Iberoamericano de Arte, Trabajo y Econom\u00eda (7EIATE)\" \/>\n<meta property=\"og:description\" content=\"Universidad de las Artes - Este martes 18 arranca en el MZ14 el 7mo. Encuentro Iberoamericano de Arte, Trabajo y Econom\u00eda (7EIATE)\" \/>\n<meta property=\"og:url\" content=\"https:\/\/www.uartes.edu.ec\/sitio\/blog\/2022\/10\/14\/este-martes-18-arranca-en-el-mz14-el-7mo-encuentroiberoamericano-de-arte-trabajo-y-economia-7eiate-2022\/\" \/>\n<meta property=\"og:site_name\" content=\"Universidad de las Artes\" \/>\n<meta property=\"article:publisher\" content=\"https:\/\/www.facebook.com\/uartesec\" \/>\n<meta property=\"article:published_time\" content=\"2022-10-14T09:44:01+00:00\" \/>\n<meta property=\"article:modified_time\" content=\"2024-07-04T16:22:49+00:00\" \/>\n<meta property=\"og:image\" content=\"https:\/\/www.uartes.edu.ec\/sitio\/wp-content\/uploads\/2022\/10\/CONSTRUIR-UN-NOSOTROS.jpg\" \/>\n\t<meta property=\"og:image:width\" content=\"2000\" \/>\n\t<meta property=\"og:image:height\" content=\"1333\" \/>\n\t<meta property=\"og:image:type\" content=\"image\/jpeg\" \/>\n<meta name=\"author\" content=\"ccortez\" \/>\n<meta name=\"twitter:card\" content=\"summary_large_image\" \/>\n<meta name=\"twitter:creator\" content=\"@uartesec\" \/>\n<meta name=\"twitter:site\" content=\"@uartesec\" \/>\n<meta name=\"twitter:label1\" content=\"Escrito por\" \/>\n\t<meta name=\"twitter:data1\" content=\"ccortez\" \/>\n\t<meta name=\"twitter:label2\" content=\"Tiempo de lectura\" \/>\n\t<meta name=\"twitter:data2\" content=\"3 minutos\" \/>\n<script type=\"application\/ld+json\" class=\"yoast-schema-graph\">{\"@context\":\"https:\\\/\\\/schema.org\",\"@graph\":[{\"@type\":\"Article\",\"@id\":\"https:\\\/\\\/www.uartes.edu.ec\\\/sitio\\\/blog\\\/2022\\\/10\\\/14\\\/este-martes-18-arranca-en-el-mz14-el-7mo-encuentroiberoamericano-de-arte-trabajo-y-economia-7eiate-2022\\\/#article\",\"isPartOf\":{\"@id\":\"https:\\\/\\\/www.uartes.edu.ec\\\/sitio\\\/blog\\\/2022\\\/10\\\/14\\\/este-martes-18-arranca-en-el-mz14-el-7mo-encuentroiberoamericano-de-arte-trabajo-y-economia-7eiate-2022\\\/\"},\"author\":{\"name\":\"ccortez\",\"@id\":\"https:\\\/\\\/www.uartes.edu.ec\\\/sitio\\\/#\\\/schema\\\/person\\\/efa1b8275797664fd7f13a79ccc0b1f4\"},\"headline\":\"Este martes 18 arranca en el MZ14 el 7mo. Encuentro Iberoamericano de Arte, Trabajo y Econom\u00eda (7EIATE)\",\"datePublished\":\"2022-10-14T09:44:01+00:00\",\"dateModified\":\"2024-07-04T16:22:49+00:00\",\"mainEntityOfPage\":{\"@id\":\"https:\\\/\\\/www.uartes.edu.ec\\\/sitio\\\/blog\\\/2022\\\/10\\\/14\\\/este-martes-18-arranca-en-el-mz14-el-7mo-encuentroiberoamericano-de-arte-trabajo-y-economia-7eiate-2022\\\/\"},\"wordCount\":703,\"commentCount\":0,\"publisher\":{\"@id\":\"https:\\\/\\\/www.uartes.edu.ec\\\/sitio\\\/#organization\"},\"image\":{\"@id\":\"https:\\\/\\\/www.uartes.edu.ec\\\/sitio\\\/blog\\\/2022\\\/10\\\/14\\\/este-martes-18-arranca-en-el-mz14-el-7mo-encuentroiberoamericano-de-arte-trabajo-y-economia-7eiate-2022\\\/#primaryimage\"},\"thumbnailUrl\":\"https:\\\/\\\/www.uartes.edu.ec\\\/sitio\\\/wp-content\\\/uploads\\\/2022\\\/10\\\/CONSTRUIR-UN-NOSOTROS.jpg\",\"keywords\":[\"encuentro iberoamericano\"],\"articleSection\":[\"1D\",\"Acad\u00e9mico\",\"Artes\",\"Docentes\",\"Estudiantes\",\"Investigaci\u00f3n\",\"V\u00ednculo\"],\"inLanguage\":\"es\",\"potentialAction\":[{\"@type\":\"CommentAction\",\"name\":\"Comment\",\"target\":[\"https:\\\/\\\/www.uartes.edu.ec\\\/sitio\\\/blog\\\/2022\\\/10\\\/14\\\/este-martes-18-arranca-en-el-mz14-el-7mo-encuentroiberoamericano-de-arte-trabajo-y-economia-7eiate-2022\\\/#respond\"]}]},{\"@type\":[\"WebPage\",\"ItemPage\"],\"@id\":\"https:\\\/\\\/www.uartes.edu.ec\\\/sitio\\\/blog\\\/2022\\\/10\\\/14\\\/este-martes-18-arranca-en-el-mz14-el-7mo-encuentroiberoamericano-de-arte-trabajo-y-economia-7eiate-2022\\\/\",\"url\":\"https:\\\/\\\/www.uartes.edu.ec\\\/sitio\\\/blog\\\/2022\\\/10\\\/14\\\/este-martes-18-arranca-en-el-mz14-el-7mo-encuentroiberoamericano-de-arte-trabajo-y-economia-7eiate-2022\\\/\",\"name\":\"Universidad de las Artes - Este martes 18 arranca en el MZ14 el 7mo. Encuentro Iberoamericano de Arte, Trabajo y Econom\u00eda (7EIATE)\",\"isPartOf\":{\"@id\":\"https:\\\/\\\/www.uartes.edu.ec\\\/sitio\\\/#website\"},\"primaryImageOfPage\":{\"@id\":\"https:\\\/\\\/www.uartes.edu.ec\\\/sitio\\\/blog\\\/2022\\\/10\\\/14\\\/este-martes-18-arranca-en-el-mz14-el-7mo-encuentroiberoamericano-de-arte-trabajo-y-economia-7eiate-2022\\\/#primaryimage\"},\"image\":{\"@id\":\"https:\\\/\\\/www.uartes.edu.ec\\\/sitio\\\/blog\\\/2022\\\/10\\\/14\\\/este-martes-18-arranca-en-el-mz14-el-7mo-encuentroiberoamericano-de-arte-trabajo-y-economia-7eiate-2022\\\/#primaryimage\"},\"thumbnailUrl\":\"https:\\\/\\\/www.uartes.edu.ec\\\/sitio\\\/wp-content\\\/uploads\\\/2022\\\/10\\\/CONSTRUIR-UN-NOSOTROS.jpg\",\"datePublished\":\"2022-10-14T09:44:01+00:00\",\"dateModified\":\"2024-07-04T16:22:49+00:00\",\"description\":\"Universidad de las Artes - Este martes 18 arranca en el MZ14 el 7mo. Encuentro Iberoamericano de Arte, Trabajo y Econom\u00eda (7EIATE)\",\"breadcrumb\":{\"@id\":\"https:\\\/\\\/www.uartes.edu.ec\\\/sitio\\\/blog\\\/2022\\\/10\\\/14\\\/este-martes-18-arranca-en-el-mz14-el-7mo-encuentroiberoamericano-de-arte-trabajo-y-economia-7eiate-2022\\\/#breadcrumb\"},\"inLanguage\":\"es\",\"potentialAction\":[{\"@type\":\"ReadAction\",\"target\":[\"https:\\\/\\\/www.uartes.edu.ec\\\/sitio\\\/blog\\\/2022\\\/10\\\/14\\\/este-martes-18-arranca-en-el-mz14-el-7mo-encuentroiberoamericano-de-arte-trabajo-y-economia-7eiate-2022\\\/\"]}]},{\"@type\":\"ImageObject\",\"inLanguage\":\"es\",\"@id\":\"https:\\\/\\\/www.uartes.edu.ec\\\/sitio\\\/blog\\\/2022\\\/10\\\/14\\\/este-martes-18-arranca-en-el-mz14-el-7mo-encuentroiberoamericano-de-arte-trabajo-y-economia-7eiate-2022\\\/#primaryimage\",\"url\":\"https:\\\/\\\/www.uartes.edu.ec\\\/sitio\\\/wp-content\\\/uploads\\\/2022\\\/10\\\/CONSTRUIR-UN-NOSOTROS.jpg\",\"contentUrl\":\"https:\\\/\\\/www.uartes.edu.ec\\\/sitio\\\/wp-content\\\/uploads\\\/2022\\\/10\\\/CONSTRUIR-UN-NOSOTROS.jpg\",\"width\":2000,\"height\":1333},{\"@type\":\"BreadcrumbList\",\"@id\":\"https:\\\/\\\/www.uartes.edu.ec\\\/sitio\\\/blog\\\/2022\\\/10\\\/14\\\/este-martes-18-arranca-en-el-mz14-el-7mo-encuentroiberoamericano-de-arte-trabajo-y-economia-7eiate-2022\\\/#breadcrumb\",\"itemListElement\":[{\"@type\":\"ListItem\",\"position\":1,\"name\":\"Inicio\",\"item\":\"https:\\\/\\\/www.uartes.edu.ec\\\/sitio\\\/\"},{\"@type\":\"ListItem\",\"position\":2,\"name\":\"Este martes 18 arranca en el MZ14 el 7mo. Encuentro Iberoamericano de Arte, Trabajo y Econom\u00eda (7EIATE)\"}]},{\"@type\":\"WebSite\",\"@id\":\"https:\\\/\\\/www.uartes.edu.ec\\\/sitio\\\/#website\",\"url\":\"https:\\\/\\\/www.uartes.edu.ec\\\/sitio\\\/\",\"name\":\"Universidad de las Artes\",\"description\":\"Sitio oficial de la Universidad Nacional de las Artes del Ecuador\",\"publisher\":{\"@id\":\"https:\\\/\\\/www.uartes.edu.ec\\\/sitio\\\/#organization\"},\"potentialAction\":[{\"@type\":\"SearchAction\",\"target\":{\"@type\":\"EntryPoint\",\"urlTemplate\":\"https:\\\/\\\/www.uartes.edu.ec\\\/sitio\\\/?s={search_term_string}\"},\"query-input\":{\"@type\":\"PropertyValueSpecification\",\"valueRequired\":true,\"valueName\":\"search_term_string\"}}],\"inLanguage\":\"es\"},{\"@type\":\"Organization\",\"@id\":\"https:\\\/\\\/www.uartes.edu.ec\\\/sitio\\\/#organization\",\"name\":\"Universidad de las Artes\",\"url\":\"https:\\\/\\\/www.uartes.edu.ec\\\/sitio\\\/\",\"logo\":{\"@type\":\"ImageObject\",\"inLanguage\":\"es\",\"@id\":\"https:\\\/\\\/www.uartes.edu.ec\\\/sitio\\\/#\\\/schema\\\/logo\\\/image\\\/\",\"url\":\"https:\\\/\\\/www.uartes.edu.ec\\\/sitio\\\/wp-content\\\/uploads\\\/2022\\\/07\\\/logo-ua-horizontal.png\",\"contentUrl\":\"https:\\\/\\\/www.uartes.edu.ec\\\/sitio\\\/wp-content\\\/uploads\\\/2022\\\/07\\\/logo-ua-horizontal.png\",\"width\":800,\"height\":276,\"caption\":\"Universidad de las Artes\"},\"image\":{\"@id\":\"https:\\\/\\\/www.uartes.edu.ec\\\/sitio\\\/#\\\/schema\\\/logo\\\/image\\\/\"},\"sameAs\":[\"https:\\\/\\\/www.facebook.com\\\/uartesec\",\"https:\\\/\\\/x.com\\\/uartesec\",\"https:\\\/\\\/www.tiktok.com\\\/@uartesec\"]},{\"@type\":\"Person\",\"@id\":\"https:\\\/\\\/www.uartes.edu.ec\\\/sitio\\\/#\\\/schema\\\/person\\\/efa1b8275797664fd7f13a79ccc0b1f4\",\"name\":\"ccortez\",\"image\":{\"@type\":\"ImageObject\",\"inLanguage\":\"es\",\"@id\":\"https:\\\/\\\/secure.gravatar.com\\\/avatar\\\/b2a6f664a3ae8e074346ef91775736c5ec479e637ecced6842de9dc98b5da9cd?s=96&d=mm&r=g\",\"url\":\"https:\\\/\\\/secure.gravatar.com\\\/avatar\\\/b2a6f664a3ae8e074346ef91775736c5ec479e637ecced6842de9dc98b5da9cd?s=96&d=mm&r=g\",\"contentUrl\":\"https:\\\/\\\/secure.gravatar.com\\\/avatar\\\/b2a6f664a3ae8e074346ef91775736c5ec479e637ecced6842de9dc98b5da9cd?s=96&d=mm&r=g\",\"caption\":\"ccortez\"},\"url\":\"https:\\\/\\\/www.uartes.edu.ec\\\/sitio\\\/blog\\\/author\\\/ccortez\\\/\"}]}<\/script>\n<!-- \/ Yoast SEO plugin. -->","yoast_head_json":{"title":"Universidad de las Artes - Este martes 18 arranca en el MZ14 el 7mo. Encuentro Iberoamericano de Arte, Trabajo y Econom\u00eda (7EIATE)","description":"Universidad de las Artes - Este martes 18 arranca en el MZ14 el 7mo. Encuentro Iberoamericano de Arte, Trabajo y Econom\u00eda (7EIATE)","robots":{"index":"index","follow":"follow","max-snippet":"max-snippet:-1","max-image-preview":"max-image-preview:large","max-video-preview":"max-video-preview:-1"},"canonical":"https:\/\/www.uartes.edu.ec\/sitio\/blog\/2022\/10\/14\/este-martes-18-arranca-en-el-mz14-el-7mo-encuentroiberoamericano-de-arte-trabajo-y-economia-7eiate-2022\/","og_locale":"es_ES","og_type":"article","og_title":"Universidad de las Artes - Este martes 18 arranca en el MZ14 el 7mo. Encuentro Iberoamericano de Arte, Trabajo y Econom\u00eda (7EIATE)","og_description":"Universidad de las Artes - Este martes 18 arranca en el MZ14 el 7mo. Encuentro Iberoamericano de Arte, Trabajo y Econom\u00eda (7EIATE)","og_url":"https:\/\/www.uartes.edu.ec\/sitio\/blog\/2022\/10\/14\/este-martes-18-arranca-en-el-mz14-el-7mo-encuentroiberoamericano-de-arte-trabajo-y-economia-7eiate-2022\/","og_site_name":"Universidad de las Artes","article_publisher":"https:\/\/www.facebook.com\/uartesec","article_published_time":"2022-10-14T09:44:01+00:00","article_modified_time":"2024-07-04T16:22:49+00:00","og_image":[{"width":2000,"height":1333,"url":"https:\/\/www.uartes.edu.ec\/sitio\/wp-content\/uploads\/2022\/10\/CONSTRUIR-UN-NOSOTROS.jpg","type":"image\/jpeg"}],"author":"ccortez","twitter_card":"summary_large_image","twitter_creator":"@uartesec","twitter_site":"@uartesec","twitter_misc":{"Escrito por":"ccortez","Tiempo de lectura":"3 minutos"},"schema":{"@context":"https:\/\/schema.org","@graph":[{"@type":"Article","@id":"https:\/\/www.uartes.edu.ec\/sitio\/blog\/2022\/10\/14\/este-martes-18-arranca-en-el-mz14-el-7mo-encuentroiberoamericano-de-arte-trabajo-y-economia-7eiate-2022\/#article","isPartOf":{"@id":"https:\/\/www.uartes.edu.ec\/sitio\/blog\/2022\/10\/14\/este-martes-18-arranca-en-el-mz14-el-7mo-encuentroiberoamericano-de-arte-trabajo-y-economia-7eiate-2022\/"},"author":{"name":"ccortez","@id":"https:\/\/www.uartes.edu.ec\/sitio\/#\/schema\/person\/efa1b8275797664fd7f13a79ccc0b1f4"},"headline":"Este martes 18 arranca en el MZ14 el 7mo. Encuentro Iberoamericano de Arte, Trabajo y Econom\u00eda (7EIATE)","datePublished":"2022-10-14T09:44:01+00:00","dateModified":"2024-07-04T16:22:49+00:00","mainEntityOfPage":{"@id":"https:\/\/www.uartes.edu.ec\/sitio\/blog\/2022\/10\/14\/este-martes-18-arranca-en-el-mz14-el-7mo-encuentroiberoamericano-de-arte-trabajo-y-economia-7eiate-2022\/"},"wordCount":703,"commentCount":0,"publisher":{"@id":"https:\/\/www.uartes.edu.ec\/sitio\/#organization"},"image":{"@id":"https:\/\/www.uartes.edu.ec\/sitio\/blog\/2022\/10\/14\/este-martes-18-arranca-en-el-mz14-el-7mo-encuentroiberoamericano-de-arte-trabajo-y-economia-7eiate-2022\/#primaryimage"},"thumbnailUrl":"https:\/\/www.uartes.edu.ec\/sitio\/wp-content\/uploads\/2022\/10\/CONSTRUIR-UN-NOSOTROS.jpg","keywords":["encuentro iberoamericano"],"articleSection":["1D","Acad\u00e9mico","Artes","Docentes","Estudiantes","Investigaci\u00f3n","V\u00ednculo"],"inLanguage":"es","potentialAction":[{"@type":"CommentAction","name":"Comment","target":["https:\/\/www.uartes.edu.ec\/sitio\/blog\/2022\/10\/14\/este-martes-18-arranca-en-el-mz14-el-7mo-encuentroiberoamericano-de-arte-trabajo-y-economia-7eiate-2022\/#respond"]}]},{"@type":["WebPage","ItemPage"],"@id":"https:\/\/www.uartes.edu.ec\/sitio\/blog\/2022\/10\/14\/este-martes-18-arranca-en-el-mz14-el-7mo-encuentroiberoamericano-de-arte-trabajo-y-economia-7eiate-2022\/","url":"https:\/\/www.uartes.edu.ec\/sitio\/blog\/2022\/10\/14\/este-martes-18-arranca-en-el-mz14-el-7mo-encuentroiberoamericano-de-arte-trabajo-y-economia-7eiate-2022\/","name":"Universidad de las Artes - Este martes 18 arranca en el MZ14 el 7mo. Encuentro Iberoamericano de Arte, Trabajo y Econom\u00eda (7EIATE)","isPartOf":{"@id":"https:\/\/www.uartes.edu.ec\/sitio\/#website"},"primaryImageOfPage":{"@id":"https:\/\/www.uartes.edu.ec\/sitio\/blog\/2022\/10\/14\/este-martes-18-arranca-en-el-mz14-el-7mo-encuentroiberoamericano-de-arte-trabajo-y-economia-7eiate-2022\/#primaryimage"},"image":{"@id":"https:\/\/www.uartes.edu.ec\/sitio\/blog\/2022\/10\/14\/este-martes-18-arranca-en-el-mz14-el-7mo-encuentroiberoamericano-de-arte-trabajo-y-economia-7eiate-2022\/#primaryimage"},"thumbnailUrl":"https:\/\/www.uartes.edu.ec\/sitio\/wp-content\/uploads\/2022\/10\/CONSTRUIR-UN-NOSOTROS.jpg","datePublished":"2022-10-14T09:44:01+00:00","dateModified":"2024-07-04T16:22:49+00:00","description":"Universidad de las Artes - Este martes 18 arranca en el MZ14 el 7mo. Encuentro Iberoamericano de Arte, Trabajo y Econom\u00eda (7EIATE)","breadcrumb":{"@id":"https:\/\/www.uartes.edu.ec\/sitio\/blog\/2022\/10\/14\/este-martes-18-arranca-en-el-mz14-el-7mo-encuentroiberoamericano-de-arte-trabajo-y-economia-7eiate-2022\/#breadcrumb"},"inLanguage":"es","potentialAction":[{"@type":"ReadAction","target":["https:\/\/www.uartes.edu.ec\/sitio\/blog\/2022\/10\/14\/este-martes-18-arranca-en-el-mz14-el-7mo-encuentroiberoamericano-de-arte-trabajo-y-economia-7eiate-2022\/"]}]},{"@type":"ImageObject","inLanguage":"es","@id":"https:\/\/www.uartes.edu.ec\/sitio\/blog\/2022\/10\/14\/este-martes-18-arranca-en-el-mz14-el-7mo-encuentroiberoamericano-de-arte-trabajo-y-economia-7eiate-2022\/#primaryimage","url":"https:\/\/www.uartes.edu.ec\/sitio\/wp-content\/uploads\/2022\/10\/CONSTRUIR-UN-NOSOTROS.jpg","contentUrl":"https:\/\/www.uartes.edu.ec\/sitio\/wp-content\/uploads\/2022\/10\/CONSTRUIR-UN-NOSOTROS.jpg","width":2000,"height":1333},{"@type":"BreadcrumbList","@id":"https:\/\/www.uartes.edu.ec\/sitio\/blog\/2022\/10\/14\/este-martes-18-arranca-en-el-mz14-el-7mo-encuentroiberoamericano-de-arte-trabajo-y-economia-7eiate-2022\/#breadcrumb","itemListElement":[{"@type":"ListItem","position":1,"name":"Inicio","item":"https:\/\/www.uartes.edu.ec\/sitio\/"},{"@type":"ListItem","position":2,"name":"Este martes 18 arranca en el MZ14 el 7mo. Encuentro Iberoamericano de Arte, Trabajo y Econom\u00eda (7EIATE)"}]},{"@type":"WebSite","@id":"https:\/\/www.uartes.edu.ec\/sitio\/#website","url":"https:\/\/www.uartes.edu.ec\/sitio\/","name":"Universidad de las Artes","description":"Sitio oficial de la Universidad Nacional de las Artes del Ecuador","publisher":{"@id":"https:\/\/www.uartes.edu.ec\/sitio\/#organization"},"potentialAction":[{"@type":"SearchAction","target":{"@type":"EntryPoint","urlTemplate":"https:\/\/www.uartes.edu.ec\/sitio\/?s={search_term_string}"},"query-input":{"@type":"PropertyValueSpecification","valueRequired":true,"valueName":"search_term_string"}}],"inLanguage":"es"},{"@type":"Organization","@id":"https:\/\/www.uartes.edu.ec\/sitio\/#organization","name":"Universidad de las Artes","url":"https:\/\/www.uartes.edu.ec\/sitio\/","logo":{"@type":"ImageObject","inLanguage":"es","@id":"https:\/\/www.uartes.edu.ec\/sitio\/#\/schema\/logo\/image\/","url":"https:\/\/www.uartes.edu.ec\/sitio\/wp-content\/uploads\/2022\/07\/logo-ua-horizontal.png","contentUrl":"https:\/\/www.uartes.edu.ec\/sitio\/wp-content\/uploads\/2022\/07\/logo-ua-horizontal.png","width":800,"height":276,"caption":"Universidad de las Artes"},"image":{"@id":"https:\/\/www.uartes.edu.ec\/sitio\/#\/schema\/logo\/image\/"},"sameAs":["https:\/\/www.facebook.com\/uartesec","https:\/\/x.com\/uartesec","https:\/\/www.tiktok.com\/@uartesec"]},{"@type":"Person","@id":"https:\/\/www.uartes.edu.ec\/sitio\/#\/schema\/person\/efa1b8275797664fd7f13a79ccc0b1f4","name":"ccortez","image":{"@type":"ImageObject","inLanguage":"es","@id":"https:\/\/secure.gravatar.com\/avatar\/b2a6f664a3ae8e074346ef91775736c5ec479e637ecced6842de9dc98b5da9cd?s=96&d=mm&r=g","url":"https:\/\/secure.gravatar.com\/avatar\/b2a6f664a3ae8e074346ef91775736c5ec479e637ecced6842de9dc98b5da9cd?s=96&d=mm&r=g","contentUrl":"https:\/\/secure.gravatar.com\/avatar\/b2a6f664a3ae8e074346ef91775736c5ec479e637ecced6842de9dc98b5da9cd?s=96&d=mm&r=g","caption":"ccortez"},"url":"https:\/\/www.uartes.edu.ec\/sitio\/blog\/author\/ccortez\/"}]}},"uagb_featured_image_src":{"full":["https:\/\/www.uartes.edu.ec\/sitio\/wp-content\/uploads\/2022\/10\/CONSTRUIR-UN-NOSOTROS.jpg",2000,1333,false],"thumbnail":["https:\/\/www.uartes.edu.ec\/sitio\/wp-content\/uploads\/2022\/10\/CONSTRUIR-UN-NOSOTROS-150x150.jpg",150,150,true],"medium":["https:\/\/www.uartes.edu.ec\/sitio\/wp-content\/uploads\/2022\/10\/CONSTRUIR-UN-NOSOTROS-300x200.jpg",300,200,true],"medium_large":["https:\/\/www.uartes.edu.ec\/sitio\/wp-content\/uploads\/2022\/10\/CONSTRUIR-UN-NOSOTROS-768x512.jpg",768,512,true],"large":["https:\/\/www.uartes.edu.ec\/sitio\/wp-content\/uploads\/2022\/10\/CONSTRUIR-UN-NOSOTROS-644x429.jpg",644,429,true],"1536x1536":["https:\/\/www.uartes.edu.ec\/sitio\/wp-content\/uploads\/2022\/10\/CONSTRUIR-UN-NOSOTROS-1536x1024.jpg",1536,1024,true],"2048x2048":["https:\/\/www.uartes.edu.ec\/sitio\/wp-content\/uploads\/2022\/10\/CONSTRUIR-UN-NOSOTROS.jpg",2000,1333,false],"trp-custom-language-flag":["https:\/\/www.uartes.edu.ec\/sitio\/wp-content\/uploads\/2022\/10\/CONSTRUIR-UN-NOSOTROS.jpg",18,12,false],"htmega_size_585x295":["https:\/\/www.uartes.edu.ec\/sitio\/wp-content\/uploads\/2022\/10\/CONSTRUIR-UN-NOSOTROS.jpg",443,295,false],"htmega_size_1170x536":["https:\/\/www.uartes.edu.ec\/sitio\/wp-content\/uploads\/2022\/10\/CONSTRUIR-UN-NOSOTROS.jpg",804,536,false],"htmega_size_396x360":["https:\/\/www.uartes.edu.ec\/sitio\/wp-content\/uploads\/2022\/10\/CONSTRUIR-UN-NOSOTROS.jpg",396,264,false],"gb-block-post-grid-landscape":["https:\/\/www.uartes.edu.ec\/sitio\/wp-content\/uploads\/2022\/10\/CONSTRUIR-UN-NOSOTROS.jpg",600,400,false],"gb-block-post-grid-square":["https:\/\/www.uartes.edu.ec\/sitio\/wp-content\/uploads\/2022\/10\/CONSTRUIR-UN-NOSOTROS.jpg",600,400,false],"university-hub-thumb":["https:\/\/www.uartes.edu.ec\/sitio\/wp-content\/uploads\/2022\/10\/CONSTRUIR-UN-NOSOTROS-400x267.jpg",400,267,true]},"uagb_author_info":{"display_name":"ccortez","author_link":"https:\/\/www.uartes.edu.ec\/sitio\/blog\/author\/ccortez\/"},"uagb_comment_info":0,"uagb_excerpt":"Durante tres d\u00edas, del 18 al 20 de octubre, la cita iberoamericana que se desarrolla por primera vez en Guayaquil congregar\u00e1 a exponentes nacionales e internacionales en torno a \u201cConstruir un nosotrxs\u201d. Habr\u00e1 talleres, mesas de di\u00e1logos, acciones art\u00edsticas, caminatas y networking, as\u00ed como la inauguraci\u00f3n de una muestra que sustenta la tem\u00e1tica de la&hellip;","featured_image_src":"https:\/\/www.uartes.edu.ec\/sitio\/wp-content\/uploads\/2022\/10\/CONSTRUIR-UN-NOSOTROS.jpg","featured_image_src_square":"https:\/\/www.uartes.edu.ec\/sitio\/wp-content\/uploads\/2022\/10\/CONSTRUIR-UN-NOSOTROS.jpg","author_info":{"display_name":"ccortez","author_link":"https:\/\/www.uartes.edu.ec\/sitio\/blog\/author\/ccortez\/"},"publishpress_future_workflow_manual_trigger":{"enabledWorkflows":[]},"distributor_meta":false,"distributor_terms":false,"distributor_media":false,"distributor_original_site_name":"Universidad de las Artes","distributor_original_site_url":"https:\/\/www.uartes.edu.ec\/sitio","push-errors":false,"_links":{"self":[{"href":"https:\/\/www.uartes.edu.ec\/sitio\/wp-json\/wp\/v2\/posts\/29257","targetHints":{"allow":["GET"]}}],"collection":[{"href":"https:\/\/www.uartes.edu.ec\/sitio\/wp-json\/wp\/v2\/posts"}],"about":[{"href":"https:\/\/www.uartes.edu.ec\/sitio\/wp-json\/wp\/v2\/types\/post"}],"author":[{"embeddable":true,"href":"https:\/\/www.uartes.edu.ec\/sitio\/wp-json\/wp\/v2\/users\/10"}],"replies":[{"embeddable":true,"href":"https:\/\/www.uartes.edu.ec\/sitio\/wp-json\/wp\/v2\/comments?post=29257"}],"version-history":[{"count":3,"href":"https:\/\/www.uartes.edu.ec\/sitio\/wp-json\/wp\/v2\/posts\/29257\/revisions"}],"predecessor-version":[{"id":35023,"href":"https:\/\/www.uartes.edu.ec\/sitio\/wp-json\/wp\/v2\/posts\/29257\/revisions\/35023"}],"wp:featuredmedia":[{"embeddable":true,"href":"https:\/\/www.uartes.edu.ec\/sitio\/wp-json\/wp\/v2\/media\/29381"}],"wp:attachment":[{"href":"https:\/\/www.uartes.edu.ec\/sitio\/wp-json\/wp\/v2\/media?parent=29257"}],"wp:term":[{"taxonomy":"category","embeddable":true,"href":"https:\/\/www.uartes.edu.ec\/sitio\/wp-json\/wp\/v2\/categories?post=29257"},{"taxonomy":"post_tag","embeddable":true,"href":"https:\/\/www.uartes.edu.ec\/sitio\/wp-json\/wp\/v2\/tags?post=29257"},{"taxonomy":"infouartes","embeddable":true,"href":"https:\/\/www.uartes.edu.ec\/sitio\/wp-json\/wp\/v2\/infouartes?post=29257"}],"curies":[{"name":"wp","href":"https:\/\/api.w.org\/{rel}","templated":true}]}}