{"id":29582,"date":"2022-10-19T10:07:00","date_gmt":"2022-10-19T15:07:00","guid":{"rendered":"http:\/\/www.uartes.edu.ec\/sitio\/?p=29582"},"modified":"2024-07-04T11:22:46","modified_gmt":"2024-07-04T16:22:46","slug":"construir-un-nosotrxs-es-la-propuesta-del-encuentrocoorganizado-por-arte-actual-de-flacso-uartes-e-ilia","status":"publish","type":"post","link":"https:\/\/www.uartes.edu.ec\/sitio\/blog\/2022\/10\/19\/construir-un-nosotrxs-es-la-propuesta-del-encuentrocoorganizado-por-arte-actual-de-flacso-uartes-e-ilia\/","title":{"rendered":"\u201cConstruir un nosotrxs\u201d, la propuesta del encuentro coorganizado por Arte Actual de la FLACSO, UArtes e ILIA"},"content":{"rendered":"\n<p>A la Rondalla UArtes le correspondi\u00f3 junto a la Rondalla Guayaquil dar la bienvenida musical al 7mo. Encuentro Iberoamericano de Arte, Trabajo y Econom\u00eda (7EIATE), que, coorganizado por Arte Actual de la FLACSO, la Universidad de las Artes y el Instituto Latinoamericano de Investigaci\u00f3n en Artes, se inaugur\u00f3 este martes 18 de octubre en la Plaza P\u00fablica del Centro de Producci\u00f3n e Innovaci\u00f3n MZ14, donde hasta el jueves 20 tendr\u00e1n lugar talleres, mesas de di\u00e1logo, ponencias, acciones art\u00edsticas y la exposici\u00f3n \u201cConstruir un nosotrxs\u201d.<\/p>\n\n\n\n<p>Las sentidas interpretaciones de los pasillos \u201cRomance mi destino\u201d, \u201cAnhelos\u201d, \u201cInvernal\u201d \u201cAcu\u00e9rdate de m\u00ed\u201d y el pasacalle \u201cGuayaquile\u00f1o, madera de guerrero\u201d arrancaron aplausos y v\u00edtores de los presentes, dando paso luego a la conformaci\u00f3n de la mesa directiva encabezada por nuestro rector, doctor William Herrera; el director de la FLACSO, sede Ecuador, Dr. Felipe Burbano de Lara; el director del ILIA, Dr. Pablo Cardoso; y las Dras. Paulina Le\u00f3n, coordinadora de Arte Actual de la FLACSO, y Tania Navarrete, directora ejecutiva y art\u00edstica del MZ14.<\/p>\n\n\n\n<p>Junto con funcionarios, docentes y estudiantes de la UArtes estuvieron invitados especiales, como el doctor Ra\u00fal Carpio, consejero del CACES; y las directora y subdirectora de Gesti\u00f3n y Promoci\u00f3n Cultural de Guayaquil, Allyson Luna y Cidinha de Weber, respectivamente.<\/p>\n\n\n\n<h3 class=\"wp-block-heading\"><strong>Tejer lazos de trabajo y cooperaci\u00f3n<\/strong><\/h3>\n\n\n\n<p>Tras agradecer la asistencia, dar la bienvenida y mencionar al equipo curatorial del 7EIATE, integrado junto con Le\u00f3n y Navarrete por Mar\u00eda Fernanda Troya y Gabriela Montalvo, tambi\u00e9n de FLACSO, el doctor Herrera se\u00f1al\u00f3 que de todos los espacios de la UArtes el MZ14 era el m\u00e1s adecuado para tener este tipo de discusiones. Su Plaza P\u00fablica est\u00e1 pensada para activar debates p\u00fablicos y es, adem\u00e1s, un s\u00edmbolo de las transformaciones que ha atravesado la ciudad.<\/p>\n\n\n<div class=\"wp-block-image\">\n<figure class=\"aligncenter size-large\"><img fetchpriority=\"high\" decoding=\"async\" width=\"644\" height=\"429\" src=\"http:\/\/www.uartes.edu.ec\/sitio\/wp-content\/uploads\/2022\/10\/INAUGURACION-02-644x429.jpg\" alt=\"\" class=\"wp-image-29589\" srcset=\"https:\/\/www.uartes.edu.ec\/sitio\/wp-content\/uploads\/2022\/10\/INAUGURACION-02-644x429.jpg 644w, https:\/\/www.uartes.edu.ec\/sitio\/wp-content\/uploads\/2022\/10\/INAUGURACION-02-300x200.jpg 300w, https:\/\/www.uartes.edu.ec\/sitio\/wp-content\/uploads\/2022\/10\/INAUGURACION-02-768x512.jpg 768w, https:\/\/www.uartes.edu.ec\/sitio\/wp-content\/uploads\/2022\/10\/INAUGURACION-02-1536x1024.jpg 1536w, https:\/\/www.uartes.edu.ec\/sitio\/wp-content\/uploads\/2022\/10\/INAUGURACION-02-600x400.jpg 600w, https:\/\/www.uartes.edu.ec\/sitio\/wp-content\/uploads\/2022\/10\/INAUGURACION-02-400x267.jpg 400w, https:\/\/www.uartes.edu.ec\/sitio\/wp-content\/uploads\/2022\/10\/INAUGURACION-02-272x182.jpg 272w, https:\/\/www.uartes.edu.ec\/sitio\/wp-content\/uploads\/2022\/10\/INAUGURACION-02.jpg 2000w\" sizes=\"(max-width: 644px) 100vw, 644px\" \/><\/figure>\n<\/div>\n\n\n<p>El edificio patrimonial donde se encuentra el Centro de Producci\u00f3n e Innovaci\u00f3n tiene casi m\u00e1s de 100 a\u00f1os desde el inicio de su construcci\u00f3n. D\u00e9cadas atr\u00e1s fue s\u00edmbolo del poder bancario de la ciudad y m\u00e1s adelante, tal vez, s\u00edmbolo del fracaso de ese poder. Hace 10 a\u00f1os funcionaba una tienda de ropa y ahora tenemos un lugar con una vocaci\u00f3n para la educaci\u00f3n, las artes, la cultura, el trabajo con las comunidades y la vinculaci\u00f3n.<\/p>\n\n\n\n<p>El rector mencion\u00f3 tres razones por las cuales el lanzamiento del 7EIATE nos llena de alegr\u00eda. La primera, poder tejes lazos de trabajo y cooperaci\u00f3n, en particular con Arte Actual de la FLACSO, espacio referente para hablar, presentar y tratar el arte contempor\u00e1neo \u201cy ah\u00ed tenemos algo que nos une\u201d. La segunda, lo que vamos a tratar en el encuentro tiene una fuerte relaci\u00f3n con el contenido y las discusiones que tenemos en la universidad: espacio p\u00fablico, comunidad, cultura, l\u00edneas de investigaci\u00f3n, feminismos y diversidades. La tercera, el modelo educativo y pedag\u00f3gico de la UArtes se relaciona con situarnos, reconocernos y conectarnos, que es lo que plantea la cita.<\/p>\n\n\n\n<p>Tania Navarrete dijo que solo le restaba agradecer la asistencia al inicio del 7EIATE, para el cual el equipo curatorial que integra trabaj\u00f3 intensamente. \u201cEstamos nuevamente reunidas para conocer, conectarnos y seguir tejiendo l\u00edneas de comunicaci\u00f3n y de trabajo colaborativo para este construir de un nosotrxs m\u00e1s productivo, saludable y alegre.<\/p>\n\n\n\n<h3 class=\"wp-block-heading\"><strong>Crear un sentido de pertenencia e identidad<\/strong><\/h3>\n\n\n\n<p>Felipe Burbano de Lara destac\u00f3 el sugerente lema de la cita: \u201cConstruir un nosotrxs\u201d. Expres\u00f3 su alegr\u00eda porque Arte Actual lo haya organizado conjuntamente con la UArtes y el ILIA. El primero se hizo hace once a\u00f1os, \u201cquiere decir que este espacio de reflexi\u00f3n y an\u00e1lisis que estamos inaugurando tiene un largo recorrido, que enriquece y alimenta (\u2026). Este encuentro tiene una particularidad porque lleva una reflexi\u00f3n acerca de lo econ\u00f3mico, alimentado por herramientas cr\u00edticas, como la econom\u00eda feminista, y la ampl\u00eda hacia una lectura de la ciudad y del urbanismo como el espacio del habitar, con entradas y mapeos\u201d.<\/p>\n\n\n<div class=\"wp-block-image\">\n<figure class=\"aligncenter size-large\"><img decoding=\"async\" width=\"644\" height=\"429\" src=\"http:\/\/www.uartes.edu.ec\/sitio\/wp-content\/uploads\/2022\/10\/INAUGURACION-04-644x429.jpg\" alt=\"\" class=\"wp-image-29586\" srcset=\"https:\/\/www.uartes.edu.ec\/sitio\/wp-content\/uploads\/2022\/10\/INAUGURACION-04-644x429.jpg 644w, https:\/\/www.uartes.edu.ec\/sitio\/wp-content\/uploads\/2022\/10\/INAUGURACION-04-300x200.jpg 300w, https:\/\/www.uartes.edu.ec\/sitio\/wp-content\/uploads\/2022\/10\/INAUGURACION-04-768x512.jpg 768w, https:\/\/www.uartes.edu.ec\/sitio\/wp-content\/uploads\/2022\/10\/INAUGURACION-04-1536x1024.jpg 1536w, https:\/\/www.uartes.edu.ec\/sitio\/wp-content\/uploads\/2022\/10\/INAUGURACION-04-600x400.jpg 600w, https:\/\/www.uartes.edu.ec\/sitio\/wp-content\/uploads\/2022\/10\/INAUGURACION-04-400x267.jpg 400w, https:\/\/www.uartes.edu.ec\/sitio\/wp-content\/uploads\/2022\/10\/INAUGURACION-04-272x182.jpg 272w, https:\/\/www.uartes.edu.ec\/sitio\/wp-content\/uploads\/2022\/10\/INAUGURACION-04.jpg 2000w\" sizes=\"(max-width: 644px) 100vw, 644px\" \/><\/figure>\n<\/div>\n\n\n<p>La idea es crear un sentido de pertenencia, forjar un sentido de identidad, discutir c\u00f3mo se crean esos sentidos, la identidad y la pertenencia. \u201cMe parece que esta discusi\u00f3n en este momento, despu\u00e9s del COVID-19, es urgente. Que la iniciativa del encuentro de Arte Actual de la FLACSO Ecuador se realic\u00e9 en Guayaquil con la UArtes es un doble motivo de alegr\u00eda\u201d.<\/p>\n\n\n\n<p>Burbano mencion\u00f3 la firma del convenio entre ambas instituciones realizada el lunes 17, lo cual ya era un reconocimiento al trabajo conjunto desarrollado desde hace alg\u00fan tiempo. Y el encuentro es un testimonio de los esfuerzos de ese trabajo cooperativo. De los ejes que lo mueven, aparte de situarnos y reconocernos, revel\u00f3 gustarle el conectarnos porque es hacerlo nuevamente o reconectarnos en una sociedad y espacios urbanos despu\u00e9s de una pandemia que lo modific\u00f3 todo. \u201c(\u2026) Eso implica enormes desaf\u00edos: volver a conectarnos con el cuerpo, las emociones, las calles, las vibraciones y los movimientos, sobre todo con los otros&#8230; \u00bfC\u00f3mo se construye el nosotrxs? nos lleva a preguntarnos \u00bfqu\u00e9 significa ahora vivir juntos?, \u00bfcu\u00e1nto abarca el nosotrxs que queremos construir?\u201d.<\/p>\n\n\n\n<p>En el acto inaugural del 7mo Encuentro se desarrollaron las primeras ponencias. Paulina Le\u00f3n expuso sobre las relaciones entre arte, trabajo y econom\u00eda, una d\u00e9cada de reflexiones y acciones, y Pablo Cardoso habl\u00f3 de la Universidad de las Artes y su entorno: situar, reconocer, conectar.<\/p>\n\n\n<div class=\"wp-block-image\">\n<figure class=\"aligncenter size-large\"><img decoding=\"async\" width=\"644\" height=\"429\" src=\"http:\/\/www.uartes.edu.ec\/sitio\/wp-content\/uploads\/2022\/10\/INAUGURACION-08-644x429.jpg\" alt=\"\" class=\"wp-image-29584\" srcset=\"https:\/\/www.uartes.edu.ec\/sitio\/wp-content\/uploads\/2022\/10\/INAUGURACION-08-644x429.jpg 644w, https:\/\/www.uartes.edu.ec\/sitio\/wp-content\/uploads\/2022\/10\/INAUGURACION-08-300x200.jpg 300w, https:\/\/www.uartes.edu.ec\/sitio\/wp-content\/uploads\/2022\/10\/INAUGURACION-08-768x512.jpg 768w, https:\/\/www.uartes.edu.ec\/sitio\/wp-content\/uploads\/2022\/10\/INAUGURACION-08-1536x1024.jpg 1536w, https:\/\/www.uartes.edu.ec\/sitio\/wp-content\/uploads\/2022\/10\/INAUGURACION-08-600x400.jpg 600w, https:\/\/www.uartes.edu.ec\/sitio\/wp-content\/uploads\/2022\/10\/INAUGURACION-08-400x267.jpg 400w, https:\/\/www.uartes.edu.ec\/sitio\/wp-content\/uploads\/2022\/10\/INAUGURACION-08-272x182.jpg 272w, https:\/\/www.uartes.edu.ec\/sitio\/wp-content\/uploads\/2022\/10\/INAUGURACION-08.jpg 2000w\" sizes=\"(max-width: 644px) 100vw, 644px\" \/><\/figure>\n<\/div>\n\n\n<h3 class=\"wp-block-heading\"><strong>Apertura de muestra, primera mesa de di\u00e1logo y recorrido<\/strong><\/h3>\n\n\n\n<p>Con el inicio del 7EIATE tambi\u00e9n se program\u00f3 la inauguraci\u00f3n de la muestra \u201cConstruir un nosotrxs\u201d, con los resultados obtenidos de la primera etapa de la cita, que se cumpli\u00f3 del 5 al 22 julio pasado y consisti\u00f3 en el Mapeo Cr\u00edtico Colectivo del centro de Guayaquil.<\/p>\n\n\n\n<p>Mar\u00eda Fernanda Troya dio detalles del proceso. Se\u00f1al\u00f3 que dur\u00f3 m\u00e1s de un a\u00f1o la planificaci\u00f3n y producci\u00f3n del mapeo de julio y que tuvo varios actores: docentes y estudiantes UArtes, vecinos del centro de la ciudad y artistas y gestores culturales atra\u00eddos por una convocatoria p\u00fablica.<\/p>\n\n\n\n<p>Posteriormente, se realiz\u00f3 un recorrido por la muestra, ubicada en el Galer\u00eda CIF del MZ14, guiado y comentado por Zaida Mux\u00ed (Argentina\/Espa\u00f1a), ponente internacional invitada quien luego, en la jornada vespertina, brind\u00f3 la ponencia \u201cBanalizaci\u00f3n y privatizaci\u00f3n del espacio p\u00fablico, y despu\u00e9s\u201d. La docente de la ESTB-UPC particip\u00f3 con las otras expositoras de las charlas programadas tambi\u00e9n en el d\u00eda inaugural en un conversatorio abierto. Se trat\u00f3 de la Mesa de di\u00e1logo 1, con la tem\u00e1tica \u201cSituarnos\u201d, la cual tiene una doble implicaci\u00f3n. Reconoce que todo conocimiento debe ser situado y que cualquier teor\u00eda es encarnada (Haraway, 1997) y propone localizarnos en un espacio espec\u00edfico, que es tanto material como social. As\u00ed este eje nos permitir\u00e1 enfatizar en lo urbano como construcci\u00f3n socio-espacial y en el sujeto-habitante (Lind\u00f3n, 2009). &nbsp;<\/p>\n\n\n<div class=\"wp-block-image\">\n<figure class=\"aligncenter size-large\"><img loading=\"lazy\" decoding=\"async\" width=\"644\" height=\"362\" src=\"http:\/\/www.uartes.edu.ec\/sitio\/wp-content\/uploads\/2022\/10\/mesa111-644x362.jpeg\" alt=\"\" class=\"wp-image-29590\" srcset=\"https:\/\/www.uartes.edu.ec\/sitio\/wp-content\/uploads\/2022\/10\/mesa111-644x362.jpeg 644w, https:\/\/www.uartes.edu.ec\/sitio\/wp-content\/uploads\/2022\/10\/mesa111-768x432.jpeg 768w, https:\/\/www.uartes.edu.ec\/sitio\/wp-content\/uploads\/2022\/10\/mesa111.jpeg 1600w, https:\/\/www.uartes.edu.ec\/sitio\/wp-content\/uploads\/2022\/10\/mesa111-600x337.jpeg 600w\" sizes=\"(max-width: 644px) 100vw, 644px\" \/><\/figure>\n<\/div>\n\n\n<p>En el di\u00e1logo en menci\u00f3n intervinieron Alejandra Pinto (Ecuador) de Licuadora Gestora, quien trat\u00f3 sobre \u201cMapear: construyendo un relato afectivo sobre el centro de Guayaquil\u201d; Ybelice Brice\u00f1o (Venezuela), UArtes, \u201cCartograf\u00eda narrada: cinco textos para atravesar-pensar lo urbano\u201d; y, Lupe \u00c1lvarez (Cuba), UArtes, \u201cOMG! A pesar de todo, se produce arte en Guayaquil \u00a1y circula!<\/p>\n\n\n\n<p>La jornada del primer d\u00eda, como lo ser\u00e1n las de los dos d\u00edas siguientes, concluir\u00e1n con acciones art\u00edsticas, caminatas y networking. El martes 18 el recorrido arquitect\u00f3nico \u201cCircuito Universidad de las Artes\u201d se cumpli\u00f3 con la gu\u00eda del arquitecto Florencio Compte (UCSG), en di\u00e1logo con el periodista Gabriel Flores. Posteriormente, \u201cYa para qu\u00e9 Guayaquil\u201d, un recorrido afectivo por el centro de la ciudad con Giulianna Zambrano (USFQ) y Mar\u00eda Auxiliadora Balladares (USFQ). Y, finalmente, un espacio de socializaci\u00f3n tropical en La Suculenta.<\/p>\n\n\n<div class=\"wp-block-image\">\n<figure class=\"aligncenter size-large\"><img loading=\"lazy\" decoding=\"async\" width=\"644\" height=\"483\" src=\"http:\/\/www.uartes.edu.ec\/sitio\/wp-content\/uploads\/2022\/10\/Florencio2-644x483.jpeg\" alt=\"\" class=\"wp-image-29591\" srcset=\"https:\/\/www.uartes.edu.ec\/sitio\/wp-content\/uploads\/2022\/10\/Florencio2-644x483.jpeg 644w, https:\/\/www.uartes.edu.ec\/sitio\/wp-content\/uploads\/2022\/10\/Florencio2-768x576.jpeg 768w, https:\/\/www.uartes.edu.ec\/sitio\/wp-content\/uploads\/2022\/10\/Florencio2.jpeg 1600w, https:\/\/www.uartes.edu.ec\/sitio\/wp-content\/uploads\/2022\/10\/Florencio2-400x300.jpeg 400w, https:\/\/www.uartes.edu.ec\/sitio\/wp-content\/uploads\/2022\/10\/Florencio2-600x450.jpeg 600w\" sizes=\"(max-width: 644px) 100vw, 644px\" \/><\/figure>\n<\/div>","protected":false},"excerpt":{"rendered":"<p>La inauguraci\u00f3n del 7mo. Encuentro Iberoamericano de Arte, Trabajo y Econom\u00eda, coorganizado por Arte Actual de la FLACSO y la Universidad de las Artes, a trav\u00e9s del Centro de Producci\u00f3n e Innovaci\u00f3n MZ14 y el ILIA, se realiz\u00f3 este martes 18 y mantendr\u00e1 hasta el jueves 20. Por las ma\u00f1anas se desarrollan talleres, por las tardes mesas de di\u00e1logo y por las noches acciones art\u00edsticas, caminatas y networking. <\/p>\n","protected":false},"author":10,"featured_media":29587,"comment_status":"open","ping_status":"open","sticky":false,"template":"","format":"standard","meta":{"_acf_changed":false,"_uag_custom_page_level_css":"","_monsterinsights_skip_tracking":false,"_monsterinsights_sitenote_active":false,"_monsterinsights_sitenote_note":"","_monsterinsights_sitenote_category":0,"cybocfi_hide_featured_image":"","footnotes":""},"categories":[719,80,438,490,82,75,76,284],"tags":[521],"infouartes":[],"class_list":["post-29582","post","type-post","status-publish","format-standard","has-post-thumbnail","hentry","category-4d","category-academico","category-administrativos","category-alumni","category-artes","category-docentes","category-estudiantes","category-investigacion","tag-encuentro"],"acf":[],"yoast_head":"<!-- This site is optimized with the Yoast SEO plugin v27.4 - https:\/\/yoast.com\/product\/yoast-seo-wordpress\/ -->\n<title>Universidad de las Artes - \u201cConstruir un nosotrxs\u201d, la propuesta del encuentro coorganizado por Arte Actual de la FLACSO, UArtes e ILIA<\/title>\n<meta name=\"description\" content=\"Universidad de las Artes - \u201cConstruir un nosotrxs\u201d, la propuesta del encuentro coorganizado por Arte Actual de la FLACSO, UArtes e ILIA\" \/>\n<meta name=\"robots\" content=\"index, follow, max-snippet:-1, max-image-preview:large, max-video-preview:-1\" \/>\n<link rel=\"canonical\" href=\"https:\/\/www.uartes.edu.ec\/sitio\/blog\/2022\/10\/19\/construir-un-nosotrxs-es-la-propuesta-del-encuentrocoorganizado-por-arte-actual-de-flacso-uartes-e-ilia\/\" \/>\n<meta property=\"og:locale\" content=\"es_ES\" \/>\n<meta property=\"og:type\" content=\"article\" \/>\n<meta property=\"og:title\" content=\"Universidad de las Artes - \u201cConstruir un nosotrxs\u201d, la propuesta del encuentro coorganizado por Arte Actual de la FLACSO, UArtes e ILIA\" \/>\n<meta property=\"og:description\" content=\"Universidad de las Artes - \u201cConstruir un nosotrxs\u201d, la propuesta del encuentro coorganizado por Arte Actual de la FLACSO, UArtes e ILIA\" \/>\n<meta property=\"og:url\" content=\"https:\/\/www.uartes.edu.ec\/sitio\/blog\/2022\/10\/19\/construir-un-nosotrxs-es-la-propuesta-del-encuentrocoorganizado-por-arte-actual-de-flacso-uartes-e-ilia\/\" \/>\n<meta property=\"og:site_name\" content=\"Universidad de las Artes\" \/>\n<meta property=\"article:publisher\" content=\"https:\/\/www.facebook.com\/uartesec\" \/>\n<meta property=\"article:published_time\" content=\"2022-10-19T15:07:00+00:00\" \/>\n<meta property=\"article:modified_time\" content=\"2024-07-04T16:22:46+00:00\" \/>\n<meta property=\"og:image\" content=\"https:\/\/www.uartes.edu.ec\/sitio\/wp-content\/uploads\/2022\/10\/INAUGURACION-03.jpg\" \/>\n\t<meta property=\"og:image:width\" content=\"2000\" \/>\n\t<meta property=\"og:image:height\" content=\"1333\" \/>\n\t<meta property=\"og:image:type\" content=\"image\/jpeg\" \/>\n<meta name=\"author\" content=\"ccortez\" \/>\n<meta name=\"twitter:card\" content=\"summary_large_image\" \/>\n<meta name=\"twitter:creator\" content=\"@uartesec\" \/>\n<meta name=\"twitter:site\" content=\"@uartesec\" \/>\n<meta name=\"twitter:label1\" content=\"Escrito por\" \/>\n\t<meta name=\"twitter:data1\" content=\"ccortez\" \/>\n\t<meta name=\"twitter:label2\" content=\"Tiempo de lectura\" \/>\n\t<meta name=\"twitter:data2\" content=\"7 minutos\" \/>\n<script type=\"application\/ld+json\" class=\"yoast-schema-graph\">{\"@context\":\"https:\\\/\\\/schema.org\",\"@graph\":[{\"@type\":\"Article\",\"@id\":\"https:\\\/\\\/www.uartes.edu.ec\\\/sitio\\\/blog\\\/2022\\\/10\\\/19\\\/construir-un-nosotrxs-es-la-propuesta-del-encuentrocoorganizado-por-arte-actual-de-flacso-uartes-e-ilia\\\/#article\",\"isPartOf\":{\"@id\":\"https:\\\/\\\/www.uartes.edu.ec\\\/sitio\\\/blog\\\/2022\\\/10\\\/19\\\/construir-un-nosotrxs-es-la-propuesta-del-encuentrocoorganizado-por-arte-actual-de-flacso-uartes-e-ilia\\\/\"},\"author\":{\"name\":\"ccortez\",\"@id\":\"https:\\\/\\\/www.uartes.edu.ec\\\/sitio\\\/#\\\/schema\\\/person\\\/efa1b8275797664fd7f13a79ccc0b1f4\"},\"headline\":\"\u201cConstruir un nosotrxs\u201d, la propuesta del encuentro coorganizado por Arte Actual de la FLACSO, UArtes e ILIA\",\"datePublished\":\"2022-10-19T15:07:00+00:00\",\"dateModified\":\"2024-07-04T16:22:46+00:00\",\"mainEntityOfPage\":{\"@id\":\"https:\\\/\\\/www.uartes.edu.ec\\\/sitio\\\/blog\\\/2022\\\/10\\\/19\\\/construir-un-nosotrxs-es-la-propuesta-del-encuentrocoorganizado-por-arte-actual-de-flacso-uartes-e-ilia\\\/\"},\"wordCount\":1350,\"commentCount\":0,\"publisher\":{\"@id\":\"https:\\\/\\\/www.uartes.edu.ec\\\/sitio\\\/#organization\"},\"image\":{\"@id\":\"https:\\\/\\\/www.uartes.edu.ec\\\/sitio\\\/blog\\\/2022\\\/10\\\/19\\\/construir-un-nosotrxs-es-la-propuesta-del-encuentrocoorganizado-por-arte-actual-de-flacso-uartes-e-ilia\\\/#primaryimage\"},\"thumbnailUrl\":\"https:\\\/\\\/www.uartes.edu.ec\\\/sitio\\\/wp-content\\\/uploads\\\/2022\\\/10\\\/INAUGURACION-03.jpg\",\"keywords\":[\"encuentro\"],\"articleSection\":[\"4D\",\"Acad\u00e9mico\",\"Administrativos\",\"Alumni\",\"Artes\",\"Docentes\",\"Estudiantes\",\"Investigaci\u00f3n\"],\"inLanguage\":\"es\",\"potentialAction\":[{\"@type\":\"CommentAction\",\"name\":\"Comment\",\"target\":[\"https:\\\/\\\/www.uartes.edu.ec\\\/sitio\\\/blog\\\/2022\\\/10\\\/19\\\/construir-un-nosotrxs-es-la-propuesta-del-encuentrocoorganizado-por-arte-actual-de-flacso-uartes-e-ilia\\\/#respond\"]}]},{\"@type\":[\"WebPage\",\"ItemPage\"],\"@id\":\"https:\\\/\\\/www.uartes.edu.ec\\\/sitio\\\/blog\\\/2022\\\/10\\\/19\\\/construir-un-nosotrxs-es-la-propuesta-del-encuentrocoorganizado-por-arte-actual-de-flacso-uartes-e-ilia\\\/\",\"url\":\"https:\\\/\\\/www.uartes.edu.ec\\\/sitio\\\/blog\\\/2022\\\/10\\\/19\\\/construir-un-nosotrxs-es-la-propuesta-del-encuentrocoorganizado-por-arte-actual-de-flacso-uartes-e-ilia\\\/\",\"name\":\"Universidad de las Artes - \u201cConstruir un nosotrxs\u201d, la propuesta del encuentro coorganizado por Arte Actual de la FLACSO, UArtes e ILIA\",\"isPartOf\":{\"@id\":\"https:\\\/\\\/www.uartes.edu.ec\\\/sitio\\\/#website\"},\"primaryImageOfPage\":{\"@id\":\"https:\\\/\\\/www.uartes.edu.ec\\\/sitio\\\/blog\\\/2022\\\/10\\\/19\\\/construir-un-nosotrxs-es-la-propuesta-del-encuentrocoorganizado-por-arte-actual-de-flacso-uartes-e-ilia\\\/#primaryimage\"},\"image\":{\"@id\":\"https:\\\/\\\/www.uartes.edu.ec\\\/sitio\\\/blog\\\/2022\\\/10\\\/19\\\/construir-un-nosotrxs-es-la-propuesta-del-encuentrocoorganizado-por-arte-actual-de-flacso-uartes-e-ilia\\\/#primaryimage\"},\"thumbnailUrl\":\"https:\\\/\\\/www.uartes.edu.ec\\\/sitio\\\/wp-content\\\/uploads\\\/2022\\\/10\\\/INAUGURACION-03.jpg\",\"datePublished\":\"2022-10-19T15:07:00+00:00\",\"dateModified\":\"2024-07-04T16:22:46+00:00\",\"description\":\"Universidad de las Artes - \u201cConstruir un nosotrxs\u201d, la propuesta del encuentro coorganizado por Arte Actual de la FLACSO, UArtes e ILIA\",\"breadcrumb\":{\"@id\":\"https:\\\/\\\/www.uartes.edu.ec\\\/sitio\\\/blog\\\/2022\\\/10\\\/19\\\/construir-un-nosotrxs-es-la-propuesta-del-encuentrocoorganizado-por-arte-actual-de-flacso-uartes-e-ilia\\\/#breadcrumb\"},\"inLanguage\":\"es\",\"potentialAction\":[{\"@type\":\"ReadAction\",\"target\":[\"https:\\\/\\\/www.uartes.edu.ec\\\/sitio\\\/blog\\\/2022\\\/10\\\/19\\\/construir-un-nosotrxs-es-la-propuesta-del-encuentrocoorganizado-por-arte-actual-de-flacso-uartes-e-ilia\\\/\"]}]},{\"@type\":\"ImageObject\",\"inLanguage\":\"es\",\"@id\":\"https:\\\/\\\/www.uartes.edu.ec\\\/sitio\\\/blog\\\/2022\\\/10\\\/19\\\/construir-un-nosotrxs-es-la-propuesta-del-encuentrocoorganizado-por-arte-actual-de-flacso-uartes-e-ilia\\\/#primaryimage\",\"url\":\"https:\\\/\\\/www.uartes.edu.ec\\\/sitio\\\/wp-content\\\/uploads\\\/2022\\\/10\\\/INAUGURACION-03.jpg\",\"contentUrl\":\"https:\\\/\\\/www.uartes.edu.ec\\\/sitio\\\/wp-content\\\/uploads\\\/2022\\\/10\\\/INAUGURACION-03.jpg\",\"width\":2000,\"height\":1333},{\"@type\":\"BreadcrumbList\",\"@id\":\"https:\\\/\\\/www.uartes.edu.ec\\\/sitio\\\/blog\\\/2022\\\/10\\\/19\\\/construir-un-nosotrxs-es-la-propuesta-del-encuentrocoorganizado-por-arte-actual-de-flacso-uartes-e-ilia\\\/#breadcrumb\",\"itemListElement\":[{\"@type\":\"ListItem\",\"position\":1,\"name\":\"Inicio\",\"item\":\"https:\\\/\\\/www.uartes.edu.ec\\\/sitio\\\/\"},{\"@type\":\"ListItem\",\"position\":2,\"name\":\"\u201cConstruir un nosotrxs\u201d, la propuesta del encuentro coorganizado por Arte Actual de la FLACSO, UArtes e ILIA\"}]},{\"@type\":\"WebSite\",\"@id\":\"https:\\\/\\\/www.uartes.edu.ec\\\/sitio\\\/#website\",\"url\":\"https:\\\/\\\/www.uartes.edu.ec\\\/sitio\\\/\",\"name\":\"Universidad de las Artes\",\"description\":\"Sitio oficial de la Universidad Nacional de las Artes del Ecuador\",\"publisher\":{\"@id\":\"https:\\\/\\\/www.uartes.edu.ec\\\/sitio\\\/#organization\"},\"potentialAction\":[{\"@type\":\"SearchAction\",\"target\":{\"@type\":\"EntryPoint\",\"urlTemplate\":\"https:\\\/\\\/www.uartes.edu.ec\\\/sitio\\\/?s={search_term_string}\"},\"query-input\":{\"@type\":\"PropertyValueSpecification\",\"valueRequired\":true,\"valueName\":\"search_term_string\"}}],\"inLanguage\":\"es\"},{\"@type\":\"Organization\",\"@id\":\"https:\\\/\\\/www.uartes.edu.ec\\\/sitio\\\/#organization\",\"name\":\"Universidad de las Artes\",\"url\":\"https:\\\/\\\/www.uartes.edu.ec\\\/sitio\\\/\",\"logo\":{\"@type\":\"ImageObject\",\"inLanguage\":\"es\",\"@id\":\"https:\\\/\\\/www.uartes.edu.ec\\\/sitio\\\/#\\\/schema\\\/logo\\\/image\\\/\",\"url\":\"https:\\\/\\\/www.uartes.edu.ec\\\/sitio\\\/wp-content\\\/uploads\\\/2022\\\/07\\\/logo-ua-horizontal.png\",\"contentUrl\":\"https:\\\/\\\/www.uartes.edu.ec\\\/sitio\\\/wp-content\\\/uploads\\\/2022\\\/07\\\/logo-ua-horizontal.png\",\"width\":800,\"height\":276,\"caption\":\"Universidad de las Artes\"},\"image\":{\"@id\":\"https:\\\/\\\/www.uartes.edu.ec\\\/sitio\\\/#\\\/schema\\\/logo\\\/image\\\/\"},\"sameAs\":[\"https:\\\/\\\/www.facebook.com\\\/uartesec\",\"https:\\\/\\\/x.com\\\/uartesec\",\"https:\\\/\\\/www.tiktok.com\\\/@uartesec\"]},{\"@type\":\"Person\",\"@id\":\"https:\\\/\\\/www.uartes.edu.ec\\\/sitio\\\/#\\\/schema\\\/person\\\/efa1b8275797664fd7f13a79ccc0b1f4\",\"name\":\"ccortez\",\"image\":{\"@type\":\"ImageObject\",\"inLanguage\":\"es\",\"@id\":\"https:\\\/\\\/secure.gravatar.com\\\/avatar\\\/b2a6f664a3ae8e074346ef91775736c5ec479e637ecced6842de9dc98b5da9cd?s=96&d=mm&r=g\",\"url\":\"https:\\\/\\\/secure.gravatar.com\\\/avatar\\\/b2a6f664a3ae8e074346ef91775736c5ec479e637ecced6842de9dc98b5da9cd?s=96&d=mm&r=g\",\"contentUrl\":\"https:\\\/\\\/secure.gravatar.com\\\/avatar\\\/b2a6f664a3ae8e074346ef91775736c5ec479e637ecced6842de9dc98b5da9cd?s=96&d=mm&r=g\",\"caption\":\"ccortez\"},\"url\":\"https:\\\/\\\/www.uartes.edu.ec\\\/sitio\\\/blog\\\/author\\\/ccortez\\\/\"}]}<\/script>\n<!-- \/ Yoast SEO plugin. -->","yoast_head_json":{"title":"Universidad de las Artes - \u201cConstruir un nosotrxs\u201d, la propuesta del encuentro coorganizado por Arte Actual de la FLACSO, UArtes e ILIA","description":"Universidad de las Artes - \u201cConstruir un nosotrxs\u201d, la propuesta del encuentro coorganizado por Arte Actual de la FLACSO, UArtes e ILIA","robots":{"index":"index","follow":"follow","max-snippet":"max-snippet:-1","max-image-preview":"max-image-preview:large","max-video-preview":"max-video-preview:-1"},"canonical":"https:\/\/www.uartes.edu.ec\/sitio\/blog\/2022\/10\/19\/construir-un-nosotrxs-es-la-propuesta-del-encuentrocoorganizado-por-arte-actual-de-flacso-uartes-e-ilia\/","og_locale":"es_ES","og_type":"article","og_title":"Universidad de las Artes - \u201cConstruir un nosotrxs\u201d, la propuesta del encuentro coorganizado por Arte Actual de la FLACSO, UArtes e ILIA","og_description":"Universidad de las Artes - \u201cConstruir un nosotrxs\u201d, la propuesta del encuentro coorganizado por Arte Actual de la FLACSO, UArtes e ILIA","og_url":"https:\/\/www.uartes.edu.ec\/sitio\/blog\/2022\/10\/19\/construir-un-nosotrxs-es-la-propuesta-del-encuentrocoorganizado-por-arte-actual-de-flacso-uartes-e-ilia\/","og_site_name":"Universidad de las Artes","article_publisher":"https:\/\/www.facebook.com\/uartesec","article_published_time":"2022-10-19T15:07:00+00:00","article_modified_time":"2024-07-04T16:22:46+00:00","og_image":[{"width":2000,"height":1333,"url":"https:\/\/www.uartes.edu.ec\/sitio\/wp-content\/uploads\/2022\/10\/INAUGURACION-03.jpg","type":"image\/jpeg"}],"author":"ccortez","twitter_card":"summary_large_image","twitter_creator":"@uartesec","twitter_site":"@uartesec","twitter_misc":{"Escrito por":"ccortez","Tiempo de lectura":"7 minutos"},"schema":{"@context":"https:\/\/schema.org","@graph":[{"@type":"Article","@id":"https:\/\/www.uartes.edu.ec\/sitio\/blog\/2022\/10\/19\/construir-un-nosotrxs-es-la-propuesta-del-encuentrocoorganizado-por-arte-actual-de-flacso-uartes-e-ilia\/#article","isPartOf":{"@id":"https:\/\/www.uartes.edu.ec\/sitio\/blog\/2022\/10\/19\/construir-un-nosotrxs-es-la-propuesta-del-encuentrocoorganizado-por-arte-actual-de-flacso-uartes-e-ilia\/"},"author":{"name":"ccortez","@id":"https:\/\/www.uartes.edu.ec\/sitio\/#\/schema\/person\/efa1b8275797664fd7f13a79ccc0b1f4"},"headline":"\u201cConstruir un nosotrxs\u201d, la propuesta del encuentro coorganizado por Arte Actual de la FLACSO, UArtes e ILIA","datePublished":"2022-10-19T15:07:00+00:00","dateModified":"2024-07-04T16:22:46+00:00","mainEntityOfPage":{"@id":"https:\/\/www.uartes.edu.ec\/sitio\/blog\/2022\/10\/19\/construir-un-nosotrxs-es-la-propuesta-del-encuentrocoorganizado-por-arte-actual-de-flacso-uartes-e-ilia\/"},"wordCount":1350,"commentCount":0,"publisher":{"@id":"https:\/\/www.uartes.edu.ec\/sitio\/#organization"},"image":{"@id":"https:\/\/www.uartes.edu.ec\/sitio\/blog\/2022\/10\/19\/construir-un-nosotrxs-es-la-propuesta-del-encuentrocoorganizado-por-arte-actual-de-flacso-uartes-e-ilia\/#primaryimage"},"thumbnailUrl":"https:\/\/www.uartes.edu.ec\/sitio\/wp-content\/uploads\/2022\/10\/INAUGURACION-03.jpg","keywords":["encuentro"],"articleSection":["4D","Acad\u00e9mico","Administrativos","Alumni","Artes","Docentes","Estudiantes","Investigaci\u00f3n"],"inLanguage":"es","potentialAction":[{"@type":"CommentAction","name":"Comment","target":["https:\/\/www.uartes.edu.ec\/sitio\/blog\/2022\/10\/19\/construir-un-nosotrxs-es-la-propuesta-del-encuentrocoorganizado-por-arte-actual-de-flacso-uartes-e-ilia\/#respond"]}]},{"@type":["WebPage","ItemPage"],"@id":"https:\/\/www.uartes.edu.ec\/sitio\/blog\/2022\/10\/19\/construir-un-nosotrxs-es-la-propuesta-del-encuentrocoorganizado-por-arte-actual-de-flacso-uartes-e-ilia\/","url":"https:\/\/www.uartes.edu.ec\/sitio\/blog\/2022\/10\/19\/construir-un-nosotrxs-es-la-propuesta-del-encuentrocoorganizado-por-arte-actual-de-flacso-uartes-e-ilia\/","name":"Universidad de las Artes - \u201cConstruir un nosotrxs\u201d, la propuesta del encuentro coorganizado por Arte Actual de la FLACSO, UArtes e ILIA","isPartOf":{"@id":"https:\/\/www.uartes.edu.ec\/sitio\/#website"},"primaryImageOfPage":{"@id":"https:\/\/www.uartes.edu.ec\/sitio\/blog\/2022\/10\/19\/construir-un-nosotrxs-es-la-propuesta-del-encuentrocoorganizado-por-arte-actual-de-flacso-uartes-e-ilia\/#primaryimage"},"image":{"@id":"https:\/\/www.uartes.edu.ec\/sitio\/blog\/2022\/10\/19\/construir-un-nosotrxs-es-la-propuesta-del-encuentrocoorganizado-por-arte-actual-de-flacso-uartes-e-ilia\/#primaryimage"},"thumbnailUrl":"https:\/\/www.uartes.edu.ec\/sitio\/wp-content\/uploads\/2022\/10\/INAUGURACION-03.jpg","datePublished":"2022-10-19T15:07:00+00:00","dateModified":"2024-07-04T16:22:46+00:00","description":"Universidad de las Artes - \u201cConstruir un nosotrxs\u201d, la propuesta del encuentro coorganizado por Arte Actual de la FLACSO, UArtes e ILIA","breadcrumb":{"@id":"https:\/\/www.uartes.edu.ec\/sitio\/blog\/2022\/10\/19\/construir-un-nosotrxs-es-la-propuesta-del-encuentrocoorganizado-por-arte-actual-de-flacso-uartes-e-ilia\/#breadcrumb"},"inLanguage":"es","potentialAction":[{"@type":"ReadAction","target":["https:\/\/www.uartes.edu.ec\/sitio\/blog\/2022\/10\/19\/construir-un-nosotrxs-es-la-propuesta-del-encuentrocoorganizado-por-arte-actual-de-flacso-uartes-e-ilia\/"]}]},{"@type":"ImageObject","inLanguage":"es","@id":"https:\/\/www.uartes.edu.ec\/sitio\/blog\/2022\/10\/19\/construir-un-nosotrxs-es-la-propuesta-del-encuentrocoorganizado-por-arte-actual-de-flacso-uartes-e-ilia\/#primaryimage","url":"https:\/\/www.uartes.edu.ec\/sitio\/wp-content\/uploads\/2022\/10\/INAUGURACION-03.jpg","contentUrl":"https:\/\/www.uartes.edu.ec\/sitio\/wp-content\/uploads\/2022\/10\/INAUGURACION-03.jpg","width":2000,"height":1333},{"@type":"BreadcrumbList","@id":"https:\/\/www.uartes.edu.ec\/sitio\/blog\/2022\/10\/19\/construir-un-nosotrxs-es-la-propuesta-del-encuentrocoorganizado-por-arte-actual-de-flacso-uartes-e-ilia\/#breadcrumb","itemListElement":[{"@type":"ListItem","position":1,"name":"Inicio","item":"https:\/\/www.uartes.edu.ec\/sitio\/"},{"@type":"ListItem","position":2,"name":"\u201cConstruir un nosotrxs\u201d, la propuesta del encuentro coorganizado por Arte Actual de la FLACSO, UArtes e ILIA"}]},{"@type":"WebSite","@id":"https:\/\/www.uartes.edu.ec\/sitio\/#website","url":"https:\/\/www.uartes.edu.ec\/sitio\/","name":"Universidad de las Artes","description":"Sitio oficial de la Universidad Nacional de las Artes del Ecuador","publisher":{"@id":"https:\/\/www.uartes.edu.ec\/sitio\/#organization"},"potentialAction":[{"@type":"SearchAction","target":{"@type":"EntryPoint","urlTemplate":"https:\/\/www.uartes.edu.ec\/sitio\/?s={search_term_string}"},"query-input":{"@type":"PropertyValueSpecification","valueRequired":true,"valueName":"search_term_string"}}],"inLanguage":"es"},{"@type":"Organization","@id":"https:\/\/www.uartes.edu.ec\/sitio\/#organization","name":"Universidad de las Artes","url":"https:\/\/www.uartes.edu.ec\/sitio\/","logo":{"@type":"ImageObject","inLanguage":"es","@id":"https:\/\/www.uartes.edu.ec\/sitio\/#\/schema\/logo\/image\/","url":"https:\/\/www.uartes.edu.ec\/sitio\/wp-content\/uploads\/2022\/07\/logo-ua-horizontal.png","contentUrl":"https:\/\/www.uartes.edu.ec\/sitio\/wp-content\/uploads\/2022\/07\/logo-ua-horizontal.png","width":800,"height":276,"caption":"Universidad de las Artes"},"image":{"@id":"https:\/\/www.uartes.edu.ec\/sitio\/#\/schema\/logo\/image\/"},"sameAs":["https:\/\/www.facebook.com\/uartesec","https:\/\/x.com\/uartesec","https:\/\/www.tiktok.com\/@uartesec"]},{"@type":"Person","@id":"https:\/\/www.uartes.edu.ec\/sitio\/#\/schema\/person\/efa1b8275797664fd7f13a79ccc0b1f4","name":"ccortez","image":{"@type":"ImageObject","inLanguage":"es","@id":"https:\/\/secure.gravatar.com\/avatar\/b2a6f664a3ae8e074346ef91775736c5ec479e637ecced6842de9dc98b5da9cd?s=96&d=mm&r=g","url":"https:\/\/secure.gravatar.com\/avatar\/b2a6f664a3ae8e074346ef91775736c5ec479e637ecced6842de9dc98b5da9cd?s=96&d=mm&r=g","contentUrl":"https:\/\/secure.gravatar.com\/avatar\/b2a6f664a3ae8e074346ef91775736c5ec479e637ecced6842de9dc98b5da9cd?s=96&d=mm&r=g","caption":"ccortez"},"url":"https:\/\/www.uartes.edu.ec\/sitio\/blog\/author\/ccortez\/"}]}},"uagb_featured_image_src":{"full":["https:\/\/www.uartes.edu.ec\/sitio\/wp-content\/uploads\/2022\/10\/INAUGURACION-03.jpg",2000,1333,false],"thumbnail":["https:\/\/www.uartes.edu.ec\/sitio\/wp-content\/uploads\/2022\/10\/INAUGURACION-03-150x150.jpg",150,150,true],"medium":["https:\/\/www.uartes.edu.ec\/sitio\/wp-content\/uploads\/2022\/10\/INAUGURACION-03-300x200.jpg",300,200,true],"medium_large":["https:\/\/www.uartes.edu.ec\/sitio\/wp-content\/uploads\/2022\/10\/INAUGURACION-03-768x512.jpg",768,512,true],"large":["https:\/\/www.uartes.edu.ec\/sitio\/wp-content\/uploads\/2022\/10\/INAUGURACION-03-644x429.jpg",644,429,true],"1536x1536":["https:\/\/www.uartes.edu.ec\/sitio\/wp-content\/uploads\/2022\/10\/INAUGURACION-03-1536x1024.jpg",1536,1024,true],"2048x2048":["https:\/\/www.uartes.edu.ec\/sitio\/wp-content\/uploads\/2022\/10\/INAUGURACION-03.jpg",2000,1333,false],"trp-custom-language-flag":["https:\/\/www.uartes.edu.ec\/sitio\/wp-content\/uploads\/2022\/10\/INAUGURACION-03.jpg",18,12,false],"htmega_size_585x295":["https:\/\/www.uartes.edu.ec\/sitio\/wp-content\/uploads\/2022\/10\/INAUGURACION-03.jpg",443,295,false],"htmega_size_1170x536":["https:\/\/www.uartes.edu.ec\/sitio\/wp-content\/uploads\/2022\/10\/INAUGURACION-03.jpg",804,536,false],"htmega_size_396x360":["https:\/\/www.uartes.edu.ec\/sitio\/wp-content\/uploads\/2022\/10\/INAUGURACION-03.jpg",396,264,false],"gb-block-post-grid-landscape":["https:\/\/www.uartes.edu.ec\/sitio\/wp-content\/uploads\/2022\/10\/INAUGURACION-03.jpg",600,400,false],"gb-block-post-grid-square":["https:\/\/www.uartes.edu.ec\/sitio\/wp-content\/uploads\/2022\/10\/INAUGURACION-03.jpg",600,400,false],"university-hub-thumb":["https:\/\/www.uartes.edu.ec\/sitio\/wp-content\/uploads\/2022\/10\/INAUGURACION-03-400x267.jpg",400,267,true]},"uagb_author_info":{"display_name":"ccortez","author_link":"https:\/\/www.uartes.edu.ec\/sitio\/blog\/author\/ccortez\/"},"uagb_comment_info":0,"uagb_excerpt":"La inauguraci\u00f3n del 7mo. Encuentro Iberoamericano de Arte, Trabajo y Econom\u00eda, coorganizado por Arte Actual de la FLACSO y la Universidad de las Artes, a trav\u00e9s del Centro de Producci\u00f3n e Innovaci\u00f3n MZ14 y el ILIA, se realiz\u00f3 este martes 18 y mantendr\u00e1 hasta el jueves 20. Por las ma\u00f1anas se desarrollan talleres, por las&hellip;","featured_image_src":"https:\/\/www.uartes.edu.ec\/sitio\/wp-content\/uploads\/2022\/10\/INAUGURACION-03.jpg","featured_image_src_square":"https:\/\/www.uartes.edu.ec\/sitio\/wp-content\/uploads\/2022\/10\/INAUGURACION-03.jpg","author_info":{"display_name":"ccortez","author_link":"https:\/\/www.uartes.edu.ec\/sitio\/blog\/author\/ccortez\/"},"publishpress_future_workflow_manual_trigger":{"enabledWorkflows":[]},"distributor_meta":false,"distributor_terms":false,"distributor_media":false,"distributor_original_site_name":"Universidad de las Artes","distributor_original_site_url":"https:\/\/www.uartes.edu.ec\/sitio","push-errors":false,"_links":{"self":[{"href":"https:\/\/www.uartes.edu.ec\/sitio\/wp-json\/wp\/v2\/posts\/29582","targetHints":{"allow":["GET"]}}],"collection":[{"href":"https:\/\/www.uartes.edu.ec\/sitio\/wp-json\/wp\/v2\/posts"}],"about":[{"href":"https:\/\/www.uartes.edu.ec\/sitio\/wp-json\/wp\/v2\/types\/post"}],"author":[{"embeddable":true,"href":"https:\/\/www.uartes.edu.ec\/sitio\/wp-json\/wp\/v2\/users\/10"}],"replies":[{"embeddable":true,"href":"https:\/\/www.uartes.edu.ec\/sitio\/wp-json\/wp\/v2\/comments?post=29582"}],"version-history":[{"count":6,"href":"https:\/\/www.uartes.edu.ec\/sitio\/wp-json\/wp\/v2\/posts\/29582\/revisions"}],"predecessor-version":[{"id":29902,"href":"https:\/\/www.uartes.edu.ec\/sitio\/wp-json\/wp\/v2\/posts\/29582\/revisions\/29902"}],"wp:featuredmedia":[{"embeddable":true,"href":"https:\/\/www.uartes.edu.ec\/sitio\/wp-json\/wp\/v2\/media\/29587"}],"wp:attachment":[{"href":"https:\/\/www.uartes.edu.ec\/sitio\/wp-json\/wp\/v2\/media?parent=29582"}],"wp:term":[{"taxonomy":"category","embeddable":true,"href":"https:\/\/www.uartes.edu.ec\/sitio\/wp-json\/wp\/v2\/categories?post=29582"},{"taxonomy":"post_tag","embeddable":true,"href":"https:\/\/www.uartes.edu.ec\/sitio\/wp-json\/wp\/v2\/tags?post=29582"},{"taxonomy":"infouartes","embeddable":true,"href":"https:\/\/www.uartes.edu.ec\/sitio\/wp-json\/wp\/v2\/infouartes?post=29582"}],"curies":[{"name":"wp","href":"https:\/\/api.w.org\/{rel}","templated":true}]}}