{"id":29905,"date":"2022-10-19T16:25:00","date_gmt":"2022-10-19T21:25:00","guid":{"rendered":"http:\/\/www.uartes.edu.ec\/sitio\/?p=29905"},"modified":"2024-07-04T11:22:46","modified_gmt":"2024-07-04T16:22:46","slug":"resultados-del-mapeo-colectivo-critico-del-centrode-guayaquil-en-muestra-construir-un-nosotrxs","status":"publish","type":"post","link":"https:\/\/www.uartes.edu.ec\/sitio\/blog\/2022\/10\/19\/resultados-del-mapeo-colectivo-critico-del-centrode-guayaquil-en-muestra-construir-un-nosotrxs\/","title":{"rendered":"Resultados del Mapeo Colectivo Cr\u00edtico del Centro de Guayaquil son visibles en la exposici\u00f3n \u201cConstruir un nosotrxs\u201d"},"content":{"rendered":"\n<p>La inauguraci\u00f3n de la muestra \u201cConstruir un nosotrxs\u201d con los resultados del Mapeo Cr\u00edtico Colectivo del Centro de Guayaquil, realizado en julio pasado, marc\u00f3 tambi\u00e9n el inicio del 7mo. Encuentro Iberoamericano de Arte, Trabajo y Econom\u00eda, que coorganizado por Arte Actual de la FLACSO y la Universidad de las Artes, a trav\u00e9s del Centro de Producci\u00f3n e Innovaci\u00f3n MZ14 y el ILIA, se desarrolla desde este 18 de octubre y concluye el jueves 20.<\/p>\n\n\n\n<p>Mar\u00eda Fernanda Troya, coordinadora de la maestr\u00eda de Antropolog\u00eda Visual de la FLACSO e integrante del equipo curatorial del encuentro, dio detalles del proceso. Se\u00f1al\u00f3 que dur\u00f3 m\u00e1s de un a\u00f1o la planificaci\u00f3n y producci\u00f3n del mapeo que se realiz\u00f3 en julio (del 5 al 22) con varios actores: docentes y estudiantes UArtes, vecinos del centro de Guayaquil y artistas y gestores culturales atra\u00eddos por una convocatoria p\u00fablica.<\/p>\n\n\n\n<p>Tres fueron las dimensiones utilizadas para el mapeo: cultural, de g\u00e9nero y urbana. Hubo otras transversales, evocadas por elementos visuales, textuales y sensoriales. Entre estos, mapas y l\u00edneas de tiempo abiertos a la intervenci\u00f3n, as\u00ed como registros de videos, audios, proyecciones y juegos con cajas de luz, piezas de bordados e infograf\u00edas. \u201cEn todas ellas lo que tenemos es un resumen, un modo de mostrar unas apuestas por tratar de transmitir todo aquello que surgi\u00f3 en estas experiencias de mapeo y de caminata colectiva\u201d, explic\u00f3 Troya. El trabajo se conform\u00f3 a modo de que las informaciones no sean \u201cplanas\u201d, sino que se proyecten, ocupando el espacio e invitando a las personas a interactuar.<\/p>\n\n\n<div class=\"wp-block-image\">\n<figure class=\"aligncenter size-large\"><img fetchpriority=\"high\" decoding=\"async\" width=\"644\" height=\"362\" src=\"http:\/\/www.uartes.edu.ec\/sitio\/wp-content\/uploads\/2022\/10\/muestra04-644x362.jpeg\" alt=\"\" class=\"wp-image-29907\" srcset=\"https:\/\/www.uartes.edu.ec\/sitio\/wp-content\/uploads\/2022\/10\/muestra04-644x362.jpeg 644w, https:\/\/www.uartes.edu.ec\/sitio\/wp-content\/uploads\/2022\/10\/muestra04-768x432.jpeg 768w, https:\/\/www.uartes.edu.ec\/sitio\/wp-content\/uploads\/2022\/10\/muestra04.jpeg 1600w, https:\/\/www.uartes.edu.ec\/sitio\/wp-content\/uploads\/2022\/10\/muestra04-600x337.jpeg 600w\" sizes=\"(max-width: 644px) 100vw, 644px\" \/><\/figure>\n<\/div>\n\n\n<p>La curadur\u00eda, agreg\u00f3, se presenta tambi\u00e9n como un proceso de investigaci\u00f3n colectivo, a modo de mirar la exposici\u00f3n y generar reflexiones, desarrollar un pensamiento colectivo como una suerte de expresi\u00f3n de conocimiento, recalcando la participaci\u00f3n de todos los actores detr\u00e1s de ella. \u201cComo una colaboraci\u00f3n entre miembros de comunidades cuyas pr\u00e1cticas exigen un cierto grado de reflexibilidad y de coteorizaci\u00f3n\u201d.<\/p>\n\n\n\n<p>Esta curadur\u00eda se presenta como una obra en proceso. Pese a ser de car\u00e1cter procesual inacabado, abierto, no por ello la exposici\u00f3n no toma posici\u00f3n. \u201cEn esa apertura, en ese estar inacabado, ese estar abierto, tambi\u00e9n hay una postura\u201d, anot\u00f3 la curadora.<\/p>\n\n\n\n<p>Subray\u00f3 que en el diagn\u00f3stico sobre el <em>hipercentro<\/em> de Guayaquil surgieron temas cruciales para pensar la ciudad a trav\u00e9s del di\u00e1logo y las necesidades pol\u00edticas y p\u00fablicas desde y para los habitantes. De los m\u00e1s evidentes: la inseguridad, la violencia, el acoso y la discriminaci\u00f3n, as\u00ed como las resistencias, las reexistencias, los espacios comunes y las maneras en que la ciudad nos afecta y la afectamos.<\/p>\n\n\n<div class=\"wp-block-image\">\n<figure class=\"aligncenter size-large\"><img decoding=\"async\" width=\"644\" height=\"362\" src=\"http:\/\/www.uartes.edu.ec\/sitio\/wp-content\/uploads\/2022\/10\/muestra5-644x362.jpeg\" alt=\"\" class=\"wp-image-29908\" srcset=\"https:\/\/www.uartes.edu.ec\/sitio\/wp-content\/uploads\/2022\/10\/muestra5-644x362.jpeg 644w, https:\/\/www.uartes.edu.ec\/sitio\/wp-content\/uploads\/2022\/10\/muestra5-768x432.jpeg 768w, https:\/\/www.uartes.edu.ec\/sitio\/wp-content\/uploads\/2022\/10\/muestra5.jpeg 1600w, https:\/\/www.uartes.edu.ec\/sitio\/wp-content\/uploads\/2022\/10\/muestra5-600x337.jpeg 600w\" sizes=\"(max-width: 644px) 100vw, 644px\" \/><\/figure>\n<\/div>\n\n\n<p>Entre los grupos participantes mencion\u00f3 a los colectivos Licuadora Gestora y Cuarto Vac\u00edo, el equipo de UArtes Ediciones, docentes UArtes como Natalia Tamayo, Pablo Cardoso, Ybelice Brice\u00f1o, Juan Jos\u00e9 Ripalda, Luis P\u00e1ez y Byron Cevallos, ya sea de manera individual o junto a sus estudiantes, y los vecinos que aportaron de manera espont\u00e1nea.<\/p>\n\n\n\n<p>Espont\u00e1neamente tambi\u00e9n fueron escritos algunos \u201crelatos del futuro\u201d, una secci\u00f3n que se realiz\u00f3 durante el momento del mapeo, la cual no estaba pensada pero que surgi\u00f3 en esa apertura al imaginar futuros posibles para Guayaquil.<\/p>\n\n\n\n<h3 class=\"wp-block-heading\"><strong>La bit\u00e1cora del proceso investigativo<\/strong><\/h3>\n\n\n\n<p>Alejandra Pinto C\u00e1rdenas, quien coordin\u00f3 el mapeo e intervino este 18 de octubre en la primera mesa de di\u00e1logo del 7mo Encuentro, se\u00f1ala que la idea de la propuesta surgi\u00f3 de un colectivo de siete arquitectas, gestoras, artistas dise\u00f1adoras, para tratar de comprender, analizar e intervenir la ciudad a partir de otras herramientas que no son tradicionales del urbanismo cl\u00e1sico. Es decir, desde el arte y la cultura.<\/p>\n\n\n<div class=\"wp-block-image\">\n<figure class=\"aligncenter size-large\"><img decoding=\"async\" width=\"644\" height=\"362\" src=\"http:\/\/www.uartes.edu.ec\/sitio\/wp-content\/uploads\/2022\/10\/muestra9-644x362.jpeg\" alt=\"\" class=\"wp-image-29909\" srcset=\"https:\/\/www.uartes.edu.ec\/sitio\/wp-content\/uploads\/2022\/10\/muestra9-644x362.jpeg 644w, https:\/\/www.uartes.edu.ec\/sitio\/wp-content\/uploads\/2022\/10\/muestra9-768x432.jpeg 768w, https:\/\/www.uartes.edu.ec\/sitio\/wp-content\/uploads\/2022\/10\/muestra9.jpeg 1600w, https:\/\/www.uartes.edu.ec\/sitio\/wp-content\/uploads\/2022\/10\/muestra9-600x337.jpeg 600w\" sizes=\"(max-width: 644px) 100vw, 644px\" \/><\/figure>\n<\/div>\n\n<div class=\"wp-block-image\">\n<figure class=\"aligncenter size-large\"><img loading=\"lazy\" decoding=\"async\" width=\"644\" height=\"362\" src=\"http:\/\/www.uartes.edu.ec\/sitio\/wp-content\/uploads\/2022\/10\/muestra03-644x362.jpeg\" alt=\"\" class=\"wp-image-29913\" srcset=\"https:\/\/www.uartes.edu.ec\/sitio\/wp-content\/uploads\/2022\/10\/muestra03-644x362.jpeg 644w, https:\/\/www.uartes.edu.ec\/sitio\/wp-content\/uploads\/2022\/10\/muestra03-768x432.jpeg 768w, https:\/\/www.uartes.edu.ec\/sitio\/wp-content\/uploads\/2022\/10\/muestra03.jpeg 1600w, https:\/\/www.uartes.edu.ec\/sitio\/wp-content\/uploads\/2022\/10\/muestra03-600x337.jpeg 600w\" sizes=\"(max-width: 644px) 100vw, 644px\" \/><\/figure>\n<\/div>\n\n\n<p>\u201cLa premisa general era comprender c\u00f3mo la UArtes est\u00e1 impactando a nivel urbano y qu\u00e9 implicaciones tiene este impacto no solo urbano, sino tambi\u00e9n pol\u00edtico, econ\u00f3mico, social cultural. De alguna manera, era tratar de obtener distintas miradas para entender el centro de Guayaquil con la Universidad de las Artes\u201d, se\u00f1al\u00f3 la arquitecta.<\/p>\n\n\n\n<p>Los resultados, despu\u00e9s de varias semanas de caminatas, talleres de socializaci\u00f3n, redacci\u00f3n de relatos no previstos, fue la creaci\u00f3n de una l\u00ednea del tiempo que tom\u00f3 varios hitos expuestos en orden cronol\u00f3gico. Durante esas semanas, adem\u00e1s, estudiantes, profesores, p\u00fablico general se acercaron con relatos, fotos o intervenciones de cualquier manera para aportar a la historia colectiva.<\/p>\n\n\n\n<p>Pinto remarc\u00f3 que la \u00e9poca m\u00e1s intervenida fueron los a\u00f1os 90 hasta la actualidad, d\u00e9cada que nos corresponde. \u201cVe\u00edan c\u00f3mo la historia no es lineal. Hab\u00eda muchos hechos que solo se repiten entre ellos; los incendios, las manifestaciones de violencia, opresi\u00f3n, que tienen continuidad\u201d. Destac\u00f3, por otro lado, c\u00f3mo la Universidad de las Artes ha generado din\u00e1micas pol\u00edticas, sociales, culturales que refuerzan su presencia en el centro e historia de la ciudad.<\/p>\n\n\n<div class=\"wp-block-image\">\n<figure class=\"aligncenter size-large\"><img loading=\"lazy\" decoding=\"async\" width=\"644\" height=\"362\" src=\"http:\/\/www.uartes.edu.ec\/sitio\/wp-content\/uploads\/2022\/10\/muestra4-644x362.jpeg\" alt=\"\" class=\"wp-image-29910\" srcset=\"https:\/\/www.uartes.edu.ec\/sitio\/wp-content\/uploads\/2022\/10\/muestra4-644x362.jpeg 644w, https:\/\/www.uartes.edu.ec\/sitio\/wp-content\/uploads\/2022\/10\/muestra4-768x432.jpeg 768w, https:\/\/www.uartes.edu.ec\/sitio\/wp-content\/uploads\/2022\/10\/muestra4.jpeg 1600w, https:\/\/www.uartes.edu.ec\/sitio\/wp-content\/uploads\/2022\/10\/muestra4-600x337.jpeg 600w\" sizes=\"(max-width: 644px) 100vw, 644px\" \/><\/figure>\n<\/div>\n\n<div class=\"wp-block-image\">\n<figure class=\"aligncenter size-large\"><img loading=\"lazy\" decoding=\"async\" width=\"644\" height=\"362\" src=\"http:\/\/www.uartes.edu.ec\/sitio\/wp-content\/uploads\/2022\/10\/muestra3-644x362.jpeg\" alt=\"\" class=\"wp-image-29911\" srcset=\"https:\/\/www.uartes.edu.ec\/sitio\/wp-content\/uploads\/2022\/10\/muestra3-644x362.jpeg 644w, https:\/\/www.uartes.edu.ec\/sitio\/wp-content\/uploads\/2022\/10\/muestra3-768x432.jpeg 768w, https:\/\/www.uartes.edu.ec\/sitio\/wp-content\/uploads\/2022\/10\/muestra3.jpeg 1600w, https:\/\/www.uartes.edu.ec\/sitio\/wp-content\/uploads\/2022\/10\/muestra3-600x337.jpeg 600w\" sizes=\"(max-width: 644px) 100vw, 644px\" \/><\/figure>\n<\/div>\n\n\n<p>\u201cLa base era salir a caminar poniendo el cuerpo. Caminar acompa\u00f1ados, no solo habitar y dejarme influenciar o afectar por lo que pasa alrededor, pero tambi\u00e9n c\u00f3mo los cuerpos afectan esos espacios de lectura y escritura del espacio al mismo tiempo\u201d. No se trataba de una resistencia a relacionarse con el espacio p\u00fablico, sino por la existencia de una infraestructura y unos servicios que est\u00e1n dados a manera de no permitir esa relaci\u00f3n. Las arquitecturas, la privatizaci\u00f3n de espacios, el carrocentrismo, entre m\u00e1s factores.<\/p>\n\n\n\n<p>La escasa o nula presencia oficial de representaci\u00f3n de logros de mujeres, sin estatuas o nombres en las calles, publicidad que remarca ciertos roles de enero o la sexualizaci\u00f3n del cuerpo de la mujer, la falta de accesibilidad a rampas en ciertos espacios, fueron algunos de los temas m\u00e1s importantes de la observaci\u00f3n.<\/p>\n\n\n\n<p>Como punto importante de remarcar, es que el mapeo se llev\u00f3 a cabo tras las manifestaciones del Paro Nacional del pasado mes de julio. Eran claro, explic\u00f3, las sensaciones negativas de la ciudad en determinado momento.<\/p>\n\n\n\n<p>La sistematizaci\u00f3n del mapeo como lo m\u00e1s complejo: \u201cNo son conclusiones, son observaciones de personas que hicieron el mapeo, pero no quieren ser conclusiones, sino entender que cada uno tiene experiencia diferente y visibilizarla\u201d. El sem\u00e1foro de sensaciones, agreg\u00f3 Pinto, importante para espacializar sensaciones de qu\u00e9 tan positiva o negativa se encontraron, para luego volcarlo en el mapeo y da una visi\u00f3n m\u00e1s integral de lo que pasaba.<\/p>\n\n\n<div class=\"wp-block-image\">\n<figure class=\"aligncenter size-large\"><img loading=\"lazy\" decoding=\"async\" width=\"644\" height=\"362\" src=\"http:\/\/www.uartes.edu.ec\/sitio\/wp-content\/uploads\/2022\/10\/muestra0-644x362.jpeg\" alt=\"\" class=\"wp-image-29912\" srcset=\"https:\/\/www.uartes.edu.ec\/sitio\/wp-content\/uploads\/2022\/10\/muestra0-644x362.jpeg 644w, https:\/\/www.uartes.edu.ec\/sitio\/wp-content\/uploads\/2022\/10\/muestra0-768x432.jpeg 768w, https:\/\/www.uartes.edu.ec\/sitio\/wp-content\/uploads\/2022\/10\/muestra0.jpeg 1600w, https:\/\/www.uartes.edu.ec\/sitio\/wp-content\/uploads\/2022\/10\/muestra0-600x337.jpeg 600w\" sizes=\"(max-width: 644px) 100vw, 644px\" \/><\/figure>\n<\/div>\n\n\n<p>En la imagen principal, Mar\u00eda Fernanda Troya junto a Zaida Mux\u00ed (ETSAB-UPC), invitada internacional, quien coment\u00f3 el recorrido inaugural de la muestra \u201cConstruir un nosotrxs\u201d. En las gr\u00e1ficas siguientes varios segmentos de la exposici\u00f3n.<\/p>\n\n\n\n<p>Texto: Carmen Cortez\/Daniella Vera S., estudiante de la Escuela de Literatura<br>Fotos: Tyrone Maridue\u00f1a\/Luisa Pozo, Centro de Producci\u00f3n e Innovaci\u00f3n MZ14 <\/p>\n","protected":false},"excerpt":{"rendered":"<p>La inauguraci\u00f3n de la muestra \u201cConstruir un nosotrxs\u201d con los resultados del Mapeo Cr\u00edtico Colectivo del Centro de Guayaquil, realizado en julio, marc\u00f3 tambi\u00e9n este martes 18 de octubre el inicio del 7mo. Encuentro Iberoamericano de Arte, Trabajo y Econom\u00eda. Mar\u00eda Fernanda Troya, del equipo curatorial, dio detalles de su proceso y Alejandra Pinto, quien coordin\u00f3 el mapeo, llev\u00f3 el tema a la mesa 1 de di\u00e1logo. <\/p>\n","protected":false},"author":10,"featured_media":29906,"comment_status":"open","ping_status":"open","sticky":false,"template":"","format":"standard","meta":{"_acf_changed":false,"_uag_custom_page_level_css":"","_monsterinsights_skip_tracking":false,"_monsterinsights_sitenote_active":false,"_monsterinsights_sitenote_note":"","_monsterinsights_sitenote_category":0,"cybocfi_hide_featured_image":"","footnotes":""},"categories":[715,80,82,75,284],"tags":[521],"infouartes":[],"class_list":["post-29905","post","type-post","status-publish","format-standard","has-post-thumbnail","hentry","category-2c","category-academico","category-artes","category-docentes","category-investigacion","tag-encuentro"],"acf":[],"yoast_head":"<!-- This site is optimized with the Yoast SEO plugin v27.4 - https:\/\/yoast.com\/product\/yoast-seo-wordpress\/ -->\n<title>Universidad de las Artes - Resultados del Mapeo Colectivo Cr\u00edtico del Centro de Guayaquil son visibles en la exposici\u00f3n \u201cConstruir un nosotrxs\u201d<\/title>\n<meta name=\"description\" content=\"Universidad de las Artes - Resultados del Mapeo Colectivo Cr\u00edtico del Centro de Guayaquil son visibles en la exposici\u00f3n \u201cConstruir un nosotrxs\u201d\" \/>\n<meta name=\"robots\" content=\"index, follow, max-snippet:-1, max-image-preview:large, max-video-preview:-1\" \/>\n<link rel=\"canonical\" href=\"https:\/\/www.uartes.edu.ec\/sitio\/blog\/2022\/10\/19\/resultados-del-mapeo-colectivo-critico-del-centrode-guayaquil-en-muestra-construir-un-nosotrxs\/\" \/>\n<meta property=\"og:locale\" content=\"es_ES\" \/>\n<meta property=\"og:type\" content=\"article\" \/>\n<meta property=\"og:title\" content=\"Universidad de las Artes - Resultados del Mapeo Colectivo Cr\u00edtico del Centro de Guayaquil son visibles en la exposici\u00f3n \u201cConstruir un nosotrxs\u201d\" \/>\n<meta property=\"og:description\" content=\"Universidad de las Artes - Resultados del Mapeo Colectivo Cr\u00edtico del Centro de Guayaquil son visibles en la exposici\u00f3n \u201cConstruir un nosotrxs\u201d\" \/>\n<meta property=\"og:url\" content=\"https:\/\/www.uartes.edu.ec\/sitio\/blog\/2022\/10\/19\/resultados-del-mapeo-colectivo-critico-del-centrode-guayaquil-en-muestra-construir-un-nosotrxs\/\" \/>\n<meta property=\"og:site_name\" content=\"Universidad de las Artes\" \/>\n<meta property=\"article:publisher\" content=\"https:\/\/www.facebook.com\/uartesec\" \/>\n<meta property=\"article:published_time\" content=\"2022-10-19T21:25:00+00:00\" \/>\n<meta property=\"article:modified_time\" content=\"2024-07-04T16:22:46+00:00\" \/>\n<meta property=\"og:image\" content=\"https:\/\/www.uartes.edu.ec\/sitio\/wp-content\/uploads\/2022\/10\/INAUGURACION-09-1.jpg\" \/>\n\t<meta property=\"og:image:width\" content=\"2000\" \/>\n\t<meta property=\"og:image:height\" content=\"1333\" \/>\n\t<meta property=\"og:image:type\" content=\"image\/jpeg\" \/>\n<meta name=\"author\" content=\"ccortez\" \/>\n<meta name=\"twitter:card\" content=\"summary_large_image\" \/>\n<meta name=\"twitter:creator\" content=\"@uartesec\" \/>\n<meta name=\"twitter:site\" content=\"@uartesec\" \/>\n<meta name=\"twitter:label1\" content=\"Escrito por\" \/>\n\t<meta name=\"twitter:data1\" content=\"ccortez\" \/>\n\t<meta name=\"twitter:label2\" content=\"Tiempo de lectura\" \/>\n\t<meta name=\"twitter:data2\" content=\"7 minutos\" \/>\n<script type=\"application\/ld+json\" class=\"yoast-schema-graph\">{\"@context\":\"https:\\\/\\\/schema.org\",\"@graph\":[{\"@type\":\"Article\",\"@id\":\"https:\\\/\\\/www.uartes.edu.ec\\\/sitio\\\/blog\\\/2022\\\/10\\\/19\\\/resultados-del-mapeo-colectivo-critico-del-centrode-guayaquil-en-muestra-construir-un-nosotrxs\\\/#article\",\"isPartOf\":{\"@id\":\"https:\\\/\\\/www.uartes.edu.ec\\\/sitio\\\/blog\\\/2022\\\/10\\\/19\\\/resultados-del-mapeo-colectivo-critico-del-centrode-guayaquil-en-muestra-construir-un-nosotrxs\\\/\"},\"author\":{\"name\":\"ccortez\",\"@id\":\"https:\\\/\\\/www.uartes.edu.ec\\\/sitio\\\/#\\\/schema\\\/person\\\/efa1b8275797664fd7f13a79ccc0b1f4\"},\"headline\":\"Resultados del Mapeo Colectivo Cr\u00edtico del Centro de Guayaquil son visibles en la exposici\u00f3n \u201cConstruir un nosotrxs\u201d\",\"datePublished\":\"2022-10-19T21:25:00+00:00\",\"dateModified\":\"2024-07-04T16:22:46+00:00\",\"mainEntityOfPage\":{\"@id\":\"https:\\\/\\\/www.uartes.edu.ec\\\/sitio\\\/blog\\\/2022\\\/10\\\/19\\\/resultados-del-mapeo-colectivo-critico-del-centrode-guayaquil-en-muestra-construir-un-nosotrxs\\\/\"},\"wordCount\":1176,\"commentCount\":0,\"publisher\":{\"@id\":\"https:\\\/\\\/www.uartes.edu.ec\\\/sitio\\\/#organization\"},\"image\":{\"@id\":\"https:\\\/\\\/www.uartes.edu.ec\\\/sitio\\\/blog\\\/2022\\\/10\\\/19\\\/resultados-del-mapeo-colectivo-critico-del-centrode-guayaquil-en-muestra-construir-un-nosotrxs\\\/#primaryimage\"},\"thumbnailUrl\":\"https:\\\/\\\/www.uartes.edu.ec\\\/sitio\\\/wp-content\\\/uploads\\\/2022\\\/10\\\/INAUGURACION-09-1.jpg\",\"keywords\":[\"encuentro\"],\"articleSection\":[\"2C\",\"Acad\u00e9mico\",\"Artes\",\"Docentes\",\"Investigaci\u00f3n\"],\"inLanguage\":\"es\",\"potentialAction\":[{\"@type\":\"CommentAction\",\"name\":\"Comment\",\"target\":[\"https:\\\/\\\/www.uartes.edu.ec\\\/sitio\\\/blog\\\/2022\\\/10\\\/19\\\/resultados-del-mapeo-colectivo-critico-del-centrode-guayaquil-en-muestra-construir-un-nosotrxs\\\/#respond\"]}]},{\"@type\":[\"WebPage\",\"ItemPage\"],\"@id\":\"https:\\\/\\\/www.uartes.edu.ec\\\/sitio\\\/blog\\\/2022\\\/10\\\/19\\\/resultados-del-mapeo-colectivo-critico-del-centrode-guayaquil-en-muestra-construir-un-nosotrxs\\\/\",\"url\":\"https:\\\/\\\/www.uartes.edu.ec\\\/sitio\\\/blog\\\/2022\\\/10\\\/19\\\/resultados-del-mapeo-colectivo-critico-del-centrode-guayaquil-en-muestra-construir-un-nosotrxs\\\/\",\"name\":\"Universidad de las Artes - Resultados del Mapeo Colectivo Cr\u00edtico del Centro de Guayaquil son visibles en la exposici\u00f3n \u201cConstruir un nosotrxs\u201d\",\"isPartOf\":{\"@id\":\"https:\\\/\\\/www.uartes.edu.ec\\\/sitio\\\/#website\"},\"primaryImageOfPage\":{\"@id\":\"https:\\\/\\\/www.uartes.edu.ec\\\/sitio\\\/blog\\\/2022\\\/10\\\/19\\\/resultados-del-mapeo-colectivo-critico-del-centrode-guayaquil-en-muestra-construir-un-nosotrxs\\\/#primaryimage\"},\"image\":{\"@id\":\"https:\\\/\\\/www.uartes.edu.ec\\\/sitio\\\/blog\\\/2022\\\/10\\\/19\\\/resultados-del-mapeo-colectivo-critico-del-centrode-guayaquil-en-muestra-construir-un-nosotrxs\\\/#primaryimage\"},\"thumbnailUrl\":\"https:\\\/\\\/www.uartes.edu.ec\\\/sitio\\\/wp-content\\\/uploads\\\/2022\\\/10\\\/INAUGURACION-09-1.jpg\",\"datePublished\":\"2022-10-19T21:25:00+00:00\",\"dateModified\":\"2024-07-04T16:22:46+00:00\",\"description\":\"Universidad de las Artes - Resultados del Mapeo Colectivo Cr\u00edtico del Centro de Guayaquil son visibles en la exposici\u00f3n \u201cConstruir un nosotrxs\u201d\",\"breadcrumb\":{\"@id\":\"https:\\\/\\\/www.uartes.edu.ec\\\/sitio\\\/blog\\\/2022\\\/10\\\/19\\\/resultados-del-mapeo-colectivo-critico-del-centrode-guayaquil-en-muestra-construir-un-nosotrxs\\\/#breadcrumb\"},\"inLanguage\":\"es\",\"potentialAction\":[{\"@type\":\"ReadAction\",\"target\":[\"https:\\\/\\\/www.uartes.edu.ec\\\/sitio\\\/blog\\\/2022\\\/10\\\/19\\\/resultados-del-mapeo-colectivo-critico-del-centrode-guayaquil-en-muestra-construir-un-nosotrxs\\\/\"]}]},{\"@type\":\"ImageObject\",\"inLanguage\":\"es\",\"@id\":\"https:\\\/\\\/www.uartes.edu.ec\\\/sitio\\\/blog\\\/2022\\\/10\\\/19\\\/resultados-del-mapeo-colectivo-critico-del-centrode-guayaquil-en-muestra-construir-un-nosotrxs\\\/#primaryimage\",\"url\":\"https:\\\/\\\/www.uartes.edu.ec\\\/sitio\\\/wp-content\\\/uploads\\\/2022\\\/10\\\/INAUGURACION-09-1.jpg\",\"contentUrl\":\"https:\\\/\\\/www.uartes.edu.ec\\\/sitio\\\/wp-content\\\/uploads\\\/2022\\\/10\\\/INAUGURACION-09-1.jpg\",\"width\":2000,\"height\":1333},{\"@type\":\"BreadcrumbList\",\"@id\":\"https:\\\/\\\/www.uartes.edu.ec\\\/sitio\\\/blog\\\/2022\\\/10\\\/19\\\/resultados-del-mapeo-colectivo-critico-del-centrode-guayaquil-en-muestra-construir-un-nosotrxs\\\/#breadcrumb\",\"itemListElement\":[{\"@type\":\"ListItem\",\"position\":1,\"name\":\"Inicio\",\"item\":\"https:\\\/\\\/www.uartes.edu.ec\\\/sitio\\\/\"},{\"@type\":\"ListItem\",\"position\":2,\"name\":\"Resultados del Mapeo Colectivo Cr\u00edtico del Centro de Guayaquil son visibles en la exposici\u00f3n \u201cConstruir un nosotrxs\u201d\"}]},{\"@type\":\"WebSite\",\"@id\":\"https:\\\/\\\/www.uartes.edu.ec\\\/sitio\\\/#website\",\"url\":\"https:\\\/\\\/www.uartes.edu.ec\\\/sitio\\\/\",\"name\":\"Universidad de las Artes\",\"description\":\"Sitio oficial de la Universidad Nacional de las Artes del Ecuador\",\"publisher\":{\"@id\":\"https:\\\/\\\/www.uartes.edu.ec\\\/sitio\\\/#organization\"},\"potentialAction\":[{\"@type\":\"SearchAction\",\"target\":{\"@type\":\"EntryPoint\",\"urlTemplate\":\"https:\\\/\\\/www.uartes.edu.ec\\\/sitio\\\/?s={search_term_string}\"},\"query-input\":{\"@type\":\"PropertyValueSpecification\",\"valueRequired\":true,\"valueName\":\"search_term_string\"}}],\"inLanguage\":\"es\"},{\"@type\":\"Organization\",\"@id\":\"https:\\\/\\\/www.uartes.edu.ec\\\/sitio\\\/#organization\",\"name\":\"Universidad de las Artes\",\"url\":\"https:\\\/\\\/www.uartes.edu.ec\\\/sitio\\\/\",\"logo\":{\"@type\":\"ImageObject\",\"inLanguage\":\"es\",\"@id\":\"https:\\\/\\\/www.uartes.edu.ec\\\/sitio\\\/#\\\/schema\\\/logo\\\/image\\\/\",\"url\":\"https:\\\/\\\/www.uartes.edu.ec\\\/sitio\\\/wp-content\\\/uploads\\\/2022\\\/07\\\/logo-ua-horizontal.png\",\"contentUrl\":\"https:\\\/\\\/www.uartes.edu.ec\\\/sitio\\\/wp-content\\\/uploads\\\/2022\\\/07\\\/logo-ua-horizontal.png\",\"width\":800,\"height\":276,\"caption\":\"Universidad de las Artes\"},\"image\":{\"@id\":\"https:\\\/\\\/www.uartes.edu.ec\\\/sitio\\\/#\\\/schema\\\/logo\\\/image\\\/\"},\"sameAs\":[\"https:\\\/\\\/www.facebook.com\\\/uartesec\",\"https:\\\/\\\/x.com\\\/uartesec\",\"https:\\\/\\\/www.tiktok.com\\\/@uartesec\"]},{\"@type\":\"Person\",\"@id\":\"https:\\\/\\\/www.uartes.edu.ec\\\/sitio\\\/#\\\/schema\\\/person\\\/efa1b8275797664fd7f13a79ccc0b1f4\",\"name\":\"ccortez\",\"image\":{\"@type\":\"ImageObject\",\"inLanguage\":\"es\",\"@id\":\"https:\\\/\\\/secure.gravatar.com\\\/avatar\\\/b2a6f664a3ae8e074346ef91775736c5ec479e637ecced6842de9dc98b5da9cd?s=96&d=mm&r=g\",\"url\":\"https:\\\/\\\/secure.gravatar.com\\\/avatar\\\/b2a6f664a3ae8e074346ef91775736c5ec479e637ecced6842de9dc98b5da9cd?s=96&d=mm&r=g\",\"contentUrl\":\"https:\\\/\\\/secure.gravatar.com\\\/avatar\\\/b2a6f664a3ae8e074346ef91775736c5ec479e637ecced6842de9dc98b5da9cd?s=96&d=mm&r=g\",\"caption\":\"ccortez\"},\"url\":\"https:\\\/\\\/www.uartes.edu.ec\\\/sitio\\\/blog\\\/author\\\/ccortez\\\/\"}]}<\/script>\n<!-- \/ Yoast SEO plugin. -->","yoast_head_json":{"title":"Universidad de las Artes - Resultados del Mapeo Colectivo Cr\u00edtico del Centro de Guayaquil son visibles en la exposici\u00f3n \u201cConstruir un nosotrxs\u201d","description":"Universidad de las Artes - Resultados del Mapeo Colectivo Cr\u00edtico del Centro de Guayaquil son visibles en la exposici\u00f3n \u201cConstruir un nosotrxs\u201d","robots":{"index":"index","follow":"follow","max-snippet":"max-snippet:-1","max-image-preview":"max-image-preview:large","max-video-preview":"max-video-preview:-1"},"canonical":"https:\/\/www.uartes.edu.ec\/sitio\/blog\/2022\/10\/19\/resultados-del-mapeo-colectivo-critico-del-centrode-guayaquil-en-muestra-construir-un-nosotrxs\/","og_locale":"es_ES","og_type":"article","og_title":"Universidad de las Artes - Resultados del Mapeo Colectivo Cr\u00edtico del Centro de Guayaquil son visibles en la exposici\u00f3n \u201cConstruir un nosotrxs\u201d","og_description":"Universidad de las Artes - Resultados del Mapeo Colectivo Cr\u00edtico del Centro de Guayaquil son visibles en la exposici\u00f3n \u201cConstruir un nosotrxs\u201d","og_url":"https:\/\/www.uartes.edu.ec\/sitio\/blog\/2022\/10\/19\/resultados-del-mapeo-colectivo-critico-del-centrode-guayaquil-en-muestra-construir-un-nosotrxs\/","og_site_name":"Universidad de las Artes","article_publisher":"https:\/\/www.facebook.com\/uartesec","article_published_time":"2022-10-19T21:25:00+00:00","article_modified_time":"2024-07-04T16:22:46+00:00","og_image":[{"width":2000,"height":1333,"url":"https:\/\/www.uartes.edu.ec\/sitio\/wp-content\/uploads\/2022\/10\/INAUGURACION-09-1.jpg","type":"image\/jpeg"}],"author":"ccortez","twitter_card":"summary_large_image","twitter_creator":"@uartesec","twitter_site":"@uartesec","twitter_misc":{"Escrito por":"ccortez","Tiempo de lectura":"7 minutos"},"schema":{"@context":"https:\/\/schema.org","@graph":[{"@type":"Article","@id":"https:\/\/www.uartes.edu.ec\/sitio\/blog\/2022\/10\/19\/resultados-del-mapeo-colectivo-critico-del-centrode-guayaquil-en-muestra-construir-un-nosotrxs\/#article","isPartOf":{"@id":"https:\/\/www.uartes.edu.ec\/sitio\/blog\/2022\/10\/19\/resultados-del-mapeo-colectivo-critico-del-centrode-guayaquil-en-muestra-construir-un-nosotrxs\/"},"author":{"name":"ccortez","@id":"https:\/\/www.uartes.edu.ec\/sitio\/#\/schema\/person\/efa1b8275797664fd7f13a79ccc0b1f4"},"headline":"Resultados del Mapeo Colectivo Cr\u00edtico del Centro de Guayaquil son visibles en la exposici\u00f3n \u201cConstruir un nosotrxs\u201d","datePublished":"2022-10-19T21:25:00+00:00","dateModified":"2024-07-04T16:22:46+00:00","mainEntityOfPage":{"@id":"https:\/\/www.uartes.edu.ec\/sitio\/blog\/2022\/10\/19\/resultados-del-mapeo-colectivo-critico-del-centrode-guayaquil-en-muestra-construir-un-nosotrxs\/"},"wordCount":1176,"commentCount":0,"publisher":{"@id":"https:\/\/www.uartes.edu.ec\/sitio\/#organization"},"image":{"@id":"https:\/\/www.uartes.edu.ec\/sitio\/blog\/2022\/10\/19\/resultados-del-mapeo-colectivo-critico-del-centrode-guayaquil-en-muestra-construir-un-nosotrxs\/#primaryimage"},"thumbnailUrl":"https:\/\/www.uartes.edu.ec\/sitio\/wp-content\/uploads\/2022\/10\/INAUGURACION-09-1.jpg","keywords":["encuentro"],"articleSection":["2C","Acad\u00e9mico","Artes","Docentes","Investigaci\u00f3n"],"inLanguage":"es","potentialAction":[{"@type":"CommentAction","name":"Comment","target":["https:\/\/www.uartes.edu.ec\/sitio\/blog\/2022\/10\/19\/resultados-del-mapeo-colectivo-critico-del-centrode-guayaquil-en-muestra-construir-un-nosotrxs\/#respond"]}]},{"@type":["WebPage","ItemPage"],"@id":"https:\/\/www.uartes.edu.ec\/sitio\/blog\/2022\/10\/19\/resultados-del-mapeo-colectivo-critico-del-centrode-guayaquil-en-muestra-construir-un-nosotrxs\/","url":"https:\/\/www.uartes.edu.ec\/sitio\/blog\/2022\/10\/19\/resultados-del-mapeo-colectivo-critico-del-centrode-guayaquil-en-muestra-construir-un-nosotrxs\/","name":"Universidad de las Artes - Resultados del Mapeo Colectivo Cr\u00edtico del Centro de Guayaquil son visibles en la exposici\u00f3n \u201cConstruir un nosotrxs\u201d","isPartOf":{"@id":"https:\/\/www.uartes.edu.ec\/sitio\/#website"},"primaryImageOfPage":{"@id":"https:\/\/www.uartes.edu.ec\/sitio\/blog\/2022\/10\/19\/resultados-del-mapeo-colectivo-critico-del-centrode-guayaquil-en-muestra-construir-un-nosotrxs\/#primaryimage"},"image":{"@id":"https:\/\/www.uartes.edu.ec\/sitio\/blog\/2022\/10\/19\/resultados-del-mapeo-colectivo-critico-del-centrode-guayaquil-en-muestra-construir-un-nosotrxs\/#primaryimage"},"thumbnailUrl":"https:\/\/www.uartes.edu.ec\/sitio\/wp-content\/uploads\/2022\/10\/INAUGURACION-09-1.jpg","datePublished":"2022-10-19T21:25:00+00:00","dateModified":"2024-07-04T16:22:46+00:00","description":"Universidad de las Artes - Resultados del Mapeo Colectivo Cr\u00edtico del Centro de Guayaquil son visibles en la exposici\u00f3n \u201cConstruir un nosotrxs\u201d","breadcrumb":{"@id":"https:\/\/www.uartes.edu.ec\/sitio\/blog\/2022\/10\/19\/resultados-del-mapeo-colectivo-critico-del-centrode-guayaquil-en-muestra-construir-un-nosotrxs\/#breadcrumb"},"inLanguage":"es","potentialAction":[{"@type":"ReadAction","target":["https:\/\/www.uartes.edu.ec\/sitio\/blog\/2022\/10\/19\/resultados-del-mapeo-colectivo-critico-del-centrode-guayaquil-en-muestra-construir-un-nosotrxs\/"]}]},{"@type":"ImageObject","inLanguage":"es","@id":"https:\/\/www.uartes.edu.ec\/sitio\/blog\/2022\/10\/19\/resultados-del-mapeo-colectivo-critico-del-centrode-guayaquil-en-muestra-construir-un-nosotrxs\/#primaryimage","url":"https:\/\/www.uartes.edu.ec\/sitio\/wp-content\/uploads\/2022\/10\/INAUGURACION-09-1.jpg","contentUrl":"https:\/\/www.uartes.edu.ec\/sitio\/wp-content\/uploads\/2022\/10\/INAUGURACION-09-1.jpg","width":2000,"height":1333},{"@type":"BreadcrumbList","@id":"https:\/\/www.uartes.edu.ec\/sitio\/blog\/2022\/10\/19\/resultados-del-mapeo-colectivo-critico-del-centrode-guayaquil-en-muestra-construir-un-nosotrxs\/#breadcrumb","itemListElement":[{"@type":"ListItem","position":1,"name":"Inicio","item":"https:\/\/www.uartes.edu.ec\/sitio\/"},{"@type":"ListItem","position":2,"name":"Resultados del Mapeo Colectivo Cr\u00edtico del Centro de Guayaquil son visibles en la exposici\u00f3n \u201cConstruir un nosotrxs\u201d"}]},{"@type":"WebSite","@id":"https:\/\/www.uartes.edu.ec\/sitio\/#website","url":"https:\/\/www.uartes.edu.ec\/sitio\/","name":"Universidad de las Artes","description":"Sitio oficial de la Universidad Nacional de las Artes del Ecuador","publisher":{"@id":"https:\/\/www.uartes.edu.ec\/sitio\/#organization"},"potentialAction":[{"@type":"SearchAction","target":{"@type":"EntryPoint","urlTemplate":"https:\/\/www.uartes.edu.ec\/sitio\/?s={search_term_string}"},"query-input":{"@type":"PropertyValueSpecification","valueRequired":true,"valueName":"search_term_string"}}],"inLanguage":"es"},{"@type":"Organization","@id":"https:\/\/www.uartes.edu.ec\/sitio\/#organization","name":"Universidad de las Artes","url":"https:\/\/www.uartes.edu.ec\/sitio\/","logo":{"@type":"ImageObject","inLanguage":"es","@id":"https:\/\/www.uartes.edu.ec\/sitio\/#\/schema\/logo\/image\/","url":"https:\/\/www.uartes.edu.ec\/sitio\/wp-content\/uploads\/2022\/07\/logo-ua-horizontal.png","contentUrl":"https:\/\/www.uartes.edu.ec\/sitio\/wp-content\/uploads\/2022\/07\/logo-ua-horizontal.png","width":800,"height":276,"caption":"Universidad de las Artes"},"image":{"@id":"https:\/\/www.uartes.edu.ec\/sitio\/#\/schema\/logo\/image\/"},"sameAs":["https:\/\/www.facebook.com\/uartesec","https:\/\/x.com\/uartesec","https:\/\/www.tiktok.com\/@uartesec"]},{"@type":"Person","@id":"https:\/\/www.uartes.edu.ec\/sitio\/#\/schema\/person\/efa1b8275797664fd7f13a79ccc0b1f4","name":"ccortez","image":{"@type":"ImageObject","inLanguage":"es","@id":"https:\/\/secure.gravatar.com\/avatar\/b2a6f664a3ae8e074346ef91775736c5ec479e637ecced6842de9dc98b5da9cd?s=96&d=mm&r=g","url":"https:\/\/secure.gravatar.com\/avatar\/b2a6f664a3ae8e074346ef91775736c5ec479e637ecced6842de9dc98b5da9cd?s=96&d=mm&r=g","contentUrl":"https:\/\/secure.gravatar.com\/avatar\/b2a6f664a3ae8e074346ef91775736c5ec479e637ecced6842de9dc98b5da9cd?s=96&d=mm&r=g","caption":"ccortez"},"url":"https:\/\/www.uartes.edu.ec\/sitio\/blog\/author\/ccortez\/"}]}},"uagb_featured_image_src":{"full":["https:\/\/www.uartes.edu.ec\/sitio\/wp-content\/uploads\/2022\/10\/INAUGURACION-09-1.jpg",2000,1333,false],"thumbnail":["https:\/\/www.uartes.edu.ec\/sitio\/wp-content\/uploads\/2022\/10\/INAUGURACION-09-1-150x150.jpg",150,150,true],"medium":["https:\/\/www.uartes.edu.ec\/sitio\/wp-content\/uploads\/2022\/10\/INAUGURACION-09-1-300x200.jpg",300,200,true],"medium_large":["https:\/\/www.uartes.edu.ec\/sitio\/wp-content\/uploads\/2022\/10\/INAUGURACION-09-1-768x512.jpg",768,512,true],"large":["https:\/\/www.uartes.edu.ec\/sitio\/wp-content\/uploads\/2022\/10\/INAUGURACION-09-1-644x429.jpg",644,429,true],"1536x1536":["https:\/\/www.uartes.edu.ec\/sitio\/wp-content\/uploads\/2022\/10\/INAUGURACION-09-1-1536x1024.jpg",1536,1024,true],"2048x2048":["https:\/\/www.uartes.edu.ec\/sitio\/wp-content\/uploads\/2022\/10\/INAUGURACION-09-1.jpg",2000,1333,false],"trp-custom-language-flag":["https:\/\/www.uartes.edu.ec\/sitio\/wp-content\/uploads\/2022\/10\/INAUGURACION-09-1.jpg",18,12,false],"htmega_size_585x295":["https:\/\/www.uartes.edu.ec\/sitio\/wp-content\/uploads\/2022\/10\/INAUGURACION-09-1.jpg",443,295,false],"htmega_size_1170x536":["https:\/\/www.uartes.edu.ec\/sitio\/wp-content\/uploads\/2022\/10\/INAUGURACION-09-1.jpg",804,536,false],"htmega_size_396x360":["https:\/\/www.uartes.edu.ec\/sitio\/wp-content\/uploads\/2022\/10\/INAUGURACION-09-1.jpg",396,264,false],"gb-block-post-grid-landscape":["https:\/\/www.uartes.edu.ec\/sitio\/wp-content\/uploads\/2022\/10\/INAUGURACION-09-1.jpg",600,400,false],"gb-block-post-grid-square":["https:\/\/www.uartes.edu.ec\/sitio\/wp-content\/uploads\/2022\/10\/INAUGURACION-09-1.jpg",600,400,false],"university-hub-thumb":["https:\/\/www.uartes.edu.ec\/sitio\/wp-content\/uploads\/2022\/10\/INAUGURACION-09-1-400x267.jpg",400,267,true]},"uagb_author_info":{"display_name":"ccortez","author_link":"https:\/\/www.uartes.edu.ec\/sitio\/blog\/author\/ccortez\/"},"uagb_comment_info":0,"uagb_excerpt":"La inauguraci\u00f3n de la muestra \u201cConstruir un nosotrxs\u201d con los resultados del Mapeo Cr\u00edtico Colectivo del Centro de Guayaquil, realizado en julio, marc\u00f3 tambi\u00e9n este martes 18 de octubre el inicio del 7mo. Encuentro Iberoamericano de Arte, Trabajo y Econom\u00eda. Mar\u00eda Fernanda Troya, del equipo curatorial, dio detalles de su proceso y Alejandra Pinto, quien&hellip;","featured_image_src":"https:\/\/www.uartes.edu.ec\/sitio\/wp-content\/uploads\/2022\/10\/INAUGURACION-09-1.jpg","featured_image_src_square":"https:\/\/www.uartes.edu.ec\/sitio\/wp-content\/uploads\/2022\/10\/INAUGURACION-09-1.jpg","author_info":{"display_name":"ccortez","author_link":"https:\/\/www.uartes.edu.ec\/sitio\/blog\/author\/ccortez\/"},"publishpress_future_workflow_manual_trigger":{"enabledWorkflows":[]},"distributor_meta":false,"distributor_terms":false,"distributor_media":false,"distributor_original_site_name":"Universidad de las Artes","distributor_original_site_url":"https:\/\/www.uartes.edu.ec\/sitio","push-errors":false,"_links":{"self":[{"href":"https:\/\/www.uartes.edu.ec\/sitio\/wp-json\/wp\/v2\/posts\/29905","targetHints":{"allow":["GET"]}}],"collection":[{"href":"https:\/\/www.uartes.edu.ec\/sitio\/wp-json\/wp\/v2\/posts"}],"about":[{"href":"https:\/\/www.uartes.edu.ec\/sitio\/wp-json\/wp\/v2\/types\/post"}],"author":[{"embeddable":true,"href":"https:\/\/www.uartes.edu.ec\/sitio\/wp-json\/wp\/v2\/users\/10"}],"replies":[{"embeddable":true,"href":"https:\/\/www.uartes.edu.ec\/sitio\/wp-json\/wp\/v2\/comments?post=29905"}],"version-history":[{"count":10,"href":"https:\/\/www.uartes.edu.ec\/sitio\/wp-json\/wp\/v2\/posts\/29905\/revisions"}],"predecessor-version":[{"id":30553,"href":"https:\/\/www.uartes.edu.ec\/sitio\/wp-json\/wp\/v2\/posts\/29905\/revisions\/30553"}],"wp:featuredmedia":[{"embeddable":true,"href":"https:\/\/www.uartes.edu.ec\/sitio\/wp-json\/wp\/v2\/media\/29906"}],"wp:attachment":[{"href":"https:\/\/www.uartes.edu.ec\/sitio\/wp-json\/wp\/v2\/media?parent=29905"}],"wp:term":[{"taxonomy":"category","embeddable":true,"href":"https:\/\/www.uartes.edu.ec\/sitio\/wp-json\/wp\/v2\/categories?post=29905"},{"taxonomy":"post_tag","embeddable":true,"href":"https:\/\/www.uartes.edu.ec\/sitio\/wp-json\/wp\/v2\/tags?post=29905"},{"taxonomy":"infouartes","embeddable":true,"href":"https:\/\/www.uartes.edu.ec\/sitio\/wp-json\/wp\/v2\/infouartes?post=29905"}],"curies":[{"name":"wp","href":"https:\/\/api.w.org\/{rel}","templated":true}]}}