{"id":30119,"date":"2022-10-19T18:15:00","date_gmt":"2022-10-19T23:15:00","guid":{"rendered":"http:\/\/www.uartes.edu.ec\/sitio\/?p=30119"},"modified":"2024-07-04T11:22:46","modified_gmt":"2024-07-04T16:22:46","slug":"lupe-alvarez-llevo-a-mesa-de-dialogo-la-inquietud-de-lo-que-pasa-cuando-los-artistas-se-graduan","status":"publish","type":"post","link":"https:\/\/www.uartes.edu.ec\/sitio\/blog\/2022\/10\/19\/lupe-alvarez-llevo-a-mesa-de-dialogo-la-inquietud-de-lo-que-pasa-cuando-los-artistas-se-graduan\/","title":{"rendered":"Lupe \u00c1lvarez analiz\u00f3 en di\u00e1logo \u201c\u00bfqu\u00e9 pasa cuando los artistas se grad\u00faan?\u201d"},"content":{"rendered":"\n<p>En la escena art\u00edstica y la ense\u00f1anza especializada del arte se centr\u00f3 la ponencia de la curadora, investigadora, cr\u00edtica de arte y docente de la UArtes Lupe \u00c1lvarez en la mesa de di\u00e1logo que abord\u00f3 la tem\u00e1tica \u201cSituarnos\u201d, en el 7mo. Encuentro Iberoamericano de Arte, Trabajo y Econom\u00eda, coordinado por Arte Actual de la FLACSO y la UArtes.<\/p>\n\n\n\n<p>Citando al artista uruguayo Luis Camnitzer, \u00c1lvarez expres\u00f3 la preocupaci\u00f3n por el destino de los artistas luego de terminar sus estudios universitarios y enfrentarse a campos laborales \u201cmuy escuetos para poder llevar a cabo las expectativas de sus formaciones\u201d. Que ha vivido en Guayaquil por 25 a\u00f1os y ha experimentado la graduaci\u00f3n de muchos de sus estudiantes que deben desenvolverse en la \u201cprecariedad institucional cultural\u201d.<\/p>\n\n\n\n<p>En Guayaquil, ampli\u00f3, se habla de crisis de las instituciones culturales desde hace tiempo, refiri\u00e9ndose a la red de museos que existen en la ciudad. Realiz\u00f3 un paneo, desde el 2012, de una serie de espacios independientes no institucionales que se han levantado con gesti\u00f3n propia, ciertos modos de trabajo y c\u00f3mo se han impuesto en din\u00e1micas de ciudad. Mencion\u00f3 din\u00e1micas de modo de trabajo en colaboraci\u00f3n, gestos de apropiaci\u00f3n arquitect\u00f3nica irregular, pero que catalizan reflexiones patrimoniales, relaciones particulares comunitarias y procesos de colaboraci\u00f3n y solidaridad.<\/p>\n\n\n\n<p>Su enfoque no estaba en el centro de la ciudad de Guayaquil, sino m\u00e1s bien en los barrios perif\u00e9ricos de la urbe, espacios que no tienen nada que ver con la imagen de \u201cciudad regenerada\u201d.<\/p>\n\n\n\n<h3 class=\"wp-block-heading\"><strong>Ensayo museogr\u00e1fico real<\/strong><\/h3>\n\n\n\n<p>Lupe \u00c1lvarez present\u00f3, en diapositivas, el espacio Entelequia, galer\u00eda que habit\u00f3 el barrio Esteros, al Sur de la ciudad. \u201cDesde el punto de vista de su h\u00e1bitat y condiciones siempre al borde de la destrucci\u00f3n. Ciudad que ha vivido procesos de decadencia, destrucci\u00f3n y h\u00e1bitat al borde del abismo\u201d. En un ensayo museogr\u00e1fico real, se vislumbr\u00f3 el espacio inhabitable, la apropiaci\u00f3n ilegal de espacio y c\u00f3mo la mayor\u00eda de los espacios independientes en zonas perif\u00e9ricas se habitan con dificultad.<\/p>\n\n\n\n<p>Al cuestionar \u00bfqu\u00e9 pasa cuando los artistas se grad\u00faan?, \u00c1lvarez tambi\u00e9n se pregunt\u00f3\u00bfqu\u00e9 pasa en un mercado laboral absolutamente hu\u00e9rfano donde pocos pueden obtener un puesto en la academia o pueden obtener un puesto formal en un colegio? Present\u00f3 entonces una cartograf\u00eda donde mostr\u00f3 espacios art\u00edsticos gestionados, habilitados y financiados por artistas, como Taller Maldonado, Under Complejo Cultural, Observatorio Letran y Jun\u00edn.<\/p>\n\n\n\n<p>La acad\u00e9mica mencion\u00f3 a los artistas que prestan servicios de asistencia art\u00edstica, convenios con dise\u00f1adores de interiores, labores de edici\u00f3n, dise\u00f1o gr\u00e1fico, producci\u00f3n de libros de arte, colaboraci\u00f3n con medios de difusi\u00f3n, gesti\u00f3n independiente de artistas (por redes sociales), gestores de arte p\u00fablico, coleccionistas, etc.<\/p>\n\n\n\n<p>Ante la inquietud del p\u00fablico de lo que desea de Guayaquil como ciudad, \u00c1lvarez remarc\u00f3 la descentralizaci\u00f3n de la urbe, la reinterpretaci\u00f3n, la intervenci\u00f3n de la ciudad y la presencia de espacios de resistencia.<\/p>\n\n\n\n<p>Texto: Daniella Vera S., estudiante de la Escuela de Literatura. Edici\u00f3n: Carmen Cortez<\/p>\n","protected":false},"excerpt":{"rendered":"<p>En la escena art\u00edstica y la ense\u00f1anza especializada del arte se centr\u00f3 la ponencia de la docente UArtes Lupe \u00c1lvarez en la mesa de di\u00e1logo que abord\u00f3 la tem\u00e1tica \u201cSituarnos\u201d, en el 7mo. Encuentro Iberoamericano de Arte, Trabajo y Econom\u00eda. Citando al artista uruguayo Luis Camnitzer, la curadora e investigadora expres\u00f3 la preocupaci\u00f3n por el destino de los artistas tras terminar sus estudios universitarios y enfrentarse a campos laborales. <\/p>\n","protected":false},"author":10,"featured_media":30765,"comment_status":"open","ping_status":"open","sticky":false,"template":"","format":"standard","meta":{"_acf_changed":false,"_uag_custom_page_level_css":"","_monsterinsights_skip_tracking":false,"_monsterinsights_sitenote_active":false,"_monsterinsights_sitenote_note":"","_monsterinsights_sitenote_category":0,"cybocfi_hide_featured_image":"","footnotes":""},"categories":[80,82,75,76,284],"tags":[802],"infouartes":[],"class_list":["post-30119","post","type-post","status-publish","format-standard","has-post-thumbnail","hentry","category-academico","category-artes","category-docentes","category-estudiantes","category-investigacion","tag-encuentro-iberoamericano"],"acf":[],"yoast_head":"<!-- This site is optimized with the Yoast SEO plugin v27.4 - https:\/\/yoast.com\/product\/yoast-seo-wordpress\/ -->\n<title>Universidad de las Artes - Lupe \u00c1lvarez analiz\u00f3 en di\u00e1logo \u201c\u00bfqu\u00e9 pasa cuando los artistas se grad\u00faan?\u201d<\/title>\n<meta name=\"description\" content=\"Universidad de las Artes - Lupe \u00c1lvarez analiz\u00f3 en di\u00e1logo \u201c\u00bfqu\u00e9 pasa cuando los artistas se grad\u00faan?\u201d\" \/>\n<meta name=\"robots\" content=\"index, follow, max-snippet:-1, max-image-preview:large, max-video-preview:-1\" \/>\n<link rel=\"canonical\" href=\"https:\/\/www.uartes.edu.ec\/sitio\/blog\/2022\/10\/19\/lupe-alvarez-llevo-a-mesa-de-dialogo-la-inquietud-de-lo-que-pasa-cuando-los-artistas-se-graduan\/\" \/>\n<meta property=\"og:locale\" content=\"es_ES\" \/>\n<meta property=\"og:type\" content=\"article\" \/>\n<meta property=\"og:title\" content=\"Universidad de las Artes - Lupe \u00c1lvarez analiz\u00f3 en di\u00e1logo \u201c\u00bfqu\u00e9 pasa cuando los artistas se grad\u00faan?\u201d\" \/>\n<meta property=\"og:description\" content=\"Universidad de las Artes - Lupe \u00c1lvarez analiz\u00f3 en di\u00e1logo \u201c\u00bfqu\u00e9 pasa cuando los artistas se grad\u00faan?\u201d\" \/>\n<meta property=\"og:url\" content=\"https:\/\/www.uartes.edu.ec\/sitio\/blog\/2022\/10\/19\/lupe-alvarez-llevo-a-mesa-de-dialogo-la-inquietud-de-lo-que-pasa-cuando-los-artistas-se-graduan\/\" \/>\n<meta property=\"og:site_name\" content=\"Universidad de las Artes\" \/>\n<meta property=\"article:publisher\" content=\"https:\/\/www.facebook.com\/uartesec\" \/>\n<meta property=\"article:published_time\" content=\"2022-10-19T23:15:00+00:00\" \/>\n<meta property=\"article:modified_time\" content=\"2024-07-04T16:22:46+00:00\" \/>\n<meta property=\"og:image\" content=\"https:\/\/www.uartes.edu.ec\/sitio\/wp-content\/uploads\/2022\/10\/INAUGURACION-SEPTIMO-ENCUENTRO-11.jpg\" \/>\n\t<meta property=\"og:image:width\" content=\"2223\" \/>\n\t<meta property=\"og:image:height\" content=\"1482\" \/>\n\t<meta property=\"og:image:type\" content=\"image\/jpeg\" \/>\n<meta name=\"author\" content=\"ccortez\" \/>\n<meta name=\"twitter:card\" content=\"summary_large_image\" \/>\n<meta name=\"twitter:creator\" content=\"@uartesec\" \/>\n<meta name=\"twitter:site\" content=\"@uartesec\" \/>\n<meta name=\"twitter:label1\" content=\"Escrito por\" \/>\n\t<meta name=\"twitter:data1\" content=\"ccortez\" \/>\n\t<meta name=\"twitter:label2\" content=\"Tiempo de lectura\" \/>\n\t<meta name=\"twitter:data2\" content=\"3 minutos\" \/>\n<script type=\"application\/ld+json\" class=\"yoast-schema-graph\">{\"@context\":\"https:\\\/\\\/schema.org\",\"@graph\":[{\"@type\":\"Article\",\"@id\":\"https:\\\/\\\/www.uartes.edu.ec\\\/sitio\\\/blog\\\/2022\\\/10\\\/19\\\/lupe-alvarez-llevo-a-mesa-de-dialogo-la-inquietud-de-lo-que-pasa-cuando-los-artistas-se-graduan\\\/#article\",\"isPartOf\":{\"@id\":\"https:\\\/\\\/www.uartes.edu.ec\\\/sitio\\\/blog\\\/2022\\\/10\\\/19\\\/lupe-alvarez-llevo-a-mesa-de-dialogo-la-inquietud-de-lo-que-pasa-cuando-los-artistas-se-graduan\\\/\"},\"author\":{\"name\":\"ccortez\",\"@id\":\"https:\\\/\\\/www.uartes.edu.ec\\\/sitio\\\/#\\\/schema\\\/person\\\/efa1b8275797664fd7f13a79ccc0b1f4\"},\"headline\":\"Lupe \u00c1lvarez analiz\u00f3 en di\u00e1logo \u201c\u00bfqu\u00e9 pasa cuando los artistas se grad\u00faan?\u201d\",\"datePublished\":\"2022-10-19T23:15:00+00:00\",\"dateModified\":\"2024-07-04T16:22:46+00:00\",\"mainEntityOfPage\":{\"@id\":\"https:\\\/\\\/www.uartes.edu.ec\\\/sitio\\\/blog\\\/2022\\\/10\\\/19\\\/lupe-alvarez-llevo-a-mesa-de-dialogo-la-inquietud-de-lo-que-pasa-cuando-los-artistas-se-graduan\\\/\"},\"wordCount\":546,\"commentCount\":0,\"publisher\":{\"@id\":\"https:\\\/\\\/www.uartes.edu.ec\\\/sitio\\\/#organization\"},\"image\":{\"@id\":\"https:\\\/\\\/www.uartes.edu.ec\\\/sitio\\\/blog\\\/2022\\\/10\\\/19\\\/lupe-alvarez-llevo-a-mesa-de-dialogo-la-inquietud-de-lo-que-pasa-cuando-los-artistas-se-graduan\\\/#primaryimage\"},\"thumbnailUrl\":\"https:\\\/\\\/www.uartes.edu.ec\\\/sitio\\\/wp-content\\\/uploads\\\/2022\\\/10\\\/INAUGURACION-SEPTIMO-ENCUENTRO-11.jpg\",\"keywords\":[\"encuentro iberoamericano\"],\"articleSection\":[\"Acad\u00e9mico\",\"Artes\",\"Docentes\",\"Estudiantes\",\"Investigaci\u00f3n\"],\"inLanguage\":\"es\",\"potentialAction\":[{\"@type\":\"CommentAction\",\"name\":\"Comment\",\"target\":[\"https:\\\/\\\/www.uartes.edu.ec\\\/sitio\\\/blog\\\/2022\\\/10\\\/19\\\/lupe-alvarez-llevo-a-mesa-de-dialogo-la-inquietud-de-lo-que-pasa-cuando-los-artistas-se-graduan\\\/#respond\"]}]},{\"@type\":[\"WebPage\",\"ItemPage\"],\"@id\":\"https:\\\/\\\/www.uartes.edu.ec\\\/sitio\\\/blog\\\/2022\\\/10\\\/19\\\/lupe-alvarez-llevo-a-mesa-de-dialogo-la-inquietud-de-lo-que-pasa-cuando-los-artistas-se-graduan\\\/\",\"url\":\"https:\\\/\\\/www.uartes.edu.ec\\\/sitio\\\/blog\\\/2022\\\/10\\\/19\\\/lupe-alvarez-llevo-a-mesa-de-dialogo-la-inquietud-de-lo-que-pasa-cuando-los-artistas-se-graduan\\\/\",\"name\":\"Universidad de las Artes - Lupe \u00c1lvarez analiz\u00f3 en di\u00e1logo \u201c\u00bfqu\u00e9 pasa cuando los artistas se grad\u00faan?\u201d\",\"isPartOf\":{\"@id\":\"https:\\\/\\\/www.uartes.edu.ec\\\/sitio\\\/#website\"},\"primaryImageOfPage\":{\"@id\":\"https:\\\/\\\/www.uartes.edu.ec\\\/sitio\\\/blog\\\/2022\\\/10\\\/19\\\/lupe-alvarez-llevo-a-mesa-de-dialogo-la-inquietud-de-lo-que-pasa-cuando-los-artistas-se-graduan\\\/#primaryimage\"},\"image\":{\"@id\":\"https:\\\/\\\/www.uartes.edu.ec\\\/sitio\\\/blog\\\/2022\\\/10\\\/19\\\/lupe-alvarez-llevo-a-mesa-de-dialogo-la-inquietud-de-lo-que-pasa-cuando-los-artistas-se-graduan\\\/#primaryimage\"},\"thumbnailUrl\":\"https:\\\/\\\/www.uartes.edu.ec\\\/sitio\\\/wp-content\\\/uploads\\\/2022\\\/10\\\/INAUGURACION-SEPTIMO-ENCUENTRO-11.jpg\",\"datePublished\":\"2022-10-19T23:15:00+00:00\",\"dateModified\":\"2024-07-04T16:22:46+00:00\",\"description\":\"Universidad de las Artes - Lupe \u00c1lvarez analiz\u00f3 en di\u00e1logo \u201c\u00bfqu\u00e9 pasa cuando los artistas se grad\u00faan?\u201d\",\"breadcrumb\":{\"@id\":\"https:\\\/\\\/www.uartes.edu.ec\\\/sitio\\\/blog\\\/2022\\\/10\\\/19\\\/lupe-alvarez-llevo-a-mesa-de-dialogo-la-inquietud-de-lo-que-pasa-cuando-los-artistas-se-graduan\\\/#breadcrumb\"},\"inLanguage\":\"es\",\"potentialAction\":[{\"@type\":\"ReadAction\",\"target\":[\"https:\\\/\\\/www.uartes.edu.ec\\\/sitio\\\/blog\\\/2022\\\/10\\\/19\\\/lupe-alvarez-llevo-a-mesa-de-dialogo-la-inquietud-de-lo-que-pasa-cuando-los-artistas-se-graduan\\\/\"]}]},{\"@type\":\"ImageObject\",\"inLanguage\":\"es\",\"@id\":\"https:\\\/\\\/www.uartes.edu.ec\\\/sitio\\\/blog\\\/2022\\\/10\\\/19\\\/lupe-alvarez-llevo-a-mesa-de-dialogo-la-inquietud-de-lo-que-pasa-cuando-los-artistas-se-graduan\\\/#primaryimage\",\"url\":\"https:\\\/\\\/www.uartes.edu.ec\\\/sitio\\\/wp-content\\\/uploads\\\/2022\\\/10\\\/INAUGURACION-SEPTIMO-ENCUENTRO-11.jpg\",\"contentUrl\":\"https:\\\/\\\/www.uartes.edu.ec\\\/sitio\\\/wp-content\\\/uploads\\\/2022\\\/10\\\/INAUGURACION-SEPTIMO-ENCUENTRO-11.jpg\",\"width\":2223,\"height\":1482},{\"@type\":\"BreadcrumbList\",\"@id\":\"https:\\\/\\\/www.uartes.edu.ec\\\/sitio\\\/blog\\\/2022\\\/10\\\/19\\\/lupe-alvarez-llevo-a-mesa-de-dialogo-la-inquietud-de-lo-que-pasa-cuando-los-artistas-se-graduan\\\/#breadcrumb\",\"itemListElement\":[{\"@type\":\"ListItem\",\"position\":1,\"name\":\"Inicio\",\"item\":\"https:\\\/\\\/www.uartes.edu.ec\\\/sitio\\\/\"},{\"@type\":\"ListItem\",\"position\":2,\"name\":\"Lupe \u00c1lvarez analiz\u00f3 en di\u00e1logo \u201c\u00bfqu\u00e9 pasa cuando los artistas se grad\u00faan?\u201d\"}]},{\"@type\":\"WebSite\",\"@id\":\"https:\\\/\\\/www.uartes.edu.ec\\\/sitio\\\/#website\",\"url\":\"https:\\\/\\\/www.uartes.edu.ec\\\/sitio\\\/\",\"name\":\"Universidad de las Artes\",\"description\":\"Sitio oficial de la Universidad Nacional de las Artes del Ecuador\",\"publisher\":{\"@id\":\"https:\\\/\\\/www.uartes.edu.ec\\\/sitio\\\/#organization\"},\"potentialAction\":[{\"@type\":\"SearchAction\",\"target\":{\"@type\":\"EntryPoint\",\"urlTemplate\":\"https:\\\/\\\/www.uartes.edu.ec\\\/sitio\\\/?s={search_term_string}\"},\"query-input\":{\"@type\":\"PropertyValueSpecification\",\"valueRequired\":true,\"valueName\":\"search_term_string\"}}],\"inLanguage\":\"es\"},{\"@type\":\"Organization\",\"@id\":\"https:\\\/\\\/www.uartes.edu.ec\\\/sitio\\\/#organization\",\"name\":\"Universidad de las Artes\",\"url\":\"https:\\\/\\\/www.uartes.edu.ec\\\/sitio\\\/\",\"logo\":{\"@type\":\"ImageObject\",\"inLanguage\":\"es\",\"@id\":\"https:\\\/\\\/www.uartes.edu.ec\\\/sitio\\\/#\\\/schema\\\/logo\\\/image\\\/\",\"url\":\"https:\\\/\\\/www.uartes.edu.ec\\\/sitio\\\/wp-content\\\/uploads\\\/2022\\\/07\\\/logo-ua-horizontal.png\",\"contentUrl\":\"https:\\\/\\\/www.uartes.edu.ec\\\/sitio\\\/wp-content\\\/uploads\\\/2022\\\/07\\\/logo-ua-horizontal.png\",\"width\":800,\"height\":276,\"caption\":\"Universidad de las Artes\"},\"image\":{\"@id\":\"https:\\\/\\\/www.uartes.edu.ec\\\/sitio\\\/#\\\/schema\\\/logo\\\/image\\\/\"},\"sameAs\":[\"https:\\\/\\\/www.facebook.com\\\/uartesec\",\"https:\\\/\\\/x.com\\\/uartesec\",\"https:\\\/\\\/www.tiktok.com\\\/@uartesec\"]},{\"@type\":\"Person\",\"@id\":\"https:\\\/\\\/www.uartes.edu.ec\\\/sitio\\\/#\\\/schema\\\/person\\\/efa1b8275797664fd7f13a79ccc0b1f4\",\"name\":\"ccortez\",\"image\":{\"@type\":\"ImageObject\",\"inLanguage\":\"es\",\"@id\":\"https:\\\/\\\/secure.gravatar.com\\\/avatar\\\/b2a6f664a3ae8e074346ef91775736c5ec479e637ecced6842de9dc98b5da9cd?s=96&d=mm&r=g\",\"url\":\"https:\\\/\\\/secure.gravatar.com\\\/avatar\\\/b2a6f664a3ae8e074346ef91775736c5ec479e637ecced6842de9dc98b5da9cd?s=96&d=mm&r=g\",\"contentUrl\":\"https:\\\/\\\/secure.gravatar.com\\\/avatar\\\/b2a6f664a3ae8e074346ef91775736c5ec479e637ecced6842de9dc98b5da9cd?s=96&d=mm&r=g\",\"caption\":\"ccortez\"},\"url\":\"https:\\\/\\\/www.uartes.edu.ec\\\/sitio\\\/blog\\\/author\\\/ccortez\\\/\"}]}<\/script>\n<!-- \/ Yoast SEO plugin. -->","yoast_head_json":{"title":"Universidad de las Artes - Lupe \u00c1lvarez analiz\u00f3 en di\u00e1logo \u201c\u00bfqu\u00e9 pasa cuando los artistas se grad\u00faan?\u201d","description":"Universidad de las Artes - Lupe \u00c1lvarez analiz\u00f3 en di\u00e1logo \u201c\u00bfqu\u00e9 pasa cuando los artistas se grad\u00faan?\u201d","robots":{"index":"index","follow":"follow","max-snippet":"max-snippet:-1","max-image-preview":"max-image-preview:large","max-video-preview":"max-video-preview:-1"},"canonical":"https:\/\/www.uartes.edu.ec\/sitio\/blog\/2022\/10\/19\/lupe-alvarez-llevo-a-mesa-de-dialogo-la-inquietud-de-lo-que-pasa-cuando-los-artistas-se-graduan\/","og_locale":"es_ES","og_type":"article","og_title":"Universidad de las Artes - Lupe \u00c1lvarez analiz\u00f3 en di\u00e1logo \u201c\u00bfqu\u00e9 pasa cuando los artistas se grad\u00faan?\u201d","og_description":"Universidad de las Artes - Lupe \u00c1lvarez analiz\u00f3 en di\u00e1logo \u201c\u00bfqu\u00e9 pasa cuando los artistas se grad\u00faan?\u201d","og_url":"https:\/\/www.uartes.edu.ec\/sitio\/blog\/2022\/10\/19\/lupe-alvarez-llevo-a-mesa-de-dialogo-la-inquietud-de-lo-que-pasa-cuando-los-artistas-se-graduan\/","og_site_name":"Universidad de las Artes","article_publisher":"https:\/\/www.facebook.com\/uartesec","article_published_time":"2022-10-19T23:15:00+00:00","article_modified_time":"2024-07-04T16:22:46+00:00","og_image":[{"width":2223,"height":1482,"url":"https:\/\/www.uartes.edu.ec\/sitio\/wp-content\/uploads\/2022\/10\/INAUGURACION-SEPTIMO-ENCUENTRO-11.jpg","type":"image\/jpeg"}],"author":"ccortez","twitter_card":"summary_large_image","twitter_creator":"@uartesec","twitter_site":"@uartesec","twitter_misc":{"Escrito por":"ccortez","Tiempo de lectura":"3 minutos"},"schema":{"@context":"https:\/\/schema.org","@graph":[{"@type":"Article","@id":"https:\/\/www.uartes.edu.ec\/sitio\/blog\/2022\/10\/19\/lupe-alvarez-llevo-a-mesa-de-dialogo-la-inquietud-de-lo-que-pasa-cuando-los-artistas-se-graduan\/#article","isPartOf":{"@id":"https:\/\/www.uartes.edu.ec\/sitio\/blog\/2022\/10\/19\/lupe-alvarez-llevo-a-mesa-de-dialogo-la-inquietud-de-lo-que-pasa-cuando-los-artistas-se-graduan\/"},"author":{"name":"ccortez","@id":"https:\/\/www.uartes.edu.ec\/sitio\/#\/schema\/person\/efa1b8275797664fd7f13a79ccc0b1f4"},"headline":"Lupe \u00c1lvarez analiz\u00f3 en di\u00e1logo \u201c\u00bfqu\u00e9 pasa cuando los artistas se grad\u00faan?\u201d","datePublished":"2022-10-19T23:15:00+00:00","dateModified":"2024-07-04T16:22:46+00:00","mainEntityOfPage":{"@id":"https:\/\/www.uartes.edu.ec\/sitio\/blog\/2022\/10\/19\/lupe-alvarez-llevo-a-mesa-de-dialogo-la-inquietud-de-lo-que-pasa-cuando-los-artistas-se-graduan\/"},"wordCount":546,"commentCount":0,"publisher":{"@id":"https:\/\/www.uartes.edu.ec\/sitio\/#organization"},"image":{"@id":"https:\/\/www.uartes.edu.ec\/sitio\/blog\/2022\/10\/19\/lupe-alvarez-llevo-a-mesa-de-dialogo-la-inquietud-de-lo-que-pasa-cuando-los-artistas-se-graduan\/#primaryimage"},"thumbnailUrl":"https:\/\/www.uartes.edu.ec\/sitio\/wp-content\/uploads\/2022\/10\/INAUGURACION-SEPTIMO-ENCUENTRO-11.jpg","keywords":["encuentro iberoamericano"],"articleSection":["Acad\u00e9mico","Artes","Docentes","Estudiantes","Investigaci\u00f3n"],"inLanguage":"es","potentialAction":[{"@type":"CommentAction","name":"Comment","target":["https:\/\/www.uartes.edu.ec\/sitio\/blog\/2022\/10\/19\/lupe-alvarez-llevo-a-mesa-de-dialogo-la-inquietud-de-lo-que-pasa-cuando-los-artistas-se-graduan\/#respond"]}]},{"@type":["WebPage","ItemPage"],"@id":"https:\/\/www.uartes.edu.ec\/sitio\/blog\/2022\/10\/19\/lupe-alvarez-llevo-a-mesa-de-dialogo-la-inquietud-de-lo-que-pasa-cuando-los-artistas-se-graduan\/","url":"https:\/\/www.uartes.edu.ec\/sitio\/blog\/2022\/10\/19\/lupe-alvarez-llevo-a-mesa-de-dialogo-la-inquietud-de-lo-que-pasa-cuando-los-artistas-se-graduan\/","name":"Universidad de las Artes - Lupe \u00c1lvarez analiz\u00f3 en di\u00e1logo \u201c\u00bfqu\u00e9 pasa cuando los artistas se grad\u00faan?\u201d","isPartOf":{"@id":"https:\/\/www.uartes.edu.ec\/sitio\/#website"},"primaryImageOfPage":{"@id":"https:\/\/www.uartes.edu.ec\/sitio\/blog\/2022\/10\/19\/lupe-alvarez-llevo-a-mesa-de-dialogo-la-inquietud-de-lo-que-pasa-cuando-los-artistas-se-graduan\/#primaryimage"},"image":{"@id":"https:\/\/www.uartes.edu.ec\/sitio\/blog\/2022\/10\/19\/lupe-alvarez-llevo-a-mesa-de-dialogo-la-inquietud-de-lo-que-pasa-cuando-los-artistas-se-graduan\/#primaryimage"},"thumbnailUrl":"https:\/\/www.uartes.edu.ec\/sitio\/wp-content\/uploads\/2022\/10\/INAUGURACION-SEPTIMO-ENCUENTRO-11.jpg","datePublished":"2022-10-19T23:15:00+00:00","dateModified":"2024-07-04T16:22:46+00:00","description":"Universidad de las Artes - Lupe \u00c1lvarez analiz\u00f3 en di\u00e1logo \u201c\u00bfqu\u00e9 pasa cuando los artistas se grad\u00faan?\u201d","breadcrumb":{"@id":"https:\/\/www.uartes.edu.ec\/sitio\/blog\/2022\/10\/19\/lupe-alvarez-llevo-a-mesa-de-dialogo-la-inquietud-de-lo-que-pasa-cuando-los-artistas-se-graduan\/#breadcrumb"},"inLanguage":"es","potentialAction":[{"@type":"ReadAction","target":["https:\/\/www.uartes.edu.ec\/sitio\/blog\/2022\/10\/19\/lupe-alvarez-llevo-a-mesa-de-dialogo-la-inquietud-de-lo-que-pasa-cuando-los-artistas-se-graduan\/"]}]},{"@type":"ImageObject","inLanguage":"es","@id":"https:\/\/www.uartes.edu.ec\/sitio\/blog\/2022\/10\/19\/lupe-alvarez-llevo-a-mesa-de-dialogo-la-inquietud-de-lo-que-pasa-cuando-los-artistas-se-graduan\/#primaryimage","url":"https:\/\/www.uartes.edu.ec\/sitio\/wp-content\/uploads\/2022\/10\/INAUGURACION-SEPTIMO-ENCUENTRO-11.jpg","contentUrl":"https:\/\/www.uartes.edu.ec\/sitio\/wp-content\/uploads\/2022\/10\/INAUGURACION-SEPTIMO-ENCUENTRO-11.jpg","width":2223,"height":1482},{"@type":"BreadcrumbList","@id":"https:\/\/www.uartes.edu.ec\/sitio\/blog\/2022\/10\/19\/lupe-alvarez-llevo-a-mesa-de-dialogo-la-inquietud-de-lo-que-pasa-cuando-los-artistas-se-graduan\/#breadcrumb","itemListElement":[{"@type":"ListItem","position":1,"name":"Inicio","item":"https:\/\/www.uartes.edu.ec\/sitio\/"},{"@type":"ListItem","position":2,"name":"Lupe \u00c1lvarez analiz\u00f3 en di\u00e1logo \u201c\u00bfqu\u00e9 pasa cuando los artistas se grad\u00faan?\u201d"}]},{"@type":"WebSite","@id":"https:\/\/www.uartes.edu.ec\/sitio\/#website","url":"https:\/\/www.uartes.edu.ec\/sitio\/","name":"Universidad de las Artes","description":"Sitio oficial de la Universidad Nacional de las Artes del Ecuador","publisher":{"@id":"https:\/\/www.uartes.edu.ec\/sitio\/#organization"},"potentialAction":[{"@type":"SearchAction","target":{"@type":"EntryPoint","urlTemplate":"https:\/\/www.uartes.edu.ec\/sitio\/?s={search_term_string}"},"query-input":{"@type":"PropertyValueSpecification","valueRequired":true,"valueName":"search_term_string"}}],"inLanguage":"es"},{"@type":"Organization","@id":"https:\/\/www.uartes.edu.ec\/sitio\/#organization","name":"Universidad de las Artes","url":"https:\/\/www.uartes.edu.ec\/sitio\/","logo":{"@type":"ImageObject","inLanguage":"es","@id":"https:\/\/www.uartes.edu.ec\/sitio\/#\/schema\/logo\/image\/","url":"https:\/\/www.uartes.edu.ec\/sitio\/wp-content\/uploads\/2022\/07\/logo-ua-horizontal.png","contentUrl":"https:\/\/www.uartes.edu.ec\/sitio\/wp-content\/uploads\/2022\/07\/logo-ua-horizontal.png","width":800,"height":276,"caption":"Universidad de las Artes"},"image":{"@id":"https:\/\/www.uartes.edu.ec\/sitio\/#\/schema\/logo\/image\/"},"sameAs":["https:\/\/www.facebook.com\/uartesec","https:\/\/x.com\/uartesec","https:\/\/www.tiktok.com\/@uartesec"]},{"@type":"Person","@id":"https:\/\/www.uartes.edu.ec\/sitio\/#\/schema\/person\/efa1b8275797664fd7f13a79ccc0b1f4","name":"ccortez","image":{"@type":"ImageObject","inLanguage":"es","@id":"https:\/\/secure.gravatar.com\/avatar\/b2a6f664a3ae8e074346ef91775736c5ec479e637ecced6842de9dc98b5da9cd?s=96&d=mm&r=g","url":"https:\/\/secure.gravatar.com\/avatar\/b2a6f664a3ae8e074346ef91775736c5ec479e637ecced6842de9dc98b5da9cd?s=96&d=mm&r=g","contentUrl":"https:\/\/secure.gravatar.com\/avatar\/b2a6f664a3ae8e074346ef91775736c5ec479e637ecced6842de9dc98b5da9cd?s=96&d=mm&r=g","caption":"ccortez"},"url":"https:\/\/www.uartes.edu.ec\/sitio\/blog\/author\/ccortez\/"}]}},"uagb_featured_image_src":{"full":["https:\/\/www.uartes.edu.ec\/sitio\/wp-content\/uploads\/2022\/10\/INAUGURACION-SEPTIMO-ENCUENTRO-11.jpg",2223,1482,false],"thumbnail":["https:\/\/www.uartes.edu.ec\/sitio\/wp-content\/uploads\/2022\/10\/INAUGURACION-SEPTIMO-ENCUENTRO-11-150x150.jpg",150,150,true],"medium":["https:\/\/www.uartes.edu.ec\/sitio\/wp-content\/uploads\/2022\/10\/INAUGURACION-SEPTIMO-ENCUENTRO-11-300x200.jpg",300,200,true],"medium_large":["https:\/\/www.uartes.edu.ec\/sitio\/wp-content\/uploads\/2022\/10\/INAUGURACION-SEPTIMO-ENCUENTRO-11-768x512.jpg",768,512,true],"large":["https:\/\/www.uartes.edu.ec\/sitio\/wp-content\/uploads\/2022\/10\/INAUGURACION-SEPTIMO-ENCUENTRO-11-644x429.jpg",644,429,true],"1536x1536":["https:\/\/www.uartes.edu.ec\/sitio\/wp-content\/uploads\/2022\/10\/INAUGURACION-SEPTIMO-ENCUENTRO-11-1536x1024.jpg",1536,1024,true],"2048x2048":["https:\/\/www.uartes.edu.ec\/sitio\/wp-content\/uploads\/2022\/10\/INAUGURACION-SEPTIMO-ENCUENTRO-11-2048x1365.jpg",2048,1365,true],"trp-custom-language-flag":["https:\/\/www.uartes.edu.ec\/sitio\/wp-content\/uploads\/2022\/10\/INAUGURACION-SEPTIMO-ENCUENTRO-11.jpg",18,12,false],"htmega_size_585x295":["https:\/\/www.uartes.edu.ec\/sitio\/wp-content\/uploads\/2022\/10\/INAUGURACION-SEPTIMO-ENCUENTRO-11.jpg",443,295,false],"htmega_size_1170x536":["https:\/\/www.uartes.edu.ec\/sitio\/wp-content\/uploads\/2022\/10\/INAUGURACION-SEPTIMO-ENCUENTRO-11.jpg",804,536,false],"htmega_size_396x360":["https:\/\/www.uartes.edu.ec\/sitio\/wp-content\/uploads\/2022\/10\/INAUGURACION-SEPTIMO-ENCUENTRO-11.jpg",396,264,false],"gb-block-post-grid-landscape":["https:\/\/www.uartes.edu.ec\/sitio\/wp-content\/uploads\/2022\/10\/INAUGURACION-SEPTIMO-ENCUENTRO-11.jpg",600,400,false],"gb-block-post-grid-square":["https:\/\/www.uartes.edu.ec\/sitio\/wp-content\/uploads\/2022\/10\/INAUGURACION-SEPTIMO-ENCUENTRO-11.jpg",600,400,false],"university-hub-thumb":["https:\/\/www.uartes.edu.ec\/sitio\/wp-content\/uploads\/2022\/10\/INAUGURACION-SEPTIMO-ENCUENTRO-11-400x267.jpg",400,267,true]},"uagb_author_info":{"display_name":"ccortez","author_link":"https:\/\/www.uartes.edu.ec\/sitio\/blog\/author\/ccortez\/"},"uagb_comment_info":0,"uagb_excerpt":"En la escena art\u00edstica y la ense\u00f1anza especializada del arte se centr\u00f3 la ponencia de la docente UArtes Lupe \u00c1lvarez en la mesa de di\u00e1logo que abord\u00f3 la tem\u00e1tica \u201cSituarnos\u201d, en el 7mo. Encuentro Iberoamericano de Arte, Trabajo y Econom\u00eda. Citando al artista uruguayo Luis Camnitzer, la curadora e investigadora expres\u00f3 la preocupaci\u00f3n por el&hellip;","featured_image_src":"https:\/\/www.uartes.edu.ec\/sitio\/wp-content\/uploads\/2022\/10\/INAUGURACION-SEPTIMO-ENCUENTRO-11.jpg","featured_image_src_square":"https:\/\/www.uartes.edu.ec\/sitio\/wp-content\/uploads\/2022\/10\/INAUGURACION-SEPTIMO-ENCUENTRO-11.jpg","author_info":{"display_name":"ccortez","author_link":"https:\/\/www.uartes.edu.ec\/sitio\/blog\/author\/ccortez\/"},"publishpress_future_workflow_manual_trigger":{"enabledWorkflows":[]},"distributor_meta":false,"distributor_terms":false,"distributor_media":false,"distributor_original_site_name":"Universidad de las Artes","distributor_original_site_url":"https:\/\/www.uartes.edu.ec\/sitio","push-errors":false,"_links":{"self":[{"href":"https:\/\/www.uartes.edu.ec\/sitio\/wp-json\/wp\/v2\/posts\/30119","targetHints":{"allow":["GET"]}}],"collection":[{"href":"https:\/\/www.uartes.edu.ec\/sitio\/wp-json\/wp\/v2\/posts"}],"about":[{"href":"https:\/\/www.uartes.edu.ec\/sitio\/wp-json\/wp\/v2\/types\/post"}],"author":[{"embeddable":true,"href":"https:\/\/www.uartes.edu.ec\/sitio\/wp-json\/wp\/v2\/users\/10"}],"replies":[{"embeddable":true,"href":"https:\/\/www.uartes.edu.ec\/sitio\/wp-json\/wp\/v2\/comments?post=30119"}],"version-history":[{"count":5,"href":"https:\/\/www.uartes.edu.ec\/sitio\/wp-json\/wp\/v2\/posts\/30119\/revisions"}],"predecessor-version":[{"id":30545,"href":"https:\/\/www.uartes.edu.ec\/sitio\/wp-json\/wp\/v2\/posts\/30119\/revisions\/30545"}],"wp:featuredmedia":[{"embeddable":true,"href":"https:\/\/www.uartes.edu.ec\/sitio\/wp-json\/wp\/v2\/media\/30765"}],"wp:attachment":[{"href":"https:\/\/www.uartes.edu.ec\/sitio\/wp-json\/wp\/v2\/media?parent=30119"}],"wp:term":[{"taxonomy":"category","embeddable":true,"href":"https:\/\/www.uartes.edu.ec\/sitio\/wp-json\/wp\/v2\/categories?post=30119"},{"taxonomy":"post_tag","embeddable":true,"href":"https:\/\/www.uartes.edu.ec\/sitio\/wp-json\/wp\/v2\/tags?post=30119"},{"taxonomy":"infouartes","embeddable":true,"href":"https:\/\/www.uartes.edu.ec\/sitio\/wp-json\/wp\/v2\/infouartes?post=30119"}],"curies":[{"name":"wp","href":"https:\/\/api.w.org\/{rel}","templated":true}]}}