{"id":30378,"date":"2022-10-20T17:14:00","date_gmt":"2022-10-20T22:14:00","guid":{"rendered":"http:\/\/www.uartes.edu.ec\/sitio\/?p=30378"},"modified":"2025-09-12T18:21:05","modified_gmt":"2025-09-12T23:21:05","slug":"reconocernos-el-segundo-eje-del-7eiate-llevo-al-analisis-de-identidad-relaciones-construccion-de-vinculos-y-conexiones","status":"publish","type":"post","link":"https:\/\/www.uartes.edu.ec\/sitio\/blog\/2022\/10\/20\/reconocernos-el-segundo-eje-del-7eiate-llevo-al-analisis-de-identidad-relaciones-construccion-de-vinculos-y-conexiones\/","title":{"rendered":"\u201cReconocernos\u201d, el segundo eje del 7EIATE invita a pensar en identidad, relaciones, v\u00ednculos y conexiones"},"content":{"rendered":"\n<p>En el segundo d\u00eda de actividades del 7mo. Encuentro Iberoamericano de Arte, Trabajo y Econom\u00eda, el mi\u00e9rcoles 19 de octubre, se realiz\u00f3 la mesa de di\u00e1logo \u201cReconocernos\u201d, en la Plaza P\u00fablica del MZ14 de la Universidad de las Artes. Moderada por la doctora Olga L\u00f3pez, nuestra vicerrectora de Posgrado e Investigaci\u00f3n en&nbsp;Artes, en ella participaron Alma Espino, economista feminista e invitada internacional; Mar\u00eda Fernanda Troya, doctora en Antropolog\u00eda Social, profesora investigadora de la FLACSO e integrante del equipo curatorial del 7EIATE; Mar\u00eda del Pilar Gavilanes, doctora en Artes y Lenguajes y docente UArtes, y Tania Navarrete, doctora en Ciencias Administrativas y directora del Centro de Producci\u00f3n e Innovaci\u00f3n MZ14.<\/p>\n\n\n\n<p>El encuentro \u201cReconocernos\u201d supon\u00eda instalar un espacio reflexivo y de afecci\u00f3n que permita incorporar en el sentido de atraer a los\/las\/les cuerpos las problem\u00e1ticas tratadas y los nuevos conocimientos, explic\u00f3 L\u00f3pez. Tener conciencia de la propia existencia, identidad, para poder percibir la existencia y la identidad de los dem\u00e1s, agreg\u00f3.<\/p>\n\n\n\n<p>La primera en presentarse fue Alma Espino, quien, esa misma ma\u00f1ana, dict\u00f3 junto a Gabriela Montalvo un taller acerca de la econom\u00eda feminista y trabajo en el arte. Su ponencia procuraba contribuir a \u201cReconocernos\u201d en el marco de las relaciones entre arte, trabajo y econom\u00eda. Entre sus puntos a tratar se hallaban la centralidad de la vida y su sostenibilidad, para lo cual la econom\u00eda feminista rescata lo dom\u00e9stico y los cuidados, las relaciones de poder que implican dominaci\u00f3n sobre las mujeres, los tiempos de la vida, el capitalismo en medio urbano, as\u00ed como una interpretaci\u00f3n propia de la creaci\u00f3n art\u00edstica alrededor de su campo de trabajo e investigaci\u00f3n, plante\u00e1ndose la pregunta: \u00bfLa creaci\u00f3n art\u00edstica es trabajo?<\/p>\n\n\n<div class=\"wp-block-image\">\n<figure class=\"aligncenter size-large\"><img fetchpriority=\"high\" decoding=\"async\" width=\"644\" height=\"429\" src=\"http:\/\/www.uartes.edu.ec\/sitio\/wp-content\/uploads\/2022\/10\/SEPTIMO-ENCUENTRO-11-644x429.jpg\" alt=\"\" class=\"wp-image-30453\" srcset=\"https:\/\/www.uartes.edu.ec\/sitio\/wp-content\/uploads\/2022\/10\/SEPTIMO-ENCUENTRO-11-644x429.jpg 644w, https:\/\/www.uartes.edu.ec\/sitio\/wp-content\/uploads\/2022\/10\/SEPTIMO-ENCUENTRO-11-768x511.jpg 768w, https:\/\/www.uartes.edu.ec\/sitio\/wp-content\/uploads\/2022\/10\/SEPTIMO-ENCUENTRO-11.jpg 2000w, https:\/\/www.uartes.edu.ec\/sitio\/wp-content\/uploads\/2022\/10\/SEPTIMO-ENCUENTRO-11-600x399.jpg 600w, https:\/\/www.uartes.edu.ec\/sitio\/wp-content\/uploads\/2022\/10\/SEPTIMO-ENCUENTRO-11-272x182.jpg 272w\" sizes=\"(max-width: 644px) 100vw, 644px\" \/><\/figure>\n<\/div>\n\n\n<p>Espino, entre las ramas que considera la econom\u00eda feminista, destac\u00f3 la vulnerabilidad de las personas, lo cual nos convierte en seres dependientes. \u201cReconocernos hoy aqu\u00ed en Guayaquil supone que estamos permeados de esa experiencia, lo cual deber\u00eda, podr\u00eda, implicar reconocer nuestra interdependencia entre nosotros, el medio ambiente, los procesos productivos y la sociedad entre los cuidados y el desarrollo humano\u201d.<\/p>\n\n\n\n<p>Mar\u00eda Fernanda Troya expuso un texto de su autor\u00eda compuesto por tres actos. El primer apartado se titul\u00f3 \u201cMaterialismos pasados y presentes: materia y materialidad\u201d, donde cit\u00f3 en varias ocasiones al fil\u00f3sofo franc\u00e9s Georges Bataille y su postura frente al materialismo. Su eje central se revolv\u00eda alrededor de la idea de la materialidad en cuanto a su relaci\u00f3n de naturaleza, vida, producci\u00f3n y reproducci\u00f3n. Plante\u00f3 Troya, por tanto, un enfoque que se dirig\u00eda a problem\u00e1ticas que ata\u00f1en crisis sociales, pol\u00edticas, econ\u00f3micas ambientales y culturales actuales poniendo al cuerpo en el centro.<\/p>\n\n\n\n<p>El segundo acto se llam\u00f3 \u201cLos cuerpos humanos, no humanos y la materia del cuerpo\u201d. Ampli\u00f3 Troya su idea, diciendo que \u201clos cuerpos en general aparecen como organismos menos discretos, como simbiosis, y m\u00e1s bien como relaciones. Pensemos entonces en nuestros propios cuerpos como h\u00e1bitat de multi-especies\u201d.<\/p>\n\n\n<div class=\"wp-block-image\">\n<figure class=\"aligncenter size-large\"><img decoding=\"async\" width=\"644\" height=\"429\" src=\"http:\/\/www.uartes.edu.ec\/sitio\/wp-content\/uploads\/2022\/10\/SEPTIMO-ENCUENTRO-13-644x429.jpg\" alt=\"\" class=\"wp-image-30455\" srcset=\"https:\/\/www.uartes.edu.ec\/sitio\/wp-content\/uploads\/2022\/10\/SEPTIMO-ENCUENTRO-13-644x429.jpg 644w, https:\/\/www.uartes.edu.ec\/sitio\/wp-content\/uploads\/2022\/10\/SEPTIMO-ENCUENTRO-13-768x511.jpg 768w, https:\/\/www.uartes.edu.ec\/sitio\/wp-content\/uploads\/2022\/10\/SEPTIMO-ENCUENTRO-13.jpg 2000w, https:\/\/www.uartes.edu.ec\/sitio\/wp-content\/uploads\/2022\/10\/SEPTIMO-ENCUENTRO-13-600x399.jpg 600w, https:\/\/www.uartes.edu.ec\/sitio\/wp-content\/uploads\/2022\/10\/SEPTIMO-ENCUENTRO-13-272x182.jpg 272w\" sizes=\"(max-width: 644px) 100vw, 644px\" \/><\/figure>\n<\/div>\n\n\n<p>Por \u00faltimo, present\u00f3 el tercer punto \u201cReproducci\u00f3n ampliada\u201d y propuso pensar el tema desde \u201cacercamientos de lo macro y micro-interdependencia, que mencionaba Alma (Espino) y la subsistencia de cuerpos humanos y no humanos cruzados por an\u00e1lisis sobre econom\u00edas productivas y reproductivas a escalas locales y globales\u201d. Analiz\u00f3 su punto alrededor de los champi\u00f1ones matsutake, los trabajos de cuidado e interdependencia entre el \u00e1rbol, el suelo, condiciones clim\u00e1ticas, consumidores, etc., para su crecimiento.<\/p>\n\n\n\n<p>Seguido intervino Mar\u00eda del Pilar Gavilanes, quien en su ponencia \u201cConstruir v\u00ednculos sustentables\u201d present\u00f3 la serie \u201cLo dem\u00e1s, se desea\u201d, proyecto editorial e investigativo que cuenta con cuatro libros: \u201cAmorfia\u201d, \u201cMontajes\u201d, \u201cTopograf\u00edas\u201d y \u201cAfter\u201d. El trabajo fue publicado por Funes Editora.<\/p>\n\n\n\n<p>Desarroll\u00f3 el proyecto, iniciado durante la pandemia, en conjunto con Gabriela Ch\u00e9rrez, artista y exdocente de la Universidad de las Artes, quien actualmente reside en la ciudad de Miami.<\/p>\n\n\n<div class=\"wp-block-image\">\n<figure class=\"aligncenter size-large\"><img decoding=\"async\" width=\"644\" height=\"429\" src=\"http:\/\/www.uartes.edu.ec\/sitio\/wp-content\/uploads\/2022\/10\/SEPTIMO-ENCUENTRO-14-644x429.jpg\" alt=\"\" class=\"wp-image-30454\" srcset=\"https:\/\/www.uartes.edu.ec\/sitio\/wp-content\/uploads\/2022\/10\/SEPTIMO-ENCUENTRO-14-644x429.jpg 644w, https:\/\/www.uartes.edu.ec\/sitio\/wp-content\/uploads\/2022\/10\/SEPTIMO-ENCUENTRO-14-768x511.jpg 768w, https:\/\/www.uartes.edu.ec\/sitio\/wp-content\/uploads\/2022\/10\/SEPTIMO-ENCUENTRO-14.jpg 2000w, https:\/\/www.uartes.edu.ec\/sitio\/wp-content\/uploads\/2022\/10\/SEPTIMO-ENCUENTRO-14-600x399.jpg 600w, https:\/\/www.uartes.edu.ec\/sitio\/wp-content\/uploads\/2022\/10\/SEPTIMO-ENCUENTRO-14-272x182.jpg 272w\" sizes=\"(max-width: 644px) 100vw, 644px\" \/><\/figure>\n<\/div>\n\n\n<p>La colecci\u00f3n se piensa como un \u201cespacio expositivo y de di\u00e1logo entre propuestas diversas\u201d. Los libros congregan varios lenguajes: dibujos, poemas, fotograf\u00edas, performances, escenograf\u00edas, instalaciones, necroescrituras, guiones teatrales que comparten tem\u00e1ticas conceptuales y que est\u00e1n en constante interacci\u00f3n. Nos interesa, dijo Gavilanes, la porosidad entre estos lenguajes, as\u00ed como su relaci\u00f3n con campos externos al arte. Durante el di\u00e1logo, plante\u00f3 temas como el ritmo de producci\u00f3n, la producci\u00f3n en serie, pr\u00e1cticas art\u00edsticas, procesos curatoriales y de edici\u00f3n.<\/p>\n\n\n\n<p>\u201cAmorfia\u201d, el primer libro, cuenta con obras de las artistas Gabriela Serrano, Roxana Land\u00edvar y Gabriela Fabre y texto de Margarethe Tirado Hartmann. Se realizaron, adem\u00e1s, reuniones entre las colaboradoras para reflexionar sobre \u00e9l, intercambiar sentidos y transformar miradas y percepciones, destacando el trabajo colectivo y de \u201creconocerse vulnerables\u201d.<\/p>\n\n\n\n<p>Por \u00faltimo, intervino Tania Navarrete con el tema \u201cConexiones entre estructuras culturales para el desarrollo territorial\u201d. Indic\u00f3 que, junto a Ana Mar\u00eda Gonz\u00e1lez, directora de la Sala R\u00eda de la Biblioteca de las Artes, particip\u00f3 del \u201cSeminario para hispanohablantes en Francia: Las estructuras culturales al servicio del desarrollo territorial\u201d, organizado por el Ministerio de Cultura Francesa y la Secretar\u00eda General de Asuntos Jur\u00eddicos Internacionales de Francia, del 6 al 12 de julio pasado.<\/p>\n\n\n<div class=\"wp-block-image\">\n<figure class=\"aligncenter size-large\"><img loading=\"lazy\" decoding=\"async\" width=\"644\" height=\"429\" src=\"http:\/\/www.uartes.edu.ec\/sitio\/wp-content\/uploads\/2022\/10\/SEPTIMO-ENCUENTRO-12-644x429.jpg\" alt=\"\" class=\"wp-image-30456\" srcset=\"https:\/\/www.uartes.edu.ec\/sitio\/wp-content\/uploads\/2022\/10\/SEPTIMO-ENCUENTRO-12-644x429.jpg 644w, https:\/\/www.uartes.edu.ec\/sitio\/wp-content\/uploads\/2022\/10\/SEPTIMO-ENCUENTRO-12-768x511.jpg 768w, https:\/\/www.uartes.edu.ec\/sitio\/wp-content\/uploads\/2022\/10\/SEPTIMO-ENCUENTRO-12.jpg 2000w, https:\/\/www.uartes.edu.ec\/sitio\/wp-content\/uploads\/2022\/10\/SEPTIMO-ENCUENTRO-12-600x399.jpg 600w, https:\/\/www.uartes.edu.ec\/sitio\/wp-content\/uploads\/2022\/10\/SEPTIMO-ENCUENTRO-12-272x182.jpg 272w\" sizes=\"(max-width: 644px) 100vw, 644px\" \/><\/figure>\n<\/div>\n\n\n<p>El programa buscaba ofrecer una visi\u00f3n panor\u00e1mica de las pol\u00edticas e instituciones culturales francesas, multiplicando los intercambios entre todos, tanto con profesionales franceses como entre participantes del programa, para as\u00ed establecer condiciones \u00f3ptimas para futuras cooperaciones. Navarrete comparti\u00f3 su experiencia, en tanto aplicaciones de estrategias de desarrollo cultural territorial, el lugar que ocupan las nuevas herramientas de mediaci\u00f3n, la comunicaci\u00f3n, la financiaci\u00f3n, para as\u00ed reflexionar y reconocer su propio territorio.<\/p>\n\n\n\n<p>Al conocer sobre la econom\u00eda, tecnolog\u00eda y voluntad pol\u00edtica para proteger, salvaguardar y sostener estructuras culturales en Francia, confes\u00f3, sinti\u00f3 una \u201csensaci\u00f3n de frustraci\u00f3n latente\u201d que surgi\u00f3 en ella y sus contrapartes iberoamericanos, de pa\u00edses como Colombia, Brasil y El Salvador. \u201cPero nos emocionamos al reconocer y sabernos iberoamericanos que hab\u00edan sobrevivido a dictaduras, malos gobiernos y escasez econ\u00f3mica, paros nacionales, crisis sociales, pol\u00edticas y financieras y m\u00e1s conflictos\u201d.<\/p>\n\n\n\n<p>\u201cOrgullosos de nuestras cicatrices y con \u00edmpetu latinoamericano, nos reconocimos diversas, plurales, complejas, amplias\u201d, dijo Navarrete al final de su intervenci\u00f3n. \u201cNos identificamos como parte de una sola patria grande, la Am\u00e9rica mestiza, poseedora de una enorme diversidad cultural que nos caracteriza como pueblos. Poseedores de una inmensa variedad de identidades; absolutamente ricos en cuanto a expresiones art\u00edsticas, culturales e institucionales. Poseedores de cosmovisi\u00f3n y concepciones que rebasan el realismo m\u00e1gico\u2026\u201d.<\/p>\n\n\n\n<p>Texto: Daniella Vera S., estudiante de la Escuela de Literatura. Edici\u00f3n: Carmen Cortez<\/p>\n","protected":false},"excerpt":{"rendered":"<p>Moderada por la doctora Olga L\u00f3pez, vicerrectora de Posgrado e Investigaci\u00f3n en Artes de la UArtes, la mesa de di\u00e1logo 2 del 7mo. Encuentro Iberoamericano de Arte, Trabajo y Econom\u00eda abord\u00f3 el segundo eje de la cita: \u201cReconocernos\u201d. Alma Espino, Mar\u00eda Fernanda Troya, Mar\u00eda del Pilar Gavilanes y Tania Navarrete expusieron sus varias miradas del tema, que parte del tener conciencia de la propia existencia e identidad.<\/p>\n","protected":false},"author":10,"featured_media":78952,"comment_status":"open","ping_status":"open","sticky":false,"template":"","format":"standard","meta":{"_acf_changed":false,"_uag_custom_page_level_css":"","_monsterinsights_skip_tracking":false,"_monsterinsights_sitenote_active":false,"_monsterinsights_sitenote_note":"","_monsterinsights_sitenote_category":0,"cybocfi_hide_featured_image":"","footnotes":""},"categories":[80,75,76,284],"tags":[802],"infouartes":[],"class_list":["post-30378","post","type-post","status-publish","format-standard","has-post-thumbnail","hentry","category-academico","category-docentes","category-estudiantes","category-investigacion","tag-encuentro-iberoamericano"],"acf":[],"yoast_head":"<!-- This site is optimized with the Yoast SEO plugin v27.4 - https:\/\/yoast.com\/product\/yoast-seo-wordpress\/ -->\n<title>Universidad de las Artes - \u201cReconocernos\u201d, el segundo eje del 7EIATE invita a pensar en identidad, relaciones, v\u00ednculos y conexiones<\/title>\n<meta name=\"description\" content=\"Universidad de las Artes - \u201cReconocernos\u201d, el segundo eje del 7EIATE invita a pensar en identidad, relaciones, v\u00ednculos y conexiones\" \/>\n<meta name=\"robots\" content=\"index, follow, max-snippet:-1, max-image-preview:large, max-video-preview:-1\" \/>\n<link rel=\"canonical\" href=\"https:\/\/www.uartes.edu.ec\/sitio\/blog\/2022\/10\/20\/reconocernos-el-segundo-eje-del-7eiate-llevo-al-analisis-de-identidad-relaciones-construccion-de-vinculos-y-conexiones\/\" \/>\n<meta property=\"og:locale\" content=\"es_ES\" \/>\n<meta property=\"og:type\" content=\"article\" \/>\n<meta property=\"og:title\" content=\"Universidad de las Artes - \u201cReconocernos\u201d, el segundo eje del 7EIATE invita a pensar en identidad, relaciones, v\u00ednculos y conexiones\" \/>\n<meta property=\"og:description\" content=\"Universidad de las Artes - \u201cReconocernos\u201d, el segundo eje del 7EIATE invita a pensar en identidad, relaciones, v\u00ednculos y conexiones\" \/>\n<meta property=\"og:url\" content=\"https:\/\/www.uartes.edu.ec\/sitio\/blog\/2022\/10\/20\/reconocernos-el-segundo-eje-del-7eiate-llevo-al-analisis-de-identidad-relaciones-construccion-de-vinculos-y-conexiones\/\" \/>\n<meta property=\"og:site_name\" content=\"Universidad de las Artes\" \/>\n<meta property=\"article:publisher\" content=\"https:\/\/www.facebook.com\/uartesec\" \/>\n<meta property=\"article:published_time\" content=\"2022-10-20T22:14:00+00:00\" \/>\n<meta property=\"article:modified_time\" content=\"2025-09-12T23:21:05+00:00\" \/>\n<meta property=\"og:image\" content=\"https:\/\/www.uartes.edu.ec\/sitio\/wp-content\/uploads\/2022\/10\/SEPTIMO-ENCUENTRO-10.jpg\" \/>\n\t<meta property=\"og:image:width\" content=\"2000\" \/>\n\t<meta property=\"og:image:height\" content=\"1333\" \/>\n\t<meta property=\"og:image:type\" content=\"image\/jpeg\" \/>\n<meta name=\"author\" content=\"ccortez\" \/>\n<meta name=\"twitter:card\" content=\"summary_large_image\" \/>\n<meta name=\"twitter:creator\" content=\"@uartesec\" \/>\n<meta name=\"twitter:site\" content=\"@uartesec\" \/>\n<meta name=\"twitter:label1\" content=\"Escrito por\" \/>\n\t<meta name=\"twitter:data1\" content=\"ccortez\" \/>\n\t<meta name=\"twitter:label2\" content=\"Tiempo de lectura\" \/>\n\t<meta name=\"twitter:data2\" content=\"6 minutos\" \/>\n<script type=\"application\/ld+json\" class=\"yoast-schema-graph\">{\"@context\":\"https:\\\/\\\/schema.org\",\"@graph\":[{\"@type\":\"Article\",\"@id\":\"https:\\\/\\\/www.uartes.edu.ec\\\/sitio\\\/blog\\\/2022\\\/10\\\/20\\\/reconocernos-el-segundo-eje-del-7eiate-llevo-al-analisis-de-identidad-relaciones-construccion-de-vinculos-y-conexiones\\\/#article\",\"isPartOf\":{\"@id\":\"https:\\\/\\\/www.uartes.edu.ec\\\/sitio\\\/blog\\\/2022\\\/10\\\/20\\\/reconocernos-el-segundo-eje-del-7eiate-llevo-al-analisis-de-identidad-relaciones-construccion-de-vinculos-y-conexiones\\\/\"},\"author\":{\"name\":\"ccortez\",\"@id\":\"https:\\\/\\\/www.uartes.edu.ec\\\/sitio\\\/#\\\/schema\\\/person\\\/efa1b8275797664fd7f13a79ccc0b1f4\"},\"headline\":\"\u201cReconocernos\u201d, el segundo eje del 7EIATE invita a pensar en identidad, relaciones, v\u00ednculos y conexiones\",\"datePublished\":\"2022-10-20T22:14:00+00:00\",\"dateModified\":\"2025-09-12T23:21:05+00:00\",\"mainEntityOfPage\":{\"@id\":\"https:\\\/\\\/www.uartes.edu.ec\\\/sitio\\\/blog\\\/2022\\\/10\\\/20\\\/reconocernos-el-segundo-eje-del-7eiate-llevo-al-analisis-de-identidad-relaciones-construccion-de-vinculos-y-conexiones\\\/\"},\"wordCount\":1156,\"commentCount\":0,\"publisher\":{\"@id\":\"https:\\\/\\\/www.uartes.edu.ec\\\/sitio\\\/#organization\"},\"image\":{\"@id\":\"https:\\\/\\\/www.uartes.edu.ec\\\/sitio\\\/blog\\\/2022\\\/10\\\/20\\\/reconocernos-el-segundo-eje-del-7eiate-llevo-al-analisis-de-identidad-relaciones-construccion-de-vinculos-y-conexiones\\\/#primaryimage\"},\"thumbnailUrl\":\"https:\\\/\\\/www.uartes.edu.ec\\\/sitio\\\/wp-content\\\/uploads\\\/2022\\\/10\\\/Proyecto-Cambiar-tamano-de-imagen-2025-09-12T182031.234.jpeg\",\"keywords\":[\"encuentro iberoamericano\"],\"articleSection\":[\"Acad\u00e9mico\",\"Docentes\",\"Estudiantes\",\"Investigaci\u00f3n\"],\"inLanguage\":\"es\",\"potentialAction\":[{\"@type\":\"CommentAction\",\"name\":\"Comment\",\"target\":[\"https:\\\/\\\/www.uartes.edu.ec\\\/sitio\\\/blog\\\/2022\\\/10\\\/20\\\/reconocernos-el-segundo-eje-del-7eiate-llevo-al-analisis-de-identidad-relaciones-construccion-de-vinculos-y-conexiones\\\/#respond\"]}]},{\"@type\":[\"WebPage\",\"ItemPage\"],\"@id\":\"https:\\\/\\\/www.uartes.edu.ec\\\/sitio\\\/blog\\\/2022\\\/10\\\/20\\\/reconocernos-el-segundo-eje-del-7eiate-llevo-al-analisis-de-identidad-relaciones-construccion-de-vinculos-y-conexiones\\\/\",\"url\":\"https:\\\/\\\/www.uartes.edu.ec\\\/sitio\\\/blog\\\/2022\\\/10\\\/20\\\/reconocernos-el-segundo-eje-del-7eiate-llevo-al-analisis-de-identidad-relaciones-construccion-de-vinculos-y-conexiones\\\/\",\"name\":\"Universidad de las Artes - \u201cReconocernos\u201d, el segundo eje del 7EIATE invita a pensar en identidad, relaciones, v\u00ednculos y conexiones\",\"isPartOf\":{\"@id\":\"https:\\\/\\\/www.uartes.edu.ec\\\/sitio\\\/#website\"},\"primaryImageOfPage\":{\"@id\":\"https:\\\/\\\/www.uartes.edu.ec\\\/sitio\\\/blog\\\/2022\\\/10\\\/20\\\/reconocernos-el-segundo-eje-del-7eiate-llevo-al-analisis-de-identidad-relaciones-construccion-de-vinculos-y-conexiones\\\/#primaryimage\"},\"image\":{\"@id\":\"https:\\\/\\\/www.uartes.edu.ec\\\/sitio\\\/blog\\\/2022\\\/10\\\/20\\\/reconocernos-el-segundo-eje-del-7eiate-llevo-al-analisis-de-identidad-relaciones-construccion-de-vinculos-y-conexiones\\\/#primaryimage\"},\"thumbnailUrl\":\"https:\\\/\\\/www.uartes.edu.ec\\\/sitio\\\/wp-content\\\/uploads\\\/2022\\\/10\\\/Proyecto-Cambiar-tamano-de-imagen-2025-09-12T182031.234.jpeg\",\"datePublished\":\"2022-10-20T22:14:00+00:00\",\"dateModified\":\"2025-09-12T23:21:05+00:00\",\"description\":\"Universidad de las Artes - \u201cReconocernos\u201d, el segundo eje del 7EIATE invita a pensar en identidad, relaciones, v\u00ednculos y conexiones\",\"breadcrumb\":{\"@id\":\"https:\\\/\\\/www.uartes.edu.ec\\\/sitio\\\/blog\\\/2022\\\/10\\\/20\\\/reconocernos-el-segundo-eje-del-7eiate-llevo-al-analisis-de-identidad-relaciones-construccion-de-vinculos-y-conexiones\\\/#breadcrumb\"},\"inLanguage\":\"es\",\"potentialAction\":[{\"@type\":\"ReadAction\",\"target\":[\"https:\\\/\\\/www.uartes.edu.ec\\\/sitio\\\/blog\\\/2022\\\/10\\\/20\\\/reconocernos-el-segundo-eje-del-7eiate-llevo-al-analisis-de-identidad-relaciones-construccion-de-vinculos-y-conexiones\\\/\"]}]},{\"@type\":\"ImageObject\",\"inLanguage\":\"es\",\"@id\":\"https:\\\/\\\/www.uartes.edu.ec\\\/sitio\\\/blog\\\/2022\\\/10\\\/20\\\/reconocernos-el-segundo-eje-del-7eiate-llevo-al-analisis-de-identidad-relaciones-construccion-de-vinculos-y-conexiones\\\/#primaryimage\",\"url\":\"https:\\\/\\\/www.uartes.edu.ec\\\/sitio\\\/wp-content\\\/uploads\\\/2022\\\/10\\\/Proyecto-Cambiar-tamano-de-imagen-2025-09-12T182031.234.jpeg\",\"contentUrl\":\"https:\\\/\\\/www.uartes.edu.ec\\\/sitio\\\/wp-content\\\/uploads\\\/2022\\\/10\\\/Proyecto-Cambiar-tamano-de-imagen-2025-09-12T182031.234.jpeg\",\"width\":2000,\"height\":1333},{\"@type\":\"BreadcrumbList\",\"@id\":\"https:\\\/\\\/www.uartes.edu.ec\\\/sitio\\\/blog\\\/2022\\\/10\\\/20\\\/reconocernos-el-segundo-eje-del-7eiate-llevo-al-analisis-de-identidad-relaciones-construccion-de-vinculos-y-conexiones\\\/#breadcrumb\",\"itemListElement\":[{\"@type\":\"ListItem\",\"position\":1,\"name\":\"Inicio\",\"item\":\"https:\\\/\\\/www.uartes.edu.ec\\\/sitio\\\/\"},{\"@type\":\"ListItem\",\"position\":2,\"name\":\"\u201cReconocernos\u201d, el segundo eje del 7EIATE invita a pensar en identidad, relaciones, v\u00ednculos y conexiones\"}]},{\"@type\":\"WebSite\",\"@id\":\"https:\\\/\\\/www.uartes.edu.ec\\\/sitio\\\/#website\",\"url\":\"https:\\\/\\\/www.uartes.edu.ec\\\/sitio\\\/\",\"name\":\"Universidad de las Artes\",\"description\":\"Sitio oficial de la Universidad Nacional de las Artes del Ecuador\",\"publisher\":{\"@id\":\"https:\\\/\\\/www.uartes.edu.ec\\\/sitio\\\/#organization\"},\"potentialAction\":[{\"@type\":\"SearchAction\",\"target\":{\"@type\":\"EntryPoint\",\"urlTemplate\":\"https:\\\/\\\/www.uartes.edu.ec\\\/sitio\\\/?s={search_term_string}\"},\"query-input\":{\"@type\":\"PropertyValueSpecification\",\"valueRequired\":true,\"valueName\":\"search_term_string\"}}],\"inLanguage\":\"es\"},{\"@type\":\"Organization\",\"@id\":\"https:\\\/\\\/www.uartes.edu.ec\\\/sitio\\\/#organization\",\"name\":\"Universidad de las Artes\",\"url\":\"https:\\\/\\\/www.uartes.edu.ec\\\/sitio\\\/\",\"logo\":{\"@type\":\"ImageObject\",\"inLanguage\":\"es\",\"@id\":\"https:\\\/\\\/www.uartes.edu.ec\\\/sitio\\\/#\\\/schema\\\/logo\\\/image\\\/\",\"url\":\"https:\\\/\\\/www.uartes.edu.ec\\\/sitio\\\/wp-content\\\/uploads\\\/2022\\\/07\\\/logo-ua-horizontal.png\",\"contentUrl\":\"https:\\\/\\\/www.uartes.edu.ec\\\/sitio\\\/wp-content\\\/uploads\\\/2022\\\/07\\\/logo-ua-horizontal.png\",\"width\":800,\"height\":276,\"caption\":\"Universidad de las Artes\"},\"image\":{\"@id\":\"https:\\\/\\\/www.uartes.edu.ec\\\/sitio\\\/#\\\/schema\\\/logo\\\/image\\\/\"},\"sameAs\":[\"https:\\\/\\\/www.facebook.com\\\/uartesec\",\"https:\\\/\\\/x.com\\\/uartesec\",\"https:\\\/\\\/www.tiktok.com\\\/@uartesec\"]},{\"@type\":\"Person\",\"@id\":\"https:\\\/\\\/www.uartes.edu.ec\\\/sitio\\\/#\\\/schema\\\/person\\\/efa1b8275797664fd7f13a79ccc0b1f4\",\"name\":\"ccortez\",\"image\":{\"@type\":\"ImageObject\",\"inLanguage\":\"es\",\"@id\":\"https:\\\/\\\/secure.gravatar.com\\\/avatar\\\/b2a6f664a3ae8e074346ef91775736c5ec479e637ecced6842de9dc98b5da9cd?s=96&d=mm&r=g\",\"url\":\"https:\\\/\\\/secure.gravatar.com\\\/avatar\\\/b2a6f664a3ae8e074346ef91775736c5ec479e637ecced6842de9dc98b5da9cd?s=96&d=mm&r=g\",\"contentUrl\":\"https:\\\/\\\/secure.gravatar.com\\\/avatar\\\/b2a6f664a3ae8e074346ef91775736c5ec479e637ecced6842de9dc98b5da9cd?s=96&d=mm&r=g\",\"caption\":\"ccortez\"},\"url\":\"https:\\\/\\\/www.uartes.edu.ec\\\/sitio\\\/blog\\\/author\\\/ccortez\\\/\"}]}<\/script>\n<!-- \/ Yoast SEO plugin. -->","yoast_head_json":{"title":"Universidad de las Artes - \u201cReconocernos\u201d, el segundo eje del 7EIATE invita a pensar en identidad, relaciones, v\u00ednculos y conexiones","description":"Universidad de las Artes - \u201cReconocernos\u201d, el segundo eje del 7EIATE invita a pensar en identidad, relaciones, v\u00ednculos y conexiones","robots":{"index":"index","follow":"follow","max-snippet":"max-snippet:-1","max-image-preview":"max-image-preview:large","max-video-preview":"max-video-preview:-1"},"canonical":"https:\/\/www.uartes.edu.ec\/sitio\/blog\/2022\/10\/20\/reconocernos-el-segundo-eje-del-7eiate-llevo-al-analisis-de-identidad-relaciones-construccion-de-vinculos-y-conexiones\/","og_locale":"es_ES","og_type":"article","og_title":"Universidad de las Artes - \u201cReconocernos\u201d, el segundo eje del 7EIATE invita a pensar en identidad, relaciones, v\u00ednculos y conexiones","og_description":"Universidad de las Artes - \u201cReconocernos\u201d, el segundo eje del 7EIATE invita a pensar en identidad, relaciones, v\u00ednculos y conexiones","og_url":"https:\/\/www.uartes.edu.ec\/sitio\/blog\/2022\/10\/20\/reconocernos-el-segundo-eje-del-7eiate-llevo-al-analisis-de-identidad-relaciones-construccion-de-vinculos-y-conexiones\/","og_site_name":"Universidad de las Artes","article_publisher":"https:\/\/www.facebook.com\/uartesec","article_published_time":"2022-10-20T22:14:00+00:00","article_modified_time":"2025-09-12T23:21:05+00:00","og_image":[{"width":2000,"height":1333,"url":"https:\/\/www.uartes.edu.ec\/sitio\/wp-content\/uploads\/2022\/10\/SEPTIMO-ENCUENTRO-10.jpg","type":"image\/jpeg"}],"author":"ccortez","twitter_card":"summary_large_image","twitter_creator":"@uartesec","twitter_site":"@uartesec","twitter_misc":{"Escrito por":"ccortez","Tiempo de lectura":"6 minutos"},"schema":{"@context":"https:\/\/schema.org","@graph":[{"@type":"Article","@id":"https:\/\/www.uartes.edu.ec\/sitio\/blog\/2022\/10\/20\/reconocernos-el-segundo-eje-del-7eiate-llevo-al-analisis-de-identidad-relaciones-construccion-de-vinculos-y-conexiones\/#article","isPartOf":{"@id":"https:\/\/www.uartes.edu.ec\/sitio\/blog\/2022\/10\/20\/reconocernos-el-segundo-eje-del-7eiate-llevo-al-analisis-de-identidad-relaciones-construccion-de-vinculos-y-conexiones\/"},"author":{"name":"ccortez","@id":"https:\/\/www.uartes.edu.ec\/sitio\/#\/schema\/person\/efa1b8275797664fd7f13a79ccc0b1f4"},"headline":"\u201cReconocernos\u201d, el segundo eje del 7EIATE invita a pensar en identidad, relaciones, v\u00ednculos y conexiones","datePublished":"2022-10-20T22:14:00+00:00","dateModified":"2025-09-12T23:21:05+00:00","mainEntityOfPage":{"@id":"https:\/\/www.uartes.edu.ec\/sitio\/blog\/2022\/10\/20\/reconocernos-el-segundo-eje-del-7eiate-llevo-al-analisis-de-identidad-relaciones-construccion-de-vinculos-y-conexiones\/"},"wordCount":1156,"commentCount":0,"publisher":{"@id":"https:\/\/www.uartes.edu.ec\/sitio\/#organization"},"image":{"@id":"https:\/\/www.uartes.edu.ec\/sitio\/blog\/2022\/10\/20\/reconocernos-el-segundo-eje-del-7eiate-llevo-al-analisis-de-identidad-relaciones-construccion-de-vinculos-y-conexiones\/#primaryimage"},"thumbnailUrl":"https:\/\/www.uartes.edu.ec\/sitio\/wp-content\/uploads\/2022\/10\/Proyecto-Cambiar-tamano-de-imagen-2025-09-12T182031.234.jpeg","keywords":["encuentro iberoamericano"],"articleSection":["Acad\u00e9mico","Docentes","Estudiantes","Investigaci\u00f3n"],"inLanguage":"es","potentialAction":[{"@type":"CommentAction","name":"Comment","target":["https:\/\/www.uartes.edu.ec\/sitio\/blog\/2022\/10\/20\/reconocernos-el-segundo-eje-del-7eiate-llevo-al-analisis-de-identidad-relaciones-construccion-de-vinculos-y-conexiones\/#respond"]}]},{"@type":["WebPage","ItemPage"],"@id":"https:\/\/www.uartes.edu.ec\/sitio\/blog\/2022\/10\/20\/reconocernos-el-segundo-eje-del-7eiate-llevo-al-analisis-de-identidad-relaciones-construccion-de-vinculos-y-conexiones\/","url":"https:\/\/www.uartes.edu.ec\/sitio\/blog\/2022\/10\/20\/reconocernos-el-segundo-eje-del-7eiate-llevo-al-analisis-de-identidad-relaciones-construccion-de-vinculos-y-conexiones\/","name":"Universidad de las Artes - \u201cReconocernos\u201d, el segundo eje del 7EIATE invita a pensar en identidad, relaciones, v\u00ednculos y conexiones","isPartOf":{"@id":"https:\/\/www.uartes.edu.ec\/sitio\/#website"},"primaryImageOfPage":{"@id":"https:\/\/www.uartes.edu.ec\/sitio\/blog\/2022\/10\/20\/reconocernos-el-segundo-eje-del-7eiate-llevo-al-analisis-de-identidad-relaciones-construccion-de-vinculos-y-conexiones\/#primaryimage"},"image":{"@id":"https:\/\/www.uartes.edu.ec\/sitio\/blog\/2022\/10\/20\/reconocernos-el-segundo-eje-del-7eiate-llevo-al-analisis-de-identidad-relaciones-construccion-de-vinculos-y-conexiones\/#primaryimage"},"thumbnailUrl":"https:\/\/www.uartes.edu.ec\/sitio\/wp-content\/uploads\/2022\/10\/Proyecto-Cambiar-tamano-de-imagen-2025-09-12T182031.234.jpeg","datePublished":"2022-10-20T22:14:00+00:00","dateModified":"2025-09-12T23:21:05+00:00","description":"Universidad de las Artes - \u201cReconocernos\u201d, el segundo eje del 7EIATE invita a pensar en identidad, relaciones, v\u00ednculos y conexiones","breadcrumb":{"@id":"https:\/\/www.uartes.edu.ec\/sitio\/blog\/2022\/10\/20\/reconocernos-el-segundo-eje-del-7eiate-llevo-al-analisis-de-identidad-relaciones-construccion-de-vinculos-y-conexiones\/#breadcrumb"},"inLanguage":"es","potentialAction":[{"@type":"ReadAction","target":["https:\/\/www.uartes.edu.ec\/sitio\/blog\/2022\/10\/20\/reconocernos-el-segundo-eje-del-7eiate-llevo-al-analisis-de-identidad-relaciones-construccion-de-vinculos-y-conexiones\/"]}]},{"@type":"ImageObject","inLanguage":"es","@id":"https:\/\/www.uartes.edu.ec\/sitio\/blog\/2022\/10\/20\/reconocernos-el-segundo-eje-del-7eiate-llevo-al-analisis-de-identidad-relaciones-construccion-de-vinculos-y-conexiones\/#primaryimage","url":"https:\/\/www.uartes.edu.ec\/sitio\/wp-content\/uploads\/2022\/10\/Proyecto-Cambiar-tamano-de-imagen-2025-09-12T182031.234.jpeg","contentUrl":"https:\/\/www.uartes.edu.ec\/sitio\/wp-content\/uploads\/2022\/10\/Proyecto-Cambiar-tamano-de-imagen-2025-09-12T182031.234.jpeg","width":2000,"height":1333},{"@type":"BreadcrumbList","@id":"https:\/\/www.uartes.edu.ec\/sitio\/blog\/2022\/10\/20\/reconocernos-el-segundo-eje-del-7eiate-llevo-al-analisis-de-identidad-relaciones-construccion-de-vinculos-y-conexiones\/#breadcrumb","itemListElement":[{"@type":"ListItem","position":1,"name":"Inicio","item":"https:\/\/www.uartes.edu.ec\/sitio\/"},{"@type":"ListItem","position":2,"name":"\u201cReconocernos\u201d, el segundo eje del 7EIATE invita a pensar en identidad, relaciones, v\u00ednculos y conexiones"}]},{"@type":"WebSite","@id":"https:\/\/www.uartes.edu.ec\/sitio\/#website","url":"https:\/\/www.uartes.edu.ec\/sitio\/","name":"Universidad de las Artes","description":"Sitio oficial de la Universidad Nacional de las Artes del Ecuador","publisher":{"@id":"https:\/\/www.uartes.edu.ec\/sitio\/#organization"},"potentialAction":[{"@type":"SearchAction","target":{"@type":"EntryPoint","urlTemplate":"https:\/\/www.uartes.edu.ec\/sitio\/?s={search_term_string}"},"query-input":{"@type":"PropertyValueSpecification","valueRequired":true,"valueName":"search_term_string"}}],"inLanguage":"es"},{"@type":"Organization","@id":"https:\/\/www.uartes.edu.ec\/sitio\/#organization","name":"Universidad de las Artes","url":"https:\/\/www.uartes.edu.ec\/sitio\/","logo":{"@type":"ImageObject","inLanguage":"es","@id":"https:\/\/www.uartes.edu.ec\/sitio\/#\/schema\/logo\/image\/","url":"https:\/\/www.uartes.edu.ec\/sitio\/wp-content\/uploads\/2022\/07\/logo-ua-horizontal.png","contentUrl":"https:\/\/www.uartes.edu.ec\/sitio\/wp-content\/uploads\/2022\/07\/logo-ua-horizontal.png","width":800,"height":276,"caption":"Universidad de las Artes"},"image":{"@id":"https:\/\/www.uartes.edu.ec\/sitio\/#\/schema\/logo\/image\/"},"sameAs":["https:\/\/www.facebook.com\/uartesec","https:\/\/x.com\/uartesec","https:\/\/www.tiktok.com\/@uartesec"]},{"@type":"Person","@id":"https:\/\/www.uartes.edu.ec\/sitio\/#\/schema\/person\/efa1b8275797664fd7f13a79ccc0b1f4","name":"ccortez","image":{"@type":"ImageObject","inLanguage":"es","@id":"https:\/\/secure.gravatar.com\/avatar\/b2a6f664a3ae8e074346ef91775736c5ec479e637ecced6842de9dc98b5da9cd?s=96&d=mm&r=g","url":"https:\/\/secure.gravatar.com\/avatar\/b2a6f664a3ae8e074346ef91775736c5ec479e637ecced6842de9dc98b5da9cd?s=96&d=mm&r=g","contentUrl":"https:\/\/secure.gravatar.com\/avatar\/b2a6f664a3ae8e074346ef91775736c5ec479e637ecced6842de9dc98b5da9cd?s=96&d=mm&r=g","caption":"ccortez"},"url":"https:\/\/www.uartes.edu.ec\/sitio\/blog\/author\/ccortez\/"}]}},"uagb_featured_image_src":{"full":["https:\/\/www.uartes.edu.ec\/sitio\/wp-content\/uploads\/2022\/10\/Proyecto-Cambiar-tamano-de-imagen-2025-09-12T182031.234.jpeg",2000,1333,false],"thumbnail":["https:\/\/www.uartes.edu.ec\/sitio\/wp-content\/uploads\/2022\/10\/Proyecto-Cambiar-tamano-de-imagen-2025-09-12T182031.234-150x150.jpeg",150,150,true],"medium":["https:\/\/www.uartes.edu.ec\/sitio\/wp-content\/uploads\/2022\/10\/Proyecto-Cambiar-tamano-de-imagen-2025-09-12T182031.234-300x200.jpeg",300,200,true],"medium_large":["https:\/\/www.uartes.edu.ec\/sitio\/wp-content\/uploads\/2022\/10\/Proyecto-Cambiar-tamano-de-imagen-2025-09-12T182031.234-768x512.jpeg",768,512,true],"large":["https:\/\/www.uartes.edu.ec\/sitio\/wp-content\/uploads\/2022\/10\/Proyecto-Cambiar-tamano-de-imagen-2025-09-12T182031.234-644x429.jpeg",644,429,true],"1536x1536":["https:\/\/www.uartes.edu.ec\/sitio\/wp-content\/uploads\/2022\/10\/Proyecto-Cambiar-tamano-de-imagen-2025-09-12T182031.234-1536x1024.jpeg",1536,1024,true],"2048x2048":["https:\/\/www.uartes.edu.ec\/sitio\/wp-content\/uploads\/2022\/10\/Proyecto-Cambiar-tamano-de-imagen-2025-09-12T182031.234.jpeg",2000,1333,false],"trp-custom-language-flag":["https:\/\/www.uartes.edu.ec\/sitio\/wp-content\/uploads\/2022\/10\/Proyecto-Cambiar-tamano-de-imagen-2025-09-12T182031.234-18x12.jpeg",18,12,true],"htmega_size_585x295":["https:\/\/www.uartes.edu.ec\/sitio\/wp-content\/uploads\/2022\/10\/Proyecto-Cambiar-tamano-de-imagen-2025-09-12T182031.234-585x295.jpeg",585,295,true],"htmega_size_1170x536":["https:\/\/www.uartes.edu.ec\/sitio\/wp-content\/uploads\/2022\/10\/Proyecto-Cambiar-tamano-de-imagen-2025-09-12T182031.234-1170x536.jpeg",1170,536,true],"htmega_size_396x360":["https:\/\/www.uartes.edu.ec\/sitio\/wp-content\/uploads\/2022\/10\/Proyecto-Cambiar-tamano-de-imagen-2025-09-12T182031.234-396x360.jpeg",396,360,true],"gb-block-post-grid-landscape":["https:\/\/www.uartes.edu.ec\/sitio\/wp-content\/uploads\/2022\/10\/Proyecto-Cambiar-tamano-de-imagen-2025-09-12T182031.234-600x400.jpeg",600,400,true],"gb-block-post-grid-square":["https:\/\/www.uartes.edu.ec\/sitio\/wp-content\/uploads\/2022\/10\/Proyecto-Cambiar-tamano-de-imagen-2025-09-12T182031.234-600x600.jpeg",600,600,true],"university-hub-thumb":["https:\/\/www.uartes.edu.ec\/sitio\/wp-content\/uploads\/2022\/10\/Proyecto-Cambiar-tamano-de-imagen-2025-09-12T182031.234-400x267.jpeg",400,267,true]},"uagb_author_info":{"display_name":"ccortez","author_link":"https:\/\/www.uartes.edu.ec\/sitio\/blog\/author\/ccortez\/"},"uagb_comment_info":0,"uagb_excerpt":"Moderada por la doctora Olga L\u00f3pez, vicerrectora de Posgrado e Investigaci\u00f3n en Artes de la UArtes, la mesa de di\u00e1logo 2 del 7mo. Encuentro Iberoamericano de Arte, Trabajo y Econom\u00eda abord\u00f3 el segundo eje de la cita: \u201cReconocernos\u201d. Alma Espino, Mar\u00eda Fernanda Troya, Mar\u00eda del Pilar Gavilanes y Tania Navarrete expusieron sus varias miradas del&hellip;","featured_image_src":"https:\/\/www.uartes.edu.ec\/sitio\/wp-content\/uploads\/2022\/10\/Proyecto-Cambiar-tamano-de-imagen-2025-09-12T182031.234-600x400.jpeg","featured_image_src_square":"https:\/\/www.uartes.edu.ec\/sitio\/wp-content\/uploads\/2022\/10\/Proyecto-Cambiar-tamano-de-imagen-2025-09-12T182031.234-600x600.jpeg","author_info":{"display_name":"ccortez","author_link":"https:\/\/www.uartes.edu.ec\/sitio\/blog\/author\/ccortez\/"},"publishpress_future_workflow_manual_trigger":{"enabledWorkflows":[]},"distributor_meta":false,"distributor_terms":false,"distributor_media":false,"distributor_original_site_name":"Universidad de las Artes","distributor_original_site_url":"https:\/\/www.uartes.edu.ec\/sitio","push-errors":false,"_links":{"self":[{"href":"https:\/\/www.uartes.edu.ec\/sitio\/wp-json\/wp\/v2\/posts\/30378","targetHints":{"allow":["GET"]}}],"collection":[{"href":"https:\/\/www.uartes.edu.ec\/sitio\/wp-json\/wp\/v2\/posts"}],"about":[{"href":"https:\/\/www.uartes.edu.ec\/sitio\/wp-json\/wp\/v2\/types\/post"}],"author":[{"embeddable":true,"href":"https:\/\/www.uartes.edu.ec\/sitio\/wp-json\/wp\/v2\/users\/10"}],"replies":[{"embeddable":true,"href":"https:\/\/www.uartes.edu.ec\/sitio\/wp-json\/wp\/v2\/comments?post=30378"}],"version-history":[{"count":6,"href":"https:\/\/www.uartes.edu.ec\/sitio\/wp-json\/wp\/v2\/posts\/30378\/revisions"}],"predecessor-version":[{"id":30536,"href":"https:\/\/www.uartes.edu.ec\/sitio\/wp-json\/wp\/v2\/posts\/30378\/revisions\/30536"}],"wp:featuredmedia":[{"embeddable":true,"href":"https:\/\/www.uartes.edu.ec\/sitio\/wp-json\/wp\/v2\/media\/78952"}],"wp:attachment":[{"href":"https:\/\/www.uartes.edu.ec\/sitio\/wp-json\/wp\/v2\/media?parent=30378"}],"wp:term":[{"taxonomy":"category","embeddable":true,"href":"https:\/\/www.uartes.edu.ec\/sitio\/wp-json\/wp\/v2\/categories?post=30378"},{"taxonomy":"post_tag","embeddable":true,"href":"https:\/\/www.uartes.edu.ec\/sitio\/wp-json\/wp\/v2\/tags?post=30378"},{"taxonomy":"infouartes","embeddable":true,"href":"https:\/\/www.uartes.edu.ec\/sitio\/wp-json\/wp\/v2\/infouartes?post=30378"}],"curies":[{"name":"wp","href":"https:\/\/api.w.org\/{rel}","templated":true}]}}