{"id":31020,"date":"2022-10-21T10:58:00","date_gmt":"2022-10-21T15:58:00","guid":{"rendered":"http:\/\/www.uartes.edu.ec\/sitio\/?p=31020"},"modified":"2024-07-04T11:22:44","modified_gmt":"2024-07-04T16:22:44","slug":"con-1-525-estudiantes-matriculados-en-pregradola-uartes-esta-cerca-al-100-de-la-presencialidad","status":"publish","type":"post","link":"https:\/\/www.uartes.edu.ec\/sitio\/blog\/2022\/10\/21\/con-1-525-estudiantes-matriculados-en-pregradola-uartes-esta-cerca-al-100-de-la-presencialidad\/","title":{"rendered":"Con 1.525 matriculados en pregrado, la UArtes cerca al 100% de presencialidad"},"content":{"rendered":"\n<p>El lunes 3 de octubre pasado la Universidad de las Artes recobr\u00f3 su ritmo habitual. Fue el retorno de su comunidad universitaria a clases del Semestre B 2022. El Pasaje\u00a0Illingworth, donde se encuentra el campus centro, as\u00ed como los edificios El Tel\u00e9grafo, T\u00e1bara y el Centro de Promoci\u00f3n e Innovaci\u00f3n MZ14 registran desde entonces el ir y venir de docentes y estudiantes; unos presurosos y otros reunidos en grupos, llegando a los salones y aulas, revisando horarios y\/o participando en las actividades acad\u00e9micas programadas por la UArtes, como Piano ma non solo y el 7mo. Encuentro Iberoamericano de Arte, Trabajo y Econom\u00eda (7EIATE), esta \u00faltima coproducida con Arte Actual FLACSO.\u00a0\u00a0<\/p>\n\n\n\n<p>Mar\u00eda Jos\u00e9 Bustos, secretaria acad\u00e9mica de la UArtes, indic\u00f3 que hasta el 5 de octubre se registraron 1.490 estudiantes matriculados en este segundo semestre del a\u00f1o en curso. Las matr\u00edculas ordinarias se realizaron del 26 a 30 de septiembre y las extraordinarias del lunes 3 al viernes 7 de octubre. Del martes 11 al jueves 13 \u00a0de este mes tuvieron lugar las matr\u00edculas especiales para los estudiantes que se quedaron rezagados. En ese sentido, el total de alumnos matriculados alcanz\u00f3 los 1.525.<\/p>\n\n\n<div class=\"wp-block-image\">\n<figure class=\"aligncenter size-large\"><img fetchpriority=\"high\" decoding=\"async\" width=\"644\" height=\"429\" src=\"http:\/\/www.uartes.edu.ec\/sitio\/wp-content\/uploads\/2022\/11\/MATRICULACION-04-644x429.jpg\" alt=\"\" class=\"wp-image-31021\" srcset=\"https:\/\/www.uartes.edu.ec\/sitio\/wp-content\/uploads\/2022\/11\/MATRICULACION-04-644x429.jpg 644w, https:\/\/www.uartes.edu.ec\/sitio\/wp-content\/uploads\/2022\/11\/MATRICULACION-04-768x511.jpg 768w, https:\/\/www.uartes.edu.ec\/sitio\/wp-content\/uploads\/2022\/11\/MATRICULACION-04.jpg 2000w, https:\/\/www.uartes.edu.ec\/sitio\/wp-content\/uploads\/2022\/11\/MATRICULACION-04-600x399.jpg 600w, https:\/\/www.uartes.edu.ec\/sitio\/wp-content\/uploads\/2022\/11\/MATRICULACION-04-272x182.jpg 272w\" sizes=\"(max-width: 644px) 100vw, 644px\" \/><\/figure>\n<\/div>\n\n\n<p>Son 726 los paralelos planificados en modalidad presencial y hay un 4.5% de clases virtuales, es decir que la UArtes registra cerca al 100% de la presencialidad.<\/p>\n\n\n\n<p>La Escuela de Artes Visuales es la que mayor n\u00famero de matriculados tiene: 399, seguida por la de Cine, anot\u00f3 Bustos. Y de la UNAE, son 95 los alumnos que llegaron de Azogues \u2013donde se encuentra su sede\u2013 para continuar sus estudios en la carrera de Pedagog\u00eda de Artes y Humanidades (que la Universidad Nacional de Educaci\u00f3n comparte por convenio con la UArtes).<\/p>\n\n\n\n<p>La Secretaria Acad\u00e9mica revel\u00f3 que se llevaron con \u00e9xito las matr\u00edculas ordinarias, que se realizaron automatr\u00edculas \u2013en su mayor\u00eda en l\u00ednea\u2013 y que hubo tambi\u00e9n afluencia de estudiantes a la oficina que se estableci\u00f3 para el proceso. \u201cAcudieron quienes necesitaban una atenci\u00f3n personalizada acerca de consultas espec\u00edficas de su proceso de matriculaci\u00f3n\u201d, dijo Bustos y consider\u00f3 de mucha importancia realizar estos acercamientos con el estudiantado para resolver dudas respecto a sus mallas, asignaturas pendientes de cursar, precedencias, horarios y espacios.<\/p>\n\n\n<div class=\"wp-block-image\">\n<figure class=\"aligncenter size-large\"><img decoding=\"async\" width=\"644\" height=\"429\" src=\"http:\/\/www.uartes.edu.ec\/sitio\/wp-content\/uploads\/2022\/11\/MATRICULACION-02-644x429.jpg\" alt=\"\" class=\"wp-image-31022\" srcset=\"https:\/\/www.uartes.edu.ec\/sitio\/wp-content\/uploads\/2022\/11\/MATRICULACION-02-644x429.jpg 644w, https:\/\/www.uartes.edu.ec\/sitio\/wp-content\/uploads\/2022\/11\/MATRICULACION-02-768x511.jpg 768w, https:\/\/www.uartes.edu.ec\/sitio\/wp-content\/uploads\/2022\/11\/MATRICULACION-02.jpg 2000w, https:\/\/www.uartes.edu.ec\/sitio\/wp-content\/uploads\/2022\/11\/MATRICULACION-02-600x399.jpg 600w, https:\/\/www.uartes.edu.ec\/sitio\/wp-content\/uploads\/2022\/11\/MATRICULACION-02-272x182.jpg 272w\" sizes=\"(max-width: 644px) 100vw, 644px\" \/><\/figure>\n<\/div>\n\n\n<p>Entre quienes recibieron la atenci\u00f3n presencial constaron los estudiantes que, debido a la pandemia por COVID-19, se retiraron y regresaron a sus provincias y luego decidieron trabajar y dejar por un tiempo los estudios. Desde el 2020, las mallas de Literatura y Cine registraron reformas y otras mallas fueron redise\u00f1adas, lo cual implic\u00f3 que, si un estudiante no se hab\u00eda matriculado desde antes del 2020, \u201cseguramente, de acuerdo al nivel en el que se encuentra, fue necesario realizar un cambio de malla para actualizar su registro acad\u00e9mico. Para consultas de este proceso tambi\u00e9n hemos atendido consultas presencialmente\u201d.<\/p>\n\n\n\n<p>A diferencia de los semestres anteriores, en el que acaba de iniciar la Secretar\u00eda Acad\u00e9mica ha podido constatar una mayor predisposici\u00f3n de los estudiantes para el retorno. En los pasados a\u00fan preguntaban si hab\u00eda materias en modalidad virtual, por si les resultaba complicado tomarlas de manera presencial. Esto se pudo evidenciar en los di\u00e1logos mantenidos durante los periodos de matriculaci\u00f3n y en cifras, pues las asignaturas ofertadas como virtuales han sido las \u00faltimas en llenarse, no as\u00ed las presenciales que han sido las primeras con matr\u00edculas al tope.<\/p>\n\n\n\n<p>\u201cVemos, adem\u00e1s, por los espacios comunes de la UArtes a muchos estudiantes. La afluencia es mayor\u201d, coment\u00f3 Bustos. En cuanto a los estudiantes de posgrado y los procesos de matriculaci\u00f3n, la funcionaria manifest\u00f3 que ellos tuvieron sus matr\u00edculas antes que los estudiantes de pregrado. Hasta el cierre de este registro hab\u00eda 60 maestrantes matriculados en la nueva maestr\u00eda de Artes Visuales y Nuevos Medios, tambi\u00e9n en Fotograf\u00eda y Sociedad en Am\u00e9rica Latina, Composici\u00f3n Musical y Artes Sonoras y Escritura Creativa. Estos dos \u00faltimos programas de posgrados est\u00e1n pr\u00f3ximos a graduar a sus cohortes.<\/p>\n\n\n<div class=\"wp-block-image\">\n<figure class=\"aligncenter size-large\"><img decoding=\"async\" width=\"644\" height=\"429\" src=\"http:\/\/www.uartes.edu.ec\/sitio\/wp-content\/uploads\/2022\/11\/MATRICULACION-03-644x429.jpg\" alt=\"\" class=\"wp-image-31023\" srcset=\"https:\/\/www.uartes.edu.ec\/sitio\/wp-content\/uploads\/2022\/11\/MATRICULACION-03-644x429.jpg 644w, https:\/\/www.uartes.edu.ec\/sitio\/wp-content\/uploads\/2022\/11\/MATRICULACION-03-768x511.jpg 768w, https:\/\/www.uartes.edu.ec\/sitio\/wp-content\/uploads\/2022\/11\/MATRICULACION-03.jpg 2000w, https:\/\/www.uartes.edu.ec\/sitio\/wp-content\/uploads\/2022\/11\/MATRICULACION-03-600x399.jpg 600w, https:\/\/www.uartes.edu.ec\/sitio\/wp-content\/uploads\/2022\/11\/MATRICULACION-03-272x182.jpg 272w\" sizes=\"(max-width: 644px) 100vw, 644px\" \/><\/figure>\n<\/div>","protected":false},"excerpt":{"rendered":"<p>Mar\u00eda Jos\u00e9 Bustos, secretaria acad\u00e9mica de la UArtes, indic\u00f3 que se llevaron con \u00e9xito las matr\u00edculas ordinarias, que se realizaron automatr\u00edculas \u2013en su mayor\u00eda en l\u00ednea\u2013 y que hubo tambi\u00e9n afluencia de estudiantes a la oficina que se estableci\u00f3 para el proceso. Del 11 al 13 de octubre tuvieron lugar las matr\u00edculas especiales para los alumnos que quedaron rezagados. El total de matriculados para el Semestre B 2022 alcanz\u00f3 los 1.525.<\/p>\n","protected":false},"author":10,"featured_media":31024,"comment_status":"open","ping_status":"open","sticky":false,"template":"","format":"standard","meta":{"_acf_changed":false,"_uag_custom_page_level_css":"","_monsterinsights_skip_tracking":false,"_monsterinsights_sitenote_active":false,"_monsterinsights_sitenote_note":"","_monsterinsights_sitenote_category":0,"cybocfi_hide_featured_image":"","footnotes":""},"categories":[80,76],"tags":[828],"infouartes":[],"class_list":["post-31020","post","type-post","status-publish","format-standard","has-post-thumbnail","hentry","category-academico","category-estudiantes","tag-matriculados"],"acf":[],"yoast_head":"<!-- This site is optimized with the Yoast SEO plugin v27.4 - https:\/\/yoast.com\/product\/yoast-seo-wordpress\/ -->\n<title>Universidad de las Artes - Con 1.525 matriculados en pregrado, la UArtes cerca al 100% de presencialidad<\/title>\n<meta name=\"description\" content=\"Universidad de las Artes - Con 1.525 matriculados en pregrado, la UArtes cerca al 100% de presencialidad\" \/>\n<meta name=\"robots\" content=\"index, follow, max-snippet:-1, max-image-preview:large, max-video-preview:-1\" \/>\n<link rel=\"canonical\" href=\"https:\/\/www.uartes.edu.ec\/sitio\/blog\/2022\/10\/21\/con-1-525-estudiantes-matriculados-en-pregradola-uartes-esta-cerca-al-100-de-la-presencialidad\/\" \/>\n<meta property=\"og:locale\" content=\"es_ES\" \/>\n<meta property=\"og:type\" content=\"article\" \/>\n<meta property=\"og:title\" content=\"Universidad de las Artes - Con 1.525 matriculados en pregrado, la UArtes cerca al 100% de presencialidad\" \/>\n<meta property=\"og:description\" content=\"Universidad de las Artes - Con 1.525 matriculados en pregrado, la UArtes cerca al 100% de presencialidad\" \/>\n<meta property=\"og:url\" content=\"https:\/\/www.uartes.edu.ec\/sitio\/blog\/2022\/10\/21\/con-1-525-estudiantes-matriculados-en-pregradola-uartes-esta-cerca-al-100-de-la-presencialidad\/\" \/>\n<meta property=\"og:site_name\" content=\"Universidad de las Artes\" \/>\n<meta property=\"article:publisher\" content=\"https:\/\/www.facebook.com\/uartesec\" \/>\n<meta property=\"article:published_time\" content=\"2022-10-21T15:58:00+00:00\" \/>\n<meta property=\"article:modified_time\" content=\"2024-07-04T16:22:44+00:00\" \/>\n<meta property=\"og:image\" content=\"https:\/\/www.uartes.edu.ec\/sitio\/wp-content\/uploads\/2022\/11\/PASAJE-I.jpg\" \/>\n\t<meta property=\"og:image:width\" content=\"2000\" \/>\n\t<meta property=\"og:image:height\" content=\"1333\" \/>\n\t<meta property=\"og:image:type\" content=\"image\/jpeg\" \/>\n<meta name=\"author\" content=\"ccortez\" \/>\n<meta name=\"twitter:card\" content=\"summary_large_image\" \/>\n<meta name=\"twitter:creator\" content=\"@uartesec\" \/>\n<meta name=\"twitter:site\" content=\"@uartesec\" \/>\n<meta name=\"twitter:label1\" content=\"Escrito por\" \/>\n\t<meta name=\"twitter:data1\" content=\"ccortez\" \/>\n\t<meta name=\"twitter:label2\" content=\"Tiempo de lectura\" \/>\n\t<meta name=\"twitter:data2\" content=\"4 minutos\" \/>\n<script type=\"application\/ld+json\" class=\"yoast-schema-graph\">{\"@context\":\"https:\\\/\\\/schema.org\",\"@graph\":[{\"@type\":\"Article\",\"@id\":\"https:\\\/\\\/www.uartes.edu.ec\\\/sitio\\\/blog\\\/2022\\\/10\\\/21\\\/con-1-525-estudiantes-matriculados-en-pregradola-uartes-esta-cerca-al-100-de-la-presencialidad\\\/#article\",\"isPartOf\":{\"@id\":\"https:\\\/\\\/www.uartes.edu.ec\\\/sitio\\\/blog\\\/2022\\\/10\\\/21\\\/con-1-525-estudiantes-matriculados-en-pregradola-uartes-esta-cerca-al-100-de-la-presencialidad\\\/\"},\"author\":{\"name\":\"ccortez\",\"@id\":\"https:\\\/\\\/www.uartes.edu.ec\\\/sitio\\\/#\\\/schema\\\/person\\\/efa1b8275797664fd7f13a79ccc0b1f4\"},\"headline\":\"Con 1.525 matriculados en pregrado, la UArtes cerca al 100% de presencialidad\",\"datePublished\":\"2022-10-21T15:58:00+00:00\",\"dateModified\":\"2024-07-04T16:22:44+00:00\",\"mainEntityOfPage\":{\"@id\":\"https:\\\/\\\/www.uartes.edu.ec\\\/sitio\\\/blog\\\/2022\\\/10\\\/21\\\/con-1-525-estudiantes-matriculados-en-pregradola-uartes-esta-cerca-al-100-de-la-presencialidad\\\/\"},\"wordCount\":680,\"commentCount\":0,\"publisher\":{\"@id\":\"https:\\\/\\\/www.uartes.edu.ec\\\/sitio\\\/#organization\"},\"image\":{\"@id\":\"https:\\\/\\\/www.uartes.edu.ec\\\/sitio\\\/blog\\\/2022\\\/10\\\/21\\\/con-1-525-estudiantes-matriculados-en-pregradola-uartes-esta-cerca-al-100-de-la-presencialidad\\\/#primaryimage\"},\"thumbnailUrl\":\"https:\\\/\\\/www.uartes.edu.ec\\\/sitio\\\/wp-content\\\/uploads\\\/2022\\\/11\\\/PASAJE-I.jpg\",\"keywords\":[\"matriculados\"],\"articleSection\":[\"Acad\u00e9mico\",\"Estudiantes\"],\"inLanguage\":\"es\",\"potentialAction\":[{\"@type\":\"CommentAction\",\"name\":\"Comment\",\"target\":[\"https:\\\/\\\/www.uartes.edu.ec\\\/sitio\\\/blog\\\/2022\\\/10\\\/21\\\/con-1-525-estudiantes-matriculados-en-pregradola-uartes-esta-cerca-al-100-de-la-presencialidad\\\/#respond\"]}]},{\"@type\":[\"WebPage\",\"ItemPage\"],\"@id\":\"https:\\\/\\\/www.uartes.edu.ec\\\/sitio\\\/blog\\\/2022\\\/10\\\/21\\\/con-1-525-estudiantes-matriculados-en-pregradola-uartes-esta-cerca-al-100-de-la-presencialidad\\\/\",\"url\":\"https:\\\/\\\/www.uartes.edu.ec\\\/sitio\\\/blog\\\/2022\\\/10\\\/21\\\/con-1-525-estudiantes-matriculados-en-pregradola-uartes-esta-cerca-al-100-de-la-presencialidad\\\/\",\"name\":\"Universidad de las Artes - Con 1.525 matriculados en pregrado, la UArtes cerca al 100% de presencialidad\",\"isPartOf\":{\"@id\":\"https:\\\/\\\/www.uartes.edu.ec\\\/sitio\\\/#website\"},\"primaryImageOfPage\":{\"@id\":\"https:\\\/\\\/www.uartes.edu.ec\\\/sitio\\\/blog\\\/2022\\\/10\\\/21\\\/con-1-525-estudiantes-matriculados-en-pregradola-uartes-esta-cerca-al-100-de-la-presencialidad\\\/#primaryimage\"},\"image\":{\"@id\":\"https:\\\/\\\/www.uartes.edu.ec\\\/sitio\\\/blog\\\/2022\\\/10\\\/21\\\/con-1-525-estudiantes-matriculados-en-pregradola-uartes-esta-cerca-al-100-de-la-presencialidad\\\/#primaryimage\"},\"thumbnailUrl\":\"https:\\\/\\\/www.uartes.edu.ec\\\/sitio\\\/wp-content\\\/uploads\\\/2022\\\/11\\\/PASAJE-I.jpg\",\"datePublished\":\"2022-10-21T15:58:00+00:00\",\"dateModified\":\"2024-07-04T16:22:44+00:00\",\"description\":\"Universidad de las Artes - Con 1.525 matriculados en pregrado, la UArtes cerca al 100% de presencialidad\",\"breadcrumb\":{\"@id\":\"https:\\\/\\\/www.uartes.edu.ec\\\/sitio\\\/blog\\\/2022\\\/10\\\/21\\\/con-1-525-estudiantes-matriculados-en-pregradola-uartes-esta-cerca-al-100-de-la-presencialidad\\\/#breadcrumb\"},\"inLanguage\":\"es\",\"potentialAction\":[{\"@type\":\"ReadAction\",\"target\":[\"https:\\\/\\\/www.uartes.edu.ec\\\/sitio\\\/blog\\\/2022\\\/10\\\/21\\\/con-1-525-estudiantes-matriculados-en-pregradola-uartes-esta-cerca-al-100-de-la-presencialidad\\\/\"]}]},{\"@type\":\"ImageObject\",\"inLanguage\":\"es\",\"@id\":\"https:\\\/\\\/www.uartes.edu.ec\\\/sitio\\\/blog\\\/2022\\\/10\\\/21\\\/con-1-525-estudiantes-matriculados-en-pregradola-uartes-esta-cerca-al-100-de-la-presencialidad\\\/#primaryimage\",\"url\":\"https:\\\/\\\/www.uartes.edu.ec\\\/sitio\\\/wp-content\\\/uploads\\\/2022\\\/11\\\/PASAJE-I.jpg\",\"contentUrl\":\"https:\\\/\\\/www.uartes.edu.ec\\\/sitio\\\/wp-content\\\/uploads\\\/2022\\\/11\\\/PASAJE-I.jpg\",\"width\":2000,\"height\":1333},{\"@type\":\"BreadcrumbList\",\"@id\":\"https:\\\/\\\/www.uartes.edu.ec\\\/sitio\\\/blog\\\/2022\\\/10\\\/21\\\/con-1-525-estudiantes-matriculados-en-pregradola-uartes-esta-cerca-al-100-de-la-presencialidad\\\/#breadcrumb\",\"itemListElement\":[{\"@type\":\"ListItem\",\"position\":1,\"name\":\"Inicio\",\"item\":\"https:\\\/\\\/www.uartes.edu.ec\\\/sitio\\\/\"},{\"@type\":\"ListItem\",\"position\":2,\"name\":\"Con 1.525 matriculados en pregrado, la UArtes cerca al 100% de presencialidad\"}]},{\"@type\":\"WebSite\",\"@id\":\"https:\\\/\\\/www.uartes.edu.ec\\\/sitio\\\/#website\",\"url\":\"https:\\\/\\\/www.uartes.edu.ec\\\/sitio\\\/\",\"name\":\"Universidad de las Artes\",\"description\":\"Sitio oficial de la Universidad Nacional de las Artes del Ecuador\",\"publisher\":{\"@id\":\"https:\\\/\\\/www.uartes.edu.ec\\\/sitio\\\/#organization\"},\"potentialAction\":[{\"@type\":\"SearchAction\",\"target\":{\"@type\":\"EntryPoint\",\"urlTemplate\":\"https:\\\/\\\/www.uartes.edu.ec\\\/sitio\\\/?s={search_term_string}\"},\"query-input\":{\"@type\":\"PropertyValueSpecification\",\"valueRequired\":true,\"valueName\":\"search_term_string\"}}],\"inLanguage\":\"es\"},{\"@type\":\"Organization\",\"@id\":\"https:\\\/\\\/www.uartes.edu.ec\\\/sitio\\\/#organization\",\"name\":\"Universidad de las Artes\",\"url\":\"https:\\\/\\\/www.uartes.edu.ec\\\/sitio\\\/\",\"logo\":{\"@type\":\"ImageObject\",\"inLanguage\":\"es\",\"@id\":\"https:\\\/\\\/www.uartes.edu.ec\\\/sitio\\\/#\\\/schema\\\/logo\\\/image\\\/\",\"url\":\"https:\\\/\\\/www.uartes.edu.ec\\\/sitio\\\/wp-content\\\/uploads\\\/2022\\\/07\\\/logo-ua-horizontal.png\",\"contentUrl\":\"https:\\\/\\\/www.uartes.edu.ec\\\/sitio\\\/wp-content\\\/uploads\\\/2022\\\/07\\\/logo-ua-horizontal.png\",\"width\":800,\"height\":276,\"caption\":\"Universidad de las Artes\"},\"image\":{\"@id\":\"https:\\\/\\\/www.uartes.edu.ec\\\/sitio\\\/#\\\/schema\\\/logo\\\/image\\\/\"},\"sameAs\":[\"https:\\\/\\\/www.facebook.com\\\/uartesec\",\"https:\\\/\\\/x.com\\\/uartesec\",\"https:\\\/\\\/www.tiktok.com\\\/@uartesec\"]},{\"@type\":\"Person\",\"@id\":\"https:\\\/\\\/www.uartes.edu.ec\\\/sitio\\\/#\\\/schema\\\/person\\\/efa1b8275797664fd7f13a79ccc0b1f4\",\"name\":\"ccortez\",\"image\":{\"@type\":\"ImageObject\",\"inLanguage\":\"es\",\"@id\":\"https:\\\/\\\/secure.gravatar.com\\\/avatar\\\/b2a6f664a3ae8e074346ef91775736c5ec479e637ecced6842de9dc98b5da9cd?s=96&d=mm&r=g\",\"url\":\"https:\\\/\\\/secure.gravatar.com\\\/avatar\\\/b2a6f664a3ae8e074346ef91775736c5ec479e637ecced6842de9dc98b5da9cd?s=96&d=mm&r=g\",\"contentUrl\":\"https:\\\/\\\/secure.gravatar.com\\\/avatar\\\/b2a6f664a3ae8e074346ef91775736c5ec479e637ecced6842de9dc98b5da9cd?s=96&d=mm&r=g\",\"caption\":\"ccortez\"},\"url\":\"https:\\\/\\\/www.uartes.edu.ec\\\/sitio\\\/blog\\\/author\\\/ccortez\\\/\"}]}<\/script>\n<!-- \/ Yoast SEO plugin. -->","yoast_head_json":{"title":"Universidad de las Artes - Con 1.525 matriculados en pregrado, la UArtes cerca al 100% de presencialidad","description":"Universidad de las Artes - Con 1.525 matriculados en pregrado, la UArtes cerca al 100% de presencialidad","robots":{"index":"index","follow":"follow","max-snippet":"max-snippet:-1","max-image-preview":"max-image-preview:large","max-video-preview":"max-video-preview:-1"},"canonical":"https:\/\/www.uartes.edu.ec\/sitio\/blog\/2022\/10\/21\/con-1-525-estudiantes-matriculados-en-pregradola-uartes-esta-cerca-al-100-de-la-presencialidad\/","og_locale":"es_ES","og_type":"article","og_title":"Universidad de las Artes - Con 1.525 matriculados en pregrado, la UArtes cerca al 100% de presencialidad","og_description":"Universidad de las Artes - Con 1.525 matriculados en pregrado, la UArtes cerca al 100% de presencialidad","og_url":"https:\/\/www.uartes.edu.ec\/sitio\/blog\/2022\/10\/21\/con-1-525-estudiantes-matriculados-en-pregradola-uartes-esta-cerca-al-100-de-la-presencialidad\/","og_site_name":"Universidad de las Artes","article_publisher":"https:\/\/www.facebook.com\/uartesec","article_published_time":"2022-10-21T15:58:00+00:00","article_modified_time":"2024-07-04T16:22:44+00:00","og_image":[{"width":2000,"height":1333,"url":"https:\/\/www.uartes.edu.ec\/sitio\/wp-content\/uploads\/2022\/11\/PASAJE-I.jpg","type":"image\/jpeg"}],"author":"ccortez","twitter_card":"summary_large_image","twitter_creator":"@uartesec","twitter_site":"@uartesec","twitter_misc":{"Escrito por":"ccortez","Tiempo de lectura":"4 minutos"},"schema":{"@context":"https:\/\/schema.org","@graph":[{"@type":"Article","@id":"https:\/\/www.uartes.edu.ec\/sitio\/blog\/2022\/10\/21\/con-1-525-estudiantes-matriculados-en-pregradola-uartes-esta-cerca-al-100-de-la-presencialidad\/#article","isPartOf":{"@id":"https:\/\/www.uartes.edu.ec\/sitio\/blog\/2022\/10\/21\/con-1-525-estudiantes-matriculados-en-pregradola-uartes-esta-cerca-al-100-de-la-presencialidad\/"},"author":{"name":"ccortez","@id":"https:\/\/www.uartes.edu.ec\/sitio\/#\/schema\/person\/efa1b8275797664fd7f13a79ccc0b1f4"},"headline":"Con 1.525 matriculados en pregrado, la UArtes cerca al 100% de presencialidad","datePublished":"2022-10-21T15:58:00+00:00","dateModified":"2024-07-04T16:22:44+00:00","mainEntityOfPage":{"@id":"https:\/\/www.uartes.edu.ec\/sitio\/blog\/2022\/10\/21\/con-1-525-estudiantes-matriculados-en-pregradola-uartes-esta-cerca-al-100-de-la-presencialidad\/"},"wordCount":680,"commentCount":0,"publisher":{"@id":"https:\/\/www.uartes.edu.ec\/sitio\/#organization"},"image":{"@id":"https:\/\/www.uartes.edu.ec\/sitio\/blog\/2022\/10\/21\/con-1-525-estudiantes-matriculados-en-pregradola-uartes-esta-cerca-al-100-de-la-presencialidad\/#primaryimage"},"thumbnailUrl":"https:\/\/www.uartes.edu.ec\/sitio\/wp-content\/uploads\/2022\/11\/PASAJE-I.jpg","keywords":["matriculados"],"articleSection":["Acad\u00e9mico","Estudiantes"],"inLanguage":"es","potentialAction":[{"@type":"CommentAction","name":"Comment","target":["https:\/\/www.uartes.edu.ec\/sitio\/blog\/2022\/10\/21\/con-1-525-estudiantes-matriculados-en-pregradola-uartes-esta-cerca-al-100-de-la-presencialidad\/#respond"]}]},{"@type":["WebPage","ItemPage"],"@id":"https:\/\/www.uartes.edu.ec\/sitio\/blog\/2022\/10\/21\/con-1-525-estudiantes-matriculados-en-pregradola-uartes-esta-cerca-al-100-de-la-presencialidad\/","url":"https:\/\/www.uartes.edu.ec\/sitio\/blog\/2022\/10\/21\/con-1-525-estudiantes-matriculados-en-pregradola-uartes-esta-cerca-al-100-de-la-presencialidad\/","name":"Universidad de las Artes - Con 1.525 matriculados en pregrado, la UArtes cerca al 100% de presencialidad","isPartOf":{"@id":"https:\/\/www.uartes.edu.ec\/sitio\/#website"},"primaryImageOfPage":{"@id":"https:\/\/www.uartes.edu.ec\/sitio\/blog\/2022\/10\/21\/con-1-525-estudiantes-matriculados-en-pregradola-uartes-esta-cerca-al-100-de-la-presencialidad\/#primaryimage"},"image":{"@id":"https:\/\/www.uartes.edu.ec\/sitio\/blog\/2022\/10\/21\/con-1-525-estudiantes-matriculados-en-pregradola-uartes-esta-cerca-al-100-de-la-presencialidad\/#primaryimage"},"thumbnailUrl":"https:\/\/www.uartes.edu.ec\/sitio\/wp-content\/uploads\/2022\/11\/PASAJE-I.jpg","datePublished":"2022-10-21T15:58:00+00:00","dateModified":"2024-07-04T16:22:44+00:00","description":"Universidad de las Artes - Con 1.525 matriculados en pregrado, la UArtes cerca al 100% de presencialidad","breadcrumb":{"@id":"https:\/\/www.uartes.edu.ec\/sitio\/blog\/2022\/10\/21\/con-1-525-estudiantes-matriculados-en-pregradola-uartes-esta-cerca-al-100-de-la-presencialidad\/#breadcrumb"},"inLanguage":"es","potentialAction":[{"@type":"ReadAction","target":["https:\/\/www.uartes.edu.ec\/sitio\/blog\/2022\/10\/21\/con-1-525-estudiantes-matriculados-en-pregradola-uartes-esta-cerca-al-100-de-la-presencialidad\/"]}]},{"@type":"ImageObject","inLanguage":"es","@id":"https:\/\/www.uartes.edu.ec\/sitio\/blog\/2022\/10\/21\/con-1-525-estudiantes-matriculados-en-pregradola-uartes-esta-cerca-al-100-de-la-presencialidad\/#primaryimage","url":"https:\/\/www.uartes.edu.ec\/sitio\/wp-content\/uploads\/2022\/11\/PASAJE-I.jpg","contentUrl":"https:\/\/www.uartes.edu.ec\/sitio\/wp-content\/uploads\/2022\/11\/PASAJE-I.jpg","width":2000,"height":1333},{"@type":"BreadcrumbList","@id":"https:\/\/www.uartes.edu.ec\/sitio\/blog\/2022\/10\/21\/con-1-525-estudiantes-matriculados-en-pregradola-uartes-esta-cerca-al-100-de-la-presencialidad\/#breadcrumb","itemListElement":[{"@type":"ListItem","position":1,"name":"Inicio","item":"https:\/\/www.uartes.edu.ec\/sitio\/"},{"@type":"ListItem","position":2,"name":"Con 1.525 matriculados en pregrado, la UArtes cerca al 100% de presencialidad"}]},{"@type":"WebSite","@id":"https:\/\/www.uartes.edu.ec\/sitio\/#website","url":"https:\/\/www.uartes.edu.ec\/sitio\/","name":"Universidad de las Artes","description":"Sitio oficial de la Universidad Nacional de las Artes del Ecuador","publisher":{"@id":"https:\/\/www.uartes.edu.ec\/sitio\/#organization"},"potentialAction":[{"@type":"SearchAction","target":{"@type":"EntryPoint","urlTemplate":"https:\/\/www.uartes.edu.ec\/sitio\/?s={search_term_string}"},"query-input":{"@type":"PropertyValueSpecification","valueRequired":true,"valueName":"search_term_string"}}],"inLanguage":"es"},{"@type":"Organization","@id":"https:\/\/www.uartes.edu.ec\/sitio\/#organization","name":"Universidad de las Artes","url":"https:\/\/www.uartes.edu.ec\/sitio\/","logo":{"@type":"ImageObject","inLanguage":"es","@id":"https:\/\/www.uartes.edu.ec\/sitio\/#\/schema\/logo\/image\/","url":"https:\/\/www.uartes.edu.ec\/sitio\/wp-content\/uploads\/2022\/07\/logo-ua-horizontal.png","contentUrl":"https:\/\/www.uartes.edu.ec\/sitio\/wp-content\/uploads\/2022\/07\/logo-ua-horizontal.png","width":800,"height":276,"caption":"Universidad de las Artes"},"image":{"@id":"https:\/\/www.uartes.edu.ec\/sitio\/#\/schema\/logo\/image\/"},"sameAs":["https:\/\/www.facebook.com\/uartesec","https:\/\/x.com\/uartesec","https:\/\/www.tiktok.com\/@uartesec"]},{"@type":"Person","@id":"https:\/\/www.uartes.edu.ec\/sitio\/#\/schema\/person\/efa1b8275797664fd7f13a79ccc0b1f4","name":"ccortez","image":{"@type":"ImageObject","inLanguage":"es","@id":"https:\/\/secure.gravatar.com\/avatar\/b2a6f664a3ae8e074346ef91775736c5ec479e637ecced6842de9dc98b5da9cd?s=96&d=mm&r=g","url":"https:\/\/secure.gravatar.com\/avatar\/b2a6f664a3ae8e074346ef91775736c5ec479e637ecced6842de9dc98b5da9cd?s=96&d=mm&r=g","contentUrl":"https:\/\/secure.gravatar.com\/avatar\/b2a6f664a3ae8e074346ef91775736c5ec479e637ecced6842de9dc98b5da9cd?s=96&d=mm&r=g","caption":"ccortez"},"url":"https:\/\/www.uartes.edu.ec\/sitio\/blog\/author\/ccortez\/"}]}},"uagb_featured_image_src":{"full":["https:\/\/www.uartes.edu.ec\/sitio\/wp-content\/uploads\/2022\/11\/PASAJE-I.jpg",2000,1333,false],"thumbnail":["https:\/\/www.uartes.edu.ec\/sitio\/wp-content\/uploads\/2022\/11\/PASAJE-I-150x150.jpg",150,150,true],"medium":["https:\/\/www.uartes.edu.ec\/sitio\/wp-content\/uploads\/2022\/11\/PASAJE-I-300x200.jpg",300,200,true],"medium_large":["https:\/\/www.uartes.edu.ec\/sitio\/wp-content\/uploads\/2022\/11\/PASAJE-I-768x512.jpg",768,512,true],"large":["https:\/\/www.uartes.edu.ec\/sitio\/wp-content\/uploads\/2022\/11\/PASAJE-I-644x429.jpg",644,429,true],"1536x1536":["https:\/\/www.uartes.edu.ec\/sitio\/wp-content\/uploads\/2022\/11\/PASAJE-I-1536x1024.jpg",1536,1024,true],"2048x2048":["https:\/\/www.uartes.edu.ec\/sitio\/wp-content\/uploads\/2022\/11\/PASAJE-I.jpg",2000,1333,false],"trp-custom-language-flag":["https:\/\/www.uartes.edu.ec\/sitio\/wp-content\/uploads\/2022\/11\/PASAJE-I.jpg",18,12,false],"htmega_size_585x295":["https:\/\/www.uartes.edu.ec\/sitio\/wp-content\/uploads\/2022\/11\/PASAJE-I.jpg",443,295,false],"htmega_size_1170x536":["https:\/\/www.uartes.edu.ec\/sitio\/wp-content\/uploads\/2022\/11\/PASAJE-I.jpg",804,536,false],"htmega_size_396x360":["https:\/\/www.uartes.edu.ec\/sitio\/wp-content\/uploads\/2022\/11\/PASAJE-I.jpg",396,264,false],"gb-block-post-grid-landscape":["https:\/\/www.uartes.edu.ec\/sitio\/wp-content\/uploads\/2022\/11\/PASAJE-I.jpg",600,400,false],"gb-block-post-grid-square":["https:\/\/www.uartes.edu.ec\/sitio\/wp-content\/uploads\/2022\/11\/PASAJE-I.jpg",600,400,false],"university-hub-thumb":["https:\/\/www.uartes.edu.ec\/sitio\/wp-content\/uploads\/2022\/11\/PASAJE-I-400x267.jpg",400,267,true]},"uagb_author_info":{"display_name":"ccortez","author_link":"https:\/\/www.uartes.edu.ec\/sitio\/blog\/author\/ccortez\/"},"uagb_comment_info":0,"uagb_excerpt":"Mar\u00eda Jos\u00e9 Bustos, secretaria acad\u00e9mica de la UArtes, indic\u00f3 que se llevaron con \u00e9xito las matr\u00edculas ordinarias, que se realizaron automatr\u00edculas \u2013en su mayor\u00eda en l\u00ednea\u2013 y que hubo tambi\u00e9n afluencia de estudiantes a la oficina que se estableci\u00f3 para el proceso. Del 11 al 13 de octubre tuvieron lugar las matr\u00edculas especiales para los&hellip;","featured_image_src":"https:\/\/www.uartes.edu.ec\/sitio\/wp-content\/uploads\/2022\/11\/PASAJE-I.jpg","featured_image_src_square":"https:\/\/www.uartes.edu.ec\/sitio\/wp-content\/uploads\/2022\/11\/PASAJE-I.jpg","author_info":{"display_name":"ccortez","author_link":"https:\/\/www.uartes.edu.ec\/sitio\/blog\/author\/ccortez\/"},"publishpress_future_workflow_manual_trigger":{"enabledWorkflows":[]},"distributor_meta":false,"distributor_terms":false,"distributor_media":false,"distributor_original_site_name":"Universidad de las Artes","distributor_original_site_url":"https:\/\/www.uartes.edu.ec\/sitio","push-errors":false,"_links":{"self":[{"href":"https:\/\/www.uartes.edu.ec\/sitio\/wp-json\/wp\/v2\/posts\/31020","targetHints":{"allow":["GET"]}}],"collection":[{"href":"https:\/\/www.uartes.edu.ec\/sitio\/wp-json\/wp\/v2\/posts"}],"about":[{"href":"https:\/\/www.uartes.edu.ec\/sitio\/wp-json\/wp\/v2\/types\/post"}],"author":[{"embeddable":true,"href":"https:\/\/www.uartes.edu.ec\/sitio\/wp-json\/wp\/v2\/users\/10"}],"replies":[{"embeddable":true,"href":"https:\/\/www.uartes.edu.ec\/sitio\/wp-json\/wp\/v2\/comments?post=31020"}],"version-history":[{"count":5,"href":"https:\/\/www.uartes.edu.ec\/sitio\/wp-json\/wp\/v2\/posts\/31020\/revisions"}],"predecessor-version":[{"id":31038,"href":"https:\/\/www.uartes.edu.ec\/sitio\/wp-json\/wp\/v2\/posts\/31020\/revisions\/31038"}],"wp:featuredmedia":[{"embeddable":true,"href":"https:\/\/www.uartes.edu.ec\/sitio\/wp-json\/wp\/v2\/media\/31024"}],"wp:attachment":[{"href":"https:\/\/www.uartes.edu.ec\/sitio\/wp-json\/wp\/v2\/media?parent=31020"}],"wp:term":[{"taxonomy":"category","embeddable":true,"href":"https:\/\/www.uartes.edu.ec\/sitio\/wp-json\/wp\/v2\/categories?post=31020"},{"taxonomy":"post_tag","embeddable":true,"href":"https:\/\/www.uartes.edu.ec\/sitio\/wp-json\/wp\/v2\/tags?post=31020"},{"taxonomy":"infouartes","embeddable":true,"href":"https:\/\/www.uartes.edu.ec\/sitio\/wp-json\/wp\/v2\/infouartes?post=31020"}],"curies":[{"name":"wp","href":"https:\/\/api.w.org\/{rel}","templated":true}]}}