{"id":317,"date":"2017-05-15T11:00:00","date_gmt":"2017-05-15T16:00:00","guid":{"rendered":"http:\/\/www.uartes.edu.ec\/infouartes\/?p=317"},"modified":"2024-07-04T11:54:20","modified_gmt":"2024-07-04T16:54:20","slug":"circo-de-las-letras-regresa-con-programa-de-lectura-al-sur-de-guayaquil","status":"publish","type":"post","link":"https:\/\/www.uartes.edu.ec\/sitio\/blog\/2017\/05\/15\/circo-de-las-letras-regresa-con-programa-de-lectura-al-sur-de-guayaquil\/","title":{"rendered":"Circo de las Letras regresa con programa de lectura al sur de Guayaquil"},"content":{"rendered":"<p>Regresa el \u2018Circo de las Letras\u2019, programa de la Biblioteca de las Artes que incentiva la lectura en ni\u00f1os y ni\u00f1as. El proyecto, dirigido a ni\u00f1os de entre 5 a 7 a\u00f1os de edad, se desarrollar\u00e1 en la Sala de Lectura Ricardo Maruri, ubicada en el Centro C\u00edvico de Guayaquil, actual Campus Sur de la Universidad de las Artes del Ecuador (UArtes).<\/p>\n<p>&nbsp;<\/p>\n<p>Estas jornadas de animaci\u00f3n a la lectura, que iniciaron en septiembre de 2016, buscan crear un h\u00e1bito de lectura en ni\u00f1os y ni\u00f1as. De igual forma, se espera fomentar el uso de las Salas de Lectura de la Biblioteca de las Artes para que la ciudadan\u00eda las identifique como servicios p\u00fablicos, abiertos, amigables, y como recursos necesarios para el desarrollo como sociedad.<\/p>\n<p>Los estudiantes de la UArtes forman parte de este programa y participan como tutores en el incentivo a la lectura implementando herramientas aprendidas en su formaci\u00f3n profesional.<\/p>\n<p>La agenda programada para esta siguiente fase permitir\u00e1 a los ni\u00f1os y ni\u00f1as participantes relacionarse con la Comunidad UArtes y con escritores de cuentos infantiles, compartiendo lecturas y dramatizaciones, ejercitando de esta manera el h\u00e1bito por la lectura y estimulando la libertad creativa y cr\u00edtica de los ni\u00f1os y ni\u00f1as.<\/p>\n<p>El Circo de las Letras inici\u00f3 el s\u00e1bado 13 de mayo y culminar\u00e1 en diciembre de 2017. El programa se desarrollar\u00e1 el segundo s\u00e1bado de cada mes de 10h00 a 12h00 en la Sala de Lectura Ricardo Maruri Castillo, Campus Sur UArtes, Av. Venezuela, entre Guaranda y Quito.<\/p>\n<p>Para m\u00e1s informaci\u00f3n escribir a: <a href=\"mailto:biblioteca@uartes.edu.ec\">biblioteca@uartes.edu.ec<\/a><\/p>\n","protected":false},"excerpt":{"rendered":"<p>Regresa el \u2018Circo de las Letras\u2019, programa de la Biblioteca de las Artes que incentiva la lectura en ni\u00f1os y ni\u00f1as. El proyecto, dirigido a ni\u00f1os de entre 5 a 7 a\u00f1os de edad, se desarrollar\u00e1 en la Sala de Lectura Ricardo Maruri, ubicada en el Centro C\u00edvico de Guayaquil, actual Campus Sur de la [&hellip;]<\/p>\n","protected":false},"author":1,"featured_media":319,"comment_status":"closed","ping_status":"open","sticky":false,"template":"","format":"standard","meta":{"_acf_changed":false,"_uag_custom_page_level_css":"","_monsterinsights_skip_tracking":false,"_monsterinsights_sitenote_active":false,"_monsterinsights_sitenote_note":"","_monsterinsights_sitenote_category":0,"cybocfi_hide_featured_image":"","footnotes":""},"categories":[79],"tags":[41],"infouartes":[],"class_list":["post-317","post","type-post","status-publish","format-standard","has-post-thumbnail","hentry","category-vinculo","tag-biblioteca"],"acf":[],"yoast_head":"<!-- This site is optimized with the Yoast SEO plugin v27.4 - https:\/\/yoast.com\/product\/yoast-seo-wordpress\/ -->\n<title>Universidad de las Artes - Circo de las Letras regresa con programa de lectura al sur de Guayaquil<\/title>\n<meta name=\"description\" content=\"Universidad de las Artes - Circo de las Letras regresa con programa de lectura al sur de Guayaquil\" \/>\n<meta name=\"robots\" content=\"index, follow, max-snippet:-1, max-image-preview:large, max-video-preview:-1\" \/>\n<link rel=\"canonical\" href=\"https:\/\/www.uartes.edu.ec\/sitio\/blog\/2017\/05\/15\/circo-de-las-letras-regresa-con-programa-de-lectura-al-sur-de-guayaquil\/\" \/>\n<meta property=\"og:locale\" content=\"es_ES\" \/>\n<meta property=\"og:type\" content=\"article\" \/>\n<meta property=\"og:title\" content=\"Universidad de las Artes - Circo de las Letras regresa con programa de lectura al sur de Guayaquil\" \/>\n<meta property=\"og:description\" content=\"Universidad de las Artes - Circo de las Letras regresa con programa de lectura al sur de Guayaquil\" \/>\n<meta property=\"og:url\" content=\"https:\/\/www.uartes.edu.ec\/sitio\/blog\/2017\/05\/15\/circo-de-las-letras-regresa-con-programa-de-lectura-al-sur-de-guayaquil\/\" \/>\n<meta property=\"og:site_name\" content=\"Universidad de las Artes\" \/>\n<meta property=\"article:publisher\" content=\"https:\/\/www.facebook.com\/uartesec\" \/>\n<meta property=\"article:published_time\" content=\"2017-05-15T16:00:00+00:00\" \/>\n<meta property=\"article:modified_time\" content=\"2024-07-04T16:54:20+00:00\" \/>\n<meta name=\"author\" content=\"Universidad de las Artes\" \/>\n<meta name=\"twitter:card\" content=\"summary_large_image\" \/>\n<meta name=\"twitter:creator\" content=\"@uartesec\" \/>\n<meta name=\"twitter:site\" content=\"@uartesec\" \/>\n<meta name=\"twitter:label1\" content=\"Escrito por\" \/>\n\t<meta name=\"twitter:data1\" content=\"Universidad de las Artes\" \/>\n\t<meta name=\"twitter:label2\" content=\"Tiempo de lectura\" \/>\n\t<meta name=\"twitter:data2\" content=\"1 minuto\" \/>\n<script type=\"application\/ld+json\" class=\"yoast-schema-graph\">{\"@context\":\"https:\\\/\\\/schema.org\",\"@graph\":[{\"@type\":\"Article\",\"@id\":\"https:\\\/\\\/www.uartes.edu.ec\\\/sitio\\\/blog\\\/2017\\\/05\\\/15\\\/circo-de-las-letras-regresa-con-programa-de-lectura-al-sur-de-guayaquil\\\/#article\",\"isPartOf\":{\"@id\":\"https:\\\/\\\/www.uartes.edu.ec\\\/sitio\\\/blog\\\/2017\\\/05\\\/15\\\/circo-de-las-letras-regresa-con-programa-de-lectura-al-sur-de-guayaquil\\\/\"},\"author\":{\"name\":\"Universidad de las Artes\",\"@id\":\"https:\\\/\\\/www.uartes.edu.ec\\\/sitio\\\/#\\\/schema\\\/person\\\/f33f8c1d2af0d5c80a38c8abf458184a\"},\"headline\":\"Circo de las Letras regresa con programa de lectura al sur de Guayaquil\",\"datePublished\":\"2017-05-15T16:00:00+00:00\",\"dateModified\":\"2024-07-04T16:54:20+00:00\",\"mainEntityOfPage\":{\"@id\":\"https:\\\/\\\/www.uartes.edu.ec\\\/sitio\\\/blog\\\/2017\\\/05\\\/15\\\/circo-de-las-letras-regresa-con-programa-de-lectura-al-sur-de-guayaquil\\\/\"},\"wordCount\":289,\"publisher\":{\"@id\":\"https:\\\/\\\/www.uartes.edu.ec\\\/sitio\\\/#organization\"},\"image\":{\"@id\":\"https:\\\/\\\/www.uartes.edu.ec\\\/sitio\\\/blog\\\/2017\\\/05\\\/15\\\/circo-de-las-letras-regresa-con-programa-de-lectura-al-sur-de-guayaquil\\\/#primaryimage\"},\"thumbnailUrl\":\"\",\"keywords\":[\"biblioteca\"],\"articleSection\":[\"V\u00ednculo\"],\"inLanguage\":\"es\"},{\"@type\":[\"WebPage\",\"ItemPage\"],\"@id\":\"https:\\\/\\\/www.uartes.edu.ec\\\/sitio\\\/blog\\\/2017\\\/05\\\/15\\\/circo-de-las-letras-regresa-con-programa-de-lectura-al-sur-de-guayaquil\\\/\",\"url\":\"https:\\\/\\\/www.uartes.edu.ec\\\/sitio\\\/blog\\\/2017\\\/05\\\/15\\\/circo-de-las-letras-regresa-con-programa-de-lectura-al-sur-de-guayaquil\\\/\",\"name\":\"Universidad de las Artes - Circo de las Letras regresa con programa de lectura al sur de Guayaquil\",\"isPartOf\":{\"@id\":\"https:\\\/\\\/www.uartes.edu.ec\\\/sitio\\\/#website\"},\"primaryImageOfPage\":{\"@id\":\"https:\\\/\\\/www.uartes.edu.ec\\\/sitio\\\/blog\\\/2017\\\/05\\\/15\\\/circo-de-las-letras-regresa-con-programa-de-lectura-al-sur-de-guayaquil\\\/#primaryimage\"},\"image\":{\"@id\":\"https:\\\/\\\/www.uartes.edu.ec\\\/sitio\\\/blog\\\/2017\\\/05\\\/15\\\/circo-de-las-letras-regresa-con-programa-de-lectura-al-sur-de-guayaquil\\\/#primaryimage\"},\"thumbnailUrl\":\"\",\"datePublished\":\"2017-05-15T16:00:00+00:00\",\"dateModified\":\"2024-07-04T16:54:20+00:00\",\"description\":\"Universidad de las Artes - Circo de las Letras regresa con programa de lectura al sur de Guayaquil\",\"breadcrumb\":{\"@id\":\"https:\\\/\\\/www.uartes.edu.ec\\\/sitio\\\/blog\\\/2017\\\/05\\\/15\\\/circo-de-las-letras-regresa-con-programa-de-lectura-al-sur-de-guayaquil\\\/#breadcrumb\"},\"inLanguage\":\"es\",\"potentialAction\":[{\"@type\":\"ReadAction\",\"target\":[\"https:\\\/\\\/www.uartes.edu.ec\\\/sitio\\\/blog\\\/2017\\\/05\\\/15\\\/circo-de-las-letras-regresa-con-programa-de-lectura-al-sur-de-guayaquil\\\/\"]}]},{\"@type\":\"ImageObject\",\"inLanguage\":\"es\",\"@id\":\"https:\\\/\\\/www.uartes.edu.ec\\\/sitio\\\/blog\\\/2017\\\/05\\\/15\\\/circo-de-las-letras-regresa-con-programa-de-lectura-al-sur-de-guayaquil\\\/#primaryimage\",\"url\":\"\",\"contentUrl\":\"\"},{\"@type\":\"BreadcrumbList\",\"@id\":\"https:\\\/\\\/www.uartes.edu.ec\\\/sitio\\\/blog\\\/2017\\\/05\\\/15\\\/circo-de-las-letras-regresa-con-programa-de-lectura-al-sur-de-guayaquil\\\/#breadcrumb\",\"itemListElement\":[{\"@type\":\"ListItem\",\"position\":1,\"name\":\"Inicio\",\"item\":\"https:\\\/\\\/www.uartes.edu.ec\\\/sitio\\\/\"},{\"@type\":\"ListItem\",\"position\":2,\"name\":\"Circo de las Letras regresa con programa de lectura al sur de Guayaquil\"}]},{\"@type\":\"WebSite\",\"@id\":\"https:\\\/\\\/www.uartes.edu.ec\\\/sitio\\\/#website\",\"url\":\"https:\\\/\\\/www.uartes.edu.ec\\\/sitio\\\/\",\"name\":\"Universidad de las Artes\",\"description\":\"Sitio oficial de la Universidad Nacional de las Artes del Ecuador\",\"publisher\":{\"@id\":\"https:\\\/\\\/www.uartes.edu.ec\\\/sitio\\\/#organization\"},\"potentialAction\":[{\"@type\":\"SearchAction\",\"target\":{\"@type\":\"EntryPoint\",\"urlTemplate\":\"https:\\\/\\\/www.uartes.edu.ec\\\/sitio\\\/?s={search_term_string}\"},\"query-input\":{\"@type\":\"PropertyValueSpecification\",\"valueRequired\":true,\"valueName\":\"search_term_string\"}}],\"inLanguage\":\"es\"},{\"@type\":\"Organization\",\"@id\":\"https:\\\/\\\/www.uartes.edu.ec\\\/sitio\\\/#organization\",\"name\":\"Universidad de las Artes\",\"url\":\"https:\\\/\\\/www.uartes.edu.ec\\\/sitio\\\/\",\"logo\":{\"@type\":\"ImageObject\",\"inLanguage\":\"es\",\"@id\":\"https:\\\/\\\/www.uartes.edu.ec\\\/sitio\\\/#\\\/schema\\\/logo\\\/image\\\/\",\"url\":\"https:\\\/\\\/www.uartes.edu.ec\\\/sitio\\\/wp-content\\\/uploads\\\/2022\\\/07\\\/logo-ua-horizontal.png\",\"contentUrl\":\"https:\\\/\\\/www.uartes.edu.ec\\\/sitio\\\/wp-content\\\/uploads\\\/2022\\\/07\\\/logo-ua-horizontal.png\",\"width\":800,\"height\":276,\"caption\":\"Universidad de las Artes\"},\"image\":{\"@id\":\"https:\\\/\\\/www.uartes.edu.ec\\\/sitio\\\/#\\\/schema\\\/logo\\\/image\\\/\"},\"sameAs\":[\"https:\\\/\\\/www.facebook.com\\\/uartesec\",\"https:\\\/\\\/x.com\\\/uartesec\",\"https:\\\/\\\/www.tiktok.com\\\/@uartesec\"]},{\"@type\":\"Person\",\"@id\":\"https:\\\/\\\/www.uartes.edu.ec\\\/sitio\\\/#\\\/schema\\\/person\\\/f33f8c1d2af0d5c80a38c8abf458184a\",\"name\":\"Universidad de las Artes\",\"image\":{\"@type\":\"ImageObject\",\"inLanguage\":\"es\",\"@id\":\"https:\\\/\\\/secure.gravatar.com\\\/avatar\\\/52e4757902f5cfa5ac52d020e5be83cae5487519154b6c35482fe08d589f3c13?s=96&d=mm&r=g\",\"url\":\"https:\\\/\\\/secure.gravatar.com\\\/avatar\\\/52e4757902f5cfa5ac52d020e5be83cae5487519154b6c35482fe08d589f3c13?s=96&d=mm&r=g\",\"contentUrl\":\"https:\\\/\\\/secure.gravatar.com\\\/avatar\\\/52e4757902f5cfa5ac52d020e5be83cae5487519154b6c35482fe08d589f3c13?s=96&d=mm&r=g\",\"caption\":\"Universidad de las Artes\"},\"url\":\"https:\\\/\\\/www.uartes.edu.ec\\\/sitio\\\/blog\\\/author\\\/dircomadm\\\/\"}]}<\/script>\n<!-- \/ Yoast SEO plugin. -->","yoast_head_json":{"title":"Universidad de las Artes - Circo de las Letras regresa con programa de lectura al sur de Guayaquil","description":"Universidad de las Artes - Circo de las Letras regresa con programa de lectura al sur de Guayaquil","robots":{"index":"index","follow":"follow","max-snippet":"max-snippet:-1","max-image-preview":"max-image-preview:large","max-video-preview":"max-video-preview:-1"},"canonical":"https:\/\/www.uartes.edu.ec\/sitio\/blog\/2017\/05\/15\/circo-de-las-letras-regresa-con-programa-de-lectura-al-sur-de-guayaquil\/","og_locale":"es_ES","og_type":"article","og_title":"Universidad de las Artes - Circo de las Letras regresa con programa de lectura al sur de Guayaquil","og_description":"Universidad de las Artes - Circo de las Letras regresa con programa de lectura al sur de Guayaquil","og_url":"https:\/\/www.uartes.edu.ec\/sitio\/blog\/2017\/05\/15\/circo-de-las-letras-regresa-con-programa-de-lectura-al-sur-de-guayaquil\/","og_site_name":"Universidad de las Artes","article_publisher":"https:\/\/www.facebook.com\/uartesec","article_published_time":"2017-05-15T16:00:00+00:00","article_modified_time":"2024-07-04T16:54:20+00:00","author":"Universidad de las Artes","twitter_card":"summary_large_image","twitter_creator":"@uartesec","twitter_site":"@uartesec","twitter_misc":{"Escrito por":"Universidad de las Artes","Tiempo de lectura":"1 minuto"},"schema":{"@context":"https:\/\/schema.org","@graph":[{"@type":"Article","@id":"https:\/\/www.uartes.edu.ec\/sitio\/blog\/2017\/05\/15\/circo-de-las-letras-regresa-con-programa-de-lectura-al-sur-de-guayaquil\/#article","isPartOf":{"@id":"https:\/\/www.uartes.edu.ec\/sitio\/blog\/2017\/05\/15\/circo-de-las-letras-regresa-con-programa-de-lectura-al-sur-de-guayaquil\/"},"author":{"name":"Universidad de las Artes","@id":"https:\/\/www.uartes.edu.ec\/sitio\/#\/schema\/person\/f33f8c1d2af0d5c80a38c8abf458184a"},"headline":"Circo de las Letras regresa con programa de lectura al sur de Guayaquil","datePublished":"2017-05-15T16:00:00+00:00","dateModified":"2024-07-04T16:54:20+00:00","mainEntityOfPage":{"@id":"https:\/\/www.uartes.edu.ec\/sitio\/blog\/2017\/05\/15\/circo-de-las-letras-regresa-con-programa-de-lectura-al-sur-de-guayaquil\/"},"wordCount":289,"publisher":{"@id":"https:\/\/www.uartes.edu.ec\/sitio\/#organization"},"image":{"@id":"https:\/\/www.uartes.edu.ec\/sitio\/blog\/2017\/05\/15\/circo-de-las-letras-regresa-con-programa-de-lectura-al-sur-de-guayaquil\/#primaryimage"},"thumbnailUrl":"","keywords":["biblioteca"],"articleSection":["V\u00ednculo"],"inLanguage":"es"},{"@type":["WebPage","ItemPage"],"@id":"https:\/\/www.uartes.edu.ec\/sitio\/blog\/2017\/05\/15\/circo-de-las-letras-regresa-con-programa-de-lectura-al-sur-de-guayaquil\/","url":"https:\/\/www.uartes.edu.ec\/sitio\/blog\/2017\/05\/15\/circo-de-las-letras-regresa-con-programa-de-lectura-al-sur-de-guayaquil\/","name":"Universidad de las Artes - Circo de las Letras regresa con programa de lectura al sur de Guayaquil","isPartOf":{"@id":"https:\/\/www.uartes.edu.ec\/sitio\/#website"},"primaryImageOfPage":{"@id":"https:\/\/www.uartes.edu.ec\/sitio\/blog\/2017\/05\/15\/circo-de-las-letras-regresa-con-programa-de-lectura-al-sur-de-guayaquil\/#primaryimage"},"image":{"@id":"https:\/\/www.uartes.edu.ec\/sitio\/blog\/2017\/05\/15\/circo-de-las-letras-regresa-con-programa-de-lectura-al-sur-de-guayaquil\/#primaryimage"},"thumbnailUrl":"","datePublished":"2017-05-15T16:00:00+00:00","dateModified":"2024-07-04T16:54:20+00:00","description":"Universidad de las Artes - Circo de las Letras regresa con programa de lectura al sur de Guayaquil","breadcrumb":{"@id":"https:\/\/www.uartes.edu.ec\/sitio\/blog\/2017\/05\/15\/circo-de-las-letras-regresa-con-programa-de-lectura-al-sur-de-guayaquil\/#breadcrumb"},"inLanguage":"es","potentialAction":[{"@type":"ReadAction","target":["https:\/\/www.uartes.edu.ec\/sitio\/blog\/2017\/05\/15\/circo-de-las-letras-regresa-con-programa-de-lectura-al-sur-de-guayaquil\/"]}]},{"@type":"ImageObject","inLanguage":"es","@id":"https:\/\/www.uartes.edu.ec\/sitio\/blog\/2017\/05\/15\/circo-de-las-letras-regresa-con-programa-de-lectura-al-sur-de-guayaquil\/#primaryimage","url":"","contentUrl":""},{"@type":"BreadcrumbList","@id":"https:\/\/www.uartes.edu.ec\/sitio\/blog\/2017\/05\/15\/circo-de-las-letras-regresa-con-programa-de-lectura-al-sur-de-guayaquil\/#breadcrumb","itemListElement":[{"@type":"ListItem","position":1,"name":"Inicio","item":"https:\/\/www.uartes.edu.ec\/sitio\/"},{"@type":"ListItem","position":2,"name":"Circo de las Letras regresa con programa de lectura al sur de Guayaquil"}]},{"@type":"WebSite","@id":"https:\/\/www.uartes.edu.ec\/sitio\/#website","url":"https:\/\/www.uartes.edu.ec\/sitio\/","name":"Universidad de las Artes","description":"Sitio oficial de la Universidad Nacional de las Artes del Ecuador","publisher":{"@id":"https:\/\/www.uartes.edu.ec\/sitio\/#organization"},"potentialAction":[{"@type":"SearchAction","target":{"@type":"EntryPoint","urlTemplate":"https:\/\/www.uartes.edu.ec\/sitio\/?s={search_term_string}"},"query-input":{"@type":"PropertyValueSpecification","valueRequired":true,"valueName":"search_term_string"}}],"inLanguage":"es"},{"@type":"Organization","@id":"https:\/\/www.uartes.edu.ec\/sitio\/#organization","name":"Universidad de las Artes","url":"https:\/\/www.uartes.edu.ec\/sitio\/","logo":{"@type":"ImageObject","inLanguage":"es","@id":"https:\/\/www.uartes.edu.ec\/sitio\/#\/schema\/logo\/image\/","url":"https:\/\/www.uartes.edu.ec\/sitio\/wp-content\/uploads\/2022\/07\/logo-ua-horizontal.png","contentUrl":"https:\/\/www.uartes.edu.ec\/sitio\/wp-content\/uploads\/2022\/07\/logo-ua-horizontal.png","width":800,"height":276,"caption":"Universidad de las Artes"},"image":{"@id":"https:\/\/www.uartes.edu.ec\/sitio\/#\/schema\/logo\/image\/"},"sameAs":["https:\/\/www.facebook.com\/uartesec","https:\/\/x.com\/uartesec","https:\/\/www.tiktok.com\/@uartesec"]},{"@type":"Person","@id":"https:\/\/www.uartes.edu.ec\/sitio\/#\/schema\/person\/f33f8c1d2af0d5c80a38c8abf458184a","name":"Universidad de las Artes","image":{"@type":"ImageObject","inLanguage":"es","@id":"https:\/\/secure.gravatar.com\/avatar\/52e4757902f5cfa5ac52d020e5be83cae5487519154b6c35482fe08d589f3c13?s=96&d=mm&r=g","url":"https:\/\/secure.gravatar.com\/avatar\/52e4757902f5cfa5ac52d020e5be83cae5487519154b6c35482fe08d589f3c13?s=96&d=mm&r=g","contentUrl":"https:\/\/secure.gravatar.com\/avatar\/52e4757902f5cfa5ac52d020e5be83cae5487519154b6c35482fe08d589f3c13?s=96&d=mm&r=g","caption":"Universidad de las Artes"},"url":"https:\/\/www.uartes.edu.ec\/sitio\/blog\/author\/dircomadm\/"}]}},"uagb_featured_image_src":{"full":false,"thumbnail":false,"medium":false,"medium_large":false,"large":false,"1536x1536":false,"2048x2048":false,"trp-custom-language-flag":false,"htmega_size_585x295":false,"htmega_size_1170x536":false,"htmega_size_396x360":false,"gb-block-post-grid-landscape":false,"gb-block-post-grid-square":false,"university-hub-thumb":false},"uagb_author_info":{"display_name":"Universidad de las Artes","author_link":"https:\/\/www.uartes.edu.ec\/sitio\/blog\/author\/dircomadm\/"},"uagb_comment_info":0,"uagb_excerpt":"Regresa el \u2018Circo de las Letras\u2019, programa de la Biblioteca de las Artes que incentiva la lectura en ni\u00f1os y ni\u00f1as. El proyecto, dirigido a ni\u00f1os de entre 5 a 7 a\u00f1os de edad, se desarrollar\u00e1 en la Sala de Lectura Ricardo Maruri, ubicada en el Centro C\u00edvico de Guayaquil, actual Campus Sur de la&hellip;","featured_image_src":null,"featured_image_src_square":null,"author_info":{"display_name":"Universidad de las Artes","author_link":"https:\/\/www.uartes.edu.ec\/sitio\/blog\/author\/dircomadm\/"},"publishpress_future_workflow_manual_trigger":{"enabledWorkflows":[]},"distributor_meta":false,"distributor_terms":false,"distributor_media":false,"distributor_original_site_name":"Universidad de las Artes","distributor_original_site_url":"https:\/\/www.uartes.edu.ec\/sitio","push-errors":false,"_links":{"self":[{"href":"https:\/\/www.uartes.edu.ec\/sitio\/wp-json\/wp\/v2\/posts\/317","targetHints":{"allow":["GET"]}}],"collection":[{"href":"https:\/\/www.uartes.edu.ec\/sitio\/wp-json\/wp\/v2\/posts"}],"about":[{"href":"https:\/\/www.uartes.edu.ec\/sitio\/wp-json\/wp\/v2\/types\/post"}],"author":[{"embeddable":true,"href":"https:\/\/www.uartes.edu.ec\/sitio\/wp-json\/wp\/v2\/users\/1"}],"replies":[{"embeddable":true,"href":"https:\/\/www.uartes.edu.ec\/sitio\/wp-json\/wp\/v2\/comments?post=317"}],"version-history":[{"count":1,"href":"https:\/\/www.uartes.edu.ec\/sitio\/wp-json\/wp\/v2\/posts\/317\/revisions"}],"predecessor-version":[{"id":58062,"href":"https:\/\/www.uartes.edu.ec\/sitio\/wp-json\/wp\/v2\/posts\/317\/revisions\/58062"}],"wp:featuredmedia":[{"embeddable":true,"href":"https:\/\/www.uartes.edu.ec\/sitio\/wp-json\/"}],"wp:attachment":[{"href":"https:\/\/www.uartes.edu.ec\/sitio\/wp-json\/wp\/v2\/media?parent=317"}],"wp:term":[{"taxonomy":"category","embeddable":true,"href":"https:\/\/www.uartes.edu.ec\/sitio\/wp-json\/wp\/v2\/categories?post=317"},{"taxonomy":"post_tag","embeddable":true,"href":"https:\/\/www.uartes.edu.ec\/sitio\/wp-json\/wp\/v2\/tags?post=317"},{"taxonomy":"infouartes","embeddable":true,"href":"https:\/\/www.uartes.edu.ec\/sitio\/wp-json\/wp\/v2\/infouartes?post=317"}],"curies":[{"name":"wp","href":"https:\/\/api.w.org\/{rel}","templated":true}]}}