{"id":3200,"date":"2019-04-08T08:01:03","date_gmt":"2019-04-08T13:01:03","guid":{"rendered":"http:\/\/www.uartes.edu.ec\/sitio\/?p=3200"},"modified":"2024-07-04T11:51:31","modified_gmt":"2024-07-04T16:51:31","slug":"la-poesia-se-toma-la-universidad-de-las-artes","status":"publish","type":"post","link":"https:\/\/www.uartes.edu.ec\/sitio\/blog\/2019\/04\/08\/la-poesia-se-toma-la-universidad-de-las-artes\/","title":{"rendered":"La poes\u00eda se toma la Universidad de las Artes"},"content":{"rendered":"\n<p><strong>Martes 9 de abril, <\/strong>18h00:\nPresentaci\u00f3n del libro \u201c\u00daltimos poemas\u201d, de Vicente Huidobro; di\u00e1logo\nentre&nbsp;los chilenos Mario Mel\u00e9ndez y Vicente Garc\u00eda Huidobro (nieto del\nescritor). 19h00: Presentaci\u00f3n de la Antolog\u00eda \u201cComo una niebla de brillante\nluz\u201d, de Carlos Eduardo Jaramillo, a cargo de los tambi\u00e9n autores ecuatorianos\nRen\u00e9 Gordillo y Maritza Cino, docente de la UArtes, luego habr\u00e1 una lectura de\npoes\u00edas. <\/p>\n\n\n\n<p><strong>Mi\u00e9rcoles 10 de\nabril, <\/strong>11h00: Conversatorio y presentaci\u00f3n del libro \u201cEl lenguaje del\ntiempo\u201d, de la autora estadounidense Margaret Randall; la poeta dialogar\u00e1 con\nla ecuatoriana Julia Erazo. 19h00: Lectura de poemas, a cargo de Mario Melendez,\nVicente Garc\u00eda Huidobro, Julia Erazo, Ren\u00e9 Gordillo, Carlos Eduardo Jaramillo y\nMargaret Randall; con ellos Ra\u00fal Vallejo y Maritza Cino, docentes de la UArtes.&nbsp; <\/p>\n\n\n\n<p>Ambas actividades tendr\u00e1n lugar en el primer piso de la\nBiblioteca de las Artes, ubicada en Aguirre y Pichincha, y corresponden a las\ndos jornadas programadas por la Universidad de las Artes, en el marco del D\u00e9cimo\nPrimer Encuentro Internacional de Poes\u00eda Paralelo Cero 2019. &nbsp;La cita congregar\u00e1 a 60 poetas de diversas\nnacionalidades y lenguas de Europa y Am\u00e9rica; se iniciar\u00e1 en el pa\u00eds este\ndomingo 7 de abril y concluir\u00e1 el s\u00e1bado 13. Quito ser\u00e1 la sede matriz, no\nobstante, para descentralizar los p\u00fablicos, se extender\u00e1 a otras ciudades del\nEcuador. Adem\u00e1s de Guayaquil, Otavalo, Latacunga, Machachi, Riobamba, Cuenca,\nAmbato y Esmeraldas.<\/p>\n\n\n\n<p>Es por esa raz\u00f3n que la UArtes tendr\u00e1 como invitados a los autores\nextranjeros y nacionales y har\u00e1 las presentaciones de los libros, los\nconversatorios y la lectura de poemas. De entre los convocados, la\nestadounidense Margareth Randall, a quien Paralelo Cero le otorg\u00f3 ya el premio Poeta\nde dos Hemisferios, por su influencia literaria en toda Latinoam\u00e9rica.<\/p>\n\n\n\n<p>Es de anotar que los libros \u201c\u00daltimos poemas\u201d, de Vicente\nHuidobro, y \u201cComo una niebla de brillante luz\u201d, de Carlos Eduardo Jaramillo, son\npublicaciones de UArtes Ediciones. Del primero, el editor, poeta y gestor\ncultural ecuatoriano Xavier Oquendo, organizador del encuentro, se\u00f1ala: En este\nlibro, confesional y directo, donde la voz po\u00e9tica dialoga con la muerte y con\ntodo lo que hered\u00f3 del vivir pleno y absoluto de la creaci\u00f3n po\u00e9tica, est\u00e1\npresente la an\u00e1fora recurrente y r\u00edtmica, la preocupaci\u00f3n por las im\u00e1genes\nincre\u00edbles, la fascinaci\u00f3n por los textos largos y sonoros y los poemas cortos\ndonde el sujeto po\u00e9tico se vuelve tan de agua y tan de realidad como un poeta\nque anuncia sus \u201c\u00faltimos poemas\u201d con absoluta resignaci\u00f3n y plenitud, y que se\ndespide como un ferviente hacedor de maravillas\u201d.<\/p>\n\n\n\n<p>De la obra de Huidobro, Ra\u00fal Vallejo, director de la Escuela\nde Literatura de la UArtes, opina: Los textos que hacen \u201c\u00daltimos poemas\u201d dan\ncuenta de un verso deslumbrante, por la profundidad de su materia; limpio, por\nla manera di\u00e1fana como fluye la cascada de im\u00e1genes y de conceptos;\nestremecedor, por el tratamiento que la voz po\u00e9tica da al viaje del sujeto, a\nla experiencia vital, a la presencia inherente de la muerte o al acompa\u00f1amiento\npermanente de la poes\u00eda en todo momento de la existencia.<\/p>\n\n\n\n<p>En cuanto a la publicaci\u00f3n de Carlos Eduardo Jaramillo,\n\u201cComo una niebla de brillante luz\u201d, la docente de la UArtes Maritza Cino anota:\nEl amor y el erotismo son los temas m\u00e1s potentes de la poes\u00eda de Jaramillo, y\nes una constante que va configurando su cosmos po\u00e9tico.<\/p>\n","protected":false},"excerpt":{"rendered":"<p>Martes 9 de abril, 18h00: Presentaci\u00f3n del libro \u201c\u00daltimos poemas\u201d, de Vicente Huidobro; di\u00e1logo entre&nbsp;los chilenos Mario Mel\u00e9ndez y Vicente Garc\u00eda Huidobro (nieto del escritor). 19h00: Presentaci\u00f3n de la Antolog\u00eda \u201cComo una niebla de brillante luz\u201d, de Carlos Eduardo Jaramillo, a cargo de los tambi\u00e9n autores ecuatorianos Ren\u00e9 Gordillo y Maritza Cino, docente de la [&hellip;]<\/p>\n","protected":false},"author":1,"featured_media":3201,"comment_status":"closed","ping_status":"closed","sticky":false,"template":"","format":"standard","meta":{"_acf_changed":false,"_uag_custom_page_level_css":"","_monsterinsights_skip_tracking":false,"_monsterinsights_sitenote_active":false,"_monsterinsights_sitenote_note":"","_monsterinsights_sitenote_category":0,"cybocfi_hide_featured_image":"","footnotes":""},"categories":[82,79],"tags":[],"infouartes":[],"class_list":["post-3200","post","type-post","status-publish","format-standard","has-post-thumbnail","hentry","category-artes","category-vinculo"],"acf":[],"yoast_head":"<!-- This site is optimized with the Yoast SEO plugin v27.4 - https:\/\/yoast.com\/product\/yoast-seo-wordpress\/ -->\n<title>Universidad de las Artes - La poes\u00eda se toma la Universidad de las Artes<\/title>\n<meta name=\"description\" content=\"Universidad de las Artes - La poes\u00eda se toma la Universidad de las Artes\" \/>\n<meta name=\"robots\" content=\"index, follow, max-snippet:-1, max-image-preview:large, max-video-preview:-1\" \/>\n<link rel=\"canonical\" href=\"https:\/\/www.uartes.edu.ec\/sitio\/blog\/2019\/04\/08\/la-poesia-se-toma-la-universidad-de-las-artes\/\" \/>\n<meta property=\"og:locale\" content=\"es_ES\" \/>\n<meta property=\"og:type\" content=\"article\" \/>\n<meta property=\"og:title\" content=\"Universidad de las Artes - La poes\u00eda se toma la Universidad de las Artes\" \/>\n<meta property=\"og:description\" content=\"Universidad de las Artes - La poes\u00eda se toma la Universidad de las Artes\" \/>\n<meta property=\"og:url\" content=\"https:\/\/www.uartes.edu.ec\/sitio\/blog\/2019\/04\/08\/la-poesia-se-toma-la-universidad-de-las-artes\/\" \/>\n<meta property=\"og:site_name\" content=\"Universidad de las Artes\" \/>\n<meta property=\"article:publisher\" content=\"https:\/\/www.facebook.com\/uartesec\" \/>\n<meta property=\"article:published_time\" content=\"2019-04-08T13:01:03+00:00\" \/>\n<meta property=\"article:modified_time\" content=\"2024-07-04T16:51:31+00:00\" \/>\n<meta property=\"og:image\" content=\"https:\/\/www.uartes.edu.ec\/sitio\/wp-content\/uploads\/2019\/04\/banner-web-paralelo-0-01.jpg\" \/>\n\t<meta property=\"og:image:width\" content=\"1500\" \/>\n\t<meta property=\"og:image:height\" content=\"1000\" \/>\n\t<meta property=\"og:image:type\" content=\"image\/jpeg\" \/>\n<meta name=\"author\" content=\"Universidad de las Artes\" \/>\n<meta name=\"twitter:card\" content=\"summary_large_image\" \/>\n<meta name=\"twitter:creator\" content=\"@uartesec\" \/>\n<meta name=\"twitter:site\" content=\"@uartesec\" \/>\n<meta name=\"twitter:label1\" content=\"Escrito por\" \/>\n\t<meta name=\"twitter:data1\" content=\"Universidad de las Artes\" \/>\n\t<meta name=\"twitter:label2\" content=\"Tiempo de lectura\" \/>\n\t<meta name=\"twitter:data2\" content=\"3 minutos\" \/>\n<script type=\"application\/ld+json\" class=\"yoast-schema-graph\">{\"@context\":\"https:\\\/\\\/schema.org\",\"@graph\":[{\"@type\":\"Article\",\"@id\":\"https:\\\/\\\/www.uartes.edu.ec\\\/sitio\\\/blog\\\/2019\\\/04\\\/08\\\/la-poesia-se-toma-la-universidad-de-las-artes\\\/#article\",\"isPartOf\":{\"@id\":\"https:\\\/\\\/www.uartes.edu.ec\\\/sitio\\\/blog\\\/2019\\\/04\\\/08\\\/la-poesia-se-toma-la-universidad-de-las-artes\\\/\"},\"author\":{\"name\":\"Universidad de las Artes\",\"@id\":\"https:\\\/\\\/www.uartes.edu.ec\\\/sitio\\\/#\\\/schema\\\/person\\\/f33f8c1d2af0d5c80a38c8abf458184a\"},\"headline\":\"La poes\u00eda se toma la Universidad de las Artes\",\"datePublished\":\"2019-04-08T13:01:03+00:00\",\"dateModified\":\"2024-07-04T16:51:31+00:00\",\"mainEntityOfPage\":{\"@id\":\"https:\\\/\\\/www.uartes.edu.ec\\\/sitio\\\/blog\\\/2019\\\/04\\\/08\\\/la-poesia-se-toma-la-universidad-de-las-artes\\\/\"},\"wordCount\":603,\"publisher\":{\"@id\":\"https:\\\/\\\/www.uartes.edu.ec\\\/sitio\\\/#organization\"},\"image\":{\"@id\":\"https:\\\/\\\/www.uartes.edu.ec\\\/sitio\\\/blog\\\/2019\\\/04\\\/08\\\/la-poesia-se-toma-la-universidad-de-las-artes\\\/#primaryimage\"},\"thumbnailUrl\":\"https:\\\/\\\/www.uartes.edu.ec\\\/sitio\\\/wp-content\\\/uploads\\\/2019\\\/04\\\/banner-web-paralelo-0-01.jpg\",\"articleSection\":[\"Artes\",\"V\u00ednculo\"],\"inLanguage\":\"es\"},{\"@type\":[\"WebPage\",\"ItemPage\"],\"@id\":\"https:\\\/\\\/www.uartes.edu.ec\\\/sitio\\\/blog\\\/2019\\\/04\\\/08\\\/la-poesia-se-toma-la-universidad-de-las-artes\\\/\",\"url\":\"https:\\\/\\\/www.uartes.edu.ec\\\/sitio\\\/blog\\\/2019\\\/04\\\/08\\\/la-poesia-se-toma-la-universidad-de-las-artes\\\/\",\"name\":\"Universidad de las Artes - La poes\u00eda se toma la Universidad de las Artes\",\"isPartOf\":{\"@id\":\"https:\\\/\\\/www.uartes.edu.ec\\\/sitio\\\/#website\"},\"primaryImageOfPage\":{\"@id\":\"https:\\\/\\\/www.uartes.edu.ec\\\/sitio\\\/blog\\\/2019\\\/04\\\/08\\\/la-poesia-se-toma-la-universidad-de-las-artes\\\/#primaryimage\"},\"image\":{\"@id\":\"https:\\\/\\\/www.uartes.edu.ec\\\/sitio\\\/blog\\\/2019\\\/04\\\/08\\\/la-poesia-se-toma-la-universidad-de-las-artes\\\/#primaryimage\"},\"thumbnailUrl\":\"https:\\\/\\\/www.uartes.edu.ec\\\/sitio\\\/wp-content\\\/uploads\\\/2019\\\/04\\\/banner-web-paralelo-0-01.jpg\",\"datePublished\":\"2019-04-08T13:01:03+00:00\",\"dateModified\":\"2024-07-04T16:51:31+00:00\",\"description\":\"Universidad de las Artes - La poes\u00eda se toma la Universidad de las Artes\",\"breadcrumb\":{\"@id\":\"https:\\\/\\\/www.uartes.edu.ec\\\/sitio\\\/blog\\\/2019\\\/04\\\/08\\\/la-poesia-se-toma-la-universidad-de-las-artes\\\/#breadcrumb\"},\"inLanguage\":\"es\",\"potentialAction\":[{\"@type\":\"ReadAction\",\"target\":[\"https:\\\/\\\/www.uartes.edu.ec\\\/sitio\\\/blog\\\/2019\\\/04\\\/08\\\/la-poesia-se-toma-la-universidad-de-las-artes\\\/\"]}]},{\"@type\":\"ImageObject\",\"inLanguage\":\"es\",\"@id\":\"https:\\\/\\\/www.uartes.edu.ec\\\/sitio\\\/blog\\\/2019\\\/04\\\/08\\\/la-poesia-se-toma-la-universidad-de-las-artes\\\/#primaryimage\",\"url\":\"https:\\\/\\\/www.uartes.edu.ec\\\/sitio\\\/wp-content\\\/uploads\\\/2019\\\/04\\\/banner-web-paralelo-0-01.jpg\",\"contentUrl\":\"https:\\\/\\\/www.uartes.edu.ec\\\/sitio\\\/wp-content\\\/uploads\\\/2019\\\/04\\\/banner-web-paralelo-0-01.jpg\",\"width\":1500,\"height\":1000},{\"@type\":\"BreadcrumbList\",\"@id\":\"https:\\\/\\\/www.uartes.edu.ec\\\/sitio\\\/blog\\\/2019\\\/04\\\/08\\\/la-poesia-se-toma-la-universidad-de-las-artes\\\/#breadcrumb\",\"itemListElement\":[{\"@type\":\"ListItem\",\"position\":1,\"name\":\"Inicio\",\"item\":\"https:\\\/\\\/www.uartes.edu.ec\\\/sitio\\\/\"},{\"@type\":\"ListItem\",\"position\":2,\"name\":\"La poes\u00eda se toma la Universidad de las Artes\"}]},{\"@type\":\"WebSite\",\"@id\":\"https:\\\/\\\/www.uartes.edu.ec\\\/sitio\\\/#website\",\"url\":\"https:\\\/\\\/www.uartes.edu.ec\\\/sitio\\\/\",\"name\":\"Universidad de las Artes\",\"description\":\"Sitio oficial de la Universidad Nacional de las Artes del Ecuador\",\"publisher\":{\"@id\":\"https:\\\/\\\/www.uartes.edu.ec\\\/sitio\\\/#organization\"},\"potentialAction\":[{\"@type\":\"SearchAction\",\"target\":{\"@type\":\"EntryPoint\",\"urlTemplate\":\"https:\\\/\\\/www.uartes.edu.ec\\\/sitio\\\/?s={search_term_string}\"},\"query-input\":{\"@type\":\"PropertyValueSpecification\",\"valueRequired\":true,\"valueName\":\"search_term_string\"}}],\"inLanguage\":\"es\"},{\"@type\":\"Organization\",\"@id\":\"https:\\\/\\\/www.uartes.edu.ec\\\/sitio\\\/#organization\",\"name\":\"Universidad de las Artes\",\"url\":\"https:\\\/\\\/www.uartes.edu.ec\\\/sitio\\\/\",\"logo\":{\"@type\":\"ImageObject\",\"inLanguage\":\"es\",\"@id\":\"https:\\\/\\\/www.uartes.edu.ec\\\/sitio\\\/#\\\/schema\\\/logo\\\/image\\\/\",\"url\":\"https:\\\/\\\/www.uartes.edu.ec\\\/sitio\\\/wp-content\\\/uploads\\\/2022\\\/07\\\/logo-ua-horizontal.png\",\"contentUrl\":\"https:\\\/\\\/www.uartes.edu.ec\\\/sitio\\\/wp-content\\\/uploads\\\/2022\\\/07\\\/logo-ua-horizontal.png\",\"width\":800,\"height\":276,\"caption\":\"Universidad de las Artes\"},\"image\":{\"@id\":\"https:\\\/\\\/www.uartes.edu.ec\\\/sitio\\\/#\\\/schema\\\/logo\\\/image\\\/\"},\"sameAs\":[\"https:\\\/\\\/www.facebook.com\\\/uartesec\",\"https:\\\/\\\/x.com\\\/uartesec\",\"https:\\\/\\\/www.tiktok.com\\\/@uartesec\"]},{\"@type\":\"Person\",\"@id\":\"https:\\\/\\\/www.uartes.edu.ec\\\/sitio\\\/#\\\/schema\\\/person\\\/f33f8c1d2af0d5c80a38c8abf458184a\",\"name\":\"Universidad de las Artes\",\"image\":{\"@type\":\"ImageObject\",\"inLanguage\":\"es\",\"@id\":\"https:\\\/\\\/secure.gravatar.com\\\/avatar\\\/52e4757902f5cfa5ac52d020e5be83cae5487519154b6c35482fe08d589f3c13?s=96&d=mm&r=g\",\"url\":\"https:\\\/\\\/secure.gravatar.com\\\/avatar\\\/52e4757902f5cfa5ac52d020e5be83cae5487519154b6c35482fe08d589f3c13?s=96&d=mm&r=g\",\"contentUrl\":\"https:\\\/\\\/secure.gravatar.com\\\/avatar\\\/52e4757902f5cfa5ac52d020e5be83cae5487519154b6c35482fe08d589f3c13?s=96&d=mm&r=g\",\"caption\":\"Universidad de las Artes\"},\"url\":\"https:\\\/\\\/www.uartes.edu.ec\\\/sitio\\\/blog\\\/author\\\/dircomadm\\\/\"}]}<\/script>\n<!-- \/ Yoast SEO plugin. -->","yoast_head_json":{"title":"Universidad de las Artes - La poes\u00eda se toma la Universidad de las Artes","description":"Universidad de las Artes - La poes\u00eda se toma la Universidad de las Artes","robots":{"index":"index","follow":"follow","max-snippet":"max-snippet:-1","max-image-preview":"max-image-preview:large","max-video-preview":"max-video-preview:-1"},"canonical":"https:\/\/www.uartes.edu.ec\/sitio\/blog\/2019\/04\/08\/la-poesia-se-toma-la-universidad-de-las-artes\/","og_locale":"es_ES","og_type":"article","og_title":"Universidad de las Artes - La poes\u00eda se toma la Universidad de las Artes","og_description":"Universidad de las Artes - La poes\u00eda se toma la Universidad de las Artes","og_url":"https:\/\/www.uartes.edu.ec\/sitio\/blog\/2019\/04\/08\/la-poesia-se-toma-la-universidad-de-las-artes\/","og_site_name":"Universidad de las Artes","article_publisher":"https:\/\/www.facebook.com\/uartesec","article_published_time":"2019-04-08T13:01:03+00:00","article_modified_time":"2024-07-04T16:51:31+00:00","og_image":[{"width":1500,"height":1000,"url":"https:\/\/www.uartes.edu.ec\/sitio\/wp-content\/uploads\/2019\/04\/banner-web-paralelo-0-01.jpg","type":"image\/jpeg"}],"author":"Universidad de las Artes","twitter_card":"summary_large_image","twitter_creator":"@uartesec","twitter_site":"@uartesec","twitter_misc":{"Escrito por":"Universidad de las Artes","Tiempo de lectura":"3 minutos"},"schema":{"@context":"https:\/\/schema.org","@graph":[{"@type":"Article","@id":"https:\/\/www.uartes.edu.ec\/sitio\/blog\/2019\/04\/08\/la-poesia-se-toma-la-universidad-de-las-artes\/#article","isPartOf":{"@id":"https:\/\/www.uartes.edu.ec\/sitio\/blog\/2019\/04\/08\/la-poesia-se-toma-la-universidad-de-las-artes\/"},"author":{"name":"Universidad de las Artes","@id":"https:\/\/www.uartes.edu.ec\/sitio\/#\/schema\/person\/f33f8c1d2af0d5c80a38c8abf458184a"},"headline":"La poes\u00eda se toma la Universidad de las Artes","datePublished":"2019-04-08T13:01:03+00:00","dateModified":"2024-07-04T16:51:31+00:00","mainEntityOfPage":{"@id":"https:\/\/www.uartes.edu.ec\/sitio\/blog\/2019\/04\/08\/la-poesia-se-toma-la-universidad-de-las-artes\/"},"wordCount":603,"publisher":{"@id":"https:\/\/www.uartes.edu.ec\/sitio\/#organization"},"image":{"@id":"https:\/\/www.uartes.edu.ec\/sitio\/blog\/2019\/04\/08\/la-poesia-se-toma-la-universidad-de-las-artes\/#primaryimage"},"thumbnailUrl":"https:\/\/www.uartes.edu.ec\/sitio\/wp-content\/uploads\/2019\/04\/banner-web-paralelo-0-01.jpg","articleSection":["Artes","V\u00ednculo"],"inLanguage":"es"},{"@type":["WebPage","ItemPage"],"@id":"https:\/\/www.uartes.edu.ec\/sitio\/blog\/2019\/04\/08\/la-poesia-se-toma-la-universidad-de-las-artes\/","url":"https:\/\/www.uartes.edu.ec\/sitio\/blog\/2019\/04\/08\/la-poesia-se-toma-la-universidad-de-las-artes\/","name":"Universidad de las Artes - La poes\u00eda se toma la Universidad de las Artes","isPartOf":{"@id":"https:\/\/www.uartes.edu.ec\/sitio\/#website"},"primaryImageOfPage":{"@id":"https:\/\/www.uartes.edu.ec\/sitio\/blog\/2019\/04\/08\/la-poesia-se-toma-la-universidad-de-las-artes\/#primaryimage"},"image":{"@id":"https:\/\/www.uartes.edu.ec\/sitio\/blog\/2019\/04\/08\/la-poesia-se-toma-la-universidad-de-las-artes\/#primaryimage"},"thumbnailUrl":"https:\/\/www.uartes.edu.ec\/sitio\/wp-content\/uploads\/2019\/04\/banner-web-paralelo-0-01.jpg","datePublished":"2019-04-08T13:01:03+00:00","dateModified":"2024-07-04T16:51:31+00:00","description":"Universidad de las Artes - La poes\u00eda se toma la Universidad de las Artes","breadcrumb":{"@id":"https:\/\/www.uartes.edu.ec\/sitio\/blog\/2019\/04\/08\/la-poesia-se-toma-la-universidad-de-las-artes\/#breadcrumb"},"inLanguage":"es","potentialAction":[{"@type":"ReadAction","target":["https:\/\/www.uartes.edu.ec\/sitio\/blog\/2019\/04\/08\/la-poesia-se-toma-la-universidad-de-las-artes\/"]}]},{"@type":"ImageObject","inLanguage":"es","@id":"https:\/\/www.uartes.edu.ec\/sitio\/blog\/2019\/04\/08\/la-poesia-se-toma-la-universidad-de-las-artes\/#primaryimage","url":"https:\/\/www.uartes.edu.ec\/sitio\/wp-content\/uploads\/2019\/04\/banner-web-paralelo-0-01.jpg","contentUrl":"https:\/\/www.uartes.edu.ec\/sitio\/wp-content\/uploads\/2019\/04\/banner-web-paralelo-0-01.jpg","width":1500,"height":1000},{"@type":"BreadcrumbList","@id":"https:\/\/www.uartes.edu.ec\/sitio\/blog\/2019\/04\/08\/la-poesia-se-toma-la-universidad-de-las-artes\/#breadcrumb","itemListElement":[{"@type":"ListItem","position":1,"name":"Inicio","item":"https:\/\/www.uartes.edu.ec\/sitio\/"},{"@type":"ListItem","position":2,"name":"La poes\u00eda se toma la Universidad de las Artes"}]},{"@type":"WebSite","@id":"https:\/\/www.uartes.edu.ec\/sitio\/#website","url":"https:\/\/www.uartes.edu.ec\/sitio\/","name":"Universidad de las Artes","description":"Sitio oficial de la Universidad Nacional de las Artes del Ecuador","publisher":{"@id":"https:\/\/www.uartes.edu.ec\/sitio\/#organization"},"potentialAction":[{"@type":"SearchAction","target":{"@type":"EntryPoint","urlTemplate":"https:\/\/www.uartes.edu.ec\/sitio\/?s={search_term_string}"},"query-input":{"@type":"PropertyValueSpecification","valueRequired":true,"valueName":"search_term_string"}}],"inLanguage":"es"},{"@type":"Organization","@id":"https:\/\/www.uartes.edu.ec\/sitio\/#organization","name":"Universidad de las Artes","url":"https:\/\/www.uartes.edu.ec\/sitio\/","logo":{"@type":"ImageObject","inLanguage":"es","@id":"https:\/\/www.uartes.edu.ec\/sitio\/#\/schema\/logo\/image\/","url":"https:\/\/www.uartes.edu.ec\/sitio\/wp-content\/uploads\/2022\/07\/logo-ua-horizontal.png","contentUrl":"https:\/\/www.uartes.edu.ec\/sitio\/wp-content\/uploads\/2022\/07\/logo-ua-horizontal.png","width":800,"height":276,"caption":"Universidad de las Artes"},"image":{"@id":"https:\/\/www.uartes.edu.ec\/sitio\/#\/schema\/logo\/image\/"},"sameAs":["https:\/\/www.facebook.com\/uartesec","https:\/\/x.com\/uartesec","https:\/\/www.tiktok.com\/@uartesec"]},{"@type":"Person","@id":"https:\/\/www.uartes.edu.ec\/sitio\/#\/schema\/person\/f33f8c1d2af0d5c80a38c8abf458184a","name":"Universidad de las Artes","image":{"@type":"ImageObject","inLanguage":"es","@id":"https:\/\/secure.gravatar.com\/avatar\/52e4757902f5cfa5ac52d020e5be83cae5487519154b6c35482fe08d589f3c13?s=96&d=mm&r=g","url":"https:\/\/secure.gravatar.com\/avatar\/52e4757902f5cfa5ac52d020e5be83cae5487519154b6c35482fe08d589f3c13?s=96&d=mm&r=g","contentUrl":"https:\/\/secure.gravatar.com\/avatar\/52e4757902f5cfa5ac52d020e5be83cae5487519154b6c35482fe08d589f3c13?s=96&d=mm&r=g","caption":"Universidad de las Artes"},"url":"https:\/\/www.uartes.edu.ec\/sitio\/blog\/author\/dircomadm\/"}]}},"uagb_featured_image_src":{"full":["https:\/\/www.uartes.edu.ec\/sitio\/wp-content\/uploads\/2019\/04\/banner-web-paralelo-0-01.jpg",1500,1000,false],"thumbnail":["https:\/\/www.uartes.edu.ec\/sitio\/wp-content\/uploads\/2019\/04\/banner-web-paralelo-0-01-150x150.jpg",150,150,true],"medium":["https:\/\/www.uartes.edu.ec\/sitio\/wp-content\/uploads\/2019\/04\/banner-web-paralelo-0-01-300x200.jpg",300,200,true],"medium_large":["https:\/\/www.uartes.edu.ec\/sitio\/wp-content\/uploads\/2019\/04\/banner-web-paralelo-0-01-768x512.jpg",768,512,true],"large":["https:\/\/www.uartes.edu.ec\/sitio\/wp-content\/uploads\/2019\/04\/banner-web-paralelo-0-01-644x429.jpg",644,429,true],"1536x1536":["https:\/\/www.uartes.edu.ec\/sitio\/wp-content\/uploads\/2019\/04\/banner-web-paralelo-0-01.jpg",1500,1000,false],"2048x2048":["https:\/\/www.uartes.edu.ec\/sitio\/wp-content\/uploads\/2019\/04\/banner-web-paralelo-0-01.jpg",1500,1000,false],"trp-custom-language-flag":["https:\/\/www.uartes.edu.ec\/sitio\/wp-content\/uploads\/2019\/04\/banner-web-paralelo-0-01.jpg",18,12,false],"htmega_size_585x295":["https:\/\/www.uartes.edu.ec\/sitio\/wp-content\/uploads\/2019\/04\/banner-web-paralelo-0-01.jpg",443,295,false],"htmega_size_1170x536":["https:\/\/www.uartes.edu.ec\/sitio\/wp-content\/uploads\/2019\/04\/banner-web-paralelo-0-01.jpg",804,536,false],"htmega_size_396x360":["https:\/\/www.uartes.edu.ec\/sitio\/wp-content\/uploads\/2019\/04\/banner-web-paralelo-0-01.jpg",396,264,false],"gb-block-post-grid-landscape":["https:\/\/www.uartes.edu.ec\/sitio\/wp-content\/uploads\/2019\/04\/banner-web-paralelo-0-01.jpg",600,400,false],"gb-block-post-grid-square":["https:\/\/www.uartes.edu.ec\/sitio\/wp-content\/uploads\/2019\/04\/banner-web-paralelo-0-01.jpg",600,400,false],"university-hub-thumb":["https:\/\/www.uartes.edu.ec\/sitio\/wp-content\/uploads\/2019\/04\/banner-web-paralelo-0-01.jpg",400,267,false],"mailpoet_newsletter_max":["https:\/\/www.uartes.edu.ec\/sitio\/wp-content\/uploads\/2019\/04\/banner-web-paralelo-0-01.jpg",1320,880,false]},"uagb_author_info":{"display_name":"Universidad de las Artes","author_link":"https:\/\/www.uartes.edu.ec\/sitio\/blog\/author\/dircomadm\/"},"uagb_comment_info":0,"uagb_excerpt":"Martes 9 de abril, 18h00: Presentaci\u00f3n del libro \u201c\u00daltimos poemas\u201d, de Vicente Huidobro; di\u00e1logo entre&nbsp;los chilenos Mario Mel\u00e9ndez y Vicente Garc\u00eda Huidobro (nieto del escritor). 19h00: Presentaci\u00f3n de la Antolog\u00eda \u201cComo una niebla de brillante luz\u201d, de Carlos Eduardo Jaramillo, a cargo de los tambi\u00e9n autores ecuatorianos Ren\u00e9 Gordillo y Maritza Cino, docente de la&hellip;","featured_image_src":"https:\/\/www.uartes.edu.ec\/sitio\/wp-content\/uploads\/2019\/04\/banner-web-paralelo-0-01.jpg","featured_image_src_square":"https:\/\/www.uartes.edu.ec\/sitio\/wp-content\/uploads\/2019\/04\/banner-web-paralelo-0-01.jpg","author_info":{"display_name":"Universidad de las Artes","author_link":"https:\/\/www.uartes.edu.ec\/sitio\/blog\/author\/dircomadm\/"},"publishpress_future_workflow_manual_trigger":{"enabledWorkflows":[]},"distributor_meta":false,"distributor_terms":false,"distributor_media":false,"distributor_original_site_name":"Universidad de las Artes","distributor_original_site_url":"https:\/\/www.uartes.edu.ec\/sitio","push-errors":false,"_links":{"self":[{"href":"https:\/\/www.uartes.edu.ec\/sitio\/wp-json\/wp\/v2\/posts\/3200","targetHints":{"allow":["GET"]}}],"collection":[{"href":"https:\/\/www.uartes.edu.ec\/sitio\/wp-json\/wp\/v2\/posts"}],"about":[{"href":"https:\/\/www.uartes.edu.ec\/sitio\/wp-json\/wp\/v2\/types\/post"}],"author":[{"embeddable":true,"href":"https:\/\/www.uartes.edu.ec\/sitio\/wp-json\/wp\/v2\/users\/1"}],"replies":[{"embeddable":true,"href":"https:\/\/www.uartes.edu.ec\/sitio\/wp-json\/wp\/v2\/comments?post=3200"}],"version-history":[{"count":1,"href":"https:\/\/www.uartes.edu.ec\/sitio\/wp-json\/wp\/v2\/posts\/3200\/revisions"}],"predecessor-version":[{"id":3202,"href":"https:\/\/www.uartes.edu.ec\/sitio\/wp-json\/wp\/v2\/posts\/3200\/revisions\/3202"}],"wp:featuredmedia":[{"embeddable":true,"href":"https:\/\/www.uartes.edu.ec\/sitio\/wp-json\/wp\/v2\/media\/3201"}],"wp:attachment":[{"href":"https:\/\/www.uartes.edu.ec\/sitio\/wp-json\/wp\/v2\/media?parent=3200"}],"wp:term":[{"taxonomy":"category","embeddable":true,"href":"https:\/\/www.uartes.edu.ec\/sitio\/wp-json\/wp\/v2\/categories?post=3200"},{"taxonomy":"post_tag","embeddable":true,"href":"https:\/\/www.uartes.edu.ec\/sitio\/wp-json\/wp\/v2\/tags?post=3200"},{"taxonomy":"infouartes","embeddable":true,"href":"https:\/\/www.uartes.edu.ec\/sitio\/wp-json\/wp\/v2\/infouartes?post=3200"}],"curies":[{"name":"wp","href":"https:\/\/api.w.org\/{rel}","templated":true}]}}