{"id":34,"date":"2017-04-18T19:36:01","date_gmt":"2017-04-19T00:36:01","guid":{"rendered":"http:\/\/www.uartes.edu.ec\/infouartes\/?p=34"},"modified":"2024-07-04T11:54:21","modified_gmt":"2024-07-04T16:54:21","slug":"revista-de-cine-de-la-uartes-ingresa-al-directorio-de-latindex","status":"publish","type":"post","link":"https:\/\/www.uartes.edu.ec\/sitio\/blog\/2017\/04\/18\/revista-de-cine-de-la-uartes-ingresa-al-directorio-de-latindex\/","title":{"rendered":"Revista de cine de la UArtes ingresa al Directorio de Latindex"},"content":{"rendered":"\n<p><a href=\"http:\/\/www.latindex.unam.mx\/latindex\/ficha?folio=26053\"><strong>Fuera de Campo<\/strong><\/a>, revista especializada en cine y editada por \u2018UArtes Ediciones\u2019, sello editorial de la Universidad de las Artes del Ecuador, fue agregada al Directorio del Sistema Regional de Informaci\u00f3n en L\u00ednea para Revistas Cient\u00edficas de Am\u00e9rica Latina, el Caribe, Espa\u00f1a y Portugal, <strong>Latindex<\/strong>, el pasado 14 de febrero de 2017.<\/p>\n\n\n\n<p>\u201cFuera de Campo pretende convertirse en un espacio donde los investigadores en cine de todo el mundo, pero especialmente de Am\u00e9rica Latina, puedan publicar los resultados de sus investigaciones en un contexto tan riguroso como el de las academias norteamericanas y europeas, pero con una actitud m\u00e1s amigable hacia productos que responden a las necesidades del investigador de esta regi\u00f3n\u201d, indic\u00f3 Arturo Serrano, Director, en la introducci\u00f3n al primer n\u00famero de la revista.<\/p>\n\n\n\n<p>Sandra C\u00e1rdenas, Subsecretaria de Investigaci\u00f3n Cient\u00edfica de la Secretaria de Educaci\u00f3n Superior, Ciencia, Tecnolog\u00eda e Innovaci\u00f3n, SENESCYT, inform\u00f3 a la UArtes que Fuera de Campo cumpli\u00f3 31 de las 33 caracter\u00edsticas requeridas por Latindex para ser ingresada a la categor\u00eda de Directorio. Luego de la publicaci\u00f3n de tres n\u00fameros adicionales a los ya publicados, la UArtes pedir\u00e1 una reevaluaci\u00f3n de la revista para ser admitida en la categor\u00eda de Cat\u00e1logo, a la que no accedi\u00f3 por tener menos de un a\u00f1o de publicaci\u00f3n.<\/p>\n\n\n\n<p>Serrano afirma, \u201clas universidades no deben ser solamente repetidoras de conocimientos generados en otros lugares sino, adem\u00e1s, deben empoderarse y empezar a generar conocimiento a trav\u00e9s de la investigaci\u00f3n, pero investigar no tiene sentido si los resultados de esas investigaciones no se publican\u201d. De ah\u00ed que Fuera de Campo resulta trascendental para el presente y futuro de la educaci\u00f3n, investigaci\u00f3n y creaci\u00f3n art\u00edstica en el Ecuador y la regi\u00f3n porque la revista permite a los especialistas latinoamericanos publicar sus investigaciones.<\/p>\n\n\n\n<p>Fuera de Campo ha publicado tres n\u00fameros con colaboraciones de escritores, investigadores y acad\u00e9micos de Venezuela, Brasil, Colombia, M\u00e9xico, Argentina, Espa\u00f1a y Ecuador.<\/p>\n\n\n\n<p>Los tres n\u00fameros de la revista los puedes encontrar en l\u00ednea en el <a href=\"http:\/\/www.uartes.edu.ec\/editorial-uartes.php\">siguiente enlace<\/a>.<\/p>\n","protected":false},"excerpt":{"rendered":"<p>Fuera de Campo, revista especializada en cine y editada por \u2018UArtes Ediciones\u2019, fue agregada al Latindex<\/p>\n","protected":false},"author":1,"featured_media":56457,"comment_status":"closed","ping_status":"open","sticky":false,"template":"","format":"standard","meta":{"_acf_changed":false,"_uag_custom_page_level_css":"","_monsterinsights_skip_tracking":false,"_monsterinsights_sitenote_active":false,"_monsterinsights_sitenote_note":"","_monsterinsights_sitenote_category":0,"cybocfi_hide_featured_image":"","footnotes":""},"categories":[77],"tags":[],"infouartes":[],"class_list":["post-34","post","type-post","status-publish","format-standard","has-post-thumbnail","hentry","category-gestion"],"acf":[],"yoast_head":"<!-- This site is optimized with the Yoast SEO plugin v27.4 - https:\/\/yoast.com\/product\/yoast-seo-wordpress\/ -->\n<title>Universidad de las Artes - Revista de cine de la UArtes ingresa al Directorio de Latindex<\/title>\n<meta name=\"description\" content=\"Universidad de las Artes - Revista de cine de la UArtes ingresa al Directorio de Latindex\" \/>\n<meta name=\"robots\" content=\"index, follow, max-snippet:-1, max-image-preview:large, max-video-preview:-1\" \/>\n<link rel=\"canonical\" href=\"https:\/\/www.uartes.edu.ec\/sitio\/blog\/2017\/04\/18\/revista-de-cine-de-la-uartes-ingresa-al-directorio-de-latindex\/\" \/>\n<meta property=\"og:locale\" content=\"es_ES\" \/>\n<meta property=\"og:type\" content=\"article\" \/>\n<meta property=\"og:title\" content=\"Universidad de las Artes - Revista de cine de la UArtes ingresa al Directorio de Latindex\" \/>\n<meta property=\"og:description\" content=\"Universidad de las Artes - Revista de cine de la UArtes ingresa al Directorio de Latindex\" \/>\n<meta property=\"og:url\" content=\"https:\/\/www.uartes.edu.ec\/sitio\/blog\/2017\/04\/18\/revista-de-cine-de-la-uartes-ingresa-al-directorio-de-latindex\/\" \/>\n<meta property=\"og:site_name\" content=\"Universidad de las Artes\" \/>\n<meta property=\"article:publisher\" content=\"https:\/\/www.facebook.com\/uartesec\" \/>\n<meta property=\"article:published_time\" content=\"2017-04-19T00:36:01+00:00\" \/>\n<meta property=\"article:modified_time\" content=\"2024-07-04T16:54:21+00:00\" \/>\n<meta property=\"og:image\" content=\"https:\/\/www.uartes.edu.ec\/sitio\/wp-content\/uploads\/2017\/04\/Revista-de-cine-de-la-UArtes-ingresa-al-Directorio-de-Latindex.jpg\" \/>\n\t<meta property=\"og:image:width\" content=\"582\" \/>\n\t<meta property=\"og:image:height\" content=\"270\" \/>\n\t<meta property=\"og:image:type\" content=\"image\/jpeg\" \/>\n<meta name=\"author\" content=\"Universidad de las Artes\" \/>\n<meta name=\"twitter:card\" content=\"summary_large_image\" \/>\n<meta name=\"twitter:creator\" content=\"@uartesec\" \/>\n<meta name=\"twitter:site\" content=\"@uartesec\" \/>\n<meta name=\"twitter:label1\" content=\"Escrito por\" \/>\n\t<meta name=\"twitter:data1\" content=\"Universidad de las Artes\" \/>\n\t<meta name=\"twitter:label2\" content=\"Tiempo de lectura\" \/>\n\t<meta name=\"twitter:data2\" content=\"2 minutos\" \/>\n<script type=\"application\/ld+json\" class=\"yoast-schema-graph\">{\"@context\":\"https:\\\/\\\/schema.org\",\"@graph\":[{\"@type\":\"Article\",\"@id\":\"https:\\\/\\\/www.uartes.edu.ec\\\/sitio\\\/blog\\\/2017\\\/04\\\/18\\\/revista-de-cine-de-la-uartes-ingresa-al-directorio-de-latindex\\\/#article\",\"isPartOf\":{\"@id\":\"https:\\\/\\\/www.uartes.edu.ec\\\/sitio\\\/blog\\\/2017\\\/04\\\/18\\\/revista-de-cine-de-la-uartes-ingresa-al-directorio-de-latindex\\\/\"},\"author\":{\"name\":\"Universidad de las Artes\",\"@id\":\"https:\\\/\\\/www.uartes.edu.ec\\\/sitio\\\/#\\\/schema\\\/person\\\/f33f8c1d2af0d5c80a38c8abf458184a\"},\"headline\":\"Revista de cine de la UArtes ingresa al Directorio de Latindex\",\"datePublished\":\"2017-04-19T00:36:01+00:00\",\"dateModified\":\"2024-07-04T16:54:21+00:00\",\"mainEntityOfPage\":{\"@id\":\"https:\\\/\\\/www.uartes.edu.ec\\\/sitio\\\/blog\\\/2017\\\/04\\\/18\\\/revista-de-cine-de-la-uartes-ingresa-al-directorio-de-latindex\\\/\"},\"wordCount\":372,\"publisher\":{\"@id\":\"https:\\\/\\\/www.uartes.edu.ec\\\/sitio\\\/#organization\"},\"image\":{\"@id\":\"https:\\\/\\\/www.uartes.edu.ec\\\/sitio\\\/blog\\\/2017\\\/04\\\/18\\\/revista-de-cine-de-la-uartes-ingresa-al-directorio-de-latindex\\\/#primaryimage\"},\"thumbnailUrl\":\"https:\\\/\\\/www.uartes.edu.ec\\\/sitio\\\/wp-content\\\/uploads\\\/2017\\\/04\\\/Revista-de-cine-de-la-UArtes-ingresa-al-Directorio-de-Latindex.jpg\",\"articleSection\":[\"Gesti\u00f3n\"],\"inLanguage\":\"es\"},{\"@type\":[\"WebPage\",\"ItemPage\"],\"@id\":\"https:\\\/\\\/www.uartes.edu.ec\\\/sitio\\\/blog\\\/2017\\\/04\\\/18\\\/revista-de-cine-de-la-uartes-ingresa-al-directorio-de-latindex\\\/\",\"url\":\"https:\\\/\\\/www.uartes.edu.ec\\\/sitio\\\/blog\\\/2017\\\/04\\\/18\\\/revista-de-cine-de-la-uartes-ingresa-al-directorio-de-latindex\\\/\",\"name\":\"Universidad de las Artes - Revista de cine de la UArtes ingresa al Directorio de Latindex\",\"isPartOf\":{\"@id\":\"https:\\\/\\\/www.uartes.edu.ec\\\/sitio\\\/#website\"},\"primaryImageOfPage\":{\"@id\":\"https:\\\/\\\/www.uartes.edu.ec\\\/sitio\\\/blog\\\/2017\\\/04\\\/18\\\/revista-de-cine-de-la-uartes-ingresa-al-directorio-de-latindex\\\/#primaryimage\"},\"image\":{\"@id\":\"https:\\\/\\\/www.uartes.edu.ec\\\/sitio\\\/blog\\\/2017\\\/04\\\/18\\\/revista-de-cine-de-la-uartes-ingresa-al-directorio-de-latindex\\\/#primaryimage\"},\"thumbnailUrl\":\"https:\\\/\\\/www.uartes.edu.ec\\\/sitio\\\/wp-content\\\/uploads\\\/2017\\\/04\\\/Revista-de-cine-de-la-UArtes-ingresa-al-Directorio-de-Latindex.jpg\",\"datePublished\":\"2017-04-19T00:36:01+00:00\",\"dateModified\":\"2024-07-04T16:54:21+00:00\",\"description\":\"Universidad de las Artes - Revista de cine de la UArtes ingresa al Directorio de Latindex\",\"breadcrumb\":{\"@id\":\"https:\\\/\\\/www.uartes.edu.ec\\\/sitio\\\/blog\\\/2017\\\/04\\\/18\\\/revista-de-cine-de-la-uartes-ingresa-al-directorio-de-latindex\\\/#breadcrumb\"},\"inLanguage\":\"es\",\"potentialAction\":[{\"@type\":\"ReadAction\",\"target\":[\"https:\\\/\\\/www.uartes.edu.ec\\\/sitio\\\/blog\\\/2017\\\/04\\\/18\\\/revista-de-cine-de-la-uartes-ingresa-al-directorio-de-latindex\\\/\"]}]},{\"@type\":\"ImageObject\",\"inLanguage\":\"es\",\"@id\":\"https:\\\/\\\/www.uartes.edu.ec\\\/sitio\\\/blog\\\/2017\\\/04\\\/18\\\/revista-de-cine-de-la-uartes-ingresa-al-directorio-de-latindex\\\/#primaryimage\",\"url\":\"https:\\\/\\\/www.uartes.edu.ec\\\/sitio\\\/wp-content\\\/uploads\\\/2017\\\/04\\\/Revista-de-cine-de-la-UArtes-ingresa-al-Directorio-de-Latindex.jpg\",\"contentUrl\":\"https:\\\/\\\/www.uartes.edu.ec\\\/sitio\\\/wp-content\\\/uploads\\\/2017\\\/04\\\/Revista-de-cine-de-la-UArtes-ingresa-al-Directorio-de-Latindex.jpg\",\"width\":582,\"height\":270},{\"@type\":\"BreadcrumbList\",\"@id\":\"https:\\\/\\\/www.uartes.edu.ec\\\/sitio\\\/blog\\\/2017\\\/04\\\/18\\\/revista-de-cine-de-la-uartes-ingresa-al-directorio-de-latindex\\\/#breadcrumb\",\"itemListElement\":[{\"@type\":\"ListItem\",\"position\":1,\"name\":\"Inicio\",\"item\":\"https:\\\/\\\/www.uartes.edu.ec\\\/sitio\\\/\"},{\"@type\":\"ListItem\",\"position\":2,\"name\":\"Revista de cine de la UArtes ingresa al Directorio de Latindex\"}]},{\"@type\":\"WebSite\",\"@id\":\"https:\\\/\\\/www.uartes.edu.ec\\\/sitio\\\/#website\",\"url\":\"https:\\\/\\\/www.uartes.edu.ec\\\/sitio\\\/\",\"name\":\"Universidad de las Artes\",\"description\":\"Sitio oficial de la Universidad Nacional de las Artes del Ecuador\",\"publisher\":{\"@id\":\"https:\\\/\\\/www.uartes.edu.ec\\\/sitio\\\/#organization\"},\"potentialAction\":[{\"@type\":\"SearchAction\",\"target\":{\"@type\":\"EntryPoint\",\"urlTemplate\":\"https:\\\/\\\/www.uartes.edu.ec\\\/sitio\\\/?s={search_term_string}\"},\"query-input\":{\"@type\":\"PropertyValueSpecification\",\"valueRequired\":true,\"valueName\":\"search_term_string\"}}],\"inLanguage\":\"es\"},{\"@type\":\"Organization\",\"@id\":\"https:\\\/\\\/www.uartes.edu.ec\\\/sitio\\\/#organization\",\"name\":\"Universidad de las Artes\",\"url\":\"https:\\\/\\\/www.uartes.edu.ec\\\/sitio\\\/\",\"logo\":{\"@type\":\"ImageObject\",\"inLanguage\":\"es\",\"@id\":\"https:\\\/\\\/www.uartes.edu.ec\\\/sitio\\\/#\\\/schema\\\/logo\\\/image\\\/\",\"url\":\"https:\\\/\\\/www.uartes.edu.ec\\\/sitio\\\/wp-content\\\/uploads\\\/2022\\\/07\\\/logo-ua-horizontal.png\",\"contentUrl\":\"https:\\\/\\\/www.uartes.edu.ec\\\/sitio\\\/wp-content\\\/uploads\\\/2022\\\/07\\\/logo-ua-horizontal.png\",\"width\":800,\"height\":276,\"caption\":\"Universidad de las Artes\"},\"image\":{\"@id\":\"https:\\\/\\\/www.uartes.edu.ec\\\/sitio\\\/#\\\/schema\\\/logo\\\/image\\\/\"},\"sameAs\":[\"https:\\\/\\\/www.facebook.com\\\/uartesec\",\"https:\\\/\\\/x.com\\\/uartesec\",\"https:\\\/\\\/www.tiktok.com\\\/@uartesec\"]},{\"@type\":\"Person\",\"@id\":\"https:\\\/\\\/www.uartes.edu.ec\\\/sitio\\\/#\\\/schema\\\/person\\\/f33f8c1d2af0d5c80a38c8abf458184a\",\"name\":\"Universidad de las Artes\",\"image\":{\"@type\":\"ImageObject\",\"inLanguage\":\"es\",\"@id\":\"https:\\\/\\\/secure.gravatar.com\\\/avatar\\\/52e4757902f5cfa5ac52d020e5be83cae5487519154b6c35482fe08d589f3c13?s=96&d=mm&r=g\",\"url\":\"https:\\\/\\\/secure.gravatar.com\\\/avatar\\\/52e4757902f5cfa5ac52d020e5be83cae5487519154b6c35482fe08d589f3c13?s=96&d=mm&r=g\",\"contentUrl\":\"https:\\\/\\\/secure.gravatar.com\\\/avatar\\\/52e4757902f5cfa5ac52d020e5be83cae5487519154b6c35482fe08d589f3c13?s=96&d=mm&r=g\",\"caption\":\"Universidad de las Artes\"},\"url\":\"https:\\\/\\\/www.uartes.edu.ec\\\/sitio\\\/blog\\\/author\\\/dircomadm\\\/\"}]}<\/script>\n<!-- \/ Yoast SEO plugin. -->","yoast_head_json":{"title":"Universidad de las Artes - Revista de cine de la UArtes ingresa al Directorio de Latindex","description":"Universidad de las Artes - Revista de cine de la UArtes ingresa al Directorio de Latindex","robots":{"index":"index","follow":"follow","max-snippet":"max-snippet:-1","max-image-preview":"max-image-preview:large","max-video-preview":"max-video-preview:-1"},"canonical":"https:\/\/www.uartes.edu.ec\/sitio\/blog\/2017\/04\/18\/revista-de-cine-de-la-uartes-ingresa-al-directorio-de-latindex\/","og_locale":"es_ES","og_type":"article","og_title":"Universidad de las Artes - Revista de cine de la UArtes ingresa al Directorio de Latindex","og_description":"Universidad de las Artes - Revista de cine de la UArtes ingresa al Directorio de Latindex","og_url":"https:\/\/www.uartes.edu.ec\/sitio\/blog\/2017\/04\/18\/revista-de-cine-de-la-uartes-ingresa-al-directorio-de-latindex\/","og_site_name":"Universidad de las Artes","article_publisher":"https:\/\/www.facebook.com\/uartesec","article_published_time":"2017-04-19T00:36:01+00:00","article_modified_time":"2024-07-04T16:54:21+00:00","og_image":[{"width":582,"height":270,"url":"https:\/\/www.uartes.edu.ec\/sitio\/wp-content\/uploads\/2017\/04\/Revista-de-cine-de-la-UArtes-ingresa-al-Directorio-de-Latindex.jpg","type":"image\/jpeg"}],"author":"Universidad de las Artes","twitter_card":"summary_large_image","twitter_creator":"@uartesec","twitter_site":"@uartesec","twitter_misc":{"Escrito por":"Universidad de las Artes","Tiempo de lectura":"2 minutos"},"schema":{"@context":"https:\/\/schema.org","@graph":[{"@type":"Article","@id":"https:\/\/www.uartes.edu.ec\/sitio\/blog\/2017\/04\/18\/revista-de-cine-de-la-uartes-ingresa-al-directorio-de-latindex\/#article","isPartOf":{"@id":"https:\/\/www.uartes.edu.ec\/sitio\/blog\/2017\/04\/18\/revista-de-cine-de-la-uartes-ingresa-al-directorio-de-latindex\/"},"author":{"name":"Universidad de las Artes","@id":"https:\/\/www.uartes.edu.ec\/sitio\/#\/schema\/person\/f33f8c1d2af0d5c80a38c8abf458184a"},"headline":"Revista de cine de la UArtes ingresa al Directorio de Latindex","datePublished":"2017-04-19T00:36:01+00:00","dateModified":"2024-07-04T16:54:21+00:00","mainEntityOfPage":{"@id":"https:\/\/www.uartes.edu.ec\/sitio\/blog\/2017\/04\/18\/revista-de-cine-de-la-uartes-ingresa-al-directorio-de-latindex\/"},"wordCount":372,"publisher":{"@id":"https:\/\/www.uartes.edu.ec\/sitio\/#organization"},"image":{"@id":"https:\/\/www.uartes.edu.ec\/sitio\/blog\/2017\/04\/18\/revista-de-cine-de-la-uartes-ingresa-al-directorio-de-latindex\/#primaryimage"},"thumbnailUrl":"https:\/\/www.uartes.edu.ec\/sitio\/wp-content\/uploads\/2017\/04\/Revista-de-cine-de-la-UArtes-ingresa-al-Directorio-de-Latindex.jpg","articleSection":["Gesti\u00f3n"],"inLanguage":"es"},{"@type":["WebPage","ItemPage"],"@id":"https:\/\/www.uartes.edu.ec\/sitio\/blog\/2017\/04\/18\/revista-de-cine-de-la-uartes-ingresa-al-directorio-de-latindex\/","url":"https:\/\/www.uartes.edu.ec\/sitio\/blog\/2017\/04\/18\/revista-de-cine-de-la-uartes-ingresa-al-directorio-de-latindex\/","name":"Universidad de las Artes - Revista de cine de la UArtes ingresa al Directorio de Latindex","isPartOf":{"@id":"https:\/\/www.uartes.edu.ec\/sitio\/#website"},"primaryImageOfPage":{"@id":"https:\/\/www.uartes.edu.ec\/sitio\/blog\/2017\/04\/18\/revista-de-cine-de-la-uartes-ingresa-al-directorio-de-latindex\/#primaryimage"},"image":{"@id":"https:\/\/www.uartes.edu.ec\/sitio\/blog\/2017\/04\/18\/revista-de-cine-de-la-uartes-ingresa-al-directorio-de-latindex\/#primaryimage"},"thumbnailUrl":"https:\/\/www.uartes.edu.ec\/sitio\/wp-content\/uploads\/2017\/04\/Revista-de-cine-de-la-UArtes-ingresa-al-Directorio-de-Latindex.jpg","datePublished":"2017-04-19T00:36:01+00:00","dateModified":"2024-07-04T16:54:21+00:00","description":"Universidad de las Artes - Revista de cine de la UArtes ingresa al Directorio de Latindex","breadcrumb":{"@id":"https:\/\/www.uartes.edu.ec\/sitio\/blog\/2017\/04\/18\/revista-de-cine-de-la-uartes-ingresa-al-directorio-de-latindex\/#breadcrumb"},"inLanguage":"es","potentialAction":[{"@type":"ReadAction","target":["https:\/\/www.uartes.edu.ec\/sitio\/blog\/2017\/04\/18\/revista-de-cine-de-la-uartes-ingresa-al-directorio-de-latindex\/"]}]},{"@type":"ImageObject","inLanguage":"es","@id":"https:\/\/www.uartes.edu.ec\/sitio\/blog\/2017\/04\/18\/revista-de-cine-de-la-uartes-ingresa-al-directorio-de-latindex\/#primaryimage","url":"https:\/\/www.uartes.edu.ec\/sitio\/wp-content\/uploads\/2017\/04\/Revista-de-cine-de-la-UArtes-ingresa-al-Directorio-de-Latindex.jpg","contentUrl":"https:\/\/www.uartes.edu.ec\/sitio\/wp-content\/uploads\/2017\/04\/Revista-de-cine-de-la-UArtes-ingresa-al-Directorio-de-Latindex.jpg","width":582,"height":270},{"@type":"BreadcrumbList","@id":"https:\/\/www.uartes.edu.ec\/sitio\/blog\/2017\/04\/18\/revista-de-cine-de-la-uartes-ingresa-al-directorio-de-latindex\/#breadcrumb","itemListElement":[{"@type":"ListItem","position":1,"name":"Inicio","item":"https:\/\/www.uartes.edu.ec\/sitio\/"},{"@type":"ListItem","position":2,"name":"Revista de cine de la UArtes ingresa al Directorio de Latindex"}]},{"@type":"WebSite","@id":"https:\/\/www.uartes.edu.ec\/sitio\/#website","url":"https:\/\/www.uartes.edu.ec\/sitio\/","name":"Universidad de las Artes","description":"Sitio oficial de la Universidad Nacional de las Artes del Ecuador","publisher":{"@id":"https:\/\/www.uartes.edu.ec\/sitio\/#organization"},"potentialAction":[{"@type":"SearchAction","target":{"@type":"EntryPoint","urlTemplate":"https:\/\/www.uartes.edu.ec\/sitio\/?s={search_term_string}"},"query-input":{"@type":"PropertyValueSpecification","valueRequired":true,"valueName":"search_term_string"}}],"inLanguage":"es"},{"@type":"Organization","@id":"https:\/\/www.uartes.edu.ec\/sitio\/#organization","name":"Universidad de las Artes","url":"https:\/\/www.uartes.edu.ec\/sitio\/","logo":{"@type":"ImageObject","inLanguage":"es","@id":"https:\/\/www.uartes.edu.ec\/sitio\/#\/schema\/logo\/image\/","url":"https:\/\/www.uartes.edu.ec\/sitio\/wp-content\/uploads\/2022\/07\/logo-ua-horizontal.png","contentUrl":"https:\/\/www.uartes.edu.ec\/sitio\/wp-content\/uploads\/2022\/07\/logo-ua-horizontal.png","width":800,"height":276,"caption":"Universidad de las Artes"},"image":{"@id":"https:\/\/www.uartes.edu.ec\/sitio\/#\/schema\/logo\/image\/"},"sameAs":["https:\/\/www.facebook.com\/uartesec","https:\/\/x.com\/uartesec","https:\/\/www.tiktok.com\/@uartesec"]},{"@type":"Person","@id":"https:\/\/www.uartes.edu.ec\/sitio\/#\/schema\/person\/f33f8c1d2af0d5c80a38c8abf458184a","name":"Universidad de las Artes","image":{"@type":"ImageObject","inLanguage":"es","@id":"https:\/\/secure.gravatar.com\/avatar\/52e4757902f5cfa5ac52d020e5be83cae5487519154b6c35482fe08d589f3c13?s=96&d=mm&r=g","url":"https:\/\/secure.gravatar.com\/avatar\/52e4757902f5cfa5ac52d020e5be83cae5487519154b6c35482fe08d589f3c13?s=96&d=mm&r=g","contentUrl":"https:\/\/secure.gravatar.com\/avatar\/52e4757902f5cfa5ac52d020e5be83cae5487519154b6c35482fe08d589f3c13?s=96&d=mm&r=g","caption":"Universidad de las Artes"},"url":"https:\/\/www.uartes.edu.ec\/sitio\/blog\/author\/dircomadm\/"}]}},"uagb_featured_image_src":{"full":["https:\/\/www.uartes.edu.ec\/sitio\/wp-content\/uploads\/2017\/04\/Revista-de-cine-de-la-UArtes-ingresa-al-Directorio-de-Latindex.jpg",582,270,false],"thumbnail":["https:\/\/www.uartes.edu.ec\/sitio\/wp-content\/uploads\/2017\/04\/Revista-de-cine-de-la-UArtes-ingresa-al-Directorio-de-Latindex-150x150.jpg",150,150,true],"medium":["https:\/\/www.uartes.edu.ec\/sitio\/wp-content\/uploads\/2017\/04\/Revista-de-cine-de-la-UArtes-ingresa-al-Directorio-de-Latindex-300x139.jpg",300,139,true],"medium_large":["https:\/\/www.uartes.edu.ec\/sitio\/wp-content\/uploads\/2017\/04\/Revista-de-cine-de-la-UArtes-ingresa-al-Directorio-de-Latindex.jpg",582,270,false],"large":["https:\/\/www.uartes.edu.ec\/sitio\/wp-content\/uploads\/2017\/04\/Revista-de-cine-de-la-UArtes-ingresa-al-Directorio-de-Latindex.jpg",582,270,false],"1536x1536":["https:\/\/www.uartes.edu.ec\/sitio\/wp-content\/uploads\/2017\/04\/Revista-de-cine-de-la-UArtes-ingresa-al-Directorio-de-Latindex.jpg",582,270,false],"2048x2048":["https:\/\/www.uartes.edu.ec\/sitio\/wp-content\/uploads\/2017\/04\/Revista-de-cine-de-la-UArtes-ingresa-al-Directorio-de-Latindex.jpg",582,270,false],"trp-custom-language-flag":["https:\/\/www.uartes.edu.ec\/sitio\/wp-content\/uploads\/2017\/04\/Revista-de-cine-de-la-UArtes-ingresa-al-Directorio-de-Latindex-18x8.jpg",18,8,true],"htmega_size_585x295":["https:\/\/www.uartes.edu.ec\/sitio\/wp-content\/uploads\/2017\/04\/Revista-de-cine-de-la-UArtes-ingresa-al-Directorio-de-Latindex.jpg",582,270,false],"htmega_size_1170x536":["https:\/\/www.uartes.edu.ec\/sitio\/wp-content\/uploads\/2017\/04\/Revista-de-cine-de-la-UArtes-ingresa-al-Directorio-de-Latindex.jpg",582,270,false],"htmega_size_396x360":["https:\/\/www.uartes.edu.ec\/sitio\/wp-content\/uploads\/2017\/04\/Revista-de-cine-de-la-UArtes-ingresa-al-Directorio-de-Latindex-396x270.jpg",396,270,true],"gb-block-post-grid-landscape":["https:\/\/www.uartes.edu.ec\/sitio\/wp-content\/uploads\/2017\/04\/Revista-de-cine-de-la-UArtes-ingresa-al-Directorio-de-Latindex.jpg",582,270,false],"gb-block-post-grid-square":["https:\/\/www.uartes.edu.ec\/sitio\/wp-content\/uploads\/2017\/04\/Revista-de-cine-de-la-UArtes-ingresa-al-Directorio-de-Latindex.jpg",582,270,false],"university-hub-thumb":["https:\/\/www.uartes.edu.ec\/sitio\/wp-content\/uploads\/2017\/04\/Revista-de-cine-de-la-UArtes-ingresa-al-Directorio-de-Latindex-400x186.jpg",400,186,true]},"uagb_author_info":{"display_name":"Universidad de las Artes","author_link":"https:\/\/www.uartes.edu.ec\/sitio\/blog\/author\/dircomadm\/"},"uagb_comment_info":0,"uagb_excerpt":"Fuera de Campo, revista especializada en cine y editada por \u2018UArtes Ediciones\u2019, fue agregada al Latindex","featured_image_src":"https:\/\/www.uartes.edu.ec\/sitio\/wp-content\/uploads\/2017\/04\/Revista-de-cine-de-la-UArtes-ingresa-al-Directorio-de-Latindex.jpg","featured_image_src_square":"https:\/\/www.uartes.edu.ec\/sitio\/wp-content\/uploads\/2017\/04\/Revista-de-cine-de-la-UArtes-ingresa-al-Directorio-de-Latindex.jpg","author_info":{"display_name":"Universidad de las Artes","author_link":"https:\/\/www.uartes.edu.ec\/sitio\/blog\/author\/dircomadm\/"},"publishpress_future_workflow_manual_trigger":{"enabledWorkflows":[]},"distributor_meta":false,"distributor_terms":false,"distributor_media":false,"distributor_original_site_name":"Universidad de las Artes","distributor_original_site_url":"https:\/\/www.uartes.edu.ec\/sitio","push-errors":false,"_links":{"self":[{"href":"https:\/\/www.uartes.edu.ec\/sitio\/wp-json\/wp\/v2\/posts\/34","targetHints":{"allow":["GET"]}}],"collection":[{"href":"https:\/\/www.uartes.edu.ec\/sitio\/wp-json\/wp\/v2\/posts"}],"about":[{"href":"https:\/\/www.uartes.edu.ec\/sitio\/wp-json\/wp\/v2\/types\/post"}],"author":[{"embeddable":true,"href":"https:\/\/www.uartes.edu.ec\/sitio\/wp-json\/wp\/v2\/users\/1"}],"replies":[{"embeddable":true,"href":"https:\/\/www.uartes.edu.ec\/sitio\/wp-json\/wp\/v2\/comments?post=34"}],"version-history":[{"count":2,"href":"https:\/\/www.uartes.edu.ec\/sitio\/wp-json\/wp\/v2\/posts\/34\/revisions"}],"predecessor-version":[{"id":56459,"href":"https:\/\/www.uartes.edu.ec\/sitio\/wp-json\/wp\/v2\/posts\/34\/revisions\/56459"}],"wp:featuredmedia":[{"embeddable":true,"href":"https:\/\/www.uartes.edu.ec\/sitio\/wp-json\/wp\/v2\/media\/56457"}],"wp:attachment":[{"href":"https:\/\/www.uartes.edu.ec\/sitio\/wp-json\/wp\/v2\/media?parent=34"}],"wp:term":[{"taxonomy":"category","embeddable":true,"href":"https:\/\/www.uartes.edu.ec\/sitio\/wp-json\/wp\/v2\/categories?post=34"},{"taxonomy":"post_tag","embeddable":true,"href":"https:\/\/www.uartes.edu.ec\/sitio\/wp-json\/wp\/v2\/tags?post=34"},{"taxonomy":"infouartes","embeddable":true,"href":"https:\/\/www.uartes.edu.ec\/sitio\/wp-json\/wp\/v2\/infouartes?post=34"}],"curies":[{"name":"wp","href":"https:\/\/api.w.org\/{rel}","templated":true}]}}