{"id":34456,"date":"2022-12-16T17:13:29","date_gmt":"2022-12-16T22:13:29","guid":{"rendered":"http:\/\/www.uartes.edu.ec\/sitio\/?p=34456"},"modified":"2024-07-04T11:22:18","modified_gmt":"2024-07-04T16:22:18","slug":"en-celebracion-por-los-9-anos-de-la-uartes-se-presento-proyecto-cocina-afroecuatoriana-y-patrimonio-cultural","status":"publish","type":"post","link":"https:\/\/www.uartes.edu.ec\/sitio\/blog\/2022\/12\/16\/en-celebracion-por-los-9-anos-de-la-uartes-se-presento-proyecto-cocina-afroecuatoriana-y-patrimonio-cultural\/","title":{"rendered":"\u201cCocina afroecuatoriana y patrimonio cultural\u201d, proyecto presentado en acto por noveno aniversario de la UArtes"},"content":{"rendered":"\n<p>Este 17 de diciembre de 2022 la Universidad de las Artes celebra nueve a\u00f1os de creada. Sucedi\u00f3 en 2013 mediante Registro Oficial Suplemento No. 147, el cual la describe como una instituci\u00f3n de educaci\u00f3n superior de derecho p\u00fablico, sin fines de lucro, con personer\u00eda jur\u00eddica propia, con autonom\u00eda acad\u00e9mica, administrativa, financiera y org\u00e1nica, acorde con los principios establecidos en la Constituci\u00f3n de la Rep\u00fablica y la Ley Org\u00e1nica de Educaci\u00f3n Superior del Ecuador.<\/p>\n\n\n\n<p>Inici\u00f3 sus funciones con el curso de Nivelaci\u00f3n en marzo de 2014 y luego fue estableciendo sus escuelas y carreras: Artes Musicales y Sonoras, Cine y Literatura. Para 2015 contaba tambi\u00e9n con las escuelas de Artes Visuales y de Artes Esc\u00e9nicas.<\/p>\n\n\n\n<p>Actualmente, la UArtes tiene ocho carreras de pregrado: Artes Visuales, Cine, Creaci\u00f3n Teatral Danza, Literatura, Producci\u00f3n Musical y Sonora, Artes Musicales y Sonoras y Pedagog\u00eda en Artes y Humanidades, la cual comparte con la Universidad Nacional de Educaci\u00f3n (UNAE).<\/p>\n\n\n<div class=\"wp-block-image\">\n<figure class=\"aligncenter size-large\"><img fetchpriority=\"high\" decoding=\"async\" width=\"644\" height=\"429\" src=\"http:\/\/www.uartes.edu.ec\/sitio\/wp-content\/uploads\/2022\/12\/02-9no-Aniversario-1-644x429.jpg\" alt=\"\" class=\"wp-image-34458\" srcset=\"https:\/\/www.uartes.edu.ec\/sitio\/wp-content\/uploads\/2022\/12\/02-9no-Aniversario-1-644x429.jpg 644w, https:\/\/www.uartes.edu.ec\/sitio\/wp-content\/uploads\/2022\/12\/02-9no-Aniversario-1-768x511.jpg 768w, https:\/\/www.uartes.edu.ec\/sitio\/wp-content\/uploads\/2022\/12\/02-9no-Aniversario-1.jpg 2000w, https:\/\/www.uartes.edu.ec\/sitio\/wp-content\/uploads\/2022\/12\/02-9no-Aniversario-1-600x399.jpg 600w, https:\/\/www.uartes.edu.ec\/sitio\/wp-content\/uploads\/2022\/12\/02-9no-Aniversario-1-272x182.jpg 272w\" sizes=\"(max-width: 644px) 100vw, 644px\" \/><\/figure>\n<\/div>\n\n\n<p>Y ocho son los programas de la Escuela de Posgrados: Arte y Epistemolog\u00edas Digitales; Artes Esc\u00e9nicas; Escritura Creativa; Cine Documental; Artes Visuales y Nuevos Medios; Composici\u00f3n Musical y Artes Sonoras; Pol\u00edticas Culturales y Gesti\u00f3n de las Artes; y, Fotograf\u00eda y Sociedad en Am\u00e9rica Latina.<\/p>\n\n\n\n<p>Desde su creaci\u00f3n hasta la fecha es visible el crecimiento que ha tenido la Universidad de las Artes. No solo por su oferta acad\u00e9mica, sino por su posicionamiento, por los logros alcanzados, evidenciados estos en los reconocimientos obtenidos por estudiantes y docentes a nivel nacional e internacional; por su articulaci\u00f3n con instituciones de educaci\u00f3n superior y otros entes de la academia y de la cultura; por sus aportes a la investigaci\u00f3n, a los procesos creativos transversales e interdisciplinares.<\/p>\n\n\n\n<p>Para celebrar el noveno aniversario, la UArtes program\u00f3 este viernes 16 de diciembre, desde las 11:00 hasta las 17:00, una actividad en la que se present\u00f3 el Proyecto \u201cCocina afroecuatoriana y patrimonio cultural\u201d, y en el marco de esta propuesta los proyectos de las organizaciones comunitarias aliadas UNTHA, Karibu e Hilarte, con las que se han venido trabajando. Hubo tambi\u00e9n presentaciones de los grupos Maduro y Aguacate, banda musical; Jasvilem Dj y Proyecto-Land of Jora Beats. &nbsp;<\/p>\n\n\n<div class=\"wp-block-image\">\n<figure class=\"aligncenter size-large\"><img decoding=\"async\" width=\"644\" height=\"429\" src=\"http:\/\/www.uartes.edu.ec\/sitio\/wp-content\/uploads\/2022\/12\/05-9no-Aniversario-1-644x429.jpg\" alt=\"\" class=\"wp-image-34459\" srcset=\"https:\/\/www.uartes.edu.ec\/sitio\/wp-content\/uploads\/2022\/12\/05-9no-Aniversario-1-644x429.jpg 644w, https:\/\/www.uartes.edu.ec\/sitio\/wp-content\/uploads\/2022\/12\/05-9no-Aniversario-1-768x511.jpg 768w, https:\/\/www.uartes.edu.ec\/sitio\/wp-content\/uploads\/2022\/12\/05-9no-Aniversario-1.jpg 2000w, https:\/\/www.uartes.edu.ec\/sitio\/wp-content\/uploads\/2022\/12\/05-9no-Aniversario-1-600x399.jpg 600w, https:\/\/www.uartes.edu.ec\/sitio\/wp-content\/uploads\/2022\/12\/05-9no-Aniversario-1-272x182.jpg 272w\" sizes=\"(max-width: 644px) 100vw, 644px\" \/><\/figure>\n<\/div>\n\n\n<p>Los doctores William Herrera, rector; Bradley Hilgert, vicerrector Acad\u00e9mico; y, Olga L\u00f3pez, vicerrectora de Posgrado e Investigaci\u00f3n en Artes, intervinieron en la jornada de celebraci\u00f3n destacando la misi\u00f3n y visi\u00f3n de una universidad especializada en artes \u00fanica en el pa\u00eds y p\u00fablica, que con total dedicaci\u00f3n ha trabajado por brindar una educaci\u00f3n de calidad e impulsar el talento y las capacidades de sus estudiantes, de su comunidad universitaria.<\/p>\n\n\n\n<p>La celebraci\u00f3n por los nueve a\u00f1os de la UArtes concluy\u00f3 con baile y marimba, marimbas y cantoras, poes\u00eda y canto grupal.<\/p>\n\n\n<div class=\"wp-block-image\">\n<figure class=\"aligncenter size-large\"><img decoding=\"async\" width=\"644\" height=\"429\" src=\"http:\/\/www.uartes.edu.ec\/sitio\/wp-content\/uploads\/2022\/12\/03-9no-Aniversario-1-644x429.jpg\" alt=\"\" class=\"wp-image-34460\" srcset=\"https:\/\/www.uartes.edu.ec\/sitio\/wp-content\/uploads\/2022\/12\/03-9no-Aniversario-1-644x429.jpg 644w, https:\/\/www.uartes.edu.ec\/sitio\/wp-content\/uploads\/2022\/12\/03-9no-Aniversario-1-768x511.jpg 768w, https:\/\/www.uartes.edu.ec\/sitio\/wp-content\/uploads\/2022\/12\/03-9no-Aniversario-1.jpg 2000w, https:\/\/www.uartes.edu.ec\/sitio\/wp-content\/uploads\/2022\/12\/03-9no-Aniversario-1-600x399.jpg 600w, https:\/\/www.uartes.edu.ec\/sitio\/wp-content\/uploads\/2022\/12\/03-9no-Aniversario-1-272x182.jpg 272w\" sizes=\"(max-width: 644px) 100vw, 644px\" \/><\/figure>\n<\/div>","protected":false},"excerpt":{"rendered":"<p>Este 17 de diciembre de 2022 la UArtes cumple 9 a\u00f1os de creaci\u00f3n. Autoridades y comunidad universitaria celebraron el aniversario con la presentaci\u00f3n, en el campus centro, del proyecto \u201cCocina afroecuatoriana y patrimonio cultural\u201d, y en el marco de esta propuesta los proyectos de las organizaciones comunitarias UNTHA, Karibu e Hilarte. Hubo baile, marimba, cantoras, poes\u00eda y canto grupal.<\/p>\n","protected":false},"author":10,"featured_media":34457,"comment_status":"open","ping_status":"open","sticky":false,"template":"","format":"standard","meta":{"_acf_changed":false,"_uag_custom_page_level_css":"","_monsterinsights_skip_tracking":false,"_monsterinsights_sitenote_active":false,"_monsterinsights_sitenote_note":"","_monsterinsights_sitenote_category":0,"cybocfi_hide_featured_image":"","footnotes":""},"categories":[712,438,159,150,157,147,75,76,175,79],"tags":[872],"infouartes":[],"class_list":["post-34456","post","type-post","status-publish","format-standard","has-post-thumbnail","hentry","category-1a","category-administrativos","category-artes-escenicas","category-artes-sonoras","category-artes-visuales","category-cine","category-docentes","category-estudiantes","category-literatura","category-vinculo","tag-aniversario"],"acf":[],"yoast_head":"<!-- This site is optimized with the Yoast SEO plugin v27.4 - https:\/\/yoast.com\/product\/yoast-seo-wordpress\/ -->\n<title>Universidad de las Artes - \u201cCocina afroecuatoriana y patrimonio cultural\u201d, proyecto presentado en acto por noveno aniversario de la UArtes<\/title>\n<meta name=\"description\" content=\"Universidad de las Artes - \u201cCocina afroecuatoriana y patrimonio cultural\u201d, proyecto presentado en acto por noveno aniversario de la UArtes\" \/>\n<meta name=\"robots\" content=\"index, follow, max-snippet:-1, max-image-preview:large, max-video-preview:-1\" \/>\n<link rel=\"canonical\" href=\"https:\/\/www.uartes.edu.ec\/sitio\/blog\/2022\/12\/16\/en-celebracion-por-los-9-anos-de-la-uartes-se-presento-proyecto-cocina-afroecuatoriana-y-patrimonio-cultural\/\" \/>\n<meta property=\"og:locale\" content=\"es_ES\" \/>\n<meta property=\"og:type\" content=\"article\" \/>\n<meta property=\"og:title\" content=\"Universidad de las Artes - \u201cCocina afroecuatoriana y patrimonio cultural\u201d, proyecto presentado en acto por noveno aniversario de la UArtes\" \/>\n<meta property=\"og:description\" content=\"Universidad de las Artes - \u201cCocina afroecuatoriana y patrimonio cultural\u201d, proyecto presentado en acto por noveno aniversario de la UArtes\" \/>\n<meta property=\"og:url\" content=\"https:\/\/www.uartes.edu.ec\/sitio\/blog\/2022\/12\/16\/en-celebracion-por-los-9-anos-de-la-uartes-se-presento-proyecto-cocina-afroecuatoriana-y-patrimonio-cultural\/\" \/>\n<meta property=\"og:site_name\" content=\"Universidad de las Artes\" \/>\n<meta property=\"article:publisher\" content=\"https:\/\/www.facebook.com\/uartesec\" \/>\n<meta property=\"article:published_time\" content=\"2022-12-16T22:13:29+00:00\" \/>\n<meta property=\"article:modified_time\" content=\"2024-07-04T16:22:18+00:00\" \/>\n<meta property=\"og:image\" content=\"https:\/\/www.uartes.edu.ec\/sitio\/wp-content\/uploads\/2022\/12\/01-9no-Aniversario-2.jpg\" \/>\n\t<meta property=\"og:image:width\" content=\"2000\" \/>\n\t<meta property=\"og:image:height\" content=\"1333\" \/>\n\t<meta property=\"og:image:type\" content=\"image\/jpeg\" \/>\n<meta name=\"author\" content=\"ccortez\" \/>\n<meta name=\"twitter:card\" content=\"summary_large_image\" \/>\n<meta name=\"twitter:creator\" content=\"@uartesec\" \/>\n<meta name=\"twitter:site\" content=\"@uartesec\" \/>\n<meta name=\"twitter:label1\" content=\"Escrito por\" \/>\n\t<meta name=\"twitter:data1\" content=\"ccortez\" \/>\n\t<meta name=\"twitter:label2\" content=\"Tiempo de lectura\" \/>\n\t<meta name=\"twitter:data2\" content=\"3 minutos\" \/>\n<script type=\"application\/ld+json\" class=\"yoast-schema-graph\">{\"@context\":\"https:\\\/\\\/schema.org\",\"@graph\":[{\"@type\":\"Article\",\"@id\":\"https:\\\/\\\/www.uartes.edu.ec\\\/sitio\\\/blog\\\/2022\\\/12\\\/16\\\/en-celebracion-por-los-9-anos-de-la-uartes-se-presento-proyecto-cocina-afroecuatoriana-y-patrimonio-cultural\\\/#article\",\"isPartOf\":{\"@id\":\"https:\\\/\\\/www.uartes.edu.ec\\\/sitio\\\/blog\\\/2022\\\/12\\\/16\\\/en-celebracion-por-los-9-anos-de-la-uartes-se-presento-proyecto-cocina-afroecuatoriana-y-patrimonio-cultural\\\/\"},\"author\":{\"name\":\"ccortez\",\"@id\":\"https:\\\/\\\/www.uartes.edu.ec\\\/sitio\\\/#\\\/schema\\\/person\\\/efa1b8275797664fd7f13a79ccc0b1f4\"},\"headline\":\"\u201cCocina afroecuatoriana y patrimonio cultural\u201d, proyecto presentado en acto por noveno aniversario de la UArtes\",\"datePublished\":\"2022-12-16T22:13:29+00:00\",\"dateModified\":\"2024-07-04T16:22:18+00:00\",\"mainEntityOfPage\":{\"@id\":\"https:\\\/\\\/www.uartes.edu.ec\\\/sitio\\\/blog\\\/2022\\\/12\\\/16\\\/en-celebracion-por-los-9-anos-de-la-uartes-se-presento-proyecto-cocina-afroecuatoriana-y-patrimonio-cultural\\\/\"},\"wordCount\":493,\"commentCount\":0,\"publisher\":{\"@id\":\"https:\\\/\\\/www.uartes.edu.ec\\\/sitio\\\/#organization\"},\"image\":{\"@id\":\"https:\\\/\\\/www.uartes.edu.ec\\\/sitio\\\/blog\\\/2022\\\/12\\\/16\\\/en-celebracion-por-los-9-anos-de-la-uartes-se-presento-proyecto-cocina-afroecuatoriana-y-patrimonio-cultural\\\/#primaryimage\"},\"thumbnailUrl\":\"https:\\\/\\\/www.uartes.edu.ec\\\/sitio\\\/wp-content\\\/uploads\\\/2022\\\/12\\\/01-9no-Aniversario-2.jpg\",\"keywords\":[\"aniversario\"],\"articleSection\":[\"1A\",\"Administrativos\",\"Artes Esc\u00e9nicas\",\"Artes Sonoras\",\"Artes Visuales\",\"Cine\",\"Docentes\",\"Estudiantes\",\"Literatura\",\"V\u00ednculo\"],\"inLanguage\":\"es\",\"potentialAction\":[{\"@type\":\"CommentAction\",\"name\":\"Comment\",\"target\":[\"https:\\\/\\\/www.uartes.edu.ec\\\/sitio\\\/blog\\\/2022\\\/12\\\/16\\\/en-celebracion-por-los-9-anos-de-la-uartes-se-presento-proyecto-cocina-afroecuatoriana-y-patrimonio-cultural\\\/#respond\"]}]},{\"@type\":[\"WebPage\",\"ItemPage\"],\"@id\":\"https:\\\/\\\/www.uartes.edu.ec\\\/sitio\\\/blog\\\/2022\\\/12\\\/16\\\/en-celebracion-por-los-9-anos-de-la-uartes-se-presento-proyecto-cocina-afroecuatoriana-y-patrimonio-cultural\\\/\",\"url\":\"https:\\\/\\\/www.uartes.edu.ec\\\/sitio\\\/blog\\\/2022\\\/12\\\/16\\\/en-celebracion-por-los-9-anos-de-la-uartes-se-presento-proyecto-cocina-afroecuatoriana-y-patrimonio-cultural\\\/\",\"name\":\"Universidad de las Artes - \u201cCocina afroecuatoriana y patrimonio cultural\u201d, proyecto presentado en acto por noveno aniversario de la UArtes\",\"isPartOf\":{\"@id\":\"https:\\\/\\\/www.uartes.edu.ec\\\/sitio\\\/#website\"},\"primaryImageOfPage\":{\"@id\":\"https:\\\/\\\/www.uartes.edu.ec\\\/sitio\\\/blog\\\/2022\\\/12\\\/16\\\/en-celebracion-por-los-9-anos-de-la-uartes-se-presento-proyecto-cocina-afroecuatoriana-y-patrimonio-cultural\\\/#primaryimage\"},\"image\":{\"@id\":\"https:\\\/\\\/www.uartes.edu.ec\\\/sitio\\\/blog\\\/2022\\\/12\\\/16\\\/en-celebracion-por-los-9-anos-de-la-uartes-se-presento-proyecto-cocina-afroecuatoriana-y-patrimonio-cultural\\\/#primaryimage\"},\"thumbnailUrl\":\"https:\\\/\\\/www.uartes.edu.ec\\\/sitio\\\/wp-content\\\/uploads\\\/2022\\\/12\\\/01-9no-Aniversario-2.jpg\",\"datePublished\":\"2022-12-16T22:13:29+00:00\",\"dateModified\":\"2024-07-04T16:22:18+00:00\",\"description\":\"Universidad de las Artes - \u201cCocina afroecuatoriana y patrimonio cultural\u201d, proyecto presentado en acto por noveno aniversario de la UArtes\",\"breadcrumb\":{\"@id\":\"https:\\\/\\\/www.uartes.edu.ec\\\/sitio\\\/blog\\\/2022\\\/12\\\/16\\\/en-celebracion-por-los-9-anos-de-la-uartes-se-presento-proyecto-cocina-afroecuatoriana-y-patrimonio-cultural\\\/#breadcrumb\"},\"inLanguage\":\"es\",\"potentialAction\":[{\"@type\":\"ReadAction\",\"target\":[\"https:\\\/\\\/www.uartes.edu.ec\\\/sitio\\\/blog\\\/2022\\\/12\\\/16\\\/en-celebracion-por-los-9-anos-de-la-uartes-se-presento-proyecto-cocina-afroecuatoriana-y-patrimonio-cultural\\\/\"]}]},{\"@type\":\"ImageObject\",\"inLanguage\":\"es\",\"@id\":\"https:\\\/\\\/www.uartes.edu.ec\\\/sitio\\\/blog\\\/2022\\\/12\\\/16\\\/en-celebracion-por-los-9-anos-de-la-uartes-se-presento-proyecto-cocina-afroecuatoriana-y-patrimonio-cultural\\\/#primaryimage\",\"url\":\"https:\\\/\\\/www.uartes.edu.ec\\\/sitio\\\/wp-content\\\/uploads\\\/2022\\\/12\\\/01-9no-Aniversario-2.jpg\",\"contentUrl\":\"https:\\\/\\\/www.uartes.edu.ec\\\/sitio\\\/wp-content\\\/uploads\\\/2022\\\/12\\\/01-9no-Aniversario-2.jpg\",\"width\":2000,\"height\":1333},{\"@type\":\"BreadcrumbList\",\"@id\":\"https:\\\/\\\/www.uartes.edu.ec\\\/sitio\\\/blog\\\/2022\\\/12\\\/16\\\/en-celebracion-por-los-9-anos-de-la-uartes-se-presento-proyecto-cocina-afroecuatoriana-y-patrimonio-cultural\\\/#breadcrumb\",\"itemListElement\":[{\"@type\":\"ListItem\",\"position\":1,\"name\":\"Inicio\",\"item\":\"https:\\\/\\\/www.uartes.edu.ec\\\/sitio\\\/\"},{\"@type\":\"ListItem\",\"position\":2,\"name\":\"\u201cCocina afroecuatoriana y patrimonio cultural\u201d, proyecto presentado en acto por noveno aniversario de la UArtes\"}]},{\"@type\":\"WebSite\",\"@id\":\"https:\\\/\\\/www.uartes.edu.ec\\\/sitio\\\/#website\",\"url\":\"https:\\\/\\\/www.uartes.edu.ec\\\/sitio\\\/\",\"name\":\"Universidad de las Artes\",\"description\":\"Sitio oficial de la Universidad Nacional de las Artes del Ecuador\",\"publisher\":{\"@id\":\"https:\\\/\\\/www.uartes.edu.ec\\\/sitio\\\/#organization\"},\"potentialAction\":[{\"@type\":\"SearchAction\",\"target\":{\"@type\":\"EntryPoint\",\"urlTemplate\":\"https:\\\/\\\/www.uartes.edu.ec\\\/sitio\\\/?s={search_term_string}\"},\"query-input\":{\"@type\":\"PropertyValueSpecification\",\"valueRequired\":true,\"valueName\":\"search_term_string\"}}],\"inLanguage\":\"es\"},{\"@type\":\"Organization\",\"@id\":\"https:\\\/\\\/www.uartes.edu.ec\\\/sitio\\\/#organization\",\"name\":\"Universidad de las Artes\",\"url\":\"https:\\\/\\\/www.uartes.edu.ec\\\/sitio\\\/\",\"logo\":{\"@type\":\"ImageObject\",\"inLanguage\":\"es\",\"@id\":\"https:\\\/\\\/www.uartes.edu.ec\\\/sitio\\\/#\\\/schema\\\/logo\\\/image\\\/\",\"url\":\"https:\\\/\\\/www.uartes.edu.ec\\\/sitio\\\/wp-content\\\/uploads\\\/2022\\\/07\\\/logo-ua-horizontal.png\",\"contentUrl\":\"https:\\\/\\\/www.uartes.edu.ec\\\/sitio\\\/wp-content\\\/uploads\\\/2022\\\/07\\\/logo-ua-horizontal.png\",\"width\":800,\"height\":276,\"caption\":\"Universidad de las Artes\"},\"image\":{\"@id\":\"https:\\\/\\\/www.uartes.edu.ec\\\/sitio\\\/#\\\/schema\\\/logo\\\/image\\\/\"},\"sameAs\":[\"https:\\\/\\\/www.facebook.com\\\/uartesec\",\"https:\\\/\\\/x.com\\\/uartesec\",\"https:\\\/\\\/www.tiktok.com\\\/@uartesec\"]},{\"@type\":\"Person\",\"@id\":\"https:\\\/\\\/www.uartes.edu.ec\\\/sitio\\\/#\\\/schema\\\/person\\\/efa1b8275797664fd7f13a79ccc0b1f4\",\"name\":\"ccortez\",\"image\":{\"@type\":\"ImageObject\",\"inLanguage\":\"es\",\"@id\":\"https:\\\/\\\/secure.gravatar.com\\\/avatar\\\/b2a6f664a3ae8e074346ef91775736c5ec479e637ecced6842de9dc98b5da9cd?s=96&d=mm&r=g\",\"url\":\"https:\\\/\\\/secure.gravatar.com\\\/avatar\\\/b2a6f664a3ae8e074346ef91775736c5ec479e637ecced6842de9dc98b5da9cd?s=96&d=mm&r=g\",\"contentUrl\":\"https:\\\/\\\/secure.gravatar.com\\\/avatar\\\/b2a6f664a3ae8e074346ef91775736c5ec479e637ecced6842de9dc98b5da9cd?s=96&d=mm&r=g\",\"caption\":\"ccortez\"},\"url\":\"https:\\\/\\\/www.uartes.edu.ec\\\/sitio\\\/blog\\\/author\\\/ccortez\\\/\"}]}<\/script>\n<!-- \/ Yoast SEO plugin. -->","yoast_head_json":{"title":"Universidad de las Artes - \u201cCocina afroecuatoriana y patrimonio cultural\u201d, proyecto presentado en acto por noveno aniversario de la UArtes","description":"Universidad de las Artes - \u201cCocina afroecuatoriana y patrimonio cultural\u201d, proyecto presentado en acto por noveno aniversario de la UArtes","robots":{"index":"index","follow":"follow","max-snippet":"max-snippet:-1","max-image-preview":"max-image-preview:large","max-video-preview":"max-video-preview:-1"},"canonical":"https:\/\/www.uartes.edu.ec\/sitio\/blog\/2022\/12\/16\/en-celebracion-por-los-9-anos-de-la-uartes-se-presento-proyecto-cocina-afroecuatoriana-y-patrimonio-cultural\/","og_locale":"es_ES","og_type":"article","og_title":"Universidad de las Artes - \u201cCocina afroecuatoriana y patrimonio cultural\u201d, proyecto presentado en acto por noveno aniversario de la UArtes","og_description":"Universidad de las Artes - \u201cCocina afroecuatoriana y patrimonio cultural\u201d, proyecto presentado en acto por noveno aniversario de la UArtes","og_url":"https:\/\/www.uartes.edu.ec\/sitio\/blog\/2022\/12\/16\/en-celebracion-por-los-9-anos-de-la-uartes-se-presento-proyecto-cocina-afroecuatoriana-y-patrimonio-cultural\/","og_site_name":"Universidad de las Artes","article_publisher":"https:\/\/www.facebook.com\/uartesec","article_published_time":"2022-12-16T22:13:29+00:00","article_modified_time":"2024-07-04T16:22:18+00:00","og_image":[{"width":2000,"height":1333,"url":"https:\/\/www.uartes.edu.ec\/sitio\/wp-content\/uploads\/2022\/12\/01-9no-Aniversario-2.jpg","type":"image\/jpeg"}],"author":"ccortez","twitter_card":"summary_large_image","twitter_creator":"@uartesec","twitter_site":"@uartesec","twitter_misc":{"Escrito por":"ccortez","Tiempo de lectura":"3 minutos"},"schema":{"@context":"https:\/\/schema.org","@graph":[{"@type":"Article","@id":"https:\/\/www.uartes.edu.ec\/sitio\/blog\/2022\/12\/16\/en-celebracion-por-los-9-anos-de-la-uartes-se-presento-proyecto-cocina-afroecuatoriana-y-patrimonio-cultural\/#article","isPartOf":{"@id":"https:\/\/www.uartes.edu.ec\/sitio\/blog\/2022\/12\/16\/en-celebracion-por-los-9-anos-de-la-uartes-se-presento-proyecto-cocina-afroecuatoriana-y-patrimonio-cultural\/"},"author":{"name":"ccortez","@id":"https:\/\/www.uartes.edu.ec\/sitio\/#\/schema\/person\/efa1b8275797664fd7f13a79ccc0b1f4"},"headline":"\u201cCocina afroecuatoriana y patrimonio cultural\u201d, proyecto presentado en acto por noveno aniversario de la UArtes","datePublished":"2022-12-16T22:13:29+00:00","dateModified":"2024-07-04T16:22:18+00:00","mainEntityOfPage":{"@id":"https:\/\/www.uartes.edu.ec\/sitio\/blog\/2022\/12\/16\/en-celebracion-por-los-9-anos-de-la-uartes-se-presento-proyecto-cocina-afroecuatoriana-y-patrimonio-cultural\/"},"wordCount":493,"commentCount":0,"publisher":{"@id":"https:\/\/www.uartes.edu.ec\/sitio\/#organization"},"image":{"@id":"https:\/\/www.uartes.edu.ec\/sitio\/blog\/2022\/12\/16\/en-celebracion-por-los-9-anos-de-la-uartes-se-presento-proyecto-cocina-afroecuatoriana-y-patrimonio-cultural\/#primaryimage"},"thumbnailUrl":"https:\/\/www.uartes.edu.ec\/sitio\/wp-content\/uploads\/2022\/12\/01-9no-Aniversario-2.jpg","keywords":["aniversario"],"articleSection":["1A","Administrativos","Artes Esc\u00e9nicas","Artes Sonoras","Artes Visuales","Cine","Docentes","Estudiantes","Literatura","V\u00ednculo"],"inLanguage":"es","potentialAction":[{"@type":"CommentAction","name":"Comment","target":["https:\/\/www.uartes.edu.ec\/sitio\/blog\/2022\/12\/16\/en-celebracion-por-los-9-anos-de-la-uartes-se-presento-proyecto-cocina-afroecuatoriana-y-patrimonio-cultural\/#respond"]}]},{"@type":["WebPage","ItemPage"],"@id":"https:\/\/www.uartes.edu.ec\/sitio\/blog\/2022\/12\/16\/en-celebracion-por-los-9-anos-de-la-uartes-se-presento-proyecto-cocina-afroecuatoriana-y-patrimonio-cultural\/","url":"https:\/\/www.uartes.edu.ec\/sitio\/blog\/2022\/12\/16\/en-celebracion-por-los-9-anos-de-la-uartes-se-presento-proyecto-cocina-afroecuatoriana-y-patrimonio-cultural\/","name":"Universidad de las Artes - \u201cCocina afroecuatoriana y patrimonio cultural\u201d, proyecto presentado en acto por noveno aniversario de la UArtes","isPartOf":{"@id":"https:\/\/www.uartes.edu.ec\/sitio\/#website"},"primaryImageOfPage":{"@id":"https:\/\/www.uartes.edu.ec\/sitio\/blog\/2022\/12\/16\/en-celebracion-por-los-9-anos-de-la-uartes-se-presento-proyecto-cocina-afroecuatoriana-y-patrimonio-cultural\/#primaryimage"},"image":{"@id":"https:\/\/www.uartes.edu.ec\/sitio\/blog\/2022\/12\/16\/en-celebracion-por-los-9-anos-de-la-uartes-se-presento-proyecto-cocina-afroecuatoriana-y-patrimonio-cultural\/#primaryimage"},"thumbnailUrl":"https:\/\/www.uartes.edu.ec\/sitio\/wp-content\/uploads\/2022\/12\/01-9no-Aniversario-2.jpg","datePublished":"2022-12-16T22:13:29+00:00","dateModified":"2024-07-04T16:22:18+00:00","description":"Universidad de las Artes - \u201cCocina afroecuatoriana y patrimonio cultural\u201d, proyecto presentado en acto por noveno aniversario de la UArtes","breadcrumb":{"@id":"https:\/\/www.uartes.edu.ec\/sitio\/blog\/2022\/12\/16\/en-celebracion-por-los-9-anos-de-la-uartes-se-presento-proyecto-cocina-afroecuatoriana-y-patrimonio-cultural\/#breadcrumb"},"inLanguage":"es","potentialAction":[{"@type":"ReadAction","target":["https:\/\/www.uartes.edu.ec\/sitio\/blog\/2022\/12\/16\/en-celebracion-por-los-9-anos-de-la-uartes-se-presento-proyecto-cocina-afroecuatoriana-y-patrimonio-cultural\/"]}]},{"@type":"ImageObject","inLanguage":"es","@id":"https:\/\/www.uartes.edu.ec\/sitio\/blog\/2022\/12\/16\/en-celebracion-por-los-9-anos-de-la-uartes-se-presento-proyecto-cocina-afroecuatoriana-y-patrimonio-cultural\/#primaryimage","url":"https:\/\/www.uartes.edu.ec\/sitio\/wp-content\/uploads\/2022\/12\/01-9no-Aniversario-2.jpg","contentUrl":"https:\/\/www.uartes.edu.ec\/sitio\/wp-content\/uploads\/2022\/12\/01-9no-Aniversario-2.jpg","width":2000,"height":1333},{"@type":"BreadcrumbList","@id":"https:\/\/www.uartes.edu.ec\/sitio\/blog\/2022\/12\/16\/en-celebracion-por-los-9-anos-de-la-uartes-se-presento-proyecto-cocina-afroecuatoriana-y-patrimonio-cultural\/#breadcrumb","itemListElement":[{"@type":"ListItem","position":1,"name":"Inicio","item":"https:\/\/www.uartes.edu.ec\/sitio\/"},{"@type":"ListItem","position":2,"name":"\u201cCocina afroecuatoriana y patrimonio cultural\u201d, proyecto presentado en acto por noveno aniversario de la UArtes"}]},{"@type":"WebSite","@id":"https:\/\/www.uartes.edu.ec\/sitio\/#website","url":"https:\/\/www.uartes.edu.ec\/sitio\/","name":"Universidad de las Artes","description":"Sitio oficial de la Universidad Nacional de las Artes del Ecuador","publisher":{"@id":"https:\/\/www.uartes.edu.ec\/sitio\/#organization"},"potentialAction":[{"@type":"SearchAction","target":{"@type":"EntryPoint","urlTemplate":"https:\/\/www.uartes.edu.ec\/sitio\/?s={search_term_string}"},"query-input":{"@type":"PropertyValueSpecification","valueRequired":true,"valueName":"search_term_string"}}],"inLanguage":"es"},{"@type":"Organization","@id":"https:\/\/www.uartes.edu.ec\/sitio\/#organization","name":"Universidad de las Artes","url":"https:\/\/www.uartes.edu.ec\/sitio\/","logo":{"@type":"ImageObject","inLanguage":"es","@id":"https:\/\/www.uartes.edu.ec\/sitio\/#\/schema\/logo\/image\/","url":"https:\/\/www.uartes.edu.ec\/sitio\/wp-content\/uploads\/2022\/07\/logo-ua-horizontal.png","contentUrl":"https:\/\/www.uartes.edu.ec\/sitio\/wp-content\/uploads\/2022\/07\/logo-ua-horizontal.png","width":800,"height":276,"caption":"Universidad de las Artes"},"image":{"@id":"https:\/\/www.uartes.edu.ec\/sitio\/#\/schema\/logo\/image\/"},"sameAs":["https:\/\/www.facebook.com\/uartesec","https:\/\/x.com\/uartesec","https:\/\/www.tiktok.com\/@uartesec"]},{"@type":"Person","@id":"https:\/\/www.uartes.edu.ec\/sitio\/#\/schema\/person\/efa1b8275797664fd7f13a79ccc0b1f4","name":"ccortez","image":{"@type":"ImageObject","inLanguage":"es","@id":"https:\/\/secure.gravatar.com\/avatar\/b2a6f664a3ae8e074346ef91775736c5ec479e637ecced6842de9dc98b5da9cd?s=96&d=mm&r=g","url":"https:\/\/secure.gravatar.com\/avatar\/b2a6f664a3ae8e074346ef91775736c5ec479e637ecced6842de9dc98b5da9cd?s=96&d=mm&r=g","contentUrl":"https:\/\/secure.gravatar.com\/avatar\/b2a6f664a3ae8e074346ef91775736c5ec479e637ecced6842de9dc98b5da9cd?s=96&d=mm&r=g","caption":"ccortez"},"url":"https:\/\/www.uartes.edu.ec\/sitio\/blog\/author\/ccortez\/"}]}},"uagb_featured_image_src":{"full":["https:\/\/www.uartes.edu.ec\/sitio\/wp-content\/uploads\/2022\/12\/01-9no-Aniversario-2.jpg",2000,1333,false],"thumbnail":["https:\/\/www.uartes.edu.ec\/sitio\/wp-content\/uploads\/2022\/12\/01-9no-Aniversario-2-150x150.jpg",150,150,true],"medium":["https:\/\/www.uartes.edu.ec\/sitio\/wp-content\/uploads\/2022\/12\/01-9no-Aniversario-2-300x200.jpg",300,200,true],"medium_large":["https:\/\/www.uartes.edu.ec\/sitio\/wp-content\/uploads\/2022\/12\/01-9no-Aniversario-2-768x512.jpg",768,512,true],"large":["https:\/\/www.uartes.edu.ec\/sitio\/wp-content\/uploads\/2022\/12\/01-9no-Aniversario-2-644x429.jpg",644,429,true],"1536x1536":["https:\/\/www.uartes.edu.ec\/sitio\/wp-content\/uploads\/2022\/12\/01-9no-Aniversario-2-1536x1024.jpg",1536,1024,true],"2048x2048":["https:\/\/www.uartes.edu.ec\/sitio\/wp-content\/uploads\/2022\/12\/01-9no-Aniversario-2.jpg",2000,1333,false],"trp-custom-language-flag":["https:\/\/www.uartes.edu.ec\/sitio\/wp-content\/uploads\/2022\/12\/01-9no-Aniversario-2.jpg",18,12,false],"htmega_size_585x295":["https:\/\/www.uartes.edu.ec\/sitio\/wp-content\/uploads\/2022\/12\/01-9no-Aniversario-2.jpg",443,295,false],"htmega_size_1170x536":["https:\/\/www.uartes.edu.ec\/sitio\/wp-content\/uploads\/2022\/12\/01-9no-Aniversario-2.jpg",804,536,false],"htmega_size_396x360":["https:\/\/www.uartes.edu.ec\/sitio\/wp-content\/uploads\/2022\/12\/01-9no-Aniversario-2.jpg",396,264,false],"gb-block-post-grid-landscape":["https:\/\/www.uartes.edu.ec\/sitio\/wp-content\/uploads\/2022\/12\/01-9no-Aniversario-2-600x400.jpg",600,400,true],"gb-block-post-grid-square":["https:\/\/www.uartes.edu.ec\/sitio\/wp-content\/uploads\/2022\/12\/01-9no-Aniversario-2-600x600.jpg",600,600,true],"university-hub-thumb":["https:\/\/www.uartes.edu.ec\/sitio\/wp-content\/uploads\/2022\/12\/01-9no-Aniversario-2-400x267.jpg",400,267,true]},"uagb_author_info":{"display_name":"ccortez","author_link":"https:\/\/www.uartes.edu.ec\/sitio\/blog\/author\/ccortez\/"},"uagb_comment_info":0,"uagb_excerpt":"Este 17 de diciembre de 2022 la UArtes cumple 9 a\u00f1os de creaci\u00f3n. Autoridades y comunidad universitaria celebraron el aniversario con la presentaci\u00f3n, en el campus centro, del proyecto \u201cCocina afroecuatoriana y patrimonio cultural\u201d, y en el marco de esta propuesta los proyectos de las organizaciones comunitarias UNTHA, Karibu e Hilarte. Hubo baile, marimba, cantoras,&hellip;","featured_image_src":"https:\/\/www.uartes.edu.ec\/sitio\/wp-content\/uploads\/2022\/12\/01-9no-Aniversario-2-600x400.jpg","featured_image_src_square":"https:\/\/www.uartes.edu.ec\/sitio\/wp-content\/uploads\/2022\/12\/01-9no-Aniversario-2-600x600.jpg","author_info":{"display_name":"ccortez","author_link":"https:\/\/www.uartes.edu.ec\/sitio\/blog\/author\/ccortez\/"},"publishpress_future_workflow_manual_trigger":{"enabledWorkflows":[]},"distributor_meta":false,"distributor_terms":false,"distributor_media":false,"distributor_original_site_name":"Universidad de las Artes","distributor_original_site_url":"https:\/\/www.uartes.edu.ec\/sitio","push-errors":false,"_links":{"self":[{"href":"https:\/\/www.uartes.edu.ec\/sitio\/wp-json\/wp\/v2\/posts\/34456","targetHints":{"allow":["GET"]}}],"collection":[{"href":"https:\/\/www.uartes.edu.ec\/sitio\/wp-json\/wp\/v2\/posts"}],"about":[{"href":"https:\/\/www.uartes.edu.ec\/sitio\/wp-json\/wp\/v2\/types\/post"}],"author":[{"embeddable":true,"href":"https:\/\/www.uartes.edu.ec\/sitio\/wp-json\/wp\/v2\/users\/10"}],"replies":[{"embeddable":true,"href":"https:\/\/www.uartes.edu.ec\/sitio\/wp-json\/wp\/v2\/comments?post=34456"}],"version-history":[{"count":16,"href":"https:\/\/www.uartes.edu.ec\/sitio\/wp-json\/wp\/v2\/posts\/34456\/revisions"}],"predecessor-version":[{"id":56998,"href":"https:\/\/www.uartes.edu.ec\/sitio\/wp-json\/wp\/v2\/posts\/34456\/revisions\/56998"}],"wp:featuredmedia":[{"embeddable":true,"href":"https:\/\/www.uartes.edu.ec\/sitio\/wp-json\/wp\/v2\/media\/34457"}],"wp:attachment":[{"href":"https:\/\/www.uartes.edu.ec\/sitio\/wp-json\/wp\/v2\/media?parent=34456"}],"wp:term":[{"taxonomy":"category","embeddable":true,"href":"https:\/\/www.uartes.edu.ec\/sitio\/wp-json\/wp\/v2\/categories?post=34456"},{"taxonomy":"post_tag","embeddable":true,"href":"https:\/\/www.uartes.edu.ec\/sitio\/wp-json\/wp\/v2\/tags?post=34456"},{"taxonomy":"infouartes","embeddable":true,"href":"https:\/\/www.uartes.edu.ec\/sitio\/wp-json\/wp\/v2\/infouartes?post=34456"}],"curies":[{"name":"wp","href":"https:\/\/api.w.org\/{rel}","templated":true}]}}