{"id":351,"date":"2017-02-07T10:53:12","date_gmt":"2017-02-07T15:53:12","guid":{"rendered":"http:\/\/www.uartes.edu.ec\/infouartes\/?p=351"},"modified":"2024-07-04T11:54:22","modified_gmt":"2024-07-04T16:54:22","slug":"autoridades-recorren-conservatorio-superior-de-musica-de-quito-previo-traspaso-a-la-uartes","status":"publish","type":"post","link":"https:\/\/www.uartes.edu.ec\/sitio\/blog\/2017\/02\/07\/autoridades-recorren-conservatorio-superior-de-musica-de-quito-previo-traspaso-a-la-uartes\/","title":{"rendered":"Autoridades recorren Conservatorio Superior de M\u00fasica de Quito previo traspaso a la UArtes"},"content":{"rendered":"<p><strong>Andr\u00e9s Arauz<\/strong>, Ministro Coordinador de Conocimiento y Talento Humano, <strong>Ren\u00e9 Ram\u00edrez<\/strong>, Secretario de Educaci\u00f3n Superior, Ciencia, Tecnolog\u00eda e Innovaci\u00f3n, y <strong>Ramiro Noriega<\/strong>, Rector de la Universidad de las Artes del Ecuador (UArtes), recorrieron, la ma\u00f1ana de este lunes seis de febrero, las instalaciones del <strong>Conservatorio Superior Nacional de M\u00fasica de Quito<\/strong> previo su incorporaci\u00f3n como sede de la UArtes.<\/p>\n<p>Este proceso se realiza de acuerdo a lo que establece el C\u00f3digo Org\u00e1nico de la Econom\u00eda Social de los Conocimientos, Creatividad e Innovaci\u00f3n o C\u00f3digo Ingenios que, en su disposici\u00f3n transitoria n\u00famero d\u00e9cima novena, establece que: \u201clos Conservatorios Superiores P\u00fablicos de M\u00fasica y Artes ubicados en las ciudades de Quito, Cuenca y Loja pasar\u00e1n a ser sedes de la Universidad de las Artes\u201d.<\/p>\n<p>En la tarde, las autoridades realizaron una rueda de prensa con el fin de comunicar los procedimientos a implementar en el proceso de traspaso seg\u00fan lo dicta el C\u00f3digo Ingenios y la Ley Org\u00e1nica de Cultura.<\/p>\n<p>&#8220;Con la Universidad de las Artes ahora se puede alcanzar una licenciatura e incluso nivel de posgrado&#8221;, indic\u00f3 el Ministro Andr\u00e9s Arauz. Ramiro Noriega, por su parte, destac\u00f3 a este acontecimiento como un gran logro y giro fundamental para el campo de la educaci\u00f3n superior en el pa\u00eds.<\/p>\n<p>Francisco Fierro, Director del Conservatorio Superior de M\u00fasica de Quito, coment\u00f3 que a la fecha hay 210 estudiantes matriculados en el Conservatorio y, se ha previsto, con la nueva licenciatura que se ofertar\u00e1 como nueva sede de la UArtes, haya alrededor de 750 estudiantes en los primeros cinco a\u00f1os distribuidos en las cuatro menciones e itinerarios de la carrera.<\/p>\n<p>El recorrido por las instalaciones del Conservatorio Superior de M\u00fasica de Quito, un edificio de cinco pisos, amoblado y que consta de 16 aulas, es parte de la visita que realizar\u00e1n las autoridades y que continuar\u00e1 este mi\u00e9rcoles por las instalaciones de los Conservatorios Superiores de Cuenca y Loja.<\/p>\n","protected":false},"excerpt":{"rendered":"<p>Andr\u00e9s Arauz, Ministro Coordinador de Conocimiento y Talento Humano, Ren\u00e9 Ram\u00edrez, Secretario de Educaci\u00f3n Superior, Ciencia, Tecnolog\u00eda e Innovaci\u00f3n, y Ramiro Noriega, Rector de la Universidad de las Artes del Ecuador (UArtes), recorrieron, la ma\u00f1ana de este lunes seis de febrero, las instalaciones del Conservatorio Superior Nacional de M\u00fasica de Quito previo su incorporaci\u00f3n como [&hellip;]<\/p>\n","protected":false},"author":1,"featured_media":2580,"comment_status":"closed","ping_status":"open","sticky":false,"template":"","format":"standard","meta":{"_acf_changed":false,"_uag_custom_page_level_css":"","_monsterinsights_skip_tracking":false,"_monsterinsights_sitenote_active":false,"_monsterinsights_sitenote_note":"","_monsterinsights_sitenote_category":0,"cybocfi_hide_featured_image":"","footnotes":""},"categories":[83],"tags":[],"infouartes":[],"class_list":["post-351","post","type-post","status-publish","format-standard","has-post-thumbnail","hentry","category-sedes"],"acf":[],"yoast_head":"<!-- This site is optimized with the Yoast SEO plugin v27.4 - https:\/\/yoast.com\/product\/yoast-seo-wordpress\/ -->\n<title>Universidad de las Artes - Autoridades recorren Conservatorio Superior de M\u00fasica de Quito previo traspaso a la UArtes<\/title>\n<meta name=\"description\" content=\"Universidad de las Artes - Autoridades recorren Conservatorio Superior de M\u00fasica de Quito previo traspaso a la UArtes\" \/>\n<meta name=\"robots\" content=\"index, follow, max-snippet:-1, max-image-preview:large, max-video-preview:-1\" \/>\n<link rel=\"canonical\" href=\"https:\/\/www.uartes.edu.ec\/sitio\/blog\/2017\/02\/07\/autoridades-recorren-conservatorio-superior-de-musica-de-quito-previo-traspaso-a-la-uartes\/\" \/>\n<meta property=\"og:locale\" content=\"es_ES\" \/>\n<meta property=\"og:type\" content=\"article\" \/>\n<meta property=\"og:title\" content=\"Universidad de las Artes - Autoridades recorren Conservatorio Superior de M\u00fasica de Quito previo traspaso a la UArtes\" \/>\n<meta property=\"og:description\" content=\"Universidad de las Artes - Autoridades recorren Conservatorio Superior de M\u00fasica de Quito previo traspaso a la UArtes\" \/>\n<meta property=\"og:url\" content=\"https:\/\/www.uartes.edu.ec\/sitio\/blog\/2017\/02\/07\/autoridades-recorren-conservatorio-superior-de-musica-de-quito-previo-traspaso-a-la-uartes\/\" \/>\n<meta property=\"og:site_name\" content=\"Universidad de las Artes\" \/>\n<meta property=\"article:publisher\" content=\"https:\/\/www.facebook.com\/uartesec\" \/>\n<meta property=\"article:published_time\" content=\"2017-02-07T15:53:12+00:00\" \/>\n<meta property=\"article:modified_time\" content=\"2024-07-04T16:54:22+00:00\" \/>\n<meta property=\"og:image\" content=\"https:\/\/www.uartes.edu.ec\/sitio\/wp-content\/uploads\/2017\/02\/Quito1-1.jpg\" \/>\n\t<meta property=\"og:image:width\" content=\"1211\" \/>\n\t<meta property=\"og:image:height\" content=\"546\" \/>\n\t<meta property=\"og:image:type\" content=\"image\/jpeg\" \/>\n<meta name=\"author\" content=\"Universidad de las Artes\" \/>\n<meta name=\"twitter:card\" content=\"summary_large_image\" \/>\n<meta name=\"twitter:creator\" content=\"@uartesec\" \/>\n<meta name=\"twitter:site\" content=\"@uartesec\" \/>\n<meta name=\"twitter:label1\" content=\"Escrito por\" \/>\n\t<meta name=\"twitter:data1\" content=\"Universidad de las Artes\" \/>\n\t<meta name=\"twitter:label2\" content=\"Tiempo de lectura\" \/>\n\t<meta name=\"twitter:data2\" content=\"2 minutos\" \/>\n<script type=\"application\/ld+json\" class=\"yoast-schema-graph\">{\"@context\":\"https:\\\/\\\/schema.org\",\"@graph\":[{\"@type\":\"Article\",\"@id\":\"https:\\\/\\\/www.uartes.edu.ec\\\/sitio\\\/blog\\\/2017\\\/02\\\/07\\\/autoridades-recorren-conservatorio-superior-de-musica-de-quito-previo-traspaso-a-la-uartes\\\/#article\",\"isPartOf\":{\"@id\":\"https:\\\/\\\/www.uartes.edu.ec\\\/sitio\\\/blog\\\/2017\\\/02\\\/07\\\/autoridades-recorren-conservatorio-superior-de-musica-de-quito-previo-traspaso-a-la-uartes\\\/\"},\"author\":{\"name\":\"Universidad de las Artes\",\"@id\":\"https:\\\/\\\/www.uartes.edu.ec\\\/sitio\\\/#\\\/schema\\\/person\\\/f33f8c1d2af0d5c80a38c8abf458184a\"},\"headline\":\"Autoridades recorren Conservatorio Superior de M\u00fasica de Quito previo traspaso a la UArtes\",\"datePublished\":\"2017-02-07T15:53:12+00:00\",\"dateModified\":\"2024-07-04T16:54:22+00:00\",\"mainEntityOfPage\":{\"@id\":\"https:\\\/\\\/www.uartes.edu.ec\\\/sitio\\\/blog\\\/2017\\\/02\\\/07\\\/autoridades-recorren-conservatorio-superior-de-musica-de-quito-previo-traspaso-a-la-uartes\\\/\"},\"wordCount\":355,\"publisher\":{\"@id\":\"https:\\\/\\\/www.uartes.edu.ec\\\/sitio\\\/#organization\"},\"image\":{\"@id\":\"https:\\\/\\\/www.uartes.edu.ec\\\/sitio\\\/blog\\\/2017\\\/02\\\/07\\\/autoridades-recorren-conservatorio-superior-de-musica-de-quito-previo-traspaso-a-la-uartes\\\/#primaryimage\"},\"thumbnailUrl\":\"https:\\\/\\\/www.uartes.edu.ec\\\/sitio\\\/wp-content\\\/uploads\\\/2017\\\/02\\\/Quito1-1.jpg\",\"articleSection\":[\"Sedes\"],\"inLanguage\":\"es\"},{\"@type\":[\"WebPage\",\"ItemPage\"],\"@id\":\"https:\\\/\\\/www.uartes.edu.ec\\\/sitio\\\/blog\\\/2017\\\/02\\\/07\\\/autoridades-recorren-conservatorio-superior-de-musica-de-quito-previo-traspaso-a-la-uartes\\\/\",\"url\":\"https:\\\/\\\/www.uartes.edu.ec\\\/sitio\\\/blog\\\/2017\\\/02\\\/07\\\/autoridades-recorren-conservatorio-superior-de-musica-de-quito-previo-traspaso-a-la-uartes\\\/\",\"name\":\"Universidad de las Artes - Autoridades recorren Conservatorio Superior de M\u00fasica de Quito previo traspaso a la UArtes\",\"isPartOf\":{\"@id\":\"https:\\\/\\\/www.uartes.edu.ec\\\/sitio\\\/#website\"},\"primaryImageOfPage\":{\"@id\":\"https:\\\/\\\/www.uartes.edu.ec\\\/sitio\\\/blog\\\/2017\\\/02\\\/07\\\/autoridades-recorren-conservatorio-superior-de-musica-de-quito-previo-traspaso-a-la-uartes\\\/#primaryimage\"},\"image\":{\"@id\":\"https:\\\/\\\/www.uartes.edu.ec\\\/sitio\\\/blog\\\/2017\\\/02\\\/07\\\/autoridades-recorren-conservatorio-superior-de-musica-de-quito-previo-traspaso-a-la-uartes\\\/#primaryimage\"},\"thumbnailUrl\":\"https:\\\/\\\/www.uartes.edu.ec\\\/sitio\\\/wp-content\\\/uploads\\\/2017\\\/02\\\/Quito1-1.jpg\",\"datePublished\":\"2017-02-07T15:53:12+00:00\",\"dateModified\":\"2024-07-04T16:54:22+00:00\",\"description\":\"Universidad de las Artes - Autoridades recorren Conservatorio Superior de M\u00fasica de Quito previo traspaso a la UArtes\",\"breadcrumb\":{\"@id\":\"https:\\\/\\\/www.uartes.edu.ec\\\/sitio\\\/blog\\\/2017\\\/02\\\/07\\\/autoridades-recorren-conservatorio-superior-de-musica-de-quito-previo-traspaso-a-la-uartes\\\/#breadcrumb\"},\"inLanguage\":\"es\",\"potentialAction\":[{\"@type\":\"ReadAction\",\"target\":[\"https:\\\/\\\/www.uartes.edu.ec\\\/sitio\\\/blog\\\/2017\\\/02\\\/07\\\/autoridades-recorren-conservatorio-superior-de-musica-de-quito-previo-traspaso-a-la-uartes\\\/\"]}]},{\"@type\":\"ImageObject\",\"inLanguage\":\"es\",\"@id\":\"https:\\\/\\\/www.uartes.edu.ec\\\/sitio\\\/blog\\\/2017\\\/02\\\/07\\\/autoridades-recorren-conservatorio-superior-de-musica-de-quito-previo-traspaso-a-la-uartes\\\/#primaryimage\",\"url\":\"https:\\\/\\\/www.uartes.edu.ec\\\/sitio\\\/wp-content\\\/uploads\\\/2017\\\/02\\\/Quito1-1.jpg\",\"contentUrl\":\"https:\\\/\\\/www.uartes.edu.ec\\\/sitio\\\/wp-content\\\/uploads\\\/2017\\\/02\\\/Quito1-1.jpg\",\"width\":1211,\"height\":546},{\"@type\":\"BreadcrumbList\",\"@id\":\"https:\\\/\\\/www.uartes.edu.ec\\\/sitio\\\/blog\\\/2017\\\/02\\\/07\\\/autoridades-recorren-conservatorio-superior-de-musica-de-quito-previo-traspaso-a-la-uartes\\\/#breadcrumb\",\"itemListElement\":[{\"@type\":\"ListItem\",\"position\":1,\"name\":\"Inicio\",\"item\":\"https:\\\/\\\/www.uartes.edu.ec\\\/sitio\\\/\"},{\"@type\":\"ListItem\",\"position\":2,\"name\":\"Autoridades recorren Conservatorio Superior de M\u00fasica de Quito previo traspaso a la UArtes\"}]},{\"@type\":\"WebSite\",\"@id\":\"https:\\\/\\\/www.uartes.edu.ec\\\/sitio\\\/#website\",\"url\":\"https:\\\/\\\/www.uartes.edu.ec\\\/sitio\\\/\",\"name\":\"Universidad de las Artes\",\"description\":\"Sitio oficial de la Universidad Nacional de las Artes del Ecuador\",\"publisher\":{\"@id\":\"https:\\\/\\\/www.uartes.edu.ec\\\/sitio\\\/#organization\"},\"potentialAction\":[{\"@type\":\"SearchAction\",\"target\":{\"@type\":\"EntryPoint\",\"urlTemplate\":\"https:\\\/\\\/www.uartes.edu.ec\\\/sitio\\\/?s={search_term_string}\"},\"query-input\":{\"@type\":\"PropertyValueSpecification\",\"valueRequired\":true,\"valueName\":\"search_term_string\"}}],\"inLanguage\":\"es\"},{\"@type\":\"Organization\",\"@id\":\"https:\\\/\\\/www.uartes.edu.ec\\\/sitio\\\/#organization\",\"name\":\"Universidad de las Artes\",\"url\":\"https:\\\/\\\/www.uartes.edu.ec\\\/sitio\\\/\",\"logo\":{\"@type\":\"ImageObject\",\"inLanguage\":\"es\",\"@id\":\"https:\\\/\\\/www.uartes.edu.ec\\\/sitio\\\/#\\\/schema\\\/logo\\\/image\\\/\",\"url\":\"https:\\\/\\\/www.uartes.edu.ec\\\/sitio\\\/wp-content\\\/uploads\\\/2022\\\/07\\\/logo-ua-horizontal.png\",\"contentUrl\":\"https:\\\/\\\/www.uartes.edu.ec\\\/sitio\\\/wp-content\\\/uploads\\\/2022\\\/07\\\/logo-ua-horizontal.png\",\"width\":800,\"height\":276,\"caption\":\"Universidad de las Artes\"},\"image\":{\"@id\":\"https:\\\/\\\/www.uartes.edu.ec\\\/sitio\\\/#\\\/schema\\\/logo\\\/image\\\/\"},\"sameAs\":[\"https:\\\/\\\/www.facebook.com\\\/uartesec\",\"https:\\\/\\\/x.com\\\/uartesec\",\"https:\\\/\\\/www.tiktok.com\\\/@uartesec\"]},{\"@type\":\"Person\",\"@id\":\"https:\\\/\\\/www.uartes.edu.ec\\\/sitio\\\/#\\\/schema\\\/person\\\/f33f8c1d2af0d5c80a38c8abf458184a\",\"name\":\"Universidad de las Artes\",\"image\":{\"@type\":\"ImageObject\",\"inLanguage\":\"es\",\"@id\":\"https:\\\/\\\/secure.gravatar.com\\\/avatar\\\/52e4757902f5cfa5ac52d020e5be83cae5487519154b6c35482fe08d589f3c13?s=96&d=mm&r=g\",\"url\":\"https:\\\/\\\/secure.gravatar.com\\\/avatar\\\/52e4757902f5cfa5ac52d020e5be83cae5487519154b6c35482fe08d589f3c13?s=96&d=mm&r=g\",\"contentUrl\":\"https:\\\/\\\/secure.gravatar.com\\\/avatar\\\/52e4757902f5cfa5ac52d020e5be83cae5487519154b6c35482fe08d589f3c13?s=96&d=mm&r=g\",\"caption\":\"Universidad de las Artes\"},\"url\":\"https:\\\/\\\/www.uartes.edu.ec\\\/sitio\\\/blog\\\/author\\\/dircomadm\\\/\"}]}<\/script>\n<!-- \/ Yoast SEO plugin. -->","yoast_head_json":{"title":"Universidad de las Artes - Autoridades recorren Conservatorio Superior de M\u00fasica de Quito previo traspaso a la UArtes","description":"Universidad de las Artes - Autoridades recorren Conservatorio Superior de M\u00fasica de Quito previo traspaso a la UArtes","robots":{"index":"index","follow":"follow","max-snippet":"max-snippet:-1","max-image-preview":"max-image-preview:large","max-video-preview":"max-video-preview:-1"},"canonical":"https:\/\/www.uartes.edu.ec\/sitio\/blog\/2017\/02\/07\/autoridades-recorren-conservatorio-superior-de-musica-de-quito-previo-traspaso-a-la-uartes\/","og_locale":"es_ES","og_type":"article","og_title":"Universidad de las Artes - Autoridades recorren Conservatorio Superior de M\u00fasica de Quito previo traspaso a la UArtes","og_description":"Universidad de las Artes - Autoridades recorren Conservatorio Superior de M\u00fasica de Quito previo traspaso a la UArtes","og_url":"https:\/\/www.uartes.edu.ec\/sitio\/blog\/2017\/02\/07\/autoridades-recorren-conservatorio-superior-de-musica-de-quito-previo-traspaso-a-la-uartes\/","og_site_name":"Universidad de las Artes","article_publisher":"https:\/\/www.facebook.com\/uartesec","article_published_time":"2017-02-07T15:53:12+00:00","article_modified_time":"2024-07-04T16:54:22+00:00","og_image":[{"width":1211,"height":546,"url":"https:\/\/www.uartes.edu.ec\/sitio\/wp-content\/uploads\/2017\/02\/Quito1-1.jpg","type":"image\/jpeg"}],"author":"Universidad de las Artes","twitter_card":"summary_large_image","twitter_creator":"@uartesec","twitter_site":"@uartesec","twitter_misc":{"Escrito por":"Universidad de las Artes","Tiempo de lectura":"2 minutos"},"schema":{"@context":"https:\/\/schema.org","@graph":[{"@type":"Article","@id":"https:\/\/www.uartes.edu.ec\/sitio\/blog\/2017\/02\/07\/autoridades-recorren-conservatorio-superior-de-musica-de-quito-previo-traspaso-a-la-uartes\/#article","isPartOf":{"@id":"https:\/\/www.uartes.edu.ec\/sitio\/blog\/2017\/02\/07\/autoridades-recorren-conservatorio-superior-de-musica-de-quito-previo-traspaso-a-la-uartes\/"},"author":{"name":"Universidad de las Artes","@id":"https:\/\/www.uartes.edu.ec\/sitio\/#\/schema\/person\/f33f8c1d2af0d5c80a38c8abf458184a"},"headline":"Autoridades recorren Conservatorio Superior de M\u00fasica de Quito previo traspaso a la UArtes","datePublished":"2017-02-07T15:53:12+00:00","dateModified":"2024-07-04T16:54:22+00:00","mainEntityOfPage":{"@id":"https:\/\/www.uartes.edu.ec\/sitio\/blog\/2017\/02\/07\/autoridades-recorren-conservatorio-superior-de-musica-de-quito-previo-traspaso-a-la-uartes\/"},"wordCount":355,"publisher":{"@id":"https:\/\/www.uartes.edu.ec\/sitio\/#organization"},"image":{"@id":"https:\/\/www.uartes.edu.ec\/sitio\/blog\/2017\/02\/07\/autoridades-recorren-conservatorio-superior-de-musica-de-quito-previo-traspaso-a-la-uartes\/#primaryimage"},"thumbnailUrl":"https:\/\/www.uartes.edu.ec\/sitio\/wp-content\/uploads\/2017\/02\/Quito1-1.jpg","articleSection":["Sedes"],"inLanguage":"es"},{"@type":["WebPage","ItemPage"],"@id":"https:\/\/www.uartes.edu.ec\/sitio\/blog\/2017\/02\/07\/autoridades-recorren-conservatorio-superior-de-musica-de-quito-previo-traspaso-a-la-uartes\/","url":"https:\/\/www.uartes.edu.ec\/sitio\/blog\/2017\/02\/07\/autoridades-recorren-conservatorio-superior-de-musica-de-quito-previo-traspaso-a-la-uartes\/","name":"Universidad de las Artes - Autoridades recorren Conservatorio Superior de M\u00fasica de Quito previo traspaso a la UArtes","isPartOf":{"@id":"https:\/\/www.uartes.edu.ec\/sitio\/#website"},"primaryImageOfPage":{"@id":"https:\/\/www.uartes.edu.ec\/sitio\/blog\/2017\/02\/07\/autoridades-recorren-conservatorio-superior-de-musica-de-quito-previo-traspaso-a-la-uartes\/#primaryimage"},"image":{"@id":"https:\/\/www.uartes.edu.ec\/sitio\/blog\/2017\/02\/07\/autoridades-recorren-conservatorio-superior-de-musica-de-quito-previo-traspaso-a-la-uartes\/#primaryimage"},"thumbnailUrl":"https:\/\/www.uartes.edu.ec\/sitio\/wp-content\/uploads\/2017\/02\/Quito1-1.jpg","datePublished":"2017-02-07T15:53:12+00:00","dateModified":"2024-07-04T16:54:22+00:00","description":"Universidad de las Artes - Autoridades recorren Conservatorio Superior de M\u00fasica de Quito previo traspaso a la UArtes","breadcrumb":{"@id":"https:\/\/www.uartes.edu.ec\/sitio\/blog\/2017\/02\/07\/autoridades-recorren-conservatorio-superior-de-musica-de-quito-previo-traspaso-a-la-uartes\/#breadcrumb"},"inLanguage":"es","potentialAction":[{"@type":"ReadAction","target":["https:\/\/www.uartes.edu.ec\/sitio\/blog\/2017\/02\/07\/autoridades-recorren-conservatorio-superior-de-musica-de-quito-previo-traspaso-a-la-uartes\/"]}]},{"@type":"ImageObject","inLanguage":"es","@id":"https:\/\/www.uartes.edu.ec\/sitio\/blog\/2017\/02\/07\/autoridades-recorren-conservatorio-superior-de-musica-de-quito-previo-traspaso-a-la-uartes\/#primaryimage","url":"https:\/\/www.uartes.edu.ec\/sitio\/wp-content\/uploads\/2017\/02\/Quito1-1.jpg","contentUrl":"https:\/\/www.uartes.edu.ec\/sitio\/wp-content\/uploads\/2017\/02\/Quito1-1.jpg","width":1211,"height":546},{"@type":"BreadcrumbList","@id":"https:\/\/www.uartes.edu.ec\/sitio\/blog\/2017\/02\/07\/autoridades-recorren-conservatorio-superior-de-musica-de-quito-previo-traspaso-a-la-uartes\/#breadcrumb","itemListElement":[{"@type":"ListItem","position":1,"name":"Inicio","item":"https:\/\/www.uartes.edu.ec\/sitio\/"},{"@type":"ListItem","position":2,"name":"Autoridades recorren Conservatorio Superior de M\u00fasica de Quito previo traspaso a la UArtes"}]},{"@type":"WebSite","@id":"https:\/\/www.uartes.edu.ec\/sitio\/#website","url":"https:\/\/www.uartes.edu.ec\/sitio\/","name":"Universidad de las Artes","description":"Sitio oficial de la Universidad Nacional de las Artes del Ecuador","publisher":{"@id":"https:\/\/www.uartes.edu.ec\/sitio\/#organization"},"potentialAction":[{"@type":"SearchAction","target":{"@type":"EntryPoint","urlTemplate":"https:\/\/www.uartes.edu.ec\/sitio\/?s={search_term_string}"},"query-input":{"@type":"PropertyValueSpecification","valueRequired":true,"valueName":"search_term_string"}}],"inLanguage":"es"},{"@type":"Organization","@id":"https:\/\/www.uartes.edu.ec\/sitio\/#organization","name":"Universidad de las Artes","url":"https:\/\/www.uartes.edu.ec\/sitio\/","logo":{"@type":"ImageObject","inLanguage":"es","@id":"https:\/\/www.uartes.edu.ec\/sitio\/#\/schema\/logo\/image\/","url":"https:\/\/www.uartes.edu.ec\/sitio\/wp-content\/uploads\/2022\/07\/logo-ua-horizontal.png","contentUrl":"https:\/\/www.uartes.edu.ec\/sitio\/wp-content\/uploads\/2022\/07\/logo-ua-horizontal.png","width":800,"height":276,"caption":"Universidad de las Artes"},"image":{"@id":"https:\/\/www.uartes.edu.ec\/sitio\/#\/schema\/logo\/image\/"},"sameAs":["https:\/\/www.facebook.com\/uartesec","https:\/\/x.com\/uartesec","https:\/\/www.tiktok.com\/@uartesec"]},{"@type":"Person","@id":"https:\/\/www.uartes.edu.ec\/sitio\/#\/schema\/person\/f33f8c1d2af0d5c80a38c8abf458184a","name":"Universidad de las Artes","image":{"@type":"ImageObject","inLanguage":"es","@id":"https:\/\/secure.gravatar.com\/avatar\/52e4757902f5cfa5ac52d020e5be83cae5487519154b6c35482fe08d589f3c13?s=96&d=mm&r=g","url":"https:\/\/secure.gravatar.com\/avatar\/52e4757902f5cfa5ac52d020e5be83cae5487519154b6c35482fe08d589f3c13?s=96&d=mm&r=g","contentUrl":"https:\/\/secure.gravatar.com\/avatar\/52e4757902f5cfa5ac52d020e5be83cae5487519154b6c35482fe08d589f3c13?s=96&d=mm&r=g","caption":"Universidad de las Artes"},"url":"https:\/\/www.uartes.edu.ec\/sitio\/blog\/author\/dircomadm\/"}]}},"uagb_featured_image_src":{"full":["https:\/\/www.uartes.edu.ec\/sitio\/wp-content\/uploads\/2017\/02\/Quito1-1.jpg",1211,546,false],"thumbnail":["https:\/\/www.uartes.edu.ec\/sitio\/wp-content\/uploads\/2017\/02\/Quito1-1-150x150.jpg",150,150,true],"medium":["https:\/\/www.uartes.edu.ec\/sitio\/wp-content\/uploads\/2017\/02\/Quito1-1-300x135.jpg",300,135,true],"medium_large":["https:\/\/www.uartes.edu.ec\/sitio\/wp-content\/uploads\/2017\/02\/Quito1-1-768x346.jpg",768,346,true],"large":["https:\/\/www.uartes.edu.ec\/sitio\/wp-content\/uploads\/2017\/02\/Quito1-1-1024x462.jpg",644,291,true],"1536x1536":["https:\/\/www.uartes.edu.ec\/sitio\/wp-content\/uploads\/2017\/02\/Quito1-1.jpg",1211,546,false],"2048x2048":["https:\/\/www.uartes.edu.ec\/sitio\/wp-content\/uploads\/2017\/02\/Quito1-1.jpg",1211,546,false],"trp-custom-language-flag":["https:\/\/www.uartes.edu.ec\/sitio\/wp-content\/uploads\/2017\/02\/Quito1-1.jpg",18,8,false],"htmega_size_585x295":["https:\/\/www.uartes.edu.ec\/sitio\/wp-content\/uploads\/2017\/02\/Quito1-1.jpg",585,264,false],"htmega_size_1170x536":["https:\/\/www.uartes.edu.ec\/sitio\/wp-content\/uploads\/2017\/02\/Quito1-1.jpg",1170,528,false],"htmega_size_396x360":["https:\/\/www.uartes.edu.ec\/sitio\/wp-content\/uploads\/2017\/02\/Quito1-1.jpg",396,179,false],"gb-block-post-grid-landscape":["https:\/\/www.uartes.edu.ec\/sitio\/wp-content\/uploads\/2017\/02\/Quito1-1.jpg",600,271,false],"gb-block-post-grid-square":["https:\/\/www.uartes.edu.ec\/sitio\/wp-content\/uploads\/2017\/02\/Quito1-1.jpg",600,271,false],"university-hub-thumb":["https:\/\/www.uartes.edu.ec\/sitio\/wp-content\/uploads\/2017\/02\/Quito1-1.jpg",400,180,false]},"uagb_author_info":{"display_name":"Universidad de las Artes","author_link":"https:\/\/www.uartes.edu.ec\/sitio\/blog\/author\/dircomadm\/"},"uagb_comment_info":0,"uagb_excerpt":"Andr\u00e9s Arauz, Ministro Coordinador de Conocimiento y Talento Humano, Ren\u00e9 Ram\u00edrez, Secretario de Educaci\u00f3n Superior, Ciencia, Tecnolog\u00eda e Innovaci\u00f3n, y Ramiro Noriega, Rector de la Universidad de las Artes del Ecuador (UArtes), recorrieron, la ma\u00f1ana de este lunes seis de febrero, las instalaciones del Conservatorio Superior Nacional de M\u00fasica de Quito previo su incorporaci\u00f3n como&hellip;","featured_image_src":"https:\/\/www.uartes.edu.ec\/sitio\/wp-content\/uploads\/2017\/02\/Quito1-1.jpg","featured_image_src_square":"https:\/\/www.uartes.edu.ec\/sitio\/wp-content\/uploads\/2017\/02\/Quito1-1.jpg","author_info":{"display_name":"Universidad de las Artes","author_link":"https:\/\/www.uartes.edu.ec\/sitio\/blog\/author\/dircomadm\/"},"publishpress_future_workflow_manual_trigger":{"enabledWorkflows":[]},"distributor_meta":false,"distributor_terms":false,"distributor_media":false,"distributor_original_site_name":"Universidad de las Artes","distributor_original_site_url":"https:\/\/www.uartes.edu.ec\/sitio","push-errors":false,"_links":{"self":[{"href":"https:\/\/www.uartes.edu.ec\/sitio\/wp-json\/wp\/v2\/posts\/351","targetHints":{"allow":["GET"]}}],"collection":[{"href":"https:\/\/www.uartes.edu.ec\/sitio\/wp-json\/wp\/v2\/posts"}],"about":[{"href":"https:\/\/www.uartes.edu.ec\/sitio\/wp-json\/wp\/v2\/types\/post"}],"author":[{"embeddable":true,"href":"https:\/\/www.uartes.edu.ec\/sitio\/wp-json\/wp\/v2\/users\/1"}],"replies":[{"embeddable":true,"href":"https:\/\/www.uartes.edu.ec\/sitio\/wp-json\/wp\/v2\/comments?post=351"}],"version-history":[{"count":1,"href":"https:\/\/www.uartes.edu.ec\/sitio\/wp-json\/wp\/v2\/posts\/351\/revisions"}],"predecessor-version":[{"id":2581,"href":"https:\/\/www.uartes.edu.ec\/sitio\/wp-json\/wp\/v2\/posts\/351\/revisions\/2581"}],"wp:featuredmedia":[{"embeddable":true,"href":"https:\/\/www.uartes.edu.ec\/sitio\/wp-json\/wp\/v2\/media\/2580"}],"wp:attachment":[{"href":"https:\/\/www.uartes.edu.ec\/sitio\/wp-json\/wp\/v2\/media?parent=351"}],"wp:term":[{"taxonomy":"category","embeddable":true,"href":"https:\/\/www.uartes.edu.ec\/sitio\/wp-json\/wp\/v2\/categories?post=351"},{"taxonomy":"post_tag","embeddable":true,"href":"https:\/\/www.uartes.edu.ec\/sitio\/wp-json\/wp\/v2\/tags?post=351"},{"taxonomy":"infouartes","embeddable":true,"href":"https:\/\/www.uartes.edu.ec\/sitio\/wp-json\/wp\/v2\/infouartes?post=351"}],"curies":[{"name":"wp","href":"https:\/\/api.w.org\/{rel}","templated":true}]}}