{"id":36217,"date":"2023-01-12T19:18:09","date_gmt":"2023-01-13T00:18:09","guid":{"rendered":"http:\/\/www.uartes.edu.ec\/sitio\/?p=36217"},"modified":"2024-07-04T11:21:48","modified_gmt":"2024-07-04T16:21:48","slug":"acto-solemne-recital-de-poesia-y-laboratorio-artistico-por-el-cuarto-aniversario-de-la-biblioteca-de-las-artes","status":"publish","type":"post","link":"https:\/\/www.uartes.edu.ec\/sitio\/blog\/2023\/01\/12\/acto-solemne-recital-de-poesia-y-laboratorio-artistico-por-el-cuarto-aniversario-de-la-biblioteca-de-las-artes\/","title":{"rendered":"Acto solemne, recital de poes\u00eda y laboratorio art\u00edstico por los cuatro a\u00f1os de la Biblioteca de las Artes"},"content":{"rendered":"\n<p>El pr\u00f3ximo 16 de enero de 2023&nbsp;se cumplen&nbsp;cuatro a\u00f1os de la inauguraci\u00f3n y apertura al p\u00fablico en general de&nbsp;la Biblioteca de las Artes&nbsp;en el patrimonial edificio donde se encuentra (en las calles Pichincha y Aguirre) y que originalmente fue el Banco de Descuento. El cuarto aniversario del repositorio de la Universidad de las Artes se conmemorar\u00e1 el jueves 19 con un acto solemne, que tendr\u00e1 lugar a las 11:00, en el tercer piso, y con otras dos jornadas celebratorias: un recital de poes\u00eda, el viernes 20, y un laboratorio art\u00edstico para ni\u00f1os, el s\u00e1bado 21.&nbsp;&nbsp;<\/p>\n\n\n\n<p>Para el jueves 19&nbsp;est\u00e1n previstas las intervenciones del rector de la Universidad de las Artes, Dr. William Herrera;&nbsp;de la directora (e) de la Biblioteca de las Artes, Lcda. Soraya Campos; y, de la encargada de la Sala R\u00eda, Mgtr. Ana Mar\u00eda Gonz\u00e1lez.&nbsp;Durante esta jornada se presentar\u00e1 un video de la labor realizada durante el 2022. As\u00ed tambi\u00e9n, la Orquesta Sinf\u00f3nica de Guayaquil ofrecer\u00e1 un selecto repertorio y luego se firmar\u00e1 un convenio de cooperaci\u00f3n entre ambas instituciones. &nbsp;<\/p>\n\n\n\n<p>La Biblioteca de las Artes ha logrado posicionarse no solo por el vasto y especializado material bibliogr\u00e1fico que brinda a la comunidad universitaria y al p\u00fablico en general, sino por generar y dar cabida a numerosas actividades, como conferencias, charlas magistrales, talleres, cursos, exposiciones y muestras; solo en 2022 se registraron 196 de \u00edndole cultural, 25 acad\u00e9micas y 14 institucionales. En uno de sus espacios se encuentra tambi\u00e9n el CEAT, el Centro de Escritura Acad\u00e9mica y Traducci\u00f3n de la UArtes que, con agenda propia, brinda asistencia a los estudiantes.&nbsp;<\/p>\n\n\n<div class=\"wp-block-image\">\n<figure class=\"aligncenter size-large\"><img fetchpriority=\"high\" decoding=\"async\" width=\"644\" height=\"429\" src=\"http:\/\/www.uartes.edu.ec\/sitio\/wp-content\/uploads\/2023\/01\/BIBLIOTECA-DE-LAS-ARTES-1-644x429.jpg\" alt=\"\" class=\"wp-image-36219\" srcset=\"https:\/\/www.uartes.edu.ec\/sitio\/wp-content\/uploads\/2023\/01\/BIBLIOTECA-DE-LAS-ARTES-1-644x429.jpg 644w, https:\/\/www.uartes.edu.ec\/sitio\/wp-content\/uploads\/2023\/01\/BIBLIOTECA-DE-LAS-ARTES-1-768x511.jpg 768w, https:\/\/www.uartes.edu.ec\/sitio\/wp-content\/uploads\/2023\/01\/BIBLIOTECA-DE-LAS-ARTES-1.jpg 2000w, https:\/\/www.uartes.edu.ec\/sitio\/wp-content\/uploads\/2023\/01\/BIBLIOTECA-DE-LAS-ARTES-1-600x399.jpg 600w, https:\/\/www.uartes.edu.ec\/sitio\/wp-content\/uploads\/2023\/01\/BIBLIOTECA-DE-LAS-ARTES-1-272x182.jpg 272w\" sizes=\"(max-width: 644px) 100vw, 644px\" \/><\/figure>\n<\/div>\n\n\n<p>Igualmente, numerosos son los recorridos guiados que desde su inauguraci\u00f3n se cumplen en todos los espacios de la Biblioteca de las Artes, como la Sala R\u00eda y la Galer\u00eda 4ta. Pared. Asimismo, una visita altamente requerida por su gran importancia cultural e hist\u00f3rica es el Archivo de El Tel\u00e9grafo, con 1.500 tomos impresos desde 1886 y 1.4 millones de im\u00e1genes que cuentan la historia del Ecuador en el siglo XX.<\/p>\n\n\n\n<p>Solo para tomar en cuenta, la Sala R\u00eda, concebida como un espacio de creaci\u00f3n y educaci\u00f3n en artes para ni\u00f1as, ni\u00f1os y adolescentes, tuvo el a\u00f1o pasado 120 visitantes y,&nbsp;ni bien&nbsp;iniciadas las actividades del 2023,&nbsp;acogi\u00f3 la semana anterior a un nutrido grupo de estudiantes extranjeros que llegaron al pa\u00eds en un intercambio acad\u00e9mico. &nbsp;<\/p>\n\n\n\n<p>Seg\u00fan su sistema de registro, en 2022 la Biblioteca de las Artes recibi\u00f3 y brind\u00f3 servicio a 48.466 usuarios, 18.232 de ellos en la Sala R\u00eda. De igual manera se cuantifica que el pr\u00e9stamo en sala del material bibliogr\u00e1fico fue de 5.051 y a domicilio de 921; el pr\u00e9stamo del material did\u00e1ctico fue de&nbsp;1.654; y, el&nbsp;pr\u00e9stamo de computadoras fue de 2.506.&nbsp;<\/p>\n\n\n\n<p>En cuanto al n\u00famero de libros con los que cuenta la Biblioteca de las Artes, su total en cat\u00e1logo a la fecha es de 51.000. Haciendo un desglose, vale anotar que en 2022 se recibieron 3.252 publicaciones en calidad de donaciones, correspondientes estas a libros, revistas, cat\u00e1logos y audiovisuales, y cont\u00e1ndose entre los donantes a escritores e historiadores ecuatorianos como Ra\u00fal vallejo, Marcelo B\u00e1ez y Jenny Estrada; a instituciones como el Museo Antropol\u00f3gico y de Arte Contempor\u00e1neo y el Municipio de Guayaquil; y, a docentes, estudiantes y p\u00fablico en general.<\/p>\n","protected":false},"excerpt":{"rendered":"<p>La Biblioteca de las Artes se prepara para celebrar su cuarto aniversario de inauguraci\u00f3n, registrado el 16 de enero de 2019, con un acto solemne en el que participar\u00e1n autoridades de la UArtes e intervendr\u00e1 la Orquesta Sinf\u00f3nica de Guayaquil, con la que se firmar\u00e1 un convenio de cooperaci\u00f3n; un recital de poes\u00eda y un laboratorio art\u00edstico para ni\u00f1os. Estas actividades se cumplir\u00e1n del 19 al 21 del presente mes. <\/p>\n","protected":false},"author":10,"featured_media":36218,"comment_status":"open","ping_status":"open","sticky":false,"template":"","format":"standard","meta":{"_acf_changed":false,"_uag_custom_page_level_css":"","_monsterinsights_skip_tracking":false,"_monsterinsights_sitenote_active":false,"_monsterinsights_sitenote_note":"","_monsterinsights_sitenote_category":0,"cybocfi_hide_featured_image":"","footnotes":""},"categories":[718,80,82,75,77,83,85,79],"tags":[872],"infouartes":[],"class_list":["post-36217","post","type-post","status-publish","format-standard","has-post-thumbnail","hentry","category-2d","category-academico","category-artes","category-docentes","category-gestion","category-sedes","category-servicios","category-vinculo","tag-aniversario"],"acf":[],"yoast_head":"<!-- This site is optimized with the Yoast SEO plugin v27.4 - https:\/\/yoast.com\/product\/yoast-seo-wordpress\/ -->\n<title>Universidad de las Artes - Acto solemne, recital de poes\u00eda y laboratorio art\u00edstico por los cuatro a\u00f1os de la Biblioteca de las Artes<\/title>\n<meta name=\"description\" content=\"Universidad de las Artes - Acto solemne, recital de poes\u00eda y laboratorio art\u00edstico por los cuatro a\u00f1os de la Biblioteca de las Artes\" \/>\n<meta name=\"robots\" content=\"index, follow, max-snippet:-1, max-image-preview:large, max-video-preview:-1\" \/>\n<link rel=\"canonical\" href=\"https:\/\/www.uartes.edu.ec\/sitio\/blog\/2023\/01\/12\/acto-solemne-recital-de-poesia-y-laboratorio-artistico-por-el-cuarto-aniversario-de-la-biblioteca-de-las-artes\/\" \/>\n<meta property=\"og:locale\" content=\"es_ES\" \/>\n<meta property=\"og:type\" content=\"article\" \/>\n<meta property=\"og:title\" content=\"Universidad de las Artes - Acto solemne, recital de poes\u00eda y laboratorio art\u00edstico por los cuatro a\u00f1os de la Biblioteca de las Artes\" \/>\n<meta property=\"og:description\" content=\"Universidad de las Artes - Acto solemne, recital de poes\u00eda y laboratorio art\u00edstico por los cuatro a\u00f1os de la Biblioteca de las Artes\" \/>\n<meta property=\"og:url\" content=\"https:\/\/www.uartes.edu.ec\/sitio\/blog\/2023\/01\/12\/acto-solemne-recital-de-poesia-y-laboratorio-artistico-por-el-cuarto-aniversario-de-la-biblioteca-de-las-artes\/\" \/>\n<meta property=\"og:site_name\" content=\"Universidad de las Artes\" \/>\n<meta property=\"article:publisher\" content=\"https:\/\/www.facebook.com\/uartesec\" \/>\n<meta property=\"article:published_time\" content=\"2023-01-13T00:18:09+00:00\" \/>\n<meta property=\"article:modified_time\" content=\"2024-07-04T16:21:48+00:00\" \/>\n<meta property=\"og:image\" content=\"https:\/\/www.uartes.edu.ec\/sitio\/wp-content\/uploads\/2023\/01\/BIBLIOTECA-DE-LAS-ARTES-PORTADA.jpg\" \/>\n\t<meta property=\"og:image:width\" content=\"2000\" \/>\n\t<meta property=\"og:image:height\" content=\"1333\" \/>\n\t<meta property=\"og:image:type\" content=\"image\/jpeg\" \/>\n<meta name=\"author\" content=\"ccortez\" \/>\n<meta name=\"twitter:card\" content=\"summary_large_image\" \/>\n<meta name=\"twitter:creator\" content=\"@uartesec\" \/>\n<meta name=\"twitter:site\" content=\"@uartesec\" \/>\n<meta name=\"twitter:label1\" content=\"Escrito por\" \/>\n\t<meta name=\"twitter:data1\" content=\"ccortez\" \/>\n\t<meta name=\"twitter:label2\" content=\"Tiempo de lectura\" \/>\n\t<meta name=\"twitter:data2\" content=\"3 minutos\" \/>\n<script type=\"application\/ld+json\" class=\"yoast-schema-graph\">{\"@context\":\"https:\\\/\\\/schema.org\",\"@graph\":[{\"@type\":\"Article\",\"@id\":\"https:\\\/\\\/www.uartes.edu.ec\\\/sitio\\\/blog\\\/2023\\\/01\\\/12\\\/acto-solemne-recital-de-poesia-y-laboratorio-artistico-por-el-cuarto-aniversario-de-la-biblioteca-de-las-artes\\\/#article\",\"isPartOf\":{\"@id\":\"https:\\\/\\\/www.uartes.edu.ec\\\/sitio\\\/blog\\\/2023\\\/01\\\/12\\\/acto-solemne-recital-de-poesia-y-laboratorio-artistico-por-el-cuarto-aniversario-de-la-biblioteca-de-las-artes\\\/\"},\"author\":{\"name\":\"ccortez\",\"@id\":\"https:\\\/\\\/www.uartes.edu.ec\\\/sitio\\\/#\\\/schema\\\/person\\\/efa1b8275797664fd7f13a79ccc0b1f4\"},\"headline\":\"Acto solemne, recital de poes\u00eda y laboratorio art\u00edstico por los cuatro a\u00f1os de la Biblioteca de las Artes\",\"datePublished\":\"2023-01-13T00:18:09+00:00\",\"dateModified\":\"2024-07-04T16:21:48+00:00\",\"mainEntityOfPage\":{\"@id\":\"https:\\\/\\\/www.uartes.edu.ec\\\/sitio\\\/blog\\\/2023\\\/01\\\/12\\\/acto-solemne-recital-de-poesia-y-laboratorio-artistico-por-el-cuarto-aniversario-de-la-biblioteca-de-las-artes\\\/\"},\"wordCount\":610,\"commentCount\":0,\"publisher\":{\"@id\":\"https:\\\/\\\/www.uartes.edu.ec\\\/sitio\\\/#organization\"},\"image\":{\"@id\":\"https:\\\/\\\/www.uartes.edu.ec\\\/sitio\\\/blog\\\/2023\\\/01\\\/12\\\/acto-solemne-recital-de-poesia-y-laboratorio-artistico-por-el-cuarto-aniversario-de-la-biblioteca-de-las-artes\\\/#primaryimage\"},\"thumbnailUrl\":\"https:\\\/\\\/www.uartes.edu.ec\\\/sitio\\\/wp-content\\\/uploads\\\/2023\\\/01\\\/BIBLIOTECA-DE-LAS-ARTES-PORTADA.jpg\",\"keywords\":[\"aniversario\"],\"articleSection\":[\"2D\",\"Acad\u00e9mico\",\"Artes\",\"Docentes\",\"Gesti\u00f3n\",\"Sedes\",\"Servicios\",\"V\u00ednculo\"],\"inLanguage\":\"es\",\"potentialAction\":[{\"@type\":\"CommentAction\",\"name\":\"Comment\",\"target\":[\"https:\\\/\\\/www.uartes.edu.ec\\\/sitio\\\/blog\\\/2023\\\/01\\\/12\\\/acto-solemne-recital-de-poesia-y-laboratorio-artistico-por-el-cuarto-aniversario-de-la-biblioteca-de-las-artes\\\/#respond\"]}]},{\"@type\":[\"WebPage\",\"ItemPage\"],\"@id\":\"https:\\\/\\\/www.uartes.edu.ec\\\/sitio\\\/blog\\\/2023\\\/01\\\/12\\\/acto-solemne-recital-de-poesia-y-laboratorio-artistico-por-el-cuarto-aniversario-de-la-biblioteca-de-las-artes\\\/\",\"url\":\"https:\\\/\\\/www.uartes.edu.ec\\\/sitio\\\/blog\\\/2023\\\/01\\\/12\\\/acto-solemne-recital-de-poesia-y-laboratorio-artistico-por-el-cuarto-aniversario-de-la-biblioteca-de-las-artes\\\/\",\"name\":\"Universidad de las Artes - Acto solemne, recital de poes\u00eda y laboratorio art\u00edstico por los cuatro a\u00f1os de la Biblioteca de las Artes\",\"isPartOf\":{\"@id\":\"https:\\\/\\\/www.uartes.edu.ec\\\/sitio\\\/#website\"},\"primaryImageOfPage\":{\"@id\":\"https:\\\/\\\/www.uartes.edu.ec\\\/sitio\\\/blog\\\/2023\\\/01\\\/12\\\/acto-solemne-recital-de-poesia-y-laboratorio-artistico-por-el-cuarto-aniversario-de-la-biblioteca-de-las-artes\\\/#primaryimage\"},\"image\":{\"@id\":\"https:\\\/\\\/www.uartes.edu.ec\\\/sitio\\\/blog\\\/2023\\\/01\\\/12\\\/acto-solemne-recital-de-poesia-y-laboratorio-artistico-por-el-cuarto-aniversario-de-la-biblioteca-de-las-artes\\\/#primaryimage\"},\"thumbnailUrl\":\"https:\\\/\\\/www.uartes.edu.ec\\\/sitio\\\/wp-content\\\/uploads\\\/2023\\\/01\\\/BIBLIOTECA-DE-LAS-ARTES-PORTADA.jpg\",\"datePublished\":\"2023-01-13T00:18:09+00:00\",\"dateModified\":\"2024-07-04T16:21:48+00:00\",\"description\":\"Universidad de las Artes - Acto solemne, recital de poes\u00eda y laboratorio art\u00edstico por los cuatro a\u00f1os de la Biblioteca de las Artes\",\"breadcrumb\":{\"@id\":\"https:\\\/\\\/www.uartes.edu.ec\\\/sitio\\\/blog\\\/2023\\\/01\\\/12\\\/acto-solemne-recital-de-poesia-y-laboratorio-artistico-por-el-cuarto-aniversario-de-la-biblioteca-de-las-artes\\\/#breadcrumb\"},\"inLanguage\":\"es\",\"potentialAction\":[{\"@type\":\"ReadAction\",\"target\":[\"https:\\\/\\\/www.uartes.edu.ec\\\/sitio\\\/blog\\\/2023\\\/01\\\/12\\\/acto-solemne-recital-de-poesia-y-laboratorio-artistico-por-el-cuarto-aniversario-de-la-biblioteca-de-las-artes\\\/\"]}]},{\"@type\":\"ImageObject\",\"inLanguage\":\"es\",\"@id\":\"https:\\\/\\\/www.uartes.edu.ec\\\/sitio\\\/blog\\\/2023\\\/01\\\/12\\\/acto-solemne-recital-de-poesia-y-laboratorio-artistico-por-el-cuarto-aniversario-de-la-biblioteca-de-las-artes\\\/#primaryimage\",\"url\":\"https:\\\/\\\/www.uartes.edu.ec\\\/sitio\\\/wp-content\\\/uploads\\\/2023\\\/01\\\/BIBLIOTECA-DE-LAS-ARTES-PORTADA.jpg\",\"contentUrl\":\"https:\\\/\\\/www.uartes.edu.ec\\\/sitio\\\/wp-content\\\/uploads\\\/2023\\\/01\\\/BIBLIOTECA-DE-LAS-ARTES-PORTADA.jpg\",\"width\":2000,\"height\":1333},{\"@type\":\"BreadcrumbList\",\"@id\":\"https:\\\/\\\/www.uartes.edu.ec\\\/sitio\\\/blog\\\/2023\\\/01\\\/12\\\/acto-solemne-recital-de-poesia-y-laboratorio-artistico-por-el-cuarto-aniversario-de-la-biblioteca-de-las-artes\\\/#breadcrumb\",\"itemListElement\":[{\"@type\":\"ListItem\",\"position\":1,\"name\":\"Inicio\",\"item\":\"https:\\\/\\\/www.uartes.edu.ec\\\/sitio\\\/\"},{\"@type\":\"ListItem\",\"position\":2,\"name\":\"Acto solemne, recital de poes\u00eda y laboratorio art\u00edstico por los cuatro a\u00f1os de la Biblioteca de las Artes\"}]},{\"@type\":\"WebSite\",\"@id\":\"https:\\\/\\\/www.uartes.edu.ec\\\/sitio\\\/#website\",\"url\":\"https:\\\/\\\/www.uartes.edu.ec\\\/sitio\\\/\",\"name\":\"Universidad de las Artes\",\"description\":\"Sitio oficial de la Universidad Nacional de las Artes del Ecuador\",\"publisher\":{\"@id\":\"https:\\\/\\\/www.uartes.edu.ec\\\/sitio\\\/#organization\"},\"potentialAction\":[{\"@type\":\"SearchAction\",\"target\":{\"@type\":\"EntryPoint\",\"urlTemplate\":\"https:\\\/\\\/www.uartes.edu.ec\\\/sitio\\\/?s={search_term_string}\"},\"query-input\":{\"@type\":\"PropertyValueSpecification\",\"valueRequired\":true,\"valueName\":\"search_term_string\"}}],\"inLanguage\":\"es\"},{\"@type\":\"Organization\",\"@id\":\"https:\\\/\\\/www.uartes.edu.ec\\\/sitio\\\/#organization\",\"name\":\"Universidad de las Artes\",\"url\":\"https:\\\/\\\/www.uartes.edu.ec\\\/sitio\\\/\",\"logo\":{\"@type\":\"ImageObject\",\"inLanguage\":\"es\",\"@id\":\"https:\\\/\\\/www.uartes.edu.ec\\\/sitio\\\/#\\\/schema\\\/logo\\\/image\\\/\",\"url\":\"https:\\\/\\\/www.uartes.edu.ec\\\/sitio\\\/wp-content\\\/uploads\\\/2022\\\/07\\\/logo-ua-horizontal.png\",\"contentUrl\":\"https:\\\/\\\/www.uartes.edu.ec\\\/sitio\\\/wp-content\\\/uploads\\\/2022\\\/07\\\/logo-ua-horizontal.png\",\"width\":800,\"height\":276,\"caption\":\"Universidad de las Artes\"},\"image\":{\"@id\":\"https:\\\/\\\/www.uartes.edu.ec\\\/sitio\\\/#\\\/schema\\\/logo\\\/image\\\/\"},\"sameAs\":[\"https:\\\/\\\/www.facebook.com\\\/uartesec\",\"https:\\\/\\\/x.com\\\/uartesec\",\"https:\\\/\\\/www.tiktok.com\\\/@uartesec\"]},{\"@type\":\"Person\",\"@id\":\"https:\\\/\\\/www.uartes.edu.ec\\\/sitio\\\/#\\\/schema\\\/person\\\/efa1b8275797664fd7f13a79ccc0b1f4\",\"name\":\"ccortez\",\"image\":{\"@type\":\"ImageObject\",\"inLanguage\":\"es\",\"@id\":\"https:\\\/\\\/secure.gravatar.com\\\/avatar\\\/b2a6f664a3ae8e074346ef91775736c5ec479e637ecced6842de9dc98b5da9cd?s=96&d=mm&r=g\",\"url\":\"https:\\\/\\\/secure.gravatar.com\\\/avatar\\\/b2a6f664a3ae8e074346ef91775736c5ec479e637ecced6842de9dc98b5da9cd?s=96&d=mm&r=g\",\"contentUrl\":\"https:\\\/\\\/secure.gravatar.com\\\/avatar\\\/b2a6f664a3ae8e074346ef91775736c5ec479e637ecced6842de9dc98b5da9cd?s=96&d=mm&r=g\",\"caption\":\"ccortez\"},\"url\":\"https:\\\/\\\/www.uartes.edu.ec\\\/sitio\\\/blog\\\/author\\\/ccortez\\\/\"}]}<\/script>\n<!-- \/ Yoast SEO plugin. -->","yoast_head_json":{"title":"Universidad de las Artes - Acto solemne, recital de poes\u00eda y laboratorio art\u00edstico por los cuatro a\u00f1os de la Biblioteca de las Artes","description":"Universidad de las Artes - Acto solemne, recital de poes\u00eda y laboratorio art\u00edstico por los cuatro a\u00f1os de la Biblioteca de las Artes","robots":{"index":"index","follow":"follow","max-snippet":"max-snippet:-1","max-image-preview":"max-image-preview:large","max-video-preview":"max-video-preview:-1"},"canonical":"https:\/\/www.uartes.edu.ec\/sitio\/blog\/2023\/01\/12\/acto-solemne-recital-de-poesia-y-laboratorio-artistico-por-el-cuarto-aniversario-de-la-biblioteca-de-las-artes\/","og_locale":"es_ES","og_type":"article","og_title":"Universidad de las Artes - Acto solemne, recital de poes\u00eda y laboratorio art\u00edstico por los cuatro a\u00f1os de la Biblioteca de las Artes","og_description":"Universidad de las Artes - Acto solemne, recital de poes\u00eda y laboratorio art\u00edstico por los cuatro a\u00f1os de la Biblioteca de las Artes","og_url":"https:\/\/www.uartes.edu.ec\/sitio\/blog\/2023\/01\/12\/acto-solemne-recital-de-poesia-y-laboratorio-artistico-por-el-cuarto-aniversario-de-la-biblioteca-de-las-artes\/","og_site_name":"Universidad de las Artes","article_publisher":"https:\/\/www.facebook.com\/uartesec","article_published_time":"2023-01-13T00:18:09+00:00","article_modified_time":"2024-07-04T16:21:48+00:00","og_image":[{"width":2000,"height":1333,"url":"https:\/\/www.uartes.edu.ec\/sitio\/wp-content\/uploads\/2023\/01\/BIBLIOTECA-DE-LAS-ARTES-PORTADA.jpg","type":"image\/jpeg"}],"author":"ccortez","twitter_card":"summary_large_image","twitter_creator":"@uartesec","twitter_site":"@uartesec","twitter_misc":{"Escrito por":"ccortez","Tiempo de lectura":"3 minutos"},"schema":{"@context":"https:\/\/schema.org","@graph":[{"@type":"Article","@id":"https:\/\/www.uartes.edu.ec\/sitio\/blog\/2023\/01\/12\/acto-solemne-recital-de-poesia-y-laboratorio-artistico-por-el-cuarto-aniversario-de-la-biblioteca-de-las-artes\/#article","isPartOf":{"@id":"https:\/\/www.uartes.edu.ec\/sitio\/blog\/2023\/01\/12\/acto-solemne-recital-de-poesia-y-laboratorio-artistico-por-el-cuarto-aniversario-de-la-biblioteca-de-las-artes\/"},"author":{"name":"ccortez","@id":"https:\/\/www.uartes.edu.ec\/sitio\/#\/schema\/person\/efa1b8275797664fd7f13a79ccc0b1f4"},"headline":"Acto solemne, recital de poes\u00eda y laboratorio art\u00edstico por los cuatro a\u00f1os de la Biblioteca de las Artes","datePublished":"2023-01-13T00:18:09+00:00","dateModified":"2024-07-04T16:21:48+00:00","mainEntityOfPage":{"@id":"https:\/\/www.uartes.edu.ec\/sitio\/blog\/2023\/01\/12\/acto-solemne-recital-de-poesia-y-laboratorio-artistico-por-el-cuarto-aniversario-de-la-biblioteca-de-las-artes\/"},"wordCount":610,"commentCount":0,"publisher":{"@id":"https:\/\/www.uartes.edu.ec\/sitio\/#organization"},"image":{"@id":"https:\/\/www.uartes.edu.ec\/sitio\/blog\/2023\/01\/12\/acto-solemne-recital-de-poesia-y-laboratorio-artistico-por-el-cuarto-aniversario-de-la-biblioteca-de-las-artes\/#primaryimage"},"thumbnailUrl":"https:\/\/www.uartes.edu.ec\/sitio\/wp-content\/uploads\/2023\/01\/BIBLIOTECA-DE-LAS-ARTES-PORTADA.jpg","keywords":["aniversario"],"articleSection":["2D","Acad\u00e9mico","Artes","Docentes","Gesti\u00f3n","Sedes","Servicios","V\u00ednculo"],"inLanguage":"es","potentialAction":[{"@type":"CommentAction","name":"Comment","target":["https:\/\/www.uartes.edu.ec\/sitio\/blog\/2023\/01\/12\/acto-solemne-recital-de-poesia-y-laboratorio-artistico-por-el-cuarto-aniversario-de-la-biblioteca-de-las-artes\/#respond"]}]},{"@type":["WebPage","ItemPage"],"@id":"https:\/\/www.uartes.edu.ec\/sitio\/blog\/2023\/01\/12\/acto-solemne-recital-de-poesia-y-laboratorio-artistico-por-el-cuarto-aniversario-de-la-biblioteca-de-las-artes\/","url":"https:\/\/www.uartes.edu.ec\/sitio\/blog\/2023\/01\/12\/acto-solemne-recital-de-poesia-y-laboratorio-artistico-por-el-cuarto-aniversario-de-la-biblioteca-de-las-artes\/","name":"Universidad de las Artes - Acto solemne, recital de poes\u00eda y laboratorio art\u00edstico por los cuatro a\u00f1os de la Biblioteca de las Artes","isPartOf":{"@id":"https:\/\/www.uartes.edu.ec\/sitio\/#website"},"primaryImageOfPage":{"@id":"https:\/\/www.uartes.edu.ec\/sitio\/blog\/2023\/01\/12\/acto-solemne-recital-de-poesia-y-laboratorio-artistico-por-el-cuarto-aniversario-de-la-biblioteca-de-las-artes\/#primaryimage"},"image":{"@id":"https:\/\/www.uartes.edu.ec\/sitio\/blog\/2023\/01\/12\/acto-solemne-recital-de-poesia-y-laboratorio-artistico-por-el-cuarto-aniversario-de-la-biblioteca-de-las-artes\/#primaryimage"},"thumbnailUrl":"https:\/\/www.uartes.edu.ec\/sitio\/wp-content\/uploads\/2023\/01\/BIBLIOTECA-DE-LAS-ARTES-PORTADA.jpg","datePublished":"2023-01-13T00:18:09+00:00","dateModified":"2024-07-04T16:21:48+00:00","description":"Universidad de las Artes - Acto solemne, recital de poes\u00eda y laboratorio art\u00edstico por los cuatro a\u00f1os de la Biblioteca de las Artes","breadcrumb":{"@id":"https:\/\/www.uartes.edu.ec\/sitio\/blog\/2023\/01\/12\/acto-solemne-recital-de-poesia-y-laboratorio-artistico-por-el-cuarto-aniversario-de-la-biblioteca-de-las-artes\/#breadcrumb"},"inLanguage":"es","potentialAction":[{"@type":"ReadAction","target":["https:\/\/www.uartes.edu.ec\/sitio\/blog\/2023\/01\/12\/acto-solemne-recital-de-poesia-y-laboratorio-artistico-por-el-cuarto-aniversario-de-la-biblioteca-de-las-artes\/"]}]},{"@type":"ImageObject","inLanguage":"es","@id":"https:\/\/www.uartes.edu.ec\/sitio\/blog\/2023\/01\/12\/acto-solemne-recital-de-poesia-y-laboratorio-artistico-por-el-cuarto-aniversario-de-la-biblioteca-de-las-artes\/#primaryimage","url":"https:\/\/www.uartes.edu.ec\/sitio\/wp-content\/uploads\/2023\/01\/BIBLIOTECA-DE-LAS-ARTES-PORTADA.jpg","contentUrl":"https:\/\/www.uartes.edu.ec\/sitio\/wp-content\/uploads\/2023\/01\/BIBLIOTECA-DE-LAS-ARTES-PORTADA.jpg","width":2000,"height":1333},{"@type":"BreadcrumbList","@id":"https:\/\/www.uartes.edu.ec\/sitio\/blog\/2023\/01\/12\/acto-solemne-recital-de-poesia-y-laboratorio-artistico-por-el-cuarto-aniversario-de-la-biblioteca-de-las-artes\/#breadcrumb","itemListElement":[{"@type":"ListItem","position":1,"name":"Inicio","item":"https:\/\/www.uartes.edu.ec\/sitio\/"},{"@type":"ListItem","position":2,"name":"Acto solemne, recital de poes\u00eda y laboratorio art\u00edstico por los cuatro a\u00f1os de la Biblioteca de las Artes"}]},{"@type":"WebSite","@id":"https:\/\/www.uartes.edu.ec\/sitio\/#website","url":"https:\/\/www.uartes.edu.ec\/sitio\/","name":"Universidad de las Artes","description":"Sitio oficial de la Universidad Nacional de las Artes del Ecuador","publisher":{"@id":"https:\/\/www.uartes.edu.ec\/sitio\/#organization"},"potentialAction":[{"@type":"SearchAction","target":{"@type":"EntryPoint","urlTemplate":"https:\/\/www.uartes.edu.ec\/sitio\/?s={search_term_string}"},"query-input":{"@type":"PropertyValueSpecification","valueRequired":true,"valueName":"search_term_string"}}],"inLanguage":"es"},{"@type":"Organization","@id":"https:\/\/www.uartes.edu.ec\/sitio\/#organization","name":"Universidad de las Artes","url":"https:\/\/www.uartes.edu.ec\/sitio\/","logo":{"@type":"ImageObject","inLanguage":"es","@id":"https:\/\/www.uartes.edu.ec\/sitio\/#\/schema\/logo\/image\/","url":"https:\/\/www.uartes.edu.ec\/sitio\/wp-content\/uploads\/2022\/07\/logo-ua-horizontal.png","contentUrl":"https:\/\/www.uartes.edu.ec\/sitio\/wp-content\/uploads\/2022\/07\/logo-ua-horizontal.png","width":800,"height":276,"caption":"Universidad de las Artes"},"image":{"@id":"https:\/\/www.uartes.edu.ec\/sitio\/#\/schema\/logo\/image\/"},"sameAs":["https:\/\/www.facebook.com\/uartesec","https:\/\/x.com\/uartesec","https:\/\/www.tiktok.com\/@uartesec"]},{"@type":"Person","@id":"https:\/\/www.uartes.edu.ec\/sitio\/#\/schema\/person\/efa1b8275797664fd7f13a79ccc0b1f4","name":"ccortez","image":{"@type":"ImageObject","inLanguage":"es","@id":"https:\/\/secure.gravatar.com\/avatar\/b2a6f664a3ae8e074346ef91775736c5ec479e637ecced6842de9dc98b5da9cd?s=96&d=mm&r=g","url":"https:\/\/secure.gravatar.com\/avatar\/b2a6f664a3ae8e074346ef91775736c5ec479e637ecced6842de9dc98b5da9cd?s=96&d=mm&r=g","contentUrl":"https:\/\/secure.gravatar.com\/avatar\/b2a6f664a3ae8e074346ef91775736c5ec479e637ecced6842de9dc98b5da9cd?s=96&d=mm&r=g","caption":"ccortez"},"url":"https:\/\/www.uartes.edu.ec\/sitio\/blog\/author\/ccortez\/"}]}},"uagb_featured_image_src":{"full":["https:\/\/www.uartes.edu.ec\/sitio\/wp-content\/uploads\/2023\/01\/BIBLIOTECA-DE-LAS-ARTES-PORTADA.jpg",2000,1333,false],"thumbnail":["https:\/\/www.uartes.edu.ec\/sitio\/wp-content\/uploads\/2023\/01\/BIBLIOTECA-DE-LAS-ARTES-PORTADA-150x150.jpg",150,150,true],"medium":["https:\/\/www.uartes.edu.ec\/sitio\/wp-content\/uploads\/2023\/01\/BIBLIOTECA-DE-LAS-ARTES-PORTADA-300x200.jpg",300,200,true],"medium_large":["https:\/\/www.uartes.edu.ec\/sitio\/wp-content\/uploads\/2023\/01\/BIBLIOTECA-DE-LAS-ARTES-PORTADA-768x512.jpg",768,512,true],"large":["https:\/\/www.uartes.edu.ec\/sitio\/wp-content\/uploads\/2023\/01\/BIBLIOTECA-DE-LAS-ARTES-PORTADA-644x429.jpg",644,429,true],"1536x1536":["https:\/\/www.uartes.edu.ec\/sitio\/wp-content\/uploads\/2023\/01\/BIBLIOTECA-DE-LAS-ARTES-PORTADA-1536x1024.jpg",1536,1024,true],"2048x2048":["https:\/\/www.uartes.edu.ec\/sitio\/wp-content\/uploads\/2023\/01\/BIBLIOTECA-DE-LAS-ARTES-PORTADA.jpg",2000,1333,false],"trp-custom-language-flag":["https:\/\/www.uartes.edu.ec\/sitio\/wp-content\/uploads\/2023\/01\/BIBLIOTECA-DE-LAS-ARTES-PORTADA.jpg",18,12,false],"htmega_size_585x295":["https:\/\/www.uartes.edu.ec\/sitio\/wp-content\/uploads\/2023\/01\/BIBLIOTECA-DE-LAS-ARTES-PORTADA.jpg",443,295,false],"htmega_size_1170x536":["https:\/\/www.uartes.edu.ec\/sitio\/wp-content\/uploads\/2023\/01\/BIBLIOTECA-DE-LAS-ARTES-PORTADA.jpg",804,536,false],"htmega_size_396x360":["https:\/\/www.uartes.edu.ec\/sitio\/wp-content\/uploads\/2023\/01\/BIBLIOTECA-DE-LAS-ARTES-PORTADA.jpg",396,264,false],"gb-block-post-grid-landscape":["https:\/\/www.uartes.edu.ec\/sitio\/wp-content\/uploads\/2023\/01\/BIBLIOTECA-DE-LAS-ARTES-PORTADA-600x400.jpg",600,400,true],"gb-block-post-grid-square":["https:\/\/www.uartes.edu.ec\/sitio\/wp-content\/uploads\/2023\/01\/BIBLIOTECA-DE-LAS-ARTES-PORTADA-600x600.jpg",600,600,true],"university-hub-thumb":["https:\/\/www.uartes.edu.ec\/sitio\/wp-content\/uploads\/2023\/01\/BIBLIOTECA-DE-LAS-ARTES-PORTADA-400x267.jpg",400,267,true]},"uagb_author_info":{"display_name":"ccortez","author_link":"https:\/\/www.uartes.edu.ec\/sitio\/blog\/author\/ccortez\/"},"uagb_comment_info":0,"uagb_excerpt":"La Biblioteca de las Artes se prepara para celebrar su cuarto aniversario de inauguraci\u00f3n, registrado el 16 de enero de 2019, con un acto solemne en el que participar\u00e1n autoridades de la UArtes e intervendr\u00e1 la Orquesta Sinf\u00f3nica de Guayaquil, con la que se firmar\u00e1 un convenio de cooperaci\u00f3n; un recital de poes\u00eda y un&hellip;","featured_image_src":"https:\/\/www.uartes.edu.ec\/sitio\/wp-content\/uploads\/2023\/01\/BIBLIOTECA-DE-LAS-ARTES-PORTADA-600x400.jpg","featured_image_src_square":"https:\/\/www.uartes.edu.ec\/sitio\/wp-content\/uploads\/2023\/01\/BIBLIOTECA-DE-LAS-ARTES-PORTADA-600x600.jpg","author_info":{"display_name":"ccortez","author_link":"https:\/\/www.uartes.edu.ec\/sitio\/blog\/author\/ccortez\/"},"publishpress_future_workflow_manual_trigger":{"enabledWorkflows":[]},"distributor_meta":false,"distributor_terms":false,"distributor_media":false,"distributor_original_site_name":"Universidad de las Artes","distributor_original_site_url":"https:\/\/www.uartes.edu.ec\/sitio","push-errors":false,"_links":{"self":[{"href":"https:\/\/www.uartes.edu.ec\/sitio\/wp-json\/wp\/v2\/posts\/36217","targetHints":{"allow":["GET"]}}],"collection":[{"href":"https:\/\/www.uartes.edu.ec\/sitio\/wp-json\/wp\/v2\/posts"}],"about":[{"href":"https:\/\/www.uartes.edu.ec\/sitio\/wp-json\/wp\/v2\/types\/post"}],"author":[{"embeddable":true,"href":"https:\/\/www.uartes.edu.ec\/sitio\/wp-json\/wp\/v2\/users\/10"}],"replies":[{"embeddable":true,"href":"https:\/\/www.uartes.edu.ec\/sitio\/wp-json\/wp\/v2\/comments?post=36217"}],"version-history":[{"count":6,"href":"https:\/\/www.uartes.edu.ec\/sitio\/wp-json\/wp\/v2\/posts\/36217\/revisions"}],"predecessor-version":[{"id":36236,"href":"https:\/\/www.uartes.edu.ec\/sitio\/wp-json\/wp\/v2\/posts\/36217\/revisions\/36236"}],"wp:featuredmedia":[{"embeddable":true,"href":"https:\/\/www.uartes.edu.ec\/sitio\/wp-json\/wp\/v2\/media\/36218"}],"wp:attachment":[{"href":"https:\/\/www.uartes.edu.ec\/sitio\/wp-json\/wp\/v2\/media?parent=36217"}],"wp:term":[{"taxonomy":"category","embeddable":true,"href":"https:\/\/www.uartes.edu.ec\/sitio\/wp-json\/wp\/v2\/categories?post=36217"},{"taxonomy":"post_tag","embeddable":true,"href":"https:\/\/www.uartes.edu.ec\/sitio\/wp-json\/wp\/v2\/tags?post=36217"},{"taxonomy":"infouartes","embeddable":true,"href":"https:\/\/www.uartes.edu.ec\/sitio\/wp-json\/wp\/v2\/infouartes?post=36217"}],"curies":[{"name":"wp","href":"https:\/\/api.w.org\/{rel}","templated":true}]}}