{"id":3849,"date":"2019-07-10T18:44:47","date_gmt":"2019-07-10T23:44:47","guid":{"rendered":"http:\/\/www.uartes.edu.ec\/sitio\/?p=3849"},"modified":"2024-07-04T11:51:02","modified_gmt":"2024-07-04T16:51:02","slug":"las-exposiciones-de-guayaquil-archipielago","status":"publish","type":"post","link":"https:\/\/www.uartes.edu.ec\/sitio\/blog\/2019\/07\/10\/las-exposiciones-de-guayaquil-archipielago\/","title":{"rendered":"Las exposiciones de \u201cGuayaquil Archipi\u00e9lago\u201d"},"content":{"rendered":"\n<p>En el marco de \u201cGuayaquil Archipi\u00e9lago\u201d, actividad cultural,\nart\u00edstica y acad\u00e9mica organizada por la Universidad de las Artes como parte del\nproyecto \u201cReal Smart Cities\u201d, en el Museo Antropol\u00f3gico y de Arte Contempor\u00e1neo\n(MAAC) se mantendr\u00e1n expuestas hasta el domingo 14 de julio las muestras: <\/p>\n\n\n\n<p><strong><em>\u201cC\u00f3mo escribir una enfermedad tropical\/C\u00f3mo escribir un manifiesto\u201d<\/em><\/strong>,\nde Critical D\u00edas (Anyely Mar\u00edn Cisneros\/Rebecca Close). Se trata de un proyecto\nde publicaci\u00f3n y performance, que es parte de una investigaci\u00f3n del Archivo\nHist\u00f3rico del Guayas de la fiebre amarilla y los procesos de higienizaci\u00f3n\nimplementados en Guayaquil, a partir de las medidas de prevenci\u00f3n de la peste\n(entre 1880-1919). La publicaci\u00f3n incluye el ensayo \u201cC\u00f3mo escribir una enfermedad\ntropical\/ C\u00f3mo escribir\u201d, un manifiesto que resume la investigaci\u00f3n acerca de\nla construcci\u00f3n e invenci\u00f3n de nociones como \u201ccontagio\u201d y \u201climpieza social\u201d, y\nun texto po\u00e9tico titulado \u201cAgua Agua Agua\u201d, construido por citas de manifiestos\ny poemas feministas y que han respondido a los discursos m\u00e1s patologizantes de\nlas campa\u00f1as de higienizaci\u00f3n a lo largo de los siglos XIX, XX y XXI.<\/p>\n\n\n\n<p><strong><em>\u201cEcuador Sound Map\u2013Archipi\u00e9lago de Guayaquil\u201d,<\/em><\/strong> de Diego\nBenalc\u00e1zar Vega. Una instalaci\u00f3n\/cartograf\u00eda sonora. Este proyecto intenta\nencontrar lazos entre lo humano y la naturaleza, la ciudad y el individuo, la\ncomunidad y el cosmos. Ecuador Sound Map es una plataforma colaborativa de archivo\ndigital interactivo donde reposan grabaciones de paisajes sonoros del Ecuador y\ndonde el usuario podr\u00e1 navegar, seleccionar y escuchar los diferentes paisajes\nsonoros del Archipi\u00e9lago de Guayaquil.<\/p>\n\n\n\n<div class=\"wp-block-image\"><figure class=\"aligncenter\"><img fetchpriority=\"high\" decoding=\"async\" width=\"644\" height=\"429\" src=\"http:\/\/www.uartes.edu.ec\/sitio\/wp-content\/uploads\/2019\/07\/Flaneur-digital-micro-relatos-visuales-urbanos-644x429.jpg\" alt=\"\" class=\"wp-image-3850\" srcset=\"https:\/\/www.uartes.edu.ec\/sitio\/wp-content\/uploads\/2019\/07\/Flaneur-digital-micro-relatos-visuales-urbanos-644x429.jpg 644w, https:\/\/www.uartes.edu.ec\/sitio\/wp-content\/uploads\/2019\/07\/Flaneur-digital-micro-relatos-visuales-urbanos-300x200.jpg 300w, https:\/\/www.uartes.edu.ec\/sitio\/wp-content\/uploads\/2019\/07\/Flaneur-digital-micro-relatos-visuales-urbanos-768x512.jpg 768w, https:\/\/www.uartes.edu.ec\/sitio\/wp-content\/uploads\/2019\/07\/Flaneur-digital-micro-relatos-visuales-urbanos-400x267.jpg 400w, https:\/\/www.uartes.edu.ec\/sitio\/wp-content\/uploads\/2019\/07\/Flaneur-digital-micro-relatos-visuales-urbanos-272x182.jpg 272w, https:\/\/www.uartes.edu.ec\/sitio\/wp-content\/uploads\/2019\/07\/Flaneur-digital-micro-relatos-visuales-urbanos.jpg 1500w\" sizes=\"(max-width: 644px) 100vw, 644px\" \/><\/figure><\/div>\n\n\n\n<p><strong><em>\u201cFl\u00e2neur digital micro relatos visuales urbanos\u201d,<\/em><\/strong> instalaci\u00f3n\/video\nde Jos\u00e9 Fernando Y\u00e9pez L\u00f3pez. Cinco sectores de Guayaquil son recorridos por un\n\u201crealizador\u2013fl\u00e2neur\u201d en una deriva algor\u00edtmica para capturar materiales audiovisuales:\nIm\u00e1genes fijas y en movimiento (planos de corta duraci\u00f3n) y sonidos de aquello\nque espont\u00e1neamente llama su atenci\u00f3n, liberado hasta donde le sea posible de\nideas preconcebidas. El posterior ejercicio de montaje consistir\u00e1 en descubrir\nlos hallazgos que el material encierra y construir micro relatos audiovisuales\ninspirados en la t\u00e9cnica de la escritura del Haiku japon\u00e9s.<\/p>\n\n\n\n<p><strong><em>\u201cCosmogon\u00eda montuvia\u201d,<\/em><\/strong> instalaci\u00f3n de Janina Su\u00e1rez, Pedro\nMujica, Siomara Espa\u00f1a y Solange Rodr\u00edguez. La noci\u00f3n de archipi\u00e9lago se\nconecta con la idea de identidades de la cultura montuvia, de aquellas po\u00e9ticas\nque subyacen espont\u00e1neamente para cortejos amorosos. La propuesta toma en consideraci\u00f3n\nlos modos de vida y cosmovisi\u00f3n campesina del Litoral, que suelen ser expuestos\nen la ciudad desde una forma grotesca, simplista, que tiende a ridiculizar.\n&#8220;El velorio con verso&#8221; es un espacio antropol\u00f3gico donde se reactiva\nuna conciencia de pr\u00e1cticas comunitarias y rurales, aparentemente desplazadas\ndel imaginario citadino y con frecuencia incompatibles con una conciencia de\ndial\u00e9ctica de progreso. La tradici\u00f3n oral de estas culturas deviene un legado y\nun puente para comunicarse con caracter\u00edsticas de aquel archipi\u00e9lago<\/p>\n\n\n\n<p><strong><em>\u201cLa gran familia\/code arcade\u201d,<\/em><\/strong> instalaci\u00f3n perform\u00e1tica doble de Gusanos telem\u00e1ticos (Roc\u00edo Soria D\u00edaz\/Pedro Gonz\u00e1lez). La Gran Familia (Rupert Von Mandrake) es una instalaci\u00f3n telem\u00e1tica circular viva (on-line), que cuestiona los sistemas de vigilancia y su compleja relaci\u00f3n con la humanidad. Propone la puesta en escena de un sistema de entretenimiento y distracci\u00f3n que pone de manifiesto las t\u00e1cticas de las estructuras del control social, medi\u00e1tico y publicitario.<br> Moviliza las mismas herramientas de control del espacio p\u00fablico y de vigilancia utilizadas en las ciudades para establecer un clima de m\u00e1xima seguridad, y que las convierten un espacio fortificado. Code Arcade 1.0 (Erre Cuatro) es un dispositivo creado a partir de la deconstrucci\u00f3n de autorretratos y patrones del Cementerio Municipal pasados por alambiques telem\u00e1ticos gr\u00e1ficos-sonoros que son codificados con processing para crear un teclado personalizado. Cada tecla es un patr\u00f3n o sonido que permite al visitante activo ser parte de la gr\u00e1fica colectiva donde pinta y grafica con c\u00f3digos desactivando la hibernaci\u00f3n del dispositivo visualiz\u00e1ndolo en la pantalla y proyectando el resultado en otro espacio.<\/p>\n","protected":false},"excerpt":{"rendered":"<p>En el marco de \u201cGuayaquil Archipi\u00e9lago\u201d, actividad cultural, art\u00edstica y acad\u00e9mica organizada por la Universidad de las Artes como parte del proyecto \u201cReal Smart Cities\u201d, en el Museo Antropol\u00f3gico y de Arte Contempor\u00e1neo (MAAC) se mantendr\u00e1n expuestas hasta el domingo 14 de julio las muestras: \u201cC\u00f3mo escribir una enfermedad tropical\/C\u00f3mo escribir un manifiesto\u201d, de Critical [&hellip;]<\/p>\n","protected":false},"author":1,"featured_media":3851,"comment_status":"closed","ping_status":"closed","sticky":false,"template":"","format":"standard","meta":{"_acf_changed":false,"_uag_custom_page_level_css":"","_monsterinsights_skip_tracking":false,"_monsterinsights_sitenote_active":false,"_monsterinsights_sitenote_note":"","_monsterinsights_sitenote_category":0,"cybocfi_hide_featured_image":"","footnotes":""},"categories":[80,76],"tags":[126],"infouartes":[],"class_list":["post-3849","post","type-post","status-publish","format-standard","has-post-thumbnail","hentry","category-academico","category-estudiantes","tag-guayaquil-archipielago"],"acf":[],"yoast_head":"<!-- This site is optimized with the Yoast SEO plugin v27.4 - https:\/\/yoast.com\/product\/yoast-seo-wordpress\/ -->\n<title>Universidad de las Artes - Las exposiciones de \u201cGuayaquil Archipi\u00e9lago\u201d<\/title>\n<meta name=\"description\" content=\"Universidad de las Artes - Las exposiciones de \u201cGuayaquil Archipi\u00e9lago\u201d\" \/>\n<meta name=\"robots\" content=\"index, follow, max-snippet:-1, max-image-preview:large, max-video-preview:-1\" \/>\n<link rel=\"canonical\" href=\"https:\/\/www.uartes.edu.ec\/sitio\/blog\/2019\/07\/10\/las-exposiciones-de-guayaquil-archipielago\/\" \/>\n<meta property=\"og:locale\" content=\"es_ES\" \/>\n<meta property=\"og:type\" content=\"article\" \/>\n<meta property=\"og:title\" content=\"Universidad de las Artes - Las exposiciones de \u201cGuayaquil Archipi\u00e9lago\u201d\" \/>\n<meta property=\"og:description\" content=\"Universidad de las Artes - Las exposiciones de \u201cGuayaquil Archipi\u00e9lago\u201d\" \/>\n<meta property=\"og:url\" content=\"https:\/\/www.uartes.edu.ec\/sitio\/blog\/2019\/07\/10\/las-exposiciones-de-guayaquil-archipielago\/\" \/>\n<meta property=\"og:site_name\" content=\"Universidad de las Artes\" \/>\n<meta property=\"article:publisher\" content=\"https:\/\/www.facebook.com\/uartesec\" \/>\n<meta property=\"article:published_time\" content=\"2019-07-10T23:44:47+00:00\" \/>\n<meta property=\"article:modified_time\" content=\"2024-07-04T16:51:02+00:00\" \/>\n<meta property=\"og:image\" content=\"https:\/\/www.uartes.edu.ec\/sitio\/wp-content\/uploads\/2019\/07\/Cosmogonia-montuvia.jpg\" \/>\n\t<meta property=\"og:image:width\" content=\"1500\" \/>\n\t<meta property=\"og:image:height\" content=\"1000\" \/>\n\t<meta property=\"og:image:type\" content=\"image\/jpeg\" \/>\n<meta name=\"author\" content=\"Universidad de las Artes\" \/>\n<meta name=\"twitter:card\" content=\"summary_large_image\" \/>\n<meta name=\"twitter:creator\" content=\"@uartesec\" \/>\n<meta name=\"twitter:site\" content=\"@uartesec\" \/>\n<meta name=\"twitter:label1\" content=\"Escrito por\" \/>\n\t<meta name=\"twitter:data1\" content=\"Universidad de las Artes\" \/>\n\t<meta name=\"twitter:label2\" content=\"Tiempo de lectura\" \/>\n\t<meta name=\"twitter:data2\" content=\"4 minutos\" \/>\n<script type=\"application\/ld+json\" class=\"yoast-schema-graph\">{\"@context\":\"https:\\\/\\\/schema.org\",\"@graph\":[{\"@type\":\"Article\",\"@id\":\"https:\\\/\\\/www.uartes.edu.ec\\\/sitio\\\/blog\\\/2019\\\/07\\\/10\\\/las-exposiciones-de-guayaquil-archipielago\\\/#article\",\"isPartOf\":{\"@id\":\"https:\\\/\\\/www.uartes.edu.ec\\\/sitio\\\/blog\\\/2019\\\/07\\\/10\\\/las-exposiciones-de-guayaquil-archipielago\\\/\"},\"author\":{\"name\":\"Universidad de las Artes\",\"@id\":\"https:\\\/\\\/www.uartes.edu.ec\\\/sitio\\\/#\\\/schema\\\/person\\\/f33f8c1d2af0d5c80a38c8abf458184a\"},\"headline\":\"Las exposiciones de \u201cGuayaquil Archipi\u00e9lago\u201d\",\"datePublished\":\"2019-07-10T23:44:47+00:00\",\"dateModified\":\"2024-07-04T16:51:02+00:00\",\"mainEntityOfPage\":{\"@id\":\"https:\\\/\\\/www.uartes.edu.ec\\\/sitio\\\/blog\\\/2019\\\/07\\\/10\\\/las-exposiciones-de-guayaquil-archipielago\\\/\"},\"wordCount\":715,\"publisher\":{\"@id\":\"https:\\\/\\\/www.uartes.edu.ec\\\/sitio\\\/#organization\"},\"image\":{\"@id\":\"https:\\\/\\\/www.uartes.edu.ec\\\/sitio\\\/blog\\\/2019\\\/07\\\/10\\\/las-exposiciones-de-guayaquil-archipielago\\\/#primaryimage\"},\"thumbnailUrl\":\"https:\\\/\\\/www.uartes.edu.ec\\\/sitio\\\/wp-content\\\/uploads\\\/2019\\\/07\\\/Cosmogonia-montuvia.jpg\",\"keywords\":[\"guayaquil archipi\u00e9lago\"],\"articleSection\":[\"Acad\u00e9mico\",\"Estudiantes\"],\"inLanguage\":\"es\"},{\"@type\":[\"WebPage\",\"ItemPage\"],\"@id\":\"https:\\\/\\\/www.uartes.edu.ec\\\/sitio\\\/blog\\\/2019\\\/07\\\/10\\\/las-exposiciones-de-guayaquil-archipielago\\\/\",\"url\":\"https:\\\/\\\/www.uartes.edu.ec\\\/sitio\\\/blog\\\/2019\\\/07\\\/10\\\/las-exposiciones-de-guayaquil-archipielago\\\/\",\"name\":\"Universidad de las Artes - Las exposiciones de \u201cGuayaquil Archipi\u00e9lago\u201d\",\"isPartOf\":{\"@id\":\"https:\\\/\\\/www.uartes.edu.ec\\\/sitio\\\/#website\"},\"primaryImageOfPage\":{\"@id\":\"https:\\\/\\\/www.uartes.edu.ec\\\/sitio\\\/blog\\\/2019\\\/07\\\/10\\\/las-exposiciones-de-guayaquil-archipielago\\\/#primaryimage\"},\"image\":{\"@id\":\"https:\\\/\\\/www.uartes.edu.ec\\\/sitio\\\/blog\\\/2019\\\/07\\\/10\\\/las-exposiciones-de-guayaquil-archipielago\\\/#primaryimage\"},\"thumbnailUrl\":\"https:\\\/\\\/www.uartes.edu.ec\\\/sitio\\\/wp-content\\\/uploads\\\/2019\\\/07\\\/Cosmogonia-montuvia.jpg\",\"datePublished\":\"2019-07-10T23:44:47+00:00\",\"dateModified\":\"2024-07-04T16:51:02+00:00\",\"description\":\"Universidad de las Artes - Las exposiciones de \u201cGuayaquil Archipi\u00e9lago\u201d\",\"breadcrumb\":{\"@id\":\"https:\\\/\\\/www.uartes.edu.ec\\\/sitio\\\/blog\\\/2019\\\/07\\\/10\\\/las-exposiciones-de-guayaquil-archipielago\\\/#breadcrumb\"},\"inLanguage\":\"es\",\"potentialAction\":[{\"@type\":\"ReadAction\",\"target\":[\"https:\\\/\\\/www.uartes.edu.ec\\\/sitio\\\/blog\\\/2019\\\/07\\\/10\\\/las-exposiciones-de-guayaquil-archipielago\\\/\"]}]},{\"@type\":\"ImageObject\",\"inLanguage\":\"es\",\"@id\":\"https:\\\/\\\/www.uartes.edu.ec\\\/sitio\\\/blog\\\/2019\\\/07\\\/10\\\/las-exposiciones-de-guayaquil-archipielago\\\/#primaryimage\",\"url\":\"https:\\\/\\\/www.uartes.edu.ec\\\/sitio\\\/wp-content\\\/uploads\\\/2019\\\/07\\\/Cosmogonia-montuvia.jpg\",\"contentUrl\":\"https:\\\/\\\/www.uartes.edu.ec\\\/sitio\\\/wp-content\\\/uploads\\\/2019\\\/07\\\/Cosmogonia-montuvia.jpg\",\"width\":1500,\"height\":1000},{\"@type\":\"BreadcrumbList\",\"@id\":\"https:\\\/\\\/www.uartes.edu.ec\\\/sitio\\\/blog\\\/2019\\\/07\\\/10\\\/las-exposiciones-de-guayaquil-archipielago\\\/#breadcrumb\",\"itemListElement\":[{\"@type\":\"ListItem\",\"position\":1,\"name\":\"Inicio\",\"item\":\"https:\\\/\\\/www.uartes.edu.ec\\\/sitio\\\/\"},{\"@type\":\"ListItem\",\"position\":2,\"name\":\"Las exposiciones de \u201cGuayaquil Archipi\u00e9lago\u201d\"}]},{\"@type\":\"WebSite\",\"@id\":\"https:\\\/\\\/www.uartes.edu.ec\\\/sitio\\\/#website\",\"url\":\"https:\\\/\\\/www.uartes.edu.ec\\\/sitio\\\/\",\"name\":\"Universidad de las Artes\",\"description\":\"Sitio oficial de la Universidad Nacional de las Artes del Ecuador\",\"publisher\":{\"@id\":\"https:\\\/\\\/www.uartes.edu.ec\\\/sitio\\\/#organization\"},\"potentialAction\":[{\"@type\":\"SearchAction\",\"target\":{\"@type\":\"EntryPoint\",\"urlTemplate\":\"https:\\\/\\\/www.uartes.edu.ec\\\/sitio\\\/?s={search_term_string}\"},\"query-input\":{\"@type\":\"PropertyValueSpecification\",\"valueRequired\":true,\"valueName\":\"search_term_string\"}}],\"inLanguage\":\"es\"},{\"@type\":\"Organization\",\"@id\":\"https:\\\/\\\/www.uartes.edu.ec\\\/sitio\\\/#organization\",\"name\":\"Universidad de las Artes\",\"url\":\"https:\\\/\\\/www.uartes.edu.ec\\\/sitio\\\/\",\"logo\":{\"@type\":\"ImageObject\",\"inLanguage\":\"es\",\"@id\":\"https:\\\/\\\/www.uartes.edu.ec\\\/sitio\\\/#\\\/schema\\\/logo\\\/image\\\/\",\"url\":\"https:\\\/\\\/www.uartes.edu.ec\\\/sitio\\\/wp-content\\\/uploads\\\/2022\\\/07\\\/logo-ua-horizontal.png\",\"contentUrl\":\"https:\\\/\\\/www.uartes.edu.ec\\\/sitio\\\/wp-content\\\/uploads\\\/2022\\\/07\\\/logo-ua-horizontal.png\",\"width\":800,\"height\":276,\"caption\":\"Universidad de las Artes\"},\"image\":{\"@id\":\"https:\\\/\\\/www.uartes.edu.ec\\\/sitio\\\/#\\\/schema\\\/logo\\\/image\\\/\"},\"sameAs\":[\"https:\\\/\\\/www.facebook.com\\\/uartesec\",\"https:\\\/\\\/x.com\\\/uartesec\",\"https:\\\/\\\/www.tiktok.com\\\/@uartesec\"]},{\"@type\":\"Person\",\"@id\":\"https:\\\/\\\/www.uartes.edu.ec\\\/sitio\\\/#\\\/schema\\\/person\\\/f33f8c1d2af0d5c80a38c8abf458184a\",\"name\":\"Universidad de las Artes\",\"image\":{\"@type\":\"ImageObject\",\"inLanguage\":\"es\",\"@id\":\"https:\\\/\\\/secure.gravatar.com\\\/avatar\\\/52e4757902f5cfa5ac52d020e5be83cae5487519154b6c35482fe08d589f3c13?s=96&d=mm&r=g\",\"url\":\"https:\\\/\\\/secure.gravatar.com\\\/avatar\\\/52e4757902f5cfa5ac52d020e5be83cae5487519154b6c35482fe08d589f3c13?s=96&d=mm&r=g\",\"contentUrl\":\"https:\\\/\\\/secure.gravatar.com\\\/avatar\\\/52e4757902f5cfa5ac52d020e5be83cae5487519154b6c35482fe08d589f3c13?s=96&d=mm&r=g\",\"caption\":\"Universidad de las Artes\"},\"url\":\"https:\\\/\\\/www.uartes.edu.ec\\\/sitio\\\/blog\\\/author\\\/dircomadm\\\/\"}]}<\/script>\n<!-- \/ Yoast SEO plugin. -->","yoast_head_json":{"title":"Universidad de las Artes - Las exposiciones de \u201cGuayaquil Archipi\u00e9lago\u201d","description":"Universidad de las Artes - Las exposiciones de \u201cGuayaquil Archipi\u00e9lago\u201d","robots":{"index":"index","follow":"follow","max-snippet":"max-snippet:-1","max-image-preview":"max-image-preview:large","max-video-preview":"max-video-preview:-1"},"canonical":"https:\/\/www.uartes.edu.ec\/sitio\/blog\/2019\/07\/10\/las-exposiciones-de-guayaquil-archipielago\/","og_locale":"es_ES","og_type":"article","og_title":"Universidad de las Artes - Las exposiciones de \u201cGuayaquil Archipi\u00e9lago\u201d","og_description":"Universidad de las Artes - Las exposiciones de \u201cGuayaquil Archipi\u00e9lago\u201d","og_url":"https:\/\/www.uartes.edu.ec\/sitio\/blog\/2019\/07\/10\/las-exposiciones-de-guayaquil-archipielago\/","og_site_name":"Universidad de las Artes","article_publisher":"https:\/\/www.facebook.com\/uartesec","article_published_time":"2019-07-10T23:44:47+00:00","article_modified_time":"2024-07-04T16:51:02+00:00","og_image":[{"width":1500,"height":1000,"url":"https:\/\/www.uartes.edu.ec\/sitio\/wp-content\/uploads\/2019\/07\/Cosmogonia-montuvia.jpg","type":"image\/jpeg"}],"author":"Universidad de las Artes","twitter_card":"summary_large_image","twitter_creator":"@uartesec","twitter_site":"@uartesec","twitter_misc":{"Escrito por":"Universidad de las Artes","Tiempo de lectura":"4 minutos"},"schema":{"@context":"https:\/\/schema.org","@graph":[{"@type":"Article","@id":"https:\/\/www.uartes.edu.ec\/sitio\/blog\/2019\/07\/10\/las-exposiciones-de-guayaquil-archipielago\/#article","isPartOf":{"@id":"https:\/\/www.uartes.edu.ec\/sitio\/blog\/2019\/07\/10\/las-exposiciones-de-guayaquil-archipielago\/"},"author":{"name":"Universidad de las Artes","@id":"https:\/\/www.uartes.edu.ec\/sitio\/#\/schema\/person\/f33f8c1d2af0d5c80a38c8abf458184a"},"headline":"Las exposiciones de \u201cGuayaquil Archipi\u00e9lago\u201d","datePublished":"2019-07-10T23:44:47+00:00","dateModified":"2024-07-04T16:51:02+00:00","mainEntityOfPage":{"@id":"https:\/\/www.uartes.edu.ec\/sitio\/blog\/2019\/07\/10\/las-exposiciones-de-guayaquil-archipielago\/"},"wordCount":715,"publisher":{"@id":"https:\/\/www.uartes.edu.ec\/sitio\/#organization"},"image":{"@id":"https:\/\/www.uartes.edu.ec\/sitio\/blog\/2019\/07\/10\/las-exposiciones-de-guayaquil-archipielago\/#primaryimage"},"thumbnailUrl":"https:\/\/www.uartes.edu.ec\/sitio\/wp-content\/uploads\/2019\/07\/Cosmogonia-montuvia.jpg","keywords":["guayaquil archipi\u00e9lago"],"articleSection":["Acad\u00e9mico","Estudiantes"],"inLanguage":"es"},{"@type":["WebPage","ItemPage"],"@id":"https:\/\/www.uartes.edu.ec\/sitio\/blog\/2019\/07\/10\/las-exposiciones-de-guayaquil-archipielago\/","url":"https:\/\/www.uartes.edu.ec\/sitio\/blog\/2019\/07\/10\/las-exposiciones-de-guayaquil-archipielago\/","name":"Universidad de las Artes - Las exposiciones de \u201cGuayaquil Archipi\u00e9lago\u201d","isPartOf":{"@id":"https:\/\/www.uartes.edu.ec\/sitio\/#website"},"primaryImageOfPage":{"@id":"https:\/\/www.uartes.edu.ec\/sitio\/blog\/2019\/07\/10\/las-exposiciones-de-guayaquil-archipielago\/#primaryimage"},"image":{"@id":"https:\/\/www.uartes.edu.ec\/sitio\/blog\/2019\/07\/10\/las-exposiciones-de-guayaquil-archipielago\/#primaryimage"},"thumbnailUrl":"https:\/\/www.uartes.edu.ec\/sitio\/wp-content\/uploads\/2019\/07\/Cosmogonia-montuvia.jpg","datePublished":"2019-07-10T23:44:47+00:00","dateModified":"2024-07-04T16:51:02+00:00","description":"Universidad de las Artes - Las exposiciones de \u201cGuayaquil Archipi\u00e9lago\u201d","breadcrumb":{"@id":"https:\/\/www.uartes.edu.ec\/sitio\/blog\/2019\/07\/10\/las-exposiciones-de-guayaquil-archipielago\/#breadcrumb"},"inLanguage":"es","potentialAction":[{"@type":"ReadAction","target":["https:\/\/www.uartes.edu.ec\/sitio\/blog\/2019\/07\/10\/las-exposiciones-de-guayaquil-archipielago\/"]}]},{"@type":"ImageObject","inLanguage":"es","@id":"https:\/\/www.uartes.edu.ec\/sitio\/blog\/2019\/07\/10\/las-exposiciones-de-guayaquil-archipielago\/#primaryimage","url":"https:\/\/www.uartes.edu.ec\/sitio\/wp-content\/uploads\/2019\/07\/Cosmogonia-montuvia.jpg","contentUrl":"https:\/\/www.uartes.edu.ec\/sitio\/wp-content\/uploads\/2019\/07\/Cosmogonia-montuvia.jpg","width":1500,"height":1000},{"@type":"BreadcrumbList","@id":"https:\/\/www.uartes.edu.ec\/sitio\/blog\/2019\/07\/10\/las-exposiciones-de-guayaquil-archipielago\/#breadcrumb","itemListElement":[{"@type":"ListItem","position":1,"name":"Inicio","item":"https:\/\/www.uartes.edu.ec\/sitio\/"},{"@type":"ListItem","position":2,"name":"Las exposiciones de \u201cGuayaquil Archipi\u00e9lago\u201d"}]},{"@type":"WebSite","@id":"https:\/\/www.uartes.edu.ec\/sitio\/#website","url":"https:\/\/www.uartes.edu.ec\/sitio\/","name":"Universidad de las Artes","description":"Sitio oficial de la Universidad Nacional de las Artes del Ecuador","publisher":{"@id":"https:\/\/www.uartes.edu.ec\/sitio\/#organization"},"potentialAction":[{"@type":"SearchAction","target":{"@type":"EntryPoint","urlTemplate":"https:\/\/www.uartes.edu.ec\/sitio\/?s={search_term_string}"},"query-input":{"@type":"PropertyValueSpecification","valueRequired":true,"valueName":"search_term_string"}}],"inLanguage":"es"},{"@type":"Organization","@id":"https:\/\/www.uartes.edu.ec\/sitio\/#organization","name":"Universidad de las Artes","url":"https:\/\/www.uartes.edu.ec\/sitio\/","logo":{"@type":"ImageObject","inLanguage":"es","@id":"https:\/\/www.uartes.edu.ec\/sitio\/#\/schema\/logo\/image\/","url":"https:\/\/www.uartes.edu.ec\/sitio\/wp-content\/uploads\/2022\/07\/logo-ua-horizontal.png","contentUrl":"https:\/\/www.uartes.edu.ec\/sitio\/wp-content\/uploads\/2022\/07\/logo-ua-horizontal.png","width":800,"height":276,"caption":"Universidad de las Artes"},"image":{"@id":"https:\/\/www.uartes.edu.ec\/sitio\/#\/schema\/logo\/image\/"},"sameAs":["https:\/\/www.facebook.com\/uartesec","https:\/\/x.com\/uartesec","https:\/\/www.tiktok.com\/@uartesec"]},{"@type":"Person","@id":"https:\/\/www.uartes.edu.ec\/sitio\/#\/schema\/person\/f33f8c1d2af0d5c80a38c8abf458184a","name":"Universidad de las Artes","image":{"@type":"ImageObject","inLanguage":"es","@id":"https:\/\/secure.gravatar.com\/avatar\/52e4757902f5cfa5ac52d020e5be83cae5487519154b6c35482fe08d589f3c13?s=96&d=mm&r=g","url":"https:\/\/secure.gravatar.com\/avatar\/52e4757902f5cfa5ac52d020e5be83cae5487519154b6c35482fe08d589f3c13?s=96&d=mm&r=g","contentUrl":"https:\/\/secure.gravatar.com\/avatar\/52e4757902f5cfa5ac52d020e5be83cae5487519154b6c35482fe08d589f3c13?s=96&d=mm&r=g","caption":"Universidad de las Artes"},"url":"https:\/\/www.uartes.edu.ec\/sitio\/blog\/author\/dircomadm\/"}]}},"uagb_featured_image_src":{"full":["https:\/\/www.uartes.edu.ec\/sitio\/wp-content\/uploads\/2019\/07\/Cosmogonia-montuvia.jpg",1500,1000,false],"thumbnail":["https:\/\/www.uartes.edu.ec\/sitio\/wp-content\/uploads\/2019\/07\/Cosmogonia-montuvia-150x150.jpg",150,150,true],"medium":["https:\/\/www.uartes.edu.ec\/sitio\/wp-content\/uploads\/2019\/07\/Cosmogonia-montuvia-300x200.jpg",300,200,true],"medium_large":["https:\/\/www.uartes.edu.ec\/sitio\/wp-content\/uploads\/2019\/07\/Cosmogonia-montuvia-768x512.jpg",768,512,true],"large":["https:\/\/www.uartes.edu.ec\/sitio\/wp-content\/uploads\/2019\/07\/Cosmogonia-montuvia-644x429.jpg",644,429,true],"1536x1536":["https:\/\/www.uartes.edu.ec\/sitio\/wp-content\/uploads\/2019\/07\/Cosmogonia-montuvia.jpg",1500,1000,false],"2048x2048":["https:\/\/www.uartes.edu.ec\/sitio\/wp-content\/uploads\/2019\/07\/Cosmogonia-montuvia.jpg",1500,1000,false],"trp-custom-language-flag":["https:\/\/www.uartes.edu.ec\/sitio\/wp-content\/uploads\/2019\/07\/Cosmogonia-montuvia.jpg",18,12,false],"htmega_size_585x295":["https:\/\/www.uartes.edu.ec\/sitio\/wp-content\/uploads\/2019\/07\/Cosmogonia-montuvia.jpg",443,295,false],"htmega_size_1170x536":["https:\/\/www.uartes.edu.ec\/sitio\/wp-content\/uploads\/2019\/07\/Cosmogonia-montuvia.jpg",804,536,false],"htmega_size_396x360":["https:\/\/www.uartes.edu.ec\/sitio\/wp-content\/uploads\/2019\/07\/Cosmogonia-montuvia.jpg",396,264,false],"gb-block-post-grid-landscape":["https:\/\/www.uartes.edu.ec\/sitio\/wp-content\/uploads\/2019\/07\/Cosmogonia-montuvia.jpg",600,400,false],"gb-block-post-grid-square":["https:\/\/www.uartes.edu.ec\/sitio\/wp-content\/uploads\/2019\/07\/Cosmogonia-montuvia.jpg",600,400,false],"university-hub-thumb":["https:\/\/www.uartes.edu.ec\/sitio\/wp-content\/uploads\/2019\/07\/Cosmogonia-montuvia-400x267.jpg",400,267,true]},"uagb_author_info":{"display_name":"Universidad de las Artes","author_link":"https:\/\/www.uartes.edu.ec\/sitio\/blog\/author\/dircomadm\/"},"uagb_comment_info":0,"uagb_excerpt":"En el marco de \u201cGuayaquil Archipi\u00e9lago\u201d, actividad cultural, art\u00edstica y acad\u00e9mica organizada por la Universidad de las Artes como parte del proyecto \u201cReal Smart Cities\u201d, en el Museo Antropol\u00f3gico y de Arte Contempor\u00e1neo (MAAC) se mantendr\u00e1n expuestas hasta el domingo 14 de julio las muestras: \u201cC\u00f3mo escribir una enfermedad tropical\/C\u00f3mo escribir un manifiesto\u201d, de Critical&hellip;","featured_image_src":"https:\/\/www.uartes.edu.ec\/sitio\/wp-content\/uploads\/2019\/07\/Cosmogonia-montuvia.jpg","featured_image_src_square":"https:\/\/www.uartes.edu.ec\/sitio\/wp-content\/uploads\/2019\/07\/Cosmogonia-montuvia.jpg","author_info":{"display_name":"Universidad de las Artes","author_link":"https:\/\/www.uartes.edu.ec\/sitio\/blog\/author\/dircomadm\/"},"publishpress_future_workflow_manual_trigger":{"enabledWorkflows":[]},"distributor_meta":false,"distributor_terms":false,"distributor_media":false,"distributor_original_site_name":"Universidad de las Artes","distributor_original_site_url":"https:\/\/www.uartes.edu.ec\/sitio","push-errors":false,"_links":{"self":[{"href":"https:\/\/www.uartes.edu.ec\/sitio\/wp-json\/wp\/v2\/posts\/3849","targetHints":{"allow":["GET"]}}],"collection":[{"href":"https:\/\/www.uartes.edu.ec\/sitio\/wp-json\/wp\/v2\/posts"}],"about":[{"href":"https:\/\/www.uartes.edu.ec\/sitio\/wp-json\/wp\/v2\/types\/post"}],"author":[{"embeddable":true,"href":"https:\/\/www.uartes.edu.ec\/sitio\/wp-json\/wp\/v2\/users\/1"}],"replies":[{"embeddable":true,"href":"https:\/\/www.uartes.edu.ec\/sitio\/wp-json\/wp\/v2\/comments?post=3849"}],"version-history":[{"count":3,"href":"https:\/\/www.uartes.edu.ec\/sitio\/wp-json\/wp\/v2\/posts\/3849\/revisions"}],"predecessor-version":[{"id":57789,"href":"https:\/\/www.uartes.edu.ec\/sitio\/wp-json\/wp\/v2\/posts\/3849\/revisions\/57789"}],"wp:featuredmedia":[{"embeddable":true,"href":"https:\/\/www.uartes.edu.ec\/sitio\/wp-json\/wp\/v2\/media\/3851"}],"wp:attachment":[{"href":"https:\/\/www.uartes.edu.ec\/sitio\/wp-json\/wp\/v2\/media?parent=3849"}],"wp:term":[{"taxonomy":"category","embeddable":true,"href":"https:\/\/www.uartes.edu.ec\/sitio\/wp-json\/wp\/v2\/categories?post=3849"},{"taxonomy":"post_tag","embeddable":true,"href":"https:\/\/www.uartes.edu.ec\/sitio\/wp-json\/wp\/v2\/tags?post=3849"},{"taxonomy":"infouartes","embeddable":true,"href":"https:\/\/www.uartes.edu.ec\/sitio\/wp-json\/wp\/v2\/infouartes?post=3849"}],"curies":[{"name":"wp","href":"https:\/\/api.w.org\/{rel}","templated":true}]}}