{"id":38519,"date":"2023-02-22T13:20:00","date_gmt":"2023-02-22T18:20:00","guid":{"rendered":"https:\/\/www.uartes.edu.ec\/sitio\/?p=38519"},"modified":"2024-07-04T11:21:28","modified_gmt":"2024-07-04T16:21:28","slug":"primera-cohorte-de-graduados-unae-uartes-de-la-carrera-de-pedagogia-de-las-artes-y-humanidades","status":"publish","type":"post","link":"https:\/\/www.uartes.edu.ec\/sitio\/blog\/2023\/02\/22\/primera-cohorte-de-graduados-unae-uartes-de-la-carrera-de-pedagogia-de-las-artes-y-humanidades\/","title":{"rendered":"Primera promoci\u00f3n de graduados de la UNAE y la UArtes de la carrera de Pedagog\u00eda en Artes y Humanidades"},"content":{"rendered":"\n<p>El acto fue sencillo, pero muy significativo. El doctor Luis Enrique Hern\u00e1ndez, rector (s) de la Universidad Nacional de Educaci\u00f3n (UNAE), se\u00f1al\u00f3 as\u00ed a la hist\u00f3rica graduaci\u00f3n de la primera promoci\u00f3n de licenciados en Pedagog\u00eda de las Artes y Humanidades (PAH), carrera que, por convenio marco de cooperaci\u00f3n interinstitucional vigente desde el 2015, cursaron tambi\u00e9n en la UArtes.<\/p>\n\n\n\n<p>La emotiva ceremonia tuvo lugar el 16 de febrero de 2023 en Azogues, provincia de Ca\u00f1ar. La Universidad de las Artes estuvo presente con una comitiva presidida por el doctor Bradley Hilgert, vicerrector acad\u00e9mico, as\u00ed como por el Dr. Byron Cevallos, coordinador de la carrera en nuestra universidad, y la doctora Patricia Pauta, directora de la carrera en la UNAE.<\/p>\n\n\n<div class=\"wp-block-image\">\n<figure class=\"aligncenter size-large\"><img fetchpriority=\"high\" decoding=\"async\" width=\"644\" height=\"429\" src=\"https:\/\/www.uartes.edu.ec\/sitio\/wp-content\/uploads\/2023\/03\/graduacion1-644x429.jpg\" alt=\"\" class=\"wp-image-38536\" srcset=\"https:\/\/www.uartes.edu.ec\/sitio\/wp-content\/uploads\/2023\/03\/graduacion1-644x429.jpg 644w, https:\/\/www.uartes.edu.ec\/sitio\/wp-content\/uploads\/2023\/03\/graduacion1-768x511.jpg 768w, https:\/\/www.uartes.edu.ec\/sitio\/wp-content\/uploads\/2023\/03\/graduacion1.jpg 2000w, https:\/\/www.uartes.edu.ec\/sitio\/wp-content\/uploads\/2023\/03\/graduacion1-600x399.jpg 600w, https:\/\/www.uartes.edu.ec\/sitio\/wp-content\/uploads\/2023\/03\/graduacion1-272x182.jpg 272w\" sizes=\"(max-width: 644px) 100vw, 644px\" \/><\/figure>\n<\/div>\n\n\n<p>En esta primera promoci\u00f3n de graduados recibieron su licenciatura en Pedagog\u00eda de las Artes Humanidades Daniela Alberca Maxi, Jos\u00e9 Luis Altamirano, Lauri Cajamarca Paccha, Michelle Chumbay Loja, Laura Guam\u00e1n Sinchi, Byron Ariel Guam\u00e1n Sucuzha\u00f1ay, Edson Enmanuel Guam\u00e1n Sucuzha\u00f1ay, David Loaiza Reyes, Carolina Morocho Ortega, M\u00f3nica Nazareno Carabal\u00ed, Vivian Olmedo Rivadeneira, Ana Paula P\u00e9rez, Manuel Salvador Cordero, Carlos Valdez Sol\u00f3rzano, Milton Zumba Suco y Anah\u00ed Altamirano Zumba, quien por sus altos promedios acad\u00e9micos obtuvo, adem\u00e1s, el reconocimiento magna cum laude.<\/p>\n\n\n\n<p>\u201cHan superado much\u00edsimos desaf\u00edos y han demostrado su capacidad de perseverar y tener \u00e9xito en situaciones dif\u00edciles, como graduados ahora tienen la capacidad de enfrentar el futuro con confianza y determinaci\u00f3n\u201d, expres\u00f3 el rector (s) Hern\u00e1ndez, quien los anim\u00f3 a continuar en el sendero de la superaci\u00f3n profesional, a tener siempre la mente abierta y estar dispuestos a aprender cosas nuevas. Les hizo muchas m\u00e1s recomendaciones y finaliz\u00f3 d\u00e1ndoles la bienvenida a la que, indic\u00f3, es la mejor de las profesiones.<\/p>\n\n\n\n<p>La intervenci\u00f3n del doctor Hern\u00e1ndez se dio luego de que el mag\u00edster Lino Valencia, secretario de la UNAE, leyera el contenido de los t\u00edtulos, los graduados hicieran el juramento de cumplir con la Constituci\u00f3n de la Rep\u00fablica del Ecuador, las leyes y los deberes inherentes al t\u00edtulo conferido, y se entregar\u00e1, a quienes obtuvieron el mayor puntaje acad\u00e9mico, los reconocimientos magna cum laude y summa cum laude.<\/p>\n\n\n<div class=\"wp-block-image\">\n<figure class=\"aligncenter size-large\"><img decoding=\"async\" width=\"644\" height=\"429\" src=\"https:\/\/www.uartes.edu.ec\/sitio\/wp-content\/uploads\/2023\/03\/graduacion2-644x429.jpg\" alt=\"\" class=\"wp-image-38537\" srcset=\"https:\/\/www.uartes.edu.ec\/sitio\/wp-content\/uploads\/2023\/03\/graduacion2-644x429.jpg 644w, https:\/\/www.uartes.edu.ec\/sitio\/wp-content\/uploads\/2023\/03\/graduacion2-768x511.jpg 768w, https:\/\/www.uartes.edu.ec\/sitio\/wp-content\/uploads\/2023\/03\/graduacion2.jpg 2000w, https:\/\/www.uartes.edu.ec\/sitio\/wp-content\/uploads\/2023\/03\/graduacion2-600x399.jpg 600w, https:\/\/www.uartes.edu.ec\/sitio\/wp-content\/uploads\/2023\/03\/graduacion2-272x182.jpg 272w\" sizes=\"(max-width: 644px) 100vw, 644px\" \/><\/figure>\n<\/div>\n\n<div class=\"wp-block-image\">\n<figure class=\"aligncenter size-large\"><img decoding=\"async\" width=\"644\" height=\"429\" src=\"https:\/\/www.uartes.edu.ec\/sitio\/wp-content\/uploads\/2023\/03\/graduacion4-644x429.jpg\" alt=\"\" class=\"wp-image-38538\" srcset=\"https:\/\/www.uartes.edu.ec\/sitio\/wp-content\/uploads\/2023\/03\/graduacion4-644x429.jpg 644w, https:\/\/www.uartes.edu.ec\/sitio\/wp-content\/uploads\/2023\/03\/graduacion4-768x511.jpg 768w, https:\/\/www.uartes.edu.ec\/sitio\/wp-content\/uploads\/2023\/03\/graduacion4.jpg 2000w, https:\/\/www.uartes.edu.ec\/sitio\/wp-content\/uploads\/2023\/03\/graduacion4-600x399.jpg 600w, https:\/\/www.uartes.edu.ec\/sitio\/wp-content\/uploads\/2023\/03\/graduacion4-272x182.jpg 272w\" sizes=\"(max-width: 644px) 100vw, 644px\" \/><\/figure>\n<\/div>\n\n\n<p>El doctor Bradley Hilgert se\u00f1al\u00f3 como un logro significativo tanto&nbsp;para la UNAE&nbsp;y&nbsp;la&nbsp;UArtes&nbsp;como para la educaci\u00f3n superior en general, la graduaci\u00f3n de la primera cohorte de la carrera de Pedagog\u00eda&nbsp;de las&nbsp;Artes y&nbsp;Humanidades.&nbsp;Un hito que no solo representa una colaboraci\u00f3n exitosa entre dos universidades p\u00fablicas comprometidas con mejorar al pa\u00eds, sino tambi\u00e9n demuestra el profundo compromiso con la formaci\u00f3n de pensadores cr\u00edticos altamente capacitados para trabajar en el campo de la educaci\u00f3n de las artes y humanidades, un campo tan necesario en la coyuntura actual.<\/p>\n\n\n\n<p>Agreg\u00f3 que el relacionamiento entre la UArtes y la UNAE y el convenio existente entre ellas es fundamental para el \u00e9xito de la carrera de PAH. \u201cEsta colaboraci\u00f3n permite que&nbsp;cada universidad responda a un problema concreto y real desde su campo de conocimiento, y as\u00ed se da un uso responsable de los recursos, conocimientos y experiencia en la formaci\u00f3n de docentes de alta calidad en el campo de las artes y humanidades\u201d.<\/p>\n\n\n\n<p>Nuestro vicerrector acad\u00e9mico precis\u00f3 tambi\u00e9n que la graduaci\u00f3n de esta primera cohorte de PAH es relevante para el pa\u00eds y para el sistema de educaci\u00f3n superior en general porque la formaci\u00f3n de docentes titulados en esta \u00e1rea (casi olvidada, relegada) mejorar\u00e1 la calidad de la educaci\u00f3n de futuras generaciones. Mientras el resto del mundo pone \u00e9nfasis en una educaci\u00f3n inter y transdisciplinaria (STEAM, por ejemplo), graduar a estos licenciados subraya la importancia de la formaci\u00f3n creativa y sensible que viene del campo de las artes y humanidades. Para cumplir con el objetivo de la UArtes, esto es de producir una transformaci\u00f3n en la matriz productiva cultural, graduar a profesionales capaces de incidir en la formaci\u00f3n sensible y art\u00edstica de las y los j\u00f3venes del pa\u00eds en cada momento es un paso muy importante.<\/p>\n\n\n<div class=\"wp-block-image\">\n<figure class=\"aligncenter size-large\"><img loading=\"lazy\" decoding=\"async\" width=\"644\" height=\"429\" src=\"https:\/\/www.uartes.edu.ec\/sitio\/wp-content\/uploads\/2023\/03\/anahi2-644x429.jpg\" alt=\"\" class=\"wp-image-38543\" srcset=\"https:\/\/www.uartes.edu.ec\/sitio\/wp-content\/uploads\/2023\/03\/anahi2-644x429.jpg 644w, https:\/\/www.uartes.edu.ec\/sitio\/wp-content\/uploads\/2023\/03\/anahi2-768x511.jpg 768w, https:\/\/www.uartes.edu.ec\/sitio\/wp-content\/uploads\/2023\/03\/anahi2.jpg 2000w, https:\/\/www.uartes.edu.ec\/sitio\/wp-content\/uploads\/2023\/03\/anahi2-600x399.jpg 600w, https:\/\/www.uartes.edu.ec\/sitio\/wp-content\/uploads\/2023\/03\/anahi2-272x182.jpg 272w\" sizes=\"(max-width: 644px) 100vw, 644px\" \/><\/figure>\n<\/div>\n\n\n<p>Tras recibir el magna cum laude por haber obtenido el mayor puntaje acad\u00e9mico, Anah\u00ed Paola Altamirano dijo a InfoUArtes sentirse orgullosa de haber estudiado Pedagog\u00eda de las Artes y Humanidades en la UNAE y la UArtes. Que le hubiera gustado tener mucho m\u00e1s tiempo para disfrutar de nuestra universidad, a\u00f1adi\u00f3, y agradeci\u00f3 a las autoridades universitarias, a los docentes y estudiantes; a quienes a\u00fan cursan la carrera les pidi\u00f3 no detenerse ni claudicar.<\/p>\n\n\n\n<p>Cabe anotar que, en la ceremonia meridiana de los graduados UNAE-UArtes, obtuvieron tambi\u00e9n sus licenciaturas los egresados de Educaci\u00f3n Inicial y de posgrado, los mag\u00edsteres en Gesti\u00f3n de la Educaci\u00f3n. Antes, por la ma\u00f1ana, de pregrado se graduaron los de Educaci\u00f3n en Ciencias Experimentales, carrera que la UNAE comparte con la Universidad Regional Amaz\u00f3nica Ikiam y Yachay; Educaci\u00f3n Especial, Pedagog\u00eda del Idioma Ingl\u00e9s (de la carrera de Pedagog\u00eda de los Idiomas Nacionales y Extranjeros); y, Pedagog\u00eda de Ciencias de la Educaci\u00f3n Intercultural Biling\u00fce, itinerarios Pedagog\u00eda de la Lengua Kichwa y Pedagog\u00eda de la Lengua Shuar.<\/p>\n\n\n<div class=\"wp-block-image\">\n<figure class=\"aligncenter size-large\"><img loading=\"lazy\" decoding=\"async\" width=\"644\" height=\"429\" src=\"https:\/\/www.uartes.edu.ec\/sitio\/wp-content\/uploads\/2023\/03\/byron2-644x429.jpg\" alt=\"\" class=\"wp-image-38544\" srcset=\"https:\/\/www.uartes.edu.ec\/sitio\/wp-content\/uploads\/2023\/03\/byron2-644x429.jpg 644w, https:\/\/www.uartes.edu.ec\/sitio\/wp-content\/uploads\/2023\/03\/byron2-768x511.jpg 768w, https:\/\/www.uartes.edu.ec\/sitio\/wp-content\/uploads\/2023\/03\/byron2.jpg 2000w, https:\/\/www.uartes.edu.ec\/sitio\/wp-content\/uploads\/2023\/03\/byron2-600x399.jpg 600w, https:\/\/www.uartes.edu.ec\/sitio\/wp-content\/uploads\/2023\/03\/byron2-272x182.jpg 272w\" sizes=\"(max-width: 644px) 100vw, 644px\" \/><\/figure>\n<\/div>\n\n\n<p>En im\u00e1genes, los graduados PAH tras recibir sus diplomas. Constan tambi\u00e9n Jos\u00e9 Luis Altamirano con su progenitora y Anah\u00ed Altamirano tras recibir el reconocimiento magna cum laude. Sobre estas l\u00edneas, los graduados, familiares y docentes; en la primera fila de la izq., los doctores Byron Cevallos, coordinador de la carrera en la UArtes, y Patricia Pauta, directora de la carrera en la UNAE.<br>Texto: Carmen Cortez. Foto: Roc\u00edo Mart\u00ednez\/DIRCOM<\/p>\n","protected":false},"excerpt":{"rendered":"<p>El acto fue sencillo, pero significativo. Luis Hern\u00e1ndez, rector (s) de la UNAE se\u00f1al\u00f3 as\u00ed a la graduaci\u00f3n de la primera cohorte de licenciados en Pedagog\u00eda en Artes y Humanidades, carrera compartida con la UArtes. Tuvo lugar el 16 de febrero en Azogues y asisti\u00f3 una comitiva de nuestra instituci\u00f3n, presidida por el vicerrector Bradley Hilgert y el coordinador de la carrera, Byron Cevallos.<\/p>\n","protected":false},"author":10,"featured_media":38535,"comment_status":"open","ping_status":"open","sticky":false,"template":"","format":"standard","meta":{"_acf_changed":false,"_uag_custom_page_level_css":"","_monsterinsights_skip_tracking":false,"_monsterinsights_sitenote_active":false,"_monsterinsights_sitenote_note":"","_monsterinsights_sitenote_category":0,"cybocfi_hide_featured_image":"","footnotes":""},"categories":[720,80,75,76,77,175],"tags":[],"infouartes":[],"class_list":["post-38519","post","type-post","status-publish","format-standard","has-post-thumbnail","hentry","category-3d","category-academico","category-docentes","category-estudiantes","category-gestion","category-literatura"],"acf":[],"yoast_head":"<!-- This site is optimized with the Yoast SEO plugin v27.4 - https:\/\/yoast.com\/product\/yoast-seo-wordpress\/ -->\n<title>Universidad de las Artes - Primera promoci\u00f3n de graduados de la UNAE y la UArtes de la carrera de Pedagog\u00eda en Artes y Humanidades<\/title>\n<meta name=\"description\" content=\"Universidad de las Artes - Primera promoci\u00f3n de graduados de la UNAE y la UArtes de la carrera de Pedagog\u00eda en Artes y Humanidades\" \/>\n<meta name=\"robots\" content=\"index, follow, max-snippet:-1, max-image-preview:large, max-video-preview:-1\" \/>\n<link rel=\"canonical\" href=\"https:\/\/www.uartes.edu.ec\/sitio\/blog\/2023\/02\/22\/primera-cohorte-de-graduados-unae-uartes-de-la-carrera-de-pedagogia-de-las-artes-y-humanidades\/\" \/>\n<meta property=\"og:locale\" content=\"es_ES\" \/>\n<meta property=\"og:type\" content=\"article\" \/>\n<meta property=\"og:title\" content=\"Universidad de las Artes - Primera promoci\u00f3n de graduados de la UNAE y la UArtes de la carrera de Pedagog\u00eda en Artes y Humanidades\" \/>\n<meta property=\"og:description\" content=\"Universidad de las Artes - Primera promoci\u00f3n de graduados de la UNAE y la UArtes de la carrera de Pedagog\u00eda en Artes y Humanidades\" \/>\n<meta property=\"og:url\" content=\"https:\/\/www.uartes.edu.ec\/sitio\/blog\/2023\/02\/22\/primera-cohorte-de-graduados-unae-uartes-de-la-carrera-de-pedagogia-de-las-artes-y-humanidades\/\" \/>\n<meta property=\"og:site_name\" content=\"Universidad de las Artes\" \/>\n<meta property=\"article:publisher\" content=\"https:\/\/www.facebook.com\/uartesec\" \/>\n<meta property=\"article:published_time\" content=\"2023-02-22T18:20:00+00:00\" \/>\n<meta property=\"article:modified_time\" content=\"2024-07-04T16:21:28+00:00\" \/>\n<meta property=\"og:image\" content=\"https:\/\/www.uartes.edu.ec\/sitio\/wp-content\/uploads\/2023\/03\/byron3.jpg\" \/>\n\t<meta property=\"og:image:width\" content=\"2000\" \/>\n\t<meta property=\"og:image:height\" content=\"1333\" \/>\n\t<meta property=\"og:image:type\" content=\"image\/jpeg\" \/>\n<meta name=\"author\" content=\"ccortez\" \/>\n<meta name=\"twitter:card\" content=\"summary_large_image\" \/>\n<meta name=\"twitter:creator\" content=\"@uartesec\" \/>\n<meta name=\"twitter:site\" content=\"@uartesec\" \/>\n<meta name=\"twitter:label1\" content=\"Escrito por\" \/>\n\t<meta name=\"twitter:data1\" content=\"ccortez\" \/>\n\t<meta name=\"twitter:label2\" content=\"Tiempo de lectura\" \/>\n\t<meta name=\"twitter:data2\" content=\"6 minutos\" \/>\n<script type=\"application\/ld+json\" class=\"yoast-schema-graph\">{\"@context\":\"https:\\\/\\\/schema.org\",\"@graph\":[{\"@type\":\"Article\",\"@id\":\"https:\\\/\\\/www.uartes.edu.ec\\\/sitio\\\/blog\\\/2023\\\/02\\\/22\\\/primera-cohorte-de-graduados-unae-uartes-de-la-carrera-de-pedagogia-de-las-artes-y-humanidades\\\/#article\",\"isPartOf\":{\"@id\":\"https:\\\/\\\/www.uartes.edu.ec\\\/sitio\\\/blog\\\/2023\\\/02\\\/22\\\/primera-cohorte-de-graduados-unae-uartes-de-la-carrera-de-pedagogia-de-las-artes-y-humanidades\\\/\"},\"author\":{\"name\":\"ccortez\",\"@id\":\"https:\\\/\\\/www.uartes.edu.ec\\\/sitio\\\/#\\\/schema\\\/person\\\/efa1b8275797664fd7f13a79ccc0b1f4\"},\"headline\":\"Primera promoci\u00f3n de graduados de la UNAE y la UArtes de la carrera de Pedagog\u00eda en Artes y Humanidades\",\"datePublished\":\"2023-02-22T18:20:00+00:00\",\"dateModified\":\"2024-07-04T16:21:28+00:00\",\"mainEntityOfPage\":{\"@id\":\"https:\\\/\\\/www.uartes.edu.ec\\\/sitio\\\/blog\\\/2023\\\/02\\\/22\\\/primera-cohorte-de-graduados-unae-uartes-de-la-carrera-de-pedagogia-de-las-artes-y-humanidades\\\/\"},\"wordCount\":1002,\"commentCount\":0,\"publisher\":{\"@id\":\"https:\\\/\\\/www.uartes.edu.ec\\\/sitio\\\/#organization\"},\"image\":{\"@id\":\"https:\\\/\\\/www.uartes.edu.ec\\\/sitio\\\/blog\\\/2023\\\/02\\\/22\\\/primera-cohorte-de-graduados-unae-uartes-de-la-carrera-de-pedagogia-de-las-artes-y-humanidades\\\/#primaryimage\"},\"thumbnailUrl\":\"https:\\\/\\\/www.uartes.edu.ec\\\/sitio\\\/wp-content\\\/uploads\\\/2023\\\/03\\\/byron3.jpg\",\"articleSection\":[\"3D\",\"Acad\u00e9mico\",\"Docentes\",\"Estudiantes\",\"Gesti\u00f3n\",\"Literatura\"],\"inLanguage\":\"es\",\"potentialAction\":[{\"@type\":\"CommentAction\",\"name\":\"Comment\",\"target\":[\"https:\\\/\\\/www.uartes.edu.ec\\\/sitio\\\/blog\\\/2023\\\/02\\\/22\\\/primera-cohorte-de-graduados-unae-uartes-de-la-carrera-de-pedagogia-de-las-artes-y-humanidades\\\/#respond\"]}]},{\"@type\":[\"WebPage\",\"ItemPage\"],\"@id\":\"https:\\\/\\\/www.uartes.edu.ec\\\/sitio\\\/blog\\\/2023\\\/02\\\/22\\\/primera-cohorte-de-graduados-unae-uartes-de-la-carrera-de-pedagogia-de-las-artes-y-humanidades\\\/\",\"url\":\"https:\\\/\\\/www.uartes.edu.ec\\\/sitio\\\/blog\\\/2023\\\/02\\\/22\\\/primera-cohorte-de-graduados-unae-uartes-de-la-carrera-de-pedagogia-de-las-artes-y-humanidades\\\/\",\"name\":\"Universidad de las Artes - Primera promoci\u00f3n de graduados de la UNAE y la UArtes de la carrera de Pedagog\u00eda en Artes y Humanidades\",\"isPartOf\":{\"@id\":\"https:\\\/\\\/www.uartes.edu.ec\\\/sitio\\\/#website\"},\"primaryImageOfPage\":{\"@id\":\"https:\\\/\\\/www.uartes.edu.ec\\\/sitio\\\/blog\\\/2023\\\/02\\\/22\\\/primera-cohorte-de-graduados-unae-uartes-de-la-carrera-de-pedagogia-de-las-artes-y-humanidades\\\/#primaryimage\"},\"image\":{\"@id\":\"https:\\\/\\\/www.uartes.edu.ec\\\/sitio\\\/blog\\\/2023\\\/02\\\/22\\\/primera-cohorte-de-graduados-unae-uartes-de-la-carrera-de-pedagogia-de-las-artes-y-humanidades\\\/#primaryimage\"},\"thumbnailUrl\":\"https:\\\/\\\/www.uartes.edu.ec\\\/sitio\\\/wp-content\\\/uploads\\\/2023\\\/03\\\/byron3.jpg\",\"datePublished\":\"2023-02-22T18:20:00+00:00\",\"dateModified\":\"2024-07-04T16:21:28+00:00\",\"description\":\"Universidad de las Artes - Primera promoci\u00f3n de graduados de la UNAE y la UArtes de la carrera de Pedagog\u00eda en Artes y Humanidades\",\"breadcrumb\":{\"@id\":\"https:\\\/\\\/www.uartes.edu.ec\\\/sitio\\\/blog\\\/2023\\\/02\\\/22\\\/primera-cohorte-de-graduados-unae-uartes-de-la-carrera-de-pedagogia-de-las-artes-y-humanidades\\\/#breadcrumb\"},\"inLanguage\":\"es\",\"potentialAction\":[{\"@type\":\"ReadAction\",\"target\":[\"https:\\\/\\\/www.uartes.edu.ec\\\/sitio\\\/blog\\\/2023\\\/02\\\/22\\\/primera-cohorte-de-graduados-unae-uartes-de-la-carrera-de-pedagogia-de-las-artes-y-humanidades\\\/\"]}]},{\"@type\":\"ImageObject\",\"inLanguage\":\"es\",\"@id\":\"https:\\\/\\\/www.uartes.edu.ec\\\/sitio\\\/blog\\\/2023\\\/02\\\/22\\\/primera-cohorte-de-graduados-unae-uartes-de-la-carrera-de-pedagogia-de-las-artes-y-humanidades\\\/#primaryimage\",\"url\":\"https:\\\/\\\/www.uartes.edu.ec\\\/sitio\\\/wp-content\\\/uploads\\\/2023\\\/03\\\/byron3.jpg\",\"contentUrl\":\"https:\\\/\\\/www.uartes.edu.ec\\\/sitio\\\/wp-content\\\/uploads\\\/2023\\\/03\\\/byron3.jpg\",\"width\":2000,\"height\":1333},{\"@type\":\"BreadcrumbList\",\"@id\":\"https:\\\/\\\/www.uartes.edu.ec\\\/sitio\\\/blog\\\/2023\\\/02\\\/22\\\/primera-cohorte-de-graduados-unae-uartes-de-la-carrera-de-pedagogia-de-las-artes-y-humanidades\\\/#breadcrumb\",\"itemListElement\":[{\"@type\":\"ListItem\",\"position\":1,\"name\":\"Inicio\",\"item\":\"https:\\\/\\\/www.uartes.edu.ec\\\/sitio\\\/\"},{\"@type\":\"ListItem\",\"position\":2,\"name\":\"Primera promoci\u00f3n de graduados de la UNAE y la UArtes de la carrera de Pedagog\u00eda en Artes y Humanidades\"}]},{\"@type\":\"WebSite\",\"@id\":\"https:\\\/\\\/www.uartes.edu.ec\\\/sitio\\\/#website\",\"url\":\"https:\\\/\\\/www.uartes.edu.ec\\\/sitio\\\/\",\"name\":\"Universidad de las Artes\",\"description\":\"Sitio oficial de la Universidad Nacional de las Artes del Ecuador\",\"publisher\":{\"@id\":\"https:\\\/\\\/www.uartes.edu.ec\\\/sitio\\\/#organization\"},\"potentialAction\":[{\"@type\":\"SearchAction\",\"target\":{\"@type\":\"EntryPoint\",\"urlTemplate\":\"https:\\\/\\\/www.uartes.edu.ec\\\/sitio\\\/?s={search_term_string}\"},\"query-input\":{\"@type\":\"PropertyValueSpecification\",\"valueRequired\":true,\"valueName\":\"search_term_string\"}}],\"inLanguage\":\"es\"},{\"@type\":\"Organization\",\"@id\":\"https:\\\/\\\/www.uartes.edu.ec\\\/sitio\\\/#organization\",\"name\":\"Universidad de las Artes\",\"url\":\"https:\\\/\\\/www.uartes.edu.ec\\\/sitio\\\/\",\"logo\":{\"@type\":\"ImageObject\",\"inLanguage\":\"es\",\"@id\":\"https:\\\/\\\/www.uartes.edu.ec\\\/sitio\\\/#\\\/schema\\\/logo\\\/image\\\/\",\"url\":\"https:\\\/\\\/www.uartes.edu.ec\\\/sitio\\\/wp-content\\\/uploads\\\/2022\\\/07\\\/logo-ua-horizontal.png\",\"contentUrl\":\"https:\\\/\\\/www.uartes.edu.ec\\\/sitio\\\/wp-content\\\/uploads\\\/2022\\\/07\\\/logo-ua-horizontal.png\",\"width\":800,\"height\":276,\"caption\":\"Universidad de las Artes\"},\"image\":{\"@id\":\"https:\\\/\\\/www.uartes.edu.ec\\\/sitio\\\/#\\\/schema\\\/logo\\\/image\\\/\"},\"sameAs\":[\"https:\\\/\\\/www.facebook.com\\\/uartesec\",\"https:\\\/\\\/x.com\\\/uartesec\",\"https:\\\/\\\/www.tiktok.com\\\/@uartesec\"]},{\"@type\":\"Person\",\"@id\":\"https:\\\/\\\/www.uartes.edu.ec\\\/sitio\\\/#\\\/schema\\\/person\\\/efa1b8275797664fd7f13a79ccc0b1f4\",\"name\":\"ccortez\",\"image\":{\"@type\":\"ImageObject\",\"inLanguage\":\"es\",\"@id\":\"https:\\\/\\\/secure.gravatar.com\\\/avatar\\\/b2a6f664a3ae8e074346ef91775736c5ec479e637ecced6842de9dc98b5da9cd?s=96&d=mm&r=g\",\"url\":\"https:\\\/\\\/secure.gravatar.com\\\/avatar\\\/b2a6f664a3ae8e074346ef91775736c5ec479e637ecced6842de9dc98b5da9cd?s=96&d=mm&r=g\",\"contentUrl\":\"https:\\\/\\\/secure.gravatar.com\\\/avatar\\\/b2a6f664a3ae8e074346ef91775736c5ec479e637ecced6842de9dc98b5da9cd?s=96&d=mm&r=g\",\"caption\":\"ccortez\"},\"url\":\"https:\\\/\\\/www.uartes.edu.ec\\\/sitio\\\/blog\\\/author\\\/ccortez\\\/\"}]}<\/script>\n<!-- \/ Yoast SEO plugin. -->","yoast_head_json":{"title":"Universidad de las Artes - Primera promoci\u00f3n de graduados de la UNAE y la UArtes de la carrera de Pedagog\u00eda en Artes y Humanidades","description":"Universidad de las Artes - Primera promoci\u00f3n de graduados de la UNAE y la UArtes de la carrera de Pedagog\u00eda en Artes y Humanidades","robots":{"index":"index","follow":"follow","max-snippet":"max-snippet:-1","max-image-preview":"max-image-preview:large","max-video-preview":"max-video-preview:-1"},"canonical":"https:\/\/www.uartes.edu.ec\/sitio\/blog\/2023\/02\/22\/primera-cohorte-de-graduados-unae-uartes-de-la-carrera-de-pedagogia-de-las-artes-y-humanidades\/","og_locale":"es_ES","og_type":"article","og_title":"Universidad de las Artes - Primera promoci\u00f3n de graduados de la UNAE y la UArtes de la carrera de Pedagog\u00eda en Artes y Humanidades","og_description":"Universidad de las Artes - Primera promoci\u00f3n de graduados de la UNAE y la UArtes de la carrera de Pedagog\u00eda en Artes y Humanidades","og_url":"https:\/\/www.uartes.edu.ec\/sitio\/blog\/2023\/02\/22\/primera-cohorte-de-graduados-unae-uartes-de-la-carrera-de-pedagogia-de-las-artes-y-humanidades\/","og_site_name":"Universidad de las Artes","article_publisher":"https:\/\/www.facebook.com\/uartesec","article_published_time":"2023-02-22T18:20:00+00:00","article_modified_time":"2024-07-04T16:21:28+00:00","og_image":[{"width":2000,"height":1333,"url":"https:\/\/www.uartes.edu.ec\/sitio\/wp-content\/uploads\/2023\/03\/byron3.jpg","type":"image\/jpeg"}],"author":"ccortez","twitter_card":"summary_large_image","twitter_creator":"@uartesec","twitter_site":"@uartesec","twitter_misc":{"Escrito por":"ccortez","Tiempo de lectura":"6 minutos"},"schema":{"@context":"https:\/\/schema.org","@graph":[{"@type":"Article","@id":"https:\/\/www.uartes.edu.ec\/sitio\/blog\/2023\/02\/22\/primera-cohorte-de-graduados-unae-uartes-de-la-carrera-de-pedagogia-de-las-artes-y-humanidades\/#article","isPartOf":{"@id":"https:\/\/www.uartes.edu.ec\/sitio\/blog\/2023\/02\/22\/primera-cohorte-de-graduados-unae-uartes-de-la-carrera-de-pedagogia-de-las-artes-y-humanidades\/"},"author":{"name":"ccortez","@id":"https:\/\/www.uartes.edu.ec\/sitio\/#\/schema\/person\/efa1b8275797664fd7f13a79ccc0b1f4"},"headline":"Primera promoci\u00f3n de graduados de la UNAE y la UArtes de la carrera de Pedagog\u00eda en Artes y Humanidades","datePublished":"2023-02-22T18:20:00+00:00","dateModified":"2024-07-04T16:21:28+00:00","mainEntityOfPage":{"@id":"https:\/\/www.uartes.edu.ec\/sitio\/blog\/2023\/02\/22\/primera-cohorte-de-graduados-unae-uartes-de-la-carrera-de-pedagogia-de-las-artes-y-humanidades\/"},"wordCount":1002,"commentCount":0,"publisher":{"@id":"https:\/\/www.uartes.edu.ec\/sitio\/#organization"},"image":{"@id":"https:\/\/www.uartes.edu.ec\/sitio\/blog\/2023\/02\/22\/primera-cohorte-de-graduados-unae-uartes-de-la-carrera-de-pedagogia-de-las-artes-y-humanidades\/#primaryimage"},"thumbnailUrl":"https:\/\/www.uartes.edu.ec\/sitio\/wp-content\/uploads\/2023\/03\/byron3.jpg","articleSection":["3D","Acad\u00e9mico","Docentes","Estudiantes","Gesti\u00f3n","Literatura"],"inLanguage":"es","potentialAction":[{"@type":"CommentAction","name":"Comment","target":["https:\/\/www.uartes.edu.ec\/sitio\/blog\/2023\/02\/22\/primera-cohorte-de-graduados-unae-uartes-de-la-carrera-de-pedagogia-de-las-artes-y-humanidades\/#respond"]}]},{"@type":["WebPage","ItemPage"],"@id":"https:\/\/www.uartes.edu.ec\/sitio\/blog\/2023\/02\/22\/primera-cohorte-de-graduados-unae-uartes-de-la-carrera-de-pedagogia-de-las-artes-y-humanidades\/","url":"https:\/\/www.uartes.edu.ec\/sitio\/blog\/2023\/02\/22\/primera-cohorte-de-graduados-unae-uartes-de-la-carrera-de-pedagogia-de-las-artes-y-humanidades\/","name":"Universidad de las Artes - Primera promoci\u00f3n de graduados de la UNAE y la UArtes de la carrera de Pedagog\u00eda en Artes y Humanidades","isPartOf":{"@id":"https:\/\/www.uartes.edu.ec\/sitio\/#website"},"primaryImageOfPage":{"@id":"https:\/\/www.uartes.edu.ec\/sitio\/blog\/2023\/02\/22\/primera-cohorte-de-graduados-unae-uartes-de-la-carrera-de-pedagogia-de-las-artes-y-humanidades\/#primaryimage"},"image":{"@id":"https:\/\/www.uartes.edu.ec\/sitio\/blog\/2023\/02\/22\/primera-cohorte-de-graduados-unae-uartes-de-la-carrera-de-pedagogia-de-las-artes-y-humanidades\/#primaryimage"},"thumbnailUrl":"https:\/\/www.uartes.edu.ec\/sitio\/wp-content\/uploads\/2023\/03\/byron3.jpg","datePublished":"2023-02-22T18:20:00+00:00","dateModified":"2024-07-04T16:21:28+00:00","description":"Universidad de las Artes - Primera promoci\u00f3n de graduados de la UNAE y la UArtes de la carrera de Pedagog\u00eda en Artes y Humanidades","breadcrumb":{"@id":"https:\/\/www.uartes.edu.ec\/sitio\/blog\/2023\/02\/22\/primera-cohorte-de-graduados-unae-uartes-de-la-carrera-de-pedagogia-de-las-artes-y-humanidades\/#breadcrumb"},"inLanguage":"es","potentialAction":[{"@type":"ReadAction","target":["https:\/\/www.uartes.edu.ec\/sitio\/blog\/2023\/02\/22\/primera-cohorte-de-graduados-unae-uartes-de-la-carrera-de-pedagogia-de-las-artes-y-humanidades\/"]}]},{"@type":"ImageObject","inLanguage":"es","@id":"https:\/\/www.uartes.edu.ec\/sitio\/blog\/2023\/02\/22\/primera-cohorte-de-graduados-unae-uartes-de-la-carrera-de-pedagogia-de-las-artes-y-humanidades\/#primaryimage","url":"https:\/\/www.uartes.edu.ec\/sitio\/wp-content\/uploads\/2023\/03\/byron3.jpg","contentUrl":"https:\/\/www.uartes.edu.ec\/sitio\/wp-content\/uploads\/2023\/03\/byron3.jpg","width":2000,"height":1333},{"@type":"BreadcrumbList","@id":"https:\/\/www.uartes.edu.ec\/sitio\/blog\/2023\/02\/22\/primera-cohorte-de-graduados-unae-uartes-de-la-carrera-de-pedagogia-de-las-artes-y-humanidades\/#breadcrumb","itemListElement":[{"@type":"ListItem","position":1,"name":"Inicio","item":"https:\/\/www.uartes.edu.ec\/sitio\/"},{"@type":"ListItem","position":2,"name":"Primera promoci\u00f3n de graduados de la UNAE y la UArtes de la carrera de Pedagog\u00eda en Artes y Humanidades"}]},{"@type":"WebSite","@id":"https:\/\/www.uartes.edu.ec\/sitio\/#website","url":"https:\/\/www.uartes.edu.ec\/sitio\/","name":"Universidad de las Artes","description":"Sitio oficial de la Universidad Nacional de las Artes del Ecuador","publisher":{"@id":"https:\/\/www.uartes.edu.ec\/sitio\/#organization"},"potentialAction":[{"@type":"SearchAction","target":{"@type":"EntryPoint","urlTemplate":"https:\/\/www.uartes.edu.ec\/sitio\/?s={search_term_string}"},"query-input":{"@type":"PropertyValueSpecification","valueRequired":true,"valueName":"search_term_string"}}],"inLanguage":"es"},{"@type":"Organization","@id":"https:\/\/www.uartes.edu.ec\/sitio\/#organization","name":"Universidad de las Artes","url":"https:\/\/www.uartes.edu.ec\/sitio\/","logo":{"@type":"ImageObject","inLanguage":"es","@id":"https:\/\/www.uartes.edu.ec\/sitio\/#\/schema\/logo\/image\/","url":"https:\/\/www.uartes.edu.ec\/sitio\/wp-content\/uploads\/2022\/07\/logo-ua-horizontal.png","contentUrl":"https:\/\/www.uartes.edu.ec\/sitio\/wp-content\/uploads\/2022\/07\/logo-ua-horizontal.png","width":800,"height":276,"caption":"Universidad de las Artes"},"image":{"@id":"https:\/\/www.uartes.edu.ec\/sitio\/#\/schema\/logo\/image\/"},"sameAs":["https:\/\/www.facebook.com\/uartesec","https:\/\/x.com\/uartesec","https:\/\/www.tiktok.com\/@uartesec"]},{"@type":"Person","@id":"https:\/\/www.uartes.edu.ec\/sitio\/#\/schema\/person\/efa1b8275797664fd7f13a79ccc0b1f4","name":"ccortez","image":{"@type":"ImageObject","inLanguage":"es","@id":"https:\/\/secure.gravatar.com\/avatar\/b2a6f664a3ae8e074346ef91775736c5ec479e637ecced6842de9dc98b5da9cd?s=96&d=mm&r=g","url":"https:\/\/secure.gravatar.com\/avatar\/b2a6f664a3ae8e074346ef91775736c5ec479e637ecced6842de9dc98b5da9cd?s=96&d=mm&r=g","contentUrl":"https:\/\/secure.gravatar.com\/avatar\/b2a6f664a3ae8e074346ef91775736c5ec479e637ecced6842de9dc98b5da9cd?s=96&d=mm&r=g","caption":"ccortez"},"url":"https:\/\/www.uartes.edu.ec\/sitio\/blog\/author\/ccortez\/"}]}},"uagb_featured_image_src":{"full":["https:\/\/www.uartes.edu.ec\/sitio\/wp-content\/uploads\/2023\/03\/byron3.jpg",2000,1333,false],"thumbnail":["https:\/\/www.uartes.edu.ec\/sitio\/wp-content\/uploads\/2023\/03\/byron3-150x150.jpg",150,150,true],"medium":["https:\/\/www.uartes.edu.ec\/sitio\/wp-content\/uploads\/2023\/03\/byron3-300x200.jpg",300,200,true],"medium_large":["https:\/\/www.uartes.edu.ec\/sitio\/wp-content\/uploads\/2023\/03\/byron3-768x512.jpg",768,512,true],"large":["https:\/\/www.uartes.edu.ec\/sitio\/wp-content\/uploads\/2023\/03\/byron3-644x429.jpg",644,429,true],"1536x1536":["https:\/\/www.uartes.edu.ec\/sitio\/wp-content\/uploads\/2023\/03\/byron3-1536x1024.jpg",1536,1024,true],"2048x2048":["https:\/\/www.uartes.edu.ec\/sitio\/wp-content\/uploads\/2023\/03\/byron3.jpg",2000,1333,false],"trp-custom-language-flag":["https:\/\/www.uartes.edu.ec\/sitio\/wp-content\/uploads\/2023\/03\/byron3.jpg",18,12,false],"htmega_size_585x295":["https:\/\/www.uartes.edu.ec\/sitio\/wp-content\/uploads\/2023\/03\/byron3-585x295.jpg",585,295,true],"htmega_size_1170x536":["https:\/\/www.uartes.edu.ec\/sitio\/wp-content\/uploads\/2023\/03\/byron3-1170x536.jpg",1170,536,true],"htmega_size_396x360":["https:\/\/www.uartes.edu.ec\/sitio\/wp-content\/uploads\/2023\/03\/byron3-396x360.jpg",396,360,true],"gb-block-post-grid-landscape":["https:\/\/www.uartes.edu.ec\/sitio\/wp-content\/uploads\/2023\/03\/byron3-600x400.jpg",600,400,true],"gb-block-post-grid-square":["https:\/\/www.uartes.edu.ec\/sitio\/wp-content\/uploads\/2023\/03\/byron3-600x600.jpg",600,600,true],"university-hub-thumb":["https:\/\/www.uartes.edu.ec\/sitio\/wp-content\/uploads\/2023\/03\/byron3-400x267.jpg",400,267,true]},"uagb_author_info":{"display_name":"ccortez","author_link":"https:\/\/www.uartes.edu.ec\/sitio\/blog\/author\/ccortez\/"},"uagb_comment_info":0,"uagb_excerpt":"El acto fue sencillo, pero significativo. Luis Hern\u00e1ndez, rector (s) de la UNAE se\u00f1al\u00f3 as\u00ed a la graduaci\u00f3n de la primera cohorte de licenciados en Pedagog\u00eda en Artes y Humanidades, carrera compartida con la UArtes. Tuvo lugar el 16 de febrero en Azogues y asisti\u00f3 una comitiva de nuestra instituci\u00f3n, presidida por el vicerrector Bradley&hellip;","featured_image_src":"https:\/\/www.uartes.edu.ec\/sitio\/wp-content\/uploads\/2023\/03\/byron3-600x400.jpg","featured_image_src_square":"https:\/\/www.uartes.edu.ec\/sitio\/wp-content\/uploads\/2023\/03\/byron3-600x600.jpg","author_info":{"display_name":"ccortez","author_link":"https:\/\/www.uartes.edu.ec\/sitio\/blog\/author\/ccortez\/"},"publishpress_future_workflow_manual_trigger":{"enabledWorkflows":[]},"distributor_meta":false,"distributor_terms":false,"distributor_media":false,"distributor_original_site_name":"Universidad de las Artes","distributor_original_site_url":"https:\/\/www.uartes.edu.ec\/sitio","push-errors":false,"_links":{"self":[{"href":"https:\/\/www.uartes.edu.ec\/sitio\/wp-json\/wp\/v2\/posts\/38519","targetHints":{"allow":["GET"]}}],"collection":[{"href":"https:\/\/www.uartes.edu.ec\/sitio\/wp-json\/wp\/v2\/posts"}],"about":[{"href":"https:\/\/www.uartes.edu.ec\/sitio\/wp-json\/wp\/v2\/types\/post"}],"author":[{"embeddable":true,"href":"https:\/\/www.uartes.edu.ec\/sitio\/wp-json\/wp\/v2\/users\/10"}],"replies":[{"embeddable":true,"href":"https:\/\/www.uartes.edu.ec\/sitio\/wp-json\/wp\/v2\/comments?post=38519"}],"version-history":[{"count":13,"href":"https:\/\/www.uartes.edu.ec\/sitio\/wp-json\/wp\/v2\/posts\/38519\/revisions"}],"predecessor-version":[{"id":46554,"href":"https:\/\/www.uartes.edu.ec\/sitio\/wp-json\/wp\/v2\/posts\/38519\/revisions\/46554"}],"wp:featuredmedia":[{"embeddable":true,"href":"https:\/\/www.uartes.edu.ec\/sitio\/wp-json\/wp\/v2\/media\/38535"}],"wp:attachment":[{"href":"https:\/\/www.uartes.edu.ec\/sitio\/wp-json\/wp\/v2\/media?parent=38519"}],"wp:term":[{"taxonomy":"category","embeddable":true,"href":"https:\/\/www.uartes.edu.ec\/sitio\/wp-json\/wp\/v2\/categories?post=38519"},{"taxonomy":"post_tag","embeddable":true,"href":"https:\/\/www.uartes.edu.ec\/sitio\/wp-json\/wp\/v2\/tags?post=38519"},{"taxonomy":"infouartes","embeddable":true,"href":"https:\/\/www.uartes.edu.ec\/sitio\/wp-json\/wp\/v2\/infouartes?post=38519"}],"curies":[{"name":"wp","href":"https:\/\/api.w.org\/{rel}","templated":true}]}}