{"id":38835,"date":"2023-02-24T17:45:00","date_gmt":"2023-02-24T22:45:00","guid":{"rendered":"https:\/\/www.uartes.edu.ec\/sitio\/?p=38835"},"modified":"2024-07-04T11:21:28","modified_gmt":"2024-07-04T16:21:28","slug":"con-jornada-artistica-y-creativa-estudiantes-y-docentes-uartes-concluyeron-ciclo-de-nivelacion","status":"publish","type":"post","link":"https:\/\/www.uartes.edu.ec\/sitio\/blog\/2023\/02\/24\/con-jornada-artistica-y-creativa-estudiantes-y-docentes-uartes-concluyeron-ciclo-de-nivelacion\/","title":{"rendered":"Con jornada art\u00edstica y creativa, estudiantes y docentes UArtes concluyeron ciclo de Nivelaci\u00f3n"},"content":{"rendered":"\n<p>En sus rostros y en la de sus docentes, familiares y amigos hubo emoci\u00f3n y expectativa. Los estudiantes de Nivelaci\u00f3n estaban inquietos por mostrar los resultados de la preparaci\u00f3n recibida, la cual les permiti\u00f3 descubrir y afianzar sus talentos y reafirmar las razones por las cuales decidieron postularse para la Universidad de las Artes. Lo hicieron en una jornada que inici\u00f3 con m\u00fasica a las 09:00 de este jueves 23 de febrero en el MZ14 Centro de Producci\u00f3n e Innovaci\u00f3n y que culmin\u00f3 pasadas las 17:00 entre aplausos, risas y grandes satisfacciones. &nbsp;&nbsp;<\/p>\n\n\n\n<p>La bienvenida a la actividad la dio la Mgs. Yanella Duarte, jefa del Departamento de Nivelaci\u00f3n, quien resalt\u00f3 los esfuerzos y dedicaci\u00f3n de los alumnos y sus docentes en este proceso de aprendizaje. En un di\u00e1logo previo con InfoUArtes, la acad\u00e9mica indic\u00f3 que en el programa \u2013con duraci\u00f3n de 12 semanas\u2013 participaron 162 estudiantes, que las exposiciones correspond\u00edan a las diferentes especializaciones y que todas las carreras tienen sus particularidades y profesan diferentes lenguajes para su realizaci\u00f3n.&nbsp;<\/p>\n\n\n\n<p>Tras su intervenci\u00f3n se presentaron las obras \u201cColapso\u201d (foto bajo estas l\u00edneas), a cargo del docente Arturo Parra y sus estudiantes de Producci\u00f3n Musical, y \u201c\u00c1rbol de la conciencia\u201d, definida por sus expositores como una invitaci\u00f3n a reflexionar sobre qui\u00e9nes somos y nuestro entorno.<\/p>\n\n\n<div class=\"wp-block-image\">\n<figure class=\"aligncenter size-large\"><img fetchpriority=\"high\" decoding=\"async\" width=\"644\" height=\"429\" src=\"https:\/\/www.uartes.edu.ec\/sitio\/wp-content\/uploads\/2023\/03\/NIVELACION144-644x429.jpg\" alt=\"\" class=\"wp-image-38838\" srcset=\"https:\/\/www.uartes.edu.ec\/sitio\/wp-content\/uploads\/2023\/03\/NIVELACION144-644x429.jpg 644w, https:\/\/www.uartes.edu.ec\/sitio\/wp-content\/uploads\/2023\/03\/NIVELACION144-768x511.jpg 768w, https:\/\/www.uartes.edu.ec\/sitio\/wp-content\/uploads\/2023\/03\/NIVELACION144.jpg 2000w, https:\/\/www.uartes.edu.ec\/sitio\/wp-content\/uploads\/2023\/03\/NIVELACION144-600x399.jpg 600w, https:\/\/www.uartes.edu.ec\/sitio\/wp-content\/uploads\/2023\/03\/NIVELACION144-272x182.jpg 272w\" sizes=\"(max-width: 644px) 100vw, 644px\" \/><\/figure>\n<\/div>\n\n\n<p>La lectura de poemas, con la docente Melanie Moreira y sus estudiantes de la carrera de Literatura; el performance &#8220;Partituras y juegos&#8221;, con la docente Vanessa Guam\u00e1n y sus estudiantes de Creaci\u00f3n Teatral; la reproducci\u00f3n de obras realizadas por los alumnos de la carrera de Producci\u00f3n Musical, a cargo del docente Arturo Parra; y la muestra de ejercicios coreogr\u00e1ficos, con la docente Tamia S\u00e1nchez y sus estudiantes de la carrera de Danza, arrancaron sonoros aplausos y gritos de j\u00fabilo.<\/p>\n\n\n\n<p>Entonces se dio la bienvenida al rector William Herrera y al vicerrector acad\u00e9mico Bradley Hilgert, quienes acudieron a la jornada art\u00edstica y creativa en el MZ14 con los doctores Gustavo Estrella, \u00c1ngela Calder\u00f3n y Ra\u00fal Carpio, del Consejo de Aseguramiento de la Calidad de la Educaci\u00f3n Superior (CACES); y Carmita \u00c1lvarez, del Consejo de Educaci\u00f3n Superior (CES). Justamente este jueves 23 ellos presid\u00edan y participaban junto a los delegados de 37 IES del pa\u00eds en un taller que tuvo como sede la Biblioteca de las Artes.<\/p>\n\n\n<div class=\"wp-block-image\">\n<figure class=\"aligncenter size-large\"><img decoding=\"async\" width=\"644\" height=\"429\" src=\"https:\/\/www.uartes.edu.ec\/sitio\/wp-content\/uploads\/2023\/03\/NIVELACION133-644x429.jpg\" alt=\"\" class=\"wp-image-38839\" srcset=\"https:\/\/www.uartes.edu.ec\/sitio\/wp-content\/uploads\/2023\/03\/NIVELACION133-644x429.jpg 644w, https:\/\/www.uartes.edu.ec\/sitio\/wp-content\/uploads\/2023\/03\/NIVELACION133-768x511.jpg 768w, https:\/\/www.uartes.edu.ec\/sitio\/wp-content\/uploads\/2023\/03\/NIVELACION133.jpg 2000w, https:\/\/www.uartes.edu.ec\/sitio\/wp-content\/uploads\/2023\/03\/NIVELACION133-600x399.jpg 600w, https:\/\/www.uartes.edu.ec\/sitio\/wp-content\/uploads\/2023\/03\/NIVELACION133-272x182.jpg 272w\" sizes=\"(max-width: 644px) 100vw, 644px\" \/><\/figure>\n<\/div>\n\n<div class=\"wp-block-image\">\n<figure class=\"aligncenter size-large\"><img decoding=\"async\" width=\"644\" height=\"429\" src=\"https:\/\/www.uartes.edu.ec\/sitio\/wp-content\/uploads\/2023\/03\/NIVELACION155-644x429.jpg\" alt=\"\" class=\"wp-image-38840\" srcset=\"https:\/\/www.uartes.edu.ec\/sitio\/wp-content\/uploads\/2023\/03\/NIVELACION155-644x429.jpg 644w, https:\/\/www.uartes.edu.ec\/sitio\/wp-content\/uploads\/2023\/03\/NIVELACION155-768x511.jpg 768w, https:\/\/www.uartes.edu.ec\/sitio\/wp-content\/uploads\/2023\/03\/NIVELACION155.jpg 2000w, https:\/\/www.uartes.edu.ec\/sitio\/wp-content\/uploads\/2023\/03\/NIVELACION155-600x399.jpg 600w, https:\/\/www.uartes.edu.ec\/sitio\/wp-content\/uploads\/2023\/03\/NIVELACION155-272x182.jpg 272w\" sizes=\"(max-width: 644px) 100vw, 644px\" \/><\/figure>\n<\/div>\n\n\n<p>Dirigidos por la docente Priscila Castro, los estudiantes que con ella vieron en Nivelaci\u00f3n la asignatura Pr\u00e1ctica Disciplinar Instrumental brindaron a las autoridades acad\u00e9micas y al p\u00fablico el pasillo \u201cEl alma en los labios\u201d, un fragmento de \u201cPrimavera\u201d, de \u201cLas Cuatro Estaciones\u201d de Antonio Vivaldi; una pieza con algo de blues, titulada \u201cAll of me\u201d; y el tema \u201cViva la vida\u201d de Coldplay.&nbsp;En escena estuvieron 25 estudiantes, incluidos los cinco cantantes, quienes hicieron vibrar sus guitarras, violines, trompeta, saxof\u00f3n, flauta, clarinete, bater\u00eda y caj\u00f3n.<\/p>\n\n\n\n<p>Los familiares de los estudiantes que acudieron a la muestra los escucharon at\u00f3nitos. J\u00e9ssica Baja\u00f1a, madre de \u00c1ngel Ganazhapa, uno de los violinistas del grupo, no dej\u00f3 de fotografiarlo y grabarlo con su celular. Cont\u00f3 que desde ni\u00f1o \u00e9l gust\u00f3 de la m\u00fasica y que en Loja, capital de la provincia del mismo nombre donde resid\u00eda, estudi\u00f3 en el Conservatorio Superior Salvador Bustamante Celi. \u201cHa ganado algunos premios y tenido varias presentaciones, por eso cuando me dijo que quer\u00eda estudiar en la Universidad de las Artes lo apoy\u00e9, pues proviene de una familia de m\u00fasicos; mi padre y el suyo han integrado importantes orquestas\u201d, refiri\u00f3.<\/p>\n\n\n<div class=\"wp-block-image\">\n<figure class=\"aligncenter size-large\"><img loading=\"lazy\" decoding=\"async\" width=\"644\" height=\"429\" src=\"https:\/\/www.uartes.edu.ec\/sitio\/wp-content\/uploads\/2023\/03\/directores-cine-644x429.jpg\" alt=\"\" class=\"wp-image-38836\" srcset=\"https:\/\/www.uartes.edu.ec\/sitio\/wp-content\/uploads\/2023\/03\/directores-cine-644x429.jpg 644w, https:\/\/www.uartes.edu.ec\/sitio\/wp-content\/uploads\/2023\/03\/directores-cine-768x512.jpg 768w, https:\/\/www.uartes.edu.ec\/sitio\/wp-content\/uploads\/2023\/03\/directores-cine-600x400.jpg 600w, https:\/\/www.uartes.edu.ec\/sitio\/wp-content\/uploads\/2023\/03\/directores-cine-272x182.jpg 272w\" sizes=\"(max-width: 644px) 100vw, 644px\" \/><figcaption class=\"wp-element-caption\">Estudiantes que dirigieron los audiovisuales que se presentaron en la jornada del cierre del ciclo de Nivelaci\u00f3n,<\/figcaption><\/figure>\n<\/div>\n\n\n<p>Luego de la presentaci\u00f3n de Artes Musicales y Sonoras se hizo la proyecci\u00f3n de propuestas audiovisuales de los estudiantes de la docente Mar\u00eda Bel\u00e9n Acebo. Ellos vieron, se\u00f1al\u00f3, las materias Pr\u00e1ctica Disciplinar de Artes Visuales, Introducci\u00f3n a la Creaci\u00f3n Art\u00edstica y Pr\u00e1ctica Disciplinar de Cine. En ese marco trabajaron catorce videos y cortos experimentales. De estos \u00faltimos cit\u00f3: \u00bfPor qu\u00e9 cine\u201d, de Renato Arpi; \u201cEvoluci\u00f3n de amor\u201d, de \u00c9rick Zambrano; \u201cEs que soy loco\u201d, de Jonathan Flores; \u201cDiscrimination\u201d, de Camila Ar\u00e1uz; \u201cEl rito de los corruptos\u201d, de Michael Zambrano; \u201c9000\u201d, de Fabio Santill\u00e1n; \u201cSOS\u201d, Romina Chiriguaya; \u201cEl privilegio de estar vivas\u201d, de Josmara Escala; y, \u201cPasa sin permiso\u201d, de Yara Cepeda.<\/p>\n\n\n\n<p>\u201cFue un proceso excelente porque desde la idea hasta la preproducci\u00f3n, pasando por el rodaje y la posproducci\u00f3n, los chicos estuvieron motivados. Fueron a tutor\u00edas, lo cual evidenci\u00f3 que est\u00e1n abiertos a seguir consejos de los docentes\u201d, indic\u00f3 Acebo, quien valor\u00f3 el trabajo en equipo que tuvieron, muy importante en la carrea de Cine.&nbsp;<\/p>\n\n\n<div class=\"wp-block-image\">\n<figure class=\"aligncenter size-large\"><img loading=\"lazy\" decoding=\"async\" width=\"644\" height=\"429\" src=\"https:\/\/www.uartes.edu.ec\/sitio\/wp-content\/uploads\/2023\/03\/NIVELACION166-644x429.jpg\" alt=\"\" class=\"wp-image-38841\" srcset=\"https:\/\/www.uartes.edu.ec\/sitio\/wp-content\/uploads\/2023\/03\/NIVELACION166-644x429.jpg 644w, https:\/\/www.uartes.edu.ec\/sitio\/wp-content\/uploads\/2023\/03\/NIVELACION166-768x511.jpg 768w, https:\/\/www.uartes.edu.ec\/sitio\/wp-content\/uploads\/2023\/03\/NIVELACION166.jpg 2000w, https:\/\/www.uartes.edu.ec\/sitio\/wp-content\/uploads\/2023\/03\/NIVELACION166-600x399.jpg 600w, https:\/\/www.uartes.edu.ec\/sitio\/wp-content\/uploads\/2023\/03\/NIVELACION166-272x182.jpg 272w\" sizes=\"(max-width: 644px) 100vw, 644px\" \/><\/figure>\n<\/div>\n\n\n<p>Paralelo a las actividades desarrolladas en la Plaza P\u00fablica del MZ14, en el Aula 104 del primer piso se inauguraba una muestra con todos los trabajos desarrollados por los estudiantes en las asignaturas Introducci\u00f3n a la Creaci\u00f3n Art\u00edstica, Arte y Sociedad, Introducci\u00f3n al Dibujo Art\u00edstico y Pr\u00e1ctica Disciplinar.<\/p>\n\n\n\n<p>Finalmente, tras casi ocho horas de presentaciones y exposiciones, la jornada concluy\u00f3 con la misma algarab\u00eda con la que inici\u00f3. Hubo baile, se hicieron juegos y competencias. En el cierre intervino el vicerrector acad\u00e9mico, quien destac\u00f3 el camino recorrido, el cual solo fue el pre\u00e1mbulo de un pregrado que propone un mundo por descubrir.<\/p>\n","protected":false},"excerpt":{"rendered":"<p>Los 162 estudiantes que cursaron el programa de Nivelaci\u00f3n de la Universidad de las Artes culminaron el ciclo con una jornada art\u00edstica y creativa que tuvo lugar este 23 de febrero en la Plaza P\u00fablica del MZ14 Centro de Producci\u00f3n e Innovaci\u00f3n. Las exposiciones correspondieron a las diferentes especializaciones, indic\u00f3 Yanella Duarte, jefa del Departamento de Nivelaci\u00f3n de la UArtes.  <\/p>\n","protected":false},"author":10,"featured_media":38837,"comment_status":"open","ping_status":"open","sticky":false,"template":"","format":"standard","meta":{"_acf_changed":false,"_uag_custom_page_level_css":"","_monsterinsights_skip_tracking":false,"_monsterinsights_sitenote_active":false,"_monsterinsights_sitenote_note":"","_monsterinsights_sitenote_category":0,"cybocfi_hide_featured_image":"","footnotes":""},"categories":[715,80,82,75,76],"tags":[539],"infouartes":[],"class_list":["post-38835","post","type-post","status-publish","format-standard","has-post-thumbnail","hentry","category-2c","category-academico","category-artes","category-docentes","category-estudiantes","tag-jornada"],"acf":[],"yoast_head":"<!-- This site is optimized with the Yoast SEO plugin v27.4 - https:\/\/yoast.com\/product\/yoast-seo-wordpress\/ -->\n<title>Universidad de las Artes - Con jornada art\u00edstica y creativa, estudiantes y docentes UArtes concluyeron ciclo de Nivelaci\u00f3n<\/title>\n<meta name=\"description\" content=\"Universidad de las Artes - Con jornada art\u00edstica y creativa, estudiantes y docentes UArtes concluyeron ciclo de Nivelaci\u00f3n\" \/>\n<meta name=\"robots\" content=\"index, follow, max-snippet:-1, max-image-preview:large, max-video-preview:-1\" \/>\n<link rel=\"canonical\" href=\"https:\/\/www.uartes.edu.ec\/sitio\/blog\/2023\/02\/24\/con-jornada-artistica-y-creativa-estudiantes-y-docentes-uartes-concluyeron-ciclo-de-nivelacion\/\" \/>\n<meta property=\"og:locale\" content=\"es_ES\" \/>\n<meta property=\"og:type\" content=\"article\" \/>\n<meta property=\"og:title\" content=\"Universidad de las Artes - Con jornada art\u00edstica y creativa, estudiantes y docentes UArtes concluyeron ciclo de Nivelaci\u00f3n\" \/>\n<meta property=\"og:description\" content=\"Universidad de las Artes - Con jornada art\u00edstica y creativa, estudiantes y docentes UArtes concluyeron ciclo de Nivelaci\u00f3n\" \/>\n<meta property=\"og:url\" content=\"https:\/\/www.uartes.edu.ec\/sitio\/blog\/2023\/02\/24\/con-jornada-artistica-y-creativa-estudiantes-y-docentes-uartes-concluyeron-ciclo-de-nivelacion\/\" \/>\n<meta property=\"og:site_name\" content=\"Universidad de las Artes\" \/>\n<meta property=\"article:publisher\" content=\"https:\/\/www.facebook.com\/uartesec\" \/>\n<meta property=\"article:published_time\" content=\"2023-02-24T22:45:00+00:00\" \/>\n<meta property=\"article:modified_time\" content=\"2024-07-04T16:21:28+00:00\" \/>\n<meta property=\"og:image\" content=\"https:\/\/www.uartes.edu.ec\/sitio\/wp-content\/uploads\/2023\/03\/NIVELACION122.jpg\" \/>\n\t<meta property=\"og:image:width\" content=\"2000\" \/>\n\t<meta property=\"og:image:height\" content=\"1333\" \/>\n\t<meta property=\"og:image:type\" content=\"image\/jpeg\" \/>\n<meta name=\"author\" content=\"ccortez\" \/>\n<meta name=\"twitter:card\" content=\"summary_large_image\" \/>\n<meta name=\"twitter:creator\" content=\"@uartesec\" \/>\n<meta name=\"twitter:site\" content=\"@uartesec\" \/>\n<meta name=\"twitter:label1\" content=\"Escrito por\" \/>\n\t<meta name=\"twitter:data1\" content=\"ccortez\" \/>\n\t<meta name=\"twitter:label2\" content=\"Tiempo de lectura\" \/>\n\t<meta name=\"twitter:data2\" content=\"5 minutos\" \/>\n<script type=\"application\/ld+json\" class=\"yoast-schema-graph\">{\"@context\":\"https:\\\/\\\/schema.org\",\"@graph\":[{\"@type\":\"Article\",\"@id\":\"https:\\\/\\\/www.uartes.edu.ec\\\/sitio\\\/blog\\\/2023\\\/02\\\/24\\\/con-jornada-artistica-y-creativa-estudiantes-y-docentes-uartes-concluyeron-ciclo-de-nivelacion\\\/#article\",\"isPartOf\":{\"@id\":\"https:\\\/\\\/www.uartes.edu.ec\\\/sitio\\\/blog\\\/2023\\\/02\\\/24\\\/con-jornada-artistica-y-creativa-estudiantes-y-docentes-uartes-concluyeron-ciclo-de-nivelacion\\\/\"},\"author\":{\"name\":\"ccortez\",\"@id\":\"https:\\\/\\\/www.uartes.edu.ec\\\/sitio\\\/#\\\/schema\\\/person\\\/efa1b8275797664fd7f13a79ccc0b1f4\"},\"headline\":\"Con jornada art\u00edstica y creativa, estudiantes y docentes UArtes concluyeron ciclo de Nivelaci\u00f3n\",\"datePublished\":\"2023-02-24T22:45:00+00:00\",\"dateModified\":\"2024-07-04T16:21:28+00:00\",\"mainEntityOfPage\":{\"@id\":\"https:\\\/\\\/www.uartes.edu.ec\\\/sitio\\\/blog\\\/2023\\\/02\\\/24\\\/con-jornada-artistica-y-creativa-estudiantes-y-docentes-uartes-concluyeron-ciclo-de-nivelacion\\\/\"},\"wordCount\":938,\"commentCount\":0,\"publisher\":{\"@id\":\"https:\\\/\\\/www.uartes.edu.ec\\\/sitio\\\/#organization\"},\"image\":{\"@id\":\"https:\\\/\\\/www.uartes.edu.ec\\\/sitio\\\/blog\\\/2023\\\/02\\\/24\\\/con-jornada-artistica-y-creativa-estudiantes-y-docentes-uartes-concluyeron-ciclo-de-nivelacion\\\/#primaryimage\"},\"thumbnailUrl\":\"https:\\\/\\\/www.uartes.edu.ec\\\/sitio\\\/wp-content\\\/uploads\\\/2023\\\/03\\\/NIVELACION122.jpg\",\"keywords\":[\"jornada\"],\"articleSection\":[\"2C\",\"Acad\u00e9mico\",\"Artes\",\"Docentes\",\"Estudiantes\"],\"inLanguage\":\"es\",\"potentialAction\":[{\"@type\":\"CommentAction\",\"name\":\"Comment\",\"target\":[\"https:\\\/\\\/www.uartes.edu.ec\\\/sitio\\\/blog\\\/2023\\\/02\\\/24\\\/con-jornada-artistica-y-creativa-estudiantes-y-docentes-uartes-concluyeron-ciclo-de-nivelacion\\\/#respond\"]}]},{\"@type\":[\"WebPage\",\"ItemPage\"],\"@id\":\"https:\\\/\\\/www.uartes.edu.ec\\\/sitio\\\/blog\\\/2023\\\/02\\\/24\\\/con-jornada-artistica-y-creativa-estudiantes-y-docentes-uartes-concluyeron-ciclo-de-nivelacion\\\/\",\"url\":\"https:\\\/\\\/www.uartes.edu.ec\\\/sitio\\\/blog\\\/2023\\\/02\\\/24\\\/con-jornada-artistica-y-creativa-estudiantes-y-docentes-uartes-concluyeron-ciclo-de-nivelacion\\\/\",\"name\":\"Universidad de las Artes - Con jornada art\u00edstica y creativa, estudiantes y docentes UArtes concluyeron ciclo de Nivelaci\u00f3n\",\"isPartOf\":{\"@id\":\"https:\\\/\\\/www.uartes.edu.ec\\\/sitio\\\/#website\"},\"primaryImageOfPage\":{\"@id\":\"https:\\\/\\\/www.uartes.edu.ec\\\/sitio\\\/blog\\\/2023\\\/02\\\/24\\\/con-jornada-artistica-y-creativa-estudiantes-y-docentes-uartes-concluyeron-ciclo-de-nivelacion\\\/#primaryimage\"},\"image\":{\"@id\":\"https:\\\/\\\/www.uartes.edu.ec\\\/sitio\\\/blog\\\/2023\\\/02\\\/24\\\/con-jornada-artistica-y-creativa-estudiantes-y-docentes-uartes-concluyeron-ciclo-de-nivelacion\\\/#primaryimage\"},\"thumbnailUrl\":\"https:\\\/\\\/www.uartes.edu.ec\\\/sitio\\\/wp-content\\\/uploads\\\/2023\\\/03\\\/NIVELACION122.jpg\",\"datePublished\":\"2023-02-24T22:45:00+00:00\",\"dateModified\":\"2024-07-04T16:21:28+00:00\",\"description\":\"Universidad de las Artes - Con jornada art\u00edstica y creativa, estudiantes y docentes UArtes concluyeron ciclo de Nivelaci\u00f3n\",\"breadcrumb\":{\"@id\":\"https:\\\/\\\/www.uartes.edu.ec\\\/sitio\\\/blog\\\/2023\\\/02\\\/24\\\/con-jornada-artistica-y-creativa-estudiantes-y-docentes-uartes-concluyeron-ciclo-de-nivelacion\\\/#breadcrumb\"},\"inLanguage\":\"es\",\"potentialAction\":[{\"@type\":\"ReadAction\",\"target\":[\"https:\\\/\\\/www.uartes.edu.ec\\\/sitio\\\/blog\\\/2023\\\/02\\\/24\\\/con-jornada-artistica-y-creativa-estudiantes-y-docentes-uartes-concluyeron-ciclo-de-nivelacion\\\/\"]}]},{\"@type\":\"ImageObject\",\"inLanguage\":\"es\",\"@id\":\"https:\\\/\\\/www.uartes.edu.ec\\\/sitio\\\/blog\\\/2023\\\/02\\\/24\\\/con-jornada-artistica-y-creativa-estudiantes-y-docentes-uartes-concluyeron-ciclo-de-nivelacion\\\/#primaryimage\",\"url\":\"https:\\\/\\\/www.uartes.edu.ec\\\/sitio\\\/wp-content\\\/uploads\\\/2023\\\/03\\\/NIVELACION122.jpg\",\"contentUrl\":\"https:\\\/\\\/www.uartes.edu.ec\\\/sitio\\\/wp-content\\\/uploads\\\/2023\\\/03\\\/NIVELACION122.jpg\",\"width\":2000,\"height\":1333},{\"@type\":\"BreadcrumbList\",\"@id\":\"https:\\\/\\\/www.uartes.edu.ec\\\/sitio\\\/blog\\\/2023\\\/02\\\/24\\\/con-jornada-artistica-y-creativa-estudiantes-y-docentes-uartes-concluyeron-ciclo-de-nivelacion\\\/#breadcrumb\",\"itemListElement\":[{\"@type\":\"ListItem\",\"position\":1,\"name\":\"Inicio\",\"item\":\"https:\\\/\\\/www.uartes.edu.ec\\\/sitio\\\/\"},{\"@type\":\"ListItem\",\"position\":2,\"name\":\"Con jornada art\u00edstica y creativa, estudiantes y docentes UArtes concluyeron ciclo de Nivelaci\u00f3n\"}]},{\"@type\":\"WebSite\",\"@id\":\"https:\\\/\\\/www.uartes.edu.ec\\\/sitio\\\/#website\",\"url\":\"https:\\\/\\\/www.uartes.edu.ec\\\/sitio\\\/\",\"name\":\"Universidad de las Artes\",\"description\":\"Sitio oficial de la Universidad Nacional de las Artes del Ecuador\",\"publisher\":{\"@id\":\"https:\\\/\\\/www.uartes.edu.ec\\\/sitio\\\/#organization\"},\"potentialAction\":[{\"@type\":\"SearchAction\",\"target\":{\"@type\":\"EntryPoint\",\"urlTemplate\":\"https:\\\/\\\/www.uartes.edu.ec\\\/sitio\\\/?s={search_term_string}\"},\"query-input\":{\"@type\":\"PropertyValueSpecification\",\"valueRequired\":true,\"valueName\":\"search_term_string\"}}],\"inLanguage\":\"es\"},{\"@type\":\"Organization\",\"@id\":\"https:\\\/\\\/www.uartes.edu.ec\\\/sitio\\\/#organization\",\"name\":\"Universidad de las Artes\",\"url\":\"https:\\\/\\\/www.uartes.edu.ec\\\/sitio\\\/\",\"logo\":{\"@type\":\"ImageObject\",\"inLanguage\":\"es\",\"@id\":\"https:\\\/\\\/www.uartes.edu.ec\\\/sitio\\\/#\\\/schema\\\/logo\\\/image\\\/\",\"url\":\"https:\\\/\\\/www.uartes.edu.ec\\\/sitio\\\/wp-content\\\/uploads\\\/2022\\\/07\\\/logo-ua-horizontal.png\",\"contentUrl\":\"https:\\\/\\\/www.uartes.edu.ec\\\/sitio\\\/wp-content\\\/uploads\\\/2022\\\/07\\\/logo-ua-horizontal.png\",\"width\":800,\"height\":276,\"caption\":\"Universidad de las Artes\"},\"image\":{\"@id\":\"https:\\\/\\\/www.uartes.edu.ec\\\/sitio\\\/#\\\/schema\\\/logo\\\/image\\\/\"},\"sameAs\":[\"https:\\\/\\\/www.facebook.com\\\/uartesec\",\"https:\\\/\\\/x.com\\\/uartesec\",\"https:\\\/\\\/www.tiktok.com\\\/@uartesec\"]},{\"@type\":\"Person\",\"@id\":\"https:\\\/\\\/www.uartes.edu.ec\\\/sitio\\\/#\\\/schema\\\/person\\\/efa1b8275797664fd7f13a79ccc0b1f4\",\"name\":\"ccortez\",\"image\":{\"@type\":\"ImageObject\",\"inLanguage\":\"es\",\"@id\":\"https:\\\/\\\/secure.gravatar.com\\\/avatar\\\/b2a6f664a3ae8e074346ef91775736c5ec479e637ecced6842de9dc98b5da9cd?s=96&d=mm&r=g\",\"url\":\"https:\\\/\\\/secure.gravatar.com\\\/avatar\\\/b2a6f664a3ae8e074346ef91775736c5ec479e637ecced6842de9dc98b5da9cd?s=96&d=mm&r=g\",\"contentUrl\":\"https:\\\/\\\/secure.gravatar.com\\\/avatar\\\/b2a6f664a3ae8e074346ef91775736c5ec479e637ecced6842de9dc98b5da9cd?s=96&d=mm&r=g\",\"caption\":\"ccortez\"},\"url\":\"https:\\\/\\\/www.uartes.edu.ec\\\/sitio\\\/blog\\\/author\\\/ccortez\\\/\"}]}<\/script>\n<!-- \/ Yoast SEO plugin. -->","yoast_head_json":{"title":"Universidad de las Artes - Con jornada art\u00edstica y creativa, estudiantes y docentes UArtes concluyeron ciclo de Nivelaci\u00f3n","description":"Universidad de las Artes - Con jornada art\u00edstica y creativa, estudiantes y docentes UArtes concluyeron ciclo de Nivelaci\u00f3n","robots":{"index":"index","follow":"follow","max-snippet":"max-snippet:-1","max-image-preview":"max-image-preview:large","max-video-preview":"max-video-preview:-1"},"canonical":"https:\/\/www.uartes.edu.ec\/sitio\/blog\/2023\/02\/24\/con-jornada-artistica-y-creativa-estudiantes-y-docentes-uartes-concluyeron-ciclo-de-nivelacion\/","og_locale":"es_ES","og_type":"article","og_title":"Universidad de las Artes - Con jornada art\u00edstica y creativa, estudiantes y docentes UArtes concluyeron ciclo de Nivelaci\u00f3n","og_description":"Universidad de las Artes - Con jornada art\u00edstica y creativa, estudiantes y docentes UArtes concluyeron ciclo de Nivelaci\u00f3n","og_url":"https:\/\/www.uartes.edu.ec\/sitio\/blog\/2023\/02\/24\/con-jornada-artistica-y-creativa-estudiantes-y-docentes-uartes-concluyeron-ciclo-de-nivelacion\/","og_site_name":"Universidad de las Artes","article_publisher":"https:\/\/www.facebook.com\/uartesec","article_published_time":"2023-02-24T22:45:00+00:00","article_modified_time":"2024-07-04T16:21:28+00:00","og_image":[{"width":2000,"height":1333,"url":"https:\/\/www.uartes.edu.ec\/sitio\/wp-content\/uploads\/2023\/03\/NIVELACION122.jpg","type":"image\/jpeg"}],"author":"ccortez","twitter_card":"summary_large_image","twitter_creator":"@uartesec","twitter_site":"@uartesec","twitter_misc":{"Escrito por":"ccortez","Tiempo de lectura":"5 minutos"},"schema":{"@context":"https:\/\/schema.org","@graph":[{"@type":"Article","@id":"https:\/\/www.uartes.edu.ec\/sitio\/blog\/2023\/02\/24\/con-jornada-artistica-y-creativa-estudiantes-y-docentes-uartes-concluyeron-ciclo-de-nivelacion\/#article","isPartOf":{"@id":"https:\/\/www.uartes.edu.ec\/sitio\/blog\/2023\/02\/24\/con-jornada-artistica-y-creativa-estudiantes-y-docentes-uartes-concluyeron-ciclo-de-nivelacion\/"},"author":{"name":"ccortez","@id":"https:\/\/www.uartes.edu.ec\/sitio\/#\/schema\/person\/efa1b8275797664fd7f13a79ccc0b1f4"},"headline":"Con jornada art\u00edstica y creativa, estudiantes y docentes UArtes concluyeron ciclo de Nivelaci\u00f3n","datePublished":"2023-02-24T22:45:00+00:00","dateModified":"2024-07-04T16:21:28+00:00","mainEntityOfPage":{"@id":"https:\/\/www.uartes.edu.ec\/sitio\/blog\/2023\/02\/24\/con-jornada-artistica-y-creativa-estudiantes-y-docentes-uartes-concluyeron-ciclo-de-nivelacion\/"},"wordCount":938,"commentCount":0,"publisher":{"@id":"https:\/\/www.uartes.edu.ec\/sitio\/#organization"},"image":{"@id":"https:\/\/www.uartes.edu.ec\/sitio\/blog\/2023\/02\/24\/con-jornada-artistica-y-creativa-estudiantes-y-docentes-uartes-concluyeron-ciclo-de-nivelacion\/#primaryimage"},"thumbnailUrl":"https:\/\/www.uartes.edu.ec\/sitio\/wp-content\/uploads\/2023\/03\/NIVELACION122.jpg","keywords":["jornada"],"articleSection":["2C","Acad\u00e9mico","Artes","Docentes","Estudiantes"],"inLanguage":"es","potentialAction":[{"@type":"CommentAction","name":"Comment","target":["https:\/\/www.uartes.edu.ec\/sitio\/blog\/2023\/02\/24\/con-jornada-artistica-y-creativa-estudiantes-y-docentes-uartes-concluyeron-ciclo-de-nivelacion\/#respond"]}]},{"@type":["WebPage","ItemPage"],"@id":"https:\/\/www.uartes.edu.ec\/sitio\/blog\/2023\/02\/24\/con-jornada-artistica-y-creativa-estudiantes-y-docentes-uartes-concluyeron-ciclo-de-nivelacion\/","url":"https:\/\/www.uartes.edu.ec\/sitio\/blog\/2023\/02\/24\/con-jornada-artistica-y-creativa-estudiantes-y-docentes-uartes-concluyeron-ciclo-de-nivelacion\/","name":"Universidad de las Artes - Con jornada art\u00edstica y creativa, estudiantes y docentes UArtes concluyeron ciclo de Nivelaci\u00f3n","isPartOf":{"@id":"https:\/\/www.uartes.edu.ec\/sitio\/#website"},"primaryImageOfPage":{"@id":"https:\/\/www.uartes.edu.ec\/sitio\/blog\/2023\/02\/24\/con-jornada-artistica-y-creativa-estudiantes-y-docentes-uartes-concluyeron-ciclo-de-nivelacion\/#primaryimage"},"image":{"@id":"https:\/\/www.uartes.edu.ec\/sitio\/blog\/2023\/02\/24\/con-jornada-artistica-y-creativa-estudiantes-y-docentes-uartes-concluyeron-ciclo-de-nivelacion\/#primaryimage"},"thumbnailUrl":"https:\/\/www.uartes.edu.ec\/sitio\/wp-content\/uploads\/2023\/03\/NIVELACION122.jpg","datePublished":"2023-02-24T22:45:00+00:00","dateModified":"2024-07-04T16:21:28+00:00","description":"Universidad de las Artes - Con jornada art\u00edstica y creativa, estudiantes y docentes UArtes concluyeron ciclo de Nivelaci\u00f3n","breadcrumb":{"@id":"https:\/\/www.uartes.edu.ec\/sitio\/blog\/2023\/02\/24\/con-jornada-artistica-y-creativa-estudiantes-y-docentes-uartes-concluyeron-ciclo-de-nivelacion\/#breadcrumb"},"inLanguage":"es","potentialAction":[{"@type":"ReadAction","target":["https:\/\/www.uartes.edu.ec\/sitio\/blog\/2023\/02\/24\/con-jornada-artistica-y-creativa-estudiantes-y-docentes-uartes-concluyeron-ciclo-de-nivelacion\/"]}]},{"@type":"ImageObject","inLanguage":"es","@id":"https:\/\/www.uartes.edu.ec\/sitio\/blog\/2023\/02\/24\/con-jornada-artistica-y-creativa-estudiantes-y-docentes-uartes-concluyeron-ciclo-de-nivelacion\/#primaryimage","url":"https:\/\/www.uartes.edu.ec\/sitio\/wp-content\/uploads\/2023\/03\/NIVELACION122.jpg","contentUrl":"https:\/\/www.uartes.edu.ec\/sitio\/wp-content\/uploads\/2023\/03\/NIVELACION122.jpg","width":2000,"height":1333},{"@type":"BreadcrumbList","@id":"https:\/\/www.uartes.edu.ec\/sitio\/blog\/2023\/02\/24\/con-jornada-artistica-y-creativa-estudiantes-y-docentes-uartes-concluyeron-ciclo-de-nivelacion\/#breadcrumb","itemListElement":[{"@type":"ListItem","position":1,"name":"Inicio","item":"https:\/\/www.uartes.edu.ec\/sitio\/"},{"@type":"ListItem","position":2,"name":"Con jornada art\u00edstica y creativa, estudiantes y docentes UArtes concluyeron ciclo de Nivelaci\u00f3n"}]},{"@type":"WebSite","@id":"https:\/\/www.uartes.edu.ec\/sitio\/#website","url":"https:\/\/www.uartes.edu.ec\/sitio\/","name":"Universidad de las Artes","description":"Sitio oficial de la Universidad Nacional de las Artes del Ecuador","publisher":{"@id":"https:\/\/www.uartes.edu.ec\/sitio\/#organization"},"potentialAction":[{"@type":"SearchAction","target":{"@type":"EntryPoint","urlTemplate":"https:\/\/www.uartes.edu.ec\/sitio\/?s={search_term_string}"},"query-input":{"@type":"PropertyValueSpecification","valueRequired":true,"valueName":"search_term_string"}}],"inLanguage":"es"},{"@type":"Organization","@id":"https:\/\/www.uartes.edu.ec\/sitio\/#organization","name":"Universidad de las Artes","url":"https:\/\/www.uartes.edu.ec\/sitio\/","logo":{"@type":"ImageObject","inLanguage":"es","@id":"https:\/\/www.uartes.edu.ec\/sitio\/#\/schema\/logo\/image\/","url":"https:\/\/www.uartes.edu.ec\/sitio\/wp-content\/uploads\/2022\/07\/logo-ua-horizontal.png","contentUrl":"https:\/\/www.uartes.edu.ec\/sitio\/wp-content\/uploads\/2022\/07\/logo-ua-horizontal.png","width":800,"height":276,"caption":"Universidad de las Artes"},"image":{"@id":"https:\/\/www.uartes.edu.ec\/sitio\/#\/schema\/logo\/image\/"},"sameAs":["https:\/\/www.facebook.com\/uartesec","https:\/\/x.com\/uartesec","https:\/\/www.tiktok.com\/@uartesec"]},{"@type":"Person","@id":"https:\/\/www.uartes.edu.ec\/sitio\/#\/schema\/person\/efa1b8275797664fd7f13a79ccc0b1f4","name":"ccortez","image":{"@type":"ImageObject","inLanguage":"es","@id":"https:\/\/secure.gravatar.com\/avatar\/b2a6f664a3ae8e074346ef91775736c5ec479e637ecced6842de9dc98b5da9cd?s=96&d=mm&r=g","url":"https:\/\/secure.gravatar.com\/avatar\/b2a6f664a3ae8e074346ef91775736c5ec479e637ecced6842de9dc98b5da9cd?s=96&d=mm&r=g","contentUrl":"https:\/\/secure.gravatar.com\/avatar\/b2a6f664a3ae8e074346ef91775736c5ec479e637ecced6842de9dc98b5da9cd?s=96&d=mm&r=g","caption":"ccortez"},"url":"https:\/\/www.uartes.edu.ec\/sitio\/blog\/author\/ccortez\/"}]}},"uagb_featured_image_src":{"full":["https:\/\/www.uartes.edu.ec\/sitio\/wp-content\/uploads\/2023\/03\/NIVELACION122.jpg",2000,1333,false],"thumbnail":["https:\/\/www.uartes.edu.ec\/sitio\/wp-content\/uploads\/2023\/03\/NIVELACION122-150x150.jpg",150,150,true],"medium":["https:\/\/www.uartes.edu.ec\/sitio\/wp-content\/uploads\/2023\/03\/NIVELACION122-300x200.jpg",300,200,true],"medium_large":["https:\/\/www.uartes.edu.ec\/sitio\/wp-content\/uploads\/2023\/03\/NIVELACION122-768x512.jpg",768,512,true],"large":["https:\/\/www.uartes.edu.ec\/sitio\/wp-content\/uploads\/2023\/03\/NIVELACION122-644x429.jpg",644,429,true],"1536x1536":["https:\/\/www.uartes.edu.ec\/sitio\/wp-content\/uploads\/2023\/03\/NIVELACION122-1536x1024.jpg",1536,1024,true],"2048x2048":["https:\/\/www.uartes.edu.ec\/sitio\/wp-content\/uploads\/2023\/03\/NIVELACION122.jpg",2000,1333,false],"trp-custom-language-flag":["https:\/\/www.uartes.edu.ec\/sitio\/wp-content\/uploads\/2023\/03\/NIVELACION122.jpg",18,12,false],"htmega_size_585x295":["https:\/\/www.uartes.edu.ec\/sitio\/wp-content\/uploads\/2023\/03\/NIVELACION122-585x295.jpg",585,295,true],"htmega_size_1170x536":["https:\/\/www.uartes.edu.ec\/sitio\/wp-content\/uploads\/2023\/03\/NIVELACION122-1170x536.jpg",1170,536,true],"htmega_size_396x360":["https:\/\/www.uartes.edu.ec\/sitio\/wp-content\/uploads\/2023\/03\/NIVELACION122-396x360.jpg",396,360,true],"gb-block-post-grid-landscape":["https:\/\/www.uartes.edu.ec\/sitio\/wp-content\/uploads\/2023\/03\/NIVELACION122-600x400.jpg",600,400,true],"gb-block-post-grid-square":["https:\/\/www.uartes.edu.ec\/sitio\/wp-content\/uploads\/2023\/03\/NIVELACION122-600x600.jpg",600,600,true],"university-hub-thumb":["https:\/\/www.uartes.edu.ec\/sitio\/wp-content\/uploads\/2023\/03\/NIVELACION122-400x267.jpg",400,267,true]},"uagb_author_info":{"display_name":"ccortez","author_link":"https:\/\/www.uartes.edu.ec\/sitio\/blog\/author\/ccortez\/"},"uagb_comment_info":0,"uagb_excerpt":"Los 162 estudiantes que cursaron el programa de Nivelaci\u00f3n de la Universidad de las Artes culminaron el ciclo con una jornada art\u00edstica y creativa que tuvo lugar este 23 de febrero en la Plaza P\u00fablica del MZ14 Centro de Producci\u00f3n e Innovaci\u00f3n. Las exposiciones correspondieron a las diferentes especializaciones, indic\u00f3 Yanella Duarte, jefa del Departamento&hellip;","featured_image_src":"https:\/\/www.uartes.edu.ec\/sitio\/wp-content\/uploads\/2023\/03\/NIVELACION122-600x400.jpg","featured_image_src_square":"https:\/\/www.uartes.edu.ec\/sitio\/wp-content\/uploads\/2023\/03\/NIVELACION122-600x600.jpg","author_info":{"display_name":"ccortez","author_link":"https:\/\/www.uartes.edu.ec\/sitio\/blog\/author\/ccortez\/"},"publishpress_future_workflow_manual_trigger":{"enabledWorkflows":[]},"distributor_meta":false,"distributor_terms":false,"distributor_media":false,"distributor_original_site_name":"Universidad de las Artes","distributor_original_site_url":"https:\/\/www.uartes.edu.ec\/sitio","push-errors":false,"_links":{"self":[{"href":"https:\/\/www.uartes.edu.ec\/sitio\/wp-json\/wp\/v2\/posts\/38835","targetHints":{"allow":["GET"]}}],"collection":[{"href":"https:\/\/www.uartes.edu.ec\/sitio\/wp-json\/wp\/v2\/posts"}],"about":[{"href":"https:\/\/www.uartes.edu.ec\/sitio\/wp-json\/wp\/v2\/types\/post"}],"author":[{"embeddable":true,"href":"https:\/\/www.uartes.edu.ec\/sitio\/wp-json\/wp\/v2\/users\/10"}],"replies":[{"embeddable":true,"href":"https:\/\/www.uartes.edu.ec\/sitio\/wp-json\/wp\/v2\/comments?post=38835"}],"version-history":[{"count":4,"href":"https:\/\/www.uartes.edu.ec\/sitio\/wp-json\/wp\/v2\/posts\/38835\/revisions"}],"predecessor-version":[{"id":38909,"href":"https:\/\/www.uartes.edu.ec\/sitio\/wp-json\/wp\/v2\/posts\/38835\/revisions\/38909"}],"wp:featuredmedia":[{"embeddable":true,"href":"https:\/\/www.uartes.edu.ec\/sitio\/wp-json\/wp\/v2\/media\/38837"}],"wp:attachment":[{"href":"https:\/\/www.uartes.edu.ec\/sitio\/wp-json\/wp\/v2\/media?parent=38835"}],"wp:term":[{"taxonomy":"category","embeddable":true,"href":"https:\/\/www.uartes.edu.ec\/sitio\/wp-json\/wp\/v2\/categories?post=38835"},{"taxonomy":"post_tag","embeddable":true,"href":"https:\/\/www.uartes.edu.ec\/sitio\/wp-json\/wp\/v2\/tags?post=38835"},{"taxonomy":"infouartes","embeddable":true,"href":"https:\/\/www.uartes.edu.ec\/sitio\/wp-json\/wp\/v2\/infouartes?post=38835"}],"curies":[{"name":"wp","href":"https:\/\/api.w.org\/{rel}","templated":true}]}}