{"id":39331,"date":"2023-03-14T17:40:00","date_gmt":"2023-03-14T22:40:00","guid":{"rendered":"https:\/\/www.uartes.edu.ec\/sitio\/?p=39331"},"modified":"2024-07-04T11:21:24","modified_gmt":"2024-07-04T16:21:24","slug":"uartes-analizo-con-el-ces-la-oferta-academica-para-la-formacion-doctoral-en-el-pais-y-socializo-la-normativa","status":"publish","type":"post","link":"https:\/\/www.uartes.edu.ec\/sitio\/blog\/2023\/03\/14\/uartes-analizo-con-el-ces-la-oferta-academica-para-la-formacion-doctoral-en-el-pais-y-socializo-la-normativa\/","title":{"rendered":"UArtes analiz\u00f3 con el CES la oferta acad\u00e9mica para la formaci\u00f3n doctoral en el pa\u00eds y socializ\u00f3 la normativa"},"content":{"rendered":"\n<p>Organizado por el Vicerrectorado de Posgrado e Investigaci\u00f3n en Artes, este martes 14 de marzo de 2023 tuvo lugar en la Biblioteca de las Artes la conferencia &#8220;Oferta acad\u00e9mica para la formaci\u00f3n doctoral en el Ecuador y sus perspectivas&#8221; y un taller de trabajo en el que se socializ\u00f3 la normativa para el dise\u00f1o y procedimiento de aprobaci\u00f3n de programas doctorales.<\/p>\n\n\n\n<p>Ambas actividades contaron con la participaci\u00f3n de la doctora \u00c1ngela Calder\u00f3n Tobar, presidenta de la Comisi\u00f3n Permanente de Doctorado del Consejo de Educaci\u00f3n Superior (CES), quien se\u00f1al\u00f3 que antes las universidades del pa\u00eds no ten\u00edan la base fundamental de la normativa para ofertar programas doctorales. \u201cEs desde el 2000 que la Ley Org\u00e1nica de Educaci\u00f3n Superior (LOES) establece que podemos ofertar ese grado m\u00e1s alto. A partir de esa fecha se ha venido dando una cronolog\u00eda de las normativas establecidas para poder ofertar\u201d.<\/p>\n\n\n\n<p>Explic\u00f3 tambi\u00e9n que las instituciones de educaci\u00f3n superior tampoco ten\u00edan una planta acad\u00e9mica preparada con grados de doctor y PhD para ofrecer programas doctorales, \u201cpero considero que en la actualidad todas est\u00e1n en posibilidades de dar ese tipo de ofertas y es por eso que se las motiva, a fin de que nuestros ciudadanos no salgan a otros pa\u00edses a realizarlos y que, incluso, los extranjeros puedan venir a formarse en ese grado acad\u00e9mico al Ecuador\u201d.<\/p>\n\n\n<div class=\"wp-block-image\">\n<figure class=\"aligncenter size-large\"><img fetchpriority=\"high\" decoding=\"async\" width=\"644\" height=\"429\" src=\"https:\/\/www.uartes.edu.ec\/sitio\/wp-content\/uploads\/2023\/03\/02-CES-DOCTORADO-644x429.jpg\" alt=\"\" class=\"wp-image-39333\" srcset=\"https:\/\/www.uartes.edu.ec\/sitio\/wp-content\/uploads\/2023\/03\/02-CES-DOCTORADO-644x429.jpg 644w, https:\/\/www.uartes.edu.ec\/sitio\/wp-content\/uploads\/2023\/03\/02-CES-DOCTORADO-768x511.jpg 768w, https:\/\/www.uartes.edu.ec\/sitio\/wp-content\/uploads\/2023\/03\/02-CES-DOCTORADO.jpg 2000w, https:\/\/www.uartes.edu.ec\/sitio\/wp-content\/uploads\/2023\/03\/02-CES-DOCTORADO-600x399.jpg 600w, https:\/\/www.uartes.edu.ec\/sitio\/wp-content\/uploads\/2023\/03\/02-CES-DOCTORADO-272x182.jpg 272w\" sizes=\"(max-width: 644px) 100vw, 644px\" \/><\/figure>\n<\/div>\n\n<div class=\"wp-block-image\">\n<figure class=\"aligncenter size-large\"><img decoding=\"async\" width=\"644\" height=\"429\" src=\"https:\/\/www.uartes.edu.ec\/sitio\/wp-content\/uploads\/2023\/03\/03-CES-DOCTORADO-644x429.jpg\" alt=\"\" class=\"wp-image-39411\" srcset=\"https:\/\/www.uartes.edu.ec\/sitio\/wp-content\/uploads\/2023\/03\/03-CES-DOCTORADO-644x429.jpg 644w, https:\/\/www.uartes.edu.ec\/sitio\/wp-content\/uploads\/2023\/03\/03-CES-DOCTORADO-768x511.jpg 768w, https:\/\/www.uartes.edu.ec\/sitio\/wp-content\/uploads\/2023\/03\/03-CES-DOCTORADO.jpg 2000w, https:\/\/www.uartes.edu.ec\/sitio\/wp-content\/uploads\/2023\/03\/03-CES-DOCTORADO-600x399.jpg 600w, https:\/\/www.uartes.edu.ec\/sitio\/wp-content\/uploads\/2023\/03\/03-CES-DOCTORADO-272x182.jpg 272w\" sizes=\"(max-width: 644px) 100vw, 644px\" \/><\/figure>\n<\/div>\n\n\n<p>La presidenta de la Comisi\u00f3n Permanente de Doctorado del Consejo de Educaci\u00f3n Superior reconoci\u00f3 que en el pa\u00eds \u201cestamos muy bajos en la oferta acad\u00e9mica de doctorados\u201d. Por ello, \u201cdesde el CES se dialoga con las universidades para que puedan ser part\u00edcipes de crear nueva oferta acad\u00e9mica en programas doctorales\u201d.<\/p>\n\n\n\n<p>En el taller, en el que participaron las autoridades UArtes, los docentes y funcionarios del rectorado y los vicerrectorados Acad\u00e9mico y de Posgrado e Investigaci\u00f3n en Artes, se dio a conocer la normativa que rige al Sistema de Educaci\u00f3n Superior para el desarrollo de programas doctorales, se abordaron temas acad\u00e9micos relacionados con el dise\u00f1o de proyectos y se analiz\u00f3 el Anexo 1 del Instructivo para la presentaci\u00f3n, actualizaci\u00f3n y ampliaci\u00f3n de vigencia, y aprobaci\u00f3n de proyectos de programas de doctorado.<\/p>\n\n\n\n<p>La Universidad de las Artes, agreg\u00f3 la doctora Calder\u00f3n, es emblem\u00e1tica y si bien a\u00fan no pasa por el proceso de acreditaci\u00f3n, la normativa establece que tambi\u00e9n puede ofertar programas doctorales. \u201cEs por eso este taller de trabajo, para que conozcan todas las particularidades de la normativa y tambi\u00e9n del Instructivo y sus formularios para que puedan, en funci\u00f3n de su autonom\u00eda institucional y las \u00e1reas del conocimiento fundamentales que tiene, hacer esa nueva propuesta de oferta acad\u00e9mica\u201d.<\/p>\n\n\n\n<p>Resalt\u00f3 la importancia de que la UArtes se centre en las \u00e1reas de conocimiento en las que no hay oferta acad\u00e9mica para la formaci\u00f3n doctoral y en funci\u00f3n de su pertinencia realice ese tipo de propuestas a los ecuatorianos.<\/p>\n\n\n<div class=\"wp-block-image\">\n<figure class=\"aligncenter size-large\"><img decoding=\"async\" width=\"644\" height=\"429\" src=\"https:\/\/www.uartes.edu.ec\/sitio\/wp-content\/uploads\/2023\/03\/04-CES-DOCTORADO-644x429.jpg\" alt=\"\" class=\"wp-image-39412\" srcset=\"https:\/\/www.uartes.edu.ec\/sitio\/wp-content\/uploads\/2023\/03\/04-CES-DOCTORADO-644x429.jpg 644w, https:\/\/www.uartes.edu.ec\/sitio\/wp-content\/uploads\/2023\/03\/04-CES-DOCTORADO-768x511.jpg 768w, https:\/\/www.uartes.edu.ec\/sitio\/wp-content\/uploads\/2023\/03\/04-CES-DOCTORADO.jpg 2000w, https:\/\/www.uartes.edu.ec\/sitio\/wp-content\/uploads\/2023\/03\/04-CES-DOCTORADO-600x399.jpg 600w, https:\/\/www.uartes.edu.ec\/sitio\/wp-content\/uploads\/2023\/03\/04-CES-DOCTORADO-272x182.jpg 272w\" sizes=\"(max-width: 644px) 100vw, 644px\" \/><\/figure>\n<\/div>\n\n\n<p>En im\u00e1genes, la doctora \u00c1ngela Calder\u00f3n Tobar, presidenta de la Comisi\u00f3n Permanente de Doctorado del Consejo de Educaci\u00f3n Superior (CES), durante su exposici\u00f3n y en el taller. Sobre estas l\u00edneas, junto con los doctores William Herrera (izq.), rector; Olga L\u00f3pez y Bradley Hilgert, vicerrectores.<\/p>\n","protected":false},"excerpt":{"rendered":"<p>Organizado por el Vicerrectorado de Posgrado e Investigaci\u00f3n en Artes, este 14 de marzo tuvo lugar en la Biblioteca de las Artes la conferencia &#8220;Oferta acad\u00e9mica para la formaci\u00f3n doctoral en el Ecuador y sus perspectivas&#8221; y un taller en el que se socializ\u00f3 la normativa para dise\u00f1o y procedimiento de aprobaci\u00f3n de programas doctorales. Particip\u00f3 la Dra. \u00c1ngela Calder\u00f3n, presidenta de la Comisi\u00f3n Permanente de Doctorado del CES.<\/p>\n","protected":false},"author":10,"featured_media":39332,"comment_status":"open","ping_status":"open","sticky":false,"template":"","format":"standard","meta":{"_acf_changed":false,"_uag_custom_page_level_css":"","_monsterinsights_skip_tracking":false,"_monsterinsights_sitenote_active":false,"_monsterinsights_sitenote_note":"","_monsterinsights_sitenote_category":0,"cybocfi_hide_featured_image":"","footnotes":""},"categories":[80,438,75,77],"tags":[940],"infouartes":[],"class_list":["post-39331","post","type-post","status-publish","format-standard","has-post-thumbnail","hentry","category-academico","category-administrativos","category-docentes","category-gestion","tag-conferencia-y-taller"],"acf":[],"yoast_head":"<!-- This site is optimized with the Yoast SEO plugin v27.4 - https:\/\/yoast.com\/product\/yoast-seo-wordpress\/ -->\n<title>Universidad de las Artes - UArtes analiz\u00f3 con el CES la oferta acad\u00e9mica para la formaci\u00f3n doctoral en el pa\u00eds y socializ\u00f3 la normativa<\/title>\n<meta name=\"description\" content=\"Universidad de las Artes - UArtes analiz\u00f3 con el CES la oferta acad\u00e9mica para la formaci\u00f3n doctoral en el pa\u00eds y socializ\u00f3 la normativa\" \/>\n<meta name=\"robots\" content=\"index, follow, max-snippet:-1, max-image-preview:large, max-video-preview:-1\" \/>\n<link rel=\"canonical\" href=\"https:\/\/www.uartes.edu.ec\/sitio\/blog\/2023\/03\/14\/uartes-analizo-con-el-ces-la-oferta-academica-para-la-formacion-doctoral-en-el-pais-y-socializo-la-normativa\/\" \/>\n<meta property=\"og:locale\" content=\"es_ES\" \/>\n<meta property=\"og:type\" content=\"article\" \/>\n<meta property=\"og:title\" content=\"Universidad de las Artes - UArtes analiz\u00f3 con el CES la oferta acad\u00e9mica para la formaci\u00f3n doctoral en el pa\u00eds y socializ\u00f3 la normativa\" \/>\n<meta property=\"og:description\" content=\"Universidad de las Artes - UArtes analiz\u00f3 con el CES la oferta acad\u00e9mica para la formaci\u00f3n doctoral en el pa\u00eds y socializ\u00f3 la normativa\" \/>\n<meta property=\"og:url\" content=\"https:\/\/www.uartes.edu.ec\/sitio\/blog\/2023\/03\/14\/uartes-analizo-con-el-ces-la-oferta-academica-para-la-formacion-doctoral-en-el-pais-y-socializo-la-normativa\/\" \/>\n<meta property=\"og:site_name\" content=\"Universidad de las Artes\" \/>\n<meta property=\"article:publisher\" content=\"https:\/\/www.facebook.com\/uartesec\" \/>\n<meta property=\"article:published_time\" content=\"2023-03-14T22:40:00+00:00\" \/>\n<meta property=\"article:modified_time\" content=\"2024-07-04T16:21:24+00:00\" \/>\n<meta property=\"og:image\" content=\"https:\/\/www.uartes.edu.ec\/sitio\/wp-content\/uploads\/2023\/03\/01-CES-DOCTORADO.jpg\" \/>\n\t<meta property=\"og:image:width\" content=\"2000\" \/>\n\t<meta property=\"og:image:height\" content=\"1333\" \/>\n\t<meta property=\"og:image:type\" content=\"image\/jpeg\" \/>\n<meta name=\"author\" content=\"ccortez\" \/>\n<meta name=\"twitter:card\" content=\"summary_large_image\" \/>\n<meta name=\"twitter:creator\" content=\"@uartesec\" \/>\n<meta name=\"twitter:site\" content=\"@uartesec\" \/>\n<meta name=\"twitter:label1\" content=\"Escrito por\" \/>\n\t<meta name=\"twitter:data1\" content=\"ccortez\" \/>\n\t<meta name=\"twitter:label2\" content=\"Tiempo de lectura\" \/>\n\t<meta name=\"twitter:data2\" content=\"3 minutos\" \/>\n<script type=\"application\/ld+json\" class=\"yoast-schema-graph\">{\"@context\":\"https:\\\/\\\/schema.org\",\"@graph\":[{\"@type\":\"Article\",\"@id\":\"https:\\\/\\\/www.uartes.edu.ec\\\/sitio\\\/blog\\\/2023\\\/03\\\/14\\\/uartes-analizo-con-el-ces-la-oferta-academica-para-la-formacion-doctoral-en-el-pais-y-socializo-la-normativa\\\/#article\",\"isPartOf\":{\"@id\":\"https:\\\/\\\/www.uartes.edu.ec\\\/sitio\\\/blog\\\/2023\\\/03\\\/14\\\/uartes-analizo-con-el-ces-la-oferta-academica-para-la-formacion-doctoral-en-el-pais-y-socializo-la-normativa\\\/\"},\"author\":{\"name\":\"ccortez\",\"@id\":\"https:\\\/\\\/www.uartes.edu.ec\\\/sitio\\\/#\\\/schema\\\/person\\\/efa1b8275797664fd7f13a79ccc0b1f4\"},\"headline\":\"UArtes analiz\u00f3 con el CES la oferta acad\u00e9mica para la formaci\u00f3n doctoral en el pa\u00eds y socializ\u00f3 la normativa\",\"datePublished\":\"2023-03-14T22:40:00+00:00\",\"dateModified\":\"2024-07-04T16:21:24+00:00\",\"mainEntityOfPage\":{\"@id\":\"https:\\\/\\\/www.uartes.edu.ec\\\/sitio\\\/blog\\\/2023\\\/03\\\/14\\\/uartes-analizo-con-el-ces-la-oferta-academica-para-la-formacion-doctoral-en-el-pais-y-socializo-la-normativa\\\/\"},\"wordCount\":586,\"commentCount\":0,\"publisher\":{\"@id\":\"https:\\\/\\\/www.uartes.edu.ec\\\/sitio\\\/#organization\"},\"image\":{\"@id\":\"https:\\\/\\\/www.uartes.edu.ec\\\/sitio\\\/blog\\\/2023\\\/03\\\/14\\\/uartes-analizo-con-el-ces-la-oferta-academica-para-la-formacion-doctoral-en-el-pais-y-socializo-la-normativa\\\/#primaryimage\"},\"thumbnailUrl\":\"https:\\\/\\\/www.uartes.edu.ec\\\/sitio\\\/wp-content\\\/uploads\\\/2023\\\/03\\\/01-CES-DOCTORADO.jpg\",\"keywords\":[\"conferencia y taller\"],\"articleSection\":[\"Acad\u00e9mico\",\"Administrativos\",\"Docentes\",\"Gesti\u00f3n\"],\"inLanguage\":\"es\",\"potentialAction\":[{\"@type\":\"CommentAction\",\"name\":\"Comment\",\"target\":[\"https:\\\/\\\/www.uartes.edu.ec\\\/sitio\\\/blog\\\/2023\\\/03\\\/14\\\/uartes-analizo-con-el-ces-la-oferta-academica-para-la-formacion-doctoral-en-el-pais-y-socializo-la-normativa\\\/#respond\"]}]},{\"@type\":[\"WebPage\",\"ItemPage\"],\"@id\":\"https:\\\/\\\/www.uartes.edu.ec\\\/sitio\\\/blog\\\/2023\\\/03\\\/14\\\/uartes-analizo-con-el-ces-la-oferta-academica-para-la-formacion-doctoral-en-el-pais-y-socializo-la-normativa\\\/\",\"url\":\"https:\\\/\\\/www.uartes.edu.ec\\\/sitio\\\/blog\\\/2023\\\/03\\\/14\\\/uartes-analizo-con-el-ces-la-oferta-academica-para-la-formacion-doctoral-en-el-pais-y-socializo-la-normativa\\\/\",\"name\":\"Universidad de las Artes - UArtes analiz\u00f3 con el CES la oferta acad\u00e9mica para la formaci\u00f3n doctoral en el pa\u00eds y socializ\u00f3 la normativa\",\"isPartOf\":{\"@id\":\"https:\\\/\\\/www.uartes.edu.ec\\\/sitio\\\/#website\"},\"primaryImageOfPage\":{\"@id\":\"https:\\\/\\\/www.uartes.edu.ec\\\/sitio\\\/blog\\\/2023\\\/03\\\/14\\\/uartes-analizo-con-el-ces-la-oferta-academica-para-la-formacion-doctoral-en-el-pais-y-socializo-la-normativa\\\/#primaryimage\"},\"image\":{\"@id\":\"https:\\\/\\\/www.uartes.edu.ec\\\/sitio\\\/blog\\\/2023\\\/03\\\/14\\\/uartes-analizo-con-el-ces-la-oferta-academica-para-la-formacion-doctoral-en-el-pais-y-socializo-la-normativa\\\/#primaryimage\"},\"thumbnailUrl\":\"https:\\\/\\\/www.uartes.edu.ec\\\/sitio\\\/wp-content\\\/uploads\\\/2023\\\/03\\\/01-CES-DOCTORADO.jpg\",\"datePublished\":\"2023-03-14T22:40:00+00:00\",\"dateModified\":\"2024-07-04T16:21:24+00:00\",\"description\":\"Universidad de las Artes - UArtes analiz\u00f3 con el CES la oferta acad\u00e9mica para la formaci\u00f3n doctoral en el pa\u00eds y socializ\u00f3 la normativa\",\"breadcrumb\":{\"@id\":\"https:\\\/\\\/www.uartes.edu.ec\\\/sitio\\\/blog\\\/2023\\\/03\\\/14\\\/uartes-analizo-con-el-ces-la-oferta-academica-para-la-formacion-doctoral-en-el-pais-y-socializo-la-normativa\\\/#breadcrumb\"},\"inLanguage\":\"es\",\"potentialAction\":[{\"@type\":\"ReadAction\",\"target\":[\"https:\\\/\\\/www.uartes.edu.ec\\\/sitio\\\/blog\\\/2023\\\/03\\\/14\\\/uartes-analizo-con-el-ces-la-oferta-academica-para-la-formacion-doctoral-en-el-pais-y-socializo-la-normativa\\\/\"]}]},{\"@type\":\"ImageObject\",\"inLanguage\":\"es\",\"@id\":\"https:\\\/\\\/www.uartes.edu.ec\\\/sitio\\\/blog\\\/2023\\\/03\\\/14\\\/uartes-analizo-con-el-ces-la-oferta-academica-para-la-formacion-doctoral-en-el-pais-y-socializo-la-normativa\\\/#primaryimage\",\"url\":\"https:\\\/\\\/www.uartes.edu.ec\\\/sitio\\\/wp-content\\\/uploads\\\/2023\\\/03\\\/01-CES-DOCTORADO.jpg\",\"contentUrl\":\"https:\\\/\\\/www.uartes.edu.ec\\\/sitio\\\/wp-content\\\/uploads\\\/2023\\\/03\\\/01-CES-DOCTORADO.jpg\",\"width\":2000,\"height\":1333},{\"@type\":\"BreadcrumbList\",\"@id\":\"https:\\\/\\\/www.uartes.edu.ec\\\/sitio\\\/blog\\\/2023\\\/03\\\/14\\\/uartes-analizo-con-el-ces-la-oferta-academica-para-la-formacion-doctoral-en-el-pais-y-socializo-la-normativa\\\/#breadcrumb\",\"itemListElement\":[{\"@type\":\"ListItem\",\"position\":1,\"name\":\"Inicio\",\"item\":\"https:\\\/\\\/www.uartes.edu.ec\\\/sitio\\\/\"},{\"@type\":\"ListItem\",\"position\":2,\"name\":\"UArtes analiz\u00f3 con el CES la oferta acad\u00e9mica para la formaci\u00f3n doctoral en el pa\u00eds y socializ\u00f3 la normativa\"}]},{\"@type\":\"WebSite\",\"@id\":\"https:\\\/\\\/www.uartes.edu.ec\\\/sitio\\\/#website\",\"url\":\"https:\\\/\\\/www.uartes.edu.ec\\\/sitio\\\/\",\"name\":\"Universidad de las Artes\",\"description\":\"Sitio oficial de la Universidad Nacional de las Artes del Ecuador\",\"publisher\":{\"@id\":\"https:\\\/\\\/www.uartes.edu.ec\\\/sitio\\\/#organization\"},\"potentialAction\":[{\"@type\":\"SearchAction\",\"target\":{\"@type\":\"EntryPoint\",\"urlTemplate\":\"https:\\\/\\\/www.uartes.edu.ec\\\/sitio\\\/?s={search_term_string}\"},\"query-input\":{\"@type\":\"PropertyValueSpecification\",\"valueRequired\":true,\"valueName\":\"search_term_string\"}}],\"inLanguage\":\"es\"},{\"@type\":\"Organization\",\"@id\":\"https:\\\/\\\/www.uartes.edu.ec\\\/sitio\\\/#organization\",\"name\":\"Universidad de las Artes\",\"url\":\"https:\\\/\\\/www.uartes.edu.ec\\\/sitio\\\/\",\"logo\":{\"@type\":\"ImageObject\",\"inLanguage\":\"es\",\"@id\":\"https:\\\/\\\/www.uartes.edu.ec\\\/sitio\\\/#\\\/schema\\\/logo\\\/image\\\/\",\"url\":\"https:\\\/\\\/www.uartes.edu.ec\\\/sitio\\\/wp-content\\\/uploads\\\/2022\\\/07\\\/logo-ua-horizontal.png\",\"contentUrl\":\"https:\\\/\\\/www.uartes.edu.ec\\\/sitio\\\/wp-content\\\/uploads\\\/2022\\\/07\\\/logo-ua-horizontal.png\",\"width\":800,\"height\":276,\"caption\":\"Universidad de las Artes\"},\"image\":{\"@id\":\"https:\\\/\\\/www.uartes.edu.ec\\\/sitio\\\/#\\\/schema\\\/logo\\\/image\\\/\"},\"sameAs\":[\"https:\\\/\\\/www.facebook.com\\\/uartesec\",\"https:\\\/\\\/x.com\\\/uartesec\",\"https:\\\/\\\/www.tiktok.com\\\/@uartesec\"]},{\"@type\":\"Person\",\"@id\":\"https:\\\/\\\/www.uartes.edu.ec\\\/sitio\\\/#\\\/schema\\\/person\\\/efa1b8275797664fd7f13a79ccc0b1f4\",\"name\":\"ccortez\",\"image\":{\"@type\":\"ImageObject\",\"inLanguage\":\"es\",\"@id\":\"https:\\\/\\\/secure.gravatar.com\\\/avatar\\\/b2a6f664a3ae8e074346ef91775736c5ec479e637ecced6842de9dc98b5da9cd?s=96&d=mm&r=g\",\"url\":\"https:\\\/\\\/secure.gravatar.com\\\/avatar\\\/b2a6f664a3ae8e074346ef91775736c5ec479e637ecced6842de9dc98b5da9cd?s=96&d=mm&r=g\",\"contentUrl\":\"https:\\\/\\\/secure.gravatar.com\\\/avatar\\\/b2a6f664a3ae8e074346ef91775736c5ec479e637ecced6842de9dc98b5da9cd?s=96&d=mm&r=g\",\"caption\":\"ccortez\"},\"url\":\"https:\\\/\\\/www.uartes.edu.ec\\\/sitio\\\/blog\\\/author\\\/ccortez\\\/\"}]}<\/script>\n<!-- \/ Yoast SEO plugin. -->","yoast_head_json":{"title":"Universidad de las Artes - UArtes analiz\u00f3 con el CES la oferta acad\u00e9mica para la formaci\u00f3n doctoral en el pa\u00eds y socializ\u00f3 la normativa","description":"Universidad de las Artes - UArtes analiz\u00f3 con el CES la oferta acad\u00e9mica para la formaci\u00f3n doctoral en el pa\u00eds y socializ\u00f3 la normativa","robots":{"index":"index","follow":"follow","max-snippet":"max-snippet:-1","max-image-preview":"max-image-preview:large","max-video-preview":"max-video-preview:-1"},"canonical":"https:\/\/www.uartes.edu.ec\/sitio\/blog\/2023\/03\/14\/uartes-analizo-con-el-ces-la-oferta-academica-para-la-formacion-doctoral-en-el-pais-y-socializo-la-normativa\/","og_locale":"es_ES","og_type":"article","og_title":"Universidad de las Artes - UArtes analiz\u00f3 con el CES la oferta acad\u00e9mica para la formaci\u00f3n doctoral en el pa\u00eds y socializ\u00f3 la normativa","og_description":"Universidad de las Artes - UArtes analiz\u00f3 con el CES la oferta acad\u00e9mica para la formaci\u00f3n doctoral en el pa\u00eds y socializ\u00f3 la normativa","og_url":"https:\/\/www.uartes.edu.ec\/sitio\/blog\/2023\/03\/14\/uartes-analizo-con-el-ces-la-oferta-academica-para-la-formacion-doctoral-en-el-pais-y-socializo-la-normativa\/","og_site_name":"Universidad de las Artes","article_publisher":"https:\/\/www.facebook.com\/uartesec","article_published_time":"2023-03-14T22:40:00+00:00","article_modified_time":"2024-07-04T16:21:24+00:00","og_image":[{"width":2000,"height":1333,"url":"https:\/\/www.uartes.edu.ec\/sitio\/wp-content\/uploads\/2023\/03\/01-CES-DOCTORADO.jpg","type":"image\/jpeg"}],"author":"ccortez","twitter_card":"summary_large_image","twitter_creator":"@uartesec","twitter_site":"@uartesec","twitter_misc":{"Escrito por":"ccortez","Tiempo de lectura":"3 minutos"},"schema":{"@context":"https:\/\/schema.org","@graph":[{"@type":"Article","@id":"https:\/\/www.uartes.edu.ec\/sitio\/blog\/2023\/03\/14\/uartes-analizo-con-el-ces-la-oferta-academica-para-la-formacion-doctoral-en-el-pais-y-socializo-la-normativa\/#article","isPartOf":{"@id":"https:\/\/www.uartes.edu.ec\/sitio\/blog\/2023\/03\/14\/uartes-analizo-con-el-ces-la-oferta-academica-para-la-formacion-doctoral-en-el-pais-y-socializo-la-normativa\/"},"author":{"name":"ccortez","@id":"https:\/\/www.uartes.edu.ec\/sitio\/#\/schema\/person\/efa1b8275797664fd7f13a79ccc0b1f4"},"headline":"UArtes analiz\u00f3 con el CES la oferta acad\u00e9mica para la formaci\u00f3n doctoral en el pa\u00eds y socializ\u00f3 la normativa","datePublished":"2023-03-14T22:40:00+00:00","dateModified":"2024-07-04T16:21:24+00:00","mainEntityOfPage":{"@id":"https:\/\/www.uartes.edu.ec\/sitio\/blog\/2023\/03\/14\/uartes-analizo-con-el-ces-la-oferta-academica-para-la-formacion-doctoral-en-el-pais-y-socializo-la-normativa\/"},"wordCount":586,"commentCount":0,"publisher":{"@id":"https:\/\/www.uartes.edu.ec\/sitio\/#organization"},"image":{"@id":"https:\/\/www.uartes.edu.ec\/sitio\/blog\/2023\/03\/14\/uartes-analizo-con-el-ces-la-oferta-academica-para-la-formacion-doctoral-en-el-pais-y-socializo-la-normativa\/#primaryimage"},"thumbnailUrl":"https:\/\/www.uartes.edu.ec\/sitio\/wp-content\/uploads\/2023\/03\/01-CES-DOCTORADO.jpg","keywords":["conferencia y taller"],"articleSection":["Acad\u00e9mico","Administrativos","Docentes","Gesti\u00f3n"],"inLanguage":"es","potentialAction":[{"@type":"CommentAction","name":"Comment","target":["https:\/\/www.uartes.edu.ec\/sitio\/blog\/2023\/03\/14\/uartes-analizo-con-el-ces-la-oferta-academica-para-la-formacion-doctoral-en-el-pais-y-socializo-la-normativa\/#respond"]}]},{"@type":["WebPage","ItemPage"],"@id":"https:\/\/www.uartes.edu.ec\/sitio\/blog\/2023\/03\/14\/uartes-analizo-con-el-ces-la-oferta-academica-para-la-formacion-doctoral-en-el-pais-y-socializo-la-normativa\/","url":"https:\/\/www.uartes.edu.ec\/sitio\/blog\/2023\/03\/14\/uartes-analizo-con-el-ces-la-oferta-academica-para-la-formacion-doctoral-en-el-pais-y-socializo-la-normativa\/","name":"Universidad de las Artes - UArtes analiz\u00f3 con el CES la oferta acad\u00e9mica para la formaci\u00f3n doctoral en el pa\u00eds y socializ\u00f3 la normativa","isPartOf":{"@id":"https:\/\/www.uartes.edu.ec\/sitio\/#website"},"primaryImageOfPage":{"@id":"https:\/\/www.uartes.edu.ec\/sitio\/blog\/2023\/03\/14\/uartes-analizo-con-el-ces-la-oferta-academica-para-la-formacion-doctoral-en-el-pais-y-socializo-la-normativa\/#primaryimage"},"image":{"@id":"https:\/\/www.uartes.edu.ec\/sitio\/blog\/2023\/03\/14\/uartes-analizo-con-el-ces-la-oferta-academica-para-la-formacion-doctoral-en-el-pais-y-socializo-la-normativa\/#primaryimage"},"thumbnailUrl":"https:\/\/www.uartes.edu.ec\/sitio\/wp-content\/uploads\/2023\/03\/01-CES-DOCTORADO.jpg","datePublished":"2023-03-14T22:40:00+00:00","dateModified":"2024-07-04T16:21:24+00:00","description":"Universidad de las Artes - UArtes analiz\u00f3 con el CES la oferta acad\u00e9mica para la formaci\u00f3n doctoral en el pa\u00eds y socializ\u00f3 la normativa","breadcrumb":{"@id":"https:\/\/www.uartes.edu.ec\/sitio\/blog\/2023\/03\/14\/uartes-analizo-con-el-ces-la-oferta-academica-para-la-formacion-doctoral-en-el-pais-y-socializo-la-normativa\/#breadcrumb"},"inLanguage":"es","potentialAction":[{"@type":"ReadAction","target":["https:\/\/www.uartes.edu.ec\/sitio\/blog\/2023\/03\/14\/uartes-analizo-con-el-ces-la-oferta-academica-para-la-formacion-doctoral-en-el-pais-y-socializo-la-normativa\/"]}]},{"@type":"ImageObject","inLanguage":"es","@id":"https:\/\/www.uartes.edu.ec\/sitio\/blog\/2023\/03\/14\/uartes-analizo-con-el-ces-la-oferta-academica-para-la-formacion-doctoral-en-el-pais-y-socializo-la-normativa\/#primaryimage","url":"https:\/\/www.uartes.edu.ec\/sitio\/wp-content\/uploads\/2023\/03\/01-CES-DOCTORADO.jpg","contentUrl":"https:\/\/www.uartes.edu.ec\/sitio\/wp-content\/uploads\/2023\/03\/01-CES-DOCTORADO.jpg","width":2000,"height":1333},{"@type":"BreadcrumbList","@id":"https:\/\/www.uartes.edu.ec\/sitio\/blog\/2023\/03\/14\/uartes-analizo-con-el-ces-la-oferta-academica-para-la-formacion-doctoral-en-el-pais-y-socializo-la-normativa\/#breadcrumb","itemListElement":[{"@type":"ListItem","position":1,"name":"Inicio","item":"https:\/\/www.uartes.edu.ec\/sitio\/"},{"@type":"ListItem","position":2,"name":"UArtes analiz\u00f3 con el CES la oferta acad\u00e9mica para la formaci\u00f3n doctoral en el pa\u00eds y socializ\u00f3 la normativa"}]},{"@type":"WebSite","@id":"https:\/\/www.uartes.edu.ec\/sitio\/#website","url":"https:\/\/www.uartes.edu.ec\/sitio\/","name":"Universidad de las Artes","description":"Sitio oficial de la Universidad Nacional de las Artes del Ecuador","publisher":{"@id":"https:\/\/www.uartes.edu.ec\/sitio\/#organization"},"potentialAction":[{"@type":"SearchAction","target":{"@type":"EntryPoint","urlTemplate":"https:\/\/www.uartes.edu.ec\/sitio\/?s={search_term_string}"},"query-input":{"@type":"PropertyValueSpecification","valueRequired":true,"valueName":"search_term_string"}}],"inLanguage":"es"},{"@type":"Organization","@id":"https:\/\/www.uartes.edu.ec\/sitio\/#organization","name":"Universidad de las Artes","url":"https:\/\/www.uartes.edu.ec\/sitio\/","logo":{"@type":"ImageObject","inLanguage":"es","@id":"https:\/\/www.uartes.edu.ec\/sitio\/#\/schema\/logo\/image\/","url":"https:\/\/www.uartes.edu.ec\/sitio\/wp-content\/uploads\/2022\/07\/logo-ua-horizontal.png","contentUrl":"https:\/\/www.uartes.edu.ec\/sitio\/wp-content\/uploads\/2022\/07\/logo-ua-horizontal.png","width":800,"height":276,"caption":"Universidad de las Artes"},"image":{"@id":"https:\/\/www.uartes.edu.ec\/sitio\/#\/schema\/logo\/image\/"},"sameAs":["https:\/\/www.facebook.com\/uartesec","https:\/\/x.com\/uartesec","https:\/\/www.tiktok.com\/@uartesec"]},{"@type":"Person","@id":"https:\/\/www.uartes.edu.ec\/sitio\/#\/schema\/person\/efa1b8275797664fd7f13a79ccc0b1f4","name":"ccortez","image":{"@type":"ImageObject","inLanguage":"es","@id":"https:\/\/secure.gravatar.com\/avatar\/b2a6f664a3ae8e074346ef91775736c5ec479e637ecced6842de9dc98b5da9cd?s=96&d=mm&r=g","url":"https:\/\/secure.gravatar.com\/avatar\/b2a6f664a3ae8e074346ef91775736c5ec479e637ecced6842de9dc98b5da9cd?s=96&d=mm&r=g","contentUrl":"https:\/\/secure.gravatar.com\/avatar\/b2a6f664a3ae8e074346ef91775736c5ec479e637ecced6842de9dc98b5da9cd?s=96&d=mm&r=g","caption":"ccortez"},"url":"https:\/\/www.uartes.edu.ec\/sitio\/blog\/author\/ccortez\/"}]}},"uagb_featured_image_src":{"full":["https:\/\/www.uartes.edu.ec\/sitio\/wp-content\/uploads\/2023\/03\/01-CES-DOCTORADO.jpg",2000,1333,false],"thumbnail":["https:\/\/www.uartes.edu.ec\/sitio\/wp-content\/uploads\/2023\/03\/01-CES-DOCTORADO-150x150.jpg",150,150,true],"medium":["https:\/\/www.uartes.edu.ec\/sitio\/wp-content\/uploads\/2023\/03\/01-CES-DOCTORADO-300x200.jpg",300,200,true],"medium_large":["https:\/\/www.uartes.edu.ec\/sitio\/wp-content\/uploads\/2023\/03\/01-CES-DOCTORADO-768x512.jpg",768,512,true],"large":["https:\/\/www.uartes.edu.ec\/sitio\/wp-content\/uploads\/2023\/03\/01-CES-DOCTORADO-644x429.jpg",644,429,true],"1536x1536":["https:\/\/www.uartes.edu.ec\/sitio\/wp-content\/uploads\/2023\/03\/01-CES-DOCTORADO-1536x1024.jpg",1536,1024,true],"2048x2048":["https:\/\/www.uartes.edu.ec\/sitio\/wp-content\/uploads\/2023\/03\/01-CES-DOCTORADO.jpg",2000,1333,false],"trp-custom-language-flag":["https:\/\/www.uartes.edu.ec\/sitio\/wp-content\/uploads\/2023\/03\/01-CES-DOCTORADO.jpg",18,12,false],"htmega_size_585x295":["https:\/\/www.uartes.edu.ec\/sitio\/wp-content\/uploads\/2023\/03\/01-CES-DOCTORADO-585x295.jpg",585,295,true],"htmega_size_1170x536":["https:\/\/www.uartes.edu.ec\/sitio\/wp-content\/uploads\/2023\/03\/01-CES-DOCTORADO-1170x536.jpg",1170,536,true],"htmega_size_396x360":["https:\/\/www.uartes.edu.ec\/sitio\/wp-content\/uploads\/2023\/03\/01-CES-DOCTORADO-396x360.jpg",396,360,true],"gb-block-post-grid-landscape":["https:\/\/www.uartes.edu.ec\/sitio\/wp-content\/uploads\/2023\/03\/01-CES-DOCTORADO-600x400.jpg",600,400,true],"gb-block-post-grid-square":["https:\/\/www.uartes.edu.ec\/sitio\/wp-content\/uploads\/2023\/03\/01-CES-DOCTORADO-600x600.jpg",600,600,true],"university-hub-thumb":["https:\/\/www.uartes.edu.ec\/sitio\/wp-content\/uploads\/2023\/03\/01-CES-DOCTORADO-400x267.jpg",400,267,true]},"uagb_author_info":{"display_name":"ccortez","author_link":"https:\/\/www.uartes.edu.ec\/sitio\/blog\/author\/ccortez\/"},"uagb_comment_info":0,"uagb_excerpt":"Organizado por el Vicerrectorado de Posgrado e Investigaci\u00f3n en Artes, este 14 de marzo tuvo lugar en la Biblioteca de las Artes la conferencia \"Oferta acad\u00e9mica para la formaci\u00f3n doctoral en el Ecuador y sus perspectivas\" y un taller en el que se socializ\u00f3 la normativa para dise\u00f1o y procedimiento de aprobaci\u00f3n de programas doctorales.&hellip;","featured_image_src":"https:\/\/www.uartes.edu.ec\/sitio\/wp-content\/uploads\/2023\/03\/01-CES-DOCTORADO-600x400.jpg","featured_image_src_square":"https:\/\/www.uartes.edu.ec\/sitio\/wp-content\/uploads\/2023\/03\/01-CES-DOCTORADO-600x600.jpg","author_info":{"display_name":"ccortez","author_link":"https:\/\/www.uartes.edu.ec\/sitio\/blog\/author\/ccortez\/"},"publishpress_future_workflow_manual_trigger":{"enabledWorkflows":[]},"distributor_meta":false,"distributor_terms":false,"distributor_media":false,"distributor_original_site_name":"Universidad de las Artes","distributor_original_site_url":"https:\/\/www.uartes.edu.ec\/sitio","push-errors":false,"_links":{"self":[{"href":"https:\/\/www.uartes.edu.ec\/sitio\/wp-json\/wp\/v2\/posts\/39331","targetHints":{"allow":["GET"]}}],"collection":[{"href":"https:\/\/www.uartes.edu.ec\/sitio\/wp-json\/wp\/v2\/posts"}],"about":[{"href":"https:\/\/www.uartes.edu.ec\/sitio\/wp-json\/wp\/v2\/types\/post"}],"author":[{"embeddable":true,"href":"https:\/\/www.uartes.edu.ec\/sitio\/wp-json\/wp\/v2\/users\/10"}],"replies":[{"embeddable":true,"href":"https:\/\/www.uartes.edu.ec\/sitio\/wp-json\/wp\/v2\/comments?post=39331"}],"version-history":[{"count":8,"href":"https:\/\/www.uartes.edu.ec\/sitio\/wp-json\/wp\/v2\/posts\/39331\/revisions"}],"predecessor-version":[{"id":39440,"href":"https:\/\/www.uartes.edu.ec\/sitio\/wp-json\/wp\/v2\/posts\/39331\/revisions\/39440"}],"wp:featuredmedia":[{"embeddable":true,"href":"https:\/\/www.uartes.edu.ec\/sitio\/wp-json\/wp\/v2\/media\/39332"}],"wp:attachment":[{"href":"https:\/\/www.uartes.edu.ec\/sitio\/wp-json\/wp\/v2\/media?parent=39331"}],"wp:term":[{"taxonomy":"category","embeddable":true,"href":"https:\/\/www.uartes.edu.ec\/sitio\/wp-json\/wp\/v2\/categories?post=39331"},{"taxonomy":"post_tag","embeddable":true,"href":"https:\/\/www.uartes.edu.ec\/sitio\/wp-json\/wp\/v2\/tags?post=39331"},{"taxonomy":"infouartes","embeddable":true,"href":"https:\/\/www.uartes.edu.ec\/sitio\/wp-json\/wp\/v2\/infouartes?post=39331"}],"curies":[{"name":"wp","href":"https:\/\/api.w.org\/{rel}","templated":true}]}}