{"id":39869,"date":"2023-03-27T16:10:00","date_gmt":"2023-03-27T21:10:00","guid":{"rendered":"https:\/\/www.uartes.edu.ec\/sitio\/?p=39869"},"modified":"2024-07-04T11:21:22","modified_gmt":"2024-07-04T16:21:22","slug":"encuentro-teatral-y-presentacion-de-trabajos-con-comunidades-en-el-dia-mundial-del-teatro","status":"publish","type":"post","link":"https:\/\/www.uartes.edu.ec\/sitio\/blog\/2023\/03\/27\/encuentro-teatral-y-presentacion-de-trabajos-con-comunidades-en-el-dia-mundial-del-teatro\/","title":{"rendered":"\u201cLa Bibliotricimoteca\u201d, en encuentro y muestra de trabajos con comunidades por el D\u00eda Mundial del Teatro"},"content":{"rendered":"\n<p>Por el D\u00eda Mundial del Teatro, que celebra el 27 de marzo de cada a\u00f1o, el proyecto de Vinculaci\u00f3n con la Sociedad de la Universidad de las Artes \u201cLa Bibliotricimoteca\u201d, que dirige el docente Marcelo Leyton, desarrolla una serie de presentaciones de trabajos con comunidades y en cooperaci\u00f3n con Misi\u00f3n Alianza Ecuador, la Asociaci\u00f3n Comunitaria Hilarte y DYA (Desarrollo y Autogesti\u00f3n).<\/p>\n\n\n\n<p>Justamente, fue en el Teatro Pipo Mart\u00ednez de la Fundaci\u00f3n Hilarte (29 y Callej\u00f3n Parra) que tuvo lugar la primera de dos citas del Encuentro Teatral Tejiendo Comunidades, con la puesta en escena de las obras \u201cA trav\u00e9s del Umbral\u201d, del grupo de teatro de la Unidad Educativa Juan Javier Espinoza; \u201cHistoria de unas mu\u00f1ecas abandonadas\u201d, del Gran Teatro de Monte Sina\u00ed; y, \u201cLas brujas, los monstruos y los colores\u201d, de Hilarte. La m\u00fasica corri\u00f3 a cargo de Ritmo Legendario, de DYA (Desarrollo y Autogesti\u00f3n).<\/p>\n\n\n\n<p>La siguiente presentaci\u00f3n tendr\u00e1 lugar el s\u00e1bado 1 de abril, a las 10:00, en la Fundaci\u00f3n Misi\u00f3n Alianza (km 25 de la v\u00eda Perimetral, junto a Mall El Fort\u00edn), donde tambi\u00e9n habr\u00e1 presentaciones de piezas teatrales y musicales.<\/p>\n\n\n<div class=\"wp-block-image\">\n<figure class=\"aligncenter size-large\"><img fetchpriority=\"high\" decoding=\"async\" width=\"644\" height=\"429\" src=\"https:\/\/www.uartes.edu.ec\/sitio\/wp-content\/uploads\/2020\/06\/Monte-Sinai-ML-644x429.jpg\" alt=\"\" class=\"wp-image-7286\" srcset=\"https:\/\/www.uartes.edu.ec\/sitio\/wp-content\/uploads\/2020\/06\/Monte-Sinai-ML-644x429.jpg 644w, https:\/\/www.uartes.edu.ec\/sitio\/wp-content\/uploads\/2020\/06\/Monte-Sinai-ML-300x200.jpg 300w, https:\/\/www.uartes.edu.ec\/sitio\/wp-content\/uploads\/2020\/06\/Monte-Sinai-ML-768x512.jpg 768w, https:\/\/www.uartes.edu.ec\/sitio\/wp-content\/uploads\/2020\/06\/Monte-Sinai-ML-600x400.jpg 600w, https:\/\/www.uartes.edu.ec\/sitio\/wp-content\/uploads\/2020\/06\/Monte-Sinai-ML-400x267.jpg 400w, https:\/\/www.uartes.edu.ec\/sitio\/wp-content\/uploads\/2020\/06\/Monte-Sinai-ML-272x182.jpg 272w, https:\/\/www.uartes.edu.ec\/sitio\/wp-content\/uploads\/2020\/06\/Monte-Sinai-ML.jpg 1500w\" sizes=\"(max-width: 644px) 100vw, 644px\" \/><\/figure>\n<\/div>\n\n\n<h3 class=\"wp-block-heading\"><strong>Con la Asociaci\u00f3n de Teatreros y en el MAAC<\/strong><\/h3>\n\n\n\n<p>Tambi\u00e9n por la fecha, la Asociaci\u00f3n de Teatreros propiciar\u00e1 este 28 de marzo, a las 17:00, un conversatorio en el MZ14 Centro de Producci\u00f3n e Innovaci\u00f3n UArtes. En la cita, que tendr\u00e1 como moderador al licenciado H\u00e9ctor Garz\u00f3n, actor y director teatral y audiovisual y asamble\u00edsta ciudadano plurinacional, participar\u00e1n reconocidos actores, directores de teatro y docentes de instituciones educativas y acad\u00e9micas.<\/p>\n\n\n\n<p>Por la Universidad de las Artes intervendr\u00e1 el licenciado Marcelo Leyton, docente de la Escuela de Artes Esc\u00e9nicas, y los tambi\u00e9n licenciados Marina Salvarezza, de la Universidad Casa Grande; Gabriel Gallardo, de la Universidad Polit\u00e9cnica Salesiana; y Johnny Shapiro, de la Escuela Superior Polit\u00e9cnica del Litoral. Con ellos, la Mgs. Mar\u00eda Esther Arias, del Colegio de Arte Raymond Mougue Thoniel y en Artes Especialidad Danza. &nbsp;<\/p>\n\n\n<div class=\"wp-block-image\">\n<figure class=\"aligncenter size-large\"><img decoding=\"async\" width=\"644\" height=\"429\" src=\"https:\/\/www.uartes.edu.ec\/sitio\/wp-content\/uploads\/2023\/03\/MARCELO-LEYTON-01-644x429.jpg\" alt=\"\" class=\"wp-image-39871\" srcset=\"https:\/\/www.uartes.edu.ec\/sitio\/wp-content\/uploads\/2023\/03\/MARCELO-LEYTON-01-644x429.jpg 644w, https:\/\/www.uartes.edu.ec\/sitio\/wp-content\/uploads\/2023\/03\/MARCELO-LEYTON-01-300x200.jpg 300w, https:\/\/www.uartes.edu.ec\/sitio\/wp-content\/uploads\/2023\/03\/MARCELO-LEYTON-01-768x512.jpg 768w, https:\/\/www.uartes.edu.ec\/sitio\/wp-content\/uploads\/2023\/03\/MARCELO-LEYTON-01-1536x1024.jpg 1536w, https:\/\/www.uartes.edu.ec\/sitio\/wp-content\/uploads\/2023\/03\/MARCELO-LEYTON-01-600x400.jpg 600w, https:\/\/www.uartes.edu.ec\/sitio\/wp-content\/uploads\/2023\/03\/MARCELO-LEYTON-01-400x267.jpg 400w, https:\/\/www.uartes.edu.ec\/sitio\/wp-content\/uploads\/2023\/03\/MARCELO-LEYTON-01-272x182.jpg 272w, https:\/\/www.uartes.edu.ec\/sitio\/wp-content\/uploads\/2023\/03\/MARCELO-LEYTON-01.jpg 2000w\" sizes=\"(max-width: 644px) 100vw, 644px\" \/><\/figure>\n<\/div>\n\n\n<p>Para el mi\u00e9rcoles 29 de marzo, Marcelo Leyton ser\u00e1 parte junto a Juan Coba del panel \u201cTeatro y tejido social\u201d que, desde las 17:30, se desarrollar\u00e1 en el Museo Antropol\u00f3gico y de Arte Contempor\u00e1neo (MAAC), con la moderaci\u00f3n de la periodista Clara Medina.<\/p>\n\n\n\n<p>Coba es director del grupo Arawa, organizador del Entupe (Encuentro Nacional de Teatro Universitario y Polit\u00e9cnico del Ecuador) y el Entepola (Encuentro de Teatro Popular Latinoamericano). El docente UArtes es director de El Gran teatro de Monte Sina\u00ed, un proyecto de V\u00ednculo con la Sociedad de la Escuela de Artes Esc\u00e9nicas. Con Medina los panelistas compartir\u00e1n sus experiencias del trabajo teatral en sectores populares.&nbsp;<\/p>\n\n\n\n<p>Cabe anotar que, el D\u00eda Mundial del Teatro fue establecido en 1961 por el Instituto Internacional del Teatro (ITI), una de las organizaciones de artes esc\u00e9nicas m\u00e1s relevantes del mundo fundada en 1948 por expertos en teatro y danza y por la UNESCO.<\/p>\n","protected":false},"excerpt":{"rendered":"<p>El proyecto de Vinculaci\u00f3n con la Sociedad de la UArtes \u201cLa Bibliotricimoteca\u201d, que dirige Marcelo Leyton, impulsa la presentaci\u00f3n de trabajos con comunidades en dos citas de un encuentro teatral que arranc\u00f3 hoy \u201327 de marzo, en el D\u00eda Mundial del Teatro\u2013 y continuar\u00e1 este s\u00e1bado 1 de abril. El docente de la Escuela de Artes Esc\u00e9nicas estar\u00e1 tambi\u00e9n presente en dos conversatorios.<\/p>\n","protected":false},"author":10,"featured_media":7285,"comment_status":"open","ping_status":"open","sticky":false,"template":"","format":"standard","meta":{"_acf_changed":false,"_uag_custom_page_level_css":"","_monsterinsights_skip_tracking":false,"_monsterinsights_sitenote_active":false,"_monsterinsights_sitenote_note":"","_monsterinsights_sitenote_category":0,"cybocfi_hide_featured_image":"","footnotes":""},"categories":[715,82,159,75,83,79],"tags":[521],"infouartes":[],"class_list":["post-39869","post","type-post","status-publish","format-standard","has-post-thumbnail","hentry","category-2c","category-artes","category-artes-escenicas","category-docentes","category-sedes","category-vinculo","tag-encuentro"],"acf":[],"yoast_head":"<!-- This site is optimized with the Yoast SEO plugin v27.4 - https:\/\/yoast.com\/product\/yoast-seo-wordpress\/ -->\n<title>Universidad de las Artes - \u201cLa Bibliotricimoteca\u201d, en encuentro y muestra de trabajos con comunidades por el D\u00eda Mundial del Teatro<\/title>\n<meta name=\"description\" content=\"Universidad de las Artes - \u201cLa Bibliotricimoteca\u201d, en encuentro y muestra de trabajos con comunidades por el D\u00eda Mundial del Teatro\" \/>\n<meta name=\"robots\" content=\"index, follow, max-snippet:-1, max-image-preview:large, max-video-preview:-1\" \/>\n<link rel=\"canonical\" href=\"https:\/\/www.uartes.edu.ec\/sitio\/blog\/2023\/03\/27\/encuentro-teatral-y-presentacion-de-trabajos-con-comunidades-en-el-dia-mundial-del-teatro\/\" \/>\n<meta property=\"og:locale\" content=\"es_ES\" \/>\n<meta property=\"og:type\" content=\"article\" \/>\n<meta property=\"og:title\" content=\"Universidad de las Artes - \u201cLa Bibliotricimoteca\u201d, en encuentro y muestra de trabajos con comunidades por el D\u00eda Mundial del Teatro\" \/>\n<meta property=\"og:description\" content=\"Universidad de las Artes - \u201cLa Bibliotricimoteca\u201d, en encuentro y muestra de trabajos con comunidades por el D\u00eda Mundial del Teatro\" \/>\n<meta property=\"og:url\" content=\"https:\/\/www.uartes.edu.ec\/sitio\/blog\/2023\/03\/27\/encuentro-teatral-y-presentacion-de-trabajos-con-comunidades-en-el-dia-mundial-del-teatro\/\" \/>\n<meta property=\"og:site_name\" content=\"Universidad de las Artes\" \/>\n<meta property=\"article:publisher\" content=\"https:\/\/www.facebook.com\/uartesec\" \/>\n<meta property=\"article:published_time\" content=\"2023-03-27T21:10:00+00:00\" \/>\n<meta property=\"article:modified_time\" content=\"2024-07-04T16:21:22+00:00\" \/>\n<meta property=\"og:image\" content=\"https:\/\/www.uartes.edu.ec\/sitio\/wp-content\/uploads\/2020\/06\/Monte-Sinai-ML-2.jpg\" \/>\n\t<meta property=\"og:image:width\" content=\"1500\" \/>\n\t<meta property=\"og:image:height\" content=\"1000\" \/>\n\t<meta property=\"og:image:type\" content=\"image\/jpeg\" \/>\n<meta name=\"author\" content=\"ccortez\" \/>\n<meta name=\"twitter:card\" content=\"summary_large_image\" \/>\n<meta name=\"twitter:creator\" content=\"@uartesec\" \/>\n<meta name=\"twitter:site\" content=\"@uartesec\" \/>\n<meta name=\"twitter:label1\" content=\"Escrito por\" \/>\n\t<meta name=\"twitter:data1\" content=\"ccortez\" \/>\n\t<meta name=\"twitter:label2\" content=\"Tiempo de lectura\" \/>\n\t<meta name=\"twitter:data2\" content=\"3 minutos\" \/>\n<script type=\"application\/ld+json\" class=\"yoast-schema-graph\">{\"@context\":\"https:\\\/\\\/schema.org\",\"@graph\":[{\"@type\":\"Article\",\"@id\":\"https:\\\/\\\/www.uartes.edu.ec\\\/sitio\\\/blog\\\/2023\\\/03\\\/27\\\/encuentro-teatral-y-presentacion-de-trabajos-con-comunidades-en-el-dia-mundial-del-teatro\\\/#article\",\"isPartOf\":{\"@id\":\"https:\\\/\\\/www.uartes.edu.ec\\\/sitio\\\/blog\\\/2023\\\/03\\\/27\\\/encuentro-teatral-y-presentacion-de-trabajos-con-comunidades-en-el-dia-mundial-del-teatro\\\/\"},\"author\":{\"name\":\"ccortez\",\"@id\":\"https:\\\/\\\/www.uartes.edu.ec\\\/sitio\\\/#\\\/schema\\\/person\\\/efa1b8275797664fd7f13a79ccc0b1f4\"},\"headline\":\"\u201cLa Bibliotricimoteca\u201d, en encuentro y muestra de trabajos con comunidades por el D\u00eda Mundial del Teatro\",\"datePublished\":\"2023-03-27T21:10:00+00:00\",\"dateModified\":\"2024-07-04T16:21:22+00:00\",\"mainEntityOfPage\":{\"@id\":\"https:\\\/\\\/www.uartes.edu.ec\\\/sitio\\\/blog\\\/2023\\\/03\\\/27\\\/encuentro-teatral-y-presentacion-de-trabajos-con-comunidades-en-el-dia-mundial-del-teatro\\\/\"},\"wordCount\":524,\"commentCount\":0,\"publisher\":{\"@id\":\"https:\\\/\\\/www.uartes.edu.ec\\\/sitio\\\/#organization\"},\"image\":{\"@id\":\"https:\\\/\\\/www.uartes.edu.ec\\\/sitio\\\/blog\\\/2023\\\/03\\\/27\\\/encuentro-teatral-y-presentacion-de-trabajos-con-comunidades-en-el-dia-mundial-del-teatro\\\/#primaryimage\"},\"thumbnailUrl\":\"https:\\\/\\\/www.uartes.edu.ec\\\/sitio\\\/wp-content\\\/uploads\\\/2020\\\/06\\\/Monte-Sinai-ML-2.jpg\",\"keywords\":[\"encuentro\"],\"articleSection\":[\"2C\",\"Artes\",\"Artes Esc\u00e9nicas\",\"Docentes\",\"Sedes\",\"V\u00ednculo\"],\"inLanguage\":\"es\",\"potentialAction\":[{\"@type\":\"CommentAction\",\"name\":\"Comment\",\"target\":[\"https:\\\/\\\/www.uartes.edu.ec\\\/sitio\\\/blog\\\/2023\\\/03\\\/27\\\/encuentro-teatral-y-presentacion-de-trabajos-con-comunidades-en-el-dia-mundial-del-teatro\\\/#respond\"]}]},{\"@type\":[\"WebPage\",\"ItemPage\"],\"@id\":\"https:\\\/\\\/www.uartes.edu.ec\\\/sitio\\\/blog\\\/2023\\\/03\\\/27\\\/encuentro-teatral-y-presentacion-de-trabajos-con-comunidades-en-el-dia-mundial-del-teatro\\\/\",\"url\":\"https:\\\/\\\/www.uartes.edu.ec\\\/sitio\\\/blog\\\/2023\\\/03\\\/27\\\/encuentro-teatral-y-presentacion-de-trabajos-con-comunidades-en-el-dia-mundial-del-teatro\\\/\",\"name\":\"Universidad de las Artes - \u201cLa Bibliotricimoteca\u201d, en encuentro y muestra de trabajos con comunidades por el D\u00eda Mundial del Teatro\",\"isPartOf\":{\"@id\":\"https:\\\/\\\/www.uartes.edu.ec\\\/sitio\\\/#website\"},\"primaryImageOfPage\":{\"@id\":\"https:\\\/\\\/www.uartes.edu.ec\\\/sitio\\\/blog\\\/2023\\\/03\\\/27\\\/encuentro-teatral-y-presentacion-de-trabajos-con-comunidades-en-el-dia-mundial-del-teatro\\\/#primaryimage\"},\"image\":{\"@id\":\"https:\\\/\\\/www.uartes.edu.ec\\\/sitio\\\/blog\\\/2023\\\/03\\\/27\\\/encuentro-teatral-y-presentacion-de-trabajos-con-comunidades-en-el-dia-mundial-del-teatro\\\/#primaryimage\"},\"thumbnailUrl\":\"https:\\\/\\\/www.uartes.edu.ec\\\/sitio\\\/wp-content\\\/uploads\\\/2020\\\/06\\\/Monte-Sinai-ML-2.jpg\",\"datePublished\":\"2023-03-27T21:10:00+00:00\",\"dateModified\":\"2024-07-04T16:21:22+00:00\",\"description\":\"Universidad de las Artes - \u201cLa Bibliotricimoteca\u201d, en encuentro y muestra de trabajos con comunidades por el D\u00eda Mundial del Teatro\",\"breadcrumb\":{\"@id\":\"https:\\\/\\\/www.uartes.edu.ec\\\/sitio\\\/blog\\\/2023\\\/03\\\/27\\\/encuentro-teatral-y-presentacion-de-trabajos-con-comunidades-en-el-dia-mundial-del-teatro\\\/#breadcrumb\"},\"inLanguage\":\"es\",\"potentialAction\":[{\"@type\":\"ReadAction\",\"target\":[\"https:\\\/\\\/www.uartes.edu.ec\\\/sitio\\\/blog\\\/2023\\\/03\\\/27\\\/encuentro-teatral-y-presentacion-de-trabajos-con-comunidades-en-el-dia-mundial-del-teatro\\\/\"]}]},{\"@type\":\"ImageObject\",\"inLanguage\":\"es\",\"@id\":\"https:\\\/\\\/www.uartes.edu.ec\\\/sitio\\\/blog\\\/2023\\\/03\\\/27\\\/encuentro-teatral-y-presentacion-de-trabajos-con-comunidades-en-el-dia-mundial-del-teatro\\\/#primaryimage\",\"url\":\"https:\\\/\\\/www.uartes.edu.ec\\\/sitio\\\/wp-content\\\/uploads\\\/2020\\\/06\\\/Monte-Sinai-ML-2.jpg\",\"contentUrl\":\"https:\\\/\\\/www.uartes.edu.ec\\\/sitio\\\/wp-content\\\/uploads\\\/2020\\\/06\\\/Monte-Sinai-ML-2.jpg\",\"width\":1500,\"height\":1000},{\"@type\":\"BreadcrumbList\",\"@id\":\"https:\\\/\\\/www.uartes.edu.ec\\\/sitio\\\/blog\\\/2023\\\/03\\\/27\\\/encuentro-teatral-y-presentacion-de-trabajos-con-comunidades-en-el-dia-mundial-del-teatro\\\/#breadcrumb\",\"itemListElement\":[{\"@type\":\"ListItem\",\"position\":1,\"name\":\"Inicio\",\"item\":\"https:\\\/\\\/www.uartes.edu.ec\\\/sitio\\\/\"},{\"@type\":\"ListItem\",\"position\":2,\"name\":\"\u201cLa Bibliotricimoteca\u201d, en encuentro y muestra de trabajos con comunidades por el D\u00eda Mundial del Teatro\"}]},{\"@type\":\"WebSite\",\"@id\":\"https:\\\/\\\/www.uartes.edu.ec\\\/sitio\\\/#website\",\"url\":\"https:\\\/\\\/www.uartes.edu.ec\\\/sitio\\\/\",\"name\":\"Universidad de las Artes\",\"description\":\"Sitio oficial de la Universidad Nacional de las Artes del Ecuador\",\"publisher\":{\"@id\":\"https:\\\/\\\/www.uartes.edu.ec\\\/sitio\\\/#organization\"},\"potentialAction\":[{\"@type\":\"SearchAction\",\"target\":{\"@type\":\"EntryPoint\",\"urlTemplate\":\"https:\\\/\\\/www.uartes.edu.ec\\\/sitio\\\/?s={search_term_string}\"},\"query-input\":{\"@type\":\"PropertyValueSpecification\",\"valueRequired\":true,\"valueName\":\"search_term_string\"}}],\"inLanguage\":\"es\"},{\"@type\":\"Organization\",\"@id\":\"https:\\\/\\\/www.uartes.edu.ec\\\/sitio\\\/#organization\",\"name\":\"Universidad de las Artes\",\"url\":\"https:\\\/\\\/www.uartes.edu.ec\\\/sitio\\\/\",\"logo\":{\"@type\":\"ImageObject\",\"inLanguage\":\"es\",\"@id\":\"https:\\\/\\\/www.uartes.edu.ec\\\/sitio\\\/#\\\/schema\\\/logo\\\/image\\\/\",\"url\":\"https:\\\/\\\/www.uartes.edu.ec\\\/sitio\\\/wp-content\\\/uploads\\\/2022\\\/07\\\/logo-ua-horizontal.png\",\"contentUrl\":\"https:\\\/\\\/www.uartes.edu.ec\\\/sitio\\\/wp-content\\\/uploads\\\/2022\\\/07\\\/logo-ua-horizontal.png\",\"width\":800,\"height\":276,\"caption\":\"Universidad de las Artes\"},\"image\":{\"@id\":\"https:\\\/\\\/www.uartes.edu.ec\\\/sitio\\\/#\\\/schema\\\/logo\\\/image\\\/\"},\"sameAs\":[\"https:\\\/\\\/www.facebook.com\\\/uartesec\",\"https:\\\/\\\/x.com\\\/uartesec\",\"https:\\\/\\\/www.tiktok.com\\\/@uartesec\"]},{\"@type\":\"Person\",\"@id\":\"https:\\\/\\\/www.uartes.edu.ec\\\/sitio\\\/#\\\/schema\\\/person\\\/efa1b8275797664fd7f13a79ccc0b1f4\",\"name\":\"ccortez\",\"image\":{\"@type\":\"ImageObject\",\"inLanguage\":\"es\",\"@id\":\"https:\\\/\\\/secure.gravatar.com\\\/avatar\\\/b2a6f664a3ae8e074346ef91775736c5ec479e637ecced6842de9dc98b5da9cd?s=96&d=mm&r=g\",\"url\":\"https:\\\/\\\/secure.gravatar.com\\\/avatar\\\/b2a6f664a3ae8e074346ef91775736c5ec479e637ecced6842de9dc98b5da9cd?s=96&d=mm&r=g\",\"contentUrl\":\"https:\\\/\\\/secure.gravatar.com\\\/avatar\\\/b2a6f664a3ae8e074346ef91775736c5ec479e637ecced6842de9dc98b5da9cd?s=96&d=mm&r=g\",\"caption\":\"ccortez\"},\"url\":\"https:\\\/\\\/www.uartes.edu.ec\\\/sitio\\\/blog\\\/author\\\/ccortez\\\/\"}]}<\/script>\n<!-- \/ Yoast SEO plugin. -->","yoast_head_json":{"title":"Universidad de las Artes - \u201cLa Bibliotricimoteca\u201d, en encuentro y muestra de trabajos con comunidades por el D\u00eda Mundial del Teatro","description":"Universidad de las Artes - \u201cLa Bibliotricimoteca\u201d, en encuentro y muestra de trabajos con comunidades por el D\u00eda Mundial del Teatro","robots":{"index":"index","follow":"follow","max-snippet":"max-snippet:-1","max-image-preview":"max-image-preview:large","max-video-preview":"max-video-preview:-1"},"canonical":"https:\/\/www.uartes.edu.ec\/sitio\/blog\/2023\/03\/27\/encuentro-teatral-y-presentacion-de-trabajos-con-comunidades-en-el-dia-mundial-del-teatro\/","og_locale":"es_ES","og_type":"article","og_title":"Universidad de las Artes - \u201cLa Bibliotricimoteca\u201d, en encuentro y muestra de trabajos con comunidades por el D\u00eda Mundial del Teatro","og_description":"Universidad de las Artes - \u201cLa Bibliotricimoteca\u201d, en encuentro y muestra de trabajos con comunidades por el D\u00eda Mundial del Teatro","og_url":"https:\/\/www.uartes.edu.ec\/sitio\/blog\/2023\/03\/27\/encuentro-teatral-y-presentacion-de-trabajos-con-comunidades-en-el-dia-mundial-del-teatro\/","og_site_name":"Universidad de las Artes","article_publisher":"https:\/\/www.facebook.com\/uartesec","article_published_time":"2023-03-27T21:10:00+00:00","article_modified_time":"2024-07-04T16:21:22+00:00","og_image":[{"width":1500,"height":1000,"url":"https:\/\/www.uartes.edu.ec\/sitio\/wp-content\/uploads\/2020\/06\/Monte-Sinai-ML-2.jpg","type":"image\/jpeg"}],"author":"ccortez","twitter_card":"summary_large_image","twitter_creator":"@uartesec","twitter_site":"@uartesec","twitter_misc":{"Escrito por":"ccortez","Tiempo de lectura":"3 minutos"},"schema":{"@context":"https:\/\/schema.org","@graph":[{"@type":"Article","@id":"https:\/\/www.uartes.edu.ec\/sitio\/blog\/2023\/03\/27\/encuentro-teatral-y-presentacion-de-trabajos-con-comunidades-en-el-dia-mundial-del-teatro\/#article","isPartOf":{"@id":"https:\/\/www.uartes.edu.ec\/sitio\/blog\/2023\/03\/27\/encuentro-teatral-y-presentacion-de-trabajos-con-comunidades-en-el-dia-mundial-del-teatro\/"},"author":{"name":"ccortez","@id":"https:\/\/www.uartes.edu.ec\/sitio\/#\/schema\/person\/efa1b8275797664fd7f13a79ccc0b1f4"},"headline":"\u201cLa Bibliotricimoteca\u201d, en encuentro y muestra de trabajos con comunidades por el D\u00eda Mundial del Teatro","datePublished":"2023-03-27T21:10:00+00:00","dateModified":"2024-07-04T16:21:22+00:00","mainEntityOfPage":{"@id":"https:\/\/www.uartes.edu.ec\/sitio\/blog\/2023\/03\/27\/encuentro-teatral-y-presentacion-de-trabajos-con-comunidades-en-el-dia-mundial-del-teatro\/"},"wordCount":524,"commentCount":0,"publisher":{"@id":"https:\/\/www.uartes.edu.ec\/sitio\/#organization"},"image":{"@id":"https:\/\/www.uartes.edu.ec\/sitio\/blog\/2023\/03\/27\/encuentro-teatral-y-presentacion-de-trabajos-con-comunidades-en-el-dia-mundial-del-teatro\/#primaryimage"},"thumbnailUrl":"https:\/\/www.uartes.edu.ec\/sitio\/wp-content\/uploads\/2020\/06\/Monte-Sinai-ML-2.jpg","keywords":["encuentro"],"articleSection":["2C","Artes","Artes Esc\u00e9nicas","Docentes","Sedes","V\u00ednculo"],"inLanguage":"es","potentialAction":[{"@type":"CommentAction","name":"Comment","target":["https:\/\/www.uartes.edu.ec\/sitio\/blog\/2023\/03\/27\/encuentro-teatral-y-presentacion-de-trabajos-con-comunidades-en-el-dia-mundial-del-teatro\/#respond"]}]},{"@type":["WebPage","ItemPage"],"@id":"https:\/\/www.uartes.edu.ec\/sitio\/blog\/2023\/03\/27\/encuentro-teatral-y-presentacion-de-trabajos-con-comunidades-en-el-dia-mundial-del-teatro\/","url":"https:\/\/www.uartes.edu.ec\/sitio\/blog\/2023\/03\/27\/encuentro-teatral-y-presentacion-de-trabajos-con-comunidades-en-el-dia-mundial-del-teatro\/","name":"Universidad de las Artes - \u201cLa Bibliotricimoteca\u201d, en encuentro y muestra de trabajos con comunidades por el D\u00eda Mundial del Teatro","isPartOf":{"@id":"https:\/\/www.uartes.edu.ec\/sitio\/#website"},"primaryImageOfPage":{"@id":"https:\/\/www.uartes.edu.ec\/sitio\/blog\/2023\/03\/27\/encuentro-teatral-y-presentacion-de-trabajos-con-comunidades-en-el-dia-mundial-del-teatro\/#primaryimage"},"image":{"@id":"https:\/\/www.uartes.edu.ec\/sitio\/blog\/2023\/03\/27\/encuentro-teatral-y-presentacion-de-trabajos-con-comunidades-en-el-dia-mundial-del-teatro\/#primaryimage"},"thumbnailUrl":"https:\/\/www.uartes.edu.ec\/sitio\/wp-content\/uploads\/2020\/06\/Monte-Sinai-ML-2.jpg","datePublished":"2023-03-27T21:10:00+00:00","dateModified":"2024-07-04T16:21:22+00:00","description":"Universidad de las Artes - \u201cLa Bibliotricimoteca\u201d, en encuentro y muestra de trabajos con comunidades por el D\u00eda Mundial del Teatro","breadcrumb":{"@id":"https:\/\/www.uartes.edu.ec\/sitio\/blog\/2023\/03\/27\/encuentro-teatral-y-presentacion-de-trabajos-con-comunidades-en-el-dia-mundial-del-teatro\/#breadcrumb"},"inLanguage":"es","potentialAction":[{"@type":"ReadAction","target":["https:\/\/www.uartes.edu.ec\/sitio\/blog\/2023\/03\/27\/encuentro-teatral-y-presentacion-de-trabajos-con-comunidades-en-el-dia-mundial-del-teatro\/"]}]},{"@type":"ImageObject","inLanguage":"es","@id":"https:\/\/www.uartes.edu.ec\/sitio\/blog\/2023\/03\/27\/encuentro-teatral-y-presentacion-de-trabajos-con-comunidades-en-el-dia-mundial-del-teatro\/#primaryimage","url":"https:\/\/www.uartes.edu.ec\/sitio\/wp-content\/uploads\/2020\/06\/Monte-Sinai-ML-2.jpg","contentUrl":"https:\/\/www.uartes.edu.ec\/sitio\/wp-content\/uploads\/2020\/06\/Monte-Sinai-ML-2.jpg","width":1500,"height":1000},{"@type":"BreadcrumbList","@id":"https:\/\/www.uartes.edu.ec\/sitio\/blog\/2023\/03\/27\/encuentro-teatral-y-presentacion-de-trabajos-con-comunidades-en-el-dia-mundial-del-teatro\/#breadcrumb","itemListElement":[{"@type":"ListItem","position":1,"name":"Inicio","item":"https:\/\/www.uartes.edu.ec\/sitio\/"},{"@type":"ListItem","position":2,"name":"\u201cLa Bibliotricimoteca\u201d, en encuentro y muestra de trabajos con comunidades por el D\u00eda Mundial del Teatro"}]},{"@type":"WebSite","@id":"https:\/\/www.uartes.edu.ec\/sitio\/#website","url":"https:\/\/www.uartes.edu.ec\/sitio\/","name":"Universidad de las Artes","description":"Sitio oficial de la Universidad Nacional de las Artes del Ecuador","publisher":{"@id":"https:\/\/www.uartes.edu.ec\/sitio\/#organization"},"potentialAction":[{"@type":"SearchAction","target":{"@type":"EntryPoint","urlTemplate":"https:\/\/www.uartes.edu.ec\/sitio\/?s={search_term_string}"},"query-input":{"@type":"PropertyValueSpecification","valueRequired":true,"valueName":"search_term_string"}}],"inLanguage":"es"},{"@type":"Organization","@id":"https:\/\/www.uartes.edu.ec\/sitio\/#organization","name":"Universidad de las Artes","url":"https:\/\/www.uartes.edu.ec\/sitio\/","logo":{"@type":"ImageObject","inLanguage":"es","@id":"https:\/\/www.uartes.edu.ec\/sitio\/#\/schema\/logo\/image\/","url":"https:\/\/www.uartes.edu.ec\/sitio\/wp-content\/uploads\/2022\/07\/logo-ua-horizontal.png","contentUrl":"https:\/\/www.uartes.edu.ec\/sitio\/wp-content\/uploads\/2022\/07\/logo-ua-horizontal.png","width":800,"height":276,"caption":"Universidad de las Artes"},"image":{"@id":"https:\/\/www.uartes.edu.ec\/sitio\/#\/schema\/logo\/image\/"},"sameAs":["https:\/\/www.facebook.com\/uartesec","https:\/\/x.com\/uartesec","https:\/\/www.tiktok.com\/@uartesec"]},{"@type":"Person","@id":"https:\/\/www.uartes.edu.ec\/sitio\/#\/schema\/person\/efa1b8275797664fd7f13a79ccc0b1f4","name":"ccortez","image":{"@type":"ImageObject","inLanguage":"es","@id":"https:\/\/secure.gravatar.com\/avatar\/b2a6f664a3ae8e074346ef91775736c5ec479e637ecced6842de9dc98b5da9cd?s=96&d=mm&r=g","url":"https:\/\/secure.gravatar.com\/avatar\/b2a6f664a3ae8e074346ef91775736c5ec479e637ecced6842de9dc98b5da9cd?s=96&d=mm&r=g","contentUrl":"https:\/\/secure.gravatar.com\/avatar\/b2a6f664a3ae8e074346ef91775736c5ec479e637ecced6842de9dc98b5da9cd?s=96&d=mm&r=g","caption":"ccortez"},"url":"https:\/\/www.uartes.edu.ec\/sitio\/blog\/author\/ccortez\/"}]}},"uagb_featured_image_src":{"full":["https:\/\/www.uartes.edu.ec\/sitio\/wp-content\/uploads\/2020\/06\/Monte-Sinai-ML-2.jpg",1500,1000,false],"thumbnail":["https:\/\/www.uartes.edu.ec\/sitio\/wp-content\/uploads\/2020\/06\/Monte-Sinai-ML-2-150x150.jpg",150,150,true],"medium":["https:\/\/www.uartes.edu.ec\/sitio\/wp-content\/uploads\/2020\/06\/Monte-Sinai-ML-2-300x200.jpg",300,200,true],"medium_large":["https:\/\/www.uartes.edu.ec\/sitio\/wp-content\/uploads\/2020\/06\/Monte-Sinai-ML-2-768x512.jpg",768,512,true],"large":["https:\/\/www.uartes.edu.ec\/sitio\/wp-content\/uploads\/2020\/06\/Monte-Sinai-ML-2-644x429.jpg",644,429,true],"1536x1536":["https:\/\/www.uartes.edu.ec\/sitio\/wp-content\/uploads\/2020\/06\/Monte-Sinai-ML-2.jpg",1500,1000,false],"2048x2048":["https:\/\/www.uartes.edu.ec\/sitio\/wp-content\/uploads\/2020\/06\/Monte-Sinai-ML-2.jpg",1500,1000,false],"trp-custom-language-flag":["https:\/\/www.uartes.edu.ec\/sitio\/wp-content\/uploads\/2020\/06\/Monte-Sinai-ML-2.jpg",18,12,false],"htmega_size_585x295":["https:\/\/www.uartes.edu.ec\/sitio\/wp-content\/uploads\/2020\/06\/Monte-Sinai-ML-2.jpg",443,295,false],"htmega_size_1170x536":["https:\/\/www.uartes.edu.ec\/sitio\/wp-content\/uploads\/2020\/06\/Monte-Sinai-ML-2.jpg",804,536,false],"htmega_size_396x360":["https:\/\/www.uartes.edu.ec\/sitio\/wp-content\/uploads\/2020\/06\/Monte-Sinai-ML-2.jpg",396,264,false],"gb-block-post-grid-landscape":["https:\/\/www.uartes.edu.ec\/sitio\/wp-content\/uploads\/2020\/06\/Monte-Sinai-ML-2.jpg",600,400,false],"gb-block-post-grid-square":["https:\/\/www.uartes.edu.ec\/sitio\/wp-content\/uploads\/2020\/06\/Monte-Sinai-ML-2.jpg",600,400,false],"university-hub-thumb":["https:\/\/www.uartes.edu.ec\/sitio\/wp-content\/uploads\/2020\/06\/Monte-Sinai-ML-2-400x267.jpg",400,267,true]},"uagb_author_info":{"display_name":"ccortez","author_link":"https:\/\/www.uartes.edu.ec\/sitio\/blog\/author\/ccortez\/"},"uagb_comment_info":0,"uagb_excerpt":"El proyecto de Vinculaci\u00f3n con la Sociedad de la UArtes \u201cLa Bibliotricimoteca\u201d, que dirige Marcelo Leyton, impulsa la presentaci\u00f3n de trabajos con comunidades en dos citas de un encuentro teatral que arranc\u00f3 hoy \u201327 de marzo, en el D\u00eda Mundial del Teatro\u2013 y continuar\u00e1 este s\u00e1bado 1 de abril. El docente de la Escuela de&hellip;","featured_image_src":"https:\/\/www.uartes.edu.ec\/sitio\/wp-content\/uploads\/2020\/06\/Monte-Sinai-ML-2.jpg","featured_image_src_square":"https:\/\/www.uartes.edu.ec\/sitio\/wp-content\/uploads\/2020\/06\/Monte-Sinai-ML-2.jpg","author_info":{"display_name":"ccortez","author_link":"https:\/\/www.uartes.edu.ec\/sitio\/blog\/author\/ccortez\/"},"publishpress_future_workflow_manual_trigger":{"enabledWorkflows":[]},"distributor_meta":false,"distributor_terms":false,"distributor_media":false,"distributor_original_site_name":"Universidad de las Artes","distributor_original_site_url":"https:\/\/www.uartes.edu.ec\/sitio","push-errors":false,"_links":{"self":[{"href":"https:\/\/www.uartes.edu.ec\/sitio\/wp-json\/wp\/v2\/posts\/39869","targetHints":{"allow":["GET"]}}],"collection":[{"href":"https:\/\/www.uartes.edu.ec\/sitio\/wp-json\/wp\/v2\/posts"}],"about":[{"href":"https:\/\/www.uartes.edu.ec\/sitio\/wp-json\/wp\/v2\/types\/post"}],"author":[{"embeddable":true,"href":"https:\/\/www.uartes.edu.ec\/sitio\/wp-json\/wp\/v2\/users\/10"}],"replies":[{"embeddable":true,"href":"https:\/\/www.uartes.edu.ec\/sitio\/wp-json\/wp\/v2\/comments?post=39869"}],"version-history":[{"count":7,"href":"https:\/\/www.uartes.edu.ec\/sitio\/wp-json\/wp\/v2\/posts\/39869\/revisions"}],"predecessor-version":[{"id":39893,"href":"https:\/\/www.uartes.edu.ec\/sitio\/wp-json\/wp\/v2\/posts\/39869\/revisions\/39893"}],"wp:featuredmedia":[{"embeddable":true,"href":"https:\/\/www.uartes.edu.ec\/sitio\/wp-json\/wp\/v2\/media\/7285"}],"wp:attachment":[{"href":"https:\/\/www.uartes.edu.ec\/sitio\/wp-json\/wp\/v2\/media?parent=39869"}],"wp:term":[{"taxonomy":"category","embeddable":true,"href":"https:\/\/www.uartes.edu.ec\/sitio\/wp-json\/wp\/v2\/categories?post=39869"},{"taxonomy":"post_tag","embeddable":true,"href":"https:\/\/www.uartes.edu.ec\/sitio\/wp-json\/wp\/v2\/tags?post=39869"},{"taxonomy":"infouartes","embeddable":true,"href":"https:\/\/www.uartes.edu.ec\/sitio\/wp-json\/wp\/v2\/infouartes?post=39869"}],"curies":[{"name":"wp","href":"https:\/\/api.w.org\/{rel}","templated":true}]}}