{"id":4037,"date":"2019-07-30T17:27:57","date_gmt":"2019-07-30T22:27:57","guid":{"rendered":"http:\/\/www.uartes.edu.ec\/sitio\/?p=4037"},"modified":"2024-07-04T11:50:57","modified_gmt":"2024-07-04T16:50:57","slug":"uartes-presente-en-encuentro-academico-de-arte-y-discapacidad-en-el-maac","status":"publish","type":"post","link":"https:\/\/www.uartes.edu.ec\/sitio\/blog\/2019\/07\/30\/uartes-presente-en-encuentro-academico-de-arte-y-discapacidad-en-el-maac\/","title":{"rendered":"UArtes presente en encuentro acad\u00e9mico de arte y discapacidad, en el MAAC"},"content":{"rendered":"\n<p style=\"text-align:right\"><em>Reflexionar acerca del arte y el nuevo modelo social de\ninclusi\u00f3n es uno de los prop\u00f3sitos de la cita, que se inicia hoy y concluye\nma\u00f1ana. La organizan el Ministerio de Inclusi\u00f3n Econ\u00f3mica y Social (MIES), el\nMinisterio de Cultura y Patrimonio, y la Universidad de las Artes.<\/em><\/p>\n\n\n\n<p>Hoy, martes 30 de julio, se da inicio en el Museo\nde Antropol\u00f3gico y de Arte Contempor\u00e1neo (MAAC) al encuentro acad\u00e9mico de arte\ny discapacidad. La cita se denomina El Arte de Incluir, concluye ma\u00f1ana\n-mi\u00e9rcoles 31 de julio- y es organizada por el Ministerio de Inclusi\u00f3n\nEcon\u00f3mica y Social (MIES), el Ministerio de Cultura y Patrimonio, y la\nUniversidad de las Artes.<\/p>\n\n\n\n<p>Sus prop\u00f3sitos son reflexionar acerca del arte\ny el nuevo modelo social de inclusi\u00f3n, generar espacios de formaci\u00f3n continua\ncon la participaci\u00f3n de actores estrat\u00e9gicos que trabajan en temas de\ndiscapacidad y promover el fortalecimiento y la implementaci\u00f3n de la pol\u00edtica\np\u00fablica en materia de discapacidades.<\/p>\n\n\n\n<p>La experiencia hol\u00edstica en arte terapia, las\nartes como experiencia en discapacidad y la creatividad como puente de\nexpresi\u00f3n son algunos de los temas que se abordar\u00e1n en los conversatorios,\ncharlas y mesas redondas que mantendr\u00e1n catedr\u00e1ticos, organizaciones sociales y\nt\u00e9cnicos de atenci\u00f3n diaria a personas con discapacidad.<\/p>\n\n\n\n<p>Adem\u00e1s de las conferencias habr\u00e1 una muestra de\npinturas, una galer\u00eda fotogr\u00e1fica y una feria de emprendimientos. Las dos\nprimeras en el pasillo de ingreso al auditorio y la tercera, en la parte\nposterior del MAAC. Las obras expuestas pertenecen a los chicos de la fundaci\u00f3n\nSin Barreras. <\/p>\n\n\n\n<p>El encuentro acad\u00e9mico responde a un convenio\nde cooperaci\u00f3n interinstitucional que el Ministerio de Cultura y Patrimonio y\nel Ministerio de Inclusi\u00f3n Econ\u00f3mica y Social suscribieron con el prop\u00f3sito de\nviabilizar, canalizar y generar din\u00e1micas para garantizar la implementaci\u00f3n del\nR\u00e9gimen Integral de Educaci\u00f3n y Formaci\u00f3n en Artes Cultura y Patrimonio\n(RIEFACP), seg\u00fan lo dispuesto en la Ley Org\u00e1nica de Cultura.<\/p>\n\n\n\n<p>En la inauguraci\u00f3n de las jornadas, la\nviceministra de Inclusi\u00f3n del MIES, Soledad Vela, manifest\u00f3 que la alianza\nestrat\u00e9gica con esta Cartera de Estado es esencial para garantizar que las\npersonas con discapacidad accedan al arte en igualdad de oportunidades, dado\nque es una potencial herramienta para la expresi\u00f3n, el desarrollo integral y la\ninclusi\u00f3n socio-laboral de las personas con discapacidad. Se\u00f1al\u00f3 tambi\u00e9n que el\nMinisterio de Cultura y Patrimonio y la UArtes son aliados estrat\u00e9gicos para\ndesarrollar un evento que demuestra que \u201cel arte es una herramienta en el\ndesarrollo integral de las personas con discapacidad\u201d. <\/p>\n\n\n\n<p>Ra\u00fal Escobar, director de Fortalecimiento de\nCapacidades Culturales, expres\u00f3, por su parte, que desde el Ministerio de\nCultura y Patrimonio se impulsan pol\u00edticas de diversidad y de acceso en la\nformaci\u00f3n art\u00edstica-cultural de car\u00e1cter inclusivo. \u201cEste encuentro puede\nposibilitar la construcci\u00f3n de una pedagog\u00eda de las artes inclusivas para\npotenciar las capacidades de expresi\u00f3n desde sectores que no han recibido las\nmismas oportunidades\u201d.<\/p>\n\n\n\n<p>Entre los ponentes tuvieron una destacada\nparticipaci\u00f3n varios docentes de la UArtes. La vicerrectora acad\u00e9mica, Mar\u00eda\nPaulina Soto, intervino junto a Ra\u00fal Escobar, del Ministerio de Cultura y\nPatrimonio, y M\u00f3nica Ullauri, subsecretaria de Discapacidades del MIES, en la\nponencia inaugural. <\/p>\n\n\n\n<p>Cristina Morales Saro, docente de la Escuela\nde Literatura de la Universidad de las Artes, particip\u00f3 junto a la estudiante Lila\nMurillo Chang con la ponencia Poemas no sonoros. Durante la intervenci\u00f3n\nenfatizaron que el arte y la educaci\u00f3n cambian la percepci\u00f3n del mundo y\nrealizaron un experimento social que consisti\u00f3 en la transmisi\u00f3n de un video en\nel que se recit\u00f3 un poema en lenguaje de se\u00f1as y luego se consult\u00f3 a los\nasistentes si hab\u00edan comprendido el texto. La respuesta fue masivamente\nnegativa y sirvi\u00f3 de base para hacer conciencia en la necesidad de implementar\nel aprendizaje de lenguaje de se\u00f1as desde las escuelas y solicitaron al\nGobierno promover cursos para quienes deseen aprenderlo. <\/p>\n","protected":false},"excerpt":{"rendered":"<p>Reflexionar acerca del arte y el nuevo modelo social de inclusi\u00f3n es uno de los prop\u00f3sitos de la cita, que se inicia hoy y concluye ma\u00f1ana. La organizan el Ministerio de Inclusi\u00f3n Econ\u00f3mica y Social (MIES), el Ministerio de Cultura y Patrimonio, y la Universidad de las Artes. Hoy, martes 30 de julio, se da [&hellip;]<\/p>\n","protected":false},"author":1,"featured_media":4038,"comment_status":"closed","ping_status":"closed","sticky":false,"template":"","format":"standard","meta":{"_acf_changed":false,"_uag_custom_page_level_css":"","_monsterinsights_skip_tracking":false,"_monsterinsights_sitenote_active":false,"_monsterinsights_sitenote_note":"","_monsterinsights_sitenote_category":0,"cybocfi_hide_featured_image":"","footnotes":""},"categories":[75,79],"tags":[229],"infouartes":[],"class_list":["post-4037","post","type-post","status-publish","format-standard","has-post-thumbnail","hentry","category-docentes","category-vinculo","tag-pedagogia-de-las-artes-y-humanidades"],"acf":[],"yoast_head":"<!-- This site is optimized with the Yoast SEO plugin v27.4 - https:\/\/yoast.com\/product\/yoast-seo-wordpress\/ -->\n<title>Universidad de las Artes - UArtes presente en encuentro acad\u00e9mico de arte y discapacidad, en el MAAC<\/title>\n<meta name=\"description\" content=\"Universidad de las Artes - UArtes presente en encuentro acad\u00e9mico de arte y discapacidad, en el MAAC\" \/>\n<meta name=\"robots\" content=\"index, follow, max-snippet:-1, max-image-preview:large, max-video-preview:-1\" \/>\n<link rel=\"canonical\" href=\"https:\/\/www.uartes.edu.ec\/sitio\/blog\/2019\/07\/30\/uartes-presente-en-encuentro-academico-de-arte-y-discapacidad-en-el-maac\/\" \/>\n<meta property=\"og:locale\" content=\"es_ES\" \/>\n<meta property=\"og:type\" content=\"article\" \/>\n<meta property=\"og:title\" content=\"Universidad de las Artes - UArtes presente en encuentro acad\u00e9mico de arte y discapacidad, en el MAAC\" \/>\n<meta property=\"og:description\" content=\"Universidad de las Artes - UArtes presente en encuentro acad\u00e9mico de arte y discapacidad, en el MAAC\" \/>\n<meta property=\"og:url\" content=\"https:\/\/www.uartes.edu.ec\/sitio\/blog\/2019\/07\/30\/uartes-presente-en-encuentro-academico-de-arte-y-discapacidad-en-el-maac\/\" \/>\n<meta property=\"og:site_name\" content=\"Universidad de las Artes\" \/>\n<meta property=\"article:publisher\" content=\"https:\/\/www.facebook.com\/uartesec\" \/>\n<meta property=\"article:published_time\" content=\"2019-07-30T22:27:57+00:00\" \/>\n<meta property=\"article:modified_time\" content=\"2024-07-04T16:50:57+00:00\" \/>\n<meta property=\"og:image\" content=\"https:\/\/www.uartes.edu.ec\/sitio\/wp-content\/uploads\/2019\/08\/Arte1.jpg\" \/>\n\t<meta property=\"og:image:width\" content=\"1022\" \/>\n\t<meta property=\"og:image:height\" content=\"682\" \/>\n\t<meta property=\"og:image:type\" content=\"image\/jpeg\" \/>\n<meta name=\"author\" content=\"Universidad de las Artes\" \/>\n<meta name=\"twitter:card\" content=\"summary_large_image\" \/>\n<meta name=\"twitter:creator\" content=\"@uartesec\" \/>\n<meta name=\"twitter:site\" content=\"@uartesec\" \/>\n<meta name=\"twitter:label1\" content=\"Escrito por\" \/>\n\t<meta name=\"twitter:data1\" content=\"Universidad de las Artes\" \/>\n\t<meta name=\"twitter:label2\" content=\"Tiempo de lectura\" \/>\n\t<meta name=\"twitter:data2\" content=\"4 minutos\" \/>\n<script type=\"application\/ld+json\" class=\"yoast-schema-graph\">{\"@context\":\"https:\\\/\\\/schema.org\",\"@graph\":[{\"@type\":\"Article\",\"@id\":\"https:\\\/\\\/www.uartes.edu.ec\\\/sitio\\\/blog\\\/2019\\\/07\\\/30\\\/uartes-presente-en-encuentro-academico-de-arte-y-discapacidad-en-el-maac\\\/#article\",\"isPartOf\":{\"@id\":\"https:\\\/\\\/www.uartes.edu.ec\\\/sitio\\\/blog\\\/2019\\\/07\\\/30\\\/uartes-presente-en-encuentro-academico-de-arte-y-discapacidad-en-el-maac\\\/\"},\"author\":{\"name\":\"Universidad de las Artes\",\"@id\":\"https:\\\/\\\/www.uartes.edu.ec\\\/sitio\\\/#\\\/schema\\\/person\\\/f33f8c1d2af0d5c80a38c8abf458184a\"},\"headline\":\"UArtes presente en encuentro acad\u00e9mico de arte y discapacidad, en el MAAC\",\"datePublished\":\"2019-07-30T22:27:57+00:00\",\"dateModified\":\"2024-07-04T16:50:57+00:00\",\"mainEntityOfPage\":{\"@id\":\"https:\\\/\\\/www.uartes.edu.ec\\\/sitio\\\/blog\\\/2019\\\/07\\\/30\\\/uartes-presente-en-encuentro-academico-de-arte-y-discapacidad-en-el-maac\\\/\"},\"wordCount\":713,\"publisher\":{\"@id\":\"https:\\\/\\\/www.uartes.edu.ec\\\/sitio\\\/#organization\"},\"image\":{\"@id\":\"https:\\\/\\\/www.uartes.edu.ec\\\/sitio\\\/blog\\\/2019\\\/07\\\/30\\\/uartes-presente-en-encuentro-academico-de-arte-y-discapacidad-en-el-maac\\\/#primaryimage\"},\"thumbnailUrl\":\"https:\\\/\\\/www.uartes.edu.ec\\\/sitio\\\/wp-content\\\/uploads\\\/2019\\\/08\\\/Arte1.jpg\",\"keywords\":[\"Pedagog\u00eda de las Artes y Humanidades\"],\"articleSection\":[\"Docentes\",\"V\u00ednculo\"],\"inLanguage\":\"es\"},{\"@type\":[\"WebPage\",\"ItemPage\"],\"@id\":\"https:\\\/\\\/www.uartes.edu.ec\\\/sitio\\\/blog\\\/2019\\\/07\\\/30\\\/uartes-presente-en-encuentro-academico-de-arte-y-discapacidad-en-el-maac\\\/\",\"url\":\"https:\\\/\\\/www.uartes.edu.ec\\\/sitio\\\/blog\\\/2019\\\/07\\\/30\\\/uartes-presente-en-encuentro-academico-de-arte-y-discapacidad-en-el-maac\\\/\",\"name\":\"Universidad de las Artes - UArtes presente en encuentro acad\u00e9mico de arte y discapacidad, en el MAAC\",\"isPartOf\":{\"@id\":\"https:\\\/\\\/www.uartes.edu.ec\\\/sitio\\\/#website\"},\"primaryImageOfPage\":{\"@id\":\"https:\\\/\\\/www.uartes.edu.ec\\\/sitio\\\/blog\\\/2019\\\/07\\\/30\\\/uartes-presente-en-encuentro-academico-de-arte-y-discapacidad-en-el-maac\\\/#primaryimage\"},\"image\":{\"@id\":\"https:\\\/\\\/www.uartes.edu.ec\\\/sitio\\\/blog\\\/2019\\\/07\\\/30\\\/uartes-presente-en-encuentro-academico-de-arte-y-discapacidad-en-el-maac\\\/#primaryimage\"},\"thumbnailUrl\":\"https:\\\/\\\/www.uartes.edu.ec\\\/sitio\\\/wp-content\\\/uploads\\\/2019\\\/08\\\/Arte1.jpg\",\"datePublished\":\"2019-07-30T22:27:57+00:00\",\"dateModified\":\"2024-07-04T16:50:57+00:00\",\"description\":\"Universidad de las Artes - UArtes presente en encuentro acad\u00e9mico de arte y discapacidad, en el MAAC\",\"breadcrumb\":{\"@id\":\"https:\\\/\\\/www.uartes.edu.ec\\\/sitio\\\/blog\\\/2019\\\/07\\\/30\\\/uartes-presente-en-encuentro-academico-de-arte-y-discapacidad-en-el-maac\\\/#breadcrumb\"},\"inLanguage\":\"es\",\"potentialAction\":[{\"@type\":\"ReadAction\",\"target\":[\"https:\\\/\\\/www.uartes.edu.ec\\\/sitio\\\/blog\\\/2019\\\/07\\\/30\\\/uartes-presente-en-encuentro-academico-de-arte-y-discapacidad-en-el-maac\\\/\"]}]},{\"@type\":\"ImageObject\",\"inLanguage\":\"es\",\"@id\":\"https:\\\/\\\/www.uartes.edu.ec\\\/sitio\\\/blog\\\/2019\\\/07\\\/30\\\/uartes-presente-en-encuentro-academico-de-arte-y-discapacidad-en-el-maac\\\/#primaryimage\",\"url\":\"https:\\\/\\\/www.uartes.edu.ec\\\/sitio\\\/wp-content\\\/uploads\\\/2019\\\/08\\\/Arte1.jpg\",\"contentUrl\":\"https:\\\/\\\/www.uartes.edu.ec\\\/sitio\\\/wp-content\\\/uploads\\\/2019\\\/08\\\/Arte1.jpg\",\"width\":1022,\"height\":682},{\"@type\":\"BreadcrumbList\",\"@id\":\"https:\\\/\\\/www.uartes.edu.ec\\\/sitio\\\/blog\\\/2019\\\/07\\\/30\\\/uartes-presente-en-encuentro-academico-de-arte-y-discapacidad-en-el-maac\\\/#breadcrumb\",\"itemListElement\":[{\"@type\":\"ListItem\",\"position\":1,\"name\":\"Inicio\",\"item\":\"https:\\\/\\\/www.uartes.edu.ec\\\/sitio\\\/\"},{\"@type\":\"ListItem\",\"position\":2,\"name\":\"UArtes presente en encuentro acad\u00e9mico de arte y discapacidad, en el MAAC\"}]},{\"@type\":\"WebSite\",\"@id\":\"https:\\\/\\\/www.uartes.edu.ec\\\/sitio\\\/#website\",\"url\":\"https:\\\/\\\/www.uartes.edu.ec\\\/sitio\\\/\",\"name\":\"Universidad de las Artes\",\"description\":\"Sitio oficial de la Universidad Nacional de las Artes del Ecuador\",\"publisher\":{\"@id\":\"https:\\\/\\\/www.uartes.edu.ec\\\/sitio\\\/#organization\"},\"potentialAction\":[{\"@type\":\"SearchAction\",\"target\":{\"@type\":\"EntryPoint\",\"urlTemplate\":\"https:\\\/\\\/www.uartes.edu.ec\\\/sitio\\\/?s={search_term_string}\"},\"query-input\":{\"@type\":\"PropertyValueSpecification\",\"valueRequired\":true,\"valueName\":\"search_term_string\"}}],\"inLanguage\":\"es\"},{\"@type\":\"Organization\",\"@id\":\"https:\\\/\\\/www.uartes.edu.ec\\\/sitio\\\/#organization\",\"name\":\"Universidad de las Artes\",\"url\":\"https:\\\/\\\/www.uartes.edu.ec\\\/sitio\\\/\",\"logo\":{\"@type\":\"ImageObject\",\"inLanguage\":\"es\",\"@id\":\"https:\\\/\\\/www.uartes.edu.ec\\\/sitio\\\/#\\\/schema\\\/logo\\\/image\\\/\",\"url\":\"https:\\\/\\\/www.uartes.edu.ec\\\/sitio\\\/wp-content\\\/uploads\\\/2022\\\/07\\\/logo-ua-horizontal.png\",\"contentUrl\":\"https:\\\/\\\/www.uartes.edu.ec\\\/sitio\\\/wp-content\\\/uploads\\\/2022\\\/07\\\/logo-ua-horizontal.png\",\"width\":800,\"height\":276,\"caption\":\"Universidad de las Artes\"},\"image\":{\"@id\":\"https:\\\/\\\/www.uartes.edu.ec\\\/sitio\\\/#\\\/schema\\\/logo\\\/image\\\/\"},\"sameAs\":[\"https:\\\/\\\/www.facebook.com\\\/uartesec\",\"https:\\\/\\\/x.com\\\/uartesec\",\"https:\\\/\\\/www.tiktok.com\\\/@uartesec\"]},{\"@type\":\"Person\",\"@id\":\"https:\\\/\\\/www.uartes.edu.ec\\\/sitio\\\/#\\\/schema\\\/person\\\/f33f8c1d2af0d5c80a38c8abf458184a\",\"name\":\"Universidad de las Artes\",\"image\":{\"@type\":\"ImageObject\",\"inLanguage\":\"es\",\"@id\":\"https:\\\/\\\/secure.gravatar.com\\\/avatar\\\/52e4757902f5cfa5ac52d020e5be83cae5487519154b6c35482fe08d589f3c13?s=96&d=mm&r=g\",\"url\":\"https:\\\/\\\/secure.gravatar.com\\\/avatar\\\/52e4757902f5cfa5ac52d020e5be83cae5487519154b6c35482fe08d589f3c13?s=96&d=mm&r=g\",\"contentUrl\":\"https:\\\/\\\/secure.gravatar.com\\\/avatar\\\/52e4757902f5cfa5ac52d020e5be83cae5487519154b6c35482fe08d589f3c13?s=96&d=mm&r=g\",\"caption\":\"Universidad de las Artes\"},\"url\":\"https:\\\/\\\/www.uartes.edu.ec\\\/sitio\\\/blog\\\/author\\\/dircomadm\\\/\"}]}<\/script>\n<!-- \/ Yoast SEO plugin. -->","yoast_head_json":{"title":"Universidad de las Artes - UArtes presente en encuentro acad\u00e9mico de arte y discapacidad, en el MAAC","description":"Universidad de las Artes - UArtes presente en encuentro acad\u00e9mico de arte y discapacidad, en el MAAC","robots":{"index":"index","follow":"follow","max-snippet":"max-snippet:-1","max-image-preview":"max-image-preview:large","max-video-preview":"max-video-preview:-1"},"canonical":"https:\/\/www.uartes.edu.ec\/sitio\/blog\/2019\/07\/30\/uartes-presente-en-encuentro-academico-de-arte-y-discapacidad-en-el-maac\/","og_locale":"es_ES","og_type":"article","og_title":"Universidad de las Artes - UArtes presente en encuentro acad\u00e9mico de arte y discapacidad, en el MAAC","og_description":"Universidad de las Artes - UArtes presente en encuentro acad\u00e9mico de arte y discapacidad, en el MAAC","og_url":"https:\/\/www.uartes.edu.ec\/sitio\/blog\/2019\/07\/30\/uartes-presente-en-encuentro-academico-de-arte-y-discapacidad-en-el-maac\/","og_site_name":"Universidad de las Artes","article_publisher":"https:\/\/www.facebook.com\/uartesec","article_published_time":"2019-07-30T22:27:57+00:00","article_modified_time":"2024-07-04T16:50:57+00:00","og_image":[{"width":1022,"height":682,"url":"https:\/\/www.uartes.edu.ec\/sitio\/wp-content\/uploads\/2019\/08\/Arte1.jpg","type":"image\/jpeg"}],"author":"Universidad de las Artes","twitter_card":"summary_large_image","twitter_creator":"@uartesec","twitter_site":"@uartesec","twitter_misc":{"Escrito por":"Universidad de las Artes","Tiempo de lectura":"4 minutos"},"schema":{"@context":"https:\/\/schema.org","@graph":[{"@type":"Article","@id":"https:\/\/www.uartes.edu.ec\/sitio\/blog\/2019\/07\/30\/uartes-presente-en-encuentro-academico-de-arte-y-discapacidad-en-el-maac\/#article","isPartOf":{"@id":"https:\/\/www.uartes.edu.ec\/sitio\/blog\/2019\/07\/30\/uartes-presente-en-encuentro-academico-de-arte-y-discapacidad-en-el-maac\/"},"author":{"name":"Universidad de las Artes","@id":"https:\/\/www.uartes.edu.ec\/sitio\/#\/schema\/person\/f33f8c1d2af0d5c80a38c8abf458184a"},"headline":"UArtes presente en encuentro acad\u00e9mico de arte y discapacidad, en el MAAC","datePublished":"2019-07-30T22:27:57+00:00","dateModified":"2024-07-04T16:50:57+00:00","mainEntityOfPage":{"@id":"https:\/\/www.uartes.edu.ec\/sitio\/blog\/2019\/07\/30\/uartes-presente-en-encuentro-academico-de-arte-y-discapacidad-en-el-maac\/"},"wordCount":713,"publisher":{"@id":"https:\/\/www.uartes.edu.ec\/sitio\/#organization"},"image":{"@id":"https:\/\/www.uartes.edu.ec\/sitio\/blog\/2019\/07\/30\/uartes-presente-en-encuentro-academico-de-arte-y-discapacidad-en-el-maac\/#primaryimage"},"thumbnailUrl":"https:\/\/www.uartes.edu.ec\/sitio\/wp-content\/uploads\/2019\/08\/Arte1.jpg","keywords":["Pedagog\u00eda de las Artes y Humanidades"],"articleSection":["Docentes","V\u00ednculo"],"inLanguage":"es"},{"@type":["WebPage","ItemPage"],"@id":"https:\/\/www.uartes.edu.ec\/sitio\/blog\/2019\/07\/30\/uartes-presente-en-encuentro-academico-de-arte-y-discapacidad-en-el-maac\/","url":"https:\/\/www.uartes.edu.ec\/sitio\/blog\/2019\/07\/30\/uartes-presente-en-encuentro-academico-de-arte-y-discapacidad-en-el-maac\/","name":"Universidad de las Artes - UArtes presente en encuentro acad\u00e9mico de arte y discapacidad, en el MAAC","isPartOf":{"@id":"https:\/\/www.uartes.edu.ec\/sitio\/#website"},"primaryImageOfPage":{"@id":"https:\/\/www.uartes.edu.ec\/sitio\/blog\/2019\/07\/30\/uartes-presente-en-encuentro-academico-de-arte-y-discapacidad-en-el-maac\/#primaryimage"},"image":{"@id":"https:\/\/www.uartes.edu.ec\/sitio\/blog\/2019\/07\/30\/uartes-presente-en-encuentro-academico-de-arte-y-discapacidad-en-el-maac\/#primaryimage"},"thumbnailUrl":"https:\/\/www.uartes.edu.ec\/sitio\/wp-content\/uploads\/2019\/08\/Arte1.jpg","datePublished":"2019-07-30T22:27:57+00:00","dateModified":"2024-07-04T16:50:57+00:00","description":"Universidad de las Artes - UArtes presente en encuentro acad\u00e9mico de arte y discapacidad, en el MAAC","breadcrumb":{"@id":"https:\/\/www.uartes.edu.ec\/sitio\/blog\/2019\/07\/30\/uartes-presente-en-encuentro-academico-de-arte-y-discapacidad-en-el-maac\/#breadcrumb"},"inLanguage":"es","potentialAction":[{"@type":"ReadAction","target":["https:\/\/www.uartes.edu.ec\/sitio\/blog\/2019\/07\/30\/uartes-presente-en-encuentro-academico-de-arte-y-discapacidad-en-el-maac\/"]}]},{"@type":"ImageObject","inLanguage":"es","@id":"https:\/\/www.uartes.edu.ec\/sitio\/blog\/2019\/07\/30\/uartes-presente-en-encuentro-academico-de-arte-y-discapacidad-en-el-maac\/#primaryimage","url":"https:\/\/www.uartes.edu.ec\/sitio\/wp-content\/uploads\/2019\/08\/Arte1.jpg","contentUrl":"https:\/\/www.uartes.edu.ec\/sitio\/wp-content\/uploads\/2019\/08\/Arte1.jpg","width":1022,"height":682},{"@type":"BreadcrumbList","@id":"https:\/\/www.uartes.edu.ec\/sitio\/blog\/2019\/07\/30\/uartes-presente-en-encuentro-academico-de-arte-y-discapacidad-en-el-maac\/#breadcrumb","itemListElement":[{"@type":"ListItem","position":1,"name":"Inicio","item":"https:\/\/www.uartes.edu.ec\/sitio\/"},{"@type":"ListItem","position":2,"name":"UArtes presente en encuentro acad\u00e9mico de arte y discapacidad, en el MAAC"}]},{"@type":"WebSite","@id":"https:\/\/www.uartes.edu.ec\/sitio\/#website","url":"https:\/\/www.uartes.edu.ec\/sitio\/","name":"Universidad de las Artes","description":"Sitio oficial de la Universidad Nacional de las Artes del Ecuador","publisher":{"@id":"https:\/\/www.uartes.edu.ec\/sitio\/#organization"},"potentialAction":[{"@type":"SearchAction","target":{"@type":"EntryPoint","urlTemplate":"https:\/\/www.uartes.edu.ec\/sitio\/?s={search_term_string}"},"query-input":{"@type":"PropertyValueSpecification","valueRequired":true,"valueName":"search_term_string"}}],"inLanguage":"es"},{"@type":"Organization","@id":"https:\/\/www.uartes.edu.ec\/sitio\/#organization","name":"Universidad de las Artes","url":"https:\/\/www.uartes.edu.ec\/sitio\/","logo":{"@type":"ImageObject","inLanguage":"es","@id":"https:\/\/www.uartes.edu.ec\/sitio\/#\/schema\/logo\/image\/","url":"https:\/\/www.uartes.edu.ec\/sitio\/wp-content\/uploads\/2022\/07\/logo-ua-horizontal.png","contentUrl":"https:\/\/www.uartes.edu.ec\/sitio\/wp-content\/uploads\/2022\/07\/logo-ua-horizontal.png","width":800,"height":276,"caption":"Universidad de las Artes"},"image":{"@id":"https:\/\/www.uartes.edu.ec\/sitio\/#\/schema\/logo\/image\/"},"sameAs":["https:\/\/www.facebook.com\/uartesec","https:\/\/x.com\/uartesec","https:\/\/www.tiktok.com\/@uartesec"]},{"@type":"Person","@id":"https:\/\/www.uartes.edu.ec\/sitio\/#\/schema\/person\/f33f8c1d2af0d5c80a38c8abf458184a","name":"Universidad de las Artes","image":{"@type":"ImageObject","inLanguage":"es","@id":"https:\/\/secure.gravatar.com\/avatar\/52e4757902f5cfa5ac52d020e5be83cae5487519154b6c35482fe08d589f3c13?s=96&d=mm&r=g","url":"https:\/\/secure.gravatar.com\/avatar\/52e4757902f5cfa5ac52d020e5be83cae5487519154b6c35482fe08d589f3c13?s=96&d=mm&r=g","contentUrl":"https:\/\/secure.gravatar.com\/avatar\/52e4757902f5cfa5ac52d020e5be83cae5487519154b6c35482fe08d589f3c13?s=96&d=mm&r=g","caption":"Universidad de las Artes"},"url":"https:\/\/www.uartes.edu.ec\/sitio\/blog\/author\/dircomadm\/"}]}},"uagb_featured_image_src":{"full":["https:\/\/www.uartes.edu.ec\/sitio\/wp-content\/uploads\/2019\/08\/Arte1.jpg",1022,682,false],"thumbnail":["https:\/\/www.uartes.edu.ec\/sitio\/wp-content\/uploads\/2019\/08\/Arte1-150x150.jpg",150,150,true],"medium":["https:\/\/www.uartes.edu.ec\/sitio\/wp-content\/uploads\/2019\/08\/Arte1-300x200.jpg",300,200,true],"medium_large":["https:\/\/www.uartes.edu.ec\/sitio\/wp-content\/uploads\/2019\/08\/Arte1-768x513.jpg",768,513,true],"large":["https:\/\/www.uartes.edu.ec\/sitio\/wp-content\/uploads\/2019\/08\/Arte1-644x430.jpg",644,430,true],"1536x1536":["https:\/\/www.uartes.edu.ec\/sitio\/wp-content\/uploads\/2019\/08\/Arte1.jpg",1022,682,false],"2048x2048":["https:\/\/www.uartes.edu.ec\/sitio\/wp-content\/uploads\/2019\/08\/Arte1.jpg",1022,682,false],"trp-custom-language-flag":["https:\/\/www.uartes.edu.ec\/sitio\/wp-content\/uploads\/2019\/08\/Arte1.jpg",18,12,false],"htmega_size_585x295":["https:\/\/www.uartes.edu.ec\/sitio\/wp-content\/uploads\/2019\/08\/Arte1.jpg",442,295,false],"htmega_size_1170x536":["https:\/\/www.uartes.edu.ec\/sitio\/wp-content\/uploads\/2019\/08\/Arte1.jpg",803,536,false],"htmega_size_396x360":["https:\/\/www.uartes.edu.ec\/sitio\/wp-content\/uploads\/2019\/08\/Arte1.jpg",396,264,false],"gb-block-post-grid-landscape":["https:\/\/www.uartes.edu.ec\/sitio\/wp-content\/uploads\/2019\/08\/Arte1.jpg",600,400,false],"gb-block-post-grid-square":["https:\/\/www.uartes.edu.ec\/sitio\/wp-content\/uploads\/2019\/08\/Arte1.jpg",600,400,false],"university-hub-thumb":["https:\/\/www.uartes.edu.ec\/sitio\/wp-content\/uploads\/2019\/08\/Arte1-400x267.jpg",400,267,true]},"uagb_author_info":{"display_name":"Universidad de las Artes","author_link":"https:\/\/www.uartes.edu.ec\/sitio\/blog\/author\/dircomadm\/"},"uagb_comment_info":0,"uagb_excerpt":"Reflexionar acerca del arte y el nuevo modelo social de inclusi\u00f3n es uno de los prop\u00f3sitos de la cita, que se inicia hoy y concluye ma\u00f1ana. La organizan el Ministerio de Inclusi\u00f3n Econ\u00f3mica y Social (MIES), el Ministerio de Cultura y Patrimonio, y la Universidad de las Artes. Hoy, martes 30 de julio, se da&hellip;","featured_image_src":"https:\/\/www.uartes.edu.ec\/sitio\/wp-content\/uploads\/2019\/08\/Arte1.jpg","featured_image_src_square":"https:\/\/www.uartes.edu.ec\/sitio\/wp-content\/uploads\/2019\/08\/Arte1.jpg","author_info":{"display_name":"Universidad de las Artes","author_link":"https:\/\/www.uartes.edu.ec\/sitio\/blog\/author\/dircomadm\/"},"publishpress_future_workflow_manual_trigger":{"enabledWorkflows":[]},"distributor_meta":false,"distributor_terms":false,"distributor_media":false,"distributor_original_site_name":"Universidad de las Artes","distributor_original_site_url":"https:\/\/www.uartes.edu.ec\/sitio","push-errors":false,"_links":{"self":[{"href":"https:\/\/www.uartes.edu.ec\/sitio\/wp-json\/wp\/v2\/posts\/4037","targetHints":{"allow":["GET"]}}],"collection":[{"href":"https:\/\/www.uartes.edu.ec\/sitio\/wp-json\/wp\/v2\/posts"}],"about":[{"href":"https:\/\/www.uartes.edu.ec\/sitio\/wp-json\/wp\/v2\/types\/post"}],"author":[{"embeddable":true,"href":"https:\/\/www.uartes.edu.ec\/sitio\/wp-json\/wp\/v2\/users\/1"}],"replies":[{"embeddable":true,"href":"https:\/\/www.uartes.edu.ec\/sitio\/wp-json\/wp\/v2\/comments?post=4037"}],"version-history":[{"count":1,"href":"https:\/\/www.uartes.edu.ec\/sitio\/wp-json\/wp\/v2\/posts\/4037\/revisions"}],"predecessor-version":[{"id":4039,"href":"https:\/\/www.uartes.edu.ec\/sitio\/wp-json\/wp\/v2\/posts\/4037\/revisions\/4039"}],"wp:featuredmedia":[{"embeddable":true,"href":"https:\/\/www.uartes.edu.ec\/sitio\/wp-json\/wp\/v2\/media\/4038"}],"wp:attachment":[{"href":"https:\/\/www.uartes.edu.ec\/sitio\/wp-json\/wp\/v2\/media?parent=4037"}],"wp:term":[{"taxonomy":"category","embeddable":true,"href":"https:\/\/www.uartes.edu.ec\/sitio\/wp-json\/wp\/v2\/categories?post=4037"},{"taxonomy":"post_tag","embeddable":true,"href":"https:\/\/www.uartes.edu.ec\/sitio\/wp-json\/wp\/v2\/tags?post=4037"},{"taxonomy":"infouartes","embeddable":true,"href":"https:\/\/www.uartes.edu.ec\/sitio\/wp-json\/wp\/v2\/infouartes?post=4037"}],"curies":[{"name":"wp","href":"https:\/\/api.w.org\/{rel}","templated":true}]}}