{"id":40604,"date":"2023-04-03T16:26:00","date_gmt":"2023-04-03T21:26:00","guid":{"rendered":"https:\/\/www.uartes.edu.ec\/sitio\/?p=40604"},"modified":"2024-07-04T11:21:21","modified_gmt":"2024-07-04T16:21:21","slug":"con-entrega-de-titulos-por-validacion-de-trayectorias-se-dio-bienvenida-a-58-artistas-a-la-comunidad-uartes","status":"publish","type":"post","link":"https:\/\/www.uartes.edu.ec\/sitio\/blog\/2023\/04\/03\/con-entrega-de-titulos-por-validacion-de-trayectorias-se-dio-bienvenida-a-58-artistas-a-la-comunidad-uartes\/","title":{"rendered":"Con entrega de t\u00edtulos por Validaci\u00f3n de Trayectorias se dio bienvenida a 58 artistas a la comunidad UArtes"},"content":{"rendered":"\n<p>Con un fraterno saludo, el doctor William Herrera, rector de la Universidad de las Artes, les dio la bienvenida a la comunidad universitaria a los 58 artistas que recibieron el t\u00edtulo de licenciados mediante el proceso de Validaci\u00f3n de Trayectorias Profesionales Art\u00edsticas o Culturales. Lo dijo en la ceremonia, registrada el 1 de abril en el MZ14 Centro de Producci\u00f3n e Innovaci\u00f3n UArtes.<\/p>\n\n\n\n<p>\u201cEn este 2023, que cumplimos 10 a\u00f1os de la aprobaci\u00f3n de la Ley de Creaci\u00f3n de la universidad, puedo decir que esta comunidad se ha convertido en una de las principales fuerzas creativas del pa\u00eds. Nos une una visi\u00f3n compartida de sociedad, donde entendemos el potencial que tiene la cultura para la transformaci\u00f3n social, y tambi\u00e9n nos moviliza un objetivo: \u00a1que los artistas y trabajadores de la cultura tengan condiciones laborales y de vida dignas!\u201d, precis\u00f3 el rector.<\/p>\n\n\n\n<p>El doctor Herrera agradeci\u00f3 al Ministerio de Cultura y Patrimonio, y a su representante en el acto, el viceministro Mauricio Ullrich, por la alianza que permiti\u00f3 que el proceso que desde la UArtes hab\u00edamos organizado ya en dos ocasiones anteriores, en esta tercera pueda tener mayor alcance.<\/p>\n\n\n<div class=\"wp-block-image\">\n<figure class=\"aligncenter size-large\"><img fetchpriority=\"high\" decoding=\"async\" width=\"644\" height=\"429\" src=\"https:\/\/www.uartes.edu.ec\/sitio\/wp-content\/uploads\/2023\/04\/CEREMONIA-VA-Baja-01-644x429.jpg\" alt=\"\" class=\"wp-image-40618\" srcset=\"https:\/\/www.uartes.edu.ec\/sitio\/wp-content\/uploads\/2023\/04\/CEREMONIA-VA-Baja-01-644x429.jpg 644w, https:\/\/www.uartes.edu.ec\/sitio\/wp-content\/uploads\/2023\/04\/CEREMONIA-VA-Baja-01-768x511.jpg 768w, https:\/\/www.uartes.edu.ec\/sitio\/wp-content\/uploads\/2023\/04\/CEREMONIA-VA-Baja-01.jpg 2000w, https:\/\/www.uartes.edu.ec\/sitio\/wp-content\/uploads\/2023\/04\/CEREMONIA-VA-Baja-01-600x399.jpg 600w, https:\/\/www.uartes.edu.ec\/sitio\/wp-content\/uploads\/2023\/04\/CEREMONIA-VA-Baja-01-272x182.jpg 272w\" sizes=\"(max-width: 644px) 100vw, 644px\" \/><\/figure>\n<\/div>\n\n\n<p>El actual proceso de Validaci\u00f3n de Trayectorias se inici\u00f3 en 2021 con la suscripci\u00f3n que el MCyP y la UArtes hicieron de un convenio de cooperaci\u00f3n interinstitucional. \u201cAqu\u00ed hay una se\u00f1al de la importancia de desarrollar un trabajo articulado entre la academia y quienes deciden e implementan la pol\u00edtica p\u00fablica de cultura del pa\u00eds. Son tantos los desaf\u00edos que enfrentamos los sectores art\u00edsticos, culturales y educativos del pa\u00eds que hace cada vez necesario que reflexionemos y trabajemos como sistema\u201d.<\/p>\n\n\n\n<p>El rector tambi\u00e9n agradeci\u00f3 y reconoci\u00f3 el trabajo intenso y comprometido de los equipos de la UArtes para la entrega de los t\u00edtulos; al Vicerrectorado Acad\u00e9mico y, en especial, a la Direcci\u00f3n de Planificaci\u00f3n Acad\u00e9mica, a su titular, Ph.D. Ana Carrillo, quien lo acompa\u00f1\u00f3 en la mesa directiva junto con los vicerrectores Olga L\u00f3pez y Bradley Hilgert, y al viceministro Ullrich.<\/p>\n\n\n\n<p>Linver Nazareno Castillo, reconocido en la escena art\u00edstica y cultural como \u201cEl decimero de Muisne\u201d, se\u00f1al\u00f3 a la entrega de los t\u00edtulos como \u00fanica para \u00e9l y quienes los recibieron. \u201c(\u2026) Lo merec\u00edamos porque ten\u00edamos el conocimiento y no el documento\u201d, anot\u00f3 con buena rima. \u201cEs digno de agradecer a la Universidad de las Artes porque para m\u00ed, que vengo de la provincia de Esmeraldas, fue como la propuesta m\u00e1s seria\u201d.<\/p>\n\n\n<div class=\"wp-block-image\">\n<figure class=\"aligncenter size-large\"><img decoding=\"async\" width=\"644\" height=\"429\" src=\"https:\/\/www.uartes.edu.ec\/sitio\/wp-content\/uploads\/2023\/04\/CEREMONIA-VA-Baja-04-644x429.jpg\" alt=\"\" class=\"wp-image-40619\" srcset=\"https:\/\/www.uartes.edu.ec\/sitio\/wp-content\/uploads\/2023\/04\/CEREMONIA-VA-Baja-04-644x429.jpg 644w, https:\/\/www.uartes.edu.ec\/sitio\/wp-content\/uploads\/2023\/04\/CEREMONIA-VA-Baja-04-768x511.jpg 768w, https:\/\/www.uartes.edu.ec\/sitio\/wp-content\/uploads\/2023\/04\/CEREMONIA-VA-Baja-04.jpg 2000w, https:\/\/www.uartes.edu.ec\/sitio\/wp-content\/uploads\/2023\/04\/CEREMONIA-VA-Baja-04-600x399.jpg 600w, https:\/\/www.uartes.edu.ec\/sitio\/wp-content\/uploads\/2023\/04\/CEREMONIA-VA-Baja-04-272x182.jpg 272w\" sizes=\"(max-width: 644px) 100vw, 644px\" \/><\/figure>\n<\/div>\n\n\n<p>Cont\u00f3 que, junto con un maestro constructor de marimba, es el segundo artista esmeralde\u00f1o con una licenciatura por validaci\u00f3n de trayectoria. \u201c(\u2026) Ahora s\u00ed vamos a decir a los cuatro vientos que esto s\u00ed es verdad\u201d y pronunci\u00f3 el \u201cversito que el abuelo nos dijo: Si t\u00fa quieres ser feliz y no tener sinsabores dedica tu juventud en estudio y no en amores\u201d.<\/p>\n\n\n\n<p>Nazareno agreg\u00f3 que ven\u00eda transmitiendo conocimiento \u201cun mont\u00f3n de a\u00f1os\u201d y debi\u00f3 evidenciarlo acorde a lo que se\u00f1ala uno de los tres criterios de selecci\u00f3n para la validaci\u00f3n 2021-2023: Tiempo base que demuestre al menos 10 a\u00f1os de actividad art\u00edstica profesional.<\/p>\n\n\n\n<p>Se despidi\u00f3 con el extracto de una d\u00e9cima que est\u00e1 en la memoria colectiva de los negros: \u201cNo te detengas, avanza, anda, prosigue, camina, que el que no se determina nada en este mundo alcanza. Nunca pierdas la esperanza de luchar por tus ideas, aunque abatido te veas, juega el todo por el todo y ver\u00e1s que de este modo lograr\u00e1s lo que deseas\u201d.<\/p>\n\n\n\n<p>Los prolongados aplausos para Nazareno fueron comparables con los que emocionados dieron los presentes a los 58 artistas al momento de recibir sus t\u00edtulos; la conducci\u00f3n del acto corri\u00f3 a cargo de la secretaria acad\u00e9mica, mag\u00edster Mar\u00eda Jos\u00e9 Bustos.<\/p>\n\n\n<div class=\"wp-block-image\">\n<figure class=\"aligncenter size-large\"><img decoding=\"async\" width=\"644\" height=\"429\" src=\"https:\/\/www.uartes.edu.ec\/sitio\/wp-content\/uploads\/2023\/04\/CEREMONIA-VA-Baja-02-644x429.jpg\" alt=\"\" class=\"wp-image-40620\" srcset=\"https:\/\/www.uartes.edu.ec\/sitio\/wp-content\/uploads\/2023\/04\/CEREMONIA-VA-Baja-02-644x429.jpg 644w, https:\/\/www.uartes.edu.ec\/sitio\/wp-content\/uploads\/2023\/04\/CEREMONIA-VA-Baja-02-768x511.jpg 768w, https:\/\/www.uartes.edu.ec\/sitio\/wp-content\/uploads\/2023\/04\/CEREMONIA-VA-Baja-02.jpg 2000w, https:\/\/www.uartes.edu.ec\/sitio\/wp-content\/uploads\/2023\/04\/CEREMONIA-VA-Baja-02-600x399.jpg 600w, https:\/\/www.uartes.edu.ec\/sitio\/wp-content\/uploads\/2023\/04\/CEREMONIA-VA-Baja-02-272x182.jpg 272w\" sizes=\"(max-width: 644px) 100vw, 644px\" \/><\/figure>\n<\/div>\n\n\n<p>Seguidamente, Bradley Hilgert agradeci\u00f3 al MCyP por su colaboraci\u00f3n en el proceso mediante el convenio que logr\u00f3 bajar de manera significativa su costo a las y los artistas. Hizo votos porque la participaci\u00f3n del ministerio tambi\u00e9n haya servido para tener luces sobre c\u00f3mo mejorar la pol\u00edtica p\u00fablica para el sector art\u00edstico-cultural y las maneras en que la academia pueda incidir en la construcci\u00f3n de dicha pol\u00edtica.<\/p>\n\n\n\n<p>Agradeci\u00f3 tambi\u00e9n a las asociaciones art\u00edsticas y universidades que enviaron sus evaluadores, a quienes trabajaron en las comisiones de evaluaci\u00f3n y al equipo del Vicerrectorado Acad\u00e9mico que trabaj\u00f3 sin descanso en el proceso desde septiembre del 2020, y dio nombres: Sof\u00eda Gordon, Analy de la Vera, Jordy Tapia, Carolina C\u00e1rdenas, Alison Rivera, Samantha Restrepo, Diana Miranda, Joselyne Ch\u00e1vez, Cristian Le\u00f3n, Jenny Jaramillo, Jean Carlo Vega, Liz Mery Tejada y Sara Donoso. Pidi\u00f3 aplausos para ellos y Ana Carrillo, que lider\u00f3 todo el proceso.<\/p>\n\n\n\n<p>Este tuvo una revisi\u00f3n t\u00e9cnica-acad\u00e9mica rigurosa para asegurar que las trayectorias equivalgan a los perfiles de egreso de las y los graduados de las carreras UArtes. \u201cPasan a formar parte del grupo de las 763 personas que poseen un diploma de la Universidad de las Artes; 642 que han sido alumnos y, ahora con ustedes, 121 que han recibido una validaci\u00f3n de trayectoria\u201d.<\/p>\n\n\n<div class=\"wp-block-image\">\n<figure class=\"aligncenter size-large\"><img loading=\"lazy\" decoding=\"async\" width=\"644\" height=\"429\" src=\"https:\/\/www.uartes.edu.ec\/sitio\/wp-content\/uploads\/2023\/04\/08-CEREMONIA-VALIDACION-TRAYECTORIA-DOS-644x429.jpg\" alt=\"\" class=\"wp-image-40621\" srcset=\"https:\/\/www.uartes.edu.ec\/sitio\/wp-content\/uploads\/2023\/04\/08-CEREMONIA-VALIDACION-TRAYECTORIA-DOS-644x429.jpg 644w, https:\/\/www.uartes.edu.ec\/sitio\/wp-content\/uploads\/2023\/04\/08-CEREMONIA-VALIDACION-TRAYECTORIA-DOS-768x511.jpg 768w, https:\/\/www.uartes.edu.ec\/sitio\/wp-content\/uploads\/2023\/04\/08-CEREMONIA-VALIDACION-TRAYECTORIA-DOS.jpg 2000w, https:\/\/www.uartes.edu.ec\/sitio\/wp-content\/uploads\/2023\/04\/08-CEREMONIA-VALIDACION-TRAYECTORIA-DOS-600x399.jpg 600w, https:\/\/www.uartes.edu.ec\/sitio\/wp-content\/uploads\/2023\/04\/08-CEREMONIA-VALIDACION-TRAYECTORIA-DOS-272x182.jpg 272w\" sizes=\"(max-width: 644px) 100vw, 644px\" \/><\/figure>\n<\/div>\n\n\n<p>Al discurso de graduaci\u00f3n, el de entrega de t\u00edtulos era diferente, revel\u00f3, pues no iba a inspirarlos y enviarlos al mundo para que hicieran cambios con sus esfuerzos y creaciones. \u201cUstedes y sus obras son una fuente de inspiraci\u00f3n para nosotros. Iniciar, trazar y mantener una carrera como artista en la situaci\u00f3n de precariedad que existe para el sector cultural en el pa\u00eds es un trabajo arduo y, en muchas ocasiones, ingrato, pero ustedes lo han hecho y con \u00e9xito\u201d.<\/p>\n\n\n\n<p>\u201cSigan adelante con su trabajo art\u00edstico. Es urgente en el contexto en que nos encontramos\u201d, refiri\u00f3 y les encomend\u00f3 la responsabilidad de representar con altura a la UArtes sin olvidar los valores institucionales, con especial \u00e9nfasis: \u201cla interculturalidad y la equidad integral, el pensamiento cr\u00edtico, la descolonialidad, el compromiso social, la promoci\u00f3n y respeto de los derechos culturales y el inter-aprendizaje en v\u00ednculo con la comunidad\u201d.<\/p>\n\n\n\n<p>Como regalo, los 58 artistas titulados recibieron el libro \u201cDiscurso antillano\u201d del poeta martinique\u00f1o \u00c9douard Glissant, quien se\u00f1ala en la obra que la imaginaci\u00f3n es un acto que devine de la realidad. \u201c(\u2026) Tienen el poder de encender esa chispa en la imaginaci\u00f3n colectiva, invitando a la gente a cuestionar, reflexionar, transformar y, ojal\u00e1, co-crear nuestra realidad\u201d.<\/p>\n\n\n<div class=\"wp-block-image\">\n<figure class=\"aligncenter size-large\"><img loading=\"lazy\" decoding=\"async\" width=\"644\" height=\"429\" src=\"https:\/\/www.uartes.edu.ec\/sitio\/wp-content\/uploads\/2023\/04\/CEREMONIA-VA-Baja-03-644x429.jpg\" alt=\"\" class=\"wp-image-40622\" srcset=\"https:\/\/www.uartes.edu.ec\/sitio\/wp-content\/uploads\/2023\/04\/CEREMONIA-VA-Baja-03-644x429.jpg 644w, https:\/\/www.uartes.edu.ec\/sitio\/wp-content\/uploads\/2023\/04\/CEREMONIA-VA-Baja-03-768x511.jpg 768w, https:\/\/www.uartes.edu.ec\/sitio\/wp-content\/uploads\/2023\/04\/CEREMONIA-VA-Baja-03.jpg 2000w, https:\/\/www.uartes.edu.ec\/sitio\/wp-content\/uploads\/2023\/04\/CEREMONIA-VA-Baja-03-600x399.jpg 600w, https:\/\/www.uartes.edu.ec\/sitio\/wp-content\/uploads\/2023\/04\/CEREMONIA-VA-Baja-03-272x182.jpg 272w\" sizes=\"(max-width: 644px) 100vw, 644px\" \/><\/figure>\n<\/div>\n\n\n<p>As\u00ed como las autoridades UArtes, el viceministro Ullrich destac\u00f3 el convenio existente entre ambas instituciones y el trabajo conjunto que hizo posible que se reconozca la trayectoria art\u00edstica; un trabajo interinstitucional con la academia para la construcci\u00f3n de pol\u00edtica p\u00fablica que consolide los procesos de formaci\u00f3n superior en artes.<\/p>\n\n\n\n<p>La directora de Planificaci\u00f3n Acad\u00e9mica mencion\u00f3 que muchos de los titulados hab\u00edan llegado desde otras ciudades del pa\u00eds. \u201cHa sido un proceso intenso que nos ha permitido conocer m\u00e1s de lo que se produce en Ecuador y eso es una gran ense\u00f1anza para la UArtes\u201d, indic\u00f3 y a\u00f1adi\u00f3 que la ceremonia se realiz\u00f3 \u201cpara reconocer tambi\u00e9n el enorme esfuerzo que han hecho los titulados por mantener vivas las artes a toda costa (\u2026)\u201d.<\/p>\n\n\n\n<p>Ana Carrillo concluy\u00f3 anunciando la presentaci\u00f3n de un cortometraje de Dorian Cambi, quien tambi\u00e9n recibi\u00f3 su validaci\u00f3n de trayectoria en la licenciatura de Cine.<\/p>\n","protected":false},"excerpt":{"rendered":"<p>\u201cEn este 2023, que cumplimos 10 a\u00f1os de la aprobaci\u00f3n de la Ley de Creaci\u00f3n de la universidad, puedo decir que esta comunidad se ha convertido en una de las principales fuerzas creativas del pa\u00eds\u201d, dijo el rector William Herrera en la ceremonia realizada el 1 de abril. Junto con los vicerrectores UArtes y la directora de Planificaci\u00f3n Acad\u00e9mica estuvo en la mesa directiva el viceministro de Cultura y Patrimonio.<\/p>\n","protected":false},"author":10,"featured_media":40617,"comment_status":"open","ping_status":"open","sticky":false,"template":"","format":"standard","meta":{"_acf_changed":false,"_uag_custom_page_level_css":"","_monsterinsights_skip_tracking":false,"_monsterinsights_sitenote_active":false,"_monsterinsights_sitenote_note":"","_monsterinsights_sitenote_category":0,"cybocfi_hide_featured_image":"","footnotes":""},"categories":[722,80,82],"tags":[269],"infouartes":[],"class_list":["post-40604","post","type-post","status-publish","format-standard","has-post-thumbnail","hentry","category-1f","category-academico","category-artes","tag-validacion-de-trayectorias"],"acf":[],"yoast_head":"<!-- This site is optimized with the Yoast SEO plugin v27.4 - https:\/\/yoast.com\/product\/yoast-seo-wordpress\/ -->\n<title>Universidad de las Artes - Con entrega de t\u00edtulos por Validaci\u00f3n de Trayectorias se dio bienvenida a 58 artistas a la comunidad UArtes<\/title>\n<meta name=\"description\" content=\"Universidad de las Artes - Con entrega de t\u00edtulos por Validaci\u00f3n de Trayectorias se dio bienvenida a 58 artistas a la comunidad UArtes\" \/>\n<meta name=\"robots\" content=\"index, follow, max-snippet:-1, max-image-preview:large, max-video-preview:-1\" \/>\n<link rel=\"canonical\" href=\"https:\/\/www.uartes.edu.ec\/sitio\/blog\/2023\/04\/03\/con-entrega-de-titulos-por-validacion-de-trayectorias-se-dio-bienvenida-a-58-artistas-a-la-comunidad-uartes\/\" \/>\n<meta property=\"og:locale\" content=\"es_ES\" \/>\n<meta property=\"og:type\" content=\"article\" \/>\n<meta property=\"og:title\" content=\"Universidad de las Artes - Con entrega de t\u00edtulos por Validaci\u00f3n de Trayectorias se dio bienvenida a 58 artistas a la comunidad UArtes\" \/>\n<meta property=\"og:description\" content=\"Universidad de las Artes - Con entrega de t\u00edtulos por Validaci\u00f3n de Trayectorias se dio bienvenida a 58 artistas a la comunidad UArtes\" \/>\n<meta property=\"og:url\" content=\"https:\/\/www.uartes.edu.ec\/sitio\/blog\/2023\/04\/03\/con-entrega-de-titulos-por-validacion-de-trayectorias-se-dio-bienvenida-a-58-artistas-a-la-comunidad-uartes\/\" \/>\n<meta property=\"og:site_name\" content=\"Universidad de las Artes\" \/>\n<meta property=\"article:publisher\" content=\"https:\/\/www.facebook.com\/uartesec\" \/>\n<meta property=\"article:published_time\" content=\"2023-04-03T21:26:00+00:00\" \/>\n<meta property=\"article:modified_time\" content=\"2024-07-04T16:21:21+00:00\" \/>\n<meta property=\"og:image\" content=\"https:\/\/www.uartes.edu.ec\/sitio\/wp-content\/uploads\/2023\/04\/07-CEREMONIA-VALIDACION-TRAYECTORIA.jpg\" \/>\n\t<meta property=\"og:image:width\" content=\"2000\" \/>\n\t<meta property=\"og:image:height\" content=\"1333\" \/>\n\t<meta property=\"og:image:type\" content=\"image\/jpeg\" \/>\n<meta name=\"author\" content=\"ccortez\" \/>\n<meta name=\"twitter:card\" content=\"summary_large_image\" \/>\n<meta name=\"twitter:creator\" content=\"@uartesec\" \/>\n<meta name=\"twitter:site\" content=\"@uartesec\" \/>\n<meta name=\"twitter:label1\" content=\"Escrito por\" \/>\n\t<meta name=\"twitter:data1\" content=\"ccortez\" \/>\n\t<meta name=\"twitter:label2\" content=\"Tiempo de lectura\" \/>\n\t<meta name=\"twitter:data2\" content=\"7 minutos\" \/>\n<script type=\"application\/ld+json\" class=\"yoast-schema-graph\">{\"@context\":\"https:\\\/\\\/schema.org\",\"@graph\":[{\"@type\":\"Article\",\"@id\":\"https:\\\/\\\/www.uartes.edu.ec\\\/sitio\\\/blog\\\/2023\\\/04\\\/03\\\/con-entrega-de-titulos-por-validacion-de-trayectorias-se-dio-bienvenida-a-58-artistas-a-la-comunidad-uartes\\\/#article\",\"isPartOf\":{\"@id\":\"https:\\\/\\\/www.uartes.edu.ec\\\/sitio\\\/blog\\\/2023\\\/04\\\/03\\\/con-entrega-de-titulos-por-validacion-de-trayectorias-se-dio-bienvenida-a-58-artistas-a-la-comunidad-uartes\\\/\"},\"author\":{\"name\":\"ccortez\",\"@id\":\"https:\\\/\\\/www.uartes.edu.ec\\\/sitio\\\/#\\\/schema\\\/person\\\/efa1b8275797664fd7f13a79ccc0b1f4\"},\"headline\":\"Con entrega de t\u00edtulos por Validaci\u00f3n de Trayectorias se dio bienvenida a 58 artistas a la comunidad UArtes\",\"datePublished\":\"2023-04-03T21:26:00+00:00\",\"dateModified\":\"2024-07-04T16:21:21+00:00\",\"mainEntityOfPage\":{\"@id\":\"https:\\\/\\\/www.uartes.edu.ec\\\/sitio\\\/blog\\\/2023\\\/04\\\/03\\\/con-entrega-de-titulos-por-validacion-de-trayectorias-se-dio-bienvenida-a-58-artistas-a-la-comunidad-uartes\\\/\"},\"wordCount\":1275,\"commentCount\":0,\"publisher\":{\"@id\":\"https:\\\/\\\/www.uartes.edu.ec\\\/sitio\\\/#organization\"},\"image\":{\"@id\":\"https:\\\/\\\/www.uartes.edu.ec\\\/sitio\\\/blog\\\/2023\\\/04\\\/03\\\/con-entrega-de-titulos-por-validacion-de-trayectorias-se-dio-bienvenida-a-58-artistas-a-la-comunidad-uartes\\\/#primaryimage\"},\"thumbnailUrl\":\"https:\\\/\\\/www.uartes.edu.ec\\\/sitio\\\/wp-content\\\/uploads\\\/2023\\\/04\\\/07-CEREMONIA-VALIDACION-TRAYECTORIA.jpg\",\"keywords\":[\"Validaci\u00f3n de Trayectorias\"],\"articleSection\":[\"1F\",\"Acad\u00e9mico\",\"Artes\"],\"inLanguage\":\"es\",\"potentialAction\":[{\"@type\":\"CommentAction\",\"name\":\"Comment\",\"target\":[\"https:\\\/\\\/www.uartes.edu.ec\\\/sitio\\\/blog\\\/2023\\\/04\\\/03\\\/con-entrega-de-titulos-por-validacion-de-trayectorias-se-dio-bienvenida-a-58-artistas-a-la-comunidad-uartes\\\/#respond\"]}]},{\"@type\":[\"WebPage\",\"ItemPage\"],\"@id\":\"https:\\\/\\\/www.uartes.edu.ec\\\/sitio\\\/blog\\\/2023\\\/04\\\/03\\\/con-entrega-de-titulos-por-validacion-de-trayectorias-se-dio-bienvenida-a-58-artistas-a-la-comunidad-uartes\\\/\",\"url\":\"https:\\\/\\\/www.uartes.edu.ec\\\/sitio\\\/blog\\\/2023\\\/04\\\/03\\\/con-entrega-de-titulos-por-validacion-de-trayectorias-se-dio-bienvenida-a-58-artistas-a-la-comunidad-uartes\\\/\",\"name\":\"Universidad de las Artes - Con entrega de t\u00edtulos por Validaci\u00f3n de Trayectorias se dio bienvenida a 58 artistas a la comunidad UArtes\",\"isPartOf\":{\"@id\":\"https:\\\/\\\/www.uartes.edu.ec\\\/sitio\\\/#website\"},\"primaryImageOfPage\":{\"@id\":\"https:\\\/\\\/www.uartes.edu.ec\\\/sitio\\\/blog\\\/2023\\\/04\\\/03\\\/con-entrega-de-titulos-por-validacion-de-trayectorias-se-dio-bienvenida-a-58-artistas-a-la-comunidad-uartes\\\/#primaryimage\"},\"image\":{\"@id\":\"https:\\\/\\\/www.uartes.edu.ec\\\/sitio\\\/blog\\\/2023\\\/04\\\/03\\\/con-entrega-de-titulos-por-validacion-de-trayectorias-se-dio-bienvenida-a-58-artistas-a-la-comunidad-uartes\\\/#primaryimage\"},\"thumbnailUrl\":\"https:\\\/\\\/www.uartes.edu.ec\\\/sitio\\\/wp-content\\\/uploads\\\/2023\\\/04\\\/07-CEREMONIA-VALIDACION-TRAYECTORIA.jpg\",\"datePublished\":\"2023-04-03T21:26:00+00:00\",\"dateModified\":\"2024-07-04T16:21:21+00:00\",\"description\":\"Universidad de las Artes - Con entrega de t\u00edtulos por Validaci\u00f3n de Trayectorias se dio bienvenida a 58 artistas a la comunidad UArtes\",\"breadcrumb\":{\"@id\":\"https:\\\/\\\/www.uartes.edu.ec\\\/sitio\\\/blog\\\/2023\\\/04\\\/03\\\/con-entrega-de-titulos-por-validacion-de-trayectorias-se-dio-bienvenida-a-58-artistas-a-la-comunidad-uartes\\\/#breadcrumb\"},\"inLanguage\":\"es\",\"potentialAction\":[{\"@type\":\"ReadAction\",\"target\":[\"https:\\\/\\\/www.uartes.edu.ec\\\/sitio\\\/blog\\\/2023\\\/04\\\/03\\\/con-entrega-de-titulos-por-validacion-de-trayectorias-se-dio-bienvenida-a-58-artistas-a-la-comunidad-uartes\\\/\"]}]},{\"@type\":\"ImageObject\",\"inLanguage\":\"es\",\"@id\":\"https:\\\/\\\/www.uartes.edu.ec\\\/sitio\\\/blog\\\/2023\\\/04\\\/03\\\/con-entrega-de-titulos-por-validacion-de-trayectorias-se-dio-bienvenida-a-58-artistas-a-la-comunidad-uartes\\\/#primaryimage\",\"url\":\"https:\\\/\\\/www.uartes.edu.ec\\\/sitio\\\/wp-content\\\/uploads\\\/2023\\\/04\\\/07-CEREMONIA-VALIDACION-TRAYECTORIA.jpg\",\"contentUrl\":\"https:\\\/\\\/www.uartes.edu.ec\\\/sitio\\\/wp-content\\\/uploads\\\/2023\\\/04\\\/07-CEREMONIA-VALIDACION-TRAYECTORIA.jpg\",\"width\":2000,\"height\":1333},{\"@type\":\"BreadcrumbList\",\"@id\":\"https:\\\/\\\/www.uartes.edu.ec\\\/sitio\\\/blog\\\/2023\\\/04\\\/03\\\/con-entrega-de-titulos-por-validacion-de-trayectorias-se-dio-bienvenida-a-58-artistas-a-la-comunidad-uartes\\\/#breadcrumb\",\"itemListElement\":[{\"@type\":\"ListItem\",\"position\":1,\"name\":\"Inicio\",\"item\":\"https:\\\/\\\/www.uartes.edu.ec\\\/sitio\\\/\"},{\"@type\":\"ListItem\",\"position\":2,\"name\":\"Con entrega de t\u00edtulos por Validaci\u00f3n de Trayectorias se dio bienvenida a 58 artistas a la comunidad UArtes\"}]},{\"@type\":\"WebSite\",\"@id\":\"https:\\\/\\\/www.uartes.edu.ec\\\/sitio\\\/#website\",\"url\":\"https:\\\/\\\/www.uartes.edu.ec\\\/sitio\\\/\",\"name\":\"Universidad de las Artes\",\"description\":\"Sitio oficial de la Universidad Nacional de las Artes del Ecuador\",\"publisher\":{\"@id\":\"https:\\\/\\\/www.uartes.edu.ec\\\/sitio\\\/#organization\"},\"potentialAction\":[{\"@type\":\"SearchAction\",\"target\":{\"@type\":\"EntryPoint\",\"urlTemplate\":\"https:\\\/\\\/www.uartes.edu.ec\\\/sitio\\\/?s={search_term_string}\"},\"query-input\":{\"@type\":\"PropertyValueSpecification\",\"valueRequired\":true,\"valueName\":\"search_term_string\"}}],\"inLanguage\":\"es\"},{\"@type\":\"Organization\",\"@id\":\"https:\\\/\\\/www.uartes.edu.ec\\\/sitio\\\/#organization\",\"name\":\"Universidad de las Artes\",\"url\":\"https:\\\/\\\/www.uartes.edu.ec\\\/sitio\\\/\",\"logo\":{\"@type\":\"ImageObject\",\"inLanguage\":\"es\",\"@id\":\"https:\\\/\\\/www.uartes.edu.ec\\\/sitio\\\/#\\\/schema\\\/logo\\\/image\\\/\",\"url\":\"https:\\\/\\\/www.uartes.edu.ec\\\/sitio\\\/wp-content\\\/uploads\\\/2022\\\/07\\\/logo-ua-horizontal.png\",\"contentUrl\":\"https:\\\/\\\/www.uartes.edu.ec\\\/sitio\\\/wp-content\\\/uploads\\\/2022\\\/07\\\/logo-ua-horizontal.png\",\"width\":800,\"height\":276,\"caption\":\"Universidad de las Artes\"},\"image\":{\"@id\":\"https:\\\/\\\/www.uartes.edu.ec\\\/sitio\\\/#\\\/schema\\\/logo\\\/image\\\/\"},\"sameAs\":[\"https:\\\/\\\/www.facebook.com\\\/uartesec\",\"https:\\\/\\\/x.com\\\/uartesec\",\"https:\\\/\\\/www.tiktok.com\\\/@uartesec\"]},{\"@type\":\"Person\",\"@id\":\"https:\\\/\\\/www.uartes.edu.ec\\\/sitio\\\/#\\\/schema\\\/person\\\/efa1b8275797664fd7f13a79ccc0b1f4\",\"name\":\"ccortez\",\"image\":{\"@type\":\"ImageObject\",\"inLanguage\":\"es\",\"@id\":\"https:\\\/\\\/secure.gravatar.com\\\/avatar\\\/b2a6f664a3ae8e074346ef91775736c5ec479e637ecced6842de9dc98b5da9cd?s=96&d=mm&r=g\",\"url\":\"https:\\\/\\\/secure.gravatar.com\\\/avatar\\\/b2a6f664a3ae8e074346ef91775736c5ec479e637ecced6842de9dc98b5da9cd?s=96&d=mm&r=g\",\"contentUrl\":\"https:\\\/\\\/secure.gravatar.com\\\/avatar\\\/b2a6f664a3ae8e074346ef91775736c5ec479e637ecced6842de9dc98b5da9cd?s=96&d=mm&r=g\",\"caption\":\"ccortez\"},\"url\":\"https:\\\/\\\/www.uartes.edu.ec\\\/sitio\\\/blog\\\/author\\\/ccortez\\\/\"}]}<\/script>\n<!-- \/ Yoast SEO plugin. -->","yoast_head_json":{"title":"Universidad de las Artes - Con entrega de t\u00edtulos por Validaci\u00f3n de Trayectorias se dio bienvenida a 58 artistas a la comunidad UArtes","description":"Universidad de las Artes - Con entrega de t\u00edtulos por Validaci\u00f3n de Trayectorias se dio bienvenida a 58 artistas a la comunidad UArtes","robots":{"index":"index","follow":"follow","max-snippet":"max-snippet:-1","max-image-preview":"max-image-preview:large","max-video-preview":"max-video-preview:-1"},"canonical":"https:\/\/www.uartes.edu.ec\/sitio\/blog\/2023\/04\/03\/con-entrega-de-titulos-por-validacion-de-trayectorias-se-dio-bienvenida-a-58-artistas-a-la-comunidad-uartes\/","og_locale":"es_ES","og_type":"article","og_title":"Universidad de las Artes - Con entrega de t\u00edtulos por Validaci\u00f3n de Trayectorias se dio bienvenida a 58 artistas a la comunidad UArtes","og_description":"Universidad de las Artes - Con entrega de t\u00edtulos por Validaci\u00f3n de Trayectorias se dio bienvenida a 58 artistas a la comunidad UArtes","og_url":"https:\/\/www.uartes.edu.ec\/sitio\/blog\/2023\/04\/03\/con-entrega-de-titulos-por-validacion-de-trayectorias-se-dio-bienvenida-a-58-artistas-a-la-comunidad-uartes\/","og_site_name":"Universidad de las Artes","article_publisher":"https:\/\/www.facebook.com\/uartesec","article_published_time":"2023-04-03T21:26:00+00:00","article_modified_time":"2024-07-04T16:21:21+00:00","og_image":[{"width":2000,"height":1333,"url":"https:\/\/www.uartes.edu.ec\/sitio\/wp-content\/uploads\/2023\/04\/07-CEREMONIA-VALIDACION-TRAYECTORIA.jpg","type":"image\/jpeg"}],"author":"ccortez","twitter_card":"summary_large_image","twitter_creator":"@uartesec","twitter_site":"@uartesec","twitter_misc":{"Escrito por":"ccortez","Tiempo de lectura":"7 minutos"},"schema":{"@context":"https:\/\/schema.org","@graph":[{"@type":"Article","@id":"https:\/\/www.uartes.edu.ec\/sitio\/blog\/2023\/04\/03\/con-entrega-de-titulos-por-validacion-de-trayectorias-se-dio-bienvenida-a-58-artistas-a-la-comunidad-uartes\/#article","isPartOf":{"@id":"https:\/\/www.uartes.edu.ec\/sitio\/blog\/2023\/04\/03\/con-entrega-de-titulos-por-validacion-de-trayectorias-se-dio-bienvenida-a-58-artistas-a-la-comunidad-uartes\/"},"author":{"name":"ccortez","@id":"https:\/\/www.uartes.edu.ec\/sitio\/#\/schema\/person\/efa1b8275797664fd7f13a79ccc0b1f4"},"headline":"Con entrega de t\u00edtulos por Validaci\u00f3n de Trayectorias se dio bienvenida a 58 artistas a la comunidad UArtes","datePublished":"2023-04-03T21:26:00+00:00","dateModified":"2024-07-04T16:21:21+00:00","mainEntityOfPage":{"@id":"https:\/\/www.uartes.edu.ec\/sitio\/blog\/2023\/04\/03\/con-entrega-de-titulos-por-validacion-de-trayectorias-se-dio-bienvenida-a-58-artistas-a-la-comunidad-uartes\/"},"wordCount":1275,"commentCount":0,"publisher":{"@id":"https:\/\/www.uartes.edu.ec\/sitio\/#organization"},"image":{"@id":"https:\/\/www.uartes.edu.ec\/sitio\/blog\/2023\/04\/03\/con-entrega-de-titulos-por-validacion-de-trayectorias-se-dio-bienvenida-a-58-artistas-a-la-comunidad-uartes\/#primaryimage"},"thumbnailUrl":"https:\/\/www.uartes.edu.ec\/sitio\/wp-content\/uploads\/2023\/04\/07-CEREMONIA-VALIDACION-TRAYECTORIA.jpg","keywords":["Validaci\u00f3n de Trayectorias"],"articleSection":["1F","Acad\u00e9mico","Artes"],"inLanguage":"es","potentialAction":[{"@type":"CommentAction","name":"Comment","target":["https:\/\/www.uartes.edu.ec\/sitio\/blog\/2023\/04\/03\/con-entrega-de-titulos-por-validacion-de-trayectorias-se-dio-bienvenida-a-58-artistas-a-la-comunidad-uartes\/#respond"]}]},{"@type":["WebPage","ItemPage"],"@id":"https:\/\/www.uartes.edu.ec\/sitio\/blog\/2023\/04\/03\/con-entrega-de-titulos-por-validacion-de-trayectorias-se-dio-bienvenida-a-58-artistas-a-la-comunidad-uartes\/","url":"https:\/\/www.uartes.edu.ec\/sitio\/blog\/2023\/04\/03\/con-entrega-de-titulos-por-validacion-de-trayectorias-se-dio-bienvenida-a-58-artistas-a-la-comunidad-uartes\/","name":"Universidad de las Artes - Con entrega de t\u00edtulos por Validaci\u00f3n de Trayectorias se dio bienvenida a 58 artistas a la comunidad UArtes","isPartOf":{"@id":"https:\/\/www.uartes.edu.ec\/sitio\/#website"},"primaryImageOfPage":{"@id":"https:\/\/www.uartes.edu.ec\/sitio\/blog\/2023\/04\/03\/con-entrega-de-titulos-por-validacion-de-trayectorias-se-dio-bienvenida-a-58-artistas-a-la-comunidad-uartes\/#primaryimage"},"image":{"@id":"https:\/\/www.uartes.edu.ec\/sitio\/blog\/2023\/04\/03\/con-entrega-de-titulos-por-validacion-de-trayectorias-se-dio-bienvenida-a-58-artistas-a-la-comunidad-uartes\/#primaryimage"},"thumbnailUrl":"https:\/\/www.uartes.edu.ec\/sitio\/wp-content\/uploads\/2023\/04\/07-CEREMONIA-VALIDACION-TRAYECTORIA.jpg","datePublished":"2023-04-03T21:26:00+00:00","dateModified":"2024-07-04T16:21:21+00:00","description":"Universidad de las Artes - Con entrega de t\u00edtulos por Validaci\u00f3n de Trayectorias se dio bienvenida a 58 artistas a la comunidad UArtes","breadcrumb":{"@id":"https:\/\/www.uartes.edu.ec\/sitio\/blog\/2023\/04\/03\/con-entrega-de-titulos-por-validacion-de-trayectorias-se-dio-bienvenida-a-58-artistas-a-la-comunidad-uartes\/#breadcrumb"},"inLanguage":"es","potentialAction":[{"@type":"ReadAction","target":["https:\/\/www.uartes.edu.ec\/sitio\/blog\/2023\/04\/03\/con-entrega-de-titulos-por-validacion-de-trayectorias-se-dio-bienvenida-a-58-artistas-a-la-comunidad-uartes\/"]}]},{"@type":"ImageObject","inLanguage":"es","@id":"https:\/\/www.uartes.edu.ec\/sitio\/blog\/2023\/04\/03\/con-entrega-de-titulos-por-validacion-de-trayectorias-se-dio-bienvenida-a-58-artistas-a-la-comunidad-uartes\/#primaryimage","url":"https:\/\/www.uartes.edu.ec\/sitio\/wp-content\/uploads\/2023\/04\/07-CEREMONIA-VALIDACION-TRAYECTORIA.jpg","contentUrl":"https:\/\/www.uartes.edu.ec\/sitio\/wp-content\/uploads\/2023\/04\/07-CEREMONIA-VALIDACION-TRAYECTORIA.jpg","width":2000,"height":1333},{"@type":"BreadcrumbList","@id":"https:\/\/www.uartes.edu.ec\/sitio\/blog\/2023\/04\/03\/con-entrega-de-titulos-por-validacion-de-trayectorias-se-dio-bienvenida-a-58-artistas-a-la-comunidad-uartes\/#breadcrumb","itemListElement":[{"@type":"ListItem","position":1,"name":"Inicio","item":"https:\/\/www.uartes.edu.ec\/sitio\/"},{"@type":"ListItem","position":2,"name":"Con entrega de t\u00edtulos por Validaci\u00f3n de Trayectorias se dio bienvenida a 58 artistas a la comunidad UArtes"}]},{"@type":"WebSite","@id":"https:\/\/www.uartes.edu.ec\/sitio\/#website","url":"https:\/\/www.uartes.edu.ec\/sitio\/","name":"Universidad de las Artes","description":"Sitio oficial de la Universidad Nacional de las Artes del Ecuador","publisher":{"@id":"https:\/\/www.uartes.edu.ec\/sitio\/#organization"},"potentialAction":[{"@type":"SearchAction","target":{"@type":"EntryPoint","urlTemplate":"https:\/\/www.uartes.edu.ec\/sitio\/?s={search_term_string}"},"query-input":{"@type":"PropertyValueSpecification","valueRequired":true,"valueName":"search_term_string"}}],"inLanguage":"es"},{"@type":"Organization","@id":"https:\/\/www.uartes.edu.ec\/sitio\/#organization","name":"Universidad de las Artes","url":"https:\/\/www.uartes.edu.ec\/sitio\/","logo":{"@type":"ImageObject","inLanguage":"es","@id":"https:\/\/www.uartes.edu.ec\/sitio\/#\/schema\/logo\/image\/","url":"https:\/\/www.uartes.edu.ec\/sitio\/wp-content\/uploads\/2022\/07\/logo-ua-horizontal.png","contentUrl":"https:\/\/www.uartes.edu.ec\/sitio\/wp-content\/uploads\/2022\/07\/logo-ua-horizontal.png","width":800,"height":276,"caption":"Universidad de las Artes"},"image":{"@id":"https:\/\/www.uartes.edu.ec\/sitio\/#\/schema\/logo\/image\/"},"sameAs":["https:\/\/www.facebook.com\/uartesec","https:\/\/x.com\/uartesec","https:\/\/www.tiktok.com\/@uartesec"]},{"@type":"Person","@id":"https:\/\/www.uartes.edu.ec\/sitio\/#\/schema\/person\/efa1b8275797664fd7f13a79ccc0b1f4","name":"ccortez","image":{"@type":"ImageObject","inLanguage":"es","@id":"https:\/\/secure.gravatar.com\/avatar\/b2a6f664a3ae8e074346ef91775736c5ec479e637ecced6842de9dc98b5da9cd?s=96&d=mm&r=g","url":"https:\/\/secure.gravatar.com\/avatar\/b2a6f664a3ae8e074346ef91775736c5ec479e637ecced6842de9dc98b5da9cd?s=96&d=mm&r=g","contentUrl":"https:\/\/secure.gravatar.com\/avatar\/b2a6f664a3ae8e074346ef91775736c5ec479e637ecced6842de9dc98b5da9cd?s=96&d=mm&r=g","caption":"ccortez"},"url":"https:\/\/www.uartes.edu.ec\/sitio\/blog\/author\/ccortez\/"}]}},"uagb_featured_image_src":{"full":["https:\/\/www.uartes.edu.ec\/sitio\/wp-content\/uploads\/2023\/04\/07-CEREMONIA-VALIDACION-TRAYECTORIA.jpg",2000,1333,false],"thumbnail":["https:\/\/www.uartes.edu.ec\/sitio\/wp-content\/uploads\/2023\/04\/07-CEREMONIA-VALIDACION-TRAYECTORIA-150x150.jpg",150,150,true],"medium":["https:\/\/www.uartes.edu.ec\/sitio\/wp-content\/uploads\/2023\/04\/07-CEREMONIA-VALIDACION-TRAYECTORIA-300x200.jpg",300,200,true],"medium_large":["https:\/\/www.uartes.edu.ec\/sitio\/wp-content\/uploads\/2023\/04\/07-CEREMONIA-VALIDACION-TRAYECTORIA-768x512.jpg",768,512,true],"large":["https:\/\/www.uartes.edu.ec\/sitio\/wp-content\/uploads\/2023\/04\/07-CEREMONIA-VALIDACION-TRAYECTORIA-644x429.jpg",644,429,true],"1536x1536":["https:\/\/www.uartes.edu.ec\/sitio\/wp-content\/uploads\/2023\/04\/07-CEREMONIA-VALIDACION-TRAYECTORIA-1536x1024.jpg",1536,1024,true],"2048x2048":["https:\/\/www.uartes.edu.ec\/sitio\/wp-content\/uploads\/2023\/04\/07-CEREMONIA-VALIDACION-TRAYECTORIA.jpg",2000,1333,false],"trp-custom-language-flag":["https:\/\/www.uartes.edu.ec\/sitio\/wp-content\/uploads\/2023\/04\/07-CEREMONIA-VALIDACION-TRAYECTORIA.jpg",18,12,false],"htmega_size_585x295":["https:\/\/www.uartes.edu.ec\/sitio\/wp-content\/uploads\/2023\/04\/07-CEREMONIA-VALIDACION-TRAYECTORIA-585x295.jpg",585,295,true],"htmega_size_1170x536":["https:\/\/www.uartes.edu.ec\/sitio\/wp-content\/uploads\/2023\/04\/07-CEREMONIA-VALIDACION-TRAYECTORIA-1170x536.jpg",1170,536,true],"htmega_size_396x360":["https:\/\/www.uartes.edu.ec\/sitio\/wp-content\/uploads\/2023\/04\/07-CEREMONIA-VALIDACION-TRAYECTORIA-396x360.jpg",396,360,true],"gb-block-post-grid-landscape":["https:\/\/www.uartes.edu.ec\/sitio\/wp-content\/uploads\/2023\/04\/07-CEREMONIA-VALIDACION-TRAYECTORIA-600x400.jpg",600,400,true],"gb-block-post-grid-square":["https:\/\/www.uartes.edu.ec\/sitio\/wp-content\/uploads\/2023\/04\/07-CEREMONIA-VALIDACION-TRAYECTORIA-600x600.jpg",600,600,true],"university-hub-thumb":["https:\/\/www.uartes.edu.ec\/sitio\/wp-content\/uploads\/2023\/04\/07-CEREMONIA-VALIDACION-TRAYECTORIA-400x267.jpg",400,267,true]},"uagb_author_info":{"display_name":"ccortez","author_link":"https:\/\/www.uartes.edu.ec\/sitio\/blog\/author\/ccortez\/"},"uagb_comment_info":0,"uagb_excerpt":"\u201cEn este 2023, que cumplimos 10 a\u00f1os de la aprobaci\u00f3n de la Ley de Creaci\u00f3n de la universidad, puedo decir que esta comunidad se ha convertido en una de las principales fuerzas creativas del pa\u00eds\u201d, dijo el rector William Herrera en la ceremonia realizada el 1 de abril. Junto con los vicerrectores UArtes y la&hellip;","featured_image_src":"https:\/\/www.uartes.edu.ec\/sitio\/wp-content\/uploads\/2023\/04\/07-CEREMONIA-VALIDACION-TRAYECTORIA-600x400.jpg","featured_image_src_square":"https:\/\/www.uartes.edu.ec\/sitio\/wp-content\/uploads\/2023\/04\/07-CEREMONIA-VALIDACION-TRAYECTORIA-600x600.jpg","author_info":{"display_name":"ccortez","author_link":"https:\/\/www.uartes.edu.ec\/sitio\/blog\/author\/ccortez\/"},"publishpress_future_workflow_manual_trigger":{"enabledWorkflows":[]},"distributor_meta":false,"distributor_terms":false,"distributor_media":false,"distributor_original_site_name":"Universidad de las Artes","distributor_original_site_url":"https:\/\/www.uartes.edu.ec\/sitio","push-errors":false,"_links":{"self":[{"href":"https:\/\/www.uartes.edu.ec\/sitio\/wp-json\/wp\/v2\/posts\/40604","targetHints":{"allow":["GET"]}}],"collection":[{"href":"https:\/\/www.uartes.edu.ec\/sitio\/wp-json\/wp\/v2\/posts"}],"about":[{"href":"https:\/\/www.uartes.edu.ec\/sitio\/wp-json\/wp\/v2\/types\/post"}],"author":[{"embeddable":true,"href":"https:\/\/www.uartes.edu.ec\/sitio\/wp-json\/wp\/v2\/users\/10"}],"replies":[{"embeddable":true,"href":"https:\/\/www.uartes.edu.ec\/sitio\/wp-json\/wp\/v2\/comments?post=40604"}],"version-history":[{"count":2,"href":"https:\/\/www.uartes.edu.ec\/sitio\/wp-json\/wp\/v2\/posts\/40604\/revisions"}],"predecessor-version":[{"id":40626,"href":"https:\/\/www.uartes.edu.ec\/sitio\/wp-json\/wp\/v2\/posts\/40604\/revisions\/40626"}],"wp:featuredmedia":[{"embeddable":true,"href":"https:\/\/www.uartes.edu.ec\/sitio\/wp-json\/wp\/v2\/media\/40617"}],"wp:attachment":[{"href":"https:\/\/www.uartes.edu.ec\/sitio\/wp-json\/wp\/v2\/media?parent=40604"}],"wp:term":[{"taxonomy":"category","embeddable":true,"href":"https:\/\/www.uartes.edu.ec\/sitio\/wp-json\/wp\/v2\/categories?post=40604"},{"taxonomy":"post_tag","embeddable":true,"href":"https:\/\/www.uartes.edu.ec\/sitio\/wp-json\/wp\/v2\/tags?post=40604"},{"taxonomy":"infouartes","embeddable":true,"href":"https:\/\/www.uartes.edu.ec\/sitio\/wp-json\/wp\/v2\/infouartes?post=40604"}],"curies":[{"name":"wp","href":"https:\/\/api.w.org\/{rel}","templated":true}]}}