{"id":40631,"date":"2023-04-03T18:15:00","date_gmt":"2023-04-03T23:15:00","guid":{"rendered":"https:\/\/www.uartes.edu.ec\/sitio\/?p=40631"},"modified":"2024-07-04T11:21:21","modified_gmt":"2024-07-04T16:21:21","slug":"luis-alfredo-betancourt-del-movimiento-cultural-guitarrea-titulado-por-validacion-de-trayectoria","status":"publish","type":"post","link":"https:\/\/www.uartes.edu.ec\/sitio\/blog\/2023\/04\/03\/luis-alfredo-betancourt-del-movimiento-cultural-guitarrea-titulado-por-validacion-de-trayectoria\/","title":{"rendered":"Luis Alfredo Betancourt Pindo, del Movimiento Cultural Guitarrea, titulado por validaci\u00f3n de trayectoria"},"content":{"rendered":"\n<p>El Festival Internacional Guitarrea Garza Roja lleva hasta la actualidad once ediciones. Su creador, y del Movimiento Cultural Guitarrea que fund\u00f3 en 2010, es el guitarrista cl\u00e1sico Luis Alfredo Betancourt Pindo, hoy licenciado en Artes Musicales y Sonoras. El t\u00edtulo lo obtuvo de la Universidad de las Artes mediante Validaci\u00f3n de Trayectorias Profesionales Art\u00edsticas o Culturales.<\/p>\n\n\n\n<p>El actual proceso se inici\u00f3 en 2021 con la suscripci\u00f3n de un convenio de cooperaci\u00f3n interinstitucional entre el Ministerio de Cultura y Patrimonio y la UArtes.<\/p>\n\n\n\n<p>\u00bfQu\u00e9 lo anim\u00f3 a validar su trayectoria? Betancourt Pindo respondi\u00f3 que consider\u00f3 el proceso necesario en su circunstancia personal. Por diferentes circunstancias, ajenas al Conservatorio Nacional de M\u00fasica y a \u00e9l, no se pudo hacer oficial su t\u00edtulo de concertista de guitarra cl\u00e1sica y profesor. \u201cCreo que fue una oportunidad de concluir una etapa de mi vida estudiantil y profesional en el \u00e1mbito musical. Adem\u00e1s, es importante reconocer que es una gran oportunidad para todos formalizar los conocimientos adquiridos en la vida profesional a trav\u00e9s del estudio y de la experiencia\u201d.<\/p>\n\n\n\n<p>Agreg\u00f3 que, al igual que los 57 artistas que en el actual proceso se profesionalizaron, tras postularse para el proceso cumpli\u00f3 una serie de requisitos y criterios, como la presentaci\u00f3n de evidencias documentales (diplomas, publicaciones prensa, cartas), fotogr\u00e1ficas y audiovisuales que demostraran las actividades art\u00edsticas pedag\u00f3gicas y de gesti\u00f3n cultural que hab\u00eda realizado durante los \u00faltimos 10 a\u00f1os, as\u00ed como certificaciones laborales y art\u00edsticas.<\/p>\n\n\n<div class=\"wp-block-image\">\n<figure class=\"aligncenter size-large\"><img fetchpriority=\"high\" decoding=\"async\" width=\"644\" height=\"429\" src=\"https:\/\/www.uartes.edu.ec\/sitio\/wp-content\/uploads\/2023\/04\/06-LUIS-ALFREDO-DOS-644x429.jpg\" alt=\"\" class=\"wp-image-40633\" srcset=\"https:\/\/www.uartes.edu.ec\/sitio\/wp-content\/uploads\/2023\/04\/06-LUIS-ALFREDO-DOS-644x429.jpg 644w, https:\/\/www.uartes.edu.ec\/sitio\/wp-content\/uploads\/2023\/04\/06-LUIS-ALFREDO-DOS-768x511.jpg 768w, https:\/\/www.uartes.edu.ec\/sitio\/wp-content\/uploads\/2023\/04\/06-LUIS-ALFREDO-DOS.jpg 2000w, https:\/\/www.uartes.edu.ec\/sitio\/wp-content\/uploads\/2023\/04\/06-LUIS-ALFREDO-DOS-600x399.jpg 600w, https:\/\/www.uartes.edu.ec\/sitio\/wp-content\/uploads\/2023\/04\/06-LUIS-ALFREDO-DOS-272x182.jpg 272w\" sizes=\"(max-width: 644px) 100vw, 644px\" \/><\/figure>\n<\/div>\n\n\n<h3 class=\"wp-block-heading\"><strong>Sus pasos en las Artes Musicales<\/strong><\/h3>\n\n\n\n<p>El ahora licenciado en Artes Musicales y Sonoras naci\u00f3 en Guayaquil e inici\u00f3 sus estudios musicales en el Conservatorio Antonio Neumane bajo la direcci\u00f3n del maestro japon\u00e9s Ryuhei Kobayashi y en el Conservatorio Nacional realiz\u00f3 estudios de Concertismo y Pedagog\u00eda Musical cuando la instituci\u00f3n ten\u00eda el nivel superior de estudios. Continu\u00f3 su preparaci\u00f3n con el maestro cubano Jos\u00e9 \u00c1ngel P\u00e9rez Puentes en el Conservatorio George Gerswhin.<\/p>\n\n\n\n<p>En 1997 le otorgaron nombramiento como profesor de Guitarra en el Conservatorio Nacional de M\u00fasica, donde labor\u00f3 por 20 a\u00f1os y organiz\u00f3, desde la jefatura del \u00e1rea, cert\u00e1menes, conciertos, giras, festivales y concursos; tambi\u00e9n prepar\u00f3 un grupo de estudiantes que hoy en d\u00eda destacan en el quehacer musical del Ecuador y Europa.<\/p>\n\n\n\n<p>Miembro de la Casa de la Cultura Ecuatoriana desde agosto del 2009, Betancourt Pindo comenta que fund\u00f3 el Movimiento Cultural Guitarrea y cre\u00f3 el Festival Internacional Guitarrea Garza Roja con el af\u00e1n de realizar aproximaciones de j\u00f3venes guitarristas de nuestra comunidad con los m\u00e1s grandes exponentes de la Guitarra Internacional. Destaca, entre ellos, la visita de David Russel, Margarita Escarpa, Berta Rojas y Gerhard Reichenbach.<\/p>\n\n\n\n<p>Como solista y junto a agrupaciones musicales dirigidas por \u00e9l realiza giras por Colombia, Venezuela, M\u00e9xico y Espa\u00f1a por dos ocasiones.<\/p>\n\n\n\n<p>Ha fundado y dirigido varios grupos de C\u00e1mara, entre ellos, el Cuarteto Ars Antiqua, Guayaquil Guitar Club y el d\u00fao Tempo de Guitarra. Ha realizado tres CDs: \u201cLa guitarra en el tiempo\u201d (2007), \u201cAlbazo\u201d (2013) y \u201cTempo de guitarra\u201d (2015). Actualmente dirige el Ensamble de Guitarras R\u00edo Daule, el cual fund\u00f3 con el auspicio del Municipio de Daule, y contin\u00faa con su gesti\u00f3n de nuevos festivales y conciertos mediante el Movimiento Guitarrea.<\/p>\n\n\n\n<p>Foto: Cortes\u00eda Luis Alfredo Betancourt Pindo.<\/p>\n","protected":false},"excerpt":{"rendered":"<p>A la licenciatura en Artes Musicales y Sonoras que Luis Alfredo Betancourt obtuvo mediante Validaci\u00f3n de Trayectorias la considera un complemento para las actividades que realiza. El guitarrista cl\u00e1sico, nacido en Guayaquil y con estudios musicales en los conservatorios Antonio Neumane y Nacional, agradece a la UArtes la oportunidad que le dio de alcanzar una meta anhelada.<\/p>\n","protected":false},"author":10,"featured_media":40632,"comment_status":"open","ping_status":"open","sticky":false,"template":"","format":"standard","meta":{"_acf_changed":false,"_uag_custom_page_level_css":"","_monsterinsights_skip_tracking":false,"_monsterinsights_sitenote_active":false,"_monsterinsights_sitenote_note":"","_monsterinsights_sitenote_category":0,"cybocfi_hide_featured_image":"","footnotes":""},"categories":[80,77],"tags":[269],"infouartes":[],"class_list":["post-40631","post","type-post","status-publish","format-standard","has-post-thumbnail","hentry","category-academico","category-gestion","tag-validacion-de-trayectorias"],"acf":[],"yoast_head":"<!-- This site is optimized with the Yoast SEO plugin v27.4 - https:\/\/yoast.com\/product\/yoast-seo-wordpress\/ -->\n<title>Universidad de las Artes - Luis Alfredo Betancourt Pindo, del Movimiento Cultural Guitarrea, titulado por validaci\u00f3n de trayectoria<\/title>\n<meta name=\"description\" content=\"Universidad de las Artes - Luis Alfredo Betancourt Pindo, del Movimiento Cultural Guitarrea, titulado por validaci\u00f3n de trayectoria\" \/>\n<meta name=\"robots\" content=\"index, follow, max-snippet:-1, max-image-preview:large, max-video-preview:-1\" \/>\n<link rel=\"canonical\" href=\"https:\/\/www.uartes.edu.ec\/sitio\/blog\/2023\/04\/03\/luis-alfredo-betancourt-del-movimiento-cultural-guitarrea-titulado-por-validacion-de-trayectoria\/\" \/>\n<meta property=\"og:locale\" content=\"es_ES\" \/>\n<meta property=\"og:type\" content=\"article\" \/>\n<meta property=\"og:title\" content=\"Universidad de las Artes - Luis Alfredo Betancourt Pindo, del Movimiento Cultural Guitarrea, titulado por validaci\u00f3n de trayectoria\" \/>\n<meta property=\"og:description\" content=\"Universidad de las Artes - Luis Alfredo Betancourt Pindo, del Movimiento Cultural Guitarrea, titulado por validaci\u00f3n de trayectoria\" \/>\n<meta property=\"og:url\" content=\"https:\/\/www.uartes.edu.ec\/sitio\/blog\/2023\/04\/03\/luis-alfredo-betancourt-del-movimiento-cultural-guitarrea-titulado-por-validacion-de-trayectoria\/\" \/>\n<meta property=\"og:site_name\" content=\"Universidad de las Artes\" \/>\n<meta property=\"article:publisher\" content=\"https:\/\/www.facebook.com\/uartesec\" \/>\n<meta property=\"article:published_time\" content=\"2023-04-03T23:15:00+00:00\" \/>\n<meta property=\"article:modified_time\" content=\"2024-07-04T16:21:21+00:00\" \/>\n<meta property=\"og:image\" content=\"https:\/\/www.uartes.edu.ec\/sitio\/wp-content\/uploads\/2023\/04\/05-LUIS-ALFREDO.jpg\" \/>\n\t<meta property=\"og:image:width\" content=\"2000\" \/>\n\t<meta property=\"og:image:height\" content=\"1333\" \/>\n\t<meta property=\"og:image:type\" content=\"image\/jpeg\" \/>\n<meta name=\"author\" content=\"ccortez\" \/>\n<meta name=\"twitter:card\" content=\"summary_large_image\" \/>\n<meta name=\"twitter:creator\" content=\"@uartesec\" \/>\n<meta name=\"twitter:site\" content=\"@uartesec\" \/>\n<meta name=\"twitter:label1\" content=\"Escrito por\" \/>\n\t<meta name=\"twitter:data1\" content=\"ccortez\" \/>\n\t<meta name=\"twitter:label2\" content=\"Tiempo de lectura\" \/>\n\t<meta name=\"twitter:data2\" content=\"3 minutos\" \/>\n<script type=\"application\/ld+json\" class=\"yoast-schema-graph\">{\"@context\":\"https:\\\/\\\/schema.org\",\"@graph\":[{\"@type\":\"Article\",\"@id\":\"https:\\\/\\\/www.uartes.edu.ec\\\/sitio\\\/blog\\\/2023\\\/04\\\/03\\\/luis-alfredo-betancourt-del-movimiento-cultural-guitarrea-titulado-por-validacion-de-trayectoria\\\/#article\",\"isPartOf\":{\"@id\":\"https:\\\/\\\/www.uartes.edu.ec\\\/sitio\\\/blog\\\/2023\\\/04\\\/03\\\/luis-alfredo-betancourt-del-movimiento-cultural-guitarrea-titulado-por-validacion-de-trayectoria\\\/\"},\"author\":{\"name\":\"ccortez\",\"@id\":\"https:\\\/\\\/www.uartes.edu.ec\\\/sitio\\\/#\\\/schema\\\/person\\\/efa1b8275797664fd7f13a79ccc0b1f4\"},\"headline\":\"Luis Alfredo Betancourt Pindo, del Movimiento Cultural Guitarrea, titulado por validaci\u00f3n de trayectoria\",\"datePublished\":\"2023-04-03T23:15:00+00:00\",\"dateModified\":\"2024-07-04T16:21:21+00:00\",\"mainEntityOfPage\":{\"@id\":\"https:\\\/\\\/www.uartes.edu.ec\\\/sitio\\\/blog\\\/2023\\\/04\\\/03\\\/luis-alfredo-betancourt-del-movimiento-cultural-guitarrea-titulado-por-validacion-de-trayectoria\\\/\"},\"wordCount\":571,\"commentCount\":0,\"publisher\":{\"@id\":\"https:\\\/\\\/www.uartes.edu.ec\\\/sitio\\\/#organization\"},\"image\":{\"@id\":\"https:\\\/\\\/www.uartes.edu.ec\\\/sitio\\\/blog\\\/2023\\\/04\\\/03\\\/luis-alfredo-betancourt-del-movimiento-cultural-guitarrea-titulado-por-validacion-de-trayectoria\\\/#primaryimage\"},\"thumbnailUrl\":\"https:\\\/\\\/www.uartes.edu.ec\\\/sitio\\\/wp-content\\\/uploads\\\/2023\\\/04\\\/05-LUIS-ALFREDO.jpg\",\"keywords\":[\"Validaci\u00f3n de Trayectorias\"],\"articleSection\":[\"Acad\u00e9mico\",\"Gesti\u00f3n\"],\"inLanguage\":\"es\",\"potentialAction\":[{\"@type\":\"CommentAction\",\"name\":\"Comment\",\"target\":[\"https:\\\/\\\/www.uartes.edu.ec\\\/sitio\\\/blog\\\/2023\\\/04\\\/03\\\/luis-alfredo-betancourt-del-movimiento-cultural-guitarrea-titulado-por-validacion-de-trayectoria\\\/#respond\"]}]},{\"@type\":[\"WebPage\",\"ItemPage\"],\"@id\":\"https:\\\/\\\/www.uartes.edu.ec\\\/sitio\\\/blog\\\/2023\\\/04\\\/03\\\/luis-alfredo-betancourt-del-movimiento-cultural-guitarrea-titulado-por-validacion-de-trayectoria\\\/\",\"url\":\"https:\\\/\\\/www.uartes.edu.ec\\\/sitio\\\/blog\\\/2023\\\/04\\\/03\\\/luis-alfredo-betancourt-del-movimiento-cultural-guitarrea-titulado-por-validacion-de-trayectoria\\\/\",\"name\":\"Universidad de las Artes - Luis Alfredo Betancourt Pindo, del Movimiento Cultural Guitarrea, titulado por validaci\u00f3n de trayectoria\",\"isPartOf\":{\"@id\":\"https:\\\/\\\/www.uartes.edu.ec\\\/sitio\\\/#website\"},\"primaryImageOfPage\":{\"@id\":\"https:\\\/\\\/www.uartes.edu.ec\\\/sitio\\\/blog\\\/2023\\\/04\\\/03\\\/luis-alfredo-betancourt-del-movimiento-cultural-guitarrea-titulado-por-validacion-de-trayectoria\\\/#primaryimage\"},\"image\":{\"@id\":\"https:\\\/\\\/www.uartes.edu.ec\\\/sitio\\\/blog\\\/2023\\\/04\\\/03\\\/luis-alfredo-betancourt-del-movimiento-cultural-guitarrea-titulado-por-validacion-de-trayectoria\\\/#primaryimage\"},\"thumbnailUrl\":\"https:\\\/\\\/www.uartes.edu.ec\\\/sitio\\\/wp-content\\\/uploads\\\/2023\\\/04\\\/05-LUIS-ALFREDO.jpg\",\"datePublished\":\"2023-04-03T23:15:00+00:00\",\"dateModified\":\"2024-07-04T16:21:21+00:00\",\"description\":\"Universidad de las Artes - Luis Alfredo Betancourt Pindo, del Movimiento Cultural Guitarrea, titulado por validaci\u00f3n de trayectoria\",\"breadcrumb\":{\"@id\":\"https:\\\/\\\/www.uartes.edu.ec\\\/sitio\\\/blog\\\/2023\\\/04\\\/03\\\/luis-alfredo-betancourt-del-movimiento-cultural-guitarrea-titulado-por-validacion-de-trayectoria\\\/#breadcrumb\"},\"inLanguage\":\"es\",\"potentialAction\":[{\"@type\":\"ReadAction\",\"target\":[\"https:\\\/\\\/www.uartes.edu.ec\\\/sitio\\\/blog\\\/2023\\\/04\\\/03\\\/luis-alfredo-betancourt-del-movimiento-cultural-guitarrea-titulado-por-validacion-de-trayectoria\\\/\"]}]},{\"@type\":\"ImageObject\",\"inLanguage\":\"es\",\"@id\":\"https:\\\/\\\/www.uartes.edu.ec\\\/sitio\\\/blog\\\/2023\\\/04\\\/03\\\/luis-alfredo-betancourt-del-movimiento-cultural-guitarrea-titulado-por-validacion-de-trayectoria\\\/#primaryimage\",\"url\":\"https:\\\/\\\/www.uartes.edu.ec\\\/sitio\\\/wp-content\\\/uploads\\\/2023\\\/04\\\/05-LUIS-ALFREDO.jpg\",\"contentUrl\":\"https:\\\/\\\/www.uartes.edu.ec\\\/sitio\\\/wp-content\\\/uploads\\\/2023\\\/04\\\/05-LUIS-ALFREDO.jpg\",\"width\":2000,\"height\":1333},{\"@type\":\"BreadcrumbList\",\"@id\":\"https:\\\/\\\/www.uartes.edu.ec\\\/sitio\\\/blog\\\/2023\\\/04\\\/03\\\/luis-alfredo-betancourt-del-movimiento-cultural-guitarrea-titulado-por-validacion-de-trayectoria\\\/#breadcrumb\",\"itemListElement\":[{\"@type\":\"ListItem\",\"position\":1,\"name\":\"Inicio\",\"item\":\"https:\\\/\\\/www.uartes.edu.ec\\\/sitio\\\/\"},{\"@type\":\"ListItem\",\"position\":2,\"name\":\"Luis Alfredo Betancourt Pindo, del Movimiento Cultural Guitarrea, titulado por validaci\u00f3n de trayectoria\"}]},{\"@type\":\"WebSite\",\"@id\":\"https:\\\/\\\/www.uartes.edu.ec\\\/sitio\\\/#website\",\"url\":\"https:\\\/\\\/www.uartes.edu.ec\\\/sitio\\\/\",\"name\":\"Universidad de las Artes\",\"description\":\"Sitio oficial de la Universidad Nacional de las Artes del Ecuador\",\"publisher\":{\"@id\":\"https:\\\/\\\/www.uartes.edu.ec\\\/sitio\\\/#organization\"},\"potentialAction\":[{\"@type\":\"SearchAction\",\"target\":{\"@type\":\"EntryPoint\",\"urlTemplate\":\"https:\\\/\\\/www.uartes.edu.ec\\\/sitio\\\/?s={search_term_string}\"},\"query-input\":{\"@type\":\"PropertyValueSpecification\",\"valueRequired\":true,\"valueName\":\"search_term_string\"}}],\"inLanguage\":\"es\"},{\"@type\":\"Organization\",\"@id\":\"https:\\\/\\\/www.uartes.edu.ec\\\/sitio\\\/#organization\",\"name\":\"Universidad de las Artes\",\"url\":\"https:\\\/\\\/www.uartes.edu.ec\\\/sitio\\\/\",\"logo\":{\"@type\":\"ImageObject\",\"inLanguage\":\"es\",\"@id\":\"https:\\\/\\\/www.uartes.edu.ec\\\/sitio\\\/#\\\/schema\\\/logo\\\/image\\\/\",\"url\":\"https:\\\/\\\/www.uartes.edu.ec\\\/sitio\\\/wp-content\\\/uploads\\\/2022\\\/07\\\/logo-ua-horizontal.png\",\"contentUrl\":\"https:\\\/\\\/www.uartes.edu.ec\\\/sitio\\\/wp-content\\\/uploads\\\/2022\\\/07\\\/logo-ua-horizontal.png\",\"width\":800,\"height\":276,\"caption\":\"Universidad de las Artes\"},\"image\":{\"@id\":\"https:\\\/\\\/www.uartes.edu.ec\\\/sitio\\\/#\\\/schema\\\/logo\\\/image\\\/\"},\"sameAs\":[\"https:\\\/\\\/www.facebook.com\\\/uartesec\",\"https:\\\/\\\/x.com\\\/uartesec\",\"https:\\\/\\\/www.tiktok.com\\\/@uartesec\"]},{\"@type\":\"Person\",\"@id\":\"https:\\\/\\\/www.uartes.edu.ec\\\/sitio\\\/#\\\/schema\\\/person\\\/efa1b8275797664fd7f13a79ccc0b1f4\",\"name\":\"ccortez\",\"image\":{\"@type\":\"ImageObject\",\"inLanguage\":\"es\",\"@id\":\"https:\\\/\\\/secure.gravatar.com\\\/avatar\\\/b2a6f664a3ae8e074346ef91775736c5ec479e637ecced6842de9dc98b5da9cd?s=96&d=mm&r=g\",\"url\":\"https:\\\/\\\/secure.gravatar.com\\\/avatar\\\/b2a6f664a3ae8e074346ef91775736c5ec479e637ecced6842de9dc98b5da9cd?s=96&d=mm&r=g\",\"contentUrl\":\"https:\\\/\\\/secure.gravatar.com\\\/avatar\\\/b2a6f664a3ae8e074346ef91775736c5ec479e637ecced6842de9dc98b5da9cd?s=96&d=mm&r=g\",\"caption\":\"ccortez\"},\"url\":\"https:\\\/\\\/www.uartes.edu.ec\\\/sitio\\\/blog\\\/author\\\/ccortez\\\/\"}]}<\/script>\n<!-- \/ Yoast SEO plugin. -->","yoast_head_json":{"title":"Universidad de las Artes - Luis Alfredo Betancourt Pindo, del Movimiento Cultural Guitarrea, titulado por validaci\u00f3n de trayectoria","description":"Universidad de las Artes - Luis Alfredo Betancourt Pindo, del Movimiento Cultural Guitarrea, titulado por validaci\u00f3n de trayectoria","robots":{"index":"index","follow":"follow","max-snippet":"max-snippet:-1","max-image-preview":"max-image-preview:large","max-video-preview":"max-video-preview:-1"},"canonical":"https:\/\/www.uartes.edu.ec\/sitio\/blog\/2023\/04\/03\/luis-alfredo-betancourt-del-movimiento-cultural-guitarrea-titulado-por-validacion-de-trayectoria\/","og_locale":"es_ES","og_type":"article","og_title":"Universidad de las Artes - Luis Alfredo Betancourt Pindo, del Movimiento Cultural Guitarrea, titulado por validaci\u00f3n de trayectoria","og_description":"Universidad de las Artes - Luis Alfredo Betancourt Pindo, del Movimiento Cultural Guitarrea, titulado por validaci\u00f3n de trayectoria","og_url":"https:\/\/www.uartes.edu.ec\/sitio\/blog\/2023\/04\/03\/luis-alfredo-betancourt-del-movimiento-cultural-guitarrea-titulado-por-validacion-de-trayectoria\/","og_site_name":"Universidad de las Artes","article_publisher":"https:\/\/www.facebook.com\/uartesec","article_published_time":"2023-04-03T23:15:00+00:00","article_modified_time":"2024-07-04T16:21:21+00:00","og_image":[{"width":2000,"height":1333,"url":"https:\/\/www.uartes.edu.ec\/sitio\/wp-content\/uploads\/2023\/04\/05-LUIS-ALFREDO.jpg","type":"image\/jpeg"}],"author":"ccortez","twitter_card":"summary_large_image","twitter_creator":"@uartesec","twitter_site":"@uartesec","twitter_misc":{"Escrito por":"ccortez","Tiempo de lectura":"3 minutos"},"schema":{"@context":"https:\/\/schema.org","@graph":[{"@type":"Article","@id":"https:\/\/www.uartes.edu.ec\/sitio\/blog\/2023\/04\/03\/luis-alfredo-betancourt-del-movimiento-cultural-guitarrea-titulado-por-validacion-de-trayectoria\/#article","isPartOf":{"@id":"https:\/\/www.uartes.edu.ec\/sitio\/blog\/2023\/04\/03\/luis-alfredo-betancourt-del-movimiento-cultural-guitarrea-titulado-por-validacion-de-trayectoria\/"},"author":{"name":"ccortez","@id":"https:\/\/www.uartes.edu.ec\/sitio\/#\/schema\/person\/efa1b8275797664fd7f13a79ccc0b1f4"},"headline":"Luis Alfredo Betancourt Pindo, del Movimiento Cultural Guitarrea, titulado por validaci\u00f3n de trayectoria","datePublished":"2023-04-03T23:15:00+00:00","dateModified":"2024-07-04T16:21:21+00:00","mainEntityOfPage":{"@id":"https:\/\/www.uartes.edu.ec\/sitio\/blog\/2023\/04\/03\/luis-alfredo-betancourt-del-movimiento-cultural-guitarrea-titulado-por-validacion-de-trayectoria\/"},"wordCount":571,"commentCount":0,"publisher":{"@id":"https:\/\/www.uartes.edu.ec\/sitio\/#organization"},"image":{"@id":"https:\/\/www.uartes.edu.ec\/sitio\/blog\/2023\/04\/03\/luis-alfredo-betancourt-del-movimiento-cultural-guitarrea-titulado-por-validacion-de-trayectoria\/#primaryimage"},"thumbnailUrl":"https:\/\/www.uartes.edu.ec\/sitio\/wp-content\/uploads\/2023\/04\/05-LUIS-ALFREDO.jpg","keywords":["Validaci\u00f3n de Trayectorias"],"articleSection":["Acad\u00e9mico","Gesti\u00f3n"],"inLanguage":"es","potentialAction":[{"@type":"CommentAction","name":"Comment","target":["https:\/\/www.uartes.edu.ec\/sitio\/blog\/2023\/04\/03\/luis-alfredo-betancourt-del-movimiento-cultural-guitarrea-titulado-por-validacion-de-trayectoria\/#respond"]}]},{"@type":["WebPage","ItemPage"],"@id":"https:\/\/www.uartes.edu.ec\/sitio\/blog\/2023\/04\/03\/luis-alfredo-betancourt-del-movimiento-cultural-guitarrea-titulado-por-validacion-de-trayectoria\/","url":"https:\/\/www.uartes.edu.ec\/sitio\/blog\/2023\/04\/03\/luis-alfredo-betancourt-del-movimiento-cultural-guitarrea-titulado-por-validacion-de-trayectoria\/","name":"Universidad de las Artes - Luis Alfredo Betancourt Pindo, del Movimiento Cultural Guitarrea, titulado por validaci\u00f3n de trayectoria","isPartOf":{"@id":"https:\/\/www.uartes.edu.ec\/sitio\/#website"},"primaryImageOfPage":{"@id":"https:\/\/www.uartes.edu.ec\/sitio\/blog\/2023\/04\/03\/luis-alfredo-betancourt-del-movimiento-cultural-guitarrea-titulado-por-validacion-de-trayectoria\/#primaryimage"},"image":{"@id":"https:\/\/www.uartes.edu.ec\/sitio\/blog\/2023\/04\/03\/luis-alfredo-betancourt-del-movimiento-cultural-guitarrea-titulado-por-validacion-de-trayectoria\/#primaryimage"},"thumbnailUrl":"https:\/\/www.uartes.edu.ec\/sitio\/wp-content\/uploads\/2023\/04\/05-LUIS-ALFREDO.jpg","datePublished":"2023-04-03T23:15:00+00:00","dateModified":"2024-07-04T16:21:21+00:00","description":"Universidad de las Artes - Luis Alfredo Betancourt Pindo, del Movimiento Cultural Guitarrea, titulado por validaci\u00f3n de trayectoria","breadcrumb":{"@id":"https:\/\/www.uartes.edu.ec\/sitio\/blog\/2023\/04\/03\/luis-alfredo-betancourt-del-movimiento-cultural-guitarrea-titulado-por-validacion-de-trayectoria\/#breadcrumb"},"inLanguage":"es","potentialAction":[{"@type":"ReadAction","target":["https:\/\/www.uartes.edu.ec\/sitio\/blog\/2023\/04\/03\/luis-alfredo-betancourt-del-movimiento-cultural-guitarrea-titulado-por-validacion-de-trayectoria\/"]}]},{"@type":"ImageObject","inLanguage":"es","@id":"https:\/\/www.uartes.edu.ec\/sitio\/blog\/2023\/04\/03\/luis-alfredo-betancourt-del-movimiento-cultural-guitarrea-titulado-por-validacion-de-trayectoria\/#primaryimage","url":"https:\/\/www.uartes.edu.ec\/sitio\/wp-content\/uploads\/2023\/04\/05-LUIS-ALFREDO.jpg","contentUrl":"https:\/\/www.uartes.edu.ec\/sitio\/wp-content\/uploads\/2023\/04\/05-LUIS-ALFREDO.jpg","width":2000,"height":1333},{"@type":"BreadcrumbList","@id":"https:\/\/www.uartes.edu.ec\/sitio\/blog\/2023\/04\/03\/luis-alfredo-betancourt-del-movimiento-cultural-guitarrea-titulado-por-validacion-de-trayectoria\/#breadcrumb","itemListElement":[{"@type":"ListItem","position":1,"name":"Inicio","item":"https:\/\/www.uartes.edu.ec\/sitio\/"},{"@type":"ListItem","position":2,"name":"Luis Alfredo Betancourt Pindo, del Movimiento Cultural Guitarrea, titulado por validaci\u00f3n de trayectoria"}]},{"@type":"WebSite","@id":"https:\/\/www.uartes.edu.ec\/sitio\/#website","url":"https:\/\/www.uartes.edu.ec\/sitio\/","name":"Universidad de las Artes","description":"Sitio oficial de la Universidad Nacional de las Artes del Ecuador","publisher":{"@id":"https:\/\/www.uartes.edu.ec\/sitio\/#organization"},"potentialAction":[{"@type":"SearchAction","target":{"@type":"EntryPoint","urlTemplate":"https:\/\/www.uartes.edu.ec\/sitio\/?s={search_term_string}"},"query-input":{"@type":"PropertyValueSpecification","valueRequired":true,"valueName":"search_term_string"}}],"inLanguage":"es"},{"@type":"Organization","@id":"https:\/\/www.uartes.edu.ec\/sitio\/#organization","name":"Universidad de las Artes","url":"https:\/\/www.uartes.edu.ec\/sitio\/","logo":{"@type":"ImageObject","inLanguage":"es","@id":"https:\/\/www.uartes.edu.ec\/sitio\/#\/schema\/logo\/image\/","url":"https:\/\/www.uartes.edu.ec\/sitio\/wp-content\/uploads\/2022\/07\/logo-ua-horizontal.png","contentUrl":"https:\/\/www.uartes.edu.ec\/sitio\/wp-content\/uploads\/2022\/07\/logo-ua-horizontal.png","width":800,"height":276,"caption":"Universidad de las Artes"},"image":{"@id":"https:\/\/www.uartes.edu.ec\/sitio\/#\/schema\/logo\/image\/"},"sameAs":["https:\/\/www.facebook.com\/uartesec","https:\/\/x.com\/uartesec","https:\/\/www.tiktok.com\/@uartesec"]},{"@type":"Person","@id":"https:\/\/www.uartes.edu.ec\/sitio\/#\/schema\/person\/efa1b8275797664fd7f13a79ccc0b1f4","name":"ccortez","image":{"@type":"ImageObject","inLanguage":"es","@id":"https:\/\/secure.gravatar.com\/avatar\/b2a6f664a3ae8e074346ef91775736c5ec479e637ecced6842de9dc98b5da9cd?s=96&d=mm&r=g","url":"https:\/\/secure.gravatar.com\/avatar\/b2a6f664a3ae8e074346ef91775736c5ec479e637ecced6842de9dc98b5da9cd?s=96&d=mm&r=g","contentUrl":"https:\/\/secure.gravatar.com\/avatar\/b2a6f664a3ae8e074346ef91775736c5ec479e637ecced6842de9dc98b5da9cd?s=96&d=mm&r=g","caption":"ccortez"},"url":"https:\/\/www.uartes.edu.ec\/sitio\/blog\/author\/ccortez\/"}]}},"uagb_featured_image_src":{"full":["https:\/\/www.uartes.edu.ec\/sitio\/wp-content\/uploads\/2023\/04\/05-LUIS-ALFREDO.jpg",2000,1333,false],"thumbnail":["https:\/\/www.uartes.edu.ec\/sitio\/wp-content\/uploads\/2023\/04\/05-LUIS-ALFREDO-150x150.jpg",150,150,true],"medium":["https:\/\/www.uartes.edu.ec\/sitio\/wp-content\/uploads\/2023\/04\/05-LUIS-ALFREDO-300x200.jpg",300,200,true],"medium_large":["https:\/\/www.uartes.edu.ec\/sitio\/wp-content\/uploads\/2023\/04\/05-LUIS-ALFREDO-768x512.jpg",768,512,true],"large":["https:\/\/www.uartes.edu.ec\/sitio\/wp-content\/uploads\/2023\/04\/05-LUIS-ALFREDO-644x429.jpg",644,429,true],"1536x1536":["https:\/\/www.uartes.edu.ec\/sitio\/wp-content\/uploads\/2023\/04\/05-LUIS-ALFREDO-1536x1024.jpg",1536,1024,true],"2048x2048":["https:\/\/www.uartes.edu.ec\/sitio\/wp-content\/uploads\/2023\/04\/05-LUIS-ALFREDO.jpg",2000,1333,false],"trp-custom-language-flag":["https:\/\/www.uartes.edu.ec\/sitio\/wp-content\/uploads\/2023\/04\/05-LUIS-ALFREDO.jpg",18,12,false],"htmega_size_585x295":["https:\/\/www.uartes.edu.ec\/sitio\/wp-content\/uploads\/2023\/04\/05-LUIS-ALFREDO-585x295.jpg",585,295,true],"htmega_size_1170x536":["https:\/\/www.uartes.edu.ec\/sitio\/wp-content\/uploads\/2023\/04\/05-LUIS-ALFREDO-1170x536.jpg",1170,536,true],"htmega_size_396x360":["https:\/\/www.uartes.edu.ec\/sitio\/wp-content\/uploads\/2023\/04\/05-LUIS-ALFREDO-396x360.jpg",396,360,true],"gb-block-post-grid-landscape":["https:\/\/www.uartes.edu.ec\/sitio\/wp-content\/uploads\/2023\/04\/05-LUIS-ALFREDO-600x400.jpg",600,400,true],"gb-block-post-grid-square":["https:\/\/www.uartes.edu.ec\/sitio\/wp-content\/uploads\/2023\/04\/05-LUIS-ALFREDO-600x600.jpg",600,600,true],"university-hub-thumb":["https:\/\/www.uartes.edu.ec\/sitio\/wp-content\/uploads\/2023\/04\/05-LUIS-ALFREDO-400x267.jpg",400,267,true]},"uagb_author_info":{"display_name":"ccortez","author_link":"https:\/\/www.uartes.edu.ec\/sitio\/blog\/author\/ccortez\/"},"uagb_comment_info":0,"uagb_excerpt":"A la licenciatura en Artes Musicales y Sonoras que Luis Alfredo Betancourt obtuvo mediante Validaci\u00f3n de Trayectorias la considera un complemento para las actividades que realiza. El guitarrista cl\u00e1sico, nacido en Guayaquil y con estudios musicales en los conservatorios Antonio Neumane y Nacional, agradece a la UArtes la oportunidad que le dio de alcanzar una&hellip;","featured_image_src":"https:\/\/www.uartes.edu.ec\/sitio\/wp-content\/uploads\/2023\/04\/05-LUIS-ALFREDO-600x400.jpg","featured_image_src_square":"https:\/\/www.uartes.edu.ec\/sitio\/wp-content\/uploads\/2023\/04\/05-LUIS-ALFREDO-600x600.jpg","author_info":{"display_name":"ccortez","author_link":"https:\/\/www.uartes.edu.ec\/sitio\/blog\/author\/ccortez\/"},"publishpress_future_workflow_manual_trigger":{"enabledWorkflows":[]},"distributor_meta":false,"distributor_terms":false,"distributor_media":false,"distributor_original_site_name":"Universidad de las Artes","distributor_original_site_url":"https:\/\/www.uartes.edu.ec\/sitio","push-errors":false,"_links":{"self":[{"href":"https:\/\/www.uartes.edu.ec\/sitio\/wp-json\/wp\/v2\/posts\/40631","targetHints":{"allow":["GET"]}}],"collection":[{"href":"https:\/\/www.uartes.edu.ec\/sitio\/wp-json\/wp\/v2\/posts"}],"about":[{"href":"https:\/\/www.uartes.edu.ec\/sitio\/wp-json\/wp\/v2\/types\/post"}],"author":[{"embeddable":true,"href":"https:\/\/www.uartes.edu.ec\/sitio\/wp-json\/wp\/v2\/users\/10"}],"replies":[{"embeddable":true,"href":"https:\/\/www.uartes.edu.ec\/sitio\/wp-json\/wp\/v2\/comments?post=40631"}],"version-history":[{"count":4,"href":"https:\/\/www.uartes.edu.ec\/sitio\/wp-json\/wp\/v2\/posts\/40631\/revisions"}],"predecessor-version":[{"id":40734,"href":"https:\/\/www.uartes.edu.ec\/sitio\/wp-json\/wp\/v2\/posts\/40631\/revisions\/40734"}],"wp:featuredmedia":[{"embeddable":true,"href":"https:\/\/www.uartes.edu.ec\/sitio\/wp-json\/wp\/v2\/media\/40632"}],"wp:attachment":[{"href":"https:\/\/www.uartes.edu.ec\/sitio\/wp-json\/wp\/v2\/media?parent=40631"}],"wp:term":[{"taxonomy":"category","embeddable":true,"href":"https:\/\/www.uartes.edu.ec\/sitio\/wp-json\/wp\/v2\/categories?post=40631"},{"taxonomy":"post_tag","embeddable":true,"href":"https:\/\/www.uartes.edu.ec\/sitio\/wp-json\/wp\/v2\/tags?post=40631"},{"taxonomy":"infouartes","embeddable":true,"href":"https:\/\/www.uartes.edu.ec\/sitio\/wp-json\/wp\/v2\/infouartes?post=40631"}],"curies":[{"name":"wp","href":"https:\/\/api.w.org\/{rel}","templated":true}]}}