{"id":40697,"date":"2023-04-06T18:24:49","date_gmt":"2023-04-06T23:24:49","guid":{"rendered":"https:\/\/www.uartes.edu.ec\/sitio\/?p=40697"},"modified":"2024-07-04T11:21:20","modified_gmt":"2024-07-04T16:21:20","slug":"tras-una-carrera-de-24-anos-como-escritor-carlos-vasconez-decidio-validar-su-trayectoria","status":"publish","type":"post","link":"https:\/\/www.uartes.edu.ec\/sitio\/blog\/2023\/04\/06\/tras-una-carrera-de-24-anos-como-escritor-carlos-vasconez-decidio-validar-su-trayectoria\/","title":{"rendered":"Tras una carrera de 24 a\u00f1os como escritor, Carlos V\u00e1sconez decidi\u00f3 validar su trayectoria con la UArtes"},"content":{"rendered":"\n<p>Carlos V\u00e1sconez, reconocido y premiado autor de diez libros de cuentos, seis novelas y un libro de ensayos sobre poes\u00eda, recibi\u00f3 el t\u00edtulo de licenciado en Literatura de la Universidad de las Artes, mediante el proceso de Validaci\u00f3n de Trayectorias Profesionales Art\u00edsticas o Culturales.<\/p>\n\n\n\n<p>Con V\u00e1sconez, son 58 los artistas que cumplieron con el riguroso proceso y son tambi\u00e9n, como se\u00f1al\u00f3 el rector William Herrera en la ceremonia de entrega de los t\u00edtulos el pasado 1 de abril, parte ya de nuestra comunidad universitaria.<\/p>\n\n\n\n<p>El actual proceso de validaci\u00f3n de trayectorias se inici\u00f3 en 2021 con la suscripci\u00f3n de un convenio de cooperaci\u00f3n interinstitucional entre el Ministerio de Cultura y Patrimonio y la UArtes.<\/p>\n\n\n\n<p>InfoUArtes pregunt\u00f3 al escritor c\u00f3mo vivi\u00f3 el proceso, sus motivaciones y expectativas, ahora como licenciado en Literatura. V\u00e1sconez comparte el siguiente texto:<\/p>\n\n\n\n<p>Lo que me anim\u00f3 a realizar el proceso de Validaci\u00f3n de Trayectorias fue en principio mi familia, en estricto, mi esposa y mis padres, quienes han sido pilar fundamental de mi desarrollo en el campo literario. Debo enfatizar que llevo una carrera como escritor de 24 a\u00f1os de publicaciones, adem\u00e1s de haber cursado estudios de la rama en la Universidad de Cuenca, que abandon\u00e9 por razones muy particulares en su debido momento.<\/p>\n\n\n<div class=\"wp-block-image\">\n<figure class=\"aligncenter size-large\"><img fetchpriority=\"high\" decoding=\"async\" width=\"644\" height=\"429\" src=\"https:\/\/www.uartes.edu.ec\/sitio\/wp-content\/uploads\/2023\/04\/CARLOS-VASCONEZ-01-644x429.jpg\" alt=\"\" class=\"wp-image-40699\" srcset=\"https:\/\/www.uartes.edu.ec\/sitio\/wp-content\/uploads\/2023\/04\/CARLOS-VASCONEZ-01-644x429.jpg 644w, https:\/\/www.uartes.edu.ec\/sitio\/wp-content\/uploads\/2023\/04\/CARLOS-VASCONEZ-01-768x511.jpg 768w, https:\/\/www.uartes.edu.ec\/sitio\/wp-content\/uploads\/2023\/04\/CARLOS-VASCONEZ-01.jpg 2000w, https:\/\/www.uartes.edu.ec\/sitio\/wp-content\/uploads\/2023\/04\/CARLOS-VASCONEZ-01-600x399.jpg 600w, https:\/\/www.uartes.edu.ec\/sitio\/wp-content\/uploads\/2023\/04\/CARLOS-VASCONEZ-01-272x182.jpg 272w\" sizes=\"(max-width: 644px) 100vw, 644px\" \/><\/figure>\n<\/div>\n\n\n<p>Lo primero que deb\u00ed hacer fue comprender el mecanismo para esta validaci\u00f3n, cosa que en mi caso resulta dificultoso al tener cierta animadversi\u00f3n innata a todo tipo de tr\u00e1mite. Por fortuna, mi compa\u00f1era, mi esposa, es h\u00e1bil en esta materia y pudo guiarme de una manera efectiva.<\/p>\n\n\n\n<p>En lo personal, la licenciatura no me significa un cambio en mi proceder como escritor, pero quiz\u00e1 se cumpla aquello de que un t\u00edtulo es \u00fatil para algunas empresas relacionadas con ello, como aspirar a algunos puestos de trabajo. Esto veremos si sucede con el paso del tiempo. Por el momento, no tengo una aspiraci\u00f3n vinculada en este sentido.<\/p>\n\n\n\n<p>Con sinceridad, siempre pens\u00e9 que un t\u00edtulo no forja una carrera ni exalta una vocaci\u00f3n, no mucho menos nos construye como humanos, y he bregado en mi vida por ser conocido expresamente como escritor, cosa que seguir\u00e9 fortaleciendo y que solo puede ser con un trabajo denodado y cabal. Aqu\u00ed se puede enlazar con lo antedicho en el sentido de que la carrera por la que opt\u00e9 no es de pedagog\u00eda, sino de Artes Literarias, lo que me impuls\u00f3 a tener \u00e1nimo.<\/p>\n\n\n\n<h3 class=\"wp-block-heading\"><strong>Sus obras y su trajinar literario<\/strong><\/h3>\n\n\n\n<p>Su inclinaci\u00f3n literaria empez\u00f3 temprano; a los catorce a\u00f1os inaugur\u00f3 el peri\u00f3dico manual&nbsp;<em>Romeismos,<\/em> que luego se convirti\u00f3 en su blog. Es autor de diez libros de cuentos, seis novelas y un libro de ensayos sobre poes\u00eda, celebrados por la cr\u00edtica especializada.<\/p>\n\n\n<div class=\"wp-block-image\">\n<figure class=\"aligncenter size-large\"><img decoding=\"async\" width=\"644\" height=\"429\" src=\"https:\/\/www.uartes.edu.ec\/sitio\/wp-content\/uploads\/2023\/04\/CARLOS-VASCONEZ-03-644x429.jpg\" alt=\"\" class=\"wp-image-40700\" srcset=\"https:\/\/www.uartes.edu.ec\/sitio\/wp-content\/uploads\/2023\/04\/CARLOS-VASCONEZ-03-644x429.jpg 644w, https:\/\/www.uartes.edu.ec\/sitio\/wp-content\/uploads\/2023\/04\/CARLOS-VASCONEZ-03-768x511.jpg 768w, https:\/\/www.uartes.edu.ec\/sitio\/wp-content\/uploads\/2023\/04\/CARLOS-VASCONEZ-03.jpg 2000w, https:\/\/www.uartes.edu.ec\/sitio\/wp-content\/uploads\/2023\/04\/CARLOS-VASCONEZ-03-600x399.jpg 600w, https:\/\/www.uartes.edu.ec\/sitio\/wp-content\/uploads\/2023\/04\/CARLOS-VASCONEZ-03-272x182.jpg 272w\" sizes=\"(max-width: 644px) 100vw, 644px\" \/><\/figure>\n<\/div>\n\n\n<p>Entre sus colecciones de cuentos destacan&nbsp;<em>Lo que los ciegos ven,&nbsp;Jardines Lewis Carroll,&nbsp;Las m\u00fasicas secretas. <\/em>Su \u00faltimo libro de cuentos,&nbsp;<em>Todo est\u00e1 roto,<\/em>&nbsp;ha sido beneficiario de los Fondos Concursables del Instituto de Fomento a la Creaci\u00f3n y la Innovaci\u00f3n (IFCI) en 2022.<\/p>\n\n\n\n<p>Varios de sus cuentos y microcuentos figuran en antolog\u00edas ecuatorianas. Su primera novela,&nbsp;<em>El viol\u00edn de Ingres,<\/em> puede ser escuchada en audiolibro en plataformas como YouTube o Spotify; su quinta novela,&nbsp;<em>Paruso,<\/em> obtuvo una Menci\u00f3n de Honor del Premio La Linares de Novela Breve 2018, siendo una de las dos a las que se les adjudic\u00f3 el mayor galard\u00f3n.<\/p>\n\n\n\n<p>Ha dictado peri\u00f3dicamente talleres de creaci\u00f3n y apreciaci\u00f3n literaria y conferencias sobre James Joyce, Jorge Luis Borges, Alice Munro, Yasunari Kawabata, Franz Kafka, entre otros. En 2021 se le confiri\u00f3 la Presea Guadalupe Larriva Gonz\u00e1lez en reconocimiento a su labor como escritor.<\/p>\n\n\n\n<p>Fue presidente de la Casa de la Cultura Ecuatoriana, N\u00facleo del Azuay. Es docente de literatura por m\u00e1s de dos d\u00e9cadas de la Unidad Educativa Las Pencas de su ciudad natal. Ha sido presidente del Centro PEN Ecuador desde su fundaci\u00f3n en 2018.<\/p>\n","protected":false},"excerpt":{"rendered":"<p>Carlos V\u00e1sconez, reconocido y premiado autor de diez libros de cuentos, seis novelas y un libro de ensayos sobre poes\u00eda, recibi\u00f3 el t\u00edtulo de licenciado en Literatura de la Universidad de las Artes, mediante Validaci\u00f3n de Trayectorias. La UArtes realiz\u00f3 el 1 de abril la entrega de t\u00edtulos; para el actual proceso suscribi\u00f3 un convenio de cooperaci\u00f3n con el Ministerio de Cultura y Patrimonio. <\/p>\n","protected":false},"author":10,"featured_media":40698,"comment_status":"open","ping_status":"open","sticky":false,"template":"","format":"standard","meta":{"_acf_changed":false,"_uag_custom_page_level_css":"","_monsterinsights_skip_tracking":false,"_monsterinsights_sitenote_active":false,"_monsterinsights_sitenote_note":"","_monsterinsights_sitenote_category":0,"cybocfi_hide_featured_image":"","footnotes":""},"categories":[80,82,77],"tags":[269],"infouartes":[],"class_list":["post-40697","post","type-post","status-publish","format-standard","has-post-thumbnail","hentry","category-academico","category-artes","category-gestion","tag-validacion-de-trayectorias"],"acf":[],"yoast_head":"<!-- This site is optimized with the Yoast SEO plugin v27.4 - https:\/\/yoast.com\/product\/yoast-seo-wordpress\/ -->\n<title>Universidad de las Artes - Tras una carrera de 24 a\u00f1os como escritor, Carlos V\u00e1sconez decidi\u00f3 validar su trayectoria con la UArtes<\/title>\n<meta name=\"description\" content=\"Universidad de las Artes - Tras una carrera de 24 a\u00f1os como escritor, Carlos V\u00e1sconez decidi\u00f3 validar su trayectoria con la UArtes\" \/>\n<meta name=\"robots\" content=\"index, follow, max-snippet:-1, max-image-preview:large, max-video-preview:-1\" \/>\n<link rel=\"canonical\" href=\"https:\/\/www.uartes.edu.ec\/sitio\/blog\/2023\/04\/06\/tras-una-carrera-de-24-anos-como-escritor-carlos-vasconez-decidio-validar-su-trayectoria\/\" \/>\n<meta property=\"og:locale\" content=\"es_ES\" \/>\n<meta property=\"og:type\" content=\"article\" \/>\n<meta property=\"og:title\" content=\"Universidad de las Artes - Tras una carrera de 24 a\u00f1os como escritor, Carlos V\u00e1sconez decidi\u00f3 validar su trayectoria con la UArtes\" \/>\n<meta property=\"og:description\" content=\"Universidad de las Artes - Tras una carrera de 24 a\u00f1os como escritor, Carlos V\u00e1sconez decidi\u00f3 validar su trayectoria con la UArtes\" \/>\n<meta property=\"og:url\" content=\"https:\/\/www.uartes.edu.ec\/sitio\/blog\/2023\/04\/06\/tras-una-carrera-de-24-anos-como-escritor-carlos-vasconez-decidio-validar-su-trayectoria\/\" \/>\n<meta property=\"og:site_name\" content=\"Universidad de las Artes\" \/>\n<meta property=\"article:publisher\" content=\"https:\/\/www.facebook.com\/uartesec\" \/>\n<meta property=\"article:published_time\" content=\"2023-04-06T23:24:49+00:00\" \/>\n<meta property=\"article:modified_time\" content=\"2024-07-04T16:21:20+00:00\" \/>\n<meta property=\"og:image\" content=\"https:\/\/www.uartes.edu.ec\/sitio\/wp-content\/uploads\/2023\/04\/CARLOS-VASCONEZ-02.jpg\" \/>\n\t<meta property=\"og:image:width\" content=\"2000\" \/>\n\t<meta property=\"og:image:height\" content=\"1333\" \/>\n\t<meta property=\"og:image:type\" content=\"image\/jpeg\" \/>\n<meta name=\"author\" content=\"ccortez\" \/>\n<meta name=\"twitter:card\" content=\"summary_large_image\" \/>\n<meta name=\"twitter:creator\" content=\"@uartesec\" \/>\n<meta name=\"twitter:site\" content=\"@uartesec\" \/>\n<meta name=\"twitter:label1\" content=\"Escrito por\" \/>\n\t<meta name=\"twitter:data1\" content=\"ccortez\" \/>\n\t<meta name=\"twitter:label2\" content=\"Tiempo de lectura\" \/>\n\t<meta name=\"twitter:data2\" content=\"4 minutos\" \/>\n<script type=\"application\/ld+json\" class=\"yoast-schema-graph\">{\"@context\":\"https:\\\/\\\/schema.org\",\"@graph\":[{\"@type\":\"Article\",\"@id\":\"https:\\\/\\\/www.uartes.edu.ec\\\/sitio\\\/blog\\\/2023\\\/04\\\/06\\\/tras-una-carrera-de-24-anos-como-escritor-carlos-vasconez-decidio-validar-su-trayectoria\\\/#article\",\"isPartOf\":{\"@id\":\"https:\\\/\\\/www.uartes.edu.ec\\\/sitio\\\/blog\\\/2023\\\/04\\\/06\\\/tras-una-carrera-de-24-anos-como-escritor-carlos-vasconez-decidio-validar-su-trayectoria\\\/\"},\"author\":{\"name\":\"ccortez\",\"@id\":\"https:\\\/\\\/www.uartes.edu.ec\\\/sitio\\\/#\\\/schema\\\/person\\\/efa1b8275797664fd7f13a79ccc0b1f4\"},\"headline\":\"Tras una carrera de 24 a\u00f1os como escritor, Carlos V\u00e1sconez decidi\u00f3 validar su trayectoria con la UArtes\",\"datePublished\":\"2023-04-06T23:24:49+00:00\",\"dateModified\":\"2024-07-04T16:21:20+00:00\",\"mainEntityOfPage\":{\"@id\":\"https:\\\/\\\/www.uartes.edu.ec\\\/sitio\\\/blog\\\/2023\\\/04\\\/06\\\/tras-una-carrera-de-24-anos-como-escritor-carlos-vasconez-decidio-validar-su-trayectoria\\\/\"},\"wordCount\":698,\"commentCount\":0,\"publisher\":{\"@id\":\"https:\\\/\\\/www.uartes.edu.ec\\\/sitio\\\/#organization\"},\"image\":{\"@id\":\"https:\\\/\\\/www.uartes.edu.ec\\\/sitio\\\/blog\\\/2023\\\/04\\\/06\\\/tras-una-carrera-de-24-anos-como-escritor-carlos-vasconez-decidio-validar-su-trayectoria\\\/#primaryimage\"},\"thumbnailUrl\":\"https:\\\/\\\/www.uartes.edu.ec\\\/sitio\\\/wp-content\\\/uploads\\\/2023\\\/04\\\/CARLOS-VASCONEZ-02.jpg\",\"keywords\":[\"Validaci\u00f3n de Trayectorias\"],\"articleSection\":[\"Acad\u00e9mico\",\"Artes\",\"Gesti\u00f3n\"],\"inLanguage\":\"es\",\"potentialAction\":[{\"@type\":\"CommentAction\",\"name\":\"Comment\",\"target\":[\"https:\\\/\\\/www.uartes.edu.ec\\\/sitio\\\/blog\\\/2023\\\/04\\\/06\\\/tras-una-carrera-de-24-anos-como-escritor-carlos-vasconez-decidio-validar-su-trayectoria\\\/#respond\"]}]},{\"@type\":[\"WebPage\",\"ItemPage\"],\"@id\":\"https:\\\/\\\/www.uartes.edu.ec\\\/sitio\\\/blog\\\/2023\\\/04\\\/06\\\/tras-una-carrera-de-24-anos-como-escritor-carlos-vasconez-decidio-validar-su-trayectoria\\\/\",\"url\":\"https:\\\/\\\/www.uartes.edu.ec\\\/sitio\\\/blog\\\/2023\\\/04\\\/06\\\/tras-una-carrera-de-24-anos-como-escritor-carlos-vasconez-decidio-validar-su-trayectoria\\\/\",\"name\":\"Universidad de las Artes - Tras una carrera de 24 a\u00f1os como escritor, Carlos V\u00e1sconez decidi\u00f3 validar su trayectoria con la UArtes\",\"isPartOf\":{\"@id\":\"https:\\\/\\\/www.uartes.edu.ec\\\/sitio\\\/#website\"},\"primaryImageOfPage\":{\"@id\":\"https:\\\/\\\/www.uartes.edu.ec\\\/sitio\\\/blog\\\/2023\\\/04\\\/06\\\/tras-una-carrera-de-24-anos-como-escritor-carlos-vasconez-decidio-validar-su-trayectoria\\\/#primaryimage\"},\"image\":{\"@id\":\"https:\\\/\\\/www.uartes.edu.ec\\\/sitio\\\/blog\\\/2023\\\/04\\\/06\\\/tras-una-carrera-de-24-anos-como-escritor-carlos-vasconez-decidio-validar-su-trayectoria\\\/#primaryimage\"},\"thumbnailUrl\":\"https:\\\/\\\/www.uartes.edu.ec\\\/sitio\\\/wp-content\\\/uploads\\\/2023\\\/04\\\/CARLOS-VASCONEZ-02.jpg\",\"datePublished\":\"2023-04-06T23:24:49+00:00\",\"dateModified\":\"2024-07-04T16:21:20+00:00\",\"description\":\"Universidad de las Artes - Tras una carrera de 24 a\u00f1os como escritor, Carlos V\u00e1sconez decidi\u00f3 validar su trayectoria con la UArtes\",\"breadcrumb\":{\"@id\":\"https:\\\/\\\/www.uartes.edu.ec\\\/sitio\\\/blog\\\/2023\\\/04\\\/06\\\/tras-una-carrera-de-24-anos-como-escritor-carlos-vasconez-decidio-validar-su-trayectoria\\\/#breadcrumb\"},\"inLanguage\":\"es\",\"potentialAction\":[{\"@type\":\"ReadAction\",\"target\":[\"https:\\\/\\\/www.uartes.edu.ec\\\/sitio\\\/blog\\\/2023\\\/04\\\/06\\\/tras-una-carrera-de-24-anos-como-escritor-carlos-vasconez-decidio-validar-su-trayectoria\\\/\"]}]},{\"@type\":\"ImageObject\",\"inLanguage\":\"es\",\"@id\":\"https:\\\/\\\/www.uartes.edu.ec\\\/sitio\\\/blog\\\/2023\\\/04\\\/06\\\/tras-una-carrera-de-24-anos-como-escritor-carlos-vasconez-decidio-validar-su-trayectoria\\\/#primaryimage\",\"url\":\"https:\\\/\\\/www.uartes.edu.ec\\\/sitio\\\/wp-content\\\/uploads\\\/2023\\\/04\\\/CARLOS-VASCONEZ-02.jpg\",\"contentUrl\":\"https:\\\/\\\/www.uartes.edu.ec\\\/sitio\\\/wp-content\\\/uploads\\\/2023\\\/04\\\/CARLOS-VASCONEZ-02.jpg\",\"width\":2000,\"height\":1333},{\"@type\":\"BreadcrumbList\",\"@id\":\"https:\\\/\\\/www.uartes.edu.ec\\\/sitio\\\/blog\\\/2023\\\/04\\\/06\\\/tras-una-carrera-de-24-anos-como-escritor-carlos-vasconez-decidio-validar-su-trayectoria\\\/#breadcrumb\",\"itemListElement\":[{\"@type\":\"ListItem\",\"position\":1,\"name\":\"Inicio\",\"item\":\"https:\\\/\\\/www.uartes.edu.ec\\\/sitio\\\/\"},{\"@type\":\"ListItem\",\"position\":2,\"name\":\"Tras una carrera de 24 a\u00f1os como escritor, Carlos V\u00e1sconez decidi\u00f3 validar su trayectoria con la UArtes\"}]},{\"@type\":\"WebSite\",\"@id\":\"https:\\\/\\\/www.uartes.edu.ec\\\/sitio\\\/#website\",\"url\":\"https:\\\/\\\/www.uartes.edu.ec\\\/sitio\\\/\",\"name\":\"Universidad de las Artes\",\"description\":\"Sitio oficial de la Universidad Nacional de las Artes del Ecuador\",\"publisher\":{\"@id\":\"https:\\\/\\\/www.uartes.edu.ec\\\/sitio\\\/#organization\"},\"potentialAction\":[{\"@type\":\"SearchAction\",\"target\":{\"@type\":\"EntryPoint\",\"urlTemplate\":\"https:\\\/\\\/www.uartes.edu.ec\\\/sitio\\\/?s={search_term_string}\"},\"query-input\":{\"@type\":\"PropertyValueSpecification\",\"valueRequired\":true,\"valueName\":\"search_term_string\"}}],\"inLanguage\":\"es\"},{\"@type\":\"Organization\",\"@id\":\"https:\\\/\\\/www.uartes.edu.ec\\\/sitio\\\/#organization\",\"name\":\"Universidad de las Artes\",\"url\":\"https:\\\/\\\/www.uartes.edu.ec\\\/sitio\\\/\",\"logo\":{\"@type\":\"ImageObject\",\"inLanguage\":\"es\",\"@id\":\"https:\\\/\\\/www.uartes.edu.ec\\\/sitio\\\/#\\\/schema\\\/logo\\\/image\\\/\",\"url\":\"https:\\\/\\\/www.uartes.edu.ec\\\/sitio\\\/wp-content\\\/uploads\\\/2022\\\/07\\\/logo-ua-horizontal.png\",\"contentUrl\":\"https:\\\/\\\/www.uartes.edu.ec\\\/sitio\\\/wp-content\\\/uploads\\\/2022\\\/07\\\/logo-ua-horizontal.png\",\"width\":800,\"height\":276,\"caption\":\"Universidad de las Artes\"},\"image\":{\"@id\":\"https:\\\/\\\/www.uartes.edu.ec\\\/sitio\\\/#\\\/schema\\\/logo\\\/image\\\/\"},\"sameAs\":[\"https:\\\/\\\/www.facebook.com\\\/uartesec\",\"https:\\\/\\\/x.com\\\/uartesec\",\"https:\\\/\\\/www.tiktok.com\\\/@uartesec\"]},{\"@type\":\"Person\",\"@id\":\"https:\\\/\\\/www.uartes.edu.ec\\\/sitio\\\/#\\\/schema\\\/person\\\/efa1b8275797664fd7f13a79ccc0b1f4\",\"name\":\"ccortez\",\"image\":{\"@type\":\"ImageObject\",\"inLanguage\":\"es\",\"@id\":\"https:\\\/\\\/secure.gravatar.com\\\/avatar\\\/b2a6f664a3ae8e074346ef91775736c5ec479e637ecced6842de9dc98b5da9cd?s=96&d=mm&r=g\",\"url\":\"https:\\\/\\\/secure.gravatar.com\\\/avatar\\\/b2a6f664a3ae8e074346ef91775736c5ec479e637ecced6842de9dc98b5da9cd?s=96&d=mm&r=g\",\"contentUrl\":\"https:\\\/\\\/secure.gravatar.com\\\/avatar\\\/b2a6f664a3ae8e074346ef91775736c5ec479e637ecced6842de9dc98b5da9cd?s=96&d=mm&r=g\",\"caption\":\"ccortez\"},\"url\":\"https:\\\/\\\/www.uartes.edu.ec\\\/sitio\\\/blog\\\/author\\\/ccortez\\\/\"}]}<\/script>\n<!-- \/ Yoast SEO plugin. -->","yoast_head_json":{"title":"Universidad de las Artes - Tras una carrera de 24 a\u00f1os como escritor, Carlos V\u00e1sconez decidi\u00f3 validar su trayectoria con la UArtes","description":"Universidad de las Artes - Tras una carrera de 24 a\u00f1os como escritor, Carlos V\u00e1sconez decidi\u00f3 validar su trayectoria con la UArtes","robots":{"index":"index","follow":"follow","max-snippet":"max-snippet:-1","max-image-preview":"max-image-preview:large","max-video-preview":"max-video-preview:-1"},"canonical":"https:\/\/www.uartes.edu.ec\/sitio\/blog\/2023\/04\/06\/tras-una-carrera-de-24-anos-como-escritor-carlos-vasconez-decidio-validar-su-trayectoria\/","og_locale":"es_ES","og_type":"article","og_title":"Universidad de las Artes - Tras una carrera de 24 a\u00f1os como escritor, Carlos V\u00e1sconez decidi\u00f3 validar su trayectoria con la UArtes","og_description":"Universidad de las Artes - Tras una carrera de 24 a\u00f1os como escritor, Carlos V\u00e1sconez decidi\u00f3 validar su trayectoria con la UArtes","og_url":"https:\/\/www.uartes.edu.ec\/sitio\/blog\/2023\/04\/06\/tras-una-carrera-de-24-anos-como-escritor-carlos-vasconez-decidio-validar-su-trayectoria\/","og_site_name":"Universidad de las Artes","article_publisher":"https:\/\/www.facebook.com\/uartesec","article_published_time":"2023-04-06T23:24:49+00:00","article_modified_time":"2024-07-04T16:21:20+00:00","og_image":[{"width":2000,"height":1333,"url":"https:\/\/www.uartes.edu.ec\/sitio\/wp-content\/uploads\/2023\/04\/CARLOS-VASCONEZ-02.jpg","type":"image\/jpeg"}],"author":"ccortez","twitter_card":"summary_large_image","twitter_creator":"@uartesec","twitter_site":"@uartesec","twitter_misc":{"Escrito por":"ccortez","Tiempo de lectura":"4 minutos"},"schema":{"@context":"https:\/\/schema.org","@graph":[{"@type":"Article","@id":"https:\/\/www.uartes.edu.ec\/sitio\/blog\/2023\/04\/06\/tras-una-carrera-de-24-anos-como-escritor-carlos-vasconez-decidio-validar-su-trayectoria\/#article","isPartOf":{"@id":"https:\/\/www.uartes.edu.ec\/sitio\/blog\/2023\/04\/06\/tras-una-carrera-de-24-anos-como-escritor-carlos-vasconez-decidio-validar-su-trayectoria\/"},"author":{"name":"ccortez","@id":"https:\/\/www.uartes.edu.ec\/sitio\/#\/schema\/person\/efa1b8275797664fd7f13a79ccc0b1f4"},"headline":"Tras una carrera de 24 a\u00f1os como escritor, Carlos V\u00e1sconez decidi\u00f3 validar su trayectoria con la UArtes","datePublished":"2023-04-06T23:24:49+00:00","dateModified":"2024-07-04T16:21:20+00:00","mainEntityOfPage":{"@id":"https:\/\/www.uartes.edu.ec\/sitio\/blog\/2023\/04\/06\/tras-una-carrera-de-24-anos-como-escritor-carlos-vasconez-decidio-validar-su-trayectoria\/"},"wordCount":698,"commentCount":0,"publisher":{"@id":"https:\/\/www.uartes.edu.ec\/sitio\/#organization"},"image":{"@id":"https:\/\/www.uartes.edu.ec\/sitio\/blog\/2023\/04\/06\/tras-una-carrera-de-24-anos-como-escritor-carlos-vasconez-decidio-validar-su-trayectoria\/#primaryimage"},"thumbnailUrl":"https:\/\/www.uartes.edu.ec\/sitio\/wp-content\/uploads\/2023\/04\/CARLOS-VASCONEZ-02.jpg","keywords":["Validaci\u00f3n de Trayectorias"],"articleSection":["Acad\u00e9mico","Artes","Gesti\u00f3n"],"inLanguage":"es","potentialAction":[{"@type":"CommentAction","name":"Comment","target":["https:\/\/www.uartes.edu.ec\/sitio\/blog\/2023\/04\/06\/tras-una-carrera-de-24-anos-como-escritor-carlos-vasconez-decidio-validar-su-trayectoria\/#respond"]}]},{"@type":["WebPage","ItemPage"],"@id":"https:\/\/www.uartes.edu.ec\/sitio\/blog\/2023\/04\/06\/tras-una-carrera-de-24-anos-como-escritor-carlos-vasconez-decidio-validar-su-trayectoria\/","url":"https:\/\/www.uartes.edu.ec\/sitio\/blog\/2023\/04\/06\/tras-una-carrera-de-24-anos-como-escritor-carlos-vasconez-decidio-validar-su-trayectoria\/","name":"Universidad de las Artes - Tras una carrera de 24 a\u00f1os como escritor, Carlos V\u00e1sconez decidi\u00f3 validar su trayectoria con la UArtes","isPartOf":{"@id":"https:\/\/www.uartes.edu.ec\/sitio\/#website"},"primaryImageOfPage":{"@id":"https:\/\/www.uartes.edu.ec\/sitio\/blog\/2023\/04\/06\/tras-una-carrera-de-24-anos-como-escritor-carlos-vasconez-decidio-validar-su-trayectoria\/#primaryimage"},"image":{"@id":"https:\/\/www.uartes.edu.ec\/sitio\/blog\/2023\/04\/06\/tras-una-carrera-de-24-anos-como-escritor-carlos-vasconez-decidio-validar-su-trayectoria\/#primaryimage"},"thumbnailUrl":"https:\/\/www.uartes.edu.ec\/sitio\/wp-content\/uploads\/2023\/04\/CARLOS-VASCONEZ-02.jpg","datePublished":"2023-04-06T23:24:49+00:00","dateModified":"2024-07-04T16:21:20+00:00","description":"Universidad de las Artes - Tras una carrera de 24 a\u00f1os como escritor, Carlos V\u00e1sconez decidi\u00f3 validar su trayectoria con la UArtes","breadcrumb":{"@id":"https:\/\/www.uartes.edu.ec\/sitio\/blog\/2023\/04\/06\/tras-una-carrera-de-24-anos-como-escritor-carlos-vasconez-decidio-validar-su-trayectoria\/#breadcrumb"},"inLanguage":"es","potentialAction":[{"@type":"ReadAction","target":["https:\/\/www.uartes.edu.ec\/sitio\/blog\/2023\/04\/06\/tras-una-carrera-de-24-anos-como-escritor-carlos-vasconez-decidio-validar-su-trayectoria\/"]}]},{"@type":"ImageObject","inLanguage":"es","@id":"https:\/\/www.uartes.edu.ec\/sitio\/blog\/2023\/04\/06\/tras-una-carrera-de-24-anos-como-escritor-carlos-vasconez-decidio-validar-su-trayectoria\/#primaryimage","url":"https:\/\/www.uartes.edu.ec\/sitio\/wp-content\/uploads\/2023\/04\/CARLOS-VASCONEZ-02.jpg","contentUrl":"https:\/\/www.uartes.edu.ec\/sitio\/wp-content\/uploads\/2023\/04\/CARLOS-VASCONEZ-02.jpg","width":2000,"height":1333},{"@type":"BreadcrumbList","@id":"https:\/\/www.uartes.edu.ec\/sitio\/blog\/2023\/04\/06\/tras-una-carrera-de-24-anos-como-escritor-carlos-vasconez-decidio-validar-su-trayectoria\/#breadcrumb","itemListElement":[{"@type":"ListItem","position":1,"name":"Inicio","item":"https:\/\/www.uartes.edu.ec\/sitio\/"},{"@type":"ListItem","position":2,"name":"Tras una carrera de 24 a\u00f1os como escritor, Carlos V\u00e1sconez decidi\u00f3 validar su trayectoria con la UArtes"}]},{"@type":"WebSite","@id":"https:\/\/www.uartes.edu.ec\/sitio\/#website","url":"https:\/\/www.uartes.edu.ec\/sitio\/","name":"Universidad de las Artes","description":"Sitio oficial de la Universidad Nacional de las Artes del Ecuador","publisher":{"@id":"https:\/\/www.uartes.edu.ec\/sitio\/#organization"},"potentialAction":[{"@type":"SearchAction","target":{"@type":"EntryPoint","urlTemplate":"https:\/\/www.uartes.edu.ec\/sitio\/?s={search_term_string}"},"query-input":{"@type":"PropertyValueSpecification","valueRequired":true,"valueName":"search_term_string"}}],"inLanguage":"es"},{"@type":"Organization","@id":"https:\/\/www.uartes.edu.ec\/sitio\/#organization","name":"Universidad de las Artes","url":"https:\/\/www.uartes.edu.ec\/sitio\/","logo":{"@type":"ImageObject","inLanguage":"es","@id":"https:\/\/www.uartes.edu.ec\/sitio\/#\/schema\/logo\/image\/","url":"https:\/\/www.uartes.edu.ec\/sitio\/wp-content\/uploads\/2022\/07\/logo-ua-horizontal.png","contentUrl":"https:\/\/www.uartes.edu.ec\/sitio\/wp-content\/uploads\/2022\/07\/logo-ua-horizontal.png","width":800,"height":276,"caption":"Universidad de las Artes"},"image":{"@id":"https:\/\/www.uartes.edu.ec\/sitio\/#\/schema\/logo\/image\/"},"sameAs":["https:\/\/www.facebook.com\/uartesec","https:\/\/x.com\/uartesec","https:\/\/www.tiktok.com\/@uartesec"]},{"@type":"Person","@id":"https:\/\/www.uartes.edu.ec\/sitio\/#\/schema\/person\/efa1b8275797664fd7f13a79ccc0b1f4","name":"ccortez","image":{"@type":"ImageObject","inLanguage":"es","@id":"https:\/\/secure.gravatar.com\/avatar\/b2a6f664a3ae8e074346ef91775736c5ec479e637ecced6842de9dc98b5da9cd?s=96&d=mm&r=g","url":"https:\/\/secure.gravatar.com\/avatar\/b2a6f664a3ae8e074346ef91775736c5ec479e637ecced6842de9dc98b5da9cd?s=96&d=mm&r=g","contentUrl":"https:\/\/secure.gravatar.com\/avatar\/b2a6f664a3ae8e074346ef91775736c5ec479e637ecced6842de9dc98b5da9cd?s=96&d=mm&r=g","caption":"ccortez"},"url":"https:\/\/www.uartes.edu.ec\/sitio\/blog\/author\/ccortez\/"}]}},"uagb_featured_image_src":{"full":["https:\/\/www.uartes.edu.ec\/sitio\/wp-content\/uploads\/2023\/04\/CARLOS-VASCONEZ-02.jpg",2000,1333,false],"thumbnail":["https:\/\/www.uartes.edu.ec\/sitio\/wp-content\/uploads\/2023\/04\/CARLOS-VASCONEZ-02-150x150.jpg",150,150,true],"medium":["https:\/\/www.uartes.edu.ec\/sitio\/wp-content\/uploads\/2023\/04\/CARLOS-VASCONEZ-02-300x200.jpg",300,200,true],"medium_large":["https:\/\/www.uartes.edu.ec\/sitio\/wp-content\/uploads\/2023\/04\/CARLOS-VASCONEZ-02-768x512.jpg",768,512,true],"large":["https:\/\/www.uartes.edu.ec\/sitio\/wp-content\/uploads\/2023\/04\/CARLOS-VASCONEZ-02-644x429.jpg",644,429,true],"1536x1536":["https:\/\/www.uartes.edu.ec\/sitio\/wp-content\/uploads\/2023\/04\/CARLOS-VASCONEZ-02-1536x1024.jpg",1536,1024,true],"2048x2048":["https:\/\/www.uartes.edu.ec\/sitio\/wp-content\/uploads\/2023\/04\/CARLOS-VASCONEZ-02.jpg",2000,1333,false],"trp-custom-language-flag":["https:\/\/www.uartes.edu.ec\/sitio\/wp-content\/uploads\/2023\/04\/CARLOS-VASCONEZ-02.jpg",18,12,false],"htmega_size_585x295":["https:\/\/www.uartes.edu.ec\/sitio\/wp-content\/uploads\/2023\/04\/CARLOS-VASCONEZ-02-585x295.jpg",585,295,true],"htmega_size_1170x536":["https:\/\/www.uartes.edu.ec\/sitio\/wp-content\/uploads\/2023\/04\/CARLOS-VASCONEZ-02-1170x536.jpg",1170,536,true],"htmega_size_396x360":["https:\/\/www.uartes.edu.ec\/sitio\/wp-content\/uploads\/2023\/04\/CARLOS-VASCONEZ-02-396x360.jpg",396,360,true],"gb-block-post-grid-landscape":["https:\/\/www.uartes.edu.ec\/sitio\/wp-content\/uploads\/2023\/04\/CARLOS-VASCONEZ-02-600x400.jpg",600,400,true],"gb-block-post-grid-square":["https:\/\/www.uartes.edu.ec\/sitio\/wp-content\/uploads\/2023\/04\/CARLOS-VASCONEZ-02-600x600.jpg",600,600,true],"university-hub-thumb":["https:\/\/www.uartes.edu.ec\/sitio\/wp-content\/uploads\/2023\/04\/CARLOS-VASCONEZ-02-400x267.jpg",400,267,true]},"uagb_author_info":{"display_name":"ccortez","author_link":"https:\/\/www.uartes.edu.ec\/sitio\/blog\/author\/ccortez\/"},"uagb_comment_info":0,"uagb_excerpt":"Carlos V\u00e1sconez, reconocido y premiado autor de diez libros de cuentos, seis novelas y un libro de ensayos sobre poes\u00eda, recibi\u00f3 el t\u00edtulo de licenciado en Literatura de la Universidad de las Artes, mediante Validaci\u00f3n de Trayectorias. La UArtes realiz\u00f3 el 1 de abril la entrega de t\u00edtulos; para el actual proceso suscribi\u00f3 un convenio&hellip;","featured_image_src":"https:\/\/www.uartes.edu.ec\/sitio\/wp-content\/uploads\/2023\/04\/CARLOS-VASCONEZ-02-600x400.jpg","featured_image_src_square":"https:\/\/www.uartes.edu.ec\/sitio\/wp-content\/uploads\/2023\/04\/CARLOS-VASCONEZ-02-600x600.jpg","author_info":{"display_name":"ccortez","author_link":"https:\/\/www.uartes.edu.ec\/sitio\/blog\/author\/ccortez\/"},"publishpress_future_workflow_manual_trigger":{"enabledWorkflows":[]},"distributor_meta":false,"distributor_terms":false,"distributor_media":false,"distributor_original_site_name":"Universidad de las Artes","distributor_original_site_url":"https:\/\/www.uartes.edu.ec\/sitio","push-errors":false,"_links":{"self":[{"href":"https:\/\/www.uartes.edu.ec\/sitio\/wp-json\/wp\/v2\/posts\/40697","targetHints":{"allow":["GET"]}}],"collection":[{"href":"https:\/\/www.uartes.edu.ec\/sitio\/wp-json\/wp\/v2\/posts"}],"about":[{"href":"https:\/\/www.uartes.edu.ec\/sitio\/wp-json\/wp\/v2\/types\/post"}],"author":[{"embeddable":true,"href":"https:\/\/www.uartes.edu.ec\/sitio\/wp-json\/wp\/v2\/users\/10"}],"replies":[{"embeddable":true,"href":"https:\/\/www.uartes.edu.ec\/sitio\/wp-json\/wp\/v2\/comments?post=40697"}],"version-history":[{"count":4,"href":"https:\/\/www.uartes.edu.ec\/sitio\/wp-json\/wp\/v2\/posts\/40697\/revisions"}],"predecessor-version":[{"id":41950,"href":"https:\/\/www.uartes.edu.ec\/sitio\/wp-json\/wp\/v2\/posts\/40697\/revisions\/41950"}],"wp:featuredmedia":[{"embeddable":true,"href":"https:\/\/www.uartes.edu.ec\/sitio\/wp-json\/wp\/v2\/media\/40698"}],"wp:attachment":[{"href":"https:\/\/www.uartes.edu.ec\/sitio\/wp-json\/wp\/v2\/media?parent=40697"}],"wp:term":[{"taxonomy":"category","embeddable":true,"href":"https:\/\/www.uartes.edu.ec\/sitio\/wp-json\/wp\/v2\/categories?post=40697"},{"taxonomy":"post_tag","embeddable":true,"href":"https:\/\/www.uartes.edu.ec\/sitio\/wp-json\/wp\/v2\/tags?post=40697"},{"taxonomy":"infouartes","embeddable":true,"href":"https:\/\/www.uartes.edu.ec\/sitio\/wp-json\/wp\/v2\/infouartes?post=40697"}],"curies":[{"name":"wp","href":"https:\/\/api.w.org\/{rel}","templated":true}]}}