{"id":40847,"date":"2023-04-13T13:15:21","date_gmt":"2023-04-13T18:15:21","guid":{"rendered":"https:\/\/www.uartes.edu.ec\/sitio\/?p=40847"},"modified":"2024-07-04T11:21:18","modified_gmt":"2024-07-04T16:21:18","slug":"las-manchas-busca-resignificar-el-proceso-natural-del-ciclo-menstrual-libro-album-de-mariuxi-aleman-y-eduarda-davalos","status":"publish","type":"post","link":"https:\/\/www.uartes.edu.ec\/sitio\/blog\/2023\/04\/13\/las-manchas-busca-resignificar-el-proceso-natural-del-ciclo-menstrual-libro-album-de-mariuxi-aleman-y-eduarda-davalos\/","title":{"rendered":"Graduada Mariuxi Alem\u00e1n y alumna Eduarda D\u00e1valos buscan con libro \u00e1lbum resignificar el ciclo menstrual"},"content":{"rendered":"\n<p>Se titula \u201cLas Manchas\u201d y su lanzamiento inicia hoy, 13 de abril, en el Ochoymedio de Quito. El periplo de presentaciones continuar\u00e1 el pr\u00f3ximo 28 en Guayaquil, en la Sala R\u00eda de la Biblioteca de las Artes y ya se programan fechas para otras ciudades del pa\u00eds. La publicaci\u00f3n en cuesti\u00f3n es un libro \u00e1lbum trabajado y editado por la graduada UArtes en la carrera de Cine, Mar\u00eda Auxiliadora Alem\u00e1n, y la estudiante Eduarda D\u00e1valos, quien cursa los \u00faltimos niveles de Literatura.<\/p>\n\n\n\n<p>\u00bfCu\u00e1l es el contenido de \u201cLas Manchas\u201d? Alem\u00e1n respondi\u00f3 que la obra permite tener conversaciones activas sobre la salud menstrual. Explica que el libro \u00e1lbum es el primer paso para que los cuidadores puedan abordar el tema de la menstruaci\u00f3n de manera consciente y natural.<\/p>\n\n\n\n<p>Antes de establecer fechas de lanzamiento, y en un di\u00e1logo previo con InfoUArtes, Alem\u00e1n adelant\u00f3 que se invitar\u00eda a ONGs que trabajan con ni\u00f1os en sus diferentes aspectos para que se puedan sumar al proyecto educativo concebido y puesto en marcha. Entre otras mencion\u00f3 a UNICEF, ACNUR, Aldeas SOS y ONU Mujeres.<\/p>\n\n\n\n<p>Tambi\u00e9n cont\u00f3 sobre la g\u00e9nesis de la obra y su proceso. El proyecto surgi\u00f3 en 2021, en uno de los talleres del VI Encuentro Internacional de Investigaci\u00f3n en Artes del ILIA, cuyo eje tem\u00e1tico fue los libros sensibles. Para Alem\u00e1n, el tema de la menstruaci\u00f3n siempre le ha parecido sensible.<\/p>\n\n\n<div class=\"wp-block-image\">\n<figure class=\"aligncenter size-large\"><img fetchpriority=\"high\" decoding=\"async\" width=\"644\" height=\"429\" src=\"https:\/\/www.uartes.edu.ec\/sitio\/wp-content\/uploads\/2023\/04\/LAS-MANCHAS-2-644x429.jpg\" alt=\"\" class=\"wp-image-40856\" srcset=\"https:\/\/www.uartes.edu.ec\/sitio\/wp-content\/uploads\/2023\/04\/LAS-MANCHAS-2-644x429.jpg 644w, https:\/\/www.uartes.edu.ec\/sitio\/wp-content\/uploads\/2023\/04\/LAS-MANCHAS-2-768x511.jpg 768w, https:\/\/www.uartes.edu.ec\/sitio\/wp-content\/uploads\/2023\/04\/LAS-MANCHAS-2.jpg 2000w, https:\/\/www.uartes.edu.ec\/sitio\/wp-content\/uploads\/2023\/04\/LAS-MANCHAS-2-600x399.jpg 600w, https:\/\/www.uartes.edu.ec\/sitio\/wp-content\/uploads\/2023\/04\/LAS-MANCHAS-2-272x182.jpg 272w\" sizes=\"(max-width: 644px) 100vw, 644px\" \/><\/figure>\n<\/div>\n\n\n<p>Desarroll\u00f3, dijo, un primer borrador que tuvo entre cinco y seis p\u00e1ginas, pero luego fue creciendo y, a medida de ese desarrollo, pens\u00f3 en contar con una editorial, mas no se dio. Contact\u00f3 entonces a Eduarda D\u00e1valos para que sea su editora. Adem\u00e1s de estudiar en la Escuela de Literatura, ella es mediadora de lectura, docente y conoce del trabajo editorial, pues particip\u00f3 como editora en la revista <em>Preliminar<\/em> y brind\u00f3 asistencia editorial en la revista acad\u00e9mica <em>FILIA-4.<\/em> \u201cLe mostr\u00e9 el proyecto y empezamos a trabajarlo\u201d.<\/p>\n\n\n\n<p>El crecimiento de \u201cLas Manchas\u201d fue constante, anot\u00f3 Alem\u00e1n, quien lo mostr\u00f3 tambi\u00e9n al periodista, escritor, investigador y mediador de lectura mexicano Adolfo C\u00f3rdova que en agosto de 2022 imparti\u00f3 charlas y talleres en la UArtes. \u201cNos dio un par de consejos y seguimos avanzando\u201d, refiri\u00f3 y anot\u00f3 que en el proceso convocaron tambi\u00e9n a Alisa Pincay, una Ilustradora guayaquile\u00f1a y artista visual que justamente asumi\u00f3 la ilustraci\u00f3n de la obra.<\/p>\n\n\n\n<p>Las presentaciones en Quito y Guayaquil no ser\u00e1n las \u00fanicas, pues el proyecto ejecutado tiene importancia en los \u00e1mbitos de gesti\u00f3n, mediaci\u00f3n y educativo. \u201cEl tema de la menstruaci\u00f3n es uno de los tab\u00faes de la sociedad. Recuerdo mi primera menstruaci\u00f3n vivida en solitario, pas\u00e9 dos d\u00edas a punta de papel higi\u00e9nico sin tener a qui\u00e9n preguntarle lo que me estaba pasando. Esta situaci\u00f3n no es algo aislado a una realidad social, cada persona recuerda su primera menstruaci\u00f3n como un hito inc\u00f3modo en su crecimiento. Lo cierto es que nos da tanta verg\u00fcenza nuestra sangre que somos incapaces de nombrarla\u201d.<\/p>\n\n\n\n<p>Agreg\u00f3 que \u201clas mujeres\/personas menstruamos aproximadamente durante 30 a\u00f1os, lo que equivale a 360 meses o 10.950 d\u00edas en nuestras vidas. Por este motivo es importante que se pueda hablar de manera clara y sensible sobre la menstruaci\u00f3n, saber los procesos y ciclos que rigen nuestro cuerpo. Muchas veces nuestro primer acercamiento al tema est\u00e1 dirigido bajo un discurso cient\u00edfico, complejo e inc\u00f3modo (al tratarse del inicio de la etapa f\u00e9rtil). Creemos necesario entender desde la emoci\u00f3n la forma en la que experimentamos cada etapa del ciclo menstrual, reconocer que el cuerpo es cambiante y sentir una mayor conexi\u00f3n con nosotr@s mism@s\u201d.<\/p>\n\n\n<div class=\"wp-block-image\">\n<figure class=\"aligncenter size-large\"><img decoding=\"async\" width=\"644\" height=\"429\" src=\"https:\/\/www.uartes.edu.ec\/sitio\/wp-content\/uploads\/2023\/04\/LAS-MANCHAS-3-644x429.jpg\" alt=\"\" class=\"wp-image-40857\" srcset=\"https:\/\/www.uartes.edu.ec\/sitio\/wp-content\/uploads\/2023\/04\/LAS-MANCHAS-3-644x429.jpg 644w, https:\/\/www.uartes.edu.ec\/sitio\/wp-content\/uploads\/2023\/04\/LAS-MANCHAS-3-768x511.jpg 768w, https:\/\/www.uartes.edu.ec\/sitio\/wp-content\/uploads\/2023\/04\/LAS-MANCHAS-3.jpg 2000w, https:\/\/www.uartes.edu.ec\/sitio\/wp-content\/uploads\/2023\/04\/LAS-MANCHAS-3-600x399.jpg 600w, https:\/\/www.uartes.edu.ec\/sitio\/wp-content\/uploads\/2023\/04\/LAS-MANCHAS-3-272x182.jpg 272w\" sizes=\"(max-width: 644px) 100vw, 644px\" \/><\/figure>\n<\/div>\n\n\n<p>Alem\u00e1n expres\u00f3 tener como misi\u00f3n llegar a las ni\u00f1as que est\u00e1n entrando en esta nueva etapa de crecimiento, \u201cpor ello el libro \u00e1lbum estar\u00e1 dedicado principalmente a las ni\u00f1as de entre 9 y 14 a\u00f1os. As\u00ed mismo, gracias a nuestra ilustradora Alisa Pincay, quien manej\u00f3 una paleta visual viva y vibrante, este es vers\u00e1til en cuanto a p\u00fablicos\u201d.<\/p>\n\n\n\n<p>La licenciada en Cine UArtes revel\u00f3 tambi\u00e9n que, en virtud de que en Ecuador no es f\u00e1cil acceder a libros infantiles e ilustrados, \u201cdentro de los objetivos del proyecto es que un porcentaje del tiraje sea destinado a bibliotecas comunitarias seleccionadas a trav\u00e9s de un mapeo de bibliotecas dentro de las zonas urbanas y rurales del Ecuador. Adem\u00e1s, nuestro compromiso no termina con la producci\u00f3n del libro, proponemos una serie de talleres\/mediaciones lectoras\/conversaciones que se pueden realizar en conjunto con diversas instituciones educativas u ONGS para trabajar con las ni\u00f1as alrededor de la informaci\u00f3n que debemos conocer sobre el ciclo menstrual\u201d.<\/p>\n\n\n\n<p>A continuaci\u00f3n, una sinopsis de \u201cLas Manchas\u201d: Illari (11) es una ni\u00f1a activa, juguetona y entusiasta. Un d\u00eda sale de su casa sin saber que empezar\u00e1 a vivir una nueva aventura. Tod@s murmuran que el d\u00eda que te llega la menstruaci\u00f3n la vida va a cambiar, te toca aprender a vivir sangrando de cinco a ocho d\u00edas al mes en completo silencio. Al ver unas manchas rojas en su uniforme, Illari se enfrenta a la confusi\u00f3n y el susto que trae consigo el primer sangrado. La contenci\u00f3n de sus amig@s y cuidadores hacen que Illari entienda que la menstruaci\u00f3n se vive mejor con amor, entendimiento y consciencia. Este es el viaje de Illari y de tod@s los ni\u00f1@s aprendiendo a surfear sus primeras menstruaciones\u201d.<\/p>\n\n\n\n<p>\u201cCon &#8216;Las Manchas&#8217; buscamos ser el espacio seguro para mediar las emociones, el cuerpo y las palabras alrededor del ciclo menstrual. Desde una mirada tierna enfocada en un acompa\u00f1amiento sensible, buscamos resignificar este proceso natural hist\u00f3ricamente tratado con un tinte negativo. En el viaje de Illari est\u00e1n todas las historias de las ni\u00f1as que se asustaron al ver por primera vez sus calzones manchados\u201d, menciona la alumnus UArtes, quien cursa una maestr\u00eda en Gesti\u00f3n Cultural por la Universidad Oberta de Catalunya y produce el largometraje documental \u201cDesde el centro del mundo a Cali\u201d.<\/p>\n\n\n\n<p>El costo del libro \u00e1lbum es de $ 10.<\/p>\n","protected":false},"excerpt":{"rendered":"<p>El lanzamiento de \u201cLas Manchas\u201d se inicia hoy en el Ochoymedio de Quito y continuar\u00e1 en Guayaquil el pr\u00f3ximo 28, en la Sala R\u00eda de la Biblioteca de las Artes. El libro \u00e1lbum de la graduada en Cine Mariuxi Alem\u00e1n y la estudiante de Literatura Eduarda D\u00e1valos busca resignificar el proceso natural del ciclo menstrual hist\u00f3ricamente tratado con tinte negativo. Es un proyecto educativo en v\u00ednculo con la comunidad.<\/p>\n","protected":false},"author":10,"featured_media":40855,"comment_status":"open","ping_status":"open","sticky":false,"template":"","format":"standard","meta":{"_acf_changed":false,"_uag_custom_page_level_css":"","_monsterinsights_skip_tracking":false,"_monsterinsights_sitenote_active":false,"_monsterinsights_sitenote_note":"","_monsterinsights_sitenote_category":0,"cybocfi_hide_featured_image":"","footnotes":""},"categories":[716,490,82,76,77],"tags":[527],"infouartes":[],"class_list":["post-40847","post","type-post","status-publish","format-standard","has-post-thumbnail","hentry","category-1c","category-alumni","category-artes","category-estudiantes","category-gestion","tag-publicacion"],"acf":[],"yoast_head":"<!-- This site is optimized with the Yoast SEO plugin v27.4 - https:\/\/yoast.com\/product\/yoast-seo-wordpress\/ -->\n<title>Universidad de las Artes - Graduada Mariuxi Alem\u00e1n y alumna Eduarda D\u00e1valos buscan con libro \u00e1lbum resignificar el ciclo menstrual<\/title>\n<meta name=\"description\" content=\"Universidad de las Artes - Graduada Mariuxi Alem\u00e1n y alumna Eduarda D\u00e1valos buscan con libro \u00e1lbum resignificar el ciclo menstrual\" \/>\n<meta name=\"robots\" content=\"index, follow, max-snippet:-1, max-image-preview:large, max-video-preview:-1\" \/>\n<link rel=\"canonical\" href=\"https:\/\/www.uartes.edu.ec\/sitio\/blog\/2023\/04\/13\/las-manchas-busca-resignificar-el-proceso-natural-del-ciclo-menstrual-libro-album-de-mariuxi-aleman-y-eduarda-davalos\/\" \/>\n<meta property=\"og:locale\" content=\"es_ES\" \/>\n<meta property=\"og:type\" content=\"article\" \/>\n<meta property=\"og:title\" content=\"Universidad de las Artes - Graduada Mariuxi Alem\u00e1n y alumna Eduarda D\u00e1valos buscan con libro \u00e1lbum resignificar el ciclo menstrual\" \/>\n<meta property=\"og:description\" content=\"Universidad de las Artes - Graduada Mariuxi Alem\u00e1n y alumna Eduarda D\u00e1valos buscan con libro \u00e1lbum resignificar el ciclo menstrual\" \/>\n<meta property=\"og:url\" content=\"https:\/\/www.uartes.edu.ec\/sitio\/blog\/2023\/04\/13\/las-manchas-busca-resignificar-el-proceso-natural-del-ciclo-menstrual-libro-album-de-mariuxi-aleman-y-eduarda-davalos\/\" \/>\n<meta property=\"og:site_name\" content=\"Universidad de las Artes\" \/>\n<meta property=\"article:publisher\" content=\"https:\/\/www.facebook.com\/uartesec\" \/>\n<meta property=\"article:published_time\" content=\"2023-04-13T18:15:21+00:00\" \/>\n<meta property=\"article:modified_time\" content=\"2024-07-04T16:21:18+00:00\" \/>\n<meta property=\"og:image\" content=\"https:\/\/www.uartes.edu.ec\/sitio\/wp-content\/uploads\/2023\/04\/LAS-MANCHAS-1.jpg\" \/>\n\t<meta property=\"og:image:width\" content=\"2000\" \/>\n\t<meta property=\"og:image:height\" content=\"1333\" \/>\n\t<meta property=\"og:image:type\" content=\"image\/jpeg\" \/>\n<meta name=\"author\" content=\"ccortez\" \/>\n<meta name=\"twitter:card\" content=\"summary_large_image\" \/>\n<meta name=\"twitter:creator\" content=\"@uartesec\" \/>\n<meta name=\"twitter:site\" content=\"@uartesec\" \/>\n<meta name=\"twitter:label1\" content=\"Escrito por\" \/>\n\t<meta name=\"twitter:data1\" content=\"ccortez\" \/>\n\t<meta name=\"twitter:label2\" content=\"Tiempo de lectura\" \/>\n\t<meta name=\"twitter:data2\" content=\"5 minutos\" \/>\n<script type=\"application\/ld+json\" class=\"yoast-schema-graph\">{\"@context\":\"https:\\\/\\\/schema.org\",\"@graph\":[{\"@type\":\"Article\",\"@id\":\"https:\\\/\\\/www.uartes.edu.ec\\\/sitio\\\/blog\\\/2023\\\/04\\\/13\\\/las-manchas-busca-resignificar-el-proceso-natural-del-ciclo-menstrual-libro-album-de-mariuxi-aleman-y-eduarda-davalos\\\/#article\",\"isPartOf\":{\"@id\":\"https:\\\/\\\/www.uartes.edu.ec\\\/sitio\\\/blog\\\/2023\\\/04\\\/13\\\/las-manchas-busca-resignificar-el-proceso-natural-del-ciclo-menstrual-libro-album-de-mariuxi-aleman-y-eduarda-davalos\\\/\"},\"author\":{\"name\":\"ccortez\",\"@id\":\"https:\\\/\\\/www.uartes.edu.ec\\\/sitio\\\/#\\\/schema\\\/person\\\/efa1b8275797664fd7f13a79ccc0b1f4\"},\"headline\":\"Graduada Mariuxi Alem\u00e1n y alumna Eduarda D\u00e1valos buscan con libro \u00e1lbum resignificar el ciclo menstrual\",\"datePublished\":\"2023-04-13T18:15:21+00:00\",\"dateModified\":\"2024-07-04T16:21:18+00:00\",\"mainEntityOfPage\":{\"@id\":\"https:\\\/\\\/www.uartes.edu.ec\\\/sitio\\\/blog\\\/2023\\\/04\\\/13\\\/las-manchas-busca-resignificar-el-proceso-natural-del-ciclo-menstrual-libro-album-de-mariuxi-aleman-y-eduarda-davalos\\\/\"},\"wordCount\":1069,\"commentCount\":0,\"publisher\":{\"@id\":\"https:\\\/\\\/www.uartes.edu.ec\\\/sitio\\\/#organization\"},\"image\":{\"@id\":\"https:\\\/\\\/www.uartes.edu.ec\\\/sitio\\\/blog\\\/2023\\\/04\\\/13\\\/las-manchas-busca-resignificar-el-proceso-natural-del-ciclo-menstrual-libro-album-de-mariuxi-aleman-y-eduarda-davalos\\\/#primaryimage\"},\"thumbnailUrl\":\"https:\\\/\\\/www.uartes.edu.ec\\\/sitio\\\/wp-content\\\/uploads\\\/2023\\\/04\\\/LAS-MANCHAS-1.jpg\",\"keywords\":[\"publicaci\u00f3n\"],\"articleSection\":[\"1C\",\"Alumni\",\"Artes\",\"Estudiantes\",\"Gesti\u00f3n\"],\"inLanguage\":\"es\",\"potentialAction\":[{\"@type\":\"CommentAction\",\"name\":\"Comment\",\"target\":[\"https:\\\/\\\/www.uartes.edu.ec\\\/sitio\\\/blog\\\/2023\\\/04\\\/13\\\/las-manchas-busca-resignificar-el-proceso-natural-del-ciclo-menstrual-libro-album-de-mariuxi-aleman-y-eduarda-davalos\\\/#respond\"]}]},{\"@type\":[\"WebPage\",\"ItemPage\"],\"@id\":\"https:\\\/\\\/www.uartes.edu.ec\\\/sitio\\\/blog\\\/2023\\\/04\\\/13\\\/las-manchas-busca-resignificar-el-proceso-natural-del-ciclo-menstrual-libro-album-de-mariuxi-aleman-y-eduarda-davalos\\\/\",\"url\":\"https:\\\/\\\/www.uartes.edu.ec\\\/sitio\\\/blog\\\/2023\\\/04\\\/13\\\/las-manchas-busca-resignificar-el-proceso-natural-del-ciclo-menstrual-libro-album-de-mariuxi-aleman-y-eduarda-davalos\\\/\",\"name\":\"Universidad de las Artes - Graduada Mariuxi Alem\u00e1n y alumna Eduarda D\u00e1valos buscan con libro \u00e1lbum resignificar el ciclo menstrual\",\"isPartOf\":{\"@id\":\"https:\\\/\\\/www.uartes.edu.ec\\\/sitio\\\/#website\"},\"primaryImageOfPage\":{\"@id\":\"https:\\\/\\\/www.uartes.edu.ec\\\/sitio\\\/blog\\\/2023\\\/04\\\/13\\\/las-manchas-busca-resignificar-el-proceso-natural-del-ciclo-menstrual-libro-album-de-mariuxi-aleman-y-eduarda-davalos\\\/#primaryimage\"},\"image\":{\"@id\":\"https:\\\/\\\/www.uartes.edu.ec\\\/sitio\\\/blog\\\/2023\\\/04\\\/13\\\/las-manchas-busca-resignificar-el-proceso-natural-del-ciclo-menstrual-libro-album-de-mariuxi-aleman-y-eduarda-davalos\\\/#primaryimage\"},\"thumbnailUrl\":\"https:\\\/\\\/www.uartes.edu.ec\\\/sitio\\\/wp-content\\\/uploads\\\/2023\\\/04\\\/LAS-MANCHAS-1.jpg\",\"datePublished\":\"2023-04-13T18:15:21+00:00\",\"dateModified\":\"2024-07-04T16:21:18+00:00\",\"description\":\"Universidad de las Artes - Graduada Mariuxi Alem\u00e1n y alumna Eduarda D\u00e1valos buscan con libro \u00e1lbum resignificar el ciclo menstrual\",\"breadcrumb\":{\"@id\":\"https:\\\/\\\/www.uartes.edu.ec\\\/sitio\\\/blog\\\/2023\\\/04\\\/13\\\/las-manchas-busca-resignificar-el-proceso-natural-del-ciclo-menstrual-libro-album-de-mariuxi-aleman-y-eduarda-davalos\\\/#breadcrumb\"},\"inLanguage\":\"es\",\"potentialAction\":[{\"@type\":\"ReadAction\",\"target\":[\"https:\\\/\\\/www.uartes.edu.ec\\\/sitio\\\/blog\\\/2023\\\/04\\\/13\\\/las-manchas-busca-resignificar-el-proceso-natural-del-ciclo-menstrual-libro-album-de-mariuxi-aleman-y-eduarda-davalos\\\/\"]}]},{\"@type\":\"ImageObject\",\"inLanguage\":\"es\",\"@id\":\"https:\\\/\\\/www.uartes.edu.ec\\\/sitio\\\/blog\\\/2023\\\/04\\\/13\\\/las-manchas-busca-resignificar-el-proceso-natural-del-ciclo-menstrual-libro-album-de-mariuxi-aleman-y-eduarda-davalos\\\/#primaryimage\",\"url\":\"https:\\\/\\\/www.uartes.edu.ec\\\/sitio\\\/wp-content\\\/uploads\\\/2023\\\/04\\\/LAS-MANCHAS-1.jpg\",\"contentUrl\":\"https:\\\/\\\/www.uartes.edu.ec\\\/sitio\\\/wp-content\\\/uploads\\\/2023\\\/04\\\/LAS-MANCHAS-1.jpg\",\"width\":2000,\"height\":1333},{\"@type\":\"BreadcrumbList\",\"@id\":\"https:\\\/\\\/www.uartes.edu.ec\\\/sitio\\\/blog\\\/2023\\\/04\\\/13\\\/las-manchas-busca-resignificar-el-proceso-natural-del-ciclo-menstrual-libro-album-de-mariuxi-aleman-y-eduarda-davalos\\\/#breadcrumb\",\"itemListElement\":[{\"@type\":\"ListItem\",\"position\":1,\"name\":\"Inicio\",\"item\":\"https:\\\/\\\/www.uartes.edu.ec\\\/sitio\\\/\"},{\"@type\":\"ListItem\",\"position\":2,\"name\":\"Graduada Mariuxi Alem\u00e1n y alumna Eduarda D\u00e1valos buscan con libro \u00e1lbum resignificar el ciclo menstrual\"}]},{\"@type\":\"WebSite\",\"@id\":\"https:\\\/\\\/www.uartes.edu.ec\\\/sitio\\\/#website\",\"url\":\"https:\\\/\\\/www.uartes.edu.ec\\\/sitio\\\/\",\"name\":\"Universidad de las Artes\",\"description\":\"Sitio oficial de la Universidad Nacional de las Artes del Ecuador\",\"publisher\":{\"@id\":\"https:\\\/\\\/www.uartes.edu.ec\\\/sitio\\\/#organization\"},\"potentialAction\":[{\"@type\":\"SearchAction\",\"target\":{\"@type\":\"EntryPoint\",\"urlTemplate\":\"https:\\\/\\\/www.uartes.edu.ec\\\/sitio\\\/?s={search_term_string}\"},\"query-input\":{\"@type\":\"PropertyValueSpecification\",\"valueRequired\":true,\"valueName\":\"search_term_string\"}}],\"inLanguage\":\"es\"},{\"@type\":\"Organization\",\"@id\":\"https:\\\/\\\/www.uartes.edu.ec\\\/sitio\\\/#organization\",\"name\":\"Universidad de las Artes\",\"url\":\"https:\\\/\\\/www.uartes.edu.ec\\\/sitio\\\/\",\"logo\":{\"@type\":\"ImageObject\",\"inLanguage\":\"es\",\"@id\":\"https:\\\/\\\/www.uartes.edu.ec\\\/sitio\\\/#\\\/schema\\\/logo\\\/image\\\/\",\"url\":\"https:\\\/\\\/www.uartes.edu.ec\\\/sitio\\\/wp-content\\\/uploads\\\/2022\\\/07\\\/logo-ua-horizontal.png\",\"contentUrl\":\"https:\\\/\\\/www.uartes.edu.ec\\\/sitio\\\/wp-content\\\/uploads\\\/2022\\\/07\\\/logo-ua-horizontal.png\",\"width\":800,\"height\":276,\"caption\":\"Universidad de las Artes\"},\"image\":{\"@id\":\"https:\\\/\\\/www.uartes.edu.ec\\\/sitio\\\/#\\\/schema\\\/logo\\\/image\\\/\"},\"sameAs\":[\"https:\\\/\\\/www.facebook.com\\\/uartesec\",\"https:\\\/\\\/x.com\\\/uartesec\",\"https:\\\/\\\/www.tiktok.com\\\/@uartesec\"]},{\"@type\":\"Person\",\"@id\":\"https:\\\/\\\/www.uartes.edu.ec\\\/sitio\\\/#\\\/schema\\\/person\\\/efa1b8275797664fd7f13a79ccc0b1f4\",\"name\":\"ccortez\",\"image\":{\"@type\":\"ImageObject\",\"inLanguage\":\"es\",\"@id\":\"https:\\\/\\\/secure.gravatar.com\\\/avatar\\\/b2a6f664a3ae8e074346ef91775736c5ec479e637ecced6842de9dc98b5da9cd?s=96&d=mm&r=g\",\"url\":\"https:\\\/\\\/secure.gravatar.com\\\/avatar\\\/b2a6f664a3ae8e074346ef91775736c5ec479e637ecced6842de9dc98b5da9cd?s=96&d=mm&r=g\",\"contentUrl\":\"https:\\\/\\\/secure.gravatar.com\\\/avatar\\\/b2a6f664a3ae8e074346ef91775736c5ec479e637ecced6842de9dc98b5da9cd?s=96&d=mm&r=g\",\"caption\":\"ccortez\"},\"url\":\"https:\\\/\\\/www.uartes.edu.ec\\\/sitio\\\/blog\\\/author\\\/ccortez\\\/\"}]}<\/script>\n<!-- \/ Yoast SEO plugin. -->","yoast_head_json":{"title":"Universidad de las Artes - Graduada Mariuxi Alem\u00e1n y alumna Eduarda D\u00e1valos buscan con libro \u00e1lbum resignificar el ciclo menstrual","description":"Universidad de las Artes - Graduada Mariuxi Alem\u00e1n y alumna Eduarda D\u00e1valos buscan con libro \u00e1lbum resignificar el ciclo menstrual","robots":{"index":"index","follow":"follow","max-snippet":"max-snippet:-1","max-image-preview":"max-image-preview:large","max-video-preview":"max-video-preview:-1"},"canonical":"https:\/\/www.uartes.edu.ec\/sitio\/blog\/2023\/04\/13\/las-manchas-busca-resignificar-el-proceso-natural-del-ciclo-menstrual-libro-album-de-mariuxi-aleman-y-eduarda-davalos\/","og_locale":"es_ES","og_type":"article","og_title":"Universidad de las Artes - Graduada Mariuxi Alem\u00e1n y alumna Eduarda D\u00e1valos buscan con libro \u00e1lbum resignificar el ciclo menstrual","og_description":"Universidad de las Artes - Graduada Mariuxi Alem\u00e1n y alumna Eduarda D\u00e1valos buscan con libro \u00e1lbum resignificar el ciclo menstrual","og_url":"https:\/\/www.uartes.edu.ec\/sitio\/blog\/2023\/04\/13\/las-manchas-busca-resignificar-el-proceso-natural-del-ciclo-menstrual-libro-album-de-mariuxi-aleman-y-eduarda-davalos\/","og_site_name":"Universidad de las Artes","article_publisher":"https:\/\/www.facebook.com\/uartesec","article_published_time":"2023-04-13T18:15:21+00:00","article_modified_time":"2024-07-04T16:21:18+00:00","og_image":[{"width":2000,"height":1333,"url":"https:\/\/www.uartes.edu.ec\/sitio\/wp-content\/uploads\/2023\/04\/LAS-MANCHAS-1.jpg","type":"image\/jpeg"}],"author":"ccortez","twitter_card":"summary_large_image","twitter_creator":"@uartesec","twitter_site":"@uartesec","twitter_misc":{"Escrito por":"ccortez","Tiempo de lectura":"5 minutos"},"schema":{"@context":"https:\/\/schema.org","@graph":[{"@type":"Article","@id":"https:\/\/www.uartes.edu.ec\/sitio\/blog\/2023\/04\/13\/las-manchas-busca-resignificar-el-proceso-natural-del-ciclo-menstrual-libro-album-de-mariuxi-aleman-y-eduarda-davalos\/#article","isPartOf":{"@id":"https:\/\/www.uartes.edu.ec\/sitio\/blog\/2023\/04\/13\/las-manchas-busca-resignificar-el-proceso-natural-del-ciclo-menstrual-libro-album-de-mariuxi-aleman-y-eduarda-davalos\/"},"author":{"name":"ccortez","@id":"https:\/\/www.uartes.edu.ec\/sitio\/#\/schema\/person\/efa1b8275797664fd7f13a79ccc0b1f4"},"headline":"Graduada Mariuxi Alem\u00e1n y alumna Eduarda D\u00e1valos buscan con libro \u00e1lbum resignificar el ciclo menstrual","datePublished":"2023-04-13T18:15:21+00:00","dateModified":"2024-07-04T16:21:18+00:00","mainEntityOfPage":{"@id":"https:\/\/www.uartes.edu.ec\/sitio\/blog\/2023\/04\/13\/las-manchas-busca-resignificar-el-proceso-natural-del-ciclo-menstrual-libro-album-de-mariuxi-aleman-y-eduarda-davalos\/"},"wordCount":1069,"commentCount":0,"publisher":{"@id":"https:\/\/www.uartes.edu.ec\/sitio\/#organization"},"image":{"@id":"https:\/\/www.uartes.edu.ec\/sitio\/blog\/2023\/04\/13\/las-manchas-busca-resignificar-el-proceso-natural-del-ciclo-menstrual-libro-album-de-mariuxi-aleman-y-eduarda-davalos\/#primaryimage"},"thumbnailUrl":"https:\/\/www.uartes.edu.ec\/sitio\/wp-content\/uploads\/2023\/04\/LAS-MANCHAS-1.jpg","keywords":["publicaci\u00f3n"],"articleSection":["1C","Alumni","Artes","Estudiantes","Gesti\u00f3n"],"inLanguage":"es","potentialAction":[{"@type":"CommentAction","name":"Comment","target":["https:\/\/www.uartes.edu.ec\/sitio\/blog\/2023\/04\/13\/las-manchas-busca-resignificar-el-proceso-natural-del-ciclo-menstrual-libro-album-de-mariuxi-aleman-y-eduarda-davalos\/#respond"]}]},{"@type":["WebPage","ItemPage"],"@id":"https:\/\/www.uartes.edu.ec\/sitio\/blog\/2023\/04\/13\/las-manchas-busca-resignificar-el-proceso-natural-del-ciclo-menstrual-libro-album-de-mariuxi-aleman-y-eduarda-davalos\/","url":"https:\/\/www.uartes.edu.ec\/sitio\/blog\/2023\/04\/13\/las-manchas-busca-resignificar-el-proceso-natural-del-ciclo-menstrual-libro-album-de-mariuxi-aleman-y-eduarda-davalos\/","name":"Universidad de las Artes - Graduada Mariuxi Alem\u00e1n y alumna Eduarda D\u00e1valos buscan con libro \u00e1lbum resignificar el ciclo menstrual","isPartOf":{"@id":"https:\/\/www.uartes.edu.ec\/sitio\/#website"},"primaryImageOfPage":{"@id":"https:\/\/www.uartes.edu.ec\/sitio\/blog\/2023\/04\/13\/las-manchas-busca-resignificar-el-proceso-natural-del-ciclo-menstrual-libro-album-de-mariuxi-aleman-y-eduarda-davalos\/#primaryimage"},"image":{"@id":"https:\/\/www.uartes.edu.ec\/sitio\/blog\/2023\/04\/13\/las-manchas-busca-resignificar-el-proceso-natural-del-ciclo-menstrual-libro-album-de-mariuxi-aleman-y-eduarda-davalos\/#primaryimage"},"thumbnailUrl":"https:\/\/www.uartes.edu.ec\/sitio\/wp-content\/uploads\/2023\/04\/LAS-MANCHAS-1.jpg","datePublished":"2023-04-13T18:15:21+00:00","dateModified":"2024-07-04T16:21:18+00:00","description":"Universidad de las Artes - Graduada Mariuxi Alem\u00e1n y alumna Eduarda D\u00e1valos buscan con libro \u00e1lbum resignificar el ciclo menstrual","breadcrumb":{"@id":"https:\/\/www.uartes.edu.ec\/sitio\/blog\/2023\/04\/13\/las-manchas-busca-resignificar-el-proceso-natural-del-ciclo-menstrual-libro-album-de-mariuxi-aleman-y-eduarda-davalos\/#breadcrumb"},"inLanguage":"es","potentialAction":[{"@type":"ReadAction","target":["https:\/\/www.uartes.edu.ec\/sitio\/blog\/2023\/04\/13\/las-manchas-busca-resignificar-el-proceso-natural-del-ciclo-menstrual-libro-album-de-mariuxi-aleman-y-eduarda-davalos\/"]}]},{"@type":"ImageObject","inLanguage":"es","@id":"https:\/\/www.uartes.edu.ec\/sitio\/blog\/2023\/04\/13\/las-manchas-busca-resignificar-el-proceso-natural-del-ciclo-menstrual-libro-album-de-mariuxi-aleman-y-eduarda-davalos\/#primaryimage","url":"https:\/\/www.uartes.edu.ec\/sitio\/wp-content\/uploads\/2023\/04\/LAS-MANCHAS-1.jpg","contentUrl":"https:\/\/www.uartes.edu.ec\/sitio\/wp-content\/uploads\/2023\/04\/LAS-MANCHAS-1.jpg","width":2000,"height":1333},{"@type":"BreadcrumbList","@id":"https:\/\/www.uartes.edu.ec\/sitio\/blog\/2023\/04\/13\/las-manchas-busca-resignificar-el-proceso-natural-del-ciclo-menstrual-libro-album-de-mariuxi-aleman-y-eduarda-davalos\/#breadcrumb","itemListElement":[{"@type":"ListItem","position":1,"name":"Inicio","item":"https:\/\/www.uartes.edu.ec\/sitio\/"},{"@type":"ListItem","position":2,"name":"Graduada Mariuxi Alem\u00e1n y alumna Eduarda D\u00e1valos buscan con libro \u00e1lbum resignificar el ciclo menstrual"}]},{"@type":"WebSite","@id":"https:\/\/www.uartes.edu.ec\/sitio\/#website","url":"https:\/\/www.uartes.edu.ec\/sitio\/","name":"Universidad de las Artes","description":"Sitio oficial de la Universidad Nacional de las Artes del Ecuador","publisher":{"@id":"https:\/\/www.uartes.edu.ec\/sitio\/#organization"},"potentialAction":[{"@type":"SearchAction","target":{"@type":"EntryPoint","urlTemplate":"https:\/\/www.uartes.edu.ec\/sitio\/?s={search_term_string}"},"query-input":{"@type":"PropertyValueSpecification","valueRequired":true,"valueName":"search_term_string"}}],"inLanguage":"es"},{"@type":"Organization","@id":"https:\/\/www.uartes.edu.ec\/sitio\/#organization","name":"Universidad de las Artes","url":"https:\/\/www.uartes.edu.ec\/sitio\/","logo":{"@type":"ImageObject","inLanguage":"es","@id":"https:\/\/www.uartes.edu.ec\/sitio\/#\/schema\/logo\/image\/","url":"https:\/\/www.uartes.edu.ec\/sitio\/wp-content\/uploads\/2022\/07\/logo-ua-horizontal.png","contentUrl":"https:\/\/www.uartes.edu.ec\/sitio\/wp-content\/uploads\/2022\/07\/logo-ua-horizontal.png","width":800,"height":276,"caption":"Universidad de las Artes"},"image":{"@id":"https:\/\/www.uartes.edu.ec\/sitio\/#\/schema\/logo\/image\/"},"sameAs":["https:\/\/www.facebook.com\/uartesec","https:\/\/x.com\/uartesec","https:\/\/www.tiktok.com\/@uartesec"]},{"@type":"Person","@id":"https:\/\/www.uartes.edu.ec\/sitio\/#\/schema\/person\/efa1b8275797664fd7f13a79ccc0b1f4","name":"ccortez","image":{"@type":"ImageObject","inLanguage":"es","@id":"https:\/\/secure.gravatar.com\/avatar\/b2a6f664a3ae8e074346ef91775736c5ec479e637ecced6842de9dc98b5da9cd?s=96&d=mm&r=g","url":"https:\/\/secure.gravatar.com\/avatar\/b2a6f664a3ae8e074346ef91775736c5ec479e637ecced6842de9dc98b5da9cd?s=96&d=mm&r=g","contentUrl":"https:\/\/secure.gravatar.com\/avatar\/b2a6f664a3ae8e074346ef91775736c5ec479e637ecced6842de9dc98b5da9cd?s=96&d=mm&r=g","caption":"ccortez"},"url":"https:\/\/www.uartes.edu.ec\/sitio\/blog\/author\/ccortez\/"}]}},"uagb_featured_image_src":{"full":["https:\/\/www.uartes.edu.ec\/sitio\/wp-content\/uploads\/2023\/04\/LAS-MANCHAS-1.jpg",2000,1333,false],"thumbnail":["https:\/\/www.uartes.edu.ec\/sitio\/wp-content\/uploads\/2023\/04\/LAS-MANCHAS-1-150x150.jpg",150,150,true],"medium":["https:\/\/www.uartes.edu.ec\/sitio\/wp-content\/uploads\/2023\/04\/LAS-MANCHAS-1-300x200.jpg",300,200,true],"medium_large":["https:\/\/www.uartes.edu.ec\/sitio\/wp-content\/uploads\/2023\/04\/LAS-MANCHAS-1-768x512.jpg",768,512,true],"large":["https:\/\/www.uartes.edu.ec\/sitio\/wp-content\/uploads\/2023\/04\/LAS-MANCHAS-1-644x429.jpg",644,429,true],"1536x1536":["https:\/\/www.uartes.edu.ec\/sitio\/wp-content\/uploads\/2023\/04\/LAS-MANCHAS-1-1536x1024.jpg",1536,1024,true],"2048x2048":["https:\/\/www.uartes.edu.ec\/sitio\/wp-content\/uploads\/2023\/04\/LAS-MANCHAS-1.jpg",2000,1333,false],"trp-custom-language-flag":["https:\/\/www.uartes.edu.ec\/sitio\/wp-content\/uploads\/2023\/04\/LAS-MANCHAS-1.jpg",18,12,false],"htmega_size_585x295":["https:\/\/www.uartes.edu.ec\/sitio\/wp-content\/uploads\/2023\/04\/LAS-MANCHAS-1-585x295.jpg",585,295,true],"htmega_size_1170x536":["https:\/\/www.uartes.edu.ec\/sitio\/wp-content\/uploads\/2023\/04\/LAS-MANCHAS-1-1170x536.jpg",1170,536,true],"htmega_size_396x360":["https:\/\/www.uartes.edu.ec\/sitio\/wp-content\/uploads\/2023\/04\/LAS-MANCHAS-1-396x360.jpg",396,360,true],"gb-block-post-grid-landscape":["https:\/\/www.uartes.edu.ec\/sitio\/wp-content\/uploads\/2023\/04\/LAS-MANCHAS-1-600x400.jpg",600,400,true],"gb-block-post-grid-square":["https:\/\/www.uartes.edu.ec\/sitio\/wp-content\/uploads\/2023\/04\/LAS-MANCHAS-1-600x600.jpg",600,600,true],"university-hub-thumb":["https:\/\/www.uartes.edu.ec\/sitio\/wp-content\/uploads\/2023\/04\/LAS-MANCHAS-1-400x267.jpg",400,267,true]},"uagb_author_info":{"display_name":"ccortez","author_link":"https:\/\/www.uartes.edu.ec\/sitio\/blog\/author\/ccortez\/"},"uagb_comment_info":0,"uagb_excerpt":"El lanzamiento de \u201cLas Manchas\u201d se inicia hoy en el Ochoymedio de Quito y continuar\u00e1 en Guayaquil el pr\u00f3ximo 28, en la Sala R\u00eda de la Biblioteca de las Artes. El libro \u00e1lbum de la graduada en Cine Mariuxi Alem\u00e1n y la estudiante de Literatura Eduarda D\u00e1valos busca resignificar el proceso natural del ciclo menstrual&hellip;","featured_image_src":"https:\/\/www.uartes.edu.ec\/sitio\/wp-content\/uploads\/2023\/04\/LAS-MANCHAS-1-600x400.jpg","featured_image_src_square":"https:\/\/www.uartes.edu.ec\/sitio\/wp-content\/uploads\/2023\/04\/LAS-MANCHAS-1-600x600.jpg","author_info":{"display_name":"ccortez","author_link":"https:\/\/www.uartes.edu.ec\/sitio\/blog\/author\/ccortez\/"},"publishpress_future_workflow_manual_trigger":{"enabledWorkflows":[]},"distributor_meta":false,"distributor_terms":false,"distributor_media":false,"distributor_original_site_name":"Universidad de las Artes","distributor_original_site_url":"https:\/\/www.uartes.edu.ec\/sitio","push-errors":false,"_links":{"self":[{"href":"https:\/\/www.uartes.edu.ec\/sitio\/wp-json\/wp\/v2\/posts\/40847","targetHints":{"allow":["GET"]}}],"collection":[{"href":"https:\/\/www.uartes.edu.ec\/sitio\/wp-json\/wp\/v2\/posts"}],"about":[{"href":"https:\/\/www.uartes.edu.ec\/sitio\/wp-json\/wp\/v2\/types\/post"}],"author":[{"embeddable":true,"href":"https:\/\/www.uartes.edu.ec\/sitio\/wp-json\/wp\/v2\/users\/10"}],"replies":[{"embeddable":true,"href":"https:\/\/www.uartes.edu.ec\/sitio\/wp-json\/wp\/v2\/comments?post=40847"}],"version-history":[{"count":8,"href":"https:\/\/www.uartes.edu.ec\/sitio\/wp-json\/wp\/v2\/posts\/40847\/revisions"}],"predecessor-version":[{"id":40873,"href":"https:\/\/www.uartes.edu.ec\/sitio\/wp-json\/wp\/v2\/posts\/40847\/revisions\/40873"}],"wp:featuredmedia":[{"embeddable":true,"href":"https:\/\/www.uartes.edu.ec\/sitio\/wp-json\/wp\/v2\/media\/40855"}],"wp:attachment":[{"href":"https:\/\/www.uartes.edu.ec\/sitio\/wp-json\/wp\/v2\/media?parent=40847"}],"wp:term":[{"taxonomy":"category","embeddable":true,"href":"https:\/\/www.uartes.edu.ec\/sitio\/wp-json\/wp\/v2\/categories?post=40847"},{"taxonomy":"post_tag","embeddable":true,"href":"https:\/\/www.uartes.edu.ec\/sitio\/wp-json\/wp\/v2\/tags?post=40847"},{"taxonomy":"infouartes","embeddable":true,"href":"https:\/\/www.uartes.edu.ec\/sitio\/wp-json\/wp\/v2\/infouartes?post=40847"}],"curies":[{"name":"wp","href":"https:\/\/api.w.org\/{rel}","templated":true}]}}