{"id":41063,"date":"2023-04-06T18:30:00","date_gmt":"2023-04-06T23:30:00","guid":{"rendered":"https:\/\/www.uartes.edu.ec\/sitio\/?p=41063"},"modified":"2024-07-04T11:21:19","modified_gmt":"2024-07-04T16:21:19","slug":"encuentro-teatral-tejiendo-comunidades","status":"publish","type":"post","link":"https:\/\/www.uartes.edu.ec\/sitio\/blog\/2023\/04\/06\/encuentro-teatral-tejiendo-comunidades\/","title":{"rendered":"Dirigido por Marcelo Leyton, el GTMS lleg\u00f3 con \u201cHistoria de unas mu\u00f1ecas abandonadas\u201d a encuentro teatral"},"content":{"rendered":"\n<p> El Encuentro Teatral Tejiendo Comunidades tuvo en este 2023 dos fechas e igual n\u00famero de escenarios. Se dio los pasados 27 de marzo y 1 de abril, en el marco del proyecto Bibliotricimoteca, el cual emula el proceso de bibliotecas itinerantes y extiende sus objetivos a la realizaci\u00f3n de talleres de otras actividades art\u00edsticas (teatro, danza, m\u00fasica, dibujo y cine).<\/p>\n\n\n\n<p>Est\u00e1n especialmente dirigidos a ni\u00f1os, ni\u00f1as y j\u00f3venes de las comunidades, se\u00f1ala el docente UArtes Marcelo Leyton, quien est\u00e1 al frente del proyecto, con el fin de ampliar la cobertura y dinamizar en estos espacios el encuentro no solo dentro de la ciudad, sino fuera de ella. Es un tejer de redes para compartir y ensayar un proceso de cohesi\u00f3n social que permita superar estereotipos y estigmas de su realidad inmediata e imaginada, agrega.<\/p>\n\n\n<div class=\"wp-block-image\">\n<figure class=\"aligncenter size-large\"><img fetchpriority=\"high\" decoding=\"async\" width=\"644\" height=\"429\" src=\"https:\/\/www.uartes.edu.ec\/sitio\/wp-content\/uploads\/2023\/04\/La-Bibliotricimoteca-01-644x429.jpg\" alt=\"\" class=\"wp-image-41065\" srcset=\"https:\/\/www.uartes.edu.ec\/sitio\/wp-content\/uploads\/2023\/04\/La-Bibliotricimoteca-01-644x429.jpg 644w, https:\/\/www.uartes.edu.ec\/sitio\/wp-content\/uploads\/2023\/04\/La-Bibliotricimoteca-01-768x511.jpg 768w, https:\/\/www.uartes.edu.ec\/sitio\/wp-content\/uploads\/2023\/04\/La-Bibliotricimoteca-01.jpg 2000w, https:\/\/www.uartes.edu.ec\/sitio\/wp-content\/uploads\/2023\/04\/La-Bibliotricimoteca-01-600x399.jpg 600w, https:\/\/www.uartes.edu.ec\/sitio\/wp-content\/uploads\/2023\/04\/La-Bibliotricimoteca-01-272x182.jpg 272w\" sizes=\"(max-width: 644px) 100vw, 644px\" \/><\/figure>\n<\/div>\n\n\n<p>As\u00ed, el Encuentro Teatral Tejiendo Comunidades busca promover el intercambio de experiencias y procesos socio-culturales entre los ni\u00f1os y j\u00f3venes de las comunidades a trav\u00e9s de las artes en general y del teatro en particular.<\/p>\n\n\n\n<p>Teniendo como sedes las fundaciones Hilarte (29 y Callej\u00f3n Parra) y Misi\u00f3n Alianza (Mall del Fort\u00edn), en el encuentro participaron el Grupo de Teatro Hilarte, con la obra \u201cLas brujas, los monstruos y los colores\u201d, dirigida por Jonathan Palacio; y, El Gran Teatro de Monte Sina\u00ed (GTMS), con \u201cHistoria de unas mu\u00f1ecas abandonadas\u201d, obra que dirigi\u00f3 el docente UArtes Marcelo Leyton.<\/p>\n\n\n<div class=\"wp-block-image\">\n<figure class=\"aligncenter size-large\"><img decoding=\"async\" width=\"644\" height=\"429\" src=\"https:\/\/www.uartes.edu.ec\/sitio\/wp-content\/uploads\/2023\/04\/La-Bibliotricimoteca-07-644x429.jpg\" alt=\"\" class=\"wp-image-41066\" srcset=\"https:\/\/www.uartes.edu.ec\/sitio\/wp-content\/uploads\/2023\/04\/La-Bibliotricimoteca-07-644x429.jpg 644w, https:\/\/www.uartes.edu.ec\/sitio\/wp-content\/uploads\/2023\/04\/La-Bibliotricimoteca-07-768x511.jpg 768w, https:\/\/www.uartes.edu.ec\/sitio\/wp-content\/uploads\/2023\/04\/La-Bibliotricimoteca-07.jpg 2000w, https:\/\/www.uartes.edu.ec\/sitio\/wp-content\/uploads\/2023\/04\/La-Bibliotricimoteca-07-600x399.jpg 600w, https:\/\/www.uartes.edu.ec\/sitio\/wp-content\/uploads\/2023\/04\/La-Bibliotricimoteca-07-272x182.jpg 272w\" sizes=\"(max-width: 644px) 100vw, 644px\" \/><\/figure>\n<\/div>\n\n\n<p>Tambi\u00e9n se presentaron la agrupaci\u00f3n de m\u00fasica Desarrollo y Autogesti\u00f3n (D &amp; A), con la propuesta \u201cRitmo legendario D y A\u201d, en las voces de Jaider Gamez y Katherine Holgu\u00edn. El grupo Sergio Toral: Unidad Educativa Juan Javier Espinoza recre\u00f3 la obra \u201cA trav\u00e9s del umbral\u201d, dirigida por Allison Arias y Michael Bravo; y, Misi\u00f3n Alianza intervino con el taller \u201cEjercicio esc\u00e9nico\u201d, cuya direcci\u00f3n corri\u00f3 a cargo de Jes\u00fas L\u00f3pez.<\/p>\n\n\n\n<p>En el Encuentro Teatral Tejiendo Comunidades tuvo igualmente participaci\u00f3n Jemima Pruna, quien imparti\u00f3 un taller de dibujo\/pintura.<\/p>\n\n\n<div class=\"wp-block-image\">\n<figure class=\"aligncenter size-large\"><img decoding=\"async\" width=\"644\" height=\"429\" src=\"https:\/\/www.uartes.edu.ec\/sitio\/wp-content\/uploads\/2023\/04\/La-Bibliotricimoteca-03-644x429.jpg\" alt=\"\" class=\"wp-image-41067\" srcset=\"https:\/\/www.uartes.edu.ec\/sitio\/wp-content\/uploads\/2023\/04\/La-Bibliotricimoteca-03-644x429.jpg 644w, https:\/\/www.uartes.edu.ec\/sitio\/wp-content\/uploads\/2023\/04\/La-Bibliotricimoteca-03-768x511.jpg 768w, https:\/\/www.uartes.edu.ec\/sitio\/wp-content\/uploads\/2023\/04\/La-Bibliotricimoteca-03.jpg 2000w, https:\/\/www.uartes.edu.ec\/sitio\/wp-content\/uploads\/2023\/04\/La-Bibliotricimoteca-03-600x399.jpg 600w, https:\/\/www.uartes.edu.ec\/sitio\/wp-content\/uploads\/2023\/04\/La-Bibliotricimoteca-03-272x182.jpg 272w\" sizes=\"(max-width: 644px) 100vw, 644px\" \/><\/figure>\n<\/div>\n\n\n<p>Fotos: Ronny Ramos, Vinculaci\u00f3n con la Comunidad.<\/p>\n","protected":false},"excerpt":{"rendered":"<p>El prop\u00f3sito del Encuentro Teatral Tejiendo Comunidades es ampliar la cobertura y tejer redes para compartir y ensayar un proceso de cohesi\u00f3n social que permita superar estereotipos y estigmas de su realidad inmediata e imaginada. La cita tuvo dos jornadas en las que participaron varias agrupaciones, como El Gran Teatro de Monte Sina\u00ed (GTMS) que dirige el docente UArtes Marcelo Leyton.<\/p>\n","protected":false},"author":10,"featured_media":41064,"comment_status":"open","ping_status":"open","sticky":false,"template":"","format":"standard","meta":{"_acf_changed":false,"_uag_custom_page_level_css":"","_monsterinsights_skip_tracking":false,"_monsterinsights_sitenote_active":false,"_monsterinsights_sitenote_note":"","_monsterinsights_sitenote_category":0,"cybocfi_hide_featured_image":"","footnotes":""},"categories":[715,80,82,159,75,79],"tags":[521],"infouartes":[],"class_list":["post-41063","post","type-post","status-publish","format-standard","has-post-thumbnail","hentry","category-2c","category-academico","category-artes","category-artes-escenicas","category-docentes","category-vinculo","tag-encuentro"],"acf":[],"yoast_head":"<!-- This site is optimized with the Yoast SEO plugin v27.4 - https:\/\/yoast.com\/product\/yoast-seo-wordpress\/ -->\n<title>Universidad de las Artes - Dirigido por Marcelo Leyton, el GTMS lleg\u00f3 con \u201cHistoria de unas mu\u00f1ecas abandonadas\u201d a encuentro teatral<\/title>\n<meta name=\"description\" content=\"Universidad de las Artes - Dirigido por Marcelo Leyton, el GTMS lleg\u00f3 con \u201cHistoria de unas mu\u00f1ecas abandonadas\u201d a encuentro teatral\" \/>\n<meta name=\"robots\" content=\"index, follow, max-snippet:-1, max-image-preview:large, max-video-preview:-1\" \/>\n<link rel=\"canonical\" href=\"https:\/\/www.uartes.edu.ec\/sitio\/blog\/2023\/04\/06\/encuentro-teatral-tejiendo-comunidades\/\" \/>\n<meta property=\"og:locale\" content=\"es_ES\" \/>\n<meta property=\"og:type\" content=\"article\" \/>\n<meta property=\"og:title\" content=\"Universidad de las Artes - Dirigido por Marcelo Leyton, el GTMS lleg\u00f3 con \u201cHistoria de unas mu\u00f1ecas abandonadas\u201d a encuentro teatral\" \/>\n<meta property=\"og:description\" content=\"Universidad de las Artes - Dirigido por Marcelo Leyton, el GTMS lleg\u00f3 con \u201cHistoria de unas mu\u00f1ecas abandonadas\u201d a encuentro teatral\" \/>\n<meta property=\"og:url\" content=\"https:\/\/www.uartes.edu.ec\/sitio\/blog\/2023\/04\/06\/encuentro-teatral-tejiendo-comunidades\/\" \/>\n<meta property=\"og:site_name\" content=\"Universidad de las Artes\" \/>\n<meta property=\"article:publisher\" content=\"https:\/\/www.facebook.com\/uartesec\" \/>\n<meta property=\"article:published_time\" content=\"2023-04-06T23:30:00+00:00\" \/>\n<meta property=\"article:modified_time\" content=\"2024-07-04T16:21:19+00:00\" \/>\n<meta property=\"og:image\" content=\"https:\/\/www.uartes.edu.ec\/sitio\/wp-content\/uploads\/2023\/04\/La-Bibliotricimoteca-06.jpg\" \/>\n\t<meta property=\"og:image:width\" content=\"2000\" \/>\n\t<meta property=\"og:image:height\" content=\"1333\" \/>\n\t<meta property=\"og:image:type\" content=\"image\/jpeg\" \/>\n<meta name=\"author\" content=\"ccortez\" \/>\n<meta name=\"twitter:card\" content=\"summary_large_image\" \/>\n<meta name=\"twitter:creator\" content=\"@uartesec\" \/>\n<meta name=\"twitter:site\" content=\"@uartesec\" \/>\n<meta name=\"twitter:label1\" content=\"Escrito por\" \/>\n\t<meta name=\"twitter:data1\" content=\"ccortez\" \/>\n\t<meta name=\"twitter:label2\" content=\"Tiempo de lectura\" \/>\n\t<meta name=\"twitter:data2\" content=\"3 minutos\" \/>\n<script type=\"application\/ld+json\" class=\"yoast-schema-graph\">{\"@context\":\"https:\\\/\\\/schema.org\",\"@graph\":[{\"@type\":\"Article\",\"@id\":\"https:\\\/\\\/www.uartes.edu.ec\\\/sitio\\\/blog\\\/2023\\\/04\\\/06\\\/encuentro-teatral-tejiendo-comunidades\\\/#article\",\"isPartOf\":{\"@id\":\"https:\\\/\\\/www.uartes.edu.ec\\\/sitio\\\/blog\\\/2023\\\/04\\\/06\\\/encuentro-teatral-tejiendo-comunidades\\\/\"},\"author\":{\"name\":\"ccortez\",\"@id\":\"https:\\\/\\\/www.uartes.edu.ec\\\/sitio\\\/#\\\/schema\\\/person\\\/efa1b8275797664fd7f13a79ccc0b1f4\"},\"headline\":\"Dirigido por Marcelo Leyton, el GTMS lleg\u00f3 con \u201cHistoria de unas mu\u00f1ecas abandonadas\u201d a encuentro teatral\",\"datePublished\":\"2023-04-06T23:30:00+00:00\",\"dateModified\":\"2024-07-04T16:21:19+00:00\",\"mainEntityOfPage\":{\"@id\":\"https:\\\/\\\/www.uartes.edu.ec\\\/sitio\\\/blog\\\/2023\\\/04\\\/06\\\/encuentro-teatral-tejiendo-comunidades\\\/\"},\"wordCount\":368,\"commentCount\":0,\"publisher\":{\"@id\":\"https:\\\/\\\/www.uartes.edu.ec\\\/sitio\\\/#organization\"},\"image\":{\"@id\":\"https:\\\/\\\/www.uartes.edu.ec\\\/sitio\\\/blog\\\/2023\\\/04\\\/06\\\/encuentro-teatral-tejiendo-comunidades\\\/#primaryimage\"},\"thumbnailUrl\":\"https:\\\/\\\/www.uartes.edu.ec\\\/sitio\\\/wp-content\\\/uploads\\\/2023\\\/04\\\/La-Bibliotricimoteca-06.jpg\",\"keywords\":[\"encuentro\"],\"articleSection\":[\"2C\",\"Acad\u00e9mico\",\"Artes\",\"Artes Esc\u00e9nicas\",\"Docentes\",\"V\u00ednculo\"],\"inLanguage\":\"es\",\"potentialAction\":[{\"@type\":\"CommentAction\",\"name\":\"Comment\",\"target\":[\"https:\\\/\\\/www.uartes.edu.ec\\\/sitio\\\/blog\\\/2023\\\/04\\\/06\\\/encuentro-teatral-tejiendo-comunidades\\\/#respond\"]}]},{\"@type\":[\"WebPage\",\"ItemPage\"],\"@id\":\"https:\\\/\\\/www.uartes.edu.ec\\\/sitio\\\/blog\\\/2023\\\/04\\\/06\\\/encuentro-teatral-tejiendo-comunidades\\\/\",\"url\":\"https:\\\/\\\/www.uartes.edu.ec\\\/sitio\\\/blog\\\/2023\\\/04\\\/06\\\/encuentro-teatral-tejiendo-comunidades\\\/\",\"name\":\"Universidad de las Artes - Dirigido por Marcelo Leyton, el GTMS lleg\u00f3 con \u201cHistoria de unas mu\u00f1ecas abandonadas\u201d a encuentro teatral\",\"isPartOf\":{\"@id\":\"https:\\\/\\\/www.uartes.edu.ec\\\/sitio\\\/#website\"},\"primaryImageOfPage\":{\"@id\":\"https:\\\/\\\/www.uartes.edu.ec\\\/sitio\\\/blog\\\/2023\\\/04\\\/06\\\/encuentro-teatral-tejiendo-comunidades\\\/#primaryimage\"},\"image\":{\"@id\":\"https:\\\/\\\/www.uartes.edu.ec\\\/sitio\\\/blog\\\/2023\\\/04\\\/06\\\/encuentro-teatral-tejiendo-comunidades\\\/#primaryimage\"},\"thumbnailUrl\":\"https:\\\/\\\/www.uartes.edu.ec\\\/sitio\\\/wp-content\\\/uploads\\\/2023\\\/04\\\/La-Bibliotricimoteca-06.jpg\",\"datePublished\":\"2023-04-06T23:30:00+00:00\",\"dateModified\":\"2024-07-04T16:21:19+00:00\",\"description\":\"Universidad de las Artes - Dirigido por Marcelo Leyton, el GTMS lleg\u00f3 con \u201cHistoria de unas mu\u00f1ecas abandonadas\u201d a encuentro teatral\",\"breadcrumb\":{\"@id\":\"https:\\\/\\\/www.uartes.edu.ec\\\/sitio\\\/blog\\\/2023\\\/04\\\/06\\\/encuentro-teatral-tejiendo-comunidades\\\/#breadcrumb\"},\"inLanguage\":\"es\",\"potentialAction\":[{\"@type\":\"ReadAction\",\"target\":[\"https:\\\/\\\/www.uartes.edu.ec\\\/sitio\\\/blog\\\/2023\\\/04\\\/06\\\/encuentro-teatral-tejiendo-comunidades\\\/\"]}]},{\"@type\":\"ImageObject\",\"inLanguage\":\"es\",\"@id\":\"https:\\\/\\\/www.uartes.edu.ec\\\/sitio\\\/blog\\\/2023\\\/04\\\/06\\\/encuentro-teatral-tejiendo-comunidades\\\/#primaryimage\",\"url\":\"https:\\\/\\\/www.uartes.edu.ec\\\/sitio\\\/wp-content\\\/uploads\\\/2023\\\/04\\\/La-Bibliotricimoteca-06.jpg\",\"contentUrl\":\"https:\\\/\\\/www.uartes.edu.ec\\\/sitio\\\/wp-content\\\/uploads\\\/2023\\\/04\\\/La-Bibliotricimoteca-06.jpg\",\"width\":2000,\"height\":1333},{\"@type\":\"BreadcrumbList\",\"@id\":\"https:\\\/\\\/www.uartes.edu.ec\\\/sitio\\\/blog\\\/2023\\\/04\\\/06\\\/encuentro-teatral-tejiendo-comunidades\\\/#breadcrumb\",\"itemListElement\":[{\"@type\":\"ListItem\",\"position\":1,\"name\":\"Inicio\",\"item\":\"https:\\\/\\\/www.uartes.edu.ec\\\/sitio\\\/\"},{\"@type\":\"ListItem\",\"position\":2,\"name\":\"Dirigido por Marcelo Leyton, el GTMS lleg\u00f3 con \u201cHistoria de unas mu\u00f1ecas abandonadas\u201d a encuentro teatral\"}]},{\"@type\":\"WebSite\",\"@id\":\"https:\\\/\\\/www.uartes.edu.ec\\\/sitio\\\/#website\",\"url\":\"https:\\\/\\\/www.uartes.edu.ec\\\/sitio\\\/\",\"name\":\"Universidad de las Artes\",\"description\":\"Sitio oficial de la Universidad Nacional de las Artes del Ecuador\",\"publisher\":{\"@id\":\"https:\\\/\\\/www.uartes.edu.ec\\\/sitio\\\/#organization\"},\"potentialAction\":[{\"@type\":\"SearchAction\",\"target\":{\"@type\":\"EntryPoint\",\"urlTemplate\":\"https:\\\/\\\/www.uartes.edu.ec\\\/sitio\\\/?s={search_term_string}\"},\"query-input\":{\"@type\":\"PropertyValueSpecification\",\"valueRequired\":true,\"valueName\":\"search_term_string\"}}],\"inLanguage\":\"es\"},{\"@type\":\"Organization\",\"@id\":\"https:\\\/\\\/www.uartes.edu.ec\\\/sitio\\\/#organization\",\"name\":\"Universidad de las Artes\",\"url\":\"https:\\\/\\\/www.uartes.edu.ec\\\/sitio\\\/\",\"logo\":{\"@type\":\"ImageObject\",\"inLanguage\":\"es\",\"@id\":\"https:\\\/\\\/www.uartes.edu.ec\\\/sitio\\\/#\\\/schema\\\/logo\\\/image\\\/\",\"url\":\"https:\\\/\\\/www.uartes.edu.ec\\\/sitio\\\/wp-content\\\/uploads\\\/2022\\\/07\\\/logo-ua-horizontal.png\",\"contentUrl\":\"https:\\\/\\\/www.uartes.edu.ec\\\/sitio\\\/wp-content\\\/uploads\\\/2022\\\/07\\\/logo-ua-horizontal.png\",\"width\":800,\"height\":276,\"caption\":\"Universidad de las Artes\"},\"image\":{\"@id\":\"https:\\\/\\\/www.uartes.edu.ec\\\/sitio\\\/#\\\/schema\\\/logo\\\/image\\\/\"},\"sameAs\":[\"https:\\\/\\\/www.facebook.com\\\/uartesec\",\"https:\\\/\\\/x.com\\\/uartesec\",\"https:\\\/\\\/www.tiktok.com\\\/@uartesec\"]},{\"@type\":\"Person\",\"@id\":\"https:\\\/\\\/www.uartes.edu.ec\\\/sitio\\\/#\\\/schema\\\/person\\\/efa1b8275797664fd7f13a79ccc0b1f4\",\"name\":\"ccortez\",\"image\":{\"@type\":\"ImageObject\",\"inLanguage\":\"es\",\"@id\":\"https:\\\/\\\/secure.gravatar.com\\\/avatar\\\/b2a6f664a3ae8e074346ef91775736c5ec479e637ecced6842de9dc98b5da9cd?s=96&d=mm&r=g\",\"url\":\"https:\\\/\\\/secure.gravatar.com\\\/avatar\\\/b2a6f664a3ae8e074346ef91775736c5ec479e637ecced6842de9dc98b5da9cd?s=96&d=mm&r=g\",\"contentUrl\":\"https:\\\/\\\/secure.gravatar.com\\\/avatar\\\/b2a6f664a3ae8e074346ef91775736c5ec479e637ecced6842de9dc98b5da9cd?s=96&d=mm&r=g\",\"caption\":\"ccortez\"},\"url\":\"https:\\\/\\\/www.uartes.edu.ec\\\/sitio\\\/blog\\\/author\\\/ccortez\\\/\"}]}<\/script>\n<!-- \/ Yoast SEO plugin. -->","yoast_head_json":{"title":"Universidad de las Artes - Dirigido por Marcelo Leyton, el GTMS lleg\u00f3 con \u201cHistoria de unas mu\u00f1ecas abandonadas\u201d a encuentro teatral","description":"Universidad de las Artes - Dirigido por Marcelo Leyton, el GTMS lleg\u00f3 con \u201cHistoria de unas mu\u00f1ecas abandonadas\u201d a encuentro teatral","robots":{"index":"index","follow":"follow","max-snippet":"max-snippet:-1","max-image-preview":"max-image-preview:large","max-video-preview":"max-video-preview:-1"},"canonical":"https:\/\/www.uartes.edu.ec\/sitio\/blog\/2023\/04\/06\/encuentro-teatral-tejiendo-comunidades\/","og_locale":"es_ES","og_type":"article","og_title":"Universidad de las Artes - Dirigido por Marcelo Leyton, el GTMS lleg\u00f3 con \u201cHistoria de unas mu\u00f1ecas abandonadas\u201d a encuentro teatral","og_description":"Universidad de las Artes - Dirigido por Marcelo Leyton, el GTMS lleg\u00f3 con \u201cHistoria de unas mu\u00f1ecas abandonadas\u201d a encuentro teatral","og_url":"https:\/\/www.uartes.edu.ec\/sitio\/blog\/2023\/04\/06\/encuentro-teatral-tejiendo-comunidades\/","og_site_name":"Universidad de las Artes","article_publisher":"https:\/\/www.facebook.com\/uartesec","article_published_time":"2023-04-06T23:30:00+00:00","article_modified_time":"2024-07-04T16:21:19+00:00","og_image":[{"width":2000,"height":1333,"url":"https:\/\/www.uartes.edu.ec\/sitio\/wp-content\/uploads\/2023\/04\/La-Bibliotricimoteca-06.jpg","type":"image\/jpeg"}],"author":"ccortez","twitter_card":"summary_large_image","twitter_creator":"@uartesec","twitter_site":"@uartesec","twitter_misc":{"Escrito por":"ccortez","Tiempo de lectura":"3 minutos"},"schema":{"@context":"https:\/\/schema.org","@graph":[{"@type":"Article","@id":"https:\/\/www.uartes.edu.ec\/sitio\/blog\/2023\/04\/06\/encuentro-teatral-tejiendo-comunidades\/#article","isPartOf":{"@id":"https:\/\/www.uartes.edu.ec\/sitio\/blog\/2023\/04\/06\/encuentro-teatral-tejiendo-comunidades\/"},"author":{"name":"ccortez","@id":"https:\/\/www.uartes.edu.ec\/sitio\/#\/schema\/person\/efa1b8275797664fd7f13a79ccc0b1f4"},"headline":"Dirigido por Marcelo Leyton, el GTMS lleg\u00f3 con \u201cHistoria de unas mu\u00f1ecas abandonadas\u201d a encuentro teatral","datePublished":"2023-04-06T23:30:00+00:00","dateModified":"2024-07-04T16:21:19+00:00","mainEntityOfPage":{"@id":"https:\/\/www.uartes.edu.ec\/sitio\/blog\/2023\/04\/06\/encuentro-teatral-tejiendo-comunidades\/"},"wordCount":368,"commentCount":0,"publisher":{"@id":"https:\/\/www.uartes.edu.ec\/sitio\/#organization"},"image":{"@id":"https:\/\/www.uartes.edu.ec\/sitio\/blog\/2023\/04\/06\/encuentro-teatral-tejiendo-comunidades\/#primaryimage"},"thumbnailUrl":"https:\/\/www.uartes.edu.ec\/sitio\/wp-content\/uploads\/2023\/04\/La-Bibliotricimoteca-06.jpg","keywords":["encuentro"],"articleSection":["2C","Acad\u00e9mico","Artes","Artes Esc\u00e9nicas","Docentes","V\u00ednculo"],"inLanguage":"es","potentialAction":[{"@type":"CommentAction","name":"Comment","target":["https:\/\/www.uartes.edu.ec\/sitio\/blog\/2023\/04\/06\/encuentro-teatral-tejiendo-comunidades\/#respond"]}]},{"@type":["WebPage","ItemPage"],"@id":"https:\/\/www.uartes.edu.ec\/sitio\/blog\/2023\/04\/06\/encuentro-teatral-tejiendo-comunidades\/","url":"https:\/\/www.uartes.edu.ec\/sitio\/blog\/2023\/04\/06\/encuentro-teatral-tejiendo-comunidades\/","name":"Universidad de las Artes - Dirigido por Marcelo Leyton, el GTMS lleg\u00f3 con \u201cHistoria de unas mu\u00f1ecas abandonadas\u201d a encuentro teatral","isPartOf":{"@id":"https:\/\/www.uartes.edu.ec\/sitio\/#website"},"primaryImageOfPage":{"@id":"https:\/\/www.uartes.edu.ec\/sitio\/blog\/2023\/04\/06\/encuentro-teatral-tejiendo-comunidades\/#primaryimage"},"image":{"@id":"https:\/\/www.uartes.edu.ec\/sitio\/blog\/2023\/04\/06\/encuentro-teatral-tejiendo-comunidades\/#primaryimage"},"thumbnailUrl":"https:\/\/www.uartes.edu.ec\/sitio\/wp-content\/uploads\/2023\/04\/La-Bibliotricimoteca-06.jpg","datePublished":"2023-04-06T23:30:00+00:00","dateModified":"2024-07-04T16:21:19+00:00","description":"Universidad de las Artes - Dirigido por Marcelo Leyton, el GTMS lleg\u00f3 con \u201cHistoria de unas mu\u00f1ecas abandonadas\u201d a encuentro teatral","breadcrumb":{"@id":"https:\/\/www.uartes.edu.ec\/sitio\/blog\/2023\/04\/06\/encuentro-teatral-tejiendo-comunidades\/#breadcrumb"},"inLanguage":"es","potentialAction":[{"@type":"ReadAction","target":["https:\/\/www.uartes.edu.ec\/sitio\/blog\/2023\/04\/06\/encuentro-teatral-tejiendo-comunidades\/"]}]},{"@type":"ImageObject","inLanguage":"es","@id":"https:\/\/www.uartes.edu.ec\/sitio\/blog\/2023\/04\/06\/encuentro-teatral-tejiendo-comunidades\/#primaryimage","url":"https:\/\/www.uartes.edu.ec\/sitio\/wp-content\/uploads\/2023\/04\/La-Bibliotricimoteca-06.jpg","contentUrl":"https:\/\/www.uartes.edu.ec\/sitio\/wp-content\/uploads\/2023\/04\/La-Bibliotricimoteca-06.jpg","width":2000,"height":1333},{"@type":"BreadcrumbList","@id":"https:\/\/www.uartes.edu.ec\/sitio\/blog\/2023\/04\/06\/encuentro-teatral-tejiendo-comunidades\/#breadcrumb","itemListElement":[{"@type":"ListItem","position":1,"name":"Inicio","item":"https:\/\/www.uartes.edu.ec\/sitio\/"},{"@type":"ListItem","position":2,"name":"Dirigido por Marcelo Leyton, el GTMS lleg\u00f3 con \u201cHistoria de unas mu\u00f1ecas abandonadas\u201d a encuentro teatral"}]},{"@type":"WebSite","@id":"https:\/\/www.uartes.edu.ec\/sitio\/#website","url":"https:\/\/www.uartes.edu.ec\/sitio\/","name":"Universidad de las Artes","description":"Sitio oficial de la Universidad Nacional de las Artes del Ecuador","publisher":{"@id":"https:\/\/www.uartes.edu.ec\/sitio\/#organization"},"potentialAction":[{"@type":"SearchAction","target":{"@type":"EntryPoint","urlTemplate":"https:\/\/www.uartes.edu.ec\/sitio\/?s={search_term_string}"},"query-input":{"@type":"PropertyValueSpecification","valueRequired":true,"valueName":"search_term_string"}}],"inLanguage":"es"},{"@type":"Organization","@id":"https:\/\/www.uartes.edu.ec\/sitio\/#organization","name":"Universidad de las Artes","url":"https:\/\/www.uartes.edu.ec\/sitio\/","logo":{"@type":"ImageObject","inLanguage":"es","@id":"https:\/\/www.uartes.edu.ec\/sitio\/#\/schema\/logo\/image\/","url":"https:\/\/www.uartes.edu.ec\/sitio\/wp-content\/uploads\/2022\/07\/logo-ua-horizontal.png","contentUrl":"https:\/\/www.uartes.edu.ec\/sitio\/wp-content\/uploads\/2022\/07\/logo-ua-horizontal.png","width":800,"height":276,"caption":"Universidad de las Artes"},"image":{"@id":"https:\/\/www.uartes.edu.ec\/sitio\/#\/schema\/logo\/image\/"},"sameAs":["https:\/\/www.facebook.com\/uartesec","https:\/\/x.com\/uartesec","https:\/\/www.tiktok.com\/@uartesec"]},{"@type":"Person","@id":"https:\/\/www.uartes.edu.ec\/sitio\/#\/schema\/person\/efa1b8275797664fd7f13a79ccc0b1f4","name":"ccortez","image":{"@type":"ImageObject","inLanguage":"es","@id":"https:\/\/secure.gravatar.com\/avatar\/b2a6f664a3ae8e074346ef91775736c5ec479e637ecced6842de9dc98b5da9cd?s=96&d=mm&r=g","url":"https:\/\/secure.gravatar.com\/avatar\/b2a6f664a3ae8e074346ef91775736c5ec479e637ecced6842de9dc98b5da9cd?s=96&d=mm&r=g","contentUrl":"https:\/\/secure.gravatar.com\/avatar\/b2a6f664a3ae8e074346ef91775736c5ec479e637ecced6842de9dc98b5da9cd?s=96&d=mm&r=g","caption":"ccortez"},"url":"https:\/\/www.uartes.edu.ec\/sitio\/blog\/author\/ccortez\/"}]}},"uagb_featured_image_src":{"full":["https:\/\/www.uartes.edu.ec\/sitio\/wp-content\/uploads\/2023\/04\/La-Bibliotricimoteca-06.jpg",2000,1333,false],"thumbnail":["https:\/\/www.uartes.edu.ec\/sitio\/wp-content\/uploads\/2023\/04\/La-Bibliotricimoteca-06-150x150.jpg",150,150,true],"medium":["https:\/\/www.uartes.edu.ec\/sitio\/wp-content\/uploads\/2023\/04\/La-Bibliotricimoteca-06-300x200.jpg",300,200,true],"medium_large":["https:\/\/www.uartes.edu.ec\/sitio\/wp-content\/uploads\/2023\/04\/La-Bibliotricimoteca-06-768x512.jpg",768,512,true],"large":["https:\/\/www.uartes.edu.ec\/sitio\/wp-content\/uploads\/2023\/04\/La-Bibliotricimoteca-06-644x429.jpg",644,429,true],"1536x1536":["https:\/\/www.uartes.edu.ec\/sitio\/wp-content\/uploads\/2023\/04\/La-Bibliotricimoteca-06-1536x1024.jpg",1536,1024,true],"2048x2048":["https:\/\/www.uartes.edu.ec\/sitio\/wp-content\/uploads\/2023\/04\/La-Bibliotricimoteca-06.jpg",2000,1333,false],"trp-custom-language-flag":["https:\/\/www.uartes.edu.ec\/sitio\/wp-content\/uploads\/2023\/04\/La-Bibliotricimoteca-06.jpg",18,12,false],"htmega_size_585x295":["https:\/\/www.uartes.edu.ec\/sitio\/wp-content\/uploads\/2023\/04\/La-Bibliotricimoteca-06-585x295.jpg",585,295,true],"htmega_size_1170x536":["https:\/\/www.uartes.edu.ec\/sitio\/wp-content\/uploads\/2023\/04\/La-Bibliotricimoteca-06-1170x536.jpg",1170,536,true],"htmega_size_396x360":["https:\/\/www.uartes.edu.ec\/sitio\/wp-content\/uploads\/2023\/04\/La-Bibliotricimoteca-06-396x360.jpg",396,360,true],"gb-block-post-grid-landscape":["https:\/\/www.uartes.edu.ec\/sitio\/wp-content\/uploads\/2023\/04\/La-Bibliotricimoteca-06-600x400.jpg",600,400,true],"gb-block-post-grid-square":["https:\/\/www.uartes.edu.ec\/sitio\/wp-content\/uploads\/2023\/04\/La-Bibliotricimoteca-06-600x600.jpg",600,600,true],"university-hub-thumb":["https:\/\/www.uartes.edu.ec\/sitio\/wp-content\/uploads\/2023\/04\/La-Bibliotricimoteca-06-400x267.jpg",400,267,true]},"uagb_author_info":{"display_name":"ccortez","author_link":"https:\/\/www.uartes.edu.ec\/sitio\/blog\/author\/ccortez\/"},"uagb_comment_info":0,"uagb_excerpt":"El prop\u00f3sito del Encuentro Teatral Tejiendo Comunidades es ampliar la cobertura y tejer redes para compartir y ensayar un proceso de cohesi\u00f3n social que permita superar estereotipos y estigmas de su realidad inmediata e imaginada. La cita tuvo dos jornadas en las que participaron varias agrupaciones, como El Gran Teatro de Monte Sina\u00ed (GTMS) que&hellip;","featured_image_src":"https:\/\/www.uartes.edu.ec\/sitio\/wp-content\/uploads\/2023\/04\/La-Bibliotricimoteca-06-600x400.jpg","featured_image_src_square":"https:\/\/www.uartes.edu.ec\/sitio\/wp-content\/uploads\/2023\/04\/La-Bibliotricimoteca-06-600x600.jpg","author_info":{"display_name":"ccortez","author_link":"https:\/\/www.uartes.edu.ec\/sitio\/blog\/author\/ccortez\/"},"publishpress_future_workflow_manual_trigger":{"enabledWorkflows":[]},"distributor_meta":false,"distributor_terms":false,"distributor_media":false,"distributor_original_site_name":"Universidad de las Artes","distributor_original_site_url":"https:\/\/www.uartes.edu.ec\/sitio","push-errors":false,"_links":{"self":[{"href":"https:\/\/www.uartes.edu.ec\/sitio\/wp-json\/wp\/v2\/posts\/41063","targetHints":{"allow":["GET"]}}],"collection":[{"href":"https:\/\/www.uartes.edu.ec\/sitio\/wp-json\/wp\/v2\/posts"}],"about":[{"href":"https:\/\/www.uartes.edu.ec\/sitio\/wp-json\/wp\/v2\/types\/post"}],"author":[{"embeddable":true,"href":"https:\/\/www.uartes.edu.ec\/sitio\/wp-json\/wp\/v2\/users\/10"}],"replies":[{"embeddable":true,"href":"https:\/\/www.uartes.edu.ec\/sitio\/wp-json\/wp\/v2\/comments?post=41063"}],"version-history":[{"count":6,"href":"https:\/\/www.uartes.edu.ec\/sitio\/wp-json\/wp\/v2\/posts\/41063\/revisions"}],"predecessor-version":[{"id":41080,"href":"https:\/\/www.uartes.edu.ec\/sitio\/wp-json\/wp\/v2\/posts\/41063\/revisions\/41080"}],"wp:featuredmedia":[{"embeddable":true,"href":"https:\/\/www.uartes.edu.ec\/sitio\/wp-json\/wp\/v2\/media\/41064"}],"wp:attachment":[{"href":"https:\/\/www.uartes.edu.ec\/sitio\/wp-json\/wp\/v2\/media?parent=41063"}],"wp:term":[{"taxonomy":"category","embeddable":true,"href":"https:\/\/www.uartes.edu.ec\/sitio\/wp-json\/wp\/v2\/categories?post=41063"},{"taxonomy":"post_tag","embeddable":true,"href":"https:\/\/www.uartes.edu.ec\/sitio\/wp-json\/wp\/v2\/tags?post=41063"},{"taxonomy":"infouartes","embeddable":true,"href":"https:\/\/www.uartes.edu.ec\/sitio\/wp-json\/wp\/v2\/infouartes?post=41063"}],"curies":[{"name":"wp","href":"https:\/\/api.w.org\/{rel}","templated":true}]}}