{"id":41279,"date":"2023-04-24T16:20:35","date_gmt":"2023-04-24T21:20:35","guid":{"rendered":"https:\/\/www.uartes.edu.ec\/sitio\/?p=41279"},"modified":"2024-07-04T11:21:16","modified_gmt":"2024-07-04T16:21:16","slug":"uartes-inicia-el-semestre-a-2023-con-bienvenida-a-estudiantes-y-las-actividades-de-lanfor-abierta","status":"publish","type":"post","link":"https:\/\/www.uartes.edu.ec\/sitio\/blog\/2023\/04\/24\/uartes-inicia-el-semestre-a-2023-con-bienvenida-a-estudiantes-y-las-actividades-de-lanfor-abierta\/","title":{"rendered":"UArtes inicia el Semestre A 2023 con reuni\u00f3n de bienvenida a estudiantes y las actividades de Lanfor Abierta"},"content":{"rendered":"\n<p>En la Universidad de las Artes este lunes 24 de abril fue un d\u00eda de celebraciones. Se dio inicio al Semestre A 2023 y se inauguraron las actividades de la semana cultural y art\u00edstica de la segunda edici\u00f3n de Lanfor Abierta, organizada por la Biblioteca de las Artes por el D\u00eda Mundial del Libro, establecido por la Unesco cada 23 de abril, y para incentivar y promover la lectura.<\/p>\n\n\n\n<p>Justamente por ello, el recibimiento que la Escuela de Literatura organiz\u00f3 para sus estudiantes fue, m\u00e1s que un acto protocolario o solemne, un momento para compartir y reiterarles el acompa\u00f1amiento que recibir\u00e1n para que logren el \u00e9xito acad\u00e9mico y para seguir celebrando al libro. En ese sentido, su directora, doctora Alejandra Zambrano, y varios docentes propiciaron con los alumnos un intercambio de publicaciones.<\/p>\n\n\n\n<p>El punto de encuentro fue la Sala de Usos M\u00faltiples del Pabell\u00f3n Araceli Gilbert, a la que llegaron con un ejemplar envuelto para, mediante la din\u00e1mica de libro robado, intercambiarlo. &nbsp;<\/p>\n\n\n\n<p>Producir conocimiento en artes es lo que mueve a nuestra instituci\u00f3n de educaci\u00f3n superior, se mencion\u00f3 en la cita. Junto a Zambrano, en la bienvenida al inicio del semestre y la celebraci\u00f3n del libro estuvieron, entre otros, los docentes y coordinadores de las carreras de Literatura y de Pedagog\u00eda de las Artes y Humanidades, Andr\u00e9s Land\u00e1zuri y Byron Cevallos, respectivamente, as\u00ed como la escritora Solange Rodr\u00edguez.<\/p>\n\n\n\n<p>Para este jueves 27 de abril la Escuela de Literatura tiene contemplada una nueva reuni\u00f3n con sus estudiantes. Ser\u00e1 para recibir a quienes cursan la carrera de Pedagog\u00eda de las Artes y Humanidades que la UArtes comparte con la Universidad Nacional de Educaci\u00f3n (UNAE).<\/p>\n\n\n<div class=\"wp-block-image\">\n<figure class=\"aligncenter size-large\"><img fetchpriority=\"high\" decoding=\"async\" width=\"644\" height=\"429\" src=\"https:\/\/www.uartes.edu.ec\/sitio\/wp-content\/uploads\/2023\/04\/01-CURSO-TERCERA-EDAD-644x429.jpg\" alt=\"\" class=\"wp-image-41335\" srcset=\"https:\/\/www.uartes.edu.ec\/sitio\/wp-content\/uploads\/2023\/04\/01-CURSO-TERCERA-EDAD-644x429.jpg 644w, https:\/\/www.uartes.edu.ec\/sitio\/wp-content\/uploads\/2023\/04\/01-CURSO-TERCERA-EDAD-768x511.jpg 768w, https:\/\/www.uartes.edu.ec\/sitio\/wp-content\/uploads\/2023\/04\/01-CURSO-TERCERA-EDAD.jpg 2000w, https:\/\/www.uartes.edu.ec\/sitio\/wp-content\/uploads\/2023\/04\/01-CURSO-TERCERA-EDAD-600x399.jpg 600w, https:\/\/www.uartes.edu.ec\/sitio\/wp-content\/uploads\/2023\/04\/01-CURSO-TERCERA-EDAD-272x182.jpg 272w\" sizes=\"(max-width: 644px) 100vw, 644px\" \/><\/figure>\n<\/div>\n\n\n<h3 class=\"wp-block-heading\">Curso de ofim\u00e1ticas y trueque de libros<\/h3>\n\n\n\n<p>En cuanto a Lanfor Abierta, justamente fue en el Pabell\u00f3n Araceli Gilbert se desarroll\u00f3 la actividad que abri\u00f3 todas las que se han programado hasta el s\u00e1bado 29 de abril. Se trata del curso de ofim\u00e1ticas para personas de la tercera edad, a cargo de Jimmy Malag\u00f3n Mera; se dar\u00e1 tambi\u00e9n este 26 y 28, de 10:00 a 12:00.<\/p>\n\n\n\n<p>Seguidamente, 13:30 a 17:00, en la sala multifuncional ubicada en la terraza se desarroll\u00f3 el taller \u201cIntroducci\u00f3n al 3D y exportaci\u00f3n de im\u00e1genes a diferentes plataformas virtuales\u201d, dictado por Isa\u00edas Isaac Meza.<\/p>\n\n\n\n<p>Asimismo, en la Biblioteca de las Artes arranc\u00f3 hoy el intercambio de libros. Los ejemplares se encuentran en los stands ubicados en el primer piso. Para participar solo se debe llevar un libro en perfecto estado, para recibir alguno de los que se encuentran expuestos. &nbsp;<\/p>\n\n\n\n<p>&nbsp;El 25 de abril, de 16:00 a 17:00, en el tercer piso habr\u00e1 una charla de cine acerca del documental \u201cCabeza m\u00e1gica\u201d, de los directores Juan Pablo de la Roche y Geovanny Pozo. Y, dirigidas por Khrystel Ortiz, el 26 y el 27 de abril, de 17h00 a 19:00, habr\u00e1 las sesiones \u201cAl son de la salsa y la bachata\u201d; su escenario ser\u00e1 la terraza.<\/p>\n\n\n<div class=\"wp-block-image\">\n<figure class=\"aligncenter size-large is-resized\"><img decoding=\"async\" src=\"https:\/\/www.uartes.edu.ec\/sitio\/wp-content\/uploads\/2023\/04\/LANFOR-03-644x429.jpg\" alt=\"\" class=\"wp-image-41336\" width=\"644\" height=\"429\" srcset=\"https:\/\/www.uartes.edu.ec\/sitio\/wp-content\/uploads\/2023\/04\/LANFOR-03-644x429.jpg 644w, https:\/\/www.uartes.edu.ec\/sitio\/wp-content\/uploads\/2023\/04\/LANFOR-03-768x511.jpg 768w, https:\/\/www.uartes.edu.ec\/sitio\/wp-content\/uploads\/2023\/04\/LANFOR-03.jpg 2000w, https:\/\/www.uartes.edu.ec\/sitio\/wp-content\/uploads\/2023\/04\/LANFOR-03-600x399.jpg 600w, https:\/\/www.uartes.edu.ec\/sitio\/wp-content\/uploads\/2023\/04\/LANFOR-03-272x182.jpg 272w\" sizes=\"(max-width: 644px) 100vw, 644px\" \/><\/figure>\n<\/div>\n\n<div class=\"wp-block-image\">\n<figure class=\"aligncenter size-large\"><img decoding=\"async\" width=\"644\" height=\"429\" src=\"https:\/\/www.uartes.edu.ec\/sitio\/wp-content\/uploads\/2023\/04\/LANFOR-01-644x429.jpg\" alt=\"\" class=\"wp-image-41337\" srcset=\"https:\/\/www.uartes.edu.ec\/sitio\/wp-content\/uploads\/2023\/04\/LANFOR-01-644x429.jpg 644w, https:\/\/www.uartes.edu.ec\/sitio\/wp-content\/uploads\/2023\/04\/LANFOR-01-768x511.jpg 768w, https:\/\/www.uartes.edu.ec\/sitio\/wp-content\/uploads\/2023\/04\/LANFOR-01.jpg 2000w, https:\/\/www.uartes.edu.ec\/sitio\/wp-content\/uploads\/2023\/04\/LANFOR-01-600x399.jpg 600w, https:\/\/www.uartes.edu.ec\/sitio\/wp-content\/uploads\/2023\/04\/LANFOR-01-272x182.jpg 272w\" sizes=\"(max-width: 644px) 100vw, 644px\" \/><\/figure>\n<\/div>\n\n\n<p>Tambi\u00e9n en la terraza, el 27 de abril, de 10:00 a 12:00, se efectuar\u00e1 el taller de gesti\u00f3n de biblioteca comunitaria. La inscripci\u00f3n es gratuita y se entregar\u00e1 certificado y kit de anotaci\u00f3n.<\/p>\n\n\n\n<p>El 27 de abril, de 14:00 a 15:00, en el tercer piso, se realizar\u00e1 \u201cMicr\u00f3fono abierto\u201d y la premiaci\u00f3n del concurso de poes\u00eda, el primero de Lanfor Abierta.<\/p>\n\n\n\n<p>Para el 28 de abril, de 10:00 a 17:00, se ha programado una feria de material did\u00e1ctico y educativo en la Sala R\u00eda. All\u00ed se podr\u00e1 conocer a quienes los fabrican y los procesos de producci\u00f3n.<\/p>\n\n\n\n<p>En el mismo espacio de la Biblioteca de las Artes y el mismo d\u00eda, se realizar\u00e1 a las 15:30 el lanzamiento del libro \u201cLas Manchas, una historia roja rojita\u201d, de la autor\u00eda de Mariuxi Alem\u00e1n y Eduarda D\u00e1valos, graduada y alumna UArtes, respectivamente, con ilustraciones de Alisa Pincay.<\/p>\n\n\n\n<p>Los d\u00edas 28 y 29 de abril, desde las 13:00, Olmedo Guerra dictar\u00e1 en la terraza el taller \u201cPalabreo: laboratorio de exploraci\u00f3n sobre el uso de la palabra en la escritura y en su puesta en voz\u201d.<\/p>\n\n\n\n<p>De igual manera, el 28 de abril, de 15:30 a 16:30, Andrea Cede\u00f1o y Gonzalo Venegas, haciendo d\u00fao de voz y guitarra, brindar\u00e1n en la terraza el Concierto de la Escuela de Artes Sonoras. Y, en el tercer piso, se presentar\u00e1 de 16:45 a 18:00 el libro \u201cLas distancias olvidadas\u201d de Jeovanny Benavides.<\/p>\n\n\n\n<p>Otro libro que tendr\u00e1 su presentaci\u00f3n en Lanfor Abierta es \u201cUn tesoro de sabidur\u00eda compilado en 3.100 libros para la humanidad\u201d del autor japon\u00e9s Ryuho Okawa. Suceder\u00e1 el 29 de abril, de 10:00 a 12:00, en el tercer piso de la Biblioteca de las Artes.<\/p>\n","protected":false},"excerpt":{"rendered":"<p>En la UArtes este fue un d\u00eda de celebraciones. Se dio inicio al Semestre A 2023 y a las actividades de la segunda edici\u00f3n de Lanfor Abierta, organizada por la Biblioteca de las Artes por el D\u00eda Mundial del Libro (23 de abril). Justamente, en el recibimiento que la Escuela de Literatura dio a sus estudiantes se entregaron publicaciones y reiter\u00f3 el acompa\u00f1amiento que tendr\u00e1n para lograr el \u00e9xito acad\u00e9mico.<\/p>\n","protected":false},"author":10,"featured_media":41334,"comment_status":"open","ping_status":"open","sticky":false,"template":"","format":"standard","meta":{"_acf_changed":false,"_uag_custom_page_level_css":"","_monsterinsights_skip_tracking":false,"_monsterinsights_sitenote_active":false,"_monsterinsights_sitenote_note":"","_monsterinsights_sitenote_category":0,"cybocfi_hide_featured_image":"","footnotes":""},"categories":[713,80,159,150,157,147,75,76,77,175],"tags":[682],"infouartes":[],"class_list":["post-41279","post","type-post","status-publish","format-standard","has-post-thumbnail","hentry","category-1b","category-academico","category-artes-escenicas","category-artes-sonoras","category-artes-visuales","category-cine","category-docentes","category-estudiantes","category-gestion","category-literatura","tag-inicio-de-semestre"],"acf":[],"yoast_head":"<!-- This site is optimized with the Yoast SEO plugin v27.4 - https:\/\/yoast.com\/product\/yoast-seo-wordpress\/ -->\n<title>Universidad de las Artes - UArtes inicia el Semestre A 2023 con reuni\u00f3n de bienvenida a estudiantes y las actividades de Lanfor Abierta<\/title>\n<meta name=\"description\" content=\"Universidad de las Artes - UArtes inicia el Semestre A 2023 con reuni\u00f3n de bienvenida a estudiantes y las actividades de Lanfor Abierta\" \/>\n<meta name=\"robots\" content=\"index, follow, max-snippet:-1, max-image-preview:large, max-video-preview:-1\" \/>\n<link rel=\"canonical\" href=\"https:\/\/www.uartes.edu.ec\/sitio\/blog\/2023\/04\/24\/uartes-inicia-el-semestre-a-2023-con-bienvenida-a-estudiantes-y-las-actividades-de-lanfor-abierta\/\" \/>\n<meta property=\"og:locale\" content=\"es_ES\" \/>\n<meta property=\"og:type\" content=\"article\" \/>\n<meta property=\"og:title\" content=\"Universidad de las Artes - UArtes inicia el Semestre A 2023 con reuni\u00f3n de bienvenida a estudiantes y las actividades de Lanfor Abierta\" \/>\n<meta property=\"og:description\" content=\"Universidad de las Artes - UArtes inicia el Semestre A 2023 con reuni\u00f3n de bienvenida a estudiantes y las actividades de Lanfor Abierta\" \/>\n<meta property=\"og:url\" content=\"https:\/\/www.uartes.edu.ec\/sitio\/blog\/2023\/04\/24\/uartes-inicia-el-semestre-a-2023-con-bienvenida-a-estudiantes-y-las-actividades-de-lanfor-abierta\/\" \/>\n<meta property=\"og:site_name\" content=\"Universidad de las Artes\" \/>\n<meta property=\"article:publisher\" content=\"https:\/\/www.facebook.com\/uartesec\" \/>\n<meta property=\"article:published_time\" content=\"2023-04-24T21:20:35+00:00\" \/>\n<meta property=\"article:modified_time\" content=\"2024-07-04T16:21:16+00:00\" \/>\n<meta property=\"og:image\" content=\"https:\/\/www.uartes.edu.ec\/sitio\/wp-content\/uploads\/2023\/04\/literatura.jpg\" \/>\n\t<meta property=\"og:image:width\" content=\"2000\" \/>\n\t<meta property=\"og:image:height\" content=\"1333\" \/>\n\t<meta property=\"og:image:type\" content=\"image\/jpeg\" \/>\n<meta name=\"author\" content=\"ccortez\" \/>\n<meta name=\"twitter:card\" content=\"summary_large_image\" \/>\n<meta name=\"twitter:creator\" content=\"@uartesec\" \/>\n<meta name=\"twitter:site\" content=\"@uartesec\" \/>\n<meta name=\"twitter:label1\" content=\"Escrito por\" \/>\n\t<meta name=\"twitter:data1\" content=\"ccortez\" \/>\n\t<meta name=\"twitter:label2\" content=\"Tiempo de lectura\" \/>\n\t<meta name=\"twitter:data2\" content=\"5 minutos\" \/>\n<script type=\"application\/ld+json\" class=\"yoast-schema-graph\">{\"@context\":\"https:\\\/\\\/schema.org\",\"@graph\":[{\"@type\":\"Article\",\"@id\":\"https:\\\/\\\/www.uartes.edu.ec\\\/sitio\\\/blog\\\/2023\\\/04\\\/24\\\/uartes-inicia-el-semestre-a-2023-con-bienvenida-a-estudiantes-y-las-actividades-de-lanfor-abierta\\\/#article\",\"isPartOf\":{\"@id\":\"https:\\\/\\\/www.uartes.edu.ec\\\/sitio\\\/blog\\\/2023\\\/04\\\/24\\\/uartes-inicia-el-semestre-a-2023-con-bienvenida-a-estudiantes-y-las-actividades-de-lanfor-abierta\\\/\"},\"author\":{\"name\":\"ccortez\",\"@id\":\"https:\\\/\\\/www.uartes.edu.ec\\\/sitio\\\/#\\\/schema\\\/person\\\/efa1b8275797664fd7f13a79ccc0b1f4\"},\"headline\":\"UArtes inicia el Semestre A 2023 con reuni\u00f3n de bienvenida a estudiantes y las actividades de Lanfor Abierta\",\"datePublished\":\"2023-04-24T21:20:35+00:00\",\"dateModified\":\"2024-07-04T16:21:16+00:00\",\"mainEntityOfPage\":{\"@id\":\"https:\\\/\\\/www.uartes.edu.ec\\\/sitio\\\/blog\\\/2023\\\/04\\\/24\\\/uartes-inicia-el-semestre-a-2023-con-bienvenida-a-estudiantes-y-las-actividades-de-lanfor-abierta\\\/\"},\"wordCount\":796,\"commentCount\":0,\"publisher\":{\"@id\":\"https:\\\/\\\/www.uartes.edu.ec\\\/sitio\\\/#organization\"},\"image\":{\"@id\":\"https:\\\/\\\/www.uartes.edu.ec\\\/sitio\\\/blog\\\/2023\\\/04\\\/24\\\/uartes-inicia-el-semestre-a-2023-con-bienvenida-a-estudiantes-y-las-actividades-de-lanfor-abierta\\\/#primaryimage\"},\"thumbnailUrl\":\"https:\\\/\\\/www.uartes.edu.ec\\\/sitio\\\/wp-content\\\/uploads\\\/2023\\\/04\\\/literatura.jpg\",\"keywords\":[\"inicio de semestre\"],\"articleSection\":[\"1B\",\"Acad\u00e9mico\",\"Artes Esc\u00e9nicas\",\"Artes Sonoras\",\"Artes Visuales\",\"Cine\",\"Docentes\",\"Estudiantes\",\"Gesti\u00f3n\",\"Literatura\"],\"inLanguage\":\"es\",\"potentialAction\":[{\"@type\":\"CommentAction\",\"name\":\"Comment\",\"target\":[\"https:\\\/\\\/www.uartes.edu.ec\\\/sitio\\\/blog\\\/2023\\\/04\\\/24\\\/uartes-inicia-el-semestre-a-2023-con-bienvenida-a-estudiantes-y-las-actividades-de-lanfor-abierta\\\/#respond\"]}]},{\"@type\":[\"WebPage\",\"ItemPage\"],\"@id\":\"https:\\\/\\\/www.uartes.edu.ec\\\/sitio\\\/blog\\\/2023\\\/04\\\/24\\\/uartes-inicia-el-semestre-a-2023-con-bienvenida-a-estudiantes-y-las-actividades-de-lanfor-abierta\\\/\",\"url\":\"https:\\\/\\\/www.uartes.edu.ec\\\/sitio\\\/blog\\\/2023\\\/04\\\/24\\\/uartes-inicia-el-semestre-a-2023-con-bienvenida-a-estudiantes-y-las-actividades-de-lanfor-abierta\\\/\",\"name\":\"Universidad de las Artes - UArtes inicia el Semestre A 2023 con reuni\u00f3n de bienvenida a estudiantes y las actividades de Lanfor Abierta\",\"isPartOf\":{\"@id\":\"https:\\\/\\\/www.uartes.edu.ec\\\/sitio\\\/#website\"},\"primaryImageOfPage\":{\"@id\":\"https:\\\/\\\/www.uartes.edu.ec\\\/sitio\\\/blog\\\/2023\\\/04\\\/24\\\/uartes-inicia-el-semestre-a-2023-con-bienvenida-a-estudiantes-y-las-actividades-de-lanfor-abierta\\\/#primaryimage\"},\"image\":{\"@id\":\"https:\\\/\\\/www.uartes.edu.ec\\\/sitio\\\/blog\\\/2023\\\/04\\\/24\\\/uartes-inicia-el-semestre-a-2023-con-bienvenida-a-estudiantes-y-las-actividades-de-lanfor-abierta\\\/#primaryimage\"},\"thumbnailUrl\":\"https:\\\/\\\/www.uartes.edu.ec\\\/sitio\\\/wp-content\\\/uploads\\\/2023\\\/04\\\/literatura.jpg\",\"datePublished\":\"2023-04-24T21:20:35+00:00\",\"dateModified\":\"2024-07-04T16:21:16+00:00\",\"description\":\"Universidad de las Artes - UArtes inicia el Semestre A 2023 con reuni\u00f3n de bienvenida a estudiantes y las actividades de Lanfor Abierta\",\"breadcrumb\":{\"@id\":\"https:\\\/\\\/www.uartes.edu.ec\\\/sitio\\\/blog\\\/2023\\\/04\\\/24\\\/uartes-inicia-el-semestre-a-2023-con-bienvenida-a-estudiantes-y-las-actividades-de-lanfor-abierta\\\/#breadcrumb\"},\"inLanguage\":\"es\",\"potentialAction\":[{\"@type\":\"ReadAction\",\"target\":[\"https:\\\/\\\/www.uartes.edu.ec\\\/sitio\\\/blog\\\/2023\\\/04\\\/24\\\/uartes-inicia-el-semestre-a-2023-con-bienvenida-a-estudiantes-y-las-actividades-de-lanfor-abierta\\\/\"]}]},{\"@type\":\"ImageObject\",\"inLanguage\":\"es\",\"@id\":\"https:\\\/\\\/www.uartes.edu.ec\\\/sitio\\\/blog\\\/2023\\\/04\\\/24\\\/uartes-inicia-el-semestre-a-2023-con-bienvenida-a-estudiantes-y-las-actividades-de-lanfor-abierta\\\/#primaryimage\",\"url\":\"https:\\\/\\\/www.uartes.edu.ec\\\/sitio\\\/wp-content\\\/uploads\\\/2023\\\/04\\\/literatura.jpg\",\"contentUrl\":\"https:\\\/\\\/www.uartes.edu.ec\\\/sitio\\\/wp-content\\\/uploads\\\/2023\\\/04\\\/literatura.jpg\",\"width\":2000,\"height\":1333},{\"@type\":\"BreadcrumbList\",\"@id\":\"https:\\\/\\\/www.uartes.edu.ec\\\/sitio\\\/blog\\\/2023\\\/04\\\/24\\\/uartes-inicia-el-semestre-a-2023-con-bienvenida-a-estudiantes-y-las-actividades-de-lanfor-abierta\\\/#breadcrumb\",\"itemListElement\":[{\"@type\":\"ListItem\",\"position\":1,\"name\":\"Inicio\",\"item\":\"https:\\\/\\\/www.uartes.edu.ec\\\/sitio\\\/\"},{\"@type\":\"ListItem\",\"position\":2,\"name\":\"UArtes inicia el Semestre A 2023 con reuni\u00f3n de bienvenida a estudiantes y las actividades de Lanfor Abierta\"}]},{\"@type\":\"WebSite\",\"@id\":\"https:\\\/\\\/www.uartes.edu.ec\\\/sitio\\\/#website\",\"url\":\"https:\\\/\\\/www.uartes.edu.ec\\\/sitio\\\/\",\"name\":\"Universidad de las Artes\",\"description\":\"Sitio oficial de la Universidad Nacional de las Artes del Ecuador\",\"publisher\":{\"@id\":\"https:\\\/\\\/www.uartes.edu.ec\\\/sitio\\\/#organization\"},\"potentialAction\":[{\"@type\":\"SearchAction\",\"target\":{\"@type\":\"EntryPoint\",\"urlTemplate\":\"https:\\\/\\\/www.uartes.edu.ec\\\/sitio\\\/?s={search_term_string}\"},\"query-input\":{\"@type\":\"PropertyValueSpecification\",\"valueRequired\":true,\"valueName\":\"search_term_string\"}}],\"inLanguage\":\"es\"},{\"@type\":\"Organization\",\"@id\":\"https:\\\/\\\/www.uartes.edu.ec\\\/sitio\\\/#organization\",\"name\":\"Universidad de las Artes\",\"url\":\"https:\\\/\\\/www.uartes.edu.ec\\\/sitio\\\/\",\"logo\":{\"@type\":\"ImageObject\",\"inLanguage\":\"es\",\"@id\":\"https:\\\/\\\/www.uartes.edu.ec\\\/sitio\\\/#\\\/schema\\\/logo\\\/image\\\/\",\"url\":\"https:\\\/\\\/www.uartes.edu.ec\\\/sitio\\\/wp-content\\\/uploads\\\/2022\\\/07\\\/logo-ua-horizontal.png\",\"contentUrl\":\"https:\\\/\\\/www.uartes.edu.ec\\\/sitio\\\/wp-content\\\/uploads\\\/2022\\\/07\\\/logo-ua-horizontal.png\",\"width\":800,\"height\":276,\"caption\":\"Universidad de las Artes\"},\"image\":{\"@id\":\"https:\\\/\\\/www.uartes.edu.ec\\\/sitio\\\/#\\\/schema\\\/logo\\\/image\\\/\"},\"sameAs\":[\"https:\\\/\\\/www.facebook.com\\\/uartesec\",\"https:\\\/\\\/x.com\\\/uartesec\",\"https:\\\/\\\/www.tiktok.com\\\/@uartesec\"]},{\"@type\":\"Person\",\"@id\":\"https:\\\/\\\/www.uartes.edu.ec\\\/sitio\\\/#\\\/schema\\\/person\\\/efa1b8275797664fd7f13a79ccc0b1f4\",\"name\":\"ccortez\",\"image\":{\"@type\":\"ImageObject\",\"inLanguage\":\"es\",\"@id\":\"https:\\\/\\\/secure.gravatar.com\\\/avatar\\\/b2a6f664a3ae8e074346ef91775736c5ec479e637ecced6842de9dc98b5da9cd?s=96&d=mm&r=g\",\"url\":\"https:\\\/\\\/secure.gravatar.com\\\/avatar\\\/b2a6f664a3ae8e074346ef91775736c5ec479e637ecced6842de9dc98b5da9cd?s=96&d=mm&r=g\",\"contentUrl\":\"https:\\\/\\\/secure.gravatar.com\\\/avatar\\\/b2a6f664a3ae8e074346ef91775736c5ec479e637ecced6842de9dc98b5da9cd?s=96&d=mm&r=g\",\"caption\":\"ccortez\"},\"url\":\"https:\\\/\\\/www.uartes.edu.ec\\\/sitio\\\/blog\\\/author\\\/ccortez\\\/\"}]}<\/script>\n<!-- \/ Yoast SEO plugin. -->","yoast_head_json":{"title":"Universidad de las Artes - UArtes inicia el Semestre A 2023 con reuni\u00f3n de bienvenida a estudiantes y las actividades de Lanfor Abierta","description":"Universidad de las Artes - UArtes inicia el Semestre A 2023 con reuni\u00f3n de bienvenida a estudiantes y las actividades de Lanfor Abierta","robots":{"index":"index","follow":"follow","max-snippet":"max-snippet:-1","max-image-preview":"max-image-preview:large","max-video-preview":"max-video-preview:-1"},"canonical":"https:\/\/www.uartes.edu.ec\/sitio\/blog\/2023\/04\/24\/uartes-inicia-el-semestre-a-2023-con-bienvenida-a-estudiantes-y-las-actividades-de-lanfor-abierta\/","og_locale":"es_ES","og_type":"article","og_title":"Universidad de las Artes - UArtes inicia el Semestre A 2023 con reuni\u00f3n de bienvenida a estudiantes y las actividades de Lanfor Abierta","og_description":"Universidad de las Artes - UArtes inicia el Semestre A 2023 con reuni\u00f3n de bienvenida a estudiantes y las actividades de Lanfor Abierta","og_url":"https:\/\/www.uartes.edu.ec\/sitio\/blog\/2023\/04\/24\/uartes-inicia-el-semestre-a-2023-con-bienvenida-a-estudiantes-y-las-actividades-de-lanfor-abierta\/","og_site_name":"Universidad de las Artes","article_publisher":"https:\/\/www.facebook.com\/uartesec","article_published_time":"2023-04-24T21:20:35+00:00","article_modified_time":"2024-07-04T16:21:16+00:00","og_image":[{"width":2000,"height":1333,"url":"https:\/\/www.uartes.edu.ec\/sitio\/wp-content\/uploads\/2023\/04\/literatura.jpg","type":"image\/jpeg"}],"author":"ccortez","twitter_card":"summary_large_image","twitter_creator":"@uartesec","twitter_site":"@uartesec","twitter_misc":{"Escrito por":"ccortez","Tiempo de lectura":"5 minutos"},"schema":{"@context":"https:\/\/schema.org","@graph":[{"@type":"Article","@id":"https:\/\/www.uartes.edu.ec\/sitio\/blog\/2023\/04\/24\/uartes-inicia-el-semestre-a-2023-con-bienvenida-a-estudiantes-y-las-actividades-de-lanfor-abierta\/#article","isPartOf":{"@id":"https:\/\/www.uartes.edu.ec\/sitio\/blog\/2023\/04\/24\/uartes-inicia-el-semestre-a-2023-con-bienvenida-a-estudiantes-y-las-actividades-de-lanfor-abierta\/"},"author":{"name":"ccortez","@id":"https:\/\/www.uartes.edu.ec\/sitio\/#\/schema\/person\/efa1b8275797664fd7f13a79ccc0b1f4"},"headline":"UArtes inicia el Semestre A 2023 con reuni\u00f3n de bienvenida a estudiantes y las actividades de Lanfor Abierta","datePublished":"2023-04-24T21:20:35+00:00","dateModified":"2024-07-04T16:21:16+00:00","mainEntityOfPage":{"@id":"https:\/\/www.uartes.edu.ec\/sitio\/blog\/2023\/04\/24\/uartes-inicia-el-semestre-a-2023-con-bienvenida-a-estudiantes-y-las-actividades-de-lanfor-abierta\/"},"wordCount":796,"commentCount":0,"publisher":{"@id":"https:\/\/www.uartes.edu.ec\/sitio\/#organization"},"image":{"@id":"https:\/\/www.uartes.edu.ec\/sitio\/blog\/2023\/04\/24\/uartes-inicia-el-semestre-a-2023-con-bienvenida-a-estudiantes-y-las-actividades-de-lanfor-abierta\/#primaryimage"},"thumbnailUrl":"https:\/\/www.uartes.edu.ec\/sitio\/wp-content\/uploads\/2023\/04\/literatura.jpg","keywords":["inicio de semestre"],"articleSection":["1B","Acad\u00e9mico","Artes Esc\u00e9nicas","Artes Sonoras","Artes Visuales","Cine","Docentes","Estudiantes","Gesti\u00f3n","Literatura"],"inLanguage":"es","potentialAction":[{"@type":"CommentAction","name":"Comment","target":["https:\/\/www.uartes.edu.ec\/sitio\/blog\/2023\/04\/24\/uartes-inicia-el-semestre-a-2023-con-bienvenida-a-estudiantes-y-las-actividades-de-lanfor-abierta\/#respond"]}]},{"@type":["WebPage","ItemPage"],"@id":"https:\/\/www.uartes.edu.ec\/sitio\/blog\/2023\/04\/24\/uartes-inicia-el-semestre-a-2023-con-bienvenida-a-estudiantes-y-las-actividades-de-lanfor-abierta\/","url":"https:\/\/www.uartes.edu.ec\/sitio\/blog\/2023\/04\/24\/uartes-inicia-el-semestre-a-2023-con-bienvenida-a-estudiantes-y-las-actividades-de-lanfor-abierta\/","name":"Universidad de las Artes - UArtes inicia el Semestre A 2023 con reuni\u00f3n de bienvenida a estudiantes y las actividades de Lanfor Abierta","isPartOf":{"@id":"https:\/\/www.uartes.edu.ec\/sitio\/#website"},"primaryImageOfPage":{"@id":"https:\/\/www.uartes.edu.ec\/sitio\/blog\/2023\/04\/24\/uartes-inicia-el-semestre-a-2023-con-bienvenida-a-estudiantes-y-las-actividades-de-lanfor-abierta\/#primaryimage"},"image":{"@id":"https:\/\/www.uartes.edu.ec\/sitio\/blog\/2023\/04\/24\/uartes-inicia-el-semestre-a-2023-con-bienvenida-a-estudiantes-y-las-actividades-de-lanfor-abierta\/#primaryimage"},"thumbnailUrl":"https:\/\/www.uartes.edu.ec\/sitio\/wp-content\/uploads\/2023\/04\/literatura.jpg","datePublished":"2023-04-24T21:20:35+00:00","dateModified":"2024-07-04T16:21:16+00:00","description":"Universidad de las Artes - UArtes inicia el Semestre A 2023 con reuni\u00f3n de bienvenida a estudiantes y las actividades de Lanfor Abierta","breadcrumb":{"@id":"https:\/\/www.uartes.edu.ec\/sitio\/blog\/2023\/04\/24\/uartes-inicia-el-semestre-a-2023-con-bienvenida-a-estudiantes-y-las-actividades-de-lanfor-abierta\/#breadcrumb"},"inLanguage":"es","potentialAction":[{"@type":"ReadAction","target":["https:\/\/www.uartes.edu.ec\/sitio\/blog\/2023\/04\/24\/uartes-inicia-el-semestre-a-2023-con-bienvenida-a-estudiantes-y-las-actividades-de-lanfor-abierta\/"]}]},{"@type":"ImageObject","inLanguage":"es","@id":"https:\/\/www.uartes.edu.ec\/sitio\/blog\/2023\/04\/24\/uartes-inicia-el-semestre-a-2023-con-bienvenida-a-estudiantes-y-las-actividades-de-lanfor-abierta\/#primaryimage","url":"https:\/\/www.uartes.edu.ec\/sitio\/wp-content\/uploads\/2023\/04\/literatura.jpg","contentUrl":"https:\/\/www.uartes.edu.ec\/sitio\/wp-content\/uploads\/2023\/04\/literatura.jpg","width":2000,"height":1333},{"@type":"BreadcrumbList","@id":"https:\/\/www.uartes.edu.ec\/sitio\/blog\/2023\/04\/24\/uartes-inicia-el-semestre-a-2023-con-bienvenida-a-estudiantes-y-las-actividades-de-lanfor-abierta\/#breadcrumb","itemListElement":[{"@type":"ListItem","position":1,"name":"Inicio","item":"https:\/\/www.uartes.edu.ec\/sitio\/"},{"@type":"ListItem","position":2,"name":"UArtes inicia el Semestre A 2023 con reuni\u00f3n de bienvenida a estudiantes y las actividades de Lanfor Abierta"}]},{"@type":"WebSite","@id":"https:\/\/www.uartes.edu.ec\/sitio\/#website","url":"https:\/\/www.uartes.edu.ec\/sitio\/","name":"Universidad de las Artes","description":"Sitio oficial de la Universidad Nacional de las Artes del Ecuador","publisher":{"@id":"https:\/\/www.uartes.edu.ec\/sitio\/#organization"},"potentialAction":[{"@type":"SearchAction","target":{"@type":"EntryPoint","urlTemplate":"https:\/\/www.uartes.edu.ec\/sitio\/?s={search_term_string}"},"query-input":{"@type":"PropertyValueSpecification","valueRequired":true,"valueName":"search_term_string"}}],"inLanguage":"es"},{"@type":"Organization","@id":"https:\/\/www.uartes.edu.ec\/sitio\/#organization","name":"Universidad de las Artes","url":"https:\/\/www.uartes.edu.ec\/sitio\/","logo":{"@type":"ImageObject","inLanguage":"es","@id":"https:\/\/www.uartes.edu.ec\/sitio\/#\/schema\/logo\/image\/","url":"https:\/\/www.uartes.edu.ec\/sitio\/wp-content\/uploads\/2022\/07\/logo-ua-horizontal.png","contentUrl":"https:\/\/www.uartes.edu.ec\/sitio\/wp-content\/uploads\/2022\/07\/logo-ua-horizontal.png","width":800,"height":276,"caption":"Universidad de las Artes"},"image":{"@id":"https:\/\/www.uartes.edu.ec\/sitio\/#\/schema\/logo\/image\/"},"sameAs":["https:\/\/www.facebook.com\/uartesec","https:\/\/x.com\/uartesec","https:\/\/www.tiktok.com\/@uartesec"]},{"@type":"Person","@id":"https:\/\/www.uartes.edu.ec\/sitio\/#\/schema\/person\/efa1b8275797664fd7f13a79ccc0b1f4","name":"ccortez","image":{"@type":"ImageObject","inLanguage":"es","@id":"https:\/\/secure.gravatar.com\/avatar\/b2a6f664a3ae8e074346ef91775736c5ec479e637ecced6842de9dc98b5da9cd?s=96&d=mm&r=g","url":"https:\/\/secure.gravatar.com\/avatar\/b2a6f664a3ae8e074346ef91775736c5ec479e637ecced6842de9dc98b5da9cd?s=96&d=mm&r=g","contentUrl":"https:\/\/secure.gravatar.com\/avatar\/b2a6f664a3ae8e074346ef91775736c5ec479e637ecced6842de9dc98b5da9cd?s=96&d=mm&r=g","caption":"ccortez"},"url":"https:\/\/www.uartes.edu.ec\/sitio\/blog\/author\/ccortez\/"}]}},"uagb_featured_image_src":{"full":["https:\/\/www.uartes.edu.ec\/sitio\/wp-content\/uploads\/2023\/04\/literatura.jpg",2000,1333,false],"thumbnail":["https:\/\/www.uartes.edu.ec\/sitio\/wp-content\/uploads\/2023\/04\/literatura-150x150.jpg",150,150,true],"medium":["https:\/\/www.uartes.edu.ec\/sitio\/wp-content\/uploads\/2023\/04\/literatura-300x200.jpg",300,200,true],"medium_large":["https:\/\/www.uartes.edu.ec\/sitio\/wp-content\/uploads\/2023\/04\/literatura-768x512.jpg",768,512,true],"large":["https:\/\/www.uartes.edu.ec\/sitio\/wp-content\/uploads\/2023\/04\/literatura-644x429.jpg",644,429,true],"1536x1536":["https:\/\/www.uartes.edu.ec\/sitio\/wp-content\/uploads\/2023\/04\/literatura-1536x1024.jpg",1536,1024,true],"2048x2048":["https:\/\/www.uartes.edu.ec\/sitio\/wp-content\/uploads\/2023\/04\/literatura.jpg",2000,1333,false],"trp-custom-language-flag":["https:\/\/www.uartes.edu.ec\/sitio\/wp-content\/uploads\/2023\/04\/literatura.jpg",18,12,false],"htmega_size_585x295":["https:\/\/www.uartes.edu.ec\/sitio\/wp-content\/uploads\/2023\/04\/literatura-585x295.jpg",585,295,true],"htmega_size_1170x536":["https:\/\/www.uartes.edu.ec\/sitio\/wp-content\/uploads\/2023\/04\/literatura-1170x536.jpg",1170,536,true],"htmega_size_396x360":["https:\/\/www.uartes.edu.ec\/sitio\/wp-content\/uploads\/2023\/04\/literatura-396x360.jpg",396,360,true],"gb-block-post-grid-landscape":["https:\/\/www.uartes.edu.ec\/sitio\/wp-content\/uploads\/2023\/04\/literatura-600x400.jpg",600,400,true],"gb-block-post-grid-square":["https:\/\/www.uartes.edu.ec\/sitio\/wp-content\/uploads\/2023\/04\/literatura-600x600.jpg",600,600,true],"university-hub-thumb":["https:\/\/www.uartes.edu.ec\/sitio\/wp-content\/uploads\/2023\/04\/literatura-400x267.jpg",400,267,true]},"uagb_author_info":{"display_name":"ccortez","author_link":"https:\/\/www.uartes.edu.ec\/sitio\/blog\/author\/ccortez\/"},"uagb_comment_info":0,"uagb_excerpt":"En la UArtes este fue un d\u00eda de celebraciones. Se dio inicio al Semestre A 2023 y a las actividades de la segunda edici\u00f3n de Lanfor Abierta, organizada por la Biblioteca de las Artes por el D\u00eda Mundial del Libro (23 de abril). Justamente, en el recibimiento que la Escuela de Literatura dio a sus&hellip;","featured_image_src":"https:\/\/www.uartes.edu.ec\/sitio\/wp-content\/uploads\/2023\/04\/literatura-600x400.jpg","featured_image_src_square":"https:\/\/www.uartes.edu.ec\/sitio\/wp-content\/uploads\/2023\/04\/literatura-600x600.jpg","author_info":{"display_name":"ccortez","author_link":"https:\/\/www.uartes.edu.ec\/sitio\/blog\/author\/ccortez\/"},"publishpress_future_workflow_manual_trigger":{"enabledWorkflows":[]},"distributor_meta":false,"distributor_terms":false,"distributor_media":false,"distributor_original_site_name":"Universidad de las Artes","distributor_original_site_url":"https:\/\/www.uartes.edu.ec\/sitio","push-errors":false,"_links":{"self":[{"href":"https:\/\/www.uartes.edu.ec\/sitio\/wp-json\/wp\/v2\/posts\/41279","targetHints":{"allow":["GET"]}}],"collection":[{"href":"https:\/\/www.uartes.edu.ec\/sitio\/wp-json\/wp\/v2\/posts"}],"about":[{"href":"https:\/\/www.uartes.edu.ec\/sitio\/wp-json\/wp\/v2\/types\/post"}],"author":[{"embeddable":true,"href":"https:\/\/www.uartes.edu.ec\/sitio\/wp-json\/wp\/v2\/users\/10"}],"replies":[{"embeddable":true,"href":"https:\/\/www.uartes.edu.ec\/sitio\/wp-json\/wp\/v2\/comments?post=41279"}],"version-history":[{"count":11,"href":"https:\/\/www.uartes.edu.ec\/sitio\/wp-json\/wp\/v2\/posts\/41279\/revisions"}],"predecessor-version":[{"id":41362,"href":"https:\/\/www.uartes.edu.ec\/sitio\/wp-json\/wp\/v2\/posts\/41279\/revisions\/41362"}],"wp:featuredmedia":[{"embeddable":true,"href":"https:\/\/www.uartes.edu.ec\/sitio\/wp-json\/wp\/v2\/media\/41334"}],"wp:attachment":[{"href":"https:\/\/www.uartes.edu.ec\/sitio\/wp-json\/wp\/v2\/media?parent=41279"}],"wp:term":[{"taxonomy":"category","embeddable":true,"href":"https:\/\/www.uartes.edu.ec\/sitio\/wp-json\/wp\/v2\/categories?post=41279"},{"taxonomy":"post_tag","embeddable":true,"href":"https:\/\/www.uartes.edu.ec\/sitio\/wp-json\/wp\/v2\/tags?post=41279"},{"taxonomy":"infouartes","embeddable":true,"href":"https:\/\/www.uartes.edu.ec\/sitio\/wp-json\/wp\/v2\/infouartes?post=41279"}],"curies":[{"name":"wp","href":"https:\/\/api.w.org\/{rel}","templated":true}]}}