{"id":41305,"date":"2023-04-25T16:15:29","date_gmt":"2023-04-25T21:15:29","guid":{"rendered":"https:\/\/www.uartes.edu.ec\/sitio\/?p=41305"},"modified":"2024-07-04T11:21:16","modified_gmt":"2024-07-04T16:21:16","slug":"manglar-i-congreso-internacional-de-educacion-artistica-e-interculturalidad","status":"publish","type":"post","link":"https:\/\/www.uartes.edu.ec\/sitio\/blog\/2023\/04\/25\/manglar-i-congreso-internacional-de-educacion-artistica-e-interculturalidad\/","title":{"rendered":"Manglar: I Congreso Internacional de Educaci\u00f3n Art\u00edstica e Interculturalidad"},"content":{"rendered":"\n<p>La Escuela de Literatura de la Universidad de las Artes y la carrera de Pedagog\u00eda de las Artes y Humanidades realizar\u00e1n los pr\u00f3ximos 20 y&nbsp;21&nbsp;de&nbsp;julio&nbsp;\u201cManglar: I Congreso Internacional de Educaci\u00f3n Art\u00edstica e Interculturalidad\u201d, una propuesta acad\u00e9mica-popular de di\u00e1logo y reflexi\u00f3n sobre la educaci\u00f3n, las artes y la interculturalidad.<\/p>\n\n\n\n<p>El prop\u00f3sito de Manglar, que tendr\u00e1 lugar en Guayaquil&nbsp;de manera presencial (en el campus centro de la&nbsp;UArtes) y en modalidad virtual (v\u00eda Zoom),&nbsp;es articularse y promover acciones con organizaciones, colectivos, movimientos sociales y culturales, educadores\/as, artistas y gestores\/as locales, nacionales e internacionales, frente a la complejidad de la realidad del Ecuador y de la regi\u00f3n.<\/p>\n\n\n\n<p>El congreso est\u00e1 dirigido a investigadores\/as, docentes universitarios, educadores\/as populares, comunidades de aprendizaje, l\u00edderes y lideresas comunitarias, docentes de magisterio, estudiantes de educaci\u00f3n art\u00edstica, humanidades e interculturalidad, grupos de investigaci\u00f3n, institutos acad\u00e9micos y actores culturales interesados en las tem\u00e1ticas y modalidades del congreso. Este surge con la intenci\u00f3n de abrir un debate cr\u00edtico y creativo dentro de la academia, a trav\u00e9s de charlas magistrales, ponencias, y presentaciones sobre experiencias de aprendizaje colaborativo en torno a las artes y la interculturalidad.<\/p>\n\n\n\n<p>La construcci\u00f3n pluri-epist\u00e9mica de \u201cManglar: I Congreso Internacional de Educaci\u00f3n Art\u00edstica e Interculturalidad\u201d propone un debate sobre la historia educativa, la trama de sus fundamentos y sus pr\u00e1cticas en diferentes contextos y territorios. Se espera que esta cr\u00edtica y an\u00e1lisis provengan de experiencias implicadas en educaci\u00f3n art\u00edstica, inter y transdisciplinariedad en la educaci\u00f3n y las artes, interculturalidad cr\u00edtica, y estudios de g\u00e9nero e interseccionalidad.<\/p>\n\n\n\n<p>Por ello, en el marco de la construcci\u00f3n de una sociedad m\u00e1s justa,&nbsp;antirracista y antipatriarcal, la Escuela de Literatura y la carrera de Pedagog\u00eda de las Artes y Humanidades crearon este espacio acad\u00e9mico pensado para construir instancias de intercambios de saberes, aprendizajes y experiencias a trav\u00e9s de charlas magistrales, paneles, exposici\u00f3n de p\u00f3ster y talleres.&nbsp;Los ejes tem\u00e1ticos del congreso son: \u201cPedagog\u00edas cr\u00edticas, ecol\u00f3gicas y creativas en desde y a trav\u00e9s de las artes\u201d, \u201cRelectura de las modernidades y la descolonialidad en la educaci\u00f3n art\u00edstica\u201d, \u201cPr\u00e1cticas experimentales y transdisciplinares en la educaci\u00f3n art\u00edstica\u201d, \u201cRepresentaci\u00f3n, memoria y saberes\u201d y \u201cG\u00e9nero, feminismos y diversidad sexo-gen\u00e9rica\u201d.<\/p>\n\n\n\n<p>Hasta el pr\u00f3ximo 31 de mayo estar\u00e1 abierta la convocatoria, iniciada el pasado 10 de abril, para que docentes investigadores\/as, educadores, artistas y gestores culturales postulen con ponencias o p\u00f3ster de experiencias de investigaci\u00f3n en relaci\u00f3n a la educaci\u00f3n art\u00edstica e interculturalidad. Los resultados se dar\u00e1n a conocer el 16 junio y desde ese d\u00eda hasta el 15 de julio tendr\u00e1n lugar las inscripciones y al t\u00e9rmino de este tiempo se dar\u00e1 a conocer el dictamen de aceptaci\u00f3n.&nbsp;<\/p>\n\n\n\n<p>Cabe anotar que, luego del congreso, se extender\u00e1 una invitaci\u00f3n para env\u00edo de trabajos para la publicaci\u00f3n de un libro editado, revisado por pares ciegos. <\/p>\n\n\n\n<p>M\u00e1s informaci\u00f3n: <a href=\"https:\/\/www.uartes.edu.ec\/sitio\/congreso\/manglar-i-congreso-internacional\/\">https:\/\/www.uartes.edu.ec\/sitio\/congreso\/manglar-i-congreso-internacional\/<\/a><\/p>\n","protected":false},"excerpt":{"rendered":"<p>La Escuela de Literatura de la Universidad de las Artes y la carrera de Pedagog\u00eda de las Artes y Humanidades realizar\u00e1n los pr\u00f3ximos 20 y 21 de julio \u201cManglar: I Congreso Internacional de Educaci\u00f3n Art\u00edstica e Interculturalidad\u201d, una propuesta acad\u00e9mica-popular de di\u00e1logo y reflexi\u00f3n sobre la educaci\u00f3n, las artes y la interculturalidad. Tendr\u00e1 lugar en Guayaquil de manera presencial (en el campus centro) y en virtual (v\u00eda Zoom).<\/p>\n","protected":false},"author":10,"featured_media":41550,"comment_status":"open","ping_status":"open","sticky":false,"template":"","format":"standard","meta":{"_acf_changed":false,"_uag_custom_page_level_css":"","_monsterinsights_skip_tracking":false,"_monsterinsights_sitenote_active":false,"_monsterinsights_sitenote_note":"","_monsterinsights_sitenote_category":0,"cybocfi_hide_featured_image":"","footnotes":""},"categories":[714,80,490,75,76,77,284,175],"tags":[622,1204],"infouartes":[],"class_list":["post-41305","post","type-post","status-publish","format-standard","has-post-thumbnail","hentry","category-2b","category-academico","category-alumni","category-docentes","category-estudiantes","category-gestion","category-investigacion","category-literatura","tag-congreso","tag-educacion-artistica-intercultural"],"acf":[],"yoast_head":"<!-- This site is optimized with the Yoast SEO plugin v27.4 - https:\/\/yoast.com\/product\/yoast-seo-wordpress\/ -->\n<title>Universidad de las Artes - Manglar: I Congreso Internacional de Educaci\u00f3n Art\u00edstica e Interculturalidad<\/title>\n<meta name=\"description\" content=\"Universidad de las Artes - Manglar: I Congreso Internacional de Educaci\u00f3n Art\u00edstica e Interculturalidad\" \/>\n<meta name=\"robots\" content=\"index, follow, max-snippet:-1, max-image-preview:large, max-video-preview:-1\" \/>\n<link rel=\"canonical\" href=\"https:\/\/www.uartes.edu.ec\/sitio\/blog\/2023\/04\/25\/manglar-i-congreso-internacional-de-educacion-artistica-e-interculturalidad\/\" \/>\n<meta property=\"og:locale\" content=\"es_ES\" \/>\n<meta property=\"og:type\" content=\"article\" \/>\n<meta property=\"og:title\" content=\"Universidad de las Artes - Manglar: I Congreso Internacional de Educaci\u00f3n Art\u00edstica e Interculturalidad\" \/>\n<meta property=\"og:description\" content=\"Universidad de las Artes - Manglar: I Congreso Internacional de Educaci\u00f3n Art\u00edstica e Interculturalidad\" \/>\n<meta property=\"og:url\" content=\"https:\/\/www.uartes.edu.ec\/sitio\/blog\/2023\/04\/25\/manglar-i-congreso-internacional-de-educacion-artistica-e-interculturalidad\/\" \/>\n<meta property=\"og:site_name\" content=\"Universidad de las Artes\" \/>\n<meta property=\"article:publisher\" content=\"https:\/\/www.facebook.com\/uartesec\" \/>\n<meta property=\"article:published_time\" content=\"2023-04-25T21:15:29+00:00\" \/>\n<meta property=\"article:modified_time\" content=\"2024-07-04T16:21:16+00:00\" \/>\n<meta property=\"og:image\" content=\"https:\/\/www.uartes.edu.ec\/sitio\/wp-content\/uploads\/2023\/04\/MANGLAR-2023-WEB.jpg\" \/>\n\t<meta property=\"og:image:width\" content=\"2000\" \/>\n\t<meta property=\"og:image:height\" content=\"1333\" \/>\n\t<meta property=\"og:image:type\" content=\"image\/jpeg\" \/>\n<meta name=\"author\" content=\"ccortez\" \/>\n<meta name=\"twitter:card\" content=\"summary_large_image\" \/>\n<meta name=\"twitter:creator\" content=\"@uartesec\" \/>\n<meta name=\"twitter:site\" content=\"@uartesec\" \/>\n<meta name=\"twitter:label1\" content=\"Escrito por\" \/>\n\t<meta name=\"twitter:data1\" content=\"ccortez\" \/>\n\t<meta name=\"twitter:label2\" content=\"Tiempo de lectura\" \/>\n\t<meta name=\"twitter:data2\" content=\"3 minutos\" \/>\n<script type=\"application\/ld+json\" class=\"yoast-schema-graph\">{\"@context\":\"https:\\\/\\\/schema.org\",\"@graph\":[{\"@type\":\"Article\",\"@id\":\"https:\\\/\\\/www.uartes.edu.ec\\\/sitio\\\/blog\\\/2023\\\/04\\\/25\\\/manglar-i-congreso-internacional-de-educacion-artistica-e-interculturalidad\\\/#article\",\"isPartOf\":{\"@id\":\"https:\\\/\\\/www.uartes.edu.ec\\\/sitio\\\/blog\\\/2023\\\/04\\\/25\\\/manglar-i-congreso-internacional-de-educacion-artistica-e-interculturalidad\\\/\"},\"author\":{\"name\":\"ccortez\",\"@id\":\"https:\\\/\\\/www.uartes.edu.ec\\\/sitio\\\/#\\\/schema\\\/person\\\/efa1b8275797664fd7f13a79ccc0b1f4\"},\"headline\":\"Manglar: I Congreso Internacional de Educaci\u00f3n Art\u00edstica e Interculturalidad\",\"datePublished\":\"2023-04-25T21:15:29+00:00\",\"dateModified\":\"2024-07-04T16:21:16+00:00\",\"mainEntityOfPage\":{\"@id\":\"https:\\\/\\\/www.uartes.edu.ec\\\/sitio\\\/blog\\\/2023\\\/04\\\/25\\\/manglar-i-congreso-internacional-de-educacion-artistica-e-interculturalidad\\\/\"},\"wordCount\":560,\"commentCount\":0,\"publisher\":{\"@id\":\"https:\\\/\\\/www.uartes.edu.ec\\\/sitio\\\/#organization\"},\"image\":{\"@id\":\"https:\\\/\\\/www.uartes.edu.ec\\\/sitio\\\/blog\\\/2023\\\/04\\\/25\\\/manglar-i-congreso-internacional-de-educacion-artistica-e-interculturalidad\\\/#primaryimage\"},\"thumbnailUrl\":\"https:\\\/\\\/www.uartes.edu.ec\\\/sitio\\\/wp-content\\\/uploads\\\/2023\\\/04\\\/MANGLAR-2023-WEB.jpg\",\"keywords\":[\"congreso\",\"educaci\u00f3n art\u00edstica intercultural\"],\"articleSection\":[\"2B\",\"Acad\u00e9mico\",\"Alumni\",\"Docentes\",\"Estudiantes\",\"Gesti\u00f3n\",\"Investigaci\u00f3n\",\"Literatura\"],\"inLanguage\":\"es\",\"potentialAction\":[{\"@type\":\"CommentAction\",\"name\":\"Comment\",\"target\":[\"https:\\\/\\\/www.uartes.edu.ec\\\/sitio\\\/blog\\\/2023\\\/04\\\/25\\\/manglar-i-congreso-internacional-de-educacion-artistica-e-interculturalidad\\\/#respond\"]}]},{\"@type\":[\"WebPage\",\"ItemPage\"],\"@id\":\"https:\\\/\\\/www.uartes.edu.ec\\\/sitio\\\/blog\\\/2023\\\/04\\\/25\\\/manglar-i-congreso-internacional-de-educacion-artistica-e-interculturalidad\\\/\",\"url\":\"https:\\\/\\\/www.uartes.edu.ec\\\/sitio\\\/blog\\\/2023\\\/04\\\/25\\\/manglar-i-congreso-internacional-de-educacion-artistica-e-interculturalidad\\\/\",\"name\":\"Universidad de las Artes - Manglar: I Congreso Internacional de Educaci\u00f3n Art\u00edstica e Interculturalidad\",\"isPartOf\":{\"@id\":\"https:\\\/\\\/www.uartes.edu.ec\\\/sitio\\\/#website\"},\"primaryImageOfPage\":{\"@id\":\"https:\\\/\\\/www.uartes.edu.ec\\\/sitio\\\/blog\\\/2023\\\/04\\\/25\\\/manglar-i-congreso-internacional-de-educacion-artistica-e-interculturalidad\\\/#primaryimage\"},\"image\":{\"@id\":\"https:\\\/\\\/www.uartes.edu.ec\\\/sitio\\\/blog\\\/2023\\\/04\\\/25\\\/manglar-i-congreso-internacional-de-educacion-artistica-e-interculturalidad\\\/#primaryimage\"},\"thumbnailUrl\":\"https:\\\/\\\/www.uartes.edu.ec\\\/sitio\\\/wp-content\\\/uploads\\\/2023\\\/04\\\/MANGLAR-2023-WEB.jpg\",\"datePublished\":\"2023-04-25T21:15:29+00:00\",\"dateModified\":\"2024-07-04T16:21:16+00:00\",\"description\":\"Universidad de las Artes - Manglar: I Congreso Internacional de Educaci\u00f3n Art\u00edstica e Interculturalidad\",\"breadcrumb\":{\"@id\":\"https:\\\/\\\/www.uartes.edu.ec\\\/sitio\\\/blog\\\/2023\\\/04\\\/25\\\/manglar-i-congreso-internacional-de-educacion-artistica-e-interculturalidad\\\/#breadcrumb\"},\"inLanguage\":\"es\",\"potentialAction\":[{\"@type\":\"ReadAction\",\"target\":[\"https:\\\/\\\/www.uartes.edu.ec\\\/sitio\\\/blog\\\/2023\\\/04\\\/25\\\/manglar-i-congreso-internacional-de-educacion-artistica-e-interculturalidad\\\/\"]}]},{\"@type\":\"ImageObject\",\"inLanguage\":\"es\",\"@id\":\"https:\\\/\\\/www.uartes.edu.ec\\\/sitio\\\/blog\\\/2023\\\/04\\\/25\\\/manglar-i-congreso-internacional-de-educacion-artistica-e-interculturalidad\\\/#primaryimage\",\"url\":\"https:\\\/\\\/www.uartes.edu.ec\\\/sitio\\\/wp-content\\\/uploads\\\/2023\\\/04\\\/MANGLAR-2023-WEB.jpg\",\"contentUrl\":\"https:\\\/\\\/www.uartes.edu.ec\\\/sitio\\\/wp-content\\\/uploads\\\/2023\\\/04\\\/MANGLAR-2023-WEB.jpg\",\"width\":2000,\"height\":1333},{\"@type\":\"BreadcrumbList\",\"@id\":\"https:\\\/\\\/www.uartes.edu.ec\\\/sitio\\\/blog\\\/2023\\\/04\\\/25\\\/manglar-i-congreso-internacional-de-educacion-artistica-e-interculturalidad\\\/#breadcrumb\",\"itemListElement\":[{\"@type\":\"ListItem\",\"position\":1,\"name\":\"Inicio\",\"item\":\"https:\\\/\\\/www.uartes.edu.ec\\\/sitio\\\/\"},{\"@type\":\"ListItem\",\"position\":2,\"name\":\"Manglar: I Congreso Internacional de Educaci\u00f3n Art\u00edstica e Interculturalidad\"}]},{\"@type\":\"WebSite\",\"@id\":\"https:\\\/\\\/www.uartes.edu.ec\\\/sitio\\\/#website\",\"url\":\"https:\\\/\\\/www.uartes.edu.ec\\\/sitio\\\/\",\"name\":\"Universidad de las Artes\",\"description\":\"Sitio oficial de la Universidad Nacional de las Artes del Ecuador\",\"publisher\":{\"@id\":\"https:\\\/\\\/www.uartes.edu.ec\\\/sitio\\\/#organization\"},\"potentialAction\":[{\"@type\":\"SearchAction\",\"target\":{\"@type\":\"EntryPoint\",\"urlTemplate\":\"https:\\\/\\\/www.uartes.edu.ec\\\/sitio\\\/?s={search_term_string}\"},\"query-input\":{\"@type\":\"PropertyValueSpecification\",\"valueRequired\":true,\"valueName\":\"search_term_string\"}}],\"inLanguage\":\"es\"},{\"@type\":\"Organization\",\"@id\":\"https:\\\/\\\/www.uartes.edu.ec\\\/sitio\\\/#organization\",\"name\":\"Universidad de las Artes\",\"url\":\"https:\\\/\\\/www.uartes.edu.ec\\\/sitio\\\/\",\"logo\":{\"@type\":\"ImageObject\",\"inLanguage\":\"es\",\"@id\":\"https:\\\/\\\/www.uartes.edu.ec\\\/sitio\\\/#\\\/schema\\\/logo\\\/image\\\/\",\"url\":\"https:\\\/\\\/www.uartes.edu.ec\\\/sitio\\\/wp-content\\\/uploads\\\/2022\\\/07\\\/logo-ua-horizontal.png\",\"contentUrl\":\"https:\\\/\\\/www.uartes.edu.ec\\\/sitio\\\/wp-content\\\/uploads\\\/2022\\\/07\\\/logo-ua-horizontal.png\",\"width\":800,\"height\":276,\"caption\":\"Universidad de las Artes\"},\"image\":{\"@id\":\"https:\\\/\\\/www.uartes.edu.ec\\\/sitio\\\/#\\\/schema\\\/logo\\\/image\\\/\"},\"sameAs\":[\"https:\\\/\\\/www.facebook.com\\\/uartesec\",\"https:\\\/\\\/x.com\\\/uartesec\",\"https:\\\/\\\/www.tiktok.com\\\/@uartesec\"]},{\"@type\":\"Person\",\"@id\":\"https:\\\/\\\/www.uartes.edu.ec\\\/sitio\\\/#\\\/schema\\\/person\\\/efa1b8275797664fd7f13a79ccc0b1f4\",\"name\":\"ccortez\",\"image\":{\"@type\":\"ImageObject\",\"inLanguage\":\"es\",\"@id\":\"https:\\\/\\\/secure.gravatar.com\\\/avatar\\\/b2a6f664a3ae8e074346ef91775736c5ec479e637ecced6842de9dc98b5da9cd?s=96&d=mm&r=g\",\"url\":\"https:\\\/\\\/secure.gravatar.com\\\/avatar\\\/b2a6f664a3ae8e074346ef91775736c5ec479e637ecced6842de9dc98b5da9cd?s=96&d=mm&r=g\",\"contentUrl\":\"https:\\\/\\\/secure.gravatar.com\\\/avatar\\\/b2a6f664a3ae8e074346ef91775736c5ec479e637ecced6842de9dc98b5da9cd?s=96&d=mm&r=g\",\"caption\":\"ccortez\"},\"url\":\"https:\\\/\\\/www.uartes.edu.ec\\\/sitio\\\/blog\\\/author\\\/ccortez\\\/\"}]}<\/script>\n<!-- \/ Yoast SEO plugin. -->","yoast_head_json":{"title":"Universidad de las Artes - Manglar: I Congreso Internacional de Educaci\u00f3n Art\u00edstica e Interculturalidad","description":"Universidad de las Artes - Manglar: I Congreso Internacional de Educaci\u00f3n Art\u00edstica e Interculturalidad","robots":{"index":"index","follow":"follow","max-snippet":"max-snippet:-1","max-image-preview":"max-image-preview:large","max-video-preview":"max-video-preview:-1"},"canonical":"https:\/\/www.uartes.edu.ec\/sitio\/blog\/2023\/04\/25\/manglar-i-congreso-internacional-de-educacion-artistica-e-interculturalidad\/","og_locale":"es_ES","og_type":"article","og_title":"Universidad de las Artes - Manglar: I Congreso Internacional de Educaci\u00f3n Art\u00edstica e Interculturalidad","og_description":"Universidad de las Artes - Manglar: I Congreso Internacional de Educaci\u00f3n Art\u00edstica e Interculturalidad","og_url":"https:\/\/www.uartes.edu.ec\/sitio\/blog\/2023\/04\/25\/manglar-i-congreso-internacional-de-educacion-artistica-e-interculturalidad\/","og_site_name":"Universidad de las Artes","article_publisher":"https:\/\/www.facebook.com\/uartesec","article_published_time":"2023-04-25T21:15:29+00:00","article_modified_time":"2024-07-04T16:21:16+00:00","og_image":[{"width":2000,"height":1333,"url":"https:\/\/www.uartes.edu.ec\/sitio\/wp-content\/uploads\/2023\/04\/MANGLAR-2023-WEB.jpg","type":"image\/jpeg"}],"author":"ccortez","twitter_card":"summary_large_image","twitter_creator":"@uartesec","twitter_site":"@uartesec","twitter_misc":{"Escrito por":"ccortez","Tiempo de lectura":"3 minutos"},"schema":{"@context":"https:\/\/schema.org","@graph":[{"@type":"Article","@id":"https:\/\/www.uartes.edu.ec\/sitio\/blog\/2023\/04\/25\/manglar-i-congreso-internacional-de-educacion-artistica-e-interculturalidad\/#article","isPartOf":{"@id":"https:\/\/www.uartes.edu.ec\/sitio\/blog\/2023\/04\/25\/manglar-i-congreso-internacional-de-educacion-artistica-e-interculturalidad\/"},"author":{"name":"ccortez","@id":"https:\/\/www.uartes.edu.ec\/sitio\/#\/schema\/person\/efa1b8275797664fd7f13a79ccc0b1f4"},"headline":"Manglar: I Congreso Internacional de Educaci\u00f3n Art\u00edstica e Interculturalidad","datePublished":"2023-04-25T21:15:29+00:00","dateModified":"2024-07-04T16:21:16+00:00","mainEntityOfPage":{"@id":"https:\/\/www.uartes.edu.ec\/sitio\/blog\/2023\/04\/25\/manglar-i-congreso-internacional-de-educacion-artistica-e-interculturalidad\/"},"wordCount":560,"commentCount":0,"publisher":{"@id":"https:\/\/www.uartes.edu.ec\/sitio\/#organization"},"image":{"@id":"https:\/\/www.uartes.edu.ec\/sitio\/blog\/2023\/04\/25\/manglar-i-congreso-internacional-de-educacion-artistica-e-interculturalidad\/#primaryimage"},"thumbnailUrl":"https:\/\/www.uartes.edu.ec\/sitio\/wp-content\/uploads\/2023\/04\/MANGLAR-2023-WEB.jpg","keywords":["congreso","educaci\u00f3n art\u00edstica intercultural"],"articleSection":["2B","Acad\u00e9mico","Alumni","Docentes","Estudiantes","Gesti\u00f3n","Investigaci\u00f3n","Literatura"],"inLanguage":"es","potentialAction":[{"@type":"CommentAction","name":"Comment","target":["https:\/\/www.uartes.edu.ec\/sitio\/blog\/2023\/04\/25\/manglar-i-congreso-internacional-de-educacion-artistica-e-interculturalidad\/#respond"]}]},{"@type":["WebPage","ItemPage"],"@id":"https:\/\/www.uartes.edu.ec\/sitio\/blog\/2023\/04\/25\/manglar-i-congreso-internacional-de-educacion-artistica-e-interculturalidad\/","url":"https:\/\/www.uartes.edu.ec\/sitio\/blog\/2023\/04\/25\/manglar-i-congreso-internacional-de-educacion-artistica-e-interculturalidad\/","name":"Universidad de las Artes - Manglar: I Congreso Internacional de Educaci\u00f3n Art\u00edstica e Interculturalidad","isPartOf":{"@id":"https:\/\/www.uartes.edu.ec\/sitio\/#website"},"primaryImageOfPage":{"@id":"https:\/\/www.uartes.edu.ec\/sitio\/blog\/2023\/04\/25\/manglar-i-congreso-internacional-de-educacion-artistica-e-interculturalidad\/#primaryimage"},"image":{"@id":"https:\/\/www.uartes.edu.ec\/sitio\/blog\/2023\/04\/25\/manglar-i-congreso-internacional-de-educacion-artistica-e-interculturalidad\/#primaryimage"},"thumbnailUrl":"https:\/\/www.uartes.edu.ec\/sitio\/wp-content\/uploads\/2023\/04\/MANGLAR-2023-WEB.jpg","datePublished":"2023-04-25T21:15:29+00:00","dateModified":"2024-07-04T16:21:16+00:00","description":"Universidad de las Artes - Manglar: I Congreso Internacional de Educaci\u00f3n Art\u00edstica e Interculturalidad","breadcrumb":{"@id":"https:\/\/www.uartes.edu.ec\/sitio\/blog\/2023\/04\/25\/manglar-i-congreso-internacional-de-educacion-artistica-e-interculturalidad\/#breadcrumb"},"inLanguage":"es","potentialAction":[{"@type":"ReadAction","target":["https:\/\/www.uartes.edu.ec\/sitio\/blog\/2023\/04\/25\/manglar-i-congreso-internacional-de-educacion-artistica-e-interculturalidad\/"]}]},{"@type":"ImageObject","inLanguage":"es","@id":"https:\/\/www.uartes.edu.ec\/sitio\/blog\/2023\/04\/25\/manglar-i-congreso-internacional-de-educacion-artistica-e-interculturalidad\/#primaryimage","url":"https:\/\/www.uartes.edu.ec\/sitio\/wp-content\/uploads\/2023\/04\/MANGLAR-2023-WEB.jpg","contentUrl":"https:\/\/www.uartes.edu.ec\/sitio\/wp-content\/uploads\/2023\/04\/MANGLAR-2023-WEB.jpg","width":2000,"height":1333},{"@type":"BreadcrumbList","@id":"https:\/\/www.uartes.edu.ec\/sitio\/blog\/2023\/04\/25\/manglar-i-congreso-internacional-de-educacion-artistica-e-interculturalidad\/#breadcrumb","itemListElement":[{"@type":"ListItem","position":1,"name":"Inicio","item":"https:\/\/www.uartes.edu.ec\/sitio\/"},{"@type":"ListItem","position":2,"name":"Manglar: I Congreso Internacional de Educaci\u00f3n Art\u00edstica e Interculturalidad"}]},{"@type":"WebSite","@id":"https:\/\/www.uartes.edu.ec\/sitio\/#website","url":"https:\/\/www.uartes.edu.ec\/sitio\/","name":"Universidad de las Artes","description":"Sitio oficial de la Universidad Nacional de las Artes del Ecuador","publisher":{"@id":"https:\/\/www.uartes.edu.ec\/sitio\/#organization"},"potentialAction":[{"@type":"SearchAction","target":{"@type":"EntryPoint","urlTemplate":"https:\/\/www.uartes.edu.ec\/sitio\/?s={search_term_string}"},"query-input":{"@type":"PropertyValueSpecification","valueRequired":true,"valueName":"search_term_string"}}],"inLanguage":"es"},{"@type":"Organization","@id":"https:\/\/www.uartes.edu.ec\/sitio\/#organization","name":"Universidad de las Artes","url":"https:\/\/www.uartes.edu.ec\/sitio\/","logo":{"@type":"ImageObject","inLanguage":"es","@id":"https:\/\/www.uartes.edu.ec\/sitio\/#\/schema\/logo\/image\/","url":"https:\/\/www.uartes.edu.ec\/sitio\/wp-content\/uploads\/2022\/07\/logo-ua-horizontal.png","contentUrl":"https:\/\/www.uartes.edu.ec\/sitio\/wp-content\/uploads\/2022\/07\/logo-ua-horizontal.png","width":800,"height":276,"caption":"Universidad de las Artes"},"image":{"@id":"https:\/\/www.uartes.edu.ec\/sitio\/#\/schema\/logo\/image\/"},"sameAs":["https:\/\/www.facebook.com\/uartesec","https:\/\/x.com\/uartesec","https:\/\/www.tiktok.com\/@uartesec"]},{"@type":"Person","@id":"https:\/\/www.uartes.edu.ec\/sitio\/#\/schema\/person\/efa1b8275797664fd7f13a79ccc0b1f4","name":"ccortez","image":{"@type":"ImageObject","inLanguage":"es","@id":"https:\/\/secure.gravatar.com\/avatar\/b2a6f664a3ae8e074346ef91775736c5ec479e637ecced6842de9dc98b5da9cd?s=96&d=mm&r=g","url":"https:\/\/secure.gravatar.com\/avatar\/b2a6f664a3ae8e074346ef91775736c5ec479e637ecced6842de9dc98b5da9cd?s=96&d=mm&r=g","contentUrl":"https:\/\/secure.gravatar.com\/avatar\/b2a6f664a3ae8e074346ef91775736c5ec479e637ecced6842de9dc98b5da9cd?s=96&d=mm&r=g","caption":"ccortez"},"url":"https:\/\/www.uartes.edu.ec\/sitio\/blog\/author\/ccortez\/"}]}},"uagb_featured_image_src":{"full":["https:\/\/www.uartes.edu.ec\/sitio\/wp-content\/uploads\/2023\/04\/MANGLAR-2023-WEB.jpg",2000,1333,false],"thumbnail":["https:\/\/www.uartes.edu.ec\/sitio\/wp-content\/uploads\/2023\/04\/MANGLAR-2023-WEB-150x150.jpg",150,150,true],"medium":["https:\/\/www.uartes.edu.ec\/sitio\/wp-content\/uploads\/2023\/04\/MANGLAR-2023-WEB-300x200.jpg",300,200,true],"medium_large":["https:\/\/www.uartes.edu.ec\/sitio\/wp-content\/uploads\/2023\/04\/MANGLAR-2023-WEB-768x512.jpg",768,512,true],"large":["https:\/\/www.uartes.edu.ec\/sitio\/wp-content\/uploads\/2023\/04\/MANGLAR-2023-WEB-644x429.jpg",644,429,true],"1536x1536":["https:\/\/www.uartes.edu.ec\/sitio\/wp-content\/uploads\/2023\/04\/MANGLAR-2023-WEB-1536x1024.jpg",1536,1024,true],"2048x2048":["https:\/\/www.uartes.edu.ec\/sitio\/wp-content\/uploads\/2023\/04\/MANGLAR-2023-WEB.jpg",2000,1333,false],"trp-custom-language-flag":["https:\/\/www.uartes.edu.ec\/sitio\/wp-content\/uploads\/2023\/04\/MANGLAR-2023-WEB.jpg",18,12,false],"htmega_size_585x295":["https:\/\/www.uartes.edu.ec\/sitio\/wp-content\/uploads\/2023\/04\/MANGLAR-2023-WEB-585x295.jpg",585,295,true],"htmega_size_1170x536":["https:\/\/www.uartes.edu.ec\/sitio\/wp-content\/uploads\/2023\/04\/MANGLAR-2023-WEB-1170x536.jpg",1170,536,true],"htmega_size_396x360":["https:\/\/www.uartes.edu.ec\/sitio\/wp-content\/uploads\/2023\/04\/MANGLAR-2023-WEB-396x360.jpg",396,360,true],"gb-block-post-grid-landscape":["https:\/\/www.uartes.edu.ec\/sitio\/wp-content\/uploads\/2023\/04\/MANGLAR-2023-WEB-600x400.jpg",600,400,true],"gb-block-post-grid-square":["https:\/\/www.uartes.edu.ec\/sitio\/wp-content\/uploads\/2023\/04\/MANGLAR-2023-WEB-600x600.jpg",600,600,true],"university-hub-thumb":["https:\/\/www.uartes.edu.ec\/sitio\/wp-content\/uploads\/2023\/04\/MANGLAR-2023-WEB-400x267.jpg",400,267,true]},"uagb_author_info":{"display_name":"ccortez","author_link":"https:\/\/www.uartes.edu.ec\/sitio\/blog\/author\/ccortez\/"},"uagb_comment_info":0,"uagb_excerpt":"La Escuela de Literatura de la Universidad de las Artes y la carrera de Pedagog\u00eda de las Artes y Humanidades realizar\u00e1n los pr\u00f3ximos 20 y 21 de julio \u201cManglar: I Congreso Internacional de Educaci\u00f3n Art\u00edstica e Interculturalidad\u201d, una propuesta acad\u00e9mica-popular de di\u00e1logo y reflexi\u00f3n sobre la educaci\u00f3n, las artes y la interculturalidad. Tendr\u00e1 lugar en&hellip;","featured_image_src":"https:\/\/www.uartes.edu.ec\/sitio\/wp-content\/uploads\/2023\/04\/MANGLAR-2023-WEB-600x400.jpg","featured_image_src_square":"https:\/\/www.uartes.edu.ec\/sitio\/wp-content\/uploads\/2023\/04\/MANGLAR-2023-WEB-600x600.jpg","author_info":{"display_name":"ccortez","author_link":"https:\/\/www.uartes.edu.ec\/sitio\/blog\/author\/ccortez\/"},"publishpress_future_workflow_manual_trigger":{"enabledWorkflows":[]},"distributor_meta":false,"distributor_terms":false,"distributor_media":false,"distributor_original_site_name":"Universidad de las Artes","distributor_original_site_url":"https:\/\/www.uartes.edu.ec\/sitio","push-errors":false,"_links":{"self":[{"href":"https:\/\/www.uartes.edu.ec\/sitio\/wp-json\/wp\/v2\/posts\/41305","targetHints":{"allow":["GET"]}}],"collection":[{"href":"https:\/\/www.uartes.edu.ec\/sitio\/wp-json\/wp\/v2\/posts"}],"about":[{"href":"https:\/\/www.uartes.edu.ec\/sitio\/wp-json\/wp\/v2\/types\/post"}],"author":[{"embeddable":true,"href":"https:\/\/www.uartes.edu.ec\/sitio\/wp-json\/wp\/v2\/users\/10"}],"replies":[{"embeddable":true,"href":"https:\/\/www.uartes.edu.ec\/sitio\/wp-json\/wp\/v2\/comments?post=41305"}],"version-history":[{"count":4,"href":"https:\/\/www.uartes.edu.ec\/sitio\/wp-json\/wp\/v2\/posts\/41305\/revisions"}],"predecessor-version":[{"id":44563,"href":"https:\/\/www.uartes.edu.ec\/sitio\/wp-json\/wp\/v2\/posts\/41305\/revisions\/44563"}],"wp:featuredmedia":[{"embeddable":true,"href":"https:\/\/www.uartes.edu.ec\/sitio\/wp-json\/wp\/v2\/media\/41550"}],"wp:attachment":[{"href":"https:\/\/www.uartes.edu.ec\/sitio\/wp-json\/wp\/v2\/media?parent=41305"}],"wp:term":[{"taxonomy":"category","embeddable":true,"href":"https:\/\/www.uartes.edu.ec\/sitio\/wp-json\/wp\/v2\/categories?post=41305"},{"taxonomy":"post_tag","embeddable":true,"href":"https:\/\/www.uartes.edu.ec\/sitio\/wp-json\/wp\/v2\/tags?post=41305"},{"taxonomy":"infouartes","embeddable":true,"href":"https:\/\/www.uartes.edu.ec\/sitio\/wp-json\/wp\/v2\/infouartes?post=41305"}],"curies":[{"name":"wp","href":"https:\/\/api.w.org\/{rel}","templated":true}]}}